{"id":80139,"date":"2019-07-22T22:04:43","date_gmt":"2019-07-22T19:04:43","guid":{"rendered":"https:\/\/urbeamea.ro\/albaiulia\/?p=80139"},"modified":"2019-07-22T22:04:48","modified_gmt":"2019-07-22T19:04:48","slug":"foto-peste-doua-milioane-de-euro-fonduri-regio-pentru-extinderea-si-modernizarea-ambulatoriului-spitalului-din-blaj","status":"publish","type":"post","link":"https:\/\/urbeamea.ro\/albaiulia\/foto-peste-doua-milioane-de-euro-fonduri-regio-pentru-extinderea-si-modernizarea-ambulatoriului-spitalului-din-blaj\/","title":{"rendered":"FOTO: Peste dou\u0103 milioane de euro fonduri regio pentru extinderea \u0219i modernizarea Ambulatoriului Spitalului din Blaj"},"content":{"rendered":"\n<p class=\"wp-block-paragraph\"><strong>Ambulatoriul Spitalului Municipal din Blaj \u2013 dispensarul policlinic \u2013 va fi complet transformat, \u00een decurs de doi ani, printr-un nou proiect european accesat de Prim\u0103ria Municipiului. Luni, la sediul ADR Centru din Alba Iulia, a avut loc semnarea contractului de finan\u021bare pentru proiectul \u201dExtindere \u0219i dotare Ambulatoriu Spital Municipal Blaj\u201d, \u00een valoare total\u0103 de peste 10 milioane lei, prin care se va extinde cl\u0103direa spitalului, iar cabinetele medicale vor fi mutate \u00een aripa extins\u0103 a cl\u0103dirii. <\/strong><\/p>\n\n\n\n<p class=\"wp-block-paragraph\">Acest contract de finan\u021bare a fost semnat de primarul din Blaj, domnul Gheorghe Rotar \u0219i directorul general ADR Centru, domnul Simion Cre\u021bu, iar ini\u021biativa, finan\u021bat\u0103 \u00een cadrul Programului Opera\u021bional Regional 2014-2020, \u00ee\u0219i propune s\u0103 duc\u0103 la \u00eembun\u0103t\u0103\u021birea \u0219i cre\u0219terea calit\u0103\u021bii activit\u0103\u021bii medicale pentru mai mult de 50.000 cet\u0103\u021beni din zon\u0103. <\/p>\n\n\n\n<p class=\"wp-block-paragraph\">Municipiul Blaj beneficiaz\u0103 de posibilitatea de a-\u0219i extinde \u0219i moderniza infrastructura de s\u0103n\u0103tate, inclusiv prin achizi\u021bionarea de dot\u0103ri, cu fonduri din cadrul Programului Opera\u021bional Regional 2014-2020, Axa Prioritar\u0103 8, Obiectivul specific 8.1 care prevede cre\u0219terea accesibilit\u0103\u021bii serviciilor de s\u0103n\u0103tate, comunitare \u0219i a celor de nivel secundar. <\/p>\n\n\n\n<p class=\"wp-block-paragraph\">Cerea de finan\u021bare depus\u0103 \u0219i gestionat\u0103 de administra\u021bia public\u0103 local\u0103 se bazeaz\u0103 pe prevederile incluse \u00een ghidul de finan\u021bare pentru aceast\u0103 ax\u0103 prioritar\u0103 a programului REGIO, respectiv de a se realiza investi\u021bii pentru \u201dinfrastructura sanitar\u0103 \u0219i social\u0103 care contribuie la dezvoltarea la nivel regional \u0219i local, \u00een sensul reducerii inegalit\u0103\u021bilor \u00een ceea ce prive\u0219te starea de s\u0103n\u0103tate \u0219i \u00een favoarea incluziunii sociale prin \u00eembun\u0103t\u0103\u021birea accesului la serviciile\u00a0 sociale, culturale \u0219i de recreere, precum \u0219i trecerea de la serviciile institu\u021bionale la serviciile prestate de comunit\u0103\u021bi\u201d. <\/p>\n\n\n\n<p class=\"wp-block-paragraph\">\u00cen acest moment, Spitalul \u00ee\u0219i desf\u0103\u0219oar\u0103 activitatea medical\u0103, cu \u0219i f\u0103r\u0103 spitalizare \u00een cl\u0103dirile de pe strada Andrei Mure\u0219anu, la nr. 16. Cabinetele medicale din structura ambulatoriului sunt organizate \u00een cadrul celor dou\u0103 imobile: Policlinica \u0219i Spitalul propriu-zis.<\/p>\n\n\n\n<p class=\"wp-block-paragraph\"><em>\u201eAmbulatoriul Spitalului Municipal Blaj este singurul ambulatoriu din zona deservita, respectiv Municipiul Blaj, localit\u0103\u021bile apar\u021bin\u0103toare \u0219i localit\u0103\u021bile din apropierea ora\u0219ului nostru, care nu au ambulatorii de specialitate. Din punct de vedere func\u021bional, acum, cabinetele ambulatoriului nu sunt grupate \u0219i nu sunt amplasate \u00eentr-o singura loca\u021bie, spa\u021biile existente nu sunt suficiente pentru asigurarea condi\u021biilor de suprafa\u021ba, cu circuite \u0219i func\u021bionalit\u0103\u021bi prev\u0103zute de legisla\u021bie, pentru aprobarea normelor privind condi\u021biile pe care trebuie s\u0103 le \u00eendeplineasc\u0103 un spital \u00een vederea ob\u021binerii autoriza\u021bie sanitare de func\u021bionare. Proiectul propune solu\u021bionarea problemelor prin extinderea cl\u0103dirii spitalului \u0219i mutarea cabinetelor medicale \u00een aripa extins\u0103 a cl\u0103dirii. Extinderea se va realiza pe orizontala, cu o cl\u0103dire nou\u0103 similar\u0103 celei existente \u0219i alipit\u0103 cl\u0103dirii spitalului. Spa\u021biile amenajate vor corespunde urm\u0103toarelor func\u021biuni: cabinete pentru consulta\u021bie, s\u0103li de a\u0219teptare, spa\u021bii pentru personalul medical, vestiare, grupuri sanitare, spa\u021bii tehnice \u0219i spa\u021bii de depozitare a inventarului medical\u201d, <\/em>a declarat domnul Gheorghe Rotar, primarul municipiului Blaj. <\/p>\n\n\n\n<p class=\"wp-block-paragraph\">Prin intermediul proiectului \u201dExtindere\n\u0219i dotare Ambulatoriu Spital Municipal Blaj\u201d sunt prev\u0103zute activit\u0103\u021bi de\nextindere, reabilitare \u0219i dotare la nivelul \u00eentregului ansamblu construit.\nExtinderea se va realiza pe orizontal\u0103, cu o cl\u0103dire nou\u0103, similar\u0103 celei\nexistente \u0219i alipit\u0103 cl\u0103dirii spitalului. Ulterior construc\u021biei se vor transfera\nsec\u021biile de ambulatoriu \u00een spa\u021biile nou-create \u0219i vor fi dotate cu aparatur\u0103\nmedical\u0103 \u0219i mobilier medical necesar pentru func\u021biunile specifice de\nambulatoriu. La fiecare nivel &#8211; subsol, parter \u0219i la etajele 1, 2 \u0219i 3 &#8211; va\nexista o circula\u021bie orizontal\u0103, pentru a se lega cl\u0103direa veche a spitalului de\ncea nou\u0103 a ambulatoriului integrat, a\u0219a cum prev\u0103d legisla\u021bia \u0219i normativele \u00een\nvigoare. Concret, pe l\u00e2ng\u0103 lucr\u0103rile de construc\u021bii \u0219i instala\u021bii pentru\nextinderea pe orizontal\u0103 a cl\u0103dirii, vor fi achizi\u021bionate utilaje \u0219i\nechipamente tehnologice, noi echipamente medicale pentru dotarea specific\u0103 a\ncabinetelor medicale, iar la exterior vor fi reabilitate aleile pietonale, care\nvor fi \u0219i iluminate, ca \u0219i c\u0103ile de acces c\u0103tre ambulatoriu, precum \u0219i cele de\nla ambulatoriu c\u0103tre spital. Vor mai fi realizare spa\u021bii verzi \u00een incint\u0103 \u0219i se\nva amenaja o parcare pentru ambulan\u021be sau autosanitare destinate consulta\u021biilor\nla domiciliu.<\/p>\n\n\n\n<p class=\"wp-block-paragraph\"><em>\u201eProiectele preg\u0103tite de administra\u021bia public\u0103 a municipiului Blaj r\u0103spund necesit\u0103\u021bii de modernizare \u0219i dotare a infrastructurii sociale, fie c\u0103 e vorba de s\u0103n\u0103tate, ca \u00een acest caz, fie c\u0103 e vorba de \u00eembun\u0103t\u0103\u021bire a condi\u021biilor de educa\u021bie sau de climatul socio-economic, ca \u00een cazul proiectelor deja semnate pentru dezvoltarea acestui ora\u0219. Administra\u021bia local\u0103 din Blaj are \u00een derulare multe proiecte importante pentru comunitate. Aceste investi\u021bii vor convinge popula\u021bia c\u0103 se folosesc bani europeni pentru cre\u0219terea calit\u0103\u021bii vie\u021bii. \u00cen total, pentru toate proiectele gestionate de noi pentru Blaj, vorbim de sume contractate de peste cinci milioane euro, bani care vor fi folosi\u021bi pentru a rezolva problemele pe care cet\u0103\u021benii \u0219i edilii le-au identificat ca fiind cele mai importante. Activitatea local\u0103 destinat\u0103 cre\u0219terii calit\u0103\u021bii vie\u021bii este sus\u021binut\u0103 de fondurile publice europene prin programul REGIO 2014-2020, iar pentru poten\u021bialii pacien\u021bi din Blaj este un semnal foarte bun, deoarece calitatea serviciilor medicale va cre\u0219te \u00een scurt timp, oamenii fiind siguri c\u0103 nu mai trebuie s\u0103 se deplaseze \u00een centrul jude\u021bului, sau chiar mult mai departe, pentru investiga\u021bii \u0219i tratamente ambulatorii\u201d, <\/em>a declarat domnul Simion Cre\u021bu, director general ADR Centru.<\/p>\n\n\n\n<p class=\"wp-block-paragraph\">Data limit\u0103 de finalizare a proiectului este 30 iunie 2021, valoarea total\u0103 cererii de finan\u021bare fiind de 10.700.750 lei, din care suma nerambursabil\u0103, \u00een cuantum de 98% din cheltuielile eligibile, reprezint\u0103 peste 2,25 milioane euro (10.486.735 \u00a0lei).<\/p>\n\n\n\n<ul class=\"wp-block-gallery columns-3 is-cropped wp-block-gallery-1 is-layout-flex wp-block-gallery-is-layout-flex\"><li class=\"blocks-gallery-item\"><figure><a href=\"https:\/\/urbeamea.ro\/albaiulia\/wp-content\/uploads\/2019\/07\/Foto1-Spital-Blaj-1280x845.jpg\"><img loading=\"lazy\" decoding=\"async\" width=\"1280\" height=\"845\" src=\"https:\/\/urbeamea.ro\/albaiulia\/wp-content\/uploads\/2019\/07\/Foto1-Spital-Blaj-1280x845.jpg\" alt=\"\" data-id=\"80140\" data-link=\"https:\/\/urbeamea.ro\/albaiulia\/?attachment_id=80140\" class=\"wp-image-80140\" srcset=\"https:\/\/urbeamea.ro\/albaiulia\/wp-content\/uploads\/2019\/07\/Foto1-Spital-Blaj-1280x845.jpg 1280w, https:\/\/urbeamea.ro\/albaiulia\/wp-content\/uploads\/2019\/07\/Foto1-Spital-Blaj-150x99.jpg 150w, https:\/\/urbeamea.ro\/albaiulia\/wp-content\/uploads\/2019\/07\/Foto1-Spital-Blaj-640x423.jpg 640w, https:\/\/urbeamea.ro\/albaiulia\/wp-content\/uploads\/2019\/07\/Foto1-Spital-Blaj-768x507.jpg 768w\" sizes=\"auto, (max-width: 1280px) 100vw, 1280px\" \/><\/a><\/figure><\/li><li class=\"blocks-gallery-item\"><figure><a href=\"https:\/\/urbeamea.ro\/albaiulia\/wp-content\/uploads\/2019\/07\/Foto2-Spital-Blaj.jpg\"><img loading=\"lazy\" decoding=\"async\" width=\"1024\" height=\"682\" src=\"https:\/\/urbeamea.ro\/albaiulia\/wp-content\/uploads\/2019\/07\/Foto2-Spital-Blaj.jpg\" alt=\"\" data-id=\"80141\" data-link=\"https:\/\/urbeamea.ro\/albaiulia\/?attachment_id=80141\" class=\"wp-image-80141\" srcset=\"https:\/\/urbeamea.ro\/albaiulia\/wp-content\/uploads\/2019\/07\/Foto2-Spital-Blaj.jpg 1024w, https:\/\/urbeamea.ro\/albaiulia\/wp-content\/uploads\/2019\/07\/Foto2-Spital-Blaj-150x100.jpg 150w, https:\/\/urbeamea.ro\/albaiulia\/wp-content\/uploads\/2019\/07\/Foto2-Spital-Blaj-640x426.jpg 640w, https:\/\/urbeamea.ro\/albaiulia\/wp-content\/uploads\/2019\/07\/Foto2-Spital-Blaj-768x512.jpg 768w\" sizes=\"auto, (max-width: 1024px) 100vw, 1024px\" \/><\/a><\/figure><\/li><li class=\"blocks-gallery-item\"><figure><a href=\"https:\/\/urbeamea.ro\/albaiulia\/wp-content\/uploads\/2019\/07\/Foto3-Spital.png\"><img loading=\"lazy\" decoding=\"async\" width=\"900\" height=\"535\" src=\"https:\/\/urbeamea.ro\/albaiulia\/wp-content\/uploads\/2019\/07\/Foto3-Spital.png\" alt=\"\" data-id=\"80142\" data-link=\"https:\/\/urbeamea.ro\/albaiulia\/?attachment_id=80142\" class=\"wp-image-80142\" srcset=\"https:\/\/urbeamea.ro\/albaiulia\/wp-content\/uploads\/2019\/07\/Foto3-Spital.png 900w, https:\/\/urbeamea.ro\/albaiulia\/wp-content\/uploads\/2019\/07\/Foto3-Spital-150x89.png 150w, https:\/\/urbeamea.ro\/albaiulia\/wp-content\/uploads\/2019\/07\/Foto3-Spital-640x380.png 640w, https:\/\/urbeamea.ro\/albaiulia\/wp-content\/uploads\/2019\/07\/Foto3-Spital-768x457.png 768w\" sizes=\"auto, (max-width: 900px) 100vw, 900px\" \/><\/a><\/figure><\/li><li class=\"blocks-gallery-item\"><figure><a href=\"https:\/\/urbeamea.ro\/albaiulia\/wp-content\/uploads\/2019\/07\/Foto4-Echipamente.jpg\"><img loading=\"lazy\" decoding=\"async\" width=\"902\" height=\"691\" src=\"https:\/\/urbeamea.ro\/albaiulia\/wp-content\/uploads\/2019\/07\/Foto4-Echipamente.jpg\" alt=\"\" data-id=\"80143\" data-link=\"https:\/\/urbeamea.ro\/albaiulia\/?attachment_id=80143\" class=\"wp-image-80143\" srcset=\"https:\/\/urbeamea.ro\/albaiulia\/wp-content\/uploads\/2019\/07\/Foto4-Echipamente.jpg 902w, https:\/\/urbeamea.ro\/albaiulia\/wp-content\/uploads\/2019\/07\/Foto4-Echipamente-150x115.jpg 150w, https:\/\/urbeamea.ro\/albaiulia\/wp-content\/uploads\/2019\/07\/Foto4-Echipamente-640x490.jpg 640w, https:\/\/urbeamea.ro\/albaiulia\/wp-content\/uploads\/2019\/07\/Foto4-Echipamente-768x588.jpg 768w\" sizes=\"auto, (max-width: 902px) 100vw, 902px\" \/><\/a><\/figure><\/li><li class=\"blocks-gallery-item\"><figure><a href=\"https:\/\/urbeamea.ro\/albaiulia\/wp-content\/uploads\/2019\/07\/Foto5-Echipamente-1280x798.jpg\"><img loading=\"lazy\" decoding=\"async\" width=\"1280\" height=\"798\" src=\"https:\/\/urbeamea.ro\/albaiulia\/wp-content\/uploads\/2019\/07\/Foto5-Echipamente-1280x798.jpg\" alt=\"\" data-id=\"80144\" data-link=\"https:\/\/urbeamea.ro\/albaiulia\/?attachment_id=80144\" class=\"wp-image-80144\" srcset=\"https:\/\/urbeamea.ro\/albaiulia\/wp-content\/uploads\/2019\/07\/Foto5-Echipamente-1280x798.jpg 1280w, https:\/\/urbeamea.ro\/albaiulia\/wp-content\/uploads\/2019\/07\/Foto5-Echipamente-150x93.jpg 150w, https:\/\/urbeamea.ro\/albaiulia\/wp-content\/uploads\/2019\/07\/Foto5-Echipamente-640x399.jpg 640w, https:\/\/urbeamea.ro\/albaiulia\/wp-content\/uploads\/2019\/07\/Foto5-Echipamente-768x479.jpg 768w, https:\/\/urbeamea.ro\/albaiulia\/wp-content\/uploads\/2019\/07\/Foto5-Echipamente.jpg 1629w\" sizes=\"auto, (max-width: 1280px) 100vw, 1280px\" \/><\/a><\/figure><\/li><li class=\"blocks-gallery-item\"><figure><a href=\"https:\/\/urbeamea.ro\/albaiulia\/wp-content\/uploads\/2019\/07\/Foto6-Semnare-contract-1-1280x667.jpg\"><img loading=\"lazy\" decoding=\"async\" width=\"1280\" height=\"667\" src=\"https:\/\/urbeamea.ro\/albaiulia\/wp-content\/uploads\/2019\/07\/Foto6-Semnare-contract-1-1280x667.jpg\" alt=\"\" data-id=\"80145\" data-link=\"https:\/\/urbeamea.ro\/albaiulia\/?attachment_id=80145\" class=\"wp-image-80145\" srcset=\"https:\/\/urbeamea.ro\/albaiulia\/wp-content\/uploads\/2019\/07\/Foto6-Semnare-contract-1-1280x667.jpg 1280w, https:\/\/urbeamea.ro\/albaiulia\/wp-content\/uploads\/2019\/07\/Foto6-Semnare-contract-1-150x78.jpg 150w, https:\/\/urbeamea.ro\/albaiulia\/wp-content\/uploads\/2019\/07\/Foto6-Semnare-contract-1-640x333.jpg 640w, https:\/\/urbeamea.ro\/albaiulia\/wp-content\/uploads\/2019\/07\/Foto6-Semnare-contract-1-768x400.jpg 768w\" sizes=\"auto, (max-width: 1280px) 100vw, 1280px\" \/><\/a><\/figure><\/li><li class=\"blocks-gallery-item\"><figure><a href=\"https:\/\/urbeamea.ro\/albaiulia\/wp-content\/uploads\/2019\/07\/Foto7-Semnare-contract-1-1280x703.jpg\"><img loading=\"lazy\" decoding=\"async\" width=\"1280\" height=\"703\" src=\"https:\/\/urbeamea.ro\/albaiulia\/wp-content\/uploads\/2019\/07\/Foto7-Semnare-contract-1-1280x703.jpg\" alt=\"\" data-id=\"80146\" data-link=\"https:\/\/urbeamea.ro\/albaiulia\/?attachment_id=80146\" class=\"wp-image-80146\" srcset=\"https:\/\/urbeamea.ro\/albaiulia\/wp-content\/uploads\/2019\/07\/Foto7-Semnare-contract-1-1280x703.jpg 1280w, https:\/\/urbeamea.ro\/albaiulia\/wp-content\/uploads\/2019\/07\/Foto7-Semnare-contract-1-150x82.jpg 150w, https:\/\/urbeamea.ro\/albaiulia\/wp-content\/uploads\/2019\/07\/Foto7-Semnare-contract-1-640x351.jpg 640w, https:\/\/urbeamea.ro\/albaiulia\/wp-content\/uploads\/2019\/07\/Foto7-Semnare-contract-1-768x422.jpg 768w\" sizes=\"auto, (max-width: 1280px) 100vw, 1280px\" \/><\/a><\/figure><\/li><li class=\"blocks-gallery-item\"><figure><a href=\"https:\/\/urbeamea.ro\/albaiulia\/wp-content\/uploads\/2019\/07\/Foto8-Semnare-contract-1-1280x863.jpg\"><img loading=\"lazy\" decoding=\"async\" width=\"1280\" height=\"863\" src=\"https:\/\/urbeamea.ro\/albaiulia\/wp-content\/uploads\/2019\/07\/Foto8-Semnare-contract-1-1280x863.jpg\" alt=\"\" data-id=\"80147\" data-link=\"https:\/\/urbeamea.ro\/albaiulia\/?attachment_id=80147\" class=\"wp-image-80147\" srcset=\"https:\/\/urbeamea.ro\/albaiulia\/wp-content\/uploads\/2019\/07\/Foto8-Semnare-contract-1-1280x863.jpg 1280w, https:\/\/urbeamea.ro\/albaiulia\/wp-content\/uploads\/2019\/07\/Foto8-Semnare-contract-1-150x101.jpg 150w, https:\/\/urbeamea.ro\/albaiulia\/wp-content\/uploads\/2019\/07\/Foto8-Semnare-contract-1-640x432.jpg 640w, https:\/\/urbeamea.ro\/albaiulia\/wp-content\/uploads\/2019\/07\/Foto8-Semnare-contract-1-768x518.jpg 768w\" sizes=\"auto, (max-width: 1280px) 100vw, 1280px\" \/><\/a><\/figure><\/li><\/ul>\n","protected":false},"excerpt":{"rendered":"<p>Ambulatoriul Spitalului Municipal din Blaj \u2013 dispensarul policlinic \u2013 va fi complet transformat, \u00een decurs de doi ani, printr-un nou proiect european accesat de Prim\u0103ria Municipiului. Luni, la sediul ADR Centru din Alba Iulia, a avut loc semnarea contractului de finan\u021bare pentru proiectul \u201dExtindere \u0219i dotare Ambulatoriu Spital Municipal Blaj\u201d, \u00een valoare total\u0103 de peste &hellip;<\/p>\n","protected":false},"author":17,"featured_media":80141,"comment_status":"open","ping_status":"open","sticky":false,"template":"","format":"standard","meta":{"inline_featured_image":false,"footnotes":""},"categories":[6663],"tags":[343,17325,18333,3802,12432,2177,16003,76],"class_list":["post-80139","post","type-post","status-publish","format-standard","has-post-thumbnail","hentry","category-economic","tag-adr-centru","tag-adr-centrul","tag-ambulatoriul-spitalului-blaj","tag-cerere-de-finantare","tag-fonduri-regio","tag-renovare","tag-semnare-contract","tag-urbea-mea"],"yoast_head":"<!-- This site is optimized with the Yoast SEO plugin v28.3 - https:\/\/yoast.com\/product\/yoast-seo-wordpress\/ -->\n<title>FOTO: Peste dou\u0103 milioane de euro fonduri regio pentru extinderea \u0219i modernizarea Ambulatoriului Spitalului din Blaj - Revista Urbea Mea - Revista de Alba<\/title>\n<meta name=\"description\" content=\"Ambulatoriul Spitalului Municipal din Blaj \u2013 dispensarul policlinic \u2013 va fi complet transformat, \u00een decurs de doi ani, printr-un nou proiect european\" \/>\n<meta name=\"robots\" content=\"index, follow, max-snippet:-1, max-image-preview:large, max-video-preview:-1\" \/>\n<link rel=\"canonical\" href=\"https:\/\/urbeamea.ro\/albaiulia\/foto-peste-doua-milioane-de-euro-fonduri-regio-pentru-extinderea-si-modernizarea-ambulatoriului-spitalului-din-blaj\/\" \/>\n<meta name=\"twitter:card\" content=\"summary_large_image\" \/>\n<meta name=\"twitter:title\" content=\"FOTO: Peste dou\u0103 milioane de euro fonduri regio pentru extinderea \u0219i modernizarea Ambulatoriului Spitalului din Blaj - Revista Urbea Mea - Revista de Alba\" \/>\n<meta name=\"twitter:description\" content=\"Ambulatoriul Spitalului Municipal din Blaj \u2013 dispensarul policlinic \u2013 va fi complet transformat, \u00een decurs de doi ani, printr-un nou proiect european\" \/>\n<meta name=\"twitter:image\" content=\"https:\/\/urbeamea.ro\/albaiulia\/wp-content\/uploads\/2019\/07\/Foto2-Spital-Blaj.jpg\" \/>\n<meta name=\"twitter:creator\" content=\"@urbeameaweb\" \/>\n<meta name=\"twitter:site\" content=\"@urbeameaweb\" \/>\n<script type=\"application\/ld+json\" class=\"yoast-schema-graph\">{\"@context\":\"https:\\\/\\\/schema.org\",\"@graph\":[{\"@type\":\"Article\",\"@id\":\"https:\\\/\\\/urbeamea.ro\\\/albaiulia\\\/foto-peste-doua-milioane-de-euro-fonduri-regio-pentru-extinderea-si-modernizarea-ambulatoriului-spitalului-din-blaj\\\/#article\",\"isPartOf\":{\"@id\":\"https:\\\/\\\/urbeamea.ro\\\/albaiulia\\\/foto-peste-doua-milioane-de-euro-fonduri-regio-pentru-extinderea-si-modernizarea-ambulatoriului-spitalului-din-blaj\\\/\"},\"author\":{\"name\":\"Cristina Ganga\",\"@id\":\"https:\\\/\\\/urbeamea.ro\\\/albaiulia\\\/#\\\/schema\\\/person\\\/9700d21fae21c4f038b0b56f4506264a\"},\"headline\":\"FOTO: Peste dou\u0103 milioane de euro fonduri regio pentru extinderea \u0219i modernizarea Ambulatoriului Spitalului din Blaj\",\"datePublished\":\"2019-07-22T19:04:43+00:00\",\"dateModified\":\"2019-07-22T19:04:48+00:00\",\"mainEntityOfPage\":{\"@id\":\"https:\\\/\\\/urbeamea.ro\\\/albaiulia\\\/foto-peste-doua-milioane-de-euro-fonduri-regio-pentru-extinderea-si-modernizarea-ambulatoriului-spitalului-din-blaj\\\/\"},\"wordCount\":983,\"commentCount\":0,\"image\":{\"@id\":\"https:\\\/\\\/urbeamea.ro\\\/albaiulia\\\/foto-peste-doua-milioane-de-euro-fonduri-regio-pentru-extinderea-si-modernizarea-ambulatoriului-spitalului-din-blaj\\\/#primaryimage\"},\"thumbnailUrl\":\"https:\\\/\\\/urbeamea.ro\\\/albaiulia\\\/wp-content\\\/uploads\\\/2019\\\/07\\\/Foto2-Spital-Blaj.jpg\",\"keywords\":[\"ADR Centru\",\"adr centrul\",\"ambulatoriul spitalului blaj\",\"cerere de finantare\",\"fonduri regio\",\"renovare\",\"semnare contract\",\"Urbea Mea\"],\"articleSection\":[\"Economic\"],\"inLanguage\":\"ro-RO\",\"potentialAction\":[{\"@type\":\"CommentAction\",\"name\":\"Comment\",\"target\":[\"https:\\\/\\\/urbeamea.ro\\\/albaiulia\\\/foto-peste-doua-milioane-de-euro-fonduri-regio-pentru-extinderea-si-modernizarea-ambulatoriului-spitalului-din-blaj\\\/#respond\"]}]},{\"@type\":\"WebPage\",\"@id\":\"https:\\\/\\\/urbeamea.ro\\\/albaiulia\\\/foto-peste-doua-milioane-de-euro-fonduri-regio-pentru-extinderea-si-modernizarea-ambulatoriului-spitalului-din-blaj\\\/\",\"url\":\"https:\\\/\\\/urbeamea.ro\\\/albaiulia\\\/foto-peste-doua-milioane-de-euro-fonduri-regio-pentru-extinderea-si-modernizarea-ambulatoriului-spitalului-din-blaj\\\/\",\"name\":\"FOTO: Peste dou\u0103 milioane de euro fonduri regio pentru extinderea \u0219i modernizarea Ambulatoriului Spitalului din Blaj - Revista Urbea Mea - Revista de Alba\",\"isPartOf\":{\"@id\":\"https:\\\/\\\/urbeamea.ro\\\/albaiulia\\\/#website\"},\"primaryImageOfPage\":{\"@id\":\"https:\\\/\\\/urbeamea.ro\\\/albaiulia\\\/foto-peste-doua-milioane-de-euro-fonduri-regio-pentru-extinderea-si-modernizarea-ambulatoriului-spitalului-din-blaj\\\/#primaryimage\"},\"image\":{\"@id\":\"https:\\\/\\\/urbeamea.ro\\\/albaiulia\\\/foto-peste-doua-milioane-de-euro-fonduri-regio-pentru-extinderea-si-modernizarea-ambulatoriului-spitalului-din-blaj\\\/#primaryimage\"},\"thumbnailUrl\":\"https:\\\/\\\/urbeamea.ro\\\/albaiulia\\\/wp-content\\\/uploads\\\/2019\\\/07\\\/Foto2-Spital-Blaj.jpg\",\"datePublished\":\"2019-07-22T19:04:43+00:00\",\"dateModified\":\"2019-07-22T19:04:48+00:00\",\"author\":{\"@id\":\"https:\\\/\\\/urbeamea.ro\\\/albaiulia\\\/#\\\/schema\\\/person\\\/9700d21fae21c4f038b0b56f4506264a\"},\"description\":\"Ambulatoriul Spitalului Municipal din Blaj \u2013 dispensarul policlinic \u2013 va fi complet transformat, \u00een decurs de doi ani, printr-un nou proiect european\",\"breadcrumb\":{\"@id\":\"https:\\\/\\\/urbeamea.ro\\\/albaiulia\\\/foto-peste-doua-milioane-de-euro-fonduri-regio-pentru-extinderea-si-modernizarea-ambulatoriului-spitalului-din-blaj\\\/#breadcrumb\"},\"inLanguage\":\"ro-RO\",\"potentialAction\":[{\"@type\":\"ReadAction\",\"target\":[\"https:\\\/\\\/urbeamea.ro\\\/albaiulia\\\/foto-peste-doua-milioane-de-euro-fonduri-regio-pentru-extinderea-si-modernizarea-ambulatoriului-spitalului-din-blaj\\\/\"]}]},{\"@type\":\"ImageObject\",\"inLanguage\":\"ro-RO\",\"@id\":\"https:\\\/\\\/urbeamea.ro\\\/albaiulia\\\/foto-peste-doua-milioane-de-euro-fonduri-regio-pentru-extinderea-si-modernizarea-ambulatoriului-spitalului-din-blaj\\\/#primaryimage\",\"url\":\"https:\\\/\\\/urbeamea.ro\\\/albaiulia\\\/wp-content\\\/uploads\\\/2019\\\/07\\\/Foto2-Spital-Blaj.jpg\",\"contentUrl\":\"https:\\\/\\\/urbeamea.ro\\\/albaiulia\\\/wp-content\\\/uploads\\\/2019\\\/07\\\/Foto2-Spital-Blaj.jpg\",\"width\":1024,\"height\":682},{\"@type\":\"BreadcrumbList\",\"@id\":\"https:\\\/\\\/urbeamea.ro\\\/albaiulia\\\/foto-peste-doua-milioane-de-euro-fonduri-regio-pentru-extinderea-si-modernizarea-ambulatoriului-spitalului-din-blaj\\\/#breadcrumb\",\"itemListElement\":[{\"@type\":\"ListItem\",\"position\":1,\"name\":\"Prima pagin\u0103\",\"item\":\"https:\\\/\\\/urbeamea.ro\\\/albaiulia\\\/\"},{\"@type\":\"ListItem\",\"position\":2,\"name\":\"FOTO: Peste dou\u0103 milioane de euro fonduri regio pentru extinderea \u0219i modernizarea Ambulatoriului Spitalului din Blaj\"}]},{\"@type\":\"WebSite\",\"@id\":\"https:\\\/\\\/urbeamea.ro\\\/albaiulia\\\/#website\",\"url\":\"https:\\\/\\\/urbeamea.ro\\\/albaiulia\\\/\",\"name\":\"Revista Urbea Mea, Stiri urbane\",\"description\":\"Evenimente \u0219i \u0219tiri din Alba Iulia, Sebe\u0219, Aiud, Blaj\",\"potentialAction\":[{\"@type\":\"SearchAction\",\"target\":{\"@type\":\"EntryPoint\",\"urlTemplate\":\"https:\\\/\\\/urbeamea.ro\\\/albaiulia\\\/?s={search_term_string}\"},\"query-input\":{\"@type\":\"PropertyValueSpecification\",\"valueRequired\":true,\"valueName\":\"search_term_string\"}}],\"inLanguage\":\"ro-RO\"},{\"@type\":\"Person\",\"@id\":\"https:\\\/\\\/urbeamea.ro\\\/albaiulia\\\/#\\\/schema\\\/person\\\/9700d21fae21c4f038b0b56f4506264a\",\"name\":\"Cristina Ganga\",\"image\":{\"@type\":\"ImageObject\",\"inLanguage\":\"ro-RO\",\"@id\":\"https:\\\/\\\/secure.gravatar.com\\\/avatar\\\/5a67661041f057b4a8ccaf26f5a8e86e2689372006d01faf3dd9eeb10b654bb4?s=96&d=mm&r=g\",\"url\":\"https:\\\/\\\/secure.gravatar.com\\\/avatar\\\/5a67661041f057b4a8ccaf26f5a8e86e2689372006d01faf3dd9eeb10b654bb4?s=96&d=mm&r=g\",\"contentUrl\":\"https:\\\/\\\/secure.gravatar.com\\\/avatar\\\/5a67661041f057b4a8ccaf26f5a8e86e2689372006d01faf3dd9eeb10b654bb4?s=96&d=mm&r=g\",\"caption\":\"Cristina Ganga\"},\"description\":\"Jurnalist\",\"sameAs\":[\"https:\\\/\\\/www.facebook.com\\\/cristina.nicola.587\"],\"url\":\"https:\\\/\\\/urbeamea.ro\\\/albaiulia\\\/author\\\/cristina-nicola\\\/\"}]}<\/script>\n<!-- \/ Yoast SEO plugin. -->","yoast_head_json":{"title":"FOTO: Peste dou\u0103 milioane de euro fonduri regio pentru extinderea \u0219i modernizarea Ambulatoriului Spitalului din Blaj - Revista Urbea Mea - Revista de Alba","description":"Ambulatoriul Spitalului Municipal din Blaj \u2013 dispensarul policlinic \u2013 va fi complet transformat, \u00een decurs de doi ani, printr-un nou proiect european","robots":{"index":"index","follow":"follow","max-snippet":"max-snippet:-1","max-image-preview":"max-image-preview:large","max-video-preview":"max-video-preview:-1"},"canonical":"https:\/\/urbeamea.ro\/albaiulia\/foto-peste-doua-milioane-de-euro-fonduri-regio-pentru-extinderea-si-modernizarea-ambulatoriului-spitalului-din-blaj\/","twitter_card":"summary_large_image","twitter_title":"FOTO: Peste dou\u0103 milioane de euro fonduri regio pentru extinderea \u0219i modernizarea Ambulatoriului Spitalului din Blaj - Revista Urbea Mea - Revista de Alba","twitter_description":"Ambulatoriul Spitalului Municipal din Blaj \u2013 dispensarul policlinic \u2013 va fi complet transformat, \u00een decurs de doi ani, printr-un nou proiect european","twitter_image":"https:\/\/urbeamea.ro\/albaiulia\/wp-content\/uploads\/2019\/07\/Foto2-Spital-Blaj.jpg","twitter_creator":"@urbeameaweb","twitter_site":"@urbeameaweb","schema":{"@context":"https:\/\/schema.org","@graph":[{"@type":"Article","@id":"https:\/\/urbeamea.ro\/albaiulia\/foto-peste-doua-milioane-de-euro-fonduri-regio-pentru-extinderea-si-modernizarea-ambulatoriului-spitalului-din-blaj\/#article","isPartOf":{"@id":"https:\/\/urbeamea.ro\/albaiulia\/foto-peste-doua-milioane-de-euro-fonduri-regio-pentru-extinderea-si-modernizarea-ambulatoriului-spitalului-din-blaj\/"},"author":{"name":"Cristina Ganga","@id":"https:\/\/urbeamea.ro\/albaiulia\/#\/schema\/person\/9700d21fae21c4f038b0b56f4506264a"},"headline":"FOTO: Peste dou\u0103 milioane de euro fonduri regio pentru extinderea \u0219i modernizarea Ambulatoriului Spitalului din Blaj","datePublished":"2019-07-22T19:04:43+00:00","dateModified":"2019-07-22T19:04:48+00:00","mainEntityOfPage":{"@id":"https:\/\/urbeamea.ro\/albaiulia\/foto-peste-doua-milioane-de-euro-fonduri-regio-pentru-extinderea-si-modernizarea-ambulatoriului-spitalului-din-blaj\/"},"wordCount":983,"commentCount":0,"image":{"@id":"https:\/\/urbeamea.ro\/albaiulia\/foto-peste-doua-milioane-de-euro-fonduri-regio-pentru-extinderea-si-modernizarea-ambulatoriului-spitalului-din-blaj\/#primaryimage"},"thumbnailUrl":"https:\/\/urbeamea.ro\/albaiulia\/wp-content\/uploads\/2019\/07\/Foto2-Spital-Blaj.jpg","keywords":["ADR Centru","adr centrul","ambulatoriul spitalului blaj","cerere de finantare","fonduri regio","renovare","semnare contract","Urbea Mea"],"articleSection":["Economic"],"inLanguage":"ro-RO","potentialAction":[{"@type":"CommentAction","name":"Comment","target":["https:\/\/urbeamea.ro\/albaiulia\/foto-peste-doua-milioane-de-euro-fonduri-regio-pentru-extinderea-si-modernizarea-ambulatoriului-spitalului-din-blaj\/#respond"]}]},{"@type":"WebPage","@id":"https:\/\/urbeamea.ro\/albaiulia\/foto-peste-doua-milioane-de-euro-fonduri-regio-pentru-extinderea-si-modernizarea-ambulatoriului-spitalului-din-blaj\/","url":"https:\/\/urbeamea.ro\/albaiulia\/foto-peste-doua-milioane-de-euro-fonduri-regio-pentru-extinderea-si-modernizarea-ambulatoriului-spitalului-din-blaj\/","name":"FOTO: Peste dou\u0103 milioane de euro fonduri regio pentru extinderea \u0219i modernizarea Ambulatoriului Spitalului din Blaj - Revista Urbea Mea - Revista de Alba","isPartOf":{"@id":"https:\/\/urbeamea.ro\/albaiulia\/#website"},"primaryImageOfPage":{"@id":"https:\/\/urbeamea.ro\/albaiulia\/foto-peste-doua-milioane-de-euro-fonduri-regio-pentru-extinderea-si-modernizarea-ambulatoriului-spitalului-din-blaj\/#primaryimage"},"image":{"@id":"https:\/\/urbeamea.ro\/albaiulia\/foto-peste-doua-milioane-de-euro-fonduri-regio-pentru-extinderea-si-modernizarea-ambulatoriului-spitalului-din-blaj\/#primaryimage"},"thumbnailUrl":"https:\/\/urbeamea.ro\/albaiulia\/wp-content\/uploads\/2019\/07\/Foto2-Spital-Blaj.jpg","datePublished":"2019-07-22T19:04:43+00:00","dateModified":"2019-07-22T19:04:48+00:00","author":{"@id":"https:\/\/urbeamea.ro\/albaiulia\/#\/schema\/person\/9700d21fae21c4f038b0b56f4506264a"},"description":"Ambulatoriul Spitalului Municipal din Blaj \u2013 dispensarul policlinic \u2013 va fi complet transformat, \u00een decurs de doi ani, printr-un nou proiect european","breadcrumb":{"@id":"https:\/\/urbeamea.ro\/albaiulia\/foto-peste-doua-milioane-de-euro-fonduri-regio-pentru-extinderea-si-modernizarea-ambulatoriului-spitalului-din-blaj\/#breadcrumb"},"inLanguage":"ro-RO","potentialAction":[{"@type":"ReadAction","target":["https:\/\/urbeamea.ro\/albaiulia\/foto-peste-doua-milioane-de-euro-fonduri-regio-pentru-extinderea-si-modernizarea-ambulatoriului-spitalului-din-blaj\/"]}]},{"@type":"ImageObject","inLanguage":"ro-RO","@id":"https:\/\/urbeamea.ro\/albaiulia\/foto-peste-doua-milioane-de-euro-fonduri-regio-pentru-extinderea-si-modernizarea-ambulatoriului-spitalului-din-blaj\/#primaryimage","url":"https:\/\/urbeamea.ro\/albaiulia\/wp-content\/uploads\/2019\/07\/Foto2-Spital-Blaj.jpg","contentUrl":"https:\/\/urbeamea.ro\/albaiulia\/wp-content\/uploads\/2019\/07\/Foto2-Spital-Blaj.jpg","width":1024,"height":682},{"@type":"BreadcrumbList","@id":"https:\/\/urbeamea.ro\/albaiulia\/foto-peste-doua-milioane-de-euro-fonduri-regio-pentru-extinderea-si-modernizarea-ambulatoriului-spitalului-din-blaj\/#breadcrumb","itemListElement":[{"@type":"ListItem","position":1,"name":"Prima pagin\u0103","item":"https:\/\/urbeamea.ro\/albaiulia\/"},{"@type":"ListItem","position":2,"name":"FOTO: Peste dou\u0103 milioane de euro fonduri regio pentru extinderea \u0219i modernizarea Ambulatoriului Spitalului din Blaj"}]},{"@type":"WebSite","@id":"https:\/\/urbeamea.ro\/albaiulia\/#website","url":"https:\/\/urbeamea.ro\/albaiulia\/","name":"Revista Urbea Mea, Stiri urbane","description":"Evenimente \u0219i \u0219tiri din Alba Iulia, Sebe\u0219, Aiud, Blaj","potentialAction":[{"@type":"SearchAction","target":{"@type":"EntryPoint","urlTemplate":"https:\/\/urbeamea.ro\/albaiulia\/?s={search_term_string}"},"query-input":{"@type":"PropertyValueSpecification","valueRequired":true,"valueName":"search_term_string"}}],"inLanguage":"ro-RO"},{"@type":"Person","@id":"https:\/\/urbeamea.ro\/albaiulia\/#\/schema\/person\/9700d21fae21c4f038b0b56f4506264a","name":"Cristina Ganga","image":{"@type":"ImageObject","inLanguage":"ro-RO","@id":"https:\/\/secure.gravatar.com\/avatar\/5a67661041f057b4a8ccaf26f5a8e86e2689372006d01faf3dd9eeb10b654bb4?s=96&d=mm&r=g","url":"https:\/\/secure.gravatar.com\/avatar\/5a67661041f057b4a8ccaf26f5a8e86e2689372006d01faf3dd9eeb10b654bb4?s=96&d=mm&r=g","contentUrl":"https:\/\/secure.gravatar.com\/avatar\/5a67661041f057b4a8ccaf26f5a8e86e2689372006d01faf3dd9eeb10b654bb4?s=96&d=mm&r=g","caption":"Cristina Ganga"},"description":"Jurnalist","sameAs":["https:\/\/www.facebook.com\/cristina.nicola.587"],"url":"https:\/\/urbeamea.ro\/albaiulia\/author\/cristina-nicola\/"}]}},"_links":{"self":[{"href":"https:\/\/urbeamea.ro\/albaiulia\/wp-json\/wp\/v2\/posts\/80139","targetHints":{"allow":["GET"]}}],"collection":[{"href":"https:\/\/urbeamea.ro\/albaiulia\/wp-json\/wp\/v2\/posts"}],"about":[{"href":"https:\/\/urbeamea.ro\/albaiulia\/wp-json\/wp\/v2\/types\/post"}],"author":[{"embeddable":true,"href":"https:\/\/urbeamea.ro\/albaiulia\/wp-json\/wp\/v2\/users\/17"}],"replies":[{"embeddable":true,"href":"https:\/\/urbeamea.ro\/albaiulia\/wp-json\/wp\/v2\/comments?post=80139"}],"version-history":[{"count":0,"href":"https:\/\/urbeamea.ro\/albaiulia\/wp-json\/wp\/v2\/posts\/80139\/revisions"}],"wp:featuredmedia":[{"embeddable":true,"href":"https:\/\/urbeamea.ro\/albaiulia\/wp-json\/wp\/v2\/media\/80141"}],"wp:attachment":[{"href":"https:\/\/urbeamea.ro\/albaiulia\/wp-json\/wp\/v2\/media?parent=80139"}],"wp:term":[{"taxonomy":"category","embeddable":true,"href":"https:\/\/urbeamea.ro\/albaiulia\/wp-json\/wp\/v2\/categories?post=80139"},{"taxonomy":"post_tag","embeddable":true,"href":"https:\/\/urbeamea.ro\/albaiulia\/wp-json\/wp\/v2\/tags?post=80139"}],"curies":[{"name":"wp","href":"https:\/\/api.w.org\/{rel}","templated":true}]}}