{"id":80226,"date":"2019-07-25T10:12:14","date_gmt":"2019-07-25T07:12:14","guid":{"rendered":"https:\/\/urbeamea.ro\/albaiulia\/?p=80226"},"modified":"2019-07-25T10:12:18","modified_gmt":"2019-07-25T07:12:18","slug":"foto-ample-lucrari-de-reabilitare-si-modernizare-la-colegiul-national-militar-mihai-viteazul-alba-iulia","status":"publish","type":"post","link":"https:\/\/urbeamea.ro\/albaiulia\/foto-ample-lucrari-de-reabilitare-si-modernizare-la-colegiul-national-militar-mihai-viteazul-alba-iulia\/","title":{"rendered":"FOTO: Ample lucr\u0103ri de reabilitare \u015fi modernizare la Colegiul Na\u021bional Militar \u201eMihai Viteazul\u201d Alba Iulia"},"content":{"rendered":"\n<p><strong>\u00cen Colegiul Na\u0163ional Militar \u201eMihai Viteazul\u201d Alba Iulia au loc pe perioada vacan\u0163ei de var\u0103 ample lucr\u0103ri de reabilitare \u015fi modernizare \u00een cadrul mai multor pavilioane. <\/strong><\/p>\n\n\n\n<p><strong>Lucr\u0103rile executate sunt necesare pentru oferirea unor condi\u0163ii decente \u015fi civilizate de desf\u0103\u015furare a activit\u0103\u0163ii at\u00e2t elevilor c\u00e2t \u015fi personalului institu\u0163iei de \u00eenv\u0103\u0163\u0103m\u00e2nt militar.\u00a0<\/strong><\/p>\n\n\n\n<p>Una dintre lucr\u0103rile aflate \u00een aceast\u0103 perioad\u0103 \u00een derulare este cea de renovare\u00a0a holurilor interioare din pavilioanele care deservesc zona de \u00eenv\u0103\u0163\u0103m\u00e2nt \u015fi de cazare a elevilor. Aici se execut\u0103 lucr\u0103ri de \u00eendep\u0103rtare a lambriurilor de pe pere\u0163i \u015fi de \u00eenlocuire a acestora cu vopsea. <\/p>\n\n\n\n<p>Lucr\u0103ri de modernizare au loc \u015fi \u00een pavilionul unde \u00ee\u015fi desf\u0103\u015foar\u0103 activitatea Centrul Zonal de Selec\u0163ie \u015fi Orientare \u015fi Plutonul Deservire al colegiului iar la pavilionul destinat prepar\u0103rii hranei \u015fi servirii mesei sunt derulate ample lucr\u0103ri pentru reabilitarea depozitului de alimente, a buc\u0103t\u0103riei \u015fi a celor dou\u0103 s\u0103li de mese. Tot \u00een aceast\u0103 perioad\u0103 este schimbat\u0103 hidroizola\u0163ia de pe cl\u0103direa principal\u0103 \u015fi sala de sport \u015fi este \u00eenlocuit vechiul gard din fa\u0163a colegiului.<\/p>\n\n\n\n<p>C\u00e2teva dintre lucr\u0103rile de modernizare executate \u00een aceast\u0103 perioad\u0103 se vor \u00eencheia p\u00e2n\u0103 la data de 1 septembrie, urm\u00e2nd ca lucr\u0103rile mai complexe s\u0103 fie finalizate p\u00e2n\u0103 la ziua colegiului, 1 noiembrie.<\/p>\n\n\n\n<p>Toate aceste investi\u0163ii sunt sus\u0163inute financiar de c\u0103tre Statul Major al For\u0163elor Aeriene, valoarea total\u0103 a investi\u0163iilor fiind de aproximativ 1,5 milioane de lei.<\/p>\n\n\n\n<p>Interesul institu\u0163iei pentru modernizarea infrastructurii \u015fcolare, factor extrem de important pentru educa\u0163ie, continu\u0103 astfel an de an, vara trecut\u0103 fiind renovate \u00een totalitate s\u0103lile de clas\u0103, laboratoarele \u015fi cabinetele din cadrul colegiului militar albaiulian, astfel \u00eenc\u00e2t elevii s\u0103 \u00eenve\u0163e \u00eentr-un mediu c\u00e2t mai pl\u0103cut \u015fi performant.<\/p>\n\n\n\n<p> <\/p>\n\n\n\n<ul class=\"wp-block-gallery columns-3 is-cropped wp-block-gallery-1 is-layout-flex wp-block-gallery-is-layout-flex\"><li class=\"blocks-gallery-item\"><figure><img loading=\"lazy\" decoding=\"async\" width=\"960\" height=\"640\" src=\"https:\/\/urbeamea.ro\/albaiulia\/wp-content\/uploads\/2019\/07\/67032708_1264174007090253_4516597001567076352_n.jpg\" alt=\"\" data-id=\"80227\" data-link=\"https:\/\/urbeamea.ro\/albaiulia\/?attachment_id=80227\" class=\"wp-image-80227\" srcset=\"https:\/\/urbeamea.ro\/albaiulia\/wp-content\/uploads\/2019\/07\/67032708_1264174007090253_4516597001567076352_n.jpg 960w, https:\/\/urbeamea.ro\/albaiulia\/wp-content\/uploads\/2019\/07\/67032708_1264174007090253_4516597001567076352_n-150x100.jpg 150w, https:\/\/urbeamea.ro\/albaiulia\/wp-content\/uploads\/2019\/07\/67032708_1264174007090253_4516597001567076352_n-640x427.jpg 640w, https:\/\/urbeamea.ro\/albaiulia\/wp-content\/uploads\/2019\/07\/67032708_1264174007090253_4516597001567076352_n-768x512.jpg 768w\" sizes=\"auto, (max-width: 960px) 100vw, 960px\" \/><\/figure><\/li><li class=\"blocks-gallery-item\"><figure><img loading=\"lazy\" decoding=\"async\" width=\"960\" height=\"640\" src=\"https:\/\/urbeamea.ro\/albaiulia\/wp-content\/uploads\/2019\/07\/67145544_1264173600423627_1289781444947738624_n.jpg\" alt=\"\" data-id=\"80228\" data-link=\"https:\/\/urbeamea.ro\/albaiulia\/?attachment_id=80228\" class=\"wp-image-80228\" srcset=\"https:\/\/urbeamea.ro\/albaiulia\/wp-content\/uploads\/2019\/07\/67145544_1264173600423627_1289781444947738624_n.jpg 960w, https:\/\/urbeamea.ro\/albaiulia\/wp-content\/uploads\/2019\/07\/67145544_1264173600423627_1289781444947738624_n-150x100.jpg 150w, https:\/\/urbeamea.ro\/albaiulia\/wp-content\/uploads\/2019\/07\/67145544_1264173600423627_1289781444947738624_n-640x427.jpg 640w, https:\/\/urbeamea.ro\/albaiulia\/wp-content\/uploads\/2019\/07\/67145544_1264173600423627_1289781444947738624_n-768x512.jpg 768w\" sizes=\"auto, (max-width: 960px) 100vw, 960px\" \/><\/figure><\/li><li class=\"blocks-gallery-item\"><figure><img loading=\"lazy\" decoding=\"async\" width=\"640\" height=\"960\" src=\"https:\/\/urbeamea.ro\/albaiulia\/wp-content\/uploads\/2019\/07\/67163539_1264173613756959_6339848066538930176_n.jpg\" alt=\"\" data-id=\"80229\" data-link=\"https:\/\/urbeamea.ro\/albaiulia\/?attachment_id=80229\" class=\"wp-image-80229\" srcset=\"https:\/\/urbeamea.ro\/albaiulia\/wp-content\/uploads\/2019\/07\/67163539_1264173613756959_6339848066538930176_n.jpg 640w, https:\/\/urbeamea.ro\/albaiulia\/wp-content\/uploads\/2019\/07\/67163539_1264173613756959_6339848066538930176_n-100x150.jpg 100w, https:\/\/urbeamea.ro\/albaiulia\/wp-content\/uploads\/2019\/07\/67163539_1264173613756959_6339848066538930176_n-427x640.jpg 427w\" sizes=\"auto, (max-width: 640px) 100vw, 640px\" \/><\/figure><\/li><li class=\"blocks-gallery-item\"><figure><img loading=\"lazy\" decoding=\"async\" width=\"960\" height=\"640\" src=\"https:\/\/urbeamea.ro\/albaiulia\/wp-content\/uploads\/2019\/07\/67181573_1264173917090262_5987551200831078400_n.jpg\" alt=\"\" data-id=\"80230\" data-link=\"https:\/\/urbeamea.ro\/albaiulia\/?attachment_id=80230\" class=\"wp-image-80230\" srcset=\"https:\/\/urbeamea.ro\/albaiulia\/wp-content\/uploads\/2019\/07\/67181573_1264173917090262_5987551200831078400_n.jpg 960w, https:\/\/urbeamea.ro\/albaiulia\/wp-content\/uploads\/2019\/07\/67181573_1264173917090262_5987551200831078400_n-150x100.jpg 150w, https:\/\/urbeamea.ro\/albaiulia\/wp-content\/uploads\/2019\/07\/67181573_1264173917090262_5987551200831078400_n-640x427.jpg 640w, https:\/\/urbeamea.ro\/albaiulia\/wp-content\/uploads\/2019\/07\/67181573_1264173917090262_5987551200831078400_n-768x512.jpg 768w\" sizes=\"auto, (max-width: 960px) 100vw, 960px\" \/><\/figure><\/li><li class=\"blocks-gallery-item\"><figure><img loading=\"lazy\" decoding=\"async\" width=\"960\" height=\"640\" src=\"https:\/\/urbeamea.ro\/albaiulia\/wp-content\/uploads\/2019\/07\/67238103_1264174013756919_8321823547764768768_n.jpg\" alt=\"\" data-id=\"80231\" data-link=\"https:\/\/urbeamea.ro\/albaiulia\/?attachment_id=80231\" class=\"wp-image-80231\" srcset=\"https:\/\/urbeamea.ro\/albaiulia\/wp-content\/uploads\/2019\/07\/67238103_1264174013756919_8321823547764768768_n.jpg 960w, https:\/\/urbeamea.ro\/albaiulia\/wp-content\/uploads\/2019\/07\/67238103_1264174013756919_8321823547764768768_n-150x100.jpg 150w, https:\/\/urbeamea.ro\/albaiulia\/wp-content\/uploads\/2019\/07\/67238103_1264174013756919_8321823547764768768_n-640x427.jpg 640w, https:\/\/urbeamea.ro\/albaiulia\/wp-content\/uploads\/2019\/07\/67238103_1264174013756919_8321823547764768768_n-768x512.jpg 768w\" sizes=\"auto, (max-width: 960px) 100vw, 960px\" \/><\/figure><\/li><li class=\"blocks-gallery-item\"><figure><img loading=\"lazy\" decoding=\"async\" width=\"960\" height=\"640\" src=\"https:\/\/urbeamea.ro\/albaiulia\/wp-content\/uploads\/2019\/07\/67315680_1264173837090270_7574519480441634816_n.jpg\" alt=\"\" data-id=\"80232\" data-link=\"https:\/\/urbeamea.ro\/albaiulia\/?attachment_id=80232\" class=\"wp-image-80232\" srcset=\"https:\/\/urbeamea.ro\/albaiulia\/wp-content\/uploads\/2019\/07\/67315680_1264173837090270_7574519480441634816_n.jpg 960w, https:\/\/urbeamea.ro\/albaiulia\/wp-content\/uploads\/2019\/07\/67315680_1264173837090270_7574519480441634816_n-150x100.jpg 150w, https:\/\/urbeamea.ro\/albaiulia\/wp-content\/uploads\/2019\/07\/67315680_1264173837090270_7574519480441634816_n-640x427.jpg 640w, https:\/\/urbeamea.ro\/albaiulia\/wp-content\/uploads\/2019\/07\/67315680_1264173837090270_7574519480441634816_n-768x512.jpg 768w\" sizes=\"auto, (max-width: 960px) 100vw, 960px\" \/><\/figure><\/li><li class=\"blocks-gallery-item\"><figure><img loading=\"lazy\" decoding=\"async\" width=\"960\" height=\"640\" src=\"https:\/\/urbeamea.ro\/albaiulia\/wp-content\/uploads\/2019\/07\/67328562_1264173853756935_3661546438308921344_n.jpg\" alt=\"\" data-id=\"80233\" data-link=\"https:\/\/urbeamea.ro\/albaiulia\/?attachment_id=80233\" class=\"wp-image-80233\" srcset=\"https:\/\/urbeamea.ro\/albaiulia\/wp-content\/uploads\/2019\/07\/67328562_1264173853756935_3661546438308921344_n.jpg 960w, https:\/\/urbeamea.ro\/albaiulia\/wp-content\/uploads\/2019\/07\/67328562_1264173853756935_3661546438308921344_n-150x100.jpg 150w, https:\/\/urbeamea.ro\/albaiulia\/wp-content\/uploads\/2019\/07\/67328562_1264173853756935_3661546438308921344_n-640x427.jpg 640w, https:\/\/urbeamea.ro\/albaiulia\/wp-content\/uploads\/2019\/07\/67328562_1264173853756935_3661546438308921344_n-768x512.jpg 768w\" sizes=\"auto, (max-width: 960px) 100vw, 960px\" \/><\/figure><\/li><li class=\"blocks-gallery-item\"><figure><img loading=\"lazy\" decoding=\"async\" width=\"960\" height=\"640\" src=\"https:\/\/urbeamea.ro\/albaiulia\/wp-content\/uploads\/2019\/07\/67402766_1264173730423614_2840749188424138752_n.jpg\" alt=\"\" data-id=\"80234\" data-link=\"https:\/\/urbeamea.ro\/albaiulia\/?attachment_id=80234\" class=\"wp-image-80234\" srcset=\"https:\/\/urbeamea.ro\/albaiulia\/wp-content\/uploads\/2019\/07\/67402766_1264173730423614_2840749188424138752_n.jpg 960w, https:\/\/urbeamea.ro\/albaiulia\/wp-content\/uploads\/2019\/07\/67402766_1264173730423614_2840749188424138752_n-150x100.jpg 150w, https:\/\/urbeamea.ro\/albaiulia\/wp-content\/uploads\/2019\/07\/67402766_1264173730423614_2840749188424138752_n-640x427.jpg 640w, https:\/\/urbeamea.ro\/albaiulia\/wp-content\/uploads\/2019\/07\/67402766_1264173730423614_2840749188424138752_n-768x512.jpg 768w\" sizes=\"auto, (max-width: 960px) 100vw, 960px\" \/><\/figure><\/li><li class=\"blocks-gallery-item\"><figure><img loading=\"lazy\" decoding=\"async\" width=\"960\" height=\"620\" src=\"https:\/\/urbeamea.ro\/albaiulia\/wp-content\/uploads\/2019\/07\/67537993_1264173580423629_6338010928637804544_n.jpg\" alt=\"\" data-id=\"80235\" data-link=\"https:\/\/urbeamea.ro\/albaiulia\/?attachment_id=80235\" class=\"wp-image-80235\" srcset=\"https:\/\/urbeamea.ro\/albaiulia\/wp-content\/uploads\/2019\/07\/67537993_1264173580423629_6338010928637804544_n.jpg 960w, https:\/\/urbeamea.ro\/albaiulia\/wp-content\/uploads\/2019\/07\/67537993_1264173580423629_6338010928637804544_n-150x97.jpg 150w, https:\/\/urbeamea.ro\/albaiulia\/wp-content\/uploads\/2019\/07\/67537993_1264173580423629_6338010928637804544_n-640x413.jpg 640w, https:\/\/urbeamea.ro\/albaiulia\/wp-content\/uploads\/2019\/07\/67537993_1264173580423629_6338010928637804544_n-768x496.jpg 768w\" sizes=\"auto, (max-width: 960px) 100vw, 960px\" \/><\/figure><\/li><li class=\"blocks-gallery-item\"><figure><img loading=\"lazy\" decoding=\"async\" width=\"960\" height=\"640\" src=\"https:\/\/urbeamea.ro\/albaiulia\/wp-content\/uploads\/2019\/07\/67574935_1264173707090283_6937400999506083840_n.jpg\" alt=\"\" data-id=\"80236\" data-link=\"https:\/\/urbeamea.ro\/albaiulia\/?attachment_id=80236\" class=\"wp-image-80236\" srcset=\"https:\/\/urbeamea.ro\/albaiulia\/wp-content\/uploads\/2019\/07\/67574935_1264173707090283_6937400999506083840_n.jpg 960w, https:\/\/urbeamea.ro\/albaiulia\/wp-content\/uploads\/2019\/07\/67574935_1264173707090283_6937400999506083840_n-150x100.jpg 150w, https:\/\/urbeamea.ro\/albaiulia\/wp-content\/uploads\/2019\/07\/67574935_1264173707090283_6937400999506083840_n-640x427.jpg 640w, https:\/\/urbeamea.ro\/albaiulia\/wp-content\/uploads\/2019\/07\/67574935_1264173707090283_6937400999506083840_n-768x512.jpg 768w\" sizes=\"auto, (max-width: 960px) 100vw, 960px\" \/><\/figure><\/li><li class=\"blocks-gallery-item\"><figure><img loading=\"lazy\" decoding=\"async\" width=\"960\" height=\"640\" src=\"https:\/\/urbeamea.ro\/albaiulia\/wp-content\/uploads\/2019\/07\/67688108_1264173787090275_5546862022680903680_n.jpg\" alt=\"\" data-id=\"80237\" data-link=\"https:\/\/urbeamea.ro\/albaiulia\/?attachment_id=80237\" class=\"wp-image-80237\" srcset=\"https:\/\/urbeamea.ro\/albaiulia\/wp-content\/uploads\/2019\/07\/67688108_1264173787090275_5546862022680903680_n.jpg 960w, https:\/\/urbeamea.ro\/albaiulia\/wp-content\/uploads\/2019\/07\/67688108_1264173787090275_5546862022680903680_n-150x100.jpg 150w, https:\/\/urbeamea.ro\/albaiulia\/wp-content\/uploads\/2019\/07\/67688108_1264173787090275_5546862022680903680_n-640x427.jpg 640w, https:\/\/urbeamea.ro\/albaiulia\/wp-content\/uploads\/2019\/07\/67688108_1264173787090275_5546862022680903680_n-768x512.jpg 768w\" sizes=\"auto, (max-width: 960px) 100vw, 960px\" \/><\/figure><\/li><\/ul>\n","protected":false},"excerpt":{"rendered":"<p>\u00cen Colegiul Na\u0163ional Militar \u201eMihai Viteazul\u201d Alba Iulia au loc pe perioada vacan\u0163ei de var\u0103 ample lucr\u0103ri de reabilitare \u015fi modernizare \u00een cadrul mai multor pavilioane. Lucr\u0103rile executate sunt necesare pentru oferirea unor condi\u0163ii decente \u015fi civilizate de desf\u0103\u015furare a activit\u0103\u0163ii at\u00e2t elevilor c\u00e2t \u015fi personalului institu\u0163iei de \u00eenv\u0103\u0163\u0103m\u00e2nt militar.\u00a0 Una dintre lucr\u0103rile aflate \u00een &hellip;<\/p>\n","protected":false},"author":17,"featured_media":80235,"comment_status":"open","ping_status":"open","sticky":false,"template":"","format":"standard","meta":{"inline_featured_image":false,"footnotes":""},"categories":[2034],"tags":[31,937,18407,308,76],"class_list":["post-80226","post","type-post","status-publish","format-standard","has-post-thumbnail","hentry","category-social","tag-alba-iulia","tag-colegiul-national-militar-mihai-viteazul","tag-lucrari-de-reabilitare-si-modernizare","tag-stiri","tag-urbea-mea"],"yoast_head":"<!-- This site is optimized with the Yoast SEO plugin v27.4 - https:\/\/yoast.com\/product\/yoast-seo-wordpress\/ -->\n<title>FOTO: Ample lucr\u0103ri de reabilitare \u015fi modernizare la Colegiul Na\u021bional Militar \u201eMihai Viteazul\u201d Alba Iulia - Revista Urbea Mea - Revista de Alba<\/title>\n<meta name=\"description\" content=\"\u00cen Colegiul Na\u0163ional Militar \u201eMihai Viteazul\u201d Alba Iulia au loc pe perioada vacan\u0163ei de var\u0103 ample lucr\u0103ri de reabilitare \u015fi modernizare \u00een cadrul mai\" \/>\n<meta name=\"robots\" content=\"index, follow, max-snippet:-1, max-image-preview:large, max-video-preview:-1\" \/>\n<link rel=\"canonical\" href=\"https:\/\/urbeamea.ro\/albaiulia\/foto-ample-lucrari-de-reabilitare-si-modernizare-la-colegiul-national-militar-mihai-viteazul-alba-iulia\/\" \/>\n<meta name=\"twitter:card\" content=\"summary_large_image\" \/>\n<meta name=\"twitter:title\" content=\"FOTO: Ample lucr\u0103ri de reabilitare \u015fi modernizare la Colegiul Na\u021bional Militar \u201eMihai Viteazul\u201d Alba Iulia - Revista Urbea Mea - Revista de Alba\" \/>\n<meta name=\"twitter:description\" content=\"\u00cen Colegiul Na\u0163ional Militar \u201eMihai Viteazul\u201d Alba Iulia au loc pe perioada vacan\u0163ei de var\u0103 ample lucr\u0103ri de reabilitare \u015fi modernizare \u00een cadrul mai\" \/>\n<meta name=\"twitter:image\" content=\"https:\/\/urbeamea.ro\/albaiulia\/wp-content\/uploads\/2019\/07\/67537993_1264173580423629_6338010928637804544_n.jpg\" \/>\n<meta name=\"twitter:creator\" content=\"@urbeameaweb\" \/>\n<meta name=\"twitter:site\" content=\"@urbeameaweb\" \/>\n<script type=\"application\/ld+json\" class=\"yoast-schema-graph\">{\"@context\":\"https:\\\/\\\/schema.org\",\"@graph\":[{\"@type\":\"Article\",\"@id\":\"https:\\\/\\\/urbeamea.ro\\\/albaiulia\\\/foto-ample-lucrari-de-reabilitare-si-modernizare-la-colegiul-national-militar-mihai-viteazul-alba-iulia\\\/#article\",\"isPartOf\":{\"@id\":\"https:\\\/\\\/urbeamea.ro\\\/albaiulia\\\/foto-ample-lucrari-de-reabilitare-si-modernizare-la-colegiul-national-militar-mihai-viteazul-alba-iulia\\\/\"},\"author\":{\"name\":\"Cristina Ganga\",\"@id\":\"https:\\\/\\\/urbeamea.ro\\\/albaiulia\\\/#\\\/schema\\\/person\\\/9700d21fae21c4f038b0b56f4506264a\"},\"headline\":\"FOTO: Ample lucr\u0103ri de reabilitare \u015fi modernizare la Colegiul Na\u021bional Militar \u201eMihai Viteazul\u201d Alba Iulia\",\"datePublished\":\"2019-07-25T07:12:14+00:00\",\"dateModified\":\"2019-07-25T07:12:18+00:00\",\"mainEntityOfPage\":{\"@id\":\"https:\\\/\\\/urbeamea.ro\\\/albaiulia\\\/foto-ample-lucrari-de-reabilitare-si-modernizare-la-colegiul-national-militar-mihai-viteazul-alba-iulia\\\/\"},\"wordCount\":332,\"commentCount\":0,\"image\":{\"@id\":\"https:\\\/\\\/urbeamea.ro\\\/albaiulia\\\/foto-ample-lucrari-de-reabilitare-si-modernizare-la-colegiul-national-militar-mihai-viteazul-alba-iulia\\\/#primaryimage\"},\"thumbnailUrl\":\"https:\\\/\\\/urbeamea.ro\\\/albaiulia\\\/wp-content\\\/uploads\\\/2019\\\/07\\\/67537993_1264173580423629_6338010928637804544_n.jpg\",\"keywords\":[\"Alba Iulia\",\"colegiul national militar mihai viteazul\",\"lucrari de reabilitare si modernizare\",\"stiri\",\"Urbea Mea\"],\"articleSection\":[\"Social\"],\"inLanguage\":\"ro-RO\",\"potentialAction\":[{\"@type\":\"CommentAction\",\"name\":\"Comment\",\"target\":[\"https:\\\/\\\/urbeamea.ro\\\/albaiulia\\\/foto-ample-lucrari-de-reabilitare-si-modernizare-la-colegiul-national-militar-mihai-viteazul-alba-iulia\\\/#respond\"]}]},{\"@type\":\"WebPage\",\"@id\":\"https:\\\/\\\/urbeamea.ro\\\/albaiulia\\\/foto-ample-lucrari-de-reabilitare-si-modernizare-la-colegiul-national-militar-mihai-viteazul-alba-iulia\\\/\",\"url\":\"https:\\\/\\\/urbeamea.ro\\\/albaiulia\\\/foto-ample-lucrari-de-reabilitare-si-modernizare-la-colegiul-national-militar-mihai-viteazul-alba-iulia\\\/\",\"name\":\"FOTO: Ample lucr\u0103ri de reabilitare \u015fi modernizare la Colegiul Na\u021bional Militar \u201eMihai Viteazul\u201d Alba Iulia - Revista Urbea Mea - Revista de Alba\",\"isPartOf\":{\"@id\":\"https:\\\/\\\/urbeamea.ro\\\/albaiulia\\\/#website\"},\"primaryImageOfPage\":{\"@id\":\"https:\\\/\\\/urbeamea.ro\\\/albaiulia\\\/foto-ample-lucrari-de-reabilitare-si-modernizare-la-colegiul-national-militar-mihai-viteazul-alba-iulia\\\/#primaryimage\"},\"image\":{\"@id\":\"https:\\\/\\\/urbeamea.ro\\\/albaiulia\\\/foto-ample-lucrari-de-reabilitare-si-modernizare-la-colegiul-national-militar-mihai-viteazul-alba-iulia\\\/#primaryimage\"},\"thumbnailUrl\":\"https:\\\/\\\/urbeamea.ro\\\/albaiulia\\\/wp-content\\\/uploads\\\/2019\\\/07\\\/67537993_1264173580423629_6338010928637804544_n.jpg\",\"datePublished\":\"2019-07-25T07:12:14+00:00\",\"dateModified\":\"2019-07-25T07:12:18+00:00\",\"author\":{\"@id\":\"https:\\\/\\\/urbeamea.ro\\\/albaiulia\\\/#\\\/schema\\\/person\\\/9700d21fae21c4f038b0b56f4506264a\"},\"description\":\"\u00cen Colegiul Na\u0163ional Militar \u201eMihai Viteazul\u201d Alba Iulia au loc pe perioada vacan\u0163ei de var\u0103 ample lucr\u0103ri de reabilitare \u015fi modernizare \u00een cadrul mai\",\"breadcrumb\":{\"@id\":\"https:\\\/\\\/urbeamea.ro\\\/albaiulia\\\/foto-ample-lucrari-de-reabilitare-si-modernizare-la-colegiul-national-militar-mihai-viteazul-alba-iulia\\\/#breadcrumb\"},\"inLanguage\":\"ro-RO\",\"potentialAction\":[{\"@type\":\"ReadAction\",\"target\":[\"https:\\\/\\\/urbeamea.ro\\\/albaiulia\\\/foto-ample-lucrari-de-reabilitare-si-modernizare-la-colegiul-national-militar-mihai-viteazul-alba-iulia\\\/\"]}]},{\"@type\":\"ImageObject\",\"inLanguage\":\"ro-RO\",\"@id\":\"https:\\\/\\\/urbeamea.ro\\\/albaiulia\\\/foto-ample-lucrari-de-reabilitare-si-modernizare-la-colegiul-national-militar-mihai-viteazul-alba-iulia\\\/#primaryimage\",\"url\":\"https:\\\/\\\/urbeamea.ro\\\/albaiulia\\\/wp-content\\\/uploads\\\/2019\\\/07\\\/67537993_1264173580423629_6338010928637804544_n.jpg\",\"contentUrl\":\"https:\\\/\\\/urbeamea.ro\\\/albaiulia\\\/wp-content\\\/uploads\\\/2019\\\/07\\\/67537993_1264173580423629_6338010928637804544_n.jpg\",\"width\":960,\"height\":620},{\"@type\":\"BreadcrumbList\",\"@id\":\"https:\\\/\\\/urbeamea.ro\\\/albaiulia\\\/foto-ample-lucrari-de-reabilitare-si-modernizare-la-colegiul-national-militar-mihai-viteazul-alba-iulia\\\/#breadcrumb\",\"itemListElement\":[{\"@type\":\"ListItem\",\"position\":1,\"name\":\"Prima pagin\u0103\",\"item\":\"https:\\\/\\\/urbeamea.ro\\\/albaiulia\\\/\"},{\"@type\":\"ListItem\",\"position\":2,\"name\":\"FOTO: Ample lucr\u0103ri de reabilitare \u015fi modernizare la Colegiul Na\u021bional Militar \u201eMihai Viteazul\u201d Alba Iulia\"}]},{\"@type\":\"WebSite\",\"@id\":\"https:\\\/\\\/urbeamea.ro\\\/albaiulia\\\/#website\",\"url\":\"https:\\\/\\\/urbeamea.ro\\\/albaiulia\\\/\",\"name\":\"Revista Urbea Mea, Stiri urbane\",\"description\":\"Evenimente \u0219i \u0219tiri din Alba Iulia, Sebe\u0219, Aiud, Blaj\",\"potentialAction\":[{\"@type\":\"SearchAction\",\"target\":{\"@type\":\"EntryPoint\",\"urlTemplate\":\"https:\\\/\\\/urbeamea.ro\\\/albaiulia\\\/?s={search_term_string}\"},\"query-input\":{\"@type\":\"PropertyValueSpecification\",\"valueRequired\":true,\"valueName\":\"search_term_string\"}}],\"inLanguage\":\"ro-RO\"},{\"@type\":\"Person\",\"@id\":\"https:\\\/\\\/urbeamea.ro\\\/albaiulia\\\/#\\\/schema\\\/person\\\/9700d21fae21c4f038b0b56f4506264a\",\"name\":\"Cristina Ganga\",\"image\":{\"@type\":\"ImageObject\",\"inLanguage\":\"ro-RO\",\"@id\":\"https:\\\/\\\/secure.gravatar.com\\\/avatar\\\/5a67661041f057b4a8ccaf26f5a8e86e2689372006d01faf3dd9eeb10b654bb4?s=96&d=mm&r=g\",\"url\":\"https:\\\/\\\/secure.gravatar.com\\\/avatar\\\/5a67661041f057b4a8ccaf26f5a8e86e2689372006d01faf3dd9eeb10b654bb4?s=96&d=mm&r=g\",\"contentUrl\":\"https:\\\/\\\/secure.gravatar.com\\\/avatar\\\/5a67661041f057b4a8ccaf26f5a8e86e2689372006d01faf3dd9eeb10b654bb4?s=96&d=mm&r=g\",\"caption\":\"Cristina Ganga\"},\"description\":\"Jurnalist\",\"sameAs\":[\"https:\\\/\\\/www.facebook.com\\\/cristina.nicola.587\"],\"url\":\"https:\\\/\\\/urbeamea.ro\\\/albaiulia\\\/author\\\/cristina-nicola\\\/\"}]}<\/script>\n<!-- \/ Yoast SEO plugin. -->","yoast_head_json":{"title":"FOTO: Ample lucr\u0103ri de reabilitare \u015fi modernizare la Colegiul Na\u021bional Militar \u201eMihai Viteazul\u201d Alba Iulia - Revista Urbea Mea - Revista de Alba","description":"\u00cen Colegiul Na\u0163ional Militar \u201eMihai Viteazul\u201d Alba Iulia au loc pe perioada vacan\u0163ei de var\u0103 ample lucr\u0103ri de reabilitare \u015fi modernizare \u00een cadrul mai","robots":{"index":"index","follow":"follow","max-snippet":"max-snippet:-1","max-image-preview":"max-image-preview:large","max-video-preview":"max-video-preview:-1"},"canonical":"https:\/\/urbeamea.ro\/albaiulia\/foto-ample-lucrari-de-reabilitare-si-modernizare-la-colegiul-national-militar-mihai-viteazul-alba-iulia\/","twitter_card":"summary_large_image","twitter_title":"FOTO: Ample lucr\u0103ri de reabilitare \u015fi modernizare la Colegiul Na\u021bional Militar \u201eMihai Viteazul\u201d Alba Iulia - Revista Urbea Mea - Revista de Alba","twitter_description":"\u00cen Colegiul Na\u0163ional Militar \u201eMihai Viteazul\u201d Alba Iulia au loc pe perioada vacan\u0163ei de var\u0103 ample lucr\u0103ri de reabilitare \u015fi modernizare \u00een cadrul mai","twitter_image":"https:\/\/urbeamea.ro\/albaiulia\/wp-content\/uploads\/2019\/07\/67537993_1264173580423629_6338010928637804544_n.jpg","twitter_creator":"@urbeameaweb","twitter_site":"@urbeameaweb","schema":{"@context":"https:\/\/schema.org","@graph":[{"@type":"Article","@id":"https:\/\/urbeamea.ro\/albaiulia\/foto-ample-lucrari-de-reabilitare-si-modernizare-la-colegiul-national-militar-mihai-viteazul-alba-iulia\/#article","isPartOf":{"@id":"https:\/\/urbeamea.ro\/albaiulia\/foto-ample-lucrari-de-reabilitare-si-modernizare-la-colegiul-national-militar-mihai-viteazul-alba-iulia\/"},"author":{"name":"Cristina Ganga","@id":"https:\/\/urbeamea.ro\/albaiulia\/#\/schema\/person\/9700d21fae21c4f038b0b56f4506264a"},"headline":"FOTO: Ample lucr\u0103ri de reabilitare \u015fi modernizare la Colegiul Na\u021bional Militar \u201eMihai Viteazul\u201d Alba Iulia","datePublished":"2019-07-25T07:12:14+00:00","dateModified":"2019-07-25T07:12:18+00:00","mainEntityOfPage":{"@id":"https:\/\/urbeamea.ro\/albaiulia\/foto-ample-lucrari-de-reabilitare-si-modernizare-la-colegiul-national-militar-mihai-viteazul-alba-iulia\/"},"wordCount":332,"commentCount":0,"image":{"@id":"https:\/\/urbeamea.ro\/albaiulia\/foto-ample-lucrari-de-reabilitare-si-modernizare-la-colegiul-national-militar-mihai-viteazul-alba-iulia\/#primaryimage"},"thumbnailUrl":"https:\/\/urbeamea.ro\/albaiulia\/wp-content\/uploads\/2019\/07\/67537993_1264173580423629_6338010928637804544_n.jpg","keywords":["Alba Iulia","colegiul national militar mihai viteazul","lucrari de reabilitare si modernizare","stiri","Urbea Mea"],"articleSection":["Social"],"inLanguage":"ro-RO","potentialAction":[{"@type":"CommentAction","name":"Comment","target":["https:\/\/urbeamea.ro\/albaiulia\/foto-ample-lucrari-de-reabilitare-si-modernizare-la-colegiul-national-militar-mihai-viteazul-alba-iulia\/#respond"]}]},{"@type":"WebPage","@id":"https:\/\/urbeamea.ro\/albaiulia\/foto-ample-lucrari-de-reabilitare-si-modernizare-la-colegiul-national-militar-mihai-viteazul-alba-iulia\/","url":"https:\/\/urbeamea.ro\/albaiulia\/foto-ample-lucrari-de-reabilitare-si-modernizare-la-colegiul-national-militar-mihai-viteazul-alba-iulia\/","name":"FOTO: Ample lucr\u0103ri de reabilitare \u015fi modernizare la Colegiul Na\u021bional Militar \u201eMihai Viteazul\u201d Alba Iulia - Revista Urbea Mea - Revista de Alba","isPartOf":{"@id":"https:\/\/urbeamea.ro\/albaiulia\/#website"},"primaryImageOfPage":{"@id":"https:\/\/urbeamea.ro\/albaiulia\/foto-ample-lucrari-de-reabilitare-si-modernizare-la-colegiul-national-militar-mihai-viteazul-alba-iulia\/#primaryimage"},"image":{"@id":"https:\/\/urbeamea.ro\/albaiulia\/foto-ample-lucrari-de-reabilitare-si-modernizare-la-colegiul-national-militar-mihai-viteazul-alba-iulia\/#primaryimage"},"thumbnailUrl":"https:\/\/urbeamea.ro\/albaiulia\/wp-content\/uploads\/2019\/07\/67537993_1264173580423629_6338010928637804544_n.jpg","datePublished":"2019-07-25T07:12:14+00:00","dateModified":"2019-07-25T07:12:18+00:00","author":{"@id":"https:\/\/urbeamea.ro\/albaiulia\/#\/schema\/person\/9700d21fae21c4f038b0b56f4506264a"},"description":"\u00cen Colegiul Na\u0163ional Militar \u201eMihai Viteazul\u201d Alba Iulia au loc pe perioada vacan\u0163ei de var\u0103 ample lucr\u0103ri de reabilitare \u015fi modernizare \u00een cadrul mai","breadcrumb":{"@id":"https:\/\/urbeamea.ro\/albaiulia\/foto-ample-lucrari-de-reabilitare-si-modernizare-la-colegiul-national-militar-mihai-viteazul-alba-iulia\/#breadcrumb"},"inLanguage":"ro-RO","potentialAction":[{"@type":"ReadAction","target":["https:\/\/urbeamea.ro\/albaiulia\/foto-ample-lucrari-de-reabilitare-si-modernizare-la-colegiul-national-militar-mihai-viteazul-alba-iulia\/"]}]},{"@type":"ImageObject","inLanguage":"ro-RO","@id":"https:\/\/urbeamea.ro\/albaiulia\/foto-ample-lucrari-de-reabilitare-si-modernizare-la-colegiul-national-militar-mihai-viteazul-alba-iulia\/#primaryimage","url":"https:\/\/urbeamea.ro\/albaiulia\/wp-content\/uploads\/2019\/07\/67537993_1264173580423629_6338010928637804544_n.jpg","contentUrl":"https:\/\/urbeamea.ro\/albaiulia\/wp-content\/uploads\/2019\/07\/67537993_1264173580423629_6338010928637804544_n.jpg","width":960,"height":620},{"@type":"BreadcrumbList","@id":"https:\/\/urbeamea.ro\/albaiulia\/foto-ample-lucrari-de-reabilitare-si-modernizare-la-colegiul-national-militar-mihai-viteazul-alba-iulia\/#breadcrumb","itemListElement":[{"@type":"ListItem","position":1,"name":"Prima pagin\u0103","item":"https:\/\/urbeamea.ro\/albaiulia\/"},{"@type":"ListItem","position":2,"name":"FOTO: Ample lucr\u0103ri de reabilitare \u015fi modernizare la Colegiul Na\u021bional Militar \u201eMihai Viteazul\u201d Alba Iulia"}]},{"@type":"WebSite","@id":"https:\/\/urbeamea.ro\/albaiulia\/#website","url":"https:\/\/urbeamea.ro\/albaiulia\/","name":"Revista Urbea Mea, Stiri urbane","description":"Evenimente \u0219i \u0219tiri din Alba Iulia, Sebe\u0219, Aiud, Blaj","potentialAction":[{"@type":"SearchAction","target":{"@type":"EntryPoint","urlTemplate":"https:\/\/urbeamea.ro\/albaiulia\/?s={search_term_string}"},"query-input":{"@type":"PropertyValueSpecification","valueRequired":true,"valueName":"search_term_string"}}],"inLanguage":"ro-RO"},{"@type":"Person","@id":"https:\/\/urbeamea.ro\/albaiulia\/#\/schema\/person\/9700d21fae21c4f038b0b56f4506264a","name":"Cristina Ganga","image":{"@type":"ImageObject","inLanguage":"ro-RO","@id":"https:\/\/secure.gravatar.com\/avatar\/5a67661041f057b4a8ccaf26f5a8e86e2689372006d01faf3dd9eeb10b654bb4?s=96&d=mm&r=g","url":"https:\/\/secure.gravatar.com\/avatar\/5a67661041f057b4a8ccaf26f5a8e86e2689372006d01faf3dd9eeb10b654bb4?s=96&d=mm&r=g","contentUrl":"https:\/\/secure.gravatar.com\/avatar\/5a67661041f057b4a8ccaf26f5a8e86e2689372006d01faf3dd9eeb10b654bb4?s=96&d=mm&r=g","caption":"Cristina Ganga"},"description":"Jurnalist","sameAs":["https:\/\/www.facebook.com\/cristina.nicola.587"],"url":"https:\/\/urbeamea.ro\/albaiulia\/author\/cristina-nicola\/"}]}},"_links":{"self":[{"href":"https:\/\/urbeamea.ro\/albaiulia\/wp-json\/wp\/v2\/posts\/80226","targetHints":{"allow":["GET"]}}],"collection":[{"href":"https:\/\/urbeamea.ro\/albaiulia\/wp-json\/wp\/v2\/posts"}],"about":[{"href":"https:\/\/urbeamea.ro\/albaiulia\/wp-json\/wp\/v2\/types\/post"}],"author":[{"embeddable":true,"href":"https:\/\/urbeamea.ro\/albaiulia\/wp-json\/wp\/v2\/users\/17"}],"replies":[{"embeddable":true,"href":"https:\/\/urbeamea.ro\/albaiulia\/wp-json\/wp\/v2\/comments?post=80226"}],"version-history":[{"count":0,"href":"https:\/\/urbeamea.ro\/albaiulia\/wp-json\/wp\/v2\/posts\/80226\/revisions"}],"wp:featuredmedia":[{"embeddable":true,"href":"https:\/\/urbeamea.ro\/albaiulia\/wp-json\/wp\/v2\/media\/80235"}],"wp:attachment":[{"href":"https:\/\/urbeamea.ro\/albaiulia\/wp-json\/wp\/v2\/media?parent=80226"}],"wp:term":[{"taxonomy":"category","embeddable":true,"href":"https:\/\/urbeamea.ro\/albaiulia\/wp-json\/wp\/v2\/categories?post=80226"},{"taxonomy":"post_tag","embeddable":true,"href":"https:\/\/urbeamea.ro\/albaiulia\/wp-json\/wp\/v2\/tags?post=80226"}],"curies":[{"name":"wp","href":"https:\/\/api.w.org\/{rel}","templated":true}]}}