{"id":80457,"date":"2019-07-30T13:48:23","date_gmt":"2019-07-30T10:48:23","guid":{"rendered":"https:\/\/urbeamea.ro\/albaiulia\/?p=80457"},"modified":"2021-10-14T21:06:14","modified_gmt":"2021-10-14T18:06:14","slug":"joi-1-august-pasiune-si-noi-inceputuri-cu-hamace-si-clatite","status":"publish","type":"post","link":"https:\/\/urbeamea.ro\/albaiulia\/joi-1-august-pasiune-si-noi-inceputuri-cu-hamace-si-clatite\/","title":{"rendered":"JOI 1 august: Pasiune \u0219i noi \u00eenceputuri cu hamace \u0219i cl\u0103tite"},"content":{"rendered":"\n<p> Pasiune \u0219i noi \u00eenceputuri este tematica evenimentului care va avea loc la Gr\u0103dinescu Alba Iulia. Despre Gr\u0103dinescu Alba Iulia am mai scris <a rel=\"noreferrer noopener\" aria-label=\"aici (se deschide \u00eentr-o fil\u0103 nou\u0103)\" target=\"_blank\" href=\"https:\/\/urbeamea.ro\/albaiulia\/gradinescu-un-colt-din-natura-in-inima-cetatii\/\">aici<\/a>. Este un col\u021b de verde \u00een inima cet\u0103\u021bii, sau cea de a zecea gr\u0103din\u0103 urban\u0103 comunitar\u0103, din re\u021beaua Gr\u0103dinescu. <a rel=\"noreferrer noopener\" target=\"_blank\" href=\"http:\/\/www.gradinescu.ro\/?fbclid=IwAR1bbSMCef56gHf-XZzEbWKF4JClrLHEsu6F5kT-mAGiVycyKxCn-X7iV3Q\">www.gradinescu.ro<\/a> <\/p>\n\n\n\n<p>Joi 1 august 2019, de la ora 18.00, sunte\u021bi invita\u021bi \u00een Gr\u0103dina din Cetate ca s\u0103 lua\u021bi parte la o \u00eent\u00e2lnire unde tematica discu\u021biilor va fi pasiunea. \u00cen cercul de sear\u0103 se va discuta despre pasiune, cum o c\u0103ut\u0103m, cum o descoperim \u0219i cum ne influen\u021beaz\u0103 evolu\u021bia, toate acestea \u00eempreun\u0103 cu prieteni sau cu noi cuno\u0219tin\u021be.   <\/p>\n\n\n\n<p>Sunte\u021bi liberi s\u0103 veni\u021bi \u00eenso\u021biti de preteni \u0219i familie, s\u0103 v\u0103 bucura\u021bi de hamacele din gr\u0103din\u0103 \u0219i s\u0103 v\u0103 face\u021bi propria cl\u0103tit\u0103 pe loc. O dulcea\u021b\u0103 bun\u0103, de acas\u0103, va fi bine venit\u0103 pentru a savura cl\u0103titele \u0219i a face schimb de arome cu ceilal\u021bi. Limonada \u0219i ceaiul se vor face din plantele aromate din gr\u0103din\u0103. <\/p>\n\n\n\n<p>Intrarea la eveniment este liber\u0103, iar \u00eenscrierile se fac la   . Iar dac\u0103 dore\u0219ti s\u0103 dai o m\u00e2n\u0103 de ajutor sau s\u0103 afli mai multe despre eveniment, intr\u0103 pe pagina <a rel=\"noreferrer noopener\" target=\"_blank\" href=\"https:\/\/www.facebook.com\/GradinescuAlbaIulia\/\">Gr\u0103dinescu Alba Iulia<\/a> sau \u00eentreab\u0103 la tel 0730 561 066.<\/p>\n\n\n\n<p>Gr\u0103dinescu Alba Iulia se afl\u0103 la Caponiera din spatele Palatului Apor, cu intrare pe l\u00e2ng\u0103 Winner&#8217;s Club Talnar.<\/p>\n","protected":false},"excerpt":{"rendered":"<p>Pasiune \u0219i noi \u00eenceputuri este tematica evenimentului care va avea loc la Gr\u0103dinescu Alba Iulia. Despre Gr\u0103dinescu Alba Iulia am mai scris aici. Este un col\u021b de verde \u00een inima cet\u0103\u021bii, sau cea de a zecea gr\u0103din\u0103 urban\u0103 comunitar\u0103, din re\u021beaua Gr\u0103dinescu. www.gradinescu.ro Joi 1 august 2019, de la ora 18.00, sunte\u021bi invita\u021bi \u00een Gr\u0103dina &hellip;<\/p>\n","protected":false},"author":26,"featured_media":80459,"comment_status":"open","ping_status":"open","sticky":false,"template":"","format":"standard","meta":{"inline_featured_image":false,"footnotes":""},"categories":[4],"tags":[31,18208,76],"class_list":["post-80457","post","type-post","status-publish","format-standard","has-post-thumbnail","hentry","category-eveniment","tag-alba-iulia","tag-gradinescu-alba-iulia","tag-urbea-mea"],"yoast_head":"<!-- This site is optimized with the Yoast SEO plugin v27.4 - https:\/\/yoast.com\/product\/yoast-seo-wordpress\/ -->\n<title>JOI 1 august: Pasiune \u0219i noi \u00eenceputuri cu hamace \u0219i cl\u0103tite - Revista Urbea Mea - Revista de Alba<\/title>\n<meta name=\"description\" content=\"Pasiune \u0219i noi \u00eenceputuri este tematica evenimentului care va avea loc la Gr\u0103dinescu Alba Iulia. Despre Gr\u0103dinescu Alba Iulia am mai scris aici. Este un\" \/>\n<meta name=\"robots\" content=\"index, follow, max-snippet:-1, max-image-preview:large, max-video-preview:-1\" \/>\n<link rel=\"canonical\" href=\"https:\/\/urbeamea.ro\/albaiulia\/joi-1-august-pasiune-si-noi-inceputuri-cu-hamace-si-clatite\/\" \/>\n<meta name=\"twitter:card\" content=\"summary_large_image\" \/>\n<meta name=\"twitter:title\" content=\"JOI 1 august: Pasiune \u0219i noi \u00eenceputuri cu hamace \u0219i cl\u0103tite - Revista Urbea Mea - Revista de Alba\" \/>\n<meta name=\"twitter:description\" content=\"Pasiune \u0219i noi \u00eenceputuri este tematica evenimentului care va avea loc la Gr\u0103dinescu Alba Iulia. Despre Gr\u0103dinescu Alba Iulia am mai scris aici. Este un\" \/>\n<meta name=\"twitter:image\" content=\"https:\/\/urbeamea.ro\/albaiulia\/wp-content\/uploads\/2019\/07\/67292455_379766996068531_6382550435282026496_o.jpg\" \/>\n<meta name=\"twitter:creator\" content=\"@urbeameaweb\" \/>\n<meta name=\"twitter:site\" content=\"@urbeameaweb\" \/>\n<script type=\"application\/ld+json\" class=\"yoast-schema-graph\">{\"@context\":\"https:\\\/\\\/schema.org\",\"@graph\":[{\"@type\":\"Article\",\"@id\":\"https:\\\/\\\/urbeamea.ro\\\/albaiulia\\\/joi-1-august-pasiune-si-noi-inceputuri-cu-hamace-si-clatite\\\/#article\",\"isPartOf\":{\"@id\":\"https:\\\/\\\/urbeamea.ro\\\/albaiulia\\\/joi-1-august-pasiune-si-noi-inceputuri-cu-hamace-si-clatite\\\/\"},\"author\":{\"name\":\"Raluca Krisbai\",\"@id\":\"https:\\\/\\\/urbeamea.ro\\\/albaiulia\\\/#\\\/schema\\\/person\\\/9835621e3cb33b6c1253958b5c5fd38d\"},\"headline\":\"JOI 1 august: Pasiune \u0219i noi \u00eenceputuri cu hamace \u0219i cl\u0103tite\",\"datePublished\":\"2019-07-30T10:48:23+00:00\",\"dateModified\":\"2021-10-14T18:06:14+00:00\",\"mainEntityOfPage\":{\"@id\":\"https:\\\/\\\/urbeamea.ro\\\/albaiulia\\\/joi-1-august-pasiune-si-noi-inceputuri-cu-hamace-si-clatite\\\/\"},\"wordCount\":253,\"commentCount\":0,\"image\":{\"@id\":\"https:\\\/\\\/urbeamea.ro\\\/albaiulia\\\/joi-1-august-pasiune-si-noi-inceputuri-cu-hamace-si-clatite\\\/#primaryimage\"},\"thumbnailUrl\":\"https:\\\/\\\/urbeamea.ro\\\/albaiulia\\\/wp-content\\\/uploads\\\/2019\\\/07\\\/67292455_379766996068531_6382550435282026496_o.jpg\",\"keywords\":[\"Alba Iulia\",\"gradinescu alba iulia\",\"Urbea Mea\"],\"articleSection\":[\"Evenimente\"],\"inLanguage\":\"ro-RO\",\"potentialAction\":[{\"@type\":\"CommentAction\",\"name\":\"Comment\",\"target\":[\"https:\\\/\\\/urbeamea.ro\\\/albaiulia\\\/joi-1-august-pasiune-si-noi-inceputuri-cu-hamace-si-clatite\\\/#respond\"]}]},{\"@type\":\"WebPage\",\"@id\":\"https:\\\/\\\/urbeamea.ro\\\/albaiulia\\\/joi-1-august-pasiune-si-noi-inceputuri-cu-hamace-si-clatite\\\/\",\"url\":\"https:\\\/\\\/urbeamea.ro\\\/albaiulia\\\/joi-1-august-pasiune-si-noi-inceputuri-cu-hamace-si-clatite\\\/\",\"name\":\"JOI 1 august: Pasiune \u0219i noi \u00eenceputuri cu hamace \u0219i cl\u0103tite - Revista Urbea Mea - Revista de Alba\",\"isPartOf\":{\"@id\":\"https:\\\/\\\/urbeamea.ro\\\/albaiulia\\\/#website\"},\"primaryImageOfPage\":{\"@id\":\"https:\\\/\\\/urbeamea.ro\\\/albaiulia\\\/joi-1-august-pasiune-si-noi-inceputuri-cu-hamace-si-clatite\\\/#primaryimage\"},\"image\":{\"@id\":\"https:\\\/\\\/urbeamea.ro\\\/albaiulia\\\/joi-1-august-pasiune-si-noi-inceputuri-cu-hamace-si-clatite\\\/#primaryimage\"},\"thumbnailUrl\":\"https:\\\/\\\/urbeamea.ro\\\/albaiulia\\\/wp-content\\\/uploads\\\/2019\\\/07\\\/67292455_379766996068531_6382550435282026496_o.jpg\",\"datePublished\":\"2019-07-30T10:48:23+00:00\",\"dateModified\":\"2021-10-14T18:06:14+00:00\",\"author\":{\"@id\":\"https:\\\/\\\/urbeamea.ro\\\/albaiulia\\\/#\\\/schema\\\/person\\\/9835621e3cb33b6c1253958b5c5fd38d\"},\"description\":\"Pasiune \u0219i noi \u00eenceputuri este tematica evenimentului care va avea loc la Gr\u0103dinescu Alba Iulia. Despre Gr\u0103dinescu Alba Iulia am mai scris aici. Este un\",\"breadcrumb\":{\"@id\":\"https:\\\/\\\/urbeamea.ro\\\/albaiulia\\\/joi-1-august-pasiune-si-noi-inceputuri-cu-hamace-si-clatite\\\/#breadcrumb\"},\"inLanguage\":\"ro-RO\",\"potentialAction\":[{\"@type\":\"ReadAction\",\"target\":[\"https:\\\/\\\/urbeamea.ro\\\/albaiulia\\\/joi-1-august-pasiune-si-noi-inceputuri-cu-hamace-si-clatite\\\/\"]}]},{\"@type\":\"ImageObject\",\"inLanguage\":\"ro-RO\",\"@id\":\"https:\\\/\\\/urbeamea.ro\\\/albaiulia\\\/joi-1-august-pasiune-si-noi-inceputuri-cu-hamace-si-clatite\\\/#primaryimage\",\"url\":\"https:\\\/\\\/urbeamea.ro\\\/albaiulia\\\/wp-content\\\/uploads\\\/2019\\\/07\\\/67292455_379766996068531_6382550435282026496_o.jpg\",\"contentUrl\":\"https:\\\/\\\/urbeamea.ro\\\/albaiulia\\\/wp-content\\\/uploads\\\/2019\\\/07\\\/67292455_379766996068531_6382550435282026496_o.jpg\",\"width\":1200,\"height\":628},{\"@type\":\"BreadcrumbList\",\"@id\":\"https:\\\/\\\/urbeamea.ro\\\/albaiulia\\\/joi-1-august-pasiune-si-noi-inceputuri-cu-hamace-si-clatite\\\/#breadcrumb\",\"itemListElement\":[{\"@type\":\"ListItem\",\"position\":1,\"name\":\"Prima pagin\u0103\",\"item\":\"https:\\\/\\\/urbeamea.ro\\\/albaiulia\\\/\"},{\"@type\":\"ListItem\",\"position\":2,\"name\":\"JOI 1 august: Pasiune \u0219i noi \u00eenceputuri cu hamace \u0219i cl\u0103tite\"}]},{\"@type\":\"WebSite\",\"@id\":\"https:\\\/\\\/urbeamea.ro\\\/albaiulia\\\/#website\",\"url\":\"https:\\\/\\\/urbeamea.ro\\\/albaiulia\\\/\",\"name\":\"Revista Urbea Mea, Stiri urbane\",\"description\":\"Evenimente \u0219i \u0219tiri din Alba Iulia, Sebe\u0219, Aiud, Blaj\",\"potentialAction\":[{\"@type\":\"SearchAction\",\"target\":{\"@type\":\"EntryPoint\",\"urlTemplate\":\"https:\\\/\\\/urbeamea.ro\\\/albaiulia\\\/?s={search_term_string}\"},\"query-input\":{\"@type\":\"PropertyValueSpecification\",\"valueRequired\":true,\"valueName\":\"search_term_string\"}}],\"inLanguage\":\"ro-RO\"},{\"@type\":\"Person\",\"@id\":\"https:\\\/\\\/urbeamea.ro\\\/albaiulia\\\/#\\\/schema\\\/person\\\/9835621e3cb33b6c1253958b5c5fd38d\",\"name\":\"Raluca Krisbai\",\"image\":{\"@type\":\"ImageObject\",\"inLanguage\":\"ro-RO\",\"@id\":\"https:\\\/\\\/secure.gravatar.com\\\/avatar\\\/90b7a537a346c034a8bf27f74a4a88eb14594327622a99e7c0a816e2a5e7ed5e?s=96&d=mm&r=g\",\"url\":\"https:\\\/\\\/secure.gravatar.com\\\/avatar\\\/90b7a537a346c034a8bf27f74a4a88eb14594327622a99e7c0a816e2a5e7ed5e?s=96&d=mm&r=g\",\"contentUrl\":\"https:\\\/\\\/secure.gravatar.com\\\/avatar\\\/90b7a537a346c034a8bf27f74a4a88eb14594327622a99e7c0a816e2a5e7ed5e?s=96&d=mm&r=g\",\"caption\":\"Raluca Krisbai\"},\"sameAs\":[\"https:\\\/\\\/www.urbeamea.ro\"],\"url\":\"https:\\\/\\\/urbeamea.ro\\\/albaiulia\\\/author\\\/raluca-krisbai\\\/\"}]}<\/script>\n<!-- \/ Yoast SEO plugin. -->","yoast_head_json":{"title":"JOI 1 august: Pasiune \u0219i noi \u00eenceputuri cu hamace \u0219i cl\u0103tite - Revista Urbea Mea - Revista de Alba","description":"Pasiune \u0219i noi \u00eenceputuri este tematica evenimentului care va avea loc la Gr\u0103dinescu Alba Iulia. Despre Gr\u0103dinescu Alba Iulia am mai scris aici. Este un","robots":{"index":"index","follow":"follow","max-snippet":"max-snippet:-1","max-image-preview":"max-image-preview:large","max-video-preview":"max-video-preview:-1"},"canonical":"https:\/\/urbeamea.ro\/albaiulia\/joi-1-august-pasiune-si-noi-inceputuri-cu-hamace-si-clatite\/","twitter_card":"summary_large_image","twitter_title":"JOI 1 august: Pasiune \u0219i noi \u00eenceputuri cu hamace \u0219i cl\u0103tite - Revista Urbea Mea - Revista de Alba","twitter_description":"Pasiune \u0219i noi \u00eenceputuri este tematica evenimentului care va avea loc la Gr\u0103dinescu Alba Iulia. Despre Gr\u0103dinescu Alba Iulia am mai scris aici. Este un","twitter_image":"https:\/\/urbeamea.ro\/albaiulia\/wp-content\/uploads\/2019\/07\/67292455_379766996068531_6382550435282026496_o.jpg","twitter_creator":"@urbeameaweb","twitter_site":"@urbeameaweb","schema":{"@context":"https:\/\/schema.org","@graph":[{"@type":"Article","@id":"https:\/\/urbeamea.ro\/albaiulia\/joi-1-august-pasiune-si-noi-inceputuri-cu-hamace-si-clatite\/#article","isPartOf":{"@id":"https:\/\/urbeamea.ro\/albaiulia\/joi-1-august-pasiune-si-noi-inceputuri-cu-hamace-si-clatite\/"},"author":{"name":"Raluca Krisbai","@id":"https:\/\/urbeamea.ro\/albaiulia\/#\/schema\/person\/9835621e3cb33b6c1253958b5c5fd38d"},"headline":"JOI 1 august: Pasiune \u0219i noi \u00eenceputuri cu hamace \u0219i cl\u0103tite","datePublished":"2019-07-30T10:48:23+00:00","dateModified":"2021-10-14T18:06:14+00:00","mainEntityOfPage":{"@id":"https:\/\/urbeamea.ro\/albaiulia\/joi-1-august-pasiune-si-noi-inceputuri-cu-hamace-si-clatite\/"},"wordCount":253,"commentCount":0,"image":{"@id":"https:\/\/urbeamea.ro\/albaiulia\/joi-1-august-pasiune-si-noi-inceputuri-cu-hamace-si-clatite\/#primaryimage"},"thumbnailUrl":"https:\/\/urbeamea.ro\/albaiulia\/wp-content\/uploads\/2019\/07\/67292455_379766996068531_6382550435282026496_o.jpg","keywords":["Alba Iulia","gradinescu alba iulia","Urbea Mea"],"articleSection":["Evenimente"],"inLanguage":"ro-RO","potentialAction":[{"@type":"CommentAction","name":"Comment","target":["https:\/\/urbeamea.ro\/albaiulia\/joi-1-august-pasiune-si-noi-inceputuri-cu-hamace-si-clatite\/#respond"]}]},{"@type":"WebPage","@id":"https:\/\/urbeamea.ro\/albaiulia\/joi-1-august-pasiune-si-noi-inceputuri-cu-hamace-si-clatite\/","url":"https:\/\/urbeamea.ro\/albaiulia\/joi-1-august-pasiune-si-noi-inceputuri-cu-hamace-si-clatite\/","name":"JOI 1 august: Pasiune \u0219i noi \u00eenceputuri cu hamace \u0219i cl\u0103tite - Revista Urbea Mea - Revista de Alba","isPartOf":{"@id":"https:\/\/urbeamea.ro\/albaiulia\/#website"},"primaryImageOfPage":{"@id":"https:\/\/urbeamea.ro\/albaiulia\/joi-1-august-pasiune-si-noi-inceputuri-cu-hamace-si-clatite\/#primaryimage"},"image":{"@id":"https:\/\/urbeamea.ro\/albaiulia\/joi-1-august-pasiune-si-noi-inceputuri-cu-hamace-si-clatite\/#primaryimage"},"thumbnailUrl":"https:\/\/urbeamea.ro\/albaiulia\/wp-content\/uploads\/2019\/07\/67292455_379766996068531_6382550435282026496_o.jpg","datePublished":"2019-07-30T10:48:23+00:00","dateModified":"2021-10-14T18:06:14+00:00","author":{"@id":"https:\/\/urbeamea.ro\/albaiulia\/#\/schema\/person\/9835621e3cb33b6c1253958b5c5fd38d"},"description":"Pasiune \u0219i noi \u00eenceputuri este tematica evenimentului care va avea loc la Gr\u0103dinescu Alba Iulia. Despre Gr\u0103dinescu Alba Iulia am mai scris aici. Este un","breadcrumb":{"@id":"https:\/\/urbeamea.ro\/albaiulia\/joi-1-august-pasiune-si-noi-inceputuri-cu-hamace-si-clatite\/#breadcrumb"},"inLanguage":"ro-RO","potentialAction":[{"@type":"ReadAction","target":["https:\/\/urbeamea.ro\/albaiulia\/joi-1-august-pasiune-si-noi-inceputuri-cu-hamace-si-clatite\/"]}]},{"@type":"ImageObject","inLanguage":"ro-RO","@id":"https:\/\/urbeamea.ro\/albaiulia\/joi-1-august-pasiune-si-noi-inceputuri-cu-hamace-si-clatite\/#primaryimage","url":"https:\/\/urbeamea.ro\/albaiulia\/wp-content\/uploads\/2019\/07\/67292455_379766996068531_6382550435282026496_o.jpg","contentUrl":"https:\/\/urbeamea.ro\/albaiulia\/wp-content\/uploads\/2019\/07\/67292455_379766996068531_6382550435282026496_o.jpg","width":1200,"height":628},{"@type":"BreadcrumbList","@id":"https:\/\/urbeamea.ro\/albaiulia\/joi-1-august-pasiune-si-noi-inceputuri-cu-hamace-si-clatite\/#breadcrumb","itemListElement":[{"@type":"ListItem","position":1,"name":"Prima pagin\u0103","item":"https:\/\/urbeamea.ro\/albaiulia\/"},{"@type":"ListItem","position":2,"name":"JOI 1 august: Pasiune \u0219i noi \u00eenceputuri cu hamace \u0219i cl\u0103tite"}]},{"@type":"WebSite","@id":"https:\/\/urbeamea.ro\/albaiulia\/#website","url":"https:\/\/urbeamea.ro\/albaiulia\/","name":"Revista Urbea Mea, Stiri urbane","description":"Evenimente \u0219i \u0219tiri din Alba Iulia, Sebe\u0219, Aiud, Blaj","potentialAction":[{"@type":"SearchAction","target":{"@type":"EntryPoint","urlTemplate":"https:\/\/urbeamea.ro\/albaiulia\/?s={search_term_string}"},"query-input":{"@type":"PropertyValueSpecification","valueRequired":true,"valueName":"search_term_string"}}],"inLanguage":"ro-RO"},{"@type":"Person","@id":"https:\/\/urbeamea.ro\/albaiulia\/#\/schema\/person\/9835621e3cb33b6c1253958b5c5fd38d","name":"Raluca Krisbai","image":{"@type":"ImageObject","inLanguage":"ro-RO","@id":"https:\/\/secure.gravatar.com\/avatar\/90b7a537a346c034a8bf27f74a4a88eb14594327622a99e7c0a816e2a5e7ed5e?s=96&d=mm&r=g","url":"https:\/\/secure.gravatar.com\/avatar\/90b7a537a346c034a8bf27f74a4a88eb14594327622a99e7c0a816e2a5e7ed5e?s=96&d=mm&r=g","contentUrl":"https:\/\/secure.gravatar.com\/avatar\/90b7a537a346c034a8bf27f74a4a88eb14594327622a99e7c0a816e2a5e7ed5e?s=96&d=mm&r=g","caption":"Raluca Krisbai"},"sameAs":["https:\/\/www.urbeamea.ro"],"url":"https:\/\/urbeamea.ro\/albaiulia\/author\/raluca-krisbai\/"}]}},"_links":{"self":[{"href":"https:\/\/urbeamea.ro\/albaiulia\/wp-json\/wp\/v2\/posts\/80457","targetHints":{"allow":["GET"]}}],"collection":[{"href":"https:\/\/urbeamea.ro\/albaiulia\/wp-json\/wp\/v2\/posts"}],"about":[{"href":"https:\/\/urbeamea.ro\/albaiulia\/wp-json\/wp\/v2\/types\/post"}],"author":[{"embeddable":true,"href":"https:\/\/urbeamea.ro\/albaiulia\/wp-json\/wp\/v2\/users\/26"}],"replies":[{"embeddable":true,"href":"https:\/\/urbeamea.ro\/albaiulia\/wp-json\/wp\/v2\/comments?post=80457"}],"version-history":[{"count":1,"href":"https:\/\/urbeamea.ro\/albaiulia\/wp-json\/wp\/v2\/posts\/80457\/revisions"}],"predecessor-version":[{"id":98512,"href":"https:\/\/urbeamea.ro\/albaiulia\/wp-json\/wp\/v2\/posts\/80457\/revisions\/98512"}],"wp:featuredmedia":[{"embeddable":true,"href":"https:\/\/urbeamea.ro\/albaiulia\/wp-json\/wp\/v2\/media\/80459"}],"wp:attachment":[{"href":"https:\/\/urbeamea.ro\/albaiulia\/wp-json\/wp\/v2\/media?parent=80457"}],"wp:term":[{"taxonomy":"category","embeddable":true,"href":"https:\/\/urbeamea.ro\/albaiulia\/wp-json\/wp\/v2\/categories?post=80457"},{"taxonomy":"post_tag","embeddable":true,"href":"https:\/\/urbeamea.ro\/albaiulia\/wp-json\/wp\/v2\/tags?post=80457"}],"curies":[{"name":"wp","href":"https:\/\/api.w.org\/{rel}","templated":true}]}}