{"id":80889,"date":"2019-08-05T19:17:00","date_gmt":"2019-08-05T16:17:00","guid":{"rendered":"https:\/\/urbeamea.ro\/albaiulia\/?p=80889"},"modified":"2019-08-05T19:17:02","modified_gmt":"2019-08-05T16:17:02","slug":"foto-aparat-pentru-monitorizarea-functiilor-vitale-donat-spitalului-judetean-de-urgenta-alba-iulia-de-camera-executorilor-judecatoresti-si-asociatia-s-a-h-2013","status":"publish","type":"post","link":"https:\/\/urbeamea.ro\/albaiulia\/foto-aparat-pentru-monitorizarea-functiilor-vitale-donat-spitalului-judetean-de-urgenta-alba-iulia-de-camera-executorilor-judecatoresti-si-asociatia-s-a-h-2013\/","title":{"rendered":"FOTO: Aparat pentru monitorizarea func\u021biilor vitale, donat Spitalului Jude\u021bean de Urgen\u021b\u0103 Alba Iulia de Camera Executorilor Judec\u0103tore\u0219ti \u0219i Asocia\u021bia S.A.H. 2013"},"content":{"rendered":"\n<p><strong>Spitalul Jude\u021bean de Urgen\u021b\u0103 Alba Iulia a primit, luni, o dona\u021bie din partea Camerei Executorilor Judec\u0103tore\u0219ti de pe l\u00e2ng\u0103 Curtea de Apel Alba Iulia \u0219i Asocia\u021biei S.A.H. 2013. Este vorba despre un echipament medical de ultim\u0103 genera\u021bie, pentru monitorizarea func\u021biilor vitale. Aparatul, \u00een valoare de aproximativ 6.000 de euro, va fi montat \u00een cadrul sec\u021biei de Pediatrie a spitalului.<\/strong><\/p>\n\n\n\n<p>Prin dona\u021bia f\u0103cut\u0103, Camera Executorilor Judec\u0103tore\u0219ti, de pe raza jude\u021belor Alba, Sibiu \u0219i Hunedoara, \u00eempreun\u0103 cu Asocia\u021bia S.A.H. 2013, au contribuit la dotarea sec\u021biei, \u0219i, implicit, la salvarea \u0219i \u00eengrijirea la nivel \u00eenalt a micilor pacien\u021bi cu afec\u021biuni care necesit\u0103 monitorizare continu\u0103.<\/p>\n\n\n\n<p>Aceste dispozitive medicale m\u0103soar\u0103 func\u021biile de baz\u0103 ale corpului uman \u0219i sunt primele care dau alarma \u00een cazul detect\u0103rii unei modific\u0103ri \u00een starea unui copil bolnav. Astfel, se sub\u00een\u021belege necesitatea \u0219i \u00eenlocuirea lor cu cele de \u00eenalt\u0103 performan\u021b\u0103.<\/p>\n\n\n\n<p>Echipamentul medical, ce const\u0103 \u00eentr-un monitor ale func\u021biilor vitale ecran 12, Tip B125, \u00een valoare de 26.742 lei cu TVA \u0219i o mas\u0103 pentru aparate, \u00een sum\u0103 de 634 lei, a fost primit cu recuno\u0219tin\u021b\u0103 de c\u0103tre \u00eentreaga echip\u0103 medical\u0103 a sec\u021biei de Pediatrie. &nbsp;<\/p>\n\n\n\n<p><em>Biroul de pres\u0103 al SJU Alba Iulia<\/em><\/p>\n\n\n\n<figure class=\"wp-block-image\"><img loading=\"lazy\" decoding=\"async\" width=\"960\" height=\"640\" src=\"https:\/\/urbeamea.ro\/albaiulia\/wp-content\/uploads\/2019\/08\/echipament-pentru-Pediatrie.jpg\" alt=\"\" class=\"wp-image-80890\" srcset=\"https:\/\/urbeamea.ro\/albaiulia\/wp-content\/uploads\/2019\/08\/echipament-pentru-Pediatrie.jpg 960w, https:\/\/urbeamea.ro\/albaiulia\/wp-content\/uploads\/2019\/08\/echipament-pentru-Pediatrie-150x100.jpg 150w, https:\/\/urbeamea.ro\/albaiulia\/wp-content\/uploads\/2019\/08\/echipament-pentru-Pediatrie-640x427.jpg 640w, https:\/\/urbeamea.ro\/albaiulia\/wp-content\/uploads\/2019\/08\/echipament-pentru-Pediatrie-768x512.jpg 768w\" sizes=\"auto, (max-width: 960px) 100vw, 960px\" \/><\/figure>\n","protected":false},"excerpt":{"rendered":"<p>Spitalul Jude\u021bean de Urgen\u021b\u0103 Alba Iulia a primit, luni, o dona\u021bie din partea Camerei Executorilor Judec\u0103tore\u0219ti de pe l\u00e2ng\u0103 Curtea de Apel Alba Iulia \u0219i Asocia\u021biei S.A.H. 2013. Este vorba despre un echipament medical de ultim\u0103 genera\u021bie, pentru monitorizarea func\u021biilor vitale. Aparatul, \u00een valoare de aproximativ 6.000 de euro, va fi montat \u00een cadrul sec\u021biei &hellip;<\/p>\n","protected":false},"author":17,"featured_media":80891,"comment_status":"open","ping_status":"open","sticky":false,"template":"","format":"standard","meta":{"inline_featured_image":false,"footnotes":""},"categories":[2034],"tags":[18468,18467,7649,18466,308,76],"class_list":["post-80889","post","type-post","status-publish","format-standard","has-post-thumbnail","hentry","category-social","tag-aparat-pentru-monitorizarea-functiilor-vitale","tag-camera-executorilor-judecatoresti-si-asociatia-s-a-h-2013","tag-donatie","tag-spitalul-judtean-de-urgenta-alba-iulia","tag-stiri","tag-urbea-mea"],"yoast_head":"<!-- This site is optimized with the Yoast SEO plugin v27.4 - https:\/\/yoast.com\/product\/yoast-seo-wordpress\/ -->\n<title>FOTO: Aparat pentru monitorizarea func\u021biilor vitale, donat Spitalului Jude\u021bean de Urgen\u021b\u0103 Alba Iulia de Camera Executorilor Judec\u0103tore\u0219ti \u0219i Asocia\u021bia S.A.H. 2013 - Revista Urbea Mea - Revista de Alba<\/title>\n<meta name=\"description\" content=\"Spitalul Jude\u021bean de Urgen\u021b\u0103 Alba Iulia a primit, luni, o dona\u021bie din partea Camerei Executorilor Judec\u0103tore\u0219ti de pe l\u00e2ng\u0103 Curtea de Apel Alba Iulia \u0219i\" \/>\n<meta name=\"robots\" content=\"index, follow, max-snippet:-1, max-image-preview:large, max-video-preview:-1\" \/>\n<link rel=\"canonical\" href=\"https:\/\/urbeamea.ro\/albaiulia\/foto-aparat-pentru-monitorizarea-functiilor-vitale-donat-spitalului-judetean-de-urgenta-alba-iulia-de-camera-executorilor-judecatoresti-si-asociatia-s-a-h-2013\/\" \/>\n<meta name=\"twitter:card\" content=\"summary_large_image\" \/>\n<meta name=\"twitter:title\" content=\"FOTO: Aparat pentru monitorizarea func\u021biilor vitale, donat Spitalului Jude\u021bean de Urgen\u021b\u0103 Alba Iulia de Camera Executorilor Judec\u0103tore\u0219ti \u0219i Asocia\u021bia S.A.H. 2013 - Revista Urbea Mea - Revista de Alba\" \/>\n<meta name=\"twitter:description\" content=\"Spitalul Jude\u021bean de Urgen\u021b\u0103 Alba Iulia a primit, luni, o dona\u021bie din partea Camerei Executorilor Judec\u0103tore\u0219ti de pe l\u00e2ng\u0103 Curtea de Apel Alba Iulia \u0219i\" \/>\n<meta name=\"twitter:image\" content=\"https:\/\/urbeamea.ro\/albaiulia\/wp-content\/uploads\/2019\/08\/Pediatrie-SJU-Alba-Iulia.jpg\" \/>\n<meta name=\"twitter:creator\" content=\"@urbeameaweb\" \/>\n<meta name=\"twitter:site\" content=\"@urbeameaweb\" \/>\n<script type=\"application\/ld+json\" class=\"yoast-schema-graph\">{\"@context\":\"https:\\\/\\\/schema.org\",\"@graph\":[{\"@type\":\"Article\",\"@id\":\"https:\\\/\\\/urbeamea.ro\\\/albaiulia\\\/foto-aparat-pentru-monitorizarea-functiilor-vitale-donat-spitalului-judetean-de-urgenta-alba-iulia-de-camera-executorilor-judecatoresti-si-asociatia-s-a-h-2013\\\/#article\",\"isPartOf\":{\"@id\":\"https:\\\/\\\/urbeamea.ro\\\/albaiulia\\\/foto-aparat-pentru-monitorizarea-functiilor-vitale-donat-spitalului-judetean-de-urgenta-alba-iulia-de-camera-executorilor-judecatoresti-si-asociatia-s-a-h-2013\\\/\"},\"author\":{\"name\":\"Cristina Ganga\",\"@id\":\"https:\\\/\\\/urbeamea.ro\\\/albaiulia\\\/#\\\/schema\\\/person\\\/9700d21fae21c4f038b0b56f4506264a\"},\"headline\":\"FOTO: Aparat pentru monitorizarea func\u021biilor vitale, donat Spitalului Jude\u021bean de Urgen\u021b\u0103 Alba Iulia de Camera Executorilor Judec\u0103tore\u0219ti \u0219i Asocia\u021bia S.A.H. 2013\",\"datePublished\":\"2019-08-05T16:17:00+00:00\",\"dateModified\":\"2019-08-05T16:17:02+00:00\",\"mainEntityOfPage\":{\"@id\":\"https:\\\/\\\/urbeamea.ro\\\/albaiulia\\\/foto-aparat-pentru-monitorizarea-functiilor-vitale-donat-spitalului-judetean-de-urgenta-alba-iulia-de-camera-executorilor-judecatoresti-si-asociatia-s-a-h-2013\\\/\"},\"wordCount\":244,\"commentCount\":0,\"image\":{\"@id\":\"https:\\\/\\\/urbeamea.ro\\\/albaiulia\\\/foto-aparat-pentru-monitorizarea-functiilor-vitale-donat-spitalului-judetean-de-urgenta-alba-iulia-de-camera-executorilor-judecatoresti-si-asociatia-s-a-h-2013\\\/#primaryimage\"},\"thumbnailUrl\":\"https:\\\/\\\/urbeamea.ro\\\/albaiulia\\\/wp-content\\\/uploads\\\/2019\\\/08\\\/Pediatrie-SJU-Alba-Iulia.jpg\",\"keywords\":[\"aparat pentru monitorizarea functiilor vitale\",\"camera executorilor judecatoresti si asociatia S.A.H. 2013\",\"donatie\",\"spitalul judtean de urgenta alba iulia\",\"stiri\",\"Urbea Mea\"],\"articleSection\":[\"Social\"],\"inLanguage\":\"ro-RO\",\"potentialAction\":[{\"@type\":\"CommentAction\",\"name\":\"Comment\",\"target\":[\"https:\\\/\\\/urbeamea.ro\\\/albaiulia\\\/foto-aparat-pentru-monitorizarea-functiilor-vitale-donat-spitalului-judetean-de-urgenta-alba-iulia-de-camera-executorilor-judecatoresti-si-asociatia-s-a-h-2013\\\/#respond\"]}]},{\"@type\":\"WebPage\",\"@id\":\"https:\\\/\\\/urbeamea.ro\\\/albaiulia\\\/foto-aparat-pentru-monitorizarea-functiilor-vitale-donat-spitalului-judetean-de-urgenta-alba-iulia-de-camera-executorilor-judecatoresti-si-asociatia-s-a-h-2013\\\/\",\"url\":\"https:\\\/\\\/urbeamea.ro\\\/albaiulia\\\/foto-aparat-pentru-monitorizarea-functiilor-vitale-donat-spitalului-judetean-de-urgenta-alba-iulia-de-camera-executorilor-judecatoresti-si-asociatia-s-a-h-2013\\\/\",\"name\":\"FOTO: Aparat pentru monitorizarea func\u021biilor vitale, donat Spitalului Jude\u021bean de Urgen\u021b\u0103 Alba Iulia de Camera Executorilor Judec\u0103tore\u0219ti \u0219i Asocia\u021bia S.A.H. 2013 - Revista Urbea Mea - Revista de Alba\",\"isPartOf\":{\"@id\":\"https:\\\/\\\/urbeamea.ro\\\/albaiulia\\\/#website\"},\"primaryImageOfPage\":{\"@id\":\"https:\\\/\\\/urbeamea.ro\\\/albaiulia\\\/foto-aparat-pentru-monitorizarea-functiilor-vitale-donat-spitalului-judetean-de-urgenta-alba-iulia-de-camera-executorilor-judecatoresti-si-asociatia-s-a-h-2013\\\/#primaryimage\"},\"image\":{\"@id\":\"https:\\\/\\\/urbeamea.ro\\\/albaiulia\\\/foto-aparat-pentru-monitorizarea-functiilor-vitale-donat-spitalului-judetean-de-urgenta-alba-iulia-de-camera-executorilor-judecatoresti-si-asociatia-s-a-h-2013\\\/#primaryimage\"},\"thumbnailUrl\":\"https:\\\/\\\/urbeamea.ro\\\/albaiulia\\\/wp-content\\\/uploads\\\/2019\\\/08\\\/Pediatrie-SJU-Alba-Iulia.jpg\",\"datePublished\":\"2019-08-05T16:17:00+00:00\",\"dateModified\":\"2019-08-05T16:17:02+00:00\",\"author\":{\"@id\":\"https:\\\/\\\/urbeamea.ro\\\/albaiulia\\\/#\\\/schema\\\/person\\\/9700d21fae21c4f038b0b56f4506264a\"},\"description\":\"Spitalul Jude\u021bean de Urgen\u021b\u0103 Alba Iulia a primit, luni, o dona\u021bie din partea Camerei Executorilor Judec\u0103tore\u0219ti de pe l\u00e2ng\u0103 Curtea de Apel Alba Iulia \u0219i\",\"breadcrumb\":{\"@id\":\"https:\\\/\\\/urbeamea.ro\\\/albaiulia\\\/foto-aparat-pentru-monitorizarea-functiilor-vitale-donat-spitalului-judetean-de-urgenta-alba-iulia-de-camera-executorilor-judecatoresti-si-asociatia-s-a-h-2013\\\/#breadcrumb\"},\"inLanguage\":\"ro-RO\",\"potentialAction\":[{\"@type\":\"ReadAction\",\"target\":[\"https:\\\/\\\/urbeamea.ro\\\/albaiulia\\\/foto-aparat-pentru-monitorizarea-functiilor-vitale-donat-spitalului-judetean-de-urgenta-alba-iulia-de-camera-executorilor-judecatoresti-si-asociatia-s-a-h-2013\\\/\"]}]},{\"@type\":\"ImageObject\",\"inLanguage\":\"ro-RO\",\"@id\":\"https:\\\/\\\/urbeamea.ro\\\/albaiulia\\\/foto-aparat-pentru-monitorizarea-functiilor-vitale-donat-spitalului-judetean-de-urgenta-alba-iulia-de-camera-executorilor-judecatoresti-si-asociatia-s-a-h-2013\\\/#primaryimage\",\"url\":\"https:\\\/\\\/urbeamea.ro\\\/albaiulia\\\/wp-content\\\/uploads\\\/2019\\\/08\\\/Pediatrie-SJU-Alba-Iulia.jpg\",\"contentUrl\":\"https:\\\/\\\/urbeamea.ro\\\/albaiulia\\\/wp-content\\\/uploads\\\/2019\\\/08\\\/Pediatrie-SJU-Alba-Iulia.jpg\",\"width\":960,\"height\":640},{\"@type\":\"BreadcrumbList\",\"@id\":\"https:\\\/\\\/urbeamea.ro\\\/albaiulia\\\/foto-aparat-pentru-monitorizarea-functiilor-vitale-donat-spitalului-judetean-de-urgenta-alba-iulia-de-camera-executorilor-judecatoresti-si-asociatia-s-a-h-2013\\\/#breadcrumb\",\"itemListElement\":[{\"@type\":\"ListItem\",\"position\":1,\"name\":\"Prima pagin\u0103\",\"item\":\"https:\\\/\\\/urbeamea.ro\\\/albaiulia\\\/\"},{\"@type\":\"ListItem\",\"position\":2,\"name\":\"FOTO: Aparat pentru monitorizarea func\u021biilor vitale, donat Spitalului Jude\u021bean de Urgen\u021b\u0103 Alba Iulia de Camera Executorilor Judec\u0103tore\u0219ti \u0219i Asocia\u021bia S.A.H. 2013\"}]},{\"@type\":\"WebSite\",\"@id\":\"https:\\\/\\\/urbeamea.ro\\\/albaiulia\\\/#website\",\"url\":\"https:\\\/\\\/urbeamea.ro\\\/albaiulia\\\/\",\"name\":\"Revista Urbea Mea, Stiri urbane\",\"description\":\"Evenimente \u0219i \u0219tiri din Alba Iulia, Sebe\u0219, Aiud, Blaj\",\"potentialAction\":[{\"@type\":\"SearchAction\",\"target\":{\"@type\":\"EntryPoint\",\"urlTemplate\":\"https:\\\/\\\/urbeamea.ro\\\/albaiulia\\\/?s={search_term_string}\"},\"query-input\":{\"@type\":\"PropertyValueSpecification\",\"valueRequired\":true,\"valueName\":\"search_term_string\"}}],\"inLanguage\":\"ro-RO\"},{\"@type\":\"Person\",\"@id\":\"https:\\\/\\\/urbeamea.ro\\\/albaiulia\\\/#\\\/schema\\\/person\\\/9700d21fae21c4f038b0b56f4506264a\",\"name\":\"Cristina Ganga\",\"image\":{\"@type\":\"ImageObject\",\"inLanguage\":\"ro-RO\",\"@id\":\"https:\\\/\\\/secure.gravatar.com\\\/avatar\\\/5a67661041f057b4a8ccaf26f5a8e86e2689372006d01faf3dd9eeb10b654bb4?s=96&d=mm&r=g\",\"url\":\"https:\\\/\\\/secure.gravatar.com\\\/avatar\\\/5a67661041f057b4a8ccaf26f5a8e86e2689372006d01faf3dd9eeb10b654bb4?s=96&d=mm&r=g\",\"contentUrl\":\"https:\\\/\\\/secure.gravatar.com\\\/avatar\\\/5a67661041f057b4a8ccaf26f5a8e86e2689372006d01faf3dd9eeb10b654bb4?s=96&d=mm&r=g\",\"caption\":\"Cristina Ganga\"},\"description\":\"Jurnalist\",\"sameAs\":[\"https:\\\/\\\/www.facebook.com\\\/cristina.nicola.587\"],\"url\":\"https:\\\/\\\/urbeamea.ro\\\/albaiulia\\\/author\\\/cristina-nicola\\\/\"}]}<\/script>\n<!-- \/ Yoast SEO plugin. -->","yoast_head_json":{"title":"FOTO: Aparat pentru monitorizarea func\u021biilor vitale, donat Spitalului Jude\u021bean de Urgen\u021b\u0103 Alba Iulia de Camera Executorilor Judec\u0103tore\u0219ti \u0219i Asocia\u021bia S.A.H. 2013 - Revista Urbea Mea - Revista de Alba","description":"Spitalul Jude\u021bean de Urgen\u021b\u0103 Alba Iulia a primit, luni, o dona\u021bie din partea Camerei Executorilor Judec\u0103tore\u0219ti de pe l\u00e2ng\u0103 Curtea de Apel Alba Iulia \u0219i","robots":{"index":"index","follow":"follow","max-snippet":"max-snippet:-1","max-image-preview":"max-image-preview:large","max-video-preview":"max-video-preview:-1"},"canonical":"https:\/\/urbeamea.ro\/albaiulia\/foto-aparat-pentru-monitorizarea-functiilor-vitale-donat-spitalului-judetean-de-urgenta-alba-iulia-de-camera-executorilor-judecatoresti-si-asociatia-s-a-h-2013\/","twitter_card":"summary_large_image","twitter_title":"FOTO: Aparat pentru monitorizarea func\u021biilor vitale, donat Spitalului Jude\u021bean de Urgen\u021b\u0103 Alba Iulia de Camera Executorilor Judec\u0103tore\u0219ti \u0219i Asocia\u021bia S.A.H. 2013 - Revista Urbea Mea - Revista de Alba","twitter_description":"Spitalul Jude\u021bean de Urgen\u021b\u0103 Alba Iulia a primit, luni, o dona\u021bie din partea Camerei Executorilor Judec\u0103tore\u0219ti de pe l\u00e2ng\u0103 Curtea de Apel Alba Iulia \u0219i","twitter_image":"https:\/\/urbeamea.ro\/albaiulia\/wp-content\/uploads\/2019\/08\/Pediatrie-SJU-Alba-Iulia.jpg","twitter_creator":"@urbeameaweb","twitter_site":"@urbeameaweb","schema":{"@context":"https:\/\/schema.org","@graph":[{"@type":"Article","@id":"https:\/\/urbeamea.ro\/albaiulia\/foto-aparat-pentru-monitorizarea-functiilor-vitale-donat-spitalului-judetean-de-urgenta-alba-iulia-de-camera-executorilor-judecatoresti-si-asociatia-s-a-h-2013\/#article","isPartOf":{"@id":"https:\/\/urbeamea.ro\/albaiulia\/foto-aparat-pentru-monitorizarea-functiilor-vitale-donat-spitalului-judetean-de-urgenta-alba-iulia-de-camera-executorilor-judecatoresti-si-asociatia-s-a-h-2013\/"},"author":{"name":"Cristina Ganga","@id":"https:\/\/urbeamea.ro\/albaiulia\/#\/schema\/person\/9700d21fae21c4f038b0b56f4506264a"},"headline":"FOTO: Aparat pentru monitorizarea func\u021biilor vitale, donat Spitalului Jude\u021bean de Urgen\u021b\u0103 Alba Iulia de Camera Executorilor Judec\u0103tore\u0219ti \u0219i Asocia\u021bia S.A.H. 2013","datePublished":"2019-08-05T16:17:00+00:00","dateModified":"2019-08-05T16:17:02+00:00","mainEntityOfPage":{"@id":"https:\/\/urbeamea.ro\/albaiulia\/foto-aparat-pentru-monitorizarea-functiilor-vitale-donat-spitalului-judetean-de-urgenta-alba-iulia-de-camera-executorilor-judecatoresti-si-asociatia-s-a-h-2013\/"},"wordCount":244,"commentCount":0,"image":{"@id":"https:\/\/urbeamea.ro\/albaiulia\/foto-aparat-pentru-monitorizarea-functiilor-vitale-donat-spitalului-judetean-de-urgenta-alba-iulia-de-camera-executorilor-judecatoresti-si-asociatia-s-a-h-2013\/#primaryimage"},"thumbnailUrl":"https:\/\/urbeamea.ro\/albaiulia\/wp-content\/uploads\/2019\/08\/Pediatrie-SJU-Alba-Iulia.jpg","keywords":["aparat pentru monitorizarea functiilor vitale","camera executorilor judecatoresti si asociatia S.A.H. 2013","donatie","spitalul judtean de urgenta alba iulia","stiri","Urbea Mea"],"articleSection":["Social"],"inLanguage":"ro-RO","potentialAction":[{"@type":"CommentAction","name":"Comment","target":["https:\/\/urbeamea.ro\/albaiulia\/foto-aparat-pentru-monitorizarea-functiilor-vitale-donat-spitalului-judetean-de-urgenta-alba-iulia-de-camera-executorilor-judecatoresti-si-asociatia-s-a-h-2013\/#respond"]}]},{"@type":"WebPage","@id":"https:\/\/urbeamea.ro\/albaiulia\/foto-aparat-pentru-monitorizarea-functiilor-vitale-donat-spitalului-judetean-de-urgenta-alba-iulia-de-camera-executorilor-judecatoresti-si-asociatia-s-a-h-2013\/","url":"https:\/\/urbeamea.ro\/albaiulia\/foto-aparat-pentru-monitorizarea-functiilor-vitale-donat-spitalului-judetean-de-urgenta-alba-iulia-de-camera-executorilor-judecatoresti-si-asociatia-s-a-h-2013\/","name":"FOTO: Aparat pentru monitorizarea func\u021biilor vitale, donat Spitalului Jude\u021bean de Urgen\u021b\u0103 Alba Iulia de Camera Executorilor Judec\u0103tore\u0219ti \u0219i Asocia\u021bia S.A.H. 2013 - Revista Urbea Mea - Revista de Alba","isPartOf":{"@id":"https:\/\/urbeamea.ro\/albaiulia\/#website"},"primaryImageOfPage":{"@id":"https:\/\/urbeamea.ro\/albaiulia\/foto-aparat-pentru-monitorizarea-functiilor-vitale-donat-spitalului-judetean-de-urgenta-alba-iulia-de-camera-executorilor-judecatoresti-si-asociatia-s-a-h-2013\/#primaryimage"},"image":{"@id":"https:\/\/urbeamea.ro\/albaiulia\/foto-aparat-pentru-monitorizarea-functiilor-vitale-donat-spitalului-judetean-de-urgenta-alba-iulia-de-camera-executorilor-judecatoresti-si-asociatia-s-a-h-2013\/#primaryimage"},"thumbnailUrl":"https:\/\/urbeamea.ro\/albaiulia\/wp-content\/uploads\/2019\/08\/Pediatrie-SJU-Alba-Iulia.jpg","datePublished":"2019-08-05T16:17:00+00:00","dateModified":"2019-08-05T16:17:02+00:00","author":{"@id":"https:\/\/urbeamea.ro\/albaiulia\/#\/schema\/person\/9700d21fae21c4f038b0b56f4506264a"},"description":"Spitalul Jude\u021bean de Urgen\u021b\u0103 Alba Iulia a primit, luni, o dona\u021bie din partea Camerei Executorilor Judec\u0103tore\u0219ti de pe l\u00e2ng\u0103 Curtea de Apel Alba Iulia \u0219i","breadcrumb":{"@id":"https:\/\/urbeamea.ro\/albaiulia\/foto-aparat-pentru-monitorizarea-functiilor-vitale-donat-spitalului-judetean-de-urgenta-alba-iulia-de-camera-executorilor-judecatoresti-si-asociatia-s-a-h-2013\/#breadcrumb"},"inLanguage":"ro-RO","potentialAction":[{"@type":"ReadAction","target":["https:\/\/urbeamea.ro\/albaiulia\/foto-aparat-pentru-monitorizarea-functiilor-vitale-donat-spitalului-judetean-de-urgenta-alba-iulia-de-camera-executorilor-judecatoresti-si-asociatia-s-a-h-2013\/"]}]},{"@type":"ImageObject","inLanguage":"ro-RO","@id":"https:\/\/urbeamea.ro\/albaiulia\/foto-aparat-pentru-monitorizarea-functiilor-vitale-donat-spitalului-judetean-de-urgenta-alba-iulia-de-camera-executorilor-judecatoresti-si-asociatia-s-a-h-2013\/#primaryimage","url":"https:\/\/urbeamea.ro\/albaiulia\/wp-content\/uploads\/2019\/08\/Pediatrie-SJU-Alba-Iulia.jpg","contentUrl":"https:\/\/urbeamea.ro\/albaiulia\/wp-content\/uploads\/2019\/08\/Pediatrie-SJU-Alba-Iulia.jpg","width":960,"height":640},{"@type":"BreadcrumbList","@id":"https:\/\/urbeamea.ro\/albaiulia\/foto-aparat-pentru-monitorizarea-functiilor-vitale-donat-spitalului-judetean-de-urgenta-alba-iulia-de-camera-executorilor-judecatoresti-si-asociatia-s-a-h-2013\/#breadcrumb","itemListElement":[{"@type":"ListItem","position":1,"name":"Prima pagin\u0103","item":"https:\/\/urbeamea.ro\/albaiulia\/"},{"@type":"ListItem","position":2,"name":"FOTO: Aparat pentru monitorizarea func\u021biilor vitale, donat Spitalului Jude\u021bean de Urgen\u021b\u0103 Alba Iulia de Camera Executorilor Judec\u0103tore\u0219ti \u0219i Asocia\u021bia S.A.H. 2013"}]},{"@type":"WebSite","@id":"https:\/\/urbeamea.ro\/albaiulia\/#website","url":"https:\/\/urbeamea.ro\/albaiulia\/","name":"Revista Urbea Mea, Stiri urbane","description":"Evenimente \u0219i \u0219tiri din Alba Iulia, Sebe\u0219, Aiud, Blaj","potentialAction":[{"@type":"SearchAction","target":{"@type":"EntryPoint","urlTemplate":"https:\/\/urbeamea.ro\/albaiulia\/?s={search_term_string}"},"query-input":{"@type":"PropertyValueSpecification","valueRequired":true,"valueName":"search_term_string"}}],"inLanguage":"ro-RO"},{"@type":"Person","@id":"https:\/\/urbeamea.ro\/albaiulia\/#\/schema\/person\/9700d21fae21c4f038b0b56f4506264a","name":"Cristina Ganga","image":{"@type":"ImageObject","inLanguage":"ro-RO","@id":"https:\/\/secure.gravatar.com\/avatar\/5a67661041f057b4a8ccaf26f5a8e86e2689372006d01faf3dd9eeb10b654bb4?s=96&d=mm&r=g","url":"https:\/\/secure.gravatar.com\/avatar\/5a67661041f057b4a8ccaf26f5a8e86e2689372006d01faf3dd9eeb10b654bb4?s=96&d=mm&r=g","contentUrl":"https:\/\/secure.gravatar.com\/avatar\/5a67661041f057b4a8ccaf26f5a8e86e2689372006d01faf3dd9eeb10b654bb4?s=96&d=mm&r=g","caption":"Cristina Ganga"},"description":"Jurnalist","sameAs":["https:\/\/www.facebook.com\/cristina.nicola.587"],"url":"https:\/\/urbeamea.ro\/albaiulia\/author\/cristina-nicola\/"}]}},"_links":{"self":[{"href":"https:\/\/urbeamea.ro\/albaiulia\/wp-json\/wp\/v2\/posts\/80889","targetHints":{"allow":["GET"]}}],"collection":[{"href":"https:\/\/urbeamea.ro\/albaiulia\/wp-json\/wp\/v2\/posts"}],"about":[{"href":"https:\/\/urbeamea.ro\/albaiulia\/wp-json\/wp\/v2\/types\/post"}],"author":[{"embeddable":true,"href":"https:\/\/urbeamea.ro\/albaiulia\/wp-json\/wp\/v2\/users\/17"}],"replies":[{"embeddable":true,"href":"https:\/\/urbeamea.ro\/albaiulia\/wp-json\/wp\/v2\/comments?post=80889"}],"version-history":[{"count":0,"href":"https:\/\/urbeamea.ro\/albaiulia\/wp-json\/wp\/v2\/posts\/80889\/revisions"}],"wp:featuredmedia":[{"embeddable":true,"href":"https:\/\/urbeamea.ro\/albaiulia\/wp-json\/wp\/v2\/media\/80891"}],"wp:attachment":[{"href":"https:\/\/urbeamea.ro\/albaiulia\/wp-json\/wp\/v2\/media?parent=80889"}],"wp:term":[{"taxonomy":"category","embeddable":true,"href":"https:\/\/urbeamea.ro\/albaiulia\/wp-json\/wp\/v2\/categories?post=80889"},{"taxonomy":"post_tag","embeddable":true,"href":"https:\/\/urbeamea.ro\/albaiulia\/wp-json\/wp\/v2\/tags?post=80889"}],"curies":[{"name":"wp","href":"https:\/\/api.w.org\/{rel}","templated":true}]}}