{"id":81257,"date":"2019-08-08T11:55:40","date_gmt":"2019-08-08T08:55:40","guid":{"rendered":"https:\/\/urbeamea.ro\/albaiulia\/?p=81257"},"modified":"2019-08-08T11:56:16","modified_gmt":"2019-08-08T08:56:16","slug":"apa-ctta-alba-intreruperea-apei-potabile-in-geomal-si-geoagiu-de-sus","status":"publish","type":"post","link":"https:\/\/urbeamea.ro\/albaiulia\/apa-ctta-alba-intreruperea-apei-potabile-in-geomal-si-geoagiu-de-sus\/","title":{"rendered":"APA CTTA Alba: \u00centreruperea apei potabile \u00een Geomal \u0219i Geoagiu de Sus"},"content":{"rendered":"\n<p><strong>Din cauza unei avarii produs\u0103 \u00een data de 08.08.2019, la conducta de alimentare cu ap\u0103, \u00een zona Geomal, SC APA CTTA SA ALBA este nevoit\u0103 s\u0103 \u00eentrerup\u0103 furnizarea apei potabile \u00een localit\u0103\u021bile Geomal \u0219i Geoagiu de Sus, p\u00e2n\u0103 la remedierea acesteia.<\/strong><\/p>\n\n\n\n<p>\u201c<em>La reluarea furniz\u0103rii pot ap\u0103rea local dep\u0103\u0219iri ale parametrului turbiditate, fiind nevoi\u021bi s\u0103 proced\u0103m la purjarea apei (sp\u0103l\u0103ri locale), p\u00e2n\u0103 la \u00eencadrarea acesteia \u00een parametrii de calitate, situa\u021bie \u00een care rug\u0103m clien\u021bii, s\u0103 foloseasc\u0103 apa numai \u00een scopuri menajere.<\/em><\/p>\n\n\n\n<p><em>Eventualele perturba\u021bii, precum \u0219i zona \u00een care ele apar, v\u0103 rug\u0103m s\u0103 le semnala\u021bi imediat Dispeceratului Alba Iulia la num\u0103rul de telefon : 0258 \u2013 834501, \u00een vederea interven\u021biei.<\/em><\/p>\n\n\n\n<p><em>Rug\u0103m clien\u021bii no\u0219tri s\u0103 \u00een\u021beleag\u0103 situa\u021bia neprev\u0103zut\u0103 survenit\u0103 \u0219i ne cerem scuze pentru disconfortul creat.<\/em>&nbsp;\u201d \u2013 transmite conducerea SC APA CTTA SA ALBA.<\/p>\n","protected":false},"excerpt":{"rendered":"<p>Din cauza unei avarii produs\u0103 \u00een data de 08.08.2019, la conducta de alimentare cu ap\u0103, \u00een zona Geomal, SC APA CTTA SA ALBA este nevoit\u0103 s\u0103 \u00eentrerup\u0103 furnizarea apei potabile \u00een localit\u0103\u021bile Geomal \u0219i Geoagiu de Sus, p\u00e2n\u0103 la remedierea acesteia. \u201cLa reluarea furniz\u0103rii pot ap\u0103rea local dep\u0103\u0219iri ale parametrului turbiditate, fiind nevoi\u021bi s\u0103 proced\u0103m &hellip;<\/p>\n","protected":false},"author":17,"featured_media":47704,"comment_status":"open","ping_status":"open","sticky":false,"template":"","format":"standard","meta":{"inline_featured_image":false,"footnotes":""},"categories":[2034],"tags":[12028,9396,13143,4286,18485,16140,308,76],"class_list":["post-81257","post","type-post","status-publish","format-standard","has-post-thumbnail","hentry","category-social","tag-apa-ctta-alba","tag-avarie","tag-conducta-de-alimentare-cu-apa","tag-geoagiu-de-sus","tag-geomal","tag-intrerupere-apa-potabila","tag-stiri","tag-urbea-mea"],"yoast_head":"<!-- This site is optimized with the Yoast SEO plugin v27.4 - https:\/\/yoast.com\/product\/yoast-seo-wordpress\/ -->\n<title>APA CTTA Alba: \u00centreruperea apei potabile \u00een Geomal \u0219i Geoagiu de Sus - Revista Urbea Mea - Revista de Alba<\/title>\n<meta name=\"description\" content=\"Din cauza unei avarii produs\u0103 \u00een data de 08.08.2019, la conducta de alimentare cu ap\u0103, \u00een zona Geomal, SC APA CTTA SA ALBA este nevoit\u0103 s\u0103 \u00eentrerup\u0103\" \/>\n<meta name=\"robots\" content=\"index, follow, max-snippet:-1, max-image-preview:large, max-video-preview:-1\" \/>\n<link rel=\"canonical\" href=\"https:\/\/urbeamea.ro\/albaiulia\/apa-ctta-alba-intreruperea-apei-potabile-in-geomal-si-geoagiu-de-sus\/\" \/>\n<meta name=\"twitter:card\" content=\"summary_large_image\" \/>\n<meta name=\"twitter:title\" content=\"APA CTTA Alba: \u00centreruperea apei potabile \u00een Geomal \u0219i Geoagiu de Sus - Revista Urbea Mea - Revista de Alba\" \/>\n<meta name=\"twitter:description\" content=\"Din cauza unei avarii produs\u0103 \u00een data de 08.08.2019, la conducta de alimentare cu ap\u0103, \u00een zona Geomal, SC APA CTTA SA ALBA este nevoit\u0103 s\u0103 \u00eentrerup\u0103\" \/>\n<meta name=\"twitter:image\" content=\"https:\/\/urbeamea.ro\/albaiulia\/wp-content\/uploads\/2017\/06\/intrerupere_apa.jpg\" \/>\n<meta name=\"twitter:creator\" content=\"@urbeameaweb\" \/>\n<meta name=\"twitter:site\" content=\"@urbeameaweb\" \/>\n<script type=\"application\/ld+json\" class=\"yoast-schema-graph\">{\"@context\":\"https:\\\/\\\/schema.org\",\"@graph\":[{\"@type\":\"Article\",\"@id\":\"https:\\\/\\\/urbeamea.ro\\\/albaiulia\\\/apa-ctta-alba-intreruperea-apei-potabile-in-geomal-si-geoagiu-de-sus\\\/#article\",\"isPartOf\":{\"@id\":\"https:\\\/\\\/urbeamea.ro\\\/albaiulia\\\/apa-ctta-alba-intreruperea-apei-potabile-in-geomal-si-geoagiu-de-sus\\\/\"},\"author\":{\"name\":\"Cristina Ganga\",\"@id\":\"https:\\\/\\\/urbeamea.ro\\\/albaiulia\\\/#\\\/schema\\\/person\\\/9700d21fae21c4f038b0b56f4506264a\"},\"headline\":\"APA CTTA Alba: \u00centreruperea apei potabile \u00een Geomal \u0219i Geoagiu de Sus\",\"datePublished\":\"2019-08-08T08:55:40+00:00\",\"dateModified\":\"2019-08-08T08:56:16+00:00\",\"mainEntityOfPage\":{\"@id\":\"https:\\\/\\\/urbeamea.ro\\\/albaiulia\\\/apa-ctta-alba-intreruperea-apei-potabile-in-geomal-si-geoagiu-de-sus\\\/\"},\"wordCount\":163,\"commentCount\":0,\"image\":{\"@id\":\"https:\\\/\\\/urbeamea.ro\\\/albaiulia\\\/apa-ctta-alba-intreruperea-apei-potabile-in-geomal-si-geoagiu-de-sus\\\/#primaryimage\"},\"thumbnailUrl\":\"https:\\\/\\\/urbeamea.ro\\\/albaiulia\\\/wp-content\\\/uploads\\\/2017\\\/06\\\/intrerupere_apa.jpg\",\"keywords\":[\"apa ctta alba\",\"avarie\",\"conducta de alimentare cu apa\",\"geoagiu de sus\",\"geomal\",\"intrerupere apa potabila\",\"stiri\",\"Urbea Mea\"],\"articleSection\":[\"Social\"],\"inLanguage\":\"ro-RO\",\"potentialAction\":[{\"@type\":\"CommentAction\",\"name\":\"Comment\",\"target\":[\"https:\\\/\\\/urbeamea.ro\\\/albaiulia\\\/apa-ctta-alba-intreruperea-apei-potabile-in-geomal-si-geoagiu-de-sus\\\/#respond\"]}]},{\"@type\":\"WebPage\",\"@id\":\"https:\\\/\\\/urbeamea.ro\\\/albaiulia\\\/apa-ctta-alba-intreruperea-apei-potabile-in-geomal-si-geoagiu-de-sus\\\/\",\"url\":\"https:\\\/\\\/urbeamea.ro\\\/albaiulia\\\/apa-ctta-alba-intreruperea-apei-potabile-in-geomal-si-geoagiu-de-sus\\\/\",\"name\":\"APA CTTA Alba: \u00centreruperea apei potabile \u00een Geomal \u0219i Geoagiu de Sus - Revista Urbea Mea - Revista de Alba\",\"isPartOf\":{\"@id\":\"https:\\\/\\\/urbeamea.ro\\\/albaiulia\\\/#website\"},\"primaryImageOfPage\":{\"@id\":\"https:\\\/\\\/urbeamea.ro\\\/albaiulia\\\/apa-ctta-alba-intreruperea-apei-potabile-in-geomal-si-geoagiu-de-sus\\\/#primaryimage\"},\"image\":{\"@id\":\"https:\\\/\\\/urbeamea.ro\\\/albaiulia\\\/apa-ctta-alba-intreruperea-apei-potabile-in-geomal-si-geoagiu-de-sus\\\/#primaryimage\"},\"thumbnailUrl\":\"https:\\\/\\\/urbeamea.ro\\\/albaiulia\\\/wp-content\\\/uploads\\\/2017\\\/06\\\/intrerupere_apa.jpg\",\"datePublished\":\"2019-08-08T08:55:40+00:00\",\"dateModified\":\"2019-08-08T08:56:16+00:00\",\"author\":{\"@id\":\"https:\\\/\\\/urbeamea.ro\\\/albaiulia\\\/#\\\/schema\\\/person\\\/9700d21fae21c4f038b0b56f4506264a\"},\"description\":\"Din cauza unei avarii produs\u0103 \u00een data de 08.08.2019, la conducta de alimentare cu ap\u0103, \u00een zona Geomal, SC APA CTTA SA ALBA este nevoit\u0103 s\u0103 \u00eentrerup\u0103\",\"breadcrumb\":{\"@id\":\"https:\\\/\\\/urbeamea.ro\\\/albaiulia\\\/apa-ctta-alba-intreruperea-apei-potabile-in-geomal-si-geoagiu-de-sus\\\/#breadcrumb\"},\"inLanguage\":\"ro-RO\",\"potentialAction\":[{\"@type\":\"ReadAction\",\"target\":[\"https:\\\/\\\/urbeamea.ro\\\/albaiulia\\\/apa-ctta-alba-intreruperea-apei-potabile-in-geomal-si-geoagiu-de-sus\\\/\"]}]},{\"@type\":\"ImageObject\",\"inLanguage\":\"ro-RO\",\"@id\":\"https:\\\/\\\/urbeamea.ro\\\/albaiulia\\\/apa-ctta-alba-intreruperea-apei-potabile-in-geomal-si-geoagiu-de-sus\\\/#primaryimage\",\"url\":\"https:\\\/\\\/urbeamea.ro\\\/albaiulia\\\/wp-content\\\/uploads\\\/2017\\\/06\\\/intrerupere_apa.jpg\",\"contentUrl\":\"https:\\\/\\\/urbeamea.ro\\\/albaiulia\\\/wp-content\\\/uploads\\\/2017\\\/06\\\/intrerupere_apa.jpg\",\"width\":600,\"height\":375},{\"@type\":\"BreadcrumbList\",\"@id\":\"https:\\\/\\\/urbeamea.ro\\\/albaiulia\\\/apa-ctta-alba-intreruperea-apei-potabile-in-geomal-si-geoagiu-de-sus\\\/#breadcrumb\",\"itemListElement\":[{\"@type\":\"ListItem\",\"position\":1,\"name\":\"Prima pagin\u0103\",\"item\":\"https:\\\/\\\/urbeamea.ro\\\/albaiulia\\\/\"},{\"@type\":\"ListItem\",\"position\":2,\"name\":\"APA CTTA Alba: \u00centreruperea apei potabile \u00een Geomal \u0219i Geoagiu de Sus\"}]},{\"@type\":\"WebSite\",\"@id\":\"https:\\\/\\\/urbeamea.ro\\\/albaiulia\\\/#website\",\"url\":\"https:\\\/\\\/urbeamea.ro\\\/albaiulia\\\/\",\"name\":\"Revista Urbea Mea, Stiri urbane\",\"description\":\"Evenimente \u0219i \u0219tiri din Alba Iulia, Sebe\u0219, Aiud, Blaj\",\"potentialAction\":[{\"@type\":\"SearchAction\",\"target\":{\"@type\":\"EntryPoint\",\"urlTemplate\":\"https:\\\/\\\/urbeamea.ro\\\/albaiulia\\\/?s={search_term_string}\"},\"query-input\":{\"@type\":\"PropertyValueSpecification\",\"valueRequired\":true,\"valueName\":\"search_term_string\"}}],\"inLanguage\":\"ro-RO\"},{\"@type\":\"Person\",\"@id\":\"https:\\\/\\\/urbeamea.ro\\\/albaiulia\\\/#\\\/schema\\\/person\\\/9700d21fae21c4f038b0b56f4506264a\",\"name\":\"Cristina Ganga\",\"image\":{\"@type\":\"ImageObject\",\"inLanguage\":\"ro-RO\",\"@id\":\"https:\\\/\\\/secure.gravatar.com\\\/avatar\\\/5a67661041f057b4a8ccaf26f5a8e86e2689372006d01faf3dd9eeb10b654bb4?s=96&d=mm&r=g\",\"url\":\"https:\\\/\\\/secure.gravatar.com\\\/avatar\\\/5a67661041f057b4a8ccaf26f5a8e86e2689372006d01faf3dd9eeb10b654bb4?s=96&d=mm&r=g\",\"contentUrl\":\"https:\\\/\\\/secure.gravatar.com\\\/avatar\\\/5a67661041f057b4a8ccaf26f5a8e86e2689372006d01faf3dd9eeb10b654bb4?s=96&d=mm&r=g\",\"caption\":\"Cristina Ganga\"},\"description\":\"Jurnalist\",\"sameAs\":[\"https:\\\/\\\/www.facebook.com\\\/cristina.nicola.587\"],\"url\":\"https:\\\/\\\/urbeamea.ro\\\/albaiulia\\\/author\\\/cristina-nicola\\\/\"}]}<\/script>\n<!-- \/ Yoast SEO plugin. -->","yoast_head_json":{"title":"APA CTTA Alba: \u00centreruperea apei potabile \u00een Geomal \u0219i Geoagiu de Sus - Revista Urbea Mea - Revista de Alba","description":"Din cauza unei avarii produs\u0103 \u00een data de 08.08.2019, la conducta de alimentare cu ap\u0103, \u00een zona Geomal, SC APA CTTA SA ALBA este nevoit\u0103 s\u0103 \u00eentrerup\u0103","robots":{"index":"index","follow":"follow","max-snippet":"max-snippet:-1","max-image-preview":"max-image-preview:large","max-video-preview":"max-video-preview:-1"},"canonical":"https:\/\/urbeamea.ro\/albaiulia\/apa-ctta-alba-intreruperea-apei-potabile-in-geomal-si-geoagiu-de-sus\/","twitter_card":"summary_large_image","twitter_title":"APA CTTA Alba: \u00centreruperea apei potabile \u00een Geomal \u0219i Geoagiu de Sus - Revista Urbea Mea - Revista de Alba","twitter_description":"Din cauza unei avarii produs\u0103 \u00een data de 08.08.2019, la conducta de alimentare cu ap\u0103, \u00een zona Geomal, SC APA CTTA SA ALBA este nevoit\u0103 s\u0103 \u00eentrerup\u0103","twitter_image":"https:\/\/urbeamea.ro\/albaiulia\/wp-content\/uploads\/2017\/06\/intrerupere_apa.jpg","twitter_creator":"@urbeameaweb","twitter_site":"@urbeameaweb","schema":{"@context":"https:\/\/schema.org","@graph":[{"@type":"Article","@id":"https:\/\/urbeamea.ro\/albaiulia\/apa-ctta-alba-intreruperea-apei-potabile-in-geomal-si-geoagiu-de-sus\/#article","isPartOf":{"@id":"https:\/\/urbeamea.ro\/albaiulia\/apa-ctta-alba-intreruperea-apei-potabile-in-geomal-si-geoagiu-de-sus\/"},"author":{"name":"Cristina Ganga","@id":"https:\/\/urbeamea.ro\/albaiulia\/#\/schema\/person\/9700d21fae21c4f038b0b56f4506264a"},"headline":"APA CTTA Alba: \u00centreruperea apei potabile \u00een Geomal \u0219i Geoagiu de Sus","datePublished":"2019-08-08T08:55:40+00:00","dateModified":"2019-08-08T08:56:16+00:00","mainEntityOfPage":{"@id":"https:\/\/urbeamea.ro\/albaiulia\/apa-ctta-alba-intreruperea-apei-potabile-in-geomal-si-geoagiu-de-sus\/"},"wordCount":163,"commentCount":0,"image":{"@id":"https:\/\/urbeamea.ro\/albaiulia\/apa-ctta-alba-intreruperea-apei-potabile-in-geomal-si-geoagiu-de-sus\/#primaryimage"},"thumbnailUrl":"https:\/\/urbeamea.ro\/albaiulia\/wp-content\/uploads\/2017\/06\/intrerupere_apa.jpg","keywords":["apa ctta alba","avarie","conducta de alimentare cu apa","geoagiu de sus","geomal","intrerupere apa potabila","stiri","Urbea Mea"],"articleSection":["Social"],"inLanguage":"ro-RO","potentialAction":[{"@type":"CommentAction","name":"Comment","target":["https:\/\/urbeamea.ro\/albaiulia\/apa-ctta-alba-intreruperea-apei-potabile-in-geomal-si-geoagiu-de-sus\/#respond"]}]},{"@type":"WebPage","@id":"https:\/\/urbeamea.ro\/albaiulia\/apa-ctta-alba-intreruperea-apei-potabile-in-geomal-si-geoagiu-de-sus\/","url":"https:\/\/urbeamea.ro\/albaiulia\/apa-ctta-alba-intreruperea-apei-potabile-in-geomal-si-geoagiu-de-sus\/","name":"APA CTTA Alba: \u00centreruperea apei potabile \u00een Geomal \u0219i Geoagiu de Sus - Revista Urbea Mea - Revista de Alba","isPartOf":{"@id":"https:\/\/urbeamea.ro\/albaiulia\/#website"},"primaryImageOfPage":{"@id":"https:\/\/urbeamea.ro\/albaiulia\/apa-ctta-alba-intreruperea-apei-potabile-in-geomal-si-geoagiu-de-sus\/#primaryimage"},"image":{"@id":"https:\/\/urbeamea.ro\/albaiulia\/apa-ctta-alba-intreruperea-apei-potabile-in-geomal-si-geoagiu-de-sus\/#primaryimage"},"thumbnailUrl":"https:\/\/urbeamea.ro\/albaiulia\/wp-content\/uploads\/2017\/06\/intrerupere_apa.jpg","datePublished":"2019-08-08T08:55:40+00:00","dateModified":"2019-08-08T08:56:16+00:00","author":{"@id":"https:\/\/urbeamea.ro\/albaiulia\/#\/schema\/person\/9700d21fae21c4f038b0b56f4506264a"},"description":"Din cauza unei avarii produs\u0103 \u00een data de 08.08.2019, la conducta de alimentare cu ap\u0103, \u00een zona Geomal, SC APA CTTA SA ALBA este nevoit\u0103 s\u0103 \u00eentrerup\u0103","breadcrumb":{"@id":"https:\/\/urbeamea.ro\/albaiulia\/apa-ctta-alba-intreruperea-apei-potabile-in-geomal-si-geoagiu-de-sus\/#breadcrumb"},"inLanguage":"ro-RO","potentialAction":[{"@type":"ReadAction","target":["https:\/\/urbeamea.ro\/albaiulia\/apa-ctta-alba-intreruperea-apei-potabile-in-geomal-si-geoagiu-de-sus\/"]}]},{"@type":"ImageObject","inLanguage":"ro-RO","@id":"https:\/\/urbeamea.ro\/albaiulia\/apa-ctta-alba-intreruperea-apei-potabile-in-geomal-si-geoagiu-de-sus\/#primaryimage","url":"https:\/\/urbeamea.ro\/albaiulia\/wp-content\/uploads\/2017\/06\/intrerupere_apa.jpg","contentUrl":"https:\/\/urbeamea.ro\/albaiulia\/wp-content\/uploads\/2017\/06\/intrerupere_apa.jpg","width":600,"height":375},{"@type":"BreadcrumbList","@id":"https:\/\/urbeamea.ro\/albaiulia\/apa-ctta-alba-intreruperea-apei-potabile-in-geomal-si-geoagiu-de-sus\/#breadcrumb","itemListElement":[{"@type":"ListItem","position":1,"name":"Prima pagin\u0103","item":"https:\/\/urbeamea.ro\/albaiulia\/"},{"@type":"ListItem","position":2,"name":"APA CTTA Alba: \u00centreruperea apei potabile \u00een Geomal \u0219i Geoagiu de Sus"}]},{"@type":"WebSite","@id":"https:\/\/urbeamea.ro\/albaiulia\/#website","url":"https:\/\/urbeamea.ro\/albaiulia\/","name":"Revista Urbea Mea, Stiri urbane","description":"Evenimente \u0219i \u0219tiri din Alba Iulia, Sebe\u0219, Aiud, Blaj","potentialAction":[{"@type":"SearchAction","target":{"@type":"EntryPoint","urlTemplate":"https:\/\/urbeamea.ro\/albaiulia\/?s={search_term_string}"},"query-input":{"@type":"PropertyValueSpecification","valueRequired":true,"valueName":"search_term_string"}}],"inLanguage":"ro-RO"},{"@type":"Person","@id":"https:\/\/urbeamea.ro\/albaiulia\/#\/schema\/person\/9700d21fae21c4f038b0b56f4506264a","name":"Cristina Ganga","image":{"@type":"ImageObject","inLanguage":"ro-RO","@id":"https:\/\/secure.gravatar.com\/avatar\/5a67661041f057b4a8ccaf26f5a8e86e2689372006d01faf3dd9eeb10b654bb4?s=96&d=mm&r=g","url":"https:\/\/secure.gravatar.com\/avatar\/5a67661041f057b4a8ccaf26f5a8e86e2689372006d01faf3dd9eeb10b654bb4?s=96&d=mm&r=g","contentUrl":"https:\/\/secure.gravatar.com\/avatar\/5a67661041f057b4a8ccaf26f5a8e86e2689372006d01faf3dd9eeb10b654bb4?s=96&d=mm&r=g","caption":"Cristina Ganga"},"description":"Jurnalist","sameAs":["https:\/\/www.facebook.com\/cristina.nicola.587"],"url":"https:\/\/urbeamea.ro\/albaiulia\/author\/cristina-nicola\/"}]}},"_links":{"self":[{"href":"https:\/\/urbeamea.ro\/albaiulia\/wp-json\/wp\/v2\/posts\/81257","targetHints":{"allow":["GET"]}}],"collection":[{"href":"https:\/\/urbeamea.ro\/albaiulia\/wp-json\/wp\/v2\/posts"}],"about":[{"href":"https:\/\/urbeamea.ro\/albaiulia\/wp-json\/wp\/v2\/types\/post"}],"author":[{"embeddable":true,"href":"https:\/\/urbeamea.ro\/albaiulia\/wp-json\/wp\/v2\/users\/17"}],"replies":[{"embeddable":true,"href":"https:\/\/urbeamea.ro\/albaiulia\/wp-json\/wp\/v2\/comments?post=81257"}],"version-history":[{"count":0,"href":"https:\/\/urbeamea.ro\/albaiulia\/wp-json\/wp\/v2\/posts\/81257\/revisions"}],"wp:featuredmedia":[{"embeddable":true,"href":"https:\/\/urbeamea.ro\/albaiulia\/wp-json\/wp\/v2\/media\/47704"}],"wp:attachment":[{"href":"https:\/\/urbeamea.ro\/albaiulia\/wp-json\/wp\/v2\/media?parent=81257"}],"wp:term":[{"taxonomy":"category","embeddable":true,"href":"https:\/\/urbeamea.ro\/albaiulia\/wp-json\/wp\/v2\/categories?post=81257"},{"taxonomy":"post_tag","embeddable":true,"href":"https:\/\/urbeamea.ro\/albaiulia\/wp-json\/wp\/v2\/tags?post=81257"}],"curies":[{"name":"wp","href":"https:\/\/api.w.org\/{rel}","templated":true}]}}