{"id":81614,"date":"2019-08-14T08:47:46","date_gmt":"2019-08-14T05:47:46","guid":{"rendered":"https:\/\/urbeamea.ro\/albaiulia\/?p=81614"},"modified":"2019-08-14T08:47:48","modified_gmt":"2019-08-14T05:47:48","slug":"fanfara-din-petresti-cel-mai-longeviv-brand-al-sebesului-la-ceas-aniversar-1879-2019","status":"publish","type":"post","link":"https:\/\/urbeamea.ro\/albaiulia\/fanfara-din-petresti-cel-mai-longeviv-brand-al-sebesului-la-ceas-aniversar-1879-2019\/","title":{"rendered":"Fanfara din Petre\u0219ti, cel mai longeviv brand al Sebe\u0219ului, la ceas aniversar (1879-2019)"},"content":{"rendered":"\n<p><strong>Aflat\u0103 la cea de-a 140-a aniversare, Fanfara din Petre\u015fti duce mai departe povestea frumoas\u0103 a convie\u0163uirii rom\u00e2no-germane \u00een Podi\u015ful Seca\u015felor. \u00cenfiin\u0163at\u0103 \u00een anul 1879, prin eforturile preotului luteran Michael Thut, Fanfara din Petre\u015fti este cea care a \u00eenso\u0163it popula\u0163ia acestor meleaguri \u00een toate momentele importante ale vie\u0163ii, fie c\u0103 vorbim despre marile s\u0103rb\u0103tori, despre c\u0103s\u0103torii \u015fi botezuri, fie despre conducerea pe ultimul drum a celor pleca\u0163i dintre noi.<\/strong><\/p>\n\n\n\n<p>Dac\u0103 \u00eenceputurile acestei veritabile ,,institu\u0163ii\u201d a Sebe\u015fului au fost modeste, ini\u0163iatorul acestui proiect fiind, \u00een acela\u015fi timp, instructor \u015fi dirijor, din aproape \u00een aproape activitatea acesteia a devenit vizibil\u0103, \u00eentre cele dou\u0103 r\u0103zboaie mondiale cunosc\u00e2nd perioada de apogeu, prin cooptarea unor profesioni\u015fti, precum Simion Hann, Simion Sommer sau Michael Binder. Ace\u015ftia, sprijini\u0163i de diver\u015fii \u00eentreprinz\u0103tori locali de etnie german\u0103, au fost cei care au diversificat \u015fi extins activitatea Fanfarei din Petre\u015fti, aceasta \u00eenfiin\u0163\u00e2nd alte dou\u0103 forma\u0163iuni \u015fi anume: fanfara fabricii de h\u00e2rtie, iar mai t\u00e2rziu fanfara copiilor.<\/p>\n\n\n\n<p>Dup\u0103 cel de-al Doilea R\u0103zboi Mondial, Fanfara din Petre\u015fti, \u00eembog\u0103\u0163it\u0103 cu foste cadre militare din fanfarele armatei, a \u00eenceput seria turneelor \u00een \u0163ar\u0103, particip\u00e2nd la diversele competi\u0163ii de profil \u015fi ob\u0163in\u00e2nd performan\u0163e notabile: locul II al Festivalului Artelor de Amatori (1951), locul I al Festivalului Fanfarelor de Amatori (1969-1970).<\/p>\n\n\n\n<p>Din nefericire, pe fondul numeroaselor emigr\u0103ri \u00eenspre Republica Federal\u0103 Germania, activitatea Fanfarei din Petre\u015fti a fost mult restr\u00e2ns\u0103, limitat\u0103 doar la mar\u015furile funebre sau paradele de 1 Mai. Dup\u0103 anul 2008, activitatea acesteia a fost revigorat\u0103, prin refacerea forma\u0163iei, prin re\u00eenfiin\u0163area fanfarei copiilor, prin \u00eenfiin\u0163area Asocia\u0163iei \u201eFanfara Petre\u015fti\u201d, precum \u015fi prin \u00eenfiin\u0163area Muzeului Fanfarei din Petre\u015fti.<\/p>\n\n\n\n<p>Ast\u0103zi, Fanfara din Petre\u015fti, continuatoarea vechilor tradi\u0163ii \u015fi obiceiuri s\u0103se\u015fti \u0219i rom\u00e2ne\u0219ti din zona Sebe\u0219ului, este un \u201eorganism\u201d viu, prezent activ \u00een via\u0163a comunit\u0103\u0163ii; fanfara este cea care veste\u015fte sosirea prim\u0103verii \u015fi rena\u015fterea naturii, este cea care ne \u00eenc\u00e2nt\u0103 duminicile \u015fi zilele de mare s\u0103rb\u0103toare, este cea care acompaniaz\u0103 marile evenimente de peste an (1 Mai, Ziua Eroilor, Zilele Municipiului Sebe\u0219 etc.), este cea care \u00een preajma Zilei Na\u0163ionale a Rom\u00e2niei ne aduce aminte de jertfele mo\u015filor \u015fi str\u0103mo\u015filor no\u015ftri, este cea care organizeaz\u0103 baluri, petreceri \u015fi s\u0103rb\u0103tori \u00een aer liber, oferindu-ne o veritabil\u0103 lec\u0163ie de supravie\u0163uire \u015fi duc\u00e2nd mai departe povestea frumoas\u0103 a genera\u0163iilor de muzicieni \u0219i instrumenti\u015fti \u201epetrif\u0103leni\u201d.<\/p>\n\n\n\n<p>Cu ocazia anivers\u0103rii celor 140 de ani scur\u0219i de la \u00eenfiin\u021barea fanfarei, Prim\u0103ria \u0219i Consiliul Local al Municipiului Sebe\u0219, Centrul Cultural \u201eLucian Blaga\u201d Sebe\u0219, \u00een colaborare cu Asocia\u021bia \u201eFanfara Petre\u0219ti\u201d, au ini\u021biat demersurile organiz\u0103rii unor manifest\u0103ri cultural-educative care s\u0103 marcheze a\u0219a cum se cuvine acest moment. <\/p>\n\n\n\n<p>\u00cen acest sens, va fi organizat un spectacol omagial \u0219i un bal al fanfarei, un festival al celor mai active fanfare din \u021bar\u0103, va fi reeditat\u0103 monografia fanfarei (elaborat\u0103 de domnul Voicu Cioara), iar Muzeul Fanfarei din Petre\u0219ti va g\u0103zdui o expozi\u021bie documentar\u0103 dedicat\u0103 activit\u0103\u021bii desf\u0103\u0219urate de Fanfara Petre\u0219ti de-a lungul celor 140 de ani de existen\u021b\u0103.<\/p>\n","protected":false},"excerpt":{"rendered":"<p>Aflat\u0103 la cea de-a 140-a aniversare, Fanfara din Petre\u015fti duce mai departe povestea frumoas\u0103 a convie\u0163uirii rom\u00e2no-germane \u00een Podi\u015ful Seca\u015felor. \u00cenfiin\u0163at\u0103 \u00een anul 1879, prin eforturile preotului luteran Michael Thut, Fanfara din Petre\u015fti este cea care a \u00eenso\u0163it popula\u0163ia acestor meleaguri \u00een toate momentele importante ale vie\u0163ii, fie c\u0103 vorbim despre marile s\u0103rb\u0103tori, despre c\u0103s\u0103torii &hellip;<\/p>\n","protected":false},"author":17,"featured_media":81615,"comment_status":"open","ping_status":"open","sticky":false,"template":"","format":"standard","meta":{"inline_featured_image":false,"footnotes":""},"categories":[4],"tags":[307,18537,10847,18538,308,76],"class_list":["post-81614","post","type-post","status-publish","format-standard","has-post-thumbnail","hentry","category-eveniment","tag-alba","tag-cel-mai-longeviv-brand-al-sebesului","tag-fanfara-din-petresti","tag-la-ceas-aniversar","tag-stiri","tag-urbea-mea"],"yoast_head":"<!-- This site is optimized with the Yoast SEO plugin v27.4 - https:\/\/yoast.com\/product\/yoast-seo-wordpress\/ -->\n<title>Fanfara din Petre\u0219ti, cel mai longeviv brand al Sebe\u0219ului, la ceas aniversar (1879-2019) - Revista Urbea Mea - Revista de Alba<\/title>\n<meta name=\"description\" content=\"Aflat\u0103 la cea de-a 140-a aniversare, Fanfara din Petre\u015fti duce mai departe povestea frumoas\u0103 a convie\u0163uirii rom\u00e2no-germane \u00een Podi\u015ful Seca\u015felor.\" \/>\n<meta name=\"robots\" content=\"index, follow, max-snippet:-1, max-image-preview:large, max-video-preview:-1\" \/>\n<link rel=\"canonical\" href=\"https:\/\/urbeamea.ro\/albaiulia\/fanfara-din-petresti-cel-mai-longeviv-brand-al-sebesului-la-ceas-aniversar-1879-2019\/\" \/>\n<meta name=\"twitter:card\" content=\"summary_large_image\" \/>\n<meta name=\"twitter:title\" content=\"Fanfara din Petre\u0219ti, cel mai longeviv brand al Sebe\u0219ului, la ceas aniversar (1879-2019) - Revista Urbea Mea - Revista de Alba\" \/>\n<meta name=\"twitter:description\" content=\"Aflat\u0103 la cea de-a 140-a aniversare, Fanfara din Petre\u015fti duce mai departe povestea frumoas\u0103 a convie\u0163uirii rom\u00e2no-germane \u00een Podi\u015ful Seca\u015felor.\" \/>\n<meta name=\"twitter:image\" content=\"https:\/\/urbeamea.ro\/albaiulia\/wp-content\/uploads\/2019\/08\/afis_zms_A0-fanfara.jpg\" \/>\n<meta name=\"twitter:creator\" content=\"@urbeameaweb\" \/>\n<meta name=\"twitter:site\" content=\"@urbeameaweb\" \/>\n<script type=\"application\/ld+json\" class=\"yoast-schema-graph\">{\"@context\":\"https:\\\/\\\/schema.org\",\"@graph\":[{\"@type\":\"Article\",\"@id\":\"https:\\\/\\\/urbeamea.ro\\\/albaiulia\\\/fanfara-din-petresti-cel-mai-longeviv-brand-al-sebesului-la-ceas-aniversar-1879-2019\\\/#article\",\"isPartOf\":{\"@id\":\"https:\\\/\\\/urbeamea.ro\\\/albaiulia\\\/fanfara-din-petresti-cel-mai-longeviv-brand-al-sebesului-la-ceas-aniversar-1879-2019\\\/\"},\"author\":{\"name\":\"Cristina Ganga\",\"@id\":\"https:\\\/\\\/urbeamea.ro\\\/albaiulia\\\/#\\\/schema\\\/person\\\/9700d21fae21c4f038b0b56f4506264a\"},\"headline\":\"Fanfara din Petre\u0219ti, cel mai longeviv brand al Sebe\u0219ului, la ceas aniversar (1879-2019)\",\"datePublished\":\"2019-08-14T05:47:46+00:00\",\"dateModified\":\"2019-08-14T05:47:48+00:00\",\"mainEntityOfPage\":{\"@id\":\"https:\\\/\\\/urbeamea.ro\\\/albaiulia\\\/fanfara-din-petresti-cel-mai-longeviv-brand-al-sebesului-la-ceas-aniversar-1879-2019\\\/\"},\"wordCount\":578,\"commentCount\":0,\"image\":{\"@id\":\"https:\\\/\\\/urbeamea.ro\\\/albaiulia\\\/fanfara-din-petresti-cel-mai-longeviv-brand-al-sebesului-la-ceas-aniversar-1879-2019\\\/#primaryimage\"},\"thumbnailUrl\":\"https:\\\/\\\/urbeamea.ro\\\/albaiulia\\\/wp-content\\\/uploads\\\/2019\\\/08\\\/afis_zms_A0-fanfara.jpg\",\"keywords\":[\"alba\",\"cel mai longeviv brand al sebesului\",\"fanfara din petresti\",\"la ceas aniversar\",\"stiri\",\"Urbea Mea\"],\"articleSection\":[\"Evenimente\"],\"inLanguage\":\"ro-RO\",\"potentialAction\":[{\"@type\":\"CommentAction\",\"name\":\"Comment\",\"target\":[\"https:\\\/\\\/urbeamea.ro\\\/albaiulia\\\/fanfara-din-petresti-cel-mai-longeviv-brand-al-sebesului-la-ceas-aniversar-1879-2019\\\/#respond\"]}]},{\"@type\":\"WebPage\",\"@id\":\"https:\\\/\\\/urbeamea.ro\\\/albaiulia\\\/fanfara-din-petresti-cel-mai-longeviv-brand-al-sebesului-la-ceas-aniversar-1879-2019\\\/\",\"url\":\"https:\\\/\\\/urbeamea.ro\\\/albaiulia\\\/fanfara-din-petresti-cel-mai-longeviv-brand-al-sebesului-la-ceas-aniversar-1879-2019\\\/\",\"name\":\"Fanfara din Petre\u0219ti, cel mai longeviv brand al Sebe\u0219ului, la ceas aniversar (1879-2019) - Revista Urbea Mea - Revista de Alba\",\"isPartOf\":{\"@id\":\"https:\\\/\\\/urbeamea.ro\\\/albaiulia\\\/#website\"},\"primaryImageOfPage\":{\"@id\":\"https:\\\/\\\/urbeamea.ro\\\/albaiulia\\\/fanfara-din-petresti-cel-mai-longeviv-brand-al-sebesului-la-ceas-aniversar-1879-2019\\\/#primaryimage\"},\"image\":{\"@id\":\"https:\\\/\\\/urbeamea.ro\\\/albaiulia\\\/fanfara-din-petresti-cel-mai-longeviv-brand-al-sebesului-la-ceas-aniversar-1879-2019\\\/#primaryimage\"},\"thumbnailUrl\":\"https:\\\/\\\/urbeamea.ro\\\/albaiulia\\\/wp-content\\\/uploads\\\/2019\\\/08\\\/afis_zms_A0-fanfara.jpg\",\"datePublished\":\"2019-08-14T05:47:46+00:00\",\"dateModified\":\"2019-08-14T05:47:48+00:00\",\"author\":{\"@id\":\"https:\\\/\\\/urbeamea.ro\\\/albaiulia\\\/#\\\/schema\\\/person\\\/9700d21fae21c4f038b0b56f4506264a\"},\"description\":\"Aflat\u0103 la cea de-a 140-a aniversare, Fanfara din Petre\u015fti duce mai departe povestea frumoas\u0103 a convie\u0163uirii rom\u00e2no-germane \u00een Podi\u015ful Seca\u015felor.\",\"breadcrumb\":{\"@id\":\"https:\\\/\\\/urbeamea.ro\\\/albaiulia\\\/fanfara-din-petresti-cel-mai-longeviv-brand-al-sebesului-la-ceas-aniversar-1879-2019\\\/#breadcrumb\"},\"inLanguage\":\"ro-RO\",\"potentialAction\":[{\"@type\":\"ReadAction\",\"target\":[\"https:\\\/\\\/urbeamea.ro\\\/albaiulia\\\/fanfara-din-petresti-cel-mai-longeviv-brand-al-sebesului-la-ceas-aniversar-1879-2019\\\/\"]}]},{\"@type\":\"ImageObject\",\"inLanguage\":\"ro-RO\",\"@id\":\"https:\\\/\\\/urbeamea.ro\\\/albaiulia\\\/fanfara-din-petresti-cel-mai-longeviv-brand-al-sebesului-la-ceas-aniversar-1879-2019\\\/#primaryimage\",\"url\":\"https:\\\/\\\/urbeamea.ro\\\/albaiulia\\\/wp-content\\\/uploads\\\/2019\\\/08\\\/afis_zms_A0-fanfara.jpg\",\"contentUrl\":\"https:\\\/\\\/urbeamea.ro\\\/albaiulia\\\/wp-content\\\/uploads\\\/2019\\\/08\\\/afis_zms_A0-fanfara.jpg\",\"width\":990,\"height\":1400},{\"@type\":\"BreadcrumbList\",\"@id\":\"https:\\\/\\\/urbeamea.ro\\\/albaiulia\\\/fanfara-din-petresti-cel-mai-longeviv-brand-al-sebesului-la-ceas-aniversar-1879-2019\\\/#breadcrumb\",\"itemListElement\":[{\"@type\":\"ListItem\",\"position\":1,\"name\":\"Prima pagin\u0103\",\"item\":\"https:\\\/\\\/urbeamea.ro\\\/albaiulia\\\/\"},{\"@type\":\"ListItem\",\"position\":2,\"name\":\"Fanfara din Petre\u0219ti, cel mai longeviv brand al Sebe\u0219ului, la ceas aniversar (1879-2019)\"}]},{\"@type\":\"WebSite\",\"@id\":\"https:\\\/\\\/urbeamea.ro\\\/albaiulia\\\/#website\",\"url\":\"https:\\\/\\\/urbeamea.ro\\\/albaiulia\\\/\",\"name\":\"Revista Urbea Mea, Stiri urbane\",\"description\":\"Evenimente \u0219i \u0219tiri din Alba Iulia, Sebe\u0219, Aiud, Blaj\",\"potentialAction\":[{\"@type\":\"SearchAction\",\"target\":{\"@type\":\"EntryPoint\",\"urlTemplate\":\"https:\\\/\\\/urbeamea.ro\\\/albaiulia\\\/?s={search_term_string}\"},\"query-input\":{\"@type\":\"PropertyValueSpecification\",\"valueRequired\":true,\"valueName\":\"search_term_string\"}}],\"inLanguage\":\"ro-RO\"},{\"@type\":\"Person\",\"@id\":\"https:\\\/\\\/urbeamea.ro\\\/albaiulia\\\/#\\\/schema\\\/person\\\/9700d21fae21c4f038b0b56f4506264a\",\"name\":\"Cristina Ganga\",\"image\":{\"@type\":\"ImageObject\",\"inLanguage\":\"ro-RO\",\"@id\":\"https:\\\/\\\/secure.gravatar.com\\\/avatar\\\/5a67661041f057b4a8ccaf26f5a8e86e2689372006d01faf3dd9eeb10b654bb4?s=96&d=mm&r=g\",\"url\":\"https:\\\/\\\/secure.gravatar.com\\\/avatar\\\/5a67661041f057b4a8ccaf26f5a8e86e2689372006d01faf3dd9eeb10b654bb4?s=96&d=mm&r=g\",\"contentUrl\":\"https:\\\/\\\/secure.gravatar.com\\\/avatar\\\/5a67661041f057b4a8ccaf26f5a8e86e2689372006d01faf3dd9eeb10b654bb4?s=96&d=mm&r=g\",\"caption\":\"Cristina Ganga\"},\"description\":\"Jurnalist\",\"sameAs\":[\"https:\\\/\\\/www.facebook.com\\\/cristina.nicola.587\"],\"url\":\"https:\\\/\\\/urbeamea.ro\\\/albaiulia\\\/author\\\/cristina-nicola\\\/\"}]}<\/script>\n<!-- \/ Yoast SEO plugin. -->","yoast_head_json":{"title":"Fanfara din Petre\u0219ti, cel mai longeviv brand al Sebe\u0219ului, la ceas aniversar (1879-2019) - Revista Urbea Mea - Revista de Alba","description":"Aflat\u0103 la cea de-a 140-a aniversare, Fanfara din Petre\u015fti duce mai departe povestea frumoas\u0103 a convie\u0163uirii rom\u00e2no-germane \u00een Podi\u015ful Seca\u015felor.","robots":{"index":"index","follow":"follow","max-snippet":"max-snippet:-1","max-image-preview":"max-image-preview:large","max-video-preview":"max-video-preview:-1"},"canonical":"https:\/\/urbeamea.ro\/albaiulia\/fanfara-din-petresti-cel-mai-longeviv-brand-al-sebesului-la-ceas-aniversar-1879-2019\/","twitter_card":"summary_large_image","twitter_title":"Fanfara din Petre\u0219ti, cel mai longeviv brand al Sebe\u0219ului, la ceas aniversar (1879-2019) - Revista Urbea Mea - Revista de Alba","twitter_description":"Aflat\u0103 la cea de-a 140-a aniversare, Fanfara din Petre\u015fti duce mai departe povestea frumoas\u0103 a convie\u0163uirii rom\u00e2no-germane \u00een Podi\u015ful Seca\u015felor.","twitter_image":"https:\/\/urbeamea.ro\/albaiulia\/wp-content\/uploads\/2019\/08\/afis_zms_A0-fanfara.jpg","twitter_creator":"@urbeameaweb","twitter_site":"@urbeameaweb","schema":{"@context":"https:\/\/schema.org","@graph":[{"@type":"Article","@id":"https:\/\/urbeamea.ro\/albaiulia\/fanfara-din-petresti-cel-mai-longeviv-brand-al-sebesului-la-ceas-aniversar-1879-2019\/#article","isPartOf":{"@id":"https:\/\/urbeamea.ro\/albaiulia\/fanfara-din-petresti-cel-mai-longeviv-brand-al-sebesului-la-ceas-aniversar-1879-2019\/"},"author":{"name":"Cristina Ganga","@id":"https:\/\/urbeamea.ro\/albaiulia\/#\/schema\/person\/9700d21fae21c4f038b0b56f4506264a"},"headline":"Fanfara din Petre\u0219ti, cel mai longeviv brand al Sebe\u0219ului, la ceas aniversar (1879-2019)","datePublished":"2019-08-14T05:47:46+00:00","dateModified":"2019-08-14T05:47:48+00:00","mainEntityOfPage":{"@id":"https:\/\/urbeamea.ro\/albaiulia\/fanfara-din-petresti-cel-mai-longeviv-brand-al-sebesului-la-ceas-aniversar-1879-2019\/"},"wordCount":578,"commentCount":0,"image":{"@id":"https:\/\/urbeamea.ro\/albaiulia\/fanfara-din-petresti-cel-mai-longeviv-brand-al-sebesului-la-ceas-aniversar-1879-2019\/#primaryimage"},"thumbnailUrl":"https:\/\/urbeamea.ro\/albaiulia\/wp-content\/uploads\/2019\/08\/afis_zms_A0-fanfara.jpg","keywords":["alba","cel mai longeviv brand al sebesului","fanfara din petresti","la ceas aniversar","stiri","Urbea Mea"],"articleSection":["Evenimente"],"inLanguage":"ro-RO","potentialAction":[{"@type":"CommentAction","name":"Comment","target":["https:\/\/urbeamea.ro\/albaiulia\/fanfara-din-petresti-cel-mai-longeviv-brand-al-sebesului-la-ceas-aniversar-1879-2019\/#respond"]}]},{"@type":"WebPage","@id":"https:\/\/urbeamea.ro\/albaiulia\/fanfara-din-petresti-cel-mai-longeviv-brand-al-sebesului-la-ceas-aniversar-1879-2019\/","url":"https:\/\/urbeamea.ro\/albaiulia\/fanfara-din-petresti-cel-mai-longeviv-brand-al-sebesului-la-ceas-aniversar-1879-2019\/","name":"Fanfara din Petre\u0219ti, cel mai longeviv brand al Sebe\u0219ului, la ceas aniversar (1879-2019) - Revista Urbea Mea - Revista de Alba","isPartOf":{"@id":"https:\/\/urbeamea.ro\/albaiulia\/#website"},"primaryImageOfPage":{"@id":"https:\/\/urbeamea.ro\/albaiulia\/fanfara-din-petresti-cel-mai-longeviv-brand-al-sebesului-la-ceas-aniversar-1879-2019\/#primaryimage"},"image":{"@id":"https:\/\/urbeamea.ro\/albaiulia\/fanfara-din-petresti-cel-mai-longeviv-brand-al-sebesului-la-ceas-aniversar-1879-2019\/#primaryimage"},"thumbnailUrl":"https:\/\/urbeamea.ro\/albaiulia\/wp-content\/uploads\/2019\/08\/afis_zms_A0-fanfara.jpg","datePublished":"2019-08-14T05:47:46+00:00","dateModified":"2019-08-14T05:47:48+00:00","author":{"@id":"https:\/\/urbeamea.ro\/albaiulia\/#\/schema\/person\/9700d21fae21c4f038b0b56f4506264a"},"description":"Aflat\u0103 la cea de-a 140-a aniversare, Fanfara din Petre\u015fti duce mai departe povestea frumoas\u0103 a convie\u0163uirii rom\u00e2no-germane \u00een Podi\u015ful Seca\u015felor.","breadcrumb":{"@id":"https:\/\/urbeamea.ro\/albaiulia\/fanfara-din-petresti-cel-mai-longeviv-brand-al-sebesului-la-ceas-aniversar-1879-2019\/#breadcrumb"},"inLanguage":"ro-RO","potentialAction":[{"@type":"ReadAction","target":["https:\/\/urbeamea.ro\/albaiulia\/fanfara-din-petresti-cel-mai-longeviv-brand-al-sebesului-la-ceas-aniversar-1879-2019\/"]}]},{"@type":"ImageObject","inLanguage":"ro-RO","@id":"https:\/\/urbeamea.ro\/albaiulia\/fanfara-din-petresti-cel-mai-longeviv-brand-al-sebesului-la-ceas-aniversar-1879-2019\/#primaryimage","url":"https:\/\/urbeamea.ro\/albaiulia\/wp-content\/uploads\/2019\/08\/afis_zms_A0-fanfara.jpg","contentUrl":"https:\/\/urbeamea.ro\/albaiulia\/wp-content\/uploads\/2019\/08\/afis_zms_A0-fanfara.jpg","width":990,"height":1400},{"@type":"BreadcrumbList","@id":"https:\/\/urbeamea.ro\/albaiulia\/fanfara-din-petresti-cel-mai-longeviv-brand-al-sebesului-la-ceas-aniversar-1879-2019\/#breadcrumb","itemListElement":[{"@type":"ListItem","position":1,"name":"Prima pagin\u0103","item":"https:\/\/urbeamea.ro\/albaiulia\/"},{"@type":"ListItem","position":2,"name":"Fanfara din Petre\u0219ti, cel mai longeviv brand al Sebe\u0219ului, la ceas aniversar (1879-2019)"}]},{"@type":"WebSite","@id":"https:\/\/urbeamea.ro\/albaiulia\/#website","url":"https:\/\/urbeamea.ro\/albaiulia\/","name":"Revista Urbea Mea, Stiri urbane","description":"Evenimente \u0219i \u0219tiri din Alba Iulia, Sebe\u0219, Aiud, Blaj","potentialAction":[{"@type":"SearchAction","target":{"@type":"EntryPoint","urlTemplate":"https:\/\/urbeamea.ro\/albaiulia\/?s={search_term_string}"},"query-input":{"@type":"PropertyValueSpecification","valueRequired":true,"valueName":"search_term_string"}}],"inLanguage":"ro-RO"},{"@type":"Person","@id":"https:\/\/urbeamea.ro\/albaiulia\/#\/schema\/person\/9700d21fae21c4f038b0b56f4506264a","name":"Cristina Ganga","image":{"@type":"ImageObject","inLanguage":"ro-RO","@id":"https:\/\/secure.gravatar.com\/avatar\/5a67661041f057b4a8ccaf26f5a8e86e2689372006d01faf3dd9eeb10b654bb4?s=96&d=mm&r=g","url":"https:\/\/secure.gravatar.com\/avatar\/5a67661041f057b4a8ccaf26f5a8e86e2689372006d01faf3dd9eeb10b654bb4?s=96&d=mm&r=g","contentUrl":"https:\/\/secure.gravatar.com\/avatar\/5a67661041f057b4a8ccaf26f5a8e86e2689372006d01faf3dd9eeb10b654bb4?s=96&d=mm&r=g","caption":"Cristina Ganga"},"description":"Jurnalist","sameAs":["https:\/\/www.facebook.com\/cristina.nicola.587"],"url":"https:\/\/urbeamea.ro\/albaiulia\/author\/cristina-nicola\/"}]}},"_links":{"self":[{"href":"https:\/\/urbeamea.ro\/albaiulia\/wp-json\/wp\/v2\/posts\/81614","targetHints":{"allow":["GET"]}}],"collection":[{"href":"https:\/\/urbeamea.ro\/albaiulia\/wp-json\/wp\/v2\/posts"}],"about":[{"href":"https:\/\/urbeamea.ro\/albaiulia\/wp-json\/wp\/v2\/types\/post"}],"author":[{"embeddable":true,"href":"https:\/\/urbeamea.ro\/albaiulia\/wp-json\/wp\/v2\/users\/17"}],"replies":[{"embeddable":true,"href":"https:\/\/urbeamea.ro\/albaiulia\/wp-json\/wp\/v2\/comments?post=81614"}],"version-history":[{"count":0,"href":"https:\/\/urbeamea.ro\/albaiulia\/wp-json\/wp\/v2\/posts\/81614\/revisions"}],"wp:featuredmedia":[{"embeddable":true,"href":"https:\/\/urbeamea.ro\/albaiulia\/wp-json\/wp\/v2\/media\/81615"}],"wp:attachment":[{"href":"https:\/\/urbeamea.ro\/albaiulia\/wp-json\/wp\/v2\/media?parent=81614"}],"wp:term":[{"taxonomy":"category","embeddable":true,"href":"https:\/\/urbeamea.ro\/albaiulia\/wp-json\/wp\/v2\/categories?post=81614"},{"taxonomy":"post_tag","embeddable":true,"href":"https:\/\/urbeamea.ro\/albaiulia\/wp-json\/wp\/v2\/tags?post=81614"}],"curies":[{"name":"wp","href":"https:\/\/api.w.org\/{rel}","templated":true}]}}