{"id":81720,"date":"2019-08-19T15:01:15","date_gmt":"2019-08-19T12:01:15","guid":{"rendered":"https:\/\/urbeamea.ro\/albaiulia\/?p=81720"},"modified":"2019-08-19T15:01:52","modified_gmt":"2019-08-19T12:01:52","slug":"de-ce-sa-aplici-pentru-un-program-de-calificare-in-industria-automotive","status":"publish","type":"post","link":"https:\/\/urbeamea.ro\/albaiulia\/de-ce-sa-aplici-pentru-un-program-de-calificare-in-industria-automotive\/","title":{"rendered":"De ce s\u0103 aplici pentru un program de calificare \u00een Industria Automotive?"},"content":{"rendered":"\n<p>Ai c\u0103utat \u00eendelung un loc unde s\u0103\nfii apreciat \u0219i respectat? Programul de Calificare de la #StarAssembly poate fi\nun nou \u00eenceput!&nbsp;<\/p>\n\n\n\n<p>\u00cen cele 12 luni de curs, vei lucra\ncu tehnologie de ultim\u0103 genera\u021bie, al\u0103turi de profesioni\u0219ti, iar, la final, vei\nob\u021bine o diplom\u0103 de calificare \u201dOperator Montaj Linii Automate\u201d, recunoscut\u0103\nat\u00e2t la nivel na\u021bional c\u00e2t \u0219i european. <\/p>\n\n\n\n<p><strong><\/strong><\/p>\n\n\n\n<p><strong>5 motive<\/strong> pentru care trebuie s\u0103 profi\u021bi de aceast\u0103 ocazie:<\/p>\n\n\n\n<ol class=\"wp-block-list\"><li>Lucrezi cu tehnologie de ultim\u0103 genera\u021bie;<\/li><li>C\u00e2\u0219tigi experien\u021b\u0103 al\u0103turi de profesioni\u0219ti;<\/li><li>Salariu + extra 1.000 ron\/lun\u0103;<\/li><li>Transportul \u0219i pr\u00e2nzul sunt asigurate;<\/li><\/ol>\n\n\n\n<p>E\u0219ti curios care este al <strong>5-lea<\/strong>? <\/p>\n\n\n\n<p><strong>Cu ce r\u0103m\u00e2i dup\u0103 absolvirea\ncursului:<\/strong><\/p>\n\n\n\n<ul class=\"wp-block-list\"><li>Cunoa\u0219terea ma\u0219inilor pe care trebuie s\u0103 operezi si a\ncomponentelor ce formeaz\u0103 cutia de viteze;<\/li><li>Cuno\u0219tin\u021be privind exploatarea \u0219i \u00eentre\u021binerea utilajelor,\ndispozitivelor \u0219i verificatoarelor din atelierele de montaj;<\/li><li>No\u021biuni teoretice \u0219i practice necesare \u00een domeniu;<\/li><li>Cu mai mul\u021bi prieteni si cu o calificare recunoscut\u0103 \u0219i\nacreditat\u0103.<\/li><\/ul>\n\n\n\n<p><strong><\/strong><\/p>\n\n\n\n<figure class=\"wp-block-image is-resized\"><img loading=\"lazy\" decoding=\"async\" src=\"https:\/\/urbeamea.ro\/albaiulia\/wp-content\/uploads\/2019\/08\/Program-de-Calificare-cartoon-960x1280.png\" alt=\"\" class=\"wp-image-81721\" width=\"587\" height=\"783\" srcset=\"https:\/\/urbeamea.ro\/albaiulia\/wp-content\/uploads\/2019\/08\/Program-de-Calificare-cartoon-960x1280.png 960w, https:\/\/urbeamea.ro\/albaiulia\/wp-content\/uploads\/2019\/08\/Program-de-Calificare-cartoon-113x150.png 113w, https:\/\/urbeamea.ro\/albaiulia\/wp-content\/uploads\/2019\/08\/Program-de-Calificare-cartoon-480x640.png 480w, https:\/\/urbeamea.ro\/albaiulia\/wp-content\/uploads\/2019\/08\/Program-de-Calificare-cartoon-768x1024.png 768w, https:\/\/urbeamea.ro\/albaiulia\/wp-content\/uploads\/2019\/08\/Program-de-Calificare-cartoon.png 1080w\" sizes=\"auto, (max-width: 587px) 100vw, 587px\" \/><\/figure>\n","protected":false},"excerpt":{"rendered":"<p>Ai c\u0103utat \u00eendelung un loc unde s\u0103 fii apreciat \u0219i respectat? Programul de Calificare de la #StarAssembly poate fi un nou \u00eenceput!&nbsp; \u00cen cele 12 luni de curs, vei lucra cu tehnologie de ultim\u0103 genera\u021bie, al\u0103turi de profesioni\u0219ti, iar, la final, vei ob\u021bine o diplom\u0103 de calificare \u201dOperator Montaj Linii Automate\u201d, recunoscut\u0103 at\u00e2t la nivel &hellip;<\/p>\n","protected":false},"author":5,"featured_media":81722,"comment_status":"open","ping_status":"open","sticky":false,"template":"","format":"standard","meta":{"inline_featured_image":false,"footnotes":""},"categories":[1],"tags":[],"class_list":["post-81720","post","type-post","status-publish","format-standard","has-post-thumbnail","hentry","category-stiri-urbane"],"yoast_head":"<!-- This site is optimized with the Yoast SEO plugin v27.4 - https:\/\/yoast.com\/product\/yoast-seo-wordpress\/ -->\n<title>De ce s\u0103 aplici pentru un program de calificare \u00een Industria Automotive? - Revista Urbea Mea - Revista de Alba<\/title>\n<meta name=\"description\" content=\"Ai c\u0103utat \u00eendelung un loc unde s\u0103 fii apreciat \u0219i respectat? Programul de Calificare de la #StarAssembly poate fi un nou \u00eenceput!&nbsp; \u00cen cele 12 luni de\" \/>\n<meta name=\"robots\" content=\"index, follow, max-snippet:-1, max-image-preview:large, max-video-preview:-1\" \/>\n<link rel=\"canonical\" href=\"https:\/\/urbeamea.ro\/albaiulia\/de-ce-sa-aplici-pentru-un-program-de-calificare-in-industria-automotive\/\" \/>\n<meta name=\"twitter:card\" content=\"summary_large_image\" \/>\n<meta name=\"twitter:title\" content=\"De ce s\u0103 aplici pentru un program de calificare \u00een Industria Automotive? - Revista Urbea Mea - Revista de Alba\" \/>\n<meta name=\"twitter:description\" content=\"Ai c\u0103utat \u00eendelung un loc unde s\u0103 fii apreciat \u0219i respectat? Programul de Calificare de la #StarAssembly poate fi un nou \u00eenceput!&nbsp; \u00cen cele 12 luni de\" \/>\n<meta name=\"twitter:image\" content=\"https:\/\/urbeamea.ro\/albaiulia\/wp-content\/uploads\/2019\/08\/Program-Calificare.png\" \/>\n<meta name=\"twitter:creator\" content=\"@urbeameaweb\" \/>\n<meta name=\"twitter:site\" content=\"@urbeameaweb\" \/>\n<script type=\"application\/ld+json\" class=\"yoast-schema-graph\">{\"@context\":\"https:\\\/\\\/schema.org\",\"@graph\":[{\"@type\":\"Article\",\"@id\":\"https:\\\/\\\/urbeamea.ro\\\/albaiulia\\\/de-ce-sa-aplici-pentru-un-program-de-calificare-in-industria-automotive\\\/#article\",\"isPartOf\":{\"@id\":\"https:\\\/\\\/urbeamea.ro\\\/albaiulia\\\/de-ce-sa-aplici-pentru-un-program-de-calificare-in-industria-automotive\\\/\"},\"author\":{\"name\":\"Bogdan P\u0103unescu\",\"@id\":\"https:\\\/\\\/urbeamea.ro\\\/albaiulia\\\/#\\\/schema\\\/person\\\/a115373ce8153754c6b084232d985956\"},\"headline\":\"De ce s\u0103 aplici pentru un program de calificare \u00een Industria Automotive?\",\"datePublished\":\"2019-08-19T12:01:15+00:00\",\"dateModified\":\"2019-08-19T12:01:52+00:00\",\"mainEntityOfPage\":{\"@id\":\"https:\\\/\\\/urbeamea.ro\\\/albaiulia\\\/de-ce-sa-aplici-pentru-un-program-de-calificare-in-industria-automotive\\\/\"},\"wordCount\":182,\"commentCount\":0,\"image\":{\"@id\":\"https:\\\/\\\/urbeamea.ro\\\/albaiulia\\\/de-ce-sa-aplici-pentru-un-program-de-calificare-in-industria-automotive\\\/#primaryimage\"},\"thumbnailUrl\":\"https:\\\/\\\/urbeamea.ro\\\/albaiulia\\\/wp-content\\\/uploads\\\/2019\\\/08\\\/Program-Calificare.png\",\"articleSection\":[\"\u015etiri Urbane\"],\"inLanguage\":\"ro-RO\",\"potentialAction\":[{\"@type\":\"CommentAction\",\"name\":\"Comment\",\"target\":[\"https:\\\/\\\/urbeamea.ro\\\/albaiulia\\\/de-ce-sa-aplici-pentru-un-program-de-calificare-in-industria-automotive\\\/#respond\"]}]},{\"@type\":\"WebPage\",\"@id\":\"https:\\\/\\\/urbeamea.ro\\\/albaiulia\\\/de-ce-sa-aplici-pentru-un-program-de-calificare-in-industria-automotive\\\/\",\"url\":\"https:\\\/\\\/urbeamea.ro\\\/albaiulia\\\/de-ce-sa-aplici-pentru-un-program-de-calificare-in-industria-automotive\\\/\",\"name\":\"De ce s\u0103 aplici pentru un program de calificare \u00een Industria Automotive? - Revista Urbea Mea - Revista de Alba\",\"isPartOf\":{\"@id\":\"https:\\\/\\\/urbeamea.ro\\\/albaiulia\\\/#website\"},\"primaryImageOfPage\":{\"@id\":\"https:\\\/\\\/urbeamea.ro\\\/albaiulia\\\/de-ce-sa-aplici-pentru-un-program-de-calificare-in-industria-automotive\\\/#primaryimage\"},\"image\":{\"@id\":\"https:\\\/\\\/urbeamea.ro\\\/albaiulia\\\/de-ce-sa-aplici-pentru-un-program-de-calificare-in-industria-automotive\\\/#primaryimage\"},\"thumbnailUrl\":\"https:\\\/\\\/urbeamea.ro\\\/albaiulia\\\/wp-content\\\/uploads\\\/2019\\\/08\\\/Program-Calificare.png\",\"datePublished\":\"2019-08-19T12:01:15+00:00\",\"dateModified\":\"2019-08-19T12:01:52+00:00\",\"author\":{\"@id\":\"https:\\\/\\\/urbeamea.ro\\\/albaiulia\\\/#\\\/schema\\\/person\\\/a115373ce8153754c6b084232d985956\"},\"description\":\"Ai c\u0103utat \u00eendelung un loc unde s\u0103 fii apreciat \u0219i respectat? Programul de Calificare de la #StarAssembly poate fi un nou \u00eenceput!&nbsp; \u00cen cele 12 luni de\",\"breadcrumb\":{\"@id\":\"https:\\\/\\\/urbeamea.ro\\\/albaiulia\\\/de-ce-sa-aplici-pentru-un-program-de-calificare-in-industria-automotive\\\/#breadcrumb\"},\"inLanguage\":\"ro-RO\",\"potentialAction\":[{\"@type\":\"ReadAction\",\"target\":[\"https:\\\/\\\/urbeamea.ro\\\/albaiulia\\\/de-ce-sa-aplici-pentru-un-program-de-calificare-in-industria-automotive\\\/\"]}]},{\"@type\":\"ImageObject\",\"inLanguage\":\"ro-RO\",\"@id\":\"https:\\\/\\\/urbeamea.ro\\\/albaiulia\\\/de-ce-sa-aplici-pentru-un-program-de-calificare-in-industria-automotive\\\/#primaryimage\",\"url\":\"https:\\\/\\\/urbeamea.ro\\\/albaiulia\\\/wp-content\\\/uploads\\\/2019\\\/08\\\/Program-Calificare.png\",\"contentUrl\":\"https:\\\/\\\/urbeamea.ro\\\/albaiulia\\\/wp-content\\\/uploads\\\/2019\\\/08\\\/Program-Calificare.png\",\"width\":642,\"height\":910},{\"@type\":\"BreadcrumbList\",\"@id\":\"https:\\\/\\\/urbeamea.ro\\\/albaiulia\\\/de-ce-sa-aplici-pentru-un-program-de-calificare-in-industria-automotive\\\/#breadcrumb\",\"itemListElement\":[{\"@type\":\"ListItem\",\"position\":1,\"name\":\"Prima pagin\u0103\",\"item\":\"https:\\\/\\\/urbeamea.ro\\\/albaiulia\\\/\"},{\"@type\":\"ListItem\",\"position\":2,\"name\":\"De ce s\u0103 aplici pentru un program de calificare \u00een Industria Automotive?\"}]},{\"@type\":\"WebSite\",\"@id\":\"https:\\\/\\\/urbeamea.ro\\\/albaiulia\\\/#website\",\"url\":\"https:\\\/\\\/urbeamea.ro\\\/albaiulia\\\/\",\"name\":\"Revista Urbea Mea, Stiri urbane\",\"description\":\"Evenimente \u0219i \u0219tiri din Alba Iulia, Sebe\u0219, Aiud, Blaj\",\"potentialAction\":[{\"@type\":\"SearchAction\",\"target\":{\"@type\":\"EntryPoint\",\"urlTemplate\":\"https:\\\/\\\/urbeamea.ro\\\/albaiulia\\\/?s={search_term_string}\"},\"query-input\":{\"@type\":\"PropertyValueSpecification\",\"valueRequired\":true,\"valueName\":\"search_term_string\"}}],\"inLanguage\":\"ro-RO\"},{\"@type\":\"Person\",\"@id\":\"https:\\\/\\\/urbeamea.ro\\\/albaiulia\\\/#\\\/schema\\\/person\\\/a115373ce8153754c6b084232d985956\",\"name\":\"Bogdan P\u0103unescu\",\"image\":{\"@type\":\"ImageObject\",\"inLanguage\":\"ro-RO\",\"@id\":\"https:\\\/\\\/secure.gravatar.com\\\/avatar\\\/f72aa881b5a32ea110a53aabc2049429e3ff68fcb09d283722d01fbf330e9dd9?s=96&d=mm&r=g\",\"url\":\"https:\\\/\\\/secure.gravatar.com\\\/avatar\\\/f72aa881b5a32ea110a53aabc2049429e3ff68fcb09d283722d01fbf330e9dd9?s=96&d=mm&r=g\",\"contentUrl\":\"https:\\\/\\\/secure.gravatar.com\\\/avatar\\\/f72aa881b5a32ea110a53aabc2049429e3ff68fcb09d283722d01fbf330e9dd9?s=96&d=mm&r=g\",\"caption\":\"Bogdan P\u0103unescu\"},\"description\":\"\u00cemi place tot ceea ce este legat de web \u015fi ajut la dezvoltarea \u015fi \u00eembun\u0103t\u0103\u0163irea lui prin tot ceea ce fac.\",\"sameAs\":[\"https:\\\/\\\/www.artonmedia.ro\",\"https:\\\/\\\/www.facebook.com\\\/bogdanvpaunescu\"],\"url\":\"https:\\\/\\\/urbeamea.ro\\\/albaiulia\\\/author\\\/bogdan-paunescu\\\/\"}]}<\/script>\n<!-- \/ Yoast SEO plugin. -->","yoast_head_json":{"title":"De ce s\u0103 aplici pentru un program de calificare \u00een Industria Automotive? - Revista Urbea Mea - Revista de Alba","description":"Ai c\u0103utat \u00eendelung un loc unde s\u0103 fii apreciat \u0219i respectat? Programul de Calificare de la #StarAssembly poate fi un nou \u00eenceput!&nbsp; \u00cen cele 12 luni de","robots":{"index":"index","follow":"follow","max-snippet":"max-snippet:-1","max-image-preview":"max-image-preview:large","max-video-preview":"max-video-preview:-1"},"canonical":"https:\/\/urbeamea.ro\/albaiulia\/de-ce-sa-aplici-pentru-un-program-de-calificare-in-industria-automotive\/","twitter_card":"summary_large_image","twitter_title":"De ce s\u0103 aplici pentru un program de calificare \u00een Industria Automotive? - Revista Urbea Mea - Revista de Alba","twitter_description":"Ai c\u0103utat \u00eendelung un loc unde s\u0103 fii apreciat \u0219i respectat? Programul de Calificare de la #StarAssembly poate fi un nou \u00eenceput!&nbsp; \u00cen cele 12 luni de","twitter_image":"https:\/\/urbeamea.ro\/albaiulia\/wp-content\/uploads\/2019\/08\/Program-Calificare.png","twitter_creator":"@urbeameaweb","twitter_site":"@urbeameaweb","schema":{"@context":"https:\/\/schema.org","@graph":[{"@type":"Article","@id":"https:\/\/urbeamea.ro\/albaiulia\/de-ce-sa-aplici-pentru-un-program-de-calificare-in-industria-automotive\/#article","isPartOf":{"@id":"https:\/\/urbeamea.ro\/albaiulia\/de-ce-sa-aplici-pentru-un-program-de-calificare-in-industria-automotive\/"},"author":{"name":"Bogdan P\u0103unescu","@id":"https:\/\/urbeamea.ro\/albaiulia\/#\/schema\/person\/a115373ce8153754c6b084232d985956"},"headline":"De ce s\u0103 aplici pentru un program de calificare \u00een Industria Automotive?","datePublished":"2019-08-19T12:01:15+00:00","dateModified":"2019-08-19T12:01:52+00:00","mainEntityOfPage":{"@id":"https:\/\/urbeamea.ro\/albaiulia\/de-ce-sa-aplici-pentru-un-program-de-calificare-in-industria-automotive\/"},"wordCount":182,"commentCount":0,"image":{"@id":"https:\/\/urbeamea.ro\/albaiulia\/de-ce-sa-aplici-pentru-un-program-de-calificare-in-industria-automotive\/#primaryimage"},"thumbnailUrl":"https:\/\/urbeamea.ro\/albaiulia\/wp-content\/uploads\/2019\/08\/Program-Calificare.png","articleSection":["\u015etiri Urbane"],"inLanguage":"ro-RO","potentialAction":[{"@type":"CommentAction","name":"Comment","target":["https:\/\/urbeamea.ro\/albaiulia\/de-ce-sa-aplici-pentru-un-program-de-calificare-in-industria-automotive\/#respond"]}]},{"@type":"WebPage","@id":"https:\/\/urbeamea.ro\/albaiulia\/de-ce-sa-aplici-pentru-un-program-de-calificare-in-industria-automotive\/","url":"https:\/\/urbeamea.ro\/albaiulia\/de-ce-sa-aplici-pentru-un-program-de-calificare-in-industria-automotive\/","name":"De ce s\u0103 aplici pentru un program de calificare \u00een Industria Automotive? - Revista Urbea Mea - Revista de Alba","isPartOf":{"@id":"https:\/\/urbeamea.ro\/albaiulia\/#website"},"primaryImageOfPage":{"@id":"https:\/\/urbeamea.ro\/albaiulia\/de-ce-sa-aplici-pentru-un-program-de-calificare-in-industria-automotive\/#primaryimage"},"image":{"@id":"https:\/\/urbeamea.ro\/albaiulia\/de-ce-sa-aplici-pentru-un-program-de-calificare-in-industria-automotive\/#primaryimage"},"thumbnailUrl":"https:\/\/urbeamea.ro\/albaiulia\/wp-content\/uploads\/2019\/08\/Program-Calificare.png","datePublished":"2019-08-19T12:01:15+00:00","dateModified":"2019-08-19T12:01:52+00:00","author":{"@id":"https:\/\/urbeamea.ro\/albaiulia\/#\/schema\/person\/a115373ce8153754c6b084232d985956"},"description":"Ai c\u0103utat \u00eendelung un loc unde s\u0103 fii apreciat \u0219i respectat? Programul de Calificare de la #StarAssembly poate fi un nou \u00eenceput!&nbsp; \u00cen cele 12 luni de","breadcrumb":{"@id":"https:\/\/urbeamea.ro\/albaiulia\/de-ce-sa-aplici-pentru-un-program-de-calificare-in-industria-automotive\/#breadcrumb"},"inLanguage":"ro-RO","potentialAction":[{"@type":"ReadAction","target":["https:\/\/urbeamea.ro\/albaiulia\/de-ce-sa-aplici-pentru-un-program-de-calificare-in-industria-automotive\/"]}]},{"@type":"ImageObject","inLanguage":"ro-RO","@id":"https:\/\/urbeamea.ro\/albaiulia\/de-ce-sa-aplici-pentru-un-program-de-calificare-in-industria-automotive\/#primaryimage","url":"https:\/\/urbeamea.ro\/albaiulia\/wp-content\/uploads\/2019\/08\/Program-Calificare.png","contentUrl":"https:\/\/urbeamea.ro\/albaiulia\/wp-content\/uploads\/2019\/08\/Program-Calificare.png","width":642,"height":910},{"@type":"BreadcrumbList","@id":"https:\/\/urbeamea.ro\/albaiulia\/de-ce-sa-aplici-pentru-un-program-de-calificare-in-industria-automotive\/#breadcrumb","itemListElement":[{"@type":"ListItem","position":1,"name":"Prima pagin\u0103","item":"https:\/\/urbeamea.ro\/albaiulia\/"},{"@type":"ListItem","position":2,"name":"De ce s\u0103 aplici pentru un program de calificare \u00een Industria Automotive?"}]},{"@type":"WebSite","@id":"https:\/\/urbeamea.ro\/albaiulia\/#website","url":"https:\/\/urbeamea.ro\/albaiulia\/","name":"Revista Urbea Mea, Stiri urbane","description":"Evenimente \u0219i \u0219tiri din Alba Iulia, Sebe\u0219, Aiud, Blaj","potentialAction":[{"@type":"SearchAction","target":{"@type":"EntryPoint","urlTemplate":"https:\/\/urbeamea.ro\/albaiulia\/?s={search_term_string}"},"query-input":{"@type":"PropertyValueSpecification","valueRequired":true,"valueName":"search_term_string"}}],"inLanguage":"ro-RO"},{"@type":"Person","@id":"https:\/\/urbeamea.ro\/albaiulia\/#\/schema\/person\/a115373ce8153754c6b084232d985956","name":"Bogdan P\u0103unescu","image":{"@type":"ImageObject","inLanguage":"ro-RO","@id":"https:\/\/secure.gravatar.com\/avatar\/f72aa881b5a32ea110a53aabc2049429e3ff68fcb09d283722d01fbf330e9dd9?s=96&d=mm&r=g","url":"https:\/\/secure.gravatar.com\/avatar\/f72aa881b5a32ea110a53aabc2049429e3ff68fcb09d283722d01fbf330e9dd9?s=96&d=mm&r=g","contentUrl":"https:\/\/secure.gravatar.com\/avatar\/f72aa881b5a32ea110a53aabc2049429e3ff68fcb09d283722d01fbf330e9dd9?s=96&d=mm&r=g","caption":"Bogdan P\u0103unescu"},"description":"\u00cemi place tot ceea ce este legat de web \u015fi ajut la dezvoltarea \u015fi \u00eembun\u0103t\u0103\u0163irea lui prin tot ceea ce fac.","sameAs":["https:\/\/www.artonmedia.ro","https:\/\/www.facebook.com\/bogdanvpaunescu"],"url":"https:\/\/urbeamea.ro\/albaiulia\/author\/bogdan-paunescu\/"}]}},"_links":{"self":[{"href":"https:\/\/urbeamea.ro\/albaiulia\/wp-json\/wp\/v2\/posts\/81720","targetHints":{"allow":["GET"]}}],"collection":[{"href":"https:\/\/urbeamea.ro\/albaiulia\/wp-json\/wp\/v2\/posts"}],"about":[{"href":"https:\/\/urbeamea.ro\/albaiulia\/wp-json\/wp\/v2\/types\/post"}],"author":[{"embeddable":true,"href":"https:\/\/urbeamea.ro\/albaiulia\/wp-json\/wp\/v2\/users\/5"}],"replies":[{"embeddable":true,"href":"https:\/\/urbeamea.ro\/albaiulia\/wp-json\/wp\/v2\/comments?post=81720"}],"version-history":[{"count":0,"href":"https:\/\/urbeamea.ro\/albaiulia\/wp-json\/wp\/v2\/posts\/81720\/revisions"}],"wp:featuredmedia":[{"embeddable":true,"href":"https:\/\/urbeamea.ro\/albaiulia\/wp-json\/wp\/v2\/media\/81722"}],"wp:attachment":[{"href":"https:\/\/urbeamea.ro\/albaiulia\/wp-json\/wp\/v2\/media?parent=81720"}],"wp:term":[{"taxonomy":"category","embeddable":true,"href":"https:\/\/urbeamea.ro\/albaiulia\/wp-json\/wp\/v2\/categories?post=81720"},{"taxonomy":"post_tag","embeddable":true,"href":"https:\/\/urbeamea.ro\/albaiulia\/wp-json\/wp\/v2\/tags?post=81720"}],"curies":[{"name":"wp","href":"https:\/\/api.w.org\/{rel}","templated":true}]}}