{"id":81764,"date":"2019-08-21T19:24:30","date_gmt":"2019-08-21T16:24:30","guid":{"rendered":"https:\/\/urbeamea.ro\/albaiulia\/?p=81764"},"modified":"2019-08-21T19:24:34","modified_gmt":"2019-08-21T16:24:34","slug":"foto-zi-de-piata-in-aiud-expozitie-de-arta-semnata-de-maria-gloria-andrade-din-ecuador","status":"publish","type":"post","link":"https:\/\/urbeamea.ro\/albaiulia\/foto-zi-de-piata-in-aiud-expozitie-de-arta-semnata-de-maria-gloria-andrade-din-ecuador\/","title":{"rendered":"FOTO: \u201eZi de pia\u021b\u0103 \u00een Aiud\u201d, expozi\u021bie de art\u0103 semnat\u0103 de Mar\u00eda Gloria Andrade din Ecuador"},"content":{"rendered":"\n<p><strong>La Galeria de Art\u0103 Contemporan\u0103 \u201cInter-Art\u201d Aiud a avut loc ieri vernisajul expozi\u0163iei de art\u0103\u00a0 semnat\u0103 de Mar\u00eda Gloria Andrade din Ecuador, cu titlul: \u201dZi de pia\u021b\u0103 \u00een Aiud\u201d,\u00a0 proiect organizat \u00een cadrul Taberei Interna\u0163ionale de Art\u0103 Plastic\u0103 \u201cInter-Art\u201d, Aiud &#8211; 2019, edi\u0163ia a XXIV-a. <\/strong><\/p>\n\n\n\n<p>Al\u0103turi de arti\u0219tii participan\u021bi la tab\u0103ra interna\u021bional\u0103, de publicul aiudean iubitor de art\u0103 de bun\u0103 calitate, au participat la eveniment: Oana Badea, primarul municipiului, dr.Bogdan Popa, managerul spitalului aiudean (care a primit din partea artistei ecuadoriene o dona\u021bie cu lucr\u0103ri pentru institu\u021bia sanitar\u0103). Mar\u00eda Gloria Andrade a donat un set de lucr\u0103ri \u0219i Funda\u021biei Inter-Art Aiud, artistului \u0218tefan Balog, conduc\u0103torul taberei aiudene. <\/p>\n\n\n\n<p>\u00cen prezentarea sa Ioan H\u0103d\u0103rig, directorul artistic al Funda\u0163iei \u201cInter-Art\u201d ar\u0103ta c\u0103: <\/p>\n\n\n\n<p>Mar\u00eda Gloria Andrade s-a n\u0103scut \u0219i crescut \u00een Ecuador, a studiat Arte Frumoase la Facultatea de Art\u0103 a Universidad Central del Ecuador din Quito, \u0218coala de Art\u0103 Saint Martin din Londra (Anglia) \u0219i\u00a0 Institutul de Art\u0103 din Chicago (SUA). <\/p>\n\n\n\n<p>\u00centr-un poetic fragment autobiografic artista ecuadorian\u0103 m\u0103rturisea: <\/p>\n\n\n\n<p>\u201e<em>Am avut privilegiul de a m\u0103 fi n\u0103scut \u0219i crescut \u00een Ecuador \u0219i, \u00een egal\u0103 m\u0103sur\u0103, de a tr\u0103i mul\u021bi ani \u00een Spania \u0219i \u00een alte \u0219ase \u021b\u0103ri din America de Nord \u0219i de Sud \u0219i \u00een Europa. Experien\u021bele mele de via\u021b\u0103 au fost foarte variate. M-au f\u0103cut cine sunt \u0219i sunt reflectate \u00een munca mea. Sunt ghidat\u0103 de o c\u0103utare a integrit\u0103\u021bii ca persoan\u0103 \u0219i ca artist, ceea ce \u00eenseamn\u0103 pentru mine con\u0219tiin\u021ba unit\u0103\u021bii, faptul c\u0103 to\u021bi suntem p\u0103r\u021bi integrante ale unei planete: oameni, animale \u0219i lume fizic\u0103 \u0219i c\u0103 depindem fiecare una de alta pentru supravie\u021buire \u0219i bun\u0103stare.<\/em><\/p>\n\n\n\n<p><em>M\u0103 ocup de fiecare oper\u0103 de art\u0103 ca \u0219i cum a\u0219 porni \u00eentr-o aventur\u0103. Fiecare lucrare este diferit\u0103. Uneori sarcina implic\u0103 un proces lung, alteori este scurt \u0219i rapid. Rezultatele sunt aproape \u00eentotdeauna necunoscute p\u00e2n\u0103 la finalizarea lucr\u0103rilor. \u00centotdeauna apar noi provoc\u0103ri dar \u00eencep mereu cu pasiune iar materialul este aliatul meu \u00een c\u0103l\u0103toria descoperirii. Uneori m\u0103 simt satisf\u0103cut\u0103 de rezultate \u0219i alteori nu; dar, exist\u0103 \u00eentotdeauna un capitol nou. M\u0103 intereseaz\u0103 pove\u0219tile care inspir\u0103 \u0219i ajung la inim\u0103. \u00cemi propun s\u0103 produc lucr\u0103ri distractive, juc\u0103u\u0219e \u0219i \u00een\u0103l\u021b\u0103toare, care pot \u00eencuraja noi conexiuni&#8230;<\/em><\/p>\n\n\n\n<p><em>Realizarea artei este un mod de a uni \u0219i traduce fragmente de memorie, g\u00e2nduri \u0219i sentimente \u0219i de a le exprima \u00eentr-un mod care m\u0103 readuce \u00een centrul meu, oferind o via\u021b\u0103 mai bogat\u0103, mai interesant\u0103. Este r\u0103spunsul meu \u0219i modul meu de a lua m\u0103suri la aceste probleme care m\u0103 deranjeaz\u0103, m\u0103 mi\u0219c\u0103 \u0219i m\u0103 intereseaz\u0103.<\/em><\/p>\n\n\n\n<p><em>Creez opere de art\u0103 pentru c\u0103 m\u0103 creeaz\u0103. Le \u00eemp\u0103rt\u0103\u0219esc pentru c\u0103 vreau s\u0103 comunic \u0219i cu ceilal\u021bi.\u201d<\/em><\/p>\n\n\n\n<p>Curatorul expozi\u021biei este \u0218tefan Balog, pre\u015fedintele Funda\u0163iei \u201cInter-Art\u201d Aiud.<\/p>\n\n\n\n<p>\u00cen cuv\u00e2ntul s\u0103u de prezentare\u00a0 Anca Sas, masterand la Universitatea de Arte \u0219i Design Cluj Napoca, preciza c\u0103: <\/p>\n\n\n\n<p><em>\u201eExpozi\u0163ia trateaz\u0103 o problematic\u0103 extrem de vie \u0219i important\u0103, problema celor dou\u0103 lumi care cer a fi reunite. Lumea artei \u0219i lumea normal\u0103 au fost drastic \u00eendep\u0103rtate \u0219i separate \u00eencep\u00e2nd din avangard\u0103. Ceea ce e trist este c\u0103 dup\u0103 ce perioada de avangard\u0103 s-a \u00eencheiat, societatea nu a mai re\u00eenv\u0103\u0163at s\u0103 priveasc\u0103 arta. E o problem\u0103 real\u0103 care \u00een tablourile din aceast\u0103 expozi\u0163ie, pentru un scurt timp, a fost rezolvat\u0103. Gloria a reu\u0219it s\u0103 uneasc\u0103 aceste dou\u0103 lumi \u0219i s\u0103 ne arate ce bine se poate sim\u0163i un om \u00een fa\u0163a unui tablou care a fost f\u0103cut\u00a0 pentru oameni cu o elegan\u0163\u0103 artistic\u0103 \u00eenalt\u0103\u2026\u201d<\/em><\/p>\n\n\n\n<p>Expozi\u021bia este organizat\u0103 de: Funda\u0163ia \u201cInter-Art\u201d Aiud, Centrul Cultural \u201cLiviu Rebreanu\u201d Aiud, Prim\u0103ria &#8211; Consiliul Local Aiud. Parteneri: Departamentul pentru Rela\u021bii Interetnice &#8211; Guvernul Rom\u00e2niei, Institutul Cultural Rom\u00e2n.<\/p>\n\n\n\n<p>detalii\/details:\u00a0<a rel=\"noreferrer noopener\" href=\"http:\/\/www.inter-art.ro\/tabara2019\/?fbclid=IwAR3aoNsTPf1xsnsyVZ4YCUBtwLeeRAD7ta-6k78A1d_H006hmSRK3Smezwg\" target=\"_blank\">http:\/\/www.inter-art.ro\/tabara2019\/<\/a><\/p>\n\n\n\n<p><em>Fotografii de Andrei Bako, Lojze Klainsek, Inga Edu<\/em><\/p>\n\n\n\n<ul class=\"wp-block-gallery columns-3 is-cropped wp-block-gallery-1 is-layout-flex wp-block-gallery-is-layout-flex\"><li class=\"blocks-gallery-item\"><figure><a href=\"https:\/\/urbeamea.ro\/albaiulia\/wp-content\/uploads\/2019\/08\/68806874_2280622122006132_7732426873656836096_n.jpg\"><img loading=\"lazy\" decoding=\"async\" width=\"960\" height=\"720\" src=\"https:\/\/urbeamea.ro\/albaiulia\/wp-content\/uploads\/2019\/08\/68806874_2280622122006132_7732426873656836096_n.jpg\" alt=\"\" data-id=\"81765\" data-link=\"https:\/\/urbeamea.ro\/albaiulia\/?attachment_id=81765\" class=\"wp-image-81765\" srcset=\"https:\/\/urbeamea.ro\/albaiulia\/wp-content\/uploads\/2019\/08\/68806874_2280622122006132_7732426873656836096_n.jpg 960w, https:\/\/urbeamea.ro\/albaiulia\/wp-content\/uploads\/2019\/08\/68806874_2280622122006132_7732426873656836096_n-150x113.jpg 150w, https:\/\/urbeamea.ro\/albaiulia\/wp-content\/uploads\/2019\/08\/68806874_2280622122006132_7732426873656836096_n-640x480.jpg 640w, https:\/\/urbeamea.ro\/albaiulia\/wp-content\/uploads\/2019\/08\/68806874_2280622122006132_7732426873656836096_n-768x576.jpg 768w\" sizes=\"auto, (max-width: 960px) 100vw, 960px\" \/><\/a><\/figure><\/li><li class=\"blocks-gallery-item\"><figure><a href=\"https:\/\/urbeamea.ro\/albaiulia\/wp-content\/uploads\/2019\/08\/69019124_2280621962006148_641676630942547968_n.jpg\"><img loading=\"lazy\" decoding=\"async\" width=\"960\" height=\"720\" src=\"https:\/\/urbeamea.ro\/albaiulia\/wp-content\/uploads\/2019\/08\/69019124_2280621962006148_641676630942547968_n.jpg\" alt=\"\" data-id=\"81766\" data-link=\"https:\/\/urbeamea.ro\/albaiulia\/?attachment_id=81766\" class=\"wp-image-81766\" srcset=\"https:\/\/urbeamea.ro\/albaiulia\/wp-content\/uploads\/2019\/08\/69019124_2280621962006148_641676630942547968_n.jpg 960w, https:\/\/urbeamea.ro\/albaiulia\/wp-content\/uploads\/2019\/08\/69019124_2280621962006148_641676630942547968_n-150x113.jpg 150w, https:\/\/urbeamea.ro\/albaiulia\/wp-content\/uploads\/2019\/08\/69019124_2280621962006148_641676630942547968_n-640x480.jpg 640w, https:\/\/urbeamea.ro\/albaiulia\/wp-content\/uploads\/2019\/08\/69019124_2280621962006148_641676630942547968_n-768x576.jpg 768w\" sizes=\"auto, (max-width: 960px) 100vw, 960px\" \/><\/a><\/figure><\/li><li class=\"blocks-gallery-item\"><figure><a href=\"https:\/\/urbeamea.ro\/albaiulia\/wp-content\/uploads\/2019\/08\/69030898_2280621892006155_5445128957701652480_n.jpg\"><img loading=\"lazy\" decoding=\"async\" width=\"960\" height=\"720\" src=\"https:\/\/urbeamea.ro\/albaiulia\/wp-content\/uploads\/2019\/08\/69030898_2280621892006155_5445128957701652480_n.jpg\" alt=\"\" data-id=\"81767\" data-link=\"https:\/\/urbeamea.ro\/albaiulia\/?attachment_id=81767\" class=\"wp-image-81767\" srcset=\"https:\/\/urbeamea.ro\/albaiulia\/wp-content\/uploads\/2019\/08\/69030898_2280621892006155_5445128957701652480_n.jpg 960w, https:\/\/urbeamea.ro\/albaiulia\/wp-content\/uploads\/2019\/08\/69030898_2280621892006155_5445128957701652480_n-150x113.jpg 150w, https:\/\/urbeamea.ro\/albaiulia\/wp-content\/uploads\/2019\/08\/69030898_2280621892006155_5445128957701652480_n-640x480.jpg 640w, https:\/\/urbeamea.ro\/albaiulia\/wp-content\/uploads\/2019\/08\/69030898_2280621892006155_5445128957701652480_n-768x576.jpg 768w\" sizes=\"auto, (max-width: 960px) 100vw, 960px\" \/><\/a><\/figure><\/li><li class=\"blocks-gallery-item\"><figure><a href=\"https:\/\/urbeamea.ro\/albaiulia\/wp-content\/uploads\/2019\/08\/69480115_2280621445339533_8463311667554418688_n.jpg\"><img loading=\"lazy\" decoding=\"async\" width=\"960\" height=\"720\" src=\"https:\/\/urbeamea.ro\/albaiulia\/wp-content\/uploads\/2019\/08\/69480115_2280621445339533_8463311667554418688_n.jpg\" alt=\"\" data-id=\"81768\" data-link=\"https:\/\/urbeamea.ro\/albaiulia\/?attachment_id=81768\" class=\"wp-image-81768\" srcset=\"https:\/\/urbeamea.ro\/albaiulia\/wp-content\/uploads\/2019\/08\/69480115_2280621445339533_8463311667554418688_n.jpg 960w, https:\/\/urbeamea.ro\/albaiulia\/wp-content\/uploads\/2019\/08\/69480115_2280621445339533_8463311667554418688_n-150x113.jpg 150w, https:\/\/urbeamea.ro\/albaiulia\/wp-content\/uploads\/2019\/08\/69480115_2280621445339533_8463311667554418688_n-640x480.jpg 640w, https:\/\/urbeamea.ro\/albaiulia\/wp-content\/uploads\/2019\/08\/69480115_2280621445339533_8463311667554418688_n-768x576.jpg 768w\" sizes=\"auto, (max-width: 960px) 100vw, 960px\" \/><\/a><\/figure><\/li><li class=\"blocks-gallery-item\"><figure><a href=\"https:\/\/urbeamea.ro\/albaiulia\/wp-content\/uploads\/2019\/08\/69538422_2280621365339541_3787510188353781760_n.jpg\"><img loading=\"lazy\" decoding=\"async\" width=\"960\" height=\"720\" src=\"https:\/\/urbeamea.ro\/albaiulia\/wp-content\/uploads\/2019\/08\/69538422_2280621365339541_3787510188353781760_n.jpg\" alt=\"\" data-id=\"81769\" data-link=\"https:\/\/urbeamea.ro\/albaiulia\/?attachment_id=81769\" class=\"wp-image-81769\" srcset=\"https:\/\/urbeamea.ro\/albaiulia\/wp-content\/uploads\/2019\/08\/69538422_2280621365339541_3787510188353781760_n.jpg 960w, https:\/\/urbeamea.ro\/albaiulia\/wp-content\/uploads\/2019\/08\/69538422_2280621365339541_3787510188353781760_n-150x113.jpg 150w, https:\/\/urbeamea.ro\/albaiulia\/wp-content\/uploads\/2019\/08\/69538422_2280621365339541_3787510188353781760_n-640x480.jpg 640w, https:\/\/urbeamea.ro\/albaiulia\/wp-content\/uploads\/2019\/08\/69538422_2280621365339541_3787510188353781760_n-768x576.jpg 768w\" sizes=\"auto, (max-width: 960px) 100vw, 960px\" \/><\/a><\/figure><\/li><li class=\"blocks-gallery-item\"><figure><a href=\"https:\/\/urbeamea.ro\/albaiulia\/wp-content\/uploads\/2019\/08\/a-1-3.jpg\"><img loading=\"lazy\" decoding=\"async\" width=\"638\" height=\"960\" src=\"https:\/\/urbeamea.ro\/albaiulia\/wp-content\/uploads\/2019\/08\/a-1-3.jpg\" alt=\"\" data-id=\"81770\" data-link=\"https:\/\/urbeamea.ro\/albaiulia\/?attachment_id=81770\" class=\"wp-image-81770\" srcset=\"https:\/\/urbeamea.ro\/albaiulia\/wp-content\/uploads\/2019\/08\/a-1-3.jpg 638w, https:\/\/urbeamea.ro\/albaiulia\/wp-content\/uploads\/2019\/08\/a-1-3-100x150.jpg 100w, https:\/\/urbeamea.ro\/albaiulia\/wp-content\/uploads\/2019\/08\/a-1-3-425x640.jpg 425w\" sizes=\"auto, (max-width: 638px) 100vw, 638px\" \/><\/a><\/figure><\/li><li class=\"blocks-gallery-item\"><figure><a href=\"https:\/\/urbeamea.ro\/albaiulia\/wp-content\/uploads\/2019\/08\/a-2-4-1280x853.jpg\"><img loading=\"lazy\" decoding=\"async\" width=\"1280\" height=\"853\" src=\"https:\/\/urbeamea.ro\/albaiulia\/wp-content\/uploads\/2019\/08\/a-2-4-1280x853.jpg\" alt=\"\" data-id=\"81771\" data-link=\"https:\/\/urbeamea.ro\/albaiulia\/?attachment_id=81771\" class=\"wp-image-81771\" srcset=\"https:\/\/urbeamea.ro\/albaiulia\/wp-content\/uploads\/2019\/08\/a-2-4-1280x853.jpg 1280w, https:\/\/urbeamea.ro\/albaiulia\/wp-content\/uploads\/2019\/08\/a-2-4-150x100.jpg 150w, https:\/\/urbeamea.ro\/albaiulia\/wp-content\/uploads\/2019\/08\/a-2-4-640x427.jpg 640w, https:\/\/urbeamea.ro\/albaiulia\/wp-content\/uploads\/2019\/08\/a-2-4-768x512.jpg 768w, https:\/\/urbeamea.ro\/albaiulia\/wp-content\/uploads\/2019\/08\/a-2-4.jpg 1680w\" sizes=\"auto, (max-width: 1280px) 100vw, 1280px\" \/><\/a><\/figure><\/li><li class=\"blocks-gallery-item\"><figure><a href=\"https:\/\/urbeamea.ro\/albaiulia\/wp-content\/uploads\/2019\/08\/a-3-3-1280x851.jpg\"><img loading=\"lazy\" decoding=\"async\" width=\"1280\" height=\"851\" src=\"https:\/\/urbeamea.ro\/albaiulia\/wp-content\/uploads\/2019\/08\/a-3-3-1280x851.jpg\" alt=\"\" data-id=\"81772\" data-link=\"https:\/\/urbeamea.ro\/albaiulia\/?attachment_id=81772\" class=\"wp-image-81772\" srcset=\"https:\/\/urbeamea.ro\/albaiulia\/wp-content\/uploads\/2019\/08\/a-3-3-1280x851.jpg 1280w, https:\/\/urbeamea.ro\/albaiulia\/wp-content\/uploads\/2019\/08\/a-3-3-150x100.jpg 150w, https:\/\/urbeamea.ro\/albaiulia\/wp-content\/uploads\/2019\/08\/a-3-3-640x426.jpg 640w, https:\/\/urbeamea.ro\/albaiulia\/wp-content\/uploads\/2019\/08\/a-3-3-768x511.jpg 768w, https:\/\/urbeamea.ro\/albaiulia\/wp-content\/uploads\/2019\/08\/a-3-3.jpg 1920w\" sizes=\"auto, (max-width: 1280px) 100vw, 1280px\" \/><\/a><\/figure><\/li><li class=\"blocks-gallery-item\"><figure><a href=\"https:\/\/urbeamea.ro\/albaiulia\/wp-content\/uploads\/2019\/08\/a-4-4-1280x795.jpg\"><img loading=\"lazy\" decoding=\"async\" width=\"1280\" height=\"795\" src=\"https:\/\/urbeamea.ro\/albaiulia\/wp-content\/uploads\/2019\/08\/a-4-4-1280x795.jpg\" alt=\"\" data-id=\"81773\" data-link=\"https:\/\/urbeamea.ro\/albaiulia\/?attachment_id=81773\" class=\"wp-image-81773\" srcset=\"https:\/\/urbeamea.ro\/albaiulia\/wp-content\/uploads\/2019\/08\/a-4-4-1280x795.jpg 1280w, https:\/\/urbeamea.ro\/albaiulia\/wp-content\/uploads\/2019\/08\/a-4-4-150x93.jpg 150w, https:\/\/urbeamea.ro\/albaiulia\/wp-content\/uploads\/2019\/08\/a-4-4-640x397.jpg 640w, https:\/\/urbeamea.ro\/albaiulia\/wp-content\/uploads\/2019\/08\/a-4-4-768x477.jpg 768w, https:\/\/urbeamea.ro\/albaiulia\/wp-content\/uploads\/2019\/08\/a-4-4.jpg 1501w\" sizes=\"auto, (max-width: 1280px) 100vw, 1280px\" \/><\/a><\/figure><\/li><li class=\"blocks-gallery-item\"><figure><a href=\"https:\/\/urbeamea.ro\/albaiulia\/wp-content\/uploads\/2019\/08\/a-5-4-1280x853.jpg\"><img loading=\"lazy\" decoding=\"async\" width=\"1280\" height=\"853\" src=\"https:\/\/urbeamea.ro\/albaiulia\/wp-content\/uploads\/2019\/08\/a-5-4-1280x853.jpg\" alt=\"\" data-id=\"81774\" data-link=\"https:\/\/urbeamea.ro\/albaiulia\/?attachment_id=81774\" class=\"wp-image-81774\" srcset=\"https:\/\/urbeamea.ro\/albaiulia\/wp-content\/uploads\/2019\/08\/a-5-4-1280x853.jpg 1280w, https:\/\/urbeamea.ro\/albaiulia\/wp-content\/uploads\/2019\/08\/a-5-4-150x100.jpg 150w, https:\/\/urbeamea.ro\/albaiulia\/wp-content\/uploads\/2019\/08\/a-5-4-640x427.jpg 640w, https:\/\/urbeamea.ro\/albaiulia\/wp-content\/uploads\/2019\/08\/a-5-4-768x512.jpg 768w, https:\/\/urbeamea.ro\/albaiulia\/wp-content\/uploads\/2019\/08\/a-5-4.jpg 1680w\" sizes=\"auto, (max-width: 1280px) 100vw, 1280px\" \/><\/a><\/figure><\/li><li class=\"blocks-gallery-item\"><figure><a href=\"https:\/\/urbeamea.ro\/albaiulia\/wp-content\/uploads\/2019\/08\/a-6-3.jpg\"><img loading=\"lazy\" decoding=\"async\" width=\"960\" height=\"638\" src=\"https:\/\/urbeamea.ro\/albaiulia\/wp-content\/uploads\/2019\/08\/a-6-3.jpg\" alt=\"\" data-id=\"81775\" data-link=\"https:\/\/urbeamea.ro\/albaiulia\/?attachment_id=81775\" class=\"wp-image-81775\" srcset=\"https:\/\/urbeamea.ro\/albaiulia\/wp-content\/uploads\/2019\/08\/a-6-3.jpg 960w, https:\/\/urbeamea.ro\/albaiulia\/wp-content\/uploads\/2019\/08\/a-6-3-150x100.jpg 150w, https:\/\/urbeamea.ro\/albaiulia\/wp-content\/uploads\/2019\/08\/a-6-3-640x425.jpg 640w, https:\/\/urbeamea.ro\/albaiulia\/wp-content\/uploads\/2019\/08\/a-6-3-768x510.jpg 768w\" sizes=\"auto, (max-width: 960px) 100vw, 960px\" \/><\/a><\/figure><\/li><li class=\"blocks-gallery-item\"><figure><a href=\"https:\/\/urbeamea.ro\/albaiulia\/wp-content\/uploads\/2019\/08\/a-7-4.jpg\"><img loading=\"lazy\" decoding=\"async\" width=\"533\" height=\"739\" src=\"https:\/\/urbeamea.ro\/albaiulia\/wp-content\/uploads\/2019\/08\/a-7-4.jpg\" alt=\"\" data-id=\"81776\" data-link=\"https:\/\/urbeamea.ro\/albaiulia\/?attachment_id=81776\" class=\"wp-image-81776\" srcset=\"https:\/\/urbeamea.ro\/albaiulia\/wp-content\/uploads\/2019\/08\/a-7-4.jpg 533w, https:\/\/urbeamea.ro\/albaiulia\/wp-content\/uploads\/2019\/08\/a-7-4-108x150.jpg 108w, https:\/\/urbeamea.ro\/albaiulia\/wp-content\/uploads\/2019\/08\/a-7-4-462x640.jpg 462w\" sizes=\"auto, (max-width: 533px) 100vw, 533px\" \/><\/a><\/figure><\/li><li class=\"blocks-gallery-item\"><figure><a href=\"https:\/\/urbeamea.ro\/albaiulia\/wp-content\/uploads\/2019\/08\/a-8-4.jpg\"><img loading=\"lazy\" decoding=\"async\" width=\"960\" height=\"638\" src=\"https:\/\/urbeamea.ro\/albaiulia\/wp-content\/uploads\/2019\/08\/a-8-4.jpg\" alt=\"\" data-id=\"81777\" data-link=\"https:\/\/urbeamea.ro\/albaiulia\/?attachment_id=81777\" class=\"wp-image-81777\" srcset=\"https:\/\/urbeamea.ro\/albaiulia\/wp-content\/uploads\/2019\/08\/a-8-4.jpg 960w, https:\/\/urbeamea.ro\/albaiulia\/wp-content\/uploads\/2019\/08\/a-8-4-150x100.jpg 150w, https:\/\/urbeamea.ro\/albaiulia\/wp-content\/uploads\/2019\/08\/a-8-4-640x425.jpg 640w, https:\/\/urbeamea.ro\/albaiulia\/wp-content\/uploads\/2019\/08\/a-8-4-768x510.jpg 768w\" sizes=\"auto, (max-width: 960px) 100vw, 960px\" \/><\/a><\/figure><\/li><li class=\"blocks-gallery-item\"><figure><a href=\"https:\/\/urbeamea.ro\/albaiulia\/wp-content\/uploads\/2019\/08\/a-9-3.jpg\"><img loading=\"lazy\" decoding=\"async\" width=\"638\" height=\"960\" src=\"https:\/\/urbeamea.ro\/albaiulia\/wp-content\/uploads\/2019\/08\/a-9-3.jpg\" alt=\"\" data-id=\"81778\" data-link=\"https:\/\/urbeamea.ro\/albaiulia\/?attachment_id=81778\" class=\"wp-image-81778\" srcset=\"https:\/\/urbeamea.ro\/albaiulia\/wp-content\/uploads\/2019\/08\/a-9-3.jpg 638w, https:\/\/urbeamea.ro\/albaiulia\/wp-content\/uploads\/2019\/08\/a-9-3-100x150.jpg 100w, https:\/\/urbeamea.ro\/albaiulia\/wp-content\/uploads\/2019\/08\/a-9-3-425x640.jpg 425w\" sizes=\"auto, (max-width: 638px) 100vw, 638px\" \/><\/a><\/figure><\/li><li class=\"blocks-gallery-item\"><figure><a href=\"https:\/\/urbeamea.ro\/albaiulia\/wp-content\/uploads\/2019\/08\/a-10-4.jpg\"><img loading=\"lazy\" decoding=\"async\" width=\"638\" height=\"960\" src=\"https:\/\/urbeamea.ro\/albaiulia\/wp-content\/uploads\/2019\/08\/a-10-4.jpg\" alt=\"\" data-id=\"81779\" data-link=\"https:\/\/urbeamea.ro\/albaiulia\/?attachment_id=81779\" class=\"wp-image-81779\" srcset=\"https:\/\/urbeamea.ro\/albaiulia\/wp-content\/uploads\/2019\/08\/a-10-4.jpg 638w, https:\/\/urbeamea.ro\/albaiulia\/wp-content\/uploads\/2019\/08\/a-10-4-100x150.jpg 100w, https:\/\/urbeamea.ro\/albaiulia\/wp-content\/uploads\/2019\/08\/a-10-4-425x640.jpg 425w\" sizes=\"auto, (max-width: 638px) 100vw, 638px\" \/><\/a><\/figure><\/li><li class=\"blocks-gallery-item\"><figure><a href=\"https:\/\/urbeamea.ro\/albaiulia\/wp-content\/uploads\/2019\/08\/a-11-3.jpg\"><img loading=\"lazy\" decoding=\"async\" width=\"960\" height=\"638\" src=\"https:\/\/urbeamea.ro\/albaiulia\/wp-content\/uploads\/2019\/08\/a-11-3.jpg\" alt=\"\" data-id=\"81780\" data-link=\"https:\/\/urbeamea.ro\/albaiulia\/?attachment_id=81780\" class=\"wp-image-81780\" srcset=\"https:\/\/urbeamea.ro\/albaiulia\/wp-content\/uploads\/2019\/08\/a-11-3.jpg 960w, https:\/\/urbeamea.ro\/albaiulia\/wp-content\/uploads\/2019\/08\/a-11-3-150x100.jpg 150w, https:\/\/urbeamea.ro\/albaiulia\/wp-content\/uploads\/2019\/08\/a-11-3-640x425.jpg 640w, https:\/\/urbeamea.ro\/albaiulia\/wp-content\/uploads\/2019\/08\/a-11-3-768x510.jpg 768w\" sizes=\"auto, (max-width: 960px) 100vw, 960px\" \/><\/a><\/figure><\/li><li class=\"blocks-gallery-item\"><figure><a href=\"https:\/\/urbeamea.ro\/albaiulia\/wp-content\/uploads\/2019\/08\/aa.jpg\"><img loading=\"lazy\" decoding=\"async\" width=\"687\" height=\"960\" src=\"https:\/\/urbeamea.ro\/albaiulia\/wp-content\/uploads\/2019\/08\/aa.jpg\" alt=\"\" data-id=\"81781\" data-link=\"https:\/\/urbeamea.ro\/albaiulia\/?attachment_id=81781\" class=\"wp-image-81781\" srcset=\"https:\/\/urbeamea.ro\/albaiulia\/wp-content\/uploads\/2019\/08\/aa.jpg 687w, https:\/\/urbeamea.ro\/albaiulia\/wp-content\/uploads\/2019\/08\/aa-107x150.jpg 107w, https:\/\/urbeamea.ro\/albaiulia\/wp-content\/uploads\/2019\/08\/aa-458x640.jpg 458w\" sizes=\"auto, (max-width: 687px) 100vw, 687px\" \/><\/a><\/figure><\/li><li class=\"blocks-gallery-item\"><figure><a href=\"https:\/\/urbeamea.ro\/albaiulia\/wp-content\/uploads\/2019\/08\/aaao-1280x851.jpg\"><img loading=\"lazy\" decoding=\"async\" width=\"1280\" height=\"851\" src=\"https:\/\/urbeamea.ro\/albaiulia\/wp-content\/uploads\/2019\/08\/aaao-1280x851.jpg\" alt=\"\" data-id=\"81782\" data-link=\"https:\/\/urbeamea.ro\/albaiulia\/?attachment_id=81782\" class=\"wp-image-81782\" srcset=\"https:\/\/urbeamea.ro\/albaiulia\/wp-content\/uploads\/2019\/08\/aaao-1280x851.jpg 1280w, https:\/\/urbeamea.ro\/albaiulia\/wp-content\/uploads\/2019\/08\/aaao-150x100.jpg 150w, https:\/\/urbeamea.ro\/albaiulia\/wp-content\/uploads\/2019\/08\/aaao-640x426.jpg 640w, https:\/\/urbeamea.ro\/albaiulia\/wp-content\/uploads\/2019\/08\/aaao-768x511.jpg 768w, https:\/\/urbeamea.ro\/albaiulia\/wp-content\/uploads\/2019\/08\/aaao.jpg 1920w\" sizes=\"auto, (max-width: 1280px) 100vw, 1280px\" \/><\/a><\/figure><\/li><\/ul>\n","protected":false},"excerpt":{"rendered":"<p>La Galeria de Art\u0103 Contemporan\u0103 \u201cInter-Art\u201d Aiud a avut loc ieri vernisajul expozi\u0163iei de art\u0103\u00a0 semnat\u0103 de Mar\u00eda Gloria Andrade din Ecuador, cu titlul: \u201dZi de pia\u021b\u0103 \u00een Aiud\u201d,\u00a0 proiect organizat \u00een cadrul Taberei Interna\u0163ionale de Art\u0103 Plastic\u0103 \u201cInter-Art\u201d, Aiud &#8211; 2019, edi\u0163ia a XXIV-a. Al\u0103turi de arti\u0219tii participan\u021bi la tab\u0103ra interna\u021bional\u0103, de publicul aiudean &hellip;<\/p>\n","protected":false},"author":17,"featured_media":81766,"comment_status":"open","ping_status":"open","sticky":false,"template":"","format":"standard","meta":{"inline_featured_image":false,"footnotes":""},"categories":[2038],"tags":[307,1504,18572,308,76,18573],"class_list":["post-81764","post","type-post","status-publish","format-standard","has-post-thumbnail","hentry","category-cultura","tag-alba","tag-ecuador","tag-maria-gloria-andrade","tag-stiri","tag-urbea-mea","tag-zi-de-piata-in-aiud"],"yoast_head":"<!-- This site is optimized with the Yoast SEO plugin v27.4 - https:\/\/yoast.com\/product\/yoast-seo-wordpress\/ -->\n<title>FOTO: \u201eZi de pia\u021b\u0103 \u00een Aiud\u201d, expozi\u021bie de art\u0103 semnat\u0103 de Mar\u00eda Gloria Andrade din Ecuador - Revista Urbea Mea - Revista de Alba<\/title>\n<meta name=\"description\" content=\"La Galeria de Art\u0103 Contemporan\u0103 \u201cInter-Art\u201d Aiud a avut loc ieri vernisajul expozi\u0163iei de art\u0103\u00a0 semnat\u0103 de Mar\u00eda Gloria Andrade din Ecuador, cu titlul:\" \/>\n<meta name=\"robots\" content=\"index, follow, max-snippet:-1, max-image-preview:large, max-video-preview:-1\" \/>\n<link rel=\"canonical\" href=\"https:\/\/urbeamea.ro\/albaiulia\/foto-zi-de-piata-in-aiud-expozitie-de-arta-semnata-de-maria-gloria-andrade-din-ecuador\/\" \/>\n<meta name=\"twitter:card\" content=\"summary_large_image\" \/>\n<meta name=\"twitter:title\" content=\"FOTO: \u201eZi de pia\u021b\u0103 \u00een Aiud\u201d, expozi\u021bie de art\u0103 semnat\u0103 de Mar\u00eda Gloria Andrade din Ecuador - Revista Urbea Mea - Revista de Alba\" \/>\n<meta name=\"twitter:description\" content=\"La Galeria de Art\u0103 Contemporan\u0103 \u201cInter-Art\u201d Aiud a avut loc ieri vernisajul expozi\u0163iei de art\u0103\u00a0 semnat\u0103 de Mar\u00eda Gloria Andrade din Ecuador, cu titlul:\" \/>\n<meta name=\"twitter:image\" content=\"https:\/\/urbeamea.ro\/albaiulia\/wp-content\/uploads\/2019\/08\/69019124_2280621962006148_641676630942547968_n.jpg\" \/>\n<meta name=\"twitter:creator\" content=\"@urbeameaweb\" \/>\n<meta name=\"twitter:site\" content=\"@urbeameaweb\" \/>\n<script type=\"application\/ld+json\" class=\"yoast-schema-graph\">{\"@context\":\"https:\\\/\\\/schema.org\",\"@graph\":[{\"@type\":\"Article\",\"@id\":\"https:\\\/\\\/urbeamea.ro\\\/albaiulia\\\/foto-zi-de-piata-in-aiud-expozitie-de-arta-semnata-de-maria-gloria-andrade-din-ecuador\\\/#article\",\"isPartOf\":{\"@id\":\"https:\\\/\\\/urbeamea.ro\\\/albaiulia\\\/foto-zi-de-piata-in-aiud-expozitie-de-arta-semnata-de-maria-gloria-andrade-din-ecuador\\\/\"},\"author\":{\"name\":\"Cristina Ganga\",\"@id\":\"https:\\\/\\\/urbeamea.ro\\\/albaiulia\\\/#\\\/schema\\\/person\\\/9700d21fae21c4f038b0b56f4506264a\"},\"headline\":\"FOTO: \u201eZi de pia\u021b\u0103 \u00een Aiud\u201d, expozi\u021bie de art\u0103 semnat\u0103 de Mar\u00eda Gloria Andrade din Ecuador\",\"datePublished\":\"2019-08-21T16:24:30+00:00\",\"dateModified\":\"2019-08-21T16:24:34+00:00\",\"mainEntityOfPage\":{\"@id\":\"https:\\\/\\\/urbeamea.ro\\\/albaiulia\\\/foto-zi-de-piata-in-aiud-expozitie-de-arta-semnata-de-maria-gloria-andrade-din-ecuador\\\/\"},\"wordCount\":704,\"commentCount\":0,\"image\":{\"@id\":\"https:\\\/\\\/urbeamea.ro\\\/albaiulia\\\/foto-zi-de-piata-in-aiud-expozitie-de-arta-semnata-de-maria-gloria-andrade-din-ecuador\\\/#primaryimage\"},\"thumbnailUrl\":\"https:\\\/\\\/urbeamea.ro\\\/albaiulia\\\/wp-content\\\/uploads\\\/2019\\\/08\\\/69019124_2280621962006148_641676630942547968_n.jpg\",\"keywords\":[\"alba\",\"ecuador\",\"Mar\u00eda Gloria Andrade\",\"stiri\",\"Urbea Mea\",\"zi de piata in aiud\"],\"articleSection\":[\"Cultur\u0103\"],\"inLanguage\":\"ro-RO\",\"potentialAction\":[{\"@type\":\"CommentAction\",\"name\":\"Comment\",\"target\":[\"https:\\\/\\\/urbeamea.ro\\\/albaiulia\\\/foto-zi-de-piata-in-aiud-expozitie-de-arta-semnata-de-maria-gloria-andrade-din-ecuador\\\/#respond\"]}]},{\"@type\":\"WebPage\",\"@id\":\"https:\\\/\\\/urbeamea.ro\\\/albaiulia\\\/foto-zi-de-piata-in-aiud-expozitie-de-arta-semnata-de-maria-gloria-andrade-din-ecuador\\\/\",\"url\":\"https:\\\/\\\/urbeamea.ro\\\/albaiulia\\\/foto-zi-de-piata-in-aiud-expozitie-de-arta-semnata-de-maria-gloria-andrade-din-ecuador\\\/\",\"name\":\"FOTO: \u201eZi de pia\u021b\u0103 \u00een Aiud\u201d, expozi\u021bie de art\u0103 semnat\u0103 de Mar\u00eda Gloria Andrade din Ecuador - Revista Urbea Mea - Revista de Alba\",\"isPartOf\":{\"@id\":\"https:\\\/\\\/urbeamea.ro\\\/albaiulia\\\/#website\"},\"primaryImageOfPage\":{\"@id\":\"https:\\\/\\\/urbeamea.ro\\\/albaiulia\\\/foto-zi-de-piata-in-aiud-expozitie-de-arta-semnata-de-maria-gloria-andrade-din-ecuador\\\/#primaryimage\"},\"image\":{\"@id\":\"https:\\\/\\\/urbeamea.ro\\\/albaiulia\\\/foto-zi-de-piata-in-aiud-expozitie-de-arta-semnata-de-maria-gloria-andrade-din-ecuador\\\/#primaryimage\"},\"thumbnailUrl\":\"https:\\\/\\\/urbeamea.ro\\\/albaiulia\\\/wp-content\\\/uploads\\\/2019\\\/08\\\/69019124_2280621962006148_641676630942547968_n.jpg\",\"datePublished\":\"2019-08-21T16:24:30+00:00\",\"dateModified\":\"2019-08-21T16:24:34+00:00\",\"author\":{\"@id\":\"https:\\\/\\\/urbeamea.ro\\\/albaiulia\\\/#\\\/schema\\\/person\\\/9700d21fae21c4f038b0b56f4506264a\"},\"description\":\"La Galeria de Art\u0103 Contemporan\u0103 \u201cInter-Art\u201d Aiud a avut loc ieri vernisajul expozi\u0163iei de art\u0103\u00a0 semnat\u0103 de Mar\u00eda Gloria Andrade din Ecuador, cu titlul:\",\"breadcrumb\":{\"@id\":\"https:\\\/\\\/urbeamea.ro\\\/albaiulia\\\/foto-zi-de-piata-in-aiud-expozitie-de-arta-semnata-de-maria-gloria-andrade-din-ecuador\\\/#breadcrumb\"},\"inLanguage\":\"ro-RO\",\"potentialAction\":[{\"@type\":\"ReadAction\",\"target\":[\"https:\\\/\\\/urbeamea.ro\\\/albaiulia\\\/foto-zi-de-piata-in-aiud-expozitie-de-arta-semnata-de-maria-gloria-andrade-din-ecuador\\\/\"]}]},{\"@type\":\"ImageObject\",\"inLanguage\":\"ro-RO\",\"@id\":\"https:\\\/\\\/urbeamea.ro\\\/albaiulia\\\/foto-zi-de-piata-in-aiud-expozitie-de-arta-semnata-de-maria-gloria-andrade-din-ecuador\\\/#primaryimage\",\"url\":\"https:\\\/\\\/urbeamea.ro\\\/albaiulia\\\/wp-content\\\/uploads\\\/2019\\\/08\\\/69019124_2280621962006148_641676630942547968_n.jpg\",\"contentUrl\":\"https:\\\/\\\/urbeamea.ro\\\/albaiulia\\\/wp-content\\\/uploads\\\/2019\\\/08\\\/69019124_2280621962006148_641676630942547968_n.jpg\",\"width\":960,\"height\":720},{\"@type\":\"BreadcrumbList\",\"@id\":\"https:\\\/\\\/urbeamea.ro\\\/albaiulia\\\/foto-zi-de-piata-in-aiud-expozitie-de-arta-semnata-de-maria-gloria-andrade-din-ecuador\\\/#breadcrumb\",\"itemListElement\":[{\"@type\":\"ListItem\",\"position\":1,\"name\":\"Prima pagin\u0103\",\"item\":\"https:\\\/\\\/urbeamea.ro\\\/albaiulia\\\/\"},{\"@type\":\"ListItem\",\"position\":2,\"name\":\"FOTO: \u201eZi de pia\u021b\u0103 \u00een Aiud\u201d, expozi\u021bie de art\u0103 semnat\u0103 de Mar\u00eda Gloria Andrade din Ecuador\"}]},{\"@type\":\"WebSite\",\"@id\":\"https:\\\/\\\/urbeamea.ro\\\/albaiulia\\\/#website\",\"url\":\"https:\\\/\\\/urbeamea.ro\\\/albaiulia\\\/\",\"name\":\"Revista Urbea Mea, Stiri urbane\",\"description\":\"Evenimente \u0219i \u0219tiri din Alba Iulia, Sebe\u0219, Aiud, Blaj\",\"potentialAction\":[{\"@type\":\"SearchAction\",\"target\":{\"@type\":\"EntryPoint\",\"urlTemplate\":\"https:\\\/\\\/urbeamea.ro\\\/albaiulia\\\/?s={search_term_string}\"},\"query-input\":{\"@type\":\"PropertyValueSpecification\",\"valueRequired\":true,\"valueName\":\"search_term_string\"}}],\"inLanguage\":\"ro-RO\"},{\"@type\":\"Person\",\"@id\":\"https:\\\/\\\/urbeamea.ro\\\/albaiulia\\\/#\\\/schema\\\/person\\\/9700d21fae21c4f038b0b56f4506264a\",\"name\":\"Cristina Ganga\",\"image\":{\"@type\":\"ImageObject\",\"inLanguage\":\"ro-RO\",\"@id\":\"https:\\\/\\\/secure.gravatar.com\\\/avatar\\\/5a67661041f057b4a8ccaf26f5a8e86e2689372006d01faf3dd9eeb10b654bb4?s=96&d=mm&r=g\",\"url\":\"https:\\\/\\\/secure.gravatar.com\\\/avatar\\\/5a67661041f057b4a8ccaf26f5a8e86e2689372006d01faf3dd9eeb10b654bb4?s=96&d=mm&r=g\",\"contentUrl\":\"https:\\\/\\\/secure.gravatar.com\\\/avatar\\\/5a67661041f057b4a8ccaf26f5a8e86e2689372006d01faf3dd9eeb10b654bb4?s=96&d=mm&r=g\",\"caption\":\"Cristina Ganga\"},\"description\":\"Jurnalist\",\"sameAs\":[\"https:\\\/\\\/www.facebook.com\\\/cristina.nicola.587\"],\"url\":\"https:\\\/\\\/urbeamea.ro\\\/albaiulia\\\/author\\\/cristina-nicola\\\/\"}]}<\/script>\n<!-- \/ Yoast SEO plugin. -->","yoast_head_json":{"title":"FOTO: \u201eZi de pia\u021b\u0103 \u00een Aiud\u201d, expozi\u021bie de art\u0103 semnat\u0103 de Mar\u00eda Gloria Andrade din Ecuador - Revista Urbea Mea - Revista de Alba","description":"La Galeria de Art\u0103 Contemporan\u0103 \u201cInter-Art\u201d Aiud a avut loc ieri vernisajul expozi\u0163iei de art\u0103\u00a0 semnat\u0103 de Mar\u00eda Gloria Andrade din Ecuador, cu titlul:","robots":{"index":"index","follow":"follow","max-snippet":"max-snippet:-1","max-image-preview":"max-image-preview:large","max-video-preview":"max-video-preview:-1"},"canonical":"https:\/\/urbeamea.ro\/albaiulia\/foto-zi-de-piata-in-aiud-expozitie-de-arta-semnata-de-maria-gloria-andrade-din-ecuador\/","twitter_card":"summary_large_image","twitter_title":"FOTO: \u201eZi de pia\u021b\u0103 \u00een Aiud\u201d, expozi\u021bie de art\u0103 semnat\u0103 de Mar\u00eda Gloria Andrade din Ecuador - Revista Urbea Mea - Revista de Alba","twitter_description":"La Galeria de Art\u0103 Contemporan\u0103 \u201cInter-Art\u201d Aiud a avut loc ieri vernisajul expozi\u0163iei de art\u0103\u00a0 semnat\u0103 de Mar\u00eda Gloria Andrade din Ecuador, cu titlul:","twitter_image":"https:\/\/urbeamea.ro\/albaiulia\/wp-content\/uploads\/2019\/08\/69019124_2280621962006148_641676630942547968_n.jpg","twitter_creator":"@urbeameaweb","twitter_site":"@urbeameaweb","schema":{"@context":"https:\/\/schema.org","@graph":[{"@type":"Article","@id":"https:\/\/urbeamea.ro\/albaiulia\/foto-zi-de-piata-in-aiud-expozitie-de-arta-semnata-de-maria-gloria-andrade-din-ecuador\/#article","isPartOf":{"@id":"https:\/\/urbeamea.ro\/albaiulia\/foto-zi-de-piata-in-aiud-expozitie-de-arta-semnata-de-maria-gloria-andrade-din-ecuador\/"},"author":{"name":"Cristina Ganga","@id":"https:\/\/urbeamea.ro\/albaiulia\/#\/schema\/person\/9700d21fae21c4f038b0b56f4506264a"},"headline":"FOTO: \u201eZi de pia\u021b\u0103 \u00een Aiud\u201d, expozi\u021bie de art\u0103 semnat\u0103 de Mar\u00eda Gloria Andrade din Ecuador","datePublished":"2019-08-21T16:24:30+00:00","dateModified":"2019-08-21T16:24:34+00:00","mainEntityOfPage":{"@id":"https:\/\/urbeamea.ro\/albaiulia\/foto-zi-de-piata-in-aiud-expozitie-de-arta-semnata-de-maria-gloria-andrade-din-ecuador\/"},"wordCount":704,"commentCount":0,"image":{"@id":"https:\/\/urbeamea.ro\/albaiulia\/foto-zi-de-piata-in-aiud-expozitie-de-arta-semnata-de-maria-gloria-andrade-din-ecuador\/#primaryimage"},"thumbnailUrl":"https:\/\/urbeamea.ro\/albaiulia\/wp-content\/uploads\/2019\/08\/69019124_2280621962006148_641676630942547968_n.jpg","keywords":["alba","ecuador","Mar\u00eda Gloria Andrade","stiri","Urbea Mea","zi de piata in aiud"],"articleSection":["Cultur\u0103"],"inLanguage":"ro-RO","potentialAction":[{"@type":"CommentAction","name":"Comment","target":["https:\/\/urbeamea.ro\/albaiulia\/foto-zi-de-piata-in-aiud-expozitie-de-arta-semnata-de-maria-gloria-andrade-din-ecuador\/#respond"]}]},{"@type":"WebPage","@id":"https:\/\/urbeamea.ro\/albaiulia\/foto-zi-de-piata-in-aiud-expozitie-de-arta-semnata-de-maria-gloria-andrade-din-ecuador\/","url":"https:\/\/urbeamea.ro\/albaiulia\/foto-zi-de-piata-in-aiud-expozitie-de-arta-semnata-de-maria-gloria-andrade-din-ecuador\/","name":"FOTO: \u201eZi de pia\u021b\u0103 \u00een Aiud\u201d, expozi\u021bie de art\u0103 semnat\u0103 de Mar\u00eda Gloria Andrade din Ecuador - Revista Urbea Mea - Revista de Alba","isPartOf":{"@id":"https:\/\/urbeamea.ro\/albaiulia\/#website"},"primaryImageOfPage":{"@id":"https:\/\/urbeamea.ro\/albaiulia\/foto-zi-de-piata-in-aiud-expozitie-de-arta-semnata-de-maria-gloria-andrade-din-ecuador\/#primaryimage"},"image":{"@id":"https:\/\/urbeamea.ro\/albaiulia\/foto-zi-de-piata-in-aiud-expozitie-de-arta-semnata-de-maria-gloria-andrade-din-ecuador\/#primaryimage"},"thumbnailUrl":"https:\/\/urbeamea.ro\/albaiulia\/wp-content\/uploads\/2019\/08\/69019124_2280621962006148_641676630942547968_n.jpg","datePublished":"2019-08-21T16:24:30+00:00","dateModified":"2019-08-21T16:24:34+00:00","author":{"@id":"https:\/\/urbeamea.ro\/albaiulia\/#\/schema\/person\/9700d21fae21c4f038b0b56f4506264a"},"description":"La Galeria de Art\u0103 Contemporan\u0103 \u201cInter-Art\u201d Aiud a avut loc ieri vernisajul expozi\u0163iei de art\u0103\u00a0 semnat\u0103 de Mar\u00eda Gloria Andrade din Ecuador, cu titlul:","breadcrumb":{"@id":"https:\/\/urbeamea.ro\/albaiulia\/foto-zi-de-piata-in-aiud-expozitie-de-arta-semnata-de-maria-gloria-andrade-din-ecuador\/#breadcrumb"},"inLanguage":"ro-RO","potentialAction":[{"@type":"ReadAction","target":["https:\/\/urbeamea.ro\/albaiulia\/foto-zi-de-piata-in-aiud-expozitie-de-arta-semnata-de-maria-gloria-andrade-din-ecuador\/"]}]},{"@type":"ImageObject","inLanguage":"ro-RO","@id":"https:\/\/urbeamea.ro\/albaiulia\/foto-zi-de-piata-in-aiud-expozitie-de-arta-semnata-de-maria-gloria-andrade-din-ecuador\/#primaryimage","url":"https:\/\/urbeamea.ro\/albaiulia\/wp-content\/uploads\/2019\/08\/69019124_2280621962006148_641676630942547968_n.jpg","contentUrl":"https:\/\/urbeamea.ro\/albaiulia\/wp-content\/uploads\/2019\/08\/69019124_2280621962006148_641676630942547968_n.jpg","width":960,"height":720},{"@type":"BreadcrumbList","@id":"https:\/\/urbeamea.ro\/albaiulia\/foto-zi-de-piata-in-aiud-expozitie-de-arta-semnata-de-maria-gloria-andrade-din-ecuador\/#breadcrumb","itemListElement":[{"@type":"ListItem","position":1,"name":"Prima pagin\u0103","item":"https:\/\/urbeamea.ro\/albaiulia\/"},{"@type":"ListItem","position":2,"name":"FOTO: \u201eZi de pia\u021b\u0103 \u00een Aiud\u201d, expozi\u021bie de art\u0103 semnat\u0103 de Mar\u00eda Gloria Andrade din Ecuador"}]},{"@type":"WebSite","@id":"https:\/\/urbeamea.ro\/albaiulia\/#website","url":"https:\/\/urbeamea.ro\/albaiulia\/","name":"Revista Urbea Mea, Stiri urbane","description":"Evenimente \u0219i \u0219tiri din Alba Iulia, Sebe\u0219, Aiud, Blaj","potentialAction":[{"@type":"SearchAction","target":{"@type":"EntryPoint","urlTemplate":"https:\/\/urbeamea.ro\/albaiulia\/?s={search_term_string}"},"query-input":{"@type":"PropertyValueSpecification","valueRequired":true,"valueName":"search_term_string"}}],"inLanguage":"ro-RO"},{"@type":"Person","@id":"https:\/\/urbeamea.ro\/albaiulia\/#\/schema\/person\/9700d21fae21c4f038b0b56f4506264a","name":"Cristina Ganga","image":{"@type":"ImageObject","inLanguage":"ro-RO","@id":"https:\/\/secure.gravatar.com\/avatar\/5a67661041f057b4a8ccaf26f5a8e86e2689372006d01faf3dd9eeb10b654bb4?s=96&d=mm&r=g","url":"https:\/\/secure.gravatar.com\/avatar\/5a67661041f057b4a8ccaf26f5a8e86e2689372006d01faf3dd9eeb10b654bb4?s=96&d=mm&r=g","contentUrl":"https:\/\/secure.gravatar.com\/avatar\/5a67661041f057b4a8ccaf26f5a8e86e2689372006d01faf3dd9eeb10b654bb4?s=96&d=mm&r=g","caption":"Cristina Ganga"},"description":"Jurnalist","sameAs":["https:\/\/www.facebook.com\/cristina.nicola.587"],"url":"https:\/\/urbeamea.ro\/albaiulia\/author\/cristina-nicola\/"}]}},"_links":{"self":[{"href":"https:\/\/urbeamea.ro\/albaiulia\/wp-json\/wp\/v2\/posts\/81764","targetHints":{"allow":["GET"]}}],"collection":[{"href":"https:\/\/urbeamea.ro\/albaiulia\/wp-json\/wp\/v2\/posts"}],"about":[{"href":"https:\/\/urbeamea.ro\/albaiulia\/wp-json\/wp\/v2\/types\/post"}],"author":[{"embeddable":true,"href":"https:\/\/urbeamea.ro\/albaiulia\/wp-json\/wp\/v2\/users\/17"}],"replies":[{"embeddable":true,"href":"https:\/\/urbeamea.ro\/albaiulia\/wp-json\/wp\/v2\/comments?post=81764"}],"version-history":[{"count":0,"href":"https:\/\/urbeamea.ro\/albaiulia\/wp-json\/wp\/v2\/posts\/81764\/revisions"}],"wp:featuredmedia":[{"embeddable":true,"href":"https:\/\/urbeamea.ro\/albaiulia\/wp-json\/wp\/v2\/media\/81766"}],"wp:attachment":[{"href":"https:\/\/urbeamea.ro\/albaiulia\/wp-json\/wp\/v2\/media?parent=81764"}],"wp:term":[{"taxonomy":"category","embeddable":true,"href":"https:\/\/urbeamea.ro\/albaiulia\/wp-json\/wp\/v2\/categories?post=81764"},{"taxonomy":"post_tag","embeddable":true,"href":"https:\/\/urbeamea.ro\/albaiulia\/wp-json\/wp\/v2\/tags?post=81764"}],"curies":[{"name":"wp","href":"https:\/\/api.w.org\/{rel}","templated":true}]}}