{"id":81822,"date":"2019-08-22T10:07:08","date_gmt":"2019-08-22T07:07:08","guid":{"rendered":"https:\/\/urbeamea.ro\/albaiulia\/?p=81822"},"modified":"2019-08-22T10:07:12","modified_gmt":"2019-08-22T07:07:12","slug":"asteptarea-a-luat-sfarsit-astazi-debuteaza-zilele-municipiului-sebes","status":"publish","type":"post","link":"https:\/\/urbeamea.ro\/albaiulia\/asteptarea-a-luat-sfarsit-astazi-debuteaza-zilele-municipiului-sebes\/","title":{"rendered":"A\u0219teptarea a luat sf\u00e2r\u0219it. AST\u0102ZI debuteaz\u0103 \u201eZilele Municipiului Sebe\u0219\u201d"},"content":{"rendered":"\n<p><strong>Cel mai a\u0219teptat eveniment al anului de la Sebe\u0219 debuteaz\u0103 ast\u0103zi, 22 august. Nu mai pu\u0163in de patru zile de distrac\u0163ie. Asta \u00eei a\u015fteap\u0103 pe locuitorii ora\u015fului \u015eebe\u015f \u015fi pe invita\u0163ii lor \u00een acest sf\u00e2r\u015fit de s\u0103pt\u0103m\u00e2n\u0103. Astfel c\u0103, \u00een perioada 22-25 august, sunte\u021bi a\u0219tepta\u021bi s\u0103 lua\u021bi parte la un dublu eveniment: \u201eZilele Municipiului Sebe\u0219\u201d \u0219i S\u0103rb\u0103toarea Fanfarei din Petre\u0219ti, care \u00eempline\u0219te 140 de ani de activitate ne\u00eentrerupt\u0103.<\/strong><\/p>\n\n\n\n<p>Parcul Arini va g\u0103zdui majoritatea spectacolelor, iar localitatea Petre\u0219ti se va bucura de prezen\u021ba fanfarelor invitate \u0219i de tradi\u021bionala parad\u0103 a portului popular. <\/p>\n\n\n\n<p>Joi, 22 august au loc activit\u0103\u021bi cultural-educative destinate copiilor, concerte de fanfar\u0103, precum \u0219i o proiec\u021bie cinematografic\u0103. Toate aceste activit\u0103\u021bi sunt incluse \u00een preambulul \u201eZilelor Municipiului Sebe\u0219\u201d.<\/p>\n\n\n\n<p>\u201e<em>Ne bucur\u0103m \u0219i \u00een acest an, de parteneriatul O.N.G.-urilor locale: Grupul de Ini\u021biativ\u0103, Studii \u0219i Analize Sociale-G. I. S. A. S., Asocia\u021bia Muhlbach 1245 prin Ordinul Scutierilor de Muhlbach, Desp\u0103r\u021b\u0103m\u00e2ntul Astra \u201eVasile Moga\u201d Sebe\u0219, Asocia\u021bia Arttrad Valea Frumoasei, Asocia\u021bia \u201eTemerarii Transalpina\u201d, Asocia\u021bia Fanfara Petre\u0219ti, cluburile de dans Samara \u0219i Fantasy Dance, Trupa de Dansuri S\u0103se\u0219ti Sebe\u0219, micu\u021bii soli\u0219ti de folclor din Grupul Vocal \u201eFelician F\u0103rca\u0219iu\u201d, Grupul vocal \u201cDo Re Mi\u201d, Clubul Copiilor Sebe\u0219, contribu\u021bia fiec\u0103ruia fiind important\u0103 \u0219i valoroas\u0103 pentru comunitate. Mul\u021bumim satelor \u0219i comunelor \u00eenvecinate care particip\u0103 la tradi\u021bionala parad\u0103 a portului popular de duminic\u0103, 25 august, precum \u0219i tuturor artizanilor care se vor afla pe \u201eUli\u021ba Me\u0219te\u0219ugarilor\u201d din Petre\u0219ti, la o expozi\u021bie cu demonstra\u021bii lucrative \u0219i cu obiecte autentice din lada de zestre a bunicii.<\/em><\/p>\n\n\n\n<p><em>Celor mai mici locuitori ai ora\u0219ului, le-au fost preg\u0103tite surprize \u0219i momente vesele, pe care \u00eei invit\u0103m s\u0103 le descopere s\u00e2mb\u0103t\u0103, 24 august, \u00eencep\u00e2nd cu ora 18.00, pe terenul secundar din Parcul Arini, unde se afl\u0103 zona amenajat\u0103 pentru copii.<\/em><\/p>\n\n\n\n<p><em>O informa\u021bie important\u0103 pentru cet\u0103\u021benii Municipiului Sebe\u0219 este c\u0103 pe durata evenimentului, de vineri p\u00e2n\u0103 duminic\u0103, vor avea la dispozi\u021bie curse speciale de transport local, care le vor asigura, \u00een mod gratuit, transferul spre zona Arini. Acestea vor acoperi localit\u0103\u021bile apar\u021bin\u0103toare, Lancr\u0103m, Petre\u0219ti, R\u0103h\u0103u, astfel \u00eenc\u00e2t accesul publicului la eveniment s\u0103 fie c\u00e2t mai facil \u0219i s\u0103 evit\u0103m aglomerarea zonei cu ma\u0219ini. Accesul auto \u00een Parcul Arini va fi limitat, pentru siguran\u021ba \u0219i pentru confortul publicului<\/em>.\u201d, transmit organizatorii <\/p>\n\n\n\n<p>Cite\u0219te \u0219i: <a href=\"https:\/\/urbeamea.ro\/albaiulia\/fanfara-din-petresti-cel-mai-longeviv-brand-al-sebesului-la-ceas-aniversar-1879-2019\/\">Fanfara din Petre\u0219ti, cel mai longeviv brand al Sebe\u0219ului, la ceas aniversar (1879-2019)<\/a><\/p>\n\n\n\n<p><strong>PROGRAM<\/strong><\/p>\n\n\n\n<p><strong>JOI, 22 AUGUST 2019<\/strong><br>Ora 11.00 Centrul Cultural \u201eLucian Blaga\u201d Sebe\u0219&nbsp;<br>\u201eNe preg\u0103tim pentru s\u0103rb\u0103toarea ora\u0219ului\u201d (activit\u0103\u021bi cultural-educative destinate copiilor).<\/p>\n\n\n\n<p>Ora 18.00 C\u0103minul pentru Persoane V\u00e2rstnice Sebe\u0219<br>Concert de fanfar\u0103.<\/p>\n\n\n\n<p>Ora 19.00 R\u0103h\u0103u<br>Concert de fanfar\u0103.<\/p>\n\n\n\n<p>Ora 20.00 Centrul Cultural \u201eLucian Blaga\u201d Sebe\u0219&nbsp;<br>Proiec\u021bie cinematografic\u0103.<\/p>\n\n\n\n<p>Deschiderea oficial\u0103 a evenimentelor va avea loc vineri, 23 august, \u00eencep\u00e2nd cu ora 10.30, \u00een gr\u0103dina Muzeului Municipal \u201eIoan Raica\u201d, atunci c\u00e2nd vor fi primite delega\u021biile din \u021bar\u0103 \u0219i din str\u0103in\u0103tate, vor fi premiate persoane din via\u021ba de zi cu zi a urbei, \u00eens\u0103 aniversa\u021bii speciali vor fi membri Fanfarei din Petre\u0219ti.<\/p>\n\n\n\n<p>Vezi \u0219i: <a href=\"https:\/\/urbeamea.ro\/albaiulia\/22-25-august-zilele-municipiului-sebes-si-sarbatoarea-fanfarei-din-petresti-140-de-ani-de-traditii\/\">22-25 august \u2013 Zilele Municipiului Sebe\u0219 \u0219i S\u0103rb\u0103toarea Fanfarei din Petre\u0219ti: 140 de ani de tradi\u021bii<\/a><\/p>\n","protected":false},"excerpt":{"rendered":"<p>Cel mai a\u0219teptat eveniment al anului de la Sebe\u0219 debuteaz\u0103 ast\u0103zi, 22 august. Nu mai pu\u0163in de patru zile de distrac\u0163ie. Asta \u00eei a\u015fteap\u0103 pe locuitorii ora\u015fului \u015eebe\u015f \u015fi pe invita\u0163ii lor \u00een acest sf\u00e2r\u015fit de s\u0103pt\u0103m\u00e2n\u0103. Astfel c\u0103, \u00een perioada 22-25 august, sunte\u021bi a\u0219tepta\u021bi s\u0103 lua\u021bi parte la un dublu eveniment: \u201eZilele Municipiului Sebe\u0219\u201d &hellip;<\/p>\n","protected":false},"author":17,"featured_media":81823,"comment_status":"open","ping_status":"open","sticky":false,"template":"","format":"standard","meta":{"inline_featured_image":false,"footnotes":""},"categories":[4],"tags":[307,18532,308,76],"class_list":["post-81822","post","type-post","status-publish","format-standard","has-post-thumbnail","hentry","category-eveniment","tag-alba","tag-sarbatoarea-fanfarei-din-petresti","tag-stiri","tag-urbea-mea"],"yoast_head":"<!-- This site is optimized with the Yoast SEO plugin v27.4 - https:\/\/yoast.com\/product\/yoast-seo-wordpress\/ -->\n<title>A\u0219teptarea a luat sf\u00e2r\u0219it. AST\u0102ZI debuteaz\u0103 \u201eZilele Municipiului Sebe\u0219\u201d - Revista Urbea Mea - Revista de Alba<\/title>\n<meta name=\"description\" content=\"Cel mai a\u0219teptat eveniment al anului de la Sebe\u0219 debuteaz\u0103 ast\u0103zi, 22 august. Nu mai pu\u0163in de patru zile de distrac\u0163ie. Asta \u00eei a\u015fteap\u0103 pe locuitorii\" \/>\n<meta name=\"robots\" content=\"index, follow, max-snippet:-1, max-image-preview:large, max-video-preview:-1\" \/>\n<link rel=\"canonical\" href=\"https:\/\/urbeamea.ro\/albaiulia\/asteptarea-a-luat-sfarsit-astazi-debuteaza-zilele-municipiului-sebes\/\" \/>\n<meta name=\"twitter:card\" content=\"summary_large_image\" \/>\n<meta name=\"twitter:title\" content=\"A\u0219teptarea a luat sf\u00e2r\u0219it. AST\u0102ZI debuteaz\u0103 \u201eZilele Municipiului Sebe\u0219\u201d - Revista Urbea Mea - Revista de Alba\" \/>\n<meta name=\"twitter:description\" content=\"Cel mai a\u0219teptat eveniment al anului de la Sebe\u0219 debuteaz\u0103 ast\u0103zi, 22 august. Nu mai pu\u0163in de patru zile de distrac\u0163ie. Asta \u00eei a\u015fteap\u0103 pe locuitorii\" \/>\n<meta name=\"twitter:image\" content=\"https:\/\/urbeamea.ro\/albaiulia\/wp-content\/uploads\/2019\/08\/Program-ZMS-2019-.jpg\" \/>\n<meta name=\"twitter:creator\" content=\"@urbeameaweb\" \/>\n<meta name=\"twitter:site\" content=\"@urbeameaweb\" \/>\n<script type=\"application\/ld+json\" class=\"yoast-schema-graph\">{\"@context\":\"https:\\\/\\\/schema.org\",\"@graph\":[{\"@type\":\"Article\",\"@id\":\"https:\\\/\\\/urbeamea.ro\\\/albaiulia\\\/asteptarea-a-luat-sfarsit-astazi-debuteaza-zilele-municipiului-sebes\\\/#article\",\"isPartOf\":{\"@id\":\"https:\\\/\\\/urbeamea.ro\\\/albaiulia\\\/asteptarea-a-luat-sfarsit-astazi-debuteaza-zilele-municipiului-sebes\\\/\"},\"author\":{\"name\":\"Cristina Ganga\",\"@id\":\"https:\\\/\\\/urbeamea.ro\\\/albaiulia\\\/#\\\/schema\\\/person\\\/9700d21fae21c4f038b0b56f4506264a\"},\"headline\":\"A\u0219teptarea a luat sf\u00e2r\u0219it. AST\u0102ZI debuteaz\u0103 \u201eZilele Municipiului Sebe\u0219\u201d\",\"datePublished\":\"2019-08-22T07:07:08+00:00\",\"dateModified\":\"2019-08-22T07:07:12+00:00\",\"mainEntityOfPage\":{\"@id\":\"https:\\\/\\\/urbeamea.ro\\\/albaiulia\\\/asteptarea-a-luat-sfarsit-astazi-debuteaza-zilele-municipiului-sebes\\\/\"},\"wordCount\":596,\"commentCount\":0,\"image\":{\"@id\":\"https:\\\/\\\/urbeamea.ro\\\/albaiulia\\\/asteptarea-a-luat-sfarsit-astazi-debuteaza-zilele-municipiului-sebes\\\/#primaryimage\"},\"thumbnailUrl\":\"https:\\\/\\\/urbeamea.ro\\\/albaiulia\\\/wp-content\\\/uploads\\\/2019\\\/08\\\/Program-ZMS-2019-.jpg\",\"keywords\":[\"alba\",\"sarbatoarea fanfarei din petresti\",\"stiri\",\"Urbea Mea\"],\"articleSection\":[\"Evenimente\"],\"inLanguage\":\"ro-RO\",\"potentialAction\":[{\"@type\":\"CommentAction\",\"name\":\"Comment\",\"target\":[\"https:\\\/\\\/urbeamea.ro\\\/albaiulia\\\/asteptarea-a-luat-sfarsit-astazi-debuteaza-zilele-municipiului-sebes\\\/#respond\"]}]},{\"@type\":\"WebPage\",\"@id\":\"https:\\\/\\\/urbeamea.ro\\\/albaiulia\\\/asteptarea-a-luat-sfarsit-astazi-debuteaza-zilele-municipiului-sebes\\\/\",\"url\":\"https:\\\/\\\/urbeamea.ro\\\/albaiulia\\\/asteptarea-a-luat-sfarsit-astazi-debuteaza-zilele-municipiului-sebes\\\/\",\"name\":\"A\u0219teptarea a luat sf\u00e2r\u0219it. AST\u0102ZI debuteaz\u0103 \u201eZilele Municipiului Sebe\u0219\u201d - Revista Urbea Mea - Revista de Alba\",\"isPartOf\":{\"@id\":\"https:\\\/\\\/urbeamea.ro\\\/albaiulia\\\/#website\"},\"primaryImageOfPage\":{\"@id\":\"https:\\\/\\\/urbeamea.ro\\\/albaiulia\\\/asteptarea-a-luat-sfarsit-astazi-debuteaza-zilele-municipiului-sebes\\\/#primaryimage\"},\"image\":{\"@id\":\"https:\\\/\\\/urbeamea.ro\\\/albaiulia\\\/asteptarea-a-luat-sfarsit-astazi-debuteaza-zilele-municipiului-sebes\\\/#primaryimage\"},\"thumbnailUrl\":\"https:\\\/\\\/urbeamea.ro\\\/albaiulia\\\/wp-content\\\/uploads\\\/2019\\\/08\\\/Program-ZMS-2019-.jpg\",\"datePublished\":\"2019-08-22T07:07:08+00:00\",\"dateModified\":\"2019-08-22T07:07:12+00:00\",\"author\":{\"@id\":\"https:\\\/\\\/urbeamea.ro\\\/albaiulia\\\/#\\\/schema\\\/person\\\/9700d21fae21c4f038b0b56f4506264a\"},\"description\":\"Cel mai a\u0219teptat eveniment al anului de la Sebe\u0219 debuteaz\u0103 ast\u0103zi, 22 august. Nu mai pu\u0163in de patru zile de distrac\u0163ie. Asta \u00eei a\u015fteap\u0103 pe locuitorii\",\"breadcrumb\":{\"@id\":\"https:\\\/\\\/urbeamea.ro\\\/albaiulia\\\/asteptarea-a-luat-sfarsit-astazi-debuteaza-zilele-municipiului-sebes\\\/#breadcrumb\"},\"inLanguage\":\"ro-RO\",\"potentialAction\":[{\"@type\":\"ReadAction\",\"target\":[\"https:\\\/\\\/urbeamea.ro\\\/albaiulia\\\/asteptarea-a-luat-sfarsit-astazi-debuteaza-zilele-municipiului-sebes\\\/\"]}]},{\"@type\":\"ImageObject\",\"inLanguage\":\"ro-RO\",\"@id\":\"https:\\\/\\\/urbeamea.ro\\\/albaiulia\\\/asteptarea-a-luat-sfarsit-astazi-debuteaza-zilele-municipiului-sebes\\\/#primaryimage\",\"url\":\"https:\\\/\\\/urbeamea.ro\\\/albaiulia\\\/wp-content\\\/uploads\\\/2019\\\/08\\\/Program-ZMS-2019-.jpg\",\"contentUrl\":\"https:\\\/\\\/urbeamea.ro\\\/albaiulia\\\/wp-content\\\/uploads\\\/2019\\\/08\\\/Program-ZMS-2019-.jpg\",\"width\":1600,\"height\":1131},{\"@type\":\"BreadcrumbList\",\"@id\":\"https:\\\/\\\/urbeamea.ro\\\/albaiulia\\\/asteptarea-a-luat-sfarsit-astazi-debuteaza-zilele-municipiului-sebes\\\/#breadcrumb\",\"itemListElement\":[{\"@type\":\"ListItem\",\"position\":1,\"name\":\"Prima pagin\u0103\",\"item\":\"https:\\\/\\\/urbeamea.ro\\\/albaiulia\\\/\"},{\"@type\":\"ListItem\",\"position\":2,\"name\":\"A\u0219teptarea a luat sf\u00e2r\u0219it. AST\u0102ZI debuteaz\u0103 \u201eZilele Municipiului Sebe\u0219\u201d\"}]},{\"@type\":\"WebSite\",\"@id\":\"https:\\\/\\\/urbeamea.ro\\\/albaiulia\\\/#website\",\"url\":\"https:\\\/\\\/urbeamea.ro\\\/albaiulia\\\/\",\"name\":\"Revista Urbea Mea, Stiri urbane\",\"description\":\"Evenimente \u0219i \u0219tiri din Alba Iulia, Sebe\u0219, Aiud, Blaj\",\"potentialAction\":[{\"@type\":\"SearchAction\",\"target\":{\"@type\":\"EntryPoint\",\"urlTemplate\":\"https:\\\/\\\/urbeamea.ro\\\/albaiulia\\\/?s={search_term_string}\"},\"query-input\":{\"@type\":\"PropertyValueSpecification\",\"valueRequired\":true,\"valueName\":\"search_term_string\"}}],\"inLanguage\":\"ro-RO\"},{\"@type\":\"Person\",\"@id\":\"https:\\\/\\\/urbeamea.ro\\\/albaiulia\\\/#\\\/schema\\\/person\\\/9700d21fae21c4f038b0b56f4506264a\",\"name\":\"Cristina Ganga\",\"image\":{\"@type\":\"ImageObject\",\"inLanguage\":\"ro-RO\",\"@id\":\"https:\\\/\\\/secure.gravatar.com\\\/avatar\\\/5a67661041f057b4a8ccaf26f5a8e86e2689372006d01faf3dd9eeb10b654bb4?s=96&d=mm&r=g\",\"url\":\"https:\\\/\\\/secure.gravatar.com\\\/avatar\\\/5a67661041f057b4a8ccaf26f5a8e86e2689372006d01faf3dd9eeb10b654bb4?s=96&d=mm&r=g\",\"contentUrl\":\"https:\\\/\\\/secure.gravatar.com\\\/avatar\\\/5a67661041f057b4a8ccaf26f5a8e86e2689372006d01faf3dd9eeb10b654bb4?s=96&d=mm&r=g\",\"caption\":\"Cristina Ganga\"},\"description\":\"Jurnalist\",\"sameAs\":[\"https:\\\/\\\/www.facebook.com\\\/cristina.nicola.587\"],\"url\":\"https:\\\/\\\/urbeamea.ro\\\/albaiulia\\\/author\\\/cristina-nicola\\\/\"}]}<\/script>\n<!-- \/ Yoast SEO plugin. -->","yoast_head_json":{"title":"A\u0219teptarea a luat sf\u00e2r\u0219it. AST\u0102ZI debuteaz\u0103 \u201eZilele Municipiului Sebe\u0219\u201d - Revista Urbea Mea - Revista de Alba","description":"Cel mai a\u0219teptat eveniment al anului de la Sebe\u0219 debuteaz\u0103 ast\u0103zi, 22 august. Nu mai pu\u0163in de patru zile de distrac\u0163ie. Asta \u00eei a\u015fteap\u0103 pe locuitorii","robots":{"index":"index","follow":"follow","max-snippet":"max-snippet:-1","max-image-preview":"max-image-preview:large","max-video-preview":"max-video-preview:-1"},"canonical":"https:\/\/urbeamea.ro\/albaiulia\/asteptarea-a-luat-sfarsit-astazi-debuteaza-zilele-municipiului-sebes\/","twitter_card":"summary_large_image","twitter_title":"A\u0219teptarea a luat sf\u00e2r\u0219it. AST\u0102ZI debuteaz\u0103 \u201eZilele Municipiului Sebe\u0219\u201d - Revista Urbea Mea - Revista de Alba","twitter_description":"Cel mai a\u0219teptat eveniment al anului de la Sebe\u0219 debuteaz\u0103 ast\u0103zi, 22 august. Nu mai pu\u0163in de patru zile de distrac\u0163ie. Asta \u00eei a\u015fteap\u0103 pe locuitorii","twitter_image":"https:\/\/urbeamea.ro\/albaiulia\/wp-content\/uploads\/2019\/08\/Program-ZMS-2019-.jpg","twitter_creator":"@urbeameaweb","twitter_site":"@urbeameaweb","schema":{"@context":"https:\/\/schema.org","@graph":[{"@type":"Article","@id":"https:\/\/urbeamea.ro\/albaiulia\/asteptarea-a-luat-sfarsit-astazi-debuteaza-zilele-municipiului-sebes\/#article","isPartOf":{"@id":"https:\/\/urbeamea.ro\/albaiulia\/asteptarea-a-luat-sfarsit-astazi-debuteaza-zilele-municipiului-sebes\/"},"author":{"name":"Cristina Ganga","@id":"https:\/\/urbeamea.ro\/albaiulia\/#\/schema\/person\/9700d21fae21c4f038b0b56f4506264a"},"headline":"A\u0219teptarea a luat sf\u00e2r\u0219it. AST\u0102ZI debuteaz\u0103 \u201eZilele Municipiului Sebe\u0219\u201d","datePublished":"2019-08-22T07:07:08+00:00","dateModified":"2019-08-22T07:07:12+00:00","mainEntityOfPage":{"@id":"https:\/\/urbeamea.ro\/albaiulia\/asteptarea-a-luat-sfarsit-astazi-debuteaza-zilele-municipiului-sebes\/"},"wordCount":596,"commentCount":0,"image":{"@id":"https:\/\/urbeamea.ro\/albaiulia\/asteptarea-a-luat-sfarsit-astazi-debuteaza-zilele-municipiului-sebes\/#primaryimage"},"thumbnailUrl":"https:\/\/urbeamea.ro\/albaiulia\/wp-content\/uploads\/2019\/08\/Program-ZMS-2019-.jpg","keywords":["alba","sarbatoarea fanfarei din petresti","stiri","Urbea Mea"],"articleSection":["Evenimente"],"inLanguage":"ro-RO","potentialAction":[{"@type":"CommentAction","name":"Comment","target":["https:\/\/urbeamea.ro\/albaiulia\/asteptarea-a-luat-sfarsit-astazi-debuteaza-zilele-municipiului-sebes\/#respond"]}]},{"@type":"WebPage","@id":"https:\/\/urbeamea.ro\/albaiulia\/asteptarea-a-luat-sfarsit-astazi-debuteaza-zilele-municipiului-sebes\/","url":"https:\/\/urbeamea.ro\/albaiulia\/asteptarea-a-luat-sfarsit-astazi-debuteaza-zilele-municipiului-sebes\/","name":"A\u0219teptarea a luat sf\u00e2r\u0219it. AST\u0102ZI debuteaz\u0103 \u201eZilele Municipiului Sebe\u0219\u201d - Revista Urbea Mea - Revista de Alba","isPartOf":{"@id":"https:\/\/urbeamea.ro\/albaiulia\/#website"},"primaryImageOfPage":{"@id":"https:\/\/urbeamea.ro\/albaiulia\/asteptarea-a-luat-sfarsit-astazi-debuteaza-zilele-municipiului-sebes\/#primaryimage"},"image":{"@id":"https:\/\/urbeamea.ro\/albaiulia\/asteptarea-a-luat-sfarsit-astazi-debuteaza-zilele-municipiului-sebes\/#primaryimage"},"thumbnailUrl":"https:\/\/urbeamea.ro\/albaiulia\/wp-content\/uploads\/2019\/08\/Program-ZMS-2019-.jpg","datePublished":"2019-08-22T07:07:08+00:00","dateModified":"2019-08-22T07:07:12+00:00","author":{"@id":"https:\/\/urbeamea.ro\/albaiulia\/#\/schema\/person\/9700d21fae21c4f038b0b56f4506264a"},"description":"Cel mai a\u0219teptat eveniment al anului de la Sebe\u0219 debuteaz\u0103 ast\u0103zi, 22 august. Nu mai pu\u0163in de patru zile de distrac\u0163ie. Asta \u00eei a\u015fteap\u0103 pe locuitorii","breadcrumb":{"@id":"https:\/\/urbeamea.ro\/albaiulia\/asteptarea-a-luat-sfarsit-astazi-debuteaza-zilele-municipiului-sebes\/#breadcrumb"},"inLanguage":"ro-RO","potentialAction":[{"@type":"ReadAction","target":["https:\/\/urbeamea.ro\/albaiulia\/asteptarea-a-luat-sfarsit-astazi-debuteaza-zilele-municipiului-sebes\/"]}]},{"@type":"ImageObject","inLanguage":"ro-RO","@id":"https:\/\/urbeamea.ro\/albaiulia\/asteptarea-a-luat-sfarsit-astazi-debuteaza-zilele-municipiului-sebes\/#primaryimage","url":"https:\/\/urbeamea.ro\/albaiulia\/wp-content\/uploads\/2019\/08\/Program-ZMS-2019-.jpg","contentUrl":"https:\/\/urbeamea.ro\/albaiulia\/wp-content\/uploads\/2019\/08\/Program-ZMS-2019-.jpg","width":1600,"height":1131},{"@type":"BreadcrumbList","@id":"https:\/\/urbeamea.ro\/albaiulia\/asteptarea-a-luat-sfarsit-astazi-debuteaza-zilele-municipiului-sebes\/#breadcrumb","itemListElement":[{"@type":"ListItem","position":1,"name":"Prima pagin\u0103","item":"https:\/\/urbeamea.ro\/albaiulia\/"},{"@type":"ListItem","position":2,"name":"A\u0219teptarea a luat sf\u00e2r\u0219it. AST\u0102ZI debuteaz\u0103 \u201eZilele Municipiului Sebe\u0219\u201d"}]},{"@type":"WebSite","@id":"https:\/\/urbeamea.ro\/albaiulia\/#website","url":"https:\/\/urbeamea.ro\/albaiulia\/","name":"Revista Urbea Mea, Stiri urbane","description":"Evenimente \u0219i \u0219tiri din Alba Iulia, Sebe\u0219, Aiud, Blaj","potentialAction":[{"@type":"SearchAction","target":{"@type":"EntryPoint","urlTemplate":"https:\/\/urbeamea.ro\/albaiulia\/?s={search_term_string}"},"query-input":{"@type":"PropertyValueSpecification","valueRequired":true,"valueName":"search_term_string"}}],"inLanguage":"ro-RO"},{"@type":"Person","@id":"https:\/\/urbeamea.ro\/albaiulia\/#\/schema\/person\/9700d21fae21c4f038b0b56f4506264a","name":"Cristina Ganga","image":{"@type":"ImageObject","inLanguage":"ro-RO","@id":"https:\/\/secure.gravatar.com\/avatar\/5a67661041f057b4a8ccaf26f5a8e86e2689372006d01faf3dd9eeb10b654bb4?s=96&d=mm&r=g","url":"https:\/\/secure.gravatar.com\/avatar\/5a67661041f057b4a8ccaf26f5a8e86e2689372006d01faf3dd9eeb10b654bb4?s=96&d=mm&r=g","contentUrl":"https:\/\/secure.gravatar.com\/avatar\/5a67661041f057b4a8ccaf26f5a8e86e2689372006d01faf3dd9eeb10b654bb4?s=96&d=mm&r=g","caption":"Cristina Ganga"},"description":"Jurnalist","sameAs":["https:\/\/www.facebook.com\/cristina.nicola.587"],"url":"https:\/\/urbeamea.ro\/albaiulia\/author\/cristina-nicola\/"}]}},"_links":{"self":[{"href":"https:\/\/urbeamea.ro\/albaiulia\/wp-json\/wp\/v2\/posts\/81822","targetHints":{"allow":["GET"]}}],"collection":[{"href":"https:\/\/urbeamea.ro\/albaiulia\/wp-json\/wp\/v2\/posts"}],"about":[{"href":"https:\/\/urbeamea.ro\/albaiulia\/wp-json\/wp\/v2\/types\/post"}],"author":[{"embeddable":true,"href":"https:\/\/urbeamea.ro\/albaiulia\/wp-json\/wp\/v2\/users\/17"}],"replies":[{"embeddable":true,"href":"https:\/\/urbeamea.ro\/albaiulia\/wp-json\/wp\/v2\/comments?post=81822"}],"version-history":[{"count":0,"href":"https:\/\/urbeamea.ro\/albaiulia\/wp-json\/wp\/v2\/posts\/81822\/revisions"}],"wp:featuredmedia":[{"embeddable":true,"href":"https:\/\/urbeamea.ro\/albaiulia\/wp-json\/wp\/v2\/media\/81823"}],"wp:attachment":[{"href":"https:\/\/urbeamea.ro\/albaiulia\/wp-json\/wp\/v2\/media?parent=81822"}],"wp:term":[{"taxonomy":"category","embeddable":true,"href":"https:\/\/urbeamea.ro\/albaiulia\/wp-json\/wp\/v2\/categories?post=81822"},{"taxonomy":"post_tag","embeddable":true,"href":"https:\/\/urbeamea.ro\/albaiulia\/wp-json\/wp\/v2\/tags?post=81822"}],"curies":[{"name":"wp","href":"https:\/\/api.w.org\/{rel}","templated":true}]}}