{"id":81825,"date":"2019-08-23T09:28:55","date_gmt":"2019-08-23T06:28:55","guid":{"rendered":"https:\/\/urbeamea.ro\/albaiulia\/?p=81825"},"modified":"2019-08-23T09:28:59","modified_gmt":"2019-08-23T06:28:59","slug":"vineri-deschiderea-oficiala-a-zilelor-municipiului-sebes","status":"publish","type":"post","link":"https:\/\/urbeamea.ro\/albaiulia\/vineri-deschiderea-oficiala-a-zilelor-municipiului-sebes\/","title":{"rendered":"Vineri: Deschiderea oficial\u0103 a Zilelor Municipiului Sebe\u0219"},"content":{"rendered":"\n<p class=\"wp-block-paragraph\"><strong>Vineri, 23 august 2019, gr\u0103dina Muzeului Municipal \u201eIoan Raica&#8221; va g\u0103zdui, \u00eencep\u00e2nd cu ora 10.30, evenimentul prin care se marcheaz\u0103 deschiderea oficial\u0103 a Zilelor Municipiului Sebe\u0219. Aceast\u0103 edi\u021bie&nbsp;\u00een care ne s\u0103rb\u0103torim ora\u0219ul este dedicat\u0103 \u00eemplinirii a 140 de&nbsp;ani&nbsp;de activitate ai Fanfarei din Petre\u0219ti.<\/strong><\/p>\n\n\n\n<p class=\"wp-block-paragraph\">V\u0103 invit\u0103m la un eveniment dedicat \u00eentregii comunit\u0103\u021bi, precum \u0219i oaspe\u021bilor ora\u0219ului. Primarul Municipiului Sebe\u0219, Dorin Nistor, va adresa salutul oficial&nbsp;delega\u021biilor din ora\u0219ele \u00eenfr\u0103\u021bite, va premia peste 60 de persoane &#8211; elevi cu rezultate foarte bune la examenele de evaluare na\u021bional\u0103 \u0219i de bacalaureat, \u0219efii de promo\u021bie din liceele sebe\u0219ene, sportivi, voluntari, persoane unice din via\u021ba de zi cu zi a urbei, precum \u0219i membrii Fanfarei din Petre\u0219ti. Invita\u021bi speciali ai evenimentului sunt \u0219i membrii trupei de pop-opera, DISTINTO.<\/p>\n\n\n\n<p class=\"wp-block-paragraph\">Muzeul Municipal \u201eIoan Raica&#8221; \u00ee\u0219i invit\u0103 oaspe\u021bii la vernisajul expozi\u021biei dedicate Fanfarei din Petre\u0219ti. Dup\u0103-masa zilei de vineri aduce la Petre\u0219ti, \u00eencep\u00e2nd cu ora 17.00, lansarea c\u0103r\u021bii&nbsp;\u201eContribu\u021bii la monografia Fanfarei din Petre\u0219ti&#8221;, proiect editorial sus\u021binut de Centrul Cultural \u201eLucian Blaga&#8221;.<\/p>\n\n\n\n<p class=\"wp-block-paragraph\"><strong>VINERI, 23 AUGUST 2019<\/strong><\/p>\n\n\n\n<p class=\"wp-block-paragraph\">Ora 10.30 Gr\u0103dina Muzeului Municipal \u201eIoan Raica\u201d<br>DESCHIDEREA OFICIAL\u0102 A ZILELOR MUNICIPIULUI SEBE\u0218<\/p>\n\n\n\n<p class=\"wp-block-paragraph\">Aceast\u0103 edi\u021bie \u00een care ne s\u0103rb\u0103torim ora\u0219ul este dedicat\u0103 \u00eemplinirii a 140 de&nbsp;ani&nbsp;de activitate ai Fanfarei din Petre\u0219ti. Atmosfer\u0103 tradi\u021bional\u0103. Salutul oficialit\u0103\u021bilor. Salutul delega\u021biilor din ora\u0219ele \u00eenfr\u0103\u021bite. Premierea unor persoane unice din via\u021ba de zi cu zi a urbei. Momente artistice \u0219i muzic\u0103 de fanfar\u0103.<\/p>\n\n\n\n<figure class=\"wp-block-image\"><img loading=\"lazy\" decoding=\"async\" width=\"1280\" height=\"854\" src=\"https:\/\/urbeamea.ro\/albaiulia\/wp-content\/uploads\/2019\/08\/03-1280x854.jpg\" alt=\"\" class=\"wp-image-81827\" srcset=\"https:\/\/urbeamea.ro\/albaiulia\/wp-content\/uploads\/2019\/08\/03-1280x854.jpg 1280w, https:\/\/urbeamea.ro\/albaiulia\/wp-content\/uploads\/2019\/08\/03-150x100.jpg 150w, https:\/\/urbeamea.ro\/albaiulia\/wp-content\/uploads\/2019\/08\/03-640x427.jpg 640w, https:\/\/urbeamea.ro\/albaiulia\/wp-content\/uploads\/2019\/08\/03-768x512.jpg 768w\" sizes=\"auto, (max-width: 1280px) 100vw, 1280px\" \/><\/figure>\n\n\n\n<p class=\"wp-block-paragraph\">Vernisajul expozi\u021bie dedicate Fanfarei din Petre\u0219ti.<br>Tur ghidat al muzeului.<br>Invit\u0103m cu toat\u0103 c\u0103ldura \u00eentreaga comunitate local\u0103, precum \u0219i oaspe\u021bii ora\u0219ului!<\/p>\n\n\n\n<p class=\"wp-block-paragraph\">Ora 17.00 Scen\u0103 Petre\u0219ti<br>S\u0103rb\u0103toarea Fanfarei din Petre\u0219ti. Lansarea c\u0103r\u021bii \u201cContribu\u021bii la monografia Fanfarei din Petre\u0219ti\u201d. Momente artiste. Balul fanfarei. <\/p>\n\n\n\n<p class=\"wp-block-paragraph\">Ora 18.00 Scen\u0103. Parcul Arini<br>Concerte sus\u021binute de trupele locale<br>Anima\u021bie MC Kotto \u0219i Andreea Bogdan<br>CONCERTE: CARGO, COMPACT, RIFF<br>DJ-party. <\/p>\n\n\n\n<p class=\"wp-block-paragraph\">Organizatorii evenimentului sunt: Prim\u0103ria Municipiului Sebe\u0219, Consiliul Local al Municipiului Sebe\u0219, Centrul Cultural \u201eLucian Blaga&#8221; Sebe\u0219.<\/p>\n\n\n\n<p class=\"wp-block-paragraph\">Mul\u021bumim sponsorilor care au ales s\u0103 ni se al\u0103ture \u00eentr-un parteneriat pentru a ne s\u0103rb\u0103tori comunitatea. Sponsor oficial principal: STAR TRANSMISSION&nbsp; &amp; STAR ASSEMBLY. Sponsori: Jidvei, Alpin 57 Lux, Romaqua Group Borsec,&nbsp;Livio Dario, Lincoln Plus, Lincoln Service, Profi, San Casa, Elis Pavaje, Kronospan, Farel.<\/p>\n\n\n\n<p class=\"wp-block-paragraph\">Programul complet \u00eel pute\u021bi consulta <a href=\"https:\/\/urbeamea.ro\/albaiulia\/22-25-august-zilele-municipiului-sebes-si-sarbatoarea-fanfarei-din-petresti-140-de-ani-de-traditii\/\">AICI<\/a>.<\/p>\n","protected":false},"excerpt":{"rendered":"<p>Vineri, 23 august 2019, gr\u0103dina Muzeului Municipal \u201eIoan Raica&#8221; va g\u0103zdui, \u00eencep\u00e2nd cu ora 10.30, evenimentul prin care se marcheaz\u0103 deschiderea oficial\u0103 a Zilelor Municipiului Sebe\u0219. Aceast\u0103 edi\u021bie&nbsp;\u00een care ne s\u0103rb\u0103torim ora\u0219ul este dedicat\u0103 \u00eemplinirii a 140 de&nbsp;ani&nbsp;de activitate ai Fanfarei din Petre\u0219ti. V\u0103 invit\u0103m la un eveniment dedicat \u00eentregii comunit\u0103\u021bi, precum \u0219i oaspe\u021bilor ora\u0219ului. &hellip;<\/p>\n","protected":false},"author":17,"featured_media":81826,"comment_status":"open","ping_status":"open","sticky":false,"template":"","format":"standard","meta":{"inline_featured_image":false,"footnotes":""},"categories":[4],"tags":[307,9991,1238,12170,18578,10847,11569,308,76,11914],"class_list":["post-81825","post","type-post","status-publish","format-standard","has-post-thumbnail","hentry","category-eveniment","tag-alba","tag-cargo","tag-concerte","tag-deschiderea-oficiala","tag-dj-party","tag-fanfara-din-petresti","tag-riff","tag-stiri","tag-urbea-mea","tag-zilele-municipiului-sebes"],"yoast_head":"<!-- This site is optimized with the Yoast SEO plugin v28.3 - https:\/\/yoast.com\/product\/yoast-seo-wordpress\/ -->\n<title>Vineri: Deschiderea oficial\u0103 a Zilelor Municipiului Sebe\u0219 - Revista Urbea Mea - Revista de Alba<\/title>\n<meta name=\"description\" content=\"Vineri, 23 august 2019, gr\u0103dina Muzeului Municipal \u201eIoan Raica&quot; va g\u0103zdui, \u00eencep\u00e2nd cu ora 10.30, evenimentul prin care se marcheaz\u0103 deschiderea oficial\u0103\" \/>\n<meta name=\"robots\" content=\"index, follow, max-snippet:-1, max-image-preview:large, max-video-preview:-1\" \/>\n<link rel=\"canonical\" href=\"https:\/\/urbeamea.ro\/albaiulia\/vineri-deschiderea-oficiala-a-zilelor-municipiului-sebes\/\" \/>\n<meta name=\"twitter:card\" content=\"summary_large_image\" \/>\n<meta name=\"twitter:title\" content=\"Vineri: Deschiderea oficial\u0103 a Zilelor Municipiului Sebe\u0219 - Revista Urbea Mea - Revista de Alba\" \/>\n<meta name=\"twitter:description\" content=\"Vineri, 23 august 2019, gr\u0103dina Muzeului Municipal \u201eIoan Raica&quot; va g\u0103zdui, \u00eencep\u00e2nd cu ora 10.30, evenimentul prin care se marcheaz\u0103 deschiderea oficial\u0103\" \/>\n<meta name=\"twitter:image\" content=\"https:\/\/urbeamea.ro\/albaiulia\/wp-content\/uploads\/2019\/08\/Distinto-foto.jpg\" \/>\n<meta name=\"twitter:creator\" content=\"@urbeameaweb\" \/>\n<meta name=\"twitter:site\" content=\"@urbeameaweb\" \/>\n<script type=\"application\/ld+json\" class=\"yoast-schema-graph\">{\"@context\":\"https:\\\/\\\/schema.org\",\"@graph\":[{\"@type\":\"Article\",\"@id\":\"https:\\\/\\\/urbeamea.ro\\\/albaiulia\\\/vineri-deschiderea-oficiala-a-zilelor-municipiului-sebes\\\/#article\",\"isPartOf\":{\"@id\":\"https:\\\/\\\/urbeamea.ro\\\/albaiulia\\\/vineri-deschiderea-oficiala-a-zilelor-municipiului-sebes\\\/\"},\"author\":{\"name\":\"Cristina Ganga\",\"@id\":\"https:\\\/\\\/urbeamea.ro\\\/albaiulia\\\/#\\\/schema\\\/person\\\/9700d21fae21c4f038b0b56f4506264a\"},\"headline\":\"Vineri: Deschiderea oficial\u0103 a Zilelor Municipiului Sebe\u0219\",\"datePublished\":\"2019-08-23T06:28:55+00:00\",\"dateModified\":\"2019-08-23T06:28:59+00:00\",\"mainEntityOfPage\":{\"@id\":\"https:\\\/\\\/urbeamea.ro\\\/albaiulia\\\/vineri-deschiderea-oficiala-a-zilelor-municipiului-sebes\\\/\"},\"wordCount\":424,\"commentCount\":0,\"image\":{\"@id\":\"https:\\\/\\\/urbeamea.ro\\\/albaiulia\\\/vineri-deschiderea-oficiala-a-zilelor-municipiului-sebes\\\/#primaryimage\"},\"thumbnailUrl\":\"https:\\\/\\\/urbeamea.ro\\\/albaiulia\\\/wp-content\\\/uploads\\\/2019\\\/08\\\/Distinto-foto.jpg\",\"keywords\":[\"alba\",\"cargo\",\"concerte\",\"deschiderea oficiala\",\"dj-party\",\"fanfara din petresti\",\"riff\",\"stiri\",\"Urbea Mea\",\"zilele municipiului sebes\"],\"articleSection\":[\"Evenimente\"],\"inLanguage\":\"ro-RO\",\"potentialAction\":[{\"@type\":\"CommentAction\",\"name\":\"Comment\",\"target\":[\"https:\\\/\\\/urbeamea.ro\\\/albaiulia\\\/vineri-deschiderea-oficiala-a-zilelor-municipiului-sebes\\\/#respond\"]}]},{\"@type\":\"WebPage\",\"@id\":\"https:\\\/\\\/urbeamea.ro\\\/albaiulia\\\/vineri-deschiderea-oficiala-a-zilelor-municipiului-sebes\\\/\",\"url\":\"https:\\\/\\\/urbeamea.ro\\\/albaiulia\\\/vineri-deschiderea-oficiala-a-zilelor-municipiului-sebes\\\/\",\"name\":\"Vineri: Deschiderea oficial\u0103 a Zilelor Municipiului Sebe\u0219 - Revista Urbea Mea - Revista de Alba\",\"isPartOf\":{\"@id\":\"https:\\\/\\\/urbeamea.ro\\\/albaiulia\\\/#website\"},\"primaryImageOfPage\":{\"@id\":\"https:\\\/\\\/urbeamea.ro\\\/albaiulia\\\/vineri-deschiderea-oficiala-a-zilelor-municipiului-sebes\\\/#primaryimage\"},\"image\":{\"@id\":\"https:\\\/\\\/urbeamea.ro\\\/albaiulia\\\/vineri-deschiderea-oficiala-a-zilelor-municipiului-sebes\\\/#primaryimage\"},\"thumbnailUrl\":\"https:\\\/\\\/urbeamea.ro\\\/albaiulia\\\/wp-content\\\/uploads\\\/2019\\\/08\\\/Distinto-foto.jpg\",\"datePublished\":\"2019-08-23T06:28:55+00:00\",\"dateModified\":\"2019-08-23T06:28:59+00:00\",\"author\":{\"@id\":\"https:\\\/\\\/urbeamea.ro\\\/albaiulia\\\/#\\\/schema\\\/person\\\/9700d21fae21c4f038b0b56f4506264a\"},\"description\":\"Vineri, 23 august 2019, gr\u0103dina Muzeului Municipal \u201eIoan Raica\\\" va g\u0103zdui, \u00eencep\u00e2nd cu ora 10.30, evenimentul prin care se marcheaz\u0103 deschiderea oficial\u0103\",\"breadcrumb\":{\"@id\":\"https:\\\/\\\/urbeamea.ro\\\/albaiulia\\\/vineri-deschiderea-oficiala-a-zilelor-municipiului-sebes\\\/#breadcrumb\"},\"inLanguage\":\"ro-RO\",\"potentialAction\":[{\"@type\":\"ReadAction\",\"target\":[\"https:\\\/\\\/urbeamea.ro\\\/albaiulia\\\/vineri-deschiderea-oficiala-a-zilelor-municipiului-sebes\\\/\"]}]},{\"@type\":\"ImageObject\",\"inLanguage\":\"ro-RO\",\"@id\":\"https:\\\/\\\/urbeamea.ro\\\/albaiulia\\\/vineri-deschiderea-oficiala-a-zilelor-municipiului-sebes\\\/#primaryimage\",\"url\":\"https:\\\/\\\/urbeamea.ro\\\/albaiulia\\\/wp-content\\\/uploads\\\/2019\\\/08\\\/Distinto-foto.jpg\",\"contentUrl\":\"https:\\\/\\\/urbeamea.ro\\\/albaiulia\\\/wp-content\\\/uploads\\\/2019\\\/08\\\/Distinto-foto.jpg\",\"width\":1440,\"height\":1440},{\"@type\":\"BreadcrumbList\",\"@id\":\"https:\\\/\\\/urbeamea.ro\\\/albaiulia\\\/vineri-deschiderea-oficiala-a-zilelor-municipiului-sebes\\\/#breadcrumb\",\"itemListElement\":[{\"@type\":\"ListItem\",\"position\":1,\"name\":\"Prima pagin\u0103\",\"item\":\"https:\\\/\\\/urbeamea.ro\\\/albaiulia\\\/\"},{\"@type\":\"ListItem\",\"position\":2,\"name\":\"Vineri: Deschiderea oficial\u0103 a Zilelor Municipiului Sebe\u0219\"}]},{\"@type\":\"WebSite\",\"@id\":\"https:\\\/\\\/urbeamea.ro\\\/albaiulia\\\/#website\",\"url\":\"https:\\\/\\\/urbeamea.ro\\\/albaiulia\\\/\",\"name\":\"Revista Urbea Mea, Stiri urbane\",\"description\":\"Evenimente \u0219i \u0219tiri din Alba Iulia, Sebe\u0219, Aiud, Blaj\",\"potentialAction\":[{\"@type\":\"SearchAction\",\"target\":{\"@type\":\"EntryPoint\",\"urlTemplate\":\"https:\\\/\\\/urbeamea.ro\\\/albaiulia\\\/?s={search_term_string}\"},\"query-input\":{\"@type\":\"PropertyValueSpecification\",\"valueRequired\":true,\"valueName\":\"search_term_string\"}}],\"inLanguage\":\"ro-RO\"},{\"@type\":\"Person\",\"@id\":\"https:\\\/\\\/urbeamea.ro\\\/albaiulia\\\/#\\\/schema\\\/person\\\/9700d21fae21c4f038b0b56f4506264a\",\"name\":\"Cristina Ganga\",\"image\":{\"@type\":\"ImageObject\",\"inLanguage\":\"ro-RO\",\"@id\":\"https:\\\/\\\/secure.gravatar.com\\\/avatar\\\/5a67661041f057b4a8ccaf26f5a8e86e2689372006d01faf3dd9eeb10b654bb4?s=96&d=mm&r=g\",\"url\":\"https:\\\/\\\/secure.gravatar.com\\\/avatar\\\/5a67661041f057b4a8ccaf26f5a8e86e2689372006d01faf3dd9eeb10b654bb4?s=96&d=mm&r=g\",\"contentUrl\":\"https:\\\/\\\/secure.gravatar.com\\\/avatar\\\/5a67661041f057b4a8ccaf26f5a8e86e2689372006d01faf3dd9eeb10b654bb4?s=96&d=mm&r=g\",\"caption\":\"Cristina Ganga\"},\"description\":\"Jurnalist\",\"sameAs\":[\"https:\\\/\\\/www.facebook.com\\\/cristina.nicola.587\"],\"url\":\"https:\\\/\\\/urbeamea.ro\\\/albaiulia\\\/author\\\/cristina-nicola\\\/\"}]}<\/script>\n<!-- \/ Yoast SEO plugin. -->","yoast_head_json":{"title":"Vineri: Deschiderea oficial\u0103 a Zilelor Municipiului Sebe\u0219 - Revista Urbea Mea - Revista de Alba","description":"Vineri, 23 august 2019, gr\u0103dina Muzeului Municipal \u201eIoan Raica\" va g\u0103zdui, \u00eencep\u00e2nd cu ora 10.30, evenimentul prin care se marcheaz\u0103 deschiderea oficial\u0103","robots":{"index":"index","follow":"follow","max-snippet":"max-snippet:-1","max-image-preview":"max-image-preview:large","max-video-preview":"max-video-preview:-1"},"canonical":"https:\/\/urbeamea.ro\/albaiulia\/vineri-deschiderea-oficiala-a-zilelor-municipiului-sebes\/","twitter_card":"summary_large_image","twitter_title":"Vineri: Deschiderea oficial\u0103 a Zilelor Municipiului Sebe\u0219 - Revista Urbea Mea - Revista de Alba","twitter_description":"Vineri, 23 august 2019, gr\u0103dina Muzeului Municipal \u201eIoan Raica\" va g\u0103zdui, \u00eencep\u00e2nd cu ora 10.30, evenimentul prin care se marcheaz\u0103 deschiderea oficial\u0103","twitter_image":"https:\/\/urbeamea.ro\/albaiulia\/wp-content\/uploads\/2019\/08\/Distinto-foto.jpg","twitter_creator":"@urbeameaweb","twitter_site":"@urbeameaweb","schema":{"@context":"https:\/\/schema.org","@graph":[{"@type":"Article","@id":"https:\/\/urbeamea.ro\/albaiulia\/vineri-deschiderea-oficiala-a-zilelor-municipiului-sebes\/#article","isPartOf":{"@id":"https:\/\/urbeamea.ro\/albaiulia\/vineri-deschiderea-oficiala-a-zilelor-municipiului-sebes\/"},"author":{"name":"Cristina Ganga","@id":"https:\/\/urbeamea.ro\/albaiulia\/#\/schema\/person\/9700d21fae21c4f038b0b56f4506264a"},"headline":"Vineri: Deschiderea oficial\u0103 a Zilelor Municipiului Sebe\u0219","datePublished":"2019-08-23T06:28:55+00:00","dateModified":"2019-08-23T06:28:59+00:00","mainEntityOfPage":{"@id":"https:\/\/urbeamea.ro\/albaiulia\/vineri-deschiderea-oficiala-a-zilelor-municipiului-sebes\/"},"wordCount":424,"commentCount":0,"image":{"@id":"https:\/\/urbeamea.ro\/albaiulia\/vineri-deschiderea-oficiala-a-zilelor-municipiului-sebes\/#primaryimage"},"thumbnailUrl":"https:\/\/urbeamea.ro\/albaiulia\/wp-content\/uploads\/2019\/08\/Distinto-foto.jpg","keywords":["alba","cargo","concerte","deschiderea oficiala","dj-party","fanfara din petresti","riff","stiri","Urbea Mea","zilele municipiului sebes"],"articleSection":["Evenimente"],"inLanguage":"ro-RO","potentialAction":[{"@type":"CommentAction","name":"Comment","target":["https:\/\/urbeamea.ro\/albaiulia\/vineri-deschiderea-oficiala-a-zilelor-municipiului-sebes\/#respond"]}]},{"@type":"WebPage","@id":"https:\/\/urbeamea.ro\/albaiulia\/vineri-deschiderea-oficiala-a-zilelor-municipiului-sebes\/","url":"https:\/\/urbeamea.ro\/albaiulia\/vineri-deschiderea-oficiala-a-zilelor-municipiului-sebes\/","name":"Vineri: Deschiderea oficial\u0103 a Zilelor Municipiului Sebe\u0219 - Revista Urbea Mea - Revista de Alba","isPartOf":{"@id":"https:\/\/urbeamea.ro\/albaiulia\/#website"},"primaryImageOfPage":{"@id":"https:\/\/urbeamea.ro\/albaiulia\/vineri-deschiderea-oficiala-a-zilelor-municipiului-sebes\/#primaryimage"},"image":{"@id":"https:\/\/urbeamea.ro\/albaiulia\/vineri-deschiderea-oficiala-a-zilelor-municipiului-sebes\/#primaryimage"},"thumbnailUrl":"https:\/\/urbeamea.ro\/albaiulia\/wp-content\/uploads\/2019\/08\/Distinto-foto.jpg","datePublished":"2019-08-23T06:28:55+00:00","dateModified":"2019-08-23T06:28:59+00:00","author":{"@id":"https:\/\/urbeamea.ro\/albaiulia\/#\/schema\/person\/9700d21fae21c4f038b0b56f4506264a"},"description":"Vineri, 23 august 2019, gr\u0103dina Muzeului Municipal \u201eIoan Raica\" va g\u0103zdui, \u00eencep\u00e2nd cu ora 10.30, evenimentul prin care se marcheaz\u0103 deschiderea oficial\u0103","breadcrumb":{"@id":"https:\/\/urbeamea.ro\/albaiulia\/vineri-deschiderea-oficiala-a-zilelor-municipiului-sebes\/#breadcrumb"},"inLanguage":"ro-RO","potentialAction":[{"@type":"ReadAction","target":["https:\/\/urbeamea.ro\/albaiulia\/vineri-deschiderea-oficiala-a-zilelor-municipiului-sebes\/"]}]},{"@type":"ImageObject","inLanguage":"ro-RO","@id":"https:\/\/urbeamea.ro\/albaiulia\/vineri-deschiderea-oficiala-a-zilelor-municipiului-sebes\/#primaryimage","url":"https:\/\/urbeamea.ro\/albaiulia\/wp-content\/uploads\/2019\/08\/Distinto-foto.jpg","contentUrl":"https:\/\/urbeamea.ro\/albaiulia\/wp-content\/uploads\/2019\/08\/Distinto-foto.jpg","width":1440,"height":1440},{"@type":"BreadcrumbList","@id":"https:\/\/urbeamea.ro\/albaiulia\/vineri-deschiderea-oficiala-a-zilelor-municipiului-sebes\/#breadcrumb","itemListElement":[{"@type":"ListItem","position":1,"name":"Prima pagin\u0103","item":"https:\/\/urbeamea.ro\/albaiulia\/"},{"@type":"ListItem","position":2,"name":"Vineri: Deschiderea oficial\u0103 a Zilelor Municipiului Sebe\u0219"}]},{"@type":"WebSite","@id":"https:\/\/urbeamea.ro\/albaiulia\/#website","url":"https:\/\/urbeamea.ro\/albaiulia\/","name":"Revista Urbea Mea, Stiri urbane","description":"Evenimente \u0219i \u0219tiri din Alba Iulia, Sebe\u0219, Aiud, Blaj","potentialAction":[{"@type":"SearchAction","target":{"@type":"EntryPoint","urlTemplate":"https:\/\/urbeamea.ro\/albaiulia\/?s={search_term_string}"},"query-input":{"@type":"PropertyValueSpecification","valueRequired":true,"valueName":"search_term_string"}}],"inLanguage":"ro-RO"},{"@type":"Person","@id":"https:\/\/urbeamea.ro\/albaiulia\/#\/schema\/person\/9700d21fae21c4f038b0b56f4506264a","name":"Cristina Ganga","image":{"@type":"ImageObject","inLanguage":"ro-RO","@id":"https:\/\/secure.gravatar.com\/avatar\/5a67661041f057b4a8ccaf26f5a8e86e2689372006d01faf3dd9eeb10b654bb4?s=96&d=mm&r=g","url":"https:\/\/secure.gravatar.com\/avatar\/5a67661041f057b4a8ccaf26f5a8e86e2689372006d01faf3dd9eeb10b654bb4?s=96&d=mm&r=g","contentUrl":"https:\/\/secure.gravatar.com\/avatar\/5a67661041f057b4a8ccaf26f5a8e86e2689372006d01faf3dd9eeb10b654bb4?s=96&d=mm&r=g","caption":"Cristina Ganga"},"description":"Jurnalist","sameAs":["https:\/\/www.facebook.com\/cristina.nicola.587"],"url":"https:\/\/urbeamea.ro\/albaiulia\/author\/cristina-nicola\/"}]}},"_links":{"self":[{"href":"https:\/\/urbeamea.ro\/albaiulia\/wp-json\/wp\/v2\/posts\/81825","targetHints":{"allow":["GET"]}}],"collection":[{"href":"https:\/\/urbeamea.ro\/albaiulia\/wp-json\/wp\/v2\/posts"}],"about":[{"href":"https:\/\/urbeamea.ro\/albaiulia\/wp-json\/wp\/v2\/types\/post"}],"author":[{"embeddable":true,"href":"https:\/\/urbeamea.ro\/albaiulia\/wp-json\/wp\/v2\/users\/17"}],"replies":[{"embeddable":true,"href":"https:\/\/urbeamea.ro\/albaiulia\/wp-json\/wp\/v2\/comments?post=81825"}],"version-history":[{"count":0,"href":"https:\/\/urbeamea.ro\/albaiulia\/wp-json\/wp\/v2\/posts\/81825\/revisions"}],"wp:featuredmedia":[{"embeddable":true,"href":"https:\/\/urbeamea.ro\/albaiulia\/wp-json\/wp\/v2\/media\/81826"}],"wp:attachment":[{"href":"https:\/\/urbeamea.ro\/albaiulia\/wp-json\/wp\/v2\/media?parent=81825"}],"wp:term":[{"taxonomy":"category","embeddable":true,"href":"https:\/\/urbeamea.ro\/albaiulia\/wp-json\/wp\/v2\/categories?post=81825"},{"taxonomy":"post_tag","embeddable":true,"href":"https:\/\/urbeamea.ro\/albaiulia\/wp-json\/wp\/v2\/tags?post=81825"}],"curies":[{"name":"wp","href":"https:\/\/api.w.org\/{rel}","templated":true}]}}