{"id":81831,"date":"2019-08-22T12:12:03","date_gmt":"2019-08-22T09:12:03","guid":{"rendered":"https:\/\/urbeamea.ro\/albaiulia\/?p=81831"},"modified":"2019-08-22T12:12:05","modified_gmt":"2019-08-22T09:12:05","slug":"maia-morgenstern-si-horatiu-malaele-vin-la-alba-iulia-music-film-festival-2019","status":"publish","type":"post","link":"https:\/\/urbeamea.ro\/albaiulia\/maia-morgenstern-si-horatiu-malaele-vin-la-alba-iulia-music-film-festival-2019\/","title":{"rendered":"Maia Morgenstern \u0219i Hora\u021biu M\u0103l\u0103ele vin la Alba Iulia Music &#038; Film Festival 2019"},"content":{"rendered":"\n<p><strong>Alba Iulia Music and Film Festival se deschide oficial vineri, 30 august, la cea de-a \u0219aptea edi\u021bie. Ca \u00een fiecare an, selec\u021biei generoase de filme \u0219i evenimente muzicale i se adaug\u0103 \u0219i ocaziile unice de \u00eent\u00e2lniri cu invita\u021bii speciali ai festivalului. Printre numele confirmate deja se afl\u0103 \u0219i doi mari actori ai cinematografiei \u0219i teatrului rom\u00e2nesc &#8211; Maia Morgenstern \u0219i Hora\u021biu M\u0103l\u0103ele.<\/strong><\/p>\n\n\n\n<p>Maia Morgenstern se va afla la Alba Iulia chiar \u00een prima zi a festivalului, care include \u00een program dou\u0103 din filmele \u00een care actri\u021ba a jucat, \u00een cele peste trei decenii de carier\u0103.  C\u00e2\u0219tig\u0103toare a Ursului de Argint la Berlin (1993), European Film Awards (1993), Premiului UNITER pentru \u00centreaga Carier\u0103 (2019), de\u021bin\u0103toare a titlului de \u201eActri\u0163a \u015fi Femeia anului 2003\u201d, acordat de Parlamentul European, \u0219i a \u201eOrdinului Artelor \u0219i Literelor \u00een grad de Cavaler\u201d din 2012, Maia Morgenstern este un reper \u00een lumea teatrului \u0219i filmului rom\u00e2nesc, cu un renume interna\u021bional de care se bucur\u0103 pu\u021bini actori rom\u00e2ni.<\/p>\n\n\n\n<p>Notorietatea a ob\u021binut-o odat\u0103 cu rolul Nelei din Balan\u021ba, film realizat, \u00een 1992, de Lucian Pintilie, o c\u0103l\u0103torie spiritual\u0103 \u00een Rom\u00e2nia anilor de dup\u0103 c\u0103derea regimului comunist. Rolul tinerei profesoare repartizat\u0103 \u00eentr-un ora\u0219 de provincie, for\u021bat\u0103 de evenimente s\u0103-\u0219i reconsidere nu doar trecutul, ci \u0219i viitorul, i-a adus actri\u021bei un Urs de Argint la Berlinal\u0103, Premiul Les stars de demain la Geneva pentru Cea mai bun\u0103 actri\u021b\u0103 \u0219i premiul Felix al Academiei Europene de Film. Filmul va fi prezentat la Alba Iulia de la 21:30, \u00een Gr\u0103dina Cet\u0103\u021bii, proiec\u021bie la care va fi prezent\u0103 \u0219i Maia Morgenstern. <\/p>\n\n\n\n<p>A\u0219a cum declara chiar ea, Maia Morgenstern a \u00eencercat mereu s\u0103 profite de toate experien\u021bele care i-au fost oferite, indiferent dac\u0103 asta \u00eenseamn\u0103 s\u0103 lucreze cu Mel Gibson la Patimile lui Hristos, pentru care a c\u00e2\u0219tigat, \u00een 2004, premiul EMMA \u0219i care i-a confirmat reputa\u021bia interna\u021bional\u0103, dac\u0103 urc\u0103 pe scenele Na\u021bionalului din Bucure\u0219ti \u0219i a Teatrului Evreiesc de Stat, unde a f\u0103cut zeci de roluri, sau dac\u0103 apare \u00een seriale de televiziune. <\/p>\n\n\n\n<figure class=\"wp-block-image\"><img loading=\"lazy\" decoding=\"async\" width=\"1024\" height=\"568\" src=\"https:\/\/urbeamea.ro\/albaiulia\/wp-content\/uploads\/2019\/08\/Balanta-MaiaMorgenstern.jpg\" alt=\"\" class=\"wp-image-81835\" srcset=\"https:\/\/urbeamea.ro\/albaiulia\/wp-content\/uploads\/2019\/08\/Balanta-MaiaMorgenstern.jpg 1024w, https:\/\/urbeamea.ro\/albaiulia\/wp-content\/uploads\/2019\/08\/Balanta-MaiaMorgenstern-150x83.jpg 150w, https:\/\/urbeamea.ro\/albaiulia\/wp-content\/uploads\/2019\/08\/Balanta-MaiaMorgenstern-640x355.jpg 640w, https:\/\/urbeamea.ro\/albaiulia\/wp-content\/uploads\/2019\/08\/Balanta-MaiaMorgenstern-768x426.jpg 768w\" sizes=\"auto, (max-width: 1024px) 100vw, 1024px\" \/><\/figure>\n\n\n\n<p>Dragostea necondi\u021bionat\u0103 fa\u021b\u0103 de actorie a f\u0103cut-o s\u0103 aleag\u0103 roluri dintre cele mai inedite, cum este \u0219i cel \u00een care publicul o va redescoperi pe Maia Morgenstern chiar la Gala de deschidere Alba Iulia Music and Film. Sutienul este cel mai recent film al excentricului regizor german Veit Helmer, o comedie mut\u0103 ce reia povestea Cenu\u0219\u0103resei din perspectiva unui conductor de tren ce-\u0219i caut\u0103 jum\u0103tatea dup\u0103 ce g\u0103se\u0219te un sutien ag\u0103\u021bat de locomotiv\u0103. Filmul va rula de la ora 21:00, \u00een Pia\u021ba Cet\u0103\u021bii, \u00een prezen\u021ba invitatei speciale.<\/p>\n\n\n\n<p>Celor care vor s\u0103 \u00een\u021beleag\u0103 mai bine rolul pe care cinema-ul l-a avut \u00een via\u021ba Maiei Morgenstern sau s\u0103 descopere noi lucruri din cariera acesteia, festivalul le adreseaz\u0103 invita\u021bia de a fi prezen\u021bi la o \u00eent\u00e2lnire cu mare actri\u021b\u0103 vineri, ora 18:00, \u00een Gr\u0103dina Cet\u0103\u021bii. Timp de o or\u0103, actri\u021ba va r\u0103spunde tuturor \u00eentreb\u0103rilor venite din partea publicului.<\/p>\n\n\n\n<p>\u00cent\u00e2lnirile cu invita\u021bii speciali continu\u0103 \u0219i s\u00e2mb\u0103t\u0103, c\u00e2nd actorul Hora\u021biu M\u0103l\u0103ele va fi prezent la proiec\u021bia filmului Morome\u021bii 2, de la 20:45 \u00een Pia\u021ba Cet\u0103\u021bii. Inspirat de propria sa istorie olteneasc\u0103, M\u0103l\u0103ele reu\u0219e\u0219te s\u0103 aduc\u0103 o nou\u0103 abordare a personajului Ilie Moromete, \u00een continuarea filmului lansat, acum mai bine de 30 de ani, tot \u00een regia lui Stere Gulea. <\/p>\n\n\n\n<figure class=\"wp-block-image\"><img loading=\"lazy\" decoding=\"async\" width=\"1280\" height=\"854\" src=\"https:\/\/urbeamea.ro\/albaiulia\/wp-content\/uploads\/2019\/08\/Morome\u021bii-2_still-03-photo-by-Vlad-Cioplea-1280x854.jpg\" alt=\"\" class=\"wp-image-81836\" srcset=\"https:\/\/urbeamea.ro\/albaiulia\/wp-content\/uploads\/2019\/08\/Morome\u021bii-2_still-03-photo-by-Vlad-Cioplea-1280x854.jpg 1280w, https:\/\/urbeamea.ro\/albaiulia\/wp-content\/uploads\/2019\/08\/Morome\u021bii-2_still-03-photo-by-Vlad-Cioplea-150x100.jpg 150w, https:\/\/urbeamea.ro\/albaiulia\/wp-content\/uploads\/2019\/08\/Morome\u021bii-2_still-03-photo-by-Vlad-Cioplea-640x427.jpg 640w, https:\/\/urbeamea.ro\/albaiulia\/wp-content\/uploads\/2019\/08\/Morome\u021bii-2_still-03-photo-by-Vlad-Cioplea-768x513.jpg 768w, https:\/\/urbeamea.ro\/albaiulia\/wp-content\/uploads\/2019\/08\/Morome\u021bii-2_still-03-photo-by-Vlad-Cioplea.jpg 2048w\" sizes=\"auto, (max-width: 1280px) 100vw, 1280px\" \/><\/figure>\n\n\n\n<p>Forma pe care o \u00eembrac\u0103 personajul este doar una dintre surprizele filmului a c\u0103rui distribu\u021bie reune\u0219te actori din toate genera\u021biile. Publicul \u00eel va descoperi pe Iosif Pa\u0219tin\u0103, debutantul ales s\u0103-l interpreteze pe Niculae Moromete, al\u0103turi de Dana Dogaru, R\u0103zvan Vasilescu, Gheorghe Visu, Oana Pellea \u0219i actori din t\u00e2n\u0103ra genera\u021bie, precum Andi Vasluianu, Paul Ipate sau Mihai Bobonete. La gala Premiilor Gopo 2019, Morome\u021bii 2 a c\u00e2\u0219tigat nu mai pu\u021bin de 9 trofee, inclusiv pentru Cel mai bun film al anului trecut.<\/p>\n\n\n\n<p>O comedie proasp\u0103t\u0103 aduce \u00een cetatea Carolina mai mul\u021bi invita\u021bi \u00een premier\u0103 la Alba Iulia Music &amp; Film. Levente Sali, Augustin Viziru \u0219i Ana Baniciu sunt printre eroii principali din Faci sau Taci, filmul lansat, \u00een acest an, de c\u0103tre regizorul Iura Lunca\u0219u. Comedia spune povestea demasc\u0103rii unei organiza\u021bii criminale, \u00een care o echip\u0103 de fete de la for\u021bele speciale, mini\u0219tri \u0219i func\u021bionari cu apuc\u0103turi ciudate dau peste cap toate regulile unei anchete, pentru a rezolva acest caz important. <\/p>\n\n\n\n<p>Cum s-au distrat la film\u0103ri \u0219i c\u00e2t de \u00een serios \u0219i-au luat rolul de a face publicul s\u0103 r\u00e2d\u0103, vom afla direct la invita\u021bii speciali ce vor fi prezen\u021bi la proiec\u021bia filmului.<\/p>\n\n\n\n<p>Alba Iulia Music &amp; Film Festival este prezentat de TIFF, \u00een organizarea Asocia\u021biei Film \u0219i Cultur\u0103 Urban\u0103 (AFCU) \u0219i a Prim\u0103riei Municipiului Alba Iulia.<\/p>\n","protected":false},"excerpt":{"rendered":"<p>Alba Iulia Music and Film Festival se deschide oficial vineri, 30 august, la cea de-a \u0219aptea edi\u021bie. Ca \u00een fiecare an, selec\u021biei generoase de filme \u0219i evenimente muzicale i se adaug\u0103 \u0219i ocaziile unice de \u00eent\u00e2lniri cu invita\u021bii speciali ai festivalului. Printre numele confirmate deja se afl\u0103 \u0219i doi mari actori ai cinematografiei \u0219i teatrului &hellip;<\/p>\n","protected":false},"author":17,"featured_media":81833,"comment_status":"open","ping_status":"open","sticky":false,"template":"","format":"standard","meta":{"inline_featured_image":false,"footnotes":""},"categories":[4],"tags":[10420,15215,366,308,76],"class_list":["post-81831","post","type-post","status-publish","format-standard","has-post-thumbnail","hentry","category-eveniment","tag-alba-iulia-music-and-film-festival","tag-horatiu-malaele","tag-maia-morgenstern","tag-stiri","tag-urbea-mea"],"yoast_head":"<!-- This site is optimized with the Yoast SEO plugin v27.4 - https:\/\/yoast.com\/product\/yoast-seo-wordpress\/ -->\n<title>Maia Morgenstern \u0219i Hora\u021biu M\u0103l\u0103ele vin la Alba Iulia Music &amp; Film Festival 2019 - Revista Urbea Mea - Revista de Alba<\/title>\n<meta name=\"description\" content=\"Alba Iulia Music and Film Festival se deschide oficial vineri, 30 august, la cea de-a \u0219aptea edi\u021bie. Ca \u00een fiecare an, selec\u021biei generoase de filme \u0219i\" \/>\n<meta name=\"robots\" content=\"index, follow, max-snippet:-1, max-image-preview:large, max-video-preview:-1\" \/>\n<link rel=\"canonical\" href=\"https:\/\/urbeamea.ro\/albaiulia\/maia-morgenstern-si-horatiu-malaele-vin-la-alba-iulia-music-film-festival-2019\/\" \/>\n<meta name=\"twitter:card\" content=\"summary_large_image\" \/>\n<meta name=\"twitter:title\" content=\"Maia Morgenstern \u0219i Hora\u021biu M\u0103l\u0103ele vin la Alba Iulia Music &amp; Film Festival 2019 - Revista Urbea Mea - Revista de Alba\" \/>\n<meta name=\"twitter:description\" content=\"Alba Iulia Music and Film Festival se deschide oficial vineri, 30 august, la cea de-a \u0219aptea edi\u021bie. Ca \u00een fiecare an, selec\u021biei generoase de filme \u0219i\" \/>\n<meta name=\"twitter:image\" content=\"https:\/\/urbeamea.ro\/albaiulia\/wp-content\/uploads\/2019\/08\/Balanta-MaiaMorgensternRVasilescu.jpg\" \/>\n<meta name=\"twitter:creator\" content=\"@urbeameaweb\" \/>\n<meta name=\"twitter:site\" content=\"@urbeameaweb\" \/>\n<script type=\"application\/ld+json\" class=\"yoast-schema-graph\">{\"@context\":\"https:\\\/\\\/schema.org\",\"@graph\":[{\"@type\":\"Article\",\"@id\":\"https:\\\/\\\/urbeamea.ro\\\/albaiulia\\\/maia-morgenstern-si-horatiu-malaele-vin-la-alba-iulia-music-film-festival-2019\\\/#article\",\"isPartOf\":{\"@id\":\"https:\\\/\\\/urbeamea.ro\\\/albaiulia\\\/maia-morgenstern-si-horatiu-malaele-vin-la-alba-iulia-music-film-festival-2019\\\/\"},\"author\":{\"name\":\"Cristina Ganga\",\"@id\":\"https:\\\/\\\/urbeamea.ro\\\/albaiulia\\\/#\\\/schema\\\/person\\\/9700d21fae21c4f038b0b56f4506264a\"},\"headline\":\"Maia Morgenstern \u0219i Hora\u021biu M\u0103l\u0103ele vin la Alba Iulia Music &#038; Film Festival 2019\",\"datePublished\":\"2019-08-22T09:12:03+00:00\",\"dateModified\":\"2019-08-22T09:12:05+00:00\",\"mainEntityOfPage\":{\"@id\":\"https:\\\/\\\/urbeamea.ro\\\/albaiulia\\\/maia-morgenstern-si-horatiu-malaele-vin-la-alba-iulia-music-film-festival-2019\\\/\"},\"wordCount\":856,\"commentCount\":0,\"image\":{\"@id\":\"https:\\\/\\\/urbeamea.ro\\\/albaiulia\\\/maia-morgenstern-si-horatiu-malaele-vin-la-alba-iulia-music-film-festival-2019\\\/#primaryimage\"},\"thumbnailUrl\":\"https:\\\/\\\/urbeamea.ro\\\/albaiulia\\\/wp-content\\\/uploads\\\/2019\\\/08\\\/Balanta-MaiaMorgensternRVasilescu.jpg\",\"keywords\":[\"Alba Iulia Music and Film Festival\",\"horatiu malaele\",\"Maia Morgenstern\",\"stiri\",\"Urbea Mea\"],\"articleSection\":[\"Evenimente\"],\"inLanguage\":\"ro-RO\",\"potentialAction\":[{\"@type\":\"CommentAction\",\"name\":\"Comment\",\"target\":[\"https:\\\/\\\/urbeamea.ro\\\/albaiulia\\\/maia-morgenstern-si-horatiu-malaele-vin-la-alba-iulia-music-film-festival-2019\\\/#respond\"]}]},{\"@type\":\"WebPage\",\"@id\":\"https:\\\/\\\/urbeamea.ro\\\/albaiulia\\\/maia-morgenstern-si-horatiu-malaele-vin-la-alba-iulia-music-film-festival-2019\\\/\",\"url\":\"https:\\\/\\\/urbeamea.ro\\\/albaiulia\\\/maia-morgenstern-si-horatiu-malaele-vin-la-alba-iulia-music-film-festival-2019\\\/\",\"name\":\"Maia Morgenstern \u0219i Hora\u021biu M\u0103l\u0103ele vin la Alba Iulia Music & Film Festival 2019 - Revista Urbea Mea - Revista de Alba\",\"isPartOf\":{\"@id\":\"https:\\\/\\\/urbeamea.ro\\\/albaiulia\\\/#website\"},\"primaryImageOfPage\":{\"@id\":\"https:\\\/\\\/urbeamea.ro\\\/albaiulia\\\/maia-morgenstern-si-horatiu-malaele-vin-la-alba-iulia-music-film-festival-2019\\\/#primaryimage\"},\"image\":{\"@id\":\"https:\\\/\\\/urbeamea.ro\\\/albaiulia\\\/maia-morgenstern-si-horatiu-malaele-vin-la-alba-iulia-music-film-festival-2019\\\/#primaryimage\"},\"thumbnailUrl\":\"https:\\\/\\\/urbeamea.ro\\\/albaiulia\\\/wp-content\\\/uploads\\\/2019\\\/08\\\/Balanta-MaiaMorgensternRVasilescu.jpg\",\"datePublished\":\"2019-08-22T09:12:03+00:00\",\"dateModified\":\"2019-08-22T09:12:05+00:00\",\"author\":{\"@id\":\"https:\\\/\\\/urbeamea.ro\\\/albaiulia\\\/#\\\/schema\\\/person\\\/9700d21fae21c4f038b0b56f4506264a\"},\"description\":\"Alba Iulia Music and Film Festival se deschide oficial vineri, 30 august, la cea de-a \u0219aptea edi\u021bie. Ca \u00een fiecare an, selec\u021biei generoase de filme \u0219i\",\"breadcrumb\":{\"@id\":\"https:\\\/\\\/urbeamea.ro\\\/albaiulia\\\/maia-morgenstern-si-horatiu-malaele-vin-la-alba-iulia-music-film-festival-2019\\\/#breadcrumb\"},\"inLanguage\":\"ro-RO\",\"potentialAction\":[{\"@type\":\"ReadAction\",\"target\":[\"https:\\\/\\\/urbeamea.ro\\\/albaiulia\\\/maia-morgenstern-si-horatiu-malaele-vin-la-alba-iulia-music-film-festival-2019\\\/\"]}]},{\"@type\":\"ImageObject\",\"inLanguage\":\"ro-RO\",\"@id\":\"https:\\\/\\\/urbeamea.ro\\\/albaiulia\\\/maia-morgenstern-si-horatiu-malaele-vin-la-alba-iulia-music-film-festival-2019\\\/#primaryimage\",\"url\":\"https:\\\/\\\/urbeamea.ro\\\/albaiulia\\\/wp-content\\\/uploads\\\/2019\\\/08\\\/Balanta-MaiaMorgensternRVasilescu.jpg\",\"contentUrl\":\"https:\\\/\\\/urbeamea.ro\\\/albaiulia\\\/wp-content\\\/uploads\\\/2019\\\/08\\\/Balanta-MaiaMorgensternRVasilescu.jpg\",\"width\":800,\"height\":600},{\"@type\":\"BreadcrumbList\",\"@id\":\"https:\\\/\\\/urbeamea.ro\\\/albaiulia\\\/maia-morgenstern-si-horatiu-malaele-vin-la-alba-iulia-music-film-festival-2019\\\/#breadcrumb\",\"itemListElement\":[{\"@type\":\"ListItem\",\"position\":1,\"name\":\"Prima pagin\u0103\",\"item\":\"https:\\\/\\\/urbeamea.ro\\\/albaiulia\\\/\"},{\"@type\":\"ListItem\",\"position\":2,\"name\":\"Maia Morgenstern \u0219i Hora\u021biu M\u0103l\u0103ele vin la Alba Iulia Music &#038; Film Festival 2019\"}]},{\"@type\":\"WebSite\",\"@id\":\"https:\\\/\\\/urbeamea.ro\\\/albaiulia\\\/#website\",\"url\":\"https:\\\/\\\/urbeamea.ro\\\/albaiulia\\\/\",\"name\":\"Revista Urbea Mea, Stiri urbane\",\"description\":\"Evenimente \u0219i \u0219tiri din Alba Iulia, Sebe\u0219, Aiud, Blaj\",\"potentialAction\":[{\"@type\":\"SearchAction\",\"target\":{\"@type\":\"EntryPoint\",\"urlTemplate\":\"https:\\\/\\\/urbeamea.ro\\\/albaiulia\\\/?s={search_term_string}\"},\"query-input\":{\"@type\":\"PropertyValueSpecification\",\"valueRequired\":true,\"valueName\":\"search_term_string\"}}],\"inLanguage\":\"ro-RO\"},{\"@type\":\"Person\",\"@id\":\"https:\\\/\\\/urbeamea.ro\\\/albaiulia\\\/#\\\/schema\\\/person\\\/9700d21fae21c4f038b0b56f4506264a\",\"name\":\"Cristina Ganga\",\"image\":{\"@type\":\"ImageObject\",\"inLanguage\":\"ro-RO\",\"@id\":\"https:\\\/\\\/secure.gravatar.com\\\/avatar\\\/5a67661041f057b4a8ccaf26f5a8e86e2689372006d01faf3dd9eeb10b654bb4?s=96&d=mm&r=g\",\"url\":\"https:\\\/\\\/secure.gravatar.com\\\/avatar\\\/5a67661041f057b4a8ccaf26f5a8e86e2689372006d01faf3dd9eeb10b654bb4?s=96&d=mm&r=g\",\"contentUrl\":\"https:\\\/\\\/secure.gravatar.com\\\/avatar\\\/5a67661041f057b4a8ccaf26f5a8e86e2689372006d01faf3dd9eeb10b654bb4?s=96&d=mm&r=g\",\"caption\":\"Cristina Ganga\"},\"description\":\"Jurnalist\",\"sameAs\":[\"https:\\\/\\\/www.facebook.com\\\/cristina.nicola.587\"],\"url\":\"https:\\\/\\\/urbeamea.ro\\\/albaiulia\\\/author\\\/cristina-nicola\\\/\"}]}<\/script>\n<!-- \/ Yoast SEO plugin. -->","yoast_head_json":{"title":"Maia Morgenstern \u0219i Hora\u021biu M\u0103l\u0103ele vin la Alba Iulia Music & Film Festival 2019 - Revista Urbea Mea - Revista de Alba","description":"Alba Iulia Music and Film Festival se deschide oficial vineri, 30 august, la cea de-a \u0219aptea edi\u021bie. Ca \u00een fiecare an, selec\u021biei generoase de filme \u0219i","robots":{"index":"index","follow":"follow","max-snippet":"max-snippet:-1","max-image-preview":"max-image-preview:large","max-video-preview":"max-video-preview:-1"},"canonical":"https:\/\/urbeamea.ro\/albaiulia\/maia-morgenstern-si-horatiu-malaele-vin-la-alba-iulia-music-film-festival-2019\/","twitter_card":"summary_large_image","twitter_title":"Maia Morgenstern \u0219i Hora\u021biu M\u0103l\u0103ele vin la Alba Iulia Music & Film Festival 2019 - Revista Urbea Mea - Revista de Alba","twitter_description":"Alba Iulia Music and Film Festival se deschide oficial vineri, 30 august, la cea de-a \u0219aptea edi\u021bie. Ca \u00een fiecare an, selec\u021biei generoase de filme \u0219i","twitter_image":"https:\/\/urbeamea.ro\/albaiulia\/wp-content\/uploads\/2019\/08\/Balanta-MaiaMorgensternRVasilescu.jpg","twitter_creator":"@urbeameaweb","twitter_site":"@urbeameaweb","schema":{"@context":"https:\/\/schema.org","@graph":[{"@type":"Article","@id":"https:\/\/urbeamea.ro\/albaiulia\/maia-morgenstern-si-horatiu-malaele-vin-la-alba-iulia-music-film-festival-2019\/#article","isPartOf":{"@id":"https:\/\/urbeamea.ro\/albaiulia\/maia-morgenstern-si-horatiu-malaele-vin-la-alba-iulia-music-film-festival-2019\/"},"author":{"name":"Cristina Ganga","@id":"https:\/\/urbeamea.ro\/albaiulia\/#\/schema\/person\/9700d21fae21c4f038b0b56f4506264a"},"headline":"Maia Morgenstern \u0219i Hora\u021biu M\u0103l\u0103ele vin la Alba Iulia Music &#038; Film Festival 2019","datePublished":"2019-08-22T09:12:03+00:00","dateModified":"2019-08-22T09:12:05+00:00","mainEntityOfPage":{"@id":"https:\/\/urbeamea.ro\/albaiulia\/maia-morgenstern-si-horatiu-malaele-vin-la-alba-iulia-music-film-festival-2019\/"},"wordCount":856,"commentCount":0,"image":{"@id":"https:\/\/urbeamea.ro\/albaiulia\/maia-morgenstern-si-horatiu-malaele-vin-la-alba-iulia-music-film-festival-2019\/#primaryimage"},"thumbnailUrl":"https:\/\/urbeamea.ro\/albaiulia\/wp-content\/uploads\/2019\/08\/Balanta-MaiaMorgensternRVasilescu.jpg","keywords":["Alba Iulia Music and Film Festival","horatiu malaele","Maia Morgenstern","stiri","Urbea Mea"],"articleSection":["Evenimente"],"inLanguage":"ro-RO","potentialAction":[{"@type":"CommentAction","name":"Comment","target":["https:\/\/urbeamea.ro\/albaiulia\/maia-morgenstern-si-horatiu-malaele-vin-la-alba-iulia-music-film-festival-2019\/#respond"]}]},{"@type":"WebPage","@id":"https:\/\/urbeamea.ro\/albaiulia\/maia-morgenstern-si-horatiu-malaele-vin-la-alba-iulia-music-film-festival-2019\/","url":"https:\/\/urbeamea.ro\/albaiulia\/maia-morgenstern-si-horatiu-malaele-vin-la-alba-iulia-music-film-festival-2019\/","name":"Maia Morgenstern \u0219i Hora\u021biu M\u0103l\u0103ele vin la Alba Iulia Music & Film Festival 2019 - Revista Urbea Mea - Revista de Alba","isPartOf":{"@id":"https:\/\/urbeamea.ro\/albaiulia\/#website"},"primaryImageOfPage":{"@id":"https:\/\/urbeamea.ro\/albaiulia\/maia-morgenstern-si-horatiu-malaele-vin-la-alba-iulia-music-film-festival-2019\/#primaryimage"},"image":{"@id":"https:\/\/urbeamea.ro\/albaiulia\/maia-morgenstern-si-horatiu-malaele-vin-la-alba-iulia-music-film-festival-2019\/#primaryimage"},"thumbnailUrl":"https:\/\/urbeamea.ro\/albaiulia\/wp-content\/uploads\/2019\/08\/Balanta-MaiaMorgensternRVasilescu.jpg","datePublished":"2019-08-22T09:12:03+00:00","dateModified":"2019-08-22T09:12:05+00:00","author":{"@id":"https:\/\/urbeamea.ro\/albaiulia\/#\/schema\/person\/9700d21fae21c4f038b0b56f4506264a"},"description":"Alba Iulia Music and Film Festival se deschide oficial vineri, 30 august, la cea de-a \u0219aptea edi\u021bie. Ca \u00een fiecare an, selec\u021biei generoase de filme \u0219i","breadcrumb":{"@id":"https:\/\/urbeamea.ro\/albaiulia\/maia-morgenstern-si-horatiu-malaele-vin-la-alba-iulia-music-film-festival-2019\/#breadcrumb"},"inLanguage":"ro-RO","potentialAction":[{"@type":"ReadAction","target":["https:\/\/urbeamea.ro\/albaiulia\/maia-morgenstern-si-horatiu-malaele-vin-la-alba-iulia-music-film-festival-2019\/"]}]},{"@type":"ImageObject","inLanguage":"ro-RO","@id":"https:\/\/urbeamea.ro\/albaiulia\/maia-morgenstern-si-horatiu-malaele-vin-la-alba-iulia-music-film-festival-2019\/#primaryimage","url":"https:\/\/urbeamea.ro\/albaiulia\/wp-content\/uploads\/2019\/08\/Balanta-MaiaMorgensternRVasilescu.jpg","contentUrl":"https:\/\/urbeamea.ro\/albaiulia\/wp-content\/uploads\/2019\/08\/Balanta-MaiaMorgensternRVasilescu.jpg","width":800,"height":600},{"@type":"BreadcrumbList","@id":"https:\/\/urbeamea.ro\/albaiulia\/maia-morgenstern-si-horatiu-malaele-vin-la-alba-iulia-music-film-festival-2019\/#breadcrumb","itemListElement":[{"@type":"ListItem","position":1,"name":"Prima pagin\u0103","item":"https:\/\/urbeamea.ro\/albaiulia\/"},{"@type":"ListItem","position":2,"name":"Maia Morgenstern \u0219i Hora\u021biu M\u0103l\u0103ele vin la Alba Iulia Music &#038; Film Festival 2019"}]},{"@type":"WebSite","@id":"https:\/\/urbeamea.ro\/albaiulia\/#website","url":"https:\/\/urbeamea.ro\/albaiulia\/","name":"Revista Urbea Mea, Stiri urbane","description":"Evenimente \u0219i \u0219tiri din Alba Iulia, Sebe\u0219, Aiud, Blaj","potentialAction":[{"@type":"SearchAction","target":{"@type":"EntryPoint","urlTemplate":"https:\/\/urbeamea.ro\/albaiulia\/?s={search_term_string}"},"query-input":{"@type":"PropertyValueSpecification","valueRequired":true,"valueName":"search_term_string"}}],"inLanguage":"ro-RO"},{"@type":"Person","@id":"https:\/\/urbeamea.ro\/albaiulia\/#\/schema\/person\/9700d21fae21c4f038b0b56f4506264a","name":"Cristina Ganga","image":{"@type":"ImageObject","inLanguage":"ro-RO","@id":"https:\/\/secure.gravatar.com\/avatar\/5a67661041f057b4a8ccaf26f5a8e86e2689372006d01faf3dd9eeb10b654bb4?s=96&d=mm&r=g","url":"https:\/\/secure.gravatar.com\/avatar\/5a67661041f057b4a8ccaf26f5a8e86e2689372006d01faf3dd9eeb10b654bb4?s=96&d=mm&r=g","contentUrl":"https:\/\/secure.gravatar.com\/avatar\/5a67661041f057b4a8ccaf26f5a8e86e2689372006d01faf3dd9eeb10b654bb4?s=96&d=mm&r=g","caption":"Cristina Ganga"},"description":"Jurnalist","sameAs":["https:\/\/www.facebook.com\/cristina.nicola.587"],"url":"https:\/\/urbeamea.ro\/albaiulia\/author\/cristina-nicola\/"}]}},"_links":{"self":[{"href":"https:\/\/urbeamea.ro\/albaiulia\/wp-json\/wp\/v2\/posts\/81831","targetHints":{"allow":["GET"]}}],"collection":[{"href":"https:\/\/urbeamea.ro\/albaiulia\/wp-json\/wp\/v2\/posts"}],"about":[{"href":"https:\/\/urbeamea.ro\/albaiulia\/wp-json\/wp\/v2\/types\/post"}],"author":[{"embeddable":true,"href":"https:\/\/urbeamea.ro\/albaiulia\/wp-json\/wp\/v2\/users\/17"}],"replies":[{"embeddable":true,"href":"https:\/\/urbeamea.ro\/albaiulia\/wp-json\/wp\/v2\/comments?post=81831"}],"version-history":[{"count":0,"href":"https:\/\/urbeamea.ro\/albaiulia\/wp-json\/wp\/v2\/posts\/81831\/revisions"}],"wp:featuredmedia":[{"embeddable":true,"href":"https:\/\/urbeamea.ro\/albaiulia\/wp-json\/wp\/v2\/media\/81833"}],"wp:attachment":[{"href":"https:\/\/urbeamea.ro\/albaiulia\/wp-json\/wp\/v2\/media?parent=81831"}],"wp:term":[{"taxonomy":"category","embeddable":true,"href":"https:\/\/urbeamea.ro\/albaiulia\/wp-json\/wp\/v2\/categories?post=81831"},{"taxonomy":"post_tag","embeddable":true,"href":"https:\/\/urbeamea.ro\/albaiulia\/wp-json\/wp\/v2\/tags?post=81831"}],"curies":[{"name":"wp","href":"https:\/\/api.w.org\/{rel}","templated":true}]}}