{"id":81860,"date":"2019-08-26T18:58:53","date_gmt":"2019-08-26T15:58:53","guid":{"rendered":"https:\/\/urbeamea.ro\/albaiulia\/?p=81860"},"modified":"2019-08-26T18:58:56","modified_gmt":"2019-08-26T15:58:56","slug":"27-august-ora-1400-sedinta-ordinara-la-consiliul-local-sebes-ordinea-de-zi","status":"publish","type":"post","link":"https:\/\/urbeamea.ro\/albaiulia\/27-august-ora-1400-sedinta-ordinara-la-consiliul-local-sebes-ordinea-de-zi\/","title":{"rendered":"27 August, ora 14:00: \u0218edin\u021b\u0103 ordinar\u0103 la Consiliul Local Sebe\u0219. Ordinea de zi"},"content":{"rendered":"<p><strong>Primarul\u00a0 Municipiului Sebe\u015f, jud. Alba; \u00cen temeiul prevederilor art. 133 alin.1 \u0219i art 135 din\u00a0 O.U.G nr. 57\/2019 privind Codul Administrativ ;<\/strong><\/p>\n<p><strong>\u00a0\u00a0\u00a0\u00a0\u00a0\u00a0\u00a0\u00a0\u00a0 \u00cen\u00a0 baza art. 196 alin1 , lit. b) din\u00a0 aceea\u015fi lege ,<\/strong><strong>\u00a0<\/strong><\/p>\n<p><strong><u>D I S P U N E<\/u><\/strong><strong>\u00a0<\/strong><\/p>\n<p><strong>\u00a0\u00a0\u00a0\u00a0\u00a0\u00a0\u00a0\u00a0\u00a0\u00a0<u>Art.1.<\/u>\u00a0<\/strong>Se convoac\u0103 , Consiliul Local\u00a0 al Municipiului\u00a0 Sebe\u015f , jud. Alba \u00een \u015fedin\u0163\u0103\u00a0 ,public\u0103, ordinar\u0103 \u00een data\u00a0 27.08.2019 , ora 14,00. \u015eedin\u0163a va avea loc \u00een sala festiv\u0103 a Colegiului National \u201eLucian Blaga \u201e .<\/p>\n<p><strong>\u00a0\u00a0\u00a0\u00a0\u00a0\u00a0\u00a0\u00a0\u00a0\u00a0\u00a0<u>Art.2<\/u>.\u00a0<\/strong>Proiectul ordinii de zi , al \u0219edin\u021bei de consiliu , ordinare\u00a0 este cuprins \u00een anexa 1 al prezentei dispozi\u021bii.<\/p>\n<p><strong>\u00a0\u00a0\u00a0\u00a0\u00a0\u00a0\u00a0\u00a0\u00a0\u00a0\u00a0<u>Art.3.<\/u><\/strong>\u00a0Proiectele de hot\u0103r\u00e2re\u00a0 \u00eenscrise pe proiectul ordinii de zi\u00a0 \u00eenso\u021bite de anexele corespunz\u0103toare , referatele de aprobare, rapoartele de specialitate , precum \u0219i de celelalte\u00a0 documente\u00a0 conexe sunt puse la dispozi\u021bia\u00a0 consilierilor locali prin e-mail(comunicare pe\u00a0 adresele po\u0219t\u0103 electronic\u0103 aflat\u0103 \u00een baza de date ).<\/p>\n<p><strong><u>Art.4.<\/u><\/strong>\u00a0Consilierii locali sunt invita\u021bi s\u0103 formuleze\u00a0 \u0219i s\u0103 depun\u0103 amendamente asupra proiectelor de hot\u0103r\u00e2re \u00eenscrise pe proiectul\u00a0 ordinii de zi .<\/p>\n<p><strong>\u00a0\u00a0\u00a0\u00a0\u00a0\u00a0\u00a0\u00a0\u00a0\u00a0\u00a0<u>Art.5<\/u>.\u00a0<\/strong>Prezenta poate fi atacat\u0103 de persoanele \u00eendrept\u0103\u021bite , \u00een termenul \u0219i \u00een condi\u021biile prev\u0103zute de Legea nr.544\/2004 , privind contenciosul administrativ , cu modific\u0103rile \u0219i complet\u0103rile ulterioare<strong>.<\/strong><\/p>\n<p>Prezenta dispozi\u021bie va fi afi\u015fat\u0103, se va publica pe site-ul Prim\u0103riei \u015fi \u00een Monitorul oficial al Municipiului Sebe\u015f \u015fi se comunic\u0103 \u00een conformitate cu art.134 alin 2 din O.U.G nr. 57\/2019 privind Codul Administrativ:<\/p>\n<p>\u2013\u00a0 Institu\u0163iei Prefectului Jude\u0163ului Alba<\/p>\n<p>\u2013\u00a0 Primarului municipiului Sebe\u015f<\/p>\n<p>\u2013\u00a0 Viceprimarului municipiului Sebe\u015f<\/p>\n<p>\u2013\u00a0 Consiliului Local Sebe\u0219<\/p>\n<p>\u2013\u00a0 Direc\u021bii , birouri \u0219i tuturor serviciilor subordonate\u00a0 Consiliului Local cu \u0219i f\u0103r\u0103 personalitate juridic\u0103.<\/p>\n<p><strong>ANEXA 1 la dispozi\u021bia nr. 487 \/2019\u00a0 \u00a0 \u00a0\u00a0<\/strong><\/p>\n<p><strong><u>PROIECT\u00a0\u00a0 AL\u00a0\u00a0 ORDINII\u00a0\u00a0 DE\u00a0\u00a0<\/u><\/strong><strong><u>ZI<\/u><\/strong><strong><u>\u00a0<\/u><\/strong><\/p>\n<ol>\n<li>Proiect de hot\u0103r\u00e2re privind aprobarea documenta\u021biei\u00a0 cadastrale de prima\u00a0 \u00eenscriere \u00een sistemul\u00a0 integrat de Cadastru\u00a0 \u0219i Carte\u00a0 Funciar\u0103 a imobilului: Municipiul Sebe\u0219, str. C\u0103l\u0103ra\u0219i \u2013 Tronson 2,jud. Alba.<\/li>\n<\/ol>\n<p>Proiect ini\u021biator:primar<\/p>\n<p>Transmis spre avizare\u00a0 comisiei pentru administra\u0163ie public\u0103 local\u0103, juridic\u0103 \u015fi de disciplin\u0103 \u0219i comisiei<strong>\u00a0\u00a0\u00a0\u00a0\u00a0\u00a0<\/strong>pentru agricultur\u0103, silvicultur\u0103, protec\u0163ie mediu, monumente naturale \u015fi turism.<\/p>\n<ol start=\"2\">\n<li>Proiect de hot\u0103r\u00e2re privind aprobarea modific\u0103rii statului de func\u021bii al C\u0103minului\u00a0 Pentru\u00a0 Persoane V\u00e2rstnice Sebe\u0219, Jude\u021bul Alba.<\/li>\n<\/ol>\n<p>Proiect ini\u021biator:primar<\/p>\n<p>Transmis spre avizare comisiei de studii prognoze economico-sociale, buget, finan\u0163e \u0219i \u00a0comisiei\u00a0\u00a0\u00a0 pentru \u00eenv\u0103\u0163\u0103m\u00e2nt, cultur\u0103, sport, agrement, monumente istorice protec\u0163ie social\u0103, protec\u0163ie copii, culte, s\u0103n\u0103tate \u015fi familie.<\/p>\n<ol start=\"3\">\n<li>Proiect de hot\u0103r\u00e2re privind completarea H.C.L. nr. 56\/2018 privind aprobarea documenta\u021biei\u00a0 cadastrale de prim\u0103 \u00eenscriere\u00a0 pentru imobilul situat\u00a0 administrativ \u00een intravilanul\u00a0 Municipiului Sebe\u0219 , str.\u00a0 Viilor , nr. 2B,jud. Alba ,identificat cu CF nr. 72447 \u0219i nr. top. 2471 Sebe\u0219\u00a0 \u0219i CF\u00a0 72502 \u0219i nr. top. 2474 Sebe\u0219,\u00a0 \u00eenscriere construc\u021bii \u0219i teren \u00een domeniul\u00a0 public al Municipiului Sebe\u0219.<\/li>\n<\/ol>\n<p>Proiect ini\u021biator:primar<\/p>\n<p>Transmis spre avizare\u00a0 comisiei pentru administra\u0163ie public\u0103 local\u0103, juridic\u0103 \u015fi de disciplin\u0103.<\/p>\n<ol start=\"4\">\n<li>Proiect de hot\u0103r\u00e2re privind aprobarea Temei de proiectare\u00a0 4527\/09.08.2019\u00a0 pentru proiectarea obiectivului de investi\u021bii \u201c Sistem de iluminat treceri de pietoni\u201d\u2013 faza S.F..<\/li>\n<\/ol>\n<p>Proiect ini\u021biator:primar<\/p>\n<p>Transmis spre avizare\u00a0 comisiei\u00a0 pentru amenajarea teritoriului, urbanism, lucr\u0103ri publice, administrarea domeniului public<\/p>\n<ol start=\"5\">\n<li>Proiect de hot\u0103r\u00e2re privind \u00eensu\u0219irea raportului de evaluare \u00een vederea\u00a0 stabilirii valorii de concesiune\u00a0 a terenurilor din Lancr\u0103m , atribuite \u00een\u00a0 baza Legii nr. 15\/2003 republicat\u0103..<\/li>\n<\/ol>\n<p>Proiect: ini\u0163iator\u00a0 primar<\/p>\n<p>Transmis spre avizare\u00a0 comisiei pentru administra\u0163ie public\u0103 local\u0103, juridic\u0103 \u015fi de disciplin\u0103.\u0219i comisiei de studii prognoze economico-sociale, buget, finan\u0163e.<\/p>\n<ol start=\"6\">\n<li>Proiect de hot\u0103r\u00e2re privind aprobarea continu\u0103rii Contractului de \u00eenchiriere\u00a0 locuin\u021b\u0103\u00a0 81\/41872\/11.12.2008 ca urmare a decesului titularei.<\/li>\n<\/ol>\n<p>Proiect: ini\u0163iator\u00a0 primar<\/p>\n<p>Transmis spre avizare\u00a0 comisiei pentru administra\u0163ie public\u0103 local\u0103, juridic\u0103 \u015fi de disciplin\u0103 \u0219i comisiei\u00a0 pentru \u00eenv\u0103\u0163\u0103m\u00e2nt, cultur\u0103, sport, agrement, monumente istorice protec\u0163ie social\u0103, protec\u0163ie copii, culte, s\u0103n\u0103tate \u015fi familie .<\/p>\n<ol start=\"7\">\n<li>Proiect de hot\u0103r\u00e2re cu privire la acordul Consiliului Local al Municipiului Sebe\u0219 pentru efectuarea de lucr\u0103ri pe domeniul public , \u00een vederea realiz\u0103rii , de c\u0103tre d-na Lupu\u0219 Semida Iuliana a unui pode\u021b de acces pe strada 1 Mai , \u00een dreptul imobilului cu nr.282, localitatea Petre\u0219ti ,Municipiul Sebe\u0219 .<\/li>\n<\/ol>\n<p>Proiect ini\u021biator :primar<\/p>\n<p>Transmis spre avizare\u00a0 comisiei\u00a0 pentru amenajarea teritoriului, urbanism, lucr\u0103ri publice, administrarea domeniului public \u0219i comisiei pentru administra\u0163ie public\u0103 local\u0103, juridic\u0103 \u015fi de disciplin\u0103<\/p>\n<ol start=\"8\">\n<li>Proiect de hot\u0103r\u00e2re privind completarea H.C.L. nr. 170\/2019 privind\u00a0 aprobarea\u00a0 prelungirii\u00a0 contractului de \u00eenchiriere\u00a0 locuin\u021b\u0103\u00a0 104\/01.08.2005.<\/li>\n<\/ol>\n<p>Proiect: ini\u0163iator\u00a0 primar<\/p>\n<p>Transmis spre\u00a0 avizare\u00a0 comisiei pentru administra\u0163ie public\u0103 local\u0103, juridic\u0103 \u015fi de disciplin\u0103 \u0219i comisiei pentru \u00eenv\u0103\u0163\u0103m\u00e2nt, cultur\u0103, sport, agrement, monumente istorice protec\u0163ie social\u0103, protec\u0163ie copii, culte, s\u0103n\u0103tate \u015fi familie.<\/p>\n<ol start=\"9\">\n<li>Proiect de hot\u0103r\u00e2re privind aprobarea prelungirii\u00a0 Contractului de \u00eenchiriere\u00a0 \u2013 cabinet medical\u00a0 80\/29518\/04.09.2012 situat\u00a0 \u00een Sebe\u0219 , Cartier M. Kog\u0103lniceanu , nr. 128.<\/li>\n<\/ol>\n<p>Proiect: ini\u0163iator\u00a0 primar<\/p>\n<p>Transmis spre avizare\u00a0 comisiei pentru administra\u0163ie public\u0103 local\u0103, juridic\u0103 \u015fi de disciplin\u0103 \u0219i \u00a0comisiei pentru \u00eenv\u0103\u0163\u0103m\u00e2nt, cultur\u0103, sport, agrement, monumente istorice protec\u0163ie social\u0103, protec\u0163ie copii, culte, s\u0103n\u0103tate \u015fi familie.<\/p>\n<ol start=\"10\">\n<li>Proiect de hot\u0103r\u00e2re privind aprobarea prelungirii\u00a0 Contractului de \u00eenchiriere\u00a0 \u2013 cabinet medical\u00a0 59\/28751\/19.08.2014 situat\u00a0 \u00een Sebe\u0219 , str. Mihai Viteazu, nr. 28.<\/li>\n<\/ol>\n<p>Proiect: ini\u0163iator\u00a0 primar<\/p>\n<p>Transmis spre avizare\u00a0 comisiei pentru administra\u0163ie public\u0103 local\u0103, juridic\u0103 \u015fi de disciplin\u0103 \u0219i \u00a0comisiei pentru \u00eenv\u0103\u0163\u0103m\u00e2nt, cultur\u0103, sport, agrement, monumente istorice protec\u0163ie social\u0103, protec\u0163ie copii, culte, s\u0103n\u0103tate \u015fi familie.<\/p>\n<ol start=\"11\">\n<li>Proiect de hot\u0103r\u00e2re privind aprobarea d\u0103rii \u00een administrare Agen\u021biei pentru Protec\u021bia Mediului Alba (A.P.M) pe o durat\u0103 de 10 ani,a dou\u0103 suprafe\u021be de teren de 30 mp \u0219i respectiv de 2,50 mp teren apar\u021bin\u00e2nd domeniului public al Municipiului Sebe\u0219 .<\/li>\n<\/ol>\n<p>Proiect:ini\u021biator primar<\/p>\n<p>Transmis spre avizare comisiei pentru administra\u0163ie public\u0103 local\u0103, juridic\u0103 \u015fi de disciplin\u0103 \u0219i comisiei pentru agricultur\u0103, silvicultur\u0103, protec\u0163ie mediu, monumente naturale \u015fi turism<\/p>\n<ol start=\"12\">\n<li>Proiect de hot\u0103r\u00e2re privind modificarea art.1, lit.c) al HCL.nr.186 \/ 2019, privind aprobarea condi\u021biilor de efectuare a schimbului terenului:\u201cTeren neproductiv CAD 184\u201c, \u00een suprafa\u021b\u0103 de 12.349 mp, format din dou\u0103 loturi lipite, respectiv: lotul \u00een suprafa\u021b\u0103 de 3.688 mp \u00eenscris \u00een CF 80867 Sebe\u0219 \u0219i lotul \u00een suprafa\u021b\u0103 de 8.661 mp \u00eenscris \u00een CF 80868 Sebe\u0219, \u00eenregistrat \u00een domeniului privat al Municipiului Sebe\u0219 cu terenul\u00a0 \u00een suprafa\u021b\u0103 de 10.300 mp, format din dou\u0103 loturi lipite, respectiv lotul \u00een suprafa\u021b\u0103 de 7.400 mp \u00eenscris \u00een CF nr. 80038 Sebe\u0219 (nr. CF vechi 25406 Sebe\u0219-Lancr\u0103m), nr. cad. 1868\/1 \u0219i lotul \u00een suprafa\u021b\u0103 de 2.900 mp, \u00eenscris \u00een CF nr. 80052 Sebe\u0219 (nr. CF vechi 25554 Sebe\u0219-Lancr\u0103m), nr. cad. 2059, aflat \u00een proprietatea D-lui Macarie Vasile \u0219i a so\u021biei sale\u00a0 D-na Macarie Emilia<\/li>\n<\/ol>\n<p>Proiect ini\u021biator:primar<\/p>\n<p>Transmis spre avizare comisiei de studii prognoze economico-sociale , buget,finan\u021be,comisiei pentru\u00a0 administra\u0163ie public\u0103 local\u0103, juridic\u0103 \u015fi de disciplin\u0103 \u0219i comisiei pentru agricultur\u0103, silvicultur\u0103, protec\u0163ie mediu, monumente naturale \u015fi turism.<\/p>\n<ol start=\"13\">\n<li>Informarea nr.66326\/08.08.2019 \u2013 adresa Liceului German Sebe\u0219.<\/li>\n<li>Informarea nr.66282\/08.08.2019- adresa fam. Kerst Rudolf \u0219i Kerst\u00a0 Maria , Sebe\u0219, str. Dorin Pavel, nr. 1.<\/li>\n<\/ol>\n","protected":false},"excerpt":{"rendered":"<p>Primarul\u00a0 Municipiului Sebe\u015f, jud. Alba; \u00cen temeiul prevederilor art. 133 alin.1 \u0219i art 135 din\u00a0 O.U.G nr. 57\/2019 privind Codul Administrativ ; \u00a0\u00a0\u00a0\u00a0\u00a0\u00a0\u00a0\u00a0\u00a0 \u00cen\u00a0 baza art. 196 alin1 , lit. b) din\u00a0 aceea\u015fi lege ,\u00a0 D I S P U N E\u00a0 \u00a0\u00a0\u00a0\u00a0\u00a0\u00a0\u00a0\u00a0\u00a0\u00a0Art.1.\u00a0Se convoac\u0103 , Consiliul Local\u00a0 al Municipiului\u00a0 Sebe\u015f , jud. Alba \u00een \u015fedin\u0163\u0103\u00a0 &hellip;<\/p>\n","protected":false},"author":5,"featured_media":38111,"comment_status":"open","ping_status":"open","sticky":false,"template":"","format":"standard","meta":{"inline_featured_image":false,"footnotes":""},"categories":[2035],"tags":[],"class_list":["post-81860","post","type-post","status-publish","format-standard","has-post-thumbnail","hentry","category-administratie"],"yoast_head":"<!-- This site is optimized with the Yoast SEO plugin v27.4 - https:\/\/yoast.com\/product\/yoast-seo-wordpress\/ -->\n<title>27 August, ora 14:00: \u0218edin\u021b\u0103 ordinar\u0103 la Consiliul Local Sebe\u0219. Ordinea de zi - Revista Urbea Mea - Revista de Alba<\/title>\n<meta name=\"description\" content=\"Primarul\u00a0 Municipiului Sebe\u015f, jud. Alba; \u00cen temeiul prevederilor art. 133 alin.1 \u0219i art 135 din\u00a0 O.U.G nr. 57\/2019 privind Codul Administrativ ; \u00a0\u00a0\u00a0\u00a0\u00a0\u00a0\u00a0\u00a0\u00a0\" \/>\n<meta name=\"robots\" content=\"index, follow, max-snippet:-1, max-image-preview:large, max-video-preview:-1\" \/>\n<link rel=\"canonical\" href=\"https:\/\/urbeamea.ro\/albaiulia\/27-august-ora-1400-sedinta-ordinara-la-consiliul-local-sebes-ordinea-de-zi\/\" \/>\n<meta name=\"twitter:card\" content=\"summary_large_image\" \/>\n<meta name=\"twitter:title\" content=\"27 August, ora 14:00: \u0218edin\u021b\u0103 ordinar\u0103 la Consiliul Local Sebe\u0219. Ordinea de zi - Revista Urbea Mea - Revista de Alba\" \/>\n<meta name=\"twitter:description\" content=\"Primarul\u00a0 Municipiului Sebe\u015f, jud. Alba; \u00cen temeiul prevederilor art. 133 alin.1 \u0219i art 135 din\u00a0 O.U.G nr. 57\/2019 privind Codul Administrativ ; \u00a0\u00a0\u00a0\u00a0\u00a0\u00a0\u00a0\u00a0\u00a0\" \/>\n<meta name=\"twitter:image\" content=\"https:\/\/urbeamea.ro\/albaiulia\/wp-content\/uploads\/2016\/12\/Sebes.jpg\" \/>\n<meta name=\"twitter:creator\" content=\"@urbeameaweb\" \/>\n<meta name=\"twitter:site\" content=\"@urbeameaweb\" \/>\n<script type=\"application\/ld+json\" class=\"yoast-schema-graph\">{\"@context\":\"https:\\\/\\\/schema.org\",\"@graph\":[{\"@type\":\"Article\",\"@id\":\"https:\\\/\\\/urbeamea.ro\\\/albaiulia\\\/27-august-ora-1400-sedinta-ordinara-la-consiliul-local-sebes-ordinea-de-zi\\\/#article\",\"isPartOf\":{\"@id\":\"https:\\\/\\\/urbeamea.ro\\\/albaiulia\\\/27-august-ora-1400-sedinta-ordinara-la-consiliul-local-sebes-ordinea-de-zi\\\/\"},\"author\":{\"name\":\"Bogdan P\u0103unescu\",\"@id\":\"https:\\\/\\\/urbeamea.ro\\\/albaiulia\\\/#\\\/schema\\\/person\\\/a115373ce8153754c6b084232d985956\"},\"headline\":\"27 August, ora 14:00: \u0218edin\u021b\u0103 ordinar\u0103 la Consiliul Local Sebe\u0219. Ordinea de zi\",\"datePublished\":\"2019-08-26T15:58:53+00:00\",\"dateModified\":\"2019-08-26T15:58:56+00:00\",\"mainEntityOfPage\":{\"@id\":\"https:\\\/\\\/urbeamea.ro\\\/albaiulia\\\/27-august-ora-1400-sedinta-ordinara-la-consiliul-local-sebes-ordinea-de-zi\\\/\"},\"wordCount\":1149,\"commentCount\":0,\"image\":{\"@id\":\"https:\\\/\\\/urbeamea.ro\\\/albaiulia\\\/27-august-ora-1400-sedinta-ordinara-la-consiliul-local-sebes-ordinea-de-zi\\\/#primaryimage\"},\"thumbnailUrl\":\"https:\\\/\\\/urbeamea.ro\\\/albaiulia\\\/wp-content\\\/uploads\\\/2016\\\/12\\\/Sebes.jpg\",\"articleSection\":[\"Administra\u021bie\"],\"inLanguage\":\"ro-RO\",\"potentialAction\":[{\"@type\":\"CommentAction\",\"name\":\"Comment\",\"target\":[\"https:\\\/\\\/urbeamea.ro\\\/albaiulia\\\/27-august-ora-1400-sedinta-ordinara-la-consiliul-local-sebes-ordinea-de-zi\\\/#respond\"]}]},{\"@type\":\"WebPage\",\"@id\":\"https:\\\/\\\/urbeamea.ro\\\/albaiulia\\\/27-august-ora-1400-sedinta-ordinara-la-consiliul-local-sebes-ordinea-de-zi\\\/\",\"url\":\"https:\\\/\\\/urbeamea.ro\\\/albaiulia\\\/27-august-ora-1400-sedinta-ordinara-la-consiliul-local-sebes-ordinea-de-zi\\\/\",\"name\":\"27 August, ora 14:00: \u0218edin\u021b\u0103 ordinar\u0103 la Consiliul Local Sebe\u0219. Ordinea de zi - Revista Urbea Mea - Revista de Alba\",\"isPartOf\":{\"@id\":\"https:\\\/\\\/urbeamea.ro\\\/albaiulia\\\/#website\"},\"primaryImageOfPage\":{\"@id\":\"https:\\\/\\\/urbeamea.ro\\\/albaiulia\\\/27-august-ora-1400-sedinta-ordinara-la-consiliul-local-sebes-ordinea-de-zi\\\/#primaryimage\"},\"image\":{\"@id\":\"https:\\\/\\\/urbeamea.ro\\\/albaiulia\\\/27-august-ora-1400-sedinta-ordinara-la-consiliul-local-sebes-ordinea-de-zi\\\/#primaryimage\"},\"thumbnailUrl\":\"https:\\\/\\\/urbeamea.ro\\\/albaiulia\\\/wp-content\\\/uploads\\\/2016\\\/12\\\/Sebes.jpg\",\"datePublished\":\"2019-08-26T15:58:53+00:00\",\"dateModified\":\"2019-08-26T15:58:56+00:00\",\"author\":{\"@id\":\"https:\\\/\\\/urbeamea.ro\\\/albaiulia\\\/#\\\/schema\\\/person\\\/a115373ce8153754c6b084232d985956\"},\"description\":\"Primarul\u00a0 Municipiului Sebe\u015f, jud. Alba; \u00cen temeiul prevederilor art. 133 alin.1 \u0219i art 135 din\u00a0 O.U.G nr. 57\\\/2019 privind Codul Administrativ ; \u00a0\u00a0\u00a0\u00a0\u00a0\u00a0\u00a0\u00a0\u00a0\",\"breadcrumb\":{\"@id\":\"https:\\\/\\\/urbeamea.ro\\\/albaiulia\\\/27-august-ora-1400-sedinta-ordinara-la-consiliul-local-sebes-ordinea-de-zi\\\/#breadcrumb\"},\"inLanguage\":\"ro-RO\",\"potentialAction\":[{\"@type\":\"ReadAction\",\"target\":[\"https:\\\/\\\/urbeamea.ro\\\/albaiulia\\\/27-august-ora-1400-sedinta-ordinara-la-consiliul-local-sebes-ordinea-de-zi\\\/\"]}]},{\"@type\":\"ImageObject\",\"inLanguage\":\"ro-RO\",\"@id\":\"https:\\\/\\\/urbeamea.ro\\\/albaiulia\\\/27-august-ora-1400-sedinta-ordinara-la-consiliul-local-sebes-ordinea-de-zi\\\/#primaryimage\",\"url\":\"https:\\\/\\\/urbeamea.ro\\\/albaiulia\\\/wp-content\\\/uploads\\\/2016\\\/12\\\/Sebes.jpg\",\"contentUrl\":\"https:\\\/\\\/urbeamea.ro\\\/albaiulia\\\/wp-content\\\/uploads\\\/2016\\\/12\\\/Sebes.jpg\",\"width\":1280,\"height\":720},{\"@type\":\"BreadcrumbList\",\"@id\":\"https:\\\/\\\/urbeamea.ro\\\/albaiulia\\\/27-august-ora-1400-sedinta-ordinara-la-consiliul-local-sebes-ordinea-de-zi\\\/#breadcrumb\",\"itemListElement\":[{\"@type\":\"ListItem\",\"position\":1,\"name\":\"Prima pagin\u0103\",\"item\":\"https:\\\/\\\/urbeamea.ro\\\/albaiulia\\\/\"},{\"@type\":\"ListItem\",\"position\":2,\"name\":\"27 August, ora 14:00: \u0218edin\u021b\u0103 ordinar\u0103 la Consiliul Local Sebe\u0219. Ordinea de zi\"}]},{\"@type\":\"WebSite\",\"@id\":\"https:\\\/\\\/urbeamea.ro\\\/albaiulia\\\/#website\",\"url\":\"https:\\\/\\\/urbeamea.ro\\\/albaiulia\\\/\",\"name\":\"Revista Urbea Mea, Stiri urbane\",\"description\":\"Evenimente \u0219i \u0219tiri din Alba Iulia, Sebe\u0219, Aiud, Blaj\",\"potentialAction\":[{\"@type\":\"SearchAction\",\"target\":{\"@type\":\"EntryPoint\",\"urlTemplate\":\"https:\\\/\\\/urbeamea.ro\\\/albaiulia\\\/?s={search_term_string}\"},\"query-input\":{\"@type\":\"PropertyValueSpecification\",\"valueRequired\":true,\"valueName\":\"search_term_string\"}}],\"inLanguage\":\"ro-RO\"},{\"@type\":\"Person\",\"@id\":\"https:\\\/\\\/urbeamea.ro\\\/albaiulia\\\/#\\\/schema\\\/person\\\/a115373ce8153754c6b084232d985956\",\"name\":\"Bogdan P\u0103unescu\",\"image\":{\"@type\":\"ImageObject\",\"inLanguage\":\"ro-RO\",\"@id\":\"https:\\\/\\\/secure.gravatar.com\\\/avatar\\\/f72aa881b5a32ea110a53aabc2049429e3ff68fcb09d283722d01fbf330e9dd9?s=96&d=mm&r=g\",\"url\":\"https:\\\/\\\/secure.gravatar.com\\\/avatar\\\/f72aa881b5a32ea110a53aabc2049429e3ff68fcb09d283722d01fbf330e9dd9?s=96&d=mm&r=g\",\"contentUrl\":\"https:\\\/\\\/secure.gravatar.com\\\/avatar\\\/f72aa881b5a32ea110a53aabc2049429e3ff68fcb09d283722d01fbf330e9dd9?s=96&d=mm&r=g\",\"caption\":\"Bogdan P\u0103unescu\"},\"description\":\"\u00cemi place tot ceea ce este legat de web \u015fi ajut la dezvoltarea \u015fi \u00eembun\u0103t\u0103\u0163irea lui prin tot ceea ce fac.\",\"sameAs\":[\"https:\\\/\\\/www.artonmedia.ro\",\"https:\\\/\\\/www.facebook.com\\\/bogdanvpaunescu\"],\"url\":\"https:\\\/\\\/urbeamea.ro\\\/albaiulia\\\/author\\\/bogdan-paunescu\\\/\"}]}<\/script>\n<!-- \/ Yoast SEO plugin. -->","yoast_head_json":{"title":"27 August, ora 14:00: \u0218edin\u021b\u0103 ordinar\u0103 la Consiliul Local Sebe\u0219. Ordinea de zi - Revista Urbea Mea - Revista de Alba","description":"Primarul\u00a0 Municipiului Sebe\u015f, jud. Alba; \u00cen temeiul prevederilor art. 133 alin.1 \u0219i art 135 din\u00a0 O.U.G nr. 57\/2019 privind Codul Administrativ ; \u00a0\u00a0\u00a0\u00a0\u00a0\u00a0\u00a0\u00a0\u00a0","robots":{"index":"index","follow":"follow","max-snippet":"max-snippet:-1","max-image-preview":"max-image-preview:large","max-video-preview":"max-video-preview:-1"},"canonical":"https:\/\/urbeamea.ro\/albaiulia\/27-august-ora-1400-sedinta-ordinara-la-consiliul-local-sebes-ordinea-de-zi\/","twitter_card":"summary_large_image","twitter_title":"27 August, ora 14:00: \u0218edin\u021b\u0103 ordinar\u0103 la Consiliul Local Sebe\u0219. Ordinea de zi - Revista Urbea Mea - Revista de Alba","twitter_description":"Primarul\u00a0 Municipiului Sebe\u015f, jud. Alba; \u00cen temeiul prevederilor art. 133 alin.1 \u0219i art 135 din\u00a0 O.U.G nr. 57\/2019 privind Codul Administrativ ; \u00a0\u00a0\u00a0\u00a0\u00a0\u00a0\u00a0\u00a0\u00a0","twitter_image":"https:\/\/urbeamea.ro\/albaiulia\/wp-content\/uploads\/2016\/12\/Sebes.jpg","twitter_creator":"@urbeameaweb","twitter_site":"@urbeameaweb","schema":{"@context":"https:\/\/schema.org","@graph":[{"@type":"Article","@id":"https:\/\/urbeamea.ro\/albaiulia\/27-august-ora-1400-sedinta-ordinara-la-consiliul-local-sebes-ordinea-de-zi\/#article","isPartOf":{"@id":"https:\/\/urbeamea.ro\/albaiulia\/27-august-ora-1400-sedinta-ordinara-la-consiliul-local-sebes-ordinea-de-zi\/"},"author":{"name":"Bogdan P\u0103unescu","@id":"https:\/\/urbeamea.ro\/albaiulia\/#\/schema\/person\/a115373ce8153754c6b084232d985956"},"headline":"27 August, ora 14:00: \u0218edin\u021b\u0103 ordinar\u0103 la Consiliul Local Sebe\u0219. Ordinea de zi","datePublished":"2019-08-26T15:58:53+00:00","dateModified":"2019-08-26T15:58:56+00:00","mainEntityOfPage":{"@id":"https:\/\/urbeamea.ro\/albaiulia\/27-august-ora-1400-sedinta-ordinara-la-consiliul-local-sebes-ordinea-de-zi\/"},"wordCount":1149,"commentCount":0,"image":{"@id":"https:\/\/urbeamea.ro\/albaiulia\/27-august-ora-1400-sedinta-ordinara-la-consiliul-local-sebes-ordinea-de-zi\/#primaryimage"},"thumbnailUrl":"https:\/\/urbeamea.ro\/albaiulia\/wp-content\/uploads\/2016\/12\/Sebes.jpg","articleSection":["Administra\u021bie"],"inLanguage":"ro-RO","potentialAction":[{"@type":"CommentAction","name":"Comment","target":["https:\/\/urbeamea.ro\/albaiulia\/27-august-ora-1400-sedinta-ordinara-la-consiliul-local-sebes-ordinea-de-zi\/#respond"]}]},{"@type":"WebPage","@id":"https:\/\/urbeamea.ro\/albaiulia\/27-august-ora-1400-sedinta-ordinara-la-consiliul-local-sebes-ordinea-de-zi\/","url":"https:\/\/urbeamea.ro\/albaiulia\/27-august-ora-1400-sedinta-ordinara-la-consiliul-local-sebes-ordinea-de-zi\/","name":"27 August, ora 14:00: \u0218edin\u021b\u0103 ordinar\u0103 la Consiliul Local Sebe\u0219. Ordinea de zi - Revista Urbea Mea - Revista de Alba","isPartOf":{"@id":"https:\/\/urbeamea.ro\/albaiulia\/#website"},"primaryImageOfPage":{"@id":"https:\/\/urbeamea.ro\/albaiulia\/27-august-ora-1400-sedinta-ordinara-la-consiliul-local-sebes-ordinea-de-zi\/#primaryimage"},"image":{"@id":"https:\/\/urbeamea.ro\/albaiulia\/27-august-ora-1400-sedinta-ordinara-la-consiliul-local-sebes-ordinea-de-zi\/#primaryimage"},"thumbnailUrl":"https:\/\/urbeamea.ro\/albaiulia\/wp-content\/uploads\/2016\/12\/Sebes.jpg","datePublished":"2019-08-26T15:58:53+00:00","dateModified":"2019-08-26T15:58:56+00:00","author":{"@id":"https:\/\/urbeamea.ro\/albaiulia\/#\/schema\/person\/a115373ce8153754c6b084232d985956"},"description":"Primarul\u00a0 Municipiului Sebe\u015f, jud. Alba; \u00cen temeiul prevederilor art. 133 alin.1 \u0219i art 135 din\u00a0 O.U.G nr. 57\/2019 privind Codul Administrativ ; \u00a0\u00a0\u00a0\u00a0\u00a0\u00a0\u00a0\u00a0\u00a0","breadcrumb":{"@id":"https:\/\/urbeamea.ro\/albaiulia\/27-august-ora-1400-sedinta-ordinara-la-consiliul-local-sebes-ordinea-de-zi\/#breadcrumb"},"inLanguage":"ro-RO","potentialAction":[{"@type":"ReadAction","target":["https:\/\/urbeamea.ro\/albaiulia\/27-august-ora-1400-sedinta-ordinara-la-consiliul-local-sebes-ordinea-de-zi\/"]}]},{"@type":"ImageObject","inLanguage":"ro-RO","@id":"https:\/\/urbeamea.ro\/albaiulia\/27-august-ora-1400-sedinta-ordinara-la-consiliul-local-sebes-ordinea-de-zi\/#primaryimage","url":"https:\/\/urbeamea.ro\/albaiulia\/wp-content\/uploads\/2016\/12\/Sebes.jpg","contentUrl":"https:\/\/urbeamea.ro\/albaiulia\/wp-content\/uploads\/2016\/12\/Sebes.jpg","width":1280,"height":720},{"@type":"BreadcrumbList","@id":"https:\/\/urbeamea.ro\/albaiulia\/27-august-ora-1400-sedinta-ordinara-la-consiliul-local-sebes-ordinea-de-zi\/#breadcrumb","itemListElement":[{"@type":"ListItem","position":1,"name":"Prima pagin\u0103","item":"https:\/\/urbeamea.ro\/albaiulia\/"},{"@type":"ListItem","position":2,"name":"27 August, ora 14:00: \u0218edin\u021b\u0103 ordinar\u0103 la Consiliul Local Sebe\u0219. Ordinea de zi"}]},{"@type":"WebSite","@id":"https:\/\/urbeamea.ro\/albaiulia\/#website","url":"https:\/\/urbeamea.ro\/albaiulia\/","name":"Revista Urbea Mea, Stiri urbane","description":"Evenimente \u0219i \u0219tiri din Alba Iulia, Sebe\u0219, Aiud, Blaj","potentialAction":[{"@type":"SearchAction","target":{"@type":"EntryPoint","urlTemplate":"https:\/\/urbeamea.ro\/albaiulia\/?s={search_term_string}"},"query-input":{"@type":"PropertyValueSpecification","valueRequired":true,"valueName":"search_term_string"}}],"inLanguage":"ro-RO"},{"@type":"Person","@id":"https:\/\/urbeamea.ro\/albaiulia\/#\/schema\/person\/a115373ce8153754c6b084232d985956","name":"Bogdan P\u0103unescu","image":{"@type":"ImageObject","inLanguage":"ro-RO","@id":"https:\/\/secure.gravatar.com\/avatar\/f72aa881b5a32ea110a53aabc2049429e3ff68fcb09d283722d01fbf330e9dd9?s=96&d=mm&r=g","url":"https:\/\/secure.gravatar.com\/avatar\/f72aa881b5a32ea110a53aabc2049429e3ff68fcb09d283722d01fbf330e9dd9?s=96&d=mm&r=g","contentUrl":"https:\/\/secure.gravatar.com\/avatar\/f72aa881b5a32ea110a53aabc2049429e3ff68fcb09d283722d01fbf330e9dd9?s=96&d=mm&r=g","caption":"Bogdan P\u0103unescu"},"description":"\u00cemi place tot ceea ce este legat de web \u015fi ajut la dezvoltarea \u015fi \u00eembun\u0103t\u0103\u0163irea lui prin tot ceea ce fac.","sameAs":["https:\/\/www.artonmedia.ro","https:\/\/www.facebook.com\/bogdanvpaunescu"],"url":"https:\/\/urbeamea.ro\/albaiulia\/author\/bogdan-paunescu\/"}]}},"_links":{"self":[{"href":"https:\/\/urbeamea.ro\/albaiulia\/wp-json\/wp\/v2\/posts\/81860","targetHints":{"allow":["GET"]}}],"collection":[{"href":"https:\/\/urbeamea.ro\/albaiulia\/wp-json\/wp\/v2\/posts"}],"about":[{"href":"https:\/\/urbeamea.ro\/albaiulia\/wp-json\/wp\/v2\/types\/post"}],"author":[{"embeddable":true,"href":"https:\/\/urbeamea.ro\/albaiulia\/wp-json\/wp\/v2\/users\/5"}],"replies":[{"embeddable":true,"href":"https:\/\/urbeamea.ro\/albaiulia\/wp-json\/wp\/v2\/comments?post=81860"}],"version-history":[{"count":0,"href":"https:\/\/urbeamea.ro\/albaiulia\/wp-json\/wp\/v2\/posts\/81860\/revisions"}],"wp:featuredmedia":[{"embeddable":true,"href":"https:\/\/urbeamea.ro\/albaiulia\/wp-json\/wp\/v2\/media\/38111"}],"wp:attachment":[{"href":"https:\/\/urbeamea.ro\/albaiulia\/wp-json\/wp\/v2\/media?parent=81860"}],"wp:term":[{"taxonomy":"category","embeddable":true,"href":"https:\/\/urbeamea.ro\/albaiulia\/wp-json\/wp\/v2\/categories?post=81860"},{"taxonomy":"post_tag","embeddable":true,"href":"https:\/\/urbeamea.ro\/albaiulia\/wp-json\/wp\/v2\/tags?post=81860"}],"curies":[{"name":"wp","href":"https:\/\/api.w.org\/{rel}","templated":true}]}}