{"id":81863,"date":"2019-08-26T19:48:25","date_gmt":"2019-08-26T16:48:25","guid":{"rendered":"https:\/\/urbeamea.ro\/albaiulia\/?p=81863"},"modified":"2019-08-26T19:48:28","modified_gmt":"2019-08-26T16:48:28","slug":"31-august-1-septembrie-alba-iulia-music-film-festival-program","status":"publish","type":"post","link":"https:\/\/urbeamea.ro\/albaiulia\/31-august-1-septembrie-alba-iulia-music-film-festival-program\/","title":{"rendered":"31 august- 1 septembrie:  Alba Iulia Music &amp; Film Festival- program"},"content":{"rendered":"\n<p> <strong>\u00centre 30 august \u0219i 1 septembrie Cetatea Alba Carolina devine gazda celei de-a \u0219aptea edi\u021bii <\/strong> <strong>Alba Iulia Music and Film Festival 2019.<\/strong> <\/p>\n\n\n\n<p>P\u0103str\u00e2nd o formul\u0103 ce s-a dovedit de succes, festivalul propune un program variat de proiec\u021bii de film \u00een loca\u021bii bine cunoscute, concerte, spectacole de strada, invita\u021bi speciali \u0219i alte evenimente conexe. Fondat\u0103 \u00een 2013, Asocia\u021bia Film \u015fi Cultur\u0103 Urban\u0103 (AFCU) are ca scop promovarea valorilor cinematografiei rom\u00e2ne\u015fti \u015fi europene, printre altele prin: sus\u0163inerea tinerilor cinea\u015fti din Rom\u00e2nia; organizarea de festivaluri interna\u0163ionale de film, arte vizuale, new media; promovarea spiritului de ini\u0163iativ\u0103 \u015fi competitivitate \u00een comunit\u0103\u0163ile locale; formarea \u015fi educarea unei noi genera\u0163ii de spectatori pentru cinema; cultivarea \u015fi dezvoltarea de rela\u0163ii cu organiza\u0163ii cu profil asem\u0103n\u0103tor din \u0163ar\u0103 \u015fi din str\u0103in\u0103tate. <\/p>\n\n\n\n<figure class=\"wp-block-image\"><img loading=\"lazy\" decoding=\"async\" width=\"1280\" height=\"854\" src=\"https:\/\/urbeamea.ro\/albaiulia\/wp-content\/uploads\/2019\/08\/AIMFF_2018-Day1-Marius_Maris-8067-1280x854.jpg\" alt=\"\" class=\"wp-image-81869\" srcset=\"https:\/\/urbeamea.ro\/albaiulia\/wp-content\/uploads\/2019\/08\/AIMFF_2018-Day1-Marius_Maris-8067-1280x854.jpg 1280w, https:\/\/urbeamea.ro\/albaiulia\/wp-content\/uploads\/2019\/08\/AIMFF_2018-Day1-Marius_Maris-8067-150x100.jpg 150w, https:\/\/urbeamea.ro\/albaiulia\/wp-content\/uploads\/2019\/08\/AIMFF_2018-Day1-Marius_Maris-8067-640x427.jpg 640w, https:\/\/urbeamea.ro\/albaiulia\/wp-content\/uploads\/2019\/08\/AIMFF_2018-Day1-Marius_Maris-8067-768x513.jpg 768w, https:\/\/urbeamea.ro\/albaiulia\/wp-content\/uploads\/2019\/08\/AIMFF_2018-Day1-Marius_Maris-8067-1200x800.jpg 1200w, https:\/\/urbeamea.ro\/albaiulia\/wp-content\/uploads\/2019\/08\/AIMFF_2018-Day1-Marius_Maris-8067.jpg 2048w\" sizes=\"auto, (max-width: 1280px) 100vw, 1280px\" \/><\/figure>\n\n\n\n<p>Organizator a \u0219ase edi\u021bii AIMFF, dar \u0219i a mai multor edi\u021bii TIFF Mure\u0219 \u0219i Colours of Cluj, AFCU \u015fi-a dovedit capacitatea de organizator de succes, la aceste proiecte lucr\u00e2nd cu o echip\u0103 de profesioni\u0219ti \u00een domeniul produc\u021biei de evenimente, dar \u0219i cu mai mul\u021bi colaboratori \u0219i voluntari dedica\u021bi. \u00cen plus,<strong>\u00a0AIMFF\u00a0<\/strong>beneficiaz\u0103 de experien\u021ba \u0219i renumele\u00a0<strong>Festivalului Interna\u021bional de Film Transilvania (TIFF),\u00a0<\/strong>aflat la Cluj la a 17-a edi\u021bie \u0219i fiindprimul festival interna\u021bional de film de lung-metraj din Rom\u00e2nia, considerat unul dintre cele mai importante evenimente de acest gen din Estul Europei. <\/p>\n\n\n\n<figure class=\"wp-block-image\"><img loading=\"lazy\" decoding=\"async\" width=\"1280\" height=\"854\" src=\"https:\/\/urbeamea.ro\/albaiulia\/wp-content\/uploads\/2019\/08\/AIMFF_2018-Day2-Marius_Maris-8550-1280x854.jpg\" alt=\"\" class=\"wp-image-81870\" srcset=\"https:\/\/urbeamea.ro\/albaiulia\/wp-content\/uploads\/2019\/08\/AIMFF_2018-Day2-Marius_Maris-8550-1280x854.jpg 1280w, https:\/\/urbeamea.ro\/albaiulia\/wp-content\/uploads\/2019\/08\/AIMFF_2018-Day2-Marius_Maris-8550-150x100.jpg 150w, https:\/\/urbeamea.ro\/albaiulia\/wp-content\/uploads\/2019\/08\/AIMFF_2018-Day2-Marius_Maris-8550-640x427.jpg 640w, https:\/\/urbeamea.ro\/albaiulia\/wp-content\/uploads\/2019\/08\/AIMFF_2018-Day2-Marius_Maris-8550-768x513.jpg 768w, https:\/\/urbeamea.ro\/albaiulia\/wp-content\/uploads\/2019\/08\/AIMFF_2018-Day2-Marius_Maris-8550.jpg 2048w\" sizes=\"auto, (max-width: 1280px) 100vw, 1280px\" \/><\/figure>\n\n\n\n<p><strong>PROGRAM<\/strong><\/p>\n\n\n\n<p><strong>VINERI, 30 AUGUST<\/strong><\/p>\n\n\n\n<p><strong>Pia\u021ba Cet\u0103\u021bii<\/strong>\u00a0<br><strong>Gala de deschidere<\/strong><br><strong>20.30 Moonlight Invasions<\/strong>\u00a0&#8211; trupa Parola Bianca (Italia)\u00a0<br>Spectacol de teatru, dans \u0219i arte vizuale<\/p>\n\n\n\n<p><strong>21.00 Sutienul<\/strong>&nbsp;<br>The Bra, 2018, Regia: Veit Helmer<br>Cu: Miki Manojlovi\u0107, Denis Lavant, Paz Vega, Maia Morgenstern.&nbsp;<br><strong><em>Proiec\u021bie \u00een prezen\u021ba actri\u021bei Maia Morgenstern<\/em><\/strong><br><\/p>\n\n\n\n<p><strong>Pia\u021ba Vestic\u0103<\/strong><br><strong>21.15 Jurnalul familiei -escu<\/strong><br>2019, Regia: \u015eerban Georgescu<br><strong><em>Proiec\u021bie \u00een prezen\u021ba produc\u0103toarei Oana Muntean<\/em><\/strong><br><\/p>\n\n\n\n<p><strong>Esplanada Obeliscului&nbsp;&nbsp;<\/strong><br><strong>21.00 Un om fidel<\/strong><br>L\u2019homme fidele, 2018, Regia: Louis Garrel<br>Cu: Lily-Rose Depp, Louis Garrel, Laetitia Casta<\/p>\n\n\n\n<p><strong>Gr\u0103dina Cet\u0103\u021bii (Aleea Sf. Capistrano)<\/strong><br><strong>16.00<\/strong>&nbsp;Recital Almudena<\/p>\n\n\n\n<p><strong>17.00<\/strong>&nbsp;Atelier machiaj de film cu Maria C\u00eempan<\/p>\n\n\n\n<p><strong>18.00<\/strong>&nbsp;Int\u00e2lnire cu publicul \u2013 invitat special actri\u021ba Maia Morgenstern<\/p>\n\n\n\n<p><strong>19.00<\/strong>&nbsp;VR Cinema<\/p>\n\n\n\n<p><strong>21.30 Balan\u021ba<\/strong>\u00a0<br>1992, Regia: Lucian Pintilie\u00a0<br>Cu: Maia Morgenstern, R\u0103zvan Vasilescu, Victor Rebengiuc.<br><em><strong>Proiec\u021bie \u00een prezen\u021ba actri\u021bei Maia Morgenstern<\/strong><\/em><\/p>\n\n\n\n<p><strong>S\u00c2MB\u0102T\u0102, 31 AUGUST<\/strong><\/p>\n\n\n\n<p><strong>Pia\u021ba Cet\u0103\u021bii<\/strong><br><strong>21.00 Morometii 2<\/strong><br>2018, Regia: Stere Gulea<br><em><strong>Proiec\u021bie \u00een prezen\u021ba actorului Hora\u021biu M\u0103l\u0103ele<\/strong><\/em><\/p>\n\n\n\n<p><strong>Pia\u021ba Vestic\u0103<\/strong>&nbsp;<br><strong>20.30<\/strong>&nbsp;Miori\u021ba by Au\u0103leu<br>Performance de muzic\u0103 \u0219i m\u0103\u0219ti de teatru<\/p>\n\n\n\n<p><strong>21.45<\/strong>&nbsp;Parking&nbsp;<br>2019, Regia: Tudor Giurgiu<br>Cu: Mihai Smarandache, Bel\u00e9n Cuesta, Ariadna Gil, Luis Bermejo<br><strong><em>Proiec\u021bie \u00een prezen\u021ba regizorului Tudor Giurgiu si actorului Mihai Smarandache<\/em><\/strong><\/p>\n\n\n\n<p><strong>Esplanada Obeliscului<\/strong><br><strong>21.00<\/strong>&nbsp;&nbsp;Joac\u0103-te cu focul<br>Joueurs, 2018, Regia: Marie Monge<br>Cu: Tahar Rahim, Stacy Martin, Bruno Wolkowitch<\/p>\n\n\n\n<p><strong>Gr\u0103dina Cet\u0103\u021bii (Aleea Sf. Capistrano)<\/strong><br><strong>12.00<\/strong>&nbsp;Social Lounge \/ VR Experience<\/p>\n\n\n\n<p><strong>14.00<\/strong>&nbsp;Atelier machiaj de film cu Maria C\u00eempan<\/p>\n\n\n\n<p><strong>15.00<\/strong>&nbsp;Atelier de chitar\u0103 cu Tudor Drago\u0219<\/p>\n\n\n\n<p><strong>16.00<\/strong>&nbsp;Music&amp;Film Quiz<\/p>\n\n\n\n<p><strong>18.00<\/strong>&nbsp;VR Cinema<\/p>\n\n\n\n<p><strong>21.00<\/strong>\u00a0Proiec\u021bie \u00a0Vi\u021ba de Vie \u2013 \u00cen corzi<\/p>\n\n\n\n<p><strong>DUMINIC\u0102, 1 SEPTEMBRIE<\/strong><\/p>\n\n\n\n<p><strong>Pia\u021ba Cet\u0103\u021bii<\/strong><br>21.00 Jocuri de putere<\/p>\n\n\n\n<p><strong>Pia\u021ba Vestic\u0103 &nbsp;<\/strong><br><strong>19.30<\/strong>&nbsp;CONCERT JazzyBit<\/p>\n\n\n\n<p><strong>20.45<\/strong>&nbsp;<strong>Faci sau Taci<\/strong><br>2019, Regia: Iura Lunca\u0219u<br>Cu: Augustin Viziru, Monica B\u00e2rl\u0103deanu, Diana Dumitrescu<br><strong><em>Proiec\u021bie \u00een prezen\u021ba actorilor Levente Sali, Augustin Viziru \u0219i Ana Baniciu<\/em><\/strong><\/p>\n\n\n\n<p><strong>Esplanada Obeliscului<\/strong><br><strong>21.00<\/strong>&nbsp;Vie\u021bi duble<br>Doubles Vies, 2018, Regia: Olivier Assayas<br>Cu: Guillaume Canet, Juliette Binoche, Vincent Macaigne<\/p>\n\n\n\n<p><strong>Gr\u0103dina Cet\u0103\u021bii (Aleea Sf. Capistrano)<\/strong><br><strong>12.00<\/strong>&nbsp;Lounge \/ VR Experience<\/p>\n\n\n\n<p><strong>15.00<\/strong>&nbsp;RECITAL Laura Orian &#8211; unpluged<\/p>\n\n\n\n<p><strong>16.00<\/strong>&nbsp;Music&amp;Film Quiz<\/p>\n\n\n\n<p><strong>18.00<\/strong>&nbsp;Intalnire cu publicul \u2013&nbsp;<strong>echipa filmului Faci sau Taci<\/strong><\/p>\n\n\n\n<p><strong>19.00<\/strong>&nbsp;VR Cinema<\/p>\n\n\n\n<p><strong>21.00<\/strong>&nbsp;O var\u0103 rock&#8217;n&#8217;roll<br>Leto, 2018, Regia: Kirill Serebrennikov<br>Cu: Teo Yoo, Irina Starshenbaum, Roman Bilyk.<\/p>\n\n\n\n<p>Participarea este gratuit\u0103, a\u0219a preg\u0103ti\u021bi-v\u0103 pentru un weekend plin!  <\/p>\n\n\n\n<p><\/p>\n","protected":false},"excerpt":{"rendered":"<p>\u00centre 30 august \u0219i 1 septembrie Cetatea Alba Carolina devine gazda celei de-a \u0219aptea edi\u021bii Alba Iulia Music and Film Festival 2019. P\u0103str\u00e2nd o formul\u0103 ce s-a dovedit de succes, festivalul propune un program variat de proiec\u021bii de film \u00een loca\u021bii bine cunoscute, concerte, spectacole de strada, invita\u021bi speciali \u0219i alte evenimente conexe. Fondat\u0103 \u00een &hellip;<\/p>\n","protected":false},"author":26,"featured_media":81869,"comment_status":"open","ping_status":"open","sticky":false,"template":"","format":"standard","meta":{"inline_featured_image":false,"footnotes":""},"categories":[4],"tags":[10420,18590,18589,76],"class_list":["post-81863","post","type-post","status-publish","format-standard","has-post-thumbnail","hentry","category-eveniment","tag-alba-iulia-music-and-film-festival","tag-film-festival","tag-music-festival","tag-urbea-mea"],"yoast_head":"<!-- This site is optimized with the Yoast SEO plugin v27.4 - https:\/\/yoast.com\/product\/yoast-seo-wordpress\/ -->\n<title>31 august- 1 septembrie: Alba Iulia Music &amp; Film Festival- program - Revista Urbea Mea - Revista de Alba<\/title>\n<meta name=\"description\" content=\"\u00centre 30 august \u0219i 1 septembrie Cetatea Alba Carolina devine gazda celei de-a \u0219aptea edi\u021bii Alba Iulia Music and Film Festival 2019. P\u0103str\u00e2nd o formul\u0103 ce\" \/>\n<meta name=\"robots\" content=\"index, follow, max-snippet:-1, max-image-preview:large, max-video-preview:-1\" \/>\n<link rel=\"canonical\" href=\"https:\/\/urbeamea.ro\/albaiulia\/31-august-1-septembrie-alba-iulia-music-film-festival-program\/\" \/>\n<meta name=\"twitter:card\" content=\"summary_large_image\" \/>\n<meta name=\"twitter:title\" content=\"31 august- 1 septembrie: Alba Iulia Music &amp; Film Festival- program - Revista Urbea Mea - Revista de Alba\" \/>\n<meta name=\"twitter:description\" content=\"\u00centre 30 august \u0219i 1 septembrie Cetatea Alba Carolina devine gazda celei de-a \u0219aptea edi\u021bii Alba Iulia Music and Film Festival 2019. P\u0103str\u00e2nd o formul\u0103 ce\" \/>\n<meta name=\"twitter:image\" content=\"https:\/\/urbeamea.ro\/albaiulia\/wp-content\/uploads\/2019\/08\/AIMFF_2018-Day1-Marius_Maris-8067.jpg\" \/>\n<meta name=\"twitter:creator\" content=\"@urbeameaweb\" \/>\n<meta name=\"twitter:site\" content=\"@urbeameaweb\" \/>\n<script type=\"application\/ld+json\" class=\"yoast-schema-graph\">{\"@context\":\"https:\\\/\\\/schema.org\",\"@graph\":[{\"@type\":\"Article\",\"@id\":\"https:\\\/\\\/urbeamea.ro\\\/albaiulia\\\/31-august-1-septembrie-alba-iulia-music-film-festival-program\\\/#article\",\"isPartOf\":{\"@id\":\"https:\\\/\\\/urbeamea.ro\\\/albaiulia\\\/31-august-1-septembrie-alba-iulia-music-film-festival-program\\\/\"},\"author\":{\"name\":\"Raluca Krisbai\",\"@id\":\"https:\\\/\\\/urbeamea.ro\\\/albaiulia\\\/#\\\/schema\\\/person\\\/9835621e3cb33b6c1253958b5c5fd38d\"},\"headline\":\"31 august- 1 septembrie: Alba Iulia Music &amp; Film Festival- program\",\"datePublished\":\"2019-08-26T16:48:25+00:00\",\"dateModified\":\"2019-08-26T16:48:28+00:00\",\"mainEntityOfPage\":{\"@id\":\"https:\\\/\\\/urbeamea.ro\\\/albaiulia\\\/31-august-1-septembrie-alba-iulia-music-film-festival-program\\\/\"},\"wordCount\":646,\"commentCount\":0,\"image\":{\"@id\":\"https:\\\/\\\/urbeamea.ro\\\/albaiulia\\\/31-august-1-septembrie-alba-iulia-music-film-festival-program\\\/#primaryimage\"},\"thumbnailUrl\":\"https:\\\/\\\/urbeamea.ro\\\/albaiulia\\\/wp-content\\\/uploads\\\/2019\\\/08\\\/AIMFF_2018-Day1-Marius_Maris-8067.jpg\",\"keywords\":[\"Alba Iulia Music and Film Festival\",\"film festival\",\"music festival\",\"Urbea Mea\"],\"articleSection\":[\"Evenimente\"],\"inLanguage\":\"ro-RO\",\"potentialAction\":[{\"@type\":\"CommentAction\",\"name\":\"Comment\",\"target\":[\"https:\\\/\\\/urbeamea.ro\\\/albaiulia\\\/31-august-1-septembrie-alba-iulia-music-film-festival-program\\\/#respond\"]}]},{\"@type\":\"WebPage\",\"@id\":\"https:\\\/\\\/urbeamea.ro\\\/albaiulia\\\/31-august-1-septembrie-alba-iulia-music-film-festival-program\\\/\",\"url\":\"https:\\\/\\\/urbeamea.ro\\\/albaiulia\\\/31-august-1-septembrie-alba-iulia-music-film-festival-program\\\/\",\"name\":\"31 august- 1 septembrie: Alba Iulia Music &amp; Film Festival- program - Revista Urbea Mea - Revista de Alba\",\"isPartOf\":{\"@id\":\"https:\\\/\\\/urbeamea.ro\\\/albaiulia\\\/#website\"},\"primaryImageOfPage\":{\"@id\":\"https:\\\/\\\/urbeamea.ro\\\/albaiulia\\\/31-august-1-septembrie-alba-iulia-music-film-festival-program\\\/#primaryimage\"},\"image\":{\"@id\":\"https:\\\/\\\/urbeamea.ro\\\/albaiulia\\\/31-august-1-septembrie-alba-iulia-music-film-festival-program\\\/#primaryimage\"},\"thumbnailUrl\":\"https:\\\/\\\/urbeamea.ro\\\/albaiulia\\\/wp-content\\\/uploads\\\/2019\\\/08\\\/AIMFF_2018-Day1-Marius_Maris-8067.jpg\",\"datePublished\":\"2019-08-26T16:48:25+00:00\",\"dateModified\":\"2019-08-26T16:48:28+00:00\",\"author\":{\"@id\":\"https:\\\/\\\/urbeamea.ro\\\/albaiulia\\\/#\\\/schema\\\/person\\\/9835621e3cb33b6c1253958b5c5fd38d\"},\"description\":\"\u00centre 30 august \u0219i 1 septembrie Cetatea Alba Carolina devine gazda celei de-a \u0219aptea edi\u021bii Alba Iulia Music and Film Festival 2019. P\u0103str\u00e2nd o formul\u0103 ce\",\"breadcrumb\":{\"@id\":\"https:\\\/\\\/urbeamea.ro\\\/albaiulia\\\/31-august-1-septembrie-alba-iulia-music-film-festival-program\\\/#breadcrumb\"},\"inLanguage\":\"ro-RO\",\"potentialAction\":[{\"@type\":\"ReadAction\",\"target\":[\"https:\\\/\\\/urbeamea.ro\\\/albaiulia\\\/31-august-1-septembrie-alba-iulia-music-film-festival-program\\\/\"]}]},{\"@type\":\"ImageObject\",\"inLanguage\":\"ro-RO\",\"@id\":\"https:\\\/\\\/urbeamea.ro\\\/albaiulia\\\/31-august-1-septembrie-alba-iulia-music-film-festival-program\\\/#primaryimage\",\"url\":\"https:\\\/\\\/urbeamea.ro\\\/albaiulia\\\/wp-content\\\/uploads\\\/2019\\\/08\\\/AIMFF_2018-Day1-Marius_Maris-8067.jpg\",\"contentUrl\":\"https:\\\/\\\/urbeamea.ro\\\/albaiulia\\\/wp-content\\\/uploads\\\/2019\\\/08\\\/AIMFF_2018-Day1-Marius_Maris-8067.jpg\",\"width\":2048,\"height\":1367},{\"@type\":\"BreadcrumbList\",\"@id\":\"https:\\\/\\\/urbeamea.ro\\\/albaiulia\\\/31-august-1-septembrie-alba-iulia-music-film-festival-program\\\/#breadcrumb\",\"itemListElement\":[{\"@type\":\"ListItem\",\"position\":1,\"name\":\"Prima pagin\u0103\",\"item\":\"https:\\\/\\\/urbeamea.ro\\\/albaiulia\\\/\"},{\"@type\":\"ListItem\",\"position\":2,\"name\":\"31 august- 1 septembrie: Alba Iulia Music &amp; Film Festival- program\"}]},{\"@type\":\"WebSite\",\"@id\":\"https:\\\/\\\/urbeamea.ro\\\/albaiulia\\\/#website\",\"url\":\"https:\\\/\\\/urbeamea.ro\\\/albaiulia\\\/\",\"name\":\"Revista Urbea Mea, Stiri urbane\",\"description\":\"Evenimente \u0219i \u0219tiri din Alba Iulia, Sebe\u0219, Aiud, Blaj\",\"potentialAction\":[{\"@type\":\"SearchAction\",\"target\":{\"@type\":\"EntryPoint\",\"urlTemplate\":\"https:\\\/\\\/urbeamea.ro\\\/albaiulia\\\/?s={search_term_string}\"},\"query-input\":{\"@type\":\"PropertyValueSpecification\",\"valueRequired\":true,\"valueName\":\"search_term_string\"}}],\"inLanguage\":\"ro-RO\"},{\"@type\":\"Person\",\"@id\":\"https:\\\/\\\/urbeamea.ro\\\/albaiulia\\\/#\\\/schema\\\/person\\\/9835621e3cb33b6c1253958b5c5fd38d\",\"name\":\"Raluca Krisbai\",\"image\":{\"@type\":\"ImageObject\",\"inLanguage\":\"ro-RO\",\"@id\":\"https:\\\/\\\/secure.gravatar.com\\\/avatar\\\/90b7a537a346c034a8bf27f74a4a88eb14594327622a99e7c0a816e2a5e7ed5e?s=96&d=mm&r=g\",\"url\":\"https:\\\/\\\/secure.gravatar.com\\\/avatar\\\/90b7a537a346c034a8bf27f74a4a88eb14594327622a99e7c0a816e2a5e7ed5e?s=96&d=mm&r=g\",\"contentUrl\":\"https:\\\/\\\/secure.gravatar.com\\\/avatar\\\/90b7a537a346c034a8bf27f74a4a88eb14594327622a99e7c0a816e2a5e7ed5e?s=96&d=mm&r=g\",\"caption\":\"Raluca Krisbai\"},\"sameAs\":[\"https:\\\/\\\/www.urbeamea.ro\"],\"url\":\"https:\\\/\\\/urbeamea.ro\\\/albaiulia\\\/author\\\/raluca-krisbai\\\/\"}]}<\/script>\n<!-- \/ Yoast SEO plugin. -->","yoast_head_json":{"title":"31 august- 1 septembrie: Alba Iulia Music &amp; Film Festival- program - Revista Urbea Mea - Revista de Alba","description":"\u00centre 30 august \u0219i 1 septembrie Cetatea Alba Carolina devine gazda celei de-a \u0219aptea edi\u021bii Alba Iulia Music and Film Festival 2019. P\u0103str\u00e2nd o formul\u0103 ce","robots":{"index":"index","follow":"follow","max-snippet":"max-snippet:-1","max-image-preview":"max-image-preview:large","max-video-preview":"max-video-preview:-1"},"canonical":"https:\/\/urbeamea.ro\/albaiulia\/31-august-1-septembrie-alba-iulia-music-film-festival-program\/","twitter_card":"summary_large_image","twitter_title":"31 august- 1 septembrie: Alba Iulia Music &amp; Film Festival- program - Revista Urbea Mea - Revista de Alba","twitter_description":"\u00centre 30 august \u0219i 1 septembrie Cetatea Alba Carolina devine gazda celei de-a \u0219aptea edi\u021bii Alba Iulia Music and Film Festival 2019. P\u0103str\u00e2nd o formul\u0103 ce","twitter_image":"https:\/\/urbeamea.ro\/albaiulia\/wp-content\/uploads\/2019\/08\/AIMFF_2018-Day1-Marius_Maris-8067.jpg","twitter_creator":"@urbeameaweb","twitter_site":"@urbeameaweb","schema":{"@context":"https:\/\/schema.org","@graph":[{"@type":"Article","@id":"https:\/\/urbeamea.ro\/albaiulia\/31-august-1-septembrie-alba-iulia-music-film-festival-program\/#article","isPartOf":{"@id":"https:\/\/urbeamea.ro\/albaiulia\/31-august-1-septembrie-alba-iulia-music-film-festival-program\/"},"author":{"name":"Raluca Krisbai","@id":"https:\/\/urbeamea.ro\/albaiulia\/#\/schema\/person\/9835621e3cb33b6c1253958b5c5fd38d"},"headline":"31 august- 1 septembrie: Alba Iulia Music &amp; Film Festival- program","datePublished":"2019-08-26T16:48:25+00:00","dateModified":"2019-08-26T16:48:28+00:00","mainEntityOfPage":{"@id":"https:\/\/urbeamea.ro\/albaiulia\/31-august-1-septembrie-alba-iulia-music-film-festival-program\/"},"wordCount":646,"commentCount":0,"image":{"@id":"https:\/\/urbeamea.ro\/albaiulia\/31-august-1-septembrie-alba-iulia-music-film-festival-program\/#primaryimage"},"thumbnailUrl":"https:\/\/urbeamea.ro\/albaiulia\/wp-content\/uploads\/2019\/08\/AIMFF_2018-Day1-Marius_Maris-8067.jpg","keywords":["Alba Iulia Music and Film Festival","film festival","music festival","Urbea Mea"],"articleSection":["Evenimente"],"inLanguage":"ro-RO","potentialAction":[{"@type":"CommentAction","name":"Comment","target":["https:\/\/urbeamea.ro\/albaiulia\/31-august-1-septembrie-alba-iulia-music-film-festival-program\/#respond"]}]},{"@type":"WebPage","@id":"https:\/\/urbeamea.ro\/albaiulia\/31-august-1-septembrie-alba-iulia-music-film-festival-program\/","url":"https:\/\/urbeamea.ro\/albaiulia\/31-august-1-septembrie-alba-iulia-music-film-festival-program\/","name":"31 august- 1 septembrie: Alba Iulia Music &amp; Film Festival- program - Revista Urbea Mea - Revista de Alba","isPartOf":{"@id":"https:\/\/urbeamea.ro\/albaiulia\/#website"},"primaryImageOfPage":{"@id":"https:\/\/urbeamea.ro\/albaiulia\/31-august-1-septembrie-alba-iulia-music-film-festival-program\/#primaryimage"},"image":{"@id":"https:\/\/urbeamea.ro\/albaiulia\/31-august-1-septembrie-alba-iulia-music-film-festival-program\/#primaryimage"},"thumbnailUrl":"https:\/\/urbeamea.ro\/albaiulia\/wp-content\/uploads\/2019\/08\/AIMFF_2018-Day1-Marius_Maris-8067.jpg","datePublished":"2019-08-26T16:48:25+00:00","dateModified":"2019-08-26T16:48:28+00:00","author":{"@id":"https:\/\/urbeamea.ro\/albaiulia\/#\/schema\/person\/9835621e3cb33b6c1253958b5c5fd38d"},"description":"\u00centre 30 august \u0219i 1 septembrie Cetatea Alba Carolina devine gazda celei de-a \u0219aptea edi\u021bii Alba Iulia Music and Film Festival 2019. P\u0103str\u00e2nd o formul\u0103 ce","breadcrumb":{"@id":"https:\/\/urbeamea.ro\/albaiulia\/31-august-1-septembrie-alba-iulia-music-film-festival-program\/#breadcrumb"},"inLanguage":"ro-RO","potentialAction":[{"@type":"ReadAction","target":["https:\/\/urbeamea.ro\/albaiulia\/31-august-1-septembrie-alba-iulia-music-film-festival-program\/"]}]},{"@type":"ImageObject","inLanguage":"ro-RO","@id":"https:\/\/urbeamea.ro\/albaiulia\/31-august-1-septembrie-alba-iulia-music-film-festival-program\/#primaryimage","url":"https:\/\/urbeamea.ro\/albaiulia\/wp-content\/uploads\/2019\/08\/AIMFF_2018-Day1-Marius_Maris-8067.jpg","contentUrl":"https:\/\/urbeamea.ro\/albaiulia\/wp-content\/uploads\/2019\/08\/AIMFF_2018-Day1-Marius_Maris-8067.jpg","width":2048,"height":1367},{"@type":"BreadcrumbList","@id":"https:\/\/urbeamea.ro\/albaiulia\/31-august-1-septembrie-alba-iulia-music-film-festival-program\/#breadcrumb","itemListElement":[{"@type":"ListItem","position":1,"name":"Prima pagin\u0103","item":"https:\/\/urbeamea.ro\/albaiulia\/"},{"@type":"ListItem","position":2,"name":"31 august- 1 septembrie: Alba Iulia Music &amp; Film Festival- program"}]},{"@type":"WebSite","@id":"https:\/\/urbeamea.ro\/albaiulia\/#website","url":"https:\/\/urbeamea.ro\/albaiulia\/","name":"Revista Urbea Mea, Stiri urbane","description":"Evenimente \u0219i \u0219tiri din Alba Iulia, Sebe\u0219, Aiud, Blaj","potentialAction":[{"@type":"SearchAction","target":{"@type":"EntryPoint","urlTemplate":"https:\/\/urbeamea.ro\/albaiulia\/?s={search_term_string}"},"query-input":{"@type":"PropertyValueSpecification","valueRequired":true,"valueName":"search_term_string"}}],"inLanguage":"ro-RO"},{"@type":"Person","@id":"https:\/\/urbeamea.ro\/albaiulia\/#\/schema\/person\/9835621e3cb33b6c1253958b5c5fd38d","name":"Raluca Krisbai","image":{"@type":"ImageObject","inLanguage":"ro-RO","@id":"https:\/\/secure.gravatar.com\/avatar\/90b7a537a346c034a8bf27f74a4a88eb14594327622a99e7c0a816e2a5e7ed5e?s=96&d=mm&r=g","url":"https:\/\/secure.gravatar.com\/avatar\/90b7a537a346c034a8bf27f74a4a88eb14594327622a99e7c0a816e2a5e7ed5e?s=96&d=mm&r=g","contentUrl":"https:\/\/secure.gravatar.com\/avatar\/90b7a537a346c034a8bf27f74a4a88eb14594327622a99e7c0a816e2a5e7ed5e?s=96&d=mm&r=g","caption":"Raluca Krisbai"},"sameAs":["https:\/\/www.urbeamea.ro"],"url":"https:\/\/urbeamea.ro\/albaiulia\/author\/raluca-krisbai\/"}]}},"_links":{"self":[{"href":"https:\/\/urbeamea.ro\/albaiulia\/wp-json\/wp\/v2\/posts\/81863","targetHints":{"allow":["GET"]}}],"collection":[{"href":"https:\/\/urbeamea.ro\/albaiulia\/wp-json\/wp\/v2\/posts"}],"about":[{"href":"https:\/\/urbeamea.ro\/albaiulia\/wp-json\/wp\/v2\/types\/post"}],"author":[{"embeddable":true,"href":"https:\/\/urbeamea.ro\/albaiulia\/wp-json\/wp\/v2\/users\/26"}],"replies":[{"embeddable":true,"href":"https:\/\/urbeamea.ro\/albaiulia\/wp-json\/wp\/v2\/comments?post=81863"}],"version-history":[{"count":0,"href":"https:\/\/urbeamea.ro\/albaiulia\/wp-json\/wp\/v2\/posts\/81863\/revisions"}],"wp:featuredmedia":[{"embeddable":true,"href":"https:\/\/urbeamea.ro\/albaiulia\/wp-json\/wp\/v2\/media\/81869"}],"wp:attachment":[{"href":"https:\/\/urbeamea.ro\/albaiulia\/wp-json\/wp\/v2\/media?parent=81863"}],"wp:term":[{"taxonomy":"category","embeddable":true,"href":"https:\/\/urbeamea.ro\/albaiulia\/wp-json\/wp\/v2\/categories?post=81863"},{"taxonomy":"post_tag","embeddable":true,"href":"https:\/\/urbeamea.ro\/albaiulia\/wp-json\/wp\/v2\/tags?post=81863"}],"curies":[{"name":"wp","href":"https:\/\/api.w.org\/{rel}","templated":true}]}}