{"id":81901,"date":"2019-08-29T16:30:44","date_gmt":"2019-08-29T13:30:44","guid":{"rendered":"https:\/\/urbeamea.ro\/albaiulia\/?p=81901"},"modified":"2019-08-29T16:30:47","modified_gmt":"2019-08-29T13:30:47","slug":"joi-29-august-razbunarea-femeilor-premiera-cu-skepsis","status":"publish","type":"post","link":"https:\/\/urbeamea.ro\/albaiulia\/joi-29-august-razbunarea-femeilor-premiera-cu-skepsis\/","title":{"rendered":"Joi, 29 august: \u201cR\u0103zbunarea Femeilor\u201d- Premier\u0103 cu Skepsis!"},"content":{"rendered":"\n<h4 class=\"wp-block-heading\">Programul de spectacole de var\u0103 propus de Grupul Skepsis continu\u0103 cu\nspectacolul \u201cR\u0103zbunarea Femeilor\u201d!<\/h4>\n\n\n\n<p><strong>Joi, 29.08.2019, ora 19.30,\nla Poarta a IV-a a Cet\u0103\u0163ii, v\u0103 invit\u0103m la premiera spectacolului \u201cR\u0103zbunarea femeilor\u201d\n\u2013 un spectacol Commedia dell Arte prezentat \u00eentr-o re\u0163et\u0103 cu Skepsis. <\/strong><\/p>\n\n\n\n<p>Vom re\u00eent\u00e2lni c\u00e2teva dintre\npersonajele principale ale genului, prinse \u00een i\u0163ele complicate ale unei noi\nintrigi. Pantalone, b\u0103tr\u00e2nul bogat \u015fi avar are o problem\u0103 dificil\u0103 de rezolvat\na\u015fa c\u0103 nu eyit\u0103 s\u0103 ticluiasc\u0103 un plan profitabil, chiar dac\u0103 asta \u00eenseamn\u0103 s\u0103\nsacrifice fericirea fiicei sale pentru a reu\u015fi. Un C\u0103pitan celebru se afl\u0103 prin\npreajm\u0103, gata s\u0103 intervin\u0103. De partea dragostei lupt\u0103 \u00eens\u0103 femeile, care sunt\ngata s\u0103 regleze \u015fi c\u00e2teva conturi mai vechi r\u0103mase neachitate.<\/p>\n\n\n\n<blockquote class=\"wp-block-quote is-layout-flow wp-block-quote-is-layout-flow\"><p>V\u0103 a\u015fteptam cu drag la o premier\u0103 vesel\u0103 cu Skepsis, un spectacol cu pasaje musicale originale, marcat de un ritm sus\u0163inut, cu replici t\u0103ioase \u015fi aluzii subtile \u015fi cu mult\u0103 voie bun\u0103!<\/p><cite>Viorel Cioflic\u0103<\/cite><\/blockquote>\n\n\n\n<p>\u00cen cazul vremii nefavorabile, spectacolul va fi reprogramat.<\/p>\n\n\n\n<p>Spectacolul este prezentat \u00een cadrul proiectului <em><strong>Stagiunea cu Skepsis 2019<\/strong><\/em> \u2013 un proiect care urm\u0103re\u015fte implicarea tineretului \u00een diversificarea ofertei cultural-artistice a ora\u015fului \u015fi participarea civic\u0103 la via\u0163a sociocultural\u0103. Prin acest proiect Grupul Skepsis dezvolt\u0103 colabor\u0103ri artistice cu arti\u015fti din \u0163ar\u0103 \u015fi din str\u0103in\u0103tate, preg\u0103te\u015fte \u015fi ofer\u0103 \u00een mod riguros \u015fi sistematic publicului albaiulian spectacole de teatru \u015fi divertisment pe \u00eentreg parcursul anului.<\/p>\n\n\n\n<p><strong>Parteneri:<\/strong> Prim\u0103ria\nMunicipiului Alba Iulia; Casa de Cultur\u0103 a Studen\u0163ilor Alba Iulia; Funda\u0163ia\n\u201cInter-Art\u201d Aiud; Muzeul Na\u0163ional al Unirii Alba Iulia; <\/p>\n","protected":false},"excerpt":{"rendered":"<p>Programul de spectacole de var\u0103 propus de Grupul Skepsis continu\u0103 cu spectacolul \u201cR\u0103zbunarea Femeilor\u201d! Joi, 29.08.2019, ora 19.30, la Poarta a IV-a a Cet\u0103\u0163ii, v\u0103 invit\u0103m la premiera spectacolului \u201cR\u0103zbunarea femeilor\u201d \u2013 un spectacol Commedia dell Arte prezentat \u00eentr-o re\u0163et\u0103 cu Skepsis. Vom re\u00eent\u00e2lni c\u00e2teva dintre personajele principale ale genului, prinse \u00een i\u0163ele complicate ale &hellip;<\/p>\n","protected":false},"author":5,"featured_media":81902,"comment_status":"open","ping_status":"open","sticky":false,"template":"","format":"standard","meta":{"inline_featured_image":false,"footnotes":""},"categories":[4],"tags":[],"class_list":["post-81901","post","type-post","status-publish","format-standard","has-post-thumbnail","hentry","category-eveniment"],"yoast_head":"<!-- This site is optimized with the Yoast SEO plugin v27.4 - https:\/\/yoast.com\/product\/yoast-seo-wordpress\/ -->\n<title>Joi, 29 august: \u201cR\u0103zbunarea Femeilor\u201d- Premier\u0103 cu Skepsis! - Revista Urbea Mea - Revista de Alba<\/title>\n<meta name=\"description\" content=\"Programul de spectacole de var\u0103 propus de Grupul Skepsis continu\u0103 cu spectacolul \u201cR\u0103zbunarea Femeilor\u201d! Joi, 29.08.2019, ora 19.30, la Poarta a IV-a a\" \/>\n<meta name=\"robots\" content=\"index, follow, max-snippet:-1, max-image-preview:large, max-video-preview:-1\" \/>\n<link rel=\"canonical\" href=\"https:\/\/urbeamea.ro\/albaiulia\/joi-29-august-razbunarea-femeilor-premiera-cu-skepsis\/\" \/>\n<meta name=\"twitter:card\" content=\"summary_large_image\" \/>\n<meta name=\"twitter:title\" content=\"Joi, 29 august: \u201cR\u0103zbunarea Femeilor\u201d- Premier\u0103 cu Skepsis! - Revista Urbea Mea - Revista de Alba\" \/>\n<meta name=\"twitter:description\" content=\"Programul de spectacole de var\u0103 propus de Grupul Skepsis continu\u0103 cu spectacolul \u201cR\u0103zbunarea Femeilor\u201d! Joi, 29.08.2019, ora 19.30, la Poarta a IV-a a\" \/>\n<meta name=\"twitter:image\" content=\"https:\/\/urbeamea.ro\/albaiulia\/wp-content\/uploads\/2019\/08\/skepsis.jpg\" \/>\n<meta name=\"twitter:creator\" content=\"@urbeameaweb\" \/>\n<meta name=\"twitter:site\" content=\"@urbeameaweb\" \/>\n<script type=\"application\/ld+json\" class=\"yoast-schema-graph\">{\"@context\":\"https:\\\/\\\/schema.org\",\"@graph\":[{\"@type\":\"Article\",\"@id\":\"https:\\\/\\\/urbeamea.ro\\\/albaiulia\\\/joi-29-august-razbunarea-femeilor-premiera-cu-skepsis\\\/#article\",\"isPartOf\":{\"@id\":\"https:\\\/\\\/urbeamea.ro\\\/albaiulia\\\/joi-29-august-razbunarea-femeilor-premiera-cu-skepsis\\\/\"},\"author\":{\"name\":\"Bogdan P\u0103unescu\",\"@id\":\"https:\\\/\\\/urbeamea.ro\\\/albaiulia\\\/#\\\/schema\\\/person\\\/a115373ce8153754c6b084232d985956\"},\"headline\":\"Joi, 29 august: \u201cR\u0103zbunarea Femeilor\u201d- Premier\u0103 cu Skepsis!\",\"datePublished\":\"2019-08-29T13:30:44+00:00\",\"dateModified\":\"2019-08-29T13:30:47+00:00\",\"mainEntityOfPage\":{\"@id\":\"https:\\\/\\\/urbeamea.ro\\\/albaiulia\\\/joi-29-august-razbunarea-femeilor-premiera-cu-skepsis\\\/\"},\"wordCount\":281,\"commentCount\":0,\"image\":{\"@id\":\"https:\\\/\\\/urbeamea.ro\\\/albaiulia\\\/joi-29-august-razbunarea-femeilor-premiera-cu-skepsis\\\/#primaryimage\"},\"thumbnailUrl\":\"https:\\\/\\\/urbeamea.ro\\\/albaiulia\\\/wp-content\\\/uploads\\\/2019\\\/08\\\/skepsis.jpg\",\"articleSection\":[\"Evenimente\"],\"inLanguage\":\"ro-RO\",\"potentialAction\":[{\"@type\":\"CommentAction\",\"name\":\"Comment\",\"target\":[\"https:\\\/\\\/urbeamea.ro\\\/albaiulia\\\/joi-29-august-razbunarea-femeilor-premiera-cu-skepsis\\\/#respond\"]}]},{\"@type\":\"WebPage\",\"@id\":\"https:\\\/\\\/urbeamea.ro\\\/albaiulia\\\/joi-29-august-razbunarea-femeilor-premiera-cu-skepsis\\\/\",\"url\":\"https:\\\/\\\/urbeamea.ro\\\/albaiulia\\\/joi-29-august-razbunarea-femeilor-premiera-cu-skepsis\\\/\",\"name\":\"Joi, 29 august: \u201cR\u0103zbunarea Femeilor\u201d- Premier\u0103 cu Skepsis! - Revista Urbea Mea - Revista de Alba\",\"isPartOf\":{\"@id\":\"https:\\\/\\\/urbeamea.ro\\\/albaiulia\\\/#website\"},\"primaryImageOfPage\":{\"@id\":\"https:\\\/\\\/urbeamea.ro\\\/albaiulia\\\/joi-29-august-razbunarea-femeilor-premiera-cu-skepsis\\\/#primaryimage\"},\"image\":{\"@id\":\"https:\\\/\\\/urbeamea.ro\\\/albaiulia\\\/joi-29-august-razbunarea-femeilor-premiera-cu-skepsis\\\/#primaryimage\"},\"thumbnailUrl\":\"https:\\\/\\\/urbeamea.ro\\\/albaiulia\\\/wp-content\\\/uploads\\\/2019\\\/08\\\/skepsis.jpg\",\"datePublished\":\"2019-08-29T13:30:44+00:00\",\"dateModified\":\"2019-08-29T13:30:47+00:00\",\"author\":{\"@id\":\"https:\\\/\\\/urbeamea.ro\\\/albaiulia\\\/#\\\/schema\\\/person\\\/a115373ce8153754c6b084232d985956\"},\"description\":\"Programul de spectacole de var\u0103 propus de Grupul Skepsis continu\u0103 cu spectacolul \u201cR\u0103zbunarea Femeilor\u201d! Joi, 29.08.2019, ora 19.30, la Poarta a IV-a a\",\"breadcrumb\":{\"@id\":\"https:\\\/\\\/urbeamea.ro\\\/albaiulia\\\/joi-29-august-razbunarea-femeilor-premiera-cu-skepsis\\\/#breadcrumb\"},\"inLanguage\":\"ro-RO\",\"potentialAction\":[{\"@type\":\"ReadAction\",\"target\":[\"https:\\\/\\\/urbeamea.ro\\\/albaiulia\\\/joi-29-august-razbunarea-femeilor-premiera-cu-skepsis\\\/\"]}]},{\"@type\":\"ImageObject\",\"inLanguage\":\"ro-RO\",\"@id\":\"https:\\\/\\\/urbeamea.ro\\\/albaiulia\\\/joi-29-august-razbunarea-femeilor-premiera-cu-skepsis\\\/#primaryimage\",\"url\":\"https:\\\/\\\/urbeamea.ro\\\/albaiulia\\\/wp-content\\\/uploads\\\/2019\\\/08\\\/skepsis.jpg\",\"contentUrl\":\"https:\\\/\\\/urbeamea.ro\\\/albaiulia\\\/wp-content\\\/uploads\\\/2019\\\/08\\\/skepsis.jpg\",\"width\":1500,\"height\":1000},{\"@type\":\"BreadcrumbList\",\"@id\":\"https:\\\/\\\/urbeamea.ro\\\/albaiulia\\\/joi-29-august-razbunarea-femeilor-premiera-cu-skepsis\\\/#breadcrumb\",\"itemListElement\":[{\"@type\":\"ListItem\",\"position\":1,\"name\":\"Prima pagin\u0103\",\"item\":\"https:\\\/\\\/urbeamea.ro\\\/albaiulia\\\/\"},{\"@type\":\"ListItem\",\"position\":2,\"name\":\"Joi, 29 august: \u201cR\u0103zbunarea Femeilor\u201d- Premier\u0103 cu Skepsis!\"}]},{\"@type\":\"WebSite\",\"@id\":\"https:\\\/\\\/urbeamea.ro\\\/albaiulia\\\/#website\",\"url\":\"https:\\\/\\\/urbeamea.ro\\\/albaiulia\\\/\",\"name\":\"Revista Urbea Mea, Stiri urbane\",\"description\":\"Evenimente \u0219i \u0219tiri din Alba Iulia, Sebe\u0219, Aiud, Blaj\",\"potentialAction\":[{\"@type\":\"SearchAction\",\"target\":{\"@type\":\"EntryPoint\",\"urlTemplate\":\"https:\\\/\\\/urbeamea.ro\\\/albaiulia\\\/?s={search_term_string}\"},\"query-input\":{\"@type\":\"PropertyValueSpecification\",\"valueRequired\":true,\"valueName\":\"search_term_string\"}}],\"inLanguage\":\"ro-RO\"},{\"@type\":\"Person\",\"@id\":\"https:\\\/\\\/urbeamea.ro\\\/albaiulia\\\/#\\\/schema\\\/person\\\/a115373ce8153754c6b084232d985956\",\"name\":\"Bogdan P\u0103unescu\",\"image\":{\"@type\":\"ImageObject\",\"inLanguage\":\"ro-RO\",\"@id\":\"https:\\\/\\\/secure.gravatar.com\\\/avatar\\\/f72aa881b5a32ea110a53aabc2049429e3ff68fcb09d283722d01fbf330e9dd9?s=96&d=mm&r=g\",\"url\":\"https:\\\/\\\/secure.gravatar.com\\\/avatar\\\/f72aa881b5a32ea110a53aabc2049429e3ff68fcb09d283722d01fbf330e9dd9?s=96&d=mm&r=g\",\"contentUrl\":\"https:\\\/\\\/secure.gravatar.com\\\/avatar\\\/f72aa881b5a32ea110a53aabc2049429e3ff68fcb09d283722d01fbf330e9dd9?s=96&d=mm&r=g\",\"caption\":\"Bogdan P\u0103unescu\"},\"description\":\"\u00cemi place tot ceea ce este legat de web \u015fi ajut la dezvoltarea \u015fi \u00eembun\u0103t\u0103\u0163irea lui prin tot ceea ce fac.\",\"sameAs\":[\"https:\\\/\\\/www.artonmedia.ro\",\"https:\\\/\\\/www.facebook.com\\\/bogdanvpaunescu\"],\"url\":\"https:\\\/\\\/urbeamea.ro\\\/albaiulia\\\/author\\\/bogdan-paunescu\\\/\"}]}<\/script>\n<!-- \/ Yoast SEO plugin. -->","yoast_head_json":{"title":"Joi, 29 august: \u201cR\u0103zbunarea Femeilor\u201d- Premier\u0103 cu Skepsis! - Revista Urbea Mea - Revista de Alba","description":"Programul de spectacole de var\u0103 propus de Grupul Skepsis continu\u0103 cu spectacolul \u201cR\u0103zbunarea Femeilor\u201d! Joi, 29.08.2019, ora 19.30, la Poarta a IV-a a","robots":{"index":"index","follow":"follow","max-snippet":"max-snippet:-1","max-image-preview":"max-image-preview:large","max-video-preview":"max-video-preview:-1"},"canonical":"https:\/\/urbeamea.ro\/albaiulia\/joi-29-august-razbunarea-femeilor-premiera-cu-skepsis\/","twitter_card":"summary_large_image","twitter_title":"Joi, 29 august: \u201cR\u0103zbunarea Femeilor\u201d- Premier\u0103 cu Skepsis! - Revista Urbea Mea - Revista de Alba","twitter_description":"Programul de spectacole de var\u0103 propus de Grupul Skepsis continu\u0103 cu spectacolul \u201cR\u0103zbunarea Femeilor\u201d! Joi, 29.08.2019, ora 19.30, la Poarta a IV-a a","twitter_image":"https:\/\/urbeamea.ro\/albaiulia\/wp-content\/uploads\/2019\/08\/skepsis.jpg","twitter_creator":"@urbeameaweb","twitter_site":"@urbeameaweb","schema":{"@context":"https:\/\/schema.org","@graph":[{"@type":"Article","@id":"https:\/\/urbeamea.ro\/albaiulia\/joi-29-august-razbunarea-femeilor-premiera-cu-skepsis\/#article","isPartOf":{"@id":"https:\/\/urbeamea.ro\/albaiulia\/joi-29-august-razbunarea-femeilor-premiera-cu-skepsis\/"},"author":{"name":"Bogdan P\u0103unescu","@id":"https:\/\/urbeamea.ro\/albaiulia\/#\/schema\/person\/a115373ce8153754c6b084232d985956"},"headline":"Joi, 29 august: \u201cR\u0103zbunarea Femeilor\u201d- Premier\u0103 cu Skepsis!","datePublished":"2019-08-29T13:30:44+00:00","dateModified":"2019-08-29T13:30:47+00:00","mainEntityOfPage":{"@id":"https:\/\/urbeamea.ro\/albaiulia\/joi-29-august-razbunarea-femeilor-premiera-cu-skepsis\/"},"wordCount":281,"commentCount":0,"image":{"@id":"https:\/\/urbeamea.ro\/albaiulia\/joi-29-august-razbunarea-femeilor-premiera-cu-skepsis\/#primaryimage"},"thumbnailUrl":"https:\/\/urbeamea.ro\/albaiulia\/wp-content\/uploads\/2019\/08\/skepsis.jpg","articleSection":["Evenimente"],"inLanguage":"ro-RO","potentialAction":[{"@type":"CommentAction","name":"Comment","target":["https:\/\/urbeamea.ro\/albaiulia\/joi-29-august-razbunarea-femeilor-premiera-cu-skepsis\/#respond"]}]},{"@type":"WebPage","@id":"https:\/\/urbeamea.ro\/albaiulia\/joi-29-august-razbunarea-femeilor-premiera-cu-skepsis\/","url":"https:\/\/urbeamea.ro\/albaiulia\/joi-29-august-razbunarea-femeilor-premiera-cu-skepsis\/","name":"Joi, 29 august: \u201cR\u0103zbunarea Femeilor\u201d- Premier\u0103 cu Skepsis! - Revista Urbea Mea - Revista de Alba","isPartOf":{"@id":"https:\/\/urbeamea.ro\/albaiulia\/#website"},"primaryImageOfPage":{"@id":"https:\/\/urbeamea.ro\/albaiulia\/joi-29-august-razbunarea-femeilor-premiera-cu-skepsis\/#primaryimage"},"image":{"@id":"https:\/\/urbeamea.ro\/albaiulia\/joi-29-august-razbunarea-femeilor-premiera-cu-skepsis\/#primaryimage"},"thumbnailUrl":"https:\/\/urbeamea.ro\/albaiulia\/wp-content\/uploads\/2019\/08\/skepsis.jpg","datePublished":"2019-08-29T13:30:44+00:00","dateModified":"2019-08-29T13:30:47+00:00","author":{"@id":"https:\/\/urbeamea.ro\/albaiulia\/#\/schema\/person\/a115373ce8153754c6b084232d985956"},"description":"Programul de spectacole de var\u0103 propus de Grupul Skepsis continu\u0103 cu spectacolul \u201cR\u0103zbunarea Femeilor\u201d! Joi, 29.08.2019, ora 19.30, la Poarta a IV-a a","breadcrumb":{"@id":"https:\/\/urbeamea.ro\/albaiulia\/joi-29-august-razbunarea-femeilor-premiera-cu-skepsis\/#breadcrumb"},"inLanguage":"ro-RO","potentialAction":[{"@type":"ReadAction","target":["https:\/\/urbeamea.ro\/albaiulia\/joi-29-august-razbunarea-femeilor-premiera-cu-skepsis\/"]}]},{"@type":"ImageObject","inLanguage":"ro-RO","@id":"https:\/\/urbeamea.ro\/albaiulia\/joi-29-august-razbunarea-femeilor-premiera-cu-skepsis\/#primaryimage","url":"https:\/\/urbeamea.ro\/albaiulia\/wp-content\/uploads\/2019\/08\/skepsis.jpg","contentUrl":"https:\/\/urbeamea.ro\/albaiulia\/wp-content\/uploads\/2019\/08\/skepsis.jpg","width":1500,"height":1000},{"@type":"BreadcrumbList","@id":"https:\/\/urbeamea.ro\/albaiulia\/joi-29-august-razbunarea-femeilor-premiera-cu-skepsis\/#breadcrumb","itemListElement":[{"@type":"ListItem","position":1,"name":"Prima pagin\u0103","item":"https:\/\/urbeamea.ro\/albaiulia\/"},{"@type":"ListItem","position":2,"name":"Joi, 29 august: \u201cR\u0103zbunarea Femeilor\u201d- Premier\u0103 cu Skepsis!"}]},{"@type":"WebSite","@id":"https:\/\/urbeamea.ro\/albaiulia\/#website","url":"https:\/\/urbeamea.ro\/albaiulia\/","name":"Revista Urbea Mea, Stiri urbane","description":"Evenimente \u0219i \u0219tiri din Alba Iulia, Sebe\u0219, Aiud, Blaj","potentialAction":[{"@type":"SearchAction","target":{"@type":"EntryPoint","urlTemplate":"https:\/\/urbeamea.ro\/albaiulia\/?s={search_term_string}"},"query-input":{"@type":"PropertyValueSpecification","valueRequired":true,"valueName":"search_term_string"}}],"inLanguage":"ro-RO"},{"@type":"Person","@id":"https:\/\/urbeamea.ro\/albaiulia\/#\/schema\/person\/a115373ce8153754c6b084232d985956","name":"Bogdan P\u0103unescu","image":{"@type":"ImageObject","inLanguage":"ro-RO","@id":"https:\/\/secure.gravatar.com\/avatar\/f72aa881b5a32ea110a53aabc2049429e3ff68fcb09d283722d01fbf330e9dd9?s=96&d=mm&r=g","url":"https:\/\/secure.gravatar.com\/avatar\/f72aa881b5a32ea110a53aabc2049429e3ff68fcb09d283722d01fbf330e9dd9?s=96&d=mm&r=g","contentUrl":"https:\/\/secure.gravatar.com\/avatar\/f72aa881b5a32ea110a53aabc2049429e3ff68fcb09d283722d01fbf330e9dd9?s=96&d=mm&r=g","caption":"Bogdan P\u0103unescu"},"description":"\u00cemi place tot ceea ce este legat de web \u015fi ajut la dezvoltarea \u015fi \u00eembun\u0103t\u0103\u0163irea lui prin tot ceea ce fac.","sameAs":["https:\/\/www.artonmedia.ro","https:\/\/www.facebook.com\/bogdanvpaunescu"],"url":"https:\/\/urbeamea.ro\/albaiulia\/author\/bogdan-paunescu\/"}]}},"_links":{"self":[{"href":"https:\/\/urbeamea.ro\/albaiulia\/wp-json\/wp\/v2\/posts\/81901","targetHints":{"allow":["GET"]}}],"collection":[{"href":"https:\/\/urbeamea.ro\/albaiulia\/wp-json\/wp\/v2\/posts"}],"about":[{"href":"https:\/\/urbeamea.ro\/albaiulia\/wp-json\/wp\/v2\/types\/post"}],"author":[{"embeddable":true,"href":"https:\/\/urbeamea.ro\/albaiulia\/wp-json\/wp\/v2\/users\/5"}],"replies":[{"embeddable":true,"href":"https:\/\/urbeamea.ro\/albaiulia\/wp-json\/wp\/v2\/comments?post=81901"}],"version-history":[{"count":0,"href":"https:\/\/urbeamea.ro\/albaiulia\/wp-json\/wp\/v2\/posts\/81901\/revisions"}],"wp:featuredmedia":[{"embeddable":true,"href":"https:\/\/urbeamea.ro\/albaiulia\/wp-json\/wp\/v2\/media\/81902"}],"wp:attachment":[{"href":"https:\/\/urbeamea.ro\/albaiulia\/wp-json\/wp\/v2\/media?parent=81901"}],"wp:term":[{"taxonomy":"category","embeddable":true,"href":"https:\/\/urbeamea.ro\/albaiulia\/wp-json\/wp\/v2\/categories?post=81901"},{"taxonomy":"post_tag","embeddable":true,"href":"https:\/\/urbeamea.ro\/albaiulia\/wp-json\/wp\/v2\/tags?post=81901"}],"curies":[{"name":"wp","href":"https:\/\/api.w.org\/{rel}","templated":true}]}}