{"id":81905,"date":"2019-08-30T11:57:35","date_gmt":"2019-08-30T08:57:35","guid":{"rendered":"https:\/\/urbeamea.ro\/albaiulia\/?p=81905"},"modified":"2019-08-30T11:58:30","modified_gmt":"2019-08-30T08:58:30","slug":"31-august-horatiu-malaele-sunt-un-orb","status":"publish","type":"post","link":"https:\/\/urbeamea.ro\/albaiulia\/31-august-horatiu-malaele-sunt-un-orb\/","title":{"rendered":"31 august: Hora\u021biu M\u0103l\u0103ele- Sunt un orb"},"content":{"rendered":"\n<p><strong>Casa de Cultura a Sindicatelor Alba Iulia \u00eel prezint\u0103 \u00een acest sf\u00e2r\u0219it de s\u0103pt\u0103m\u00e2n\u0103 pe maestrul Hora\u021biu M\u0103l\u0103ele cu spectacolul  \u201cSUNT UN ORB\u201d .<\/strong><\/p>\n\n\n\n<p>  Spectacolul \u201cSUNT UN ORB\u201d s-a n\u0103scut din nevoia lui M\u0103l\u0103ele de a comunica poeziile pe care le-a memorat p\u00e2n\u0103 acum. Recitalul este compus dintr-o pleiada de poezii, \u00een care M\u0103l\u0103ele vorbe\u0219te de dragoste animalier\u0103, pictural\u0103, de mam\u0103, de partid,  prin versurile lui Nichita St\u0103nescu, Teodor Paca, George Top\u00e2rceanu, Emil Brumaru, Mircea Micu, George Tarnea, Geo Dumitrescu, Nazim Hicmet sau Adrian P\u0103unescu.  El trece de la sinceritatea iubirii din \u201cUria\u0219ul\u201d la revolta din \u201cUn actor destul de fad\u201d. Poveste\u0219te ca \u201cAndromoaca mulge vaca, vaca linge Andromaca\u201d dar i\u0219i \u0219i \u2018c\u00e2nta iubita\u2019 \u00een \u201cDe mult negru\u201d. I\u021bi cutremur\u0103 carnea c\u00e2nd vorbe\u0219te despre parin\u021bii care \u201d ba n-aud, ba nu v\u0103d, ba fac pa\u0219ii prea mici\u201d  \u0219i r\u00e2zi cu poft\u0103 c\u00e2nd afli cine e boul care iubea pe Luminita. <\/p>\n\n\n\n<figure class=\"wp-block-image\"><img loading=\"lazy\" decoding=\"async\" width=\"815\" height=\"500\" src=\"https:\/\/urbeamea.ro\/albaiulia\/wp-content\/uploads\/2019\/08\/horatiu.malaele.jpg\" alt=\"\" class=\"wp-image-81908\" srcset=\"https:\/\/urbeamea.ro\/albaiulia\/wp-content\/uploads\/2019\/08\/horatiu.malaele.jpg 815w, https:\/\/urbeamea.ro\/albaiulia\/wp-content\/uploads\/2019\/08\/horatiu.malaele-150x92.jpg 150w, https:\/\/urbeamea.ro\/albaiulia\/wp-content\/uploads\/2019\/08\/horatiu.malaele-640x393.jpg 640w, https:\/\/urbeamea.ro\/albaiulia\/wp-content\/uploads\/2019\/08\/horatiu.malaele-768x471.jpg 768w\" sizes=\"auto, (max-width: 815px) 100vw, 815px\" \/><figcaption>Hora\u021biu M\u0103l\u0103ele<\/figcaption><\/figure>\n\n\n\n<blockquote class=\"wp-block-quote is-layout-flow wp-block-quote-is-layout-flow\"><p> \u201eDe poe\u0163ii pe care \u00eei recit \u00een acest spectacol m\u0103 leag\u0103 bucuria de a-i fi cunoscut, pe unii personal, pe al\u0163ii din c\u0103r\u0163ile bibliotecilor mele. Cu unii dintre ei am legat chiar o prietenie, cum este Emil Brumaru. El a fost un bun prieten. \u015ei cu Nichita St\u0103nescu am fost un bun prieten \u00een copil\u0103ria mea teatral\u0103 \u015fi \u00een maturitatea lui artistic\u0103. El a murit prea timpuriu. L-am cunoscut bine \u015fi a fost un privilegiu pe care mi l-a oferit via\u0163a. L-am cunoscut, mai apoi, pe George Tarnea. Nu sunt m\u00e2ndru de lucrurile astea, dar a\u015fa le-a aranjat Dumnezeu\u201d Hora\u021biu M\u0103l\u0103ele<\/p><\/blockquote>\n\n\n\n<p> <strong>Spectacolul va avea loc \u00een 31 august, de la ora 19.00, la Casa de Cltur\u0103 a Sindicatelor din Alba Iulia. Pre\u021bul unui bilet este de 60 lei. Bilete se pot achizi\u021biona online aces\u00e2nd link-ul <\/strong><a rel=\"noreferrer noopener\" aria-label=\" (se deschide \u00eentr-o fil\u0103 nou\u0103)\" href=\"https:\/\/www.ticketstore.ro\/ro\/bilete\/928\/sunt-un-orb-casa-de-cultura-a-sindicatelor-alba-iulia-31-august-2019\" target=\"_blank\"><strong>https:\/\/www.ticketstore.ro\/ro\/bilete\/928\/sunt-un-orb-casa-de-cultura-a-sindicatelor-alba-iulia-31-august-2019<\/strong><\/a><\/p>\n","protected":false},"excerpt":{"rendered":"<p>Casa de Cultura a Sindicatelor Alba Iulia \u00eel prezint\u0103 \u00een acest sf\u00e2r\u0219it de s\u0103pt\u0103m\u00e2n\u0103 pe maestrul Hora\u021biu M\u0103l\u0103ele cu spectacolul \u201cSUNT UN ORB\u201d . Spectacolul \u201cSUNT UN ORB\u201d s-a n\u0103scut din nevoia lui M\u0103l\u0103ele de a comunica poeziile pe care le-a memorat p\u00e2n\u0103 acum. Recitalul este compus dintr-o pleiada de poezii, \u00een care M\u0103l\u0103ele vorbe\u0219te &hellip;<\/p>\n","protected":false},"author":26,"featured_media":81911,"comment_status":"open","ping_status":"open","sticky":false,"template":"","format":"standard","meta":{"inline_featured_image":false,"footnotes":""},"categories":[2038],"tags":[468,18598,18599],"class_list":["post-81905","post","type-post","status-publish","format-standard","has-post-thumbnail","hentry","category-cultura","tag-casa-de-cultura-a-sindicatelor","tag-horatiu-malalele-sunt-un-orb","tag-spectacol-alba-iulia"],"yoast_head":"<!-- This site is optimized with the Yoast SEO plugin v27.4 - https:\/\/yoast.com\/product\/yoast-seo-wordpress\/ -->\n<title>31 august: Hora\u021biu M\u0103l\u0103ele- Sunt un orb - Revista Urbea Mea - Revista de Alba<\/title>\n<meta name=\"description\" content=\"Casa de Cultura a Sindicatelor Alba Iulia \u00eel prezint\u0103 \u00een acest sf\u00e2r\u0219it de s\u0103pt\u0103m\u00e2n\u0103 pe maestrul Hora\u021biu M\u0103l\u0103ele cu spectacolul \u201cSUNT UN ORB\u201d . Spectacolul\" \/>\n<meta name=\"robots\" content=\"index, follow, max-snippet:-1, max-image-preview:large, max-video-preview:-1\" \/>\n<link rel=\"canonical\" href=\"https:\/\/urbeamea.ro\/albaiulia\/31-august-horatiu-malaele-sunt-un-orb\/\" \/>\n<meta name=\"twitter:card\" content=\"summary_large_image\" \/>\n<meta name=\"twitter:title\" content=\"31 august: Hora\u021biu M\u0103l\u0103ele- Sunt un orb - Revista Urbea Mea - Revista de Alba\" \/>\n<meta name=\"twitter:description\" content=\"Casa de Cultura a Sindicatelor Alba Iulia \u00eel prezint\u0103 \u00een acest sf\u00e2r\u0219it de s\u0103pt\u0103m\u00e2n\u0103 pe maestrul Hora\u021biu M\u0103l\u0103ele cu spectacolul \u201cSUNT UN ORB\u201d . Spectacolul\" \/>\n<meta name=\"twitter:image\" content=\"https:\/\/urbeamea.ro\/albaiulia\/wp-content\/uploads\/2019\/08\/horatiu-malalele-sunt-un-orb-alba-iulia.jpg\" \/>\n<meta name=\"twitter:creator\" content=\"@urbeameaweb\" \/>\n<meta name=\"twitter:site\" content=\"@urbeameaweb\" \/>\n<script type=\"application\/ld+json\" class=\"yoast-schema-graph\">{\"@context\":\"https:\\\/\\\/schema.org\",\"@graph\":[{\"@type\":\"Article\",\"@id\":\"https:\\\/\\\/urbeamea.ro\\\/albaiulia\\\/31-august-horatiu-malaele-sunt-un-orb\\\/#article\",\"isPartOf\":{\"@id\":\"https:\\\/\\\/urbeamea.ro\\\/albaiulia\\\/31-august-horatiu-malaele-sunt-un-orb\\\/\"},\"author\":{\"name\":\"Raluca Krisbai\",\"@id\":\"https:\\\/\\\/urbeamea.ro\\\/albaiulia\\\/#\\\/schema\\\/person\\\/9835621e3cb33b6c1253958b5c5fd38d\"},\"headline\":\"31 august: Hora\u021biu M\u0103l\u0103ele- Sunt un orb\",\"datePublished\":\"2019-08-30T08:57:35+00:00\",\"dateModified\":\"2019-08-30T08:58:30+00:00\",\"mainEntityOfPage\":{\"@id\":\"https:\\\/\\\/urbeamea.ro\\\/albaiulia\\\/31-august-horatiu-malaele-sunt-un-orb\\\/\"},\"wordCount\":347,\"commentCount\":0,\"image\":{\"@id\":\"https:\\\/\\\/urbeamea.ro\\\/albaiulia\\\/31-august-horatiu-malaele-sunt-un-orb\\\/#primaryimage\"},\"thumbnailUrl\":\"https:\\\/\\\/urbeamea.ro\\\/albaiulia\\\/wp-content\\\/uploads\\\/2019\\\/08\\\/horatiu-malalele-sunt-un-orb-alba-iulia.jpg\",\"keywords\":[\"casa de cultura a sindicatelor\",\"horatiu malalele sunt un orb\",\"spectacol alba iulia\"],\"articleSection\":[\"Cultur\u0103\"],\"inLanguage\":\"ro-RO\",\"potentialAction\":[{\"@type\":\"CommentAction\",\"name\":\"Comment\",\"target\":[\"https:\\\/\\\/urbeamea.ro\\\/albaiulia\\\/31-august-horatiu-malaele-sunt-un-orb\\\/#respond\"]}]},{\"@type\":\"WebPage\",\"@id\":\"https:\\\/\\\/urbeamea.ro\\\/albaiulia\\\/31-august-horatiu-malaele-sunt-un-orb\\\/\",\"url\":\"https:\\\/\\\/urbeamea.ro\\\/albaiulia\\\/31-august-horatiu-malaele-sunt-un-orb\\\/\",\"name\":\"31 august: Hora\u021biu M\u0103l\u0103ele- Sunt un orb - Revista Urbea Mea - Revista de Alba\",\"isPartOf\":{\"@id\":\"https:\\\/\\\/urbeamea.ro\\\/albaiulia\\\/#website\"},\"primaryImageOfPage\":{\"@id\":\"https:\\\/\\\/urbeamea.ro\\\/albaiulia\\\/31-august-horatiu-malaele-sunt-un-orb\\\/#primaryimage\"},\"image\":{\"@id\":\"https:\\\/\\\/urbeamea.ro\\\/albaiulia\\\/31-august-horatiu-malaele-sunt-un-orb\\\/#primaryimage\"},\"thumbnailUrl\":\"https:\\\/\\\/urbeamea.ro\\\/albaiulia\\\/wp-content\\\/uploads\\\/2019\\\/08\\\/horatiu-malalele-sunt-un-orb-alba-iulia.jpg\",\"datePublished\":\"2019-08-30T08:57:35+00:00\",\"dateModified\":\"2019-08-30T08:58:30+00:00\",\"author\":{\"@id\":\"https:\\\/\\\/urbeamea.ro\\\/albaiulia\\\/#\\\/schema\\\/person\\\/9835621e3cb33b6c1253958b5c5fd38d\"},\"description\":\"Casa de Cultura a Sindicatelor Alba Iulia \u00eel prezint\u0103 \u00een acest sf\u00e2r\u0219it de s\u0103pt\u0103m\u00e2n\u0103 pe maestrul Hora\u021biu M\u0103l\u0103ele cu spectacolul \u201cSUNT UN ORB\u201d . Spectacolul\",\"breadcrumb\":{\"@id\":\"https:\\\/\\\/urbeamea.ro\\\/albaiulia\\\/31-august-horatiu-malaele-sunt-un-orb\\\/#breadcrumb\"},\"inLanguage\":\"ro-RO\",\"potentialAction\":[{\"@type\":\"ReadAction\",\"target\":[\"https:\\\/\\\/urbeamea.ro\\\/albaiulia\\\/31-august-horatiu-malaele-sunt-un-orb\\\/\"]}]},{\"@type\":\"ImageObject\",\"inLanguage\":\"ro-RO\",\"@id\":\"https:\\\/\\\/urbeamea.ro\\\/albaiulia\\\/31-august-horatiu-malaele-sunt-un-orb\\\/#primaryimage\",\"url\":\"https:\\\/\\\/urbeamea.ro\\\/albaiulia\\\/wp-content\\\/uploads\\\/2019\\\/08\\\/horatiu-malalele-sunt-un-orb-alba-iulia.jpg\",\"contentUrl\":\"https:\\\/\\\/urbeamea.ro\\\/albaiulia\\\/wp-content\\\/uploads\\\/2019\\\/08\\\/horatiu-malalele-sunt-un-orb-alba-iulia.jpg\",\"width\":580,\"height\":435},{\"@type\":\"BreadcrumbList\",\"@id\":\"https:\\\/\\\/urbeamea.ro\\\/albaiulia\\\/31-august-horatiu-malaele-sunt-un-orb\\\/#breadcrumb\",\"itemListElement\":[{\"@type\":\"ListItem\",\"position\":1,\"name\":\"Prima pagin\u0103\",\"item\":\"https:\\\/\\\/urbeamea.ro\\\/albaiulia\\\/\"},{\"@type\":\"ListItem\",\"position\":2,\"name\":\"31 august: Hora\u021biu M\u0103l\u0103ele- Sunt un orb\"}]},{\"@type\":\"WebSite\",\"@id\":\"https:\\\/\\\/urbeamea.ro\\\/albaiulia\\\/#website\",\"url\":\"https:\\\/\\\/urbeamea.ro\\\/albaiulia\\\/\",\"name\":\"Revista Urbea Mea, Stiri urbane\",\"description\":\"Evenimente \u0219i \u0219tiri din Alba Iulia, Sebe\u0219, Aiud, Blaj\",\"potentialAction\":[{\"@type\":\"SearchAction\",\"target\":{\"@type\":\"EntryPoint\",\"urlTemplate\":\"https:\\\/\\\/urbeamea.ro\\\/albaiulia\\\/?s={search_term_string}\"},\"query-input\":{\"@type\":\"PropertyValueSpecification\",\"valueRequired\":true,\"valueName\":\"search_term_string\"}}],\"inLanguage\":\"ro-RO\"},{\"@type\":\"Person\",\"@id\":\"https:\\\/\\\/urbeamea.ro\\\/albaiulia\\\/#\\\/schema\\\/person\\\/9835621e3cb33b6c1253958b5c5fd38d\",\"name\":\"Raluca Krisbai\",\"image\":{\"@type\":\"ImageObject\",\"inLanguage\":\"ro-RO\",\"@id\":\"https:\\\/\\\/secure.gravatar.com\\\/avatar\\\/90b7a537a346c034a8bf27f74a4a88eb14594327622a99e7c0a816e2a5e7ed5e?s=96&d=mm&r=g\",\"url\":\"https:\\\/\\\/secure.gravatar.com\\\/avatar\\\/90b7a537a346c034a8bf27f74a4a88eb14594327622a99e7c0a816e2a5e7ed5e?s=96&d=mm&r=g\",\"contentUrl\":\"https:\\\/\\\/secure.gravatar.com\\\/avatar\\\/90b7a537a346c034a8bf27f74a4a88eb14594327622a99e7c0a816e2a5e7ed5e?s=96&d=mm&r=g\",\"caption\":\"Raluca Krisbai\"},\"sameAs\":[\"https:\\\/\\\/www.urbeamea.ro\"],\"url\":\"https:\\\/\\\/urbeamea.ro\\\/albaiulia\\\/author\\\/raluca-krisbai\\\/\"}]}<\/script>\n<!-- \/ Yoast SEO plugin. -->","yoast_head_json":{"title":"31 august: Hora\u021biu M\u0103l\u0103ele- Sunt un orb - Revista Urbea Mea - Revista de Alba","description":"Casa de Cultura a Sindicatelor Alba Iulia \u00eel prezint\u0103 \u00een acest sf\u00e2r\u0219it de s\u0103pt\u0103m\u00e2n\u0103 pe maestrul Hora\u021biu M\u0103l\u0103ele cu spectacolul \u201cSUNT UN ORB\u201d . Spectacolul","robots":{"index":"index","follow":"follow","max-snippet":"max-snippet:-1","max-image-preview":"max-image-preview:large","max-video-preview":"max-video-preview:-1"},"canonical":"https:\/\/urbeamea.ro\/albaiulia\/31-august-horatiu-malaele-sunt-un-orb\/","twitter_card":"summary_large_image","twitter_title":"31 august: Hora\u021biu M\u0103l\u0103ele- Sunt un orb - Revista Urbea Mea - Revista de Alba","twitter_description":"Casa de Cultura a Sindicatelor Alba Iulia \u00eel prezint\u0103 \u00een acest sf\u00e2r\u0219it de s\u0103pt\u0103m\u00e2n\u0103 pe maestrul Hora\u021biu M\u0103l\u0103ele cu spectacolul \u201cSUNT UN ORB\u201d . Spectacolul","twitter_image":"https:\/\/urbeamea.ro\/albaiulia\/wp-content\/uploads\/2019\/08\/horatiu-malalele-sunt-un-orb-alba-iulia.jpg","twitter_creator":"@urbeameaweb","twitter_site":"@urbeameaweb","schema":{"@context":"https:\/\/schema.org","@graph":[{"@type":"Article","@id":"https:\/\/urbeamea.ro\/albaiulia\/31-august-horatiu-malaele-sunt-un-orb\/#article","isPartOf":{"@id":"https:\/\/urbeamea.ro\/albaiulia\/31-august-horatiu-malaele-sunt-un-orb\/"},"author":{"name":"Raluca Krisbai","@id":"https:\/\/urbeamea.ro\/albaiulia\/#\/schema\/person\/9835621e3cb33b6c1253958b5c5fd38d"},"headline":"31 august: Hora\u021biu M\u0103l\u0103ele- Sunt un orb","datePublished":"2019-08-30T08:57:35+00:00","dateModified":"2019-08-30T08:58:30+00:00","mainEntityOfPage":{"@id":"https:\/\/urbeamea.ro\/albaiulia\/31-august-horatiu-malaele-sunt-un-orb\/"},"wordCount":347,"commentCount":0,"image":{"@id":"https:\/\/urbeamea.ro\/albaiulia\/31-august-horatiu-malaele-sunt-un-orb\/#primaryimage"},"thumbnailUrl":"https:\/\/urbeamea.ro\/albaiulia\/wp-content\/uploads\/2019\/08\/horatiu-malalele-sunt-un-orb-alba-iulia.jpg","keywords":["casa de cultura a sindicatelor","horatiu malalele sunt un orb","spectacol alba iulia"],"articleSection":["Cultur\u0103"],"inLanguage":"ro-RO","potentialAction":[{"@type":"CommentAction","name":"Comment","target":["https:\/\/urbeamea.ro\/albaiulia\/31-august-horatiu-malaele-sunt-un-orb\/#respond"]}]},{"@type":"WebPage","@id":"https:\/\/urbeamea.ro\/albaiulia\/31-august-horatiu-malaele-sunt-un-orb\/","url":"https:\/\/urbeamea.ro\/albaiulia\/31-august-horatiu-malaele-sunt-un-orb\/","name":"31 august: Hora\u021biu M\u0103l\u0103ele- Sunt un orb - Revista Urbea Mea - Revista de Alba","isPartOf":{"@id":"https:\/\/urbeamea.ro\/albaiulia\/#website"},"primaryImageOfPage":{"@id":"https:\/\/urbeamea.ro\/albaiulia\/31-august-horatiu-malaele-sunt-un-orb\/#primaryimage"},"image":{"@id":"https:\/\/urbeamea.ro\/albaiulia\/31-august-horatiu-malaele-sunt-un-orb\/#primaryimage"},"thumbnailUrl":"https:\/\/urbeamea.ro\/albaiulia\/wp-content\/uploads\/2019\/08\/horatiu-malalele-sunt-un-orb-alba-iulia.jpg","datePublished":"2019-08-30T08:57:35+00:00","dateModified":"2019-08-30T08:58:30+00:00","author":{"@id":"https:\/\/urbeamea.ro\/albaiulia\/#\/schema\/person\/9835621e3cb33b6c1253958b5c5fd38d"},"description":"Casa de Cultura a Sindicatelor Alba Iulia \u00eel prezint\u0103 \u00een acest sf\u00e2r\u0219it de s\u0103pt\u0103m\u00e2n\u0103 pe maestrul Hora\u021biu M\u0103l\u0103ele cu spectacolul \u201cSUNT UN ORB\u201d . Spectacolul","breadcrumb":{"@id":"https:\/\/urbeamea.ro\/albaiulia\/31-august-horatiu-malaele-sunt-un-orb\/#breadcrumb"},"inLanguage":"ro-RO","potentialAction":[{"@type":"ReadAction","target":["https:\/\/urbeamea.ro\/albaiulia\/31-august-horatiu-malaele-sunt-un-orb\/"]}]},{"@type":"ImageObject","inLanguage":"ro-RO","@id":"https:\/\/urbeamea.ro\/albaiulia\/31-august-horatiu-malaele-sunt-un-orb\/#primaryimage","url":"https:\/\/urbeamea.ro\/albaiulia\/wp-content\/uploads\/2019\/08\/horatiu-malalele-sunt-un-orb-alba-iulia.jpg","contentUrl":"https:\/\/urbeamea.ro\/albaiulia\/wp-content\/uploads\/2019\/08\/horatiu-malalele-sunt-un-orb-alba-iulia.jpg","width":580,"height":435},{"@type":"BreadcrumbList","@id":"https:\/\/urbeamea.ro\/albaiulia\/31-august-horatiu-malaele-sunt-un-orb\/#breadcrumb","itemListElement":[{"@type":"ListItem","position":1,"name":"Prima pagin\u0103","item":"https:\/\/urbeamea.ro\/albaiulia\/"},{"@type":"ListItem","position":2,"name":"31 august: Hora\u021biu M\u0103l\u0103ele- Sunt un orb"}]},{"@type":"WebSite","@id":"https:\/\/urbeamea.ro\/albaiulia\/#website","url":"https:\/\/urbeamea.ro\/albaiulia\/","name":"Revista Urbea Mea, Stiri urbane","description":"Evenimente \u0219i \u0219tiri din Alba Iulia, Sebe\u0219, Aiud, Blaj","potentialAction":[{"@type":"SearchAction","target":{"@type":"EntryPoint","urlTemplate":"https:\/\/urbeamea.ro\/albaiulia\/?s={search_term_string}"},"query-input":{"@type":"PropertyValueSpecification","valueRequired":true,"valueName":"search_term_string"}}],"inLanguage":"ro-RO"},{"@type":"Person","@id":"https:\/\/urbeamea.ro\/albaiulia\/#\/schema\/person\/9835621e3cb33b6c1253958b5c5fd38d","name":"Raluca Krisbai","image":{"@type":"ImageObject","inLanguage":"ro-RO","@id":"https:\/\/secure.gravatar.com\/avatar\/90b7a537a346c034a8bf27f74a4a88eb14594327622a99e7c0a816e2a5e7ed5e?s=96&d=mm&r=g","url":"https:\/\/secure.gravatar.com\/avatar\/90b7a537a346c034a8bf27f74a4a88eb14594327622a99e7c0a816e2a5e7ed5e?s=96&d=mm&r=g","contentUrl":"https:\/\/secure.gravatar.com\/avatar\/90b7a537a346c034a8bf27f74a4a88eb14594327622a99e7c0a816e2a5e7ed5e?s=96&d=mm&r=g","caption":"Raluca Krisbai"},"sameAs":["https:\/\/www.urbeamea.ro"],"url":"https:\/\/urbeamea.ro\/albaiulia\/author\/raluca-krisbai\/"}]}},"_links":{"self":[{"href":"https:\/\/urbeamea.ro\/albaiulia\/wp-json\/wp\/v2\/posts\/81905","targetHints":{"allow":["GET"]}}],"collection":[{"href":"https:\/\/urbeamea.ro\/albaiulia\/wp-json\/wp\/v2\/posts"}],"about":[{"href":"https:\/\/urbeamea.ro\/albaiulia\/wp-json\/wp\/v2\/types\/post"}],"author":[{"embeddable":true,"href":"https:\/\/urbeamea.ro\/albaiulia\/wp-json\/wp\/v2\/users\/26"}],"replies":[{"embeddable":true,"href":"https:\/\/urbeamea.ro\/albaiulia\/wp-json\/wp\/v2\/comments?post=81905"}],"version-history":[{"count":0,"href":"https:\/\/urbeamea.ro\/albaiulia\/wp-json\/wp\/v2\/posts\/81905\/revisions"}],"wp:featuredmedia":[{"embeddable":true,"href":"https:\/\/urbeamea.ro\/albaiulia\/wp-json\/wp\/v2\/media\/81911"}],"wp:attachment":[{"href":"https:\/\/urbeamea.ro\/albaiulia\/wp-json\/wp\/v2\/media?parent=81905"}],"wp:term":[{"taxonomy":"category","embeddable":true,"href":"https:\/\/urbeamea.ro\/albaiulia\/wp-json\/wp\/v2\/categories?post=81905"},{"taxonomy":"post_tag","embeddable":true,"href":"https:\/\/urbeamea.ro\/albaiulia\/wp-json\/wp\/v2\/tags?post=81905"}],"curies":[{"name":"wp","href":"https:\/\/api.w.org\/{rel}","templated":true}]}}