{"id":8212,"date":"2015-09-20T12:29:31","date_gmt":"2015-09-20T09:29:31","guid":{"rendered":"http:\/\/urbeamea.ro\/albaiulia\/?p=8212"},"modified":"2016-01-18T19:15:57","modified_gmt":"2016-01-18T17:15:57","slug":"luni-si-marti-talentatii-sunt-asteptati-la-alba-iulia-si-aiud-pentru-a-demonstra-ca-merita-sa-participe-la-noul-sezon-romanii-au-talent","status":"publish","type":"post","link":"https:\/\/urbeamea.ro\/albaiulia\/luni-si-marti-talentatii-sunt-asteptati-la-alba-iulia-si-aiud-pentru-a-demonstra-ca-merita-sa-participe-la-noul-sezon-romanii-au-talent\/","title":{"rendered":"Luni \u015fi Mar\u0163i: Talenta\u0163ii sunt a\u015ftepta\u0163i la Alba Iulia \u015fi Aiud pentru a demonstra c\u0103 merit\u0103 s\u0103 participe la noul sezon \u201cRom\u00e2nii au talent\u201d"},"content":{"rendered":"<p><strong><a href=\"http:\/\/urbeamea.ro\/albaiulia\/wp-content\/uploads\/2015\/09\/Afis-Alba-Iulia.jpg\"><img loading=\"lazy\" decoding=\"async\" class=\"alignleft wp-image-8213 size-medium\" src=\"http:\/\/urbeamea.ro\/albaiulia\/wp-content\/uploads\/2015\/09\/Afis-Alba-Iulia-212x300.jpg\" alt=\"Afis Alba Iulia\" width=\"212\" height=\"300\" \/><\/a>Urm\u0103torul talentat al Rom\u00e2niei poate fi chiar din Alba.<\/strong><\/p>\n<p><strong>Echipa \u201cRom\u00e2nii au talent\u201d a\u015fteapt\u0103 toate persoanele care au un talent ascuns, luni, 21 septembrie, de la ora 18.00, la Casa de Cultur\u0103 a Studen\u0163ilor din Alba Iulia \u015fi mar\u021bi, 22 septembrie, de la ora 18.00, la Centrul de Cultur\u0103 \u201cLiviu Rebreanu\u201d din Aiud.<\/strong><\/p>\n<p><strong>Asta, pentru a demonstra c\u0103 talentul lor este autentic \u0219i merit\u0103 s\u0103 participe \u00een urm\u0103torul sezon al celui mai urm\u0103rit show de divertisment.<\/strong><\/p>\n","protected":false},"excerpt":{"rendered":"<p>Urm\u0103torul talentat al Rom\u00e2niei poate fi chiar din Alba. Echipa \u201cRom\u00e2nii au talent\u201d a\u015fteapt\u0103 toate persoanele care au un talent ascuns, luni, 21 septembrie, de la ora 18.00, la Casa de Cultur\u0103 a Studen\u0163ilor din Alba Iulia \u015fi mar\u021bi, 22 septembrie, de la ora 18.00, la Centrul de Cultur\u0103 \u201cLiviu Rebreanu\u201d din Aiud. Asta, pentru &hellip;<\/p>\n","protected":false},"author":17,"featured_media":8213,"comment_status":"open","ping_status":"open","sticky":false,"template":"","format":"standard","meta":{"inline_featured_image":false,"footnotes":""},"categories":[2034],"tags":[385,31,337,384,335,382,383,308,76],"class_list":["post-8212","post","type-post","status-publish","format-standard","has-post-thumbnail","hentry","category-social","tag-aiud","tag-alba-iulia","tag-casa-de-cultura-a-studentilor","tag-divertisment","tag-preselectii","tag-romanii-au-talent","tag-show","tag-stiri","tag-urbea-mea"],"yoast_head":"<!-- This site is optimized with the Yoast SEO plugin v28.3 - https:\/\/yoast.com\/product\/yoast-seo-wordpress\/ -->\n<title>Luni \u015fi Mar\u0163i: Talenta\u0163ii sunt a\u015ftepta\u0163i la Alba Iulia \u015fi Aiud pentru a demonstra c\u0103 merit\u0103 s\u0103 participe la noul sezon \u201cRom\u00e2nii au talent\u201d - Revista Urbea Mea - Revista de Alba<\/title>\n<meta name=\"description\" content=\"Urm\u0103torul talentat al Rom\u00e2niei poate fi chiar din Alba. Echipa \u201cRom\u00e2nii au talent\u201d a\u015fteapt\u0103 toate persoanele care au un talent ascuns, luni, 21\" \/>\n<meta name=\"robots\" content=\"index, follow, max-snippet:-1, max-image-preview:large, max-video-preview:-1\" \/>\n<link rel=\"canonical\" href=\"https:\/\/urbeamea.ro\/albaiulia\/luni-si-marti-talentatii-sunt-asteptati-la-alba-iulia-si-aiud-pentru-a-demonstra-ca-merita-sa-participe-la-noul-sezon-romanii-au-talent\/\" \/>\n<meta name=\"twitter:card\" content=\"summary_large_image\" \/>\n<meta name=\"twitter:title\" content=\"Luni \u015fi Mar\u0163i: Talenta\u0163ii sunt a\u015ftepta\u0163i la Alba Iulia \u015fi Aiud pentru a demonstra c\u0103 merit\u0103 s\u0103 participe la noul sezon \u201cRom\u00e2nii au talent\u201d - Revista Urbea Mea - Revista de Alba\" \/>\n<meta name=\"twitter:description\" content=\"Urm\u0103torul talentat al Rom\u00e2niei poate fi chiar din Alba. Echipa \u201cRom\u00e2nii au talent\u201d a\u015fteapt\u0103 toate persoanele care au un talent ascuns, luni, 21\" \/>\n<meta name=\"twitter:image\" content=\"https:\/\/urbeamea.ro\/albaiulia\/wp-content\/uploads\/2015\/09\/Afis-Alba-Iulia.jpg\" \/>\n<meta name=\"twitter:creator\" content=\"@urbeameaweb\" \/>\n<meta name=\"twitter:site\" content=\"@urbeameaweb\" \/>\n<script type=\"application\/ld+json\" class=\"yoast-schema-graph\">{\"@context\":\"https:\\\/\\\/schema.org\",\"@graph\":[{\"@type\":\"Article\",\"@id\":\"https:\\\/\\\/urbeamea.ro\\\/albaiulia\\\/luni-si-marti-talentatii-sunt-asteptati-la-alba-iulia-si-aiud-pentru-a-demonstra-ca-merita-sa-participe-la-noul-sezon-romanii-au-talent\\\/#article\",\"isPartOf\":{\"@id\":\"https:\\\/\\\/urbeamea.ro\\\/albaiulia\\\/luni-si-marti-talentatii-sunt-asteptati-la-alba-iulia-si-aiud-pentru-a-demonstra-ca-merita-sa-participe-la-noul-sezon-romanii-au-talent\\\/\"},\"author\":{\"name\":\"Cristina Ganga\",\"@id\":\"https:\\\/\\\/urbeamea.ro\\\/albaiulia\\\/#\\\/schema\\\/person\\\/9700d21fae21c4f038b0b56f4506264a\"},\"headline\":\"Luni \u015fi Mar\u0163i: Talenta\u0163ii sunt a\u015ftepta\u0163i la Alba Iulia \u015fi Aiud pentru a demonstra c\u0103 merit\u0103 s\u0103 participe la noul sezon \u201cRom\u00e2nii au talent\u201d\",\"datePublished\":\"2015-09-20T09:29:31+00:00\",\"dateModified\":\"2016-01-18T17:15:57+00:00\",\"mainEntityOfPage\":{\"@id\":\"https:\\\/\\\/urbeamea.ro\\\/albaiulia\\\/luni-si-marti-talentatii-sunt-asteptati-la-alba-iulia-si-aiud-pentru-a-demonstra-ca-merita-sa-participe-la-noul-sezon-romanii-au-talent\\\/\"},\"wordCount\":109,\"commentCount\":0,\"image\":{\"@id\":\"https:\\\/\\\/urbeamea.ro\\\/albaiulia\\\/luni-si-marti-talentatii-sunt-asteptati-la-alba-iulia-si-aiud-pentru-a-demonstra-ca-merita-sa-participe-la-noul-sezon-romanii-au-talent\\\/#primaryimage\"},\"thumbnailUrl\":\"https:\\\/\\\/urbeamea.ro\\\/albaiulia\\\/wp-content\\\/uploads\\\/2015\\\/09\\\/Afis-Alba-Iulia.jpg\",\"keywords\":[\"aiud\",\"Alba Iulia\",\"casa de cultura a studentilor\",\"divertisment\",\"preselectii\",\"romanii au talent\",\"show\",\"stiri\",\"Urbea Mea\"],\"articleSection\":[\"Social\"],\"inLanguage\":\"ro-RO\",\"potentialAction\":[{\"@type\":\"CommentAction\",\"name\":\"Comment\",\"target\":[\"https:\\\/\\\/urbeamea.ro\\\/albaiulia\\\/luni-si-marti-talentatii-sunt-asteptati-la-alba-iulia-si-aiud-pentru-a-demonstra-ca-merita-sa-participe-la-noul-sezon-romanii-au-talent\\\/#respond\"]}]},{\"@type\":\"WebPage\",\"@id\":\"https:\\\/\\\/urbeamea.ro\\\/albaiulia\\\/luni-si-marti-talentatii-sunt-asteptati-la-alba-iulia-si-aiud-pentru-a-demonstra-ca-merita-sa-participe-la-noul-sezon-romanii-au-talent\\\/\",\"url\":\"https:\\\/\\\/urbeamea.ro\\\/albaiulia\\\/luni-si-marti-talentatii-sunt-asteptati-la-alba-iulia-si-aiud-pentru-a-demonstra-ca-merita-sa-participe-la-noul-sezon-romanii-au-talent\\\/\",\"name\":\"Luni \u015fi Mar\u0163i: Talenta\u0163ii sunt a\u015ftepta\u0163i la Alba Iulia \u015fi Aiud pentru a demonstra c\u0103 merit\u0103 s\u0103 participe la noul sezon \u201cRom\u00e2nii au talent\u201d - Revista Urbea Mea - Revista de Alba\",\"isPartOf\":{\"@id\":\"https:\\\/\\\/urbeamea.ro\\\/albaiulia\\\/#website\"},\"primaryImageOfPage\":{\"@id\":\"https:\\\/\\\/urbeamea.ro\\\/albaiulia\\\/luni-si-marti-talentatii-sunt-asteptati-la-alba-iulia-si-aiud-pentru-a-demonstra-ca-merita-sa-participe-la-noul-sezon-romanii-au-talent\\\/#primaryimage\"},\"image\":{\"@id\":\"https:\\\/\\\/urbeamea.ro\\\/albaiulia\\\/luni-si-marti-talentatii-sunt-asteptati-la-alba-iulia-si-aiud-pentru-a-demonstra-ca-merita-sa-participe-la-noul-sezon-romanii-au-talent\\\/#primaryimage\"},\"thumbnailUrl\":\"https:\\\/\\\/urbeamea.ro\\\/albaiulia\\\/wp-content\\\/uploads\\\/2015\\\/09\\\/Afis-Alba-Iulia.jpg\",\"datePublished\":\"2015-09-20T09:29:31+00:00\",\"dateModified\":\"2016-01-18T17:15:57+00:00\",\"author\":{\"@id\":\"https:\\\/\\\/urbeamea.ro\\\/albaiulia\\\/#\\\/schema\\\/person\\\/9700d21fae21c4f038b0b56f4506264a\"},\"description\":\"Urm\u0103torul talentat al Rom\u00e2niei poate fi chiar din Alba. Echipa \u201cRom\u00e2nii au talent\u201d a\u015fteapt\u0103 toate persoanele care au un talent ascuns, luni, 21\",\"breadcrumb\":{\"@id\":\"https:\\\/\\\/urbeamea.ro\\\/albaiulia\\\/luni-si-marti-talentatii-sunt-asteptati-la-alba-iulia-si-aiud-pentru-a-demonstra-ca-merita-sa-participe-la-noul-sezon-romanii-au-talent\\\/#breadcrumb\"},\"inLanguage\":\"ro-RO\",\"potentialAction\":[{\"@type\":\"ReadAction\",\"target\":[\"https:\\\/\\\/urbeamea.ro\\\/albaiulia\\\/luni-si-marti-talentatii-sunt-asteptati-la-alba-iulia-si-aiud-pentru-a-demonstra-ca-merita-sa-participe-la-noul-sezon-romanii-au-talent\\\/\"]}]},{\"@type\":\"ImageObject\",\"inLanguage\":\"ro-RO\",\"@id\":\"https:\\\/\\\/urbeamea.ro\\\/albaiulia\\\/luni-si-marti-talentatii-sunt-asteptati-la-alba-iulia-si-aiud-pentru-a-demonstra-ca-merita-sa-participe-la-noul-sezon-romanii-au-talent\\\/#primaryimage\",\"url\":\"https:\\\/\\\/urbeamea.ro\\\/albaiulia\\\/wp-content\\\/uploads\\\/2015\\\/09\\\/Afis-Alba-Iulia.jpg\",\"contentUrl\":\"https:\\\/\\\/urbeamea.ro\\\/albaiulia\\\/wp-content\\\/uploads\\\/2015\\\/09\\\/Afis-Alba-Iulia.jpg\",\"width\":905,\"height\":1280},{\"@type\":\"BreadcrumbList\",\"@id\":\"https:\\\/\\\/urbeamea.ro\\\/albaiulia\\\/luni-si-marti-talentatii-sunt-asteptati-la-alba-iulia-si-aiud-pentru-a-demonstra-ca-merita-sa-participe-la-noul-sezon-romanii-au-talent\\\/#breadcrumb\",\"itemListElement\":[{\"@type\":\"ListItem\",\"position\":1,\"name\":\"Prima pagin\u0103\",\"item\":\"https:\\\/\\\/urbeamea.ro\\\/albaiulia\\\/\"},{\"@type\":\"ListItem\",\"position\":2,\"name\":\"Luni \u015fi Mar\u0163i: Talenta\u0163ii sunt a\u015ftepta\u0163i la Alba Iulia \u015fi Aiud pentru a demonstra c\u0103 merit\u0103 s\u0103 participe la noul sezon \u201cRom\u00e2nii au talent\u201d\"}]},{\"@type\":\"WebSite\",\"@id\":\"https:\\\/\\\/urbeamea.ro\\\/albaiulia\\\/#website\",\"url\":\"https:\\\/\\\/urbeamea.ro\\\/albaiulia\\\/\",\"name\":\"Revista Urbea Mea, Stiri urbane\",\"description\":\"Evenimente \u0219i \u0219tiri din Alba Iulia, Sebe\u0219, Aiud, Blaj\",\"potentialAction\":[{\"@type\":\"SearchAction\",\"target\":{\"@type\":\"EntryPoint\",\"urlTemplate\":\"https:\\\/\\\/urbeamea.ro\\\/albaiulia\\\/?s={search_term_string}\"},\"query-input\":{\"@type\":\"PropertyValueSpecification\",\"valueRequired\":true,\"valueName\":\"search_term_string\"}}],\"inLanguage\":\"ro-RO\"},{\"@type\":\"Person\",\"@id\":\"https:\\\/\\\/urbeamea.ro\\\/albaiulia\\\/#\\\/schema\\\/person\\\/9700d21fae21c4f038b0b56f4506264a\",\"name\":\"Cristina Ganga\",\"image\":{\"@type\":\"ImageObject\",\"inLanguage\":\"ro-RO\",\"@id\":\"https:\\\/\\\/secure.gravatar.com\\\/avatar\\\/5a67661041f057b4a8ccaf26f5a8e86e2689372006d01faf3dd9eeb10b654bb4?s=96&d=mm&r=g\",\"url\":\"https:\\\/\\\/secure.gravatar.com\\\/avatar\\\/5a67661041f057b4a8ccaf26f5a8e86e2689372006d01faf3dd9eeb10b654bb4?s=96&d=mm&r=g\",\"contentUrl\":\"https:\\\/\\\/secure.gravatar.com\\\/avatar\\\/5a67661041f057b4a8ccaf26f5a8e86e2689372006d01faf3dd9eeb10b654bb4?s=96&d=mm&r=g\",\"caption\":\"Cristina Ganga\"},\"description\":\"Jurnalist\",\"sameAs\":[\"https:\\\/\\\/www.facebook.com\\\/cristina.nicola.587\"],\"url\":\"https:\\\/\\\/urbeamea.ro\\\/albaiulia\\\/author\\\/cristina-nicola\\\/\"}]}<\/script>\n<!-- \/ Yoast SEO plugin. -->","yoast_head_json":{"title":"Luni \u015fi Mar\u0163i: Talenta\u0163ii sunt a\u015ftepta\u0163i la Alba Iulia \u015fi Aiud pentru a demonstra c\u0103 merit\u0103 s\u0103 participe la noul sezon \u201cRom\u00e2nii au talent\u201d - Revista Urbea Mea - Revista de Alba","description":"Urm\u0103torul talentat al Rom\u00e2niei poate fi chiar din Alba. Echipa \u201cRom\u00e2nii au talent\u201d a\u015fteapt\u0103 toate persoanele care au un talent ascuns, luni, 21","robots":{"index":"index","follow":"follow","max-snippet":"max-snippet:-1","max-image-preview":"max-image-preview:large","max-video-preview":"max-video-preview:-1"},"canonical":"https:\/\/urbeamea.ro\/albaiulia\/luni-si-marti-talentatii-sunt-asteptati-la-alba-iulia-si-aiud-pentru-a-demonstra-ca-merita-sa-participe-la-noul-sezon-romanii-au-talent\/","twitter_card":"summary_large_image","twitter_title":"Luni \u015fi Mar\u0163i: Talenta\u0163ii sunt a\u015ftepta\u0163i la Alba Iulia \u015fi Aiud pentru a demonstra c\u0103 merit\u0103 s\u0103 participe la noul sezon \u201cRom\u00e2nii au talent\u201d - Revista Urbea Mea - Revista de Alba","twitter_description":"Urm\u0103torul talentat al Rom\u00e2niei poate fi chiar din Alba. Echipa \u201cRom\u00e2nii au talent\u201d a\u015fteapt\u0103 toate persoanele care au un talent ascuns, luni, 21","twitter_image":"https:\/\/urbeamea.ro\/albaiulia\/wp-content\/uploads\/2015\/09\/Afis-Alba-Iulia.jpg","twitter_creator":"@urbeameaweb","twitter_site":"@urbeameaweb","schema":{"@context":"https:\/\/schema.org","@graph":[{"@type":"Article","@id":"https:\/\/urbeamea.ro\/albaiulia\/luni-si-marti-talentatii-sunt-asteptati-la-alba-iulia-si-aiud-pentru-a-demonstra-ca-merita-sa-participe-la-noul-sezon-romanii-au-talent\/#article","isPartOf":{"@id":"https:\/\/urbeamea.ro\/albaiulia\/luni-si-marti-talentatii-sunt-asteptati-la-alba-iulia-si-aiud-pentru-a-demonstra-ca-merita-sa-participe-la-noul-sezon-romanii-au-talent\/"},"author":{"name":"Cristina Ganga","@id":"https:\/\/urbeamea.ro\/albaiulia\/#\/schema\/person\/9700d21fae21c4f038b0b56f4506264a"},"headline":"Luni \u015fi Mar\u0163i: Talenta\u0163ii sunt a\u015ftepta\u0163i la Alba Iulia \u015fi Aiud pentru a demonstra c\u0103 merit\u0103 s\u0103 participe la noul sezon \u201cRom\u00e2nii au talent\u201d","datePublished":"2015-09-20T09:29:31+00:00","dateModified":"2016-01-18T17:15:57+00:00","mainEntityOfPage":{"@id":"https:\/\/urbeamea.ro\/albaiulia\/luni-si-marti-talentatii-sunt-asteptati-la-alba-iulia-si-aiud-pentru-a-demonstra-ca-merita-sa-participe-la-noul-sezon-romanii-au-talent\/"},"wordCount":109,"commentCount":0,"image":{"@id":"https:\/\/urbeamea.ro\/albaiulia\/luni-si-marti-talentatii-sunt-asteptati-la-alba-iulia-si-aiud-pentru-a-demonstra-ca-merita-sa-participe-la-noul-sezon-romanii-au-talent\/#primaryimage"},"thumbnailUrl":"https:\/\/urbeamea.ro\/albaiulia\/wp-content\/uploads\/2015\/09\/Afis-Alba-Iulia.jpg","keywords":["aiud","Alba Iulia","casa de cultura a studentilor","divertisment","preselectii","romanii au talent","show","stiri","Urbea Mea"],"articleSection":["Social"],"inLanguage":"ro-RO","potentialAction":[{"@type":"CommentAction","name":"Comment","target":["https:\/\/urbeamea.ro\/albaiulia\/luni-si-marti-talentatii-sunt-asteptati-la-alba-iulia-si-aiud-pentru-a-demonstra-ca-merita-sa-participe-la-noul-sezon-romanii-au-talent\/#respond"]}]},{"@type":"WebPage","@id":"https:\/\/urbeamea.ro\/albaiulia\/luni-si-marti-talentatii-sunt-asteptati-la-alba-iulia-si-aiud-pentru-a-demonstra-ca-merita-sa-participe-la-noul-sezon-romanii-au-talent\/","url":"https:\/\/urbeamea.ro\/albaiulia\/luni-si-marti-talentatii-sunt-asteptati-la-alba-iulia-si-aiud-pentru-a-demonstra-ca-merita-sa-participe-la-noul-sezon-romanii-au-talent\/","name":"Luni \u015fi Mar\u0163i: Talenta\u0163ii sunt a\u015ftepta\u0163i la Alba Iulia \u015fi Aiud pentru a demonstra c\u0103 merit\u0103 s\u0103 participe la noul sezon \u201cRom\u00e2nii au talent\u201d - Revista Urbea Mea - Revista de Alba","isPartOf":{"@id":"https:\/\/urbeamea.ro\/albaiulia\/#website"},"primaryImageOfPage":{"@id":"https:\/\/urbeamea.ro\/albaiulia\/luni-si-marti-talentatii-sunt-asteptati-la-alba-iulia-si-aiud-pentru-a-demonstra-ca-merita-sa-participe-la-noul-sezon-romanii-au-talent\/#primaryimage"},"image":{"@id":"https:\/\/urbeamea.ro\/albaiulia\/luni-si-marti-talentatii-sunt-asteptati-la-alba-iulia-si-aiud-pentru-a-demonstra-ca-merita-sa-participe-la-noul-sezon-romanii-au-talent\/#primaryimage"},"thumbnailUrl":"https:\/\/urbeamea.ro\/albaiulia\/wp-content\/uploads\/2015\/09\/Afis-Alba-Iulia.jpg","datePublished":"2015-09-20T09:29:31+00:00","dateModified":"2016-01-18T17:15:57+00:00","author":{"@id":"https:\/\/urbeamea.ro\/albaiulia\/#\/schema\/person\/9700d21fae21c4f038b0b56f4506264a"},"description":"Urm\u0103torul talentat al Rom\u00e2niei poate fi chiar din Alba. Echipa \u201cRom\u00e2nii au talent\u201d a\u015fteapt\u0103 toate persoanele care au un talent ascuns, luni, 21","breadcrumb":{"@id":"https:\/\/urbeamea.ro\/albaiulia\/luni-si-marti-talentatii-sunt-asteptati-la-alba-iulia-si-aiud-pentru-a-demonstra-ca-merita-sa-participe-la-noul-sezon-romanii-au-talent\/#breadcrumb"},"inLanguage":"ro-RO","potentialAction":[{"@type":"ReadAction","target":["https:\/\/urbeamea.ro\/albaiulia\/luni-si-marti-talentatii-sunt-asteptati-la-alba-iulia-si-aiud-pentru-a-demonstra-ca-merita-sa-participe-la-noul-sezon-romanii-au-talent\/"]}]},{"@type":"ImageObject","inLanguage":"ro-RO","@id":"https:\/\/urbeamea.ro\/albaiulia\/luni-si-marti-talentatii-sunt-asteptati-la-alba-iulia-si-aiud-pentru-a-demonstra-ca-merita-sa-participe-la-noul-sezon-romanii-au-talent\/#primaryimage","url":"https:\/\/urbeamea.ro\/albaiulia\/wp-content\/uploads\/2015\/09\/Afis-Alba-Iulia.jpg","contentUrl":"https:\/\/urbeamea.ro\/albaiulia\/wp-content\/uploads\/2015\/09\/Afis-Alba-Iulia.jpg","width":905,"height":1280},{"@type":"BreadcrumbList","@id":"https:\/\/urbeamea.ro\/albaiulia\/luni-si-marti-talentatii-sunt-asteptati-la-alba-iulia-si-aiud-pentru-a-demonstra-ca-merita-sa-participe-la-noul-sezon-romanii-au-talent\/#breadcrumb","itemListElement":[{"@type":"ListItem","position":1,"name":"Prima pagin\u0103","item":"https:\/\/urbeamea.ro\/albaiulia\/"},{"@type":"ListItem","position":2,"name":"Luni \u015fi Mar\u0163i: Talenta\u0163ii sunt a\u015ftepta\u0163i la Alba Iulia \u015fi Aiud pentru a demonstra c\u0103 merit\u0103 s\u0103 participe la noul sezon \u201cRom\u00e2nii au talent\u201d"}]},{"@type":"WebSite","@id":"https:\/\/urbeamea.ro\/albaiulia\/#website","url":"https:\/\/urbeamea.ro\/albaiulia\/","name":"Revista Urbea Mea, Stiri urbane","description":"Evenimente \u0219i \u0219tiri din Alba Iulia, Sebe\u0219, Aiud, Blaj","potentialAction":[{"@type":"SearchAction","target":{"@type":"EntryPoint","urlTemplate":"https:\/\/urbeamea.ro\/albaiulia\/?s={search_term_string}"},"query-input":{"@type":"PropertyValueSpecification","valueRequired":true,"valueName":"search_term_string"}}],"inLanguage":"ro-RO"},{"@type":"Person","@id":"https:\/\/urbeamea.ro\/albaiulia\/#\/schema\/person\/9700d21fae21c4f038b0b56f4506264a","name":"Cristina Ganga","image":{"@type":"ImageObject","inLanguage":"ro-RO","@id":"https:\/\/secure.gravatar.com\/avatar\/5a67661041f057b4a8ccaf26f5a8e86e2689372006d01faf3dd9eeb10b654bb4?s=96&d=mm&r=g","url":"https:\/\/secure.gravatar.com\/avatar\/5a67661041f057b4a8ccaf26f5a8e86e2689372006d01faf3dd9eeb10b654bb4?s=96&d=mm&r=g","contentUrl":"https:\/\/secure.gravatar.com\/avatar\/5a67661041f057b4a8ccaf26f5a8e86e2689372006d01faf3dd9eeb10b654bb4?s=96&d=mm&r=g","caption":"Cristina Ganga"},"description":"Jurnalist","sameAs":["https:\/\/www.facebook.com\/cristina.nicola.587"],"url":"https:\/\/urbeamea.ro\/albaiulia\/author\/cristina-nicola\/"}]}},"_links":{"self":[{"href":"https:\/\/urbeamea.ro\/albaiulia\/wp-json\/wp\/v2\/posts\/8212","targetHints":{"allow":["GET"]}}],"collection":[{"href":"https:\/\/urbeamea.ro\/albaiulia\/wp-json\/wp\/v2\/posts"}],"about":[{"href":"https:\/\/urbeamea.ro\/albaiulia\/wp-json\/wp\/v2\/types\/post"}],"author":[{"embeddable":true,"href":"https:\/\/urbeamea.ro\/albaiulia\/wp-json\/wp\/v2\/users\/17"}],"replies":[{"embeddable":true,"href":"https:\/\/urbeamea.ro\/albaiulia\/wp-json\/wp\/v2\/comments?post=8212"}],"version-history":[{"count":0,"href":"https:\/\/urbeamea.ro\/albaiulia\/wp-json\/wp\/v2\/posts\/8212\/revisions"}],"wp:featuredmedia":[{"embeddable":true,"href":"https:\/\/urbeamea.ro\/albaiulia\/wp-json\/wp\/v2\/media\/8213"}],"wp:attachment":[{"href":"https:\/\/urbeamea.ro\/albaiulia\/wp-json\/wp\/v2\/media?parent=8212"}],"wp:term":[{"taxonomy":"category","embeddable":true,"href":"https:\/\/urbeamea.ro\/albaiulia\/wp-json\/wp\/v2\/categories?post=8212"},{"taxonomy":"post_tag","embeddable":true,"href":"https:\/\/urbeamea.ro\/albaiulia\/wp-json\/wp\/v2\/tags?post=8212"}],"curies":[{"name":"wp","href":"https:\/\/api.w.org\/{rel}","templated":true}]}}