{"id":82233,"date":"2019-09-05T20:52:04","date_gmt":"2019-09-05T17:52:04","guid":{"rendered":"https:\/\/urbeamea.ro\/albaiulia\/?p=82233"},"modified":"2019-09-05T20:54:35","modified_gmt":"2019-09-05T17:54:35","slug":"foto-video-cantec-joc-si-voie-buna-in-cea-de-a-doua-seara-a-festivalului-national-de-folclor-strugurele-de-aur-2019","status":"publish","type":"post","link":"https:\/\/urbeamea.ro\/albaiulia\/foto-video-cantec-joc-si-voie-buna-in-cea-de-a-doua-seara-a-festivalului-national-de-folclor-strugurele-de-aur-2019\/","title":{"rendered":"FOTO-VIDEO: C\u00e2ntec, joc \u0219i voie bun\u0103 \u00een cea de-a doua sear\u0103 a Festivalului Na\u021bional de Folclor \u201eStrugurele de Aur\u201d 2019"},"content":{"rendered":"\n<p class=\"wp-block-paragraph\"><strong>Festivalul Na\u021bional de Folclor \u201eStrugurele de Aur\u201d 2019 a adus, joi, \u00een a doua sear\u0103 de spectacol al\u021bi 18 tineri talenta\u021bi, fiecare demonstr\u00e2nd c\u0103 merit\u0103 s\u0103 fie c\u00e2\u0219tig\u0103torul edi\u021biei cu num\u0103rul XIX. <\/strong><\/p>\n\n\n\n<p class=\"wp-block-paragraph\">Concuren\u021bii care au urcat joi seara, pe scena Casei de Cultur\u0103 a Sindicatelor:<\/p>\n\n\n\n<p class=\"wp-block-paragraph\"><em><strong>Nume \u0219i prenume \u2013 zona pe care o reprezint\u0103 \u2013 repertoriu \u2013 interpretare:<\/strong><\/em><\/p>\n\n\n\n<ol class=\"wp-block-list\"><li>Hane\u0219 Andrei \u2013 \u021aara Mo\u021bilor \u2013 Valea Ampoiului \u2013 1. Doin\u0103, 2. \u021aarin\u0103 \u2013 Instrumental- taragot<\/li><li>Cre\u021bu Diana Maria \u2013 Valea T\u00e2rnavelor \u2013 1. Doin\u0103, 2. C\u00e2nd treci bade la p\u0103dure, 3. M-am dus cu b\u0103di\u021ba-n vie \u2013 Vocal<\/li><li>Cup\u0219e Denis \u2013 Codru \u2013 1. Doin\u0103, 2. C\u00e2nt la lume c\u0103 mi-i drag\u0103, 3. Pas\u0103re de pe c\u00e2mpie \u2013 Vocal<\/li><li>Mihalache Florin \u2013 Cara\u0219 Severin \u2013 1. Doin\u0103, 2. De-a\u0219 ajunge zile multe, 3. Drag mi-e toamna la cules de vii \u2013 Vocal<\/li><li>Todea Andrei \u2013 Alba \u2013 1.\u00cenv\u00e2rtita din Boian \u0219i Bl\u0103jel, 2. Jiana lui Bordeanu \u2013 Instrumental \u2013 vioar\u0103<\/li><li>Anu\u021boiu Ana Teodora \u2013 \u021ainutul P\u0103durenilor, Timi\u0219 \u2013 1. Doin\u0103, 2. Pe c\u0103rare printre brazi, 3. Vino bade s\u00e2mb\u0103t\u0103 \u2013 Vocal<\/li><li>Marin Diana Izabela \u2013 Valea Mure\u0219ului superior \u2013 1. Doin\u0103, 2. Ceteruica drag\u0103 mi-i \u2013 Vocal<\/li><li>Adamovic Silvija \u2013 Valea Timocului, Serbia \u2013 1. Joc de pe Valea Timocului, 2. Jian\u0103 (Tiberiu Gheza) \u2013 Vocal<\/li><li>Pop Alexandru \u2013 \u021aara Zarandului \u2013 1. Doin\u0103, 2. Nana mea cea dedemult, 3. C\u00e2nd se coc strugurii-n vie \u2013 Vocal<\/li><li>Todor Cristina \u2013 Valea Mure\u0219ului \u2013 1. Doin\u0103, 2. D\u0103 Doamne la lume bine \u2013 Vocal<\/li><li>Popescu Ani\u0219oara \u2013 Olt-Romana\u021bi \u2013 1. Doin\u0103, 2.Ioana neichi, Ioan\u0103 drag\u0103 \u2013 Vocal<\/li><li>R\u0103spop Ionela \u2013 M\u0103rginimea Sibiului \u2013 1. Doin\u0103, 2. Z\u00e2s-o badea s\u0103-l a\u0219tept \u2013 Vocal<\/li><li>\u0218erban Sebastian Mihai \u2013 Valea Mure\u0219ului \u2013 1. Doin\u0103, 2. Pe Valea Mure\u0219ului \u2013 Vocal<\/li><li>V\u00eerciu Ciprian \u2013 \u021aara Mo\u021bilor \u2013 1. Dou\u0103 \u021aarine (colaj) \u2013 Instrumental \u2013 taragot<\/li><li>\u0218u\u0219man Bianca \u0218tefania \u2013 \u021aara Seca\u0219elor \u2013 1. Doin\u0103, 2. Iube\u0219te-m\u0103 bade drag \u2013 Vocal<\/li><li>Timi\u0219 Silvia \u2013 Maramure\u0219ul Istoric \u2013 1. Doin\u0103, 2. C\u00e2te frunze \u00ees \u00een nuc \u2013 Vocal<\/li><li>Jivcu Sorin \u2013 Serbia \u2013 1. Doin\u0103, 2. Joc de doi \u2013 Instrumental \u2013 clarinet<\/li><li>Puia Ioana Teodora \u2013 M\u0103rginimea Sibiului \u2013 1. Doin\u0103, 2. De \u021bi-oi fi b\u0103di\u021b\u0103 drag\u0103 \u2013 Vocal<\/li><\/ol>\n\n\n\n<figure class=\"wp-block-embed-youtube wp-block-embed is-type-video is-provider-youtube wp-embed-aspect-4-3 wp-has-aspect-ratio\"><div class=\"wp-block-embed__wrapper\">\n<iframe loading=\"lazy\" title=\"Hane\u0219 Andrei, la Festivalul Na\u021bional Strugurele de Aur 2019\" width=\"500\" height=\"375\" src=\"https:\/\/www.youtube.com\/embed\/T_i12YNy5Ew?feature=oembed\" frameborder=\"0\" allow=\"accelerometer; autoplay; clipboard-write; encrypted-media; gyroscope; picture-in-picture; web-share\" referrerpolicy=\"strict-origin-when-cross-origin\" allowfullscreen><\/iframe>\n<\/div><\/figure>\n\n\n\n<p class=\"wp-block-paragraph\">\u00cen perioada 4 \u2013 8 septembrie 2019,\u00a0 la Alba Iulia \u0219i Jidvei se desf\u0103\u0219oar\u0103 o nou\u0103 edi\u021bie a Festivalului Na\u021bional de Folclor \u201eStrugurele de Aur\u201d. Ini\u021biat \u0219i sus\u021binut de compania JIDVEI \u00een urm\u0103 cu aproape dou\u0103 decenii, festivalul-concurs a devenit un eveniment na\u021bional de tradi\u021bie, o imagine emblematic\u0103 a festivalurilor de folclor din \u021bar\u0103.<\/p>\n\n\n\n<figure class=\"wp-block-embed-youtube wp-block-embed is-type-video is-provider-youtube wp-embed-aspect-4-3 wp-has-aspect-ratio\"><div class=\"wp-block-embed__wrapper\">\n<iframe loading=\"lazy\" title=\"Cre\u021bu Diana Maria, la Festivalul Na\u021bional Strugurele de Aur 2019\" width=\"500\" height=\"375\" src=\"https:\/\/www.youtube.com\/embed\/InDlct5zuEg?feature=oembed\" frameborder=\"0\" allow=\"accelerometer; autoplay; clipboard-write; encrypted-media; gyroscope; picture-in-picture; web-share\" referrerpolicy=\"strict-origin-when-cross-origin\" allowfullscreen><\/iframe>\n<\/div><\/figure>\n\n\n\n<p class=\"wp-block-paragraph\">De 19 ani, acesta aduce un omagiu culturii tradi\u021bionale \u0219i contribuie \u00een mod activ la p\u0103strarea \u0219i promovarea valorilor spirituale rom\u00e2ne\u0219ti prin descoperirea de noi \u0219i autentice talente interpretative ale folclorului muzical.<\/p>\n\n\n\n<figure class=\"wp-block-embed-youtube wp-block-embed is-type-video is-provider-youtube wp-embed-aspect-4-3 wp-has-aspect-ratio\"><div class=\"wp-block-embed__wrapper\">\n<iframe loading=\"lazy\" title=\"Cup\u0219e Denis, la Festivalul Na\u021bional Strugurele de Aur 2019\" width=\"500\" height=\"375\" src=\"https:\/\/www.youtube.com\/embed\/kDrYIwTuVuw?feature=oembed\" frameborder=\"0\" allow=\"accelerometer; autoplay; clipboard-write; encrypted-media; gyroscope; picture-in-picture; web-share\" referrerpolicy=\"strict-origin-when-cross-origin\" allowfullscreen><\/iframe>\n<\/div><\/figure>\n\n\n\n<p class=\"wp-block-paragraph\">Ca \u00een fiecare an, concursul se deruleaz\u0103 pe dou\u0103 sec\u021biuni: soli\u0219ti vocali \u0219i soli\u0219ti instrumenti\u0219ti. \u00cen urma preselec\u021biei, care a avut loc \u00een data de 8 iulie 2019, juriul a selectat pentru a evolua \u00een cadrul concursului 36 de concuren\u021bi, trei dintre ace\u0219tia fiind din afara \u021b\u0103rii, respectiv din Serbia. Concuren\u021bii, cu v\u00e2rste cuprinse \u00eentre 16 \u0219i 32 de ani, a\u0219teapt\u0103 confirmarea valorii lor interpretative din partea juriului festivalului alc\u0103tuit din speciali\u0219ti de prestigiu din \u021bar\u0103, dar \u0219i din Serbia \u0219i Republica Moldova.<\/p>\n\n\n\n<figure class=\"wp-block-embed-youtube wp-block-embed is-type-video is-provider-youtube wp-embed-aspect-4-3 wp-has-aspect-ratio\"><div class=\"wp-block-embed__wrapper\">\n<iframe loading=\"lazy\" title=\"Mihalache Florin, la Festivalul Na\u021bional Strugurele de Aur 2019\" width=\"500\" height=\"375\" src=\"https:\/\/www.youtube.com\/embed\/9Z_6S-dvtRw?feature=oembed\" frameborder=\"0\" allow=\"accelerometer; autoplay; clipboard-write; encrypted-media; gyroscope; picture-in-picture; web-share\" referrerpolicy=\"strict-origin-when-cross-origin\" allowfullscreen><\/iframe>\n<\/div><\/figure>\n\n\n\n<p class=\"wp-block-paragraph\">Edi\u021bia de anul acesta vine cu o schimbare \u00een programul festivalului, astfel \u00eenc\u00e2t concursul \u0219i recitalurile se vor desf\u0103\u0219ura \u00een zilele de 4 \u0219i 5 septembrie, iar Gala laurea\u021bilor va avea loc vineri, 6 septembrie. Ziua de s\u00e2mb\u0103t\u0103 va fi dedicat\u0103 activit\u0103\u021bilor educative destinate tinerilor concuren\u021bi \u0219i va include \u00een program vizitarea planta\u021biilor de vi\u021b\u0103-de-vie \u0219i a cramelor Jidvei. Duminic\u0103, 8 septembrie, Gala laurea\u021bilor \u00ee\u0219i va afla ecoul la Jidvei, locul \u00een care s-a f\u0103cut primul pas spre ceea ce avea s\u0103 se transforme, \u00een timp, \u00eentr-unul dintre cele mai prestigioase evenimente de profil din \u00eentreaga \u021bar\u0103. \u00centoarcerea la Jidvei are o profund\u0103 semnifica\u021bie \u0219i \u00eenc\u0103rc\u0103tur\u0103 emo\u021bional\u0103, simboliz\u00e2nd \u00eentoarcerea la r\u0103d\u0103cini, la locurile \u0219i oamenii care au dat via\u021b\u0103 pove\u0219tilor vinului, la cei care continu\u0103 s\u0103 reprezinte o surs\u0103 de inspira\u021bie pentru noi \u00een p\u0103strarea tradi\u021biilor vinului, a c\u00e2ntecului, portului \u0219i graiului rom\u00e2nesc.<\/p>\n\n\n\n<figure class=\"wp-block-embed-youtube wp-block-embed is-type-video is-provider-youtube wp-embed-aspect-4-3 wp-has-aspect-ratio\"><div class=\"wp-block-embed__wrapper\">\n<iframe loading=\"lazy\" title=\"Todea Andrei, la Festivalul Na\u021bional Strugurele de Aur 2019\" width=\"500\" height=\"375\" src=\"https:\/\/www.youtube.com\/embed\/OSpEAM_gW08?feature=oembed\" frameborder=\"0\" allow=\"accelerometer; autoplay; clipboard-write; encrypted-media; gyroscope; picture-in-picture; web-share\" referrerpolicy=\"strict-origin-when-cross-origin\" allowfullscreen><\/iframe>\n<\/div><\/figure>\n\n\n\n<p class=\"wp-block-paragraph\">Timp de patru zile, pe scena Casei de Cultur\u0103 a Sindicatelor din Alba Iulia \u0219i pe scena din Pia\u021ba Central\u0103 din localitatea Jidvei, vor evolua interpre\u021bi vocali \u0219i soli\u0219ti instrumenti\u0219ti. Concursul \u0219i Gala laurea\u021bilor vor fi transmise \u00een direct pe TVR 1, \u00een fiecare dintre zilele de 4, 5 \u0219i 6 septembrie 2019, \u00eencep\u00e2nd cu ora 18.00, iar recitalurile vor fi \u00eenregistrate \u0219i difuzate ulterior \u00een cadrul bine-cunoscutei emisiuni de televiziune \u201eTezaur Folcloric\u201d.<\/p>\n\n\n\n<figure class=\"wp-block-embed-youtube wp-block-embed is-type-video is-provider-youtube wp-embed-aspect-4-3 wp-has-aspect-ratio\"><div class=\"wp-block-embed__wrapper\">\n<iframe loading=\"lazy\" title=\"Anu\u021boiu Ana Teodora, la Festival Na\u021bional Strugurele de Aur 2019\" width=\"500\" height=\"375\" src=\"https:\/\/www.youtube.com\/embed\/5JTepgnSPSg?feature=oembed\" frameborder=\"0\" allow=\"accelerometer; autoplay; clipboard-write; encrypted-media; gyroscope; picture-in-picture; web-share\" referrerpolicy=\"strict-origin-when-cross-origin\" allowfullscreen><\/iframe>\n<\/div><\/figure>\n\n\n\n<p class=\"wp-block-paragraph\"><strong>Juriul Festivalului Na\u021bional de Folclor \u201eStrugurele de Aur\u201d, edi\u021bia a XIX-a, 4 \u2013 8 septembrie 2019<\/strong><\/p>\n\n\n\n<ul class=\"wp-block-list\"><li>prof. univ. dr. Ioan Boc\u0219a \u2013 interpret de folclor, pre\u0219edintele juriului<\/li><li>dr. \u00een folclor \u2013 Elise Stan, produc\u0103tor emisiuni TV \u0219i realizator evenimente<\/li><li>Conf. Univ. Dr. Gabriela Rusu P\u0103s\u0103rin \u2013 realizator emisiuni \u00een Grupul Operativ al Departamentului Studiourilor Regionale din cadrul SRR<\/li><li>Conf. Univ. Zinaida Bolboceanu \u2013 Artist\u0103 a Poporului, sef sectie Canto popular Academia de Muzic\u0103, Teatru \u0219i Arte Plastice<\/li><li>Ioana Maria Ardelean \u2013 interpret de folclor, Director Festival<\/li><li>Alexandru Pal \u2013 dirijor, director Centrul Cultural Augustin Bena, Alba<\/li><li>Roman Bugar \u2013 dirijor, instrumentist, reprezentant al comunit\u0103\u021bii rom\u00e2ne, Novi Sad, Serbia<\/li><li>Sergiu Cipariu \u2013 profesor, interpret de folclor<\/li><li>Violeta Ianculescu \u2013 realizator evenimente folclorice Radio Rom\u00e2nia<\/li><li>Felicia Stoian \u2013 interpret de folclor, realizator emisiuni TVR Timi\u0219oara<\/li><li>Loredana Streche \u2013 c\u00e2\u0219tig\u0103tor al trofeului Festivalului edi\u021bia 2009<\/li><\/ul>\n\n\n\n<figure class=\"wp-block-embed-youtube wp-block-embed is-type-video is-provider-youtube wp-embed-aspect-4-3 wp-has-aspect-ratio\"><div class=\"wp-block-embed__wrapper\">\n<iframe loading=\"lazy\" title=\"Marin Diana Izabela, la Festivalul Na\u021bional Strugurele de Aur 2019\" width=\"500\" height=\"375\" src=\"https:\/\/www.youtube.com\/embed\/RxyDLH0tgHo?feature=oembed\" frameborder=\"0\" allow=\"accelerometer; autoplay; clipboard-write; encrypted-media; gyroscope; picture-in-picture; web-share\" referrerpolicy=\"strict-origin-when-cross-origin\" allowfullscreen><\/iframe>\n<\/div><\/figure>\n\n\n\n<p class=\"wp-block-paragraph\">Festivalul continu\u0103 vineri, 6 septembrie, cu Gala laurea\u021bilor \u0219i recitaluri oferite de nume grele ale muzicii populare rom\u00e2ne\u0219ti.<\/p>\n\n\n\n<figure class=\"wp-block-embed-youtube wp-block-embed is-type-video is-provider-youtube wp-embed-aspect-4-3 wp-has-aspect-ratio\"><div class=\"wp-block-embed__wrapper\">\n<iframe loading=\"lazy\" title=\"Adamovic Silvija, la Festivalul Na\u021bional Strugurele de Aur 2019\" width=\"500\" height=\"375\" src=\"https:\/\/www.youtube.com\/embed\/tjPR5y1IusA?feature=oembed\" frameborder=\"0\" allow=\"accelerometer; autoplay; clipboard-write; encrypted-media; gyroscope; picture-in-picture; web-share\" referrerpolicy=\"strict-origin-when-cross-origin\" allowfullscreen><\/iframe>\n<\/div><\/figure>\n\n\n\n<p class=\"wp-block-paragraph\"><strong>Vineri, 6 septembrie 2019, Alba Iulia, Casa de Cultur\u0103 a Sindicatelor<\/strong><\/p>\n\n\n\n<p class=\"wp-block-paragraph\">18.00 \u2013 19.45 \u2013 GALA LAUREA\u021aILOR<\/p>\n\n\n\n<ul class=\"wp-block-list\"><li>Transmisiune \u00een direct TVR 1<\/li><li>Iulian B\u0103lu\u021bel \u2013 Marele Premiu al Festivalului \u201eStrugurele de Aur\u201d, edi\u021bia 2018<\/li><li>Florina B\u0103lan \u2013 Premiul I Soli\u0219ti Vocali al Festivalului \u201eStrugurele de Aur\u201d, edi\u021bia 2018<\/li><\/ul>\n\n\n\n<p class=\"wp-block-paragraph\">20.00 \u2013 22.15 \u2013 RECITALURI<\/p>\n\n\n\n<ul class=\"wp-block-list\"><li>Nicolae Furdui Iancu<\/li><li>Laura Lavric<\/li><li>Ioan Boc\u0219a<\/li><li>Sergiu Cipariu<\/li><li>Constantin L\u0103t\u0103re\u021bu<\/li><li>Roman Bugar<\/li><li>Alexandru Pal \u0219i Roxana Reche<\/li><li>Ansamblul Jidvei, laurea\u021bi ai Festivalului \u201eStrugurele de Aur\u201d \u0219i tineri interpre\u021bi de folclor.<\/li><\/ul>\n\n\n\n<figure class=\"wp-block-embed-youtube wp-block-embed is-type-video is-provider-youtube wp-embed-aspect-4-3 wp-has-aspect-ratio\"><div class=\"wp-block-embed__wrapper\">\n<iframe loading=\"lazy\" title=\"Pop Alexandru, la Festivalul Na\u021bional Strugurele de Aur 2019\" width=\"500\" height=\"375\" src=\"https:\/\/www.youtube.com\/embed\/hS-9mE81wxM?feature=oembed\" frameborder=\"0\" allow=\"accelerometer; autoplay; clipboard-write; encrypted-media; gyroscope; picture-in-picture; web-share\" referrerpolicy=\"strict-origin-when-cross-origin\" allowfullscreen><\/iframe>\n<\/div><\/figure>\n\n\n\n<p class=\"wp-block-paragraph\"><strong>Duminic\u0103, 8 septembrie 2019, Jidvei, Pia\u021ba Central\u0103<\/strong><\/p>\n\n\n\n<p class=\"wp-block-paragraph\">14.00 \u2013 18.30 \u2013 Spectacol de Muzic\u0103 Popular\u0103 sus\u021binut de arti\u0219ti din Transilvania \u2013 regizat \u0219i prezentat de Marinela Baba<\/p>\n\n\n\n<p class=\"wp-block-paragraph\">19.00 \u2013 22.30 \u2013 Ecoul Galei Laurea\u021bilor \u0219i Recitaluri:<\/p>\n\n\n\n<ul class=\"wp-block-list\"><li>Nicolae Furdui Iancu<\/li><li>Zinaida Bolboceanu<\/li><li>Ioan Boc\u0219a<\/li><li>Sergiu Cipariu<\/li><li>Reta Rus<\/li><li>Leontina F\u0103rca\u0219 \u0219i grupul vocal \u201eMuguri de Tezaur\u201d<\/li><li>Iulian B\u0103lu\u021bel \u2013 Marele Premiu al Festivalului \u201eStrugurele de Aur\u201d, edi\u021bia 2018<\/li><li>Ansamblul Jidvei, laurea\u021bi ai Festivalului \u201eStrugurele de Aur\u201d \u0219i tineri interpre\u021bi de folclor.<\/li><li>Ansamblul Jidvei: Maria U\u021biu, Cristina Todor, Daniela Popa, Ioana \u0218olea, Adina Popa, Iulia \u0218chiau, Alexandra B\u0103cil\u0103, Denisa Balu, Ioana Ag\u00e2rbicean, C\u0103t\u0103lina Furdui, Iulia Banciu, Raluca Dul\u0103u, Florina Oprea, Gabriela Oancea, Georgiana Oancea, Ionela Stani, Ionela R\u0103spop, Oana Marian, Oana Horhat, Antonia Bogdan, Antonia Muntean, Emilia Muntean, Lorena Adam, Sebastian Stan, Gabriel Bucur, Aurelian Adam, Nicu\u0219or Balu, Alexandru Urs, Iulian Bic, Alexandru Popescu, Andrei Iv\u0103nu\u0219, Nelu\u021bu Blaga, Mitic\u0103 Stroie, Ovidiu Axente, Andrei Banciu, C\u0103t\u0103lin Noja, C\u0103t\u0103lin Rus, Aurel Lupu, Paul One\u021biu, Radu Adam.<\/li><li>Ansamblul Folcloric al Jude\u021bului Alba: Alexandru Pal (nai), Roxana Reche, Dorina Nari\u021ba, Maria Filmon, Floricica Moga, Nicolae Plut\u0103.<\/li><li>Laurea\u021bi \u0219i tineri interpre\u021bi: Stana Step\u0103nescu, Bogdan Cioranu, Loredana Streche, Ilie Cara\u0219, Paul Ananie, Stela Botez, Adriana Sofica, Valentin Precup.<\/li><li>Acompaniamentul orchestral: Orchestra JIDVEI Rom\u00e2nia, dirijori: Stelian STOICA \u0219i Alexandru PAL<\/li><\/ul>\n\n\n\n<p class=\"wp-block-paragraph\">Prezint\u0103: Andreea Bogdan, Cezar Firu, Gheorghi\u021ba Nicolae<\/p>\n\n\n\n<figure class=\"wp-block-embed-youtube wp-block-embed is-type-video is-provider-youtube wp-embed-aspect-4-3 wp-has-aspect-ratio\"><div class=\"wp-block-embed__wrapper\">\n<iframe loading=\"lazy\" title=\"Todor Cristina, la Festivalul Na\u021bional Strugurele de Aur 2019\" width=\"500\" height=\"375\" src=\"https:\/\/www.youtube.com\/embed\/2ISaTVQ2BeU?feature=oembed\" frameborder=\"0\" allow=\"accelerometer; autoplay; clipboard-write; encrypted-media; gyroscope; picture-in-picture; web-share\" referrerpolicy=\"strict-origin-when-cross-origin\" allowfullscreen><\/iframe>\n<\/div><\/figure>\n\n\n\n<figure class=\"wp-block-embed-youtube wp-block-embed is-type-video is-provider-youtube wp-embed-aspect-4-3 wp-has-aspect-ratio\"><div class=\"wp-block-embed__wrapper\">\n<iframe loading=\"lazy\" title=\"Popescu Ani\u0219oara, la Festivalul Na\u021bional Strugurele de Aur 2019\" width=\"500\" height=\"375\" src=\"https:\/\/www.youtube.com\/embed\/WQmfAH5VwfU?feature=oembed\" frameborder=\"0\" allow=\"accelerometer; autoplay; clipboard-write; encrypted-media; gyroscope; picture-in-picture; web-share\" referrerpolicy=\"strict-origin-when-cross-origin\" allowfullscreen><\/iframe>\n<\/div><\/figure>\n\n\n\n<figure class=\"wp-block-embed-youtube wp-block-embed is-type-video is-provider-youtube wp-embed-aspect-4-3 wp-has-aspect-ratio\"><div class=\"wp-block-embed__wrapper\">\n<iframe loading=\"lazy\" title=\"R\u0103spop Ionela, la Festivalul Na\u021bional Strugurele de Aur 2019\" width=\"500\" height=\"375\" src=\"https:\/\/www.youtube.com\/embed\/F06frFw938Y?feature=oembed\" frameborder=\"0\" allow=\"accelerometer; autoplay; clipboard-write; encrypted-media; gyroscope; picture-in-picture; web-share\" referrerpolicy=\"strict-origin-when-cross-origin\" allowfullscreen><\/iframe>\n<\/div><\/figure>\n\n\n\n<figure class=\"wp-block-embed-youtube wp-block-embed is-type-video is-provider-youtube wp-embed-aspect-4-3 wp-has-aspect-ratio\"><div class=\"wp-block-embed__wrapper\">\n<iframe loading=\"lazy\" title=\"\u0218erban Sebastian Mihai, la Festivalul Na\u021bional Strugurele de Aur 2019\" width=\"500\" height=\"375\" src=\"https:\/\/www.youtube.com\/embed\/jhJhjfp9raY?feature=oembed\" frameborder=\"0\" allow=\"accelerometer; autoplay; clipboard-write; encrypted-media; gyroscope; picture-in-picture; web-share\" referrerpolicy=\"strict-origin-when-cross-origin\" allowfullscreen><\/iframe>\n<\/div><\/figure>\n\n\n\n<figure class=\"wp-block-embed-youtube wp-block-embed is-type-video is-provider-youtube wp-embed-aspect-4-3 wp-has-aspect-ratio\"><div class=\"wp-block-embed__wrapper\">\n<iframe loading=\"lazy\" title=\"V\u00e2rciu Ciprian, la Festivalul Na\u021bional Strugurele de Aur 2019\" width=\"500\" height=\"375\" src=\"https:\/\/www.youtube.com\/embed\/2FFcPAGs9OU?feature=oembed\" frameborder=\"0\" allow=\"accelerometer; autoplay; clipboard-write; encrypted-media; gyroscope; picture-in-picture; web-share\" referrerpolicy=\"strict-origin-when-cross-origin\" allowfullscreen><\/iframe>\n<\/div><\/figure>\n\n\n\n<figure class=\"wp-block-embed-youtube wp-block-embed is-type-video is-provider-youtube wp-embed-aspect-4-3 wp-has-aspect-ratio\"><div class=\"wp-block-embed__wrapper\">\n<iframe loading=\"lazy\" title=\"\u0218u\u0219man Bianca \u0218tefania, la Festivalul Na\u021bional Strugurele de Aur 2019\" width=\"500\" height=\"375\" src=\"https:\/\/www.youtube.com\/embed\/-gcfvXvgUpA?feature=oembed\" frameborder=\"0\" allow=\"accelerometer; autoplay; clipboard-write; encrypted-media; gyroscope; picture-in-picture; web-share\" referrerpolicy=\"strict-origin-when-cross-origin\" allowfullscreen><\/iframe>\n<\/div><\/figure>\n\n\n\n<ul class=\"wp-block-gallery columns-3 is-cropped wp-block-gallery-1 is-layout-flex wp-block-gallery-is-layout-flex\"><li class=\"blocks-gallery-item\"><figure><a href=\"https:\/\/urbeamea.ro\/albaiulia\/wp-content\/uploads\/2019\/09\/DSC_0001-1-1280x853.jpg\"><img loading=\"lazy\" decoding=\"async\" width=\"1280\" height=\"853\" src=\"https:\/\/urbeamea.ro\/albaiulia\/wp-content\/uploads\/2019\/09\/DSC_0001-1-1280x853.jpg\" alt=\"\" data-id=\"82234\" data-link=\"https:\/\/urbeamea.ro\/albaiulia\/?attachment_id=82234\" class=\"wp-image-82234\" srcset=\"https:\/\/urbeamea.ro\/albaiulia\/wp-content\/uploads\/2019\/09\/DSC_0001-1-1280x853.jpg 1280w, https:\/\/urbeamea.ro\/albaiulia\/wp-content\/uploads\/2019\/09\/DSC_0001-1-150x100.jpg 150w, https:\/\/urbeamea.ro\/albaiulia\/wp-content\/uploads\/2019\/09\/DSC_0001-1-640x427.jpg 640w, https:\/\/urbeamea.ro\/albaiulia\/wp-content\/uploads\/2019\/09\/DSC_0001-1-768x512.jpg 768w, https:\/\/urbeamea.ro\/albaiulia\/wp-content\/uploads\/2019\/09\/DSC_0001-1.jpg 1500w\" sizes=\"auto, (max-width: 1280px) 100vw, 1280px\" \/><\/a><\/figure><\/li><li class=\"blocks-gallery-item\"><figure><a href=\"https:\/\/urbeamea.ro\/albaiulia\/wp-content\/uploads\/2019\/09\/DSC_0002-1-1280x853.jpg\"><img loading=\"lazy\" decoding=\"async\" width=\"1280\" height=\"853\" src=\"https:\/\/urbeamea.ro\/albaiulia\/wp-content\/uploads\/2019\/09\/DSC_0002-1-1280x853.jpg\" alt=\"\" data-id=\"82235\" data-link=\"https:\/\/urbeamea.ro\/albaiulia\/?attachment_id=82235\" class=\"wp-image-82235\" srcset=\"https:\/\/urbeamea.ro\/albaiulia\/wp-content\/uploads\/2019\/09\/DSC_0002-1-1280x853.jpg 1280w, https:\/\/urbeamea.ro\/albaiulia\/wp-content\/uploads\/2019\/09\/DSC_0002-1-150x100.jpg 150w, https:\/\/urbeamea.ro\/albaiulia\/wp-content\/uploads\/2019\/09\/DSC_0002-1-640x427.jpg 640w, https:\/\/urbeamea.ro\/albaiulia\/wp-content\/uploads\/2019\/09\/DSC_0002-1-768x512.jpg 768w, https:\/\/urbeamea.ro\/albaiulia\/wp-content\/uploads\/2019\/09\/DSC_0002-1.jpg 1500w\" sizes=\"auto, (max-width: 1280px) 100vw, 1280px\" \/><\/a><\/figure><\/li><li class=\"blocks-gallery-item\"><figure><a href=\"https:\/\/urbeamea.ro\/albaiulia\/wp-content\/uploads\/2019\/09\/DSC_0003-1-1280x853.jpg\"><img loading=\"lazy\" decoding=\"async\" width=\"1280\" height=\"853\" src=\"https:\/\/urbeamea.ro\/albaiulia\/wp-content\/uploads\/2019\/09\/DSC_0003-1-1280x853.jpg\" alt=\"\" data-id=\"82236\" data-link=\"https:\/\/urbeamea.ro\/albaiulia\/?attachment_id=82236\" class=\"wp-image-82236\" srcset=\"https:\/\/urbeamea.ro\/albaiulia\/wp-content\/uploads\/2019\/09\/DSC_0003-1-1280x853.jpg 1280w, https:\/\/urbeamea.ro\/albaiulia\/wp-content\/uploads\/2019\/09\/DSC_0003-1-150x100.jpg 150w, https:\/\/urbeamea.ro\/albaiulia\/wp-content\/uploads\/2019\/09\/DSC_0003-1-640x427.jpg 640w, https:\/\/urbeamea.ro\/albaiulia\/wp-content\/uploads\/2019\/09\/DSC_0003-1-768x512.jpg 768w, https:\/\/urbeamea.ro\/albaiulia\/wp-content\/uploads\/2019\/09\/DSC_0003-1-1200x800.jpg 1200w, https:\/\/urbeamea.ro\/albaiulia\/wp-content\/uploads\/2019\/09\/DSC_0003-1.jpg 1500w\" sizes=\"auto, (max-width: 1280px) 100vw, 1280px\" \/><\/a><\/figure><\/li><li class=\"blocks-gallery-item\"><figure><a href=\"https:\/\/urbeamea.ro\/albaiulia\/wp-content\/uploads\/2019\/09\/DSC_0004-1-1280x853.jpg\"><img loading=\"lazy\" decoding=\"async\" width=\"1280\" height=\"853\" src=\"https:\/\/urbeamea.ro\/albaiulia\/wp-content\/uploads\/2019\/09\/DSC_0004-1-1280x853.jpg\" alt=\"\" data-id=\"82237\" data-link=\"https:\/\/urbeamea.ro\/albaiulia\/?attachment_id=82237\" class=\"wp-image-82237\" srcset=\"https:\/\/urbeamea.ro\/albaiulia\/wp-content\/uploads\/2019\/09\/DSC_0004-1-1280x853.jpg 1280w, https:\/\/urbeamea.ro\/albaiulia\/wp-content\/uploads\/2019\/09\/DSC_0004-1-150x100.jpg 150w, https:\/\/urbeamea.ro\/albaiulia\/wp-content\/uploads\/2019\/09\/DSC_0004-1-640x427.jpg 640w, https:\/\/urbeamea.ro\/albaiulia\/wp-content\/uploads\/2019\/09\/DSC_0004-1-768x512.jpg 768w, https:\/\/urbeamea.ro\/albaiulia\/wp-content\/uploads\/2019\/09\/DSC_0004-1.jpg 1500w\" sizes=\"auto, (max-width: 1280px) 100vw, 1280px\" \/><\/a><\/figure><\/li><li class=\"blocks-gallery-item\"><figure><a href=\"https:\/\/urbeamea.ro\/albaiulia\/wp-content\/uploads\/2019\/09\/DSC_0005-1-1280x853.jpg\"><img loading=\"lazy\" decoding=\"async\" width=\"1280\" height=\"853\" src=\"https:\/\/urbeamea.ro\/albaiulia\/wp-content\/uploads\/2019\/09\/DSC_0005-1-1280x853.jpg\" alt=\"\" data-id=\"82238\" data-link=\"https:\/\/urbeamea.ro\/albaiulia\/?attachment_id=82238\" class=\"wp-image-82238\" srcset=\"https:\/\/urbeamea.ro\/albaiulia\/wp-content\/uploads\/2019\/09\/DSC_0005-1-1280x853.jpg 1280w, https:\/\/urbeamea.ro\/albaiulia\/wp-content\/uploads\/2019\/09\/DSC_0005-1-150x100.jpg 150w, https:\/\/urbeamea.ro\/albaiulia\/wp-content\/uploads\/2019\/09\/DSC_0005-1-640x427.jpg 640w, https:\/\/urbeamea.ro\/albaiulia\/wp-content\/uploads\/2019\/09\/DSC_0005-1-768x512.jpg 768w, https:\/\/urbeamea.ro\/albaiulia\/wp-content\/uploads\/2019\/09\/DSC_0005-1.jpg 1500w\" sizes=\"auto, (max-width: 1280px) 100vw, 1280px\" \/><\/a><\/figure><\/li><li class=\"blocks-gallery-item\"><figure><a href=\"https:\/\/urbeamea.ro\/albaiulia\/wp-content\/uploads\/2019\/09\/DSC_0006-1-1280x853.jpg\"><img loading=\"lazy\" decoding=\"async\" width=\"1280\" height=\"853\" src=\"https:\/\/urbeamea.ro\/albaiulia\/wp-content\/uploads\/2019\/09\/DSC_0006-1-1280x853.jpg\" alt=\"\" data-id=\"82239\" data-link=\"https:\/\/urbeamea.ro\/albaiulia\/?attachment_id=82239\" class=\"wp-image-82239\" srcset=\"https:\/\/urbeamea.ro\/albaiulia\/wp-content\/uploads\/2019\/09\/DSC_0006-1-1280x853.jpg 1280w, https:\/\/urbeamea.ro\/albaiulia\/wp-content\/uploads\/2019\/09\/DSC_0006-1-150x100.jpg 150w, https:\/\/urbeamea.ro\/albaiulia\/wp-content\/uploads\/2019\/09\/DSC_0006-1-640x427.jpg 640w, https:\/\/urbeamea.ro\/albaiulia\/wp-content\/uploads\/2019\/09\/DSC_0006-1-768x512.jpg 768w, https:\/\/urbeamea.ro\/albaiulia\/wp-content\/uploads\/2019\/09\/DSC_0006-1.jpg 1500w\" sizes=\"auto, (max-width: 1280px) 100vw, 1280px\" \/><\/a><\/figure><\/li><li class=\"blocks-gallery-item\"><figure><a href=\"https:\/\/urbeamea.ro\/albaiulia\/wp-content\/uploads\/2019\/09\/DSC_0007-1-1280x853.jpg\"><img loading=\"lazy\" decoding=\"async\" width=\"1280\" height=\"853\" src=\"https:\/\/urbeamea.ro\/albaiulia\/wp-content\/uploads\/2019\/09\/DSC_0007-1-1280x853.jpg\" alt=\"\" data-id=\"82240\" data-link=\"https:\/\/urbeamea.ro\/albaiulia\/?attachment_id=82240\" class=\"wp-image-82240\" srcset=\"https:\/\/urbeamea.ro\/albaiulia\/wp-content\/uploads\/2019\/09\/DSC_0007-1-1280x853.jpg 1280w, https:\/\/urbeamea.ro\/albaiulia\/wp-content\/uploads\/2019\/09\/DSC_0007-1-150x100.jpg 150w, https:\/\/urbeamea.ro\/albaiulia\/wp-content\/uploads\/2019\/09\/DSC_0007-1-640x427.jpg 640w, https:\/\/urbeamea.ro\/albaiulia\/wp-content\/uploads\/2019\/09\/DSC_0007-1-768x512.jpg 768w, https:\/\/urbeamea.ro\/albaiulia\/wp-content\/uploads\/2019\/09\/DSC_0007-1.jpg 1500w\" sizes=\"auto, (max-width: 1280px) 100vw, 1280px\" \/><\/a><\/figure><\/li><li class=\"blocks-gallery-item\"><figure><a href=\"https:\/\/urbeamea.ro\/albaiulia\/wp-content\/uploads\/2019\/09\/DSC_0009-1-1280x853.jpg\"><img loading=\"lazy\" decoding=\"async\" width=\"1280\" height=\"853\" src=\"https:\/\/urbeamea.ro\/albaiulia\/wp-content\/uploads\/2019\/09\/DSC_0009-1-1280x853.jpg\" alt=\"\" data-id=\"82241\" data-link=\"https:\/\/urbeamea.ro\/albaiulia\/?attachment_id=82241\" class=\"wp-image-82241\" srcset=\"https:\/\/urbeamea.ro\/albaiulia\/wp-content\/uploads\/2019\/09\/DSC_0009-1-1280x853.jpg 1280w, https:\/\/urbeamea.ro\/albaiulia\/wp-content\/uploads\/2019\/09\/DSC_0009-1-150x100.jpg 150w, https:\/\/urbeamea.ro\/albaiulia\/wp-content\/uploads\/2019\/09\/DSC_0009-1-640x427.jpg 640w, https:\/\/urbeamea.ro\/albaiulia\/wp-content\/uploads\/2019\/09\/DSC_0009-1-768x512.jpg 768w, https:\/\/urbeamea.ro\/albaiulia\/wp-content\/uploads\/2019\/09\/DSC_0009-1.jpg 1500w\" sizes=\"auto, (max-width: 1280px) 100vw, 1280px\" \/><\/a><\/figure><\/li><li class=\"blocks-gallery-item\"><figure><a href=\"https:\/\/urbeamea.ro\/albaiulia\/wp-content\/uploads\/2019\/09\/DSC_0010-1280x853.jpg\"><img loading=\"lazy\" decoding=\"async\" width=\"1280\" height=\"853\" src=\"https:\/\/urbeamea.ro\/albaiulia\/wp-content\/uploads\/2019\/09\/DSC_0010-1280x853.jpg\" alt=\"\" data-id=\"82242\" data-link=\"https:\/\/urbeamea.ro\/albaiulia\/?attachment_id=82242\" class=\"wp-image-82242\" srcset=\"https:\/\/urbeamea.ro\/albaiulia\/wp-content\/uploads\/2019\/09\/DSC_0010-1280x853.jpg 1280w, https:\/\/urbeamea.ro\/albaiulia\/wp-content\/uploads\/2019\/09\/DSC_0010-150x100.jpg 150w, https:\/\/urbeamea.ro\/albaiulia\/wp-content\/uploads\/2019\/09\/DSC_0010-640x427.jpg 640w, https:\/\/urbeamea.ro\/albaiulia\/wp-content\/uploads\/2019\/09\/DSC_0010-768x512.jpg 768w, https:\/\/urbeamea.ro\/albaiulia\/wp-content\/uploads\/2019\/09\/DSC_0010.jpg 1500w\" sizes=\"auto, (max-width: 1280px) 100vw, 1280px\" \/><\/a><\/figure><\/li><li class=\"blocks-gallery-item\"><figure><a href=\"https:\/\/urbeamea.ro\/albaiulia\/wp-content\/uploads\/2019\/09\/DSC_0012-1-1280x853.jpg\"><img loading=\"lazy\" decoding=\"async\" width=\"1280\" height=\"853\" src=\"https:\/\/urbeamea.ro\/albaiulia\/wp-content\/uploads\/2019\/09\/DSC_0012-1-1280x853.jpg\" alt=\"\" data-id=\"82243\" data-link=\"https:\/\/urbeamea.ro\/albaiulia\/?attachment_id=82243\" class=\"wp-image-82243\" srcset=\"https:\/\/urbeamea.ro\/albaiulia\/wp-content\/uploads\/2019\/09\/DSC_0012-1-1280x853.jpg 1280w, https:\/\/urbeamea.ro\/albaiulia\/wp-content\/uploads\/2019\/09\/DSC_0012-1-150x100.jpg 150w, https:\/\/urbeamea.ro\/albaiulia\/wp-content\/uploads\/2019\/09\/DSC_0012-1-640x427.jpg 640w, https:\/\/urbeamea.ro\/albaiulia\/wp-content\/uploads\/2019\/09\/DSC_0012-1-768x512.jpg 768w, https:\/\/urbeamea.ro\/albaiulia\/wp-content\/uploads\/2019\/09\/DSC_0012-1.jpg 1500w\" sizes=\"auto, (max-width: 1280px) 100vw, 1280px\" \/><\/a><\/figure><\/li><li class=\"blocks-gallery-item\"><figure><a href=\"https:\/\/urbeamea.ro\/albaiulia\/wp-content\/uploads\/2019\/09\/DSC_0013-1280x853.jpg\"><img loading=\"lazy\" decoding=\"async\" width=\"1280\" height=\"853\" src=\"https:\/\/urbeamea.ro\/albaiulia\/wp-content\/uploads\/2019\/09\/DSC_0013-1280x853.jpg\" alt=\"\" data-id=\"82244\" data-link=\"https:\/\/urbeamea.ro\/albaiulia\/?attachment_id=82244\" class=\"wp-image-82244\" srcset=\"https:\/\/urbeamea.ro\/albaiulia\/wp-content\/uploads\/2019\/09\/DSC_0013-1280x853.jpg 1280w, https:\/\/urbeamea.ro\/albaiulia\/wp-content\/uploads\/2019\/09\/DSC_0013-150x100.jpg 150w, https:\/\/urbeamea.ro\/albaiulia\/wp-content\/uploads\/2019\/09\/DSC_0013-640x427.jpg 640w, https:\/\/urbeamea.ro\/albaiulia\/wp-content\/uploads\/2019\/09\/DSC_0013-768x512.jpg 768w, https:\/\/urbeamea.ro\/albaiulia\/wp-content\/uploads\/2019\/09\/DSC_0013.jpg 1500w\" sizes=\"auto, (max-width: 1280px) 100vw, 1280px\" \/><\/a><\/figure><\/li><li class=\"blocks-gallery-item\"><figure><a href=\"https:\/\/urbeamea.ro\/albaiulia\/wp-content\/uploads\/2019\/09\/DSC_0015-1-1280x853.jpg\"><img loading=\"lazy\" decoding=\"async\" width=\"1280\" height=\"853\" src=\"https:\/\/urbeamea.ro\/albaiulia\/wp-content\/uploads\/2019\/09\/DSC_0015-1-1280x853.jpg\" alt=\"\" data-id=\"82245\" data-link=\"https:\/\/urbeamea.ro\/albaiulia\/?attachment_id=82245\" class=\"wp-image-82245\" srcset=\"https:\/\/urbeamea.ro\/albaiulia\/wp-content\/uploads\/2019\/09\/DSC_0015-1-1280x853.jpg 1280w, https:\/\/urbeamea.ro\/albaiulia\/wp-content\/uploads\/2019\/09\/DSC_0015-1-150x100.jpg 150w, https:\/\/urbeamea.ro\/albaiulia\/wp-content\/uploads\/2019\/09\/DSC_0015-1-640x427.jpg 640w, https:\/\/urbeamea.ro\/albaiulia\/wp-content\/uploads\/2019\/09\/DSC_0015-1-768x512.jpg 768w, https:\/\/urbeamea.ro\/albaiulia\/wp-content\/uploads\/2019\/09\/DSC_0015-1.jpg 1500w\" sizes=\"auto, (max-width: 1280px) 100vw, 1280px\" \/><\/a><\/figure><\/li><li class=\"blocks-gallery-item\"><figure><a href=\"https:\/\/urbeamea.ro\/albaiulia\/wp-content\/uploads\/2019\/09\/DSC_0016-1-1280x853.jpg\"><img loading=\"lazy\" decoding=\"async\" width=\"1280\" height=\"853\" src=\"https:\/\/urbeamea.ro\/albaiulia\/wp-content\/uploads\/2019\/09\/DSC_0016-1-1280x853.jpg\" alt=\"\" data-id=\"82246\" data-link=\"https:\/\/urbeamea.ro\/albaiulia\/?attachment_id=82246\" class=\"wp-image-82246\" srcset=\"https:\/\/urbeamea.ro\/albaiulia\/wp-content\/uploads\/2019\/09\/DSC_0016-1-1280x853.jpg 1280w, https:\/\/urbeamea.ro\/albaiulia\/wp-content\/uploads\/2019\/09\/DSC_0016-1-150x100.jpg 150w, https:\/\/urbeamea.ro\/albaiulia\/wp-content\/uploads\/2019\/09\/DSC_0016-1-640x427.jpg 640w, https:\/\/urbeamea.ro\/albaiulia\/wp-content\/uploads\/2019\/09\/DSC_0016-1-768x512.jpg 768w, https:\/\/urbeamea.ro\/albaiulia\/wp-content\/uploads\/2019\/09\/DSC_0016-1.jpg 1500w\" sizes=\"auto, (max-width: 1280px) 100vw, 1280px\" \/><\/a><\/figure><\/li><li class=\"blocks-gallery-item\"><figure><a href=\"https:\/\/urbeamea.ro\/albaiulia\/wp-content\/uploads\/2019\/09\/DSC_0018-1280x853.jpg\"><img loading=\"lazy\" decoding=\"async\" width=\"1280\" height=\"853\" src=\"https:\/\/urbeamea.ro\/albaiulia\/wp-content\/uploads\/2019\/09\/DSC_0018-1280x853.jpg\" alt=\"\" data-id=\"82247\" data-link=\"https:\/\/urbeamea.ro\/albaiulia\/?attachment_id=82247\" class=\"wp-image-82247\" srcset=\"https:\/\/urbeamea.ro\/albaiulia\/wp-content\/uploads\/2019\/09\/DSC_0018-1280x853.jpg 1280w, https:\/\/urbeamea.ro\/albaiulia\/wp-content\/uploads\/2019\/09\/DSC_0018-150x100.jpg 150w, https:\/\/urbeamea.ro\/albaiulia\/wp-content\/uploads\/2019\/09\/DSC_0018-640x427.jpg 640w, https:\/\/urbeamea.ro\/albaiulia\/wp-content\/uploads\/2019\/09\/DSC_0018-768x512.jpg 768w, https:\/\/urbeamea.ro\/albaiulia\/wp-content\/uploads\/2019\/09\/DSC_0018.jpg 1500w\" sizes=\"auto, (max-width: 1280px) 100vw, 1280px\" \/><\/a><\/figure><\/li><li class=\"blocks-gallery-item\"><figure><a href=\"https:\/\/urbeamea.ro\/albaiulia\/wp-content\/uploads\/2019\/09\/DSC_0019-1-1280x853.jpg\"><img loading=\"lazy\" decoding=\"async\" width=\"1280\" height=\"853\" src=\"https:\/\/urbeamea.ro\/albaiulia\/wp-content\/uploads\/2019\/09\/DSC_0019-1-1280x853.jpg\" alt=\"\" data-id=\"82248\" data-link=\"https:\/\/urbeamea.ro\/albaiulia\/?attachment_id=82248\" class=\"wp-image-82248\" srcset=\"https:\/\/urbeamea.ro\/albaiulia\/wp-content\/uploads\/2019\/09\/DSC_0019-1-1280x853.jpg 1280w, https:\/\/urbeamea.ro\/albaiulia\/wp-content\/uploads\/2019\/09\/DSC_0019-1-150x100.jpg 150w, https:\/\/urbeamea.ro\/albaiulia\/wp-content\/uploads\/2019\/09\/DSC_0019-1-640x427.jpg 640w, https:\/\/urbeamea.ro\/albaiulia\/wp-content\/uploads\/2019\/09\/DSC_0019-1-768x512.jpg 768w, https:\/\/urbeamea.ro\/albaiulia\/wp-content\/uploads\/2019\/09\/DSC_0019-1.jpg 1500w\" sizes=\"auto, (max-width: 1280px) 100vw, 1280px\" \/><\/a><\/figure><\/li><li class=\"blocks-gallery-item\"><figure><a href=\"https:\/\/urbeamea.ro\/albaiulia\/wp-content\/uploads\/2019\/09\/DSC_0021-1-1280x853.jpg\"><img loading=\"lazy\" decoding=\"async\" width=\"1280\" height=\"853\" src=\"https:\/\/urbeamea.ro\/albaiulia\/wp-content\/uploads\/2019\/09\/DSC_0021-1-1280x853.jpg\" alt=\"\" data-id=\"82249\" data-link=\"https:\/\/urbeamea.ro\/albaiulia\/?attachment_id=82249\" class=\"wp-image-82249\" srcset=\"https:\/\/urbeamea.ro\/albaiulia\/wp-content\/uploads\/2019\/09\/DSC_0021-1-1280x853.jpg 1280w, https:\/\/urbeamea.ro\/albaiulia\/wp-content\/uploads\/2019\/09\/DSC_0021-1-150x100.jpg 150w, https:\/\/urbeamea.ro\/albaiulia\/wp-content\/uploads\/2019\/09\/DSC_0021-1-640x427.jpg 640w, https:\/\/urbeamea.ro\/albaiulia\/wp-content\/uploads\/2019\/09\/DSC_0021-1-768x512.jpg 768w, https:\/\/urbeamea.ro\/albaiulia\/wp-content\/uploads\/2019\/09\/DSC_0021-1.jpg 1500w\" sizes=\"auto, (max-width: 1280px) 100vw, 1280px\" \/><\/a><\/figure><\/li><li class=\"blocks-gallery-item\"><figure><a href=\"https:\/\/urbeamea.ro\/albaiulia\/wp-content\/uploads\/2019\/09\/DSC_0022-1-1280x853.jpg\"><img loading=\"lazy\" decoding=\"async\" width=\"1280\" height=\"853\" src=\"https:\/\/urbeamea.ro\/albaiulia\/wp-content\/uploads\/2019\/09\/DSC_0022-1-1280x853.jpg\" alt=\"\" data-id=\"82250\" data-link=\"https:\/\/urbeamea.ro\/albaiulia\/?attachment_id=82250\" class=\"wp-image-82250\" srcset=\"https:\/\/urbeamea.ro\/albaiulia\/wp-content\/uploads\/2019\/09\/DSC_0022-1-1280x853.jpg 1280w, https:\/\/urbeamea.ro\/albaiulia\/wp-content\/uploads\/2019\/09\/DSC_0022-1-150x100.jpg 150w, https:\/\/urbeamea.ro\/albaiulia\/wp-content\/uploads\/2019\/09\/DSC_0022-1-640x427.jpg 640w, https:\/\/urbeamea.ro\/albaiulia\/wp-content\/uploads\/2019\/09\/DSC_0022-1-768x512.jpg 768w, https:\/\/urbeamea.ro\/albaiulia\/wp-content\/uploads\/2019\/09\/DSC_0022-1.jpg 1500w\" sizes=\"auto, (max-width: 1280px) 100vw, 1280px\" \/><\/a><\/figure><\/li><li class=\"blocks-gallery-item\"><figure><a href=\"https:\/\/urbeamea.ro\/albaiulia\/wp-content\/uploads\/2019\/09\/DSC_0024-1-1280x853.jpg\"><img loading=\"lazy\" decoding=\"async\" width=\"1280\" height=\"853\" src=\"https:\/\/urbeamea.ro\/albaiulia\/wp-content\/uploads\/2019\/09\/DSC_0024-1-1280x853.jpg\" alt=\"\" data-id=\"82251\" data-link=\"https:\/\/urbeamea.ro\/albaiulia\/?attachment_id=82251\" class=\"wp-image-82251\" srcset=\"https:\/\/urbeamea.ro\/albaiulia\/wp-content\/uploads\/2019\/09\/DSC_0024-1-1280x853.jpg 1280w, https:\/\/urbeamea.ro\/albaiulia\/wp-content\/uploads\/2019\/09\/DSC_0024-1-150x100.jpg 150w, https:\/\/urbeamea.ro\/albaiulia\/wp-content\/uploads\/2019\/09\/DSC_0024-1-640x427.jpg 640w, https:\/\/urbeamea.ro\/albaiulia\/wp-content\/uploads\/2019\/09\/DSC_0024-1-768x512.jpg 768w, https:\/\/urbeamea.ro\/albaiulia\/wp-content\/uploads\/2019\/09\/DSC_0024-1.jpg 1500w\" sizes=\"auto, (max-width: 1280px) 100vw, 1280px\" \/><\/a><\/figure><\/li><li class=\"blocks-gallery-item\"><figure><a href=\"https:\/\/urbeamea.ro\/albaiulia\/wp-content\/uploads\/2019\/09\/DSC_0025-1-1280x853.jpg\"><img loading=\"lazy\" decoding=\"async\" width=\"1280\" height=\"853\" src=\"https:\/\/urbeamea.ro\/albaiulia\/wp-content\/uploads\/2019\/09\/DSC_0025-1-1280x853.jpg\" alt=\"\" data-id=\"82252\" data-link=\"https:\/\/urbeamea.ro\/albaiulia\/?attachment_id=82252\" class=\"wp-image-82252\" srcset=\"https:\/\/urbeamea.ro\/albaiulia\/wp-content\/uploads\/2019\/09\/DSC_0025-1-1280x853.jpg 1280w, https:\/\/urbeamea.ro\/albaiulia\/wp-content\/uploads\/2019\/09\/DSC_0025-1-150x100.jpg 150w, https:\/\/urbeamea.ro\/albaiulia\/wp-content\/uploads\/2019\/09\/DSC_0025-1-640x427.jpg 640w, https:\/\/urbeamea.ro\/albaiulia\/wp-content\/uploads\/2019\/09\/DSC_0025-1-768x512.jpg 768w, https:\/\/urbeamea.ro\/albaiulia\/wp-content\/uploads\/2019\/09\/DSC_0025-1.jpg 1500w\" sizes=\"auto, (max-width: 1280px) 100vw, 1280px\" \/><\/a><\/figure><\/li><li class=\"blocks-gallery-item\"><figure><a href=\"https:\/\/urbeamea.ro\/albaiulia\/wp-content\/uploads\/2019\/09\/DSC_0027-1-1280x853.jpg\"><img loading=\"lazy\" decoding=\"async\" width=\"1280\" height=\"853\" src=\"https:\/\/urbeamea.ro\/albaiulia\/wp-content\/uploads\/2019\/09\/DSC_0027-1-1280x853.jpg\" alt=\"\" data-id=\"82253\" data-link=\"https:\/\/urbeamea.ro\/albaiulia\/?attachment_id=82253\" class=\"wp-image-82253\" srcset=\"https:\/\/urbeamea.ro\/albaiulia\/wp-content\/uploads\/2019\/09\/DSC_0027-1-1280x853.jpg 1280w, https:\/\/urbeamea.ro\/albaiulia\/wp-content\/uploads\/2019\/09\/DSC_0027-1-150x100.jpg 150w, https:\/\/urbeamea.ro\/albaiulia\/wp-content\/uploads\/2019\/09\/DSC_0027-1-640x427.jpg 640w, https:\/\/urbeamea.ro\/albaiulia\/wp-content\/uploads\/2019\/09\/DSC_0027-1-768x512.jpg 768w, https:\/\/urbeamea.ro\/albaiulia\/wp-content\/uploads\/2019\/09\/DSC_0027-1.jpg 1500w\" sizes=\"auto, (max-width: 1280px) 100vw, 1280px\" \/><\/a><\/figure><\/li><li class=\"blocks-gallery-item\"><figure><a href=\"https:\/\/urbeamea.ro\/albaiulia\/wp-content\/uploads\/2019\/09\/DSC_0028-1-1280x853.jpg\"><img loading=\"lazy\" decoding=\"async\" width=\"1280\" height=\"853\" src=\"https:\/\/urbeamea.ro\/albaiulia\/wp-content\/uploads\/2019\/09\/DSC_0028-1-1280x853.jpg\" alt=\"\" data-id=\"82254\" data-link=\"https:\/\/urbeamea.ro\/albaiulia\/?attachment_id=82254\" class=\"wp-image-82254\" srcset=\"https:\/\/urbeamea.ro\/albaiulia\/wp-content\/uploads\/2019\/09\/DSC_0028-1-1280x853.jpg 1280w, https:\/\/urbeamea.ro\/albaiulia\/wp-content\/uploads\/2019\/09\/DSC_0028-1-150x100.jpg 150w, https:\/\/urbeamea.ro\/albaiulia\/wp-content\/uploads\/2019\/09\/DSC_0028-1-640x427.jpg 640w, https:\/\/urbeamea.ro\/albaiulia\/wp-content\/uploads\/2019\/09\/DSC_0028-1-768x512.jpg 768w, https:\/\/urbeamea.ro\/albaiulia\/wp-content\/uploads\/2019\/09\/DSC_0028-1.jpg 1500w\" sizes=\"auto, (max-width: 1280px) 100vw, 1280px\" \/><\/a><\/figure><\/li><li class=\"blocks-gallery-item\"><figure><a href=\"https:\/\/urbeamea.ro\/albaiulia\/wp-content\/uploads\/2019\/09\/DSC_0030-1-1280x853.jpg\"><img loading=\"lazy\" decoding=\"async\" width=\"1280\" height=\"853\" src=\"https:\/\/urbeamea.ro\/albaiulia\/wp-content\/uploads\/2019\/09\/DSC_0030-1-1280x853.jpg\" alt=\"\" data-id=\"82255\" data-link=\"https:\/\/urbeamea.ro\/albaiulia\/?attachment_id=82255\" class=\"wp-image-82255\" srcset=\"https:\/\/urbeamea.ro\/albaiulia\/wp-content\/uploads\/2019\/09\/DSC_0030-1-1280x853.jpg 1280w, https:\/\/urbeamea.ro\/albaiulia\/wp-content\/uploads\/2019\/09\/DSC_0030-1-150x100.jpg 150w, https:\/\/urbeamea.ro\/albaiulia\/wp-content\/uploads\/2019\/09\/DSC_0030-1-640x427.jpg 640w, https:\/\/urbeamea.ro\/albaiulia\/wp-content\/uploads\/2019\/09\/DSC_0030-1-768x512.jpg 768w, https:\/\/urbeamea.ro\/albaiulia\/wp-content\/uploads\/2019\/09\/DSC_0030-1.jpg 1500w\" sizes=\"auto, (max-width: 1280px) 100vw, 1280px\" \/><\/a><\/figure><\/li><li class=\"blocks-gallery-item\"><figure><a href=\"https:\/\/urbeamea.ro\/albaiulia\/wp-content\/uploads\/2019\/09\/DSC_0031-1-1280x853.jpg\"><img loading=\"lazy\" decoding=\"async\" width=\"1280\" height=\"853\" src=\"https:\/\/urbeamea.ro\/albaiulia\/wp-content\/uploads\/2019\/09\/DSC_0031-1-1280x853.jpg\" alt=\"\" data-id=\"82256\" data-link=\"https:\/\/urbeamea.ro\/albaiulia\/?attachment_id=82256\" class=\"wp-image-82256\" srcset=\"https:\/\/urbeamea.ro\/albaiulia\/wp-content\/uploads\/2019\/09\/DSC_0031-1-1280x853.jpg 1280w, https:\/\/urbeamea.ro\/albaiulia\/wp-content\/uploads\/2019\/09\/DSC_0031-1-150x100.jpg 150w, https:\/\/urbeamea.ro\/albaiulia\/wp-content\/uploads\/2019\/09\/DSC_0031-1-640x427.jpg 640w, https:\/\/urbeamea.ro\/albaiulia\/wp-content\/uploads\/2019\/09\/DSC_0031-1-768x512.jpg 768w, https:\/\/urbeamea.ro\/albaiulia\/wp-content\/uploads\/2019\/09\/DSC_0031-1.jpg 1500w\" sizes=\"auto, (max-width: 1280px) 100vw, 1280px\" \/><\/a><\/figure><\/li><li class=\"blocks-gallery-item\"><figure><a href=\"https:\/\/urbeamea.ro\/albaiulia\/wp-content\/uploads\/2019\/09\/DSC_0033-1-1280x853.jpg\"><img loading=\"lazy\" decoding=\"async\" width=\"1280\" height=\"853\" src=\"https:\/\/urbeamea.ro\/albaiulia\/wp-content\/uploads\/2019\/09\/DSC_0033-1-1280x853.jpg\" alt=\"\" data-id=\"82257\" data-link=\"https:\/\/urbeamea.ro\/albaiulia\/?attachment_id=82257\" class=\"wp-image-82257\" srcset=\"https:\/\/urbeamea.ro\/albaiulia\/wp-content\/uploads\/2019\/09\/DSC_0033-1-1280x853.jpg 1280w, https:\/\/urbeamea.ro\/albaiulia\/wp-content\/uploads\/2019\/09\/DSC_0033-1-150x100.jpg 150w, https:\/\/urbeamea.ro\/albaiulia\/wp-content\/uploads\/2019\/09\/DSC_0033-1-640x427.jpg 640w, https:\/\/urbeamea.ro\/albaiulia\/wp-content\/uploads\/2019\/09\/DSC_0033-1-768x512.jpg 768w, https:\/\/urbeamea.ro\/albaiulia\/wp-content\/uploads\/2019\/09\/DSC_0033-1.jpg 1500w\" sizes=\"auto, (max-width: 1280px) 100vw, 1280px\" \/><\/a><\/figure><\/li><li class=\"blocks-gallery-item\"><figure><a href=\"https:\/\/urbeamea.ro\/albaiulia\/wp-content\/uploads\/2019\/09\/DSC_0034-1-1280x853.jpg\"><img loading=\"lazy\" decoding=\"async\" width=\"1280\" height=\"853\" src=\"https:\/\/urbeamea.ro\/albaiulia\/wp-content\/uploads\/2019\/09\/DSC_0034-1-1280x853.jpg\" alt=\"\" data-id=\"82258\" data-link=\"https:\/\/urbeamea.ro\/albaiulia\/?attachment_id=82258\" class=\"wp-image-82258\" srcset=\"https:\/\/urbeamea.ro\/albaiulia\/wp-content\/uploads\/2019\/09\/DSC_0034-1-1280x853.jpg 1280w, https:\/\/urbeamea.ro\/albaiulia\/wp-content\/uploads\/2019\/09\/DSC_0034-1-150x100.jpg 150w, https:\/\/urbeamea.ro\/albaiulia\/wp-content\/uploads\/2019\/09\/DSC_0034-1-640x427.jpg 640w, https:\/\/urbeamea.ro\/albaiulia\/wp-content\/uploads\/2019\/09\/DSC_0034-1-768x512.jpg 768w, https:\/\/urbeamea.ro\/albaiulia\/wp-content\/uploads\/2019\/09\/DSC_0034-1.jpg 1500w\" sizes=\"auto, (max-width: 1280px) 100vw, 1280px\" \/><\/a><\/figure><\/li><li class=\"blocks-gallery-item\"><figure><a href=\"https:\/\/urbeamea.ro\/albaiulia\/wp-content\/uploads\/2019\/09\/DSC_0036-1-1280x853.jpg\"><img loading=\"lazy\" decoding=\"async\" width=\"1280\" height=\"853\" src=\"https:\/\/urbeamea.ro\/albaiulia\/wp-content\/uploads\/2019\/09\/DSC_0036-1-1280x853.jpg\" alt=\"\" data-id=\"82259\" data-link=\"https:\/\/urbeamea.ro\/albaiulia\/?attachment_id=82259\" class=\"wp-image-82259\" srcset=\"https:\/\/urbeamea.ro\/albaiulia\/wp-content\/uploads\/2019\/09\/DSC_0036-1-1280x853.jpg 1280w, https:\/\/urbeamea.ro\/albaiulia\/wp-content\/uploads\/2019\/09\/DSC_0036-1-150x100.jpg 150w, https:\/\/urbeamea.ro\/albaiulia\/wp-content\/uploads\/2019\/09\/DSC_0036-1-640x427.jpg 640w, https:\/\/urbeamea.ro\/albaiulia\/wp-content\/uploads\/2019\/09\/DSC_0036-1-768x512.jpg 768w, https:\/\/urbeamea.ro\/albaiulia\/wp-content\/uploads\/2019\/09\/DSC_0036-1.jpg 1500w\" sizes=\"auto, (max-width: 1280px) 100vw, 1280px\" \/><\/a><\/figure><\/li><li class=\"blocks-gallery-item\"><figure><a href=\"https:\/\/urbeamea.ro\/albaiulia\/wp-content\/uploads\/2019\/09\/DSC_0037-1-1280x853.jpg\"><img loading=\"lazy\" decoding=\"async\" width=\"1280\" height=\"853\" src=\"https:\/\/urbeamea.ro\/albaiulia\/wp-content\/uploads\/2019\/09\/DSC_0037-1-1280x853.jpg\" alt=\"\" data-id=\"82260\" data-link=\"https:\/\/urbeamea.ro\/albaiulia\/?attachment_id=82260\" class=\"wp-image-82260\" srcset=\"https:\/\/urbeamea.ro\/albaiulia\/wp-content\/uploads\/2019\/09\/DSC_0037-1-1280x853.jpg 1280w, https:\/\/urbeamea.ro\/albaiulia\/wp-content\/uploads\/2019\/09\/DSC_0037-1-150x100.jpg 150w, https:\/\/urbeamea.ro\/albaiulia\/wp-content\/uploads\/2019\/09\/DSC_0037-1-640x427.jpg 640w, https:\/\/urbeamea.ro\/albaiulia\/wp-content\/uploads\/2019\/09\/DSC_0037-1-768x512.jpg 768w, https:\/\/urbeamea.ro\/albaiulia\/wp-content\/uploads\/2019\/09\/DSC_0037-1.jpg 1500w\" sizes=\"auto, (max-width: 1280px) 100vw, 1280px\" \/><\/a><\/figure><\/li><li class=\"blocks-gallery-item\"><figure><a href=\"https:\/\/urbeamea.ro\/albaiulia\/wp-content\/uploads\/2019\/09\/DSC_0039-1-1280x853.jpg\"><img loading=\"lazy\" decoding=\"async\" width=\"1280\" height=\"853\" src=\"https:\/\/urbeamea.ro\/albaiulia\/wp-content\/uploads\/2019\/09\/DSC_0039-1-1280x853.jpg\" alt=\"\" data-id=\"82261\" data-link=\"https:\/\/urbeamea.ro\/albaiulia\/?attachment_id=82261\" class=\"wp-image-82261\" srcset=\"https:\/\/urbeamea.ro\/albaiulia\/wp-content\/uploads\/2019\/09\/DSC_0039-1-1280x853.jpg 1280w, https:\/\/urbeamea.ro\/albaiulia\/wp-content\/uploads\/2019\/09\/DSC_0039-1-150x100.jpg 150w, https:\/\/urbeamea.ro\/albaiulia\/wp-content\/uploads\/2019\/09\/DSC_0039-1-640x427.jpg 640w, https:\/\/urbeamea.ro\/albaiulia\/wp-content\/uploads\/2019\/09\/DSC_0039-1-768x512.jpg 768w, https:\/\/urbeamea.ro\/albaiulia\/wp-content\/uploads\/2019\/09\/DSC_0039-1.jpg 1500w\" sizes=\"auto, (max-width: 1280px) 100vw, 1280px\" \/><\/a><\/figure><\/li><li class=\"blocks-gallery-item\"><figure><a href=\"https:\/\/urbeamea.ro\/albaiulia\/wp-content\/uploads\/2019\/09\/DSC_0040-1280x853.jpg\"><img loading=\"lazy\" decoding=\"async\" width=\"1280\" height=\"853\" src=\"https:\/\/urbeamea.ro\/albaiulia\/wp-content\/uploads\/2019\/09\/DSC_0040-1280x853.jpg\" alt=\"\" data-id=\"82262\" data-link=\"https:\/\/urbeamea.ro\/albaiulia\/?attachment_id=82262\" class=\"wp-image-82262\" srcset=\"https:\/\/urbeamea.ro\/albaiulia\/wp-content\/uploads\/2019\/09\/DSC_0040-1280x853.jpg 1280w, https:\/\/urbeamea.ro\/albaiulia\/wp-content\/uploads\/2019\/09\/DSC_0040-150x100.jpg 150w, https:\/\/urbeamea.ro\/albaiulia\/wp-content\/uploads\/2019\/09\/DSC_0040-640x427.jpg 640w, https:\/\/urbeamea.ro\/albaiulia\/wp-content\/uploads\/2019\/09\/DSC_0040-768x512.jpg 768w, https:\/\/urbeamea.ro\/albaiulia\/wp-content\/uploads\/2019\/09\/DSC_0040.jpg 1500w\" sizes=\"auto, (max-width: 1280px) 100vw, 1280px\" \/><\/a><\/figure><\/li><li class=\"blocks-gallery-item\"><figure><a href=\"https:\/\/urbeamea.ro\/albaiulia\/wp-content\/uploads\/2019\/09\/DSC_0042-1-1280x853.jpg\"><img loading=\"lazy\" decoding=\"async\" width=\"1280\" height=\"853\" src=\"https:\/\/urbeamea.ro\/albaiulia\/wp-content\/uploads\/2019\/09\/DSC_0042-1-1280x853.jpg\" alt=\"\" data-id=\"82263\" data-link=\"https:\/\/urbeamea.ro\/albaiulia\/?attachment_id=82263\" class=\"wp-image-82263\" srcset=\"https:\/\/urbeamea.ro\/albaiulia\/wp-content\/uploads\/2019\/09\/DSC_0042-1-1280x853.jpg 1280w, https:\/\/urbeamea.ro\/albaiulia\/wp-content\/uploads\/2019\/09\/DSC_0042-1-150x100.jpg 150w, https:\/\/urbeamea.ro\/albaiulia\/wp-content\/uploads\/2019\/09\/DSC_0042-1-640x427.jpg 640w, https:\/\/urbeamea.ro\/albaiulia\/wp-content\/uploads\/2019\/09\/DSC_0042-1-768x512.jpg 768w, https:\/\/urbeamea.ro\/albaiulia\/wp-content\/uploads\/2019\/09\/DSC_0042-1.jpg 1500w\" sizes=\"auto, (max-width: 1280px) 100vw, 1280px\" \/><\/a><\/figure><\/li><li class=\"blocks-gallery-item\"><figure><a href=\"https:\/\/urbeamea.ro\/albaiulia\/wp-content\/uploads\/2019\/09\/DSC_0043-1-1280x853.jpg\"><img loading=\"lazy\" decoding=\"async\" width=\"1280\" height=\"853\" src=\"https:\/\/urbeamea.ro\/albaiulia\/wp-content\/uploads\/2019\/09\/DSC_0043-1-1280x853.jpg\" alt=\"\" data-id=\"82264\" data-link=\"https:\/\/urbeamea.ro\/albaiulia\/?attachment_id=82264\" class=\"wp-image-82264\" srcset=\"https:\/\/urbeamea.ro\/albaiulia\/wp-content\/uploads\/2019\/09\/DSC_0043-1-1280x853.jpg 1280w, https:\/\/urbeamea.ro\/albaiulia\/wp-content\/uploads\/2019\/09\/DSC_0043-1-150x100.jpg 150w, https:\/\/urbeamea.ro\/albaiulia\/wp-content\/uploads\/2019\/09\/DSC_0043-1-640x427.jpg 640w, https:\/\/urbeamea.ro\/albaiulia\/wp-content\/uploads\/2019\/09\/DSC_0043-1-768x512.jpg 768w, https:\/\/urbeamea.ro\/albaiulia\/wp-content\/uploads\/2019\/09\/DSC_0043-1.jpg 1500w\" sizes=\"auto, (max-width: 1280px) 100vw, 1280px\" \/><\/a><\/figure><\/li><li class=\"blocks-gallery-item\"><figure><a href=\"https:\/\/urbeamea.ro\/albaiulia\/wp-content\/uploads\/2019\/09\/DSC_0045-1-1280x853.jpg\"><img loading=\"lazy\" decoding=\"async\" width=\"1280\" height=\"853\" src=\"https:\/\/urbeamea.ro\/albaiulia\/wp-content\/uploads\/2019\/09\/DSC_0045-1-1280x853.jpg\" alt=\"\" data-id=\"82265\" data-link=\"https:\/\/urbeamea.ro\/albaiulia\/?attachment_id=82265\" class=\"wp-image-82265\" srcset=\"https:\/\/urbeamea.ro\/albaiulia\/wp-content\/uploads\/2019\/09\/DSC_0045-1-1280x853.jpg 1280w, https:\/\/urbeamea.ro\/albaiulia\/wp-content\/uploads\/2019\/09\/DSC_0045-1-150x100.jpg 150w, https:\/\/urbeamea.ro\/albaiulia\/wp-content\/uploads\/2019\/09\/DSC_0045-1-640x427.jpg 640w, https:\/\/urbeamea.ro\/albaiulia\/wp-content\/uploads\/2019\/09\/DSC_0045-1-768x512.jpg 768w, https:\/\/urbeamea.ro\/albaiulia\/wp-content\/uploads\/2019\/09\/DSC_0045-1.jpg 1500w\" sizes=\"auto, (max-width: 1280px) 100vw, 1280px\" \/><\/a><\/figure><\/li><li class=\"blocks-gallery-item\"><figure><a href=\"https:\/\/urbeamea.ro\/albaiulia\/wp-content\/uploads\/2019\/09\/DSC_0046-1-1280x853.jpg\"><img loading=\"lazy\" decoding=\"async\" width=\"1280\" height=\"853\" src=\"https:\/\/urbeamea.ro\/albaiulia\/wp-content\/uploads\/2019\/09\/DSC_0046-1-1280x853.jpg\" alt=\"\" data-id=\"82266\" data-link=\"https:\/\/urbeamea.ro\/albaiulia\/?attachment_id=82266\" class=\"wp-image-82266\" srcset=\"https:\/\/urbeamea.ro\/albaiulia\/wp-content\/uploads\/2019\/09\/DSC_0046-1-1280x853.jpg 1280w, https:\/\/urbeamea.ro\/albaiulia\/wp-content\/uploads\/2019\/09\/DSC_0046-1-150x100.jpg 150w, https:\/\/urbeamea.ro\/albaiulia\/wp-content\/uploads\/2019\/09\/DSC_0046-1-640x427.jpg 640w, https:\/\/urbeamea.ro\/albaiulia\/wp-content\/uploads\/2019\/09\/DSC_0046-1-768x512.jpg 768w, https:\/\/urbeamea.ro\/albaiulia\/wp-content\/uploads\/2019\/09\/DSC_0046-1.jpg 1500w\" sizes=\"auto, (max-width: 1280px) 100vw, 1280px\" \/><\/a><\/figure><\/li><li class=\"blocks-gallery-item\"><figure><a href=\"https:\/\/urbeamea.ro\/albaiulia\/wp-content\/uploads\/2019\/09\/DSC_0048-1-1280x853.jpg\"><img loading=\"lazy\" decoding=\"async\" width=\"1280\" height=\"853\" src=\"https:\/\/urbeamea.ro\/albaiulia\/wp-content\/uploads\/2019\/09\/DSC_0048-1-1280x853.jpg\" alt=\"\" data-id=\"82267\" data-link=\"https:\/\/urbeamea.ro\/albaiulia\/?attachment_id=82267\" class=\"wp-image-82267\" srcset=\"https:\/\/urbeamea.ro\/albaiulia\/wp-content\/uploads\/2019\/09\/DSC_0048-1-1280x853.jpg 1280w, https:\/\/urbeamea.ro\/albaiulia\/wp-content\/uploads\/2019\/09\/DSC_0048-1-150x100.jpg 150w, https:\/\/urbeamea.ro\/albaiulia\/wp-content\/uploads\/2019\/09\/DSC_0048-1-640x427.jpg 640w, https:\/\/urbeamea.ro\/albaiulia\/wp-content\/uploads\/2019\/09\/DSC_0048-1-768x512.jpg 768w, https:\/\/urbeamea.ro\/albaiulia\/wp-content\/uploads\/2019\/09\/DSC_0048-1.jpg 1500w\" sizes=\"auto, (max-width: 1280px) 100vw, 1280px\" \/><\/a><\/figure><\/li><li class=\"blocks-gallery-item\"><figure><a href=\"https:\/\/urbeamea.ro\/albaiulia\/wp-content\/uploads\/2019\/09\/DSC_0049-1-1280x853.jpg\"><img loading=\"lazy\" decoding=\"async\" width=\"1280\" height=\"853\" src=\"https:\/\/urbeamea.ro\/albaiulia\/wp-content\/uploads\/2019\/09\/DSC_0049-1-1280x853.jpg\" alt=\"\" data-id=\"82268\" data-link=\"https:\/\/urbeamea.ro\/albaiulia\/?attachment_id=82268\" class=\"wp-image-82268\" srcset=\"https:\/\/urbeamea.ro\/albaiulia\/wp-content\/uploads\/2019\/09\/DSC_0049-1-1280x853.jpg 1280w, https:\/\/urbeamea.ro\/albaiulia\/wp-content\/uploads\/2019\/09\/DSC_0049-1-150x100.jpg 150w, https:\/\/urbeamea.ro\/albaiulia\/wp-content\/uploads\/2019\/09\/DSC_0049-1-640x427.jpg 640w, https:\/\/urbeamea.ro\/albaiulia\/wp-content\/uploads\/2019\/09\/DSC_0049-1-768x512.jpg 768w, https:\/\/urbeamea.ro\/albaiulia\/wp-content\/uploads\/2019\/09\/DSC_0049-1.jpg 1500w\" sizes=\"auto, (max-width: 1280px) 100vw, 1280px\" \/><\/a><\/figure><\/li><\/ul>\n","protected":false},"excerpt":{"rendered":"<p>Festivalul Na\u021bional de Folclor \u201eStrugurele de Aur\u201d 2019 a adus, joi, \u00een a doua sear\u0103 de spectacol al\u021bi 18 tineri talenta\u021bi, fiecare demonstr\u00e2nd c\u0103 merit\u0103 s\u0103 fie c\u00e2\u0219tig\u0103torul edi\u021biei cu num\u0103rul XIX. Concuren\u021bii care au urcat joi seara, pe scena Casei de Cultur\u0103 a Sindicatelor: Nume \u0219i prenume \u2013 zona pe care o reprezint\u0103 \u2013 &hellip;<\/p>\n","protected":false},"author":17,"featured_media":82236,"comment_status":"open","ping_status":"open","sticky":false,"template":"","format":"standard","meta":{"inline_featured_image":false,"footnotes":""},"categories":[4],"tags":[31,7261,1099,18631,18657,2557,645,8287,76],"class_list":["post-82233","post","type-post","status-publish","format-standard","has-post-thumbnail","hentry","category-eveniment","tag-alba-iulia","tag-centrul-de-cultura-augustin-bena-alba","tag-concurenti","tag-festivalul-national-strugurele-de-aur-2019","tag-folclor-autentic-romanesc","tag-jidvei","tag-juriu","tag-recitaluri","tag-urbea-mea"],"yoast_head":"<!-- This site is optimized with the Yoast SEO plugin v28.3 - https:\/\/yoast.com\/product\/yoast-seo-wordpress\/ -->\n<title>FOTO-VIDEO: C\u00e2ntec, joc \u0219i voie bun\u0103 \u00een cea de-a doua sear\u0103 a Festivalului Na\u021bional de Folclor \u201eStrugurele de Aur\u201d 2019 - Revista Urbea Mea - Revista de Alba<\/title>\n<meta name=\"description\" content=\"Festivalul Na\u021bional de Folclor \u201eStrugurele de Aur\u201d 2019 a adus, joi, \u00een a doua sear\u0103 de spectacol al\u021bi 18 tineri talenta\u021bi, fiecare demonstr\u00e2nd c\u0103 merit\u0103\" \/>\n<meta name=\"robots\" content=\"index, follow, max-snippet:-1, max-image-preview:large, max-video-preview:-1\" \/>\n<link rel=\"canonical\" href=\"https:\/\/urbeamea.ro\/albaiulia\/foto-video-cantec-joc-si-voie-buna-in-cea-de-a-doua-seara-a-festivalului-national-de-folclor-strugurele-de-aur-2019\/\" \/>\n<meta name=\"twitter:card\" content=\"summary_large_image\" \/>\n<meta name=\"twitter:title\" content=\"FOTO-VIDEO: C\u00e2ntec, joc \u0219i voie bun\u0103 \u00een cea de-a doua sear\u0103 a Festivalului Na\u021bional de Folclor \u201eStrugurele de Aur\u201d 2019 - Revista Urbea Mea - Revista de Alba\" \/>\n<meta name=\"twitter:description\" content=\"Festivalul Na\u021bional de Folclor \u201eStrugurele de Aur\u201d 2019 a adus, joi, \u00een a doua sear\u0103 de spectacol al\u021bi 18 tineri talenta\u021bi, fiecare demonstr\u00e2nd c\u0103 merit\u0103\" \/>\n<meta name=\"twitter:image\" content=\"https:\/\/urbeamea.ro\/albaiulia\/wp-content\/uploads\/2019\/09\/DSC_0003-1.jpg\" \/>\n<meta name=\"twitter:creator\" content=\"@urbeameaweb\" \/>\n<meta name=\"twitter:site\" content=\"@urbeameaweb\" \/>\n<script type=\"application\/ld+json\" class=\"yoast-schema-graph\">{\"@context\":\"https:\\\/\\\/schema.org\",\"@graph\":[{\"@type\":\"Article\",\"@id\":\"https:\\\/\\\/urbeamea.ro\\\/albaiulia\\\/foto-video-cantec-joc-si-voie-buna-in-cea-de-a-doua-seara-a-festivalului-national-de-folclor-strugurele-de-aur-2019\\\/#article\",\"isPartOf\":{\"@id\":\"https:\\\/\\\/urbeamea.ro\\\/albaiulia\\\/foto-video-cantec-joc-si-voie-buna-in-cea-de-a-doua-seara-a-festivalului-national-de-folclor-strugurele-de-aur-2019\\\/\"},\"author\":{\"name\":\"Cristina Ganga\",\"@id\":\"https:\\\/\\\/urbeamea.ro\\\/albaiulia\\\/#\\\/schema\\\/person\\\/9700d21fae21c4f038b0b56f4506264a\"},\"headline\":\"FOTO-VIDEO: C\u00e2ntec, joc \u0219i voie bun\u0103 \u00een cea de-a doua sear\u0103 a Festivalului Na\u021bional de Folclor \u201eStrugurele de Aur\u201d 2019\",\"datePublished\":\"2019-09-05T17:52:04+00:00\",\"dateModified\":\"2019-09-05T17:54:35+00:00\",\"mainEntityOfPage\":{\"@id\":\"https:\\\/\\\/urbeamea.ro\\\/albaiulia\\\/foto-video-cantec-joc-si-voie-buna-in-cea-de-a-doua-seara-a-festivalului-national-de-folclor-strugurele-de-aur-2019\\\/\"},\"wordCount\":1316,\"commentCount\":0,\"image\":{\"@id\":\"https:\\\/\\\/urbeamea.ro\\\/albaiulia\\\/foto-video-cantec-joc-si-voie-buna-in-cea-de-a-doua-seara-a-festivalului-national-de-folclor-strugurele-de-aur-2019\\\/#primaryimage\"},\"thumbnailUrl\":\"https:\\\/\\\/urbeamea.ro\\\/albaiulia\\\/wp-content\\\/uploads\\\/2019\\\/09\\\/DSC_0003-1.jpg\",\"keywords\":[\"Alba Iulia\",\"centrul de cultura augustin bena alba\",\"concurenti\",\"festivalul national strugurele de aur 2019\",\"folclor autentic romanesc\",\"jidvei\",\"juriu\",\"recitaluri\",\"Urbea Mea\"],\"articleSection\":[\"Evenimente\"],\"inLanguage\":\"ro-RO\",\"potentialAction\":[{\"@type\":\"CommentAction\",\"name\":\"Comment\",\"target\":[\"https:\\\/\\\/urbeamea.ro\\\/albaiulia\\\/foto-video-cantec-joc-si-voie-buna-in-cea-de-a-doua-seara-a-festivalului-national-de-folclor-strugurele-de-aur-2019\\\/#respond\"]}]},{\"@type\":\"WebPage\",\"@id\":\"https:\\\/\\\/urbeamea.ro\\\/albaiulia\\\/foto-video-cantec-joc-si-voie-buna-in-cea-de-a-doua-seara-a-festivalului-national-de-folclor-strugurele-de-aur-2019\\\/\",\"url\":\"https:\\\/\\\/urbeamea.ro\\\/albaiulia\\\/foto-video-cantec-joc-si-voie-buna-in-cea-de-a-doua-seara-a-festivalului-national-de-folclor-strugurele-de-aur-2019\\\/\",\"name\":\"FOTO-VIDEO: C\u00e2ntec, joc \u0219i voie bun\u0103 \u00een cea de-a doua sear\u0103 a Festivalului Na\u021bional de Folclor \u201eStrugurele de Aur\u201d 2019 - Revista Urbea Mea - Revista de Alba\",\"isPartOf\":{\"@id\":\"https:\\\/\\\/urbeamea.ro\\\/albaiulia\\\/#website\"},\"primaryImageOfPage\":{\"@id\":\"https:\\\/\\\/urbeamea.ro\\\/albaiulia\\\/foto-video-cantec-joc-si-voie-buna-in-cea-de-a-doua-seara-a-festivalului-national-de-folclor-strugurele-de-aur-2019\\\/#primaryimage\"},\"image\":{\"@id\":\"https:\\\/\\\/urbeamea.ro\\\/albaiulia\\\/foto-video-cantec-joc-si-voie-buna-in-cea-de-a-doua-seara-a-festivalului-national-de-folclor-strugurele-de-aur-2019\\\/#primaryimage\"},\"thumbnailUrl\":\"https:\\\/\\\/urbeamea.ro\\\/albaiulia\\\/wp-content\\\/uploads\\\/2019\\\/09\\\/DSC_0003-1.jpg\",\"datePublished\":\"2019-09-05T17:52:04+00:00\",\"dateModified\":\"2019-09-05T17:54:35+00:00\",\"author\":{\"@id\":\"https:\\\/\\\/urbeamea.ro\\\/albaiulia\\\/#\\\/schema\\\/person\\\/9700d21fae21c4f038b0b56f4506264a\"},\"description\":\"Festivalul Na\u021bional de Folclor \u201eStrugurele de Aur\u201d 2019 a adus, joi, \u00een a doua sear\u0103 de spectacol al\u021bi 18 tineri talenta\u021bi, fiecare demonstr\u00e2nd c\u0103 merit\u0103\",\"breadcrumb\":{\"@id\":\"https:\\\/\\\/urbeamea.ro\\\/albaiulia\\\/foto-video-cantec-joc-si-voie-buna-in-cea-de-a-doua-seara-a-festivalului-national-de-folclor-strugurele-de-aur-2019\\\/#breadcrumb\"},\"inLanguage\":\"ro-RO\",\"potentialAction\":[{\"@type\":\"ReadAction\",\"target\":[\"https:\\\/\\\/urbeamea.ro\\\/albaiulia\\\/foto-video-cantec-joc-si-voie-buna-in-cea-de-a-doua-seara-a-festivalului-national-de-folclor-strugurele-de-aur-2019\\\/\"]}]},{\"@type\":\"ImageObject\",\"inLanguage\":\"ro-RO\",\"@id\":\"https:\\\/\\\/urbeamea.ro\\\/albaiulia\\\/foto-video-cantec-joc-si-voie-buna-in-cea-de-a-doua-seara-a-festivalului-national-de-folclor-strugurele-de-aur-2019\\\/#primaryimage\",\"url\":\"https:\\\/\\\/urbeamea.ro\\\/albaiulia\\\/wp-content\\\/uploads\\\/2019\\\/09\\\/DSC_0003-1.jpg\",\"contentUrl\":\"https:\\\/\\\/urbeamea.ro\\\/albaiulia\\\/wp-content\\\/uploads\\\/2019\\\/09\\\/DSC_0003-1.jpg\",\"width\":1500,\"height\":1000},{\"@type\":\"BreadcrumbList\",\"@id\":\"https:\\\/\\\/urbeamea.ro\\\/albaiulia\\\/foto-video-cantec-joc-si-voie-buna-in-cea-de-a-doua-seara-a-festivalului-national-de-folclor-strugurele-de-aur-2019\\\/#breadcrumb\",\"itemListElement\":[{\"@type\":\"ListItem\",\"position\":1,\"name\":\"Prima pagin\u0103\",\"item\":\"https:\\\/\\\/urbeamea.ro\\\/albaiulia\\\/\"},{\"@type\":\"ListItem\",\"position\":2,\"name\":\"FOTO-VIDEO: C\u00e2ntec, joc \u0219i voie bun\u0103 \u00een cea de-a doua sear\u0103 a Festivalului Na\u021bional de Folclor \u201eStrugurele de Aur\u201d 2019\"}]},{\"@type\":\"WebSite\",\"@id\":\"https:\\\/\\\/urbeamea.ro\\\/albaiulia\\\/#website\",\"url\":\"https:\\\/\\\/urbeamea.ro\\\/albaiulia\\\/\",\"name\":\"Revista Urbea Mea, Stiri urbane\",\"description\":\"Evenimente \u0219i \u0219tiri din Alba Iulia, Sebe\u0219, Aiud, Blaj\",\"potentialAction\":[{\"@type\":\"SearchAction\",\"target\":{\"@type\":\"EntryPoint\",\"urlTemplate\":\"https:\\\/\\\/urbeamea.ro\\\/albaiulia\\\/?s={search_term_string}\"},\"query-input\":{\"@type\":\"PropertyValueSpecification\",\"valueRequired\":true,\"valueName\":\"search_term_string\"}}],\"inLanguage\":\"ro-RO\"},{\"@type\":\"Person\",\"@id\":\"https:\\\/\\\/urbeamea.ro\\\/albaiulia\\\/#\\\/schema\\\/person\\\/9700d21fae21c4f038b0b56f4506264a\",\"name\":\"Cristina Ganga\",\"image\":{\"@type\":\"ImageObject\",\"inLanguage\":\"ro-RO\",\"@id\":\"https:\\\/\\\/secure.gravatar.com\\\/avatar\\\/5a67661041f057b4a8ccaf26f5a8e86e2689372006d01faf3dd9eeb10b654bb4?s=96&d=mm&r=g\",\"url\":\"https:\\\/\\\/secure.gravatar.com\\\/avatar\\\/5a67661041f057b4a8ccaf26f5a8e86e2689372006d01faf3dd9eeb10b654bb4?s=96&d=mm&r=g\",\"contentUrl\":\"https:\\\/\\\/secure.gravatar.com\\\/avatar\\\/5a67661041f057b4a8ccaf26f5a8e86e2689372006d01faf3dd9eeb10b654bb4?s=96&d=mm&r=g\",\"caption\":\"Cristina Ganga\"},\"description\":\"Jurnalist\",\"sameAs\":[\"https:\\\/\\\/www.facebook.com\\\/cristina.nicola.587\"],\"url\":\"https:\\\/\\\/urbeamea.ro\\\/albaiulia\\\/author\\\/cristina-nicola\\\/\"}]}<\/script>\n<!-- \/ Yoast SEO plugin. -->","yoast_head_json":{"title":"FOTO-VIDEO: C\u00e2ntec, joc \u0219i voie bun\u0103 \u00een cea de-a doua sear\u0103 a Festivalului Na\u021bional de Folclor \u201eStrugurele de Aur\u201d 2019 - Revista Urbea Mea - Revista de Alba","description":"Festivalul Na\u021bional de Folclor \u201eStrugurele de Aur\u201d 2019 a adus, joi, \u00een a doua sear\u0103 de spectacol al\u021bi 18 tineri talenta\u021bi, fiecare demonstr\u00e2nd c\u0103 merit\u0103","robots":{"index":"index","follow":"follow","max-snippet":"max-snippet:-1","max-image-preview":"max-image-preview:large","max-video-preview":"max-video-preview:-1"},"canonical":"https:\/\/urbeamea.ro\/albaiulia\/foto-video-cantec-joc-si-voie-buna-in-cea-de-a-doua-seara-a-festivalului-national-de-folclor-strugurele-de-aur-2019\/","twitter_card":"summary_large_image","twitter_title":"FOTO-VIDEO: C\u00e2ntec, joc \u0219i voie bun\u0103 \u00een cea de-a doua sear\u0103 a Festivalului Na\u021bional de Folclor \u201eStrugurele de Aur\u201d 2019 - Revista Urbea Mea - Revista de Alba","twitter_description":"Festivalul Na\u021bional de Folclor \u201eStrugurele de Aur\u201d 2019 a adus, joi, \u00een a doua sear\u0103 de spectacol al\u021bi 18 tineri talenta\u021bi, fiecare demonstr\u00e2nd c\u0103 merit\u0103","twitter_image":"https:\/\/urbeamea.ro\/albaiulia\/wp-content\/uploads\/2019\/09\/DSC_0003-1.jpg","twitter_creator":"@urbeameaweb","twitter_site":"@urbeameaweb","schema":{"@context":"https:\/\/schema.org","@graph":[{"@type":"Article","@id":"https:\/\/urbeamea.ro\/albaiulia\/foto-video-cantec-joc-si-voie-buna-in-cea-de-a-doua-seara-a-festivalului-national-de-folclor-strugurele-de-aur-2019\/#article","isPartOf":{"@id":"https:\/\/urbeamea.ro\/albaiulia\/foto-video-cantec-joc-si-voie-buna-in-cea-de-a-doua-seara-a-festivalului-national-de-folclor-strugurele-de-aur-2019\/"},"author":{"name":"Cristina Ganga","@id":"https:\/\/urbeamea.ro\/albaiulia\/#\/schema\/person\/9700d21fae21c4f038b0b56f4506264a"},"headline":"FOTO-VIDEO: C\u00e2ntec, joc \u0219i voie bun\u0103 \u00een cea de-a doua sear\u0103 a Festivalului Na\u021bional de Folclor \u201eStrugurele de Aur\u201d 2019","datePublished":"2019-09-05T17:52:04+00:00","dateModified":"2019-09-05T17:54:35+00:00","mainEntityOfPage":{"@id":"https:\/\/urbeamea.ro\/albaiulia\/foto-video-cantec-joc-si-voie-buna-in-cea-de-a-doua-seara-a-festivalului-national-de-folclor-strugurele-de-aur-2019\/"},"wordCount":1316,"commentCount":0,"image":{"@id":"https:\/\/urbeamea.ro\/albaiulia\/foto-video-cantec-joc-si-voie-buna-in-cea-de-a-doua-seara-a-festivalului-national-de-folclor-strugurele-de-aur-2019\/#primaryimage"},"thumbnailUrl":"https:\/\/urbeamea.ro\/albaiulia\/wp-content\/uploads\/2019\/09\/DSC_0003-1.jpg","keywords":["Alba Iulia","centrul de cultura augustin bena alba","concurenti","festivalul national strugurele de aur 2019","folclor autentic romanesc","jidvei","juriu","recitaluri","Urbea Mea"],"articleSection":["Evenimente"],"inLanguage":"ro-RO","potentialAction":[{"@type":"CommentAction","name":"Comment","target":["https:\/\/urbeamea.ro\/albaiulia\/foto-video-cantec-joc-si-voie-buna-in-cea-de-a-doua-seara-a-festivalului-national-de-folclor-strugurele-de-aur-2019\/#respond"]}]},{"@type":"WebPage","@id":"https:\/\/urbeamea.ro\/albaiulia\/foto-video-cantec-joc-si-voie-buna-in-cea-de-a-doua-seara-a-festivalului-national-de-folclor-strugurele-de-aur-2019\/","url":"https:\/\/urbeamea.ro\/albaiulia\/foto-video-cantec-joc-si-voie-buna-in-cea-de-a-doua-seara-a-festivalului-national-de-folclor-strugurele-de-aur-2019\/","name":"FOTO-VIDEO: C\u00e2ntec, joc \u0219i voie bun\u0103 \u00een cea de-a doua sear\u0103 a Festivalului Na\u021bional de Folclor \u201eStrugurele de Aur\u201d 2019 - Revista Urbea Mea - Revista de Alba","isPartOf":{"@id":"https:\/\/urbeamea.ro\/albaiulia\/#website"},"primaryImageOfPage":{"@id":"https:\/\/urbeamea.ro\/albaiulia\/foto-video-cantec-joc-si-voie-buna-in-cea-de-a-doua-seara-a-festivalului-national-de-folclor-strugurele-de-aur-2019\/#primaryimage"},"image":{"@id":"https:\/\/urbeamea.ro\/albaiulia\/foto-video-cantec-joc-si-voie-buna-in-cea-de-a-doua-seara-a-festivalului-national-de-folclor-strugurele-de-aur-2019\/#primaryimage"},"thumbnailUrl":"https:\/\/urbeamea.ro\/albaiulia\/wp-content\/uploads\/2019\/09\/DSC_0003-1.jpg","datePublished":"2019-09-05T17:52:04+00:00","dateModified":"2019-09-05T17:54:35+00:00","author":{"@id":"https:\/\/urbeamea.ro\/albaiulia\/#\/schema\/person\/9700d21fae21c4f038b0b56f4506264a"},"description":"Festivalul Na\u021bional de Folclor \u201eStrugurele de Aur\u201d 2019 a adus, joi, \u00een a doua sear\u0103 de spectacol al\u021bi 18 tineri talenta\u021bi, fiecare demonstr\u00e2nd c\u0103 merit\u0103","breadcrumb":{"@id":"https:\/\/urbeamea.ro\/albaiulia\/foto-video-cantec-joc-si-voie-buna-in-cea-de-a-doua-seara-a-festivalului-national-de-folclor-strugurele-de-aur-2019\/#breadcrumb"},"inLanguage":"ro-RO","potentialAction":[{"@type":"ReadAction","target":["https:\/\/urbeamea.ro\/albaiulia\/foto-video-cantec-joc-si-voie-buna-in-cea-de-a-doua-seara-a-festivalului-national-de-folclor-strugurele-de-aur-2019\/"]}]},{"@type":"ImageObject","inLanguage":"ro-RO","@id":"https:\/\/urbeamea.ro\/albaiulia\/foto-video-cantec-joc-si-voie-buna-in-cea-de-a-doua-seara-a-festivalului-national-de-folclor-strugurele-de-aur-2019\/#primaryimage","url":"https:\/\/urbeamea.ro\/albaiulia\/wp-content\/uploads\/2019\/09\/DSC_0003-1.jpg","contentUrl":"https:\/\/urbeamea.ro\/albaiulia\/wp-content\/uploads\/2019\/09\/DSC_0003-1.jpg","width":1500,"height":1000},{"@type":"BreadcrumbList","@id":"https:\/\/urbeamea.ro\/albaiulia\/foto-video-cantec-joc-si-voie-buna-in-cea-de-a-doua-seara-a-festivalului-national-de-folclor-strugurele-de-aur-2019\/#breadcrumb","itemListElement":[{"@type":"ListItem","position":1,"name":"Prima pagin\u0103","item":"https:\/\/urbeamea.ro\/albaiulia\/"},{"@type":"ListItem","position":2,"name":"FOTO-VIDEO: C\u00e2ntec, joc \u0219i voie bun\u0103 \u00een cea de-a doua sear\u0103 a Festivalului Na\u021bional de Folclor \u201eStrugurele de Aur\u201d 2019"}]},{"@type":"WebSite","@id":"https:\/\/urbeamea.ro\/albaiulia\/#website","url":"https:\/\/urbeamea.ro\/albaiulia\/","name":"Revista Urbea Mea, Stiri urbane","description":"Evenimente \u0219i \u0219tiri din Alba Iulia, Sebe\u0219, Aiud, Blaj","potentialAction":[{"@type":"SearchAction","target":{"@type":"EntryPoint","urlTemplate":"https:\/\/urbeamea.ro\/albaiulia\/?s={search_term_string}"},"query-input":{"@type":"PropertyValueSpecification","valueRequired":true,"valueName":"search_term_string"}}],"inLanguage":"ro-RO"},{"@type":"Person","@id":"https:\/\/urbeamea.ro\/albaiulia\/#\/schema\/person\/9700d21fae21c4f038b0b56f4506264a","name":"Cristina Ganga","image":{"@type":"ImageObject","inLanguage":"ro-RO","@id":"https:\/\/secure.gravatar.com\/avatar\/5a67661041f057b4a8ccaf26f5a8e86e2689372006d01faf3dd9eeb10b654bb4?s=96&d=mm&r=g","url":"https:\/\/secure.gravatar.com\/avatar\/5a67661041f057b4a8ccaf26f5a8e86e2689372006d01faf3dd9eeb10b654bb4?s=96&d=mm&r=g","contentUrl":"https:\/\/secure.gravatar.com\/avatar\/5a67661041f057b4a8ccaf26f5a8e86e2689372006d01faf3dd9eeb10b654bb4?s=96&d=mm&r=g","caption":"Cristina Ganga"},"description":"Jurnalist","sameAs":["https:\/\/www.facebook.com\/cristina.nicola.587"],"url":"https:\/\/urbeamea.ro\/albaiulia\/author\/cristina-nicola\/"}]}},"_links":{"self":[{"href":"https:\/\/urbeamea.ro\/albaiulia\/wp-json\/wp\/v2\/posts\/82233","targetHints":{"allow":["GET"]}}],"collection":[{"href":"https:\/\/urbeamea.ro\/albaiulia\/wp-json\/wp\/v2\/posts"}],"about":[{"href":"https:\/\/urbeamea.ro\/albaiulia\/wp-json\/wp\/v2\/types\/post"}],"author":[{"embeddable":true,"href":"https:\/\/urbeamea.ro\/albaiulia\/wp-json\/wp\/v2\/users\/17"}],"replies":[{"embeddable":true,"href":"https:\/\/urbeamea.ro\/albaiulia\/wp-json\/wp\/v2\/comments?post=82233"}],"version-history":[{"count":0,"href":"https:\/\/urbeamea.ro\/albaiulia\/wp-json\/wp\/v2\/posts\/82233\/revisions"}],"wp:featuredmedia":[{"embeddable":true,"href":"https:\/\/urbeamea.ro\/albaiulia\/wp-json\/wp\/v2\/media\/82236"}],"wp:attachment":[{"href":"https:\/\/urbeamea.ro\/albaiulia\/wp-json\/wp\/v2\/media?parent=82233"}],"wp:term":[{"taxonomy":"category","embeddable":true,"href":"https:\/\/urbeamea.ro\/albaiulia\/wp-json\/wp\/v2\/categories?post=82233"},{"taxonomy":"post_tag","embeddable":true,"href":"https:\/\/urbeamea.ro\/albaiulia\/wp-json\/wp\/v2\/tags?post=82233"}],"curies":[{"name":"wp","href":"https:\/\/api.w.org\/{rel}","templated":true}]}}