{"id":82312,"date":"2019-09-07T15:15:29","date_gmt":"2019-09-07T12:15:29","guid":{"rendered":"https:\/\/urbeamea.ro\/albaiulia\/?p=82312"},"modified":"2019-09-07T15:15:32","modified_gmt":"2019-09-07T12:15:32","slug":"10-pentru-siguranta-campanie-dedicata-sigurantei-elevilor","status":"publish","type":"post","link":"https:\/\/urbeamea.ro\/albaiulia\/10-pentru-siguranta-campanie-dedicata-sigurantei-elevilor\/","title":{"rendered":"#10 Pentru Siguran\u021b\u0103, campanie dedicat\u0103 siguran\u021bei elevilor"},"content":{"rendered":"\n<p class=\"wp-block-paragraph\"><strong>Poli\u021bi\u0219tii, jandarmii, pompierii, speciali\u0219tii A.N.I.T.P. \u0219i A.N.A., sprijini\u021bi de Institu\u021bia Prefectului \u2013 Jude\u021bul Alba \u0219i de Inspectoratul \u0218colar Jude\u021bean s-au reunit \u00een cadrul unei campanii care are ca scop cre\u0219terea siguran\u021bei elevilor.\u00a0\u00a0\u00a0\u00a0 \u00a0#10 PENTRU SIGURAN\u021a\u0102 va fi lansat\u0103 duminic\u0103, 8 septembrie. Mesajul campaniei va ajunge \u00een peste 50 de unit\u0103\u021bi de \u00eenv\u0103\u021b\u0103m\u00e2nt. <\/strong><\/p>\n\n\n\n<p class=\"wp-block-paragraph\">\u00cen pragul noului an \u0219colar, Inspectoratul de Poli\u021bie Jude\u021bean Alba, al\u0103turi de Inspectoratul Jude\u021bean de Jandarmi \u201eAvram Iancu\u201d Alba, Inspectoratul pentru Situa\u021bii de Urgen\u021b\u0103 \u201eUnirea\u201d Alba, Centrul Regional de Prevenire, Evaluare \u0219i Consiliere Antidrog Alba Iulia \u0219i Agen\u021bia Na\u021bional\u0103 \u00cempotriva Traficului de Persoane \u2013 Centrul Regional Alba Iulia, cu sprijinul Institu\u021biei Prefectului \u2013 Jude\u021bul Alba \u0219i al Inspectoratului \u0218colar Jude\u021bean Alba, demareaz\u0103 campania de informare \u0219i prevenire #10 PENTRU SIGURAN\u021a\u0102. <\/p>\n\n\n\n<p class=\"wp-block-paragraph\">Campania are ca scop cre\u0219terea gradului de informare al elevilor, p\u0103rin\u021bilor \u0219i profesorilor, \u00een leg\u0103tur\u0103 cu riscurile infrac\u021bionalit\u0103\u021bii \u00een unit\u0103\u021bile de \u00eenv\u0103\u021b\u0103m\u00e2nt \u0219i zonele adiacente acestora. <\/p>\n\n\n\n<p class=\"wp-block-paragraph\">Subiectele ce vor fi abordate sunt legate de pericolul consumului de droguri, al traficului de persoane, al violen\u021bei fizice \u0219i verbale dar vor fi discutate \u0219i teme referitoare la siguran\u021ba rutier\u0103 \u0219i mijloacele de protec\u021bie \u00eempotriva incendiilor \u0219i situa\u021biilor de urgen\u021b\u0103. <\/p>\n\n\n\n<p class=\"wp-block-paragraph\">Campania va fi lansat\u0103, duminic\u0103, 8 septembrie la Centrul Comercial Alba Mall din municipiul Alba Iulia, moment ce va fi urmat de o ac\u021biune public\u0103 \u00een zona Cet\u0103\u021bii Alba Carolina. <\/p>\n\n\n\n<p class=\"wp-block-paragraph\">\u00cen perioada 9 \u2013 20 septembrie 2019, speciali\u0219tii implica\u021bi \u00een aceast\u0103 campanie vor participa la 60 de ac\u021biuni informativ \u2013 preventive planificate a se desf\u0103\u0219ura \u00een peste 50 de unit\u0103\u021bi de \u00eenv\u0103\u021b\u0103m\u00e2nt din jude\u021bul Alba. Siguran\u021ba copiilor este r\u0103spunderea noastr\u0103, a tuturor, p\u0103rin\u021bi, cadre didactice \u0219i institu\u021bii abilitate s\u0103 previn\u0103 delincven\u021ba juvenil\u0103 \u0219i s\u0103 combat\u0103 situa\u021biile care ar putea contribui la victimizarea acestora!<\/p>\n","protected":false},"excerpt":{"rendered":"<p>Poli\u021bi\u0219tii, jandarmii, pompierii, speciali\u0219tii A.N.I.T.P. \u0219i A.N.A., sprijini\u021bi de Institu\u021bia Prefectului \u2013 Jude\u021bul Alba \u0219i de Inspectoratul \u0218colar Jude\u021bean s-au reunit \u00een cadrul unei campanii care are ca scop cre\u0219terea siguran\u021bei elevilor.\u00a0\u00a0\u00a0\u00a0 \u00a0#10 PENTRU SIGURAN\u021a\u0102 va fi lansat\u0103 duminic\u0103, 8 septembrie. Mesajul campaniei va ajunge \u00een peste 50 de unit\u0103\u021bi de \u00eenv\u0103\u021b\u0103m\u00e2nt. \u00cen pragul noului &hellip;<\/p>\n","protected":false},"author":17,"featured_media":82313,"comment_status":"open","ping_status":"open","sticky":false,"template":"","format":"standard","meta":{"inline_featured_image":false,"footnotes":""},"categories":[2039],"tags":[18665,307,18666,308,2311,76],"class_list":["post-82312","post","type-post","status-publish","format-standard","has-post-thumbnail","hentry","category-educatie","tag-10-pentru-siguranta","tag-alba","tag-campanie-dedicata-sigurantei-elevilor","tag-stiri","tag-unitati-de-invatamant","tag-urbea-mea"],"yoast_head":"<!-- This site is optimized with the Yoast SEO plugin v28.3 - https:\/\/yoast.com\/product\/yoast-seo-wordpress\/ -->\n<title>#10 Pentru Siguran\u021b\u0103, campanie dedicat\u0103 siguran\u021bei elevilor - Revista Urbea Mea - Revista de Alba<\/title>\n<meta name=\"description\" content=\"Poli\u021bi\u0219tii, jandarmii, pompierii, speciali\u0219tii A.N.I.T.P. \u0219i A.N.A., sprijini\u021bi de Institu\u021bia Prefectului \u2013 Jude\u021bul Alba \u0219i de Inspectoratul \u0218colar\" \/>\n<meta name=\"robots\" content=\"index, follow, max-snippet:-1, max-image-preview:large, max-video-preview:-1\" \/>\n<link rel=\"canonical\" href=\"https:\/\/urbeamea.ro\/albaiulia\/10-pentru-siguranta-campanie-dedicata-sigurantei-elevilor\/\" \/>\n<meta name=\"twitter:card\" content=\"summary_large_image\" \/>\n<meta name=\"twitter:title\" content=\"#10 Pentru Siguran\u021b\u0103, campanie dedicat\u0103 siguran\u021bei elevilor - Revista Urbea Mea - Revista de Alba\" \/>\n<meta name=\"twitter:description\" content=\"Poli\u021bi\u0219tii, jandarmii, pompierii, speciali\u0219tii A.N.I.T.P. \u0219i A.N.A., sprijini\u021bi de Institu\u021bia Prefectului \u2013 Jude\u021bul Alba \u0219i de Inspectoratul \u0218colar\" \/>\n<meta name=\"twitter:image\" content=\"https:\/\/urbeamea.ro\/albaiulia\/wp-content\/uploads\/2019\/09\/10-pentru-sigurana-pic.jpg\" \/>\n<meta name=\"twitter:creator\" content=\"@urbeameaweb\" \/>\n<meta name=\"twitter:site\" content=\"@urbeameaweb\" \/>\n<script type=\"application\/ld+json\" class=\"yoast-schema-graph\">{\"@context\":\"https:\\\/\\\/schema.org\",\"@graph\":[{\"@type\":\"Article\",\"@id\":\"https:\\\/\\\/urbeamea.ro\\\/albaiulia\\\/10-pentru-siguranta-campanie-dedicata-sigurantei-elevilor\\\/#article\",\"isPartOf\":{\"@id\":\"https:\\\/\\\/urbeamea.ro\\\/albaiulia\\\/10-pentru-siguranta-campanie-dedicata-sigurantei-elevilor\\\/\"},\"author\":{\"name\":\"Cristina Ganga\",\"@id\":\"https:\\\/\\\/urbeamea.ro\\\/albaiulia\\\/#\\\/schema\\\/person\\\/9700d21fae21c4f038b0b56f4506264a\"},\"headline\":\"#10 Pentru Siguran\u021b\u0103, campanie dedicat\u0103 siguran\u021bei elevilor\",\"datePublished\":\"2019-09-07T12:15:29+00:00\",\"dateModified\":\"2019-09-07T12:15:32+00:00\",\"mainEntityOfPage\":{\"@id\":\"https:\\\/\\\/urbeamea.ro\\\/albaiulia\\\/10-pentru-siguranta-campanie-dedicata-sigurantei-elevilor\\\/\"},\"wordCount\":332,\"commentCount\":0,\"image\":{\"@id\":\"https:\\\/\\\/urbeamea.ro\\\/albaiulia\\\/10-pentru-siguranta-campanie-dedicata-sigurantei-elevilor\\\/#primaryimage\"},\"thumbnailUrl\":\"https:\\\/\\\/urbeamea.ro\\\/albaiulia\\\/wp-content\\\/uploads\\\/2019\\\/09\\\/10-pentru-sigurana-pic.jpg\",\"keywords\":[\"#10 pentru siguranta\",\"alba\",\"campanie dedicata sigurantei elevilor\",\"stiri\",\"unitati de invatamant\",\"Urbea Mea\"],\"articleSection\":[\"Educa\u021bie\"],\"inLanguage\":\"ro-RO\",\"potentialAction\":[{\"@type\":\"CommentAction\",\"name\":\"Comment\",\"target\":[\"https:\\\/\\\/urbeamea.ro\\\/albaiulia\\\/10-pentru-siguranta-campanie-dedicata-sigurantei-elevilor\\\/#respond\"]}]},{\"@type\":\"WebPage\",\"@id\":\"https:\\\/\\\/urbeamea.ro\\\/albaiulia\\\/10-pentru-siguranta-campanie-dedicata-sigurantei-elevilor\\\/\",\"url\":\"https:\\\/\\\/urbeamea.ro\\\/albaiulia\\\/10-pentru-siguranta-campanie-dedicata-sigurantei-elevilor\\\/\",\"name\":\"#10 Pentru Siguran\u021b\u0103, campanie dedicat\u0103 siguran\u021bei elevilor - Revista Urbea Mea - Revista de Alba\",\"isPartOf\":{\"@id\":\"https:\\\/\\\/urbeamea.ro\\\/albaiulia\\\/#website\"},\"primaryImageOfPage\":{\"@id\":\"https:\\\/\\\/urbeamea.ro\\\/albaiulia\\\/10-pentru-siguranta-campanie-dedicata-sigurantei-elevilor\\\/#primaryimage\"},\"image\":{\"@id\":\"https:\\\/\\\/urbeamea.ro\\\/albaiulia\\\/10-pentru-siguranta-campanie-dedicata-sigurantei-elevilor\\\/#primaryimage\"},\"thumbnailUrl\":\"https:\\\/\\\/urbeamea.ro\\\/albaiulia\\\/wp-content\\\/uploads\\\/2019\\\/09\\\/10-pentru-sigurana-pic.jpg\",\"datePublished\":\"2019-09-07T12:15:29+00:00\",\"dateModified\":\"2019-09-07T12:15:32+00:00\",\"author\":{\"@id\":\"https:\\\/\\\/urbeamea.ro\\\/albaiulia\\\/#\\\/schema\\\/person\\\/9700d21fae21c4f038b0b56f4506264a\"},\"description\":\"Poli\u021bi\u0219tii, jandarmii, pompierii, speciali\u0219tii A.N.I.T.P. \u0219i A.N.A., sprijini\u021bi de Institu\u021bia Prefectului \u2013 Jude\u021bul Alba \u0219i de Inspectoratul \u0218colar\",\"breadcrumb\":{\"@id\":\"https:\\\/\\\/urbeamea.ro\\\/albaiulia\\\/10-pentru-siguranta-campanie-dedicata-sigurantei-elevilor\\\/#breadcrumb\"},\"inLanguage\":\"ro-RO\",\"potentialAction\":[{\"@type\":\"ReadAction\",\"target\":[\"https:\\\/\\\/urbeamea.ro\\\/albaiulia\\\/10-pentru-siguranta-campanie-dedicata-sigurantei-elevilor\\\/\"]}]},{\"@type\":\"ImageObject\",\"inLanguage\":\"ro-RO\",\"@id\":\"https:\\\/\\\/urbeamea.ro\\\/albaiulia\\\/10-pentru-siguranta-campanie-dedicata-sigurantei-elevilor\\\/#primaryimage\",\"url\":\"https:\\\/\\\/urbeamea.ro\\\/albaiulia\\\/wp-content\\\/uploads\\\/2019\\\/09\\\/10-pentru-sigurana-pic.jpg\",\"contentUrl\":\"https:\\\/\\\/urbeamea.ro\\\/albaiulia\\\/wp-content\\\/uploads\\\/2019\\\/09\\\/10-pentru-sigurana-pic.jpg\",\"width\":651,\"height\":908},{\"@type\":\"BreadcrumbList\",\"@id\":\"https:\\\/\\\/urbeamea.ro\\\/albaiulia\\\/10-pentru-siguranta-campanie-dedicata-sigurantei-elevilor\\\/#breadcrumb\",\"itemListElement\":[{\"@type\":\"ListItem\",\"position\":1,\"name\":\"Prima pagin\u0103\",\"item\":\"https:\\\/\\\/urbeamea.ro\\\/albaiulia\\\/\"},{\"@type\":\"ListItem\",\"position\":2,\"name\":\"#10 Pentru Siguran\u021b\u0103, campanie dedicat\u0103 siguran\u021bei elevilor\"}]},{\"@type\":\"WebSite\",\"@id\":\"https:\\\/\\\/urbeamea.ro\\\/albaiulia\\\/#website\",\"url\":\"https:\\\/\\\/urbeamea.ro\\\/albaiulia\\\/\",\"name\":\"Revista Urbea Mea, Stiri urbane\",\"description\":\"Evenimente \u0219i \u0219tiri din Alba Iulia, Sebe\u0219, Aiud, Blaj\",\"potentialAction\":[{\"@type\":\"SearchAction\",\"target\":{\"@type\":\"EntryPoint\",\"urlTemplate\":\"https:\\\/\\\/urbeamea.ro\\\/albaiulia\\\/?s={search_term_string}\"},\"query-input\":{\"@type\":\"PropertyValueSpecification\",\"valueRequired\":true,\"valueName\":\"search_term_string\"}}],\"inLanguage\":\"ro-RO\"},{\"@type\":\"Person\",\"@id\":\"https:\\\/\\\/urbeamea.ro\\\/albaiulia\\\/#\\\/schema\\\/person\\\/9700d21fae21c4f038b0b56f4506264a\",\"name\":\"Cristina Ganga\",\"image\":{\"@type\":\"ImageObject\",\"inLanguage\":\"ro-RO\",\"@id\":\"https:\\\/\\\/secure.gravatar.com\\\/avatar\\\/5a67661041f057b4a8ccaf26f5a8e86e2689372006d01faf3dd9eeb10b654bb4?s=96&d=mm&r=g\",\"url\":\"https:\\\/\\\/secure.gravatar.com\\\/avatar\\\/5a67661041f057b4a8ccaf26f5a8e86e2689372006d01faf3dd9eeb10b654bb4?s=96&d=mm&r=g\",\"contentUrl\":\"https:\\\/\\\/secure.gravatar.com\\\/avatar\\\/5a67661041f057b4a8ccaf26f5a8e86e2689372006d01faf3dd9eeb10b654bb4?s=96&d=mm&r=g\",\"caption\":\"Cristina Ganga\"},\"description\":\"Jurnalist\",\"sameAs\":[\"https:\\\/\\\/www.facebook.com\\\/cristina.nicola.587\"],\"url\":\"https:\\\/\\\/urbeamea.ro\\\/albaiulia\\\/author\\\/cristina-nicola\\\/\"}]}<\/script>\n<!-- \/ Yoast SEO plugin. -->","yoast_head_json":{"title":"#10 Pentru Siguran\u021b\u0103, campanie dedicat\u0103 siguran\u021bei elevilor - Revista Urbea Mea - Revista de Alba","description":"Poli\u021bi\u0219tii, jandarmii, pompierii, speciali\u0219tii A.N.I.T.P. \u0219i A.N.A., sprijini\u021bi de Institu\u021bia Prefectului \u2013 Jude\u021bul Alba \u0219i de Inspectoratul \u0218colar","robots":{"index":"index","follow":"follow","max-snippet":"max-snippet:-1","max-image-preview":"max-image-preview:large","max-video-preview":"max-video-preview:-1"},"canonical":"https:\/\/urbeamea.ro\/albaiulia\/10-pentru-siguranta-campanie-dedicata-sigurantei-elevilor\/","twitter_card":"summary_large_image","twitter_title":"#10 Pentru Siguran\u021b\u0103, campanie dedicat\u0103 siguran\u021bei elevilor - Revista Urbea Mea - Revista de Alba","twitter_description":"Poli\u021bi\u0219tii, jandarmii, pompierii, speciali\u0219tii A.N.I.T.P. \u0219i A.N.A., sprijini\u021bi de Institu\u021bia Prefectului \u2013 Jude\u021bul Alba \u0219i de Inspectoratul \u0218colar","twitter_image":"https:\/\/urbeamea.ro\/albaiulia\/wp-content\/uploads\/2019\/09\/10-pentru-sigurana-pic.jpg","twitter_creator":"@urbeameaweb","twitter_site":"@urbeameaweb","schema":{"@context":"https:\/\/schema.org","@graph":[{"@type":"Article","@id":"https:\/\/urbeamea.ro\/albaiulia\/10-pentru-siguranta-campanie-dedicata-sigurantei-elevilor\/#article","isPartOf":{"@id":"https:\/\/urbeamea.ro\/albaiulia\/10-pentru-siguranta-campanie-dedicata-sigurantei-elevilor\/"},"author":{"name":"Cristina Ganga","@id":"https:\/\/urbeamea.ro\/albaiulia\/#\/schema\/person\/9700d21fae21c4f038b0b56f4506264a"},"headline":"#10 Pentru Siguran\u021b\u0103, campanie dedicat\u0103 siguran\u021bei elevilor","datePublished":"2019-09-07T12:15:29+00:00","dateModified":"2019-09-07T12:15:32+00:00","mainEntityOfPage":{"@id":"https:\/\/urbeamea.ro\/albaiulia\/10-pentru-siguranta-campanie-dedicata-sigurantei-elevilor\/"},"wordCount":332,"commentCount":0,"image":{"@id":"https:\/\/urbeamea.ro\/albaiulia\/10-pentru-siguranta-campanie-dedicata-sigurantei-elevilor\/#primaryimage"},"thumbnailUrl":"https:\/\/urbeamea.ro\/albaiulia\/wp-content\/uploads\/2019\/09\/10-pentru-sigurana-pic.jpg","keywords":["#10 pentru siguranta","alba","campanie dedicata sigurantei elevilor","stiri","unitati de invatamant","Urbea Mea"],"articleSection":["Educa\u021bie"],"inLanguage":"ro-RO","potentialAction":[{"@type":"CommentAction","name":"Comment","target":["https:\/\/urbeamea.ro\/albaiulia\/10-pentru-siguranta-campanie-dedicata-sigurantei-elevilor\/#respond"]}]},{"@type":"WebPage","@id":"https:\/\/urbeamea.ro\/albaiulia\/10-pentru-siguranta-campanie-dedicata-sigurantei-elevilor\/","url":"https:\/\/urbeamea.ro\/albaiulia\/10-pentru-siguranta-campanie-dedicata-sigurantei-elevilor\/","name":"#10 Pentru Siguran\u021b\u0103, campanie dedicat\u0103 siguran\u021bei elevilor - Revista Urbea Mea - Revista de Alba","isPartOf":{"@id":"https:\/\/urbeamea.ro\/albaiulia\/#website"},"primaryImageOfPage":{"@id":"https:\/\/urbeamea.ro\/albaiulia\/10-pentru-siguranta-campanie-dedicata-sigurantei-elevilor\/#primaryimage"},"image":{"@id":"https:\/\/urbeamea.ro\/albaiulia\/10-pentru-siguranta-campanie-dedicata-sigurantei-elevilor\/#primaryimage"},"thumbnailUrl":"https:\/\/urbeamea.ro\/albaiulia\/wp-content\/uploads\/2019\/09\/10-pentru-sigurana-pic.jpg","datePublished":"2019-09-07T12:15:29+00:00","dateModified":"2019-09-07T12:15:32+00:00","author":{"@id":"https:\/\/urbeamea.ro\/albaiulia\/#\/schema\/person\/9700d21fae21c4f038b0b56f4506264a"},"description":"Poli\u021bi\u0219tii, jandarmii, pompierii, speciali\u0219tii A.N.I.T.P. \u0219i A.N.A., sprijini\u021bi de Institu\u021bia Prefectului \u2013 Jude\u021bul Alba \u0219i de Inspectoratul \u0218colar","breadcrumb":{"@id":"https:\/\/urbeamea.ro\/albaiulia\/10-pentru-siguranta-campanie-dedicata-sigurantei-elevilor\/#breadcrumb"},"inLanguage":"ro-RO","potentialAction":[{"@type":"ReadAction","target":["https:\/\/urbeamea.ro\/albaiulia\/10-pentru-siguranta-campanie-dedicata-sigurantei-elevilor\/"]}]},{"@type":"ImageObject","inLanguage":"ro-RO","@id":"https:\/\/urbeamea.ro\/albaiulia\/10-pentru-siguranta-campanie-dedicata-sigurantei-elevilor\/#primaryimage","url":"https:\/\/urbeamea.ro\/albaiulia\/wp-content\/uploads\/2019\/09\/10-pentru-sigurana-pic.jpg","contentUrl":"https:\/\/urbeamea.ro\/albaiulia\/wp-content\/uploads\/2019\/09\/10-pentru-sigurana-pic.jpg","width":651,"height":908},{"@type":"BreadcrumbList","@id":"https:\/\/urbeamea.ro\/albaiulia\/10-pentru-siguranta-campanie-dedicata-sigurantei-elevilor\/#breadcrumb","itemListElement":[{"@type":"ListItem","position":1,"name":"Prima pagin\u0103","item":"https:\/\/urbeamea.ro\/albaiulia\/"},{"@type":"ListItem","position":2,"name":"#10 Pentru Siguran\u021b\u0103, campanie dedicat\u0103 siguran\u021bei elevilor"}]},{"@type":"WebSite","@id":"https:\/\/urbeamea.ro\/albaiulia\/#website","url":"https:\/\/urbeamea.ro\/albaiulia\/","name":"Revista Urbea Mea, Stiri urbane","description":"Evenimente \u0219i \u0219tiri din Alba Iulia, Sebe\u0219, Aiud, Blaj","potentialAction":[{"@type":"SearchAction","target":{"@type":"EntryPoint","urlTemplate":"https:\/\/urbeamea.ro\/albaiulia\/?s={search_term_string}"},"query-input":{"@type":"PropertyValueSpecification","valueRequired":true,"valueName":"search_term_string"}}],"inLanguage":"ro-RO"},{"@type":"Person","@id":"https:\/\/urbeamea.ro\/albaiulia\/#\/schema\/person\/9700d21fae21c4f038b0b56f4506264a","name":"Cristina Ganga","image":{"@type":"ImageObject","inLanguage":"ro-RO","@id":"https:\/\/secure.gravatar.com\/avatar\/5a67661041f057b4a8ccaf26f5a8e86e2689372006d01faf3dd9eeb10b654bb4?s=96&d=mm&r=g","url":"https:\/\/secure.gravatar.com\/avatar\/5a67661041f057b4a8ccaf26f5a8e86e2689372006d01faf3dd9eeb10b654bb4?s=96&d=mm&r=g","contentUrl":"https:\/\/secure.gravatar.com\/avatar\/5a67661041f057b4a8ccaf26f5a8e86e2689372006d01faf3dd9eeb10b654bb4?s=96&d=mm&r=g","caption":"Cristina Ganga"},"description":"Jurnalist","sameAs":["https:\/\/www.facebook.com\/cristina.nicola.587"],"url":"https:\/\/urbeamea.ro\/albaiulia\/author\/cristina-nicola\/"}]}},"_links":{"self":[{"href":"https:\/\/urbeamea.ro\/albaiulia\/wp-json\/wp\/v2\/posts\/82312","targetHints":{"allow":["GET"]}}],"collection":[{"href":"https:\/\/urbeamea.ro\/albaiulia\/wp-json\/wp\/v2\/posts"}],"about":[{"href":"https:\/\/urbeamea.ro\/albaiulia\/wp-json\/wp\/v2\/types\/post"}],"author":[{"embeddable":true,"href":"https:\/\/urbeamea.ro\/albaiulia\/wp-json\/wp\/v2\/users\/17"}],"replies":[{"embeddable":true,"href":"https:\/\/urbeamea.ro\/albaiulia\/wp-json\/wp\/v2\/comments?post=82312"}],"version-history":[{"count":0,"href":"https:\/\/urbeamea.ro\/albaiulia\/wp-json\/wp\/v2\/posts\/82312\/revisions"}],"wp:featuredmedia":[{"embeddable":true,"href":"https:\/\/urbeamea.ro\/albaiulia\/wp-json\/wp\/v2\/media\/82313"}],"wp:attachment":[{"href":"https:\/\/urbeamea.ro\/albaiulia\/wp-json\/wp\/v2\/media?parent=82312"}],"wp:term":[{"taxonomy":"category","embeddable":true,"href":"https:\/\/urbeamea.ro\/albaiulia\/wp-json\/wp\/v2\/categories?post=82312"},{"taxonomy":"post_tag","embeddable":true,"href":"https:\/\/urbeamea.ro\/albaiulia\/wp-json\/wp\/v2\/tags?post=82312"}],"curies":[{"name":"wp","href":"https:\/\/api.w.org\/{rel}","templated":true}]}}