{"id":82315,"date":"2019-09-07T15:21:52","date_gmt":"2019-09-07T12:21:52","guid":{"rendered":"https:\/\/urbeamea.ro\/albaiulia\/?p=82315"},"modified":"2019-09-07T15:22:26","modified_gmt":"2019-09-07T12:22:26","slug":"luni-deschiderea-noului-an-scolar-la-colegiul-national-militar-mihai-viteazul-alba-iulia","status":"publish","type":"post","link":"https:\/\/urbeamea.ro\/albaiulia\/luni-deschiderea-noului-an-scolar-la-colegiul-national-militar-mihai-viteazul-alba-iulia\/","title":{"rendered":"LUNI: Deschiderea noului an \u0219colar la Colegiul Na\u021bional Militar \u201eMihai Viteazul\u201d Alba Iulia"},"content":{"rendered":"\n<p class=\"wp-block-paragraph\"><strong>La Colegiul Na\u0163ional Militar ,,Mihai Viteazul\u201d Alba Iulia se va desf\u0103\u015fura luni, 9 septembrie, \u00eencep\u00e2nd cu ora 09:00, ceremonialul deschiderii anului \u015fcolar 2019 \u2013 2020. <\/strong><\/p>\n\n\n\n<p class=\"wp-block-paragraph\">Al\u0103turi de cei 458 de elevi care au ales s\u0103 \u00eembrace uniforma de licean militar vor fi, ca \u00een fiecare an, p\u0103rin\u0163i, rude \u015fi prieteni, reprezentan\u0163i ai e\u015falonului superior, ai administra\u0163iei publice locale \u015fi jude\u0163ene \u015fi ai Inspectoratului \u015ecolar Jude\u0163ean Alba.<\/p>\n\n\n\n<p class=\"wp-block-paragraph\">Conform tradi\u0163iei, cei 120 de elevi din clasa a IX-a vor rosti leg\u0103m\u00e2ntul: <em>,,M\u0103 leg s\u0103 \u00eenv\u0103\u0163 carte, s\u0103-mi o\u0163elesc bra\u0163ul \u015fi inima, spre a sluji cu destoinicie patria \u015fi Armata Rom\u00e2niei. A\u015fa s\u0103-mi ajute Dumnezeu!\u201d.<\/em><\/p>\n\n\n\n<p class=\"wp-block-paragraph\">\u00cen luna noiembrie a acestui an colegiul militar albaiulian va aniversa 100 de ani de existen\u0163\u0103, perioad\u0103 \u00een care a preg\u0103tit aproximativ 7.000 de absolven\u0163i. <\/p>\n\n\n\n<p class=\"wp-block-paragraph\">Ace\u015ftia au devenit mai motiva\u0163i, mai \u00eencrez\u0103tori \u015fi mai bine preg\u0103ti\u0163i pentru institu\u0163iile militare de \u00eenv\u0103\u0163\u0103m\u00e2nt superior \u015fi pentru cariera militar\u0103.<\/p>\n","protected":false},"excerpt":{"rendered":"<p>La Colegiul Na\u0163ional Militar ,,Mihai Viteazul\u201d Alba Iulia se va desf\u0103\u015fura luni, 9 septembrie, \u00eencep\u00e2nd cu ora 09:00, ceremonialul deschiderii anului \u015fcolar 2019 \u2013 2020. Al\u0103turi de cei 458 de elevi care au ales s\u0103 \u00eembrace uniforma de licean militar vor fi, ca \u00een fiecare an, p\u0103rin\u0163i, rude \u015fi prieteni, reprezentan\u0163i ai e\u015falonului superior, ai &hellip;<\/p>\n","protected":false},"author":17,"featured_media":64472,"comment_status":"open","ping_status":"open","sticky":false,"template":"","format":"standard","meta":{"inline_featured_image":false,"footnotes":""},"categories":[2039],"tags":[937,12345,308,76],"class_list":["post-82315","post","type-post","status-publish","format-standard","has-post-thumbnail","hentry","category-educatie","tag-colegiul-national-militar-mihai-viteazul","tag-deschiderea-noului-an-scolar","tag-stiri","tag-urbea-mea"],"yoast_head":"<!-- This site is optimized with the Yoast SEO plugin v28.3 - https:\/\/yoast.com\/product\/yoast-seo-wordpress\/ -->\n<title>LUNI: Deschiderea noului an \u0219colar la Colegiul Na\u021bional Militar \u201eMihai Viteazul\u201d Alba Iulia - Revista Urbea Mea - Revista de Alba<\/title>\n<meta name=\"description\" content=\"La Colegiul Na\u0163ional Militar ,,Mihai Viteazul\u201d Alba Iulia se va desf\u0103\u015fura luni, 9 septembrie, \u00eencep\u00e2nd cu ora 09:00, ceremonialul deschiderii anului\" \/>\n<meta name=\"robots\" content=\"index, follow, max-snippet:-1, max-image-preview:large, max-video-preview:-1\" \/>\n<link rel=\"canonical\" href=\"https:\/\/urbeamea.ro\/albaiulia\/luni-deschiderea-noului-an-scolar-la-colegiul-national-militar-mihai-viteazul-alba-iulia\/\" \/>\n<meta name=\"twitter:card\" content=\"summary_large_image\" \/>\n<meta name=\"twitter:title\" content=\"LUNI: Deschiderea noului an \u0219colar la Colegiul Na\u021bional Militar \u201eMihai Viteazul\u201d Alba Iulia - Revista Urbea Mea - Revista de Alba\" \/>\n<meta name=\"twitter:description\" content=\"La Colegiul Na\u0163ional Militar ,,Mihai Viteazul\u201d Alba Iulia se va desf\u0103\u015fura luni, 9 septembrie, \u00eencep\u00e2nd cu ora 09:00, ceremonialul deschiderii anului\" \/>\n<meta name=\"twitter:image\" content=\"https:\/\/urbeamea.ro\/albaiulia\/wp-content\/uploads\/2018\/06\/elevi-liceul-militar001.jpg\" \/>\n<meta name=\"twitter:creator\" content=\"@urbeameaweb\" \/>\n<meta name=\"twitter:site\" content=\"@urbeameaweb\" \/>\n<script type=\"application\/ld+json\" class=\"yoast-schema-graph\">{\"@context\":\"https:\\\/\\\/schema.org\",\"@graph\":[{\"@type\":\"Article\",\"@id\":\"https:\\\/\\\/urbeamea.ro\\\/albaiulia\\\/luni-deschiderea-noului-an-scolar-la-colegiul-national-militar-mihai-viteazul-alba-iulia\\\/#article\",\"isPartOf\":{\"@id\":\"https:\\\/\\\/urbeamea.ro\\\/albaiulia\\\/luni-deschiderea-noului-an-scolar-la-colegiul-national-militar-mihai-viteazul-alba-iulia\\\/\"},\"author\":{\"name\":\"Cristina Ganga\",\"@id\":\"https:\\\/\\\/urbeamea.ro\\\/albaiulia\\\/#\\\/schema\\\/person\\\/9700d21fae21c4f038b0b56f4506264a\"},\"headline\":\"LUNI: Deschiderea noului an \u0219colar la Colegiul Na\u021bional Militar \u201eMihai Viteazul\u201d Alba Iulia\",\"datePublished\":\"2019-09-07T12:21:52+00:00\",\"dateModified\":\"2019-09-07T12:22:26+00:00\",\"mainEntityOfPage\":{\"@id\":\"https:\\\/\\\/urbeamea.ro\\\/albaiulia\\\/luni-deschiderea-noului-an-scolar-la-colegiul-national-militar-mihai-viteazul-alba-iulia\\\/\"},\"wordCount\":183,\"commentCount\":0,\"image\":{\"@id\":\"https:\\\/\\\/urbeamea.ro\\\/albaiulia\\\/luni-deschiderea-noului-an-scolar-la-colegiul-national-militar-mihai-viteazul-alba-iulia\\\/#primaryimage\"},\"thumbnailUrl\":\"https:\\\/\\\/urbeamea.ro\\\/albaiulia\\\/wp-content\\\/uploads\\\/2018\\\/06\\\/elevi-liceul-militar001.jpg\",\"keywords\":[\"colegiul national militar mihai viteazul\",\"deschiderea noului an scolar\",\"stiri\",\"Urbea Mea\"],\"articleSection\":[\"Educa\u021bie\"],\"inLanguage\":\"ro-RO\",\"potentialAction\":[{\"@type\":\"CommentAction\",\"name\":\"Comment\",\"target\":[\"https:\\\/\\\/urbeamea.ro\\\/albaiulia\\\/luni-deschiderea-noului-an-scolar-la-colegiul-national-militar-mihai-viteazul-alba-iulia\\\/#respond\"]}]},{\"@type\":\"WebPage\",\"@id\":\"https:\\\/\\\/urbeamea.ro\\\/albaiulia\\\/luni-deschiderea-noului-an-scolar-la-colegiul-national-militar-mihai-viteazul-alba-iulia\\\/\",\"url\":\"https:\\\/\\\/urbeamea.ro\\\/albaiulia\\\/luni-deschiderea-noului-an-scolar-la-colegiul-national-militar-mihai-viteazul-alba-iulia\\\/\",\"name\":\"LUNI: Deschiderea noului an \u0219colar la Colegiul Na\u021bional Militar \u201eMihai Viteazul\u201d Alba Iulia - Revista Urbea Mea - Revista de Alba\",\"isPartOf\":{\"@id\":\"https:\\\/\\\/urbeamea.ro\\\/albaiulia\\\/#website\"},\"primaryImageOfPage\":{\"@id\":\"https:\\\/\\\/urbeamea.ro\\\/albaiulia\\\/luni-deschiderea-noului-an-scolar-la-colegiul-national-militar-mihai-viteazul-alba-iulia\\\/#primaryimage\"},\"image\":{\"@id\":\"https:\\\/\\\/urbeamea.ro\\\/albaiulia\\\/luni-deschiderea-noului-an-scolar-la-colegiul-national-militar-mihai-viteazul-alba-iulia\\\/#primaryimage\"},\"thumbnailUrl\":\"https:\\\/\\\/urbeamea.ro\\\/albaiulia\\\/wp-content\\\/uploads\\\/2018\\\/06\\\/elevi-liceul-militar001.jpg\",\"datePublished\":\"2019-09-07T12:21:52+00:00\",\"dateModified\":\"2019-09-07T12:22:26+00:00\",\"author\":{\"@id\":\"https:\\\/\\\/urbeamea.ro\\\/albaiulia\\\/#\\\/schema\\\/person\\\/9700d21fae21c4f038b0b56f4506264a\"},\"description\":\"La Colegiul Na\u0163ional Militar ,,Mihai Viteazul\u201d Alba Iulia se va desf\u0103\u015fura luni, 9 septembrie, \u00eencep\u00e2nd cu ora 09:00, ceremonialul deschiderii anului\",\"breadcrumb\":{\"@id\":\"https:\\\/\\\/urbeamea.ro\\\/albaiulia\\\/luni-deschiderea-noului-an-scolar-la-colegiul-national-militar-mihai-viteazul-alba-iulia\\\/#breadcrumb\"},\"inLanguage\":\"ro-RO\",\"potentialAction\":[{\"@type\":\"ReadAction\",\"target\":[\"https:\\\/\\\/urbeamea.ro\\\/albaiulia\\\/luni-deschiderea-noului-an-scolar-la-colegiul-national-militar-mihai-viteazul-alba-iulia\\\/\"]}]},{\"@type\":\"ImageObject\",\"inLanguage\":\"ro-RO\",\"@id\":\"https:\\\/\\\/urbeamea.ro\\\/albaiulia\\\/luni-deschiderea-noului-an-scolar-la-colegiul-national-militar-mihai-viteazul-alba-iulia\\\/#primaryimage\",\"url\":\"https:\\\/\\\/urbeamea.ro\\\/albaiulia\\\/wp-content\\\/uploads\\\/2018\\\/06\\\/elevi-liceul-militar001.jpg\",\"contentUrl\":\"https:\\\/\\\/urbeamea.ro\\\/albaiulia\\\/wp-content\\\/uploads\\\/2018\\\/06\\\/elevi-liceul-militar001.jpg\",\"width\":720,\"height\":480},{\"@type\":\"BreadcrumbList\",\"@id\":\"https:\\\/\\\/urbeamea.ro\\\/albaiulia\\\/luni-deschiderea-noului-an-scolar-la-colegiul-national-militar-mihai-viteazul-alba-iulia\\\/#breadcrumb\",\"itemListElement\":[{\"@type\":\"ListItem\",\"position\":1,\"name\":\"Prima pagin\u0103\",\"item\":\"https:\\\/\\\/urbeamea.ro\\\/albaiulia\\\/\"},{\"@type\":\"ListItem\",\"position\":2,\"name\":\"LUNI: Deschiderea noului an \u0219colar la Colegiul Na\u021bional Militar \u201eMihai Viteazul\u201d Alba Iulia\"}]},{\"@type\":\"WebSite\",\"@id\":\"https:\\\/\\\/urbeamea.ro\\\/albaiulia\\\/#website\",\"url\":\"https:\\\/\\\/urbeamea.ro\\\/albaiulia\\\/\",\"name\":\"Revista Urbea Mea, Stiri urbane\",\"description\":\"Evenimente \u0219i \u0219tiri din Alba Iulia, Sebe\u0219, Aiud, Blaj\",\"potentialAction\":[{\"@type\":\"SearchAction\",\"target\":{\"@type\":\"EntryPoint\",\"urlTemplate\":\"https:\\\/\\\/urbeamea.ro\\\/albaiulia\\\/?s={search_term_string}\"},\"query-input\":{\"@type\":\"PropertyValueSpecification\",\"valueRequired\":true,\"valueName\":\"search_term_string\"}}],\"inLanguage\":\"ro-RO\"},{\"@type\":\"Person\",\"@id\":\"https:\\\/\\\/urbeamea.ro\\\/albaiulia\\\/#\\\/schema\\\/person\\\/9700d21fae21c4f038b0b56f4506264a\",\"name\":\"Cristina Ganga\",\"image\":{\"@type\":\"ImageObject\",\"inLanguage\":\"ro-RO\",\"@id\":\"https:\\\/\\\/secure.gravatar.com\\\/avatar\\\/5a67661041f057b4a8ccaf26f5a8e86e2689372006d01faf3dd9eeb10b654bb4?s=96&d=mm&r=g\",\"url\":\"https:\\\/\\\/secure.gravatar.com\\\/avatar\\\/5a67661041f057b4a8ccaf26f5a8e86e2689372006d01faf3dd9eeb10b654bb4?s=96&d=mm&r=g\",\"contentUrl\":\"https:\\\/\\\/secure.gravatar.com\\\/avatar\\\/5a67661041f057b4a8ccaf26f5a8e86e2689372006d01faf3dd9eeb10b654bb4?s=96&d=mm&r=g\",\"caption\":\"Cristina Ganga\"},\"description\":\"Jurnalist\",\"sameAs\":[\"https:\\\/\\\/www.facebook.com\\\/cristina.nicola.587\"],\"url\":\"https:\\\/\\\/urbeamea.ro\\\/albaiulia\\\/author\\\/cristina-nicola\\\/\"}]}<\/script>\n<!-- \/ Yoast SEO plugin. -->","yoast_head_json":{"title":"LUNI: Deschiderea noului an \u0219colar la Colegiul Na\u021bional Militar \u201eMihai Viteazul\u201d Alba Iulia - Revista Urbea Mea - Revista de Alba","description":"La Colegiul Na\u0163ional Militar ,,Mihai Viteazul\u201d Alba Iulia se va desf\u0103\u015fura luni, 9 septembrie, \u00eencep\u00e2nd cu ora 09:00, ceremonialul deschiderii anului","robots":{"index":"index","follow":"follow","max-snippet":"max-snippet:-1","max-image-preview":"max-image-preview:large","max-video-preview":"max-video-preview:-1"},"canonical":"https:\/\/urbeamea.ro\/albaiulia\/luni-deschiderea-noului-an-scolar-la-colegiul-national-militar-mihai-viteazul-alba-iulia\/","twitter_card":"summary_large_image","twitter_title":"LUNI: Deschiderea noului an \u0219colar la Colegiul Na\u021bional Militar \u201eMihai Viteazul\u201d Alba Iulia - Revista Urbea Mea - Revista de Alba","twitter_description":"La Colegiul Na\u0163ional Militar ,,Mihai Viteazul\u201d Alba Iulia se va desf\u0103\u015fura luni, 9 septembrie, \u00eencep\u00e2nd cu ora 09:00, ceremonialul deschiderii anului","twitter_image":"https:\/\/urbeamea.ro\/albaiulia\/wp-content\/uploads\/2018\/06\/elevi-liceul-militar001.jpg","twitter_creator":"@urbeameaweb","twitter_site":"@urbeameaweb","schema":{"@context":"https:\/\/schema.org","@graph":[{"@type":"Article","@id":"https:\/\/urbeamea.ro\/albaiulia\/luni-deschiderea-noului-an-scolar-la-colegiul-national-militar-mihai-viteazul-alba-iulia\/#article","isPartOf":{"@id":"https:\/\/urbeamea.ro\/albaiulia\/luni-deschiderea-noului-an-scolar-la-colegiul-national-militar-mihai-viteazul-alba-iulia\/"},"author":{"name":"Cristina Ganga","@id":"https:\/\/urbeamea.ro\/albaiulia\/#\/schema\/person\/9700d21fae21c4f038b0b56f4506264a"},"headline":"LUNI: Deschiderea noului an \u0219colar la Colegiul Na\u021bional Militar \u201eMihai Viteazul\u201d Alba Iulia","datePublished":"2019-09-07T12:21:52+00:00","dateModified":"2019-09-07T12:22:26+00:00","mainEntityOfPage":{"@id":"https:\/\/urbeamea.ro\/albaiulia\/luni-deschiderea-noului-an-scolar-la-colegiul-national-militar-mihai-viteazul-alba-iulia\/"},"wordCount":183,"commentCount":0,"image":{"@id":"https:\/\/urbeamea.ro\/albaiulia\/luni-deschiderea-noului-an-scolar-la-colegiul-national-militar-mihai-viteazul-alba-iulia\/#primaryimage"},"thumbnailUrl":"https:\/\/urbeamea.ro\/albaiulia\/wp-content\/uploads\/2018\/06\/elevi-liceul-militar001.jpg","keywords":["colegiul national militar mihai viteazul","deschiderea noului an scolar","stiri","Urbea Mea"],"articleSection":["Educa\u021bie"],"inLanguage":"ro-RO","potentialAction":[{"@type":"CommentAction","name":"Comment","target":["https:\/\/urbeamea.ro\/albaiulia\/luni-deschiderea-noului-an-scolar-la-colegiul-national-militar-mihai-viteazul-alba-iulia\/#respond"]}]},{"@type":"WebPage","@id":"https:\/\/urbeamea.ro\/albaiulia\/luni-deschiderea-noului-an-scolar-la-colegiul-national-militar-mihai-viteazul-alba-iulia\/","url":"https:\/\/urbeamea.ro\/albaiulia\/luni-deschiderea-noului-an-scolar-la-colegiul-national-militar-mihai-viteazul-alba-iulia\/","name":"LUNI: Deschiderea noului an \u0219colar la Colegiul Na\u021bional Militar \u201eMihai Viteazul\u201d Alba Iulia - Revista Urbea Mea - Revista de Alba","isPartOf":{"@id":"https:\/\/urbeamea.ro\/albaiulia\/#website"},"primaryImageOfPage":{"@id":"https:\/\/urbeamea.ro\/albaiulia\/luni-deschiderea-noului-an-scolar-la-colegiul-national-militar-mihai-viteazul-alba-iulia\/#primaryimage"},"image":{"@id":"https:\/\/urbeamea.ro\/albaiulia\/luni-deschiderea-noului-an-scolar-la-colegiul-national-militar-mihai-viteazul-alba-iulia\/#primaryimage"},"thumbnailUrl":"https:\/\/urbeamea.ro\/albaiulia\/wp-content\/uploads\/2018\/06\/elevi-liceul-militar001.jpg","datePublished":"2019-09-07T12:21:52+00:00","dateModified":"2019-09-07T12:22:26+00:00","author":{"@id":"https:\/\/urbeamea.ro\/albaiulia\/#\/schema\/person\/9700d21fae21c4f038b0b56f4506264a"},"description":"La Colegiul Na\u0163ional Militar ,,Mihai Viteazul\u201d Alba Iulia se va desf\u0103\u015fura luni, 9 septembrie, \u00eencep\u00e2nd cu ora 09:00, ceremonialul deschiderii anului","breadcrumb":{"@id":"https:\/\/urbeamea.ro\/albaiulia\/luni-deschiderea-noului-an-scolar-la-colegiul-national-militar-mihai-viteazul-alba-iulia\/#breadcrumb"},"inLanguage":"ro-RO","potentialAction":[{"@type":"ReadAction","target":["https:\/\/urbeamea.ro\/albaiulia\/luni-deschiderea-noului-an-scolar-la-colegiul-national-militar-mihai-viteazul-alba-iulia\/"]}]},{"@type":"ImageObject","inLanguage":"ro-RO","@id":"https:\/\/urbeamea.ro\/albaiulia\/luni-deschiderea-noului-an-scolar-la-colegiul-national-militar-mihai-viteazul-alba-iulia\/#primaryimage","url":"https:\/\/urbeamea.ro\/albaiulia\/wp-content\/uploads\/2018\/06\/elevi-liceul-militar001.jpg","contentUrl":"https:\/\/urbeamea.ro\/albaiulia\/wp-content\/uploads\/2018\/06\/elevi-liceul-militar001.jpg","width":720,"height":480},{"@type":"BreadcrumbList","@id":"https:\/\/urbeamea.ro\/albaiulia\/luni-deschiderea-noului-an-scolar-la-colegiul-national-militar-mihai-viteazul-alba-iulia\/#breadcrumb","itemListElement":[{"@type":"ListItem","position":1,"name":"Prima pagin\u0103","item":"https:\/\/urbeamea.ro\/albaiulia\/"},{"@type":"ListItem","position":2,"name":"LUNI: Deschiderea noului an \u0219colar la Colegiul Na\u021bional Militar \u201eMihai Viteazul\u201d Alba Iulia"}]},{"@type":"WebSite","@id":"https:\/\/urbeamea.ro\/albaiulia\/#website","url":"https:\/\/urbeamea.ro\/albaiulia\/","name":"Revista Urbea Mea, Stiri urbane","description":"Evenimente \u0219i \u0219tiri din Alba Iulia, Sebe\u0219, Aiud, Blaj","potentialAction":[{"@type":"SearchAction","target":{"@type":"EntryPoint","urlTemplate":"https:\/\/urbeamea.ro\/albaiulia\/?s={search_term_string}"},"query-input":{"@type":"PropertyValueSpecification","valueRequired":true,"valueName":"search_term_string"}}],"inLanguage":"ro-RO"},{"@type":"Person","@id":"https:\/\/urbeamea.ro\/albaiulia\/#\/schema\/person\/9700d21fae21c4f038b0b56f4506264a","name":"Cristina Ganga","image":{"@type":"ImageObject","inLanguage":"ro-RO","@id":"https:\/\/secure.gravatar.com\/avatar\/5a67661041f057b4a8ccaf26f5a8e86e2689372006d01faf3dd9eeb10b654bb4?s=96&d=mm&r=g","url":"https:\/\/secure.gravatar.com\/avatar\/5a67661041f057b4a8ccaf26f5a8e86e2689372006d01faf3dd9eeb10b654bb4?s=96&d=mm&r=g","contentUrl":"https:\/\/secure.gravatar.com\/avatar\/5a67661041f057b4a8ccaf26f5a8e86e2689372006d01faf3dd9eeb10b654bb4?s=96&d=mm&r=g","caption":"Cristina Ganga"},"description":"Jurnalist","sameAs":["https:\/\/www.facebook.com\/cristina.nicola.587"],"url":"https:\/\/urbeamea.ro\/albaiulia\/author\/cristina-nicola\/"}]}},"_links":{"self":[{"href":"https:\/\/urbeamea.ro\/albaiulia\/wp-json\/wp\/v2\/posts\/82315","targetHints":{"allow":["GET"]}}],"collection":[{"href":"https:\/\/urbeamea.ro\/albaiulia\/wp-json\/wp\/v2\/posts"}],"about":[{"href":"https:\/\/urbeamea.ro\/albaiulia\/wp-json\/wp\/v2\/types\/post"}],"author":[{"embeddable":true,"href":"https:\/\/urbeamea.ro\/albaiulia\/wp-json\/wp\/v2\/users\/17"}],"replies":[{"embeddable":true,"href":"https:\/\/urbeamea.ro\/albaiulia\/wp-json\/wp\/v2\/comments?post=82315"}],"version-history":[{"count":0,"href":"https:\/\/urbeamea.ro\/albaiulia\/wp-json\/wp\/v2\/posts\/82315\/revisions"}],"wp:featuredmedia":[{"embeddable":true,"href":"https:\/\/urbeamea.ro\/albaiulia\/wp-json\/wp\/v2\/media\/64472"}],"wp:attachment":[{"href":"https:\/\/urbeamea.ro\/albaiulia\/wp-json\/wp\/v2\/media?parent=82315"}],"wp:term":[{"taxonomy":"category","embeddable":true,"href":"https:\/\/urbeamea.ro\/albaiulia\/wp-json\/wp\/v2\/categories?post=82315"},{"taxonomy":"post_tag","embeddable":true,"href":"https:\/\/urbeamea.ro\/albaiulia\/wp-json\/wp\/v2\/tags?post=82315"}],"curies":[{"name":"wp","href":"https:\/\/api.w.org\/{rel}","templated":true}]}}