{"id":82382,"date":"2019-09-09T10:06:28","date_gmt":"2019-09-09T07:06:28","guid":{"rendered":"https:\/\/urbeamea.ro\/albaiulia\/?p=82382"},"modified":"2019-09-09T10:07:05","modified_gmt":"2019-09-09T07:07:05","slug":"a-inceput-numaratorea-inversa-pana-la-startul-competitiei-mamut-bike-race-2019","status":"publish","type":"post","link":"https:\/\/urbeamea.ro\/albaiulia\/a-inceput-numaratorea-inversa-pana-la-startul-competitiei-mamut-bike-race-2019\/","title":{"rendered":"A \u00eenceput num\u0103r\u0103torea invers\u0103 p\u00e2n\u0103 la startul competi\u021biei Mamut Bike Race 2019"},"content":{"rendered":"\n<p class=\"wp-block-paragraph\"><strong>Ne apropiem de Startul Mamut Bike Race, competi\u021bie de mountain-bike destinat\u0103 juniorilor \u0219i adul\u021bilor. Concursul de ciclism urmeaz\u0103 s\u0103 se desf\u0103\u0219oare s\u00e2mb\u0103t\u0103, 14 septembrie 2019, cu startul \u0219i premierea la baza de agrement din zona Mamut.<\/strong><\/p>\n\n\n\n<p class=\"wp-block-paragraph\">Ultimele \u00eenscrieri vor avea loc vineri, 13 septembrie, ora 18:00. Din motive logistice, participan\u021bii nu se vor mai putea \u00eenscrie \u0219i nu vor mai putea achita taxa de participare la fa\u021ba locului. To\u021bi concuren\u021bii \u00eenscri\u0219i care vor achita taxa de participare \u00een perioada 11-13 septembrie sunt ruga\u021bi s\u0103 aduc\u0103 dovada de plat\u0103 a taxei de \u00eenscriere pentru ridicarea pachetelor. Nemaifiind posibile \u00eenscrieri la fa\u021ba locului, taxa de participare va r\u0103m\u00e2ne neschimbat\u0103 (80 lei) p\u00e2n\u0103 \u00een ultima zi.<\/p>\n\n\n\n<p class=\"wp-block-paragraph\">Pachetele vor putea fi ridicate de la punctele care vor fi amenajate la fa\u021ba locului, \u00een cele 2 zile premerg\u0103toare, precum \u0219i \u00een ziua concursului. Rug\u0103m concuren\u021bii s\u0103 aib\u0103 asupra lor declara\u021bia tip\u0103rit\u0103, anexat\u0103 email-ului primit la \u00eenscriere, precum \u0219i actul de identitate.<\/p>\n\n\n\n<p class=\"wp-block-paragraph\">Pentru buna organizare a evenimentului, \u00eencep\u00e2nd cu data de 13 septembrie 2019, va fi \u00eenchis\u0103 pentru public zona de gr\u0103tar. Se impun restric\u021bii de circula\u021bie pe drumul de acces de la Parcul Dendrologic c\u0103tre Restaurant Panoramic pe \u00eentreaga perioad\u0103 de desf\u0103\u0219urare a evenimentului (\u00eentre orele 07:00-20:00), pentru deplina siguran\u021b\u0103 a tuturor participan\u021bilor. Se excepteaz\u0103 autovehiculele organizatorului, autospecialele ISU, IJJ, Ambulan\u021b\u0103 \u0219i Poli\u021bie. \u00cen ziua desf\u0103\u0219ur\u0103rii evenimentului, publicul \u0219i concuren\u021bii vor avea acces doar pietonal sau pe biciclet\u0103, f\u0103r\u0103 alimente \u0219i b\u0103uturi alcoolice \u00een zona de picnic. Rug\u0103m concuren\u021bii \u0219i \u00eenso\u021bitorii din localitate s\u0103 lase autoturismele acas\u0103 \u00een ziua concursului. Promov\u0103m mi\u0219carea \u0219i v\u0103 mul\u021bumim tuturor pentru \u00een\u021belegere.<\/p>\n\n\n\n<h5 class=\"wp-block-heading\">Desf\u0103\u0219urarea evenimentului are loc cu plecare de la baza de agrement din zona Mamut.<\/h5>\n\n\n\n<h5 class=\"wp-block-heading\">Joi, 12 septembrie 2019.<\/h5>\n\n\n\n<table class=\"wp-block-table\"><tbody><tr><td>18:00 &#8211; 20:00<\/td><td>Ridicare pachete de concurs<\/td><\/tr><\/tbody><\/table>\n\n\n\n<h5 class=\"wp-block-heading\">Vineri, 13 septembrie 2019.<\/h5>\n\n\n\n<table class=\"wp-block-table\"><tbody><tr><td>18:00 &#8211; 20:00<\/td><td>Ridicare pachete de concurs<\/td><\/tr><\/tbody><\/table>\n\n\n\n<h5 class=\"wp-block-heading\">S\u00e2mb\u0103t\u0103, 14 septembrie 2019 &#8211; ZIUA CONCURSULUI<\/h5>\n\n\n\n<table class=\"wp-block-table\"><tbody><tr><td>7:30 &#8211; 9:30<\/td><td>Ridicare pachete de concurs<\/td><\/tr><tr><td>9:45 &#8211; 10:00<\/td><td>\u0218edin\u021b\u0103 tehnic\u0103 cu to\u021bi participan\u021bii.<\/td><\/tr><tr><td>10:15<\/td><td>Alinierea concuren\u021bilor la start &#8211; traseu lung (MARATON)<\/td><\/tr><tr><td><strong>10:30<\/strong><\/td><td><strong>START traseu lung (MARATON)<\/strong><\/td><\/tr><tr><td>10:45<\/td><td>Alinierea concuren\u021bilor la start &#8211; traseu scurt (RACE)<\/td><\/tr><tr><td><strong>11:00<\/strong><\/td><td><strong>START traseu scurt (RACE)<\/strong><\/td><\/tr><tr><td>12:30<\/td><td>A\u0219teptarea primilor concuren\u021bi<\/td><\/tr><tr><td><strong>17:00<\/strong><\/td><td><strong>Premierea<\/strong><\/td><\/tr><tr><td>19:30<\/td><td>\u00cencheierea evenimentului<\/td><\/tr><tr><td>20:00<\/td><td>Ridicarea restric\u021biilor auto din zona de concurs.<\/td><\/tr><\/tbody><\/table>\n\n\n\n<p class=\"wp-block-paragraph\">\u00cen func\u021bie de num\u0103rul participan\u021bilor \u0219i de condi\u021biile meteorologice la data \u0219i locul concursului, programul prezentat poate fi modificat.<\/p>\n\n\n\n<p class=\"wp-block-paragraph\">Timp limit\u0103 parcurgere traseu scurt:&nbsp;<strong>5 ore 30 min<\/strong><\/p>\n\n\n\n<p class=\"wp-block-paragraph\">Timp limit\u0103 parcurgere traseu lung:&nbsp;<strong>6 ore<\/strong><\/p>\n\n\n\n<p class=\"wp-block-paragraph\">Dup\u0103 acest timp, concurentul care nu trece linia de sosire va fi considerat descalificat (DNF).<\/p>\n\n\n\n<p class=\"wp-block-paragraph\">Timp limit\u0103 intermediar \u2013 (PA2 \u2013 desp\u0103r\u021bire trasee, Inuri): pentru traseu scurt \u2013 3ore, dup\u0103 start, iar pentru traseu lung 2ore 30min, dup\u0103 start. Dup\u0103 acest timp, concurentul care nu ajunge la punctele de alimentare specificate va fi considerat descalificat (DNF).<\/p>\n\n\n\n<p class=\"wp-block-paragraph\">Concuren\u021bii sunt ruga\u021bi s\u0103 respecte regulile de circula\u021bie pe drumurile publice. Deplasarea pe str.Dianei \u0219i DJ107A se va face doar pe partea dreapt\u0103 a drumului (prima band\u0103 de circula\u021bie).<\/p>\n\n\n\n<p class=\"wp-block-paragraph\"><em>Mul\u021bumim totodat\u0103 &nbsp;partenerilor, sponsorilor \u0219i colaboratorilor\ncare fac posibil\u0103 desf\u0103\u0219urarea acestui eveniment. Ne vedem la linia de Start!<\/em><em>\u201d<\/em> Organizator, Echipa Bicheru Cycling. <em><\/em><\/p>\n\n\n\n<p class=\"wp-block-paragraph\">Detalii suplimentare se pot ob\u021bine pe site-ul\ncompeti\u021biei <a href=\"http:\/\/mamut.bicheru-cycling.ro\">http:\/\/mamut.bicheru-cycling.ro<\/a>, respectiv pe pagina de facebook dedicat\u0103\nevenimentului <a href=\"https:\/\/www.facebook.com\/mamutbikerace\">https:\/\/www.facebook.com\/mamutbikerace<\/a><\/p>\n\n\n\n<p class=\"wp-block-paragraph\">Organizatorii evenimentului sunt Asocia\u021bia Bicheru\nCycling, \u00een colaborare cu Prim\u0103ria Municipiului Alba Iulia. Lista sponsorilor\n\u0219i partenerilor este afi\u0219at\u0103 pe site-ul evenimentului, fiind deschis\u0103 pentru\ncompaniile sau firmele care doresc s\u0103 sus\u021bin\u0103 acest eveniment sau alte proiecte\nviitoare \u201eBicheru Cycling\u201d, precum \u0219i pentru institu\u021biile media\ninteresate s\u0103 ajute \u00een promovarea acestora. <\/p>\n\n\n\n<p class=\"wp-block-paragraph\">Pedaleaz\u0103 \u00eempreun\u0103 cu noi \u00een Cealalt\u0103 Capital\u0103, Alba\nIulia!<\/p>\n","protected":false},"excerpt":{"rendered":"<p>Ne apropiem de Startul Mamut Bike Race, competi\u021bie de mountain-bike destinat\u0103 juniorilor \u0219i adul\u021bilor. Concursul de ciclism urmeaz\u0103 s\u0103 se desf\u0103\u0219oare s\u00e2mb\u0103t\u0103, 14 septembrie 2019, cu startul \u0219i premierea la baza de agrement din zona Mamut. Ultimele \u00eenscrieri vor avea loc vineri, 13 septembrie, ora 18:00. Din motive logistice, participan\u021bii nu se vor mai putea &hellip;<\/p>\n","protected":false},"author":17,"featured_media":82383,"comment_status":"open","ping_status":"open","sticky":false,"template":"","format":"standard","meta":{"inline_featured_image":false,"footnotes":""},"categories":[4],"tags":[31,16074,16044,18671,2093,308,76],"class_list":["post-82382","post","type-post","status-publish","format-standard","has-post-thumbnail","hentry","category-eveniment","tag-alba-iulia","tag-baza-de-agrement-din-zona-mamut","tag-competitie-de-mountain-bike","tag-concursul-de-ciclism","tag-mamut-bike-race","tag-stiri","tag-urbea-mea"],"yoast_head":"<!-- This site is optimized with the Yoast SEO plugin v28.3 - https:\/\/yoast.com\/product\/yoast-seo-wordpress\/ -->\n<title>A \u00eenceput num\u0103r\u0103torea invers\u0103 p\u00e2n\u0103 la startul competi\u021biei Mamut Bike Race 2019 - Revista Urbea Mea - Revista de Alba<\/title>\n<meta name=\"description\" content=\"Ne apropiem de Startul Mamut Bike Race, competi\u021bie de mountain-bike destinat\u0103 juniorilor \u0219i adul\u021bilor. Concursul de ciclism urmeaz\u0103 s\u0103 se desf\u0103\u0219oare\" \/>\n<meta name=\"robots\" content=\"index, follow, max-snippet:-1, max-image-preview:large, max-video-preview:-1\" \/>\n<link rel=\"canonical\" href=\"https:\/\/urbeamea.ro\/albaiulia\/a-inceput-numaratorea-inversa-pana-la-startul-competitiei-mamut-bike-race-2019\/\" \/>\n<meta name=\"twitter:card\" content=\"summary_large_image\" \/>\n<meta name=\"twitter:title\" content=\"A \u00eenceput num\u0103r\u0103torea invers\u0103 p\u00e2n\u0103 la startul competi\u021biei Mamut Bike Race 2019 - Revista Urbea Mea - Revista de Alba\" \/>\n<meta name=\"twitter:description\" content=\"Ne apropiem de Startul Mamut Bike Race, competi\u021bie de mountain-bike destinat\u0103 juniorilor \u0219i adul\u021bilor. Concursul de ciclism urmeaz\u0103 s\u0103 se desf\u0103\u0219oare\" \/>\n<meta name=\"twitter:image\" content=\"https:\/\/urbeamea.ro\/albaiulia\/wp-content\/uploads\/2019\/09\/MBR2019-cover.jpg\" \/>\n<meta name=\"twitter:creator\" content=\"@urbeameaweb\" \/>\n<meta name=\"twitter:site\" content=\"@urbeameaweb\" \/>\n<script type=\"application\/ld+json\" class=\"yoast-schema-graph\">{\"@context\":\"https:\\\/\\\/schema.org\",\"@graph\":[{\"@type\":\"Article\",\"@id\":\"https:\\\/\\\/urbeamea.ro\\\/albaiulia\\\/a-inceput-numaratorea-inversa-pana-la-startul-competitiei-mamut-bike-race-2019\\\/#article\",\"isPartOf\":{\"@id\":\"https:\\\/\\\/urbeamea.ro\\\/albaiulia\\\/a-inceput-numaratorea-inversa-pana-la-startul-competitiei-mamut-bike-race-2019\\\/\"},\"author\":{\"name\":\"Cristina Ganga\",\"@id\":\"https:\\\/\\\/urbeamea.ro\\\/albaiulia\\\/#\\\/schema\\\/person\\\/9700d21fae21c4f038b0b56f4506264a\"},\"headline\":\"A \u00eenceput num\u0103r\u0103torea invers\u0103 p\u00e2n\u0103 la startul competi\u021biei Mamut Bike Race 2019\",\"datePublished\":\"2019-09-09T07:06:28+00:00\",\"dateModified\":\"2019-09-09T07:07:05+00:00\",\"mainEntityOfPage\":{\"@id\":\"https:\\\/\\\/urbeamea.ro\\\/albaiulia\\\/a-inceput-numaratorea-inversa-pana-la-startul-competitiei-mamut-bike-race-2019\\\/\"},\"wordCount\":646,\"commentCount\":0,\"image\":{\"@id\":\"https:\\\/\\\/urbeamea.ro\\\/albaiulia\\\/a-inceput-numaratorea-inversa-pana-la-startul-competitiei-mamut-bike-race-2019\\\/#primaryimage\"},\"thumbnailUrl\":\"https:\\\/\\\/urbeamea.ro\\\/albaiulia\\\/wp-content\\\/uploads\\\/2019\\\/09\\\/MBR2019-cover.jpg\",\"keywords\":[\"Alba Iulia\",\"baza de agrement din zona mamut\",\"competitie de mountain-bike\",\"concursul de ciclism\",\"mamut bike race\",\"stiri\",\"Urbea Mea\"],\"articleSection\":[\"Evenimente\"],\"inLanguage\":\"ro-RO\",\"potentialAction\":[{\"@type\":\"CommentAction\",\"name\":\"Comment\",\"target\":[\"https:\\\/\\\/urbeamea.ro\\\/albaiulia\\\/a-inceput-numaratorea-inversa-pana-la-startul-competitiei-mamut-bike-race-2019\\\/#respond\"]}]},{\"@type\":\"WebPage\",\"@id\":\"https:\\\/\\\/urbeamea.ro\\\/albaiulia\\\/a-inceput-numaratorea-inversa-pana-la-startul-competitiei-mamut-bike-race-2019\\\/\",\"url\":\"https:\\\/\\\/urbeamea.ro\\\/albaiulia\\\/a-inceput-numaratorea-inversa-pana-la-startul-competitiei-mamut-bike-race-2019\\\/\",\"name\":\"A \u00eenceput num\u0103r\u0103torea invers\u0103 p\u00e2n\u0103 la startul competi\u021biei Mamut Bike Race 2019 - Revista Urbea Mea - Revista de Alba\",\"isPartOf\":{\"@id\":\"https:\\\/\\\/urbeamea.ro\\\/albaiulia\\\/#website\"},\"primaryImageOfPage\":{\"@id\":\"https:\\\/\\\/urbeamea.ro\\\/albaiulia\\\/a-inceput-numaratorea-inversa-pana-la-startul-competitiei-mamut-bike-race-2019\\\/#primaryimage\"},\"image\":{\"@id\":\"https:\\\/\\\/urbeamea.ro\\\/albaiulia\\\/a-inceput-numaratorea-inversa-pana-la-startul-competitiei-mamut-bike-race-2019\\\/#primaryimage\"},\"thumbnailUrl\":\"https:\\\/\\\/urbeamea.ro\\\/albaiulia\\\/wp-content\\\/uploads\\\/2019\\\/09\\\/MBR2019-cover.jpg\",\"datePublished\":\"2019-09-09T07:06:28+00:00\",\"dateModified\":\"2019-09-09T07:07:05+00:00\",\"author\":{\"@id\":\"https:\\\/\\\/urbeamea.ro\\\/albaiulia\\\/#\\\/schema\\\/person\\\/9700d21fae21c4f038b0b56f4506264a\"},\"description\":\"Ne apropiem de Startul Mamut Bike Race, competi\u021bie de mountain-bike destinat\u0103 juniorilor \u0219i adul\u021bilor. Concursul de ciclism urmeaz\u0103 s\u0103 se desf\u0103\u0219oare\",\"breadcrumb\":{\"@id\":\"https:\\\/\\\/urbeamea.ro\\\/albaiulia\\\/a-inceput-numaratorea-inversa-pana-la-startul-competitiei-mamut-bike-race-2019\\\/#breadcrumb\"},\"inLanguage\":\"ro-RO\",\"potentialAction\":[{\"@type\":\"ReadAction\",\"target\":[\"https:\\\/\\\/urbeamea.ro\\\/albaiulia\\\/a-inceput-numaratorea-inversa-pana-la-startul-competitiei-mamut-bike-race-2019\\\/\"]}]},{\"@type\":\"ImageObject\",\"inLanguage\":\"ro-RO\",\"@id\":\"https:\\\/\\\/urbeamea.ro\\\/albaiulia\\\/a-inceput-numaratorea-inversa-pana-la-startul-competitiei-mamut-bike-race-2019\\\/#primaryimage\",\"url\":\"https:\\\/\\\/urbeamea.ro\\\/albaiulia\\\/wp-content\\\/uploads\\\/2019\\\/09\\\/MBR2019-cover.jpg\",\"contentUrl\":\"https:\\\/\\\/urbeamea.ro\\\/albaiulia\\\/wp-content\\\/uploads\\\/2019\\\/09\\\/MBR2019-cover.jpg\",\"width\":1024,\"height\":537},{\"@type\":\"BreadcrumbList\",\"@id\":\"https:\\\/\\\/urbeamea.ro\\\/albaiulia\\\/a-inceput-numaratorea-inversa-pana-la-startul-competitiei-mamut-bike-race-2019\\\/#breadcrumb\",\"itemListElement\":[{\"@type\":\"ListItem\",\"position\":1,\"name\":\"Prima pagin\u0103\",\"item\":\"https:\\\/\\\/urbeamea.ro\\\/albaiulia\\\/\"},{\"@type\":\"ListItem\",\"position\":2,\"name\":\"A \u00eenceput num\u0103r\u0103torea invers\u0103 p\u00e2n\u0103 la startul competi\u021biei Mamut Bike Race 2019\"}]},{\"@type\":\"WebSite\",\"@id\":\"https:\\\/\\\/urbeamea.ro\\\/albaiulia\\\/#website\",\"url\":\"https:\\\/\\\/urbeamea.ro\\\/albaiulia\\\/\",\"name\":\"Revista Urbea Mea, Stiri urbane\",\"description\":\"Evenimente \u0219i \u0219tiri din Alba Iulia, Sebe\u0219, Aiud, Blaj\",\"potentialAction\":[{\"@type\":\"SearchAction\",\"target\":{\"@type\":\"EntryPoint\",\"urlTemplate\":\"https:\\\/\\\/urbeamea.ro\\\/albaiulia\\\/?s={search_term_string}\"},\"query-input\":{\"@type\":\"PropertyValueSpecification\",\"valueRequired\":true,\"valueName\":\"search_term_string\"}}],\"inLanguage\":\"ro-RO\"},{\"@type\":\"Person\",\"@id\":\"https:\\\/\\\/urbeamea.ro\\\/albaiulia\\\/#\\\/schema\\\/person\\\/9700d21fae21c4f038b0b56f4506264a\",\"name\":\"Cristina Ganga\",\"image\":{\"@type\":\"ImageObject\",\"inLanguage\":\"ro-RO\",\"@id\":\"https:\\\/\\\/secure.gravatar.com\\\/avatar\\\/5a67661041f057b4a8ccaf26f5a8e86e2689372006d01faf3dd9eeb10b654bb4?s=96&d=mm&r=g\",\"url\":\"https:\\\/\\\/secure.gravatar.com\\\/avatar\\\/5a67661041f057b4a8ccaf26f5a8e86e2689372006d01faf3dd9eeb10b654bb4?s=96&d=mm&r=g\",\"contentUrl\":\"https:\\\/\\\/secure.gravatar.com\\\/avatar\\\/5a67661041f057b4a8ccaf26f5a8e86e2689372006d01faf3dd9eeb10b654bb4?s=96&d=mm&r=g\",\"caption\":\"Cristina Ganga\"},\"description\":\"Jurnalist\",\"sameAs\":[\"https:\\\/\\\/www.facebook.com\\\/cristina.nicola.587\"],\"url\":\"https:\\\/\\\/urbeamea.ro\\\/albaiulia\\\/author\\\/cristina-nicola\\\/\"}]}<\/script>\n<!-- \/ Yoast SEO plugin. -->","yoast_head_json":{"title":"A \u00eenceput num\u0103r\u0103torea invers\u0103 p\u00e2n\u0103 la startul competi\u021biei Mamut Bike Race 2019 - Revista Urbea Mea - Revista de Alba","description":"Ne apropiem de Startul Mamut Bike Race, competi\u021bie de mountain-bike destinat\u0103 juniorilor \u0219i adul\u021bilor. Concursul de ciclism urmeaz\u0103 s\u0103 se desf\u0103\u0219oare","robots":{"index":"index","follow":"follow","max-snippet":"max-snippet:-1","max-image-preview":"max-image-preview:large","max-video-preview":"max-video-preview:-1"},"canonical":"https:\/\/urbeamea.ro\/albaiulia\/a-inceput-numaratorea-inversa-pana-la-startul-competitiei-mamut-bike-race-2019\/","twitter_card":"summary_large_image","twitter_title":"A \u00eenceput num\u0103r\u0103torea invers\u0103 p\u00e2n\u0103 la startul competi\u021biei Mamut Bike Race 2019 - Revista Urbea Mea - Revista de Alba","twitter_description":"Ne apropiem de Startul Mamut Bike Race, competi\u021bie de mountain-bike destinat\u0103 juniorilor \u0219i adul\u021bilor. Concursul de ciclism urmeaz\u0103 s\u0103 se desf\u0103\u0219oare","twitter_image":"https:\/\/urbeamea.ro\/albaiulia\/wp-content\/uploads\/2019\/09\/MBR2019-cover.jpg","twitter_creator":"@urbeameaweb","twitter_site":"@urbeameaweb","schema":{"@context":"https:\/\/schema.org","@graph":[{"@type":"Article","@id":"https:\/\/urbeamea.ro\/albaiulia\/a-inceput-numaratorea-inversa-pana-la-startul-competitiei-mamut-bike-race-2019\/#article","isPartOf":{"@id":"https:\/\/urbeamea.ro\/albaiulia\/a-inceput-numaratorea-inversa-pana-la-startul-competitiei-mamut-bike-race-2019\/"},"author":{"name":"Cristina Ganga","@id":"https:\/\/urbeamea.ro\/albaiulia\/#\/schema\/person\/9700d21fae21c4f038b0b56f4506264a"},"headline":"A \u00eenceput num\u0103r\u0103torea invers\u0103 p\u00e2n\u0103 la startul competi\u021biei Mamut Bike Race 2019","datePublished":"2019-09-09T07:06:28+00:00","dateModified":"2019-09-09T07:07:05+00:00","mainEntityOfPage":{"@id":"https:\/\/urbeamea.ro\/albaiulia\/a-inceput-numaratorea-inversa-pana-la-startul-competitiei-mamut-bike-race-2019\/"},"wordCount":646,"commentCount":0,"image":{"@id":"https:\/\/urbeamea.ro\/albaiulia\/a-inceput-numaratorea-inversa-pana-la-startul-competitiei-mamut-bike-race-2019\/#primaryimage"},"thumbnailUrl":"https:\/\/urbeamea.ro\/albaiulia\/wp-content\/uploads\/2019\/09\/MBR2019-cover.jpg","keywords":["Alba Iulia","baza de agrement din zona mamut","competitie de mountain-bike","concursul de ciclism","mamut bike race","stiri","Urbea Mea"],"articleSection":["Evenimente"],"inLanguage":"ro-RO","potentialAction":[{"@type":"CommentAction","name":"Comment","target":["https:\/\/urbeamea.ro\/albaiulia\/a-inceput-numaratorea-inversa-pana-la-startul-competitiei-mamut-bike-race-2019\/#respond"]}]},{"@type":"WebPage","@id":"https:\/\/urbeamea.ro\/albaiulia\/a-inceput-numaratorea-inversa-pana-la-startul-competitiei-mamut-bike-race-2019\/","url":"https:\/\/urbeamea.ro\/albaiulia\/a-inceput-numaratorea-inversa-pana-la-startul-competitiei-mamut-bike-race-2019\/","name":"A \u00eenceput num\u0103r\u0103torea invers\u0103 p\u00e2n\u0103 la startul competi\u021biei Mamut Bike Race 2019 - Revista Urbea Mea - Revista de Alba","isPartOf":{"@id":"https:\/\/urbeamea.ro\/albaiulia\/#website"},"primaryImageOfPage":{"@id":"https:\/\/urbeamea.ro\/albaiulia\/a-inceput-numaratorea-inversa-pana-la-startul-competitiei-mamut-bike-race-2019\/#primaryimage"},"image":{"@id":"https:\/\/urbeamea.ro\/albaiulia\/a-inceput-numaratorea-inversa-pana-la-startul-competitiei-mamut-bike-race-2019\/#primaryimage"},"thumbnailUrl":"https:\/\/urbeamea.ro\/albaiulia\/wp-content\/uploads\/2019\/09\/MBR2019-cover.jpg","datePublished":"2019-09-09T07:06:28+00:00","dateModified":"2019-09-09T07:07:05+00:00","author":{"@id":"https:\/\/urbeamea.ro\/albaiulia\/#\/schema\/person\/9700d21fae21c4f038b0b56f4506264a"},"description":"Ne apropiem de Startul Mamut Bike Race, competi\u021bie de mountain-bike destinat\u0103 juniorilor \u0219i adul\u021bilor. Concursul de ciclism urmeaz\u0103 s\u0103 se desf\u0103\u0219oare","breadcrumb":{"@id":"https:\/\/urbeamea.ro\/albaiulia\/a-inceput-numaratorea-inversa-pana-la-startul-competitiei-mamut-bike-race-2019\/#breadcrumb"},"inLanguage":"ro-RO","potentialAction":[{"@type":"ReadAction","target":["https:\/\/urbeamea.ro\/albaiulia\/a-inceput-numaratorea-inversa-pana-la-startul-competitiei-mamut-bike-race-2019\/"]}]},{"@type":"ImageObject","inLanguage":"ro-RO","@id":"https:\/\/urbeamea.ro\/albaiulia\/a-inceput-numaratorea-inversa-pana-la-startul-competitiei-mamut-bike-race-2019\/#primaryimage","url":"https:\/\/urbeamea.ro\/albaiulia\/wp-content\/uploads\/2019\/09\/MBR2019-cover.jpg","contentUrl":"https:\/\/urbeamea.ro\/albaiulia\/wp-content\/uploads\/2019\/09\/MBR2019-cover.jpg","width":1024,"height":537},{"@type":"BreadcrumbList","@id":"https:\/\/urbeamea.ro\/albaiulia\/a-inceput-numaratorea-inversa-pana-la-startul-competitiei-mamut-bike-race-2019\/#breadcrumb","itemListElement":[{"@type":"ListItem","position":1,"name":"Prima pagin\u0103","item":"https:\/\/urbeamea.ro\/albaiulia\/"},{"@type":"ListItem","position":2,"name":"A \u00eenceput num\u0103r\u0103torea invers\u0103 p\u00e2n\u0103 la startul competi\u021biei Mamut Bike Race 2019"}]},{"@type":"WebSite","@id":"https:\/\/urbeamea.ro\/albaiulia\/#website","url":"https:\/\/urbeamea.ro\/albaiulia\/","name":"Revista Urbea Mea, Stiri urbane","description":"Evenimente \u0219i \u0219tiri din Alba Iulia, Sebe\u0219, Aiud, Blaj","potentialAction":[{"@type":"SearchAction","target":{"@type":"EntryPoint","urlTemplate":"https:\/\/urbeamea.ro\/albaiulia\/?s={search_term_string}"},"query-input":{"@type":"PropertyValueSpecification","valueRequired":true,"valueName":"search_term_string"}}],"inLanguage":"ro-RO"},{"@type":"Person","@id":"https:\/\/urbeamea.ro\/albaiulia\/#\/schema\/person\/9700d21fae21c4f038b0b56f4506264a","name":"Cristina Ganga","image":{"@type":"ImageObject","inLanguage":"ro-RO","@id":"https:\/\/secure.gravatar.com\/avatar\/5a67661041f057b4a8ccaf26f5a8e86e2689372006d01faf3dd9eeb10b654bb4?s=96&d=mm&r=g","url":"https:\/\/secure.gravatar.com\/avatar\/5a67661041f057b4a8ccaf26f5a8e86e2689372006d01faf3dd9eeb10b654bb4?s=96&d=mm&r=g","contentUrl":"https:\/\/secure.gravatar.com\/avatar\/5a67661041f057b4a8ccaf26f5a8e86e2689372006d01faf3dd9eeb10b654bb4?s=96&d=mm&r=g","caption":"Cristina Ganga"},"description":"Jurnalist","sameAs":["https:\/\/www.facebook.com\/cristina.nicola.587"],"url":"https:\/\/urbeamea.ro\/albaiulia\/author\/cristina-nicola\/"}]}},"_links":{"self":[{"href":"https:\/\/urbeamea.ro\/albaiulia\/wp-json\/wp\/v2\/posts\/82382","targetHints":{"allow":["GET"]}}],"collection":[{"href":"https:\/\/urbeamea.ro\/albaiulia\/wp-json\/wp\/v2\/posts"}],"about":[{"href":"https:\/\/urbeamea.ro\/albaiulia\/wp-json\/wp\/v2\/types\/post"}],"author":[{"embeddable":true,"href":"https:\/\/urbeamea.ro\/albaiulia\/wp-json\/wp\/v2\/users\/17"}],"replies":[{"embeddable":true,"href":"https:\/\/urbeamea.ro\/albaiulia\/wp-json\/wp\/v2\/comments?post=82382"}],"version-history":[{"count":0,"href":"https:\/\/urbeamea.ro\/albaiulia\/wp-json\/wp\/v2\/posts\/82382\/revisions"}],"wp:featuredmedia":[{"embeddable":true,"href":"https:\/\/urbeamea.ro\/albaiulia\/wp-json\/wp\/v2\/media\/82383"}],"wp:attachment":[{"href":"https:\/\/urbeamea.ro\/albaiulia\/wp-json\/wp\/v2\/media?parent=82382"}],"wp:term":[{"taxonomy":"category","embeddable":true,"href":"https:\/\/urbeamea.ro\/albaiulia\/wp-json\/wp\/v2\/categories?post=82382"},{"taxonomy":"post_tag","embeddable":true,"href":"https:\/\/urbeamea.ro\/albaiulia\/wp-json\/wp\/v2\/tags?post=82382"}],"curies":[{"name":"wp","href":"https:\/\/api.w.org\/{rel}","templated":true}]}}