{"id":82385,"date":"2019-09-09T11:22:38","date_gmt":"2019-09-09T08:22:38","guid":{"rendered":"https:\/\/urbeamea.ro\/albaiulia\/?p=82385"},"modified":"2019-09-09T11:22:41","modified_gmt":"2019-09-09T08:22:41","slug":"foto-elevii-din-ciugud-invata-de-luni-in-prima-scoala-smart-din-mediul-rural-din-romania","status":"publish","type":"post","link":"https:\/\/urbeamea.ro\/albaiulia\/foto-elevii-din-ciugud-invata-de-luni-in-prima-scoala-smart-din-mediul-rural-din-romania\/","title":{"rendered":"FOTO: Elevii din Ciugud \u00eenva\u021b\u0103 de luni \u00een prima \u0219coal\u0103 smart din mediul rural din Rom\u00e2nia"},"content":{"rendered":"\n<p class=\"wp-block-paragraph\"><strong>Elevii din Ciugud \u00eenva\u021b\u0103 \u00eencep\u00e2nd de luni \u00eentr-o \u0219coal\u0103 modern\u0103, prima \u0219coal\u0103 smart din mediul rural din Rom\u00e2nia. Cl\u0103direa unit\u0103\u021bii de \u00eenv\u0103\u021b\u0103m\u00e2nt, construit\u0103 \u00een anul 1938, a fost reabilitat\u0103 \u00een \u00eentregime \u0219i reorganizat\u0103 pentru ca aici s\u0103 poat\u0103 \u00eenv\u0103\u021ba to\u021bi elevii din comun\u0103. Astfel elevii care p\u00e2n\u0103 acum \u00eenv\u0103\u021bau \u00een satele din Ciugud vor studia \u00een noua \u0219coal\u0103 care va avea 9 clase, de la clasa preg\u0103titoare \u0219i p\u00e2n\u0103 la clasa a VIII-a. <\/strong><\/p>\n\n\n\n<p class=\"wp-block-paragraph\">Proiectul a presupus refacerea acoperi\u0219ului, zid\u0103riei, \u00eenlocuirea u\u0219ilor \u0219i a t\u00e2mpl\u0103riei, montarea unei podele de tarchet \u00een clase \u0219i pe holuri dar \u0219i implementare unor solu\u021bii inteligente pentru iluminat \u0219i climatizare. Sistemul permite ca \u00een fiecare clas\u0103 iluminatul \u0219i climatizarea s\u0103 se regleze \u00een func\u021bie de scenarii prestabilite sau cu ajutorul unor senzori. \u00cen cazul iluminatului senzorii aprind sau opresc lumina c\u00e2nd sesizeaz\u0103 prezen\u021ba \u00een clas\u0103 \u0219i o regleaz\u0103 apoi \u00een func\u021bie de lumina diurn\u0103 astfel \u00eenc\u00e2t s\u0103 nu afecteze ochii copiilor. Chiar \u0219i b\u0103ile au senzori de inunda\u021bie care opresc re\u021beaua de ap\u0103 dac\u0103 pe podea se sesizeaz\u0103 o mare cantitate de ap\u0103. <\/p>\n\n\n\n<p class=\"wp-block-paragraph\">\u201e<em>Cea\nmai important\u0103 investi\u021bie care trebuie f\u0103cut\u0103 \u00eentr-o comunitate este \u00een copii\ndeoarece ei reprezint\u0103 viitorul. Noi am observat \u00een ultimii ani c\u0103 tot mai\nmul\u021bi p\u0103rin\u021bi aleg s\u0103 \u00ee\u0219i duc\u0103 copiii la \u0219coal\u0103 \u00een Alba Iulia. \u00cen urma\ndiscu\u021biilor purtate cu ace\u0219tia am \u00een\u021beles c\u0103 \u00een Ciugud este nevoie de o \u0219coal\u0103\nmodern\u0103, prietenoas\u0103 \u0219i \u00een care s\u0103 folosim cele mai moderne metode de predare.\nA\u0219a s-a n\u0103scut ideea unei \u0219coli inteligente \u00een care profesorii vor folosi\ntehnologia \u00een procesul de predare astfel \u00eenc\u00e2t lec\u021biile s\u0103 devin\u0103 mai atractive\npentru copii. Sunt lucruri pe care nu le-am inventat noi, ci se folosesc \u00een\nmulte \u0219coli din Rom\u00e2nia. Noi am vizitat unele dintre aceste \u0219coli de unde am\nadunat idei bune la care am ad\u0103ugat ideile noastre astfel \u00eenc\u00e2t, \u00een final, s-a\nn\u0103scut aceast\u0103 \u0219coal\u0103. Sper c\u0103 dasc\u0103lii \u0219i elevii s\u0103 se bucure de noua \u0219coal\u0103\n\u0219i mi-a\u0219 dori ca aceasta s\u0103 fie normalitatea pentru orice sat din Rom\u00e2nia.\nCredem c\u0103 \u0219coala de la sat trebuie sus\u021binut\u0103 \u0219i nu trebuie l\u0103sat\u0103 s\u0103 moar\u0103\ndeoarece to\u021bi copiii din mediul rural au dreptul la educa\u021bie. Mul\u021bumim tuturor\ncelor care ne-au sprijinit \u00een acest proiect. Mult succes dasc\u0103lilor \u0219i elevilor\n\u00een noul an \u0219colar!\u201d,<\/em> a spus Gheorghe Damian, primarul comunei Ciugud. <\/p>\n\n\n\n<p class=\"wp-block-paragraph\"><em>\u201eCu emo\u021bie \u0219i bucurie am\n\u00eenceput noul an \u0219colar \u00eentr-o \u0219coal\u0103 modern\u0103 cum doar \u00een vise speram c\u0103 va\nexista. Din fericire pentru noi, dasc\u0103lii \u0219i elevii din Ciugud, visele au prins\naripi \u0219i au devenit realitate. Pentru noi, dasc\u0103lii, acum \u00eencepe marea\nprovocare pentru c\u0103 trebuie s\u0103 demonstr\u0103m c\u0103 \u0219coala din mediul rural are viitor\n\u0219i totodat\u0103 s\u0103 zidim educa\u021bia \u00een sufletele elevilor no\u0219tri. Poate \u00eentr-o zi\nunul dintre ei va fi decidentul care va avea \u00een m\u00e2n\u0103 soarta comunit\u0103\u021bii noastre\nsau poate chiar a \u021b\u0103rii \u0219i atunci va conta educa\u021bia pe care a primit-o \u00een\nmicu\u021ba \u0219coal\u0103 din Ciugud. Mul\u021bumim tuturor celor care au avut \u00eencredere \u00een noi,\nmul\u021bumim p\u0103rin\u021bilor pentru sus\u021binere. Mul\u021bumiri alese echipei administra\u021biei\nlocale care a implementat acest proiect. De ast\u0103zi succes elevilor \u0219i s\u0103 v\u0103\nbucura\u021bi de noua voastr\u0103 \u0219coal\u0103!\u201d, <\/em>a spus Teodora Simion,\ndirectorul \u0218colii Gimnaziale Ciugud. <\/p>\n\n\n\n<p class=\"wp-block-paragraph\">Proiectul \u0219colii inteligente de la Ciugud nu se opre\u0219te aici deoarece \u00een lunile urm\u0103toare urmeaz\u0103 s\u0103 fie achizi\u021bionate pe un proiect finan\u021bat de OMV Petrom \u00een cadrul competi\u021biei \u201e\u021aara lui Andrei\u201d table interactive, tablete \u0219i softuri educa\u021bionale. De asemenea \u00een \u0219coal\u0103 va fi realizat\u0103 o platform\u0103 on-line care va con\u021bine catalog electronic dar va permite \u00eenc\u0103rcarea \u0219i desc\u0103rcarea unor materiale educa\u021bionale sau interac\u021biunea on-line profesor \u2013 p\u0103rinte. \u0218coala din Ciugud are \u00een prezent aproximativ 120 de elevi \u00een 9 clase, respectiv de la clasa preg\u0103titoare p\u00e2n\u0103 la clasa a VIII-a.<\/p>\n\n\n\n<p class=\"wp-block-paragraph\"> <\/p>\n\n\n\n<figure class=\"wp-block-image\"><img loading=\"lazy\" decoding=\"async\" width=\"1080\" height=\"811\" src=\"https:\/\/urbeamea.ro\/albaiulia\/wp-content\/uploads\/2019\/09\/scoala-2.jpg\" alt=\"\" class=\"wp-image-82386\" srcset=\"https:\/\/urbeamea.ro\/albaiulia\/wp-content\/uploads\/2019\/09\/scoala-2.jpg 1080w, https:\/\/urbeamea.ro\/albaiulia\/wp-content\/uploads\/2019\/09\/scoala-2-150x113.jpg 150w, https:\/\/urbeamea.ro\/albaiulia\/wp-content\/uploads\/2019\/09\/scoala-2-640x481.jpg 640w, https:\/\/urbeamea.ro\/albaiulia\/wp-content\/uploads\/2019\/09\/scoala-2-768x577.jpg 768w\" sizes=\"auto, (max-width: 1080px) 100vw, 1080px\" \/><\/figure>\n","protected":false},"excerpt":{"rendered":"<p>Elevii din Ciugud \u00eenva\u021b\u0103 \u00eencep\u00e2nd de luni \u00eentr-o \u0219coal\u0103 modern\u0103, prima \u0219coal\u0103 smart din mediul rural din Rom\u00e2nia. Cl\u0103direa unit\u0103\u021bii de \u00eenv\u0103\u021b\u0103m\u00e2nt, construit\u0103 \u00een anul 1938, a fost reabilitat\u0103 \u00een \u00eentregime \u0219i reorganizat\u0103 pentru ca aici s\u0103 poat\u0103 \u00eenv\u0103\u021ba to\u021bi elevii din comun\u0103. Astfel elevii care p\u00e2n\u0103 acum \u00eenv\u0103\u021bau \u00een satele din Ciugud vor studia &hellip;<\/p>\n","protected":false},"author":17,"featured_media":82387,"comment_status":"open","ping_status":"open","sticky":false,"template":"","format":"standard","meta":{"inline_featured_image":false,"footnotes":""},"categories":[1],"tags":[307,315,18672,308,76],"class_list":["post-82385","post","type-post","status-publish","format-standard","has-post-thumbnail","hentry","category-stiri-urbane","tag-alba","tag-elevi","tag-prima-scoala-smart-din-mediul-rural","tag-stiri","tag-urbea-mea"],"yoast_head":"<!-- This site is optimized with the Yoast SEO plugin v28.3 - https:\/\/yoast.com\/product\/yoast-seo-wordpress\/ -->\n<title>FOTO: Elevii din Ciugud \u00eenva\u021b\u0103 de luni \u00een prima \u0219coal\u0103 smart din mediul rural din Rom\u00e2nia - Revista Urbea Mea - Revista de Alba<\/title>\n<meta name=\"description\" content=\"Elevii din Ciugud \u00eenva\u021b\u0103 \u00eencep\u00e2nd de luni \u00eentr-o \u0219coal\u0103 modern\u0103, prima \u0219coal\u0103 smart din mediul rural din Rom\u00e2nia. Cl\u0103direa unit\u0103\u021bii de \u00eenv\u0103\u021b\u0103m\u00e2nt,\" \/>\n<meta name=\"robots\" content=\"index, follow, max-snippet:-1, max-image-preview:large, max-video-preview:-1\" \/>\n<link rel=\"canonical\" href=\"https:\/\/urbeamea.ro\/albaiulia\/foto-elevii-din-ciugud-invata-de-luni-in-prima-scoala-smart-din-mediul-rural-din-romania\/\" \/>\n<meta name=\"twitter:card\" content=\"summary_large_image\" \/>\n<meta name=\"twitter:title\" content=\"FOTO: Elevii din Ciugud \u00eenva\u021b\u0103 de luni \u00een prima \u0219coal\u0103 smart din mediul rural din Rom\u00e2nia - Revista Urbea Mea - Revista de Alba\" \/>\n<meta name=\"twitter:description\" content=\"Elevii din Ciugud \u00eenva\u021b\u0103 \u00eencep\u00e2nd de luni \u00eentr-o \u0219coal\u0103 modern\u0103, prima \u0219coal\u0103 smart din mediul rural din Rom\u00e2nia. Cl\u0103direa unit\u0103\u021bii de \u00eenv\u0103\u021b\u0103m\u00e2nt,\" \/>\n<meta name=\"twitter:image\" content=\"https:\/\/urbeamea.ro\/albaiulia\/wp-content\/uploads\/2019\/09\/scoala-1.jpg\" \/>\n<meta name=\"twitter:creator\" content=\"@urbeameaweb\" \/>\n<meta name=\"twitter:site\" content=\"@urbeameaweb\" \/>\n<script type=\"application\/ld+json\" class=\"yoast-schema-graph\">{\"@context\":\"https:\\\/\\\/schema.org\",\"@graph\":[{\"@type\":\"Article\",\"@id\":\"https:\\\/\\\/urbeamea.ro\\\/albaiulia\\\/foto-elevii-din-ciugud-invata-de-luni-in-prima-scoala-smart-din-mediul-rural-din-romania\\\/#article\",\"isPartOf\":{\"@id\":\"https:\\\/\\\/urbeamea.ro\\\/albaiulia\\\/foto-elevii-din-ciugud-invata-de-luni-in-prima-scoala-smart-din-mediul-rural-din-romania\\\/\"},\"author\":{\"name\":\"Cristina Ganga\",\"@id\":\"https:\\\/\\\/urbeamea.ro\\\/albaiulia\\\/#\\\/schema\\\/person\\\/9700d21fae21c4f038b0b56f4506264a\"},\"headline\":\"FOTO: Elevii din Ciugud \u00eenva\u021b\u0103 de luni \u00een prima \u0219coal\u0103 smart din mediul rural din Rom\u00e2nia\",\"datePublished\":\"2019-09-09T08:22:38+00:00\",\"dateModified\":\"2019-09-09T08:22:41+00:00\",\"mainEntityOfPage\":{\"@id\":\"https:\\\/\\\/urbeamea.ro\\\/albaiulia\\\/foto-elevii-din-ciugud-invata-de-luni-in-prima-scoala-smart-din-mediul-rural-din-romania\\\/\"},\"wordCount\":714,\"commentCount\":0,\"image\":{\"@id\":\"https:\\\/\\\/urbeamea.ro\\\/albaiulia\\\/foto-elevii-din-ciugud-invata-de-luni-in-prima-scoala-smart-din-mediul-rural-din-romania\\\/#primaryimage\"},\"thumbnailUrl\":\"https:\\\/\\\/urbeamea.ro\\\/albaiulia\\\/wp-content\\\/uploads\\\/2019\\\/09\\\/scoala-1.jpg\",\"keywords\":[\"alba\",\"elevi\",\"prima scoala smart din mediul rural\",\"stiri\",\"Urbea Mea\"],\"articleSection\":[\"\u015etiri Urbane\"],\"inLanguage\":\"ro-RO\",\"potentialAction\":[{\"@type\":\"CommentAction\",\"name\":\"Comment\",\"target\":[\"https:\\\/\\\/urbeamea.ro\\\/albaiulia\\\/foto-elevii-din-ciugud-invata-de-luni-in-prima-scoala-smart-din-mediul-rural-din-romania\\\/#respond\"]}]},{\"@type\":\"WebPage\",\"@id\":\"https:\\\/\\\/urbeamea.ro\\\/albaiulia\\\/foto-elevii-din-ciugud-invata-de-luni-in-prima-scoala-smart-din-mediul-rural-din-romania\\\/\",\"url\":\"https:\\\/\\\/urbeamea.ro\\\/albaiulia\\\/foto-elevii-din-ciugud-invata-de-luni-in-prima-scoala-smart-din-mediul-rural-din-romania\\\/\",\"name\":\"FOTO: Elevii din Ciugud \u00eenva\u021b\u0103 de luni \u00een prima \u0219coal\u0103 smart din mediul rural din Rom\u00e2nia - Revista Urbea Mea - Revista de Alba\",\"isPartOf\":{\"@id\":\"https:\\\/\\\/urbeamea.ro\\\/albaiulia\\\/#website\"},\"primaryImageOfPage\":{\"@id\":\"https:\\\/\\\/urbeamea.ro\\\/albaiulia\\\/foto-elevii-din-ciugud-invata-de-luni-in-prima-scoala-smart-din-mediul-rural-din-romania\\\/#primaryimage\"},\"image\":{\"@id\":\"https:\\\/\\\/urbeamea.ro\\\/albaiulia\\\/foto-elevii-din-ciugud-invata-de-luni-in-prima-scoala-smart-din-mediul-rural-din-romania\\\/#primaryimage\"},\"thumbnailUrl\":\"https:\\\/\\\/urbeamea.ro\\\/albaiulia\\\/wp-content\\\/uploads\\\/2019\\\/09\\\/scoala-1.jpg\",\"datePublished\":\"2019-09-09T08:22:38+00:00\",\"dateModified\":\"2019-09-09T08:22:41+00:00\",\"author\":{\"@id\":\"https:\\\/\\\/urbeamea.ro\\\/albaiulia\\\/#\\\/schema\\\/person\\\/9700d21fae21c4f038b0b56f4506264a\"},\"description\":\"Elevii din Ciugud \u00eenva\u021b\u0103 \u00eencep\u00e2nd de luni \u00eentr-o \u0219coal\u0103 modern\u0103, prima \u0219coal\u0103 smart din mediul rural din Rom\u00e2nia. Cl\u0103direa unit\u0103\u021bii de \u00eenv\u0103\u021b\u0103m\u00e2nt,\",\"breadcrumb\":{\"@id\":\"https:\\\/\\\/urbeamea.ro\\\/albaiulia\\\/foto-elevii-din-ciugud-invata-de-luni-in-prima-scoala-smart-din-mediul-rural-din-romania\\\/#breadcrumb\"},\"inLanguage\":\"ro-RO\",\"potentialAction\":[{\"@type\":\"ReadAction\",\"target\":[\"https:\\\/\\\/urbeamea.ro\\\/albaiulia\\\/foto-elevii-din-ciugud-invata-de-luni-in-prima-scoala-smart-din-mediul-rural-din-romania\\\/\"]}]},{\"@type\":\"ImageObject\",\"inLanguage\":\"ro-RO\",\"@id\":\"https:\\\/\\\/urbeamea.ro\\\/albaiulia\\\/foto-elevii-din-ciugud-invata-de-luni-in-prima-scoala-smart-din-mediul-rural-din-romania\\\/#primaryimage\",\"url\":\"https:\\\/\\\/urbeamea.ro\\\/albaiulia\\\/wp-content\\\/uploads\\\/2019\\\/09\\\/scoala-1.jpg\",\"contentUrl\":\"https:\\\/\\\/urbeamea.ro\\\/albaiulia\\\/wp-content\\\/uploads\\\/2019\\\/09\\\/scoala-1.jpg\",\"width\":1080,\"height\":811},{\"@type\":\"BreadcrumbList\",\"@id\":\"https:\\\/\\\/urbeamea.ro\\\/albaiulia\\\/foto-elevii-din-ciugud-invata-de-luni-in-prima-scoala-smart-din-mediul-rural-din-romania\\\/#breadcrumb\",\"itemListElement\":[{\"@type\":\"ListItem\",\"position\":1,\"name\":\"Prima pagin\u0103\",\"item\":\"https:\\\/\\\/urbeamea.ro\\\/albaiulia\\\/\"},{\"@type\":\"ListItem\",\"position\":2,\"name\":\"FOTO: Elevii din Ciugud \u00eenva\u021b\u0103 de luni \u00een prima \u0219coal\u0103 smart din mediul rural din Rom\u00e2nia\"}]},{\"@type\":\"WebSite\",\"@id\":\"https:\\\/\\\/urbeamea.ro\\\/albaiulia\\\/#website\",\"url\":\"https:\\\/\\\/urbeamea.ro\\\/albaiulia\\\/\",\"name\":\"Revista Urbea Mea, Stiri urbane\",\"description\":\"Evenimente \u0219i \u0219tiri din Alba Iulia, Sebe\u0219, Aiud, Blaj\",\"potentialAction\":[{\"@type\":\"SearchAction\",\"target\":{\"@type\":\"EntryPoint\",\"urlTemplate\":\"https:\\\/\\\/urbeamea.ro\\\/albaiulia\\\/?s={search_term_string}\"},\"query-input\":{\"@type\":\"PropertyValueSpecification\",\"valueRequired\":true,\"valueName\":\"search_term_string\"}}],\"inLanguage\":\"ro-RO\"},{\"@type\":\"Person\",\"@id\":\"https:\\\/\\\/urbeamea.ro\\\/albaiulia\\\/#\\\/schema\\\/person\\\/9700d21fae21c4f038b0b56f4506264a\",\"name\":\"Cristina Ganga\",\"image\":{\"@type\":\"ImageObject\",\"inLanguage\":\"ro-RO\",\"@id\":\"https:\\\/\\\/secure.gravatar.com\\\/avatar\\\/5a67661041f057b4a8ccaf26f5a8e86e2689372006d01faf3dd9eeb10b654bb4?s=96&d=mm&r=g\",\"url\":\"https:\\\/\\\/secure.gravatar.com\\\/avatar\\\/5a67661041f057b4a8ccaf26f5a8e86e2689372006d01faf3dd9eeb10b654bb4?s=96&d=mm&r=g\",\"contentUrl\":\"https:\\\/\\\/secure.gravatar.com\\\/avatar\\\/5a67661041f057b4a8ccaf26f5a8e86e2689372006d01faf3dd9eeb10b654bb4?s=96&d=mm&r=g\",\"caption\":\"Cristina Ganga\"},\"description\":\"Jurnalist\",\"sameAs\":[\"https:\\\/\\\/www.facebook.com\\\/cristina.nicola.587\"],\"url\":\"https:\\\/\\\/urbeamea.ro\\\/albaiulia\\\/author\\\/cristina-nicola\\\/\"}]}<\/script>\n<!-- \/ Yoast SEO plugin. -->","yoast_head_json":{"title":"FOTO: Elevii din Ciugud \u00eenva\u021b\u0103 de luni \u00een prima \u0219coal\u0103 smart din mediul rural din Rom\u00e2nia - Revista Urbea Mea - Revista de Alba","description":"Elevii din Ciugud \u00eenva\u021b\u0103 \u00eencep\u00e2nd de luni \u00eentr-o \u0219coal\u0103 modern\u0103, prima \u0219coal\u0103 smart din mediul rural din Rom\u00e2nia. Cl\u0103direa unit\u0103\u021bii de \u00eenv\u0103\u021b\u0103m\u00e2nt,","robots":{"index":"index","follow":"follow","max-snippet":"max-snippet:-1","max-image-preview":"max-image-preview:large","max-video-preview":"max-video-preview:-1"},"canonical":"https:\/\/urbeamea.ro\/albaiulia\/foto-elevii-din-ciugud-invata-de-luni-in-prima-scoala-smart-din-mediul-rural-din-romania\/","twitter_card":"summary_large_image","twitter_title":"FOTO: Elevii din Ciugud \u00eenva\u021b\u0103 de luni \u00een prima \u0219coal\u0103 smart din mediul rural din Rom\u00e2nia - Revista Urbea Mea - Revista de Alba","twitter_description":"Elevii din Ciugud \u00eenva\u021b\u0103 \u00eencep\u00e2nd de luni \u00eentr-o \u0219coal\u0103 modern\u0103, prima \u0219coal\u0103 smart din mediul rural din Rom\u00e2nia. Cl\u0103direa unit\u0103\u021bii de \u00eenv\u0103\u021b\u0103m\u00e2nt,","twitter_image":"https:\/\/urbeamea.ro\/albaiulia\/wp-content\/uploads\/2019\/09\/scoala-1.jpg","twitter_creator":"@urbeameaweb","twitter_site":"@urbeameaweb","schema":{"@context":"https:\/\/schema.org","@graph":[{"@type":"Article","@id":"https:\/\/urbeamea.ro\/albaiulia\/foto-elevii-din-ciugud-invata-de-luni-in-prima-scoala-smart-din-mediul-rural-din-romania\/#article","isPartOf":{"@id":"https:\/\/urbeamea.ro\/albaiulia\/foto-elevii-din-ciugud-invata-de-luni-in-prima-scoala-smart-din-mediul-rural-din-romania\/"},"author":{"name":"Cristina Ganga","@id":"https:\/\/urbeamea.ro\/albaiulia\/#\/schema\/person\/9700d21fae21c4f038b0b56f4506264a"},"headline":"FOTO: Elevii din Ciugud \u00eenva\u021b\u0103 de luni \u00een prima \u0219coal\u0103 smart din mediul rural din Rom\u00e2nia","datePublished":"2019-09-09T08:22:38+00:00","dateModified":"2019-09-09T08:22:41+00:00","mainEntityOfPage":{"@id":"https:\/\/urbeamea.ro\/albaiulia\/foto-elevii-din-ciugud-invata-de-luni-in-prima-scoala-smart-din-mediul-rural-din-romania\/"},"wordCount":714,"commentCount":0,"image":{"@id":"https:\/\/urbeamea.ro\/albaiulia\/foto-elevii-din-ciugud-invata-de-luni-in-prima-scoala-smart-din-mediul-rural-din-romania\/#primaryimage"},"thumbnailUrl":"https:\/\/urbeamea.ro\/albaiulia\/wp-content\/uploads\/2019\/09\/scoala-1.jpg","keywords":["alba","elevi","prima scoala smart din mediul rural","stiri","Urbea Mea"],"articleSection":["\u015etiri Urbane"],"inLanguage":"ro-RO","potentialAction":[{"@type":"CommentAction","name":"Comment","target":["https:\/\/urbeamea.ro\/albaiulia\/foto-elevii-din-ciugud-invata-de-luni-in-prima-scoala-smart-din-mediul-rural-din-romania\/#respond"]}]},{"@type":"WebPage","@id":"https:\/\/urbeamea.ro\/albaiulia\/foto-elevii-din-ciugud-invata-de-luni-in-prima-scoala-smart-din-mediul-rural-din-romania\/","url":"https:\/\/urbeamea.ro\/albaiulia\/foto-elevii-din-ciugud-invata-de-luni-in-prima-scoala-smart-din-mediul-rural-din-romania\/","name":"FOTO: Elevii din Ciugud \u00eenva\u021b\u0103 de luni \u00een prima \u0219coal\u0103 smart din mediul rural din Rom\u00e2nia - Revista Urbea Mea - Revista de Alba","isPartOf":{"@id":"https:\/\/urbeamea.ro\/albaiulia\/#website"},"primaryImageOfPage":{"@id":"https:\/\/urbeamea.ro\/albaiulia\/foto-elevii-din-ciugud-invata-de-luni-in-prima-scoala-smart-din-mediul-rural-din-romania\/#primaryimage"},"image":{"@id":"https:\/\/urbeamea.ro\/albaiulia\/foto-elevii-din-ciugud-invata-de-luni-in-prima-scoala-smart-din-mediul-rural-din-romania\/#primaryimage"},"thumbnailUrl":"https:\/\/urbeamea.ro\/albaiulia\/wp-content\/uploads\/2019\/09\/scoala-1.jpg","datePublished":"2019-09-09T08:22:38+00:00","dateModified":"2019-09-09T08:22:41+00:00","author":{"@id":"https:\/\/urbeamea.ro\/albaiulia\/#\/schema\/person\/9700d21fae21c4f038b0b56f4506264a"},"description":"Elevii din Ciugud \u00eenva\u021b\u0103 \u00eencep\u00e2nd de luni \u00eentr-o \u0219coal\u0103 modern\u0103, prima \u0219coal\u0103 smart din mediul rural din Rom\u00e2nia. Cl\u0103direa unit\u0103\u021bii de \u00eenv\u0103\u021b\u0103m\u00e2nt,","breadcrumb":{"@id":"https:\/\/urbeamea.ro\/albaiulia\/foto-elevii-din-ciugud-invata-de-luni-in-prima-scoala-smart-din-mediul-rural-din-romania\/#breadcrumb"},"inLanguage":"ro-RO","potentialAction":[{"@type":"ReadAction","target":["https:\/\/urbeamea.ro\/albaiulia\/foto-elevii-din-ciugud-invata-de-luni-in-prima-scoala-smart-din-mediul-rural-din-romania\/"]}]},{"@type":"ImageObject","inLanguage":"ro-RO","@id":"https:\/\/urbeamea.ro\/albaiulia\/foto-elevii-din-ciugud-invata-de-luni-in-prima-scoala-smart-din-mediul-rural-din-romania\/#primaryimage","url":"https:\/\/urbeamea.ro\/albaiulia\/wp-content\/uploads\/2019\/09\/scoala-1.jpg","contentUrl":"https:\/\/urbeamea.ro\/albaiulia\/wp-content\/uploads\/2019\/09\/scoala-1.jpg","width":1080,"height":811},{"@type":"BreadcrumbList","@id":"https:\/\/urbeamea.ro\/albaiulia\/foto-elevii-din-ciugud-invata-de-luni-in-prima-scoala-smart-din-mediul-rural-din-romania\/#breadcrumb","itemListElement":[{"@type":"ListItem","position":1,"name":"Prima pagin\u0103","item":"https:\/\/urbeamea.ro\/albaiulia\/"},{"@type":"ListItem","position":2,"name":"FOTO: Elevii din Ciugud \u00eenva\u021b\u0103 de luni \u00een prima \u0219coal\u0103 smart din mediul rural din Rom\u00e2nia"}]},{"@type":"WebSite","@id":"https:\/\/urbeamea.ro\/albaiulia\/#website","url":"https:\/\/urbeamea.ro\/albaiulia\/","name":"Revista Urbea Mea, Stiri urbane","description":"Evenimente \u0219i \u0219tiri din Alba Iulia, Sebe\u0219, Aiud, Blaj","potentialAction":[{"@type":"SearchAction","target":{"@type":"EntryPoint","urlTemplate":"https:\/\/urbeamea.ro\/albaiulia\/?s={search_term_string}"},"query-input":{"@type":"PropertyValueSpecification","valueRequired":true,"valueName":"search_term_string"}}],"inLanguage":"ro-RO"},{"@type":"Person","@id":"https:\/\/urbeamea.ro\/albaiulia\/#\/schema\/person\/9700d21fae21c4f038b0b56f4506264a","name":"Cristina Ganga","image":{"@type":"ImageObject","inLanguage":"ro-RO","@id":"https:\/\/secure.gravatar.com\/avatar\/5a67661041f057b4a8ccaf26f5a8e86e2689372006d01faf3dd9eeb10b654bb4?s=96&d=mm&r=g","url":"https:\/\/secure.gravatar.com\/avatar\/5a67661041f057b4a8ccaf26f5a8e86e2689372006d01faf3dd9eeb10b654bb4?s=96&d=mm&r=g","contentUrl":"https:\/\/secure.gravatar.com\/avatar\/5a67661041f057b4a8ccaf26f5a8e86e2689372006d01faf3dd9eeb10b654bb4?s=96&d=mm&r=g","caption":"Cristina Ganga"},"description":"Jurnalist","sameAs":["https:\/\/www.facebook.com\/cristina.nicola.587"],"url":"https:\/\/urbeamea.ro\/albaiulia\/author\/cristina-nicola\/"}]}},"_links":{"self":[{"href":"https:\/\/urbeamea.ro\/albaiulia\/wp-json\/wp\/v2\/posts\/82385","targetHints":{"allow":["GET"]}}],"collection":[{"href":"https:\/\/urbeamea.ro\/albaiulia\/wp-json\/wp\/v2\/posts"}],"about":[{"href":"https:\/\/urbeamea.ro\/albaiulia\/wp-json\/wp\/v2\/types\/post"}],"author":[{"embeddable":true,"href":"https:\/\/urbeamea.ro\/albaiulia\/wp-json\/wp\/v2\/users\/17"}],"replies":[{"embeddable":true,"href":"https:\/\/urbeamea.ro\/albaiulia\/wp-json\/wp\/v2\/comments?post=82385"}],"version-history":[{"count":0,"href":"https:\/\/urbeamea.ro\/albaiulia\/wp-json\/wp\/v2\/posts\/82385\/revisions"}],"wp:featuredmedia":[{"embeddable":true,"href":"https:\/\/urbeamea.ro\/albaiulia\/wp-json\/wp\/v2\/media\/82387"}],"wp:attachment":[{"href":"https:\/\/urbeamea.ro\/albaiulia\/wp-json\/wp\/v2\/media?parent=82385"}],"wp:term":[{"taxonomy":"category","embeddable":true,"href":"https:\/\/urbeamea.ro\/albaiulia\/wp-json\/wp\/v2\/categories?post=82385"},{"taxonomy":"post_tag","embeddable":true,"href":"https:\/\/urbeamea.ro\/albaiulia\/wp-json\/wp\/v2\/tags?post=82385"}],"curies":[{"name":"wp","href":"https:\/\/api.w.org\/{rel}","templated":true}]}}