{"id":82389,"date":"2019-09-09T15:03:56","date_gmt":"2019-09-09T12:03:56","guid":{"rendered":"https:\/\/urbeamea.ro\/albaiulia\/?p=82389"},"modified":"2019-09-11T09:10:44","modified_gmt":"2019-09-11T06:10:44","slug":"foto-magia-toamnei-este-titlul-unui-nou-studiu-si-a-expozitiei-de-arta-fotografica-marca-centrul-de-cultura-augustin-bena","status":"publish","type":"post","link":"https:\/\/urbeamea.ro\/albaiulia\/foto-magia-toamnei-este-titlul-unui-nou-studiu-si-a-expozitiei-de-arta-fotografica-marca-centrul-de-cultura-augustin-bena\/","title":{"rendered":"FOTO: MAGIA TOAMNEI este titlul unui nou studiu \u0219i a expozi\u021biei de art\u0103 fotografic\u0103 marca Centrul de Cultur\u0103 \u201eAugustin Bena\u201d"},"content":{"rendered":"\n<p class=\"wp-block-paragraph\"><strong>MAGIA TOAMNEI este titlul unui nou studiu \u0219i a expozi\u021biei de art\u0103 fotografic\u0103 marca Centrul de Cultur\u0103 ,,Augustin Bena&#8221;. Expozi\u021bia este amplasat\u0103 \u00een spa\u021biul expozi\u021bional urban al institu\u021biei, situat \u00een Alba Iulia, strada Mihai Viteazul nr. 2, \u0219i poate fi vizionat\u0103 \u00een perioada 06 &#8211; 30 septembrie 2019.<\/strong><\/p>\n\n\n\n<p class=\"wp-block-paragraph\">MAGIA TOAMNEI&#8230;<\/p>\n\n\n\n<p class=\"wp-block-paragraph\">Viticultura a fost o ocupa\u0163ie de baz\u0103 a locuitorilor din zona T\u00e2rnavelor, \u00eenc\u0103 din cele mai vechi timpuri, vinul fiind principala surs\u0103 de venit a locuitorilor din Cr\u0103ciunel, Blaj, B\u0103lcaciu, Jidvei, Cetatea de Balt\u0103.<\/p>\n\n\n\n<p class=\"wp-block-paragraph\">Producerea \u015fi v\u00e2nzarea vinului au adus locuitorilor din zona T\u00e2rnavelor prosperitate \u00een toate timpurile, cele mai cultivate soiuri fiind: Feteasc\u0103 alb\u0103, Feteasc\u0103 regal\u0103, Riesling, Muscat Otonel, Pinot Gris, Traminer, majoritatea viilor fiind plantate pe dealuri.<\/p>\n\n\n\n<p class=\"wp-block-paragraph\">Anual, pentru \u00eentre\u0163inerea viei erau necesare mai multe lucr\u0103ri.<\/p>\n\n\n\n<p class=\"wp-block-paragraph\">Prim\u0103vara, \u00een martie, via se dezgropa, se c\u0103r\u0103zuia, adic\u0103 se \u00eempl\u00e2ntau parii, se cur\u0103\u0163a \u015fi se h\u0103ituia (se cercuia). \u00cencep\u00e2nd din luna mai, se executa prima sap\u0103 mai ad\u00e2nc\u0103, uneori cu h\u00e2rle\u0163ul. P\u00e2n\u0103 la sf\u00e2r\u015fitul lunii august sau \u00eenceputul lunii septembrie, via se s\u0103pa de trei ori, iar la ultima s\u0103p\u0103tur\u0103 se grebla, ca s\u0103 se cunoasc\u0103 dac\u0103 cineva a intrat \u00een vie. Peste var\u0103, \u00eencep\u00e2nd de la sf\u00e2r\u015fitul lunii mai, via se stropea de circa 3-4 ori, \u00een func\u0163ie de anotimp, cu \u201ezeam\u0103 bordelez\u0103\u201d, care con\u0163inea ap\u0103, sulfat de cupru \u015fi var.<\/p>\n\n\n\n<p class=\"wp-block-paragraph\">Din mai \u015fi p\u00e2n\u0103 \u00een iulie, via se plivea \u015fi se lega de dou\u0103 ori. Acum se selectau lemnele de rod pentru anul viitor \u015fi se \u00eenl\u0103turau l\u0103starii crescu\u0163i \u00een plus fa\u0163\u0103 de cei cu rod. \u00cen august, via se cionta, ca s\u0103 se maturizeze p\u00e2n\u0103 toamna.<\/p>\n\n\n\n<p class=\"wp-block-paragraph\">Culesul viilor avea loc toamna, nu mai repede de 15 octombrie, dat\u0103 care era hot\u0103r\u00e2t\u0103 de c\u0103tre primar \u015fi de c\u0103tre principalii posesori de vie \u015fi se comunica \u00een sat cu doba. Acum, ca urmare a modific\u0103rilor climei, cauzate de \u00eenc\u0103lzirea global\u0103, culesul viilor \u00eencepe mai repede, \u00een luna septembrie. Lumea satului participa la cules \u00een grupuri mari, ajut\u00e2ndu-se reciproc. Pentru cules se utilizau co\u015furi \u00eempletite din nuiele \u015fi diferite vase de lemn: bot, doni\u0163\u0103, ciub\u0103r, cad\u0103.<\/p>\n\n\n\n<p class=\"wp-block-paragraph\">Botul, cada, ciuberele \u015fi doni\u0163ele erau confec\u0163ionate din doage din lemn de brad \u015fi erau cump\u0103rate de la t\u00e2rguri. Butoaiele \u015fi bu\u0163ile se confec\u0163ionau din doage de stejar. Butoaiele aveau, \u00een general, capacitate mai mic\u0103 de 5, 10, 15, 20 dal (ferii), iar bu\u0163ile, de la 40 p\u00e2n\u0103 la 100 dal \u015fi chiar mai mari. Acestea se comandau la butnari.<\/p>\n\n\n\n<p class=\"wp-block-paragraph\">De obicei, la cules participau to\u0163i membrii familiei: femeile, copiii \u015fi b\u0103tr\u00e2nii culegeau strugurii de pe vi\u0163\u0103, iar b\u0103rba\u0163ii c\u0103rau strugurii cu botul, cu ciuberele, \u00eei m\u0103cinau \u015fi \u00eei goleau \u00een cad\u0103. Storsul strugurilor era responsabilitatea b\u0103rba\u0163ilor. Strugurii m\u0103cina\u0163i erau b\u0103tu\u0163i cu \u201eb\u0103t\u0103l\u0103ul\u201d (o b\u00e2t\u0103 de lemn prev\u0103zut\u0103 cu un cap\u0103t mai lat), iar mustul din cad\u0103 curgea \u00een \u015firoad\u0103 (un ciub\u0103r care avea un orificiu situat \u00een partea de jos). Trevele din cad\u0103 erau puse \u00een teasc \u015fi erau str\u00e2nse. <\/p>\n\n\n\n<p class=\"wp-block-paragraph\">Mustul rezultat se turna \u00een butoaie care se sp\u0103lau cu trei-patru zile \u00eenainte de cules, se op\u0103reau \u015fi se cl\u0103teau cu ap\u0103 rece, apoi erau dezinfectate cu pucioas\u0103. Mustul era l\u0103sat s\u0103 fermenteze, p\u00e2n\u0103 se limpezea, dup\u0103 care, din luna februarie, se tr\u0103gea de pe drojdie \u015fi se punea \u00een vase curate consider\u00e2ndu-se bun de b\u0103ut. <\/p>\n\n\n\n<p class=\"wp-block-paragraph\">Vinul se p\u0103stra \u00een pivni\u0163e, \u00eentotdeauna \u00een vase pline, se decanta \u00een fiecare an pentru a se recupera drojdia produs\u0103 la a doua fermenta\u0163ie. Se p\u0103stra tot timpul \u00eenchis \u00een butoaie \u015fi nu se umbla la el f\u0103r\u0103 motiv \u00eentemeiat, mai ales \u00een lunile c\u0103lduroase de var\u0103 ca \u201es\u0103 nu se o\u0163eteasc\u0103\u201d. Prim\u0103vara, \u00een luna februarie, din trevele fermentate \u015fi drojdie de vin se f\u0103cea jinarsul (\u0163uica).<\/p>\n\n\n\n<p class=\"wp-block-paragraph\">Dup\u0103 cules urma dezlegatul, t\u0103ierea cercurilor, \u00eengropatul lemnelor de rod cu paie vechi, ca s\u0103 nu \u00eenghe\u0163e \u00een iernile geroase.<\/p>\n\n\n\n<p class=\"wp-block-paragraph\">&#8211; Foto: Vasile S\u00e2rb<br>&#8211; Text: Marinela Baba \u0219i conf. univ. dr. Georgeta Orian<br>&#8211; Mul\u021bumiri speciale comunit\u0103\u021bii din Biia (Comuna \u0218ona) \u0219i Companiei JIDVEI, pentru sprijinul acordat \u00een realizarea \u0219edin\u021bei foto. <\/p>\n\n\n\n<ul class=\"wp-block-gallery columns-3 is-cropped wp-block-gallery-1 is-layout-flex wp-block-gallery-is-layout-flex\"><li class=\"blocks-gallery-item\"><figure><a href=\"https:\/\/urbeamea.ro\/albaiulia\/wp-content\/uploads\/2019\/09\/69483828_1400311693452632_1356796708725456896_n.jpg\"><img loading=\"lazy\" decoding=\"async\" width=\"960\" height=\"685\" src=\"https:\/\/urbeamea.ro\/albaiulia\/wp-content\/uploads\/2019\/09\/69483828_1400311693452632_1356796708725456896_n.jpg\" alt=\"\" data-id=\"82390\" data-link=\"https:\/\/urbeamea.ro\/albaiulia\/?attachment_id=82390\" class=\"wp-image-82390\" srcset=\"https:\/\/urbeamea.ro\/albaiulia\/wp-content\/uploads\/2019\/09\/69483828_1400311693452632_1356796708725456896_n.jpg 960w, https:\/\/urbeamea.ro\/albaiulia\/wp-content\/uploads\/2019\/09\/69483828_1400311693452632_1356796708725456896_n-150x107.jpg 150w, https:\/\/urbeamea.ro\/albaiulia\/wp-content\/uploads\/2019\/09\/69483828_1400311693452632_1356796708725456896_n-640x457.jpg 640w, https:\/\/urbeamea.ro\/albaiulia\/wp-content\/uploads\/2019\/09\/69483828_1400311693452632_1356796708725456896_n-768x548.jpg 768w\" sizes=\"auto, (max-width: 960px) 100vw, 960px\" \/><\/a><\/figure><\/li><li class=\"blocks-gallery-item\"><figure><a href=\"https:\/\/urbeamea.ro\/albaiulia\/wp-content\/uploads\/2019\/09\/69598997_1400309590119509_7492397837431341056_n.jpg\"><img loading=\"lazy\" decoding=\"async\" width=\"960\" height=\"685\" src=\"https:\/\/urbeamea.ro\/albaiulia\/wp-content\/uploads\/2019\/09\/69598997_1400309590119509_7492397837431341056_n.jpg\" alt=\"\" data-id=\"82391\" data-link=\"https:\/\/urbeamea.ro\/albaiulia\/?attachment_id=82391\" class=\"wp-image-82391\" srcset=\"https:\/\/urbeamea.ro\/albaiulia\/wp-content\/uploads\/2019\/09\/69598997_1400309590119509_7492397837431341056_n.jpg 960w, https:\/\/urbeamea.ro\/albaiulia\/wp-content\/uploads\/2019\/09\/69598997_1400309590119509_7492397837431341056_n-150x107.jpg 150w, https:\/\/urbeamea.ro\/albaiulia\/wp-content\/uploads\/2019\/09\/69598997_1400309590119509_7492397837431341056_n-640x457.jpg 640w, https:\/\/urbeamea.ro\/albaiulia\/wp-content\/uploads\/2019\/09\/69598997_1400309590119509_7492397837431341056_n-768x548.jpg 768w\" sizes=\"auto, (max-width: 960px) 100vw, 960px\" \/><\/a><\/figure><\/li><li class=\"blocks-gallery-item\"><figure><a href=\"https:\/\/urbeamea.ro\/albaiulia\/wp-content\/uploads\/2019\/09\/69621157_1400309623452839_5039783941603590144_n.jpg\"><img loading=\"lazy\" decoding=\"async\" width=\"960\" height=\"685\" src=\"https:\/\/urbeamea.ro\/albaiulia\/wp-content\/uploads\/2019\/09\/69621157_1400309623452839_5039783941603590144_n.jpg\" alt=\"\" data-id=\"82392\" data-link=\"https:\/\/urbeamea.ro\/albaiulia\/?attachment_id=82392\" class=\"wp-image-82392\" srcset=\"https:\/\/urbeamea.ro\/albaiulia\/wp-content\/uploads\/2019\/09\/69621157_1400309623452839_5039783941603590144_n.jpg 960w, https:\/\/urbeamea.ro\/albaiulia\/wp-content\/uploads\/2019\/09\/69621157_1400309623452839_5039783941603590144_n-150x107.jpg 150w, https:\/\/urbeamea.ro\/albaiulia\/wp-content\/uploads\/2019\/09\/69621157_1400309623452839_5039783941603590144_n-640x457.jpg 640w, https:\/\/urbeamea.ro\/albaiulia\/wp-content\/uploads\/2019\/09\/69621157_1400309623452839_5039783941603590144_n-768x548.jpg 768w\" sizes=\"auto, (max-width: 960px) 100vw, 960px\" \/><\/a><\/figure><\/li><li class=\"blocks-gallery-item\"><figure><a href=\"https:\/\/urbeamea.ro\/albaiulia\/wp-content\/uploads\/2019\/09\/69646167_1400311766785958_6292372580380704768_n.jpg\"><img loading=\"lazy\" decoding=\"async\" width=\"960\" height=\"685\" src=\"https:\/\/urbeamea.ro\/albaiulia\/wp-content\/uploads\/2019\/09\/69646167_1400311766785958_6292372580380704768_n.jpg\" alt=\"\" data-id=\"82393\" data-link=\"https:\/\/urbeamea.ro\/albaiulia\/?attachment_id=82393\" class=\"wp-image-82393\" srcset=\"https:\/\/urbeamea.ro\/albaiulia\/wp-content\/uploads\/2019\/09\/69646167_1400311766785958_6292372580380704768_n.jpg 960w, https:\/\/urbeamea.ro\/albaiulia\/wp-content\/uploads\/2019\/09\/69646167_1400311766785958_6292372580380704768_n-150x107.jpg 150w, https:\/\/urbeamea.ro\/albaiulia\/wp-content\/uploads\/2019\/09\/69646167_1400311766785958_6292372580380704768_n-640x457.jpg 640w, https:\/\/urbeamea.ro\/albaiulia\/wp-content\/uploads\/2019\/09\/69646167_1400311766785958_6292372580380704768_n-768x548.jpg 768w\" sizes=\"auto, (max-width: 960px) 100vw, 960px\" \/><\/a><\/figure><\/li><li class=\"blocks-gallery-item\"><figure><a href=\"https:\/\/urbeamea.ro\/albaiulia\/wp-content\/uploads\/2019\/09\/69686962_1400311703452631_7321778895798140928_n.jpg\"><img loading=\"lazy\" decoding=\"async\" width=\"960\" height=\"685\" src=\"https:\/\/urbeamea.ro\/albaiulia\/wp-content\/uploads\/2019\/09\/69686962_1400311703452631_7321778895798140928_n.jpg\" alt=\"\" data-id=\"82394\" data-link=\"https:\/\/urbeamea.ro\/albaiulia\/?attachment_id=82394\" class=\"wp-image-82394\" srcset=\"https:\/\/urbeamea.ro\/albaiulia\/wp-content\/uploads\/2019\/09\/69686962_1400311703452631_7321778895798140928_n.jpg 960w, https:\/\/urbeamea.ro\/albaiulia\/wp-content\/uploads\/2019\/09\/69686962_1400311703452631_7321778895798140928_n-150x107.jpg 150w, https:\/\/urbeamea.ro\/albaiulia\/wp-content\/uploads\/2019\/09\/69686962_1400311703452631_7321778895798140928_n-640x457.jpg 640w, https:\/\/urbeamea.ro\/albaiulia\/wp-content\/uploads\/2019\/09\/69686962_1400311703452631_7321778895798140928_n-768x548.jpg 768w\" sizes=\"auto, (max-width: 960px) 100vw, 960px\" \/><\/a><\/figure><\/li><li class=\"blocks-gallery-item\"><figure><a href=\"https:\/\/urbeamea.ro\/albaiulia\/wp-content\/uploads\/2019\/09\/69692368_1400310180119450_4033889007308898304_n.jpg\"><img loading=\"lazy\" decoding=\"async\" width=\"960\" height=\"685\" src=\"https:\/\/urbeamea.ro\/albaiulia\/wp-content\/uploads\/2019\/09\/69692368_1400310180119450_4033889007308898304_n.jpg\" alt=\"\" data-id=\"82395\" data-link=\"https:\/\/urbeamea.ro\/albaiulia\/?attachment_id=82395\" class=\"wp-image-82395\" srcset=\"https:\/\/urbeamea.ro\/albaiulia\/wp-content\/uploads\/2019\/09\/69692368_1400310180119450_4033889007308898304_n.jpg 960w, https:\/\/urbeamea.ro\/albaiulia\/wp-content\/uploads\/2019\/09\/69692368_1400310180119450_4033889007308898304_n-150x107.jpg 150w, https:\/\/urbeamea.ro\/albaiulia\/wp-content\/uploads\/2019\/09\/69692368_1400310180119450_4033889007308898304_n-640x457.jpg 640w, https:\/\/urbeamea.ro\/albaiulia\/wp-content\/uploads\/2019\/09\/69692368_1400310180119450_4033889007308898304_n-768x548.jpg 768w\" sizes=\"auto, (max-width: 960px) 100vw, 960px\" \/><\/a><\/figure><\/li><li class=\"blocks-gallery-item\"><figure><a href=\"https:\/\/urbeamea.ro\/albaiulia\/wp-content\/uploads\/2019\/09\/69737168_1400310280119440_1070380522464608256_n.jpg\"><img loading=\"lazy\" decoding=\"async\" width=\"960\" height=\"685\" src=\"https:\/\/urbeamea.ro\/albaiulia\/wp-content\/uploads\/2019\/09\/69737168_1400310280119440_1070380522464608256_n.jpg\" alt=\"\" data-id=\"82396\" data-link=\"https:\/\/urbeamea.ro\/albaiulia\/?attachment_id=82396\" class=\"wp-image-82396\" srcset=\"https:\/\/urbeamea.ro\/albaiulia\/wp-content\/uploads\/2019\/09\/69737168_1400310280119440_1070380522464608256_n.jpg 960w, https:\/\/urbeamea.ro\/albaiulia\/wp-content\/uploads\/2019\/09\/69737168_1400310280119440_1070380522464608256_n-150x107.jpg 150w, https:\/\/urbeamea.ro\/albaiulia\/wp-content\/uploads\/2019\/09\/69737168_1400310280119440_1070380522464608256_n-640x457.jpg 640w, https:\/\/urbeamea.ro\/albaiulia\/wp-content\/uploads\/2019\/09\/69737168_1400310280119440_1070380522464608256_n-768x548.jpg 768w\" sizes=\"auto, (max-width: 960px) 100vw, 960px\" \/><\/a><\/figure><\/li><li class=\"blocks-gallery-item\"><figure><a href=\"https:\/\/urbeamea.ro\/albaiulia\/wp-content\/uploads\/2019\/09\/69738595_1400309300119538_7294168694240837632_n.jpg\"><img loading=\"lazy\" decoding=\"async\" width=\"960\" height=\"685\" src=\"https:\/\/urbeamea.ro\/albaiulia\/wp-content\/uploads\/2019\/09\/69738595_1400309300119538_7294168694240837632_n.jpg\" alt=\"\" data-id=\"82397\" data-link=\"https:\/\/urbeamea.ro\/albaiulia\/?attachment_id=82397\" class=\"wp-image-82397\" srcset=\"https:\/\/urbeamea.ro\/albaiulia\/wp-content\/uploads\/2019\/09\/69738595_1400309300119538_7294168694240837632_n.jpg 960w, https:\/\/urbeamea.ro\/albaiulia\/wp-content\/uploads\/2019\/09\/69738595_1400309300119538_7294168694240837632_n-150x107.jpg 150w, https:\/\/urbeamea.ro\/albaiulia\/wp-content\/uploads\/2019\/09\/69738595_1400309300119538_7294168694240837632_n-640x457.jpg 640w, https:\/\/urbeamea.ro\/albaiulia\/wp-content\/uploads\/2019\/09\/69738595_1400309300119538_7294168694240837632_n-768x548.jpg 768w\" sizes=\"auto, (max-width: 960px) 100vw, 960px\" \/><\/a><\/figure><\/li><li class=\"blocks-gallery-item\"><figure><a href=\"https:\/\/urbeamea.ro\/albaiulia\/wp-content\/uploads\/2019\/09\/69756979_1400310140119454_729323448731435008_n.jpg\"><img loading=\"lazy\" decoding=\"async\" width=\"960\" height=\"685\" src=\"https:\/\/urbeamea.ro\/albaiulia\/wp-content\/uploads\/2019\/09\/69756979_1400310140119454_729323448731435008_n.jpg\" alt=\"\" data-id=\"82398\" data-link=\"https:\/\/urbeamea.ro\/albaiulia\/?attachment_id=82398\" class=\"wp-image-82398\" srcset=\"https:\/\/urbeamea.ro\/albaiulia\/wp-content\/uploads\/2019\/09\/69756979_1400310140119454_729323448731435008_n.jpg 960w, https:\/\/urbeamea.ro\/albaiulia\/wp-content\/uploads\/2019\/09\/69756979_1400310140119454_729323448731435008_n-150x107.jpg 150w, https:\/\/urbeamea.ro\/albaiulia\/wp-content\/uploads\/2019\/09\/69756979_1400310140119454_729323448731435008_n-640x457.jpg 640w, https:\/\/urbeamea.ro\/albaiulia\/wp-content\/uploads\/2019\/09\/69756979_1400310140119454_729323448731435008_n-768x548.jpg 768w\" sizes=\"auto, (max-width: 960px) 100vw, 960px\" \/><\/a><\/figure><\/li><li class=\"blocks-gallery-item\"><figure><a href=\"https:\/\/urbeamea.ro\/albaiulia\/wp-content\/uploads\/2019\/09\/69762300_1400309496786185_5526860484537483264_n.jpg\"><img loading=\"lazy\" decoding=\"async\" width=\"960\" height=\"685\" src=\"https:\/\/urbeamea.ro\/albaiulia\/wp-content\/uploads\/2019\/09\/69762300_1400309496786185_5526860484537483264_n.jpg\" alt=\"\" data-id=\"82399\" data-link=\"https:\/\/urbeamea.ro\/albaiulia\/?attachment_id=82399\" class=\"wp-image-82399\" srcset=\"https:\/\/urbeamea.ro\/albaiulia\/wp-content\/uploads\/2019\/09\/69762300_1400309496786185_5526860484537483264_n.jpg 960w, https:\/\/urbeamea.ro\/albaiulia\/wp-content\/uploads\/2019\/09\/69762300_1400309496786185_5526860484537483264_n-150x107.jpg 150w, https:\/\/urbeamea.ro\/albaiulia\/wp-content\/uploads\/2019\/09\/69762300_1400309496786185_5526860484537483264_n-640x457.jpg 640w, https:\/\/urbeamea.ro\/albaiulia\/wp-content\/uploads\/2019\/09\/69762300_1400309496786185_5526860484537483264_n-768x548.jpg 768w\" sizes=\"auto, (max-width: 960px) 100vw, 960px\" \/><\/a><\/figure><\/li><li class=\"blocks-gallery-item\"><figure><a href=\"https:\/\/urbeamea.ro\/albaiulia\/wp-content\/uploads\/2019\/09\/69774244_1400309773452824_634636436515061760_n.jpg\"><img loading=\"lazy\" decoding=\"async\" width=\"960\" height=\"685\" src=\"https:\/\/urbeamea.ro\/albaiulia\/wp-content\/uploads\/2019\/09\/69774244_1400309773452824_634636436515061760_n.jpg\" alt=\"\" data-id=\"82400\" data-link=\"https:\/\/urbeamea.ro\/albaiulia\/?attachment_id=82400\" class=\"wp-image-82400\" srcset=\"https:\/\/urbeamea.ro\/albaiulia\/wp-content\/uploads\/2019\/09\/69774244_1400309773452824_634636436515061760_n.jpg 960w, https:\/\/urbeamea.ro\/albaiulia\/wp-content\/uploads\/2019\/09\/69774244_1400309773452824_634636436515061760_n-150x107.jpg 150w, https:\/\/urbeamea.ro\/albaiulia\/wp-content\/uploads\/2019\/09\/69774244_1400309773452824_634636436515061760_n-640x457.jpg 640w, https:\/\/urbeamea.ro\/albaiulia\/wp-content\/uploads\/2019\/09\/69774244_1400309773452824_634636436515061760_n-768x548.jpg 768w\" sizes=\"auto, (max-width: 960px) 100vw, 960px\" \/><\/a><\/figure><\/li><li class=\"blocks-gallery-item\"><figure><a href=\"https:\/\/urbeamea.ro\/albaiulia\/wp-content\/uploads\/2019\/09\/69782778_1400309673452834_4383663065061654528_n.jpg\"><img loading=\"lazy\" decoding=\"async\" width=\"960\" height=\"685\" src=\"https:\/\/urbeamea.ro\/albaiulia\/wp-content\/uploads\/2019\/09\/69782778_1400309673452834_4383663065061654528_n.jpg\" alt=\"\" data-id=\"82401\" data-link=\"https:\/\/urbeamea.ro\/albaiulia\/?attachment_id=82401\" class=\"wp-image-82401\" srcset=\"https:\/\/urbeamea.ro\/albaiulia\/wp-content\/uploads\/2019\/09\/69782778_1400309673452834_4383663065061654528_n.jpg 960w, https:\/\/urbeamea.ro\/albaiulia\/wp-content\/uploads\/2019\/09\/69782778_1400309673452834_4383663065061654528_n-150x107.jpg 150w, https:\/\/urbeamea.ro\/albaiulia\/wp-content\/uploads\/2019\/09\/69782778_1400309673452834_4383663065061654528_n-640x457.jpg 640w, https:\/\/urbeamea.ro\/albaiulia\/wp-content\/uploads\/2019\/09\/69782778_1400309673452834_4383663065061654528_n-768x548.jpg 768w\" sizes=\"auto, (max-width: 960px) 100vw, 960px\" \/><\/a><\/figure><\/li><li class=\"blocks-gallery-item\"><figure><a href=\"https:\/\/urbeamea.ro\/albaiulia\/wp-content\/uploads\/2019\/09\/69818377_1400309370119531_4583861738520182784_n.jpg\"><img loading=\"lazy\" decoding=\"async\" width=\"960\" height=\"685\" src=\"https:\/\/urbeamea.ro\/albaiulia\/wp-content\/uploads\/2019\/09\/69818377_1400309370119531_4583861738520182784_n.jpg\" alt=\"\" data-id=\"82402\" data-link=\"https:\/\/urbeamea.ro\/albaiulia\/?attachment_id=82402\" class=\"wp-image-82402\" srcset=\"https:\/\/urbeamea.ro\/albaiulia\/wp-content\/uploads\/2019\/09\/69818377_1400309370119531_4583861738520182784_n.jpg 960w, https:\/\/urbeamea.ro\/albaiulia\/wp-content\/uploads\/2019\/09\/69818377_1400309370119531_4583861738520182784_n-150x107.jpg 150w, https:\/\/urbeamea.ro\/albaiulia\/wp-content\/uploads\/2019\/09\/69818377_1400309370119531_4583861738520182784_n-640x457.jpg 640w, https:\/\/urbeamea.ro\/albaiulia\/wp-content\/uploads\/2019\/09\/69818377_1400309370119531_4583861738520182784_n-768x548.jpg 768w\" sizes=\"auto, (max-width: 960px) 100vw, 960px\" \/><\/a><\/figure><\/li><li class=\"blocks-gallery-item\"><figure><a href=\"https:\/\/urbeamea.ro\/albaiulia\/wp-content\/uploads\/2019\/09\/69821029_1400309806786154_4205105353123168256_n.jpg\"><img loading=\"lazy\" decoding=\"async\" width=\"960\" height=\"685\" src=\"https:\/\/urbeamea.ro\/albaiulia\/wp-content\/uploads\/2019\/09\/69821029_1400309806786154_4205105353123168256_n.jpg\" alt=\"\" data-id=\"82403\" data-link=\"https:\/\/urbeamea.ro\/albaiulia\/?attachment_id=82403\" class=\"wp-image-82403\" srcset=\"https:\/\/urbeamea.ro\/albaiulia\/wp-content\/uploads\/2019\/09\/69821029_1400309806786154_4205105353123168256_n.jpg 960w, https:\/\/urbeamea.ro\/albaiulia\/wp-content\/uploads\/2019\/09\/69821029_1400309806786154_4205105353123168256_n-150x107.jpg 150w, https:\/\/urbeamea.ro\/albaiulia\/wp-content\/uploads\/2019\/09\/69821029_1400309806786154_4205105353123168256_n-640x457.jpg 640w, https:\/\/urbeamea.ro\/albaiulia\/wp-content\/uploads\/2019\/09\/69821029_1400309806786154_4205105353123168256_n-768x548.jpg 768w\" sizes=\"auto, (max-width: 960px) 100vw, 960px\" \/><\/a><\/figure><\/li><li class=\"blocks-gallery-item\"><figure><a href=\"https:\/\/urbeamea.ro\/albaiulia\/wp-content\/uploads\/2019\/09\/69870130_1400311656785969_3221088415298617344_n.jpg\"><img loading=\"lazy\" decoding=\"async\" width=\"960\" height=\"685\" src=\"https:\/\/urbeamea.ro\/albaiulia\/wp-content\/uploads\/2019\/09\/69870130_1400311656785969_3221088415298617344_n.jpg\" alt=\"\" data-id=\"82404\" data-link=\"https:\/\/urbeamea.ro\/albaiulia\/?attachment_id=82404\" class=\"wp-image-82404\" srcset=\"https:\/\/urbeamea.ro\/albaiulia\/wp-content\/uploads\/2019\/09\/69870130_1400311656785969_3221088415298617344_n.jpg 960w, https:\/\/urbeamea.ro\/albaiulia\/wp-content\/uploads\/2019\/09\/69870130_1400311656785969_3221088415298617344_n-150x107.jpg 150w, https:\/\/urbeamea.ro\/albaiulia\/wp-content\/uploads\/2019\/09\/69870130_1400311656785969_3221088415298617344_n-640x457.jpg 640w, https:\/\/urbeamea.ro\/albaiulia\/wp-content\/uploads\/2019\/09\/69870130_1400311656785969_3221088415298617344_n-768x548.jpg 768w\" sizes=\"auto, (max-width: 960px) 100vw, 960px\" \/><\/a><\/figure><\/li><li class=\"blocks-gallery-item\"><figure><a href=\"https:\/\/urbeamea.ro\/albaiulia\/wp-content\/uploads\/2019\/09\/69871844_1400310030119465_4196920734594891776_n.jpg\"><img loading=\"lazy\" decoding=\"async\" width=\"960\" height=\"685\" src=\"https:\/\/urbeamea.ro\/albaiulia\/wp-content\/uploads\/2019\/09\/69871844_1400310030119465_4196920734594891776_n.jpg\" alt=\"\" data-id=\"82405\" data-link=\"https:\/\/urbeamea.ro\/albaiulia\/?attachment_id=82405\" class=\"wp-image-82405\" srcset=\"https:\/\/urbeamea.ro\/albaiulia\/wp-content\/uploads\/2019\/09\/69871844_1400310030119465_4196920734594891776_n.jpg 960w, https:\/\/urbeamea.ro\/albaiulia\/wp-content\/uploads\/2019\/09\/69871844_1400310030119465_4196920734594891776_n-150x107.jpg 150w, https:\/\/urbeamea.ro\/albaiulia\/wp-content\/uploads\/2019\/09\/69871844_1400310030119465_4196920734594891776_n-640x457.jpg 640w, https:\/\/urbeamea.ro\/albaiulia\/wp-content\/uploads\/2019\/09\/69871844_1400310030119465_4196920734594891776_n-768x548.jpg 768w\" sizes=\"auto, (max-width: 960px) 100vw, 960px\" \/><\/a><\/figure><\/li><li class=\"blocks-gallery-item\"><figure><a href=\"https:\/\/urbeamea.ro\/albaiulia\/wp-content\/uploads\/2019\/09\/69886440_1400309376786197_1745297438614224896_n.jpg\"><img loading=\"lazy\" decoding=\"async\" width=\"960\" height=\"685\" src=\"https:\/\/urbeamea.ro\/albaiulia\/wp-content\/uploads\/2019\/09\/69886440_1400309376786197_1745297438614224896_n.jpg\" alt=\"\" data-id=\"82406\" data-link=\"https:\/\/urbeamea.ro\/albaiulia\/?attachment_id=82406\" class=\"wp-image-82406\" srcset=\"https:\/\/urbeamea.ro\/albaiulia\/wp-content\/uploads\/2019\/09\/69886440_1400309376786197_1745297438614224896_n.jpg 960w, https:\/\/urbeamea.ro\/albaiulia\/wp-content\/uploads\/2019\/09\/69886440_1400309376786197_1745297438614224896_n-150x107.jpg 150w, https:\/\/urbeamea.ro\/albaiulia\/wp-content\/uploads\/2019\/09\/69886440_1400309376786197_1745297438614224896_n-640x457.jpg 640w, https:\/\/urbeamea.ro\/albaiulia\/wp-content\/uploads\/2019\/09\/69886440_1400309376786197_1745297438614224896_n-768x548.jpg 768w\" sizes=\"auto, (max-width: 960px) 100vw, 960px\" \/><\/a><\/figure><\/li><li class=\"blocks-gallery-item\"><figure><a href=\"https:\/\/urbeamea.ro\/albaiulia\/wp-content\/uploads\/2019\/09\/69887331_1400309483452853_2395647691586535424_n.jpg\"><img loading=\"lazy\" decoding=\"async\" width=\"960\" height=\"685\" src=\"https:\/\/urbeamea.ro\/albaiulia\/wp-content\/uploads\/2019\/09\/69887331_1400309483452853_2395647691586535424_n.jpg\" alt=\"\" data-id=\"82407\" data-link=\"https:\/\/urbeamea.ro\/albaiulia\/?attachment_id=82407\" class=\"wp-image-82407\" srcset=\"https:\/\/urbeamea.ro\/albaiulia\/wp-content\/uploads\/2019\/09\/69887331_1400309483452853_2395647691586535424_n.jpg 960w, https:\/\/urbeamea.ro\/albaiulia\/wp-content\/uploads\/2019\/09\/69887331_1400309483452853_2395647691586535424_n-150x107.jpg 150w, https:\/\/urbeamea.ro\/albaiulia\/wp-content\/uploads\/2019\/09\/69887331_1400309483452853_2395647691586535424_n-640x457.jpg 640w, https:\/\/urbeamea.ro\/albaiulia\/wp-content\/uploads\/2019\/09\/69887331_1400309483452853_2395647691586535424_n-768x548.jpg 768w\" sizes=\"auto, (max-width: 960px) 100vw, 960px\" \/><\/a><\/figure><\/li><li class=\"blocks-gallery-item\"><figure><a href=\"https:\/\/urbeamea.ro\/albaiulia\/wp-content\/uploads\/2019\/09\/70031850_1400309926786142_7910577152112721920_n.jpg\"><img loading=\"lazy\" decoding=\"async\" width=\"960\" height=\"685\" src=\"https:\/\/urbeamea.ro\/albaiulia\/wp-content\/uploads\/2019\/09\/70031850_1400309926786142_7910577152112721920_n.jpg\" alt=\"\" data-id=\"82408\" data-link=\"https:\/\/urbeamea.ro\/albaiulia\/?attachment_id=82408\" class=\"wp-image-82408\" srcset=\"https:\/\/urbeamea.ro\/albaiulia\/wp-content\/uploads\/2019\/09\/70031850_1400309926786142_7910577152112721920_n.jpg 960w, https:\/\/urbeamea.ro\/albaiulia\/wp-content\/uploads\/2019\/09\/70031850_1400309926786142_7910577152112721920_n-150x107.jpg 150w, https:\/\/urbeamea.ro\/albaiulia\/wp-content\/uploads\/2019\/09\/70031850_1400309926786142_7910577152112721920_n-640x457.jpg 640w, https:\/\/urbeamea.ro\/albaiulia\/wp-content\/uploads\/2019\/09\/70031850_1400309926786142_7910577152112721920_n-768x548.jpg 768w\" sizes=\"auto, (max-width: 960px) 100vw, 960px\" \/><\/a><\/figure><\/li><li class=\"blocks-gallery-item\"><figure><a href=\"https:\/\/urbeamea.ro\/albaiulia\/wp-content\/uploads\/2019\/09\/70072846_1400309526786182_4795041453648642048_n.jpg\"><img loading=\"lazy\" decoding=\"async\" width=\"960\" height=\"685\" src=\"https:\/\/urbeamea.ro\/albaiulia\/wp-content\/uploads\/2019\/09\/70072846_1400309526786182_4795041453648642048_n.jpg\" alt=\"\" data-id=\"82409\" data-link=\"https:\/\/urbeamea.ro\/albaiulia\/?attachment_id=82409\" class=\"wp-image-82409\" srcset=\"https:\/\/urbeamea.ro\/albaiulia\/wp-content\/uploads\/2019\/09\/70072846_1400309526786182_4795041453648642048_n.jpg 960w, https:\/\/urbeamea.ro\/albaiulia\/wp-content\/uploads\/2019\/09\/70072846_1400309526786182_4795041453648642048_n-150x107.jpg 150w, https:\/\/urbeamea.ro\/albaiulia\/wp-content\/uploads\/2019\/09\/70072846_1400309526786182_4795041453648642048_n-640x457.jpg 640w, https:\/\/urbeamea.ro\/albaiulia\/wp-content\/uploads\/2019\/09\/70072846_1400309526786182_4795041453648642048_n-768x548.jpg 768w\" sizes=\"auto, (max-width: 960px) 100vw, 960px\" \/><\/a><\/figure><\/li><li class=\"blocks-gallery-item\"><figure><a href=\"https:\/\/urbeamea.ro\/albaiulia\/wp-content\/uploads\/2019\/09\/70250398_1400310230119445_7446728775863107584_n.jpg\"><img loading=\"lazy\" decoding=\"async\" width=\"960\" height=\"685\" src=\"https:\/\/urbeamea.ro\/albaiulia\/wp-content\/uploads\/2019\/09\/70250398_1400310230119445_7446728775863107584_n.jpg\" alt=\"\" data-id=\"82410\" data-link=\"https:\/\/urbeamea.ro\/albaiulia\/?attachment_id=82410\" class=\"wp-image-82410\" srcset=\"https:\/\/urbeamea.ro\/albaiulia\/wp-content\/uploads\/2019\/09\/70250398_1400310230119445_7446728775863107584_n.jpg 960w, https:\/\/urbeamea.ro\/albaiulia\/wp-content\/uploads\/2019\/09\/70250398_1400310230119445_7446728775863107584_n-150x107.jpg 150w, https:\/\/urbeamea.ro\/albaiulia\/wp-content\/uploads\/2019\/09\/70250398_1400310230119445_7446728775863107584_n-640x457.jpg 640w, https:\/\/urbeamea.ro\/albaiulia\/wp-content\/uploads\/2019\/09\/70250398_1400310230119445_7446728775863107584_n-768x548.jpg 768w\" sizes=\"auto, (max-width: 960px) 100vw, 960px\" \/><\/a><\/figure><\/li><li class=\"blocks-gallery-item\"><figure><a href=\"https:\/\/urbeamea.ro\/albaiulia\/wp-content\/uploads\/2019\/09\/70293636_1400310063452795_4419551983585722368_n.jpg\"><img loading=\"lazy\" decoding=\"async\" width=\"960\" height=\"685\" src=\"https:\/\/urbeamea.ro\/albaiulia\/wp-content\/uploads\/2019\/09\/70293636_1400310063452795_4419551983585722368_n.jpg\" alt=\"\" data-id=\"82411\" data-link=\"https:\/\/urbeamea.ro\/albaiulia\/?attachment_id=82411\" class=\"wp-image-82411\" srcset=\"https:\/\/urbeamea.ro\/albaiulia\/wp-content\/uploads\/2019\/09\/70293636_1400310063452795_4419551983585722368_n.jpg 960w, https:\/\/urbeamea.ro\/albaiulia\/wp-content\/uploads\/2019\/09\/70293636_1400310063452795_4419551983585722368_n-150x107.jpg 150w, https:\/\/urbeamea.ro\/albaiulia\/wp-content\/uploads\/2019\/09\/70293636_1400310063452795_4419551983585722368_n-640x457.jpg 640w, https:\/\/urbeamea.ro\/albaiulia\/wp-content\/uploads\/2019\/09\/70293636_1400310063452795_4419551983585722368_n-768x548.jpg 768w\" sizes=\"auto, (max-width: 960px) 100vw, 960px\" \/><\/a><\/figure><\/li><li class=\"blocks-gallery-item\"><figure><a href=\"https:\/\/urbeamea.ro\/albaiulia\/wp-content\/uploads\/2019\/09\/70298079_1400309880119480_4589862752725499904_n.jpg\"><img loading=\"lazy\" decoding=\"async\" width=\"960\" height=\"685\" src=\"https:\/\/urbeamea.ro\/albaiulia\/wp-content\/uploads\/2019\/09\/70298079_1400309880119480_4589862752725499904_n.jpg\" alt=\"\" data-id=\"82412\" data-link=\"https:\/\/urbeamea.ro\/albaiulia\/?attachment_id=82412\" class=\"wp-image-82412\" srcset=\"https:\/\/urbeamea.ro\/albaiulia\/wp-content\/uploads\/2019\/09\/70298079_1400309880119480_4589862752725499904_n.jpg 960w, https:\/\/urbeamea.ro\/albaiulia\/wp-content\/uploads\/2019\/09\/70298079_1400309880119480_4589862752725499904_n-150x107.jpg 150w, https:\/\/urbeamea.ro\/albaiulia\/wp-content\/uploads\/2019\/09\/70298079_1400309880119480_4589862752725499904_n-640x457.jpg 640w, https:\/\/urbeamea.ro\/albaiulia\/wp-content\/uploads\/2019\/09\/70298079_1400309880119480_4589862752725499904_n-768x548.jpg 768w\" sizes=\"auto, (max-width: 960px) 100vw, 960px\" \/><\/a><\/figure><\/li><li class=\"blocks-gallery-item\"><figure><a href=\"https:\/\/urbeamea.ro\/albaiulia\/wp-content\/uploads\/2019\/09\/70502788_1400309420119526_8879432095173181440_n.jpg\"><img loading=\"lazy\" decoding=\"async\" width=\"960\" height=\"685\" src=\"https:\/\/urbeamea.ro\/albaiulia\/wp-content\/uploads\/2019\/09\/70502788_1400309420119526_8879432095173181440_n.jpg\" alt=\"\" data-id=\"82413\" data-link=\"https:\/\/urbeamea.ro\/albaiulia\/?attachment_id=82413\" class=\"wp-image-82413\" srcset=\"https:\/\/urbeamea.ro\/albaiulia\/wp-content\/uploads\/2019\/09\/70502788_1400309420119526_8879432095173181440_n.jpg 960w, https:\/\/urbeamea.ro\/albaiulia\/wp-content\/uploads\/2019\/09\/70502788_1400309420119526_8879432095173181440_n-150x107.jpg 150w, https:\/\/urbeamea.ro\/albaiulia\/wp-content\/uploads\/2019\/09\/70502788_1400309420119526_8879432095173181440_n-640x457.jpg 640w, https:\/\/urbeamea.ro\/albaiulia\/wp-content\/uploads\/2019\/09\/70502788_1400309420119526_8879432095173181440_n-768x548.jpg 768w\" sizes=\"auto, (max-width: 960px) 100vw, 960px\" \/><\/a><\/figure><\/li><li class=\"blocks-gallery-item\"><figure><a href=\"https:\/\/urbeamea.ro\/albaiulia\/wp-content\/uploads\/2019\/09\/70514852_1400309980119470_6525104935321731072_n.jpg\"><img loading=\"lazy\" decoding=\"async\" width=\"960\" height=\"685\" src=\"https:\/\/urbeamea.ro\/albaiulia\/wp-content\/uploads\/2019\/09\/70514852_1400309980119470_6525104935321731072_n.jpg\" alt=\"\" data-id=\"82414\" data-link=\"https:\/\/urbeamea.ro\/albaiulia\/?attachment_id=82414\" class=\"wp-image-82414\" srcset=\"https:\/\/urbeamea.ro\/albaiulia\/wp-content\/uploads\/2019\/09\/70514852_1400309980119470_6525104935321731072_n.jpg 960w, https:\/\/urbeamea.ro\/albaiulia\/wp-content\/uploads\/2019\/09\/70514852_1400309980119470_6525104935321731072_n-150x107.jpg 150w, https:\/\/urbeamea.ro\/albaiulia\/wp-content\/uploads\/2019\/09\/70514852_1400309980119470_6525104935321731072_n-640x457.jpg 640w, https:\/\/urbeamea.ro\/albaiulia\/wp-content\/uploads\/2019\/09\/70514852_1400309980119470_6525104935321731072_n-768x548.jpg 768w\" sizes=\"auto, (max-width: 960px) 100vw, 960px\" \/><\/a><\/figure><\/li><li class=\"blocks-gallery-item\"><figure><a href=\"https:\/\/urbeamea.ro\/albaiulia\/wp-content\/uploads\/2019\/09\/70623857_1400311603452641_6221701247167102976_n.jpg\"><img loading=\"lazy\" decoding=\"async\" width=\"960\" height=\"685\" src=\"https:\/\/urbeamea.ro\/albaiulia\/wp-content\/uploads\/2019\/09\/70623857_1400311603452641_6221701247167102976_n.jpg\" alt=\"\" data-id=\"82415\" data-link=\"https:\/\/urbeamea.ro\/albaiulia\/?attachment_id=82415\" class=\"wp-image-82415\" srcset=\"https:\/\/urbeamea.ro\/albaiulia\/wp-content\/uploads\/2019\/09\/70623857_1400311603452641_6221701247167102976_n.jpg 960w, https:\/\/urbeamea.ro\/albaiulia\/wp-content\/uploads\/2019\/09\/70623857_1400311603452641_6221701247167102976_n-150x107.jpg 150w, https:\/\/urbeamea.ro\/albaiulia\/wp-content\/uploads\/2019\/09\/70623857_1400311603452641_6221701247167102976_n-640x457.jpg 640w, https:\/\/urbeamea.ro\/albaiulia\/wp-content\/uploads\/2019\/09\/70623857_1400311603452641_6221701247167102976_n-768x548.jpg 768w\" sizes=\"auto, (max-width: 960px) 100vw, 960px\" \/><\/a><\/figure><\/li><li class=\"blocks-gallery-item\"><figure><a href=\"https:\/\/urbeamea.ro\/albaiulia\/wp-content\/uploads\/2019\/09\/70632862_1400309253452876_1459588328524349440_n.jpg\"><img loading=\"lazy\" decoding=\"async\" width=\"960\" height=\"685\" src=\"https:\/\/urbeamea.ro\/albaiulia\/wp-content\/uploads\/2019\/09\/70632862_1400309253452876_1459588328524349440_n.jpg\" alt=\"\" data-id=\"82416\" data-link=\"https:\/\/urbeamea.ro\/albaiulia\/?attachment_id=82416\" class=\"wp-image-82416\" srcset=\"https:\/\/urbeamea.ro\/albaiulia\/wp-content\/uploads\/2019\/09\/70632862_1400309253452876_1459588328524349440_n.jpg 960w, https:\/\/urbeamea.ro\/albaiulia\/wp-content\/uploads\/2019\/09\/70632862_1400309253452876_1459588328524349440_n-150x107.jpg 150w, https:\/\/urbeamea.ro\/albaiulia\/wp-content\/uploads\/2019\/09\/70632862_1400309253452876_1459588328524349440_n-640x457.jpg 640w, https:\/\/urbeamea.ro\/albaiulia\/wp-content\/uploads\/2019\/09\/70632862_1400309253452876_1459588328524349440_n-768x548.jpg 768w\" sizes=\"auto, (max-width: 960px) 100vw, 960px\" \/><\/a><\/figure><\/li><li class=\"blocks-gallery-item\"><figure><a href=\"https:\/\/urbeamea.ro\/albaiulia\/wp-content\/uploads\/2019\/09\/70695669_1400309750119493_541050456344887296_n.jpg\"><img loading=\"lazy\" decoding=\"async\" width=\"960\" height=\"685\" src=\"https:\/\/urbeamea.ro\/albaiulia\/wp-content\/uploads\/2019\/09\/70695669_1400309750119493_541050456344887296_n.jpg\" alt=\"\" data-id=\"82417\" data-link=\"https:\/\/urbeamea.ro\/albaiulia\/?attachment_id=82417\" class=\"wp-image-82417\" srcset=\"https:\/\/urbeamea.ro\/albaiulia\/wp-content\/uploads\/2019\/09\/70695669_1400309750119493_541050456344887296_n.jpg 960w, https:\/\/urbeamea.ro\/albaiulia\/wp-content\/uploads\/2019\/09\/70695669_1400309750119493_541050456344887296_n-150x107.jpg 150w, https:\/\/urbeamea.ro\/albaiulia\/wp-content\/uploads\/2019\/09\/70695669_1400309750119493_541050456344887296_n-640x457.jpg 640w, https:\/\/urbeamea.ro\/albaiulia\/wp-content\/uploads\/2019\/09\/70695669_1400309750119493_541050456344887296_n-768x548.jpg 768w\" sizes=\"auto, (max-width: 960px) 100vw, 960px\" \/><\/a><\/figure><\/li><li class=\"blocks-gallery-item\"><figure><a href=\"https:\/\/urbeamea.ro\/albaiulia\/wp-content\/uploads\/2019\/09\/70846135_1400309243452877_6970855414602661888_n.jpg\"><img loading=\"lazy\" decoding=\"async\" width=\"960\" height=\"685\" src=\"https:\/\/urbeamea.ro\/albaiulia\/wp-content\/uploads\/2019\/09\/70846135_1400309243452877_6970855414602661888_n.jpg\" alt=\"\" data-id=\"82418\" data-link=\"https:\/\/urbeamea.ro\/albaiulia\/?attachment_id=82418\" class=\"wp-image-82418\" srcset=\"https:\/\/urbeamea.ro\/albaiulia\/wp-content\/uploads\/2019\/09\/70846135_1400309243452877_6970855414602661888_n.jpg 960w, https:\/\/urbeamea.ro\/albaiulia\/wp-content\/uploads\/2019\/09\/70846135_1400309243452877_6970855414602661888_n-150x107.jpg 150w, https:\/\/urbeamea.ro\/albaiulia\/wp-content\/uploads\/2019\/09\/70846135_1400309243452877_6970855414602661888_n-640x457.jpg 640w, https:\/\/urbeamea.ro\/albaiulia\/wp-content\/uploads\/2019\/09\/70846135_1400309243452877_6970855414602661888_n-768x548.jpg 768w\" sizes=\"auto, (max-width: 960px) 100vw, 960px\" \/><\/a><\/figure><\/li><li class=\"blocks-gallery-item\"><figure><a href=\"https:\/\/urbeamea.ro\/albaiulia\/wp-content\/uploads\/2019\/09\/71143847_1400310103452791_3900768871086292992_n.jpg\"><img loading=\"lazy\" decoding=\"async\" width=\"960\" height=\"685\" src=\"https:\/\/urbeamea.ro\/albaiulia\/wp-content\/uploads\/2019\/09\/71143847_1400310103452791_3900768871086292992_n.jpg\" alt=\"\" data-id=\"82419\" data-link=\"https:\/\/urbeamea.ro\/albaiulia\/?attachment_id=82419\" class=\"wp-image-82419\" srcset=\"https:\/\/urbeamea.ro\/albaiulia\/wp-content\/uploads\/2019\/09\/71143847_1400310103452791_3900768871086292992_n.jpg 960w, https:\/\/urbeamea.ro\/albaiulia\/wp-content\/uploads\/2019\/09\/71143847_1400310103452791_3900768871086292992_n-150x107.jpg 150w, https:\/\/urbeamea.ro\/albaiulia\/wp-content\/uploads\/2019\/09\/71143847_1400310103452791_3900768871086292992_n-640x457.jpg 640w, https:\/\/urbeamea.ro\/albaiulia\/wp-content\/uploads\/2019\/09\/71143847_1400310103452791_3900768871086292992_n-768x548.jpg 768w\" sizes=\"auto, (max-width: 960px) 100vw, 960px\" \/><\/a><\/figure><\/li><\/ul>\n","protected":false},"excerpt":{"rendered":"<p>MAGIA TOAMNEI este titlul unui nou studiu \u0219i a expozi\u021biei de art\u0103 fotografic\u0103 marca Centrul de Cultur\u0103 ,,Augustin Bena&#8221;. Expozi\u021bia este amplasat\u0103 \u00een spa\u021biul expozi\u021bional urban al institu\u021biei, situat \u00een Alba Iulia, strada Mihai Viteazul nr. 2, \u0219i poate fi vizionat\u0103 \u00een perioada 06 &#8211; 30 septembrie 2019. MAGIA TOAMNEI&#8230; Viticultura a fost o ocupa\u0163ie &hellip;<\/p>\n","protected":false},"author":17,"featured_media":82413,"comment_status":"open","ping_status":"open","sticky":false,"template":"","format":"standard","meta":{"inline_featured_image":false,"footnotes":""},"categories":[1],"tags":[7261,13487,18673,308,12600,76],"class_list":["post-82389","post","type-post","status-publish","format-standard","has-post-thumbnail","hentry","category-stiri-urbane","tag-centrul-de-cultura-augustin-bena-alba","tag-expozitie-de-arta-fotografica","tag-magia-toamnei","tag-stiri","tag-stiudiu","tag-urbea-mea"],"yoast_head":"<!-- This site is optimized with the Yoast SEO plugin v28.3 - https:\/\/yoast.com\/product\/yoast-seo-wordpress\/ -->\n<title>FOTO: MAGIA TOAMNEI este titlul unui nou studiu \u0219i a expozi\u021biei de art\u0103 fotografic\u0103 marca Centrul de Cultur\u0103 \u201eAugustin Bena\u201d - Revista Urbea Mea - Revista de Alba<\/title>\n<meta name=\"description\" content=\"MAGIA TOAMNEI este titlul unui nou studiu \u0219i a expozi\u021biei de art\u0103 fotografic\u0103 marca Centrul de Cultur\u0103 ,,Augustin Bena&quot;. Expozi\u021bia este amplasat\u0103 \u00een\" \/>\n<meta name=\"robots\" content=\"index, follow, max-snippet:-1, max-image-preview:large, max-video-preview:-1\" \/>\n<link rel=\"canonical\" href=\"https:\/\/urbeamea.ro\/albaiulia\/foto-magia-toamnei-este-titlul-unui-nou-studiu-si-a-expozitiei-de-arta-fotografica-marca-centrul-de-cultura-augustin-bena\/\" \/>\n<meta name=\"twitter:card\" content=\"summary_large_image\" \/>\n<meta name=\"twitter:title\" content=\"FOTO: MAGIA TOAMNEI este titlul unui nou studiu \u0219i a expozi\u021biei de art\u0103 fotografic\u0103 marca Centrul de Cultur\u0103 \u201eAugustin Bena\u201d - Revista Urbea Mea - Revista de Alba\" \/>\n<meta name=\"twitter:description\" content=\"MAGIA TOAMNEI este titlul unui nou studiu \u0219i a expozi\u021biei de art\u0103 fotografic\u0103 marca Centrul de Cultur\u0103 ,,Augustin Bena&quot;. Expozi\u021bia este amplasat\u0103 \u00een\" \/>\n<meta name=\"twitter:image\" content=\"https:\/\/urbeamea.ro\/albaiulia\/wp-content\/uploads\/2019\/09\/70502788_1400309420119526_8879432095173181440_n.jpg\" \/>\n<meta name=\"twitter:creator\" content=\"@urbeameaweb\" \/>\n<meta name=\"twitter:site\" content=\"@urbeameaweb\" \/>\n<script type=\"application\/ld+json\" class=\"yoast-schema-graph\">{\"@context\":\"https:\\\/\\\/schema.org\",\"@graph\":[{\"@type\":\"Article\",\"@id\":\"https:\\\/\\\/urbeamea.ro\\\/albaiulia\\\/foto-magia-toamnei-este-titlul-unui-nou-studiu-si-a-expozitiei-de-arta-fotografica-marca-centrul-de-cultura-augustin-bena\\\/#article\",\"isPartOf\":{\"@id\":\"https:\\\/\\\/urbeamea.ro\\\/albaiulia\\\/foto-magia-toamnei-este-titlul-unui-nou-studiu-si-a-expozitiei-de-arta-fotografica-marca-centrul-de-cultura-augustin-bena\\\/\"},\"author\":{\"name\":\"Cristina Ganga\",\"@id\":\"https:\\\/\\\/urbeamea.ro\\\/albaiulia\\\/#\\\/schema\\\/person\\\/9700d21fae21c4f038b0b56f4506264a\"},\"headline\":\"FOTO: MAGIA TOAMNEI este titlul unui nou studiu \u0219i a expozi\u021biei de art\u0103 fotografic\u0103 marca Centrul de Cultur\u0103 \u201eAugustin Bena\u201d\",\"datePublished\":\"2019-09-09T12:03:56+00:00\",\"dateModified\":\"2019-09-11T06:10:44+00:00\",\"mainEntityOfPage\":{\"@id\":\"https:\\\/\\\/urbeamea.ro\\\/albaiulia\\\/foto-magia-toamnei-este-titlul-unui-nou-studiu-si-a-expozitiei-de-arta-fotografica-marca-centrul-de-cultura-augustin-bena\\\/\"},\"wordCount\":769,\"commentCount\":0,\"image\":{\"@id\":\"https:\\\/\\\/urbeamea.ro\\\/albaiulia\\\/foto-magia-toamnei-este-titlul-unui-nou-studiu-si-a-expozitiei-de-arta-fotografica-marca-centrul-de-cultura-augustin-bena\\\/#primaryimage\"},\"thumbnailUrl\":\"https:\\\/\\\/urbeamea.ro\\\/albaiulia\\\/wp-content\\\/uploads\\\/2019\\\/09\\\/70502788_1400309420119526_8879432095173181440_n.jpg\",\"keywords\":[\"centrul de cultura augustin bena alba\",\"expozitie de arta fotografica\",\"magia toamnei\",\"stiri\",\"stiudiu\",\"Urbea Mea\"],\"articleSection\":[\"\u015etiri Urbane\"],\"inLanguage\":\"ro-RO\",\"potentialAction\":[{\"@type\":\"CommentAction\",\"name\":\"Comment\",\"target\":[\"https:\\\/\\\/urbeamea.ro\\\/albaiulia\\\/foto-magia-toamnei-este-titlul-unui-nou-studiu-si-a-expozitiei-de-arta-fotografica-marca-centrul-de-cultura-augustin-bena\\\/#respond\"]}]},{\"@type\":\"WebPage\",\"@id\":\"https:\\\/\\\/urbeamea.ro\\\/albaiulia\\\/foto-magia-toamnei-este-titlul-unui-nou-studiu-si-a-expozitiei-de-arta-fotografica-marca-centrul-de-cultura-augustin-bena\\\/\",\"url\":\"https:\\\/\\\/urbeamea.ro\\\/albaiulia\\\/foto-magia-toamnei-este-titlul-unui-nou-studiu-si-a-expozitiei-de-arta-fotografica-marca-centrul-de-cultura-augustin-bena\\\/\",\"name\":\"FOTO: MAGIA TOAMNEI este titlul unui nou studiu \u0219i a expozi\u021biei de art\u0103 fotografic\u0103 marca Centrul de Cultur\u0103 \u201eAugustin Bena\u201d - Revista Urbea Mea - Revista de Alba\",\"isPartOf\":{\"@id\":\"https:\\\/\\\/urbeamea.ro\\\/albaiulia\\\/#website\"},\"primaryImageOfPage\":{\"@id\":\"https:\\\/\\\/urbeamea.ro\\\/albaiulia\\\/foto-magia-toamnei-este-titlul-unui-nou-studiu-si-a-expozitiei-de-arta-fotografica-marca-centrul-de-cultura-augustin-bena\\\/#primaryimage\"},\"image\":{\"@id\":\"https:\\\/\\\/urbeamea.ro\\\/albaiulia\\\/foto-magia-toamnei-este-titlul-unui-nou-studiu-si-a-expozitiei-de-arta-fotografica-marca-centrul-de-cultura-augustin-bena\\\/#primaryimage\"},\"thumbnailUrl\":\"https:\\\/\\\/urbeamea.ro\\\/albaiulia\\\/wp-content\\\/uploads\\\/2019\\\/09\\\/70502788_1400309420119526_8879432095173181440_n.jpg\",\"datePublished\":\"2019-09-09T12:03:56+00:00\",\"dateModified\":\"2019-09-11T06:10:44+00:00\",\"author\":{\"@id\":\"https:\\\/\\\/urbeamea.ro\\\/albaiulia\\\/#\\\/schema\\\/person\\\/9700d21fae21c4f038b0b56f4506264a\"},\"description\":\"MAGIA TOAMNEI este titlul unui nou studiu \u0219i a expozi\u021biei de art\u0103 fotografic\u0103 marca Centrul de Cultur\u0103 ,,Augustin Bena\\\". Expozi\u021bia este amplasat\u0103 \u00een\",\"breadcrumb\":{\"@id\":\"https:\\\/\\\/urbeamea.ro\\\/albaiulia\\\/foto-magia-toamnei-este-titlul-unui-nou-studiu-si-a-expozitiei-de-arta-fotografica-marca-centrul-de-cultura-augustin-bena\\\/#breadcrumb\"},\"inLanguage\":\"ro-RO\",\"potentialAction\":[{\"@type\":\"ReadAction\",\"target\":[\"https:\\\/\\\/urbeamea.ro\\\/albaiulia\\\/foto-magia-toamnei-este-titlul-unui-nou-studiu-si-a-expozitiei-de-arta-fotografica-marca-centrul-de-cultura-augustin-bena\\\/\"]}]},{\"@type\":\"ImageObject\",\"inLanguage\":\"ro-RO\",\"@id\":\"https:\\\/\\\/urbeamea.ro\\\/albaiulia\\\/foto-magia-toamnei-este-titlul-unui-nou-studiu-si-a-expozitiei-de-arta-fotografica-marca-centrul-de-cultura-augustin-bena\\\/#primaryimage\",\"url\":\"https:\\\/\\\/urbeamea.ro\\\/albaiulia\\\/wp-content\\\/uploads\\\/2019\\\/09\\\/70502788_1400309420119526_8879432095173181440_n.jpg\",\"contentUrl\":\"https:\\\/\\\/urbeamea.ro\\\/albaiulia\\\/wp-content\\\/uploads\\\/2019\\\/09\\\/70502788_1400309420119526_8879432095173181440_n.jpg\",\"width\":960,\"height\":685},{\"@type\":\"BreadcrumbList\",\"@id\":\"https:\\\/\\\/urbeamea.ro\\\/albaiulia\\\/foto-magia-toamnei-este-titlul-unui-nou-studiu-si-a-expozitiei-de-arta-fotografica-marca-centrul-de-cultura-augustin-bena\\\/#breadcrumb\",\"itemListElement\":[{\"@type\":\"ListItem\",\"position\":1,\"name\":\"Prima pagin\u0103\",\"item\":\"https:\\\/\\\/urbeamea.ro\\\/albaiulia\\\/\"},{\"@type\":\"ListItem\",\"position\":2,\"name\":\"FOTO: MAGIA TOAMNEI este titlul unui nou studiu \u0219i a expozi\u021biei de art\u0103 fotografic\u0103 marca Centrul de Cultur\u0103 \u201eAugustin Bena\u201d\"}]},{\"@type\":\"WebSite\",\"@id\":\"https:\\\/\\\/urbeamea.ro\\\/albaiulia\\\/#website\",\"url\":\"https:\\\/\\\/urbeamea.ro\\\/albaiulia\\\/\",\"name\":\"Revista Urbea Mea, Stiri urbane\",\"description\":\"Evenimente \u0219i \u0219tiri din Alba Iulia, Sebe\u0219, Aiud, Blaj\",\"potentialAction\":[{\"@type\":\"SearchAction\",\"target\":{\"@type\":\"EntryPoint\",\"urlTemplate\":\"https:\\\/\\\/urbeamea.ro\\\/albaiulia\\\/?s={search_term_string}\"},\"query-input\":{\"@type\":\"PropertyValueSpecification\",\"valueRequired\":true,\"valueName\":\"search_term_string\"}}],\"inLanguage\":\"ro-RO\"},{\"@type\":\"Person\",\"@id\":\"https:\\\/\\\/urbeamea.ro\\\/albaiulia\\\/#\\\/schema\\\/person\\\/9700d21fae21c4f038b0b56f4506264a\",\"name\":\"Cristina Ganga\",\"image\":{\"@type\":\"ImageObject\",\"inLanguage\":\"ro-RO\",\"@id\":\"https:\\\/\\\/secure.gravatar.com\\\/avatar\\\/5a67661041f057b4a8ccaf26f5a8e86e2689372006d01faf3dd9eeb10b654bb4?s=96&d=mm&r=g\",\"url\":\"https:\\\/\\\/secure.gravatar.com\\\/avatar\\\/5a67661041f057b4a8ccaf26f5a8e86e2689372006d01faf3dd9eeb10b654bb4?s=96&d=mm&r=g\",\"contentUrl\":\"https:\\\/\\\/secure.gravatar.com\\\/avatar\\\/5a67661041f057b4a8ccaf26f5a8e86e2689372006d01faf3dd9eeb10b654bb4?s=96&d=mm&r=g\",\"caption\":\"Cristina Ganga\"},\"description\":\"Jurnalist\",\"sameAs\":[\"https:\\\/\\\/www.facebook.com\\\/cristina.nicola.587\"],\"url\":\"https:\\\/\\\/urbeamea.ro\\\/albaiulia\\\/author\\\/cristina-nicola\\\/\"}]}<\/script>\n<!-- \/ Yoast SEO plugin. -->","yoast_head_json":{"title":"FOTO: MAGIA TOAMNEI este titlul unui nou studiu \u0219i a expozi\u021biei de art\u0103 fotografic\u0103 marca Centrul de Cultur\u0103 \u201eAugustin Bena\u201d - Revista Urbea Mea - Revista de Alba","description":"MAGIA TOAMNEI este titlul unui nou studiu \u0219i a expozi\u021biei de art\u0103 fotografic\u0103 marca Centrul de Cultur\u0103 ,,Augustin Bena\". Expozi\u021bia este amplasat\u0103 \u00een","robots":{"index":"index","follow":"follow","max-snippet":"max-snippet:-1","max-image-preview":"max-image-preview:large","max-video-preview":"max-video-preview:-1"},"canonical":"https:\/\/urbeamea.ro\/albaiulia\/foto-magia-toamnei-este-titlul-unui-nou-studiu-si-a-expozitiei-de-arta-fotografica-marca-centrul-de-cultura-augustin-bena\/","twitter_card":"summary_large_image","twitter_title":"FOTO: MAGIA TOAMNEI este titlul unui nou studiu \u0219i a expozi\u021biei de art\u0103 fotografic\u0103 marca Centrul de Cultur\u0103 \u201eAugustin Bena\u201d - Revista Urbea Mea - Revista de Alba","twitter_description":"MAGIA TOAMNEI este titlul unui nou studiu \u0219i a expozi\u021biei de art\u0103 fotografic\u0103 marca Centrul de Cultur\u0103 ,,Augustin Bena\". Expozi\u021bia este amplasat\u0103 \u00een","twitter_image":"https:\/\/urbeamea.ro\/albaiulia\/wp-content\/uploads\/2019\/09\/70502788_1400309420119526_8879432095173181440_n.jpg","twitter_creator":"@urbeameaweb","twitter_site":"@urbeameaweb","schema":{"@context":"https:\/\/schema.org","@graph":[{"@type":"Article","@id":"https:\/\/urbeamea.ro\/albaiulia\/foto-magia-toamnei-este-titlul-unui-nou-studiu-si-a-expozitiei-de-arta-fotografica-marca-centrul-de-cultura-augustin-bena\/#article","isPartOf":{"@id":"https:\/\/urbeamea.ro\/albaiulia\/foto-magia-toamnei-este-titlul-unui-nou-studiu-si-a-expozitiei-de-arta-fotografica-marca-centrul-de-cultura-augustin-bena\/"},"author":{"name":"Cristina Ganga","@id":"https:\/\/urbeamea.ro\/albaiulia\/#\/schema\/person\/9700d21fae21c4f038b0b56f4506264a"},"headline":"FOTO: MAGIA TOAMNEI este titlul unui nou studiu \u0219i a expozi\u021biei de art\u0103 fotografic\u0103 marca Centrul de Cultur\u0103 \u201eAugustin Bena\u201d","datePublished":"2019-09-09T12:03:56+00:00","dateModified":"2019-09-11T06:10:44+00:00","mainEntityOfPage":{"@id":"https:\/\/urbeamea.ro\/albaiulia\/foto-magia-toamnei-este-titlul-unui-nou-studiu-si-a-expozitiei-de-arta-fotografica-marca-centrul-de-cultura-augustin-bena\/"},"wordCount":769,"commentCount":0,"image":{"@id":"https:\/\/urbeamea.ro\/albaiulia\/foto-magia-toamnei-este-titlul-unui-nou-studiu-si-a-expozitiei-de-arta-fotografica-marca-centrul-de-cultura-augustin-bena\/#primaryimage"},"thumbnailUrl":"https:\/\/urbeamea.ro\/albaiulia\/wp-content\/uploads\/2019\/09\/70502788_1400309420119526_8879432095173181440_n.jpg","keywords":["centrul de cultura augustin bena alba","expozitie de arta fotografica","magia toamnei","stiri","stiudiu","Urbea Mea"],"articleSection":["\u015etiri Urbane"],"inLanguage":"ro-RO","potentialAction":[{"@type":"CommentAction","name":"Comment","target":["https:\/\/urbeamea.ro\/albaiulia\/foto-magia-toamnei-este-titlul-unui-nou-studiu-si-a-expozitiei-de-arta-fotografica-marca-centrul-de-cultura-augustin-bena\/#respond"]}]},{"@type":"WebPage","@id":"https:\/\/urbeamea.ro\/albaiulia\/foto-magia-toamnei-este-titlul-unui-nou-studiu-si-a-expozitiei-de-arta-fotografica-marca-centrul-de-cultura-augustin-bena\/","url":"https:\/\/urbeamea.ro\/albaiulia\/foto-magia-toamnei-este-titlul-unui-nou-studiu-si-a-expozitiei-de-arta-fotografica-marca-centrul-de-cultura-augustin-bena\/","name":"FOTO: MAGIA TOAMNEI este titlul unui nou studiu \u0219i a expozi\u021biei de art\u0103 fotografic\u0103 marca Centrul de Cultur\u0103 \u201eAugustin Bena\u201d - Revista Urbea Mea - Revista de Alba","isPartOf":{"@id":"https:\/\/urbeamea.ro\/albaiulia\/#website"},"primaryImageOfPage":{"@id":"https:\/\/urbeamea.ro\/albaiulia\/foto-magia-toamnei-este-titlul-unui-nou-studiu-si-a-expozitiei-de-arta-fotografica-marca-centrul-de-cultura-augustin-bena\/#primaryimage"},"image":{"@id":"https:\/\/urbeamea.ro\/albaiulia\/foto-magia-toamnei-este-titlul-unui-nou-studiu-si-a-expozitiei-de-arta-fotografica-marca-centrul-de-cultura-augustin-bena\/#primaryimage"},"thumbnailUrl":"https:\/\/urbeamea.ro\/albaiulia\/wp-content\/uploads\/2019\/09\/70502788_1400309420119526_8879432095173181440_n.jpg","datePublished":"2019-09-09T12:03:56+00:00","dateModified":"2019-09-11T06:10:44+00:00","author":{"@id":"https:\/\/urbeamea.ro\/albaiulia\/#\/schema\/person\/9700d21fae21c4f038b0b56f4506264a"},"description":"MAGIA TOAMNEI este titlul unui nou studiu \u0219i a expozi\u021biei de art\u0103 fotografic\u0103 marca Centrul de Cultur\u0103 ,,Augustin Bena\". Expozi\u021bia este amplasat\u0103 \u00een","breadcrumb":{"@id":"https:\/\/urbeamea.ro\/albaiulia\/foto-magia-toamnei-este-titlul-unui-nou-studiu-si-a-expozitiei-de-arta-fotografica-marca-centrul-de-cultura-augustin-bena\/#breadcrumb"},"inLanguage":"ro-RO","potentialAction":[{"@type":"ReadAction","target":["https:\/\/urbeamea.ro\/albaiulia\/foto-magia-toamnei-este-titlul-unui-nou-studiu-si-a-expozitiei-de-arta-fotografica-marca-centrul-de-cultura-augustin-bena\/"]}]},{"@type":"ImageObject","inLanguage":"ro-RO","@id":"https:\/\/urbeamea.ro\/albaiulia\/foto-magia-toamnei-este-titlul-unui-nou-studiu-si-a-expozitiei-de-arta-fotografica-marca-centrul-de-cultura-augustin-bena\/#primaryimage","url":"https:\/\/urbeamea.ro\/albaiulia\/wp-content\/uploads\/2019\/09\/70502788_1400309420119526_8879432095173181440_n.jpg","contentUrl":"https:\/\/urbeamea.ro\/albaiulia\/wp-content\/uploads\/2019\/09\/70502788_1400309420119526_8879432095173181440_n.jpg","width":960,"height":685},{"@type":"BreadcrumbList","@id":"https:\/\/urbeamea.ro\/albaiulia\/foto-magia-toamnei-este-titlul-unui-nou-studiu-si-a-expozitiei-de-arta-fotografica-marca-centrul-de-cultura-augustin-bena\/#breadcrumb","itemListElement":[{"@type":"ListItem","position":1,"name":"Prima pagin\u0103","item":"https:\/\/urbeamea.ro\/albaiulia\/"},{"@type":"ListItem","position":2,"name":"FOTO: MAGIA TOAMNEI este titlul unui nou studiu \u0219i a expozi\u021biei de art\u0103 fotografic\u0103 marca Centrul de Cultur\u0103 \u201eAugustin Bena\u201d"}]},{"@type":"WebSite","@id":"https:\/\/urbeamea.ro\/albaiulia\/#website","url":"https:\/\/urbeamea.ro\/albaiulia\/","name":"Revista Urbea Mea, Stiri urbane","description":"Evenimente \u0219i \u0219tiri din Alba Iulia, Sebe\u0219, Aiud, Blaj","potentialAction":[{"@type":"SearchAction","target":{"@type":"EntryPoint","urlTemplate":"https:\/\/urbeamea.ro\/albaiulia\/?s={search_term_string}"},"query-input":{"@type":"PropertyValueSpecification","valueRequired":true,"valueName":"search_term_string"}}],"inLanguage":"ro-RO"},{"@type":"Person","@id":"https:\/\/urbeamea.ro\/albaiulia\/#\/schema\/person\/9700d21fae21c4f038b0b56f4506264a","name":"Cristina Ganga","image":{"@type":"ImageObject","inLanguage":"ro-RO","@id":"https:\/\/secure.gravatar.com\/avatar\/5a67661041f057b4a8ccaf26f5a8e86e2689372006d01faf3dd9eeb10b654bb4?s=96&d=mm&r=g","url":"https:\/\/secure.gravatar.com\/avatar\/5a67661041f057b4a8ccaf26f5a8e86e2689372006d01faf3dd9eeb10b654bb4?s=96&d=mm&r=g","contentUrl":"https:\/\/secure.gravatar.com\/avatar\/5a67661041f057b4a8ccaf26f5a8e86e2689372006d01faf3dd9eeb10b654bb4?s=96&d=mm&r=g","caption":"Cristina Ganga"},"description":"Jurnalist","sameAs":["https:\/\/www.facebook.com\/cristina.nicola.587"],"url":"https:\/\/urbeamea.ro\/albaiulia\/author\/cristina-nicola\/"}]}},"_links":{"self":[{"href":"https:\/\/urbeamea.ro\/albaiulia\/wp-json\/wp\/v2\/posts\/82389","targetHints":{"allow":["GET"]}}],"collection":[{"href":"https:\/\/urbeamea.ro\/albaiulia\/wp-json\/wp\/v2\/posts"}],"about":[{"href":"https:\/\/urbeamea.ro\/albaiulia\/wp-json\/wp\/v2\/types\/post"}],"author":[{"embeddable":true,"href":"https:\/\/urbeamea.ro\/albaiulia\/wp-json\/wp\/v2\/users\/17"}],"replies":[{"embeddable":true,"href":"https:\/\/urbeamea.ro\/albaiulia\/wp-json\/wp\/v2\/comments?post=82389"}],"version-history":[{"count":0,"href":"https:\/\/urbeamea.ro\/albaiulia\/wp-json\/wp\/v2\/posts\/82389\/revisions"}],"wp:featuredmedia":[{"embeddable":true,"href":"https:\/\/urbeamea.ro\/albaiulia\/wp-json\/wp\/v2\/media\/82413"}],"wp:attachment":[{"href":"https:\/\/urbeamea.ro\/albaiulia\/wp-json\/wp\/v2\/media?parent=82389"}],"wp:term":[{"taxonomy":"category","embeddable":true,"href":"https:\/\/urbeamea.ro\/albaiulia\/wp-json\/wp\/v2\/categories?post=82389"},{"taxonomy":"post_tag","embeddable":true,"href":"https:\/\/urbeamea.ro\/albaiulia\/wp-json\/wp\/v2\/tags?post=82389"}],"curies":[{"name":"wp","href":"https:\/\/api.w.org\/{rel}","templated":true}]}}