{"id":82484,"date":"2019-09-11T16:28:51","date_gmt":"2019-09-11T13:28:51","guid":{"rendered":"https:\/\/urbeamea.ro\/albaiulia\/?p=82484"},"modified":"2019-09-11T16:29:22","modified_gmt":"2019-09-11T13:29:22","slug":"reconstituirea-unor-meniuri-si-ritualuri-gastronomice-practicate-la-curtea-princiara-de-la-alba-iulia","status":"publish","type":"post","link":"https:\/\/urbeamea.ro\/albaiulia\/reconstituirea-unor-meniuri-si-ritualuri-gastronomice-practicate-la-curtea-princiara-de-la-alba-iulia\/","title":{"rendered":"Reconstituirea unor meniuri \u0219i ritualuri gastronomice practicate la curtea princiar\u0103 de la Alba Iulia"},"content":{"rendered":"\n<p class=\"wp-block-paragraph\"><strong>Care erau secretele buc\u0103t\u0103riei la curtea principilor ardeleni de la Alba Iulia? C\u00e2t de savuroase \u0219i sofisticate erau bucatele servite de principii Transilvaniei \u0219i de oaspe\u021bii lor de seam\u0103, sosi\u021bi din toate col\u021burile Europei? Cum ar putea localnicii, dar \u0219i turi\u0219tii care ajung \u00een Alba Iulia s\u0103 descopere rafinata buc\u0103t\u0103rie a Transilvaniei renascentiste?<\/strong><\/p>\n\n\n\n<p class=\"wp-block-paragraph\">Afl\u0103m r\u0103spunsuri concrete prin proiectul \u201eReenactment culinar: Meniuri \u015fi ritualuri gastronomice la curtea princiar\u0103 de la Alba Iulia\u201d, derulat de Prim\u0103ria Alba Iulia, cofinan\u021bat de\u00a0Administra\u021bia Na\u021bional\u0103 a Fondului Cultural Na\u021bional. <\/p>\n\n\n\n<p class=\"wp-block-paragraph\">Prin proiect se afl\u0103 \u00een derulare o ampl\u0103 cercetare istoric\u0103 realizat\u0103 de doi speciali\u0219ti. Un  important aspect care va fi reliefat este legat de rafinamentul buc\u0103t\u0103riei de la curtea principilor ardeleni, un altul de meniul bogat \u0219i diversificat al unui principe. Dac\u0103 ar fi s\u0103 facem sinteza buc\u0103t\u0103riei princiare transilv\u0103nene renascentiste am putea recurge la afirma\u021bia lui Platina: \u201eLux, patim\u0103 \u0219i exces!\u201c<\/p>\n\n\n\n<p class=\"wp-block-paragraph\">O oper\u0103 de referin\u021b\u0103, aflat\u0103 la baza proiectului, este \u201eCartea de bucate a buc\u0103tarului Principelui Transilvaniei\u201c, din a doua jum\u0103tate a secolului XVI, de autor anonim, dup\u0103 cum nici principele Transilvaniei al c\u0103rui buc\u0103tar a scris-o, nu ne este cunoscut. Ca marea majoritate a c\u0103r\u021bilor de bucate din epoc\u0103, nu con\u021binea cantit\u0103\u021bile ingredientelor utilizate la prepararea m\u00e2nc\u0103rurilor, deoarece se presupunea fie c\u0103 aceste re\u021bete erau folosite de buc\u0103tari profesioni\u0219ti care le cuno\u0219teau deja empiric, fie c\u0103 se p\u0103stra secretul preg\u0103tirii bucatelor.<\/p>\n\n\n\n<p class=\"wp-block-paragraph\"><strong>Reenactment culinar <\/strong><\/p>\n\n\n\n<p class=\"wp-block-paragraph\">Rezultatele cercet\u0103rii se vor concretiza \u00een identificarea \u0219i selectarea a cel pu\u021bin 10 ceremonii culinare puse \u00een practic\u0103 la curtea princiar\u0103 de la Alba Iulia. Se vor selecta de asemenea 30 de meniuri reprezentative g\u0103tite \u0219i servite principilor ardeleni, \u00een cei 150 de ani de existen\u021b\u0103 a cur\u021bii la Alba Iulia.\u00a0Unul dintre meniuri va fi reconstituit \u00een cadrul unui eveniment dedicat. <\/p>\n\n\n\n<p class=\"wp-block-paragraph\">Cartea \u00een preg\u0103tire va comprima m\u0103rturiile rafinamentului culinar de la curtea princiar\u0103 \u0219i va fi distribuit\u0103 gratuit restaurantelor din Alba Iulia, cunoscut fiind faptul c\u0103 gastronomia are poten\u021bialul de a atrage un num\u0103r mai mare de turi\u0219ti, mai ales dac\u0103 e sus\u021binut\u0103 de pove\u0219ti \u00eenv\u0103luite de negura timpului. <\/p>\n\n\n\n<p class=\"wp-block-paragraph\">Astfel, oaspe\u021bii no\u0219tri vor avea ocazia s\u0103 descopere at\u00e2t buc\u0103t\u0103ria Transilvaniei, diferit\u0103 prin gust \u0219i bog\u0103\u021bia de feluri de m\u00e2ncare, c\u00e2t \u0219i istoria \u0219i patrimoniul cultural imaterial de la Alba Iulia.<\/p>\n\n\n\n<p class=\"wp-block-paragraph\"><strong>Despre proiect<\/strong><\/p>\n\n\n\n<p class=\"wp-block-paragraph\">Proiectul \u201eReenactment culinar: Meniuri \u015fi ritualuri gastronomice la curtea princiar\u0103 de la Alba Iulia\u201d, urm\u0103re\u0219te revitalizarea \u0219i repunerea meniurilor, re\u021betelor \u0219i ritualurilor culinare de la curtea princiar\u0103 a Transilvaniei pe harta gastronomic\u0103 local\u0103, regional\u0103, na\u021bional\u0103 \u0219i european\u0103. Altfel spus, relief\u0103m un segment important al rafinamentului buc\u0103t\u0103riei princiare.<\/p>\n\n\n\n<p class=\"wp-block-paragraph\">Rezultatele proiectului vor fi valorificate ulterior \u00een raport cu poten\u021bialul istoric, cultural \u0219i turistic al Cet\u0103\u021bii Alba Iulia, iar apoi vor fi integrate \u00een complexul de func\u021biuni culturale, propuse prin proiectul de restaurare al Palatului Principilor, lucr\u0103ri aflate acum \u00een derulare. <\/p>\n\n\n\n<p class=\"wp-block-paragraph\">Suma nerambursabil\u0103 atras\u0103 de Prim\u0103ria Alba Iulia prin acest proiect este 46.500 lei.<\/p>\n\n\n\n<p class=\"wp-block-paragraph\">Partener \u00een proiect: Universitatea \u201e1 Decembrie 1918\u201c din Alba Iulia. <\/p>\n\n\n\n<p class=\"wp-block-paragraph\">Durata de derulare a proiectului: p\u00e2n\u0103 \u00een 15 noiembrie 2019. <\/p>\n\n\n\n<p class=\"wp-block-paragraph\">Proiect cofinan\u021bat de Administra\u021bia Fondului Cultural Na\u021bional (AFCN).<\/p>\n\n\n\n<p class=\"wp-block-paragraph\">Persoan\u0103 de contact: Nicolae Neag, manager proiect\/Email: nicuneag@gmail.com<\/p>\n","protected":false},"excerpt":{"rendered":"<p>Care erau secretele buc\u0103t\u0103riei la curtea principilor ardeleni de la Alba Iulia? C\u00e2t de savuroase \u0219i sofisticate erau bucatele servite de principii Transilvaniei \u0219i de oaspe\u021bii lor de seam\u0103, sosi\u021bi din toate col\u021burile Europei? Cum ar putea localnicii, dar \u0219i turi\u0219tii care ajung \u00een Alba Iulia s\u0103 descopere rafinata buc\u0103t\u0103rie a Transilvaniei renascentiste? Afl\u0103m r\u0103spunsuri &hellip;<\/p>\n","protected":false},"author":17,"featured_media":82486,"comment_status":"open","ping_status":"open","sticky":false,"template":"","format":"standard","meta":{"inline_featured_image":false,"footnotes":""},"categories":[1],"tags":[31,18694,18695,308],"class_list":["post-82484","post","type-post","status-publish","format-standard","has-post-thumbnail","hentry","category-stiri-urbane","tag-alba-iulia","tag-curtea-princiara","tag-reconstituirea-unor-meniuri-si-ritualuri-gastronomice","tag-stiri"],"yoast_head":"<!-- This site is optimized with the Yoast SEO plugin v28.3 - https:\/\/yoast.com\/product\/yoast-seo-wordpress\/ -->\n<title>Reconstituirea unor meniuri \u0219i ritualuri gastronomice practicate la curtea princiar\u0103 de la Alba Iulia - Revista Urbea Mea - Revista de Alba<\/title>\n<meta name=\"description\" content=\"Care erau secretele buc\u0103t\u0103riei la curtea principilor ardeleni de la Alba Iulia? C\u00e2t de savuroase \u0219i sofisticate erau bucatele servite de principii\" \/>\n<meta name=\"robots\" content=\"index, follow, max-snippet:-1, max-image-preview:large, max-video-preview:-1\" \/>\n<link rel=\"canonical\" href=\"https:\/\/urbeamea.ro\/albaiulia\/reconstituirea-unor-meniuri-si-ritualuri-gastronomice-practicate-la-curtea-princiara-de-la-alba-iulia\/\" \/>\n<meta name=\"twitter:card\" content=\"summary_large_image\" \/>\n<meta name=\"twitter:title\" content=\"Reconstituirea unor meniuri \u0219i ritualuri gastronomice practicate la curtea princiar\u0103 de la Alba Iulia - Revista Urbea Mea - Revista de Alba\" \/>\n<meta name=\"twitter:description\" content=\"Care erau secretele buc\u0103t\u0103riei la curtea principilor ardeleni de la Alba Iulia? C\u00e2t de savuroase \u0219i sofisticate erau bucatele servite de principii\" \/>\n<meta name=\"twitter:image\" content=\"https:\/\/urbeamea.ro\/albaiulia\/wp-content\/uploads\/2019\/09\/Bethlen-si-ambasadorul-Turciei.jpg\" \/>\n<meta name=\"twitter:creator\" content=\"@urbeameaweb\" \/>\n<meta name=\"twitter:site\" content=\"@urbeameaweb\" \/>\n<script type=\"application\/ld+json\" class=\"yoast-schema-graph\">{\"@context\":\"https:\\\/\\\/schema.org\",\"@graph\":[{\"@type\":\"Article\",\"@id\":\"https:\\\/\\\/urbeamea.ro\\\/albaiulia\\\/reconstituirea-unor-meniuri-si-ritualuri-gastronomice-practicate-la-curtea-princiara-de-la-alba-iulia\\\/#article\",\"isPartOf\":{\"@id\":\"https:\\\/\\\/urbeamea.ro\\\/albaiulia\\\/reconstituirea-unor-meniuri-si-ritualuri-gastronomice-practicate-la-curtea-princiara-de-la-alba-iulia\\\/\"},\"author\":{\"name\":\"Cristina Ganga\",\"@id\":\"https:\\\/\\\/urbeamea.ro\\\/albaiulia\\\/#\\\/schema\\\/person\\\/9700d21fae21c4f038b0b56f4506264a\"},\"headline\":\"Reconstituirea unor meniuri \u0219i ritualuri gastronomice practicate la curtea princiar\u0103 de la Alba Iulia\",\"datePublished\":\"2019-09-11T13:28:51+00:00\",\"dateModified\":\"2019-09-11T13:29:22+00:00\",\"mainEntityOfPage\":{\"@id\":\"https:\\\/\\\/urbeamea.ro\\\/albaiulia\\\/reconstituirea-unor-meniuri-si-ritualuri-gastronomice-practicate-la-curtea-princiara-de-la-alba-iulia\\\/\"},\"wordCount\":593,\"commentCount\":0,\"image\":{\"@id\":\"https:\\\/\\\/urbeamea.ro\\\/albaiulia\\\/reconstituirea-unor-meniuri-si-ritualuri-gastronomice-practicate-la-curtea-princiara-de-la-alba-iulia\\\/#primaryimage\"},\"thumbnailUrl\":\"https:\\\/\\\/urbeamea.ro\\\/albaiulia\\\/wp-content\\\/uploads\\\/2019\\\/09\\\/Bethlen-si-ambasadorul-Turciei.jpg\",\"keywords\":[\"Alba Iulia\",\"curtea princiara\",\"reconstituirea unor meniuri si ritualuri gastronomice\",\"stiri\"],\"articleSection\":[\"\u015etiri Urbane\"],\"inLanguage\":\"ro-RO\",\"potentialAction\":[{\"@type\":\"CommentAction\",\"name\":\"Comment\",\"target\":[\"https:\\\/\\\/urbeamea.ro\\\/albaiulia\\\/reconstituirea-unor-meniuri-si-ritualuri-gastronomice-practicate-la-curtea-princiara-de-la-alba-iulia\\\/#respond\"]}]},{\"@type\":\"WebPage\",\"@id\":\"https:\\\/\\\/urbeamea.ro\\\/albaiulia\\\/reconstituirea-unor-meniuri-si-ritualuri-gastronomice-practicate-la-curtea-princiara-de-la-alba-iulia\\\/\",\"url\":\"https:\\\/\\\/urbeamea.ro\\\/albaiulia\\\/reconstituirea-unor-meniuri-si-ritualuri-gastronomice-practicate-la-curtea-princiara-de-la-alba-iulia\\\/\",\"name\":\"Reconstituirea unor meniuri \u0219i ritualuri gastronomice practicate la curtea princiar\u0103 de la Alba Iulia - Revista Urbea Mea - Revista de Alba\",\"isPartOf\":{\"@id\":\"https:\\\/\\\/urbeamea.ro\\\/albaiulia\\\/#website\"},\"primaryImageOfPage\":{\"@id\":\"https:\\\/\\\/urbeamea.ro\\\/albaiulia\\\/reconstituirea-unor-meniuri-si-ritualuri-gastronomice-practicate-la-curtea-princiara-de-la-alba-iulia\\\/#primaryimage\"},\"image\":{\"@id\":\"https:\\\/\\\/urbeamea.ro\\\/albaiulia\\\/reconstituirea-unor-meniuri-si-ritualuri-gastronomice-practicate-la-curtea-princiara-de-la-alba-iulia\\\/#primaryimage\"},\"thumbnailUrl\":\"https:\\\/\\\/urbeamea.ro\\\/albaiulia\\\/wp-content\\\/uploads\\\/2019\\\/09\\\/Bethlen-si-ambasadorul-Turciei.jpg\",\"datePublished\":\"2019-09-11T13:28:51+00:00\",\"dateModified\":\"2019-09-11T13:29:22+00:00\",\"author\":{\"@id\":\"https:\\\/\\\/urbeamea.ro\\\/albaiulia\\\/#\\\/schema\\\/person\\\/9700d21fae21c4f038b0b56f4506264a\"},\"description\":\"Care erau secretele buc\u0103t\u0103riei la curtea principilor ardeleni de la Alba Iulia? C\u00e2t de savuroase \u0219i sofisticate erau bucatele servite de principii\",\"breadcrumb\":{\"@id\":\"https:\\\/\\\/urbeamea.ro\\\/albaiulia\\\/reconstituirea-unor-meniuri-si-ritualuri-gastronomice-practicate-la-curtea-princiara-de-la-alba-iulia\\\/#breadcrumb\"},\"inLanguage\":\"ro-RO\",\"potentialAction\":[{\"@type\":\"ReadAction\",\"target\":[\"https:\\\/\\\/urbeamea.ro\\\/albaiulia\\\/reconstituirea-unor-meniuri-si-ritualuri-gastronomice-practicate-la-curtea-princiara-de-la-alba-iulia\\\/\"]}]},{\"@type\":\"ImageObject\",\"inLanguage\":\"ro-RO\",\"@id\":\"https:\\\/\\\/urbeamea.ro\\\/albaiulia\\\/reconstituirea-unor-meniuri-si-ritualuri-gastronomice-practicate-la-curtea-princiara-de-la-alba-iulia\\\/#primaryimage\",\"url\":\"https:\\\/\\\/urbeamea.ro\\\/albaiulia\\\/wp-content\\\/uploads\\\/2019\\\/09\\\/Bethlen-si-ambasadorul-Turciei.jpg\",\"contentUrl\":\"https:\\\/\\\/urbeamea.ro\\\/albaiulia\\\/wp-content\\\/uploads\\\/2019\\\/09\\\/Bethlen-si-ambasadorul-Turciei.jpg\",\"width\":1151,\"height\":800},{\"@type\":\"BreadcrumbList\",\"@id\":\"https:\\\/\\\/urbeamea.ro\\\/albaiulia\\\/reconstituirea-unor-meniuri-si-ritualuri-gastronomice-practicate-la-curtea-princiara-de-la-alba-iulia\\\/#breadcrumb\",\"itemListElement\":[{\"@type\":\"ListItem\",\"position\":1,\"name\":\"Prima pagin\u0103\",\"item\":\"https:\\\/\\\/urbeamea.ro\\\/albaiulia\\\/\"},{\"@type\":\"ListItem\",\"position\":2,\"name\":\"Reconstituirea unor meniuri \u0219i ritualuri gastronomice practicate la curtea princiar\u0103 de la Alba Iulia\"}]},{\"@type\":\"WebSite\",\"@id\":\"https:\\\/\\\/urbeamea.ro\\\/albaiulia\\\/#website\",\"url\":\"https:\\\/\\\/urbeamea.ro\\\/albaiulia\\\/\",\"name\":\"Revista Urbea Mea, Stiri urbane\",\"description\":\"Evenimente \u0219i \u0219tiri din Alba Iulia, Sebe\u0219, Aiud, Blaj\",\"potentialAction\":[{\"@type\":\"SearchAction\",\"target\":{\"@type\":\"EntryPoint\",\"urlTemplate\":\"https:\\\/\\\/urbeamea.ro\\\/albaiulia\\\/?s={search_term_string}\"},\"query-input\":{\"@type\":\"PropertyValueSpecification\",\"valueRequired\":true,\"valueName\":\"search_term_string\"}}],\"inLanguage\":\"ro-RO\"},{\"@type\":\"Person\",\"@id\":\"https:\\\/\\\/urbeamea.ro\\\/albaiulia\\\/#\\\/schema\\\/person\\\/9700d21fae21c4f038b0b56f4506264a\",\"name\":\"Cristina Ganga\",\"image\":{\"@type\":\"ImageObject\",\"inLanguage\":\"ro-RO\",\"@id\":\"https:\\\/\\\/secure.gravatar.com\\\/avatar\\\/5a67661041f057b4a8ccaf26f5a8e86e2689372006d01faf3dd9eeb10b654bb4?s=96&d=mm&r=g\",\"url\":\"https:\\\/\\\/secure.gravatar.com\\\/avatar\\\/5a67661041f057b4a8ccaf26f5a8e86e2689372006d01faf3dd9eeb10b654bb4?s=96&d=mm&r=g\",\"contentUrl\":\"https:\\\/\\\/secure.gravatar.com\\\/avatar\\\/5a67661041f057b4a8ccaf26f5a8e86e2689372006d01faf3dd9eeb10b654bb4?s=96&d=mm&r=g\",\"caption\":\"Cristina Ganga\"},\"description\":\"Jurnalist\",\"sameAs\":[\"https:\\\/\\\/www.facebook.com\\\/cristina.nicola.587\"],\"url\":\"https:\\\/\\\/urbeamea.ro\\\/albaiulia\\\/author\\\/cristina-nicola\\\/\"}]}<\/script>\n<!-- \/ Yoast SEO plugin. -->","yoast_head_json":{"title":"Reconstituirea unor meniuri \u0219i ritualuri gastronomice practicate la curtea princiar\u0103 de la Alba Iulia - Revista Urbea Mea - Revista de Alba","description":"Care erau secretele buc\u0103t\u0103riei la curtea principilor ardeleni de la Alba Iulia? C\u00e2t de savuroase \u0219i sofisticate erau bucatele servite de principii","robots":{"index":"index","follow":"follow","max-snippet":"max-snippet:-1","max-image-preview":"max-image-preview:large","max-video-preview":"max-video-preview:-1"},"canonical":"https:\/\/urbeamea.ro\/albaiulia\/reconstituirea-unor-meniuri-si-ritualuri-gastronomice-practicate-la-curtea-princiara-de-la-alba-iulia\/","twitter_card":"summary_large_image","twitter_title":"Reconstituirea unor meniuri \u0219i ritualuri gastronomice practicate la curtea princiar\u0103 de la Alba Iulia - Revista Urbea Mea - Revista de Alba","twitter_description":"Care erau secretele buc\u0103t\u0103riei la curtea principilor ardeleni de la Alba Iulia? C\u00e2t de savuroase \u0219i sofisticate erau bucatele servite de principii","twitter_image":"https:\/\/urbeamea.ro\/albaiulia\/wp-content\/uploads\/2019\/09\/Bethlen-si-ambasadorul-Turciei.jpg","twitter_creator":"@urbeameaweb","twitter_site":"@urbeameaweb","schema":{"@context":"https:\/\/schema.org","@graph":[{"@type":"Article","@id":"https:\/\/urbeamea.ro\/albaiulia\/reconstituirea-unor-meniuri-si-ritualuri-gastronomice-practicate-la-curtea-princiara-de-la-alba-iulia\/#article","isPartOf":{"@id":"https:\/\/urbeamea.ro\/albaiulia\/reconstituirea-unor-meniuri-si-ritualuri-gastronomice-practicate-la-curtea-princiara-de-la-alba-iulia\/"},"author":{"name":"Cristina Ganga","@id":"https:\/\/urbeamea.ro\/albaiulia\/#\/schema\/person\/9700d21fae21c4f038b0b56f4506264a"},"headline":"Reconstituirea unor meniuri \u0219i ritualuri gastronomice practicate la curtea princiar\u0103 de la Alba Iulia","datePublished":"2019-09-11T13:28:51+00:00","dateModified":"2019-09-11T13:29:22+00:00","mainEntityOfPage":{"@id":"https:\/\/urbeamea.ro\/albaiulia\/reconstituirea-unor-meniuri-si-ritualuri-gastronomice-practicate-la-curtea-princiara-de-la-alba-iulia\/"},"wordCount":593,"commentCount":0,"image":{"@id":"https:\/\/urbeamea.ro\/albaiulia\/reconstituirea-unor-meniuri-si-ritualuri-gastronomice-practicate-la-curtea-princiara-de-la-alba-iulia\/#primaryimage"},"thumbnailUrl":"https:\/\/urbeamea.ro\/albaiulia\/wp-content\/uploads\/2019\/09\/Bethlen-si-ambasadorul-Turciei.jpg","keywords":["Alba Iulia","curtea princiara","reconstituirea unor meniuri si ritualuri gastronomice","stiri"],"articleSection":["\u015etiri Urbane"],"inLanguage":"ro-RO","potentialAction":[{"@type":"CommentAction","name":"Comment","target":["https:\/\/urbeamea.ro\/albaiulia\/reconstituirea-unor-meniuri-si-ritualuri-gastronomice-practicate-la-curtea-princiara-de-la-alba-iulia\/#respond"]}]},{"@type":"WebPage","@id":"https:\/\/urbeamea.ro\/albaiulia\/reconstituirea-unor-meniuri-si-ritualuri-gastronomice-practicate-la-curtea-princiara-de-la-alba-iulia\/","url":"https:\/\/urbeamea.ro\/albaiulia\/reconstituirea-unor-meniuri-si-ritualuri-gastronomice-practicate-la-curtea-princiara-de-la-alba-iulia\/","name":"Reconstituirea unor meniuri \u0219i ritualuri gastronomice practicate la curtea princiar\u0103 de la Alba Iulia - Revista Urbea Mea - Revista de Alba","isPartOf":{"@id":"https:\/\/urbeamea.ro\/albaiulia\/#website"},"primaryImageOfPage":{"@id":"https:\/\/urbeamea.ro\/albaiulia\/reconstituirea-unor-meniuri-si-ritualuri-gastronomice-practicate-la-curtea-princiara-de-la-alba-iulia\/#primaryimage"},"image":{"@id":"https:\/\/urbeamea.ro\/albaiulia\/reconstituirea-unor-meniuri-si-ritualuri-gastronomice-practicate-la-curtea-princiara-de-la-alba-iulia\/#primaryimage"},"thumbnailUrl":"https:\/\/urbeamea.ro\/albaiulia\/wp-content\/uploads\/2019\/09\/Bethlen-si-ambasadorul-Turciei.jpg","datePublished":"2019-09-11T13:28:51+00:00","dateModified":"2019-09-11T13:29:22+00:00","author":{"@id":"https:\/\/urbeamea.ro\/albaiulia\/#\/schema\/person\/9700d21fae21c4f038b0b56f4506264a"},"description":"Care erau secretele buc\u0103t\u0103riei la curtea principilor ardeleni de la Alba Iulia? C\u00e2t de savuroase \u0219i sofisticate erau bucatele servite de principii","breadcrumb":{"@id":"https:\/\/urbeamea.ro\/albaiulia\/reconstituirea-unor-meniuri-si-ritualuri-gastronomice-practicate-la-curtea-princiara-de-la-alba-iulia\/#breadcrumb"},"inLanguage":"ro-RO","potentialAction":[{"@type":"ReadAction","target":["https:\/\/urbeamea.ro\/albaiulia\/reconstituirea-unor-meniuri-si-ritualuri-gastronomice-practicate-la-curtea-princiara-de-la-alba-iulia\/"]}]},{"@type":"ImageObject","inLanguage":"ro-RO","@id":"https:\/\/urbeamea.ro\/albaiulia\/reconstituirea-unor-meniuri-si-ritualuri-gastronomice-practicate-la-curtea-princiara-de-la-alba-iulia\/#primaryimage","url":"https:\/\/urbeamea.ro\/albaiulia\/wp-content\/uploads\/2019\/09\/Bethlen-si-ambasadorul-Turciei.jpg","contentUrl":"https:\/\/urbeamea.ro\/albaiulia\/wp-content\/uploads\/2019\/09\/Bethlen-si-ambasadorul-Turciei.jpg","width":1151,"height":800},{"@type":"BreadcrumbList","@id":"https:\/\/urbeamea.ro\/albaiulia\/reconstituirea-unor-meniuri-si-ritualuri-gastronomice-practicate-la-curtea-princiara-de-la-alba-iulia\/#breadcrumb","itemListElement":[{"@type":"ListItem","position":1,"name":"Prima pagin\u0103","item":"https:\/\/urbeamea.ro\/albaiulia\/"},{"@type":"ListItem","position":2,"name":"Reconstituirea unor meniuri \u0219i ritualuri gastronomice practicate la curtea princiar\u0103 de la Alba Iulia"}]},{"@type":"WebSite","@id":"https:\/\/urbeamea.ro\/albaiulia\/#website","url":"https:\/\/urbeamea.ro\/albaiulia\/","name":"Revista Urbea Mea, Stiri urbane","description":"Evenimente \u0219i \u0219tiri din Alba Iulia, Sebe\u0219, Aiud, Blaj","potentialAction":[{"@type":"SearchAction","target":{"@type":"EntryPoint","urlTemplate":"https:\/\/urbeamea.ro\/albaiulia\/?s={search_term_string}"},"query-input":{"@type":"PropertyValueSpecification","valueRequired":true,"valueName":"search_term_string"}}],"inLanguage":"ro-RO"},{"@type":"Person","@id":"https:\/\/urbeamea.ro\/albaiulia\/#\/schema\/person\/9700d21fae21c4f038b0b56f4506264a","name":"Cristina Ganga","image":{"@type":"ImageObject","inLanguage":"ro-RO","@id":"https:\/\/secure.gravatar.com\/avatar\/5a67661041f057b4a8ccaf26f5a8e86e2689372006d01faf3dd9eeb10b654bb4?s=96&d=mm&r=g","url":"https:\/\/secure.gravatar.com\/avatar\/5a67661041f057b4a8ccaf26f5a8e86e2689372006d01faf3dd9eeb10b654bb4?s=96&d=mm&r=g","contentUrl":"https:\/\/secure.gravatar.com\/avatar\/5a67661041f057b4a8ccaf26f5a8e86e2689372006d01faf3dd9eeb10b654bb4?s=96&d=mm&r=g","caption":"Cristina Ganga"},"description":"Jurnalist","sameAs":["https:\/\/www.facebook.com\/cristina.nicola.587"],"url":"https:\/\/urbeamea.ro\/albaiulia\/author\/cristina-nicola\/"}]}},"_links":{"self":[{"href":"https:\/\/urbeamea.ro\/albaiulia\/wp-json\/wp\/v2\/posts\/82484","targetHints":{"allow":["GET"]}}],"collection":[{"href":"https:\/\/urbeamea.ro\/albaiulia\/wp-json\/wp\/v2\/posts"}],"about":[{"href":"https:\/\/urbeamea.ro\/albaiulia\/wp-json\/wp\/v2\/types\/post"}],"author":[{"embeddable":true,"href":"https:\/\/urbeamea.ro\/albaiulia\/wp-json\/wp\/v2\/users\/17"}],"replies":[{"embeddable":true,"href":"https:\/\/urbeamea.ro\/albaiulia\/wp-json\/wp\/v2\/comments?post=82484"}],"version-history":[{"count":0,"href":"https:\/\/urbeamea.ro\/albaiulia\/wp-json\/wp\/v2\/posts\/82484\/revisions"}],"wp:featuredmedia":[{"embeddable":true,"href":"https:\/\/urbeamea.ro\/albaiulia\/wp-json\/wp\/v2\/media\/82486"}],"wp:attachment":[{"href":"https:\/\/urbeamea.ro\/albaiulia\/wp-json\/wp\/v2\/media?parent=82484"}],"wp:term":[{"taxonomy":"category","embeddable":true,"href":"https:\/\/urbeamea.ro\/albaiulia\/wp-json\/wp\/v2\/categories?post=82484"},{"taxonomy":"post_tag","embeddable":true,"href":"https:\/\/urbeamea.ro\/albaiulia\/wp-json\/wp\/v2\/tags?post=82484"}],"curies":[{"name":"wp","href":"https:\/\/api.w.org\/{rel}","templated":true}]}}