{"id":82502,"date":"2019-09-12T08:54:31","date_gmt":"2019-09-12T05:54:31","guid":{"rendered":"https:\/\/urbeamea.ro\/albaiulia\/?p=82502"},"modified":"2019-09-12T08:54:35","modified_gmt":"2019-09-12T05:54:35","slug":"foto-societatea-cultural-istorica-mihai-viteazu-a-donat-complexului-leul-de-aur-din-sebes-efigia-din-bronz-a-voievodului-mihai-viteazu","status":"publish","type":"post","link":"https:\/\/urbeamea.ro\/albaiulia\/foto-societatea-cultural-istorica-mihai-viteazu-a-donat-complexului-leul-de-aur-din-sebes-efigia-din-bronz-a-voievodului-mihai-viteazu\/","title":{"rendered":"FOTO: Societatea Cultural \u2013 Istoric\u0103 \u201eMihai Viteazu&#8221; a donat complexului Leul de Aur din Sebe\u0219, efigia din bronz a voievodului Mihai Viteazu"},"content":{"rendered":"\n<p class=\"wp-block-paragraph\"><strong>S\u00e2mb\u0103t\u0103, 7 septembrie 2019, Societatea Cultural \u2013 Istoric\u0103 \u201eMihai Viteazu&#8221; a donat complexului Leul de Aur din Sebe\u0219, efigia din bronz a voievodului Mihai Viteazu, care a poposit \u00een hanul de odinioar\u0103, la 30 octombrie 1599, dup\u0103 victoria de la \u0218elimb\u0103r \u0219i \u00een luna aprilie a anului 1600, cu ocazia lucr\u0103rilor preg\u0103titoare ale Dietei Transilvaniei.<\/strong><\/p>\n\n\n\n<p class=\"wp-block-paragraph\">Inaugurarea efigiei a fost f\u0103cut\u0103 \u00een prezen\u021ba primarului Municipiului Sebe\u0219, Dorin Nistor, a proprietarului imobilului monument istoric, domnul Ioan Istrate, \u00een prezen\u021ba domnului Andrei \u021aurcanu, director general ANL \u0219i a domnului Mircea Cosma, pre\u0219edintele Societ\u0103\u021bii \u201eMihai Viteazu&#8221; Ploie\u0219ti.<\/p>\n\n\n\n<figure class=\"wp-block-image\"><img loading=\"lazy\" decoding=\"async\" width=\"426\" height=\"567\" src=\"https:\/\/urbeamea.ro\/albaiulia\/wp-content\/uploads\/2019\/09\/Leul-de-aur-2.jpg\" alt=\"\" class=\"wp-image-82503\" srcset=\"https:\/\/urbeamea.ro\/albaiulia\/wp-content\/uploads\/2019\/09\/Leul-de-aur-2.jpg 426w, https:\/\/urbeamea.ro\/albaiulia\/wp-content\/uploads\/2019\/09\/Leul-de-aur-2-113x150.jpg 113w\" sizes=\"auto, (max-width: 426px) 100vw, 426px\" \/><\/figure>\n","protected":false},"excerpt":{"rendered":"<p>S\u00e2mb\u0103t\u0103, 7 septembrie 2019, Societatea Cultural \u2013 Istoric\u0103 \u201eMihai Viteazu&#8221; a donat complexului Leul de Aur din Sebe\u0219, efigia din bronz a voievodului Mihai Viteazu, care a poposit \u00een hanul de odinioar\u0103, la 30 octombrie 1599, dup\u0103 victoria de la \u0218elimb\u0103r \u0219i \u00een luna aprilie a anului 1600, cu ocazia lucr\u0103rilor preg\u0103titoare ale Dietei Transilvaniei. &hellip;<\/p>\n","protected":false},"author":17,"featured_media":82504,"comment_status":"open","ping_status":"open","sticky":false,"template":"","format":"standard","meta":{"inline_featured_image":false,"footnotes":""},"categories":[2034],"tags":[307,18697,18698,1223,18696,308,76],"class_list":["post-82502","post","type-post","status-publish","format-standard","has-post-thumbnail","hentry","category-social","tag-alba","tag-complexul-leul-de-aur-din-sebes","tag-efigia-din-bronz-a-voievodului-mihai","tag-sebes","tag-societatea-cultural-istorica-mihai-viteazu","tag-stiri","tag-urbea-mea"],"yoast_head":"<!-- This site is optimized with the Yoast SEO plugin v28.3 - https:\/\/yoast.com\/product\/yoast-seo-wordpress\/ -->\n<title>FOTO: Societatea Cultural \u2013 Istoric\u0103 \u201eMihai Viteazu&quot; a donat complexului Leul de Aur din Sebe\u0219, efigia din bronz a voievodului Mihai Viteazu - Revista Urbea Mea - Revista de Alba<\/title>\n<meta name=\"description\" content=\"S\u00e2mb\u0103t\u0103, 7 septembrie 2019, Societatea Cultural \u2013 Istoric\u0103 \u201eMihai Viteazu&quot; a donat complexului Leul de Aur din Sebe\u0219, efigia din bronz a voievodului Mihai\" \/>\n<meta name=\"robots\" content=\"index, follow, max-snippet:-1, max-image-preview:large, max-video-preview:-1\" \/>\n<link rel=\"canonical\" href=\"https:\/\/urbeamea.ro\/albaiulia\/foto-societatea-cultural-istorica-mihai-viteazu-a-donat-complexului-leul-de-aur-din-sebes-efigia-din-bronz-a-voievodului-mihai-viteazu\/\" \/>\n<meta name=\"twitter:card\" content=\"summary_large_image\" \/>\n<meta name=\"twitter:title\" content=\"FOTO: Societatea Cultural \u2013 Istoric\u0103 \u201eMihai Viteazu&quot; a donat complexului Leul de Aur din Sebe\u0219, efigia din bronz a voievodului Mihai Viteazu - Revista Urbea Mea - Revista de Alba\" \/>\n<meta name=\"twitter:description\" content=\"S\u00e2mb\u0103t\u0103, 7 septembrie 2019, Societatea Cultural \u2013 Istoric\u0103 \u201eMihai Viteazu&quot; a donat complexului Leul de Aur din Sebe\u0219, efigia din bronz a voievodului Mihai\" \/>\n<meta name=\"twitter:image\" content=\"https:\/\/urbeamea.ro\/albaiulia\/wp-content\/uploads\/2019\/09\/Foto-Leul-de-Aur-1.jpg\" \/>\n<meta name=\"twitter:creator\" content=\"@urbeameaweb\" \/>\n<meta name=\"twitter:site\" content=\"@urbeameaweb\" \/>\n<script type=\"application\/ld+json\" class=\"yoast-schema-graph\">{\"@context\":\"https:\\\/\\\/schema.org\",\"@graph\":[{\"@type\":\"Article\",\"@id\":\"https:\\\/\\\/urbeamea.ro\\\/albaiulia\\\/foto-societatea-cultural-istorica-mihai-viteazu-a-donat-complexului-leul-de-aur-din-sebes-efigia-din-bronz-a-voievodului-mihai-viteazu\\\/#article\",\"isPartOf\":{\"@id\":\"https:\\\/\\\/urbeamea.ro\\\/albaiulia\\\/foto-societatea-cultural-istorica-mihai-viteazu-a-donat-complexului-leul-de-aur-din-sebes-efigia-din-bronz-a-voievodului-mihai-viteazu\\\/\"},\"author\":{\"name\":\"Cristina Ganga\",\"@id\":\"https:\\\/\\\/urbeamea.ro\\\/albaiulia\\\/#\\\/schema\\\/person\\\/9700d21fae21c4f038b0b56f4506264a\"},\"headline\":\"FOTO: Societatea Cultural \u2013 Istoric\u0103 \u201eMihai Viteazu&#8221; a donat complexului Leul de Aur din Sebe\u0219, efigia din bronz a voievodului Mihai Viteazu\",\"datePublished\":\"2019-09-12T05:54:31+00:00\",\"dateModified\":\"2019-09-12T05:54:35+00:00\",\"mainEntityOfPage\":{\"@id\":\"https:\\\/\\\/urbeamea.ro\\\/albaiulia\\\/foto-societatea-cultural-istorica-mihai-viteazu-a-donat-complexului-leul-de-aur-din-sebes-efigia-din-bronz-a-voievodului-mihai-viteazu\\\/\"},\"wordCount\":119,\"commentCount\":0,\"image\":{\"@id\":\"https:\\\/\\\/urbeamea.ro\\\/albaiulia\\\/foto-societatea-cultural-istorica-mihai-viteazu-a-donat-complexului-leul-de-aur-din-sebes-efigia-din-bronz-a-voievodului-mihai-viteazu\\\/#primaryimage\"},\"thumbnailUrl\":\"https:\\\/\\\/urbeamea.ro\\\/albaiulia\\\/wp-content\\\/uploads\\\/2019\\\/09\\\/Foto-Leul-de-Aur-1.jpg\",\"keywords\":[\"alba\",\"complexul leul de aur din sebes\",\"efigia din bronz a voievodului mihai\",\"sebes\",\"societatea cultural-istorica mihai viteazu\",\"stiri\",\"Urbea Mea\"],\"articleSection\":[\"Social\"],\"inLanguage\":\"ro-RO\",\"potentialAction\":[{\"@type\":\"CommentAction\",\"name\":\"Comment\",\"target\":[\"https:\\\/\\\/urbeamea.ro\\\/albaiulia\\\/foto-societatea-cultural-istorica-mihai-viteazu-a-donat-complexului-leul-de-aur-din-sebes-efigia-din-bronz-a-voievodului-mihai-viteazu\\\/#respond\"]}]},{\"@type\":\"WebPage\",\"@id\":\"https:\\\/\\\/urbeamea.ro\\\/albaiulia\\\/foto-societatea-cultural-istorica-mihai-viteazu-a-donat-complexului-leul-de-aur-din-sebes-efigia-din-bronz-a-voievodului-mihai-viteazu\\\/\",\"url\":\"https:\\\/\\\/urbeamea.ro\\\/albaiulia\\\/foto-societatea-cultural-istorica-mihai-viteazu-a-donat-complexului-leul-de-aur-din-sebes-efigia-din-bronz-a-voievodului-mihai-viteazu\\\/\",\"name\":\"FOTO: Societatea Cultural \u2013 Istoric\u0103 \u201eMihai Viteazu\\\" a donat complexului Leul de Aur din Sebe\u0219, efigia din bronz a voievodului Mihai Viteazu - Revista Urbea Mea - Revista de Alba\",\"isPartOf\":{\"@id\":\"https:\\\/\\\/urbeamea.ro\\\/albaiulia\\\/#website\"},\"primaryImageOfPage\":{\"@id\":\"https:\\\/\\\/urbeamea.ro\\\/albaiulia\\\/foto-societatea-cultural-istorica-mihai-viteazu-a-donat-complexului-leul-de-aur-din-sebes-efigia-din-bronz-a-voievodului-mihai-viteazu\\\/#primaryimage\"},\"image\":{\"@id\":\"https:\\\/\\\/urbeamea.ro\\\/albaiulia\\\/foto-societatea-cultural-istorica-mihai-viteazu-a-donat-complexului-leul-de-aur-din-sebes-efigia-din-bronz-a-voievodului-mihai-viteazu\\\/#primaryimage\"},\"thumbnailUrl\":\"https:\\\/\\\/urbeamea.ro\\\/albaiulia\\\/wp-content\\\/uploads\\\/2019\\\/09\\\/Foto-Leul-de-Aur-1.jpg\",\"datePublished\":\"2019-09-12T05:54:31+00:00\",\"dateModified\":\"2019-09-12T05:54:35+00:00\",\"author\":{\"@id\":\"https:\\\/\\\/urbeamea.ro\\\/albaiulia\\\/#\\\/schema\\\/person\\\/9700d21fae21c4f038b0b56f4506264a\"},\"description\":\"S\u00e2mb\u0103t\u0103, 7 septembrie 2019, Societatea Cultural \u2013 Istoric\u0103 \u201eMihai Viteazu\\\" a donat complexului Leul de Aur din Sebe\u0219, efigia din bronz a voievodului Mihai\",\"breadcrumb\":{\"@id\":\"https:\\\/\\\/urbeamea.ro\\\/albaiulia\\\/foto-societatea-cultural-istorica-mihai-viteazu-a-donat-complexului-leul-de-aur-din-sebes-efigia-din-bronz-a-voievodului-mihai-viteazu\\\/#breadcrumb\"},\"inLanguage\":\"ro-RO\",\"potentialAction\":[{\"@type\":\"ReadAction\",\"target\":[\"https:\\\/\\\/urbeamea.ro\\\/albaiulia\\\/foto-societatea-cultural-istorica-mihai-viteazu-a-donat-complexului-leul-de-aur-din-sebes-efigia-din-bronz-a-voievodului-mihai-viteazu\\\/\"]}]},{\"@type\":\"ImageObject\",\"inLanguage\":\"ro-RO\",\"@id\":\"https:\\\/\\\/urbeamea.ro\\\/albaiulia\\\/foto-societatea-cultural-istorica-mihai-viteazu-a-donat-complexului-leul-de-aur-din-sebes-efigia-din-bronz-a-voievodului-mihai-viteazu\\\/#primaryimage\",\"url\":\"https:\\\/\\\/urbeamea.ro\\\/albaiulia\\\/wp-content\\\/uploads\\\/2019\\\/09\\\/Foto-Leul-de-Aur-1.jpg\",\"contentUrl\":\"https:\\\/\\\/urbeamea.ro\\\/albaiulia\\\/wp-content\\\/uploads\\\/2019\\\/09\\\/Foto-Leul-de-Aur-1.jpg\",\"width\":1200,\"height\":1600},{\"@type\":\"BreadcrumbList\",\"@id\":\"https:\\\/\\\/urbeamea.ro\\\/albaiulia\\\/foto-societatea-cultural-istorica-mihai-viteazu-a-donat-complexului-leul-de-aur-din-sebes-efigia-din-bronz-a-voievodului-mihai-viteazu\\\/#breadcrumb\",\"itemListElement\":[{\"@type\":\"ListItem\",\"position\":1,\"name\":\"Prima pagin\u0103\",\"item\":\"https:\\\/\\\/urbeamea.ro\\\/albaiulia\\\/\"},{\"@type\":\"ListItem\",\"position\":2,\"name\":\"FOTO: Societatea Cultural \u2013 Istoric\u0103 \u201eMihai Viteazu&#8221; a donat complexului Leul de Aur din Sebe\u0219, efigia din bronz a voievodului Mihai Viteazu\"}]},{\"@type\":\"WebSite\",\"@id\":\"https:\\\/\\\/urbeamea.ro\\\/albaiulia\\\/#website\",\"url\":\"https:\\\/\\\/urbeamea.ro\\\/albaiulia\\\/\",\"name\":\"Revista Urbea Mea, Stiri urbane\",\"description\":\"Evenimente \u0219i \u0219tiri din Alba Iulia, Sebe\u0219, Aiud, Blaj\",\"potentialAction\":[{\"@type\":\"SearchAction\",\"target\":{\"@type\":\"EntryPoint\",\"urlTemplate\":\"https:\\\/\\\/urbeamea.ro\\\/albaiulia\\\/?s={search_term_string}\"},\"query-input\":{\"@type\":\"PropertyValueSpecification\",\"valueRequired\":true,\"valueName\":\"search_term_string\"}}],\"inLanguage\":\"ro-RO\"},{\"@type\":\"Person\",\"@id\":\"https:\\\/\\\/urbeamea.ro\\\/albaiulia\\\/#\\\/schema\\\/person\\\/9700d21fae21c4f038b0b56f4506264a\",\"name\":\"Cristina Ganga\",\"image\":{\"@type\":\"ImageObject\",\"inLanguage\":\"ro-RO\",\"@id\":\"https:\\\/\\\/secure.gravatar.com\\\/avatar\\\/5a67661041f057b4a8ccaf26f5a8e86e2689372006d01faf3dd9eeb10b654bb4?s=96&d=mm&r=g\",\"url\":\"https:\\\/\\\/secure.gravatar.com\\\/avatar\\\/5a67661041f057b4a8ccaf26f5a8e86e2689372006d01faf3dd9eeb10b654bb4?s=96&d=mm&r=g\",\"contentUrl\":\"https:\\\/\\\/secure.gravatar.com\\\/avatar\\\/5a67661041f057b4a8ccaf26f5a8e86e2689372006d01faf3dd9eeb10b654bb4?s=96&d=mm&r=g\",\"caption\":\"Cristina Ganga\"},\"description\":\"Jurnalist\",\"sameAs\":[\"https:\\\/\\\/www.facebook.com\\\/cristina.nicola.587\"],\"url\":\"https:\\\/\\\/urbeamea.ro\\\/albaiulia\\\/author\\\/cristina-nicola\\\/\"}]}<\/script>\n<!-- \/ Yoast SEO plugin. -->","yoast_head_json":{"title":"FOTO: Societatea Cultural \u2013 Istoric\u0103 \u201eMihai Viteazu\" a donat complexului Leul de Aur din Sebe\u0219, efigia din bronz a voievodului Mihai Viteazu - Revista Urbea Mea - Revista de Alba","description":"S\u00e2mb\u0103t\u0103, 7 septembrie 2019, Societatea Cultural \u2013 Istoric\u0103 \u201eMihai Viteazu\" a donat complexului Leul de Aur din Sebe\u0219, efigia din bronz a voievodului Mihai","robots":{"index":"index","follow":"follow","max-snippet":"max-snippet:-1","max-image-preview":"max-image-preview:large","max-video-preview":"max-video-preview:-1"},"canonical":"https:\/\/urbeamea.ro\/albaiulia\/foto-societatea-cultural-istorica-mihai-viteazu-a-donat-complexului-leul-de-aur-din-sebes-efigia-din-bronz-a-voievodului-mihai-viteazu\/","twitter_card":"summary_large_image","twitter_title":"FOTO: Societatea Cultural \u2013 Istoric\u0103 \u201eMihai Viteazu\" a donat complexului Leul de Aur din Sebe\u0219, efigia din bronz a voievodului Mihai Viteazu - Revista Urbea Mea - Revista de Alba","twitter_description":"S\u00e2mb\u0103t\u0103, 7 septembrie 2019, Societatea Cultural \u2013 Istoric\u0103 \u201eMihai Viteazu\" a donat complexului Leul de Aur din Sebe\u0219, efigia din bronz a voievodului Mihai","twitter_image":"https:\/\/urbeamea.ro\/albaiulia\/wp-content\/uploads\/2019\/09\/Foto-Leul-de-Aur-1.jpg","twitter_creator":"@urbeameaweb","twitter_site":"@urbeameaweb","schema":{"@context":"https:\/\/schema.org","@graph":[{"@type":"Article","@id":"https:\/\/urbeamea.ro\/albaiulia\/foto-societatea-cultural-istorica-mihai-viteazu-a-donat-complexului-leul-de-aur-din-sebes-efigia-din-bronz-a-voievodului-mihai-viteazu\/#article","isPartOf":{"@id":"https:\/\/urbeamea.ro\/albaiulia\/foto-societatea-cultural-istorica-mihai-viteazu-a-donat-complexului-leul-de-aur-din-sebes-efigia-din-bronz-a-voievodului-mihai-viteazu\/"},"author":{"name":"Cristina Ganga","@id":"https:\/\/urbeamea.ro\/albaiulia\/#\/schema\/person\/9700d21fae21c4f038b0b56f4506264a"},"headline":"FOTO: Societatea Cultural \u2013 Istoric\u0103 \u201eMihai Viteazu&#8221; a donat complexului Leul de Aur din Sebe\u0219, efigia din bronz a voievodului Mihai Viteazu","datePublished":"2019-09-12T05:54:31+00:00","dateModified":"2019-09-12T05:54:35+00:00","mainEntityOfPage":{"@id":"https:\/\/urbeamea.ro\/albaiulia\/foto-societatea-cultural-istorica-mihai-viteazu-a-donat-complexului-leul-de-aur-din-sebes-efigia-din-bronz-a-voievodului-mihai-viteazu\/"},"wordCount":119,"commentCount":0,"image":{"@id":"https:\/\/urbeamea.ro\/albaiulia\/foto-societatea-cultural-istorica-mihai-viteazu-a-donat-complexului-leul-de-aur-din-sebes-efigia-din-bronz-a-voievodului-mihai-viteazu\/#primaryimage"},"thumbnailUrl":"https:\/\/urbeamea.ro\/albaiulia\/wp-content\/uploads\/2019\/09\/Foto-Leul-de-Aur-1.jpg","keywords":["alba","complexul leul de aur din sebes","efigia din bronz a voievodului mihai","sebes","societatea cultural-istorica mihai viteazu","stiri","Urbea Mea"],"articleSection":["Social"],"inLanguage":"ro-RO","potentialAction":[{"@type":"CommentAction","name":"Comment","target":["https:\/\/urbeamea.ro\/albaiulia\/foto-societatea-cultural-istorica-mihai-viteazu-a-donat-complexului-leul-de-aur-din-sebes-efigia-din-bronz-a-voievodului-mihai-viteazu\/#respond"]}]},{"@type":"WebPage","@id":"https:\/\/urbeamea.ro\/albaiulia\/foto-societatea-cultural-istorica-mihai-viteazu-a-donat-complexului-leul-de-aur-din-sebes-efigia-din-bronz-a-voievodului-mihai-viteazu\/","url":"https:\/\/urbeamea.ro\/albaiulia\/foto-societatea-cultural-istorica-mihai-viteazu-a-donat-complexului-leul-de-aur-din-sebes-efigia-din-bronz-a-voievodului-mihai-viteazu\/","name":"FOTO: Societatea Cultural \u2013 Istoric\u0103 \u201eMihai Viteazu\" a donat complexului Leul de Aur din Sebe\u0219, efigia din bronz a voievodului Mihai Viteazu - Revista Urbea Mea - Revista de Alba","isPartOf":{"@id":"https:\/\/urbeamea.ro\/albaiulia\/#website"},"primaryImageOfPage":{"@id":"https:\/\/urbeamea.ro\/albaiulia\/foto-societatea-cultural-istorica-mihai-viteazu-a-donat-complexului-leul-de-aur-din-sebes-efigia-din-bronz-a-voievodului-mihai-viteazu\/#primaryimage"},"image":{"@id":"https:\/\/urbeamea.ro\/albaiulia\/foto-societatea-cultural-istorica-mihai-viteazu-a-donat-complexului-leul-de-aur-din-sebes-efigia-din-bronz-a-voievodului-mihai-viteazu\/#primaryimage"},"thumbnailUrl":"https:\/\/urbeamea.ro\/albaiulia\/wp-content\/uploads\/2019\/09\/Foto-Leul-de-Aur-1.jpg","datePublished":"2019-09-12T05:54:31+00:00","dateModified":"2019-09-12T05:54:35+00:00","author":{"@id":"https:\/\/urbeamea.ro\/albaiulia\/#\/schema\/person\/9700d21fae21c4f038b0b56f4506264a"},"description":"S\u00e2mb\u0103t\u0103, 7 septembrie 2019, Societatea Cultural \u2013 Istoric\u0103 \u201eMihai Viteazu\" a donat complexului Leul de Aur din Sebe\u0219, efigia din bronz a voievodului Mihai","breadcrumb":{"@id":"https:\/\/urbeamea.ro\/albaiulia\/foto-societatea-cultural-istorica-mihai-viteazu-a-donat-complexului-leul-de-aur-din-sebes-efigia-din-bronz-a-voievodului-mihai-viteazu\/#breadcrumb"},"inLanguage":"ro-RO","potentialAction":[{"@type":"ReadAction","target":["https:\/\/urbeamea.ro\/albaiulia\/foto-societatea-cultural-istorica-mihai-viteazu-a-donat-complexului-leul-de-aur-din-sebes-efigia-din-bronz-a-voievodului-mihai-viteazu\/"]}]},{"@type":"ImageObject","inLanguage":"ro-RO","@id":"https:\/\/urbeamea.ro\/albaiulia\/foto-societatea-cultural-istorica-mihai-viteazu-a-donat-complexului-leul-de-aur-din-sebes-efigia-din-bronz-a-voievodului-mihai-viteazu\/#primaryimage","url":"https:\/\/urbeamea.ro\/albaiulia\/wp-content\/uploads\/2019\/09\/Foto-Leul-de-Aur-1.jpg","contentUrl":"https:\/\/urbeamea.ro\/albaiulia\/wp-content\/uploads\/2019\/09\/Foto-Leul-de-Aur-1.jpg","width":1200,"height":1600},{"@type":"BreadcrumbList","@id":"https:\/\/urbeamea.ro\/albaiulia\/foto-societatea-cultural-istorica-mihai-viteazu-a-donat-complexului-leul-de-aur-din-sebes-efigia-din-bronz-a-voievodului-mihai-viteazu\/#breadcrumb","itemListElement":[{"@type":"ListItem","position":1,"name":"Prima pagin\u0103","item":"https:\/\/urbeamea.ro\/albaiulia\/"},{"@type":"ListItem","position":2,"name":"FOTO: Societatea Cultural \u2013 Istoric\u0103 \u201eMihai Viteazu&#8221; a donat complexului Leul de Aur din Sebe\u0219, efigia din bronz a voievodului Mihai Viteazu"}]},{"@type":"WebSite","@id":"https:\/\/urbeamea.ro\/albaiulia\/#website","url":"https:\/\/urbeamea.ro\/albaiulia\/","name":"Revista Urbea Mea, Stiri urbane","description":"Evenimente \u0219i \u0219tiri din Alba Iulia, Sebe\u0219, Aiud, Blaj","potentialAction":[{"@type":"SearchAction","target":{"@type":"EntryPoint","urlTemplate":"https:\/\/urbeamea.ro\/albaiulia\/?s={search_term_string}"},"query-input":{"@type":"PropertyValueSpecification","valueRequired":true,"valueName":"search_term_string"}}],"inLanguage":"ro-RO"},{"@type":"Person","@id":"https:\/\/urbeamea.ro\/albaiulia\/#\/schema\/person\/9700d21fae21c4f038b0b56f4506264a","name":"Cristina Ganga","image":{"@type":"ImageObject","inLanguage":"ro-RO","@id":"https:\/\/secure.gravatar.com\/avatar\/5a67661041f057b4a8ccaf26f5a8e86e2689372006d01faf3dd9eeb10b654bb4?s=96&d=mm&r=g","url":"https:\/\/secure.gravatar.com\/avatar\/5a67661041f057b4a8ccaf26f5a8e86e2689372006d01faf3dd9eeb10b654bb4?s=96&d=mm&r=g","contentUrl":"https:\/\/secure.gravatar.com\/avatar\/5a67661041f057b4a8ccaf26f5a8e86e2689372006d01faf3dd9eeb10b654bb4?s=96&d=mm&r=g","caption":"Cristina Ganga"},"description":"Jurnalist","sameAs":["https:\/\/www.facebook.com\/cristina.nicola.587"],"url":"https:\/\/urbeamea.ro\/albaiulia\/author\/cristina-nicola\/"}]}},"_links":{"self":[{"href":"https:\/\/urbeamea.ro\/albaiulia\/wp-json\/wp\/v2\/posts\/82502","targetHints":{"allow":["GET"]}}],"collection":[{"href":"https:\/\/urbeamea.ro\/albaiulia\/wp-json\/wp\/v2\/posts"}],"about":[{"href":"https:\/\/urbeamea.ro\/albaiulia\/wp-json\/wp\/v2\/types\/post"}],"author":[{"embeddable":true,"href":"https:\/\/urbeamea.ro\/albaiulia\/wp-json\/wp\/v2\/users\/17"}],"replies":[{"embeddable":true,"href":"https:\/\/urbeamea.ro\/albaiulia\/wp-json\/wp\/v2\/comments?post=82502"}],"version-history":[{"count":0,"href":"https:\/\/urbeamea.ro\/albaiulia\/wp-json\/wp\/v2\/posts\/82502\/revisions"}],"wp:featuredmedia":[{"embeddable":true,"href":"https:\/\/urbeamea.ro\/albaiulia\/wp-json\/wp\/v2\/media\/82504"}],"wp:attachment":[{"href":"https:\/\/urbeamea.ro\/albaiulia\/wp-json\/wp\/v2\/media?parent=82502"}],"wp:term":[{"taxonomy":"category","embeddable":true,"href":"https:\/\/urbeamea.ro\/albaiulia\/wp-json\/wp\/v2\/categories?post=82502"},{"taxonomy":"post_tag","embeddable":true,"href":"https:\/\/urbeamea.ro\/albaiulia\/wp-json\/wp\/v2\/tags?post=82502"}],"curies":[{"name":"wp","href":"https:\/\/api.w.org\/{rel}","templated":true}]}}