{"id":83259,"date":"2019-10-08T11:41:07","date_gmt":"2019-10-08T08:41:07","guid":{"rendered":"https:\/\/urbeamea.ro\/albaiulia\/?p=83259"},"modified":"2019-10-08T11:47:39","modified_gmt":"2019-10-08T08:47:39","slug":"de-ce-tot-insistati-cu-aceasta-campanie-de-masurare-a-varstei-arteriale-si-pulmonare-p","status":"publish","type":"post","link":"https:\/\/urbeamea.ro\/albaiulia\/de-ce-tot-insistati-cu-aceasta-campanie-de-masurare-a-varstei-arteriale-si-pulmonare-p\/","title":{"rendered":"De ce tot insista\u021bi cu aceast\u0103 campanie de m\u0103surare a v\u00e2rstei arteriale \u0219i pulmonare? (P)"},"content":{"rendered":"\n<h4 class=\"wp-block-heading\">\u00cenc\u0103 de anul trecut, \u00eempreun\u0103 cu so\u021bia \u0219i ceilal\u021bi membri ai echipei <a href=\"https:\/\/vichifarm.ro\" target=\"_blank\" rel=\"noreferrer noopener\" aria-label=\" (se deschide \u00eentr-o fil\u0103 nou\u0103)\">Farmaciei Vichi Farm<\/a> am \u201esacrificat\u201d mai multe weekend-uri, prin energie \u0219i timp, pentru dedicarea \u00een campaniile de s\u0103n\u0103tate desf\u0103\u0219urate \u00een mai multe loca\u021bii ora\u0219ul Alba Iulia, cu cortul, unde ne-a\u021bi aflat mul\u021bi dintre voi.<\/h4>\n\n\n\n<p class=\"wp-block-paragraph\">Apropia\u021bii\nnu \u00een\u021belegeau de ce nu \u00eemi fac timp pentru ei \u0219i prefer \u00een schimb s\u0103-mi dedic\ntimpul unor oameni pe care nu-i cunosc \u0219i care poate nici nu apreciaz\u0103 ceea ce\nfacem noi. Dac\u0103 vedeam lucrurile la o scar\u0103 at\u00e2t de mic\u0103, alegeam, cu\nsiguran\u021b\u0103, confortul ignoran\u021bei. Dar oare ignoran\u021ba chiar ne ofer\u0103 confort sau\neste o zon\u0103 de durere care \u00eencepe cu un deranj mic, s\u00e2c\u00e2itor, cre\u0219te \u00een\nintensitate treptat, dup\u0103 care ne explodeaz\u0103 \u00een fa\u021b\u0103 \u00eentr-o zi \u0219i ne relev\u0103\ncele mai dure realit\u0103\u021bi? C\u00e2nd v\u0103d chipuri obosite \u0219i triste \u00een jurul meu m\u0103\ng\u00e2ndesc mereu oare ce boli cresc \u00een noi, to\u021bi. Boala se dezvolt\u0103 \u0219i se hr\u0103ne\u0219te\ndin lucruri duse la extrem, nervi, stres, pe l\u00e2ng\u0103 al\u021bi factori ereditari \u0219i de\nmediu.<\/p>\n\n\n\n<p class=\"wp-block-paragraph\">M\u0103\ng\u00e2ndesc mult la lumea \u00een care copiii mei vor deveni adul\u021bi. Modul \u00een care\nviitorul va ar\u0103ta depinde \u0219i de mine. O lume diferit\u0103 nu poate fi crescut\u0103 de\noameni indiferen\u021bi, \u0219i poate ne este la \u00eendem\u00e2n\u0103 s\u0103 c\u0103ut\u0103m scuze \u0219i motive s\u0103\nnu facem acel mic lucru ce \u021bine de noi, dar nef\u0103c\u00e2nd nimic, vom avea rezultate\nexprimate \u00een nimic. <\/p>\n\n\n\n<p class=\"wp-block-paragraph\">Am\nfilozofat pu\u021bin asupra subiectului, m\u00e2nat poate pu\u021bin de melancolia toamnei, \u00eens\u0103\nv\u0103 spun cu toat\u0103 sinceritatea c\u0103 prima ac\u021biune de con\u0219tientizare asupra\ns\u0103n\u0103t\u0103\u021bii pe care am desf\u0103\u0219urat-o, \u0219i am f\u0103cut-o din toat\u0103 inima pentru\ncomunitatea albaiulian\u0103, mi-a adus ni\u0219te satisfac\u021bii spirituale ne mai experimentate\np\u00e2n\u0103 \u00een acel moment. Mi-am spus apoi c\u0103 trebuie s\u0103 p\u0103strez acest momentum \u00een\nmine, transform\u00e2ndu-mi via\u021ba antreprenorial\u0103 din domeniul s\u0103n\u0103t\u0103\u021bii \u00een\napropierea de oameni. Am ales s\u0103 fiu parte din solu\u021bie, \u0219i nu parte din\nprobleme. \u021aara asta colc\u0103ie de probleme, dar pu\u021bin sunt cei care vin cu solu\u021bii\nla probleme. Un bun prieten \u00eemi spunea c\u0103, din p\u0103cate, foarte mul\u021bi c\u0103ut\u0103m s\u0103\nproblematiz\u0103m \u0219i solu\u021biile, \u0219i \u00eei dau mare dreptate. O schimbare de atitudine\ntransform\u0103 mult lucrurile. <\/p>\n\n\n\n<p class=\"wp-block-paragraph\">S\u0103n\u0103tatea\nnu este ceva ce merit\u0103m, ni se cuvine, vine de la sine \u0219i nu pleac\u0103 niciodat\u0103.\nExist\u0103 mul\u021bi factori care atenteaz\u0103 la integritatea s\u0103n\u0103t\u0103\u021bii, iar cel mai periculos\nfactor este mintea noastr\u0103. De aceea, dac\u0103 ne place s\u0103 fim s\u0103n\u0103to\u0219i, trebuie s\u0103\nfim gardienii ei prin ac\u021biune. <\/p>\n\n\n\n<p class=\"wp-block-paragraph\">Ce \u00eenseamn\u0103\nasta? \u00cen primul r\u00e2nd preven\u021bia, care \u00eenseamn\u0103 investiga\u021bii medicale. \u00cen func\u021bie\nde rezultate aplic\u0103m, cu sprijinul speciali\u0219tilor din medicin\u0103, un stil de\nvia\u021b\u0103 echilibrat pentru a ne men\u021bine s\u0103n\u0103to\u0219i sau pentru a \u00eempiedica apari\u021bia sau\nr\u0103sp\u00e2ndirea unei boli. <\/p>\n\n\n\n<p class=\"wp-block-paragraph\">Dac\u0103\nne doare, e de r\u0103u. Durerea este un semnal pe care corpul ni-l d\u0103 c\u00e2nd ceva nu\nfunc\u021bioneaz\u0103 cum trebuie. Dac\u0103 v\u0103 obi\u0219nui\u021bi cu durerea, \u00eenseamn\u0103 c\u0103 v\u0103\nobi\u0219nui\u021bi cu boala \u0219i implicit cu o via\u021b\u0103 grea.<\/p>\n\n\n\n<p class=\"wp-block-paragraph\">\u201eDe ce tot insista\u021bi cu aceast\u0103 campanie de <a href=\"https:\/\/www.alphega-farmacie.ro\/\" target=\"_blank\" rel=\"noreferrer noopener\" aria-label=\" (se deschide \u00eentr-o fil\u0103 nou\u0103)\">m\u0103surare a v\u00e2rstei arteriale \u0219i pulmonare<\/a>?\u201d, m\u0103 tot \u00eentreab\u0103 apropia\u021bii. Insist\u0103m pentru c\u0103 bolile cardio-vasculare \u0219i pulmonare sunt cele mai ignorate de c\u0103tre noi, de\u0219i sunt cele mai frecvente \u0219i cauzeaz\u0103 cele mai multe decese \u00een Rom\u00e2nia. Pe l\u00e2ng\u0103 faptul c\u0103 ne omoar\u0103 de la v\u00e2rste tot mai tinere, sunt o povar\u0103 \u0219i pentru via\u021b\u0103. \u00a0<\/p>\n\n\n\n<p class=\"wp-block-paragraph\">C\u00e2\u021bi\ndintre voi \u0219ti\u021bi cel pu\u021bin cazul unui t\u00e2n\u0103r care a murit brusc? \u0218i toat\u0103 lumea\nspune, p\u0103i nu \u00eel \u0219tiam bolnav\u2026 \u0219i era \u0219i t\u00e2n\u0103r. C\u00e2\u021bi dintre voi nu ave\u021bi \u00een\npreajm\u0103 oameni dragi care sufer\u0103 de tensiune, palpita\u021bii, ame\u021beli, oboseal\u0103, varice,\nsuflu \u00eempov\u0103rat?<\/p>\n\n\n\n<p class=\"wp-block-paragraph\">Dac\u0103 tot aminteam de solu\u021biile preventive, continuarea campaniei de m\u0103surare a v\u00e2rstei arteriale \u0219i pulmonare continu\u0103 \u0219i \u00een aceast\u0103 toamn\u0103 \u0219i iarn\u0103, \u0219i a crescut \u00een intensitate. Cu ajutorul partenerului nostru <a href=\"https:\/\/www.alphega-farmacie.ro\/\" target=\"_blank\" rel=\"noreferrer noopener\" aria-label=\" (se deschide \u00eentr-o fil\u0103 nou\u0103)\">Alphega Farmacie<\/a> am reu\u0219it, p\u00e2n\u0103 \u00een prezent, s\u0103 facem m\u0103sur\u0103tori pentru 5.500 de oameni. <\/p>\n\n\n\n<p class=\"wp-block-paragraph\">\u00cencep\u00e2nd\ncu aceast\u0103 toamn\u0103 ni se al\u0103tur\u0103 campaniei alte farmacii din jude\u021bul Alba, sub\numbrela partenerului nostru de n\u0103dejde Alphega Farmacie. Suntem mai mul\u021bi \u0219i\nastfel sper\u0103m c\u0103 \u0219i mai accesibili pentru voi, din punct de vedere al\nmobilit\u0103\u021bii. \u0218i \u00eemi doresc, dac\u0103 citi\u021bi aceste r\u00e2nduri, s\u0103 v\u0103 face\u021bi pu\u021bin timp\ns\u0103 merge\u021bi la cea mai apropiat\u0103 farmacie partener\u0103 Alphega Farmacie \u0219i s\u0103 v\u0103\nface\u021bi test\u0103rile.<\/p>\n\n\n\n<p class=\"wp-block-paragraph\">Durata campaniei\neste 2 octombrie \u2013 2 decembrie 2019.<\/p>\n\n\n\n<p class=\"wp-block-paragraph\">\u00cen plus, ac\u021biunea trece\nde grani\u021bele municipiului Alba Iulia \u0219i se desf\u0103\u0219oar\u0103 \u00een farmaciile partenere\nAlphega din:<\/p>\n\n\n\n<ul class=\"wp-block-list\"><li>Alba Iulia &#8211; Vichi Farm, Sicofarm \u0219i Sic Volo;<\/li><\/ul>\n\n\n\n<ul class=\"wp-block-list\"><li>Teiu\u0219 \u2013 Sicofarm;<\/li><\/ul>\n\n\n\n<ul class=\"wp-block-list\"><li>Sebe\u0219 \u2013 Teofarm;<\/li><\/ul>\n\n\n\n<ul class=\"wp-block-list\"><li>Cugir &#8211; Farmex \u0219i Speran\u021ba Farm.<\/li><\/ul>\n\n\n\n<p class=\"wp-block-paragraph\">Farmacia\nVichi Farm o g\u0103si\u021bi \u00een Alba Iulia, pe B-dul Revolutiei 67, Bl. A14. V\u0103 a\u0219tept\u0103m \u0219i\ndac\u0103 se face vremea prea rece, v\u0103 \u00eent\u00e2mpin\u0103m \u0219i cu un ceai cald care s\u0103 v\u0103\ndezmor\u021beasc\u0103.<\/p>\n\n\n\n<p class=\"wp-block-paragraph\"><strong><em>Radu Stoian<\/em><\/strong> &#8211;  <strong><em>Manager Farmacia Vichi Farm<\/em><\/strong> <\/p>\n","protected":false},"excerpt":{"rendered":"<p>\u00cenc\u0103 de anul trecut, \u00eempreun\u0103 cu so\u021bia \u0219i ceilal\u021bi membri ai echipei Farmaciei Vichi Farm am \u201esacrificat\u201d mai multe weekend-uri, prin energie \u0219i timp, pentru dedicarea \u00een campaniile de s\u0103n\u0103tate desf\u0103\u0219urate \u00een mai multe loca\u021bii ora\u0219ul Alba Iulia, cu cortul, unde ne-a\u021bi aflat mul\u021bi dintre voi. Apropia\u021bii nu \u00een\u021belegeau de ce nu \u00eemi fac timp &hellip;<\/p>\n","protected":false},"author":5,"featured_media":83260,"comment_status":"open","ping_status":"open","sticky":false,"template":"","format":"standard","meta":{"inline_featured_image":false,"footnotes":""},"categories":[255],"tags":[],"class_list":["post-83259","post","type-post","status-publish","format-standard","has-post-thumbnail","hentry","category-sanatate"],"yoast_head":"<!-- This site is optimized with the Yoast SEO plugin v28.3 - https:\/\/yoast.com\/product\/yoast-seo-wordpress\/ -->\n<title>De ce tot insista\u021bi cu aceast\u0103 campanie de m\u0103surare a v\u00e2rstei arteriale \u0219i pulmonare? (P) - Revista Urbea Mea - Revista de Alba<\/title>\n<meta name=\"description\" content=\"\u00cenc\u0103 de anul trecut, \u00eempreun\u0103 cu so\u021bia \u0219i ceilal\u021bi membri ai echipei Farmaciei Vichi Farm am \u201esacrificat\u201d mai multe weekend-uri, prin energie \u0219i timp,\" \/>\n<meta name=\"robots\" content=\"index, follow, max-snippet:-1, max-image-preview:large, max-video-preview:-1\" \/>\n<link rel=\"canonical\" href=\"https:\/\/urbeamea.ro\/albaiulia\/de-ce-tot-insistati-cu-aceasta-campanie-de-masurare-a-varstei-arteriale-si-pulmonare-p\/\" \/>\n<meta name=\"twitter:card\" content=\"summary_large_image\" \/>\n<meta name=\"twitter:title\" content=\"De ce tot insista\u021bi cu aceast\u0103 campanie de m\u0103surare a v\u00e2rstei arteriale \u0219i pulmonare? (P) - Revista Urbea Mea - Revista de Alba\" \/>\n<meta name=\"twitter:description\" content=\"\u00cenc\u0103 de anul trecut, \u00eempreun\u0103 cu so\u021bia \u0219i ceilal\u021bi membri ai echipei Farmaciei Vichi Farm am \u201esacrificat\u201d mai multe weekend-uri, prin energie \u0219i timp,\" \/>\n<meta name=\"twitter:image\" content=\"https:\/\/urbeamea.ro\/albaiulia\/wp-content\/uploads\/2019\/10\/vichi-farm-testari.jpg\" \/>\n<meta name=\"twitter:creator\" content=\"@urbeameaweb\" \/>\n<meta name=\"twitter:site\" content=\"@urbeameaweb\" \/>\n<script type=\"application\/ld+json\" class=\"yoast-schema-graph\">{\"@context\":\"https:\\\/\\\/schema.org\",\"@graph\":[{\"@type\":\"Article\",\"@id\":\"https:\\\/\\\/urbeamea.ro\\\/albaiulia\\\/de-ce-tot-insistati-cu-aceasta-campanie-de-masurare-a-varstei-arteriale-si-pulmonare-p\\\/#article\",\"isPartOf\":{\"@id\":\"https:\\\/\\\/urbeamea.ro\\\/albaiulia\\\/de-ce-tot-insistati-cu-aceasta-campanie-de-masurare-a-varstei-arteriale-si-pulmonare-p\\\/\"},\"author\":{\"name\":\"Bogdan P\u0103unescu\",\"@id\":\"https:\\\/\\\/urbeamea.ro\\\/albaiulia\\\/#\\\/schema\\\/person\\\/a115373ce8153754c6b084232d985956\"},\"headline\":\"De ce tot insista\u021bi cu aceast\u0103 campanie de m\u0103surare a v\u00e2rstei arteriale \u0219i pulmonare? (P)\",\"datePublished\":\"2019-10-08T08:41:07+00:00\",\"dateModified\":\"2019-10-08T08:47:39+00:00\",\"mainEntityOfPage\":{\"@id\":\"https:\\\/\\\/urbeamea.ro\\\/albaiulia\\\/de-ce-tot-insistati-cu-aceasta-campanie-de-masurare-a-varstei-arteriale-si-pulmonare-p\\\/\"},\"wordCount\":953,\"commentCount\":0,\"image\":{\"@id\":\"https:\\\/\\\/urbeamea.ro\\\/albaiulia\\\/de-ce-tot-insistati-cu-aceasta-campanie-de-masurare-a-varstei-arteriale-si-pulmonare-p\\\/#primaryimage\"},\"thumbnailUrl\":\"https:\\\/\\\/urbeamea.ro\\\/albaiulia\\\/wp-content\\\/uploads\\\/2019\\\/10\\\/vichi-farm-testari.jpg\",\"articleSection\":[\"S\u0103n\u0103tate\"],\"inLanguage\":\"ro-RO\",\"potentialAction\":[{\"@type\":\"CommentAction\",\"name\":\"Comment\",\"target\":[\"https:\\\/\\\/urbeamea.ro\\\/albaiulia\\\/de-ce-tot-insistati-cu-aceasta-campanie-de-masurare-a-varstei-arteriale-si-pulmonare-p\\\/#respond\"]}]},{\"@type\":\"WebPage\",\"@id\":\"https:\\\/\\\/urbeamea.ro\\\/albaiulia\\\/de-ce-tot-insistati-cu-aceasta-campanie-de-masurare-a-varstei-arteriale-si-pulmonare-p\\\/\",\"url\":\"https:\\\/\\\/urbeamea.ro\\\/albaiulia\\\/de-ce-tot-insistati-cu-aceasta-campanie-de-masurare-a-varstei-arteriale-si-pulmonare-p\\\/\",\"name\":\"De ce tot insista\u021bi cu aceast\u0103 campanie de m\u0103surare a v\u00e2rstei arteriale \u0219i pulmonare? (P) - Revista Urbea Mea - Revista de Alba\",\"isPartOf\":{\"@id\":\"https:\\\/\\\/urbeamea.ro\\\/albaiulia\\\/#website\"},\"primaryImageOfPage\":{\"@id\":\"https:\\\/\\\/urbeamea.ro\\\/albaiulia\\\/de-ce-tot-insistati-cu-aceasta-campanie-de-masurare-a-varstei-arteriale-si-pulmonare-p\\\/#primaryimage\"},\"image\":{\"@id\":\"https:\\\/\\\/urbeamea.ro\\\/albaiulia\\\/de-ce-tot-insistati-cu-aceasta-campanie-de-masurare-a-varstei-arteriale-si-pulmonare-p\\\/#primaryimage\"},\"thumbnailUrl\":\"https:\\\/\\\/urbeamea.ro\\\/albaiulia\\\/wp-content\\\/uploads\\\/2019\\\/10\\\/vichi-farm-testari.jpg\",\"datePublished\":\"2019-10-08T08:41:07+00:00\",\"dateModified\":\"2019-10-08T08:47:39+00:00\",\"author\":{\"@id\":\"https:\\\/\\\/urbeamea.ro\\\/albaiulia\\\/#\\\/schema\\\/person\\\/a115373ce8153754c6b084232d985956\"},\"description\":\"\u00cenc\u0103 de anul trecut, \u00eempreun\u0103 cu so\u021bia \u0219i ceilal\u021bi membri ai echipei Farmaciei Vichi Farm am \u201esacrificat\u201d mai multe weekend-uri, prin energie \u0219i timp,\",\"breadcrumb\":{\"@id\":\"https:\\\/\\\/urbeamea.ro\\\/albaiulia\\\/de-ce-tot-insistati-cu-aceasta-campanie-de-masurare-a-varstei-arteriale-si-pulmonare-p\\\/#breadcrumb\"},\"inLanguage\":\"ro-RO\",\"potentialAction\":[{\"@type\":\"ReadAction\",\"target\":[\"https:\\\/\\\/urbeamea.ro\\\/albaiulia\\\/de-ce-tot-insistati-cu-aceasta-campanie-de-masurare-a-varstei-arteriale-si-pulmonare-p\\\/\"]}]},{\"@type\":\"ImageObject\",\"inLanguage\":\"ro-RO\",\"@id\":\"https:\\\/\\\/urbeamea.ro\\\/albaiulia\\\/de-ce-tot-insistati-cu-aceasta-campanie-de-masurare-a-varstei-arteriale-si-pulmonare-p\\\/#primaryimage\",\"url\":\"https:\\\/\\\/urbeamea.ro\\\/albaiulia\\\/wp-content\\\/uploads\\\/2019\\\/10\\\/vichi-farm-testari.jpg\",\"contentUrl\":\"https:\\\/\\\/urbeamea.ro\\\/albaiulia\\\/wp-content\\\/uploads\\\/2019\\\/10\\\/vichi-farm-testari.jpg\",\"width\":1600,\"height\":900},{\"@type\":\"BreadcrumbList\",\"@id\":\"https:\\\/\\\/urbeamea.ro\\\/albaiulia\\\/de-ce-tot-insistati-cu-aceasta-campanie-de-masurare-a-varstei-arteriale-si-pulmonare-p\\\/#breadcrumb\",\"itemListElement\":[{\"@type\":\"ListItem\",\"position\":1,\"name\":\"Prima pagin\u0103\",\"item\":\"https:\\\/\\\/urbeamea.ro\\\/albaiulia\\\/\"},{\"@type\":\"ListItem\",\"position\":2,\"name\":\"De ce tot insista\u021bi cu aceast\u0103 campanie de m\u0103surare a v\u00e2rstei arteriale \u0219i pulmonare? (P)\"}]},{\"@type\":\"WebSite\",\"@id\":\"https:\\\/\\\/urbeamea.ro\\\/albaiulia\\\/#website\",\"url\":\"https:\\\/\\\/urbeamea.ro\\\/albaiulia\\\/\",\"name\":\"Revista Urbea Mea, Stiri urbane\",\"description\":\"Evenimente \u0219i \u0219tiri din Alba Iulia, Sebe\u0219, Aiud, Blaj\",\"potentialAction\":[{\"@type\":\"SearchAction\",\"target\":{\"@type\":\"EntryPoint\",\"urlTemplate\":\"https:\\\/\\\/urbeamea.ro\\\/albaiulia\\\/?s={search_term_string}\"},\"query-input\":{\"@type\":\"PropertyValueSpecification\",\"valueRequired\":true,\"valueName\":\"search_term_string\"}}],\"inLanguage\":\"ro-RO\"},{\"@type\":\"Person\",\"@id\":\"https:\\\/\\\/urbeamea.ro\\\/albaiulia\\\/#\\\/schema\\\/person\\\/a115373ce8153754c6b084232d985956\",\"name\":\"Bogdan P\u0103unescu\",\"image\":{\"@type\":\"ImageObject\",\"inLanguage\":\"ro-RO\",\"@id\":\"https:\\\/\\\/secure.gravatar.com\\\/avatar\\\/f72aa881b5a32ea110a53aabc2049429e3ff68fcb09d283722d01fbf330e9dd9?s=96&d=mm&r=g\",\"url\":\"https:\\\/\\\/secure.gravatar.com\\\/avatar\\\/f72aa881b5a32ea110a53aabc2049429e3ff68fcb09d283722d01fbf330e9dd9?s=96&d=mm&r=g\",\"contentUrl\":\"https:\\\/\\\/secure.gravatar.com\\\/avatar\\\/f72aa881b5a32ea110a53aabc2049429e3ff68fcb09d283722d01fbf330e9dd9?s=96&d=mm&r=g\",\"caption\":\"Bogdan P\u0103unescu\"},\"description\":\"\u00cemi place tot ceea ce este legat de web \u015fi ajut la dezvoltarea \u015fi \u00eembun\u0103t\u0103\u0163irea lui prin tot ceea ce fac.\",\"sameAs\":[\"https:\\\/\\\/www.artonmedia.ro\",\"https:\\\/\\\/www.facebook.com\\\/bogdanvpaunescu\"],\"url\":\"https:\\\/\\\/urbeamea.ro\\\/albaiulia\\\/author\\\/bogdan-paunescu\\\/\"}]}<\/script>\n<!-- \/ Yoast SEO plugin. -->","yoast_head_json":{"title":"De ce tot insista\u021bi cu aceast\u0103 campanie de m\u0103surare a v\u00e2rstei arteriale \u0219i pulmonare? (P) - Revista Urbea Mea - Revista de Alba","description":"\u00cenc\u0103 de anul trecut, \u00eempreun\u0103 cu so\u021bia \u0219i ceilal\u021bi membri ai echipei Farmaciei Vichi Farm am \u201esacrificat\u201d mai multe weekend-uri, prin energie \u0219i timp,","robots":{"index":"index","follow":"follow","max-snippet":"max-snippet:-1","max-image-preview":"max-image-preview:large","max-video-preview":"max-video-preview:-1"},"canonical":"https:\/\/urbeamea.ro\/albaiulia\/de-ce-tot-insistati-cu-aceasta-campanie-de-masurare-a-varstei-arteriale-si-pulmonare-p\/","twitter_card":"summary_large_image","twitter_title":"De ce tot insista\u021bi cu aceast\u0103 campanie de m\u0103surare a v\u00e2rstei arteriale \u0219i pulmonare? (P) - Revista Urbea Mea - Revista de Alba","twitter_description":"\u00cenc\u0103 de anul trecut, \u00eempreun\u0103 cu so\u021bia \u0219i ceilal\u021bi membri ai echipei Farmaciei Vichi Farm am \u201esacrificat\u201d mai multe weekend-uri, prin energie \u0219i timp,","twitter_image":"https:\/\/urbeamea.ro\/albaiulia\/wp-content\/uploads\/2019\/10\/vichi-farm-testari.jpg","twitter_creator":"@urbeameaweb","twitter_site":"@urbeameaweb","schema":{"@context":"https:\/\/schema.org","@graph":[{"@type":"Article","@id":"https:\/\/urbeamea.ro\/albaiulia\/de-ce-tot-insistati-cu-aceasta-campanie-de-masurare-a-varstei-arteriale-si-pulmonare-p\/#article","isPartOf":{"@id":"https:\/\/urbeamea.ro\/albaiulia\/de-ce-tot-insistati-cu-aceasta-campanie-de-masurare-a-varstei-arteriale-si-pulmonare-p\/"},"author":{"name":"Bogdan P\u0103unescu","@id":"https:\/\/urbeamea.ro\/albaiulia\/#\/schema\/person\/a115373ce8153754c6b084232d985956"},"headline":"De ce tot insista\u021bi cu aceast\u0103 campanie de m\u0103surare a v\u00e2rstei arteriale \u0219i pulmonare? (P)","datePublished":"2019-10-08T08:41:07+00:00","dateModified":"2019-10-08T08:47:39+00:00","mainEntityOfPage":{"@id":"https:\/\/urbeamea.ro\/albaiulia\/de-ce-tot-insistati-cu-aceasta-campanie-de-masurare-a-varstei-arteriale-si-pulmonare-p\/"},"wordCount":953,"commentCount":0,"image":{"@id":"https:\/\/urbeamea.ro\/albaiulia\/de-ce-tot-insistati-cu-aceasta-campanie-de-masurare-a-varstei-arteriale-si-pulmonare-p\/#primaryimage"},"thumbnailUrl":"https:\/\/urbeamea.ro\/albaiulia\/wp-content\/uploads\/2019\/10\/vichi-farm-testari.jpg","articleSection":["S\u0103n\u0103tate"],"inLanguage":"ro-RO","potentialAction":[{"@type":"CommentAction","name":"Comment","target":["https:\/\/urbeamea.ro\/albaiulia\/de-ce-tot-insistati-cu-aceasta-campanie-de-masurare-a-varstei-arteriale-si-pulmonare-p\/#respond"]}]},{"@type":"WebPage","@id":"https:\/\/urbeamea.ro\/albaiulia\/de-ce-tot-insistati-cu-aceasta-campanie-de-masurare-a-varstei-arteriale-si-pulmonare-p\/","url":"https:\/\/urbeamea.ro\/albaiulia\/de-ce-tot-insistati-cu-aceasta-campanie-de-masurare-a-varstei-arteriale-si-pulmonare-p\/","name":"De ce tot insista\u021bi cu aceast\u0103 campanie de m\u0103surare a v\u00e2rstei arteriale \u0219i pulmonare? (P) - Revista Urbea Mea - Revista de Alba","isPartOf":{"@id":"https:\/\/urbeamea.ro\/albaiulia\/#website"},"primaryImageOfPage":{"@id":"https:\/\/urbeamea.ro\/albaiulia\/de-ce-tot-insistati-cu-aceasta-campanie-de-masurare-a-varstei-arteriale-si-pulmonare-p\/#primaryimage"},"image":{"@id":"https:\/\/urbeamea.ro\/albaiulia\/de-ce-tot-insistati-cu-aceasta-campanie-de-masurare-a-varstei-arteriale-si-pulmonare-p\/#primaryimage"},"thumbnailUrl":"https:\/\/urbeamea.ro\/albaiulia\/wp-content\/uploads\/2019\/10\/vichi-farm-testari.jpg","datePublished":"2019-10-08T08:41:07+00:00","dateModified":"2019-10-08T08:47:39+00:00","author":{"@id":"https:\/\/urbeamea.ro\/albaiulia\/#\/schema\/person\/a115373ce8153754c6b084232d985956"},"description":"\u00cenc\u0103 de anul trecut, \u00eempreun\u0103 cu so\u021bia \u0219i ceilal\u021bi membri ai echipei Farmaciei Vichi Farm am \u201esacrificat\u201d mai multe weekend-uri, prin energie \u0219i timp,","breadcrumb":{"@id":"https:\/\/urbeamea.ro\/albaiulia\/de-ce-tot-insistati-cu-aceasta-campanie-de-masurare-a-varstei-arteriale-si-pulmonare-p\/#breadcrumb"},"inLanguage":"ro-RO","potentialAction":[{"@type":"ReadAction","target":["https:\/\/urbeamea.ro\/albaiulia\/de-ce-tot-insistati-cu-aceasta-campanie-de-masurare-a-varstei-arteriale-si-pulmonare-p\/"]}]},{"@type":"ImageObject","inLanguage":"ro-RO","@id":"https:\/\/urbeamea.ro\/albaiulia\/de-ce-tot-insistati-cu-aceasta-campanie-de-masurare-a-varstei-arteriale-si-pulmonare-p\/#primaryimage","url":"https:\/\/urbeamea.ro\/albaiulia\/wp-content\/uploads\/2019\/10\/vichi-farm-testari.jpg","contentUrl":"https:\/\/urbeamea.ro\/albaiulia\/wp-content\/uploads\/2019\/10\/vichi-farm-testari.jpg","width":1600,"height":900},{"@type":"BreadcrumbList","@id":"https:\/\/urbeamea.ro\/albaiulia\/de-ce-tot-insistati-cu-aceasta-campanie-de-masurare-a-varstei-arteriale-si-pulmonare-p\/#breadcrumb","itemListElement":[{"@type":"ListItem","position":1,"name":"Prima pagin\u0103","item":"https:\/\/urbeamea.ro\/albaiulia\/"},{"@type":"ListItem","position":2,"name":"De ce tot insista\u021bi cu aceast\u0103 campanie de m\u0103surare a v\u00e2rstei arteriale \u0219i pulmonare? (P)"}]},{"@type":"WebSite","@id":"https:\/\/urbeamea.ro\/albaiulia\/#website","url":"https:\/\/urbeamea.ro\/albaiulia\/","name":"Revista Urbea Mea, Stiri urbane","description":"Evenimente \u0219i \u0219tiri din Alba Iulia, Sebe\u0219, Aiud, Blaj","potentialAction":[{"@type":"SearchAction","target":{"@type":"EntryPoint","urlTemplate":"https:\/\/urbeamea.ro\/albaiulia\/?s={search_term_string}"},"query-input":{"@type":"PropertyValueSpecification","valueRequired":true,"valueName":"search_term_string"}}],"inLanguage":"ro-RO"},{"@type":"Person","@id":"https:\/\/urbeamea.ro\/albaiulia\/#\/schema\/person\/a115373ce8153754c6b084232d985956","name":"Bogdan P\u0103unescu","image":{"@type":"ImageObject","inLanguage":"ro-RO","@id":"https:\/\/secure.gravatar.com\/avatar\/f72aa881b5a32ea110a53aabc2049429e3ff68fcb09d283722d01fbf330e9dd9?s=96&d=mm&r=g","url":"https:\/\/secure.gravatar.com\/avatar\/f72aa881b5a32ea110a53aabc2049429e3ff68fcb09d283722d01fbf330e9dd9?s=96&d=mm&r=g","contentUrl":"https:\/\/secure.gravatar.com\/avatar\/f72aa881b5a32ea110a53aabc2049429e3ff68fcb09d283722d01fbf330e9dd9?s=96&d=mm&r=g","caption":"Bogdan P\u0103unescu"},"description":"\u00cemi place tot ceea ce este legat de web \u015fi ajut la dezvoltarea \u015fi \u00eembun\u0103t\u0103\u0163irea lui prin tot ceea ce fac.","sameAs":["https:\/\/www.artonmedia.ro","https:\/\/www.facebook.com\/bogdanvpaunescu"],"url":"https:\/\/urbeamea.ro\/albaiulia\/author\/bogdan-paunescu\/"}]}},"_links":{"self":[{"href":"https:\/\/urbeamea.ro\/albaiulia\/wp-json\/wp\/v2\/posts\/83259","targetHints":{"allow":["GET"]}}],"collection":[{"href":"https:\/\/urbeamea.ro\/albaiulia\/wp-json\/wp\/v2\/posts"}],"about":[{"href":"https:\/\/urbeamea.ro\/albaiulia\/wp-json\/wp\/v2\/types\/post"}],"author":[{"embeddable":true,"href":"https:\/\/urbeamea.ro\/albaiulia\/wp-json\/wp\/v2\/users\/5"}],"replies":[{"embeddable":true,"href":"https:\/\/urbeamea.ro\/albaiulia\/wp-json\/wp\/v2\/comments?post=83259"}],"version-history":[{"count":0,"href":"https:\/\/urbeamea.ro\/albaiulia\/wp-json\/wp\/v2\/posts\/83259\/revisions"}],"wp:featuredmedia":[{"embeddable":true,"href":"https:\/\/urbeamea.ro\/albaiulia\/wp-json\/wp\/v2\/media\/83260"}],"wp:attachment":[{"href":"https:\/\/urbeamea.ro\/albaiulia\/wp-json\/wp\/v2\/media?parent=83259"}],"wp:term":[{"taxonomy":"category","embeddable":true,"href":"https:\/\/urbeamea.ro\/albaiulia\/wp-json\/wp\/v2\/categories?post=83259"},{"taxonomy":"post_tag","embeddable":true,"href":"https:\/\/urbeamea.ro\/albaiulia\/wp-json\/wp\/v2\/tags?post=83259"}],"curies":[{"name":"wp","href":"https:\/\/api.w.org\/{rel}","templated":true}]}}