{"id":84414,"date":"2019-11-01T12:02:51","date_gmt":"2019-11-01T10:02:51","guid":{"rendered":"https:\/\/urbeamea.ro\/albaiulia\/?p=84414"},"modified":"2019-11-01T19:27:40","modified_gmt":"2019-11-01T17:27:40","slug":"emblema-de-onoare-a-statului-major-al-fortelor-aeriene-conferita-celor-mai-buni-elevi-la-invatatura-si-elevilor-olimpici-ai-colegiului-national-militar-mihai-viteazul","status":"publish","type":"post","link":"https:\/\/urbeamea.ro\/albaiulia\/emblema-de-onoare-a-statului-major-al-fortelor-aeriene-conferita-celor-mai-buni-elevi-la-invatatura-si-elevilor-olimpici-ai-colegiului-national-militar-mihai-viteazul\/","title":{"rendered":"Emblema de onoare a Statului Major al For\u0163elor Aeriene, conferit\u0103 celor mai buni elevi la \u00eenv\u0103\u0163\u0103tur\u0103 \u015fi elevilor olimpici ai Colegiului Na\u0163ional Militar \u201eMihai Viteazul\u201d"},"content":{"rendered":"\n<p class=\"wp-block-paragraph\"><strong>Emblema de onoare a Statului Major al For\u0163elor Aeriene a fost conferit\u0103 vineri, 1 noiembrie, celor mai buni elevi la \u00eenv\u0103\u0163\u0103tur\u0103 \u015fi elevilor olimpici ai Colegiului Na\u0163ional Militar \u201eMihai Viteazul\u201d Alba Iulia.<\/strong><\/p>\n\n\n\n<p class=\"wp-block-paragraph\">Au\nprimit aceast\u0103 distinc\u0163ie urm\u0103torii elevi:<\/p>\n\n\n\n<p class=\"wp-block-paragraph\">&#8211;\nelev plutonier major DARWIN DANIEL HOMORODEAN, clasa a XII-a&nbsp; A, care a \u00eencheiat anul \u015fcolar 2018-2019 cu\nmedia 9,75.<\/p>\n\n\n\n<p class=\"wp-block-paragraph\">&#8211;\nelev caporal VLAD DEGEU, clasa a XI-a B, care a \u00eencheiat anul \u015fcolar 2018-2019 cu\nmedia 9,92 \u015fi a participat la Olimpiada na\u0163ional\u0103 la disciplina:\nMatematic\u0103-Fizic\u0103;<\/p>\n\n\n\n<p class=\"wp-block-paragraph\">&#8211;\nelev frunta\u015f ANDREI GABRIEL MOLDOVAN, clasa a X-a&nbsp; C, care a \u00eencheiat anul \u015fcolar 2018-2019 cu\nmedia 9,87 \u015fi participant la Olimpiada na\u0163ional\u0103 la disciplina: Fizic\u0103.<\/p>\n\n\n\n<p class=\"wp-block-paragraph\">&#8211; elev\nfrunta\u015f &#8211; elev caporal&nbsp; DARIUS OLAR,\nparticipant la Olimpiada na\u0163ional\u0103 la disciplina: Istorie;<\/p>\n\n\n\n<p class=\"wp-block-paragraph\">-elev\ncaporal ADELINA L\u0102Z\u0102RESCU, participant\u0103 la Olimpiada na\u0163ional\u0103 la disciplina:\nLimba Rom\u00e2n\u0103;<\/p>\n\n\n\n<p class=\"wp-block-paragraph\">&#8211;\nelev caporal ALEXANDRA CIULE, participant\u0103 la Olimpiada na\u0163ional\u0103 la\ndisciplinele: Lectura ca abilitate de via\u0163\u0103; Religie;<\/p>\n\n\n\n<p class=\"wp-block-paragraph\">Emblema de onoare a Statului Major al For\u0163elor Aeriene a fost conferit\u0103 de c\u0103tre \u015feful Statului Major al For\u0163elor Aeriene, general-maior dr. Viorel Pan\u0103, \u00een cadrul ceremonialului dedicat s\u0103rb\u0103toririi centenarului Colegiului Na\u0163ional Militar \u201eMihai Viteazul\u201d Alba Iulia.<\/p>\n\n\n\n<ul class=\"wp-block-gallery columns-3 is-cropped wp-block-gallery-1 is-layout-flex wp-block-gallery-is-layout-flex\"><li class=\"blocks-gallery-item\"><figure><a href=\"https:\/\/urbeamea.ro\/albaiulia\/wp-content\/uploads\/2019\/11\/73144908_578076989603336_199590338585690112_n-1280x853.jpg\"><img loading=\"lazy\" decoding=\"async\" width=\"1280\" height=\"853\" src=\"https:\/\/urbeamea.ro\/albaiulia\/wp-content\/uploads\/2019\/11\/73144908_578076989603336_199590338585690112_n-1280x853.jpg\" alt=\"\" data-id=\"84443\" data-link=\"https:\/\/urbeamea.ro\/albaiulia\/emblema-de-onoare-a-statului-major-al-fortelor-aeriene-conferita-celor-mai-buni-elevi-la-invatatura-si-elevilor-olimpici-ai-colegiului-national-militar-mihai-viteazul\/73144908_578076989603336_199590338585690112_n\/\" class=\"wp-image-84443\" srcset=\"https:\/\/urbeamea.ro\/albaiulia\/wp-content\/uploads\/2019\/11\/73144908_578076989603336_199590338585690112_n-1280x853.jpg 1280w, https:\/\/urbeamea.ro\/albaiulia\/wp-content\/uploads\/2019\/11\/73144908_578076989603336_199590338585690112_n-150x100.jpg 150w, https:\/\/urbeamea.ro\/albaiulia\/wp-content\/uploads\/2019\/11\/73144908_578076989603336_199590338585690112_n-640x427.jpg 640w, https:\/\/urbeamea.ro\/albaiulia\/wp-content\/uploads\/2019\/11\/73144908_578076989603336_199590338585690112_n-768x512.jpg 768w, https:\/\/urbeamea.ro\/albaiulia\/wp-content\/uploads\/2019\/11\/73144908_578076989603336_199590338585690112_n.jpg 2048w\" sizes=\"auto, (max-width: 1280px) 100vw, 1280px\" \/><\/a><\/figure><\/li><li class=\"blocks-gallery-item\"><figure><a href=\"https:\/\/urbeamea.ro\/albaiulia\/wp-content\/uploads\/2019\/11\/73346506_2120822671351209_6587654524033302528_n-1280x853.jpg\"><img loading=\"lazy\" decoding=\"async\" width=\"1280\" height=\"853\" src=\"https:\/\/urbeamea.ro\/albaiulia\/wp-content\/uploads\/2019\/11\/73346506_2120822671351209_6587654524033302528_n-1280x853.jpg\" alt=\"\" data-id=\"84444\" data-link=\"https:\/\/urbeamea.ro\/albaiulia\/emblema-de-onoare-a-statului-major-al-fortelor-aeriene-conferita-celor-mai-buni-elevi-la-invatatura-si-elevilor-olimpici-ai-colegiului-national-militar-mihai-viteazul\/73346506_2120822671351209_6587654524033302528_n\/\" class=\"wp-image-84444\" srcset=\"https:\/\/urbeamea.ro\/albaiulia\/wp-content\/uploads\/2019\/11\/73346506_2120822671351209_6587654524033302528_n-1280x853.jpg 1280w, https:\/\/urbeamea.ro\/albaiulia\/wp-content\/uploads\/2019\/11\/73346506_2120822671351209_6587654524033302528_n-150x100.jpg 150w, https:\/\/urbeamea.ro\/albaiulia\/wp-content\/uploads\/2019\/11\/73346506_2120822671351209_6587654524033302528_n-640x427.jpg 640w, https:\/\/urbeamea.ro\/albaiulia\/wp-content\/uploads\/2019\/11\/73346506_2120822671351209_6587654524033302528_n-768x512.jpg 768w, https:\/\/urbeamea.ro\/albaiulia\/wp-content\/uploads\/2019\/11\/73346506_2120822671351209_6587654524033302528_n.jpg 2048w\" sizes=\"auto, (max-width: 1280px) 100vw, 1280px\" \/><\/a><\/figure><\/li><li class=\"blocks-gallery-item\"><figure><a href=\"https:\/\/urbeamea.ro\/albaiulia\/wp-content\/uploads\/2019\/11\/IMG_20191101_184324-1280x960.jpg\"><img loading=\"lazy\" decoding=\"async\" width=\"1280\" height=\"960\" src=\"https:\/\/urbeamea.ro\/albaiulia\/wp-content\/uploads\/2019\/11\/IMG_20191101_184324-1280x960.jpg\" alt=\"\" data-id=\"84445\" data-link=\"https:\/\/urbeamea.ro\/albaiulia\/emblema-de-onoare-a-statului-major-al-fortelor-aeriene-conferita-celor-mai-buni-elevi-la-invatatura-si-elevilor-olimpici-ai-colegiului-national-militar-mihai-viteazul\/img_20191101_184324\/\" class=\"wp-image-84445\" srcset=\"https:\/\/urbeamea.ro\/albaiulia\/wp-content\/uploads\/2019\/11\/IMG_20191101_184324-1280x960.jpg 1280w, https:\/\/urbeamea.ro\/albaiulia\/wp-content\/uploads\/2019\/11\/IMG_20191101_184324-150x113.jpg 150w, https:\/\/urbeamea.ro\/albaiulia\/wp-content\/uploads\/2019\/11\/IMG_20191101_184324-640x480.jpg 640w, https:\/\/urbeamea.ro\/albaiulia\/wp-content\/uploads\/2019\/11\/IMG_20191101_184324-768x576.jpg 768w, https:\/\/urbeamea.ro\/albaiulia\/wp-content\/uploads\/2019\/11\/IMG_20191101_184324.jpg 1500w\" sizes=\"auto, (max-width: 1280px) 100vw, 1280px\" \/><\/a><\/figure><\/li><\/ul>\n","protected":false},"excerpt":{"rendered":"<p>Emblema de onoare a Statului Major al For\u0163elor Aeriene a fost conferit\u0103 vineri, 1 noiembrie, celor mai buni elevi la \u00eenv\u0103\u0163\u0103tur\u0103 \u015fi elevilor olimpici ai Colegiului Na\u0163ional Militar \u201eMihai Viteazul\u201d Alba Iulia. Au primit aceast\u0103 distinc\u0163ie urm\u0103torii elevi: &#8211; elev plutonier major DARWIN DANIEL HOMORODEAN, clasa a XII-a&nbsp; A, care a \u00eencheiat anul \u015fcolar 2018-2019 &hellip;<\/p>\n","protected":false},"author":17,"featured_media":84415,"comment_status":"open","ping_status":"open","sticky":false,"template":"","format":"standard","meta":{"inline_featured_image":false,"footnotes":""},"categories":[2039],"tags":[11032,10480,19052,1620,19053,308,76],"class_list":["post-84414","post","type-post","status-publish","format-standard","has-post-thumbnail","hentry","category-educatie","tag-colegiul-national-militar-mihai-viteazul-alba-iulia","tag-elevi-olimpici","tag-emblema-de-onoare","tag-premiati","tag-statul-major-al-fortelor-aeriene","tag-stiri","tag-urbea-mea"],"yoast_head":"<!-- This site is optimized with the Yoast SEO plugin v28.3 - https:\/\/yoast.com\/product\/yoast-seo-wordpress\/ -->\n<title>Emblema de onoare a Statului Major al For\u0163elor Aeriene, conferit\u0103 celor mai buni elevi la \u00eenv\u0103\u0163\u0103tur\u0103 \u015fi elevilor olimpici ai Colegiului Na\u0163ional Militar \u201eMihai Viteazul\u201d - Revista Urbea Mea - Revista de Alba<\/title>\n<meta name=\"description\" content=\"Emblema de onoare a Statului Major al For\u0163elor Aeriene a fost conferit\u0103 vineri, 1 noiembrie, celor mai buni elevi la \u00eenv\u0103\u0163\u0103tur\u0103 \u015fi elevilor olimpici ai\" \/>\n<meta name=\"robots\" content=\"index, follow, max-snippet:-1, max-image-preview:large, max-video-preview:-1\" \/>\n<link rel=\"canonical\" href=\"https:\/\/urbeamea.ro\/albaiulia\/emblema-de-onoare-a-statului-major-al-fortelor-aeriene-conferita-celor-mai-buni-elevi-la-invatatura-si-elevilor-olimpici-ai-colegiului-national-militar-mihai-viteazul\/\" \/>\n<meta name=\"twitter:card\" content=\"summary_large_image\" \/>\n<meta name=\"twitter:title\" content=\"Emblema de onoare a Statului Major al For\u0163elor Aeriene, conferit\u0103 celor mai buni elevi la \u00eenv\u0103\u0163\u0103tur\u0103 \u015fi elevilor olimpici ai Colegiului Na\u0163ional Militar \u201eMihai Viteazul\u201d - Revista Urbea Mea - Revista de Alba\" \/>\n<meta name=\"twitter:description\" content=\"Emblema de onoare a Statului Major al For\u0163elor Aeriene a fost conferit\u0103 vineri, 1 noiembrie, celor mai buni elevi la \u00eenv\u0103\u0163\u0103tur\u0103 \u015fi elevilor olimpici ai\" \/>\n<meta name=\"twitter:image\" content=\"https:\/\/urbeamea.ro\/albaiulia\/wp-content\/uploads\/2019\/11\/72756397_1348847131956273_2242507325522837504_n.jpg\" \/>\n<meta name=\"twitter:creator\" content=\"@urbeameaweb\" \/>\n<meta name=\"twitter:site\" content=\"@urbeameaweb\" \/>\n<script type=\"application\/ld+json\" class=\"yoast-schema-graph\">{\"@context\":\"https:\\\/\\\/schema.org\",\"@graph\":[{\"@type\":\"Article\",\"@id\":\"https:\\\/\\\/urbeamea.ro\\\/albaiulia\\\/emblema-de-onoare-a-statului-major-al-fortelor-aeriene-conferita-celor-mai-buni-elevi-la-invatatura-si-elevilor-olimpici-ai-colegiului-national-militar-mihai-viteazul\\\/#article\",\"isPartOf\":{\"@id\":\"https:\\\/\\\/urbeamea.ro\\\/albaiulia\\\/emblema-de-onoare-a-statului-major-al-fortelor-aeriene-conferita-celor-mai-buni-elevi-la-invatatura-si-elevilor-olimpici-ai-colegiului-national-militar-mihai-viteazul\\\/\"},\"author\":{\"name\":\"Cristina Ganga\",\"@id\":\"https:\\\/\\\/urbeamea.ro\\\/albaiulia\\\/#\\\/schema\\\/person\\\/9700d21fae21c4f038b0b56f4506264a\"},\"headline\":\"Emblema de onoare a Statului Major al For\u0163elor Aeriene, conferit\u0103 celor mai buni elevi la \u00eenv\u0103\u0163\u0103tur\u0103 \u015fi elevilor olimpici ai Colegiului Na\u0163ional Militar \u201eMihai Viteazul\u201d\",\"datePublished\":\"2019-11-01T10:02:51+00:00\",\"dateModified\":\"2019-11-01T17:27:40+00:00\",\"mainEntityOfPage\":{\"@id\":\"https:\\\/\\\/urbeamea.ro\\\/albaiulia\\\/emblema-de-onoare-a-statului-major-al-fortelor-aeriene-conferita-celor-mai-buni-elevi-la-invatatura-si-elevilor-olimpici-ai-colegiului-national-militar-mihai-viteazul\\\/\"},\"wordCount\":240,\"commentCount\":0,\"image\":{\"@id\":\"https:\\\/\\\/urbeamea.ro\\\/albaiulia\\\/emblema-de-onoare-a-statului-major-al-fortelor-aeriene-conferita-celor-mai-buni-elevi-la-invatatura-si-elevilor-olimpici-ai-colegiului-national-militar-mihai-viteazul\\\/#primaryimage\"},\"thumbnailUrl\":\"https:\\\/\\\/urbeamea.ro\\\/albaiulia\\\/wp-content\\\/uploads\\\/2019\\\/11\\\/72756397_1348847131956273_2242507325522837504_n.jpg\",\"keywords\":[\"colegiul national militar mihai viteazul alba iulia\",\"elevi olimpici\",\"emblema de onoare\",\"premiati\",\"statul major al fortelor aeriene\",\"stiri\",\"Urbea Mea\"],\"articleSection\":[\"Educa\u021bie\"],\"inLanguage\":\"ro-RO\",\"potentialAction\":[{\"@type\":\"CommentAction\",\"name\":\"Comment\",\"target\":[\"https:\\\/\\\/urbeamea.ro\\\/albaiulia\\\/emblema-de-onoare-a-statului-major-al-fortelor-aeriene-conferita-celor-mai-buni-elevi-la-invatatura-si-elevilor-olimpici-ai-colegiului-national-militar-mihai-viteazul\\\/#respond\"]}]},{\"@type\":\"WebPage\",\"@id\":\"https:\\\/\\\/urbeamea.ro\\\/albaiulia\\\/emblema-de-onoare-a-statului-major-al-fortelor-aeriene-conferita-celor-mai-buni-elevi-la-invatatura-si-elevilor-olimpici-ai-colegiului-national-militar-mihai-viteazul\\\/\",\"url\":\"https:\\\/\\\/urbeamea.ro\\\/albaiulia\\\/emblema-de-onoare-a-statului-major-al-fortelor-aeriene-conferita-celor-mai-buni-elevi-la-invatatura-si-elevilor-olimpici-ai-colegiului-national-militar-mihai-viteazul\\\/\",\"name\":\"Emblema de onoare a Statului Major al For\u0163elor Aeriene, conferit\u0103 celor mai buni elevi la \u00eenv\u0103\u0163\u0103tur\u0103 \u015fi elevilor olimpici ai Colegiului Na\u0163ional Militar \u201eMihai Viteazul\u201d - Revista Urbea Mea - Revista de Alba\",\"isPartOf\":{\"@id\":\"https:\\\/\\\/urbeamea.ro\\\/albaiulia\\\/#website\"},\"primaryImageOfPage\":{\"@id\":\"https:\\\/\\\/urbeamea.ro\\\/albaiulia\\\/emblema-de-onoare-a-statului-major-al-fortelor-aeriene-conferita-celor-mai-buni-elevi-la-invatatura-si-elevilor-olimpici-ai-colegiului-national-militar-mihai-viteazul\\\/#primaryimage\"},\"image\":{\"@id\":\"https:\\\/\\\/urbeamea.ro\\\/albaiulia\\\/emblema-de-onoare-a-statului-major-al-fortelor-aeriene-conferita-celor-mai-buni-elevi-la-invatatura-si-elevilor-olimpici-ai-colegiului-national-militar-mihai-viteazul\\\/#primaryimage\"},\"thumbnailUrl\":\"https:\\\/\\\/urbeamea.ro\\\/albaiulia\\\/wp-content\\\/uploads\\\/2019\\\/11\\\/72756397_1348847131956273_2242507325522837504_n.jpg\",\"datePublished\":\"2019-11-01T10:02:51+00:00\",\"dateModified\":\"2019-11-01T17:27:40+00:00\",\"author\":{\"@id\":\"https:\\\/\\\/urbeamea.ro\\\/albaiulia\\\/#\\\/schema\\\/person\\\/9700d21fae21c4f038b0b56f4506264a\"},\"description\":\"Emblema de onoare a Statului Major al For\u0163elor Aeriene a fost conferit\u0103 vineri, 1 noiembrie, celor mai buni elevi la \u00eenv\u0103\u0163\u0103tur\u0103 \u015fi elevilor olimpici ai\",\"breadcrumb\":{\"@id\":\"https:\\\/\\\/urbeamea.ro\\\/albaiulia\\\/emblema-de-onoare-a-statului-major-al-fortelor-aeriene-conferita-celor-mai-buni-elevi-la-invatatura-si-elevilor-olimpici-ai-colegiului-national-militar-mihai-viteazul\\\/#breadcrumb\"},\"inLanguage\":\"ro-RO\",\"potentialAction\":[{\"@type\":\"ReadAction\",\"target\":[\"https:\\\/\\\/urbeamea.ro\\\/albaiulia\\\/emblema-de-onoare-a-statului-major-al-fortelor-aeriene-conferita-celor-mai-buni-elevi-la-invatatura-si-elevilor-olimpici-ai-colegiului-national-militar-mihai-viteazul\\\/\"]}]},{\"@type\":\"ImageObject\",\"inLanguage\":\"ro-RO\",\"@id\":\"https:\\\/\\\/urbeamea.ro\\\/albaiulia\\\/emblema-de-onoare-a-statului-major-al-fortelor-aeriene-conferita-celor-mai-buni-elevi-la-invatatura-si-elevilor-olimpici-ai-colegiului-national-militar-mihai-viteazul\\\/#primaryimage\",\"url\":\"https:\\\/\\\/urbeamea.ro\\\/albaiulia\\\/wp-content\\\/uploads\\\/2019\\\/11\\\/72756397_1348847131956273_2242507325522837504_n.jpg\",\"contentUrl\":\"https:\\\/\\\/urbeamea.ro\\\/albaiulia\\\/wp-content\\\/uploads\\\/2019\\\/11\\\/72756397_1348847131956273_2242507325522837504_n.jpg\",\"width\":960,\"height\":640},{\"@type\":\"BreadcrumbList\",\"@id\":\"https:\\\/\\\/urbeamea.ro\\\/albaiulia\\\/emblema-de-onoare-a-statului-major-al-fortelor-aeriene-conferita-celor-mai-buni-elevi-la-invatatura-si-elevilor-olimpici-ai-colegiului-national-militar-mihai-viteazul\\\/#breadcrumb\",\"itemListElement\":[{\"@type\":\"ListItem\",\"position\":1,\"name\":\"Prima pagin\u0103\",\"item\":\"https:\\\/\\\/urbeamea.ro\\\/albaiulia\\\/\"},{\"@type\":\"ListItem\",\"position\":2,\"name\":\"Emblema de onoare a Statului Major al For\u0163elor Aeriene, conferit\u0103 celor mai buni elevi la \u00eenv\u0103\u0163\u0103tur\u0103 \u015fi elevilor olimpici ai Colegiului Na\u0163ional Militar \u201eMihai Viteazul\u201d\"}]},{\"@type\":\"WebSite\",\"@id\":\"https:\\\/\\\/urbeamea.ro\\\/albaiulia\\\/#website\",\"url\":\"https:\\\/\\\/urbeamea.ro\\\/albaiulia\\\/\",\"name\":\"Revista Urbea Mea, Stiri urbane\",\"description\":\"Evenimente \u0219i \u0219tiri din Alba Iulia, Sebe\u0219, Aiud, Blaj\",\"potentialAction\":[{\"@type\":\"SearchAction\",\"target\":{\"@type\":\"EntryPoint\",\"urlTemplate\":\"https:\\\/\\\/urbeamea.ro\\\/albaiulia\\\/?s={search_term_string}\"},\"query-input\":{\"@type\":\"PropertyValueSpecification\",\"valueRequired\":true,\"valueName\":\"search_term_string\"}}],\"inLanguage\":\"ro-RO\"},{\"@type\":\"Person\",\"@id\":\"https:\\\/\\\/urbeamea.ro\\\/albaiulia\\\/#\\\/schema\\\/person\\\/9700d21fae21c4f038b0b56f4506264a\",\"name\":\"Cristina Ganga\",\"image\":{\"@type\":\"ImageObject\",\"inLanguage\":\"ro-RO\",\"@id\":\"https:\\\/\\\/secure.gravatar.com\\\/avatar\\\/5a67661041f057b4a8ccaf26f5a8e86e2689372006d01faf3dd9eeb10b654bb4?s=96&d=mm&r=g\",\"url\":\"https:\\\/\\\/secure.gravatar.com\\\/avatar\\\/5a67661041f057b4a8ccaf26f5a8e86e2689372006d01faf3dd9eeb10b654bb4?s=96&d=mm&r=g\",\"contentUrl\":\"https:\\\/\\\/secure.gravatar.com\\\/avatar\\\/5a67661041f057b4a8ccaf26f5a8e86e2689372006d01faf3dd9eeb10b654bb4?s=96&d=mm&r=g\",\"caption\":\"Cristina Ganga\"},\"description\":\"Jurnalist\",\"sameAs\":[\"https:\\\/\\\/www.facebook.com\\\/cristina.nicola.587\"],\"url\":\"https:\\\/\\\/urbeamea.ro\\\/albaiulia\\\/author\\\/cristina-nicola\\\/\"}]}<\/script>\n<!-- \/ Yoast SEO plugin. -->","yoast_head_json":{"title":"Emblema de onoare a Statului Major al For\u0163elor Aeriene, conferit\u0103 celor mai buni elevi la \u00eenv\u0103\u0163\u0103tur\u0103 \u015fi elevilor olimpici ai Colegiului Na\u0163ional Militar \u201eMihai Viteazul\u201d - Revista Urbea Mea - Revista de Alba","description":"Emblema de onoare a Statului Major al For\u0163elor Aeriene a fost conferit\u0103 vineri, 1 noiembrie, celor mai buni elevi la \u00eenv\u0103\u0163\u0103tur\u0103 \u015fi elevilor olimpici ai","robots":{"index":"index","follow":"follow","max-snippet":"max-snippet:-1","max-image-preview":"max-image-preview:large","max-video-preview":"max-video-preview:-1"},"canonical":"https:\/\/urbeamea.ro\/albaiulia\/emblema-de-onoare-a-statului-major-al-fortelor-aeriene-conferita-celor-mai-buni-elevi-la-invatatura-si-elevilor-olimpici-ai-colegiului-national-militar-mihai-viteazul\/","twitter_card":"summary_large_image","twitter_title":"Emblema de onoare a Statului Major al For\u0163elor Aeriene, conferit\u0103 celor mai buni elevi la \u00eenv\u0103\u0163\u0103tur\u0103 \u015fi elevilor olimpici ai Colegiului Na\u0163ional Militar \u201eMihai Viteazul\u201d - Revista Urbea Mea - Revista de Alba","twitter_description":"Emblema de onoare a Statului Major al For\u0163elor Aeriene a fost conferit\u0103 vineri, 1 noiembrie, celor mai buni elevi la \u00eenv\u0103\u0163\u0103tur\u0103 \u015fi elevilor olimpici ai","twitter_image":"https:\/\/urbeamea.ro\/albaiulia\/wp-content\/uploads\/2019\/11\/72756397_1348847131956273_2242507325522837504_n.jpg","twitter_creator":"@urbeameaweb","twitter_site":"@urbeameaweb","schema":{"@context":"https:\/\/schema.org","@graph":[{"@type":"Article","@id":"https:\/\/urbeamea.ro\/albaiulia\/emblema-de-onoare-a-statului-major-al-fortelor-aeriene-conferita-celor-mai-buni-elevi-la-invatatura-si-elevilor-olimpici-ai-colegiului-national-militar-mihai-viteazul\/#article","isPartOf":{"@id":"https:\/\/urbeamea.ro\/albaiulia\/emblema-de-onoare-a-statului-major-al-fortelor-aeriene-conferita-celor-mai-buni-elevi-la-invatatura-si-elevilor-olimpici-ai-colegiului-national-militar-mihai-viteazul\/"},"author":{"name":"Cristina Ganga","@id":"https:\/\/urbeamea.ro\/albaiulia\/#\/schema\/person\/9700d21fae21c4f038b0b56f4506264a"},"headline":"Emblema de onoare a Statului Major al For\u0163elor Aeriene, conferit\u0103 celor mai buni elevi la \u00eenv\u0103\u0163\u0103tur\u0103 \u015fi elevilor olimpici ai Colegiului Na\u0163ional Militar \u201eMihai Viteazul\u201d","datePublished":"2019-11-01T10:02:51+00:00","dateModified":"2019-11-01T17:27:40+00:00","mainEntityOfPage":{"@id":"https:\/\/urbeamea.ro\/albaiulia\/emblema-de-onoare-a-statului-major-al-fortelor-aeriene-conferita-celor-mai-buni-elevi-la-invatatura-si-elevilor-olimpici-ai-colegiului-national-militar-mihai-viteazul\/"},"wordCount":240,"commentCount":0,"image":{"@id":"https:\/\/urbeamea.ro\/albaiulia\/emblema-de-onoare-a-statului-major-al-fortelor-aeriene-conferita-celor-mai-buni-elevi-la-invatatura-si-elevilor-olimpici-ai-colegiului-national-militar-mihai-viteazul\/#primaryimage"},"thumbnailUrl":"https:\/\/urbeamea.ro\/albaiulia\/wp-content\/uploads\/2019\/11\/72756397_1348847131956273_2242507325522837504_n.jpg","keywords":["colegiul national militar mihai viteazul alba iulia","elevi olimpici","emblema de onoare","premiati","statul major al fortelor aeriene","stiri","Urbea Mea"],"articleSection":["Educa\u021bie"],"inLanguage":"ro-RO","potentialAction":[{"@type":"CommentAction","name":"Comment","target":["https:\/\/urbeamea.ro\/albaiulia\/emblema-de-onoare-a-statului-major-al-fortelor-aeriene-conferita-celor-mai-buni-elevi-la-invatatura-si-elevilor-olimpici-ai-colegiului-national-militar-mihai-viteazul\/#respond"]}]},{"@type":"WebPage","@id":"https:\/\/urbeamea.ro\/albaiulia\/emblema-de-onoare-a-statului-major-al-fortelor-aeriene-conferita-celor-mai-buni-elevi-la-invatatura-si-elevilor-olimpici-ai-colegiului-national-militar-mihai-viteazul\/","url":"https:\/\/urbeamea.ro\/albaiulia\/emblema-de-onoare-a-statului-major-al-fortelor-aeriene-conferita-celor-mai-buni-elevi-la-invatatura-si-elevilor-olimpici-ai-colegiului-national-militar-mihai-viteazul\/","name":"Emblema de onoare a Statului Major al For\u0163elor Aeriene, conferit\u0103 celor mai buni elevi la \u00eenv\u0103\u0163\u0103tur\u0103 \u015fi elevilor olimpici ai Colegiului Na\u0163ional Militar \u201eMihai Viteazul\u201d - Revista Urbea Mea - Revista de Alba","isPartOf":{"@id":"https:\/\/urbeamea.ro\/albaiulia\/#website"},"primaryImageOfPage":{"@id":"https:\/\/urbeamea.ro\/albaiulia\/emblema-de-onoare-a-statului-major-al-fortelor-aeriene-conferita-celor-mai-buni-elevi-la-invatatura-si-elevilor-olimpici-ai-colegiului-national-militar-mihai-viteazul\/#primaryimage"},"image":{"@id":"https:\/\/urbeamea.ro\/albaiulia\/emblema-de-onoare-a-statului-major-al-fortelor-aeriene-conferita-celor-mai-buni-elevi-la-invatatura-si-elevilor-olimpici-ai-colegiului-national-militar-mihai-viteazul\/#primaryimage"},"thumbnailUrl":"https:\/\/urbeamea.ro\/albaiulia\/wp-content\/uploads\/2019\/11\/72756397_1348847131956273_2242507325522837504_n.jpg","datePublished":"2019-11-01T10:02:51+00:00","dateModified":"2019-11-01T17:27:40+00:00","author":{"@id":"https:\/\/urbeamea.ro\/albaiulia\/#\/schema\/person\/9700d21fae21c4f038b0b56f4506264a"},"description":"Emblema de onoare a Statului Major al For\u0163elor Aeriene a fost conferit\u0103 vineri, 1 noiembrie, celor mai buni elevi la \u00eenv\u0103\u0163\u0103tur\u0103 \u015fi elevilor olimpici ai","breadcrumb":{"@id":"https:\/\/urbeamea.ro\/albaiulia\/emblema-de-onoare-a-statului-major-al-fortelor-aeriene-conferita-celor-mai-buni-elevi-la-invatatura-si-elevilor-olimpici-ai-colegiului-national-militar-mihai-viteazul\/#breadcrumb"},"inLanguage":"ro-RO","potentialAction":[{"@type":"ReadAction","target":["https:\/\/urbeamea.ro\/albaiulia\/emblema-de-onoare-a-statului-major-al-fortelor-aeriene-conferita-celor-mai-buni-elevi-la-invatatura-si-elevilor-olimpici-ai-colegiului-national-militar-mihai-viteazul\/"]}]},{"@type":"ImageObject","inLanguage":"ro-RO","@id":"https:\/\/urbeamea.ro\/albaiulia\/emblema-de-onoare-a-statului-major-al-fortelor-aeriene-conferita-celor-mai-buni-elevi-la-invatatura-si-elevilor-olimpici-ai-colegiului-national-militar-mihai-viteazul\/#primaryimage","url":"https:\/\/urbeamea.ro\/albaiulia\/wp-content\/uploads\/2019\/11\/72756397_1348847131956273_2242507325522837504_n.jpg","contentUrl":"https:\/\/urbeamea.ro\/albaiulia\/wp-content\/uploads\/2019\/11\/72756397_1348847131956273_2242507325522837504_n.jpg","width":960,"height":640},{"@type":"BreadcrumbList","@id":"https:\/\/urbeamea.ro\/albaiulia\/emblema-de-onoare-a-statului-major-al-fortelor-aeriene-conferita-celor-mai-buni-elevi-la-invatatura-si-elevilor-olimpici-ai-colegiului-national-militar-mihai-viteazul\/#breadcrumb","itemListElement":[{"@type":"ListItem","position":1,"name":"Prima pagin\u0103","item":"https:\/\/urbeamea.ro\/albaiulia\/"},{"@type":"ListItem","position":2,"name":"Emblema de onoare a Statului Major al For\u0163elor Aeriene, conferit\u0103 celor mai buni elevi la \u00eenv\u0103\u0163\u0103tur\u0103 \u015fi elevilor olimpici ai Colegiului Na\u0163ional Militar \u201eMihai Viteazul\u201d"}]},{"@type":"WebSite","@id":"https:\/\/urbeamea.ro\/albaiulia\/#website","url":"https:\/\/urbeamea.ro\/albaiulia\/","name":"Revista Urbea Mea, Stiri urbane","description":"Evenimente \u0219i \u0219tiri din Alba Iulia, Sebe\u0219, Aiud, Blaj","potentialAction":[{"@type":"SearchAction","target":{"@type":"EntryPoint","urlTemplate":"https:\/\/urbeamea.ro\/albaiulia\/?s={search_term_string}"},"query-input":{"@type":"PropertyValueSpecification","valueRequired":true,"valueName":"search_term_string"}}],"inLanguage":"ro-RO"},{"@type":"Person","@id":"https:\/\/urbeamea.ro\/albaiulia\/#\/schema\/person\/9700d21fae21c4f038b0b56f4506264a","name":"Cristina Ganga","image":{"@type":"ImageObject","inLanguage":"ro-RO","@id":"https:\/\/secure.gravatar.com\/avatar\/5a67661041f057b4a8ccaf26f5a8e86e2689372006d01faf3dd9eeb10b654bb4?s=96&d=mm&r=g","url":"https:\/\/secure.gravatar.com\/avatar\/5a67661041f057b4a8ccaf26f5a8e86e2689372006d01faf3dd9eeb10b654bb4?s=96&d=mm&r=g","contentUrl":"https:\/\/secure.gravatar.com\/avatar\/5a67661041f057b4a8ccaf26f5a8e86e2689372006d01faf3dd9eeb10b654bb4?s=96&d=mm&r=g","caption":"Cristina Ganga"},"description":"Jurnalist","sameAs":["https:\/\/www.facebook.com\/cristina.nicola.587"],"url":"https:\/\/urbeamea.ro\/albaiulia\/author\/cristina-nicola\/"}]}},"_links":{"self":[{"href":"https:\/\/urbeamea.ro\/albaiulia\/wp-json\/wp\/v2\/posts\/84414","targetHints":{"allow":["GET"]}}],"collection":[{"href":"https:\/\/urbeamea.ro\/albaiulia\/wp-json\/wp\/v2\/posts"}],"about":[{"href":"https:\/\/urbeamea.ro\/albaiulia\/wp-json\/wp\/v2\/types\/post"}],"author":[{"embeddable":true,"href":"https:\/\/urbeamea.ro\/albaiulia\/wp-json\/wp\/v2\/users\/17"}],"replies":[{"embeddable":true,"href":"https:\/\/urbeamea.ro\/albaiulia\/wp-json\/wp\/v2\/comments?post=84414"}],"version-history":[{"count":0,"href":"https:\/\/urbeamea.ro\/albaiulia\/wp-json\/wp\/v2\/posts\/84414\/revisions"}],"wp:featuredmedia":[{"embeddable":true,"href":"https:\/\/urbeamea.ro\/albaiulia\/wp-json\/wp\/v2\/media\/84415"}],"wp:attachment":[{"href":"https:\/\/urbeamea.ro\/albaiulia\/wp-json\/wp\/v2\/media?parent=84414"}],"wp:term":[{"taxonomy":"category","embeddable":true,"href":"https:\/\/urbeamea.ro\/albaiulia\/wp-json\/wp\/v2\/categories?post=84414"},{"taxonomy":"post_tag","embeddable":true,"href":"https:\/\/urbeamea.ro\/albaiulia\/wp-json\/wp\/v2\/tags?post=84414"}],"curies":[{"name":"wp","href":"https:\/\/api.w.org\/{rel}","templated":true}]}}