{"id":85266,"date":"2019-11-18T16:35:37","date_gmt":"2019-11-18T14:35:37","guid":{"rendered":"https:\/\/urbeamea.ro\/albaiulia\/?p=85266"},"modified":"2019-11-18T16:35:40","modified_gmt":"2019-11-18T14:35:40","slug":"sistem-de-iluminat-inteligent-si-eficient-cu-fonduri-regio-la-cugir","status":"publish","type":"post","link":"https:\/\/urbeamea.ro\/albaiulia\/sistem-de-iluminat-inteligent-si-eficient-cu-fonduri-regio-la-cugir\/","title":{"rendered":"Sistem de iluminat inteligent \u0219i eficient, cu Fonduri Regio la Cugir"},"content":{"rendered":"\n<h4 class=\"wp-block-heading\">Ora\u0219ul Cugir, jude\u021bul Alba, tinde s\u0103 devin\u0103 tot mai eco-eficient, utiliz\u00e2nd din plin resursele nerambursabile oferite de Programul REGIO. Printr-un nou contract de finan\u021bare, \u00een valoare total\u0103 de peste 16,4 milioane lei, se vor moderniza peste 28,3 km de re\u021bea de iluminat stradal\u0103 \u00een aceast\u0103 urbe de la poalele muntelui Dr\u0103gana.<strong> <\/strong><\/h4>\n\n\n\n<p class=\"wp-block-paragraph\">Acest fapt este posibil ca urmare a semn\u0103rii &#8211; de c\u0103tre primarul Adrian Teban \u0219i directorul general ADR Centru, Simion Cre\u021bu &#8211; a contractului de finan\u021bare cu denumirea <em>\u201dEficientizarea sistemului de iluminat public \u00een UAT Cugir\u201d<\/em>, prin care se vor reduce cu mai mult de 40% consumul anual de energie primar\u0103 \u0219i gazele cu efect de ser\u0103, poluante, \u00een condi\u021biile \u00een care va cre\u0219te gradul de iluminare urban\u0103. Acest proiect se adaug\u0103 pe lista proiectelor de eficien\u021b\u0103 energetic\u0103 din Cugir contractate \u00een ultimii ani, prin care se vor face investi\u021bii la Spitalul Or\u0103\u0219enesc, la \u0219coli \u0219i gr\u0103dini\u021be, dar \u0219i \u00een sistemul de mobilitate urban\u0103. <\/p>\n\n\n\n<p class=\"wp-block-paragraph\"><strong>Buget \u0219i perioad\u0103 de finalizare:<\/strong><\/p>\n\n\n\n<p class=\"wp-block-paragraph\">Contractul are o\nvaloare total\u0103 de peste 16.421.385,34 lei, din care suma fondurilor\nnerambursabile solicitate este de 15.946.136,60 lei (respectiv peste 3,4\nmilioane euro, 98% din suma cheltuielilor eligibile din proiect). Finan\u021barea\nnerambursabil\u0103 este alocat\u0103 din bugetul Regiunii Centru, prin Axa prioritar\u0103\n3.1 a POR 2014-2020, ce prevede \u201dSprijinirea eficien\u021bei energetice, a\ngestion\u0103rii inteligente a energiei \u0219i a utiliz\u0103rii energiei din surse\nregenerabile \u00een infrastructurile publice, inclusiv \u00een cl\u0103dirile publice, \u0219i \u00een\nsectorul locuin\u021belor\u201d, opera\u021biunea destinat\u0103 iluminatului public. Edilii\nestimeaz\u0103 finalizarea proiectului p\u00e2n\u0103 la data de 31 martie 2022. <\/p>\n\n\n\n<blockquote class=\"wp-block-quote is-layout-flow wp-block-quote-is-layout-flow\"><p>\u00a0\u00a0 \u201dPrin realizarea acestei investi\u021bii urm\u0103rim reabilitarea integral\u0103 a sistemului de iluminat public stradal, pentru aducerea acestuia la un nivel cantitativ si calitativ optim pentru reducerea consumului de curent electric, a cheltuielilor financiare, dar \u0219i pentru a avea un sistem care va deservi popula\u021bia pe o perioad\u0103 mai lung\u0103 de timp. Vom \u00eenlocui aparatele de iluminat existente cu unele performante din punct de vedere optic, asigur\u00e2nd astfel siguran\u021ba \u0219i buna vizibilitate at\u00e2t pentru to\u021bi conduc\u0103torii auto, c\u00e2t \u0219i pentru cet\u0103\u021beni. E un proiect pe care l-am propus pentru ca to\u021bi cei aproape 30.000 de cet\u0103\u021beni care \u00ee\u0219i doresc s\u0103 beneficieze de un sistem de iluminat public modern, eficient energetic, un serviciu public de calitate. Nu \u00een ultimul r\u00e2nd trebuie s\u0103 men\u021bionez c\u0103 astfel integr\u0103m proiectele noastre de dezvoltare, modernizarea sistemului de transport urban, eficientizarea energetic\u0103 a cl\u0103dirilor publice \u0219i altele, utiliz\u00e2nd eficient aproape 100 milioane lei, \u00een beneficiul tuturor cet\u0103\u021benilor\u201d, a declarat domnul Adrian Teban, primarul ora\u0219ului Cugir.<\/p><\/blockquote>\n\n\n\n<p class=\"wp-block-paragraph\"><strong>Lucr\u0103ri prev\u0103zute \u00een proiect: <\/strong><\/p>\n\n\n\n<p class=\"wp-block-paragraph\">Investi\u021bia propus\u0103 const\u0103 \u00een montarea unor noi corpuri de iluminat cu LED. Se vor amplasaa un num\u0103r de 780 corpuri de iluminat existente, dintre care 766 pe st\u00e2lpi noi, care vor fi monitorizate printr-un nou sistem de telegestiune. Fiecare corp de iluminat va fi echipat cu un dispozitiv de control individual. Practic, se va realiza montarea\/\u00eenlocuirea corpurilor de iluminat cu un consum ridicat de energie electric\u0103, cu becuri noi, tip LED, cu eficien\u021b\u0103 energetic\u0103 ridicat\u0103, durat\u0103 mare de via\u021b\u0103, care vor asigura confortul corespunz\u0103tor, at\u00e2t \u00een cazul sistemelor existente, c\u00e2t \u0219i \u00een cazul celor nou create. <\/p>\n\n\n\n<p class=\"wp-block-paragraph\">\u00cen cadrul proiectului este prev\u0103zut\u0103 \u0219i reabilitarea instala\u021biilor electrice, a st\u00e2lpilor \u0219i cablajelor acestora, precum \u0219i implementarea sistemului care va asigura controlul individual al fiec\u0103rui corp de iluminat, astfel \u00eenc\u00e2t fiecare corp de iluminat s\u0103 poat\u0103 fi pornit\/oprit sau s\u0103 i se regleze intensitatea luminoas\u0103 \u00een mod automat, conform unor programe prestabilite \u0219i a unor senzori. Trebuie men\u021bionat \u0219i faptul c\u0103, prin executarea unei re\u021bele de iluminat nou\u0103 cu corpuri noi de iluminat cu tehnologie LED, pe partea opus\u0103 a str\u0103zii fa\u021b\u0103 de sistemul de iluminat public existent, se va asigura accesul popula\u021biei ora\u0219ului Cugir la un sistem de iluminat inteligent, care s\u0103 permit\u0103 cet\u0103\u021benilor o mobilitate mai bun\u0103 pe timp de noapte, siguran\u021b\u0103 dar \u0219i o eficien\u021b\u0103 energetic\u0103 sporit\u0103.<\/p>\n\n\n\n<blockquote class=\"wp-block-quote is-layout-flow wp-block-quote-is-layout-flow\"><p><strong>\u00a0<\/strong> \u201d<em>Acesta este al doilea proiect semnat pe acest domeniu, privind iluminatul eficient, \u0219i este \u00eembucur\u0103tor faptul c\u0103 dou\u0103 localit\u0103\u021bi cum sunt Gheorgheni \u00een Harghita \u0219i Cugir din Alba, investesc pentru eficientizarea condi\u021biilor urbane. Din nou edilii cugireni sunt printre primii \u00een Regiunea Centru, care atrag fonduri europene pentru eficientizare energetic\u0103. \u00cen aceste condi\u021bii, prin toate proiectele REGIO deja contractate \u00een ora\u0219ul Cugir, se vor utiliza fonduri \u00een valoare total\u0103 de aproximativ 100 milioane lei, fie c\u0103 vorbim de \u00a0eficientizarea energetic\u0103 a Maternit\u0103\u021bii Spitalului, de crearea centrului de zi pentru v\u00e2rstnici, cu cantin\u0103 social\u0103, ca \u0219i de modernizarea gr\u0103dini\u021belor de la \u0218coala Gimnazial\u0103 \u201dIosif Pervain\u201d, la care se adaug\u0103 proiectul de baz\u0103, de \u00eembun\u0103t\u0103\u021bire a mobilit\u0103\u021bii urbane \u0219i de reducerea a polu\u0103rii, prin investi\u021bii \u00een infrastructur\u0103 \u0219i sisteme moderne de transport public. Realizarea proiectelor europene \u00een ora\u0219 este impus\u0103 de necesitatea de a realiza o infrastructur\u0103 la standarde europene, astfel \u00eenc\u00e2t condi\u021biile de trai din localitate s\u0103 creasc\u0103 \u0219i de rezultate vor beneficia to\u021bi locuitorii din zon\u0103, adic\u0103 mai mult de 30.000 persoane, efectul ob\u021binut fiind cre\u0219terea confortului public\u201d,<\/em> a declarat domnul Simion Cre\u021bu, director general ADR Centru.\u00a0 <\/p><\/blockquote>\n\n\n\n<figure class=\"wp-block-gallery columns-3 is-cropped wp-block-gallery-1 is-layout-flex wp-block-gallery-is-layout-flex\"><ul class=\"blocks-gallery-grid\"><li class=\"blocks-gallery-item\"><figure><a href=\"https:\/\/urbeamea.ro\/albaiulia\/wp-content\/uploads\/2019\/11\/Foto1-Iluminat-Cugir.jpg\"><img loading=\"lazy\" decoding=\"async\" width=\"974\" height=\"546\" src=\"https:\/\/urbeamea.ro\/albaiulia\/wp-content\/uploads\/2019\/11\/Foto1-Iluminat-Cugir.jpg\" alt=\"\" data-id=\"85267\" data-full-url=\"https:\/\/urbeamea.ro\/albaiulia\/wp-content\/uploads\/2019\/11\/Foto1-Iluminat-Cugir.jpg\" data-link=\"https:\/\/urbeamea.ro\/albaiulia\/?attachment_id=85267\" class=\"wp-image-85267\" srcset=\"https:\/\/urbeamea.ro\/albaiulia\/wp-content\/uploads\/2019\/11\/Foto1-Iluminat-Cugir.jpg 974w, https:\/\/urbeamea.ro\/albaiulia\/wp-content\/uploads\/2019\/11\/Foto1-Iluminat-Cugir-640x359.jpg 640w, https:\/\/urbeamea.ro\/albaiulia\/wp-content\/uploads\/2019\/11\/Foto1-Iluminat-Cugir-150x84.jpg 150w, https:\/\/urbeamea.ro\/albaiulia\/wp-content\/uploads\/2019\/11\/Foto1-Iluminat-Cugir-768x431.jpg 768w\" sizes=\"auto, (max-width: 974px) 100vw, 974px\" \/><\/a><\/figure><\/li><li class=\"blocks-gallery-item\"><figure><a href=\"https:\/\/urbeamea.ro\/albaiulia\/wp-content\/uploads\/2019\/11\/Foto2-Iluminat-Cugir.jpg\"><img loading=\"lazy\" decoding=\"async\" width=\"869\" height=\"460\" src=\"https:\/\/urbeamea.ro\/albaiulia\/wp-content\/uploads\/2019\/11\/Foto2-Iluminat-Cugir.jpg\" alt=\"\" data-id=\"85268\" data-full-url=\"https:\/\/urbeamea.ro\/albaiulia\/wp-content\/uploads\/2019\/11\/Foto2-Iluminat-Cugir.jpg\" data-link=\"https:\/\/urbeamea.ro\/albaiulia\/?attachment_id=85268\" class=\"wp-image-85268\" srcset=\"https:\/\/urbeamea.ro\/albaiulia\/wp-content\/uploads\/2019\/11\/Foto2-Iluminat-Cugir.jpg 869w, https:\/\/urbeamea.ro\/albaiulia\/wp-content\/uploads\/2019\/11\/Foto2-Iluminat-Cugir-640x339.jpg 640w, https:\/\/urbeamea.ro\/albaiulia\/wp-content\/uploads\/2019\/11\/Foto2-Iluminat-Cugir-150x79.jpg 150w, https:\/\/urbeamea.ro\/albaiulia\/wp-content\/uploads\/2019\/11\/Foto2-Iluminat-Cugir-768x407.jpg 768w\" sizes=\"auto, (max-width: 869px) 100vw, 869px\" \/><\/a><\/figure><\/li><li class=\"blocks-gallery-item\"><figure><a href=\"https:\/\/urbeamea.ro\/albaiulia\/wp-content\/uploads\/2019\/11\/Foto3-Iluminat-Cugir.jpg\"><img loading=\"lazy\" decoding=\"async\" width=\"959\" height=\"507\" src=\"https:\/\/urbeamea.ro\/albaiulia\/wp-content\/uploads\/2019\/11\/Foto3-Iluminat-Cugir.jpg\" alt=\"\" data-id=\"85269\" data-full-url=\"https:\/\/urbeamea.ro\/albaiulia\/wp-content\/uploads\/2019\/11\/Foto3-Iluminat-Cugir.jpg\" data-link=\"https:\/\/urbeamea.ro\/albaiulia\/?attachment_id=85269\" class=\"wp-image-85269\" srcset=\"https:\/\/urbeamea.ro\/albaiulia\/wp-content\/uploads\/2019\/11\/Foto3-Iluminat-Cugir.jpg 959w, https:\/\/urbeamea.ro\/albaiulia\/wp-content\/uploads\/2019\/11\/Foto3-Iluminat-Cugir-640x338.jpg 640w, https:\/\/urbeamea.ro\/albaiulia\/wp-content\/uploads\/2019\/11\/Foto3-Iluminat-Cugir-150x79.jpg 150w, https:\/\/urbeamea.ro\/albaiulia\/wp-content\/uploads\/2019\/11\/Foto3-Iluminat-Cugir-768x406.jpg 768w\" sizes=\"auto, (max-width: 959px) 100vw, 959px\" \/><\/a><\/figure><\/li><li class=\"blocks-gallery-item\"><figure><a href=\"https:\/\/urbeamea.ro\/albaiulia\/wp-content\/uploads\/2019\/11\/Foto4-Iluminat-Cugir.jpg\"><img loading=\"lazy\" decoding=\"async\" width=\"971\" height=\"513\" src=\"https:\/\/urbeamea.ro\/albaiulia\/wp-content\/uploads\/2019\/11\/Foto4-Iluminat-Cugir.jpg\" alt=\"\" data-id=\"85270\" data-full-url=\"https:\/\/urbeamea.ro\/albaiulia\/wp-content\/uploads\/2019\/11\/Foto4-Iluminat-Cugir.jpg\" data-link=\"https:\/\/urbeamea.ro\/albaiulia\/?attachment_id=85270\" class=\"wp-image-85270\" srcset=\"https:\/\/urbeamea.ro\/albaiulia\/wp-content\/uploads\/2019\/11\/Foto4-Iluminat-Cugir.jpg 971w, https:\/\/urbeamea.ro\/albaiulia\/wp-content\/uploads\/2019\/11\/Foto4-Iluminat-Cugir-640x338.jpg 640w, https:\/\/urbeamea.ro\/albaiulia\/wp-content\/uploads\/2019\/11\/Foto4-Iluminat-Cugir-150x79.jpg 150w, https:\/\/urbeamea.ro\/albaiulia\/wp-content\/uploads\/2019\/11\/Foto4-Iluminat-Cugir-768x406.jpg 768w\" sizes=\"auto, (max-width: 971px) 100vw, 971px\" \/><\/a><\/figure><\/li><li class=\"blocks-gallery-item\"><figure><a href=\"https:\/\/urbeamea.ro\/albaiulia\/wp-content\/uploads\/2019\/11\/Foto5-Iluminat-Cugir.jpg\"><img loading=\"lazy\" decoding=\"async\" width=\"959\" height=\"458\" src=\"https:\/\/urbeamea.ro\/albaiulia\/wp-content\/uploads\/2019\/11\/Foto5-Iluminat-Cugir.jpg\" alt=\"\" data-id=\"85271\" data-full-url=\"https:\/\/urbeamea.ro\/albaiulia\/wp-content\/uploads\/2019\/11\/Foto5-Iluminat-Cugir.jpg\" data-link=\"https:\/\/urbeamea.ro\/albaiulia\/?attachment_id=85271\" class=\"wp-image-85271\" srcset=\"https:\/\/urbeamea.ro\/albaiulia\/wp-content\/uploads\/2019\/11\/Foto5-Iluminat-Cugir.jpg 959w, https:\/\/urbeamea.ro\/albaiulia\/wp-content\/uploads\/2019\/11\/Foto5-Iluminat-Cugir-640x306.jpg 640w, https:\/\/urbeamea.ro\/albaiulia\/wp-content\/uploads\/2019\/11\/Foto5-Iluminat-Cugir-150x72.jpg 150w, https:\/\/urbeamea.ro\/albaiulia\/wp-content\/uploads\/2019\/11\/Foto5-Iluminat-Cugir-768x367.jpg 768w\" sizes=\"auto, (max-width: 959px) 100vw, 959px\" \/><\/a><\/figure><\/li><li class=\"blocks-gallery-item\"><figure><a href=\"https:\/\/urbeamea.ro\/albaiulia\/wp-content\/uploads\/2019\/11\/Foto6-semnare-contract.jpg\"><img loading=\"lazy\" decoding=\"async\" width=\"1280\" height=\"710\" src=\"https:\/\/urbeamea.ro\/albaiulia\/wp-content\/uploads\/2019\/11\/Foto6-semnare-contract-1280x710.jpg\" alt=\"\" data-id=\"85272\" data-full-url=\"https:\/\/urbeamea.ro\/albaiulia\/wp-content\/uploads\/2019\/11\/Foto6-semnare-contract.jpg\" data-link=\"https:\/\/urbeamea.ro\/albaiulia\/?attachment_id=85272\" class=\"wp-image-85272\" srcset=\"https:\/\/urbeamea.ro\/albaiulia\/wp-content\/uploads\/2019\/11\/Foto6-semnare-contract-1280x710.jpg 1280w, https:\/\/urbeamea.ro\/albaiulia\/wp-content\/uploads\/2019\/11\/Foto6-semnare-contract-640x355.jpg 640w, https:\/\/urbeamea.ro\/albaiulia\/wp-content\/uploads\/2019\/11\/Foto6-semnare-contract-150x83.jpg 150w, https:\/\/urbeamea.ro\/albaiulia\/wp-content\/uploads\/2019\/11\/Foto6-semnare-contract-768x426.jpg 768w, https:\/\/urbeamea.ro\/albaiulia\/wp-content\/uploads\/2019\/11\/Foto6-semnare-contract-1536x852.jpg 1536w, https:\/\/urbeamea.ro\/albaiulia\/wp-content\/uploads\/2019\/11\/Foto6-semnare-contract-2048x1136.jpg 2048w\" sizes=\"auto, (max-width: 1280px) 100vw, 1280px\" \/><\/a><\/figure><\/li><li class=\"blocks-gallery-item\"><figure><a href=\"https:\/\/urbeamea.ro\/albaiulia\/wp-content\/uploads\/2019\/11\/Foto7-semnare-contract.jpg\"><img loading=\"lazy\" decoding=\"async\" width=\"1280\" height=\"735\" src=\"https:\/\/urbeamea.ro\/albaiulia\/wp-content\/uploads\/2019\/11\/Foto7-semnare-contract-1280x735.jpg\" alt=\"\" data-id=\"85273\" data-full-url=\"https:\/\/urbeamea.ro\/albaiulia\/wp-content\/uploads\/2019\/11\/Foto7-semnare-contract.jpg\" data-link=\"https:\/\/urbeamea.ro\/albaiulia\/?attachment_id=85273\" class=\"wp-image-85273\" srcset=\"https:\/\/urbeamea.ro\/albaiulia\/wp-content\/uploads\/2019\/11\/Foto7-semnare-contract-1280x735.jpg 1280w, https:\/\/urbeamea.ro\/albaiulia\/wp-content\/uploads\/2019\/11\/Foto7-semnare-contract-640x367.jpg 640w, https:\/\/urbeamea.ro\/albaiulia\/wp-content\/uploads\/2019\/11\/Foto7-semnare-contract-150x86.jpg 150w, https:\/\/urbeamea.ro\/albaiulia\/wp-content\/uploads\/2019\/11\/Foto7-semnare-contract-768x441.jpg 768w, https:\/\/urbeamea.ro\/albaiulia\/wp-content\/uploads\/2019\/11\/Foto7-semnare-contract-1536x882.jpg 1536w, https:\/\/urbeamea.ro\/albaiulia\/wp-content\/uploads\/2019\/11\/Foto7-semnare-contract.jpg 1700w\" sizes=\"auto, (max-width: 1280px) 100vw, 1280px\" \/><\/a><\/figure><\/li><li class=\"blocks-gallery-item\"><figure><a href=\"https:\/\/urbeamea.ro\/albaiulia\/wp-content\/uploads\/2019\/11\/Foto8-semnare-contract.jpg\"><img loading=\"lazy\" decoding=\"async\" width=\"1280\" height=\"820\" src=\"https:\/\/urbeamea.ro\/albaiulia\/wp-content\/uploads\/2019\/11\/Foto8-semnare-contract-1280x820.jpg\" alt=\"\" data-id=\"85274\" data-full-url=\"https:\/\/urbeamea.ro\/albaiulia\/wp-content\/uploads\/2019\/11\/Foto8-semnare-contract.jpg\" data-link=\"https:\/\/urbeamea.ro\/albaiulia\/?attachment_id=85274\" class=\"wp-image-85274\" srcset=\"https:\/\/urbeamea.ro\/albaiulia\/wp-content\/uploads\/2019\/11\/Foto8-semnare-contract-1280x820.jpg 1280w, https:\/\/urbeamea.ro\/albaiulia\/wp-content\/uploads\/2019\/11\/Foto8-semnare-contract-640x410.jpg 640w, https:\/\/urbeamea.ro\/albaiulia\/wp-content\/uploads\/2019\/11\/Foto8-semnare-contract-150x96.jpg 150w, https:\/\/urbeamea.ro\/albaiulia\/wp-content\/uploads\/2019\/11\/Foto8-semnare-contract-768x492.jpg 768w, https:\/\/urbeamea.ro\/albaiulia\/wp-content\/uploads\/2019\/11\/Foto8-semnare-contract-1536x984.jpg 1536w, https:\/\/urbeamea.ro\/albaiulia\/wp-content\/uploads\/2019\/11\/Foto8-semnare-contract.jpg 1866w\" sizes=\"auto, (max-width: 1280px) 100vw, 1280px\" \/><\/a><\/figure><\/li><\/ul><\/figure>\n","protected":false},"excerpt":{"rendered":"<p>Ora\u0219ul Cugir, jude\u021bul Alba, tinde s\u0103 devin\u0103 tot mai eco-eficient, utiliz\u00e2nd din plin resursele nerambursabile oferite de Programul REGIO. Printr-un nou contract de finan\u021bare, \u00een valoare total\u0103 de peste 16,4 milioane lei, se vor moderniza peste 28,3 km de re\u021bea de iluminat stradal\u0103 \u00een aceast\u0103 urbe de la poalele muntelui Dr\u0103gana. Acest fapt este posibil &hellip;<\/p>\n","protected":false},"author":17,"featured_media":85268,"comment_status":"open","ping_status":"open","sticky":false,"template":"","format":"standard","meta":{"inline_featured_image":false,"footnotes":""},"categories":[6663],"tags":[1424,12432,19172,19171,308],"class_list":["post-85266","post","type-post","status-publish","format-standard","has-post-thumbnail","hentry","category-economic","tag-cugir","tag-fonduri-regio","tag-resurse-nerambursabile","tag-sistem-de-iluminat-inteligent","tag-stiri"],"yoast_head":"<!-- This site is optimized with the Yoast SEO plugin v28.3 - https:\/\/yoast.com\/product\/yoast-seo-wordpress\/ -->\n<title>Sistem de iluminat inteligent \u0219i eficient, cu Fonduri Regio la Cugir - Revista Urbea Mea - Revista de Alba<\/title>\n<meta name=\"description\" content=\"Ora\u0219ul Cugir, jude\u021bul Alba, tinde s\u0103 devin\u0103 tot mai eco-eficient, utiliz\u00e2nd din plin resursele nerambursabile oferite de Programul REGIO. Printr-un nou\" \/>\n<meta name=\"robots\" content=\"index, follow, max-snippet:-1, max-image-preview:large, max-video-preview:-1\" \/>\n<link rel=\"canonical\" href=\"https:\/\/urbeamea.ro\/albaiulia\/sistem-de-iluminat-inteligent-si-eficient-cu-fonduri-regio-la-cugir\/\" \/>\n<meta name=\"twitter:card\" content=\"summary_large_image\" \/>\n<meta name=\"twitter:title\" content=\"Sistem de iluminat inteligent \u0219i eficient, cu Fonduri Regio la Cugir - Revista Urbea Mea - Revista de Alba\" \/>\n<meta name=\"twitter:description\" content=\"Ora\u0219ul Cugir, jude\u021bul Alba, tinde s\u0103 devin\u0103 tot mai eco-eficient, utiliz\u00e2nd din plin resursele nerambursabile oferite de Programul REGIO. Printr-un nou\" \/>\n<meta name=\"twitter:image\" content=\"https:\/\/urbeamea.ro\/albaiulia\/wp-content\/uploads\/2019\/11\/Foto2-Iluminat-Cugir.jpg\" \/>\n<meta name=\"twitter:creator\" content=\"@urbeameaweb\" \/>\n<meta name=\"twitter:site\" content=\"@urbeameaweb\" \/>\n<script type=\"application\/ld+json\" class=\"yoast-schema-graph\">{\"@context\":\"https:\\\/\\\/schema.org\",\"@graph\":[{\"@type\":\"Article\",\"@id\":\"https:\\\/\\\/urbeamea.ro\\\/albaiulia\\\/sistem-de-iluminat-inteligent-si-eficient-cu-fonduri-regio-la-cugir\\\/#article\",\"isPartOf\":{\"@id\":\"https:\\\/\\\/urbeamea.ro\\\/albaiulia\\\/sistem-de-iluminat-inteligent-si-eficient-cu-fonduri-regio-la-cugir\\\/\"},\"author\":{\"name\":\"Cristina Ganga\",\"@id\":\"https:\\\/\\\/urbeamea.ro\\\/albaiulia\\\/#\\\/schema\\\/person\\\/9700d21fae21c4f038b0b56f4506264a\"},\"headline\":\"Sistem de iluminat inteligent \u0219i eficient, cu Fonduri Regio la Cugir\",\"datePublished\":\"2019-11-18T14:35:37+00:00\",\"dateModified\":\"2019-11-18T14:35:40+00:00\",\"mainEntityOfPage\":{\"@id\":\"https:\\\/\\\/urbeamea.ro\\\/albaiulia\\\/sistem-de-iluminat-inteligent-si-eficient-cu-fonduri-regio-la-cugir\\\/\"},\"wordCount\":892,\"commentCount\":0,\"image\":{\"@id\":\"https:\\\/\\\/urbeamea.ro\\\/albaiulia\\\/sistem-de-iluminat-inteligent-si-eficient-cu-fonduri-regio-la-cugir\\\/#primaryimage\"},\"thumbnailUrl\":\"https:\\\/\\\/urbeamea.ro\\\/albaiulia\\\/wp-content\\\/uploads\\\/2019\\\/11\\\/Foto2-Iluminat-Cugir.jpg\",\"keywords\":[\"cugir\",\"fonduri regio\",\"resurse nerambursabile\",\"sistem de iluminat inteligent\",\"stiri\"],\"articleSection\":[\"Economic\"],\"inLanguage\":\"ro-RO\",\"potentialAction\":[{\"@type\":\"CommentAction\",\"name\":\"Comment\",\"target\":[\"https:\\\/\\\/urbeamea.ro\\\/albaiulia\\\/sistem-de-iluminat-inteligent-si-eficient-cu-fonduri-regio-la-cugir\\\/#respond\"]}]},{\"@type\":\"WebPage\",\"@id\":\"https:\\\/\\\/urbeamea.ro\\\/albaiulia\\\/sistem-de-iluminat-inteligent-si-eficient-cu-fonduri-regio-la-cugir\\\/\",\"url\":\"https:\\\/\\\/urbeamea.ro\\\/albaiulia\\\/sistem-de-iluminat-inteligent-si-eficient-cu-fonduri-regio-la-cugir\\\/\",\"name\":\"Sistem de iluminat inteligent \u0219i eficient, cu Fonduri Regio la Cugir - Revista Urbea Mea - Revista de Alba\",\"isPartOf\":{\"@id\":\"https:\\\/\\\/urbeamea.ro\\\/albaiulia\\\/#website\"},\"primaryImageOfPage\":{\"@id\":\"https:\\\/\\\/urbeamea.ro\\\/albaiulia\\\/sistem-de-iluminat-inteligent-si-eficient-cu-fonduri-regio-la-cugir\\\/#primaryimage\"},\"image\":{\"@id\":\"https:\\\/\\\/urbeamea.ro\\\/albaiulia\\\/sistem-de-iluminat-inteligent-si-eficient-cu-fonduri-regio-la-cugir\\\/#primaryimage\"},\"thumbnailUrl\":\"https:\\\/\\\/urbeamea.ro\\\/albaiulia\\\/wp-content\\\/uploads\\\/2019\\\/11\\\/Foto2-Iluminat-Cugir.jpg\",\"datePublished\":\"2019-11-18T14:35:37+00:00\",\"dateModified\":\"2019-11-18T14:35:40+00:00\",\"author\":{\"@id\":\"https:\\\/\\\/urbeamea.ro\\\/albaiulia\\\/#\\\/schema\\\/person\\\/9700d21fae21c4f038b0b56f4506264a\"},\"description\":\"Ora\u0219ul Cugir, jude\u021bul Alba, tinde s\u0103 devin\u0103 tot mai eco-eficient, utiliz\u00e2nd din plin resursele nerambursabile oferite de Programul REGIO. Printr-un nou\",\"breadcrumb\":{\"@id\":\"https:\\\/\\\/urbeamea.ro\\\/albaiulia\\\/sistem-de-iluminat-inteligent-si-eficient-cu-fonduri-regio-la-cugir\\\/#breadcrumb\"},\"inLanguage\":\"ro-RO\",\"potentialAction\":[{\"@type\":\"ReadAction\",\"target\":[\"https:\\\/\\\/urbeamea.ro\\\/albaiulia\\\/sistem-de-iluminat-inteligent-si-eficient-cu-fonduri-regio-la-cugir\\\/\"]}]},{\"@type\":\"ImageObject\",\"inLanguage\":\"ro-RO\",\"@id\":\"https:\\\/\\\/urbeamea.ro\\\/albaiulia\\\/sistem-de-iluminat-inteligent-si-eficient-cu-fonduri-regio-la-cugir\\\/#primaryimage\",\"url\":\"https:\\\/\\\/urbeamea.ro\\\/albaiulia\\\/wp-content\\\/uploads\\\/2019\\\/11\\\/Foto2-Iluminat-Cugir.jpg\",\"contentUrl\":\"https:\\\/\\\/urbeamea.ro\\\/albaiulia\\\/wp-content\\\/uploads\\\/2019\\\/11\\\/Foto2-Iluminat-Cugir.jpg\",\"width\":869,\"height\":460},{\"@type\":\"BreadcrumbList\",\"@id\":\"https:\\\/\\\/urbeamea.ro\\\/albaiulia\\\/sistem-de-iluminat-inteligent-si-eficient-cu-fonduri-regio-la-cugir\\\/#breadcrumb\",\"itemListElement\":[{\"@type\":\"ListItem\",\"position\":1,\"name\":\"Prima pagin\u0103\",\"item\":\"https:\\\/\\\/urbeamea.ro\\\/albaiulia\\\/\"},{\"@type\":\"ListItem\",\"position\":2,\"name\":\"Sistem de iluminat inteligent \u0219i eficient, cu Fonduri Regio la Cugir\"}]},{\"@type\":\"WebSite\",\"@id\":\"https:\\\/\\\/urbeamea.ro\\\/albaiulia\\\/#website\",\"url\":\"https:\\\/\\\/urbeamea.ro\\\/albaiulia\\\/\",\"name\":\"Revista Urbea Mea, Stiri urbane\",\"description\":\"Evenimente \u0219i \u0219tiri din Alba Iulia, Sebe\u0219, Aiud, Blaj\",\"potentialAction\":[{\"@type\":\"SearchAction\",\"target\":{\"@type\":\"EntryPoint\",\"urlTemplate\":\"https:\\\/\\\/urbeamea.ro\\\/albaiulia\\\/?s={search_term_string}\"},\"query-input\":{\"@type\":\"PropertyValueSpecification\",\"valueRequired\":true,\"valueName\":\"search_term_string\"}}],\"inLanguage\":\"ro-RO\"},{\"@type\":\"Person\",\"@id\":\"https:\\\/\\\/urbeamea.ro\\\/albaiulia\\\/#\\\/schema\\\/person\\\/9700d21fae21c4f038b0b56f4506264a\",\"name\":\"Cristina Ganga\",\"image\":{\"@type\":\"ImageObject\",\"inLanguage\":\"ro-RO\",\"@id\":\"https:\\\/\\\/secure.gravatar.com\\\/avatar\\\/5a67661041f057b4a8ccaf26f5a8e86e2689372006d01faf3dd9eeb10b654bb4?s=96&d=mm&r=g\",\"url\":\"https:\\\/\\\/secure.gravatar.com\\\/avatar\\\/5a67661041f057b4a8ccaf26f5a8e86e2689372006d01faf3dd9eeb10b654bb4?s=96&d=mm&r=g\",\"contentUrl\":\"https:\\\/\\\/secure.gravatar.com\\\/avatar\\\/5a67661041f057b4a8ccaf26f5a8e86e2689372006d01faf3dd9eeb10b654bb4?s=96&d=mm&r=g\",\"caption\":\"Cristina Ganga\"},\"description\":\"Jurnalist\",\"sameAs\":[\"https:\\\/\\\/www.facebook.com\\\/cristina.nicola.587\"],\"url\":\"https:\\\/\\\/urbeamea.ro\\\/albaiulia\\\/author\\\/cristina-nicola\\\/\"}]}<\/script>\n<!-- \/ Yoast SEO plugin. -->","yoast_head_json":{"title":"Sistem de iluminat inteligent \u0219i eficient, cu Fonduri Regio la Cugir - Revista Urbea Mea - Revista de Alba","description":"Ora\u0219ul Cugir, jude\u021bul Alba, tinde s\u0103 devin\u0103 tot mai eco-eficient, utiliz\u00e2nd din plin resursele nerambursabile oferite de Programul REGIO. Printr-un nou","robots":{"index":"index","follow":"follow","max-snippet":"max-snippet:-1","max-image-preview":"max-image-preview:large","max-video-preview":"max-video-preview:-1"},"canonical":"https:\/\/urbeamea.ro\/albaiulia\/sistem-de-iluminat-inteligent-si-eficient-cu-fonduri-regio-la-cugir\/","twitter_card":"summary_large_image","twitter_title":"Sistem de iluminat inteligent \u0219i eficient, cu Fonduri Regio la Cugir - Revista Urbea Mea - Revista de Alba","twitter_description":"Ora\u0219ul Cugir, jude\u021bul Alba, tinde s\u0103 devin\u0103 tot mai eco-eficient, utiliz\u00e2nd din plin resursele nerambursabile oferite de Programul REGIO. Printr-un nou","twitter_image":"https:\/\/urbeamea.ro\/albaiulia\/wp-content\/uploads\/2019\/11\/Foto2-Iluminat-Cugir.jpg","twitter_creator":"@urbeameaweb","twitter_site":"@urbeameaweb","schema":{"@context":"https:\/\/schema.org","@graph":[{"@type":"Article","@id":"https:\/\/urbeamea.ro\/albaiulia\/sistem-de-iluminat-inteligent-si-eficient-cu-fonduri-regio-la-cugir\/#article","isPartOf":{"@id":"https:\/\/urbeamea.ro\/albaiulia\/sistem-de-iluminat-inteligent-si-eficient-cu-fonduri-regio-la-cugir\/"},"author":{"name":"Cristina Ganga","@id":"https:\/\/urbeamea.ro\/albaiulia\/#\/schema\/person\/9700d21fae21c4f038b0b56f4506264a"},"headline":"Sistem de iluminat inteligent \u0219i eficient, cu Fonduri Regio la Cugir","datePublished":"2019-11-18T14:35:37+00:00","dateModified":"2019-11-18T14:35:40+00:00","mainEntityOfPage":{"@id":"https:\/\/urbeamea.ro\/albaiulia\/sistem-de-iluminat-inteligent-si-eficient-cu-fonduri-regio-la-cugir\/"},"wordCount":892,"commentCount":0,"image":{"@id":"https:\/\/urbeamea.ro\/albaiulia\/sistem-de-iluminat-inteligent-si-eficient-cu-fonduri-regio-la-cugir\/#primaryimage"},"thumbnailUrl":"https:\/\/urbeamea.ro\/albaiulia\/wp-content\/uploads\/2019\/11\/Foto2-Iluminat-Cugir.jpg","keywords":["cugir","fonduri regio","resurse nerambursabile","sistem de iluminat inteligent","stiri"],"articleSection":["Economic"],"inLanguage":"ro-RO","potentialAction":[{"@type":"CommentAction","name":"Comment","target":["https:\/\/urbeamea.ro\/albaiulia\/sistem-de-iluminat-inteligent-si-eficient-cu-fonduri-regio-la-cugir\/#respond"]}]},{"@type":"WebPage","@id":"https:\/\/urbeamea.ro\/albaiulia\/sistem-de-iluminat-inteligent-si-eficient-cu-fonduri-regio-la-cugir\/","url":"https:\/\/urbeamea.ro\/albaiulia\/sistem-de-iluminat-inteligent-si-eficient-cu-fonduri-regio-la-cugir\/","name":"Sistem de iluminat inteligent \u0219i eficient, cu Fonduri Regio la Cugir - Revista Urbea Mea - Revista de Alba","isPartOf":{"@id":"https:\/\/urbeamea.ro\/albaiulia\/#website"},"primaryImageOfPage":{"@id":"https:\/\/urbeamea.ro\/albaiulia\/sistem-de-iluminat-inteligent-si-eficient-cu-fonduri-regio-la-cugir\/#primaryimage"},"image":{"@id":"https:\/\/urbeamea.ro\/albaiulia\/sistem-de-iluminat-inteligent-si-eficient-cu-fonduri-regio-la-cugir\/#primaryimage"},"thumbnailUrl":"https:\/\/urbeamea.ro\/albaiulia\/wp-content\/uploads\/2019\/11\/Foto2-Iluminat-Cugir.jpg","datePublished":"2019-11-18T14:35:37+00:00","dateModified":"2019-11-18T14:35:40+00:00","author":{"@id":"https:\/\/urbeamea.ro\/albaiulia\/#\/schema\/person\/9700d21fae21c4f038b0b56f4506264a"},"description":"Ora\u0219ul Cugir, jude\u021bul Alba, tinde s\u0103 devin\u0103 tot mai eco-eficient, utiliz\u00e2nd din plin resursele nerambursabile oferite de Programul REGIO. Printr-un nou","breadcrumb":{"@id":"https:\/\/urbeamea.ro\/albaiulia\/sistem-de-iluminat-inteligent-si-eficient-cu-fonduri-regio-la-cugir\/#breadcrumb"},"inLanguage":"ro-RO","potentialAction":[{"@type":"ReadAction","target":["https:\/\/urbeamea.ro\/albaiulia\/sistem-de-iluminat-inteligent-si-eficient-cu-fonduri-regio-la-cugir\/"]}]},{"@type":"ImageObject","inLanguage":"ro-RO","@id":"https:\/\/urbeamea.ro\/albaiulia\/sistem-de-iluminat-inteligent-si-eficient-cu-fonduri-regio-la-cugir\/#primaryimage","url":"https:\/\/urbeamea.ro\/albaiulia\/wp-content\/uploads\/2019\/11\/Foto2-Iluminat-Cugir.jpg","contentUrl":"https:\/\/urbeamea.ro\/albaiulia\/wp-content\/uploads\/2019\/11\/Foto2-Iluminat-Cugir.jpg","width":869,"height":460},{"@type":"BreadcrumbList","@id":"https:\/\/urbeamea.ro\/albaiulia\/sistem-de-iluminat-inteligent-si-eficient-cu-fonduri-regio-la-cugir\/#breadcrumb","itemListElement":[{"@type":"ListItem","position":1,"name":"Prima pagin\u0103","item":"https:\/\/urbeamea.ro\/albaiulia\/"},{"@type":"ListItem","position":2,"name":"Sistem de iluminat inteligent \u0219i eficient, cu Fonduri Regio la Cugir"}]},{"@type":"WebSite","@id":"https:\/\/urbeamea.ro\/albaiulia\/#website","url":"https:\/\/urbeamea.ro\/albaiulia\/","name":"Revista Urbea Mea, Stiri urbane","description":"Evenimente \u0219i \u0219tiri din Alba Iulia, Sebe\u0219, Aiud, Blaj","potentialAction":[{"@type":"SearchAction","target":{"@type":"EntryPoint","urlTemplate":"https:\/\/urbeamea.ro\/albaiulia\/?s={search_term_string}"},"query-input":{"@type":"PropertyValueSpecification","valueRequired":true,"valueName":"search_term_string"}}],"inLanguage":"ro-RO"},{"@type":"Person","@id":"https:\/\/urbeamea.ro\/albaiulia\/#\/schema\/person\/9700d21fae21c4f038b0b56f4506264a","name":"Cristina Ganga","image":{"@type":"ImageObject","inLanguage":"ro-RO","@id":"https:\/\/secure.gravatar.com\/avatar\/5a67661041f057b4a8ccaf26f5a8e86e2689372006d01faf3dd9eeb10b654bb4?s=96&d=mm&r=g","url":"https:\/\/secure.gravatar.com\/avatar\/5a67661041f057b4a8ccaf26f5a8e86e2689372006d01faf3dd9eeb10b654bb4?s=96&d=mm&r=g","contentUrl":"https:\/\/secure.gravatar.com\/avatar\/5a67661041f057b4a8ccaf26f5a8e86e2689372006d01faf3dd9eeb10b654bb4?s=96&d=mm&r=g","caption":"Cristina Ganga"},"description":"Jurnalist","sameAs":["https:\/\/www.facebook.com\/cristina.nicola.587"],"url":"https:\/\/urbeamea.ro\/albaiulia\/author\/cristina-nicola\/"}]}},"_links":{"self":[{"href":"https:\/\/urbeamea.ro\/albaiulia\/wp-json\/wp\/v2\/posts\/85266","targetHints":{"allow":["GET"]}}],"collection":[{"href":"https:\/\/urbeamea.ro\/albaiulia\/wp-json\/wp\/v2\/posts"}],"about":[{"href":"https:\/\/urbeamea.ro\/albaiulia\/wp-json\/wp\/v2\/types\/post"}],"author":[{"embeddable":true,"href":"https:\/\/urbeamea.ro\/albaiulia\/wp-json\/wp\/v2\/users\/17"}],"replies":[{"embeddable":true,"href":"https:\/\/urbeamea.ro\/albaiulia\/wp-json\/wp\/v2\/comments?post=85266"}],"version-history":[{"count":0,"href":"https:\/\/urbeamea.ro\/albaiulia\/wp-json\/wp\/v2\/posts\/85266\/revisions"}],"wp:featuredmedia":[{"embeddable":true,"href":"https:\/\/urbeamea.ro\/albaiulia\/wp-json\/wp\/v2\/media\/85268"}],"wp:attachment":[{"href":"https:\/\/urbeamea.ro\/albaiulia\/wp-json\/wp\/v2\/media?parent=85266"}],"wp:term":[{"taxonomy":"category","embeddable":true,"href":"https:\/\/urbeamea.ro\/albaiulia\/wp-json\/wp\/v2\/categories?post=85266"},{"taxonomy":"post_tag","embeddable":true,"href":"https:\/\/urbeamea.ro\/albaiulia\/wp-json\/wp\/v2\/tags?post=85266"}],"curies":[{"name":"wp","href":"https:\/\/api.w.org\/{rel}","templated":true}]}}