{"id":8556,"date":"2015-09-28T14:10:59","date_gmt":"2015-09-28T11:10:59","guid":{"rendered":"http:\/\/urbeamea.ro\/albaiulia\/?p=8556"},"modified":"2016-01-18T19:12:47","modified_gmt":"2016-01-18T17:12:47","slug":"sapte-zile-de-teatru-si-povesti-la-alba-iulia-zeci-de-piese-si-actori-la-editia-aniversara-a-festivalului-international-de-teatru","status":"publish","type":"post","link":"https:\/\/urbeamea.ro\/albaiulia\/sapte-zile-de-teatru-si-povesti-la-alba-iulia-zeci-de-piese-si-actori-la-editia-aniversara-a-festivalului-international-de-teatru\/","title":{"rendered":"\u015eapte zile de teatru \u015fi pove\u015fti la Alba Iulia: Zeci de piese \u0219i actori la edi\u021bia aniversar\u0103 a Festivalului Interna\u021bional de Teatru"},"content":{"rendered":"<p><strong><a href=\"http:\/\/urbeamea.ro\/albaiulia\/wp-content\/uploads\/2015\/09\/Picture-0128.jpg\"><img loading=\"lazy\" decoding=\"async\" class=\"alignleft wp-image-8558 size-medium\" src=\"http:\/\/urbeamea.ro\/albaiulia\/wp-content\/uploads\/2015\/09\/Picture-0128-300x200.jpg\" alt=\"Picture 012\" width=\"300\" height=\"200\" \/><\/a>La Alba Iulia, \u00een perioada 5-11 octombrie \u00eencepe tradi\u0163ionalul Festival Interna\u0163ional de Teatru \u201ePove\u015fti\u201d, edi\u0163ia a X-a. \u00cen cadrul acestei edi\u0163ii aniversare, organizatorii evenimentului \u00eei aduc pe scen\u0103 pe scriitorul francez Pascal Bruckner, actorii Ion Caramitru \u015fi Hora\u0163iu M\u0103l\u0103ele, Vlad Zamfirescu, Maia Morgenstern, Pavel Barto\u0219, Gheorghe Ifrim, Oana Pelea, dar \u0219i mul\u021bi al\u021bii, \u00een reprezenta\u0163ii de excep\u0163ie, prezentate de teatre cunoscute din \u0163ar\u0103, dar \u015fi trupe de peste hotare.<br \/>\n<\/strong><\/p>\n<p>\u00cen aceast\u0103 a X-a edi\u0163ie, vor fi nu cinci zile de festival, ca de obicei, ci \u015fapte zile. Astfel c\u0103, a X-a edi\u0163ie aduce o structur\u0103 extins\u0103 a a festivalului, astfel \u00eenc\u00e2t starea de s\u0103rb\u0103toare s\u0103 fie sim\u0163it\u0103 pe deplin, de c\u00e2t mai mul\u0163i spectatori. De\u015fi structura bipartit\u0103 a festivalului r\u0103m\u00e2ne cea de p\u00e2n\u0103 acum &#8211; cu teatru pentru copii, diminea\u0163a \u015fi cu teatru pentru tineri \u015fi adul\u0163i, \u00eencep\u00e2nd cu orele serii -, edi\u0163ia aniversar\u0103 con\u0163ine un program mai dens \u015fi divers, ca adresabilitate, dec\u00e2t \u00een ceilal\u0163i ani, selec\u0163ioner al spectacolelor fiind \u00een continuare actri\u0163a Ioana Bpg\u0103\u0163an, director artistic al festivalului.<\/p>\n<p>\u00cenainte cu o s\u0103pt\u0103m\u00e2n\u0103 de eveniment, organizatorii festivalului au f\u0103cut o prezentare a ceea ce vor putea vedea cet\u0103\u021benii \u00een perioada care urmeaz\u0103. La conferin\u021ba de lansare au fost prezen\u021bi directorul festivalului, Ioana Bog\u0103\u021ban, pre\u0219edintele CJ Alba, Ion Dumitrel, reprezentatul Bibliotecii Jude\u021bene \u201eCristina Smadea\u201d, precum \u0219i Rare\u0219 Tileag\u0103 \u0219i Silvan St\u00e2ncel, coordonatorii media a evenimentului.<\/p>\n<p><a href=\"http:\/\/urbeamea.ro\/albaiulia\/wp-content\/uploads\/2015\/09\/Picture-00310.jpg\"><img loading=\"lazy\" decoding=\"async\" class=\"alignleft wp-image-8562 size-medium\" src=\"http:\/\/urbeamea.ro\/albaiulia\/wp-content\/uploads\/2015\/09\/Picture-00310-300x200.jpg\" alt=\"Picture 003\" width=\"300\" height=\"200\" srcset=\"https:\/\/urbeamea.ro\/albaiulia\/wp-content\/uploads\/2015\/09\/Picture-00310-300x200.jpg 300w, https:\/\/urbeamea.ro\/albaiulia\/wp-content\/uploads\/2015\/09\/Picture-00310-150x100.jpg 150w, https:\/\/urbeamea.ro\/albaiulia\/wp-content\/uploads\/2015\/09\/Picture-00310-1024x682.jpg 1024w, https:\/\/urbeamea.ro\/albaiulia\/wp-content\/uploads\/2015\/09\/Picture-00310-321x214.jpg 321w, https:\/\/urbeamea.ro\/albaiulia\/wp-content\/uploads\/2015\/09\/Picture-00310-140x94.jpg 140w, https:\/\/urbeamea.ro\/albaiulia\/wp-content\/uploads\/2015\/09\/Picture-00310.jpg 1280w\" sizes=\"auto, (max-width: 300px) 100vw, 300px\" \/><\/a>\u201eAvem zece edi\u021bii anul acesta \u0219i eu zic c\u0103 toate au fost de nota zece \u0219i sunt convins c\u0103 vom cre\u0219te an de an a\u0219a cum ne-am propus \u00eenc\u0103 de la prima edi\u021bie. Ce ne-am dorit \u0219i ce ne dorim de la acest festival am reu\u0219it \u0219i anume un public pentru teatru bine preg\u0103tit \u00een jude\u021bul Alba \u0219i acest lucru s-a reu\u0219it datorit\u0103 colegilor care s-au ocupat de acest festival \u0219i prin prezen\u021ba personalit\u0103\u021bilor ale teatrului rom\u00e2nesc \u00een cei zece ani\u201d, a declarat pre\u0219edintele CJ Alba, Ion Dumitrel.<\/p>\n<p>La fel ca \u0219i la celelalte edi\u021bii, structura festivalului este \u00eemp\u0103r\u0163it\u0103 \u00een dou\u0103 sec\u0163iuni principale. \u00cen prima parte a zilei vor fi spectacole de teatru dedicate copiilor, iar seara vor avea loc spectacole pentru tineri \u0219i adul\u021bi.<\/p>\n<p>Pentru desf\u0103\u015furarea momentelor din festival, organizatorii au preg\u0103tit zece loca\u021bii. Este vorba despre Teatrul de P\u0103pu\u0219i \u201ePrichindel\u201d, Casa de Cultur\u0103 a Sindicatelor, Casa de Cultur\u0103 a Studen\u021bilor, Art Cafe, Framm\u2019s, Centrul Cultural \u2013 Castel S\u00e2ncrai, Biblioteca Batthyaneum, Universitatea \u201e1 Decembrie 1918\u201d Alba Iulia, Centrul Cultural \u201eIacob Mure\u015fianu\u201d Blaj \u015fi Galeriile de l\u00e2ng\u0103 Poarta a III-a a Cet\u0103\u0163ii, \u00een Alba Iulia.<\/p>\n<p>Succesul de care se bucur\u0103 festivalul este demonstrat \u0219i din faptul c\u0103 exit\u0103 piese pentru care s-au epuizat toate bilete \u0219i altele pentru care se mai g\u0103sesc doar pu\u021bine.<\/p>\n<p>\u201eVocea Uman\u0103\u201d \u0219i \u201eTitanic Vals\u201d se afl\u0103 printre preferate publicului \u0219i toate biletele pentru aceste spectacole au fost deja v\u00e2ndute.<\/p>\n<p>\u201e\u00centodeauna sunt dou\u0103 spectacole care fur\u0103 ochii spectatorilor \u0219i anul acesta se pare c\u0103 acestea dou\u0103 au fost capete de afi\u0219. O s\u0103 avem \u0219i acel eveniment de la Blaj, cu domnul Marcel Iure\u0219 \u0219i vom \u021bine acolo spectacolul \u201eAbsolut\u201d \u0219i sper\u0103m \u00een fiecare an s\u0103 putem atinge un ora\u0219 sau dou\u0103 din jude\u021b\u201d, a spus directorul festivalului, Ioana Bog\u0103\u021ban.<\/p>\n<p><a href=\"http:\/\/urbeamea.ro\/albaiulia\/wp-content\/uploads\/2015\/09\/Picture-0097.jpg\"><img loading=\"lazy\" decoding=\"async\" class=\"alignleft wp-image-8559 size-medium\" src=\"http:\/\/urbeamea.ro\/albaiulia\/wp-content\/uploads\/2015\/09\/Picture-0097-300x200.jpg\" alt=\"Picture 009\" width=\"300\" height=\"200\" srcset=\"https:\/\/urbeamea.ro\/albaiulia\/wp-content\/uploads\/2015\/09\/Picture-0097-300x200.jpg 300w, https:\/\/urbeamea.ro\/albaiulia\/wp-content\/uploads\/2015\/09\/Picture-0097-150x100.jpg 150w, https:\/\/urbeamea.ro\/albaiulia\/wp-content\/uploads\/2015\/09\/Picture-0097-1024x682.jpg 1024w, https:\/\/urbeamea.ro\/albaiulia\/wp-content\/uploads\/2015\/09\/Picture-0097-321x214.jpg 321w, https:\/\/urbeamea.ro\/albaiulia\/wp-content\/uploads\/2015\/09\/Picture-0097-140x94.jpg 140w, https:\/\/urbeamea.ro\/albaiulia\/wp-content\/uploads\/2015\/09\/Picture-0097.jpg 1280w\" sizes=\"auto, (max-width: 300px) 100vw, 300px\" \/><\/a>Spectacolel, \u00een total 25, sunt produc\u0163ii at\u00e2t din Rom\u00e2nia (Bucure\u015fti, Bra\u015fov, Cluj-Napoca, Craiova, Gala\u0163i, Oradea, Ploie\u015fti, T\u00e2rgu Mure\u015f), c\u00e2t \u015fi din str\u0103in\u0103tate (Belgia, Fran\u0163a, Republica Moldova). C\u00e2t despre numele mari care vor da nuna\u0163aafi\u015fului de festival, \u00eei amintim pe Marcel Iure\u015f, Pascal Bruckner, Oana Pellea, Maia Morgenstern, Vlad Zamfirescu, Anca Sigart\u0103u \u015fi Doru Ana.<\/p>\n<p>Except\u00e2nd spectacolele propriu-zise, festivalul va con\u0163ine o serie de evenimente speciale. Primul va avea loc luni, 5 octombrie \u015fi va fi dedicat \u00een \u00eentregime marelui scriitor francez Pascal Bruckner, care va fi prezent \u00een cadrul a trei momente. Este vorba despre o conferin\u0163\u0103 la Universitatea &#8222;1 Decembrie 1918&#8221;, o lansare de carte la Biblioteca Battyaneum \u015fi un spectacol-lectur\u0103, pe texte de Pascal Bruckner, care se va desf\u0103\u015fura \u00eentr-una din s\u0103lile Centrului Cultural &#8211; Castel S\u00e2ncrai, de la S\u00e2ncrai (l\u00e2ng\u0103 Aiud). Un ale eveniment semnificativ va avea loc Duminic\u0103, 11 octombrie, respectiv lansarea de carte <em>S\u0103 r\u00e2dem cu nea M\u0103rin<\/em>, scris\u0103 de Amza Pellea \u015fi prezentat\u0103 de \u00eens\u0103\u015fi fiica sa, Oana Pellea.<\/p>\n<p>Ca \u00een fiecare an, festivalul are propriul s\u0103u ziar, intitulat &#8222;Pove\u015fti&#8221;, \u00een paginile c\u0103ruia vor fi publicate cronici, interviuri, articole de specialitate, articole de opinie, pamflete, caricaturi \u015fi fotografii de festival. Ziarul va fi distribuit la fiecare loca\u0163ie de spectacol. De asemenea, fiecare zi va \u00eencepe cu tradi\u0163ionala &#8222;Cafea cu t\u00e2lc&#8221;, \u00een Vlubul festivalului (Art Cafe). Festivalul con\u0163ine de asemenea, expozi\u0163ii foto, de caricatur\u0103, ateliere de scenografie, critic\u0103 teatral\u0103 \u015fi m\u00e2nuire marionete, care au suscitate, deja, interesul a zeci de tineri participan\u0163i.<\/p>\n<p>Bilete s-au pus deja \u00een v\u00e2nzare \u0219i se pot achizi\u021biona at\u00e2t online, c\u00e2t \u0219i de la s\u0103lie de spectacol. Pre\u021bul este de 18 lei pentru adul\u021bi \u0219i 5 lei pentru copii.<\/p>\n<p>Bugetul total al evenimentului este de 550.000 de lei, potrivit organizatorilor.<\/p>\n<p><a href=\"http:\/\/urbeamea.ro\/albaiulia\/5-11-octombrie-editia-cu-numarul-x-a-festivalului-international-de-teatru-povesti-la-alba-iulia-programul\/\" target=\"_blank\">AICI<\/a> programul \u00eentregului festival.<\/p>\n<p>&nbsp;<\/p>\n","protected":false},"excerpt":{"rendered":"<p>La Alba Iulia, \u00een perioada 5-11 octombrie \u00eencepe tradi\u0163ionalul Festival Interna\u0163ional de Teatru \u201ePove\u015fti\u201d, edi\u0163ia a X-a. \u00cen cadrul acestei edi\u0163ii aniversare, organizatorii evenimentului \u00eei aduc pe scen\u0103 pe scriitorul francez Pascal Bruckner, actorii Ion Caramitru \u015fi Hora\u0163iu M\u0103l\u0103ele, Vlad Zamfirescu, Maia Morgenstern, Pavel Barto\u0219, Gheorghe Ifrim, Oana Pelea, dar \u0219i mul\u021bi al\u021bii, \u00een reprezenta\u0163ii &hellip;<\/p>\n","protected":false},"author":17,"featured_media":8558,"comment_status":"open","ping_status":"open","sticky":false,"template":"","format":"standard","meta":{"inline_featured_image":false,"footnotes":""},"categories":[2038],"tags":[363,31,455,456,361,308,454,76],"class_list":["post-8556","post","type-post","status-publish","format-standard","has-post-thumbnail","hentry","category-cultura","tag-actori","tag-alba-iulia","tag-festival-international","tag-lansare-de-carte","tag-scena","tag-stiri","tag-teatru-povesti","tag-urbea-mea"],"yoast_head":"<!-- This site is optimized with the Yoast SEO plugin v27.4 - https:\/\/yoast.com\/product\/yoast-seo-wordpress\/ -->\n<title>\u015eapte zile de teatru \u015fi pove\u015fti la Alba Iulia: Zeci de piese \u0219i actori la edi\u021bia aniversar\u0103 a Festivalului Interna\u021bional de Teatru - Revista Urbea Mea - Revista de Alba<\/title>\n<meta name=\"description\" content=\"La Alba Iulia, \u00een perioada 5-11 octombrie \u00eencepe tradi\u0163ionalul Festival Interna\u0163ional de Teatru \u201ePove\u015fti\u201d, edi\u0163ia a X-a. \u00cen cadrul acestei edi\u0163ii\" \/>\n<meta name=\"robots\" content=\"index, follow, max-snippet:-1, max-image-preview:large, max-video-preview:-1\" \/>\n<link rel=\"canonical\" href=\"https:\/\/urbeamea.ro\/albaiulia\/sapte-zile-de-teatru-si-povesti-la-alba-iulia-zeci-de-piese-si-actori-la-editia-aniversara-a-festivalului-international-de-teatru\/\" \/>\n<meta name=\"twitter:card\" content=\"summary_large_image\" \/>\n<meta name=\"twitter:title\" content=\"\u015eapte zile de teatru \u015fi pove\u015fti la Alba Iulia: Zeci de piese \u0219i actori la edi\u021bia aniversar\u0103 a Festivalului Interna\u021bional de Teatru - Revista Urbea Mea - Revista de Alba\" \/>\n<meta name=\"twitter:description\" content=\"La Alba Iulia, \u00een perioada 5-11 octombrie \u00eencepe tradi\u0163ionalul Festival Interna\u0163ional de Teatru \u201ePove\u015fti\u201d, edi\u0163ia a X-a. \u00cen cadrul acestei edi\u0163ii\" \/>\n<meta name=\"twitter:image\" content=\"https:\/\/urbeamea.ro\/albaiulia\/wp-content\/uploads\/2015\/09\/Picture-0128.jpg\" \/>\n<meta name=\"twitter:creator\" content=\"@urbeameaweb\" \/>\n<meta name=\"twitter:site\" content=\"@urbeameaweb\" \/>\n<script type=\"application\/ld+json\" class=\"yoast-schema-graph\">{\"@context\":\"https:\\\/\\\/schema.org\",\"@graph\":[{\"@type\":\"Article\",\"@id\":\"https:\\\/\\\/urbeamea.ro\\\/albaiulia\\\/sapte-zile-de-teatru-si-povesti-la-alba-iulia-zeci-de-piese-si-actori-la-editia-aniversara-a-festivalului-international-de-teatru\\\/#article\",\"isPartOf\":{\"@id\":\"https:\\\/\\\/urbeamea.ro\\\/albaiulia\\\/sapte-zile-de-teatru-si-povesti-la-alba-iulia-zeci-de-piese-si-actori-la-editia-aniversara-a-festivalului-international-de-teatru\\\/\"},\"author\":{\"name\":\"Cristina Ganga\",\"@id\":\"https:\\\/\\\/urbeamea.ro\\\/albaiulia\\\/#\\\/schema\\\/person\\\/9700d21fae21c4f038b0b56f4506264a\"},\"headline\":\"\u015eapte zile de teatru \u015fi pove\u015fti la Alba Iulia: Zeci de piese \u0219i actori la edi\u021bia aniversar\u0103 a Festivalului Interna\u021bional de Teatru\",\"datePublished\":\"2015-09-28T11:10:59+00:00\",\"dateModified\":\"2016-01-18T17:12:47+00:00\",\"mainEntityOfPage\":{\"@id\":\"https:\\\/\\\/urbeamea.ro\\\/albaiulia\\\/sapte-zile-de-teatru-si-povesti-la-alba-iulia-zeci-de-piese-si-actori-la-editia-aniversara-a-festivalului-international-de-teatru\\\/\"},\"wordCount\":948,\"commentCount\":0,\"image\":{\"@id\":\"https:\\\/\\\/urbeamea.ro\\\/albaiulia\\\/sapte-zile-de-teatru-si-povesti-la-alba-iulia-zeci-de-piese-si-actori-la-editia-aniversara-a-festivalului-international-de-teatru\\\/#primaryimage\"},\"thumbnailUrl\":\"https:\\\/\\\/urbeamea.ro\\\/albaiulia\\\/wp-content\\\/uploads\\\/2015\\\/09\\\/Picture-0128.jpg\",\"keywords\":[\"actori\",\"Alba Iulia\",\"festival international\",\"lansare de carte\",\"scena\",\"stiri\",\"teatru povesti\",\"Urbea Mea\"],\"articleSection\":[\"Cultur\u0103\"],\"inLanguage\":\"ro-RO\",\"potentialAction\":[{\"@type\":\"CommentAction\",\"name\":\"Comment\",\"target\":[\"https:\\\/\\\/urbeamea.ro\\\/albaiulia\\\/sapte-zile-de-teatru-si-povesti-la-alba-iulia-zeci-de-piese-si-actori-la-editia-aniversara-a-festivalului-international-de-teatru\\\/#respond\"]}]},{\"@type\":\"WebPage\",\"@id\":\"https:\\\/\\\/urbeamea.ro\\\/albaiulia\\\/sapte-zile-de-teatru-si-povesti-la-alba-iulia-zeci-de-piese-si-actori-la-editia-aniversara-a-festivalului-international-de-teatru\\\/\",\"url\":\"https:\\\/\\\/urbeamea.ro\\\/albaiulia\\\/sapte-zile-de-teatru-si-povesti-la-alba-iulia-zeci-de-piese-si-actori-la-editia-aniversara-a-festivalului-international-de-teatru\\\/\",\"name\":\"\u015eapte zile de teatru \u015fi pove\u015fti la Alba Iulia: Zeci de piese \u0219i actori la edi\u021bia aniversar\u0103 a Festivalului Interna\u021bional de Teatru - Revista Urbea Mea - Revista de Alba\",\"isPartOf\":{\"@id\":\"https:\\\/\\\/urbeamea.ro\\\/albaiulia\\\/#website\"},\"primaryImageOfPage\":{\"@id\":\"https:\\\/\\\/urbeamea.ro\\\/albaiulia\\\/sapte-zile-de-teatru-si-povesti-la-alba-iulia-zeci-de-piese-si-actori-la-editia-aniversara-a-festivalului-international-de-teatru\\\/#primaryimage\"},\"image\":{\"@id\":\"https:\\\/\\\/urbeamea.ro\\\/albaiulia\\\/sapte-zile-de-teatru-si-povesti-la-alba-iulia-zeci-de-piese-si-actori-la-editia-aniversara-a-festivalului-international-de-teatru\\\/#primaryimage\"},\"thumbnailUrl\":\"https:\\\/\\\/urbeamea.ro\\\/albaiulia\\\/wp-content\\\/uploads\\\/2015\\\/09\\\/Picture-0128.jpg\",\"datePublished\":\"2015-09-28T11:10:59+00:00\",\"dateModified\":\"2016-01-18T17:12:47+00:00\",\"author\":{\"@id\":\"https:\\\/\\\/urbeamea.ro\\\/albaiulia\\\/#\\\/schema\\\/person\\\/9700d21fae21c4f038b0b56f4506264a\"},\"description\":\"La Alba Iulia, \u00een perioada 5-11 octombrie \u00eencepe tradi\u0163ionalul Festival Interna\u0163ional de Teatru \u201ePove\u015fti\u201d, edi\u0163ia a X-a. \u00cen cadrul acestei edi\u0163ii\",\"breadcrumb\":{\"@id\":\"https:\\\/\\\/urbeamea.ro\\\/albaiulia\\\/sapte-zile-de-teatru-si-povesti-la-alba-iulia-zeci-de-piese-si-actori-la-editia-aniversara-a-festivalului-international-de-teatru\\\/#breadcrumb\"},\"inLanguage\":\"ro-RO\",\"potentialAction\":[{\"@type\":\"ReadAction\",\"target\":[\"https:\\\/\\\/urbeamea.ro\\\/albaiulia\\\/sapte-zile-de-teatru-si-povesti-la-alba-iulia-zeci-de-piese-si-actori-la-editia-aniversara-a-festivalului-international-de-teatru\\\/\"]}]},{\"@type\":\"ImageObject\",\"inLanguage\":\"ro-RO\",\"@id\":\"https:\\\/\\\/urbeamea.ro\\\/albaiulia\\\/sapte-zile-de-teatru-si-povesti-la-alba-iulia-zeci-de-piese-si-actori-la-editia-aniversara-a-festivalului-international-de-teatru\\\/#primaryimage\",\"url\":\"https:\\\/\\\/urbeamea.ro\\\/albaiulia\\\/wp-content\\\/uploads\\\/2015\\\/09\\\/Picture-0128.jpg\",\"contentUrl\":\"https:\\\/\\\/urbeamea.ro\\\/albaiulia\\\/wp-content\\\/uploads\\\/2015\\\/09\\\/Picture-0128.jpg\",\"width\":1280,\"height\":853},{\"@type\":\"BreadcrumbList\",\"@id\":\"https:\\\/\\\/urbeamea.ro\\\/albaiulia\\\/sapte-zile-de-teatru-si-povesti-la-alba-iulia-zeci-de-piese-si-actori-la-editia-aniversara-a-festivalului-international-de-teatru\\\/#breadcrumb\",\"itemListElement\":[{\"@type\":\"ListItem\",\"position\":1,\"name\":\"Prima pagin\u0103\",\"item\":\"https:\\\/\\\/urbeamea.ro\\\/albaiulia\\\/\"},{\"@type\":\"ListItem\",\"position\":2,\"name\":\"\u015eapte zile de teatru \u015fi pove\u015fti la Alba Iulia: Zeci de piese \u0219i actori la edi\u021bia aniversar\u0103 a Festivalului Interna\u021bional de Teatru\"}]},{\"@type\":\"WebSite\",\"@id\":\"https:\\\/\\\/urbeamea.ro\\\/albaiulia\\\/#website\",\"url\":\"https:\\\/\\\/urbeamea.ro\\\/albaiulia\\\/\",\"name\":\"Revista Urbea Mea, Stiri urbane\",\"description\":\"Evenimente \u0219i \u0219tiri din Alba Iulia, Sebe\u0219, Aiud, Blaj\",\"potentialAction\":[{\"@type\":\"SearchAction\",\"target\":{\"@type\":\"EntryPoint\",\"urlTemplate\":\"https:\\\/\\\/urbeamea.ro\\\/albaiulia\\\/?s={search_term_string}\"},\"query-input\":{\"@type\":\"PropertyValueSpecification\",\"valueRequired\":true,\"valueName\":\"search_term_string\"}}],\"inLanguage\":\"ro-RO\"},{\"@type\":\"Person\",\"@id\":\"https:\\\/\\\/urbeamea.ro\\\/albaiulia\\\/#\\\/schema\\\/person\\\/9700d21fae21c4f038b0b56f4506264a\",\"name\":\"Cristina Ganga\",\"image\":{\"@type\":\"ImageObject\",\"inLanguage\":\"ro-RO\",\"@id\":\"https:\\\/\\\/secure.gravatar.com\\\/avatar\\\/5a67661041f057b4a8ccaf26f5a8e86e2689372006d01faf3dd9eeb10b654bb4?s=96&d=mm&r=g\",\"url\":\"https:\\\/\\\/secure.gravatar.com\\\/avatar\\\/5a67661041f057b4a8ccaf26f5a8e86e2689372006d01faf3dd9eeb10b654bb4?s=96&d=mm&r=g\",\"contentUrl\":\"https:\\\/\\\/secure.gravatar.com\\\/avatar\\\/5a67661041f057b4a8ccaf26f5a8e86e2689372006d01faf3dd9eeb10b654bb4?s=96&d=mm&r=g\",\"caption\":\"Cristina Ganga\"},\"description\":\"Jurnalist\",\"sameAs\":[\"https:\\\/\\\/www.facebook.com\\\/cristina.nicola.587\"],\"url\":\"https:\\\/\\\/urbeamea.ro\\\/albaiulia\\\/author\\\/cristina-nicola\\\/\"}]}<\/script>\n<!-- \/ Yoast SEO plugin. -->","yoast_head_json":{"title":"\u015eapte zile de teatru \u015fi pove\u015fti la Alba Iulia: Zeci de piese \u0219i actori la edi\u021bia aniversar\u0103 a Festivalului Interna\u021bional de Teatru - Revista Urbea Mea - Revista de Alba","description":"La Alba Iulia, \u00een perioada 5-11 octombrie \u00eencepe tradi\u0163ionalul Festival Interna\u0163ional de Teatru \u201ePove\u015fti\u201d, edi\u0163ia a X-a. \u00cen cadrul acestei edi\u0163ii","robots":{"index":"index","follow":"follow","max-snippet":"max-snippet:-1","max-image-preview":"max-image-preview:large","max-video-preview":"max-video-preview:-1"},"canonical":"https:\/\/urbeamea.ro\/albaiulia\/sapte-zile-de-teatru-si-povesti-la-alba-iulia-zeci-de-piese-si-actori-la-editia-aniversara-a-festivalului-international-de-teatru\/","twitter_card":"summary_large_image","twitter_title":"\u015eapte zile de teatru \u015fi pove\u015fti la Alba Iulia: Zeci de piese \u0219i actori la edi\u021bia aniversar\u0103 a Festivalului Interna\u021bional de Teatru - Revista Urbea Mea - Revista de Alba","twitter_description":"La Alba Iulia, \u00een perioada 5-11 octombrie \u00eencepe tradi\u0163ionalul Festival Interna\u0163ional de Teatru \u201ePove\u015fti\u201d, edi\u0163ia a X-a. \u00cen cadrul acestei edi\u0163ii","twitter_image":"https:\/\/urbeamea.ro\/albaiulia\/wp-content\/uploads\/2015\/09\/Picture-0128.jpg","twitter_creator":"@urbeameaweb","twitter_site":"@urbeameaweb","schema":{"@context":"https:\/\/schema.org","@graph":[{"@type":"Article","@id":"https:\/\/urbeamea.ro\/albaiulia\/sapte-zile-de-teatru-si-povesti-la-alba-iulia-zeci-de-piese-si-actori-la-editia-aniversara-a-festivalului-international-de-teatru\/#article","isPartOf":{"@id":"https:\/\/urbeamea.ro\/albaiulia\/sapte-zile-de-teatru-si-povesti-la-alba-iulia-zeci-de-piese-si-actori-la-editia-aniversara-a-festivalului-international-de-teatru\/"},"author":{"name":"Cristina Ganga","@id":"https:\/\/urbeamea.ro\/albaiulia\/#\/schema\/person\/9700d21fae21c4f038b0b56f4506264a"},"headline":"\u015eapte zile de teatru \u015fi pove\u015fti la Alba Iulia: Zeci de piese \u0219i actori la edi\u021bia aniversar\u0103 a Festivalului Interna\u021bional de Teatru","datePublished":"2015-09-28T11:10:59+00:00","dateModified":"2016-01-18T17:12:47+00:00","mainEntityOfPage":{"@id":"https:\/\/urbeamea.ro\/albaiulia\/sapte-zile-de-teatru-si-povesti-la-alba-iulia-zeci-de-piese-si-actori-la-editia-aniversara-a-festivalului-international-de-teatru\/"},"wordCount":948,"commentCount":0,"image":{"@id":"https:\/\/urbeamea.ro\/albaiulia\/sapte-zile-de-teatru-si-povesti-la-alba-iulia-zeci-de-piese-si-actori-la-editia-aniversara-a-festivalului-international-de-teatru\/#primaryimage"},"thumbnailUrl":"https:\/\/urbeamea.ro\/albaiulia\/wp-content\/uploads\/2015\/09\/Picture-0128.jpg","keywords":["actori","Alba Iulia","festival international","lansare de carte","scena","stiri","teatru povesti","Urbea Mea"],"articleSection":["Cultur\u0103"],"inLanguage":"ro-RO","potentialAction":[{"@type":"CommentAction","name":"Comment","target":["https:\/\/urbeamea.ro\/albaiulia\/sapte-zile-de-teatru-si-povesti-la-alba-iulia-zeci-de-piese-si-actori-la-editia-aniversara-a-festivalului-international-de-teatru\/#respond"]}]},{"@type":"WebPage","@id":"https:\/\/urbeamea.ro\/albaiulia\/sapte-zile-de-teatru-si-povesti-la-alba-iulia-zeci-de-piese-si-actori-la-editia-aniversara-a-festivalului-international-de-teatru\/","url":"https:\/\/urbeamea.ro\/albaiulia\/sapte-zile-de-teatru-si-povesti-la-alba-iulia-zeci-de-piese-si-actori-la-editia-aniversara-a-festivalului-international-de-teatru\/","name":"\u015eapte zile de teatru \u015fi pove\u015fti la Alba Iulia: Zeci de piese \u0219i actori la edi\u021bia aniversar\u0103 a Festivalului Interna\u021bional de Teatru - Revista Urbea Mea - Revista de Alba","isPartOf":{"@id":"https:\/\/urbeamea.ro\/albaiulia\/#website"},"primaryImageOfPage":{"@id":"https:\/\/urbeamea.ro\/albaiulia\/sapte-zile-de-teatru-si-povesti-la-alba-iulia-zeci-de-piese-si-actori-la-editia-aniversara-a-festivalului-international-de-teatru\/#primaryimage"},"image":{"@id":"https:\/\/urbeamea.ro\/albaiulia\/sapte-zile-de-teatru-si-povesti-la-alba-iulia-zeci-de-piese-si-actori-la-editia-aniversara-a-festivalului-international-de-teatru\/#primaryimage"},"thumbnailUrl":"https:\/\/urbeamea.ro\/albaiulia\/wp-content\/uploads\/2015\/09\/Picture-0128.jpg","datePublished":"2015-09-28T11:10:59+00:00","dateModified":"2016-01-18T17:12:47+00:00","author":{"@id":"https:\/\/urbeamea.ro\/albaiulia\/#\/schema\/person\/9700d21fae21c4f038b0b56f4506264a"},"description":"La Alba Iulia, \u00een perioada 5-11 octombrie \u00eencepe tradi\u0163ionalul Festival Interna\u0163ional de Teatru \u201ePove\u015fti\u201d, edi\u0163ia a X-a. \u00cen cadrul acestei edi\u0163ii","breadcrumb":{"@id":"https:\/\/urbeamea.ro\/albaiulia\/sapte-zile-de-teatru-si-povesti-la-alba-iulia-zeci-de-piese-si-actori-la-editia-aniversara-a-festivalului-international-de-teatru\/#breadcrumb"},"inLanguage":"ro-RO","potentialAction":[{"@type":"ReadAction","target":["https:\/\/urbeamea.ro\/albaiulia\/sapte-zile-de-teatru-si-povesti-la-alba-iulia-zeci-de-piese-si-actori-la-editia-aniversara-a-festivalului-international-de-teatru\/"]}]},{"@type":"ImageObject","inLanguage":"ro-RO","@id":"https:\/\/urbeamea.ro\/albaiulia\/sapte-zile-de-teatru-si-povesti-la-alba-iulia-zeci-de-piese-si-actori-la-editia-aniversara-a-festivalului-international-de-teatru\/#primaryimage","url":"https:\/\/urbeamea.ro\/albaiulia\/wp-content\/uploads\/2015\/09\/Picture-0128.jpg","contentUrl":"https:\/\/urbeamea.ro\/albaiulia\/wp-content\/uploads\/2015\/09\/Picture-0128.jpg","width":1280,"height":853},{"@type":"BreadcrumbList","@id":"https:\/\/urbeamea.ro\/albaiulia\/sapte-zile-de-teatru-si-povesti-la-alba-iulia-zeci-de-piese-si-actori-la-editia-aniversara-a-festivalului-international-de-teatru\/#breadcrumb","itemListElement":[{"@type":"ListItem","position":1,"name":"Prima pagin\u0103","item":"https:\/\/urbeamea.ro\/albaiulia\/"},{"@type":"ListItem","position":2,"name":"\u015eapte zile de teatru \u015fi pove\u015fti la Alba Iulia: Zeci de piese \u0219i actori la edi\u021bia aniversar\u0103 a Festivalului Interna\u021bional de Teatru"}]},{"@type":"WebSite","@id":"https:\/\/urbeamea.ro\/albaiulia\/#website","url":"https:\/\/urbeamea.ro\/albaiulia\/","name":"Revista Urbea Mea, Stiri urbane","description":"Evenimente \u0219i \u0219tiri din Alba Iulia, Sebe\u0219, Aiud, Blaj","potentialAction":[{"@type":"SearchAction","target":{"@type":"EntryPoint","urlTemplate":"https:\/\/urbeamea.ro\/albaiulia\/?s={search_term_string}"},"query-input":{"@type":"PropertyValueSpecification","valueRequired":true,"valueName":"search_term_string"}}],"inLanguage":"ro-RO"},{"@type":"Person","@id":"https:\/\/urbeamea.ro\/albaiulia\/#\/schema\/person\/9700d21fae21c4f038b0b56f4506264a","name":"Cristina Ganga","image":{"@type":"ImageObject","inLanguage":"ro-RO","@id":"https:\/\/secure.gravatar.com\/avatar\/5a67661041f057b4a8ccaf26f5a8e86e2689372006d01faf3dd9eeb10b654bb4?s=96&d=mm&r=g","url":"https:\/\/secure.gravatar.com\/avatar\/5a67661041f057b4a8ccaf26f5a8e86e2689372006d01faf3dd9eeb10b654bb4?s=96&d=mm&r=g","contentUrl":"https:\/\/secure.gravatar.com\/avatar\/5a67661041f057b4a8ccaf26f5a8e86e2689372006d01faf3dd9eeb10b654bb4?s=96&d=mm&r=g","caption":"Cristina Ganga"},"description":"Jurnalist","sameAs":["https:\/\/www.facebook.com\/cristina.nicola.587"],"url":"https:\/\/urbeamea.ro\/albaiulia\/author\/cristina-nicola\/"}]}},"_links":{"self":[{"href":"https:\/\/urbeamea.ro\/albaiulia\/wp-json\/wp\/v2\/posts\/8556","targetHints":{"allow":["GET"]}}],"collection":[{"href":"https:\/\/urbeamea.ro\/albaiulia\/wp-json\/wp\/v2\/posts"}],"about":[{"href":"https:\/\/urbeamea.ro\/albaiulia\/wp-json\/wp\/v2\/types\/post"}],"author":[{"embeddable":true,"href":"https:\/\/urbeamea.ro\/albaiulia\/wp-json\/wp\/v2\/users\/17"}],"replies":[{"embeddable":true,"href":"https:\/\/urbeamea.ro\/albaiulia\/wp-json\/wp\/v2\/comments?post=8556"}],"version-history":[{"count":0,"href":"https:\/\/urbeamea.ro\/albaiulia\/wp-json\/wp\/v2\/posts\/8556\/revisions"}],"wp:featuredmedia":[{"embeddable":true,"href":"https:\/\/urbeamea.ro\/albaiulia\/wp-json\/wp\/v2\/media\/8558"}],"wp:attachment":[{"href":"https:\/\/urbeamea.ro\/albaiulia\/wp-json\/wp\/v2\/media?parent=8556"}],"wp:term":[{"taxonomy":"category","embeddable":true,"href":"https:\/\/urbeamea.ro\/albaiulia\/wp-json\/wp\/v2\/categories?post=8556"},{"taxonomy":"post_tag","embeddable":true,"href":"https:\/\/urbeamea.ro\/albaiulia\/wp-json\/wp\/v2\/tags?post=8556"}],"curies":[{"name":"wp","href":"https:\/\/api.w.org\/{rel}","templated":true}]}}