{"id":8568,"date":"2015-09-28T16:08:38","date_gmt":"2015-09-28T13:08:38","guid":{"rendered":"http:\/\/urbeamea.ro\/albaiulia\/?p=8568"},"modified":"2016-01-18T19:12:34","modified_gmt":"2016-01-18T17:12:34","slug":"avertizare-meteo-temperaturile-continua-sa-scada-si-marti-zonele-in-care-va-ploua","status":"publish","type":"post","link":"https:\/\/urbeamea.ro\/albaiulia\/avertizare-meteo-temperaturile-continua-sa-scada-si-marti-zonele-in-care-va-ploua\/","title":{"rendered":"Avertizare meteo: Temperaturile continu\u0103 s\u0103 scad\u0103 \u015fi mar\u0163i. Zonele \u00een care va ploua"},"content":{"rendered":"<p><strong>Administra\u021bia Na\u021bional\u0103 de Meteorologie transmite c\u0103 p\u00e2n\u0103 mar\u021bi seara, vremea va fi rece pentru aceast\u0103 perioad\u0103 \u0219i se vor semnala ploi.<\/strong><\/p>\n<p>Dac\u0103 luni este Cod galben pentru sudul \u021b\u0103rii \u0219i zona montan\u0103 din Sibiu \u0219i Prahova, mar\u021bi vremea se men\u021bine rece, \u00een toate regiunile \u021b\u0103rii \u0219i temperaturile continu\u0103 s\u0103 scad\u0103.<\/p>\n<p>Aria ploilor se va restr\u00e2nge treptat c\u0103tre sud-estul \u0163\u0103rii, unde cantit\u0103\u0163ile de ap\u0103 vor mai dep\u0103\u015fi 15-20 l\/mp.<\/p>\n<p>\u00cen sudul Moldovei, B\u0103r\u0103gan \u015fi Dobrogea v\u00e2ntul va avea intensific\u0103ri, cu rafale de 50-55 km\/h.<\/p>\n<p><em>sursa: meteoromania.ro<\/em><\/p>\n","protected":false},"excerpt":{"rendered":"<p>Administra\u021bia Na\u021bional\u0103 de Meteorologie transmite c\u0103 p\u00e2n\u0103 mar\u021bi seara, vremea va fi rece pentru aceast\u0103 perioad\u0103 \u0219i se vor semnala ploi. Dac\u0103 luni este Cod galben pentru sudul \u021b\u0103rii \u0219i zona montan\u0103 din Sibiu \u0219i Prahova, mar\u021bi vremea se men\u021bine rece, \u00een toate regiunile \u021b\u0103rii \u0219i temperaturile continu\u0103 s\u0103 scad\u0103. Aria ploilor se va restr\u00e2nge &hellip;<\/p>\n","protected":false},"author":17,"featured_media":8570,"comment_status":"open","ping_status":"open","sticky":false,"template":"","format":"standard","meta":{"inline_featured_image":false,"footnotes":""},"categories":[2034],"tags":[368,391,308,339,76],"class_list":["post-8568","post","type-post","status-publish","format-standard","has-post-thumbnail","hentry","category-social","tag-cod-galben","tag-ploi","tag-stiri","tag-temperaturi","tag-urbea-mea"],"yoast_head":"<!-- This site is optimized with the Yoast SEO plugin v27.4 - https:\/\/yoast.com\/product\/yoast-seo-wordpress\/ -->\n<title>Avertizare meteo: Temperaturile continu\u0103 s\u0103 scad\u0103 \u015fi mar\u0163i. Zonele \u00een care va ploua - Revista Urbea Mea - Revista de Alba<\/title>\n<meta name=\"description\" content=\"Administra\u021bia Na\u021bional\u0103 de Meteorologie transmite c\u0103 p\u00e2n\u0103 mar\u021bi seara, vremea va fi rece pentru aceast\u0103 perioad\u0103 \u0219i se vor semnala ploi. Dac\u0103 luni este\" \/>\n<meta name=\"robots\" content=\"index, follow, max-snippet:-1, max-image-preview:large, max-video-preview:-1\" \/>\n<link rel=\"canonical\" href=\"https:\/\/urbeamea.ro\/albaiulia\/avertizare-meteo-temperaturile-continua-sa-scada-si-marti-zonele-in-care-va-ploua\/\" \/>\n<meta name=\"twitter:card\" content=\"summary_large_image\" \/>\n<meta name=\"twitter:title\" content=\"Avertizare meteo: Temperaturile continu\u0103 s\u0103 scad\u0103 \u015fi mar\u0163i. Zonele \u00een care va ploua - Revista Urbea Mea - Revista de Alba\" \/>\n<meta name=\"twitter:description\" content=\"Administra\u021bia Na\u021bional\u0103 de Meteorologie transmite c\u0103 p\u00e2n\u0103 mar\u021bi seara, vremea va fi rece pentru aceast\u0103 perioad\u0103 \u0219i se vor semnala ploi. Dac\u0103 luni este\" \/>\n<meta name=\"twitter:image\" content=\"https:\/\/urbeamea.ro\/albaiulia\/wp-content\/uploads\/2015\/09\/ploaie.jpg\" \/>\n<meta name=\"twitter:creator\" content=\"@urbeameaweb\" \/>\n<meta name=\"twitter:site\" content=\"@urbeameaweb\" \/>\n<script type=\"application\/ld+json\" class=\"yoast-schema-graph\">{\"@context\":\"https:\\\/\\\/schema.org\",\"@graph\":[{\"@type\":\"Article\",\"@id\":\"https:\\\/\\\/urbeamea.ro\\\/albaiulia\\\/avertizare-meteo-temperaturile-continua-sa-scada-si-marti-zonele-in-care-va-ploua\\\/#article\",\"isPartOf\":{\"@id\":\"https:\\\/\\\/urbeamea.ro\\\/albaiulia\\\/avertizare-meteo-temperaturile-continua-sa-scada-si-marti-zonele-in-care-va-ploua\\\/\"},\"author\":{\"name\":\"Cristina Ganga\",\"@id\":\"https:\\\/\\\/urbeamea.ro\\\/albaiulia\\\/#\\\/schema\\\/person\\\/9700d21fae21c4f038b0b56f4506264a\"},\"headline\":\"Avertizare meteo: Temperaturile continu\u0103 s\u0103 scad\u0103 \u015fi mar\u0163i. Zonele \u00een care va ploua\",\"datePublished\":\"2015-09-28T13:08:38+00:00\",\"dateModified\":\"2016-01-18T17:12:34+00:00\",\"mainEntityOfPage\":{\"@id\":\"https:\\\/\\\/urbeamea.ro\\\/albaiulia\\\/avertizare-meteo-temperaturile-continua-sa-scada-si-marti-zonele-in-care-va-ploua\\\/\"},\"wordCount\":116,\"commentCount\":0,\"image\":{\"@id\":\"https:\\\/\\\/urbeamea.ro\\\/albaiulia\\\/avertizare-meteo-temperaturile-continua-sa-scada-si-marti-zonele-in-care-va-ploua\\\/#primaryimage\"},\"thumbnailUrl\":\"https:\\\/\\\/urbeamea.ro\\\/albaiulia\\\/wp-content\\\/uploads\\\/2015\\\/09\\\/ploaie.jpg\",\"keywords\":[\"cod galben\",\"ploi\",\"stiri\",\"temperaturi\",\"Urbea Mea\"],\"articleSection\":[\"Social\"],\"inLanguage\":\"ro-RO\",\"potentialAction\":[{\"@type\":\"CommentAction\",\"name\":\"Comment\",\"target\":[\"https:\\\/\\\/urbeamea.ro\\\/albaiulia\\\/avertizare-meteo-temperaturile-continua-sa-scada-si-marti-zonele-in-care-va-ploua\\\/#respond\"]}]},{\"@type\":\"WebPage\",\"@id\":\"https:\\\/\\\/urbeamea.ro\\\/albaiulia\\\/avertizare-meteo-temperaturile-continua-sa-scada-si-marti-zonele-in-care-va-ploua\\\/\",\"url\":\"https:\\\/\\\/urbeamea.ro\\\/albaiulia\\\/avertizare-meteo-temperaturile-continua-sa-scada-si-marti-zonele-in-care-va-ploua\\\/\",\"name\":\"Avertizare meteo: Temperaturile continu\u0103 s\u0103 scad\u0103 \u015fi mar\u0163i. Zonele \u00een care va ploua - Revista Urbea Mea - Revista de Alba\",\"isPartOf\":{\"@id\":\"https:\\\/\\\/urbeamea.ro\\\/albaiulia\\\/#website\"},\"primaryImageOfPage\":{\"@id\":\"https:\\\/\\\/urbeamea.ro\\\/albaiulia\\\/avertizare-meteo-temperaturile-continua-sa-scada-si-marti-zonele-in-care-va-ploua\\\/#primaryimage\"},\"image\":{\"@id\":\"https:\\\/\\\/urbeamea.ro\\\/albaiulia\\\/avertizare-meteo-temperaturile-continua-sa-scada-si-marti-zonele-in-care-va-ploua\\\/#primaryimage\"},\"thumbnailUrl\":\"https:\\\/\\\/urbeamea.ro\\\/albaiulia\\\/wp-content\\\/uploads\\\/2015\\\/09\\\/ploaie.jpg\",\"datePublished\":\"2015-09-28T13:08:38+00:00\",\"dateModified\":\"2016-01-18T17:12:34+00:00\",\"author\":{\"@id\":\"https:\\\/\\\/urbeamea.ro\\\/albaiulia\\\/#\\\/schema\\\/person\\\/9700d21fae21c4f038b0b56f4506264a\"},\"description\":\"Administra\u021bia Na\u021bional\u0103 de Meteorologie transmite c\u0103 p\u00e2n\u0103 mar\u021bi seara, vremea va fi rece pentru aceast\u0103 perioad\u0103 \u0219i se vor semnala ploi. Dac\u0103 luni este\",\"breadcrumb\":{\"@id\":\"https:\\\/\\\/urbeamea.ro\\\/albaiulia\\\/avertizare-meteo-temperaturile-continua-sa-scada-si-marti-zonele-in-care-va-ploua\\\/#breadcrumb\"},\"inLanguage\":\"ro-RO\",\"potentialAction\":[{\"@type\":\"ReadAction\",\"target\":[\"https:\\\/\\\/urbeamea.ro\\\/albaiulia\\\/avertizare-meteo-temperaturile-continua-sa-scada-si-marti-zonele-in-care-va-ploua\\\/\"]}]},{\"@type\":\"ImageObject\",\"inLanguage\":\"ro-RO\",\"@id\":\"https:\\\/\\\/urbeamea.ro\\\/albaiulia\\\/avertizare-meteo-temperaturile-continua-sa-scada-si-marti-zonele-in-care-va-ploua\\\/#primaryimage\",\"url\":\"https:\\\/\\\/urbeamea.ro\\\/albaiulia\\\/wp-content\\\/uploads\\\/2015\\\/09\\\/ploaie.jpg\",\"contentUrl\":\"https:\\\/\\\/urbeamea.ro\\\/albaiulia\\\/wp-content\\\/uploads\\\/2015\\\/09\\\/ploaie.jpg\",\"width\":700,\"height\":467},{\"@type\":\"BreadcrumbList\",\"@id\":\"https:\\\/\\\/urbeamea.ro\\\/albaiulia\\\/avertizare-meteo-temperaturile-continua-sa-scada-si-marti-zonele-in-care-va-ploua\\\/#breadcrumb\",\"itemListElement\":[{\"@type\":\"ListItem\",\"position\":1,\"name\":\"Prima pagin\u0103\",\"item\":\"https:\\\/\\\/urbeamea.ro\\\/albaiulia\\\/\"},{\"@type\":\"ListItem\",\"position\":2,\"name\":\"Avertizare meteo: Temperaturile continu\u0103 s\u0103 scad\u0103 \u015fi mar\u0163i. Zonele \u00een care va ploua\"}]},{\"@type\":\"WebSite\",\"@id\":\"https:\\\/\\\/urbeamea.ro\\\/albaiulia\\\/#website\",\"url\":\"https:\\\/\\\/urbeamea.ro\\\/albaiulia\\\/\",\"name\":\"Revista Urbea Mea, Stiri urbane\",\"description\":\"Evenimente \u0219i \u0219tiri din Alba Iulia, Sebe\u0219, Aiud, Blaj\",\"potentialAction\":[{\"@type\":\"SearchAction\",\"target\":{\"@type\":\"EntryPoint\",\"urlTemplate\":\"https:\\\/\\\/urbeamea.ro\\\/albaiulia\\\/?s={search_term_string}\"},\"query-input\":{\"@type\":\"PropertyValueSpecification\",\"valueRequired\":true,\"valueName\":\"search_term_string\"}}],\"inLanguage\":\"ro-RO\"},{\"@type\":\"Person\",\"@id\":\"https:\\\/\\\/urbeamea.ro\\\/albaiulia\\\/#\\\/schema\\\/person\\\/9700d21fae21c4f038b0b56f4506264a\",\"name\":\"Cristina Ganga\",\"image\":{\"@type\":\"ImageObject\",\"inLanguage\":\"ro-RO\",\"@id\":\"https:\\\/\\\/secure.gravatar.com\\\/avatar\\\/5a67661041f057b4a8ccaf26f5a8e86e2689372006d01faf3dd9eeb10b654bb4?s=96&d=mm&r=g\",\"url\":\"https:\\\/\\\/secure.gravatar.com\\\/avatar\\\/5a67661041f057b4a8ccaf26f5a8e86e2689372006d01faf3dd9eeb10b654bb4?s=96&d=mm&r=g\",\"contentUrl\":\"https:\\\/\\\/secure.gravatar.com\\\/avatar\\\/5a67661041f057b4a8ccaf26f5a8e86e2689372006d01faf3dd9eeb10b654bb4?s=96&d=mm&r=g\",\"caption\":\"Cristina Ganga\"},\"description\":\"Jurnalist\",\"sameAs\":[\"https:\\\/\\\/www.facebook.com\\\/cristina.nicola.587\"],\"url\":\"https:\\\/\\\/urbeamea.ro\\\/albaiulia\\\/author\\\/cristina-nicola\\\/\"}]}<\/script>\n<!-- \/ Yoast SEO plugin. -->","yoast_head_json":{"title":"Avertizare meteo: Temperaturile continu\u0103 s\u0103 scad\u0103 \u015fi mar\u0163i. Zonele \u00een care va ploua - Revista Urbea Mea - Revista de Alba","description":"Administra\u021bia Na\u021bional\u0103 de Meteorologie transmite c\u0103 p\u00e2n\u0103 mar\u021bi seara, vremea va fi rece pentru aceast\u0103 perioad\u0103 \u0219i se vor semnala ploi. Dac\u0103 luni este","robots":{"index":"index","follow":"follow","max-snippet":"max-snippet:-1","max-image-preview":"max-image-preview:large","max-video-preview":"max-video-preview:-1"},"canonical":"https:\/\/urbeamea.ro\/albaiulia\/avertizare-meteo-temperaturile-continua-sa-scada-si-marti-zonele-in-care-va-ploua\/","twitter_card":"summary_large_image","twitter_title":"Avertizare meteo: Temperaturile continu\u0103 s\u0103 scad\u0103 \u015fi mar\u0163i. Zonele \u00een care va ploua - Revista Urbea Mea - Revista de Alba","twitter_description":"Administra\u021bia Na\u021bional\u0103 de Meteorologie transmite c\u0103 p\u00e2n\u0103 mar\u021bi seara, vremea va fi rece pentru aceast\u0103 perioad\u0103 \u0219i se vor semnala ploi. Dac\u0103 luni este","twitter_image":"https:\/\/urbeamea.ro\/albaiulia\/wp-content\/uploads\/2015\/09\/ploaie.jpg","twitter_creator":"@urbeameaweb","twitter_site":"@urbeameaweb","schema":{"@context":"https:\/\/schema.org","@graph":[{"@type":"Article","@id":"https:\/\/urbeamea.ro\/albaiulia\/avertizare-meteo-temperaturile-continua-sa-scada-si-marti-zonele-in-care-va-ploua\/#article","isPartOf":{"@id":"https:\/\/urbeamea.ro\/albaiulia\/avertizare-meteo-temperaturile-continua-sa-scada-si-marti-zonele-in-care-va-ploua\/"},"author":{"name":"Cristina Ganga","@id":"https:\/\/urbeamea.ro\/albaiulia\/#\/schema\/person\/9700d21fae21c4f038b0b56f4506264a"},"headline":"Avertizare meteo: Temperaturile continu\u0103 s\u0103 scad\u0103 \u015fi mar\u0163i. Zonele \u00een care va ploua","datePublished":"2015-09-28T13:08:38+00:00","dateModified":"2016-01-18T17:12:34+00:00","mainEntityOfPage":{"@id":"https:\/\/urbeamea.ro\/albaiulia\/avertizare-meteo-temperaturile-continua-sa-scada-si-marti-zonele-in-care-va-ploua\/"},"wordCount":116,"commentCount":0,"image":{"@id":"https:\/\/urbeamea.ro\/albaiulia\/avertizare-meteo-temperaturile-continua-sa-scada-si-marti-zonele-in-care-va-ploua\/#primaryimage"},"thumbnailUrl":"https:\/\/urbeamea.ro\/albaiulia\/wp-content\/uploads\/2015\/09\/ploaie.jpg","keywords":["cod galben","ploi","stiri","temperaturi","Urbea Mea"],"articleSection":["Social"],"inLanguage":"ro-RO","potentialAction":[{"@type":"CommentAction","name":"Comment","target":["https:\/\/urbeamea.ro\/albaiulia\/avertizare-meteo-temperaturile-continua-sa-scada-si-marti-zonele-in-care-va-ploua\/#respond"]}]},{"@type":"WebPage","@id":"https:\/\/urbeamea.ro\/albaiulia\/avertizare-meteo-temperaturile-continua-sa-scada-si-marti-zonele-in-care-va-ploua\/","url":"https:\/\/urbeamea.ro\/albaiulia\/avertizare-meteo-temperaturile-continua-sa-scada-si-marti-zonele-in-care-va-ploua\/","name":"Avertizare meteo: Temperaturile continu\u0103 s\u0103 scad\u0103 \u015fi mar\u0163i. Zonele \u00een care va ploua - Revista Urbea Mea - Revista de Alba","isPartOf":{"@id":"https:\/\/urbeamea.ro\/albaiulia\/#website"},"primaryImageOfPage":{"@id":"https:\/\/urbeamea.ro\/albaiulia\/avertizare-meteo-temperaturile-continua-sa-scada-si-marti-zonele-in-care-va-ploua\/#primaryimage"},"image":{"@id":"https:\/\/urbeamea.ro\/albaiulia\/avertizare-meteo-temperaturile-continua-sa-scada-si-marti-zonele-in-care-va-ploua\/#primaryimage"},"thumbnailUrl":"https:\/\/urbeamea.ro\/albaiulia\/wp-content\/uploads\/2015\/09\/ploaie.jpg","datePublished":"2015-09-28T13:08:38+00:00","dateModified":"2016-01-18T17:12:34+00:00","author":{"@id":"https:\/\/urbeamea.ro\/albaiulia\/#\/schema\/person\/9700d21fae21c4f038b0b56f4506264a"},"description":"Administra\u021bia Na\u021bional\u0103 de Meteorologie transmite c\u0103 p\u00e2n\u0103 mar\u021bi seara, vremea va fi rece pentru aceast\u0103 perioad\u0103 \u0219i se vor semnala ploi. Dac\u0103 luni este","breadcrumb":{"@id":"https:\/\/urbeamea.ro\/albaiulia\/avertizare-meteo-temperaturile-continua-sa-scada-si-marti-zonele-in-care-va-ploua\/#breadcrumb"},"inLanguage":"ro-RO","potentialAction":[{"@type":"ReadAction","target":["https:\/\/urbeamea.ro\/albaiulia\/avertizare-meteo-temperaturile-continua-sa-scada-si-marti-zonele-in-care-va-ploua\/"]}]},{"@type":"ImageObject","inLanguage":"ro-RO","@id":"https:\/\/urbeamea.ro\/albaiulia\/avertizare-meteo-temperaturile-continua-sa-scada-si-marti-zonele-in-care-va-ploua\/#primaryimage","url":"https:\/\/urbeamea.ro\/albaiulia\/wp-content\/uploads\/2015\/09\/ploaie.jpg","contentUrl":"https:\/\/urbeamea.ro\/albaiulia\/wp-content\/uploads\/2015\/09\/ploaie.jpg","width":700,"height":467},{"@type":"BreadcrumbList","@id":"https:\/\/urbeamea.ro\/albaiulia\/avertizare-meteo-temperaturile-continua-sa-scada-si-marti-zonele-in-care-va-ploua\/#breadcrumb","itemListElement":[{"@type":"ListItem","position":1,"name":"Prima pagin\u0103","item":"https:\/\/urbeamea.ro\/albaiulia\/"},{"@type":"ListItem","position":2,"name":"Avertizare meteo: Temperaturile continu\u0103 s\u0103 scad\u0103 \u015fi mar\u0163i. Zonele \u00een care va ploua"}]},{"@type":"WebSite","@id":"https:\/\/urbeamea.ro\/albaiulia\/#website","url":"https:\/\/urbeamea.ro\/albaiulia\/","name":"Revista Urbea Mea, Stiri urbane","description":"Evenimente \u0219i \u0219tiri din Alba Iulia, Sebe\u0219, Aiud, Blaj","potentialAction":[{"@type":"SearchAction","target":{"@type":"EntryPoint","urlTemplate":"https:\/\/urbeamea.ro\/albaiulia\/?s={search_term_string}"},"query-input":{"@type":"PropertyValueSpecification","valueRequired":true,"valueName":"search_term_string"}}],"inLanguage":"ro-RO"},{"@type":"Person","@id":"https:\/\/urbeamea.ro\/albaiulia\/#\/schema\/person\/9700d21fae21c4f038b0b56f4506264a","name":"Cristina Ganga","image":{"@type":"ImageObject","inLanguage":"ro-RO","@id":"https:\/\/secure.gravatar.com\/avatar\/5a67661041f057b4a8ccaf26f5a8e86e2689372006d01faf3dd9eeb10b654bb4?s=96&d=mm&r=g","url":"https:\/\/secure.gravatar.com\/avatar\/5a67661041f057b4a8ccaf26f5a8e86e2689372006d01faf3dd9eeb10b654bb4?s=96&d=mm&r=g","contentUrl":"https:\/\/secure.gravatar.com\/avatar\/5a67661041f057b4a8ccaf26f5a8e86e2689372006d01faf3dd9eeb10b654bb4?s=96&d=mm&r=g","caption":"Cristina Ganga"},"description":"Jurnalist","sameAs":["https:\/\/www.facebook.com\/cristina.nicola.587"],"url":"https:\/\/urbeamea.ro\/albaiulia\/author\/cristina-nicola\/"}]}},"_links":{"self":[{"href":"https:\/\/urbeamea.ro\/albaiulia\/wp-json\/wp\/v2\/posts\/8568","targetHints":{"allow":["GET"]}}],"collection":[{"href":"https:\/\/urbeamea.ro\/albaiulia\/wp-json\/wp\/v2\/posts"}],"about":[{"href":"https:\/\/urbeamea.ro\/albaiulia\/wp-json\/wp\/v2\/types\/post"}],"author":[{"embeddable":true,"href":"https:\/\/urbeamea.ro\/albaiulia\/wp-json\/wp\/v2\/users\/17"}],"replies":[{"embeddable":true,"href":"https:\/\/urbeamea.ro\/albaiulia\/wp-json\/wp\/v2\/comments?post=8568"}],"version-history":[{"count":0,"href":"https:\/\/urbeamea.ro\/albaiulia\/wp-json\/wp\/v2\/posts\/8568\/revisions"}],"wp:featuredmedia":[{"embeddable":true,"href":"https:\/\/urbeamea.ro\/albaiulia\/wp-json\/wp\/v2\/media\/8570"}],"wp:attachment":[{"href":"https:\/\/urbeamea.ro\/albaiulia\/wp-json\/wp\/v2\/media?parent=8568"}],"wp:term":[{"taxonomy":"category","embeddable":true,"href":"https:\/\/urbeamea.ro\/albaiulia\/wp-json\/wp\/v2\/categories?post=8568"},{"taxonomy":"post_tag","embeddable":true,"href":"https:\/\/urbeamea.ro\/albaiulia\/wp-json\/wp\/v2\/tags?post=8568"}],"curies":[{"name":"wp","href":"https:\/\/api.w.org\/{rel}","templated":true}]}}