{"id":85837,"date":"2019-12-04T09:50:58","date_gmt":"2019-12-04T07:50:58","guid":{"rendered":"https:\/\/urbeamea.ro\/albaiulia\/?p=85837"},"modified":"2019-12-04T09:56:26","modified_gmt":"2019-12-04T07:56:26","slug":"vineri-targul-de-craciun-de-la-aiud-isi-deschide-portile-cu-multe-surprize","status":"publish","type":"post","link":"https:\/\/urbeamea.ro\/albaiulia\/vineri-targul-de-craciun-de-la-aiud-isi-deschide-portile-cu-multe-surprize\/","title":{"rendered":"Vineri: T\u00e2rgul de Cr\u0103ciun de la Aiud \u00ee\u0219i deschide por\u021bile cu multe surprize"},"content":{"rendered":"\n<h4 class=\"wp-block-heading\">Devenit tradi\u021bie, T\u00e2rgul de Cr\u0103ciun se va desf\u0103\u0219ura \u00een perioada 6 \u2013 23 decembrie, \u00een Pia\u021ba Dr. Constantin Hagea, deschiderea oficial\u0103 av\u00e2nd loc \u00een data de 6 decembrie, \u00eencep\u00e2nd cu ora 16:00, zi \u00een care va fi inaugurat \u0219i mult a\u0219teptatul patinoar.<\/h4>\n\n\n\n<p class=\"wp-block-paragraph\">La l\u0103satul serii se vor aprinde luminile festive de Cr\u0103ciun, iar grupurile de colind\u0103tori ale colegiilor \u0219i liceelor aiudene vor preg\u0103ti cu frumoasele lor colinde sosirea lui Mo\u0219 Cr\u0103ciun. De la ora 19:30 ne vom bucura \u00eempreun\u0103 de un recital marca Gino. <\/p>\n\n\n\n<p class=\"wp-block-paragraph\">Nu vor lipsi nici \u00een acest an c\u0103su\u021bele \u00eempodobite, de unde cei prezen\u021bi vor putea achizi\u021biona produse specifice s\u0103rb\u0103torilor de iarn\u0103.<\/p>\n\n\n\n<p class=\"wp-block-paragraph\">Pasiona\u021bii de patinaj, dar \u0219i cei lipsi\u021bi de experien\u021b\u0103, se vor putea bucura de patinoarul amplasat \u00een pia\u021b\u0103 p\u00e2n\u0103 \u00een data de 29 ianuarie 2020.<\/p>\n\n\n\n<p class=\"wp-block-paragraph\">V\u0103 a\u0219tept\u0103m \u00een num\u0103r c\u00e2t mai mare s\u0103 ne bucur\u0103m \u00eempreun\u0103 de aceast\u0103 s\u0103rb\u0103toare \u0219i Cr\u0103ciunul s\u0103 ne g\u0103seasc\u0103 mai buni, mai lini\u0219ti\u021bi \u0219i mai ferici\u021bi.\n\n<\/p>\n","protected":false},"excerpt":{"rendered":"<p>Devenit tradi\u021bie, T\u00e2rgul de Cr\u0103ciun se va desf\u0103\u0219ura \u00een perioada 6 \u2013 23 decembrie, \u00een Pia\u021ba Dr. Constantin Hagea, deschiderea oficial\u0103 av\u00e2nd loc \u00een data de 6 decembrie, \u00eencep\u00e2nd cu ora 16:00, zi \u00een care va fi inaugurat \u0219i mult a\u0219teptatul patinoar. La l\u0103satul serii se vor aprinde luminile festive de Cr\u0103ciun, iar grupurile de &hellip;<\/p>\n","protected":false},"author":17,"featured_media":85838,"comment_status":"open","ping_status":"open","sticky":false,"template":"","format":"standard","meta":{"inline_featured_image":false,"footnotes":""},"categories":[4],"tags":[385,1403,19280,308,8854,76],"class_list":["post-85837","post","type-post","status-publish","format-standard","has-post-thumbnail","hentry","category-eveniment","tag-aiud","tag-patinoar","tag-recital-gino","tag-stiri","tag-targul-de-craciun","tag-urbea-mea"],"yoast_head":"<!-- This site is optimized with the Yoast SEO plugin v28.3 - https:\/\/yoast.com\/product\/yoast-seo-wordpress\/ -->\n<title>Vineri: T\u00e2rgul de Cr\u0103ciun de la Aiud \u00ee\u0219i deschide por\u021bile cu multe surprize - Revista Urbea Mea - Revista de Alba<\/title>\n<meta name=\"description\" content=\"Devenit tradi\u021bie, T\u00e2rgul de Cr\u0103ciun se va desf\u0103\u0219ura \u00een perioada 6 \u2013 23 decembrie, \u00een Pia\u021ba Dr. Constantin Hagea, deschiderea oficial\u0103 av\u00e2nd loc \u00een data de\" \/>\n<meta name=\"robots\" content=\"index, follow, max-snippet:-1, max-image-preview:large, max-video-preview:-1\" \/>\n<link rel=\"canonical\" href=\"https:\/\/urbeamea.ro\/albaiulia\/vineri-targul-de-craciun-de-la-aiud-isi-deschide-portile-cu-multe-surprize\/\" \/>\n<meta name=\"twitter:card\" content=\"summary_large_image\" \/>\n<meta name=\"twitter:title\" content=\"Vineri: T\u00e2rgul de Cr\u0103ciun de la Aiud \u00ee\u0219i deschide por\u021bile cu multe surprize - Revista Urbea Mea - Revista de Alba\" \/>\n<meta name=\"twitter:description\" content=\"Devenit tradi\u021bie, T\u00e2rgul de Cr\u0103ciun se va desf\u0103\u0219ura \u00een perioada 6 \u2013 23 decembrie, \u00een Pia\u021ba Dr. Constantin Hagea, deschiderea oficial\u0103 av\u00e2nd loc \u00een data de\" \/>\n<meta name=\"twitter:image\" content=\"https:\/\/urbeamea.ro\/albaiulia\/wp-content\/uploads\/2019\/12\/78103107_2558770624240077_2624757993232662528_o.jpg\" \/>\n<meta name=\"twitter:creator\" content=\"@urbeameaweb\" \/>\n<meta name=\"twitter:site\" content=\"@urbeameaweb\" \/>\n<script type=\"application\/ld+json\" class=\"yoast-schema-graph\">{\"@context\":\"https:\\\/\\\/schema.org\",\"@graph\":[{\"@type\":\"Article\",\"@id\":\"https:\\\/\\\/urbeamea.ro\\\/albaiulia\\\/vineri-targul-de-craciun-de-la-aiud-isi-deschide-portile-cu-multe-surprize\\\/#article\",\"isPartOf\":{\"@id\":\"https:\\\/\\\/urbeamea.ro\\\/albaiulia\\\/vineri-targul-de-craciun-de-la-aiud-isi-deschide-portile-cu-multe-surprize\\\/\"},\"author\":{\"name\":\"Cristina Ganga\",\"@id\":\"https:\\\/\\\/urbeamea.ro\\\/albaiulia\\\/#\\\/schema\\\/person\\\/9700d21fae21c4f038b0b56f4506264a\"},\"headline\":\"Vineri: T\u00e2rgul de Cr\u0103ciun de la Aiud \u00ee\u0219i deschide por\u021bile cu multe surprize\",\"datePublished\":\"2019-12-04T07:50:58+00:00\",\"dateModified\":\"2019-12-04T07:56:26+00:00\",\"mainEntityOfPage\":{\"@id\":\"https:\\\/\\\/urbeamea.ro\\\/albaiulia\\\/vineri-targul-de-craciun-de-la-aiud-isi-deschide-portile-cu-multe-surprize\\\/\"},\"wordCount\":198,\"commentCount\":0,\"image\":{\"@id\":\"https:\\\/\\\/urbeamea.ro\\\/albaiulia\\\/vineri-targul-de-craciun-de-la-aiud-isi-deschide-portile-cu-multe-surprize\\\/#primaryimage\"},\"thumbnailUrl\":\"https:\\\/\\\/urbeamea.ro\\\/albaiulia\\\/wp-content\\\/uploads\\\/2019\\\/12\\\/78103107_2558770624240077_2624757993232662528_o.jpg\",\"keywords\":[\"aiud\",\"patinoar\",\"recital gino\",\"stiri\",\"targul de craciun\",\"Urbea Mea\"],\"articleSection\":[\"Evenimente\"],\"inLanguage\":\"ro-RO\",\"potentialAction\":[{\"@type\":\"CommentAction\",\"name\":\"Comment\",\"target\":[\"https:\\\/\\\/urbeamea.ro\\\/albaiulia\\\/vineri-targul-de-craciun-de-la-aiud-isi-deschide-portile-cu-multe-surprize\\\/#respond\"]}]},{\"@type\":\"WebPage\",\"@id\":\"https:\\\/\\\/urbeamea.ro\\\/albaiulia\\\/vineri-targul-de-craciun-de-la-aiud-isi-deschide-portile-cu-multe-surprize\\\/\",\"url\":\"https:\\\/\\\/urbeamea.ro\\\/albaiulia\\\/vineri-targul-de-craciun-de-la-aiud-isi-deschide-portile-cu-multe-surprize\\\/\",\"name\":\"Vineri: T\u00e2rgul de Cr\u0103ciun de la Aiud \u00ee\u0219i deschide por\u021bile cu multe surprize - Revista Urbea Mea - Revista de Alba\",\"isPartOf\":{\"@id\":\"https:\\\/\\\/urbeamea.ro\\\/albaiulia\\\/#website\"},\"primaryImageOfPage\":{\"@id\":\"https:\\\/\\\/urbeamea.ro\\\/albaiulia\\\/vineri-targul-de-craciun-de-la-aiud-isi-deschide-portile-cu-multe-surprize\\\/#primaryimage\"},\"image\":{\"@id\":\"https:\\\/\\\/urbeamea.ro\\\/albaiulia\\\/vineri-targul-de-craciun-de-la-aiud-isi-deschide-portile-cu-multe-surprize\\\/#primaryimage\"},\"thumbnailUrl\":\"https:\\\/\\\/urbeamea.ro\\\/albaiulia\\\/wp-content\\\/uploads\\\/2019\\\/12\\\/78103107_2558770624240077_2624757993232662528_o.jpg\",\"datePublished\":\"2019-12-04T07:50:58+00:00\",\"dateModified\":\"2019-12-04T07:56:26+00:00\",\"author\":{\"@id\":\"https:\\\/\\\/urbeamea.ro\\\/albaiulia\\\/#\\\/schema\\\/person\\\/9700d21fae21c4f038b0b56f4506264a\"},\"description\":\"Devenit tradi\u021bie, T\u00e2rgul de Cr\u0103ciun se va desf\u0103\u0219ura \u00een perioada 6 \u2013 23 decembrie, \u00een Pia\u021ba Dr. Constantin Hagea, deschiderea oficial\u0103 av\u00e2nd loc \u00een data de\",\"breadcrumb\":{\"@id\":\"https:\\\/\\\/urbeamea.ro\\\/albaiulia\\\/vineri-targul-de-craciun-de-la-aiud-isi-deschide-portile-cu-multe-surprize\\\/#breadcrumb\"},\"inLanguage\":\"ro-RO\",\"potentialAction\":[{\"@type\":\"ReadAction\",\"target\":[\"https:\\\/\\\/urbeamea.ro\\\/albaiulia\\\/vineri-targul-de-craciun-de-la-aiud-isi-deschide-portile-cu-multe-surprize\\\/\"]}]},{\"@type\":\"ImageObject\",\"inLanguage\":\"ro-RO\",\"@id\":\"https:\\\/\\\/urbeamea.ro\\\/albaiulia\\\/vineri-targul-de-craciun-de-la-aiud-isi-deschide-portile-cu-multe-surprize\\\/#primaryimage\",\"url\":\"https:\\\/\\\/urbeamea.ro\\\/albaiulia\\\/wp-content\\\/uploads\\\/2019\\\/12\\\/78103107_2558770624240077_2624757993232662528_o.jpg\",\"contentUrl\":\"https:\\\/\\\/urbeamea.ro\\\/albaiulia\\\/wp-content\\\/uploads\\\/2019\\\/12\\\/78103107_2558770624240077_2624757993232662528_o.jpg\",\"width\":679,\"height\":960},{\"@type\":\"BreadcrumbList\",\"@id\":\"https:\\\/\\\/urbeamea.ro\\\/albaiulia\\\/vineri-targul-de-craciun-de-la-aiud-isi-deschide-portile-cu-multe-surprize\\\/#breadcrumb\",\"itemListElement\":[{\"@type\":\"ListItem\",\"position\":1,\"name\":\"Prima pagin\u0103\",\"item\":\"https:\\\/\\\/urbeamea.ro\\\/albaiulia\\\/\"},{\"@type\":\"ListItem\",\"position\":2,\"name\":\"Vineri: T\u00e2rgul de Cr\u0103ciun de la Aiud \u00ee\u0219i deschide por\u021bile cu multe surprize\"}]},{\"@type\":\"WebSite\",\"@id\":\"https:\\\/\\\/urbeamea.ro\\\/albaiulia\\\/#website\",\"url\":\"https:\\\/\\\/urbeamea.ro\\\/albaiulia\\\/\",\"name\":\"Revista Urbea Mea, Stiri urbane\",\"description\":\"Evenimente \u0219i \u0219tiri din Alba Iulia, Sebe\u0219, Aiud, Blaj\",\"potentialAction\":[{\"@type\":\"SearchAction\",\"target\":{\"@type\":\"EntryPoint\",\"urlTemplate\":\"https:\\\/\\\/urbeamea.ro\\\/albaiulia\\\/?s={search_term_string}\"},\"query-input\":{\"@type\":\"PropertyValueSpecification\",\"valueRequired\":true,\"valueName\":\"search_term_string\"}}],\"inLanguage\":\"ro-RO\"},{\"@type\":\"Person\",\"@id\":\"https:\\\/\\\/urbeamea.ro\\\/albaiulia\\\/#\\\/schema\\\/person\\\/9700d21fae21c4f038b0b56f4506264a\",\"name\":\"Cristina Ganga\",\"image\":{\"@type\":\"ImageObject\",\"inLanguage\":\"ro-RO\",\"@id\":\"https:\\\/\\\/secure.gravatar.com\\\/avatar\\\/5a67661041f057b4a8ccaf26f5a8e86e2689372006d01faf3dd9eeb10b654bb4?s=96&d=mm&r=g\",\"url\":\"https:\\\/\\\/secure.gravatar.com\\\/avatar\\\/5a67661041f057b4a8ccaf26f5a8e86e2689372006d01faf3dd9eeb10b654bb4?s=96&d=mm&r=g\",\"contentUrl\":\"https:\\\/\\\/secure.gravatar.com\\\/avatar\\\/5a67661041f057b4a8ccaf26f5a8e86e2689372006d01faf3dd9eeb10b654bb4?s=96&d=mm&r=g\",\"caption\":\"Cristina Ganga\"},\"description\":\"Jurnalist\",\"sameAs\":[\"https:\\\/\\\/www.facebook.com\\\/cristina.nicola.587\"],\"url\":\"https:\\\/\\\/urbeamea.ro\\\/albaiulia\\\/author\\\/cristina-nicola\\\/\"}]}<\/script>\n<!-- \/ Yoast SEO plugin. -->","yoast_head_json":{"title":"Vineri: T\u00e2rgul de Cr\u0103ciun de la Aiud \u00ee\u0219i deschide por\u021bile cu multe surprize - Revista Urbea Mea - Revista de Alba","description":"Devenit tradi\u021bie, T\u00e2rgul de Cr\u0103ciun se va desf\u0103\u0219ura \u00een perioada 6 \u2013 23 decembrie, \u00een Pia\u021ba Dr. Constantin Hagea, deschiderea oficial\u0103 av\u00e2nd loc \u00een data de","robots":{"index":"index","follow":"follow","max-snippet":"max-snippet:-1","max-image-preview":"max-image-preview:large","max-video-preview":"max-video-preview:-1"},"canonical":"https:\/\/urbeamea.ro\/albaiulia\/vineri-targul-de-craciun-de-la-aiud-isi-deschide-portile-cu-multe-surprize\/","twitter_card":"summary_large_image","twitter_title":"Vineri: T\u00e2rgul de Cr\u0103ciun de la Aiud \u00ee\u0219i deschide por\u021bile cu multe surprize - Revista Urbea Mea - Revista de Alba","twitter_description":"Devenit tradi\u021bie, T\u00e2rgul de Cr\u0103ciun se va desf\u0103\u0219ura \u00een perioada 6 \u2013 23 decembrie, \u00een Pia\u021ba Dr. Constantin Hagea, deschiderea oficial\u0103 av\u00e2nd loc \u00een data de","twitter_image":"https:\/\/urbeamea.ro\/albaiulia\/wp-content\/uploads\/2019\/12\/78103107_2558770624240077_2624757993232662528_o.jpg","twitter_creator":"@urbeameaweb","twitter_site":"@urbeameaweb","schema":{"@context":"https:\/\/schema.org","@graph":[{"@type":"Article","@id":"https:\/\/urbeamea.ro\/albaiulia\/vineri-targul-de-craciun-de-la-aiud-isi-deschide-portile-cu-multe-surprize\/#article","isPartOf":{"@id":"https:\/\/urbeamea.ro\/albaiulia\/vineri-targul-de-craciun-de-la-aiud-isi-deschide-portile-cu-multe-surprize\/"},"author":{"name":"Cristina Ganga","@id":"https:\/\/urbeamea.ro\/albaiulia\/#\/schema\/person\/9700d21fae21c4f038b0b56f4506264a"},"headline":"Vineri: T\u00e2rgul de Cr\u0103ciun de la Aiud \u00ee\u0219i deschide por\u021bile cu multe surprize","datePublished":"2019-12-04T07:50:58+00:00","dateModified":"2019-12-04T07:56:26+00:00","mainEntityOfPage":{"@id":"https:\/\/urbeamea.ro\/albaiulia\/vineri-targul-de-craciun-de-la-aiud-isi-deschide-portile-cu-multe-surprize\/"},"wordCount":198,"commentCount":0,"image":{"@id":"https:\/\/urbeamea.ro\/albaiulia\/vineri-targul-de-craciun-de-la-aiud-isi-deschide-portile-cu-multe-surprize\/#primaryimage"},"thumbnailUrl":"https:\/\/urbeamea.ro\/albaiulia\/wp-content\/uploads\/2019\/12\/78103107_2558770624240077_2624757993232662528_o.jpg","keywords":["aiud","patinoar","recital gino","stiri","targul de craciun","Urbea Mea"],"articleSection":["Evenimente"],"inLanguage":"ro-RO","potentialAction":[{"@type":"CommentAction","name":"Comment","target":["https:\/\/urbeamea.ro\/albaiulia\/vineri-targul-de-craciun-de-la-aiud-isi-deschide-portile-cu-multe-surprize\/#respond"]}]},{"@type":"WebPage","@id":"https:\/\/urbeamea.ro\/albaiulia\/vineri-targul-de-craciun-de-la-aiud-isi-deschide-portile-cu-multe-surprize\/","url":"https:\/\/urbeamea.ro\/albaiulia\/vineri-targul-de-craciun-de-la-aiud-isi-deschide-portile-cu-multe-surprize\/","name":"Vineri: T\u00e2rgul de Cr\u0103ciun de la Aiud \u00ee\u0219i deschide por\u021bile cu multe surprize - Revista Urbea Mea - Revista de Alba","isPartOf":{"@id":"https:\/\/urbeamea.ro\/albaiulia\/#website"},"primaryImageOfPage":{"@id":"https:\/\/urbeamea.ro\/albaiulia\/vineri-targul-de-craciun-de-la-aiud-isi-deschide-portile-cu-multe-surprize\/#primaryimage"},"image":{"@id":"https:\/\/urbeamea.ro\/albaiulia\/vineri-targul-de-craciun-de-la-aiud-isi-deschide-portile-cu-multe-surprize\/#primaryimage"},"thumbnailUrl":"https:\/\/urbeamea.ro\/albaiulia\/wp-content\/uploads\/2019\/12\/78103107_2558770624240077_2624757993232662528_o.jpg","datePublished":"2019-12-04T07:50:58+00:00","dateModified":"2019-12-04T07:56:26+00:00","author":{"@id":"https:\/\/urbeamea.ro\/albaiulia\/#\/schema\/person\/9700d21fae21c4f038b0b56f4506264a"},"description":"Devenit tradi\u021bie, T\u00e2rgul de Cr\u0103ciun se va desf\u0103\u0219ura \u00een perioada 6 \u2013 23 decembrie, \u00een Pia\u021ba Dr. Constantin Hagea, deschiderea oficial\u0103 av\u00e2nd loc \u00een data de","breadcrumb":{"@id":"https:\/\/urbeamea.ro\/albaiulia\/vineri-targul-de-craciun-de-la-aiud-isi-deschide-portile-cu-multe-surprize\/#breadcrumb"},"inLanguage":"ro-RO","potentialAction":[{"@type":"ReadAction","target":["https:\/\/urbeamea.ro\/albaiulia\/vineri-targul-de-craciun-de-la-aiud-isi-deschide-portile-cu-multe-surprize\/"]}]},{"@type":"ImageObject","inLanguage":"ro-RO","@id":"https:\/\/urbeamea.ro\/albaiulia\/vineri-targul-de-craciun-de-la-aiud-isi-deschide-portile-cu-multe-surprize\/#primaryimage","url":"https:\/\/urbeamea.ro\/albaiulia\/wp-content\/uploads\/2019\/12\/78103107_2558770624240077_2624757993232662528_o.jpg","contentUrl":"https:\/\/urbeamea.ro\/albaiulia\/wp-content\/uploads\/2019\/12\/78103107_2558770624240077_2624757993232662528_o.jpg","width":679,"height":960},{"@type":"BreadcrumbList","@id":"https:\/\/urbeamea.ro\/albaiulia\/vineri-targul-de-craciun-de-la-aiud-isi-deschide-portile-cu-multe-surprize\/#breadcrumb","itemListElement":[{"@type":"ListItem","position":1,"name":"Prima pagin\u0103","item":"https:\/\/urbeamea.ro\/albaiulia\/"},{"@type":"ListItem","position":2,"name":"Vineri: T\u00e2rgul de Cr\u0103ciun de la Aiud \u00ee\u0219i deschide por\u021bile cu multe surprize"}]},{"@type":"WebSite","@id":"https:\/\/urbeamea.ro\/albaiulia\/#website","url":"https:\/\/urbeamea.ro\/albaiulia\/","name":"Revista Urbea Mea, Stiri urbane","description":"Evenimente \u0219i \u0219tiri din Alba Iulia, Sebe\u0219, Aiud, Blaj","potentialAction":[{"@type":"SearchAction","target":{"@type":"EntryPoint","urlTemplate":"https:\/\/urbeamea.ro\/albaiulia\/?s={search_term_string}"},"query-input":{"@type":"PropertyValueSpecification","valueRequired":true,"valueName":"search_term_string"}}],"inLanguage":"ro-RO"},{"@type":"Person","@id":"https:\/\/urbeamea.ro\/albaiulia\/#\/schema\/person\/9700d21fae21c4f038b0b56f4506264a","name":"Cristina Ganga","image":{"@type":"ImageObject","inLanguage":"ro-RO","@id":"https:\/\/secure.gravatar.com\/avatar\/5a67661041f057b4a8ccaf26f5a8e86e2689372006d01faf3dd9eeb10b654bb4?s=96&d=mm&r=g","url":"https:\/\/secure.gravatar.com\/avatar\/5a67661041f057b4a8ccaf26f5a8e86e2689372006d01faf3dd9eeb10b654bb4?s=96&d=mm&r=g","contentUrl":"https:\/\/secure.gravatar.com\/avatar\/5a67661041f057b4a8ccaf26f5a8e86e2689372006d01faf3dd9eeb10b654bb4?s=96&d=mm&r=g","caption":"Cristina Ganga"},"description":"Jurnalist","sameAs":["https:\/\/www.facebook.com\/cristina.nicola.587"],"url":"https:\/\/urbeamea.ro\/albaiulia\/author\/cristina-nicola\/"}]}},"_links":{"self":[{"href":"https:\/\/urbeamea.ro\/albaiulia\/wp-json\/wp\/v2\/posts\/85837","targetHints":{"allow":["GET"]}}],"collection":[{"href":"https:\/\/urbeamea.ro\/albaiulia\/wp-json\/wp\/v2\/posts"}],"about":[{"href":"https:\/\/urbeamea.ro\/albaiulia\/wp-json\/wp\/v2\/types\/post"}],"author":[{"embeddable":true,"href":"https:\/\/urbeamea.ro\/albaiulia\/wp-json\/wp\/v2\/users\/17"}],"replies":[{"embeddable":true,"href":"https:\/\/urbeamea.ro\/albaiulia\/wp-json\/wp\/v2\/comments?post=85837"}],"version-history":[{"count":0,"href":"https:\/\/urbeamea.ro\/albaiulia\/wp-json\/wp\/v2\/posts\/85837\/revisions"}],"wp:featuredmedia":[{"embeddable":true,"href":"https:\/\/urbeamea.ro\/albaiulia\/wp-json\/wp\/v2\/media\/85838"}],"wp:attachment":[{"href":"https:\/\/urbeamea.ro\/albaiulia\/wp-json\/wp\/v2\/media?parent=85837"}],"wp:term":[{"taxonomy":"category","embeddable":true,"href":"https:\/\/urbeamea.ro\/albaiulia\/wp-json\/wp\/v2\/categories?post=85837"},{"taxonomy":"post_tag","embeddable":true,"href":"https:\/\/urbeamea.ro\/albaiulia\/wp-json\/wp\/v2\/tags?post=85837"}],"curies":[{"name":"wp","href":"https:\/\/api.w.org\/{rel}","templated":true}]}}