{"id":85842,"date":"2020-01-07T11:39:55","date_gmt":"2020-01-07T09:39:55","guid":{"rendered":"https:\/\/urbeamea.ro\/albaiulia\/?p=85842"},"modified":"2020-01-07T12:30:55","modified_gmt":"2020-01-07T10:30:55","slug":"cristina-szabados-si-fotografia-de-familie","status":"publish","type":"post","link":"https:\/\/urbeamea.ro\/albaiulia\/cristina-szabados-si-fotografia-de-familie\/","title":{"rendered":"Cristina Szabados \u0219i fotografia de familie: \u201eNu m\u0103 v\u0103d ast\u0103zi f\u0103c\u00e2nd altceva dec\u00e2t fotografii cu copii, iar asta mi se potrive\u0219te cel mai bine&#8230;\u201d"},"content":{"rendered":"\n<h4 class=\"wp-block-heading\">Pasionat\u0103 de fotografie \u0219i fascinat\u0103 de amintirile \u00een imagini \u00eenc\u0103 din primii ani din via\u021b\u0103, Cristina Szabados ne-a deschis u\u0219ile studioului ei foto \u0219i ne-a povestit despre ce \u00eenseamn\u0103 fotografia de familie, c\u00e2t este de greu de realizat \u0219i c\u00e2t de frumos se pot f\u0103uri amintiri. N\u0103scut\u0103 \u00een inima Mun\u021bilor Apuseni, Cristina declar\u0103 sincer c\u0103 este un om \u00eemplinit \u0219i norocos, pentru c\u0103 tr\u0103ie\u0219te \u0219i activeaz\u0103 cu pasiunea cot la cot. <\/h4>\n\n\n\n<h4 class=\"wp-block-heading\">Cum a descoperit fotografia, de ce s-a axat mai mult pe cea de familie \u0219i care e \u201edrive-ul\u201d acum, ne-a povestit chiar Cristina Szabados \u00eentr-un interviu.<\/h4>\n\n\n\n<p><strong>URBEA MEA: Cristina, spune-ne mai multe despre tine s\u0103 te cunoa\u0219tem mai bine.<\/strong><\/p>\n\n\n\n<p><strong>Cristina Szabados:<\/strong> Poate sunt pu\u021bini cei care \u0219tiu, c\u0103 numele meu este Dumitru Szabados Maria Cristina. Numele Dumitru, \u00eemi este foarte drag, pentru c\u0103 mi l-a d\u0103ruit so\u021bul meu pe care l-am pierdut de cur\u00e2nd. Sper din toat\u0103 inima, c\u0103 a plecat spre o lume mai \u00een\u021beleapt\u0103 \u0219i mai bun\u0103. <\/p>\n\n\n\n<p>Altceva, ce s\u0103 spun? Sunt un om simplu, n\u0103scut \u00een inima Mun\u021bilor Apuseni. Am venit \u00een Alba Iulia c\u00e2nd eram foarte mic\u0103, dar mi-au r\u0103mas \u00een suflet mun\u021bii \u0219i p\u0103durile, natura de care sunt iremediabil \u00eendr\u0103gostit\u0103. Sunt dintotdeauna fascinat\u0103 de copii \u0219i mereu \u00een c\u0103utarea frumosului \u0219i autenticului din lucrurile simple.<\/p>\n\n\n\n<figure class=\"wp-block-image size-large\"><img loading=\"lazy\" decoding=\"async\" width=\"960\" height=\"960\" src=\"https:\/\/urbeamea.ro\/albaiulia\/wp-content\/uploads\/2019\/12\/74693202_2595804697149785_9013917313736376320_o.jpg\" alt=\"\" class=\"wp-image-85844\" srcset=\"https:\/\/urbeamea.ro\/albaiulia\/wp-content\/uploads\/2019\/12\/74693202_2595804697149785_9013917313736376320_o.jpg 960w, https:\/\/urbeamea.ro\/albaiulia\/wp-content\/uploads\/2019\/12\/74693202_2595804697149785_9013917313736376320_o-640x640.jpg 640w, https:\/\/urbeamea.ro\/albaiulia\/wp-content\/uploads\/2019\/12\/74693202_2595804697149785_9013917313736376320_o-150x150.jpg 150w, https:\/\/urbeamea.ro\/albaiulia\/wp-content\/uploads\/2019\/12\/74693202_2595804697149785_9013917313736376320_o-768x768.jpg 768w\" sizes=\"auto, (max-width: 960px) 100vw, 960px\" \/><\/figure>\n\n\n\n<p><strong>URBEA MEA: C\u00e2nd \u0219i cum a \u00eenceput \u201erela\u021bia\u201d ta cu fotografia?<\/strong><\/p>\n\n\n\n<p><strong>Cristina Szabados:<\/strong> Rela\u021bia mea cu fotografia, are r\u0103d\u0103cini ad\u00e2nci, \u00een primii ani ai copil\u0103riei mele, \u00eens\u0103 a \u00eenceput abia \u00een primii ani de via\u021b\u0103 ai fiului meu, c\u00e2nd din dorin\u021ba de-a p\u0103stra, tot ce-mi oferea el la acea v\u00e2rst\u0103, \u00eel fotografiam \u00een fiecare zi. \u0218i brusc, am descoperit o lume nou\u0103, o alt\u0103 perspectiv\u0103 din care puteam privi lucrurile \u0219i oamenii. \u00cemi amintesc, c\u0103 mul\u021bi ani dup\u0103 ce am \u00eenceput s\u0103 fac fotografie, mi se p\u0103rea c\u0103 p\u00e2n\u0103 atunci, ochii mei, n-au v\u0103zut nimic. Descopeream \u0219i \u00eenc\u0103 descop\u0103r \u00een fiecare zi, c\u0103 lumea poate fi incredibil de frumoas\u0103, dac\u0103 \u00ee\u021bi faci timp s-o prive\u0219ti.<\/p>\n\n\n\n<figure class=\"wp-block-image size-large\"><img loading=\"lazy\" decoding=\"async\" width=\"1280\" height=\"853\" src=\"https:\/\/urbeamea.ro\/albaiulia\/wp-content\/uploads\/2019\/12\/Albert-octombrie-2018-98-1280x853.jpg\" alt=\"\" class=\"wp-image-85845\" srcset=\"https:\/\/urbeamea.ro\/albaiulia\/wp-content\/uploads\/2019\/12\/Albert-octombrie-2018-98-1280x853.jpg 1280w, https:\/\/urbeamea.ro\/albaiulia\/wp-content\/uploads\/2019\/12\/Albert-octombrie-2018-98-640x427.jpg 640w, https:\/\/urbeamea.ro\/albaiulia\/wp-content\/uploads\/2019\/12\/Albert-octombrie-2018-98-150x100.jpg 150w, https:\/\/urbeamea.ro\/albaiulia\/wp-content\/uploads\/2019\/12\/Albert-octombrie-2018-98-768x512.jpg 768w, https:\/\/urbeamea.ro\/albaiulia\/wp-content\/uploads\/2019\/12\/Albert-octombrie-2018-98.jpg 1500w\" sizes=\"auto, (max-width: 1280px) 100vw, 1280px\" \/><\/figure>\n\n\n\n<p><strong>URBEA MEA: Ai urmat o \u0219coal\u0103 sau ceva cursuri de fotografie?<\/strong><\/p>\n\n\n\n<p><strong>Cristina Szabados:<\/strong> Am urmat timp de doi ani, cursurile \u0218colii Populare de Arte din Alba Iulia, unde am avut \u0219ansa s\u0103 fiu eleva domnului profesor Marius Moga Sr. Pentru mine a fost o mare \u0219ans\u0103, pentru c\u0103 f\u0103r\u0103 \u00eencrederea \u0219i impulsul pe care dumnealui mi le-a dat, nu cred c\u0103 a\u0219 fi mers at\u00e2t de departe \u00eenc\u00e2t s\u0103-mi transform pasiunea \u00een profesie. Eu am f\u0103cut Facultatea de \u0218tiin\u021be sociale \u0219i m-am \u00eenscris la cursurile de fotografie doar cu scopul de-a \u00eenv\u0103\u021ba s\u0103 folosesc aparatul si s\u0103 \u00een\u021beleg mai bine lumina, \u00eens\u0103 acolo, dincolo de toate informa\u021biile tehnice, am aflat cine sunt.<\/p>\n\n\n\n<p>Dup\u0103 \u0218coala Popular\u0103 de Arte, au urmat \u0219i alte cursuri \u0219i workshop-uri, iar dup\u0103 ce am \u00eenceput s\u0103 fac fotografie de familie, am investit \u00een multe cursuri online, av\u00e2nd astfel posibilitatea s\u0103 \u00eenv\u0103\u021b de la fotografi renumi\u021bi, din afara \u021b\u0103rii.<\/p>\n\n\n\n<figure class=\"wp-block-image size-large\"><img loading=\"lazy\" decoding=\"async\" width=\"1280\" height=\"853\" src=\"https:\/\/urbeamea.ro\/albaiulia\/wp-content\/uploads\/2019\/12\/Alesia-si-Luna-august-2019-105-1280x853.jpg\" alt=\"\" class=\"wp-image-85846\" srcset=\"https:\/\/urbeamea.ro\/albaiulia\/wp-content\/uploads\/2019\/12\/Alesia-si-Luna-august-2019-105-1280x853.jpg 1280w, https:\/\/urbeamea.ro\/albaiulia\/wp-content\/uploads\/2019\/12\/Alesia-si-Luna-august-2019-105-640x427.jpg 640w, https:\/\/urbeamea.ro\/albaiulia\/wp-content\/uploads\/2019\/12\/Alesia-si-Luna-august-2019-105-150x100.jpg 150w, https:\/\/urbeamea.ro\/albaiulia\/wp-content\/uploads\/2019\/12\/Alesia-si-Luna-august-2019-105-768x512.jpg 768w, https:\/\/urbeamea.ro\/albaiulia\/wp-content\/uploads\/2019\/12\/Alesia-si-Luna-august-2019-105.jpg 1500w\" sizes=\"auto, (max-width: 1280px) 100vw, 1280px\" \/><\/figure>\n\n\n\n<p><strong>URBEA MEA: C\u00e2nd a ajuns totu\u0219i, Cristina Szabados s\u0103 fie cunoscut\u0103 publicului din Alba Iulia?<\/strong><\/p>\n\n\n\n<p><strong>Cristina Szabados:<\/strong> Poate e prea mult spus \u201ccunoscut\u0103\u201d, \u00eens\u0103 cred c\u0103 m-am f\u0103cut remarcat\u0103, \u00een urm\u0103 cu 5-6 ani, c\u00e2nd am ales s\u0103 fac fotografie de familie, \u00eentr-un moment \u00een care, acest domeniu al fotografiei, abia prindea contur la noi \u00een \u021bar\u0103.<\/p>\n\n\n\n<figure class=\"wp-block-image size-large\"><img loading=\"lazy\" decoding=\"async\" width=\"1280\" height=\"853\" src=\"https:\/\/urbeamea.ro\/albaiulia\/wp-content\/uploads\/2019\/12\/Alexandra-si-Diana-august-2019-20-1280x853.jpg\" alt=\"\" class=\"wp-image-85847\" srcset=\"https:\/\/urbeamea.ro\/albaiulia\/wp-content\/uploads\/2019\/12\/Alexandra-si-Diana-august-2019-20-1280x853.jpg 1280w, https:\/\/urbeamea.ro\/albaiulia\/wp-content\/uploads\/2019\/12\/Alexandra-si-Diana-august-2019-20-640x427.jpg 640w, https:\/\/urbeamea.ro\/albaiulia\/wp-content\/uploads\/2019\/12\/Alexandra-si-Diana-august-2019-20-150x100.jpg 150w, https:\/\/urbeamea.ro\/albaiulia\/wp-content\/uploads\/2019\/12\/Alexandra-si-Diana-august-2019-20-768x512.jpg 768w, https:\/\/urbeamea.ro\/albaiulia\/wp-content\/uploads\/2019\/12\/Alexandra-si-Diana-august-2019-20.jpg 1500w\" sizes=\"auto, (max-width: 1280px) 100vw, 1280px\" \/><\/figure>\n\n\n\n<p><strong>URBEA MEA: De ce fotografie de familie \u0219i nu alt gen?<\/strong><\/p>\n\n\n\n<p><strong>Cristina Szabados:<\/strong> Am f\u0103cut fotografie de eveniment, aproape 10 ani, \u00eens\u0103 la un moment dat, am \u00eenceput s\u0103 simt c\u0103 trebuie s\u0103 schimb ceva, ca s\u0103 pot fi mai aproape de visul meu, iar visul meu era s\u0103 fotografiez copii. A\u0219a am deschis primul studio foto, \u00eentr-un salon de \u00eenfrumuse\u021bare prin 2008, dar nu \u0219tiam nimic despre acest gen de fotografie. M\u0103 a\u0219teptam s\u0103 fie foarte simplu, m\u0103micile s\u0103 mearg\u0103 la coafor sau la cosmetic\u0103 s\u0103 se relaxeze, iar eu s\u0103 r\u0103m\u00e2n cu copila\u0219ii s\u0103-i fotografiez. Ideea nu era rea, dar n-a mers, iar dup\u0103 3 sau 4 luni am renun\u021bat.<\/p>\n\n\n\n<p>Prin 2013-2014, am \u00eenceput din nou s\u0103 fotografiez copii, iar c\u00e2nd am sim\u021bit c\u0103 m\u0103 reg\u0103sesc tot mai pu\u021bin \u00een ritmul \u0219i \u00eenc\u0103rc\u0103tura unui eveniment, am decis, c\u0103 e timpul s\u0103 trec la o nou\u0103 etap\u0103, s\u0103 renun\u021b la evenimente \u0219i s\u0103 aleg acest domeniu, care avea puterea s\u0103 m\u0103 revigoreze \u0219i s\u0103 m\u0103 \u021bin\u0103 conectat\u0103 la pasiunea mea. Nu m\u0103 v\u0103d ast\u0103zi f\u0103c\u00e2nd altceva dec\u00e2t fotografii cu copii, iar asta mi se potrive\u0219te cel mai bine, m\u0103 bucur\u0103, m\u0103 inspir\u0103 \u0219i m\u0103 \u00eempline\u0219te \u00een fiecare zi. <\/p>\n\n\n\n<figure class=\"wp-block-image size-large\"><img loading=\"lazy\" decoding=\"async\" width=\"1280\" height=\"853\" src=\"https:\/\/urbeamea.ro\/albaiulia\/wp-content\/uploads\/2019\/12\/Alexandru-si-Matei-august-2019-73-1280x853.jpg\" alt=\"\" class=\"wp-image-85848\" srcset=\"https:\/\/urbeamea.ro\/albaiulia\/wp-content\/uploads\/2019\/12\/Alexandru-si-Matei-august-2019-73-1280x853.jpg 1280w, https:\/\/urbeamea.ro\/albaiulia\/wp-content\/uploads\/2019\/12\/Alexandru-si-Matei-august-2019-73-640x427.jpg 640w, https:\/\/urbeamea.ro\/albaiulia\/wp-content\/uploads\/2019\/12\/Alexandru-si-Matei-august-2019-73-150x100.jpg 150w, https:\/\/urbeamea.ro\/albaiulia\/wp-content\/uploads\/2019\/12\/Alexandru-si-Matei-august-2019-73-768x512.jpg 768w, https:\/\/urbeamea.ro\/albaiulia\/wp-content\/uploads\/2019\/12\/Alexandru-si-Matei-august-2019-73.jpg 1500w\" sizes=\"auto, (max-width: 1280px) 100vw, 1280px\" \/><\/figure>\n\n\n\n<p><strong>URBEA MEA: Care este secretul de a transforma o pasiune, cum este fotografia, \u00eentr-o afacere?<\/strong><\/p>\n\n\n\n<p><strong>Cristina Szabados:<\/strong> Nu este niciun secret. Cred c\u0103 dac\u0103 exist\u0103 pasiune, exist\u0103 \u0219i disponibilitatea de-a te d\u0103rui cu toate capacit\u0103\u021bile tale, de-a investi timp \u0219i energie, \u0219i nici m\u0103car nu-\u021bi dai seama cum ajungi s\u0103 o transformi \u00eentr-o afacere.<\/p>\n\n\n\n<figure class=\"wp-block-image size-large\"><img loading=\"lazy\" decoding=\"async\" width=\"1280\" height=\"853\" src=\"https:\/\/urbeamea.ro\/albaiulia\/wp-content\/uploads\/2019\/12\/Alexandru-si-Matei-august-2019-161-1280x853.jpg\" alt=\"\" class=\"wp-image-85849\" srcset=\"https:\/\/urbeamea.ro\/albaiulia\/wp-content\/uploads\/2019\/12\/Alexandru-si-Matei-august-2019-161-1280x853.jpg 1280w, https:\/\/urbeamea.ro\/albaiulia\/wp-content\/uploads\/2019\/12\/Alexandru-si-Matei-august-2019-161-640x427.jpg 640w, https:\/\/urbeamea.ro\/albaiulia\/wp-content\/uploads\/2019\/12\/Alexandru-si-Matei-august-2019-161-150x100.jpg 150w, https:\/\/urbeamea.ro\/albaiulia\/wp-content\/uploads\/2019\/12\/Alexandru-si-Matei-august-2019-161-768x512.jpg 768w, https:\/\/urbeamea.ro\/albaiulia\/wp-content\/uploads\/2019\/12\/Alexandru-si-Matei-august-2019-161.jpg 1500w\" sizes=\"auto, (max-width: 1280px) 100vw, 1280px\" \/><\/figure>\n\n\n\n<p><strong>URBEA MEA: Ce reprezint\u0103 Cristina Szabados pentru cei care trec pragul studioului?<\/strong><\/p>\n\n\n\n<p><strong>Cristina Szabados:<\/strong> La aceast\u0103 \u00eentrebare nu cred c\u0103 voi putea s\u0103 r\u0103spund, dar mi-ar pl\u0103cea s\u0103 \u0219tiu cum ar r\u0103spunde clien\u021bii mei.<\/p>\n\n\n\n<figure class=\"wp-block-image size-large\"><img loading=\"lazy\" decoding=\"async\" width=\"1280\" height=\"853\" src=\"https:\/\/urbeamea.ro\/albaiulia\/wp-content\/uploads\/2019\/12\/Ana-Izabela-si-Stefan-iulie-2019-167-1280x853.jpg\" alt=\"\" class=\"wp-image-85850\" srcset=\"https:\/\/urbeamea.ro\/albaiulia\/wp-content\/uploads\/2019\/12\/Ana-Izabela-si-Stefan-iulie-2019-167-1280x853.jpg 1280w, https:\/\/urbeamea.ro\/albaiulia\/wp-content\/uploads\/2019\/12\/Ana-Izabela-si-Stefan-iulie-2019-167-640x427.jpg 640w, https:\/\/urbeamea.ro\/albaiulia\/wp-content\/uploads\/2019\/12\/Ana-Izabela-si-Stefan-iulie-2019-167-150x100.jpg 150w, https:\/\/urbeamea.ro\/albaiulia\/wp-content\/uploads\/2019\/12\/Ana-Izabela-si-Stefan-iulie-2019-167-768x512.jpg 768w, https:\/\/urbeamea.ro\/albaiulia\/wp-content\/uploads\/2019\/12\/Ana-Izabela-si-Stefan-iulie-2019-167.jpg 1500w\" sizes=\"auto, (max-width: 1280px) 100vw, 1280px\" \/><\/figure>\n\n\n\n<p><strong>URBEA MEA: Ce conteaz\u0103 cel mai mult \u00eentr-o fotografie de familie \u0219i c\u00e2t de greu este s\u0103 realizezi acest lucru?<\/strong><\/p>\n\n\n\n<p><strong>Cristina Szabados:<\/strong> S\u0103 faci fotografie de familie, nu e u\u0219or dar nu e nici foarte greu. Trebuie \u00een primul r\u00e2nd s\u0103 fii \u00eenzestrat cu mult\u0103 r\u0103bdare \u0219i s\u0103 cuno\u0219ti etapele de dezvoltare a copilului \u0219i particularit\u0103\u021bile specifice fiec\u0103rei perioade de v\u00e2rst\u0103. Apoi, depinde cum te raportezi la acest gen de fotografie \u0219i c\u00e2t de mult e\u0219ti dispus s\u0103 i te oferi. C\u00e2nd fotografiez familii \u0219i mai ales copii, e important s\u0103 nu risipesc niciun moment, s\u0103 fiu acolo 100%, mereu preg\u0103tit\u0103 s\u0103 surprind esen\u021ba \u0219i naturalul, pe care s\u0103 le a\u0219ez \u00eentr-o poveste. O poveste \u00een care oamenii s\u0103 se reg\u0103seasc\u0103 cu aceea\u0219i emo\u021bie \u0219i bucurie \u0219i peste mul\u021bi ani. O poveste pe care o vor l\u0103sa mo\u0219tenire.<\/p>\n\n\n\n<figure class=\"wp-block-image size-large\"><img loading=\"lazy\" decoding=\"async\" width=\"1280\" height=\"853\" src=\"https:\/\/urbeamea.ro\/albaiulia\/wp-content\/uploads\/2019\/12\/Anastasia-noiembrie-2019-2-1280x853.jpg\" alt=\"\" class=\"wp-image-85851\" srcset=\"https:\/\/urbeamea.ro\/albaiulia\/wp-content\/uploads\/2019\/12\/Anastasia-noiembrie-2019-2-1280x853.jpg 1280w, https:\/\/urbeamea.ro\/albaiulia\/wp-content\/uploads\/2019\/12\/Anastasia-noiembrie-2019-2-640x427.jpg 640w, https:\/\/urbeamea.ro\/albaiulia\/wp-content\/uploads\/2019\/12\/Anastasia-noiembrie-2019-2-150x100.jpg 150w, https:\/\/urbeamea.ro\/albaiulia\/wp-content\/uploads\/2019\/12\/Anastasia-noiembrie-2019-2-768x512.jpg 768w, https:\/\/urbeamea.ro\/albaiulia\/wp-content\/uploads\/2019\/12\/Anastasia-noiembrie-2019-2.jpg 1500w\" sizes=\"auto, (max-width: 1280px) 100vw, 1280px\" \/><\/figure>\n\n\n\n<p><strong>URBEA MEA: Ce-\u021bi place \u00eentr-o sesiune foto? C\u00e2nd prime\u0219ti cea mai mare doz\u0103 de satisfac\u021bie, c\u00e2nd te sim\u021bi \u00eemplinit\u0103?<\/strong><\/p>\n\n\n\n<p><strong>Cristina Szabados:<\/strong> \u00cemi place energia pe care mi-o d\u0103 fiecare sesiune foto, \u00eemi place cum m\u0103 surprind copiii&nbsp; \u0219i am o mare satisfac\u021bie de fiecare dat\u0103, c\u00e2nd reu\u0219esc s\u0103 spun o poveste \u0219i s\u0103 bucur o familie. Feedback-ul pe care \u00eel primesc de la oameni c\u00e2nd \u00ee\u0219i v\u0103d fotografiile, vine de fiecare data ca o mare, o imens\u0103 r\u0103splat\u0103.<\/p>\n\n\n\n<figure class=\"wp-block-image size-large\"><img loading=\"lazy\" decoding=\"async\" width=\"1280\" height=\"853\" src=\"https:\/\/urbeamea.ro\/albaiulia\/wp-content\/uploads\/2019\/12\/august-2019-45-1280x853.jpg\" alt=\"\" class=\"wp-image-85852\" srcset=\"https:\/\/urbeamea.ro\/albaiulia\/wp-content\/uploads\/2019\/12\/august-2019-45-1280x853.jpg 1280w, https:\/\/urbeamea.ro\/albaiulia\/wp-content\/uploads\/2019\/12\/august-2019-45-640x427.jpg 640w, https:\/\/urbeamea.ro\/albaiulia\/wp-content\/uploads\/2019\/12\/august-2019-45-150x100.jpg 150w, https:\/\/urbeamea.ro\/albaiulia\/wp-content\/uploads\/2019\/12\/august-2019-45-768x512.jpg 768w, https:\/\/urbeamea.ro\/albaiulia\/wp-content\/uploads\/2019\/12\/august-2019-45.jpg 1500w\" sizes=\"auto, (max-width: 1280px) 100vw, 1280px\" \/><\/figure>\n\n\n\n<p><strong>URBEA MEA: Care sunt planurile tale de viitor?<\/strong><\/p>\n\n\n\n<p><strong>Cristina Szabados:<\/strong> Nu prea obi\u0219nuiesc s\u0103-mi fac planuri de viitor, cu at\u00e2t mai mult acum, dup\u0103 ce so\u021bul meu drag, a plecat. El \u00eemi era \u0219i cel mai bun prieten, \u0219i avea at\u00e2tea planuri frumoase pentru noi.<\/p>\n\n\n\n<p>Cu certitudine \u00eens\u0103, munca \u00eemi va fi un foarte mare sprijin \u0219i refugiu, \u00een toat\u0103 aceast\u0103 lupt\u0103 grea din sufletul meu.&nbsp;<strong><em> <\/em><\/strong><\/p>\n\n\n\n<figure class=\"wp-block-image size-large\"><img loading=\"lazy\" decoding=\"async\" width=\"1280\" height=\"853\" src=\"https:\/\/urbeamea.ro\/albaiulia\/wp-content\/uploads\/2019\/12\/august-2019-127-1280x853.jpg\" alt=\"\" class=\"wp-image-85853\" srcset=\"https:\/\/urbeamea.ro\/albaiulia\/wp-content\/uploads\/2019\/12\/august-2019-127-1280x853.jpg 1280w, https:\/\/urbeamea.ro\/albaiulia\/wp-content\/uploads\/2019\/12\/august-2019-127-640x427.jpg 640w, https:\/\/urbeamea.ro\/albaiulia\/wp-content\/uploads\/2019\/12\/august-2019-127-150x100.jpg 150w, https:\/\/urbeamea.ro\/albaiulia\/wp-content\/uploads\/2019\/12\/august-2019-127-768x512.jpg 768w, https:\/\/urbeamea.ro\/albaiulia\/wp-content\/uploads\/2019\/12\/august-2019-127.jpg 1500w\" sizes=\"auto, (max-width: 1280px) 100vw, 1280px\" \/><\/figure>\n\n\n\n<p><strong>URBEA MEA: Un mesaj pentru cititorii www.urbeamea.ro \u0219i ai revistei Urbea Mea. <\/strong><\/p>\n\n\n\n<p><strong>Cristina Szabados:<\/strong> S\u0103 nu \u00eenceteze nicio clip\u0103 s\u0103 cread\u0103 \u00een ei \u0219i \u00een capacit\u0103\u021bile lor, at\u00e2ta timp c\u00e2t au o mare pasiune \u0219i un mare vis. \u0218i s\u0103 nu uite c\u0103 adev\u0103rata bucurie, vine \u00eentotdeauna din lucruri simple, iar unul dintre ele, \u0219i cel mai important, este familia. <\/p>\n\n\n\n<p>E at\u00e2t de important ca oamenii s\u0103 con\u0219tientizeze, \u00een fiecare diminea\u021b\u0103 c\u00e2nd se trezesc, c\u0103 sunt infinit de boga\u021bi, doar pentru c\u0103-i au pe cei dragi l\u00e2ng\u0103 ei.<\/p>\n\n\n\n<p><em>V\u0103 mul\u021bumesc!<\/em><\/p>\n\n\n\n<figure class=\"wp-block-gallery columns-3 is-cropped wp-block-gallery-1 is-layout-flex wp-block-gallery-is-layout-flex\"><ul class=\"blocks-gallery-grid\"><li class=\"blocks-gallery-item\"><figure><a href=\"https:\/\/urbeamea.ro\/albaiulia\/wp-content\/uploads\/2019\/12\/august-2019-144.jpg\"><img loading=\"lazy\" decoding=\"async\" width=\"1280\" height=\"853\" src=\"https:\/\/urbeamea.ro\/albaiulia\/wp-content\/uploads\/2019\/12\/august-2019-144-1280x853.jpg\" alt=\"\" data-id=\"85854\" data-full-url=\"https:\/\/urbeamea.ro\/albaiulia\/wp-content\/uploads\/2019\/12\/august-2019-144.jpg\" data-link=\"https:\/\/urbeamea.ro\/albaiulia\/?attachment_id=85854\" class=\"wp-image-85854\" srcset=\"https:\/\/urbeamea.ro\/albaiulia\/wp-content\/uploads\/2019\/12\/august-2019-144-1280x853.jpg 1280w, https:\/\/urbeamea.ro\/albaiulia\/wp-content\/uploads\/2019\/12\/august-2019-144-640x427.jpg 640w, https:\/\/urbeamea.ro\/albaiulia\/wp-content\/uploads\/2019\/12\/august-2019-144-150x100.jpg 150w, https:\/\/urbeamea.ro\/albaiulia\/wp-content\/uploads\/2019\/12\/august-2019-144-768x512.jpg 768w, https:\/\/urbeamea.ro\/albaiulia\/wp-content\/uploads\/2019\/12\/august-2019-144.jpg 1500w\" sizes=\"auto, (max-width: 1280px) 100vw, 1280px\" \/><\/a><\/figure><\/li><li class=\"blocks-gallery-item\"><figure><a href=\"https:\/\/urbeamea.ro\/albaiulia\/wp-content\/uploads\/2019\/12\/CRI_1482.jpg\"><img loading=\"lazy\" decoding=\"async\" width=\"853\" height=\"1280\" src=\"https:\/\/urbeamea.ro\/albaiulia\/wp-content\/uploads\/2019\/12\/CRI_1482-853x1280.jpg\" alt=\"\" data-id=\"85855\" data-full-url=\"https:\/\/urbeamea.ro\/albaiulia\/wp-content\/uploads\/2019\/12\/CRI_1482.jpg\" data-link=\"https:\/\/urbeamea.ro\/albaiulia\/?attachment_id=85855\" class=\"wp-image-85855\" srcset=\"https:\/\/urbeamea.ro\/albaiulia\/wp-content\/uploads\/2019\/12\/CRI_1482-853x1280.jpg 853w, https:\/\/urbeamea.ro\/albaiulia\/wp-content\/uploads\/2019\/12\/CRI_1482-427x640.jpg 427w, https:\/\/urbeamea.ro\/albaiulia\/wp-content\/uploads\/2019\/12\/CRI_1482-100x150.jpg 100w, https:\/\/urbeamea.ro\/albaiulia\/wp-content\/uploads\/2019\/12\/CRI_1482-768x1152.jpg 768w, https:\/\/urbeamea.ro\/albaiulia\/wp-content\/uploads\/2019\/12\/CRI_1482.jpg 1000w\" sizes=\"auto, (max-width: 853px) 100vw, 853px\" \/><\/a><\/figure><\/li><li class=\"blocks-gallery-item\"><figure><a href=\"https:\/\/urbeamea.ro\/albaiulia\/wp-content\/uploads\/2019\/12\/Daria-mai-2018-111.jpg\"><img loading=\"lazy\" decoding=\"async\" width=\"1280\" height=\"853\" src=\"https:\/\/urbeamea.ro\/albaiulia\/wp-content\/uploads\/2019\/12\/Daria-mai-2018-111-1280x853.jpg\" alt=\"\" data-id=\"85856\" data-full-url=\"https:\/\/urbeamea.ro\/albaiulia\/wp-content\/uploads\/2019\/12\/Daria-mai-2018-111.jpg\" data-link=\"https:\/\/urbeamea.ro\/albaiulia\/?attachment_id=85856\" class=\"wp-image-85856\" srcset=\"https:\/\/urbeamea.ro\/albaiulia\/wp-content\/uploads\/2019\/12\/Daria-mai-2018-111-1280x853.jpg 1280w, https:\/\/urbeamea.ro\/albaiulia\/wp-content\/uploads\/2019\/12\/Daria-mai-2018-111-640x427.jpg 640w, https:\/\/urbeamea.ro\/albaiulia\/wp-content\/uploads\/2019\/12\/Daria-mai-2018-111-150x100.jpg 150w, https:\/\/urbeamea.ro\/albaiulia\/wp-content\/uploads\/2019\/12\/Daria-mai-2018-111-768x512.jpg 768w, https:\/\/urbeamea.ro\/albaiulia\/wp-content\/uploads\/2019\/12\/Daria-mai-2018-111.jpg 1500w\" sizes=\"auto, (max-width: 1280px) 100vw, 1280px\" \/><\/a><\/figure><\/li><li class=\"blocks-gallery-item\"><figure><a href=\"https:\/\/urbeamea.ro\/albaiulia\/wp-content\/uploads\/2019\/12\/Dominick-mai-2019-31.jpg\"><img loading=\"lazy\" decoding=\"async\" width=\"853\" height=\"1280\" src=\"https:\/\/urbeamea.ro\/albaiulia\/wp-content\/uploads\/2019\/12\/Dominick-mai-2019-31-853x1280.jpg\" alt=\"\" data-id=\"85857\" data-full-url=\"https:\/\/urbeamea.ro\/albaiulia\/wp-content\/uploads\/2019\/12\/Dominick-mai-2019-31.jpg\" data-link=\"https:\/\/urbeamea.ro\/albaiulia\/?attachment_id=85857\" class=\"wp-image-85857\" srcset=\"https:\/\/urbeamea.ro\/albaiulia\/wp-content\/uploads\/2019\/12\/Dominick-mai-2019-31-853x1280.jpg 853w, https:\/\/urbeamea.ro\/albaiulia\/wp-content\/uploads\/2019\/12\/Dominick-mai-2019-31-427x640.jpg 427w, https:\/\/urbeamea.ro\/albaiulia\/wp-content\/uploads\/2019\/12\/Dominick-mai-2019-31-100x150.jpg 100w, https:\/\/urbeamea.ro\/albaiulia\/wp-content\/uploads\/2019\/12\/Dominick-mai-2019-31-768x1152.jpg 768w, https:\/\/urbeamea.ro\/albaiulia\/wp-content\/uploads\/2019\/12\/Dominick-mai-2019-31.jpg 1000w\" sizes=\"auto, (max-width: 853px) 100vw, 853px\" \/><\/a><\/figure><\/li><li class=\"blocks-gallery-item\"><figure><a href=\"https:\/\/urbeamea.ro\/albaiulia\/wp-content\/uploads\/2019\/12\/Ema-februarie-2019-79.jpg\"><img loading=\"lazy\" decoding=\"async\" width=\"1280\" height=\"853\" src=\"https:\/\/urbeamea.ro\/albaiulia\/wp-content\/uploads\/2019\/12\/Ema-februarie-2019-79-1280x853.jpg\" alt=\"\" data-id=\"85858\" data-full-url=\"https:\/\/urbeamea.ro\/albaiulia\/wp-content\/uploads\/2019\/12\/Ema-februarie-2019-79.jpg\" data-link=\"https:\/\/urbeamea.ro\/albaiulia\/?attachment_id=85858\" class=\"wp-image-85858\" srcset=\"https:\/\/urbeamea.ro\/albaiulia\/wp-content\/uploads\/2019\/12\/Ema-februarie-2019-79-1280x853.jpg 1280w, https:\/\/urbeamea.ro\/albaiulia\/wp-content\/uploads\/2019\/12\/Ema-februarie-2019-79-640x427.jpg 640w, https:\/\/urbeamea.ro\/albaiulia\/wp-content\/uploads\/2019\/12\/Ema-februarie-2019-79-150x100.jpg 150w, https:\/\/urbeamea.ro\/albaiulia\/wp-content\/uploads\/2019\/12\/Ema-februarie-2019-79-768x512.jpg 768w, https:\/\/urbeamea.ro\/albaiulia\/wp-content\/uploads\/2019\/12\/Ema-februarie-2019-79.jpg 1500w\" sizes=\"auto, (max-width: 1280px) 100vw, 1280px\" \/><\/a><\/figure><\/li><li class=\"blocks-gallery-item\"><figure><a href=\"https:\/\/urbeamea.ro\/albaiulia\/wp-content\/uploads\/2019\/12\/Erick-iunie-2019-34.jpg\"><img loading=\"lazy\" decoding=\"async\" width=\"1280\" height=\"853\" src=\"https:\/\/urbeamea.ro\/albaiulia\/wp-content\/uploads\/2019\/12\/Erick-iunie-2019-34-1280x853.jpg\" alt=\"\" data-id=\"85859\" data-full-url=\"https:\/\/urbeamea.ro\/albaiulia\/wp-content\/uploads\/2019\/12\/Erick-iunie-2019-34.jpg\" data-link=\"https:\/\/urbeamea.ro\/albaiulia\/?attachment_id=85859\" class=\"wp-image-85859\" srcset=\"https:\/\/urbeamea.ro\/albaiulia\/wp-content\/uploads\/2019\/12\/Erick-iunie-2019-34-1280x853.jpg 1280w, https:\/\/urbeamea.ro\/albaiulia\/wp-content\/uploads\/2019\/12\/Erick-iunie-2019-34-640x427.jpg 640w, https:\/\/urbeamea.ro\/albaiulia\/wp-content\/uploads\/2019\/12\/Erick-iunie-2019-34-150x100.jpg 150w, https:\/\/urbeamea.ro\/albaiulia\/wp-content\/uploads\/2019\/12\/Erick-iunie-2019-34-768x512.jpg 768w, https:\/\/urbeamea.ro\/albaiulia\/wp-content\/uploads\/2019\/12\/Erick-iunie-2019-34.jpg 1500w\" sizes=\"auto, (max-width: 1280px) 100vw, 1280px\" \/><\/a><\/figure><\/li><li class=\"blocks-gallery-item\"><figure><a href=\"https:\/\/urbeamea.ro\/albaiulia\/wp-content\/uploads\/2019\/12\/Filip-iulie-2018-132.jpg\"><img loading=\"lazy\" decoding=\"async\" width=\"1280\" height=\"853\" src=\"https:\/\/urbeamea.ro\/albaiulia\/wp-content\/uploads\/2019\/12\/Filip-iulie-2018-132-1280x853.jpg\" alt=\"\" data-id=\"85860\" data-full-url=\"https:\/\/urbeamea.ro\/albaiulia\/wp-content\/uploads\/2019\/12\/Filip-iulie-2018-132.jpg\" data-link=\"https:\/\/urbeamea.ro\/albaiulia\/?attachment_id=85860\" class=\"wp-image-85860\" srcset=\"https:\/\/urbeamea.ro\/albaiulia\/wp-content\/uploads\/2019\/12\/Filip-iulie-2018-132-1280x853.jpg 1280w, https:\/\/urbeamea.ro\/albaiulia\/wp-content\/uploads\/2019\/12\/Filip-iulie-2018-132-640x427.jpg 640w, https:\/\/urbeamea.ro\/albaiulia\/wp-content\/uploads\/2019\/12\/Filip-iulie-2018-132-150x100.jpg 150w, https:\/\/urbeamea.ro\/albaiulia\/wp-content\/uploads\/2019\/12\/Filip-iulie-2018-132-768x512.jpg 768w, https:\/\/urbeamea.ro\/albaiulia\/wp-content\/uploads\/2019\/12\/Filip-iulie-2018-132.jpg 1500w\" sizes=\"auto, (max-width: 1280px) 100vw, 1280px\" \/><\/a><\/figure><\/li><li class=\"blocks-gallery-item\"><figure><a href=\"https:\/\/urbeamea.ro\/albaiulia\/wp-content\/uploads\/2019\/12\/Ian-si-Patrick-136.jpg\"><img loading=\"lazy\" decoding=\"async\" width=\"1280\" height=\"853\" src=\"https:\/\/urbeamea.ro\/albaiulia\/wp-content\/uploads\/2019\/12\/Ian-si-Patrick-136-1280x853.jpg\" alt=\"\" data-id=\"85861\" data-full-url=\"https:\/\/urbeamea.ro\/albaiulia\/wp-content\/uploads\/2019\/12\/Ian-si-Patrick-136.jpg\" data-link=\"https:\/\/urbeamea.ro\/albaiulia\/?attachment_id=85861\" class=\"wp-image-85861\" srcset=\"https:\/\/urbeamea.ro\/albaiulia\/wp-content\/uploads\/2019\/12\/Ian-si-Patrick-136-1280x853.jpg 1280w, https:\/\/urbeamea.ro\/albaiulia\/wp-content\/uploads\/2019\/12\/Ian-si-Patrick-136-640x427.jpg 640w, https:\/\/urbeamea.ro\/albaiulia\/wp-content\/uploads\/2019\/12\/Ian-si-Patrick-136-150x100.jpg 150w, https:\/\/urbeamea.ro\/albaiulia\/wp-content\/uploads\/2019\/12\/Ian-si-Patrick-136-768x512.jpg 768w, https:\/\/urbeamea.ro\/albaiulia\/wp-content\/uploads\/2019\/12\/Ian-si-Patrick-136.jpg 1500w\" sizes=\"auto, (max-width: 1280px) 100vw, 1280px\" \/><\/a><\/figure><\/li><li class=\"blocks-gallery-item\"><figure><a href=\"https:\/\/urbeamea.ro\/albaiulia\/wp-content\/uploads\/2019\/12\/Ian-si-Patrick-143.jpg\"><img loading=\"lazy\" decoding=\"async\" width=\"1280\" height=\"853\" src=\"https:\/\/urbeamea.ro\/albaiulia\/wp-content\/uploads\/2019\/12\/Ian-si-Patrick-143-1280x853.jpg\" alt=\"\" data-id=\"85862\" data-full-url=\"https:\/\/urbeamea.ro\/albaiulia\/wp-content\/uploads\/2019\/12\/Ian-si-Patrick-143.jpg\" data-link=\"https:\/\/urbeamea.ro\/albaiulia\/?attachment_id=85862\" class=\"wp-image-85862\" srcset=\"https:\/\/urbeamea.ro\/albaiulia\/wp-content\/uploads\/2019\/12\/Ian-si-Patrick-143-1280x853.jpg 1280w, https:\/\/urbeamea.ro\/albaiulia\/wp-content\/uploads\/2019\/12\/Ian-si-Patrick-143-640x427.jpg 640w, https:\/\/urbeamea.ro\/albaiulia\/wp-content\/uploads\/2019\/12\/Ian-si-Patrick-143-150x100.jpg 150w, https:\/\/urbeamea.ro\/albaiulia\/wp-content\/uploads\/2019\/12\/Ian-si-Patrick-143-768x512.jpg 768w, https:\/\/urbeamea.ro\/albaiulia\/wp-content\/uploads\/2019\/12\/Ian-si-Patrick-143.jpg 1500w\" sizes=\"auto, (max-width: 1280px) 100vw, 1280px\" \/><\/a><\/figure><\/li><li class=\"blocks-gallery-item\"><figure><a href=\"https:\/\/urbeamea.ro\/albaiulia\/wp-content\/uploads\/2019\/12\/Ian-si-Patrick-noiembrie-2019-48.jpg\"><img loading=\"lazy\" decoding=\"async\" width=\"1280\" height=\"853\" src=\"https:\/\/urbeamea.ro\/albaiulia\/wp-content\/uploads\/2019\/12\/Ian-si-Patrick-noiembrie-2019-48-1280x853.jpg\" alt=\"\" data-id=\"85863\" data-full-url=\"https:\/\/urbeamea.ro\/albaiulia\/wp-content\/uploads\/2019\/12\/Ian-si-Patrick-noiembrie-2019-48.jpg\" data-link=\"https:\/\/urbeamea.ro\/albaiulia\/?attachment_id=85863\" class=\"wp-image-85863\" srcset=\"https:\/\/urbeamea.ro\/albaiulia\/wp-content\/uploads\/2019\/12\/Ian-si-Patrick-noiembrie-2019-48-1280x853.jpg 1280w, https:\/\/urbeamea.ro\/albaiulia\/wp-content\/uploads\/2019\/12\/Ian-si-Patrick-noiembrie-2019-48-640x427.jpg 640w, https:\/\/urbeamea.ro\/albaiulia\/wp-content\/uploads\/2019\/12\/Ian-si-Patrick-noiembrie-2019-48-150x100.jpg 150w, https:\/\/urbeamea.ro\/albaiulia\/wp-content\/uploads\/2019\/12\/Ian-si-Patrick-noiembrie-2019-48-768x512.jpg 768w, https:\/\/urbeamea.ro\/albaiulia\/wp-content\/uploads\/2019\/12\/Ian-si-Patrick-noiembrie-2019-48.jpg 1500w\" sizes=\"auto, (max-width: 1280px) 100vw, 1280px\" \/><\/a><\/figure><\/li><li class=\"blocks-gallery-item\"><figure><a href=\"https:\/\/urbeamea.ro\/albaiulia\/wp-content\/uploads\/2019\/12\/Ian-si-Patrick-septembrie-2019-13.jpg\"><img loading=\"lazy\" decoding=\"async\" width=\"1280\" height=\"853\" src=\"https:\/\/urbeamea.ro\/albaiulia\/wp-content\/uploads\/2019\/12\/Ian-si-Patrick-septembrie-2019-13-1280x853.jpg\" alt=\"\" data-id=\"85864\" data-full-url=\"https:\/\/urbeamea.ro\/albaiulia\/wp-content\/uploads\/2019\/12\/Ian-si-Patrick-septembrie-2019-13.jpg\" data-link=\"https:\/\/urbeamea.ro\/albaiulia\/?attachment_id=85864\" class=\"wp-image-85864\" srcset=\"https:\/\/urbeamea.ro\/albaiulia\/wp-content\/uploads\/2019\/12\/Ian-si-Patrick-septembrie-2019-13-1280x853.jpg 1280w, https:\/\/urbeamea.ro\/albaiulia\/wp-content\/uploads\/2019\/12\/Ian-si-Patrick-septembrie-2019-13-640x427.jpg 640w, https:\/\/urbeamea.ro\/albaiulia\/wp-content\/uploads\/2019\/12\/Ian-si-Patrick-septembrie-2019-13-150x100.jpg 150w, https:\/\/urbeamea.ro\/albaiulia\/wp-content\/uploads\/2019\/12\/Ian-si-Patrick-septembrie-2019-13-768x512.jpg 768w, https:\/\/urbeamea.ro\/albaiulia\/wp-content\/uploads\/2019\/12\/Ian-si-Patrick-septembrie-2019-13.jpg 1500w\" sizes=\"auto, (max-width: 1280px) 100vw, 1280px\" \/><\/a><\/figure><\/li><li class=\"blocks-gallery-item\"><figure><a href=\"https:\/\/urbeamea.ro\/albaiulia\/wp-content\/uploads\/2019\/12\/Ian-si-Patrick-septembrie-2019-133.jpg\"><img loading=\"lazy\" decoding=\"async\" width=\"1280\" height=\"853\" src=\"https:\/\/urbeamea.ro\/albaiulia\/wp-content\/uploads\/2019\/12\/Ian-si-Patrick-septembrie-2019-133-1280x853.jpg\" alt=\"\" data-id=\"85865\" data-full-url=\"https:\/\/urbeamea.ro\/albaiulia\/wp-content\/uploads\/2019\/12\/Ian-si-Patrick-septembrie-2019-133.jpg\" data-link=\"https:\/\/urbeamea.ro\/albaiulia\/?attachment_id=85865\" class=\"wp-image-85865\" srcset=\"https:\/\/urbeamea.ro\/albaiulia\/wp-content\/uploads\/2019\/12\/Ian-si-Patrick-septembrie-2019-133-1280x853.jpg 1280w, https:\/\/urbeamea.ro\/albaiulia\/wp-content\/uploads\/2019\/12\/Ian-si-Patrick-septembrie-2019-133-640x427.jpg 640w, https:\/\/urbeamea.ro\/albaiulia\/wp-content\/uploads\/2019\/12\/Ian-si-Patrick-septembrie-2019-133-150x100.jpg 150w, https:\/\/urbeamea.ro\/albaiulia\/wp-content\/uploads\/2019\/12\/Ian-si-Patrick-septembrie-2019-133-768x512.jpg 768w, https:\/\/urbeamea.ro\/albaiulia\/wp-content\/uploads\/2019\/12\/Ian-si-Patrick-septembrie-2019-133.jpg 1500w\" sizes=\"auto, (max-width: 1280px) 100vw, 1280px\" \/><\/a><\/figure><\/li><li class=\"blocks-gallery-item\"><figure><a href=\"https:\/\/urbeamea.ro\/albaiulia\/wp-content\/uploads\/2019\/12\/iulie-2019-114.jpg\"><img loading=\"lazy\" decoding=\"async\" width=\"1280\" height=\"853\" src=\"https:\/\/urbeamea.ro\/albaiulia\/wp-content\/uploads\/2019\/12\/iulie-2019-114-1280x853.jpg\" alt=\"\" data-id=\"85866\" data-full-url=\"https:\/\/urbeamea.ro\/albaiulia\/wp-content\/uploads\/2019\/12\/iulie-2019-114.jpg\" data-link=\"https:\/\/urbeamea.ro\/albaiulia\/?attachment_id=85866\" class=\"wp-image-85866\" srcset=\"https:\/\/urbeamea.ro\/albaiulia\/wp-content\/uploads\/2019\/12\/iulie-2019-114-1280x853.jpg 1280w, https:\/\/urbeamea.ro\/albaiulia\/wp-content\/uploads\/2019\/12\/iulie-2019-114-640x427.jpg 640w, https:\/\/urbeamea.ro\/albaiulia\/wp-content\/uploads\/2019\/12\/iulie-2019-114-150x100.jpg 150w, https:\/\/urbeamea.ro\/albaiulia\/wp-content\/uploads\/2019\/12\/iulie-2019-114-768x512.jpg 768w, https:\/\/urbeamea.ro\/albaiulia\/wp-content\/uploads\/2019\/12\/iulie-2019-114.jpg 1500w\" sizes=\"auto, (max-width: 1280px) 100vw, 1280px\" \/><\/a><\/figure><\/li><li class=\"blocks-gallery-item\"><figure><a href=\"https:\/\/urbeamea.ro\/albaiulia\/wp-content\/uploads\/2019\/12\/iunie-2019-48.jpg\"><img loading=\"lazy\" decoding=\"async\" width=\"1280\" height=\"853\" src=\"https:\/\/urbeamea.ro\/albaiulia\/wp-content\/uploads\/2019\/12\/iunie-2019-48-1280x853.jpg\" alt=\"\" data-id=\"85867\" data-full-url=\"https:\/\/urbeamea.ro\/albaiulia\/wp-content\/uploads\/2019\/12\/iunie-2019-48.jpg\" data-link=\"https:\/\/urbeamea.ro\/albaiulia\/?attachment_id=85867\" class=\"wp-image-85867\" srcset=\"https:\/\/urbeamea.ro\/albaiulia\/wp-content\/uploads\/2019\/12\/iunie-2019-48-1280x853.jpg 1280w, https:\/\/urbeamea.ro\/albaiulia\/wp-content\/uploads\/2019\/12\/iunie-2019-48-640x427.jpg 640w, https:\/\/urbeamea.ro\/albaiulia\/wp-content\/uploads\/2019\/12\/iunie-2019-48-150x100.jpg 150w, https:\/\/urbeamea.ro\/albaiulia\/wp-content\/uploads\/2019\/12\/iunie-2019-48-768x512.jpg 768w, https:\/\/urbeamea.ro\/albaiulia\/wp-content\/uploads\/2019\/12\/iunie-2019-48.jpg 1500w\" sizes=\"auto, (max-width: 1280px) 100vw, 1280px\" \/><\/a><\/figure><\/li><li class=\"blocks-gallery-item\"><figure><a href=\"https:\/\/urbeamea.ro\/albaiulia\/wp-content\/uploads\/2019\/12\/iunie-2019-131.jpg\"><img loading=\"lazy\" decoding=\"async\" width=\"1280\" height=\"853\" src=\"https:\/\/urbeamea.ro\/albaiulia\/wp-content\/uploads\/2019\/12\/iunie-2019-131-1280x853.jpg\" alt=\"\" data-id=\"85868\" data-full-url=\"https:\/\/urbeamea.ro\/albaiulia\/wp-content\/uploads\/2019\/12\/iunie-2019-131.jpg\" data-link=\"https:\/\/urbeamea.ro\/albaiulia\/?attachment_id=85868\" class=\"wp-image-85868\" srcset=\"https:\/\/urbeamea.ro\/albaiulia\/wp-content\/uploads\/2019\/12\/iunie-2019-131-1280x853.jpg 1280w, https:\/\/urbeamea.ro\/albaiulia\/wp-content\/uploads\/2019\/12\/iunie-2019-131-640x427.jpg 640w, https:\/\/urbeamea.ro\/albaiulia\/wp-content\/uploads\/2019\/12\/iunie-2019-131-150x100.jpg 150w, https:\/\/urbeamea.ro\/albaiulia\/wp-content\/uploads\/2019\/12\/iunie-2019-131-768x512.jpg 768w, https:\/\/urbeamea.ro\/albaiulia\/wp-content\/uploads\/2019\/12\/iunie-2019-131.jpg 1500w\" sizes=\"auto, (max-width: 1280px) 100vw, 1280px\" \/><\/a><\/figure><\/li><li class=\"blocks-gallery-item\"><figure><a href=\"https:\/\/urbeamea.ro\/albaiulia\/wp-content\/uploads\/2019\/12\/Lavinia-septembrie-2019-146.jpg\"><img loading=\"lazy\" decoding=\"async\" width=\"1280\" height=\"853\" src=\"https:\/\/urbeamea.ro\/albaiulia\/wp-content\/uploads\/2019\/12\/Lavinia-septembrie-2019-146-1280x853.jpg\" alt=\"\" data-id=\"85869\" data-full-url=\"https:\/\/urbeamea.ro\/albaiulia\/wp-content\/uploads\/2019\/12\/Lavinia-septembrie-2019-146.jpg\" data-link=\"https:\/\/urbeamea.ro\/albaiulia\/?attachment_id=85869\" class=\"wp-image-85869\" srcset=\"https:\/\/urbeamea.ro\/albaiulia\/wp-content\/uploads\/2019\/12\/Lavinia-septembrie-2019-146-1280x853.jpg 1280w, https:\/\/urbeamea.ro\/albaiulia\/wp-content\/uploads\/2019\/12\/Lavinia-septembrie-2019-146-640x427.jpg 640w, https:\/\/urbeamea.ro\/albaiulia\/wp-content\/uploads\/2019\/12\/Lavinia-septembrie-2019-146-150x100.jpg 150w, https:\/\/urbeamea.ro\/albaiulia\/wp-content\/uploads\/2019\/12\/Lavinia-septembrie-2019-146-768x512.jpg 768w, https:\/\/urbeamea.ro\/albaiulia\/wp-content\/uploads\/2019\/12\/Lavinia-septembrie-2019-146.jpg 1500w\" sizes=\"auto, (max-width: 1280px) 100vw, 1280px\" \/><\/a><\/figure><\/li><li class=\"blocks-gallery-item\"><figure><a href=\"https:\/\/urbeamea.ro\/albaiulia\/wp-content\/uploads\/2019\/12\/mai-2019-65.jpg\"><img loading=\"lazy\" decoding=\"async\" width=\"1280\" height=\"853\" src=\"https:\/\/urbeamea.ro\/albaiulia\/wp-content\/uploads\/2019\/12\/mai-2019-65-1280x853.jpg\" alt=\"\" data-id=\"85870\" data-full-url=\"https:\/\/urbeamea.ro\/albaiulia\/wp-content\/uploads\/2019\/12\/mai-2019-65.jpg\" data-link=\"https:\/\/urbeamea.ro\/albaiulia\/?attachment_id=85870\" class=\"wp-image-85870\" srcset=\"https:\/\/urbeamea.ro\/albaiulia\/wp-content\/uploads\/2019\/12\/mai-2019-65-1280x853.jpg 1280w, https:\/\/urbeamea.ro\/albaiulia\/wp-content\/uploads\/2019\/12\/mai-2019-65-640x427.jpg 640w, https:\/\/urbeamea.ro\/albaiulia\/wp-content\/uploads\/2019\/12\/mai-2019-65-150x100.jpg 150w, https:\/\/urbeamea.ro\/albaiulia\/wp-content\/uploads\/2019\/12\/mai-2019-65-768x512.jpg 768w, https:\/\/urbeamea.ro\/albaiulia\/wp-content\/uploads\/2019\/12\/mai-2019-65.jpg 1500w\" sizes=\"auto, (max-width: 1280px) 100vw, 1280px\" \/><\/a><\/figure><\/li><li class=\"blocks-gallery-item\"><figure><a href=\"https:\/\/urbeamea.ro\/albaiulia\/wp-content\/uploads\/2019\/12\/MAI-2019-116.jpg\"><img loading=\"lazy\" decoding=\"async\" width=\"1280\" height=\"853\" src=\"https:\/\/urbeamea.ro\/albaiulia\/wp-content\/uploads\/2019\/12\/MAI-2019-116-1280x853.jpg\" alt=\"\" data-id=\"85871\" data-full-url=\"https:\/\/urbeamea.ro\/albaiulia\/wp-content\/uploads\/2019\/12\/MAI-2019-116.jpg\" data-link=\"https:\/\/urbeamea.ro\/albaiulia\/?attachment_id=85871\" class=\"wp-image-85871\" srcset=\"https:\/\/urbeamea.ro\/albaiulia\/wp-content\/uploads\/2019\/12\/MAI-2019-116-1280x853.jpg 1280w, https:\/\/urbeamea.ro\/albaiulia\/wp-content\/uploads\/2019\/12\/MAI-2019-116-640x427.jpg 640w, https:\/\/urbeamea.ro\/albaiulia\/wp-content\/uploads\/2019\/12\/MAI-2019-116-150x100.jpg 150w, https:\/\/urbeamea.ro\/albaiulia\/wp-content\/uploads\/2019\/12\/MAI-2019-116-768x512.jpg 768w, https:\/\/urbeamea.ro\/albaiulia\/wp-content\/uploads\/2019\/12\/MAI-2019-116.jpg 1500w\" sizes=\"auto, (max-width: 1280px) 100vw, 1280px\" \/><\/a><\/figure><\/li><li class=\"blocks-gallery-item\"><figure><a href=\"https:\/\/urbeamea.ro\/albaiulia\/wp-content\/uploads\/2019\/12\/octombrie-2019-7.jpg\"><img loading=\"lazy\" decoding=\"async\" width=\"1280\" height=\"853\" src=\"https:\/\/urbeamea.ro\/albaiulia\/wp-content\/uploads\/2019\/12\/octombrie-2019-7-1280x853.jpg\" alt=\"\" data-id=\"85872\" data-full-url=\"https:\/\/urbeamea.ro\/albaiulia\/wp-content\/uploads\/2019\/12\/octombrie-2019-7.jpg\" data-link=\"https:\/\/urbeamea.ro\/albaiulia\/?attachment_id=85872\" class=\"wp-image-85872\" srcset=\"https:\/\/urbeamea.ro\/albaiulia\/wp-content\/uploads\/2019\/12\/octombrie-2019-7-1280x853.jpg 1280w, https:\/\/urbeamea.ro\/albaiulia\/wp-content\/uploads\/2019\/12\/octombrie-2019-7-640x427.jpg 640w, https:\/\/urbeamea.ro\/albaiulia\/wp-content\/uploads\/2019\/12\/octombrie-2019-7-150x100.jpg 150w, https:\/\/urbeamea.ro\/albaiulia\/wp-content\/uploads\/2019\/12\/octombrie-2019-7-768x512.jpg 768w, https:\/\/urbeamea.ro\/albaiulia\/wp-content\/uploads\/2019\/12\/octombrie-2019-7.jpg 1500w\" sizes=\"auto, (max-width: 1280px) 100vw, 1280px\" \/><\/a><\/figure><\/li><li class=\"blocks-gallery-item\"><figure><a href=\"https:\/\/urbeamea.ro\/albaiulia\/wp-content\/uploads\/2019\/12\/Seby-august-2018-194.jpg\"><img loading=\"lazy\" decoding=\"async\" width=\"1280\" height=\"853\" src=\"https:\/\/urbeamea.ro\/albaiulia\/wp-content\/uploads\/2019\/12\/Seby-august-2018-194-1280x853.jpg\" alt=\"\" data-id=\"85873\" data-full-url=\"https:\/\/urbeamea.ro\/albaiulia\/wp-content\/uploads\/2019\/12\/Seby-august-2018-194.jpg\" data-link=\"https:\/\/urbeamea.ro\/albaiulia\/?attachment_id=85873\" class=\"wp-image-85873\" srcset=\"https:\/\/urbeamea.ro\/albaiulia\/wp-content\/uploads\/2019\/12\/Seby-august-2018-194-1280x853.jpg 1280w, https:\/\/urbeamea.ro\/albaiulia\/wp-content\/uploads\/2019\/12\/Seby-august-2018-194-640x427.jpg 640w, https:\/\/urbeamea.ro\/albaiulia\/wp-content\/uploads\/2019\/12\/Seby-august-2018-194-150x100.jpg 150w, https:\/\/urbeamea.ro\/albaiulia\/wp-content\/uploads\/2019\/12\/Seby-august-2018-194-768x512.jpg 768w, https:\/\/urbeamea.ro\/albaiulia\/wp-content\/uploads\/2019\/12\/Seby-august-2018-194.jpg 1500w\" sizes=\"auto, (max-width: 1280px) 100vw, 1280px\" \/><\/a><\/figure><\/li><li class=\"blocks-gallery-item\"><figure><a href=\"https:\/\/urbeamea.ro\/albaiulia\/wp-content\/uploads\/2019\/12\/Teodora-august-2019-96.jpg\"><img loading=\"lazy\" decoding=\"async\" width=\"1280\" height=\"853\" src=\"https:\/\/urbeamea.ro\/albaiulia\/wp-content\/uploads\/2019\/12\/Teodora-august-2019-96-1280x853.jpg\" alt=\"\" data-id=\"85874\" data-full-url=\"https:\/\/urbeamea.ro\/albaiulia\/wp-content\/uploads\/2019\/12\/Teodora-august-2019-96.jpg\" data-link=\"https:\/\/urbeamea.ro\/albaiulia\/?attachment_id=85874\" class=\"wp-image-85874\" srcset=\"https:\/\/urbeamea.ro\/albaiulia\/wp-content\/uploads\/2019\/12\/Teodora-august-2019-96-1280x853.jpg 1280w, https:\/\/urbeamea.ro\/albaiulia\/wp-content\/uploads\/2019\/12\/Teodora-august-2019-96-640x427.jpg 640w, https:\/\/urbeamea.ro\/albaiulia\/wp-content\/uploads\/2019\/12\/Teodora-august-2019-96-150x100.jpg 150w, https:\/\/urbeamea.ro\/albaiulia\/wp-content\/uploads\/2019\/12\/Teodora-august-2019-96-768x512.jpg 768w, https:\/\/urbeamea.ro\/albaiulia\/wp-content\/uploads\/2019\/12\/Teodora-august-2019-96.jpg 1500w\" sizes=\"auto, (max-width: 1280px) 100vw, 1280px\" \/><\/a><\/figure><\/li><li class=\"blocks-gallery-item\"><figure><a href=\"https:\/\/urbeamea.ro\/albaiulia\/wp-content\/uploads\/2019\/12\/Timeea-august-2019-13.jpg\"><img loading=\"lazy\" decoding=\"async\" width=\"1280\" height=\"853\" src=\"https:\/\/urbeamea.ro\/albaiulia\/wp-content\/uploads\/2019\/12\/Timeea-august-2019-13-1280x853.jpg\" alt=\"\" data-id=\"85875\" data-full-url=\"https:\/\/urbeamea.ro\/albaiulia\/wp-content\/uploads\/2019\/12\/Timeea-august-2019-13.jpg\" data-link=\"https:\/\/urbeamea.ro\/albaiulia\/?attachment_id=85875\" class=\"wp-image-85875\" srcset=\"https:\/\/urbeamea.ro\/albaiulia\/wp-content\/uploads\/2019\/12\/Timeea-august-2019-13-1280x853.jpg 1280w, https:\/\/urbeamea.ro\/albaiulia\/wp-content\/uploads\/2019\/12\/Timeea-august-2019-13-640x427.jpg 640w, https:\/\/urbeamea.ro\/albaiulia\/wp-content\/uploads\/2019\/12\/Timeea-august-2019-13-150x100.jpg 150w, https:\/\/urbeamea.ro\/albaiulia\/wp-content\/uploads\/2019\/12\/Timeea-august-2019-13-768x512.jpg 768w, https:\/\/urbeamea.ro\/albaiulia\/wp-content\/uploads\/2019\/12\/Timeea-august-2019-13.jpg 1500w\" sizes=\"auto, (max-width: 1280px) 100vw, 1280px\" \/><\/a><\/figure><\/li><li class=\"blocks-gallery-item\"><figure><a href=\"https:\/\/urbeamea.ro\/albaiulia\/wp-content\/uploads\/2019\/12\/Zoe-august-2019-31.jpg\"><img loading=\"lazy\" decoding=\"async\" width=\"1280\" height=\"853\" src=\"https:\/\/urbeamea.ro\/albaiulia\/wp-content\/uploads\/2019\/12\/Zoe-august-2019-31-1280x853.jpg\" alt=\"\" data-id=\"85876\" data-full-url=\"https:\/\/urbeamea.ro\/albaiulia\/wp-content\/uploads\/2019\/12\/Zoe-august-2019-31.jpg\" data-link=\"https:\/\/urbeamea.ro\/albaiulia\/?attachment_id=85876\" class=\"wp-image-85876\" srcset=\"https:\/\/urbeamea.ro\/albaiulia\/wp-content\/uploads\/2019\/12\/Zoe-august-2019-31-1280x853.jpg 1280w, https:\/\/urbeamea.ro\/albaiulia\/wp-content\/uploads\/2019\/12\/Zoe-august-2019-31-640x427.jpg 640w, https:\/\/urbeamea.ro\/albaiulia\/wp-content\/uploads\/2019\/12\/Zoe-august-2019-31-150x100.jpg 150w, https:\/\/urbeamea.ro\/albaiulia\/wp-content\/uploads\/2019\/12\/Zoe-august-2019-31-768x512.jpg 768w, https:\/\/urbeamea.ro\/albaiulia\/wp-content\/uploads\/2019\/12\/Zoe-august-2019-31.jpg 1500w\" sizes=\"auto, (max-width: 1280px) 100vw, 1280px\" \/><\/a><\/figure><\/li><\/ul><\/figure>\n","protected":false},"excerpt":{"rendered":"<p>Pasionat\u0103 de fotografie \u0219i fascinat\u0103 de amintirile \u00een imagini \u00eenc\u0103 din primii ani din via\u021b\u0103, Cristina Szabados ne-a deschis u\u0219ile studioului ei foto \u0219i ne-a povestit despre ce \u00eenseamn\u0103 fotografia de familie, c\u00e2t este de greu de realizat \u0219i c\u00e2t de frumos se pot f\u0103uri amintiri. N\u0103scut\u0103 \u00een inima Mun\u021bilor Apuseni, Cristina declar\u0103 sincer c\u0103 &hellip;<\/p>\n","protected":false},"author":17,"featured_media":86824,"comment_status":"open","ping_status":"open","sticky":false,"template":"","format":"standard","meta":{"inline_featured_image":false,"footnotes":""},"categories":[812],"tags":[19281,19282,308,19283,76],"class_list":["post-85842","post","type-post","status-publish","format-standard","has-post-thumbnail","hentry","category-interviu","tag-cristina-szabados","tag-fotografie-de-familie","tag-stiri","tag-studio-foto","tag-urbea-mea"],"yoast_head":"<!-- This site is optimized with the Yoast SEO plugin v27.4 - https:\/\/yoast.com\/product\/yoast-seo-wordpress\/ -->\n<title>Cristina Szabados \u0219i fotografia de familie: \u201eNu m\u0103 v\u0103d ast\u0103zi f\u0103c\u00e2nd altceva dec\u00e2t fotografii cu copii, iar asta mi se potrive\u0219te cel mai bine...\u201d - Revista Urbea Mea - Revista de Alba<\/title>\n<meta name=\"description\" content=\"Pasionat\u0103 de fotografie \u0219i fascinat\u0103 de amintirile \u00een imagini \u00eenc\u0103 din primii ani din via\u021b\u0103, Cristina Szabados ne-a deschis u\u0219ile studioului ei foto \u0219i\" \/>\n<meta name=\"robots\" content=\"index, follow, max-snippet:-1, max-image-preview:large, max-video-preview:-1\" \/>\n<link rel=\"canonical\" href=\"https:\/\/urbeamea.ro\/albaiulia\/cristina-szabados-si-fotografia-de-familie\/\" \/>\n<meta name=\"twitter:card\" content=\"summary_large_image\" \/>\n<meta name=\"twitter:title\" content=\"Cristina Szabados \u0219i fotografia de familie: \u201eNu m\u0103 v\u0103d ast\u0103zi f\u0103c\u00e2nd altceva dec\u00e2t fotografii cu copii, iar asta mi se potrive\u0219te cel mai bine...\u201d - Revista Urbea Mea - Revista de Alba\" \/>\n<meta name=\"twitter:description\" content=\"Pasionat\u0103 de fotografie \u0219i fascinat\u0103 de amintirile \u00een imagini \u00eenc\u0103 din primii ani din via\u021b\u0103, Cristina Szabados ne-a deschis u\u0219ile studioului ei foto \u0219i\" \/>\n<meta name=\"twitter:image\" content=\"https:\/\/urbeamea.ro\/albaiulia\/wp-content\/uploads\/2020\/01\/CRI_2022_BW.jpg\" \/>\n<meta name=\"twitter:creator\" content=\"@urbeameaweb\" \/>\n<meta name=\"twitter:site\" content=\"@urbeameaweb\" \/>\n<script type=\"application\/ld+json\" class=\"yoast-schema-graph\">{\"@context\":\"https:\\\/\\\/schema.org\",\"@graph\":[{\"@type\":\"Article\",\"@id\":\"https:\\\/\\\/urbeamea.ro\\\/albaiulia\\\/cristina-szabados-si-fotografia-de-familie\\\/#article\",\"isPartOf\":{\"@id\":\"https:\\\/\\\/urbeamea.ro\\\/albaiulia\\\/cristina-szabados-si-fotografia-de-familie\\\/\"},\"author\":{\"name\":\"Cristina Ganga\",\"@id\":\"https:\\\/\\\/urbeamea.ro\\\/albaiulia\\\/#\\\/schema\\\/person\\\/9700d21fae21c4f038b0b56f4506264a\"},\"headline\":\"Cristina Szabados \u0219i fotografia de familie: \u201eNu m\u0103 v\u0103d ast\u0103zi f\u0103c\u00e2nd altceva dec\u00e2t fotografii cu copii, iar asta mi se potrive\u0219te cel mai bine&#8230;\u201d\",\"datePublished\":\"2020-01-07T09:39:55+00:00\",\"dateModified\":\"2020-01-07T10:30:55+00:00\",\"mainEntityOfPage\":{\"@id\":\"https:\\\/\\\/urbeamea.ro\\\/albaiulia\\\/cristina-szabados-si-fotografia-de-familie\\\/\"},\"wordCount\":1356,\"commentCount\":0,\"image\":{\"@id\":\"https:\\\/\\\/urbeamea.ro\\\/albaiulia\\\/cristina-szabados-si-fotografia-de-familie\\\/#primaryimage\"},\"thumbnailUrl\":\"https:\\\/\\\/urbeamea.ro\\\/albaiulia\\\/wp-content\\\/uploads\\\/2020\\\/01\\\/CRI_2022_BW.jpg\",\"keywords\":[\"cristina szabados\",\"fotografie de familie\",\"stiri\",\"studio foto\",\"Urbea Mea\"],\"articleSection\":[\"Interviuri\"],\"inLanguage\":\"ro-RO\",\"potentialAction\":[{\"@type\":\"CommentAction\",\"name\":\"Comment\",\"target\":[\"https:\\\/\\\/urbeamea.ro\\\/albaiulia\\\/cristina-szabados-si-fotografia-de-familie\\\/#respond\"]}]},{\"@type\":\"WebPage\",\"@id\":\"https:\\\/\\\/urbeamea.ro\\\/albaiulia\\\/cristina-szabados-si-fotografia-de-familie\\\/\",\"url\":\"https:\\\/\\\/urbeamea.ro\\\/albaiulia\\\/cristina-szabados-si-fotografia-de-familie\\\/\",\"name\":\"Cristina Szabados \u0219i fotografia de familie: \u201eNu m\u0103 v\u0103d ast\u0103zi f\u0103c\u00e2nd altceva dec\u00e2t fotografii cu copii, iar asta mi se potrive\u0219te cel mai bine...\u201d - Revista Urbea Mea - Revista de Alba\",\"isPartOf\":{\"@id\":\"https:\\\/\\\/urbeamea.ro\\\/albaiulia\\\/#website\"},\"primaryImageOfPage\":{\"@id\":\"https:\\\/\\\/urbeamea.ro\\\/albaiulia\\\/cristina-szabados-si-fotografia-de-familie\\\/#primaryimage\"},\"image\":{\"@id\":\"https:\\\/\\\/urbeamea.ro\\\/albaiulia\\\/cristina-szabados-si-fotografia-de-familie\\\/#primaryimage\"},\"thumbnailUrl\":\"https:\\\/\\\/urbeamea.ro\\\/albaiulia\\\/wp-content\\\/uploads\\\/2020\\\/01\\\/CRI_2022_BW.jpg\",\"datePublished\":\"2020-01-07T09:39:55+00:00\",\"dateModified\":\"2020-01-07T10:30:55+00:00\",\"author\":{\"@id\":\"https:\\\/\\\/urbeamea.ro\\\/albaiulia\\\/#\\\/schema\\\/person\\\/9700d21fae21c4f038b0b56f4506264a\"},\"description\":\"Pasionat\u0103 de fotografie \u0219i fascinat\u0103 de amintirile \u00een imagini \u00eenc\u0103 din primii ani din via\u021b\u0103, Cristina Szabados ne-a deschis u\u0219ile studioului ei foto \u0219i\",\"breadcrumb\":{\"@id\":\"https:\\\/\\\/urbeamea.ro\\\/albaiulia\\\/cristina-szabados-si-fotografia-de-familie\\\/#breadcrumb\"},\"inLanguage\":\"ro-RO\",\"potentialAction\":[{\"@type\":\"ReadAction\",\"target\":[\"https:\\\/\\\/urbeamea.ro\\\/albaiulia\\\/cristina-szabados-si-fotografia-de-familie\\\/\"]}]},{\"@type\":\"ImageObject\",\"inLanguage\":\"ro-RO\",\"@id\":\"https:\\\/\\\/urbeamea.ro\\\/albaiulia\\\/cristina-szabados-si-fotografia-de-familie\\\/#primaryimage\",\"url\":\"https:\\\/\\\/urbeamea.ro\\\/albaiulia\\\/wp-content\\\/uploads\\\/2020\\\/01\\\/CRI_2022_BW.jpg\",\"contentUrl\":\"https:\\\/\\\/urbeamea.ro\\\/albaiulia\\\/wp-content\\\/uploads\\\/2020\\\/01\\\/CRI_2022_BW.jpg\",\"width\":1500,\"height\":1000},{\"@type\":\"BreadcrumbList\",\"@id\":\"https:\\\/\\\/urbeamea.ro\\\/albaiulia\\\/cristina-szabados-si-fotografia-de-familie\\\/#breadcrumb\",\"itemListElement\":[{\"@type\":\"ListItem\",\"position\":1,\"name\":\"Prima pagin\u0103\",\"item\":\"https:\\\/\\\/urbeamea.ro\\\/albaiulia\\\/\"},{\"@type\":\"ListItem\",\"position\":2,\"name\":\"Cristina Szabados \u0219i fotografia de familie: \u201eNu m\u0103 v\u0103d ast\u0103zi f\u0103c\u00e2nd altceva dec\u00e2t fotografii cu copii, iar asta mi se potrive\u0219te cel mai bine&#8230;\u201d\"}]},{\"@type\":\"WebSite\",\"@id\":\"https:\\\/\\\/urbeamea.ro\\\/albaiulia\\\/#website\",\"url\":\"https:\\\/\\\/urbeamea.ro\\\/albaiulia\\\/\",\"name\":\"Revista Urbea Mea, Stiri urbane\",\"description\":\"Evenimente \u0219i \u0219tiri din Alba Iulia, Sebe\u0219, Aiud, Blaj\",\"potentialAction\":[{\"@type\":\"SearchAction\",\"target\":{\"@type\":\"EntryPoint\",\"urlTemplate\":\"https:\\\/\\\/urbeamea.ro\\\/albaiulia\\\/?s={search_term_string}\"},\"query-input\":{\"@type\":\"PropertyValueSpecification\",\"valueRequired\":true,\"valueName\":\"search_term_string\"}}],\"inLanguage\":\"ro-RO\"},{\"@type\":\"Person\",\"@id\":\"https:\\\/\\\/urbeamea.ro\\\/albaiulia\\\/#\\\/schema\\\/person\\\/9700d21fae21c4f038b0b56f4506264a\",\"name\":\"Cristina Ganga\",\"image\":{\"@type\":\"ImageObject\",\"inLanguage\":\"ro-RO\",\"@id\":\"https:\\\/\\\/secure.gravatar.com\\\/avatar\\\/5a67661041f057b4a8ccaf26f5a8e86e2689372006d01faf3dd9eeb10b654bb4?s=96&d=mm&r=g\",\"url\":\"https:\\\/\\\/secure.gravatar.com\\\/avatar\\\/5a67661041f057b4a8ccaf26f5a8e86e2689372006d01faf3dd9eeb10b654bb4?s=96&d=mm&r=g\",\"contentUrl\":\"https:\\\/\\\/secure.gravatar.com\\\/avatar\\\/5a67661041f057b4a8ccaf26f5a8e86e2689372006d01faf3dd9eeb10b654bb4?s=96&d=mm&r=g\",\"caption\":\"Cristina Ganga\"},\"description\":\"Jurnalist\",\"sameAs\":[\"https:\\\/\\\/www.facebook.com\\\/cristina.nicola.587\"],\"url\":\"https:\\\/\\\/urbeamea.ro\\\/albaiulia\\\/author\\\/cristina-nicola\\\/\"}]}<\/script>\n<!-- \/ Yoast SEO plugin. -->","yoast_head_json":{"title":"Cristina Szabados \u0219i fotografia de familie: \u201eNu m\u0103 v\u0103d ast\u0103zi f\u0103c\u00e2nd altceva dec\u00e2t fotografii cu copii, iar asta mi se potrive\u0219te cel mai bine...\u201d - Revista Urbea Mea - Revista de Alba","description":"Pasionat\u0103 de fotografie \u0219i fascinat\u0103 de amintirile \u00een imagini \u00eenc\u0103 din primii ani din via\u021b\u0103, Cristina Szabados ne-a deschis u\u0219ile studioului ei foto \u0219i","robots":{"index":"index","follow":"follow","max-snippet":"max-snippet:-1","max-image-preview":"max-image-preview:large","max-video-preview":"max-video-preview:-1"},"canonical":"https:\/\/urbeamea.ro\/albaiulia\/cristina-szabados-si-fotografia-de-familie\/","twitter_card":"summary_large_image","twitter_title":"Cristina Szabados \u0219i fotografia de familie: \u201eNu m\u0103 v\u0103d ast\u0103zi f\u0103c\u00e2nd altceva dec\u00e2t fotografii cu copii, iar asta mi se potrive\u0219te cel mai bine...\u201d - Revista Urbea Mea - Revista de Alba","twitter_description":"Pasionat\u0103 de fotografie \u0219i fascinat\u0103 de amintirile \u00een imagini \u00eenc\u0103 din primii ani din via\u021b\u0103, Cristina Szabados ne-a deschis u\u0219ile studioului ei foto \u0219i","twitter_image":"https:\/\/urbeamea.ro\/albaiulia\/wp-content\/uploads\/2020\/01\/CRI_2022_BW.jpg","twitter_creator":"@urbeameaweb","twitter_site":"@urbeameaweb","schema":{"@context":"https:\/\/schema.org","@graph":[{"@type":"Article","@id":"https:\/\/urbeamea.ro\/albaiulia\/cristina-szabados-si-fotografia-de-familie\/#article","isPartOf":{"@id":"https:\/\/urbeamea.ro\/albaiulia\/cristina-szabados-si-fotografia-de-familie\/"},"author":{"name":"Cristina Ganga","@id":"https:\/\/urbeamea.ro\/albaiulia\/#\/schema\/person\/9700d21fae21c4f038b0b56f4506264a"},"headline":"Cristina Szabados \u0219i fotografia de familie: \u201eNu m\u0103 v\u0103d ast\u0103zi f\u0103c\u00e2nd altceva dec\u00e2t fotografii cu copii, iar asta mi se potrive\u0219te cel mai bine&#8230;\u201d","datePublished":"2020-01-07T09:39:55+00:00","dateModified":"2020-01-07T10:30:55+00:00","mainEntityOfPage":{"@id":"https:\/\/urbeamea.ro\/albaiulia\/cristina-szabados-si-fotografia-de-familie\/"},"wordCount":1356,"commentCount":0,"image":{"@id":"https:\/\/urbeamea.ro\/albaiulia\/cristina-szabados-si-fotografia-de-familie\/#primaryimage"},"thumbnailUrl":"https:\/\/urbeamea.ro\/albaiulia\/wp-content\/uploads\/2020\/01\/CRI_2022_BW.jpg","keywords":["cristina szabados","fotografie de familie","stiri","studio foto","Urbea Mea"],"articleSection":["Interviuri"],"inLanguage":"ro-RO","potentialAction":[{"@type":"CommentAction","name":"Comment","target":["https:\/\/urbeamea.ro\/albaiulia\/cristina-szabados-si-fotografia-de-familie\/#respond"]}]},{"@type":"WebPage","@id":"https:\/\/urbeamea.ro\/albaiulia\/cristina-szabados-si-fotografia-de-familie\/","url":"https:\/\/urbeamea.ro\/albaiulia\/cristina-szabados-si-fotografia-de-familie\/","name":"Cristina Szabados \u0219i fotografia de familie: \u201eNu m\u0103 v\u0103d ast\u0103zi f\u0103c\u00e2nd altceva dec\u00e2t fotografii cu copii, iar asta mi se potrive\u0219te cel mai bine...\u201d - Revista Urbea Mea - Revista de Alba","isPartOf":{"@id":"https:\/\/urbeamea.ro\/albaiulia\/#website"},"primaryImageOfPage":{"@id":"https:\/\/urbeamea.ro\/albaiulia\/cristina-szabados-si-fotografia-de-familie\/#primaryimage"},"image":{"@id":"https:\/\/urbeamea.ro\/albaiulia\/cristina-szabados-si-fotografia-de-familie\/#primaryimage"},"thumbnailUrl":"https:\/\/urbeamea.ro\/albaiulia\/wp-content\/uploads\/2020\/01\/CRI_2022_BW.jpg","datePublished":"2020-01-07T09:39:55+00:00","dateModified":"2020-01-07T10:30:55+00:00","author":{"@id":"https:\/\/urbeamea.ro\/albaiulia\/#\/schema\/person\/9700d21fae21c4f038b0b56f4506264a"},"description":"Pasionat\u0103 de fotografie \u0219i fascinat\u0103 de amintirile \u00een imagini \u00eenc\u0103 din primii ani din via\u021b\u0103, Cristina Szabados ne-a deschis u\u0219ile studioului ei foto \u0219i","breadcrumb":{"@id":"https:\/\/urbeamea.ro\/albaiulia\/cristina-szabados-si-fotografia-de-familie\/#breadcrumb"},"inLanguage":"ro-RO","potentialAction":[{"@type":"ReadAction","target":["https:\/\/urbeamea.ro\/albaiulia\/cristina-szabados-si-fotografia-de-familie\/"]}]},{"@type":"ImageObject","inLanguage":"ro-RO","@id":"https:\/\/urbeamea.ro\/albaiulia\/cristina-szabados-si-fotografia-de-familie\/#primaryimage","url":"https:\/\/urbeamea.ro\/albaiulia\/wp-content\/uploads\/2020\/01\/CRI_2022_BW.jpg","contentUrl":"https:\/\/urbeamea.ro\/albaiulia\/wp-content\/uploads\/2020\/01\/CRI_2022_BW.jpg","width":1500,"height":1000},{"@type":"BreadcrumbList","@id":"https:\/\/urbeamea.ro\/albaiulia\/cristina-szabados-si-fotografia-de-familie\/#breadcrumb","itemListElement":[{"@type":"ListItem","position":1,"name":"Prima pagin\u0103","item":"https:\/\/urbeamea.ro\/albaiulia\/"},{"@type":"ListItem","position":2,"name":"Cristina Szabados \u0219i fotografia de familie: \u201eNu m\u0103 v\u0103d ast\u0103zi f\u0103c\u00e2nd altceva dec\u00e2t fotografii cu copii, iar asta mi se potrive\u0219te cel mai bine&#8230;\u201d"}]},{"@type":"WebSite","@id":"https:\/\/urbeamea.ro\/albaiulia\/#website","url":"https:\/\/urbeamea.ro\/albaiulia\/","name":"Revista Urbea Mea, Stiri urbane","description":"Evenimente \u0219i \u0219tiri din Alba Iulia, Sebe\u0219, Aiud, Blaj","potentialAction":[{"@type":"SearchAction","target":{"@type":"EntryPoint","urlTemplate":"https:\/\/urbeamea.ro\/albaiulia\/?s={search_term_string}"},"query-input":{"@type":"PropertyValueSpecification","valueRequired":true,"valueName":"search_term_string"}}],"inLanguage":"ro-RO"},{"@type":"Person","@id":"https:\/\/urbeamea.ro\/albaiulia\/#\/schema\/person\/9700d21fae21c4f038b0b56f4506264a","name":"Cristina Ganga","image":{"@type":"ImageObject","inLanguage":"ro-RO","@id":"https:\/\/secure.gravatar.com\/avatar\/5a67661041f057b4a8ccaf26f5a8e86e2689372006d01faf3dd9eeb10b654bb4?s=96&d=mm&r=g","url":"https:\/\/secure.gravatar.com\/avatar\/5a67661041f057b4a8ccaf26f5a8e86e2689372006d01faf3dd9eeb10b654bb4?s=96&d=mm&r=g","contentUrl":"https:\/\/secure.gravatar.com\/avatar\/5a67661041f057b4a8ccaf26f5a8e86e2689372006d01faf3dd9eeb10b654bb4?s=96&d=mm&r=g","caption":"Cristina Ganga"},"description":"Jurnalist","sameAs":["https:\/\/www.facebook.com\/cristina.nicola.587"],"url":"https:\/\/urbeamea.ro\/albaiulia\/author\/cristina-nicola\/"}]}},"_links":{"self":[{"href":"https:\/\/urbeamea.ro\/albaiulia\/wp-json\/wp\/v2\/posts\/85842","targetHints":{"allow":["GET"]}}],"collection":[{"href":"https:\/\/urbeamea.ro\/albaiulia\/wp-json\/wp\/v2\/posts"}],"about":[{"href":"https:\/\/urbeamea.ro\/albaiulia\/wp-json\/wp\/v2\/types\/post"}],"author":[{"embeddable":true,"href":"https:\/\/urbeamea.ro\/albaiulia\/wp-json\/wp\/v2\/users\/17"}],"replies":[{"embeddable":true,"href":"https:\/\/urbeamea.ro\/albaiulia\/wp-json\/wp\/v2\/comments?post=85842"}],"version-history":[{"count":0,"href":"https:\/\/urbeamea.ro\/albaiulia\/wp-json\/wp\/v2\/posts\/85842\/revisions"}],"wp:featuredmedia":[{"embeddable":true,"href":"https:\/\/urbeamea.ro\/albaiulia\/wp-json\/wp\/v2\/media\/86824"}],"wp:attachment":[{"href":"https:\/\/urbeamea.ro\/albaiulia\/wp-json\/wp\/v2\/media?parent=85842"}],"wp:term":[{"taxonomy":"category","embeddable":true,"href":"https:\/\/urbeamea.ro\/albaiulia\/wp-json\/wp\/v2\/categories?post=85842"},{"taxonomy":"post_tag","embeddable":true,"href":"https:\/\/urbeamea.ro\/albaiulia\/wp-json\/wp\/v2\/tags?post=85842"}],"curies":[{"name":"wp","href":"https:\/\/api.w.org\/{rel}","templated":true}]}}