{"id":86760,"date":"2019-12-31T18:25:54","date_gmt":"2019-12-31T16:25:54","guid":{"rendered":"https:\/\/urbeamea.ro\/albaiulia\/?p=86760"},"modified":"2019-12-31T18:25:58","modified_gmt":"2019-12-31T16:25:58","slug":"nicolae-sandru-a-castigat-cupa-orasului-teius-ultimul-turneu-de-sah-al-anului-2019-in-judetul-alba","status":"publish","type":"post","link":"https:\/\/urbeamea.ro\/albaiulia\/nicolae-sandru-a-castigat-cupa-orasului-teius-ultimul-turneu-de-sah-al-anului-2019-in-judetul-alba\/","title":{"rendered":"Nicolae \u015eandru a c\u00e2\u015ftigat Cupa Ora\u015fului Teiu\u015f,  ultimul turneu de \u015fah al anului 2019 \u00een jude\u0163ul Alba"},"content":{"rendered":"\n<h4 class=\"wp-block-heading\">Ultimul turneu de \u015fah organizat \u00een jude\u0163ul Alba \u00een 2019 s-a desf\u0103\u015furat la Casa de Cultur\u0103 din Teiu\u015f. Organizat de Asocia\u0163ia Jude\u0163ean\u0103 de \u015eah Alba \u00een parteneriat cu Prim\u0103ria Ora\u015fului Teiu\u015f \u015fi aflat la a 15-a edi\u0163ie, openul de \u015fah rapid a reunit la start 40 de juc\u0103tori de toate v\u00e2rstele din Alba Iulia, Aiud, Blaj, Cugir, Ighiu, Mihal\u0163, S\u00e2ntimbru, Sebe\u015f \u015fi Teiu\u015f.<\/h4>\n\n\n\n<p class=\"wp-block-paragraph\">L-a cap\u0103tul celor 7 runde desf\u0103\u015furate \u00een sistem elve\u0163ian \u00een fruntea clasamentului s-a situat un trio format din Nicolae \u015eandru (Aiud), Cantemir Dan (Alba Iulia) \u015fi Sandu Sicra (Alba Iulia), to\u0163i cu 6 puncte, dar departaja\u0163i de coeficientul Buchlotz, inving\u0103tor fiind desemnat juc\u0103torul aiudean, un specialist al probelor rapide. <\/p>\n\n\n\n<p class=\"wp-block-paragraph\">Pe locul 4, cu 5,5 puncte, s-a clasat fostul campion al municipiului Alba Iulia, Aurel Buciuman, care de cur\u00e2nd \u015fi-a \u00eenceput \u015fi activitatea de instructor de \u015fah \u00een comuna Ighiu, unde cu sprijinul prim\u0103riei din localitate a \u00eenfiin\u0163at un cerc de \u015fah la care studiaz\u0103 tainele jocului min\u0163ii peste 70 de copii din comun\u0103. Realizatorul TV Radu Roncea (Sebe\u015f) s-a clasat pe locul 5, la egalitate cu Ianis Tarciuc, Cornel Vasilca \u015fi R\u0103zvan Burja-Udrea, to\u0163i cu 5 puncte.<\/p>\n\n\n\n<p class=\"wp-block-paragraph\">S-au acordat \u015fi urm\u0103toarele premii speciale:<br>Juniori 20 ani 1.Ianis Tarciuc (Sebe\u015f) 2.Andrei Schmit (Cugir) 3.Ilie Arion (Cugir)<br>Juniori 12 ani 1.R\u0103zvan Burja-Udrea (Alba Iulia) 2.George Ple\u015fa (Alba Iulia) 3.Lauren\u0163iu Alexa (Teiu\u015f)<br>Juniori 10 ani 1.Alexandru Simina (Alba Iulia) 2.Andrei Simina (Alba Iulia) 3.David Marc (C\u00e2mpeni) \u015fi David Mitrofan (Alba Iulia)<br>Juniori 8 ani 1.Hora\u0163iu Mete\u015f (Ighiu)<br>Veterani peste 50 ani 1.Aurel Buciuman (Ighiu) 2.Cornel Vasilca (Alba Iulia) 3.Trifan Londroman (Mihal\u0163)<br>Veterani peste 65 ani 1.Aurel Roncea (Sebe\u015f) 2.Samoil Dan (Alba Iulia) 3.Dorin Sandea (Alba Iulia) <br>Turneul a fost arbitrat de Aurelian Vlad (Aiud). Prezen\u0163i la festivitatea de premiere Cristina Elena Man (Prim\u0103ria Teiu\u015f), Dorin \u015eerdean \u015fi Marius Cetera\u015f (Asocia\u0163ia Jude\u0163ean\u0103 de \u015eah), al\u0103turi de sufletul organiz\u0103rii acestui turneu, profesorul Sabin Bor\u015fia, au acordat premian\u0163ilor medalii, diplome \u015fi reviste de \u015fah. <\/p>\n\n\n\n<p class=\"wp-block-paragraph\">Cu acest turneu s-a \u00eencheiat anul competi\u0163ional \u015fahist 2019 \u00een jude\u0163ul Alba, unul bogat \u00een evenimente organizate \u00een Alba Iulia, Aiud, Bistra, Ighiu, Ocna Mure\u015f \u015fi Teiu\u015f \u015fi care a avut ca punct culminant Openul Interna\u0163ional al Rom\u00e2niei la \u015fah, edi\u0163ia a 4-a, cel mai mare turneu organizat vreodat\u0103 la Alba Iulia.<\/p>\n\n\n\n<p class=\"wp-block-paragraph\">Asocia\u0163ia Jude\u0163ean\u0103 de \u015eah Alba \u00ee\u015fi propune ca \u00een anul 2020, pe l\u00e2ng\u0103 continuarea organiz\u0103rii turneelor deja tradi\u0163ionale, s\u0103 se implice mai mult \u015fi \u00een dezvoltarea \u015fahului \u00een mediul rural din jude\u0163ul Alba. Primul turneu oficial al anului viitor se va desf\u0103\u015fura \u00een 24 ianuarie 2020 la Ocna Mure\u015f, unde este programat\u0103 edi\u0163ia a 3-a a competi\u0163iei \u201cRegele \u015eahului\u201d.<\/p>\n","protected":false},"excerpt":{"rendered":"<p>Ultimul turneu de \u015fah organizat \u00een jude\u0163ul Alba \u00een 2019 s-a desf\u0103\u015furat la Casa de Cultur\u0103 din Teiu\u015f. Organizat de Asocia\u0163ia Jude\u0163ean\u0103 de \u015eah Alba \u00een parteneriat cu Prim\u0103ria Ora\u015fului Teiu\u015f \u015fi aflat la a 15-a edi\u0163ie, openul de \u015fah rapid a reunit la start 40 de juc\u0103tori de toate v\u00e2rstele din Alba Iulia, Aiud, &hellip;<\/p>\n","protected":false},"author":17,"featured_media":86761,"comment_status":"open","ping_status":"open","sticky":false,"template":"","format":"standard","meta":{"inline_featured_image":false,"footnotes":""},"categories":[79],"tags":[19490,19489,19491],"class_list":["post-86760","post","type-post","status-publish","format-standard","has-post-thumbnail","hentry","category-sah","tag-cupa-orasului-teius","tag-nicolae-sandru","tag-ultimul-turneu-de-sah-al-anului-2019"],"yoast_head":"<!-- This site is optimized with the Yoast SEO plugin v28.3 - https:\/\/yoast.com\/product\/yoast-seo-wordpress\/ -->\n<title>Nicolae \u015eandru a c\u00e2\u015ftigat Cupa Ora\u015fului Teiu\u015f, ultimul turneu de \u015fah al anului 2019 \u00een jude\u0163ul Alba - Revista Urbea Mea - Revista de Alba<\/title>\n<meta name=\"description\" content=\"Ultimul turneu de \u015fah organizat \u00een jude\u0163ul Alba \u00een 2019 s-a desf\u0103\u015furat la Casa de Cultur\u0103 din Teiu\u015f. Organizat de Asocia\u0163ia Jude\u0163ean\u0103 de \u015eah Alba \u00een\" \/>\n<meta name=\"robots\" content=\"index, follow, max-snippet:-1, max-image-preview:large, max-video-preview:-1\" \/>\n<link rel=\"canonical\" href=\"https:\/\/urbeamea.ro\/albaiulia\/nicolae-sandru-a-castigat-cupa-orasului-teius-ultimul-turneu-de-sah-al-anului-2019-in-judetul-alba\/\" \/>\n<meta name=\"twitter:card\" content=\"summary_large_image\" \/>\n<meta name=\"twitter:title\" content=\"Nicolae \u015eandru a c\u00e2\u015ftigat Cupa Ora\u015fului Teiu\u015f, ultimul turneu de \u015fah al anului 2019 \u00een jude\u0163ul Alba - Revista Urbea Mea - Revista de Alba\" \/>\n<meta name=\"twitter:description\" content=\"Ultimul turneu de \u015fah organizat \u00een jude\u0163ul Alba \u00een 2019 s-a desf\u0103\u015furat la Casa de Cultur\u0103 din Teiu\u015f. Organizat de Asocia\u0163ia Jude\u0163ean\u0103 de \u015eah Alba \u00een\" \/>\n<meta name=\"twitter:image\" content=\"https:\/\/urbeamea.ro\/albaiulia\/wp-content\/uploads\/2019\/12\/Premiere-turneu-sah-Teius.jpg\" \/>\n<meta name=\"twitter:creator\" content=\"@urbeameaweb\" \/>\n<meta name=\"twitter:site\" content=\"@urbeameaweb\" \/>\n<script type=\"application\/ld+json\" class=\"yoast-schema-graph\">{\"@context\":\"https:\\\/\\\/schema.org\",\"@graph\":[{\"@type\":\"Article\",\"@id\":\"https:\\\/\\\/urbeamea.ro\\\/albaiulia\\\/nicolae-sandru-a-castigat-cupa-orasului-teius-ultimul-turneu-de-sah-al-anului-2019-in-judetul-alba\\\/#article\",\"isPartOf\":{\"@id\":\"https:\\\/\\\/urbeamea.ro\\\/albaiulia\\\/nicolae-sandru-a-castigat-cupa-orasului-teius-ultimul-turneu-de-sah-al-anului-2019-in-judetul-alba\\\/\"},\"author\":{\"name\":\"Cristina Ganga\",\"@id\":\"https:\\\/\\\/urbeamea.ro\\\/albaiulia\\\/#\\\/schema\\\/person\\\/9700d21fae21c4f038b0b56f4506264a\"},\"headline\":\"Nicolae \u015eandru a c\u00e2\u015ftigat Cupa Ora\u015fului Teiu\u015f, ultimul turneu de \u015fah al anului 2019 \u00een jude\u0163ul Alba\",\"datePublished\":\"2019-12-31T16:25:54+00:00\",\"dateModified\":\"2019-12-31T16:25:58+00:00\",\"mainEntityOfPage\":{\"@id\":\"https:\\\/\\\/urbeamea.ro\\\/albaiulia\\\/nicolae-sandru-a-castigat-cupa-orasului-teius-ultimul-turneu-de-sah-al-anului-2019-in-judetul-alba\\\/\"},\"wordCount\":483,\"commentCount\":0,\"image\":{\"@id\":\"https:\\\/\\\/urbeamea.ro\\\/albaiulia\\\/nicolae-sandru-a-castigat-cupa-orasului-teius-ultimul-turneu-de-sah-al-anului-2019-in-judetul-alba\\\/#primaryimage\"},\"thumbnailUrl\":\"https:\\\/\\\/urbeamea.ro\\\/albaiulia\\\/wp-content\\\/uploads\\\/2019\\\/12\\\/Premiere-turneu-sah-Teius.jpg\",\"keywords\":[\"cupa orasului teius\",\"nicolae sandru\",\"ultimul turneu de sah al anului 2019\"],\"articleSection\":[\"Sah\"],\"inLanguage\":\"ro-RO\",\"potentialAction\":[{\"@type\":\"CommentAction\",\"name\":\"Comment\",\"target\":[\"https:\\\/\\\/urbeamea.ro\\\/albaiulia\\\/nicolae-sandru-a-castigat-cupa-orasului-teius-ultimul-turneu-de-sah-al-anului-2019-in-judetul-alba\\\/#respond\"]}]},{\"@type\":\"WebPage\",\"@id\":\"https:\\\/\\\/urbeamea.ro\\\/albaiulia\\\/nicolae-sandru-a-castigat-cupa-orasului-teius-ultimul-turneu-de-sah-al-anului-2019-in-judetul-alba\\\/\",\"url\":\"https:\\\/\\\/urbeamea.ro\\\/albaiulia\\\/nicolae-sandru-a-castigat-cupa-orasului-teius-ultimul-turneu-de-sah-al-anului-2019-in-judetul-alba\\\/\",\"name\":\"Nicolae \u015eandru a c\u00e2\u015ftigat Cupa Ora\u015fului Teiu\u015f, ultimul turneu de \u015fah al anului 2019 \u00een jude\u0163ul Alba - Revista Urbea Mea - Revista de Alba\",\"isPartOf\":{\"@id\":\"https:\\\/\\\/urbeamea.ro\\\/albaiulia\\\/#website\"},\"primaryImageOfPage\":{\"@id\":\"https:\\\/\\\/urbeamea.ro\\\/albaiulia\\\/nicolae-sandru-a-castigat-cupa-orasului-teius-ultimul-turneu-de-sah-al-anului-2019-in-judetul-alba\\\/#primaryimage\"},\"image\":{\"@id\":\"https:\\\/\\\/urbeamea.ro\\\/albaiulia\\\/nicolae-sandru-a-castigat-cupa-orasului-teius-ultimul-turneu-de-sah-al-anului-2019-in-judetul-alba\\\/#primaryimage\"},\"thumbnailUrl\":\"https:\\\/\\\/urbeamea.ro\\\/albaiulia\\\/wp-content\\\/uploads\\\/2019\\\/12\\\/Premiere-turneu-sah-Teius.jpg\",\"datePublished\":\"2019-12-31T16:25:54+00:00\",\"dateModified\":\"2019-12-31T16:25:58+00:00\",\"author\":{\"@id\":\"https:\\\/\\\/urbeamea.ro\\\/albaiulia\\\/#\\\/schema\\\/person\\\/9700d21fae21c4f038b0b56f4506264a\"},\"description\":\"Ultimul turneu de \u015fah organizat \u00een jude\u0163ul Alba \u00een 2019 s-a desf\u0103\u015furat la Casa de Cultur\u0103 din Teiu\u015f. Organizat de Asocia\u0163ia Jude\u0163ean\u0103 de \u015eah Alba \u00een\",\"breadcrumb\":{\"@id\":\"https:\\\/\\\/urbeamea.ro\\\/albaiulia\\\/nicolae-sandru-a-castigat-cupa-orasului-teius-ultimul-turneu-de-sah-al-anului-2019-in-judetul-alba\\\/#breadcrumb\"},\"inLanguage\":\"ro-RO\",\"potentialAction\":[{\"@type\":\"ReadAction\",\"target\":[\"https:\\\/\\\/urbeamea.ro\\\/albaiulia\\\/nicolae-sandru-a-castigat-cupa-orasului-teius-ultimul-turneu-de-sah-al-anului-2019-in-judetul-alba\\\/\"]}]},{\"@type\":\"ImageObject\",\"inLanguage\":\"ro-RO\",\"@id\":\"https:\\\/\\\/urbeamea.ro\\\/albaiulia\\\/nicolae-sandru-a-castigat-cupa-orasului-teius-ultimul-turneu-de-sah-al-anului-2019-in-judetul-alba\\\/#primaryimage\",\"url\":\"https:\\\/\\\/urbeamea.ro\\\/albaiulia\\\/wp-content\\\/uploads\\\/2019\\\/12\\\/Premiere-turneu-sah-Teius.jpg\",\"contentUrl\":\"https:\\\/\\\/urbeamea.ro\\\/albaiulia\\\/wp-content\\\/uploads\\\/2019\\\/12\\\/Premiere-turneu-sah-Teius.jpg\",\"width\":1500,\"height\":1125},{\"@type\":\"BreadcrumbList\",\"@id\":\"https:\\\/\\\/urbeamea.ro\\\/albaiulia\\\/nicolae-sandru-a-castigat-cupa-orasului-teius-ultimul-turneu-de-sah-al-anului-2019-in-judetul-alba\\\/#breadcrumb\",\"itemListElement\":[{\"@type\":\"ListItem\",\"position\":1,\"name\":\"Prima pagin\u0103\",\"item\":\"https:\\\/\\\/urbeamea.ro\\\/albaiulia\\\/\"},{\"@type\":\"ListItem\",\"position\":2,\"name\":\"Nicolae \u015eandru a c\u00e2\u015ftigat Cupa Ora\u015fului Teiu\u015f, ultimul turneu de \u015fah al anului 2019 \u00een jude\u0163ul Alba\"}]},{\"@type\":\"WebSite\",\"@id\":\"https:\\\/\\\/urbeamea.ro\\\/albaiulia\\\/#website\",\"url\":\"https:\\\/\\\/urbeamea.ro\\\/albaiulia\\\/\",\"name\":\"Revista Urbea Mea, Stiri urbane\",\"description\":\"Evenimente \u0219i \u0219tiri din Alba Iulia, Sebe\u0219, Aiud, Blaj\",\"potentialAction\":[{\"@type\":\"SearchAction\",\"target\":{\"@type\":\"EntryPoint\",\"urlTemplate\":\"https:\\\/\\\/urbeamea.ro\\\/albaiulia\\\/?s={search_term_string}\"},\"query-input\":{\"@type\":\"PropertyValueSpecification\",\"valueRequired\":true,\"valueName\":\"search_term_string\"}}],\"inLanguage\":\"ro-RO\"},{\"@type\":\"Person\",\"@id\":\"https:\\\/\\\/urbeamea.ro\\\/albaiulia\\\/#\\\/schema\\\/person\\\/9700d21fae21c4f038b0b56f4506264a\",\"name\":\"Cristina Ganga\",\"image\":{\"@type\":\"ImageObject\",\"inLanguage\":\"ro-RO\",\"@id\":\"https:\\\/\\\/secure.gravatar.com\\\/avatar\\\/5a67661041f057b4a8ccaf26f5a8e86e2689372006d01faf3dd9eeb10b654bb4?s=96&d=mm&r=g\",\"url\":\"https:\\\/\\\/secure.gravatar.com\\\/avatar\\\/5a67661041f057b4a8ccaf26f5a8e86e2689372006d01faf3dd9eeb10b654bb4?s=96&d=mm&r=g\",\"contentUrl\":\"https:\\\/\\\/secure.gravatar.com\\\/avatar\\\/5a67661041f057b4a8ccaf26f5a8e86e2689372006d01faf3dd9eeb10b654bb4?s=96&d=mm&r=g\",\"caption\":\"Cristina Ganga\"},\"description\":\"Jurnalist\",\"sameAs\":[\"https:\\\/\\\/www.facebook.com\\\/cristina.nicola.587\"],\"url\":\"https:\\\/\\\/urbeamea.ro\\\/albaiulia\\\/author\\\/cristina-nicola\\\/\"}]}<\/script>\n<!-- \/ Yoast SEO plugin. -->","yoast_head_json":{"title":"Nicolae \u015eandru a c\u00e2\u015ftigat Cupa Ora\u015fului Teiu\u015f, ultimul turneu de \u015fah al anului 2019 \u00een jude\u0163ul Alba - Revista Urbea Mea - Revista de Alba","description":"Ultimul turneu de \u015fah organizat \u00een jude\u0163ul Alba \u00een 2019 s-a desf\u0103\u015furat la Casa de Cultur\u0103 din Teiu\u015f. Organizat de Asocia\u0163ia Jude\u0163ean\u0103 de \u015eah Alba \u00een","robots":{"index":"index","follow":"follow","max-snippet":"max-snippet:-1","max-image-preview":"max-image-preview:large","max-video-preview":"max-video-preview:-1"},"canonical":"https:\/\/urbeamea.ro\/albaiulia\/nicolae-sandru-a-castigat-cupa-orasului-teius-ultimul-turneu-de-sah-al-anului-2019-in-judetul-alba\/","twitter_card":"summary_large_image","twitter_title":"Nicolae \u015eandru a c\u00e2\u015ftigat Cupa Ora\u015fului Teiu\u015f, ultimul turneu de \u015fah al anului 2019 \u00een jude\u0163ul Alba - Revista Urbea Mea - Revista de Alba","twitter_description":"Ultimul turneu de \u015fah organizat \u00een jude\u0163ul Alba \u00een 2019 s-a desf\u0103\u015furat la Casa de Cultur\u0103 din Teiu\u015f. Organizat de Asocia\u0163ia Jude\u0163ean\u0103 de \u015eah Alba \u00een","twitter_image":"https:\/\/urbeamea.ro\/albaiulia\/wp-content\/uploads\/2019\/12\/Premiere-turneu-sah-Teius.jpg","twitter_creator":"@urbeameaweb","twitter_site":"@urbeameaweb","schema":{"@context":"https:\/\/schema.org","@graph":[{"@type":"Article","@id":"https:\/\/urbeamea.ro\/albaiulia\/nicolae-sandru-a-castigat-cupa-orasului-teius-ultimul-turneu-de-sah-al-anului-2019-in-judetul-alba\/#article","isPartOf":{"@id":"https:\/\/urbeamea.ro\/albaiulia\/nicolae-sandru-a-castigat-cupa-orasului-teius-ultimul-turneu-de-sah-al-anului-2019-in-judetul-alba\/"},"author":{"name":"Cristina Ganga","@id":"https:\/\/urbeamea.ro\/albaiulia\/#\/schema\/person\/9700d21fae21c4f038b0b56f4506264a"},"headline":"Nicolae \u015eandru a c\u00e2\u015ftigat Cupa Ora\u015fului Teiu\u015f, ultimul turneu de \u015fah al anului 2019 \u00een jude\u0163ul Alba","datePublished":"2019-12-31T16:25:54+00:00","dateModified":"2019-12-31T16:25:58+00:00","mainEntityOfPage":{"@id":"https:\/\/urbeamea.ro\/albaiulia\/nicolae-sandru-a-castigat-cupa-orasului-teius-ultimul-turneu-de-sah-al-anului-2019-in-judetul-alba\/"},"wordCount":483,"commentCount":0,"image":{"@id":"https:\/\/urbeamea.ro\/albaiulia\/nicolae-sandru-a-castigat-cupa-orasului-teius-ultimul-turneu-de-sah-al-anului-2019-in-judetul-alba\/#primaryimage"},"thumbnailUrl":"https:\/\/urbeamea.ro\/albaiulia\/wp-content\/uploads\/2019\/12\/Premiere-turneu-sah-Teius.jpg","keywords":["cupa orasului teius","nicolae sandru","ultimul turneu de sah al anului 2019"],"articleSection":["Sah"],"inLanguage":"ro-RO","potentialAction":[{"@type":"CommentAction","name":"Comment","target":["https:\/\/urbeamea.ro\/albaiulia\/nicolae-sandru-a-castigat-cupa-orasului-teius-ultimul-turneu-de-sah-al-anului-2019-in-judetul-alba\/#respond"]}]},{"@type":"WebPage","@id":"https:\/\/urbeamea.ro\/albaiulia\/nicolae-sandru-a-castigat-cupa-orasului-teius-ultimul-turneu-de-sah-al-anului-2019-in-judetul-alba\/","url":"https:\/\/urbeamea.ro\/albaiulia\/nicolae-sandru-a-castigat-cupa-orasului-teius-ultimul-turneu-de-sah-al-anului-2019-in-judetul-alba\/","name":"Nicolae \u015eandru a c\u00e2\u015ftigat Cupa Ora\u015fului Teiu\u015f, ultimul turneu de \u015fah al anului 2019 \u00een jude\u0163ul Alba - Revista Urbea Mea - Revista de Alba","isPartOf":{"@id":"https:\/\/urbeamea.ro\/albaiulia\/#website"},"primaryImageOfPage":{"@id":"https:\/\/urbeamea.ro\/albaiulia\/nicolae-sandru-a-castigat-cupa-orasului-teius-ultimul-turneu-de-sah-al-anului-2019-in-judetul-alba\/#primaryimage"},"image":{"@id":"https:\/\/urbeamea.ro\/albaiulia\/nicolae-sandru-a-castigat-cupa-orasului-teius-ultimul-turneu-de-sah-al-anului-2019-in-judetul-alba\/#primaryimage"},"thumbnailUrl":"https:\/\/urbeamea.ro\/albaiulia\/wp-content\/uploads\/2019\/12\/Premiere-turneu-sah-Teius.jpg","datePublished":"2019-12-31T16:25:54+00:00","dateModified":"2019-12-31T16:25:58+00:00","author":{"@id":"https:\/\/urbeamea.ro\/albaiulia\/#\/schema\/person\/9700d21fae21c4f038b0b56f4506264a"},"description":"Ultimul turneu de \u015fah organizat \u00een jude\u0163ul Alba \u00een 2019 s-a desf\u0103\u015furat la Casa de Cultur\u0103 din Teiu\u015f. Organizat de Asocia\u0163ia Jude\u0163ean\u0103 de \u015eah Alba \u00een","breadcrumb":{"@id":"https:\/\/urbeamea.ro\/albaiulia\/nicolae-sandru-a-castigat-cupa-orasului-teius-ultimul-turneu-de-sah-al-anului-2019-in-judetul-alba\/#breadcrumb"},"inLanguage":"ro-RO","potentialAction":[{"@type":"ReadAction","target":["https:\/\/urbeamea.ro\/albaiulia\/nicolae-sandru-a-castigat-cupa-orasului-teius-ultimul-turneu-de-sah-al-anului-2019-in-judetul-alba\/"]}]},{"@type":"ImageObject","inLanguage":"ro-RO","@id":"https:\/\/urbeamea.ro\/albaiulia\/nicolae-sandru-a-castigat-cupa-orasului-teius-ultimul-turneu-de-sah-al-anului-2019-in-judetul-alba\/#primaryimage","url":"https:\/\/urbeamea.ro\/albaiulia\/wp-content\/uploads\/2019\/12\/Premiere-turneu-sah-Teius.jpg","contentUrl":"https:\/\/urbeamea.ro\/albaiulia\/wp-content\/uploads\/2019\/12\/Premiere-turneu-sah-Teius.jpg","width":1500,"height":1125},{"@type":"BreadcrumbList","@id":"https:\/\/urbeamea.ro\/albaiulia\/nicolae-sandru-a-castigat-cupa-orasului-teius-ultimul-turneu-de-sah-al-anului-2019-in-judetul-alba\/#breadcrumb","itemListElement":[{"@type":"ListItem","position":1,"name":"Prima pagin\u0103","item":"https:\/\/urbeamea.ro\/albaiulia\/"},{"@type":"ListItem","position":2,"name":"Nicolae \u015eandru a c\u00e2\u015ftigat Cupa Ora\u015fului Teiu\u015f, ultimul turneu de \u015fah al anului 2019 \u00een jude\u0163ul Alba"}]},{"@type":"WebSite","@id":"https:\/\/urbeamea.ro\/albaiulia\/#website","url":"https:\/\/urbeamea.ro\/albaiulia\/","name":"Revista Urbea Mea, Stiri urbane","description":"Evenimente \u0219i \u0219tiri din Alba Iulia, Sebe\u0219, Aiud, Blaj","potentialAction":[{"@type":"SearchAction","target":{"@type":"EntryPoint","urlTemplate":"https:\/\/urbeamea.ro\/albaiulia\/?s={search_term_string}"},"query-input":{"@type":"PropertyValueSpecification","valueRequired":true,"valueName":"search_term_string"}}],"inLanguage":"ro-RO"},{"@type":"Person","@id":"https:\/\/urbeamea.ro\/albaiulia\/#\/schema\/person\/9700d21fae21c4f038b0b56f4506264a","name":"Cristina Ganga","image":{"@type":"ImageObject","inLanguage":"ro-RO","@id":"https:\/\/secure.gravatar.com\/avatar\/5a67661041f057b4a8ccaf26f5a8e86e2689372006d01faf3dd9eeb10b654bb4?s=96&d=mm&r=g","url":"https:\/\/secure.gravatar.com\/avatar\/5a67661041f057b4a8ccaf26f5a8e86e2689372006d01faf3dd9eeb10b654bb4?s=96&d=mm&r=g","contentUrl":"https:\/\/secure.gravatar.com\/avatar\/5a67661041f057b4a8ccaf26f5a8e86e2689372006d01faf3dd9eeb10b654bb4?s=96&d=mm&r=g","caption":"Cristina Ganga"},"description":"Jurnalist","sameAs":["https:\/\/www.facebook.com\/cristina.nicola.587"],"url":"https:\/\/urbeamea.ro\/albaiulia\/author\/cristina-nicola\/"}]}},"_links":{"self":[{"href":"https:\/\/urbeamea.ro\/albaiulia\/wp-json\/wp\/v2\/posts\/86760","targetHints":{"allow":["GET"]}}],"collection":[{"href":"https:\/\/urbeamea.ro\/albaiulia\/wp-json\/wp\/v2\/posts"}],"about":[{"href":"https:\/\/urbeamea.ro\/albaiulia\/wp-json\/wp\/v2\/types\/post"}],"author":[{"embeddable":true,"href":"https:\/\/urbeamea.ro\/albaiulia\/wp-json\/wp\/v2\/users\/17"}],"replies":[{"embeddable":true,"href":"https:\/\/urbeamea.ro\/albaiulia\/wp-json\/wp\/v2\/comments?post=86760"}],"version-history":[{"count":0,"href":"https:\/\/urbeamea.ro\/albaiulia\/wp-json\/wp\/v2\/posts\/86760\/revisions"}],"wp:featuredmedia":[{"embeddable":true,"href":"https:\/\/urbeamea.ro\/albaiulia\/wp-json\/wp\/v2\/media\/86761"}],"wp:attachment":[{"href":"https:\/\/urbeamea.ro\/albaiulia\/wp-json\/wp\/v2\/media?parent=86760"}],"wp:term":[{"taxonomy":"category","embeddable":true,"href":"https:\/\/urbeamea.ro\/albaiulia\/wp-json\/wp\/v2\/categories?post=86760"},{"taxonomy":"post_tag","embeddable":true,"href":"https:\/\/urbeamea.ro\/albaiulia\/wp-json\/wp\/v2\/tags?post=86760"}],"curies":[{"name":"wp","href":"https:\/\/api.w.org\/{rel}","templated":true}]}}