{"id":87349,"date":"2020-01-30T10:06:47","date_gmt":"2020-01-30T08:06:47","guid":{"rendered":"https:\/\/urbeamea.ro\/albaiulia\/?p=87349"},"modified":"2020-01-30T10:06:50","modified_gmt":"2020-01-30T08:06:50","slug":"astazi-seara-de-lectura-publica-la-flori-de-mac-books-coffee","status":"publish","type":"post","link":"https:\/\/urbeamea.ro\/albaiulia\/astazi-seara-de-lectura-publica-la-flori-de-mac-books-coffee\/","title":{"rendered":"AST\u0102ZI: Sear\u0103 de lectur\u0103 public\u0103 la Flori de mac Books &#038; Coffee"},"content":{"rendered":"\n<h4 class=\"wp-block-heading\">Flori de Mac &#8211; Books &amp; Coffee v\u0103 propune un proiect de lectur\u0103 public\u0103 \u00eentr-un spa\u021biu \u00een care c\u0103r\u021bile definesc  spiritul locului \u0219i decorul.<\/h4>\n\n\n\n<blockquote class=\"wp-block-quote is-layout-flow wp-block-quote-is-layout-flow\"><p>\u201eO carte propune o perspectiv\u0103 asupra realit\u0103\u021bii. Citind-o, po\u021bi s\u0103 compari deja dou\u0103 lumi, a ta \u0219i a autorului&#8230;.\u0219i tot a\u0219a cu fiecare carte-n plus. C\u00e2t de util\u0103 e lectura? Ce c\u0103r\u021bi alegem? Ce alegeri facem \u00eentr-o lume at\u00e2t de gr\u0103bit\u0103? Haide\u021bi s\u0103 vorbim despre c\u0103r\u021bi, aceste prezen\u021be discrete din via\u021ba noastr\u0103&#8230;\u201d, spun organizatorii.<\/p><\/blockquote>\n\n\n\n<p class=\"wp-block-paragraph\">\ud83d\udd39Prezint\u0103 Prof. LENICA BUCUR<br>\ud83d\udd39Invitat Psiholog MIRELA GHIRC\u0102U.  <\/p>\n\n\n\n<p class=\"wp-block-paragraph\">Evenimentul va avea loc \u00eencep\u00e2nd cu ora 18,00.<\/p>\n","protected":false},"excerpt":{"rendered":"<p>Flori de Mac &#8211; Books &amp; Coffee v\u0103 propune un proiect de lectur\u0103 public\u0103 \u00eentr-un spa\u021biu \u00een care c\u0103r\u021bile definesc spiritul locului \u0219i decorul. \u201eO carte propune o perspectiv\u0103 asupra realit\u0103\u021bii. Citind-o, po\u021bi s\u0103 compari deja dou\u0103 lumi, a ta \u0219i a autorului&#8230;.\u0219i tot a\u0219a cu fiecare carte-n plus. C\u00e2t de util\u0103 e lectura? Ce &hellip;<\/p>\n","protected":false},"author":17,"featured_media":87350,"comment_status":"open","ping_status":"open","sticky":false,"template":"","format":"standard","meta":{"inline_featured_image":false,"footnotes":""},"categories":[4],"tags":[19668,17260,19667],"class_list":["post-87349","post","type-post","status-publish","format-standard","has-post-thumbnail","hentry","category-eveniment","tag-cartile-definesc-spiritulmlocului-si-decorul","tag-flori-de-mac-books-coffee","tag-seara-de-lectura-publica"],"yoast_head":"<!-- This site is optimized with the Yoast SEO plugin v28.3 - https:\/\/yoast.com\/product\/yoast-seo-wordpress\/ -->\n<title>AST\u0102ZI: Sear\u0103 de lectur\u0103 public\u0103 la Flori de mac Books &amp; Coffee - Revista Urbea Mea - Revista de Alba<\/title>\n<meta name=\"description\" content=\"Flori de Mac - Books &amp; Coffee v\u0103 propune un proiect de lectur\u0103 public\u0103 \u00eentr-un spa\u021biu \u00een care c\u0103r\u021bile definesc spiritul locului \u0219i decorul. \u201eO carte\" \/>\n<meta name=\"robots\" content=\"index, follow, max-snippet:-1, max-image-preview:large, max-video-preview:-1\" \/>\n<link rel=\"canonical\" href=\"https:\/\/urbeamea.ro\/albaiulia\/astazi-seara-de-lectura-publica-la-flori-de-mac-books-coffee\/\" \/>\n<meta name=\"twitter:card\" content=\"summary_large_image\" \/>\n<meta name=\"twitter:title\" content=\"AST\u0102ZI: Sear\u0103 de lectur\u0103 public\u0103 la Flori de mac Books &amp; Coffee - Revista Urbea Mea - Revista de Alba\" \/>\n<meta name=\"twitter:description\" content=\"Flori de Mac - Books &amp; Coffee v\u0103 propune un proiect de lectur\u0103 public\u0103 \u00eentr-un spa\u021biu \u00een care c\u0103r\u021bile definesc spiritul locului \u0219i decorul. \u201eO carte\" \/>\n<meta name=\"twitter:image\" content=\"https:\/\/urbeamea.ro\/albaiulia\/wp-content\/uploads\/2020\/01\/83683823_2630243923753892_1123879923593773056_o.jpg\" \/>\n<meta name=\"twitter:creator\" content=\"@urbeameaweb\" \/>\n<meta name=\"twitter:site\" content=\"@urbeameaweb\" \/>\n<script type=\"application\/ld+json\" class=\"yoast-schema-graph\">{\"@context\":\"https:\\\/\\\/schema.org\",\"@graph\":[{\"@type\":\"Article\",\"@id\":\"https:\\\/\\\/urbeamea.ro\\\/albaiulia\\\/astazi-seara-de-lectura-publica-la-flori-de-mac-books-coffee\\\/#article\",\"isPartOf\":{\"@id\":\"https:\\\/\\\/urbeamea.ro\\\/albaiulia\\\/astazi-seara-de-lectura-publica-la-flori-de-mac-books-coffee\\\/\"},\"author\":{\"name\":\"Cristina Ganga\",\"@id\":\"https:\\\/\\\/urbeamea.ro\\\/albaiulia\\\/#\\\/schema\\\/person\\\/9700d21fae21c4f038b0b56f4506264a\"},\"headline\":\"AST\u0102ZI: Sear\u0103 de lectur\u0103 public\u0103 la Flori de mac Books &#038; Coffee\",\"datePublished\":\"2020-01-30T08:06:47+00:00\",\"dateModified\":\"2020-01-30T08:06:50+00:00\",\"mainEntityOfPage\":{\"@id\":\"https:\\\/\\\/urbeamea.ro\\\/albaiulia\\\/astazi-seara-de-lectura-publica-la-flori-de-mac-books-coffee\\\/\"},\"wordCount\":124,\"commentCount\":0,\"image\":{\"@id\":\"https:\\\/\\\/urbeamea.ro\\\/albaiulia\\\/astazi-seara-de-lectura-publica-la-flori-de-mac-books-coffee\\\/#primaryimage\"},\"thumbnailUrl\":\"https:\\\/\\\/urbeamea.ro\\\/albaiulia\\\/wp-content\\\/uploads\\\/2020\\\/01\\\/83683823_2630243923753892_1123879923593773056_o.jpg\",\"keywords\":[\"cartile definesc spiritulmlocului si decorul\",\"flori de mac - books &amp; coffee\",\"seara de lectura publica\"],\"articleSection\":[\"Evenimente\"],\"inLanguage\":\"ro-RO\",\"potentialAction\":[{\"@type\":\"CommentAction\",\"name\":\"Comment\",\"target\":[\"https:\\\/\\\/urbeamea.ro\\\/albaiulia\\\/astazi-seara-de-lectura-publica-la-flori-de-mac-books-coffee\\\/#respond\"]}]},{\"@type\":\"WebPage\",\"@id\":\"https:\\\/\\\/urbeamea.ro\\\/albaiulia\\\/astazi-seara-de-lectura-publica-la-flori-de-mac-books-coffee\\\/\",\"url\":\"https:\\\/\\\/urbeamea.ro\\\/albaiulia\\\/astazi-seara-de-lectura-publica-la-flori-de-mac-books-coffee\\\/\",\"name\":\"AST\u0102ZI: Sear\u0103 de lectur\u0103 public\u0103 la Flori de mac Books & Coffee - Revista Urbea Mea - Revista de Alba\",\"isPartOf\":{\"@id\":\"https:\\\/\\\/urbeamea.ro\\\/albaiulia\\\/#website\"},\"primaryImageOfPage\":{\"@id\":\"https:\\\/\\\/urbeamea.ro\\\/albaiulia\\\/astazi-seara-de-lectura-publica-la-flori-de-mac-books-coffee\\\/#primaryimage\"},\"image\":{\"@id\":\"https:\\\/\\\/urbeamea.ro\\\/albaiulia\\\/astazi-seara-de-lectura-publica-la-flori-de-mac-books-coffee\\\/#primaryimage\"},\"thumbnailUrl\":\"https:\\\/\\\/urbeamea.ro\\\/albaiulia\\\/wp-content\\\/uploads\\\/2020\\\/01\\\/83683823_2630243923753892_1123879923593773056_o.jpg\",\"datePublished\":\"2020-01-30T08:06:47+00:00\",\"dateModified\":\"2020-01-30T08:06:50+00:00\",\"author\":{\"@id\":\"https:\\\/\\\/urbeamea.ro\\\/albaiulia\\\/#\\\/schema\\\/person\\\/9700d21fae21c4f038b0b56f4506264a\"},\"description\":\"Flori de Mac - Books &amp; Coffee v\u0103 propune un proiect de lectur\u0103 public\u0103 \u00eentr-un spa\u021biu \u00een care c\u0103r\u021bile definesc spiritul locului \u0219i decorul. \u201eO carte\",\"breadcrumb\":{\"@id\":\"https:\\\/\\\/urbeamea.ro\\\/albaiulia\\\/astazi-seara-de-lectura-publica-la-flori-de-mac-books-coffee\\\/#breadcrumb\"},\"inLanguage\":\"ro-RO\",\"potentialAction\":[{\"@type\":\"ReadAction\",\"target\":[\"https:\\\/\\\/urbeamea.ro\\\/albaiulia\\\/astazi-seara-de-lectura-publica-la-flori-de-mac-books-coffee\\\/\"]}]},{\"@type\":\"ImageObject\",\"inLanguage\":\"ro-RO\",\"@id\":\"https:\\\/\\\/urbeamea.ro\\\/albaiulia\\\/astazi-seara-de-lectura-publica-la-flori-de-mac-books-coffee\\\/#primaryimage\",\"url\":\"https:\\\/\\\/urbeamea.ro\\\/albaiulia\\\/wp-content\\\/uploads\\\/2020\\\/01\\\/83683823_2630243923753892_1123879923593773056_o.jpg\",\"contentUrl\":\"https:\\\/\\\/urbeamea.ro\\\/albaiulia\\\/wp-content\\\/uploads\\\/2020\\\/01\\\/83683823_2630243923753892_1123879923593773056_o.jpg\",\"width\":960,\"height\":447},{\"@type\":\"BreadcrumbList\",\"@id\":\"https:\\\/\\\/urbeamea.ro\\\/albaiulia\\\/astazi-seara-de-lectura-publica-la-flori-de-mac-books-coffee\\\/#breadcrumb\",\"itemListElement\":[{\"@type\":\"ListItem\",\"position\":1,\"name\":\"Prima pagin\u0103\",\"item\":\"https:\\\/\\\/urbeamea.ro\\\/albaiulia\\\/\"},{\"@type\":\"ListItem\",\"position\":2,\"name\":\"AST\u0102ZI: Sear\u0103 de lectur\u0103 public\u0103 la Flori de mac Books &#038; Coffee\"}]},{\"@type\":\"WebSite\",\"@id\":\"https:\\\/\\\/urbeamea.ro\\\/albaiulia\\\/#website\",\"url\":\"https:\\\/\\\/urbeamea.ro\\\/albaiulia\\\/\",\"name\":\"Revista Urbea Mea, Stiri urbane\",\"description\":\"Evenimente \u0219i \u0219tiri din Alba Iulia, Sebe\u0219, Aiud, Blaj\",\"potentialAction\":[{\"@type\":\"SearchAction\",\"target\":{\"@type\":\"EntryPoint\",\"urlTemplate\":\"https:\\\/\\\/urbeamea.ro\\\/albaiulia\\\/?s={search_term_string}\"},\"query-input\":{\"@type\":\"PropertyValueSpecification\",\"valueRequired\":true,\"valueName\":\"search_term_string\"}}],\"inLanguage\":\"ro-RO\"},{\"@type\":\"Person\",\"@id\":\"https:\\\/\\\/urbeamea.ro\\\/albaiulia\\\/#\\\/schema\\\/person\\\/9700d21fae21c4f038b0b56f4506264a\",\"name\":\"Cristina Ganga\",\"image\":{\"@type\":\"ImageObject\",\"inLanguage\":\"ro-RO\",\"@id\":\"https:\\\/\\\/secure.gravatar.com\\\/avatar\\\/5a67661041f057b4a8ccaf26f5a8e86e2689372006d01faf3dd9eeb10b654bb4?s=96&d=mm&r=g\",\"url\":\"https:\\\/\\\/secure.gravatar.com\\\/avatar\\\/5a67661041f057b4a8ccaf26f5a8e86e2689372006d01faf3dd9eeb10b654bb4?s=96&d=mm&r=g\",\"contentUrl\":\"https:\\\/\\\/secure.gravatar.com\\\/avatar\\\/5a67661041f057b4a8ccaf26f5a8e86e2689372006d01faf3dd9eeb10b654bb4?s=96&d=mm&r=g\",\"caption\":\"Cristina Ganga\"},\"description\":\"Jurnalist\",\"sameAs\":[\"https:\\\/\\\/www.facebook.com\\\/cristina.nicola.587\"],\"url\":\"https:\\\/\\\/urbeamea.ro\\\/albaiulia\\\/author\\\/cristina-nicola\\\/\"}]}<\/script>\n<!-- \/ Yoast SEO plugin. -->","yoast_head_json":{"title":"AST\u0102ZI: Sear\u0103 de lectur\u0103 public\u0103 la Flori de mac Books & Coffee - Revista Urbea Mea - Revista de Alba","description":"Flori de Mac - Books &amp; Coffee v\u0103 propune un proiect de lectur\u0103 public\u0103 \u00eentr-un spa\u021biu \u00een care c\u0103r\u021bile definesc spiritul locului \u0219i decorul. \u201eO carte","robots":{"index":"index","follow":"follow","max-snippet":"max-snippet:-1","max-image-preview":"max-image-preview:large","max-video-preview":"max-video-preview:-1"},"canonical":"https:\/\/urbeamea.ro\/albaiulia\/astazi-seara-de-lectura-publica-la-flori-de-mac-books-coffee\/","twitter_card":"summary_large_image","twitter_title":"AST\u0102ZI: Sear\u0103 de lectur\u0103 public\u0103 la Flori de mac Books & Coffee - Revista Urbea Mea - Revista de Alba","twitter_description":"Flori de Mac - Books &amp; Coffee v\u0103 propune un proiect de lectur\u0103 public\u0103 \u00eentr-un spa\u021biu \u00een care c\u0103r\u021bile definesc spiritul locului \u0219i decorul. \u201eO carte","twitter_image":"https:\/\/urbeamea.ro\/albaiulia\/wp-content\/uploads\/2020\/01\/83683823_2630243923753892_1123879923593773056_o.jpg","twitter_creator":"@urbeameaweb","twitter_site":"@urbeameaweb","schema":{"@context":"https:\/\/schema.org","@graph":[{"@type":"Article","@id":"https:\/\/urbeamea.ro\/albaiulia\/astazi-seara-de-lectura-publica-la-flori-de-mac-books-coffee\/#article","isPartOf":{"@id":"https:\/\/urbeamea.ro\/albaiulia\/astazi-seara-de-lectura-publica-la-flori-de-mac-books-coffee\/"},"author":{"name":"Cristina Ganga","@id":"https:\/\/urbeamea.ro\/albaiulia\/#\/schema\/person\/9700d21fae21c4f038b0b56f4506264a"},"headline":"AST\u0102ZI: Sear\u0103 de lectur\u0103 public\u0103 la Flori de mac Books &#038; Coffee","datePublished":"2020-01-30T08:06:47+00:00","dateModified":"2020-01-30T08:06:50+00:00","mainEntityOfPage":{"@id":"https:\/\/urbeamea.ro\/albaiulia\/astazi-seara-de-lectura-publica-la-flori-de-mac-books-coffee\/"},"wordCount":124,"commentCount":0,"image":{"@id":"https:\/\/urbeamea.ro\/albaiulia\/astazi-seara-de-lectura-publica-la-flori-de-mac-books-coffee\/#primaryimage"},"thumbnailUrl":"https:\/\/urbeamea.ro\/albaiulia\/wp-content\/uploads\/2020\/01\/83683823_2630243923753892_1123879923593773056_o.jpg","keywords":["cartile definesc spiritulmlocului si decorul","flori de mac - books &amp; coffee","seara de lectura publica"],"articleSection":["Evenimente"],"inLanguage":"ro-RO","potentialAction":[{"@type":"CommentAction","name":"Comment","target":["https:\/\/urbeamea.ro\/albaiulia\/astazi-seara-de-lectura-publica-la-flori-de-mac-books-coffee\/#respond"]}]},{"@type":"WebPage","@id":"https:\/\/urbeamea.ro\/albaiulia\/astazi-seara-de-lectura-publica-la-flori-de-mac-books-coffee\/","url":"https:\/\/urbeamea.ro\/albaiulia\/astazi-seara-de-lectura-publica-la-flori-de-mac-books-coffee\/","name":"AST\u0102ZI: Sear\u0103 de lectur\u0103 public\u0103 la Flori de mac Books & Coffee - Revista Urbea Mea - Revista de Alba","isPartOf":{"@id":"https:\/\/urbeamea.ro\/albaiulia\/#website"},"primaryImageOfPage":{"@id":"https:\/\/urbeamea.ro\/albaiulia\/astazi-seara-de-lectura-publica-la-flori-de-mac-books-coffee\/#primaryimage"},"image":{"@id":"https:\/\/urbeamea.ro\/albaiulia\/astazi-seara-de-lectura-publica-la-flori-de-mac-books-coffee\/#primaryimage"},"thumbnailUrl":"https:\/\/urbeamea.ro\/albaiulia\/wp-content\/uploads\/2020\/01\/83683823_2630243923753892_1123879923593773056_o.jpg","datePublished":"2020-01-30T08:06:47+00:00","dateModified":"2020-01-30T08:06:50+00:00","author":{"@id":"https:\/\/urbeamea.ro\/albaiulia\/#\/schema\/person\/9700d21fae21c4f038b0b56f4506264a"},"description":"Flori de Mac - Books &amp; Coffee v\u0103 propune un proiect de lectur\u0103 public\u0103 \u00eentr-un spa\u021biu \u00een care c\u0103r\u021bile definesc spiritul locului \u0219i decorul. \u201eO carte","breadcrumb":{"@id":"https:\/\/urbeamea.ro\/albaiulia\/astazi-seara-de-lectura-publica-la-flori-de-mac-books-coffee\/#breadcrumb"},"inLanguage":"ro-RO","potentialAction":[{"@type":"ReadAction","target":["https:\/\/urbeamea.ro\/albaiulia\/astazi-seara-de-lectura-publica-la-flori-de-mac-books-coffee\/"]}]},{"@type":"ImageObject","inLanguage":"ro-RO","@id":"https:\/\/urbeamea.ro\/albaiulia\/astazi-seara-de-lectura-publica-la-flori-de-mac-books-coffee\/#primaryimage","url":"https:\/\/urbeamea.ro\/albaiulia\/wp-content\/uploads\/2020\/01\/83683823_2630243923753892_1123879923593773056_o.jpg","contentUrl":"https:\/\/urbeamea.ro\/albaiulia\/wp-content\/uploads\/2020\/01\/83683823_2630243923753892_1123879923593773056_o.jpg","width":960,"height":447},{"@type":"BreadcrumbList","@id":"https:\/\/urbeamea.ro\/albaiulia\/astazi-seara-de-lectura-publica-la-flori-de-mac-books-coffee\/#breadcrumb","itemListElement":[{"@type":"ListItem","position":1,"name":"Prima pagin\u0103","item":"https:\/\/urbeamea.ro\/albaiulia\/"},{"@type":"ListItem","position":2,"name":"AST\u0102ZI: Sear\u0103 de lectur\u0103 public\u0103 la Flori de mac Books &#038; Coffee"}]},{"@type":"WebSite","@id":"https:\/\/urbeamea.ro\/albaiulia\/#website","url":"https:\/\/urbeamea.ro\/albaiulia\/","name":"Revista Urbea Mea, Stiri urbane","description":"Evenimente \u0219i \u0219tiri din Alba Iulia, Sebe\u0219, Aiud, Blaj","potentialAction":[{"@type":"SearchAction","target":{"@type":"EntryPoint","urlTemplate":"https:\/\/urbeamea.ro\/albaiulia\/?s={search_term_string}"},"query-input":{"@type":"PropertyValueSpecification","valueRequired":true,"valueName":"search_term_string"}}],"inLanguage":"ro-RO"},{"@type":"Person","@id":"https:\/\/urbeamea.ro\/albaiulia\/#\/schema\/person\/9700d21fae21c4f038b0b56f4506264a","name":"Cristina Ganga","image":{"@type":"ImageObject","inLanguage":"ro-RO","@id":"https:\/\/secure.gravatar.com\/avatar\/5a67661041f057b4a8ccaf26f5a8e86e2689372006d01faf3dd9eeb10b654bb4?s=96&d=mm&r=g","url":"https:\/\/secure.gravatar.com\/avatar\/5a67661041f057b4a8ccaf26f5a8e86e2689372006d01faf3dd9eeb10b654bb4?s=96&d=mm&r=g","contentUrl":"https:\/\/secure.gravatar.com\/avatar\/5a67661041f057b4a8ccaf26f5a8e86e2689372006d01faf3dd9eeb10b654bb4?s=96&d=mm&r=g","caption":"Cristina Ganga"},"description":"Jurnalist","sameAs":["https:\/\/www.facebook.com\/cristina.nicola.587"],"url":"https:\/\/urbeamea.ro\/albaiulia\/author\/cristina-nicola\/"}]}},"_links":{"self":[{"href":"https:\/\/urbeamea.ro\/albaiulia\/wp-json\/wp\/v2\/posts\/87349","targetHints":{"allow":["GET"]}}],"collection":[{"href":"https:\/\/urbeamea.ro\/albaiulia\/wp-json\/wp\/v2\/posts"}],"about":[{"href":"https:\/\/urbeamea.ro\/albaiulia\/wp-json\/wp\/v2\/types\/post"}],"author":[{"embeddable":true,"href":"https:\/\/urbeamea.ro\/albaiulia\/wp-json\/wp\/v2\/users\/17"}],"replies":[{"embeddable":true,"href":"https:\/\/urbeamea.ro\/albaiulia\/wp-json\/wp\/v2\/comments?post=87349"}],"version-history":[{"count":0,"href":"https:\/\/urbeamea.ro\/albaiulia\/wp-json\/wp\/v2\/posts\/87349\/revisions"}],"wp:featuredmedia":[{"embeddable":true,"href":"https:\/\/urbeamea.ro\/albaiulia\/wp-json\/wp\/v2\/media\/87350"}],"wp:attachment":[{"href":"https:\/\/urbeamea.ro\/albaiulia\/wp-json\/wp\/v2\/media?parent=87349"}],"wp:term":[{"taxonomy":"category","embeddable":true,"href":"https:\/\/urbeamea.ro\/albaiulia\/wp-json\/wp\/v2\/categories?post=87349"},{"taxonomy":"post_tag","embeddable":true,"href":"https:\/\/urbeamea.ro\/albaiulia\/wp-json\/wp\/v2\/tags?post=87349"}],"curies":[{"name":"wp","href":"https:\/\/api.w.org\/{rel}","templated":true}]}}