{"id":87391,"date":"2020-02-01T16:18:40","date_gmt":"2020-02-01T14:18:40","guid":{"rendered":"https:\/\/urbeamea.ro\/albaiulia\/?p=87391"},"modified":"2020-02-01T16:18:43","modified_gmt":"2020-02-01T14:18:43","slug":"ora-guvernatorului-la-rotary-alba-iulia-civitas-solis","status":"publish","type":"post","link":"https:\/\/urbeamea.ro\/albaiulia\/ora-guvernatorului-la-rotary-alba-iulia-civitas-solis\/","title":{"rendered":"\u201eOra Guvernatorului\u201d, la Rotary Alba Iulia Civitas Solis"},"content":{"rendered":"\n<h4 class=\"wp-block-heading\">\u00cent\u00e2lnirea s\u0103pt\u0103m\u00e2nal\u0103 a Rotary Alba Iulia Civitas Solis de asear\u0103, 30.01.2020, a fost una special\u0103, prin vizita domnului Marian Neagoe, Guvernator al Districtului 2241 Rom\u00e2nia \u015fi Republica Moldova. De asemenea, am avut bucuria s\u0103 \u00eei avem din nou printre noi pe Asistent Guvernator &#8211; Florin M\u0103rginean \u015fi District International Service Chair \u2013 Ovidiu Co\u015f.<\/h4>\n\n\n\n<p><em>\u201eLa \u00eent\u00e2lnire ne-au fost al\u0103turi mai tinerii no\u015ftri colegi, membrii Rotakids, Interact \u015fi Rotaract care ne-au \u00eemp\u0103rt\u0103\u015fit o parte din frumoasele \u015fi \u00eendr\u0103zne\u021bele lor proiecte de voluntariat din acest an rotarian.<\/em><\/p>\n\n\n\n<p><em>DG Marian Neagoe ne-a prezentat viziunea mandatului s\u0103u, importan\u0163a proiectelor Rotary \u00een comunitatea din care facem parte, dar \u015fi starea de bine pe care munca de voluntariat o d\u0103 celui ce d\u0103ruie\u015fte.<\/em><\/p>\n\n\n\n<p><em>Ora Guvernatorului a reprezentat o conectare a clubului nostru cu proiectele Districtului 2241 \u015fi proiectele Rotary International, \u00een special: Rotary Planteaz\u0103, Cartea Noastr\u0103 Cea Din Toate Zilele \u015fi End Polio Now.<\/em><\/p>\n\n\n\n<p><em>Colegul Adrian N\u0103creal\u0103 \u2013 Pre\u015fedintele Rotary Club Alba Iulia Civitas Solis a f\u0103cut o trecere \u00een revist\u0103 a proiectelor clubului, o parte din acestea reprezent\u00e2nd contribu\u0163ia noastr\u0103 la proiectele districtuale \u015fi interna\u0163ionale: Rotary Planteaz\u0103 \u2013 proiect pe care \u00eel realiz\u0103m de c\u00e2\u0163iva ani \u00eempreun\u0103 cu na\u015fii no\u015ftri de la Rotary Club Alba Iulia; Rotary Sus\u0163ie Educa\u0163ia \u2013 proiect ini\u0163iat de clubul nostru \u00een acest an rotarian \u015fi realizat \u00een toat\u0103 \u0163ara, \u00eempreun\u0103 cu colegii de la\u00a0 Rotary Club Alba Iulia, Rotary Club Bucure\u015fti al\u0103turi de Rotaract \u015fi Interact Bucure\u015fti, Rotary Club Arad, Rotary Club Hoia Cluj-Napoca; participarea la proiectul colegilor de la Rotary Club Bucure\u015fti \u2013 Ajut\u0103 un copil s\u0103 mearg\u0103 la \u015fcoal\u0103; \u015fi nu \u00een ultimul r\u00e2nd contribu\u0163ia noastr\u0103 la proiectul End Polio Now.<\/em><\/p>\n\n\n\n<p><em>\u00cen spiritul temei alese pentru anul rotarian 2019-2020, \u201eRotary conecteaz\u0103 lumea\u201d, clubul \u00ee\u0219i dore\u0219te s\u0103 promoveze prietenia cu membrii comunit\u0103\u021bii din care facem parte, iar seara de joi a reprezentat o \u00eent\u00e2lnire a prieteniei \u015fi a\u00a0 ideilor dedicate semenilor.\u201d,<\/em> au transmis organizatorii.<\/p>\n\n\n\n<figure class=\"wp-block-gallery columns-3 is-cropped wp-block-gallery-1 is-layout-flex wp-block-gallery-is-layout-flex\"><ul class=\"blocks-gallery-grid\"><li class=\"blocks-gallery-item\"><figure><img loading=\"lazy\" decoding=\"async\" width=\"1280\" height=\"720\" src=\"https:\/\/urbeamea.ro\/albaiulia\/wp-content\/uploads\/2020\/02\/1-1280x720.jpeg\" alt=\"\" data-id=\"87392\" data-full-url=\"https:\/\/urbeamea.ro\/albaiulia\/wp-content\/uploads\/2020\/02\/1.jpeg\" data-link=\"https:\/\/urbeamea.ro\/albaiulia\/?attachment_id=87392\" class=\"wp-image-87392\" srcset=\"https:\/\/urbeamea.ro\/albaiulia\/wp-content\/uploads\/2020\/02\/1-1280x720.jpeg 1280w, https:\/\/urbeamea.ro\/albaiulia\/wp-content\/uploads\/2020\/02\/1-640x360.jpeg 640w, https:\/\/urbeamea.ro\/albaiulia\/wp-content\/uploads\/2020\/02\/1-150x84.jpeg 150w, https:\/\/urbeamea.ro\/albaiulia\/wp-content\/uploads\/2020\/02\/1-768x432.jpeg 768w, https:\/\/urbeamea.ro\/albaiulia\/wp-content\/uploads\/2020\/02\/1-1536x864.jpeg 1536w, https:\/\/urbeamea.ro\/albaiulia\/wp-content\/uploads\/2020\/02\/1.jpeg 1599w\" sizes=\"auto, (max-width: 1280px) 100vw, 1280px\" \/><\/figure><\/li><li class=\"blocks-gallery-item\"><figure><img loading=\"lazy\" decoding=\"async\" width=\"720\" height=\"1280\" src=\"https:\/\/urbeamea.ro\/albaiulia\/wp-content\/uploads\/2020\/02\/2-720x1280.jpeg\" alt=\"\" data-id=\"87393\" data-full-url=\"https:\/\/urbeamea.ro\/albaiulia\/wp-content\/uploads\/2020\/02\/2.jpeg\" data-link=\"https:\/\/urbeamea.ro\/albaiulia\/?attachment_id=87393\" class=\"wp-image-87393\" srcset=\"https:\/\/urbeamea.ro\/albaiulia\/wp-content\/uploads\/2020\/02\/2-720x1280.jpeg 720w, https:\/\/urbeamea.ro\/albaiulia\/wp-content\/uploads\/2020\/02\/2-360x640.jpeg 360w, https:\/\/urbeamea.ro\/albaiulia\/wp-content\/uploads\/2020\/02\/2-84x150.jpeg 84w, https:\/\/urbeamea.ro\/albaiulia\/wp-content\/uploads\/2020\/02\/2-768x1365.jpeg 768w, https:\/\/urbeamea.ro\/albaiulia\/wp-content\/uploads\/2020\/02\/2-864x1536.jpeg 864w, https:\/\/urbeamea.ro\/albaiulia\/wp-content\/uploads\/2020\/02\/2.jpeg 900w\" sizes=\"auto, (max-width: 720px) 100vw, 720px\" \/><\/figure><\/li><li class=\"blocks-gallery-item\"><figure><img loading=\"lazy\" decoding=\"async\" width=\"720\" height=\"1280\" src=\"https:\/\/urbeamea.ro\/albaiulia\/wp-content\/uploads\/2020\/02\/3-720x1280.jpeg\" alt=\"\" data-id=\"87394\" data-full-url=\"https:\/\/urbeamea.ro\/albaiulia\/wp-content\/uploads\/2020\/02\/3.jpeg\" data-link=\"https:\/\/urbeamea.ro\/albaiulia\/?attachment_id=87394\" class=\"wp-image-87394\" srcset=\"https:\/\/urbeamea.ro\/albaiulia\/wp-content\/uploads\/2020\/02\/3-720x1280.jpeg 720w, https:\/\/urbeamea.ro\/albaiulia\/wp-content\/uploads\/2020\/02\/3-360x640.jpeg 360w, https:\/\/urbeamea.ro\/albaiulia\/wp-content\/uploads\/2020\/02\/3-84x150.jpeg 84w, https:\/\/urbeamea.ro\/albaiulia\/wp-content\/uploads\/2020\/02\/3-768x1365.jpeg 768w, https:\/\/urbeamea.ro\/albaiulia\/wp-content\/uploads\/2020\/02\/3-864x1536.jpeg 864w, https:\/\/urbeamea.ro\/albaiulia\/wp-content\/uploads\/2020\/02\/3.jpeg 900w\" sizes=\"auto, (max-width: 720px) 100vw, 720px\" \/><\/figure><\/li><li class=\"blocks-gallery-item\"><figure><img loading=\"lazy\" decoding=\"async\" width=\"720\" height=\"1280\" src=\"https:\/\/urbeamea.ro\/albaiulia\/wp-content\/uploads\/2020\/02\/4-720x1280.jpeg\" alt=\"\" data-id=\"87395\" data-full-url=\"https:\/\/urbeamea.ro\/albaiulia\/wp-content\/uploads\/2020\/02\/4.jpeg\" data-link=\"https:\/\/urbeamea.ro\/albaiulia\/?attachment_id=87395\" class=\"wp-image-87395\" srcset=\"https:\/\/urbeamea.ro\/albaiulia\/wp-content\/uploads\/2020\/02\/4-720x1280.jpeg 720w, https:\/\/urbeamea.ro\/albaiulia\/wp-content\/uploads\/2020\/02\/4-360x640.jpeg 360w, https:\/\/urbeamea.ro\/albaiulia\/wp-content\/uploads\/2020\/02\/4-84x150.jpeg 84w, https:\/\/urbeamea.ro\/albaiulia\/wp-content\/uploads\/2020\/02\/4-768x1365.jpeg 768w, https:\/\/urbeamea.ro\/albaiulia\/wp-content\/uploads\/2020\/02\/4.jpeg 774w\" sizes=\"auto, (max-width: 720px) 100vw, 720px\" \/><\/figure><\/li><\/ul><\/figure>\n","protected":false},"excerpt":{"rendered":"<p>\u00cent\u00e2lnirea s\u0103pt\u0103m\u00e2nal\u0103 a Rotary Alba Iulia Civitas Solis de asear\u0103, 30.01.2020, a fost una special\u0103, prin vizita domnului Marian Neagoe, Guvernator al Districtului 2241 Rom\u00e2nia \u015fi Republica Moldova. De asemenea, am avut bucuria s\u0103 \u00eei avem din nou printre noi pe Asistent Guvernator &#8211; Florin M\u0103rginean \u015fi District International Service Chair \u2013 Ovidiu Co\u015f. \u201eLa &hellip;<\/p>\n","protected":false},"author":17,"featured_media":87392,"comment_status":"open","ping_status":"open","sticky":false,"template":"","format":"standard","meta":{"inline_featured_image":false,"footnotes":""},"categories":[2034],"tags":[19690,19688,19689,19691,8711],"class_list":["post-87391","post","type-post","status-publish","format-standard","has-post-thumbnail","hentry","category-social","tag-interact","tag-ora-guvernatorului","tag-rotakids","tag-rotaract","tag-rotary-alba-iulia-civitas-solis"],"yoast_head":"<!-- This site is optimized with the Yoast SEO plugin v27.4 - https:\/\/yoast.com\/product\/yoast-seo-wordpress\/ -->\n<title>\u201eOra Guvernatorului\u201d, la Rotary Alba Iulia Civitas Solis - Revista Urbea Mea - Revista de Alba<\/title>\n<meta name=\"description\" content=\"\u00cent\u00e2lnirea s\u0103pt\u0103m\u00e2nal\u0103 a Rotary Alba Iulia Civitas Solis de asear\u0103, 30.01.2020, a fost una special\u0103, prin vizita domnului Marian Neagoe, Guvernator al\" \/>\n<meta name=\"robots\" content=\"index, follow, max-snippet:-1, max-image-preview:large, max-video-preview:-1\" \/>\n<link rel=\"canonical\" href=\"https:\/\/urbeamea.ro\/albaiulia\/ora-guvernatorului-la-rotary-alba-iulia-civitas-solis\/\" \/>\n<meta name=\"twitter:card\" content=\"summary_large_image\" \/>\n<meta name=\"twitter:title\" content=\"\u201eOra Guvernatorului\u201d, la Rotary Alba Iulia Civitas Solis - Revista Urbea Mea - Revista de Alba\" \/>\n<meta name=\"twitter:description\" content=\"\u00cent\u00e2lnirea s\u0103pt\u0103m\u00e2nal\u0103 a Rotary Alba Iulia Civitas Solis de asear\u0103, 30.01.2020, a fost una special\u0103, prin vizita domnului Marian Neagoe, Guvernator al\" \/>\n<meta name=\"twitter:image\" content=\"https:\/\/urbeamea.ro\/albaiulia\/wp-content\/uploads\/2020\/02\/1.jpeg\" \/>\n<meta name=\"twitter:creator\" content=\"@urbeameaweb\" \/>\n<meta name=\"twitter:site\" content=\"@urbeameaweb\" \/>\n<script type=\"application\/ld+json\" class=\"yoast-schema-graph\">{\"@context\":\"https:\\\/\\\/schema.org\",\"@graph\":[{\"@type\":\"Article\",\"@id\":\"https:\\\/\\\/urbeamea.ro\\\/albaiulia\\\/ora-guvernatorului-la-rotary-alba-iulia-civitas-solis\\\/#article\",\"isPartOf\":{\"@id\":\"https:\\\/\\\/urbeamea.ro\\\/albaiulia\\\/ora-guvernatorului-la-rotary-alba-iulia-civitas-solis\\\/\"},\"author\":{\"name\":\"Cristina Ganga\",\"@id\":\"https:\\\/\\\/urbeamea.ro\\\/albaiulia\\\/#\\\/schema\\\/person\\\/9700d21fae21c4f038b0b56f4506264a\"},\"headline\":\"\u201eOra Guvernatorului\u201d, la Rotary Alba Iulia Civitas Solis\",\"datePublished\":\"2020-02-01T14:18:40+00:00\",\"dateModified\":\"2020-02-01T14:18:43+00:00\",\"mainEntityOfPage\":{\"@id\":\"https:\\\/\\\/urbeamea.ro\\\/albaiulia\\\/ora-guvernatorului-la-rotary-alba-iulia-civitas-solis\\\/\"},\"wordCount\":354,\"commentCount\":0,\"image\":{\"@id\":\"https:\\\/\\\/urbeamea.ro\\\/albaiulia\\\/ora-guvernatorului-la-rotary-alba-iulia-civitas-solis\\\/#primaryimage\"},\"thumbnailUrl\":\"https:\\\/\\\/urbeamea.ro\\\/albaiulia\\\/wp-content\\\/uploads\\\/2020\\\/02\\\/1.jpeg\",\"keywords\":[\"interact\",\"ora guvernatorului\",\"rotakids\",\"rotaract\",\"Rotary Alba Iulia Civitas Solis\"],\"articleSection\":[\"Social\"],\"inLanguage\":\"ro-RO\",\"potentialAction\":[{\"@type\":\"CommentAction\",\"name\":\"Comment\",\"target\":[\"https:\\\/\\\/urbeamea.ro\\\/albaiulia\\\/ora-guvernatorului-la-rotary-alba-iulia-civitas-solis\\\/#respond\"]}]},{\"@type\":\"WebPage\",\"@id\":\"https:\\\/\\\/urbeamea.ro\\\/albaiulia\\\/ora-guvernatorului-la-rotary-alba-iulia-civitas-solis\\\/\",\"url\":\"https:\\\/\\\/urbeamea.ro\\\/albaiulia\\\/ora-guvernatorului-la-rotary-alba-iulia-civitas-solis\\\/\",\"name\":\"\u201eOra Guvernatorului\u201d, la Rotary Alba Iulia Civitas Solis - Revista Urbea Mea - Revista de Alba\",\"isPartOf\":{\"@id\":\"https:\\\/\\\/urbeamea.ro\\\/albaiulia\\\/#website\"},\"primaryImageOfPage\":{\"@id\":\"https:\\\/\\\/urbeamea.ro\\\/albaiulia\\\/ora-guvernatorului-la-rotary-alba-iulia-civitas-solis\\\/#primaryimage\"},\"image\":{\"@id\":\"https:\\\/\\\/urbeamea.ro\\\/albaiulia\\\/ora-guvernatorului-la-rotary-alba-iulia-civitas-solis\\\/#primaryimage\"},\"thumbnailUrl\":\"https:\\\/\\\/urbeamea.ro\\\/albaiulia\\\/wp-content\\\/uploads\\\/2020\\\/02\\\/1.jpeg\",\"datePublished\":\"2020-02-01T14:18:40+00:00\",\"dateModified\":\"2020-02-01T14:18:43+00:00\",\"author\":{\"@id\":\"https:\\\/\\\/urbeamea.ro\\\/albaiulia\\\/#\\\/schema\\\/person\\\/9700d21fae21c4f038b0b56f4506264a\"},\"description\":\"\u00cent\u00e2lnirea s\u0103pt\u0103m\u00e2nal\u0103 a Rotary Alba Iulia Civitas Solis de asear\u0103, 30.01.2020, a fost una special\u0103, prin vizita domnului Marian Neagoe, Guvernator al\",\"breadcrumb\":{\"@id\":\"https:\\\/\\\/urbeamea.ro\\\/albaiulia\\\/ora-guvernatorului-la-rotary-alba-iulia-civitas-solis\\\/#breadcrumb\"},\"inLanguage\":\"ro-RO\",\"potentialAction\":[{\"@type\":\"ReadAction\",\"target\":[\"https:\\\/\\\/urbeamea.ro\\\/albaiulia\\\/ora-guvernatorului-la-rotary-alba-iulia-civitas-solis\\\/\"]}]},{\"@type\":\"ImageObject\",\"inLanguage\":\"ro-RO\",\"@id\":\"https:\\\/\\\/urbeamea.ro\\\/albaiulia\\\/ora-guvernatorului-la-rotary-alba-iulia-civitas-solis\\\/#primaryimage\",\"url\":\"https:\\\/\\\/urbeamea.ro\\\/albaiulia\\\/wp-content\\\/uploads\\\/2020\\\/02\\\/1.jpeg\",\"contentUrl\":\"https:\\\/\\\/urbeamea.ro\\\/albaiulia\\\/wp-content\\\/uploads\\\/2020\\\/02\\\/1.jpeg\",\"width\":1599,\"height\":899},{\"@type\":\"BreadcrumbList\",\"@id\":\"https:\\\/\\\/urbeamea.ro\\\/albaiulia\\\/ora-guvernatorului-la-rotary-alba-iulia-civitas-solis\\\/#breadcrumb\",\"itemListElement\":[{\"@type\":\"ListItem\",\"position\":1,\"name\":\"Prima pagin\u0103\",\"item\":\"https:\\\/\\\/urbeamea.ro\\\/albaiulia\\\/\"},{\"@type\":\"ListItem\",\"position\":2,\"name\":\"\u201eOra Guvernatorului\u201d, la Rotary Alba Iulia Civitas Solis\"}]},{\"@type\":\"WebSite\",\"@id\":\"https:\\\/\\\/urbeamea.ro\\\/albaiulia\\\/#website\",\"url\":\"https:\\\/\\\/urbeamea.ro\\\/albaiulia\\\/\",\"name\":\"Revista Urbea Mea, Stiri urbane\",\"description\":\"Evenimente \u0219i \u0219tiri din Alba Iulia, Sebe\u0219, Aiud, Blaj\",\"potentialAction\":[{\"@type\":\"SearchAction\",\"target\":{\"@type\":\"EntryPoint\",\"urlTemplate\":\"https:\\\/\\\/urbeamea.ro\\\/albaiulia\\\/?s={search_term_string}\"},\"query-input\":{\"@type\":\"PropertyValueSpecification\",\"valueRequired\":true,\"valueName\":\"search_term_string\"}}],\"inLanguage\":\"ro-RO\"},{\"@type\":\"Person\",\"@id\":\"https:\\\/\\\/urbeamea.ro\\\/albaiulia\\\/#\\\/schema\\\/person\\\/9700d21fae21c4f038b0b56f4506264a\",\"name\":\"Cristina Ganga\",\"image\":{\"@type\":\"ImageObject\",\"inLanguage\":\"ro-RO\",\"@id\":\"https:\\\/\\\/secure.gravatar.com\\\/avatar\\\/5a67661041f057b4a8ccaf26f5a8e86e2689372006d01faf3dd9eeb10b654bb4?s=96&d=mm&r=g\",\"url\":\"https:\\\/\\\/secure.gravatar.com\\\/avatar\\\/5a67661041f057b4a8ccaf26f5a8e86e2689372006d01faf3dd9eeb10b654bb4?s=96&d=mm&r=g\",\"contentUrl\":\"https:\\\/\\\/secure.gravatar.com\\\/avatar\\\/5a67661041f057b4a8ccaf26f5a8e86e2689372006d01faf3dd9eeb10b654bb4?s=96&d=mm&r=g\",\"caption\":\"Cristina Ganga\"},\"description\":\"Jurnalist\",\"sameAs\":[\"https:\\\/\\\/www.facebook.com\\\/cristina.nicola.587\"],\"url\":\"https:\\\/\\\/urbeamea.ro\\\/albaiulia\\\/author\\\/cristina-nicola\\\/\"}]}<\/script>\n<!-- \/ Yoast SEO plugin. -->","yoast_head_json":{"title":"\u201eOra Guvernatorului\u201d, la Rotary Alba Iulia Civitas Solis - Revista Urbea Mea - Revista de Alba","description":"\u00cent\u00e2lnirea s\u0103pt\u0103m\u00e2nal\u0103 a Rotary Alba Iulia Civitas Solis de asear\u0103, 30.01.2020, a fost una special\u0103, prin vizita domnului Marian Neagoe, Guvernator al","robots":{"index":"index","follow":"follow","max-snippet":"max-snippet:-1","max-image-preview":"max-image-preview:large","max-video-preview":"max-video-preview:-1"},"canonical":"https:\/\/urbeamea.ro\/albaiulia\/ora-guvernatorului-la-rotary-alba-iulia-civitas-solis\/","twitter_card":"summary_large_image","twitter_title":"\u201eOra Guvernatorului\u201d, la Rotary Alba Iulia Civitas Solis - Revista Urbea Mea - Revista de Alba","twitter_description":"\u00cent\u00e2lnirea s\u0103pt\u0103m\u00e2nal\u0103 a Rotary Alba Iulia Civitas Solis de asear\u0103, 30.01.2020, a fost una special\u0103, prin vizita domnului Marian Neagoe, Guvernator al","twitter_image":"https:\/\/urbeamea.ro\/albaiulia\/wp-content\/uploads\/2020\/02\/1.jpeg","twitter_creator":"@urbeameaweb","twitter_site":"@urbeameaweb","schema":{"@context":"https:\/\/schema.org","@graph":[{"@type":"Article","@id":"https:\/\/urbeamea.ro\/albaiulia\/ora-guvernatorului-la-rotary-alba-iulia-civitas-solis\/#article","isPartOf":{"@id":"https:\/\/urbeamea.ro\/albaiulia\/ora-guvernatorului-la-rotary-alba-iulia-civitas-solis\/"},"author":{"name":"Cristina Ganga","@id":"https:\/\/urbeamea.ro\/albaiulia\/#\/schema\/person\/9700d21fae21c4f038b0b56f4506264a"},"headline":"\u201eOra Guvernatorului\u201d, la Rotary Alba Iulia Civitas Solis","datePublished":"2020-02-01T14:18:40+00:00","dateModified":"2020-02-01T14:18:43+00:00","mainEntityOfPage":{"@id":"https:\/\/urbeamea.ro\/albaiulia\/ora-guvernatorului-la-rotary-alba-iulia-civitas-solis\/"},"wordCount":354,"commentCount":0,"image":{"@id":"https:\/\/urbeamea.ro\/albaiulia\/ora-guvernatorului-la-rotary-alba-iulia-civitas-solis\/#primaryimage"},"thumbnailUrl":"https:\/\/urbeamea.ro\/albaiulia\/wp-content\/uploads\/2020\/02\/1.jpeg","keywords":["interact","ora guvernatorului","rotakids","rotaract","Rotary Alba Iulia Civitas Solis"],"articleSection":["Social"],"inLanguage":"ro-RO","potentialAction":[{"@type":"CommentAction","name":"Comment","target":["https:\/\/urbeamea.ro\/albaiulia\/ora-guvernatorului-la-rotary-alba-iulia-civitas-solis\/#respond"]}]},{"@type":"WebPage","@id":"https:\/\/urbeamea.ro\/albaiulia\/ora-guvernatorului-la-rotary-alba-iulia-civitas-solis\/","url":"https:\/\/urbeamea.ro\/albaiulia\/ora-guvernatorului-la-rotary-alba-iulia-civitas-solis\/","name":"\u201eOra Guvernatorului\u201d, la Rotary Alba Iulia Civitas Solis - Revista Urbea Mea - Revista de Alba","isPartOf":{"@id":"https:\/\/urbeamea.ro\/albaiulia\/#website"},"primaryImageOfPage":{"@id":"https:\/\/urbeamea.ro\/albaiulia\/ora-guvernatorului-la-rotary-alba-iulia-civitas-solis\/#primaryimage"},"image":{"@id":"https:\/\/urbeamea.ro\/albaiulia\/ora-guvernatorului-la-rotary-alba-iulia-civitas-solis\/#primaryimage"},"thumbnailUrl":"https:\/\/urbeamea.ro\/albaiulia\/wp-content\/uploads\/2020\/02\/1.jpeg","datePublished":"2020-02-01T14:18:40+00:00","dateModified":"2020-02-01T14:18:43+00:00","author":{"@id":"https:\/\/urbeamea.ro\/albaiulia\/#\/schema\/person\/9700d21fae21c4f038b0b56f4506264a"},"description":"\u00cent\u00e2lnirea s\u0103pt\u0103m\u00e2nal\u0103 a Rotary Alba Iulia Civitas Solis de asear\u0103, 30.01.2020, a fost una special\u0103, prin vizita domnului Marian Neagoe, Guvernator al","breadcrumb":{"@id":"https:\/\/urbeamea.ro\/albaiulia\/ora-guvernatorului-la-rotary-alba-iulia-civitas-solis\/#breadcrumb"},"inLanguage":"ro-RO","potentialAction":[{"@type":"ReadAction","target":["https:\/\/urbeamea.ro\/albaiulia\/ora-guvernatorului-la-rotary-alba-iulia-civitas-solis\/"]}]},{"@type":"ImageObject","inLanguage":"ro-RO","@id":"https:\/\/urbeamea.ro\/albaiulia\/ora-guvernatorului-la-rotary-alba-iulia-civitas-solis\/#primaryimage","url":"https:\/\/urbeamea.ro\/albaiulia\/wp-content\/uploads\/2020\/02\/1.jpeg","contentUrl":"https:\/\/urbeamea.ro\/albaiulia\/wp-content\/uploads\/2020\/02\/1.jpeg","width":1599,"height":899},{"@type":"BreadcrumbList","@id":"https:\/\/urbeamea.ro\/albaiulia\/ora-guvernatorului-la-rotary-alba-iulia-civitas-solis\/#breadcrumb","itemListElement":[{"@type":"ListItem","position":1,"name":"Prima pagin\u0103","item":"https:\/\/urbeamea.ro\/albaiulia\/"},{"@type":"ListItem","position":2,"name":"\u201eOra Guvernatorului\u201d, la Rotary Alba Iulia Civitas Solis"}]},{"@type":"WebSite","@id":"https:\/\/urbeamea.ro\/albaiulia\/#website","url":"https:\/\/urbeamea.ro\/albaiulia\/","name":"Revista Urbea Mea, Stiri urbane","description":"Evenimente \u0219i \u0219tiri din Alba Iulia, Sebe\u0219, Aiud, Blaj","potentialAction":[{"@type":"SearchAction","target":{"@type":"EntryPoint","urlTemplate":"https:\/\/urbeamea.ro\/albaiulia\/?s={search_term_string}"},"query-input":{"@type":"PropertyValueSpecification","valueRequired":true,"valueName":"search_term_string"}}],"inLanguage":"ro-RO"},{"@type":"Person","@id":"https:\/\/urbeamea.ro\/albaiulia\/#\/schema\/person\/9700d21fae21c4f038b0b56f4506264a","name":"Cristina Ganga","image":{"@type":"ImageObject","inLanguage":"ro-RO","@id":"https:\/\/secure.gravatar.com\/avatar\/5a67661041f057b4a8ccaf26f5a8e86e2689372006d01faf3dd9eeb10b654bb4?s=96&d=mm&r=g","url":"https:\/\/secure.gravatar.com\/avatar\/5a67661041f057b4a8ccaf26f5a8e86e2689372006d01faf3dd9eeb10b654bb4?s=96&d=mm&r=g","contentUrl":"https:\/\/secure.gravatar.com\/avatar\/5a67661041f057b4a8ccaf26f5a8e86e2689372006d01faf3dd9eeb10b654bb4?s=96&d=mm&r=g","caption":"Cristina Ganga"},"description":"Jurnalist","sameAs":["https:\/\/www.facebook.com\/cristina.nicola.587"],"url":"https:\/\/urbeamea.ro\/albaiulia\/author\/cristina-nicola\/"}]}},"_links":{"self":[{"href":"https:\/\/urbeamea.ro\/albaiulia\/wp-json\/wp\/v2\/posts\/87391","targetHints":{"allow":["GET"]}}],"collection":[{"href":"https:\/\/urbeamea.ro\/albaiulia\/wp-json\/wp\/v2\/posts"}],"about":[{"href":"https:\/\/urbeamea.ro\/albaiulia\/wp-json\/wp\/v2\/types\/post"}],"author":[{"embeddable":true,"href":"https:\/\/urbeamea.ro\/albaiulia\/wp-json\/wp\/v2\/users\/17"}],"replies":[{"embeddable":true,"href":"https:\/\/urbeamea.ro\/albaiulia\/wp-json\/wp\/v2\/comments?post=87391"}],"version-history":[{"count":0,"href":"https:\/\/urbeamea.ro\/albaiulia\/wp-json\/wp\/v2\/posts\/87391\/revisions"}],"wp:featuredmedia":[{"embeddable":true,"href":"https:\/\/urbeamea.ro\/albaiulia\/wp-json\/wp\/v2\/media\/87392"}],"wp:attachment":[{"href":"https:\/\/urbeamea.ro\/albaiulia\/wp-json\/wp\/v2\/media?parent=87391"}],"wp:term":[{"taxonomy":"category","embeddable":true,"href":"https:\/\/urbeamea.ro\/albaiulia\/wp-json\/wp\/v2\/categories?post=87391"},{"taxonomy":"post_tag","embeddable":true,"href":"https:\/\/urbeamea.ro\/albaiulia\/wp-json\/wp\/v2\/tags?post=87391"}],"curies":[{"name":"wp","href":"https:\/\/api.w.org\/{rel}","templated":true}]}}