{"id":87397,"date":"2020-02-02T11:37:25","date_gmt":"2020-02-02T09:37:25","guid":{"rendered":"https:\/\/urbeamea.ro\/albaiulia\/?p=87397"},"modified":"2020-02-02T11:37:27","modified_gmt":"2020-02-02T09:37:27","slug":"la-un-an-de-la-incendiu-solina-romania-face-marele-anunt","status":"publish","type":"post","link":"https:\/\/urbeamea.ro\/albaiulia\/la-un-an-de-la-incendiu-solina-romania-face-marele-anunt\/","title":{"rendered":"La un an de la incendiu, Solina Romania face marele anun\u021b"},"content":{"rendered":"\n<h4 class=\"wp-block-heading\">La un an de la incendiul devastator care a distrus cea mai mare fabric\u0103 de condimente \u0219i ingrediente alimentare din Sud-Estul Europei, reprezentan\u021bii Solina Romania anun\u021b\u0103 finalizarea conceptului noii fabrici, ob\u021binerea certificatului de urbanism pentru construc\u021bia acesteia \u0219i demararea lucr\u0103rilor \u00een prim\u0103vara acestui an.<\/h4>\n\n\n\n<p>Board-ul grupului Solina a aprobat bugetul de investi\u021bii pentru construc\u021bia fabricii.<\/p>\n\n\n\n<p>Privind spre viitorul industriei alimentare, \u021bin\u00e2nd cont de schimb\u0103rile comportamentului consumatorilor \u0219i trendurilor pie\u021bei, echipa Solina Romania a creat conceptul noii fabrici cu g\u00e2ndul la provoc\u0103rile clien\u021bilor s\u0103i.<\/p>\n\n\n\n<p>Construc\u021bia va fi pe vechiul amplasament, ocup\u00e2nd acela\u0219i perimetru, dorindu-ne s\u0103 fie \u0219i mai eficient\u0103 \u0219i mai sigur\u0103.<\/p>\n\n\n\n<p>Se spune c\u0103 \u201dceea ce nu te doboar\u0103, te face mai puternic\u201d, de aceea, ne vom concentra \u0219i mai mult aten\u021bia asupra procesului de cercetare-dezvoltare, pentru a reu\u0219i s\u0103 fim mereu cu un pas \u00eenaintea schimb\u0103rii, propun\u00e2ndu-le clien\u021bilor no\u0219tri solu\u021bii inovative \u0219i relevante pentru business-urile lor de succes. <\/p>\n\n\n\n<p>Abordarea \u00een privin\u021ba dezvolt\u0103rii noilor concepte ale grupului Solina este orientat\u0103 astfel \u00eenc\u00e2t s\u0103 adreseze trei provoc\u0103ri esen\u021biale: solu\u021bii prietenoase cu mediul \u00eenconjur\u0103tor, care sa r\u0103spund\u0103 dorin\u021bei consumatorilor de a experimenta gusturi noi, solu\u021bii s\u0103n\u0103toase \u0219i generatoare de satisfac\u021bie. <\/p>\n\n\n\n<p><strong>Prezentul ne define\u0219te<\/strong><\/p>\n\n\n\n<p>\u00cencrederea \u0219i prosperitatea comun\u0103 sunt motorul care alimenteaz\u0103 munca neobosit\u0103 a fiec\u0103rui angajat, f\u0103c\u00e2nd posibil\u0103 continuitatea business-ului. De altfel, echipa dedicat\u0103, al\u0103turi de vasta experien\u021b\u0103 \u00een domeniul industriei alimentare, condimentat\u0103 cu pasiunea pentru savoare, stau la baza activit\u0103\u021bii de procesare \u0219i comercializare a ingredientelor alimentare. <\/p>\n\n\n\n<p>Ast\u0103zi, echipa Solina, \u00een formul\u0103 complet\u0103, \u00ee\u0219i deruleaz\u0103 activitatea \u00een Rom\u00e2nia, fiind devotat\u0103 ideii rena\u0219terii companiei. Pas cu pas, \u00eencrederea s-a transformat \u00een certitudine, iar fabrica temporar\u0103 amplasat\u0103 \u00een Alba Iulia, laboratoarele, sta\u021bia pilot \u0219i spa\u021biile de birouri au prins contur, devenind complet func\u021bionale la finele lunii Iulie 2019. <\/p>\n\n\n\n<p>Fabrica temporar\u0103 din Alba Iulia este acreditat\u0103 conform standardelor de calitate \u0219i de siguran\u021b\u0103 a alimentului, standard FSSC 22000. <\/p>\n\n\n\n<p>Iat\u0103 c\u00e2teva g\u00e2nduri ale unor colegi din echipa Solina Romania, despre povestea noastr\u0103 de succes:<\/p>\n\n\n\n<p>\u201dSuntem aici, suntem mai uni\u021bi, suntem o echip\u0103 puternic\u0103.\u201d<\/p>\n\n\n\n<p>\u201dAnul 2019 a fost incredibil\u2026a fost anul \u00een care \u00eengenunchia\u021bi, a trebuit s\u0103 ne ridic\u0103m repede.\u201d<\/p>\n\n\n\n<p>\u201d\u00cen 2019 am pierdut multe, dar nu ne-am pierdut identitatea \u0219i valorile, iar asta e s\u0103m\u00e2n\u021ba din care o s\u0103 rena\u0219tem.\u201d <\/p>\n\n\n\n<p>\u201dAm muncit, am re\u00eenv\u0103\u021bat s\u0103 lucr\u0103m \u00een echip\u0103 \u0219i absolut tot ce am f\u0103cut, am f\u0103cut cu drag pentru companie \u0219i pentru tot ceea ce ne dorim s\u0103 redevenim.\u201d <\/p>\n\n\n\n<p>\u201dAm avut un \u00eenceput de an dificil, dar cu toate acestea am reu\u0219it s\u0103 ne men\u021binem echipa \u0219i s\u0103 trecem peste provoc\u0103ri.\u201d<\/p>\n\n\n\n<p>\u201dAnul 2019 a \u00eensemnat cunoa\u0219tere, redescoperire, prietenie \u0219i, mai presus de toate, colegialitate.\u201d<\/p>\n\n\n\n<p>\u201dDin punct de vedere personal am avut un an incredibil \u0219i nea\u0219teptat, am traversat o perioad\u0103 foarte complicat\u0103\u2026M-am concentrat \u0219i m\u0103 concentrez \u00een continuare pe aspectele pozitive ale evenimentului care ne-a marcat evolu\u021bia.\u201d<\/p>\n\n\n\n<figure class=\"wp-block-image size-large\"><img loading=\"lazy\" decoding=\"async\" width=\"1280\" height=\"492\" src=\"https:\/\/urbeamea.ro\/albaiulia\/wp-content\/uploads\/2020\/02\/Solina-1-scaled-1280x492.jpg\" alt=\"\" class=\"wp-image-87398\" srcset=\"https:\/\/urbeamea.ro\/albaiulia\/wp-content\/uploads\/2020\/02\/Solina-1-scaled-1280x492.jpg 1280w, https:\/\/urbeamea.ro\/albaiulia\/wp-content\/uploads\/2020\/02\/Solina-1-scaled-640x246.jpg 640w, https:\/\/urbeamea.ro\/albaiulia\/wp-content\/uploads\/2020\/02\/Solina-1-scaled-150x58.jpg 150w, https:\/\/urbeamea.ro\/albaiulia\/wp-content\/uploads\/2020\/02\/Solina-1-768x295.jpg 768w, https:\/\/urbeamea.ro\/albaiulia\/wp-content\/uploads\/2020\/02\/Solina-1-scaled-1536x590.jpg 1536w, https:\/\/urbeamea.ro\/albaiulia\/wp-content\/uploads\/2020\/02\/Solina-1-scaled-2048x787.jpg 2048w\" sizes=\"auto, (max-width: 1280px) 100vw, 1280px\" \/><\/figure>\n\n\n\n<blockquote class=\"wp-block-quote is-layout-flow wp-block-quote-is-layout-flow\"><p>\u201dPentru mine oamenii au fost \u00een centrul aten\u021biei \u0219i m\u0103 bucur c\u0103 avem o echip\u0103 extraordinar\u0103 \u0219i c\u0103 am reu\u0219it s\u0103 r\u0103m\u00e2nem \u00eempreun\u0103 pentru a continua s\u0103 facem performan\u021b\u0103 \u0219i s\u0103 rescriem povestea Solina Romania \u00een cel mai frumos mod. Din punct de vedere profesional, am \u00eenv\u0103\u021bat c\u0103 un business se poate reconstrui aproape de la 0 atunci c\u00e2nd ai know-how-ul potrivit, \u00eencredere \u0219i voin\u021b\u0103 \u0219i bine\u00een\u021beles, dac\u0103 ai resursele necesare. C\u00e2nd spun resurse, m\u0103 refer inclusiv la echip\u0103, pentru a putea face lucrurile cel pu\u021bin la fel de bune precum au fost. Suntem \u00eencrez\u0103tori \u0219i o s\u0103 ne revedem \u00een 2021-2022 \u00eentr-o fabric\u0103 nou\u0103, cu o echip\u0103 la fel de motivat\u0103 cum o avem ast\u0103zi! \u201d \u2013 Ciprian Gr\u0103dinariu, Director General, Solina Eastern-Europe.<\/p><\/blockquote>\n\n\n\n<p><strong>Trecutul ne-a determinat s\u0103 fim mai puternici<\/strong><\/p>\n\n\n\n<p>Experien\u021ba Solina Romania r\u0103m\u00e2ne o lec\u021bie de business pentru \u00eentreaga industrie, pentru mediul de afaceri, dar \u0219i pentru comunitate, at\u00e2t \u00een plan na\u021bional, precum \u0219i interna\u021bional. <\/p>\n\n\n\n<p>\u00cen 2 Februarie 2019 fabrica de condimente \u0219i ingrediente alimentare Solina Romania, cea mai mare fabric\u0103 de acest tip din Sud-Estul Europei, a ars \u00een totalitate. <\/p>\n\n\n\n<p>La 4 zile dup\u0103 nefericitul eveniment, managementul companiei a anun\u021bat concretizarea \u00eenchirierii unui spa\u021biu de produc\u021bie \u0219i depozitare provizoriu, localizat \u00een Alba Iulia. <\/p>\n\n\n\n<p>Produc\u021bia a fost imediat transferat\u0103 \u00een alte loca\u021bii ale Grupului Solina \u0219i a revenit integral acas\u0103, \u00een Rom\u00e2nia, \u00een luna Iulie. De atunci, toate opera\u021biunile companiei noastre se desf\u0103\u0219oar\u0103 \u00een Rom\u00e2nia, to\u021bi angaja\u021bii deta\u0219a\u021bi \u00een str\u0103in\u0103tate revenind \u00een \u021bar\u0103. <\/p>\n\n\n\n<p>Echipa Solina Rom\u00e2nia a r\u0103mas intact\u0103 \u00een ciuda nefericitului eveniment, to\u021bi angaja\u021bii p\u0103str\u00e2ndu-\u0219i locurile de munc\u0103 \u0219i fiind remunera\u021bi integral.<br> De la bun \u00eenceput, echipa s-a concentrat pe respectarea angajamentelor fa\u021b\u0103 de partenerii de business (clien\u021bi, furnizori, institu\u021bii financiare) \u0219i comunitatea local\u0103 (institu\u021bii publice, autorit\u0103\u021bi), reconstruc\u021bia business-ului, dar mai ales pe calitatea produselor, indiferent de constr\u00e2ngerile \u0219i riscurile asociate transferului produc\u021biei \u00een alte site-uri.<\/p>\n\n\n\n<figure class=\"wp-block-image size-large\"><img loading=\"lazy\" decoding=\"async\" width=\"1280\" height=\"720\" src=\"https:\/\/urbeamea.ro\/albaiulia\/wp-content\/uploads\/2020\/02\/Solina-Romania-Privind-spre-viitor1-1280x720.jpg\" alt=\"\" class=\"wp-image-87399\" srcset=\"https:\/\/urbeamea.ro\/albaiulia\/wp-content\/uploads\/2020\/02\/Solina-Romania-Privind-spre-viitor1-1280x720.jpg 1280w, https:\/\/urbeamea.ro\/albaiulia\/wp-content\/uploads\/2020\/02\/Solina-Romania-Privind-spre-viitor1-640x360.jpg 640w, https:\/\/urbeamea.ro\/albaiulia\/wp-content\/uploads\/2020\/02\/Solina-Romania-Privind-spre-viitor1-150x84.jpg 150w, https:\/\/urbeamea.ro\/albaiulia\/wp-content\/uploads\/2020\/02\/Solina-Romania-Privind-spre-viitor1-768x432.jpg 768w, https:\/\/urbeamea.ro\/albaiulia\/wp-content\/uploads\/2020\/02\/Solina-Romania-Privind-spre-viitor1.jpg 1500w\" sizes=\"auto, (max-width: 1280px) 100vw, 1280px\" \/><\/figure>\n\n\n\n<blockquote class=\"wp-block-quote is-layout-flow wp-block-quote-is-layout-flow\"><p>\u201cMobilizarea de care a\u021bi dat dovad\u0103 \u00een urma incendiului care a distrus fabrica din Alba Iulia a fost exemplar\u0103. Cu toate c\u0103, la \u00eenceput, s-au \u00eenregistrat mici \u00eent\u00e2rzieri \u00een livrarea anumitor comenzi, rela\u021bia comercial\u0103 dintre companiile noastre nu au avut de suferit.\u201d \u2013 Scandia Food <\/p><\/blockquote>\n\n\n\n<blockquote class=\"wp-block-quote is-layout-flow wp-block-quote-is-layout-flow\"><p>\u201d\u00cen toat\u0103 aceast\u0103 perioad\u0103 grea \u0219i provocatoare, Solina a reu\u0219it s\u0103 dovedeasc\u0103 c\u0103 echipa format\u0103 din oameni reprezint\u0103 cel mai important asset al unei companii \u0219i factorul principal care a determinat revenirea \u00een for\u021b\u0103 pe pia\u021ba pe care s-a consacrat. Modul \u00een care Solina a gestionat acest eveniment \u0219i rapiditatea de care au dat dovad\u0103 \u00een a reporni businessul \u0219i a r\u0103m\u00e2ne un partener de n\u0103dejde, ne confer\u0103 \u00een continuare toat\u0103 \u00eencrederea c\u0103 al\u0103turi de partenerul Solina putem cre\u0219te s\u0103n\u0103tos \u0219i sustenabil pe termen lung.\u201d \u2013 Radu Timis Jr., Director General Cristim Group<\/p><\/blockquote>\n\n\n\n<p>Echipa Solina Romania, a \u00een\u021beles ca poate conta pe partenerii s\u0103i, care ne-au sus\u021binut necondi\u021bionat pe parcursul acestui an extraordinar, le mul\u021bumim tuturor \u0219i-i asigur\u0103m de respectul, recunoa\u0219terea noastr\u0103, precum \u0219i de implicare proactiv\u0103 \u00een dezvolt\u0103rile viitoare. <\/p>\n","protected":false},"excerpt":{"rendered":"<p>La un an de la incendiul devastator care a distrus cea mai mare fabric\u0103 de condimente \u0219i ingrediente alimentare din Sud-Estul Europei, reprezentan\u021bii Solina Romania anun\u021b\u0103 finalizarea conceptului noii fabrici, ob\u021binerea certificatului de urbanism pentru construc\u021bia acesteia \u0219i demararea lucr\u0103rilor \u00een prim\u0103vara acestui an. Board-ul grupului Solina a aprobat bugetul de investi\u021bii pentru construc\u021bia fabricii. &hellip;<\/p>\n","protected":false},"author":17,"featured_media":87400,"comment_status":"open","ping_status":"open","sticky":false,"template":"","format":"standard","meta":{"inline_featured_image":false,"footnotes":""},"categories":[1],"tags":[19693,19694,19692],"class_list":["post-87397","post","type-post","status-publish","format-standard","has-post-thumbnail","hentry","category-stiri-urbane","tag-fabrica-de-condimente-si-ingrediente-alimentare","tag-finalizarea-conceptului-noii-fabrici","tag-solina-romania"],"yoast_head":"<!-- This site is optimized with the Yoast SEO plugin v27.4 - https:\/\/yoast.com\/product\/yoast-seo-wordpress\/ -->\n<title>La un an de la incendiu, Solina Romania face marele anun\u021b - Revista Urbea Mea - Revista de Alba<\/title>\n<meta name=\"description\" content=\"La un an de la incendiul devastator care a distrus cea mai mare fabric\u0103 de condimente \u0219i ingrediente alimentare din Sud-Estul Europei, reprezentan\u021bii\" \/>\n<meta name=\"robots\" content=\"index, follow, max-snippet:-1, max-image-preview:large, max-video-preview:-1\" \/>\n<link rel=\"canonical\" href=\"https:\/\/urbeamea.ro\/albaiulia\/la-un-an-de-la-incendiu-solina-romania-face-marele-anunt\/\" \/>\n<meta name=\"twitter:card\" content=\"summary_large_image\" \/>\n<meta name=\"twitter:title\" content=\"La un an de la incendiu, Solina Romania face marele anun\u021b - Revista Urbea Mea - Revista de Alba\" \/>\n<meta name=\"twitter:description\" content=\"La un an de la incendiul devastator care a distrus cea mai mare fabric\u0103 de condimente \u0219i ingrediente alimentare din Sud-Estul Europei, reprezentan\u021bii\" \/>\n<meta name=\"twitter:image\" content=\"https:\/\/urbeamea.ro\/albaiulia\/wp-content\/uploads\/2020\/02\/Solina-Romania-Privind-spre-viitor2.jpg\" \/>\n<meta name=\"twitter:creator\" content=\"@urbeameaweb\" \/>\n<meta name=\"twitter:site\" content=\"@urbeameaweb\" \/>\n<script type=\"application\/ld+json\" class=\"yoast-schema-graph\">{\"@context\":\"https:\\\/\\\/schema.org\",\"@graph\":[{\"@type\":\"Article\",\"@id\":\"https:\\\/\\\/urbeamea.ro\\\/albaiulia\\\/la-un-an-de-la-incendiu-solina-romania-face-marele-anunt\\\/#article\",\"isPartOf\":{\"@id\":\"https:\\\/\\\/urbeamea.ro\\\/albaiulia\\\/la-un-an-de-la-incendiu-solina-romania-face-marele-anunt\\\/\"},\"author\":{\"name\":\"Cristina Ganga\",\"@id\":\"https:\\\/\\\/urbeamea.ro\\\/albaiulia\\\/#\\\/schema\\\/person\\\/9700d21fae21c4f038b0b56f4506264a\"},\"headline\":\"La un an de la incendiu, Solina Romania face marele anun\u021b\",\"datePublished\":\"2020-02-02T09:37:25+00:00\",\"dateModified\":\"2020-02-02T09:37:27+00:00\",\"mainEntityOfPage\":{\"@id\":\"https:\\\/\\\/urbeamea.ro\\\/albaiulia\\\/la-un-an-de-la-incendiu-solina-romania-face-marele-anunt\\\/\"},\"wordCount\":1085,\"commentCount\":0,\"image\":{\"@id\":\"https:\\\/\\\/urbeamea.ro\\\/albaiulia\\\/la-un-an-de-la-incendiu-solina-romania-face-marele-anunt\\\/#primaryimage\"},\"thumbnailUrl\":\"https:\\\/\\\/urbeamea.ro\\\/albaiulia\\\/wp-content\\\/uploads\\\/2020\\\/02\\\/Solina-Romania-Privind-spre-viitor2.jpg\",\"keywords\":[\"fabrica de condimente si ingrediente alimentare\",\"finalizarea conceptului noii fabrici\",\"solina romania\"],\"articleSection\":[\"\u015etiri Urbane\"],\"inLanguage\":\"ro-RO\",\"potentialAction\":[{\"@type\":\"CommentAction\",\"name\":\"Comment\",\"target\":[\"https:\\\/\\\/urbeamea.ro\\\/albaiulia\\\/la-un-an-de-la-incendiu-solina-romania-face-marele-anunt\\\/#respond\"]}]},{\"@type\":\"WebPage\",\"@id\":\"https:\\\/\\\/urbeamea.ro\\\/albaiulia\\\/la-un-an-de-la-incendiu-solina-romania-face-marele-anunt\\\/\",\"url\":\"https:\\\/\\\/urbeamea.ro\\\/albaiulia\\\/la-un-an-de-la-incendiu-solina-romania-face-marele-anunt\\\/\",\"name\":\"La un an de la incendiu, Solina Romania face marele anun\u021b - Revista Urbea Mea - Revista de Alba\",\"isPartOf\":{\"@id\":\"https:\\\/\\\/urbeamea.ro\\\/albaiulia\\\/#website\"},\"primaryImageOfPage\":{\"@id\":\"https:\\\/\\\/urbeamea.ro\\\/albaiulia\\\/la-un-an-de-la-incendiu-solina-romania-face-marele-anunt\\\/#primaryimage\"},\"image\":{\"@id\":\"https:\\\/\\\/urbeamea.ro\\\/albaiulia\\\/la-un-an-de-la-incendiu-solina-romania-face-marele-anunt\\\/#primaryimage\"},\"thumbnailUrl\":\"https:\\\/\\\/urbeamea.ro\\\/albaiulia\\\/wp-content\\\/uploads\\\/2020\\\/02\\\/Solina-Romania-Privind-spre-viitor2.jpg\",\"datePublished\":\"2020-02-02T09:37:25+00:00\",\"dateModified\":\"2020-02-02T09:37:27+00:00\",\"author\":{\"@id\":\"https:\\\/\\\/urbeamea.ro\\\/albaiulia\\\/#\\\/schema\\\/person\\\/9700d21fae21c4f038b0b56f4506264a\"},\"description\":\"La un an de la incendiul devastator care a distrus cea mai mare fabric\u0103 de condimente \u0219i ingrediente alimentare din Sud-Estul Europei, reprezentan\u021bii\",\"breadcrumb\":{\"@id\":\"https:\\\/\\\/urbeamea.ro\\\/albaiulia\\\/la-un-an-de-la-incendiu-solina-romania-face-marele-anunt\\\/#breadcrumb\"},\"inLanguage\":\"ro-RO\",\"potentialAction\":[{\"@type\":\"ReadAction\",\"target\":[\"https:\\\/\\\/urbeamea.ro\\\/albaiulia\\\/la-un-an-de-la-incendiu-solina-romania-face-marele-anunt\\\/\"]}]},{\"@type\":\"ImageObject\",\"inLanguage\":\"ro-RO\",\"@id\":\"https:\\\/\\\/urbeamea.ro\\\/albaiulia\\\/la-un-an-de-la-incendiu-solina-romania-face-marele-anunt\\\/#primaryimage\",\"url\":\"https:\\\/\\\/urbeamea.ro\\\/albaiulia\\\/wp-content\\\/uploads\\\/2020\\\/02\\\/Solina-Romania-Privind-spre-viitor2.jpg\",\"contentUrl\":\"https:\\\/\\\/urbeamea.ro\\\/albaiulia\\\/wp-content\\\/uploads\\\/2020\\\/02\\\/Solina-Romania-Privind-spre-viitor2.jpg\",\"width\":1500,\"height\":844},{\"@type\":\"BreadcrumbList\",\"@id\":\"https:\\\/\\\/urbeamea.ro\\\/albaiulia\\\/la-un-an-de-la-incendiu-solina-romania-face-marele-anunt\\\/#breadcrumb\",\"itemListElement\":[{\"@type\":\"ListItem\",\"position\":1,\"name\":\"Prima pagin\u0103\",\"item\":\"https:\\\/\\\/urbeamea.ro\\\/albaiulia\\\/\"},{\"@type\":\"ListItem\",\"position\":2,\"name\":\"La un an de la incendiu, Solina Romania face marele anun\u021b\"}]},{\"@type\":\"WebSite\",\"@id\":\"https:\\\/\\\/urbeamea.ro\\\/albaiulia\\\/#website\",\"url\":\"https:\\\/\\\/urbeamea.ro\\\/albaiulia\\\/\",\"name\":\"Revista Urbea Mea, Stiri urbane\",\"description\":\"Evenimente \u0219i \u0219tiri din Alba Iulia, Sebe\u0219, Aiud, Blaj\",\"potentialAction\":[{\"@type\":\"SearchAction\",\"target\":{\"@type\":\"EntryPoint\",\"urlTemplate\":\"https:\\\/\\\/urbeamea.ro\\\/albaiulia\\\/?s={search_term_string}\"},\"query-input\":{\"@type\":\"PropertyValueSpecification\",\"valueRequired\":true,\"valueName\":\"search_term_string\"}}],\"inLanguage\":\"ro-RO\"},{\"@type\":\"Person\",\"@id\":\"https:\\\/\\\/urbeamea.ro\\\/albaiulia\\\/#\\\/schema\\\/person\\\/9700d21fae21c4f038b0b56f4506264a\",\"name\":\"Cristina Ganga\",\"image\":{\"@type\":\"ImageObject\",\"inLanguage\":\"ro-RO\",\"@id\":\"https:\\\/\\\/secure.gravatar.com\\\/avatar\\\/5a67661041f057b4a8ccaf26f5a8e86e2689372006d01faf3dd9eeb10b654bb4?s=96&d=mm&r=g\",\"url\":\"https:\\\/\\\/secure.gravatar.com\\\/avatar\\\/5a67661041f057b4a8ccaf26f5a8e86e2689372006d01faf3dd9eeb10b654bb4?s=96&d=mm&r=g\",\"contentUrl\":\"https:\\\/\\\/secure.gravatar.com\\\/avatar\\\/5a67661041f057b4a8ccaf26f5a8e86e2689372006d01faf3dd9eeb10b654bb4?s=96&d=mm&r=g\",\"caption\":\"Cristina Ganga\"},\"description\":\"Jurnalist\",\"sameAs\":[\"https:\\\/\\\/www.facebook.com\\\/cristina.nicola.587\"],\"url\":\"https:\\\/\\\/urbeamea.ro\\\/albaiulia\\\/author\\\/cristina-nicola\\\/\"}]}<\/script>\n<!-- \/ Yoast SEO plugin. -->","yoast_head_json":{"title":"La un an de la incendiu, Solina Romania face marele anun\u021b - Revista Urbea Mea - Revista de Alba","description":"La un an de la incendiul devastator care a distrus cea mai mare fabric\u0103 de condimente \u0219i ingrediente alimentare din Sud-Estul Europei, reprezentan\u021bii","robots":{"index":"index","follow":"follow","max-snippet":"max-snippet:-1","max-image-preview":"max-image-preview:large","max-video-preview":"max-video-preview:-1"},"canonical":"https:\/\/urbeamea.ro\/albaiulia\/la-un-an-de-la-incendiu-solina-romania-face-marele-anunt\/","twitter_card":"summary_large_image","twitter_title":"La un an de la incendiu, Solina Romania face marele anun\u021b - Revista Urbea Mea - Revista de Alba","twitter_description":"La un an de la incendiul devastator care a distrus cea mai mare fabric\u0103 de condimente \u0219i ingrediente alimentare din Sud-Estul Europei, reprezentan\u021bii","twitter_image":"https:\/\/urbeamea.ro\/albaiulia\/wp-content\/uploads\/2020\/02\/Solina-Romania-Privind-spre-viitor2.jpg","twitter_creator":"@urbeameaweb","twitter_site":"@urbeameaweb","schema":{"@context":"https:\/\/schema.org","@graph":[{"@type":"Article","@id":"https:\/\/urbeamea.ro\/albaiulia\/la-un-an-de-la-incendiu-solina-romania-face-marele-anunt\/#article","isPartOf":{"@id":"https:\/\/urbeamea.ro\/albaiulia\/la-un-an-de-la-incendiu-solina-romania-face-marele-anunt\/"},"author":{"name":"Cristina Ganga","@id":"https:\/\/urbeamea.ro\/albaiulia\/#\/schema\/person\/9700d21fae21c4f038b0b56f4506264a"},"headline":"La un an de la incendiu, Solina Romania face marele anun\u021b","datePublished":"2020-02-02T09:37:25+00:00","dateModified":"2020-02-02T09:37:27+00:00","mainEntityOfPage":{"@id":"https:\/\/urbeamea.ro\/albaiulia\/la-un-an-de-la-incendiu-solina-romania-face-marele-anunt\/"},"wordCount":1085,"commentCount":0,"image":{"@id":"https:\/\/urbeamea.ro\/albaiulia\/la-un-an-de-la-incendiu-solina-romania-face-marele-anunt\/#primaryimage"},"thumbnailUrl":"https:\/\/urbeamea.ro\/albaiulia\/wp-content\/uploads\/2020\/02\/Solina-Romania-Privind-spre-viitor2.jpg","keywords":["fabrica de condimente si ingrediente alimentare","finalizarea conceptului noii fabrici","solina romania"],"articleSection":["\u015etiri Urbane"],"inLanguage":"ro-RO","potentialAction":[{"@type":"CommentAction","name":"Comment","target":["https:\/\/urbeamea.ro\/albaiulia\/la-un-an-de-la-incendiu-solina-romania-face-marele-anunt\/#respond"]}]},{"@type":"WebPage","@id":"https:\/\/urbeamea.ro\/albaiulia\/la-un-an-de-la-incendiu-solina-romania-face-marele-anunt\/","url":"https:\/\/urbeamea.ro\/albaiulia\/la-un-an-de-la-incendiu-solina-romania-face-marele-anunt\/","name":"La un an de la incendiu, Solina Romania face marele anun\u021b - Revista Urbea Mea - Revista de Alba","isPartOf":{"@id":"https:\/\/urbeamea.ro\/albaiulia\/#website"},"primaryImageOfPage":{"@id":"https:\/\/urbeamea.ro\/albaiulia\/la-un-an-de-la-incendiu-solina-romania-face-marele-anunt\/#primaryimage"},"image":{"@id":"https:\/\/urbeamea.ro\/albaiulia\/la-un-an-de-la-incendiu-solina-romania-face-marele-anunt\/#primaryimage"},"thumbnailUrl":"https:\/\/urbeamea.ro\/albaiulia\/wp-content\/uploads\/2020\/02\/Solina-Romania-Privind-spre-viitor2.jpg","datePublished":"2020-02-02T09:37:25+00:00","dateModified":"2020-02-02T09:37:27+00:00","author":{"@id":"https:\/\/urbeamea.ro\/albaiulia\/#\/schema\/person\/9700d21fae21c4f038b0b56f4506264a"},"description":"La un an de la incendiul devastator care a distrus cea mai mare fabric\u0103 de condimente \u0219i ingrediente alimentare din Sud-Estul Europei, reprezentan\u021bii","breadcrumb":{"@id":"https:\/\/urbeamea.ro\/albaiulia\/la-un-an-de-la-incendiu-solina-romania-face-marele-anunt\/#breadcrumb"},"inLanguage":"ro-RO","potentialAction":[{"@type":"ReadAction","target":["https:\/\/urbeamea.ro\/albaiulia\/la-un-an-de-la-incendiu-solina-romania-face-marele-anunt\/"]}]},{"@type":"ImageObject","inLanguage":"ro-RO","@id":"https:\/\/urbeamea.ro\/albaiulia\/la-un-an-de-la-incendiu-solina-romania-face-marele-anunt\/#primaryimage","url":"https:\/\/urbeamea.ro\/albaiulia\/wp-content\/uploads\/2020\/02\/Solina-Romania-Privind-spre-viitor2.jpg","contentUrl":"https:\/\/urbeamea.ro\/albaiulia\/wp-content\/uploads\/2020\/02\/Solina-Romania-Privind-spre-viitor2.jpg","width":1500,"height":844},{"@type":"BreadcrumbList","@id":"https:\/\/urbeamea.ro\/albaiulia\/la-un-an-de-la-incendiu-solina-romania-face-marele-anunt\/#breadcrumb","itemListElement":[{"@type":"ListItem","position":1,"name":"Prima pagin\u0103","item":"https:\/\/urbeamea.ro\/albaiulia\/"},{"@type":"ListItem","position":2,"name":"La un an de la incendiu, Solina Romania face marele anun\u021b"}]},{"@type":"WebSite","@id":"https:\/\/urbeamea.ro\/albaiulia\/#website","url":"https:\/\/urbeamea.ro\/albaiulia\/","name":"Revista Urbea Mea, Stiri urbane","description":"Evenimente \u0219i \u0219tiri din Alba Iulia, Sebe\u0219, Aiud, Blaj","potentialAction":[{"@type":"SearchAction","target":{"@type":"EntryPoint","urlTemplate":"https:\/\/urbeamea.ro\/albaiulia\/?s={search_term_string}"},"query-input":{"@type":"PropertyValueSpecification","valueRequired":true,"valueName":"search_term_string"}}],"inLanguage":"ro-RO"},{"@type":"Person","@id":"https:\/\/urbeamea.ro\/albaiulia\/#\/schema\/person\/9700d21fae21c4f038b0b56f4506264a","name":"Cristina Ganga","image":{"@type":"ImageObject","inLanguage":"ro-RO","@id":"https:\/\/secure.gravatar.com\/avatar\/5a67661041f057b4a8ccaf26f5a8e86e2689372006d01faf3dd9eeb10b654bb4?s=96&d=mm&r=g","url":"https:\/\/secure.gravatar.com\/avatar\/5a67661041f057b4a8ccaf26f5a8e86e2689372006d01faf3dd9eeb10b654bb4?s=96&d=mm&r=g","contentUrl":"https:\/\/secure.gravatar.com\/avatar\/5a67661041f057b4a8ccaf26f5a8e86e2689372006d01faf3dd9eeb10b654bb4?s=96&d=mm&r=g","caption":"Cristina Ganga"},"description":"Jurnalist","sameAs":["https:\/\/www.facebook.com\/cristina.nicola.587"],"url":"https:\/\/urbeamea.ro\/albaiulia\/author\/cristina-nicola\/"}]}},"_links":{"self":[{"href":"https:\/\/urbeamea.ro\/albaiulia\/wp-json\/wp\/v2\/posts\/87397","targetHints":{"allow":["GET"]}}],"collection":[{"href":"https:\/\/urbeamea.ro\/albaiulia\/wp-json\/wp\/v2\/posts"}],"about":[{"href":"https:\/\/urbeamea.ro\/albaiulia\/wp-json\/wp\/v2\/types\/post"}],"author":[{"embeddable":true,"href":"https:\/\/urbeamea.ro\/albaiulia\/wp-json\/wp\/v2\/users\/17"}],"replies":[{"embeddable":true,"href":"https:\/\/urbeamea.ro\/albaiulia\/wp-json\/wp\/v2\/comments?post=87397"}],"version-history":[{"count":0,"href":"https:\/\/urbeamea.ro\/albaiulia\/wp-json\/wp\/v2\/posts\/87397\/revisions"}],"wp:featuredmedia":[{"embeddable":true,"href":"https:\/\/urbeamea.ro\/albaiulia\/wp-json\/wp\/v2\/media\/87400"}],"wp:attachment":[{"href":"https:\/\/urbeamea.ro\/albaiulia\/wp-json\/wp\/v2\/media?parent=87397"}],"wp:term":[{"taxonomy":"category","embeddable":true,"href":"https:\/\/urbeamea.ro\/albaiulia\/wp-json\/wp\/v2\/categories?post=87397"},{"taxonomy":"post_tag","embeddable":true,"href":"https:\/\/urbeamea.ro\/albaiulia\/wp-json\/wp\/v2\/tags?post=87397"}],"curies":[{"name":"wp","href":"https:\/\/api.w.org\/{rel}","templated":true}]}}