{"id":87435,"date":"2020-02-04T18:35:01","date_gmt":"2020-02-04T16:35:01","guid":{"rendered":"https:\/\/urbeamea.ro\/albaiulia\/?p=87435"},"modified":"2020-02-04T18:35:04","modified_gmt":"2020-02-04T16:35:04","slug":"biblioteca-judeteana-lucian-blaga-alba-anunta-lansarea-unui-nou-proiect-copil-bogat-copil-sarac","status":"publish","type":"post","link":"https:\/\/urbeamea.ro\/albaiulia\/biblioteca-judeteana-lucian-blaga-alba-anunta-lansarea-unui-nou-proiect-copil-bogat-copil-sarac\/","title":{"rendered":"Biblioteca Jude\u021bean\u0103 \u201eLucian Blaga\u201d Alba anun\u021b\u0103 lansarea unui nou proiect &#8211; Copil bogat, copil s\u0103rac"},"content":{"rendered":"\n<h4 class=\"wp-block-heading\">Consiliul Jude\u021bean Alba \u0219i Biblioteca Jude\u021bean\u0103 \u201eLucian Blaga\u201d Alba\nanun\u021b\u0103 lansarea unui nou proiect din pachetul de oferte cu care biblioteca vine\n\u00een acest an \u00een fa\u021ba beneficiarilor s\u0103i &#8211; proiectul de educa\u021bie financiar\u0103 <strong><em>1.24 Copil bogat, copil s\u0103rac.<\/em><\/strong><\/h4>\n\n\n\n<p>A\u0219a cum reiese din titlu, grupul \u021bint\u0103 al acestui nou proiect \u00eel\nreprezint\u0103 copiii dar sunt bineveni\u021bi \u0219i p\u0103rin\u021bii sau bunicii \u0219i toate persoanele\ninteresate. De-a lungul activit\u0103\u021bilor ce se vor derula la bibliotec\u0103 cei\nprezen\u021bi vor avea prilejul s\u0103 \u00eenve\u021be <strong><em>cum\ns\u0103-\u0219i gestioneze bugetul<\/em><\/strong>, care sunt <strong><em>priorit\u0103\u021bile \u00een cheltuirea banilor<\/em><\/strong>, care sunt <strong><em>metodele de a economisi bani<\/em><\/strong> pentru\na-\u0219i realiza un vis, <strong><em>importan\u021ba\nechilibrului financiar \u00een societate<\/em><\/strong>, etc. <\/p>\n\n\n\n<p>Pentru ca activit\u0103\u021bile de informare \u0219i \u00eenv\u0103\u021bare s\u0103 fie c\u00e2t mai atractive\nacestea vor fi \u00eenso\u021bite de vizion\u0103ri de filme, r\u0103sfoirea unor c\u0103r\u021bi cu pove\u021be\n\u0219i pove\u0219ti financiare atractive, colorarea de plan\u0219e cu desene tematice sau\nchiar realizarea acestor desene. Proiectul va avea un caracter dinamic \u0219i\nflexibil, \u00een func\u021bie de cerin\u021bele \u0219i nevoile participan\u021bilor \u0219i \u00een func\u021bie de\ninteresul lor pentru domeniul financiar iar activit\u0103\u021bile vor fi \u00eempletite cu\njocuri, c\u00e2ntecele \u0219i momente de lectur\u0103. Activitatea pilot a acestui proiect\nare tema cu titlul <strong><em>ABC-ul Leului<\/em><\/strong> \u0219i va avea loc <strong><em>joi, 6 februarie\n2020<\/em><\/strong> \u00eencep\u00e2nd cu ora <strong><em>10:00<\/em><\/strong>\nla <strong><em>Biblioteca Jude\u021bean\u0103 \u201eLucian Blaga\u201d\nAlba<\/em><\/strong>.<\/p>\n\n\n\n<blockquote class=\"wp-block-quote is-layout-flow wp-block-quote-is-layout-flow\"><p>\u201eTo\u021bi copiii sunt boga\u021bi, cel pu\u021bin din perspectiva darului vie\u021bii! Tr\u0103im \u00eens\u0103 cu to\u021bii \u00eentr-o societate extrem de complex\u0103 unde educa\u021bia \u0219i infomarea corect\u0103 trebuie s\u0103 fie pe primul loc \u00een drumul copiilor spre via\u021ba adult\u0103. \u00cens\u0103 \u0219i ca adult ai nevoie de informare \u0219i formare continu\u0103 pentru a face fa\u021b\u0103 \u00een mod optim prezentului \u0219i provoc\u0103rilor acestuia. \u00cen principal depinde de noi, adul\u021bii, cum reu\u0219im s\u0103-i educ\u0103m pe cei mici pentru a-i preg\u0103ti optim pentru viitor, pentru a face fa\u021b\u0103 provoc\u0103rilor, pentru a creea o societate mai bun\u0103. Biblioteca constituie, organizeaz\u0103, prelucreaz\u0103, dezvolt\u0103 \u0219i conserv\u0103 colec\u021bii de c\u0103r\u021bi \u00een scop de informare, cercetare, educa\u021bie sau recreere prin ini\u021bierea, organizarea \u0219i desf\u0103\u0219urarea de programe \u0219i proiecte culturale. Acest proiect cultural de educa\u021bie financiar\u0103, intitulat simbolic <strong>Copil bogat, copil s\u0103rac<\/strong> &#8211; av\u00e2nd ca titlu de inspira\u021bie celebra carte <strong>Tat\u0103 bogat, tat\u0103 s\u0103rac<\/strong> a autorului Robert T. Kiyosaki, vine \u00een sprijinul dezvolt\u0103rii abilit\u0103\u021bilor antreprenoriale \u00een principal la copii \u0219i \u00een scopul promov\u0103rii colec\u021biilor de carte din zona economic\u0103, dar nu numai, de\u021binute de bibliotec\u0103 \u0219i a form\u0103rii abilit\u0103\u021bilor de \u00eenv\u0103\u021bare prin studiu \u0219i analiz\u0103 a celor studiate, \u00een prezen\u021ba unui coordonator de specialitate. Tema lunii februarie este <strong>ABC-ul Leului <\/strong>iar activitatea este coordonat\u0103 de consultantul financiar Claudiu Simedru. Proiectul este \u00een faza de proiect pilot urm\u00e2nd s\u0103 se desf\u0103\u0219oare pe durata \u00eentregului an. \u00cen speran\u021ba c\u0103 v-am suscitat interesul v\u0103 a\u0219tept\u0103m cu drag la bibliotec\u0103!\u201d, afirm\u0103 Silvan St\u00e2ncel, managerul Bibliotecii Jude\u021bene \u201eLucian Blaga\u201d Alba.<\/p><\/blockquote>\n\n\n\n<p>Proiectul face parte din programul 1 USERS, parte component\u0103 a\nProiectului managerial pentru perioada 2017 &#8211; 2020.<\/p>\n","protected":false},"excerpt":{"rendered":"<p>Consiliul Jude\u021bean Alba \u0219i Biblioteca Jude\u021bean\u0103 \u201eLucian Blaga\u201d Alba anun\u021b\u0103 lansarea unui nou proiect din pachetul de oferte cu care biblioteca vine \u00een acest an \u00een fa\u021ba beneficiarilor s\u0103i &#8211; proiectul de educa\u021bie financiar\u0103 1.24 Copil bogat, copil s\u0103rac. A\u0219a cum reiese din titlu, grupul \u021bint\u0103 al acestui nou proiect \u00eel reprezint\u0103 copiii dar sunt &hellip;<\/p>\n","protected":false},"author":17,"featured_media":87436,"comment_status":"open","ping_status":"open","sticky":false,"template":"","format":"standard","meta":{"inline_featured_image":false,"footnotes":""},"categories":[2038],"tags":[2113,19718,19719,19717],"class_list":["post-87435","post","type-post","status-publish","format-standard","has-post-thumbnail","hentry","category-cultura","tag-biblioteca-judeteana-lucian-blaga-alba","tag-copil-bogat-copila-sarac","tag-educatie-financiara","tag-nou-proiect"],"yoast_head":"<!-- This site is optimized with the Yoast SEO plugin v27.4 - https:\/\/yoast.com\/product\/yoast-seo-wordpress\/ -->\n<title>Biblioteca Jude\u021bean\u0103 \u201eLucian Blaga\u201d Alba anun\u021b\u0103 lansarea unui nou proiect - Copil bogat, copil s\u0103rac - Revista Urbea Mea - Revista de Alba<\/title>\n<meta name=\"description\" content=\"Consiliul Jude\u021bean Alba \u0219i Biblioteca Jude\u021bean\u0103 \u201eLucian Blaga\u201d Alba anun\u021b\u0103 lansarea unui nou proiect din pachetul de oferte cu care biblioteca vine \u00een\" \/>\n<meta name=\"robots\" content=\"index, follow, max-snippet:-1, max-image-preview:large, max-video-preview:-1\" \/>\n<link rel=\"canonical\" href=\"https:\/\/urbeamea.ro\/albaiulia\/biblioteca-judeteana-lucian-blaga-alba-anunta-lansarea-unui-nou-proiect-copil-bogat-copil-sarac\/\" \/>\n<meta name=\"twitter:card\" content=\"summary_large_image\" \/>\n<meta name=\"twitter:title\" content=\"Biblioteca Jude\u021bean\u0103 \u201eLucian Blaga\u201d Alba anun\u021b\u0103 lansarea unui nou proiect - Copil bogat, copil s\u0103rac - Revista Urbea Mea - Revista de Alba\" \/>\n<meta name=\"twitter:description\" content=\"Consiliul Jude\u021bean Alba \u0219i Biblioteca Jude\u021bean\u0103 \u201eLucian Blaga\u201d Alba anun\u021b\u0103 lansarea unui nou proiect din pachetul de oferte cu care biblioteca vine \u00een\" \/>\n<meta name=\"twitter:image\" content=\"https:\/\/urbeamea.ro\/albaiulia\/wp-content\/uploads\/2020\/02\/Copii-bogati-si-saraci.jpg\" \/>\n<meta name=\"twitter:creator\" content=\"@urbeameaweb\" \/>\n<meta name=\"twitter:site\" content=\"@urbeameaweb\" \/>\n<script type=\"application\/ld+json\" class=\"yoast-schema-graph\">{\"@context\":\"https:\\\/\\\/schema.org\",\"@graph\":[{\"@type\":\"Article\",\"@id\":\"https:\\\/\\\/urbeamea.ro\\\/albaiulia\\\/biblioteca-judeteana-lucian-blaga-alba-anunta-lansarea-unui-nou-proiect-copil-bogat-copil-sarac\\\/#article\",\"isPartOf\":{\"@id\":\"https:\\\/\\\/urbeamea.ro\\\/albaiulia\\\/biblioteca-judeteana-lucian-blaga-alba-anunta-lansarea-unui-nou-proiect-copil-bogat-copil-sarac\\\/\"},\"author\":{\"name\":\"Cristina Ganga\",\"@id\":\"https:\\\/\\\/urbeamea.ro\\\/albaiulia\\\/#\\\/schema\\\/person\\\/9700d21fae21c4f038b0b56f4506264a\"},\"headline\":\"Biblioteca Jude\u021bean\u0103 \u201eLucian Blaga\u201d Alba anun\u021b\u0103 lansarea unui nou proiect &#8211; Copil bogat, copil s\u0103rac\",\"datePublished\":\"2020-02-04T16:35:01+00:00\",\"dateModified\":\"2020-02-04T16:35:04+00:00\",\"mainEntityOfPage\":{\"@id\":\"https:\\\/\\\/urbeamea.ro\\\/albaiulia\\\/biblioteca-judeteana-lucian-blaga-alba-anunta-lansarea-unui-nou-proiect-copil-bogat-copil-sarac\\\/\"},\"wordCount\":561,\"commentCount\":0,\"image\":{\"@id\":\"https:\\\/\\\/urbeamea.ro\\\/albaiulia\\\/biblioteca-judeteana-lucian-blaga-alba-anunta-lansarea-unui-nou-proiect-copil-bogat-copil-sarac\\\/#primaryimage\"},\"thumbnailUrl\":\"https:\\\/\\\/urbeamea.ro\\\/albaiulia\\\/wp-content\\\/uploads\\\/2020\\\/02\\\/Copii-bogati-si-saraci.jpg\",\"keywords\":[\"Biblioteca Jude\u0163ean\u0103 \u201cLucian Blaga\u201d Alba\",\"copil bogat copila sarac\",\"educatie financiara\",\"nou proiect\"],\"articleSection\":[\"Cultur\u0103\"],\"inLanguage\":\"ro-RO\",\"potentialAction\":[{\"@type\":\"CommentAction\",\"name\":\"Comment\",\"target\":[\"https:\\\/\\\/urbeamea.ro\\\/albaiulia\\\/biblioteca-judeteana-lucian-blaga-alba-anunta-lansarea-unui-nou-proiect-copil-bogat-copil-sarac\\\/#respond\"]}]},{\"@type\":\"WebPage\",\"@id\":\"https:\\\/\\\/urbeamea.ro\\\/albaiulia\\\/biblioteca-judeteana-lucian-blaga-alba-anunta-lansarea-unui-nou-proiect-copil-bogat-copil-sarac\\\/\",\"url\":\"https:\\\/\\\/urbeamea.ro\\\/albaiulia\\\/biblioteca-judeteana-lucian-blaga-alba-anunta-lansarea-unui-nou-proiect-copil-bogat-copil-sarac\\\/\",\"name\":\"Biblioteca Jude\u021bean\u0103 \u201eLucian Blaga\u201d Alba anun\u021b\u0103 lansarea unui nou proiect - Copil bogat, copil s\u0103rac - Revista Urbea Mea - Revista de Alba\",\"isPartOf\":{\"@id\":\"https:\\\/\\\/urbeamea.ro\\\/albaiulia\\\/#website\"},\"primaryImageOfPage\":{\"@id\":\"https:\\\/\\\/urbeamea.ro\\\/albaiulia\\\/biblioteca-judeteana-lucian-blaga-alba-anunta-lansarea-unui-nou-proiect-copil-bogat-copil-sarac\\\/#primaryimage\"},\"image\":{\"@id\":\"https:\\\/\\\/urbeamea.ro\\\/albaiulia\\\/biblioteca-judeteana-lucian-blaga-alba-anunta-lansarea-unui-nou-proiect-copil-bogat-copil-sarac\\\/#primaryimage\"},\"thumbnailUrl\":\"https:\\\/\\\/urbeamea.ro\\\/albaiulia\\\/wp-content\\\/uploads\\\/2020\\\/02\\\/Copii-bogati-si-saraci.jpg\",\"datePublished\":\"2020-02-04T16:35:01+00:00\",\"dateModified\":\"2020-02-04T16:35:04+00:00\",\"author\":{\"@id\":\"https:\\\/\\\/urbeamea.ro\\\/albaiulia\\\/#\\\/schema\\\/person\\\/9700d21fae21c4f038b0b56f4506264a\"},\"description\":\"Consiliul Jude\u021bean Alba \u0219i Biblioteca Jude\u021bean\u0103 \u201eLucian Blaga\u201d Alba anun\u021b\u0103 lansarea unui nou proiect din pachetul de oferte cu care biblioteca vine \u00een\",\"breadcrumb\":{\"@id\":\"https:\\\/\\\/urbeamea.ro\\\/albaiulia\\\/biblioteca-judeteana-lucian-blaga-alba-anunta-lansarea-unui-nou-proiect-copil-bogat-copil-sarac\\\/#breadcrumb\"},\"inLanguage\":\"ro-RO\",\"potentialAction\":[{\"@type\":\"ReadAction\",\"target\":[\"https:\\\/\\\/urbeamea.ro\\\/albaiulia\\\/biblioteca-judeteana-lucian-blaga-alba-anunta-lansarea-unui-nou-proiect-copil-bogat-copil-sarac\\\/\"]}]},{\"@type\":\"ImageObject\",\"inLanguage\":\"ro-RO\",\"@id\":\"https:\\\/\\\/urbeamea.ro\\\/albaiulia\\\/biblioteca-judeteana-lucian-blaga-alba-anunta-lansarea-unui-nou-proiect-copil-bogat-copil-sarac\\\/#primaryimage\",\"url\":\"https:\\\/\\\/urbeamea.ro\\\/albaiulia\\\/wp-content\\\/uploads\\\/2020\\\/02\\\/Copii-bogati-si-saraci.jpg\",\"contentUrl\":\"https:\\\/\\\/urbeamea.ro\\\/albaiulia\\\/wp-content\\\/uploads\\\/2020\\\/02\\\/Copii-bogati-si-saraci.jpg\",\"width\":1080,\"height\":1527},{\"@type\":\"BreadcrumbList\",\"@id\":\"https:\\\/\\\/urbeamea.ro\\\/albaiulia\\\/biblioteca-judeteana-lucian-blaga-alba-anunta-lansarea-unui-nou-proiect-copil-bogat-copil-sarac\\\/#breadcrumb\",\"itemListElement\":[{\"@type\":\"ListItem\",\"position\":1,\"name\":\"Prima pagin\u0103\",\"item\":\"https:\\\/\\\/urbeamea.ro\\\/albaiulia\\\/\"},{\"@type\":\"ListItem\",\"position\":2,\"name\":\"Biblioteca Jude\u021bean\u0103 \u201eLucian Blaga\u201d Alba anun\u021b\u0103 lansarea unui nou proiect &#8211; Copil bogat, copil s\u0103rac\"}]},{\"@type\":\"WebSite\",\"@id\":\"https:\\\/\\\/urbeamea.ro\\\/albaiulia\\\/#website\",\"url\":\"https:\\\/\\\/urbeamea.ro\\\/albaiulia\\\/\",\"name\":\"Revista Urbea Mea, Stiri urbane\",\"description\":\"Evenimente \u0219i \u0219tiri din Alba Iulia, Sebe\u0219, Aiud, Blaj\",\"potentialAction\":[{\"@type\":\"SearchAction\",\"target\":{\"@type\":\"EntryPoint\",\"urlTemplate\":\"https:\\\/\\\/urbeamea.ro\\\/albaiulia\\\/?s={search_term_string}\"},\"query-input\":{\"@type\":\"PropertyValueSpecification\",\"valueRequired\":true,\"valueName\":\"search_term_string\"}}],\"inLanguage\":\"ro-RO\"},{\"@type\":\"Person\",\"@id\":\"https:\\\/\\\/urbeamea.ro\\\/albaiulia\\\/#\\\/schema\\\/person\\\/9700d21fae21c4f038b0b56f4506264a\",\"name\":\"Cristina Ganga\",\"image\":{\"@type\":\"ImageObject\",\"inLanguage\":\"ro-RO\",\"@id\":\"https:\\\/\\\/secure.gravatar.com\\\/avatar\\\/5a67661041f057b4a8ccaf26f5a8e86e2689372006d01faf3dd9eeb10b654bb4?s=96&d=mm&r=g\",\"url\":\"https:\\\/\\\/secure.gravatar.com\\\/avatar\\\/5a67661041f057b4a8ccaf26f5a8e86e2689372006d01faf3dd9eeb10b654bb4?s=96&d=mm&r=g\",\"contentUrl\":\"https:\\\/\\\/secure.gravatar.com\\\/avatar\\\/5a67661041f057b4a8ccaf26f5a8e86e2689372006d01faf3dd9eeb10b654bb4?s=96&d=mm&r=g\",\"caption\":\"Cristina Ganga\"},\"description\":\"Jurnalist\",\"sameAs\":[\"https:\\\/\\\/www.facebook.com\\\/cristina.nicola.587\"],\"url\":\"https:\\\/\\\/urbeamea.ro\\\/albaiulia\\\/author\\\/cristina-nicola\\\/\"}]}<\/script>\n<!-- \/ Yoast SEO plugin. -->","yoast_head_json":{"title":"Biblioteca Jude\u021bean\u0103 \u201eLucian Blaga\u201d Alba anun\u021b\u0103 lansarea unui nou proiect - Copil bogat, copil s\u0103rac - Revista Urbea Mea - Revista de Alba","description":"Consiliul Jude\u021bean Alba \u0219i Biblioteca Jude\u021bean\u0103 \u201eLucian Blaga\u201d Alba anun\u021b\u0103 lansarea unui nou proiect din pachetul de oferte cu care biblioteca vine \u00een","robots":{"index":"index","follow":"follow","max-snippet":"max-snippet:-1","max-image-preview":"max-image-preview:large","max-video-preview":"max-video-preview:-1"},"canonical":"https:\/\/urbeamea.ro\/albaiulia\/biblioteca-judeteana-lucian-blaga-alba-anunta-lansarea-unui-nou-proiect-copil-bogat-copil-sarac\/","twitter_card":"summary_large_image","twitter_title":"Biblioteca Jude\u021bean\u0103 \u201eLucian Blaga\u201d Alba anun\u021b\u0103 lansarea unui nou proiect - Copil bogat, copil s\u0103rac - Revista Urbea Mea - Revista de Alba","twitter_description":"Consiliul Jude\u021bean Alba \u0219i Biblioteca Jude\u021bean\u0103 \u201eLucian Blaga\u201d Alba anun\u021b\u0103 lansarea unui nou proiect din pachetul de oferte cu care biblioteca vine \u00een","twitter_image":"https:\/\/urbeamea.ro\/albaiulia\/wp-content\/uploads\/2020\/02\/Copii-bogati-si-saraci.jpg","twitter_creator":"@urbeameaweb","twitter_site":"@urbeameaweb","schema":{"@context":"https:\/\/schema.org","@graph":[{"@type":"Article","@id":"https:\/\/urbeamea.ro\/albaiulia\/biblioteca-judeteana-lucian-blaga-alba-anunta-lansarea-unui-nou-proiect-copil-bogat-copil-sarac\/#article","isPartOf":{"@id":"https:\/\/urbeamea.ro\/albaiulia\/biblioteca-judeteana-lucian-blaga-alba-anunta-lansarea-unui-nou-proiect-copil-bogat-copil-sarac\/"},"author":{"name":"Cristina Ganga","@id":"https:\/\/urbeamea.ro\/albaiulia\/#\/schema\/person\/9700d21fae21c4f038b0b56f4506264a"},"headline":"Biblioteca Jude\u021bean\u0103 \u201eLucian Blaga\u201d Alba anun\u021b\u0103 lansarea unui nou proiect &#8211; Copil bogat, copil s\u0103rac","datePublished":"2020-02-04T16:35:01+00:00","dateModified":"2020-02-04T16:35:04+00:00","mainEntityOfPage":{"@id":"https:\/\/urbeamea.ro\/albaiulia\/biblioteca-judeteana-lucian-blaga-alba-anunta-lansarea-unui-nou-proiect-copil-bogat-copil-sarac\/"},"wordCount":561,"commentCount":0,"image":{"@id":"https:\/\/urbeamea.ro\/albaiulia\/biblioteca-judeteana-lucian-blaga-alba-anunta-lansarea-unui-nou-proiect-copil-bogat-copil-sarac\/#primaryimage"},"thumbnailUrl":"https:\/\/urbeamea.ro\/albaiulia\/wp-content\/uploads\/2020\/02\/Copii-bogati-si-saraci.jpg","keywords":["Biblioteca Jude\u0163ean\u0103 \u201cLucian Blaga\u201d Alba","copil bogat copila sarac","educatie financiara","nou proiect"],"articleSection":["Cultur\u0103"],"inLanguage":"ro-RO","potentialAction":[{"@type":"CommentAction","name":"Comment","target":["https:\/\/urbeamea.ro\/albaiulia\/biblioteca-judeteana-lucian-blaga-alba-anunta-lansarea-unui-nou-proiect-copil-bogat-copil-sarac\/#respond"]}]},{"@type":"WebPage","@id":"https:\/\/urbeamea.ro\/albaiulia\/biblioteca-judeteana-lucian-blaga-alba-anunta-lansarea-unui-nou-proiect-copil-bogat-copil-sarac\/","url":"https:\/\/urbeamea.ro\/albaiulia\/biblioteca-judeteana-lucian-blaga-alba-anunta-lansarea-unui-nou-proiect-copil-bogat-copil-sarac\/","name":"Biblioteca Jude\u021bean\u0103 \u201eLucian Blaga\u201d Alba anun\u021b\u0103 lansarea unui nou proiect - Copil bogat, copil s\u0103rac - Revista Urbea Mea - Revista de Alba","isPartOf":{"@id":"https:\/\/urbeamea.ro\/albaiulia\/#website"},"primaryImageOfPage":{"@id":"https:\/\/urbeamea.ro\/albaiulia\/biblioteca-judeteana-lucian-blaga-alba-anunta-lansarea-unui-nou-proiect-copil-bogat-copil-sarac\/#primaryimage"},"image":{"@id":"https:\/\/urbeamea.ro\/albaiulia\/biblioteca-judeteana-lucian-blaga-alba-anunta-lansarea-unui-nou-proiect-copil-bogat-copil-sarac\/#primaryimage"},"thumbnailUrl":"https:\/\/urbeamea.ro\/albaiulia\/wp-content\/uploads\/2020\/02\/Copii-bogati-si-saraci.jpg","datePublished":"2020-02-04T16:35:01+00:00","dateModified":"2020-02-04T16:35:04+00:00","author":{"@id":"https:\/\/urbeamea.ro\/albaiulia\/#\/schema\/person\/9700d21fae21c4f038b0b56f4506264a"},"description":"Consiliul Jude\u021bean Alba \u0219i Biblioteca Jude\u021bean\u0103 \u201eLucian Blaga\u201d Alba anun\u021b\u0103 lansarea unui nou proiect din pachetul de oferte cu care biblioteca vine \u00een","breadcrumb":{"@id":"https:\/\/urbeamea.ro\/albaiulia\/biblioteca-judeteana-lucian-blaga-alba-anunta-lansarea-unui-nou-proiect-copil-bogat-copil-sarac\/#breadcrumb"},"inLanguage":"ro-RO","potentialAction":[{"@type":"ReadAction","target":["https:\/\/urbeamea.ro\/albaiulia\/biblioteca-judeteana-lucian-blaga-alba-anunta-lansarea-unui-nou-proiect-copil-bogat-copil-sarac\/"]}]},{"@type":"ImageObject","inLanguage":"ro-RO","@id":"https:\/\/urbeamea.ro\/albaiulia\/biblioteca-judeteana-lucian-blaga-alba-anunta-lansarea-unui-nou-proiect-copil-bogat-copil-sarac\/#primaryimage","url":"https:\/\/urbeamea.ro\/albaiulia\/wp-content\/uploads\/2020\/02\/Copii-bogati-si-saraci.jpg","contentUrl":"https:\/\/urbeamea.ro\/albaiulia\/wp-content\/uploads\/2020\/02\/Copii-bogati-si-saraci.jpg","width":1080,"height":1527},{"@type":"BreadcrumbList","@id":"https:\/\/urbeamea.ro\/albaiulia\/biblioteca-judeteana-lucian-blaga-alba-anunta-lansarea-unui-nou-proiect-copil-bogat-copil-sarac\/#breadcrumb","itemListElement":[{"@type":"ListItem","position":1,"name":"Prima pagin\u0103","item":"https:\/\/urbeamea.ro\/albaiulia\/"},{"@type":"ListItem","position":2,"name":"Biblioteca Jude\u021bean\u0103 \u201eLucian Blaga\u201d Alba anun\u021b\u0103 lansarea unui nou proiect &#8211; Copil bogat, copil s\u0103rac"}]},{"@type":"WebSite","@id":"https:\/\/urbeamea.ro\/albaiulia\/#website","url":"https:\/\/urbeamea.ro\/albaiulia\/","name":"Revista Urbea Mea, Stiri urbane","description":"Evenimente \u0219i \u0219tiri din Alba Iulia, Sebe\u0219, Aiud, Blaj","potentialAction":[{"@type":"SearchAction","target":{"@type":"EntryPoint","urlTemplate":"https:\/\/urbeamea.ro\/albaiulia\/?s={search_term_string}"},"query-input":{"@type":"PropertyValueSpecification","valueRequired":true,"valueName":"search_term_string"}}],"inLanguage":"ro-RO"},{"@type":"Person","@id":"https:\/\/urbeamea.ro\/albaiulia\/#\/schema\/person\/9700d21fae21c4f038b0b56f4506264a","name":"Cristina Ganga","image":{"@type":"ImageObject","inLanguage":"ro-RO","@id":"https:\/\/secure.gravatar.com\/avatar\/5a67661041f057b4a8ccaf26f5a8e86e2689372006d01faf3dd9eeb10b654bb4?s=96&d=mm&r=g","url":"https:\/\/secure.gravatar.com\/avatar\/5a67661041f057b4a8ccaf26f5a8e86e2689372006d01faf3dd9eeb10b654bb4?s=96&d=mm&r=g","contentUrl":"https:\/\/secure.gravatar.com\/avatar\/5a67661041f057b4a8ccaf26f5a8e86e2689372006d01faf3dd9eeb10b654bb4?s=96&d=mm&r=g","caption":"Cristina Ganga"},"description":"Jurnalist","sameAs":["https:\/\/www.facebook.com\/cristina.nicola.587"],"url":"https:\/\/urbeamea.ro\/albaiulia\/author\/cristina-nicola\/"}]}},"_links":{"self":[{"href":"https:\/\/urbeamea.ro\/albaiulia\/wp-json\/wp\/v2\/posts\/87435","targetHints":{"allow":["GET"]}}],"collection":[{"href":"https:\/\/urbeamea.ro\/albaiulia\/wp-json\/wp\/v2\/posts"}],"about":[{"href":"https:\/\/urbeamea.ro\/albaiulia\/wp-json\/wp\/v2\/types\/post"}],"author":[{"embeddable":true,"href":"https:\/\/urbeamea.ro\/albaiulia\/wp-json\/wp\/v2\/users\/17"}],"replies":[{"embeddable":true,"href":"https:\/\/urbeamea.ro\/albaiulia\/wp-json\/wp\/v2\/comments?post=87435"}],"version-history":[{"count":0,"href":"https:\/\/urbeamea.ro\/albaiulia\/wp-json\/wp\/v2\/posts\/87435\/revisions"}],"wp:featuredmedia":[{"embeddable":true,"href":"https:\/\/urbeamea.ro\/albaiulia\/wp-json\/wp\/v2\/media\/87436"}],"wp:attachment":[{"href":"https:\/\/urbeamea.ro\/albaiulia\/wp-json\/wp\/v2\/media?parent=87435"}],"wp:term":[{"taxonomy":"category","embeddable":true,"href":"https:\/\/urbeamea.ro\/albaiulia\/wp-json\/wp\/v2\/categories?post=87435"},{"taxonomy":"post_tag","embeddable":true,"href":"https:\/\/urbeamea.ro\/albaiulia\/wp-json\/wp\/v2\/tags?post=87435"}],"curies":[{"name":"wp","href":"https:\/\/api.w.org\/{rel}","templated":true}]}}