{"id":87438,"date":"2020-02-05T09:12:18","date_gmt":"2020-02-05T07:12:18","guid":{"rendered":"https:\/\/urbeamea.ro\/albaiulia\/?p=87438"},"modified":"2020-02-05T09:12:22","modified_gmt":"2020-02-05T07:12:22","slug":"albaiulianul-mihnea-costachi-s-a-clasat-pe-locul-2-la-prima-competitie-sahista-la-care-a-participat-in-norvegia","status":"publish","type":"post","link":"https:\/\/urbeamea.ro\/albaiulia\/albaiulianul-mihnea-costachi-s-a-clasat-pe-locul-2-la-prima-competitie-sahista-la-care-a-participat-in-norvegia\/","title":{"rendered":"Albaiulianul Mihnea Costachi s-a clasat pe locul 2 la prima competi\u021bie \u0219ahist\u0103 la care a participat \u00een Norvegia"},"content":{"rendered":"\n<h4 class=\"wp-block-heading\">Aflat la Oslo cu o burs\u0103 Erasmus pe o perioad\u0103 de 5 luni, juniorul\u00a0legitimat la Clubul Sportiv Municipal Unirea Alba Iulia, a participat ieri la un puternic turneu de blitz desf\u0103\u0219urat la Oslo, printre cei 42 de participan\u021bi afl\u00e2ndu-se 2 mari mae\u0219tri interna\u021bionali, 5 mae\u0219tri interna\u021bionali \u0219i\u00a08 mae\u0219tri FIDE.<\/h4>\n\n\n\n<p>Turneul a fost c\u00e2\u0219tigat de marele maestru interna\u021bional Johan Sebastian Christiansen cu 9p, urmat de Mihnea Costachi 8,5p, Kristian Holm 8,5, Ole Moen 8p \u0219i Johan Salomon 7,5p, ultimul fiind coleg cu Mihnea la BI Norwegian Business School din Oslo.\u00a0<\/p>\n\n\n\n<p>T\u00e2n\u0103rul maestru interna\u021bional albaiulian va participa in urm\u0103toarele luni \u0219i la alte turnee de \u0219ah rapid \u0219i blitz \u00een Norvegia, programul \u0219colar nepermi\u021b\u00e2ndu-i s\u0103 participe \u0219i la turnee de \u0219ah clasic. <\/p>\n","protected":false},"excerpt":{"rendered":"<p>Aflat la Oslo cu o burs\u0103 Erasmus pe o perioad\u0103 de 5 luni, juniorul\u00a0legitimat la Clubul Sportiv Municipal Unirea Alba Iulia, a participat ieri la un puternic turneu de blitz desf\u0103\u0219urat la Oslo, printre cei 42 de participan\u021bi afl\u00e2ndu-se 2 mari mae\u0219tri interna\u021bionali, 5 mae\u0219tri interna\u021bionali \u0219i\u00a08 mae\u0219tri FIDE. Turneul a fost c\u00e2\u0219tigat de marele &hellip;<\/p>\n","protected":false},"author":17,"featured_media":87439,"comment_status":"open","ping_status":"open","sticky":false,"template":"","format":"standard","meta":{"inline_featured_image":false,"footnotes":""},"categories":[79],"tags":[18761,828,2067,19720],"class_list":["post-87438","post","type-post","status-publish","format-standard","has-post-thumbnail","hentry","category-sah","tag-locul-2","tag-mihnea-costachi","tag-norvegia","tag-prima-competitie-sahista"],"yoast_head":"<!-- This site is optimized with the Yoast SEO plugin v27.4 - https:\/\/yoast.com\/product\/yoast-seo-wordpress\/ -->\n<title>Albaiulianul Mihnea Costachi s-a clasat pe locul 2 la prima competi\u021bie \u0219ahist\u0103 la care a participat \u00een Norvegia - Revista Urbea Mea - Revista de Alba<\/title>\n<meta name=\"description\" content=\"Aflat la Oslo cu o burs\u0103 Erasmus pe o perioad\u0103 de 5 luni, juniorul\u00a0legitimat la Clubul Sportiv Municipal Unirea Alba Iulia, a participat ieri la un\" \/>\n<meta name=\"robots\" content=\"index, follow, max-snippet:-1, max-image-preview:large, max-video-preview:-1\" \/>\n<link rel=\"canonical\" href=\"https:\/\/urbeamea.ro\/albaiulia\/albaiulianul-mihnea-costachi-s-a-clasat-pe-locul-2-la-prima-competitie-sahista-la-care-a-participat-in-norvegia\/\" \/>\n<meta name=\"twitter:card\" content=\"summary_large_image\" \/>\n<meta name=\"twitter:title\" content=\"Albaiulianul Mihnea Costachi s-a clasat pe locul 2 la prima competi\u021bie \u0219ahist\u0103 la care a participat \u00een Norvegia - Revista Urbea Mea - Revista de Alba\" \/>\n<meta name=\"twitter:description\" content=\"Aflat la Oslo cu o burs\u0103 Erasmus pe o perioad\u0103 de 5 luni, juniorul\u00a0legitimat la Clubul Sportiv Municipal Unirea Alba Iulia, a participat ieri la un\" \/>\n<meta name=\"twitter:image\" content=\"https:\/\/urbeamea.ro\/albaiulia\/wp-content\/uploads\/2020\/02\/IMG-20200204-WA0016.jpg\" \/>\n<meta name=\"twitter:creator\" content=\"@urbeameaweb\" \/>\n<meta name=\"twitter:site\" content=\"@urbeameaweb\" \/>\n<script type=\"application\/ld+json\" class=\"yoast-schema-graph\">{\"@context\":\"https:\\\/\\\/schema.org\",\"@graph\":[{\"@type\":\"Article\",\"@id\":\"https:\\\/\\\/urbeamea.ro\\\/albaiulia\\\/albaiulianul-mihnea-costachi-s-a-clasat-pe-locul-2-la-prima-competitie-sahista-la-care-a-participat-in-norvegia\\\/#article\",\"isPartOf\":{\"@id\":\"https:\\\/\\\/urbeamea.ro\\\/albaiulia\\\/albaiulianul-mihnea-costachi-s-a-clasat-pe-locul-2-la-prima-competitie-sahista-la-care-a-participat-in-norvegia\\\/\"},\"author\":{\"name\":\"Cristina Ganga\",\"@id\":\"https:\\\/\\\/urbeamea.ro\\\/albaiulia\\\/#\\\/schema\\\/person\\\/9700d21fae21c4f038b0b56f4506264a\"},\"headline\":\"Albaiulianul Mihnea Costachi s-a clasat pe locul 2 la prima competi\u021bie \u0219ahist\u0103 la care a participat \u00een Norvegia\",\"datePublished\":\"2020-02-05T07:12:18+00:00\",\"dateModified\":\"2020-02-05T07:12:22+00:00\",\"mainEntityOfPage\":{\"@id\":\"https:\\\/\\\/urbeamea.ro\\\/albaiulia\\\/albaiulianul-mihnea-costachi-s-a-clasat-pe-locul-2-la-prima-competitie-sahista-la-care-a-participat-in-norvegia\\\/\"},\"wordCount\":149,\"commentCount\":0,\"image\":{\"@id\":\"https:\\\/\\\/urbeamea.ro\\\/albaiulia\\\/albaiulianul-mihnea-costachi-s-a-clasat-pe-locul-2-la-prima-competitie-sahista-la-care-a-participat-in-norvegia\\\/#primaryimage\"},\"thumbnailUrl\":\"https:\\\/\\\/urbeamea.ro\\\/albaiulia\\\/wp-content\\\/uploads\\\/2020\\\/02\\\/IMG-20200204-WA0016.jpg\",\"keywords\":[\"locul 2\",\"mihnea costachi\",\"norvegia\",\"prima competitie sahista\"],\"articleSection\":[\"Sah\"],\"inLanguage\":\"ro-RO\",\"potentialAction\":[{\"@type\":\"CommentAction\",\"name\":\"Comment\",\"target\":[\"https:\\\/\\\/urbeamea.ro\\\/albaiulia\\\/albaiulianul-mihnea-costachi-s-a-clasat-pe-locul-2-la-prima-competitie-sahista-la-care-a-participat-in-norvegia\\\/#respond\"]}]},{\"@type\":\"WebPage\",\"@id\":\"https:\\\/\\\/urbeamea.ro\\\/albaiulia\\\/albaiulianul-mihnea-costachi-s-a-clasat-pe-locul-2-la-prima-competitie-sahista-la-care-a-participat-in-norvegia\\\/\",\"url\":\"https:\\\/\\\/urbeamea.ro\\\/albaiulia\\\/albaiulianul-mihnea-costachi-s-a-clasat-pe-locul-2-la-prima-competitie-sahista-la-care-a-participat-in-norvegia\\\/\",\"name\":\"Albaiulianul Mihnea Costachi s-a clasat pe locul 2 la prima competi\u021bie \u0219ahist\u0103 la care a participat \u00een Norvegia - Revista Urbea Mea - Revista de Alba\",\"isPartOf\":{\"@id\":\"https:\\\/\\\/urbeamea.ro\\\/albaiulia\\\/#website\"},\"primaryImageOfPage\":{\"@id\":\"https:\\\/\\\/urbeamea.ro\\\/albaiulia\\\/albaiulianul-mihnea-costachi-s-a-clasat-pe-locul-2-la-prima-competitie-sahista-la-care-a-participat-in-norvegia\\\/#primaryimage\"},\"image\":{\"@id\":\"https:\\\/\\\/urbeamea.ro\\\/albaiulia\\\/albaiulianul-mihnea-costachi-s-a-clasat-pe-locul-2-la-prima-competitie-sahista-la-care-a-participat-in-norvegia\\\/#primaryimage\"},\"thumbnailUrl\":\"https:\\\/\\\/urbeamea.ro\\\/albaiulia\\\/wp-content\\\/uploads\\\/2020\\\/02\\\/IMG-20200204-WA0016.jpg\",\"datePublished\":\"2020-02-05T07:12:18+00:00\",\"dateModified\":\"2020-02-05T07:12:22+00:00\",\"author\":{\"@id\":\"https:\\\/\\\/urbeamea.ro\\\/albaiulia\\\/#\\\/schema\\\/person\\\/9700d21fae21c4f038b0b56f4506264a\"},\"description\":\"Aflat la Oslo cu o burs\u0103 Erasmus pe o perioad\u0103 de 5 luni, juniorul\u00a0legitimat la Clubul Sportiv Municipal Unirea Alba Iulia, a participat ieri la un\",\"breadcrumb\":{\"@id\":\"https:\\\/\\\/urbeamea.ro\\\/albaiulia\\\/albaiulianul-mihnea-costachi-s-a-clasat-pe-locul-2-la-prima-competitie-sahista-la-care-a-participat-in-norvegia\\\/#breadcrumb\"},\"inLanguage\":\"ro-RO\",\"potentialAction\":[{\"@type\":\"ReadAction\",\"target\":[\"https:\\\/\\\/urbeamea.ro\\\/albaiulia\\\/albaiulianul-mihnea-costachi-s-a-clasat-pe-locul-2-la-prima-competitie-sahista-la-care-a-participat-in-norvegia\\\/\"]}]},{\"@type\":\"ImageObject\",\"inLanguage\":\"ro-RO\",\"@id\":\"https:\\\/\\\/urbeamea.ro\\\/albaiulia\\\/albaiulianul-mihnea-costachi-s-a-clasat-pe-locul-2-la-prima-competitie-sahista-la-care-a-participat-in-norvegia\\\/#primaryimage\",\"url\":\"https:\\\/\\\/urbeamea.ro\\\/albaiulia\\\/wp-content\\\/uploads\\\/2020\\\/02\\\/IMG-20200204-WA0016.jpg\",\"contentUrl\":\"https:\\\/\\\/urbeamea.ro\\\/albaiulia\\\/wp-content\\\/uploads\\\/2020\\\/02\\\/IMG-20200204-WA0016.jpg\",\"width\":1200,\"height\":1599},{\"@type\":\"BreadcrumbList\",\"@id\":\"https:\\\/\\\/urbeamea.ro\\\/albaiulia\\\/albaiulianul-mihnea-costachi-s-a-clasat-pe-locul-2-la-prima-competitie-sahista-la-care-a-participat-in-norvegia\\\/#breadcrumb\",\"itemListElement\":[{\"@type\":\"ListItem\",\"position\":1,\"name\":\"Prima pagin\u0103\",\"item\":\"https:\\\/\\\/urbeamea.ro\\\/albaiulia\\\/\"},{\"@type\":\"ListItem\",\"position\":2,\"name\":\"Albaiulianul Mihnea Costachi s-a clasat pe locul 2 la prima competi\u021bie \u0219ahist\u0103 la care a participat \u00een Norvegia\"}]},{\"@type\":\"WebSite\",\"@id\":\"https:\\\/\\\/urbeamea.ro\\\/albaiulia\\\/#website\",\"url\":\"https:\\\/\\\/urbeamea.ro\\\/albaiulia\\\/\",\"name\":\"Revista Urbea Mea, Stiri urbane\",\"description\":\"Evenimente \u0219i \u0219tiri din Alba Iulia, Sebe\u0219, Aiud, Blaj\",\"potentialAction\":[{\"@type\":\"SearchAction\",\"target\":{\"@type\":\"EntryPoint\",\"urlTemplate\":\"https:\\\/\\\/urbeamea.ro\\\/albaiulia\\\/?s={search_term_string}\"},\"query-input\":{\"@type\":\"PropertyValueSpecification\",\"valueRequired\":true,\"valueName\":\"search_term_string\"}}],\"inLanguage\":\"ro-RO\"},{\"@type\":\"Person\",\"@id\":\"https:\\\/\\\/urbeamea.ro\\\/albaiulia\\\/#\\\/schema\\\/person\\\/9700d21fae21c4f038b0b56f4506264a\",\"name\":\"Cristina Ganga\",\"image\":{\"@type\":\"ImageObject\",\"inLanguage\":\"ro-RO\",\"@id\":\"https:\\\/\\\/secure.gravatar.com\\\/avatar\\\/5a67661041f057b4a8ccaf26f5a8e86e2689372006d01faf3dd9eeb10b654bb4?s=96&d=mm&r=g\",\"url\":\"https:\\\/\\\/secure.gravatar.com\\\/avatar\\\/5a67661041f057b4a8ccaf26f5a8e86e2689372006d01faf3dd9eeb10b654bb4?s=96&d=mm&r=g\",\"contentUrl\":\"https:\\\/\\\/secure.gravatar.com\\\/avatar\\\/5a67661041f057b4a8ccaf26f5a8e86e2689372006d01faf3dd9eeb10b654bb4?s=96&d=mm&r=g\",\"caption\":\"Cristina Ganga\"},\"description\":\"Jurnalist\",\"sameAs\":[\"https:\\\/\\\/www.facebook.com\\\/cristina.nicola.587\"],\"url\":\"https:\\\/\\\/urbeamea.ro\\\/albaiulia\\\/author\\\/cristina-nicola\\\/\"}]}<\/script>\n<!-- \/ Yoast SEO plugin. -->","yoast_head_json":{"title":"Albaiulianul Mihnea Costachi s-a clasat pe locul 2 la prima competi\u021bie \u0219ahist\u0103 la care a participat \u00een Norvegia - Revista Urbea Mea - Revista de Alba","description":"Aflat la Oslo cu o burs\u0103 Erasmus pe o perioad\u0103 de 5 luni, juniorul\u00a0legitimat la Clubul Sportiv Municipal Unirea Alba Iulia, a participat ieri la un","robots":{"index":"index","follow":"follow","max-snippet":"max-snippet:-1","max-image-preview":"max-image-preview:large","max-video-preview":"max-video-preview:-1"},"canonical":"https:\/\/urbeamea.ro\/albaiulia\/albaiulianul-mihnea-costachi-s-a-clasat-pe-locul-2-la-prima-competitie-sahista-la-care-a-participat-in-norvegia\/","twitter_card":"summary_large_image","twitter_title":"Albaiulianul Mihnea Costachi s-a clasat pe locul 2 la prima competi\u021bie \u0219ahist\u0103 la care a participat \u00een Norvegia - Revista Urbea Mea - Revista de Alba","twitter_description":"Aflat la Oslo cu o burs\u0103 Erasmus pe o perioad\u0103 de 5 luni, juniorul\u00a0legitimat la Clubul Sportiv Municipal Unirea Alba Iulia, a participat ieri la un","twitter_image":"https:\/\/urbeamea.ro\/albaiulia\/wp-content\/uploads\/2020\/02\/IMG-20200204-WA0016.jpg","twitter_creator":"@urbeameaweb","twitter_site":"@urbeameaweb","schema":{"@context":"https:\/\/schema.org","@graph":[{"@type":"Article","@id":"https:\/\/urbeamea.ro\/albaiulia\/albaiulianul-mihnea-costachi-s-a-clasat-pe-locul-2-la-prima-competitie-sahista-la-care-a-participat-in-norvegia\/#article","isPartOf":{"@id":"https:\/\/urbeamea.ro\/albaiulia\/albaiulianul-mihnea-costachi-s-a-clasat-pe-locul-2-la-prima-competitie-sahista-la-care-a-participat-in-norvegia\/"},"author":{"name":"Cristina Ganga","@id":"https:\/\/urbeamea.ro\/albaiulia\/#\/schema\/person\/9700d21fae21c4f038b0b56f4506264a"},"headline":"Albaiulianul Mihnea Costachi s-a clasat pe locul 2 la prima competi\u021bie \u0219ahist\u0103 la care a participat \u00een Norvegia","datePublished":"2020-02-05T07:12:18+00:00","dateModified":"2020-02-05T07:12:22+00:00","mainEntityOfPage":{"@id":"https:\/\/urbeamea.ro\/albaiulia\/albaiulianul-mihnea-costachi-s-a-clasat-pe-locul-2-la-prima-competitie-sahista-la-care-a-participat-in-norvegia\/"},"wordCount":149,"commentCount":0,"image":{"@id":"https:\/\/urbeamea.ro\/albaiulia\/albaiulianul-mihnea-costachi-s-a-clasat-pe-locul-2-la-prima-competitie-sahista-la-care-a-participat-in-norvegia\/#primaryimage"},"thumbnailUrl":"https:\/\/urbeamea.ro\/albaiulia\/wp-content\/uploads\/2020\/02\/IMG-20200204-WA0016.jpg","keywords":["locul 2","mihnea costachi","norvegia","prima competitie sahista"],"articleSection":["Sah"],"inLanguage":"ro-RO","potentialAction":[{"@type":"CommentAction","name":"Comment","target":["https:\/\/urbeamea.ro\/albaiulia\/albaiulianul-mihnea-costachi-s-a-clasat-pe-locul-2-la-prima-competitie-sahista-la-care-a-participat-in-norvegia\/#respond"]}]},{"@type":"WebPage","@id":"https:\/\/urbeamea.ro\/albaiulia\/albaiulianul-mihnea-costachi-s-a-clasat-pe-locul-2-la-prima-competitie-sahista-la-care-a-participat-in-norvegia\/","url":"https:\/\/urbeamea.ro\/albaiulia\/albaiulianul-mihnea-costachi-s-a-clasat-pe-locul-2-la-prima-competitie-sahista-la-care-a-participat-in-norvegia\/","name":"Albaiulianul Mihnea Costachi s-a clasat pe locul 2 la prima competi\u021bie \u0219ahist\u0103 la care a participat \u00een Norvegia - Revista Urbea Mea - Revista de Alba","isPartOf":{"@id":"https:\/\/urbeamea.ro\/albaiulia\/#website"},"primaryImageOfPage":{"@id":"https:\/\/urbeamea.ro\/albaiulia\/albaiulianul-mihnea-costachi-s-a-clasat-pe-locul-2-la-prima-competitie-sahista-la-care-a-participat-in-norvegia\/#primaryimage"},"image":{"@id":"https:\/\/urbeamea.ro\/albaiulia\/albaiulianul-mihnea-costachi-s-a-clasat-pe-locul-2-la-prima-competitie-sahista-la-care-a-participat-in-norvegia\/#primaryimage"},"thumbnailUrl":"https:\/\/urbeamea.ro\/albaiulia\/wp-content\/uploads\/2020\/02\/IMG-20200204-WA0016.jpg","datePublished":"2020-02-05T07:12:18+00:00","dateModified":"2020-02-05T07:12:22+00:00","author":{"@id":"https:\/\/urbeamea.ro\/albaiulia\/#\/schema\/person\/9700d21fae21c4f038b0b56f4506264a"},"description":"Aflat la Oslo cu o burs\u0103 Erasmus pe o perioad\u0103 de 5 luni, juniorul\u00a0legitimat la Clubul Sportiv Municipal Unirea Alba Iulia, a participat ieri la un","breadcrumb":{"@id":"https:\/\/urbeamea.ro\/albaiulia\/albaiulianul-mihnea-costachi-s-a-clasat-pe-locul-2-la-prima-competitie-sahista-la-care-a-participat-in-norvegia\/#breadcrumb"},"inLanguage":"ro-RO","potentialAction":[{"@type":"ReadAction","target":["https:\/\/urbeamea.ro\/albaiulia\/albaiulianul-mihnea-costachi-s-a-clasat-pe-locul-2-la-prima-competitie-sahista-la-care-a-participat-in-norvegia\/"]}]},{"@type":"ImageObject","inLanguage":"ro-RO","@id":"https:\/\/urbeamea.ro\/albaiulia\/albaiulianul-mihnea-costachi-s-a-clasat-pe-locul-2-la-prima-competitie-sahista-la-care-a-participat-in-norvegia\/#primaryimage","url":"https:\/\/urbeamea.ro\/albaiulia\/wp-content\/uploads\/2020\/02\/IMG-20200204-WA0016.jpg","contentUrl":"https:\/\/urbeamea.ro\/albaiulia\/wp-content\/uploads\/2020\/02\/IMG-20200204-WA0016.jpg","width":1200,"height":1599},{"@type":"BreadcrumbList","@id":"https:\/\/urbeamea.ro\/albaiulia\/albaiulianul-mihnea-costachi-s-a-clasat-pe-locul-2-la-prima-competitie-sahista-la-care-a-participat-in-norvegia\/#breadcrumb","itemListElement":[{"@type":"ListItem","position":1,"name":"Prima pagin\u0103","item":"https:\/\/urbeamea.ro\/albaiulia\/"},{"@type":"ListItem","position":2,"name":"Albaiulianul Mihnea Costachi s-a clasat pe locul 2 la prima competi\u021bie \u0219ahist\u0103 la care a participat \u00een Norvegia"}]},{"@type":"WebSite","@id":"https:\/\/urbeamea.ro\/albaiulia\/#website","url":"https:\/\/urbeamea.ro\/albaiulia\/","name":"Revista Urbea Mea, Stiri urbane","description":"Evenimente \u0219i \u0219tiri din Alba Iulia, Sebe\u0219, Aiud, Blaj","potentialAction":[{"@type":"SearchAction","target":{"@type":"EntryPoint","urlTemplate":"https:\/\/urbeamea.ro\/albaiulia\/?s={search_term_string}"},"query-input":{"@type":"PropertyValueSpecification","valueRequired":true,"valueName":"search_term_string"}}],"inLanguage":"ro-RO"},{"@type":"Person","@id":"https:\/\/urbeamea.ro\/albaiulia\/#\/schema\/person\/9700d21fae21c4f038b0b56f4506264a","name":"Cristina Ganga","image":{"@type":"ImageObject","inLanguage":"ro-RO","@id":"https:\/\/secure.gravatar.com\/avatar\/5a67661041f057b4a8ccaf26f5a8e86e2689372006d01faf3dd9eeb10b654bb4?s=96&d=mm&r=g","url":"https:\/\/secure.gravatar.com\/avatar\/5a67661041f057b4a8ccaf26f5a8e86e2689372006d01faf3dd9eeb10b654bb4?s=96&d=mm&r=g","contentUrl":"https:\/\/secure.gravatar.com\/avatar\/5a67661041f057b4a8ccaf26f5a8e86e2689372006d01faf3dd9eeb10b654bb4?s=96&d=mm&r=g","caption":"Cristina Ganga"},"description":"Jurnalist","sameAs":["https:\/\/www.facebook.com\/cristina.nicola.587"],"url":"https:\/\/urbeamea.ro\/albaiulia\/author\/cristina-nicola\/"}]}},"_links":{"self":[{"href":"https:\/\/urbeamea.ro\/albaiulia\/wp-json\/wp\/v2\/posts\/87438","targetHints":{"allow":["GET"]}}],"collection":[{"href":"https:\/\/urbeamea.ro\/albaiulia\/wp-json\/wp\/v2\/posts"}],"about":[{"href":"https:\/\/urbeamea.ro\/albaiulia\/wp-json\/wp\/v2\/types\/post"}],"author":[{"embeddable":true,"href":"https:\/\/urbeamea.ro\/albaiulia\/wp-json\/wp\/v2\/users\/17"}],"replies":[{"embeddable":true,"href":"https:\/\/urbeamea.ro\/albaiulia\/wp-json\/wp\/v2\/comments?post=87438"}],"version-history":[{"count":0,"href":"https:\/\/urbeamea.ro\/albaiulia\/wp-json\/wp\/v2\/posts\/87438\/revisions"}],"wp:featuredmedia":[{"embeddable":true,"href":"https:\/\/urbeamea.ro\/albaiulia\/wp-json\/wp\/v2\/media\/87439"}],"wp:attachment":[{"href":"https:\/\/urbeamea.ro\/albaiulia\/wp-json\/wp\/v2\/media?parent=87438"}],"wp:term":[{"taxonomy":"category","embeddable":true,"href":"https:\/\/urbeamea.ro\/albaiulia\/wp-json\/wp\/v2\/categories?post=87438"},{"taxonomy":"post_tag","embeddable":true,"href":"https:\/\/urbeamea.ro\/albaiulia\/wp-json\/wp\/v2\/tags?post=87438"}],"curies":[{"name":"wp","href":"https:\/\/api.w.org\/{rel}","templated":true}]}}