{"id":87585,"date":"2020-02-12T10:23:19","date_gmt":"2020-02-12T08:23:19","guid":{"rendered":"https:\/\/urbeamea.ro\/albaiulia\/?p=87585"},"modified":"2020-02-12T16:42:16","modified_gmt":"2020-02-12T14:42:16","slug":"vineri-85-de-ani-de-la-nasterea-scriitorului-grigore-vieru","status":"publish","type":"post","link":"https:\/\/urbeamea.ro\/albaiulia\/vineri-85-de-ani-de-la-nasterea-scriitorului-grigore-vieru\/","title":{"rendered":"Vineri: 85 de ani de la na\u0219terea scriitorului Grigore Vieru"},"content":{"rendered":"\n<p class=\"wp-block-paragraph\">Vineri, 14\nfebruarie 2020, Consiliul Jude\u021bean Alba \u0219i Biblioteca Jude\u021bean\u0103 \u201eLucian Blaga\u201d Alba,\n\u00een parteneriat cu Institu\u021bia Prefectului Jude\u021bului Alba, Prim\u0103ria Municipiului\nAlba Iulia, Direc\u021bia pentru Cultur\u0103 Alba, Uniunea Scriitorilor din Rom\u00e2nia,\nFiliala Alba \u2013 Hunedoara, Inspectoratul \u0218colar Alba, Universitatea \u201e1 Decembrie\n1918\u201d Alba Iulia, Casa de Cultur\u0103 a Studen\u021bilor, Centrul de Cultur\u0103 \u201eAugustin\nBena\u201d Alba, Funda\u021bia \u201eAlba Iulia 1918 pentru Unitatea \u0219i Integritatea Rom\u00e2niei\u201d\n\u0219i Desp\u0103r\u021b\u0103m\u00e2ntul ASTRA \u201eEugen Hulea\u201d Alba Iulia \u00eel vor omagia pe scriitorul\nGrigore Vieru, la 85 de ani de la na\u0219tere. Activit\u0103\u021bile menite s\u0103 aduc\u0103 \u00een\naten\u021bia public\u0103 via\u021ba \u0219i opera marelui scriitor se vor desf\u0103\u0219ura dup\u0103 urm\u0103torul\nprogram:<\/p>\n\n\n\n<p class=\"wp-block-paragraph\"><strong>Biblioteca\nJude\u021bean\u0103 \u201eLucian Blaga\u201d Alba \u2013 spa\u021biile expozi\u021bionale la sediul central \u0219i\nfiliale<\/strong><\/p>\n\n\n\n<p class=\"wp-block-paragraph\"><strong>ora\n9:00 \u2013 19:00<\/strong><\/p>\n\n\n\n<p class=\"wp-block-paragraph\"><em>Medalion Aniversar Grigore Vieru <\/em><\/p>\n\n\n\n<p class=\"wp-block-paragraph\">&#8211; &nbsp;Expozi\u021bii: de carte, fragmente din oper\u0103,\nfragmente critice, fotografii, list\u0103 bibliografic\u0103&nbsp; <\/p>\n\n\n\n<p class=\"wp-block-paragraph\">&#8211; &nbsp;Audi\u021bii, proiec\u021bii foto &#8211; video spa\u021bii\nexpozi\u021bionale ale institu\u021biei&nbsp;&nbsp;&nbsp; <\/p>\n\n\n\n<p class=\"wp-block-paragraph\">&nbsp;<a><strong>Biblioteca Jude\u021bean\u0103 ,,Lucian Blaga\u201d Alba &#8211; &nbsp;&nbsp;Sec\u021bia \u00eemprumut\ncarte pentru copii<\/strong><\/a><\/p>\n\n\n\n<p class=\"wp-block-paragraph\"><strong>Ora 10:00 \u2013 11:00<\/strong><strong><\/strong><\/p>\n\n\n\n<p class=\"wp-block-paragraph\"><em>Copiii \u0219i Grigore Vieru<\/em><\/p>\n\n\n\n<p class=\"wp-block-paragraph\"><em>&#8211;<\/em>Co\u0219ule\u021bul copiilor de\u0219tep\u021bi &#8211; Cerc de cultur\u0103\ngeneral\u0103<\/p>\n\n\n\n<p class=\"wp-block-paragraph\"><strong>Aleea\nScriitorilor din Alba Iulia &#8211;&nbsp;&nbsp; Bustul\nlui Grigore Vieru<\/strong><\/p>\n\n\n\n<p class=\"wp-block-paragraph\"><strong>Ora\n13:00 \u2013 13:30<\/strong><\/p>\n\n\n\n<p class=\"wp-block-paragraph\"><em>Flori \u0219i cuvinte pentru Grigore Vieru<\/em><\/p>\n\n\n\n<p class=\"wp-block-paragraph\">&#8211; depunere\nbuchete de flori\/ jerbe aniversare<\/p>\n\n\n\n<p class=\"wp-block-paragraph\">&#8211; mesaje\ninstitu\u021bionale din partea organizatorilor \u0219i a partenerilor \u00een organizare la aniversarea\na 85 de ani de la na\u0219terea scriitorului Grigore Vieru <\/p>\n\n\n\n<p class=\"wp-block-paragraph\">&#8211; lectur\u0103\npublic\u0103 din opera scriitorului<\/p>\n\n\n\n<p class=\"wp-block-paragraph\"><strong>Biblioteca\nJude\u021bean\u0103 ,,Lucian Blaga\u201d Alba \u2013 Sala de lectur\u0103<\/strong><\/p>\n\n\n\n<p class=\"wp-block-paragraph\"><strong>Ora\n14:00 \u2013 15:30 <\/strong><\/p>\n\n\n\n<p class=\"wp-block-paragraph\"><em>Dialoguri culturale: 85 de ani de la na\u0219terea lui Grigore Vieru<\/em><\/p>\n\n\n\n<p class=\"wp-block-paragraph\">-prezentarea\nexpozi\u021biilor tematice<\/p>\n\n\n\n<p class=\"wp-block-paragraph\">-prezentarea vie\u021bii\n\u0219i operei scriitorului Grigore Vieru<\/p>\n\n\n\n<p class=\"wp-block-paragraph\">-conferin\u021ba cu\ntema: G\u00e2nduri pentru Grigore Vieru &#8211; 85 de ani de la na\u0219terea scriitorului<\/p>\n\n\n\n<p class=\"wp-block-paragraph\">Implicat\n\u00een Mi\u0219carea de Eliberare Na\u021bional\u0103 a Rom\u00e2nilor din Basarabia, Grigore Vieru a\nfost unul dintre ini\u021biatorii Frontului Popular din Moldova \u0219i s-a aflat printre\norganizatorii \u0219i conduc\u0103torii Marii Adun\u0103ri Na\u021bionale din 27 august 1989. A participat\nla sesiuni ale Sovietului Suprem \u00een care a sus\u021binut vehement necesitatea\nintroducerii limbii rom\u00e2ne ca limb\u0103 oficial\u0103 \u0219i trecerea la grafia latin\u0103 \u00een Republica Moldova. Supranumit \u201ePoetul podului\nde cuvinte\u201d Grigore Vieru a afirmat c\u0103: \u201eDac\u0103 visul unora a fost ori este s\u0103\najung\u0103 \u00een Cosmos, eu via\u0163a \u00eentreag\u0103 am visat s\u0103 trec Prutul\u201d. A fost prezent la\nAlba Iulia cu prilejul unor manifest\u0103ri\nculturale importante printre care amintim Congresul Spiritualit\u0103\u021bii Rom\u00e2ne\u0219ti.\nDin 2012 a devenit patronul spiritual al Bibliotecii \u201eAlba\n Iulia\u201d din Chi\u0219in\u0103u unde a fost amplasat un bust realizat de\nsculptorul albaiulian Romi Adam. Acela\u0219i sculptor a realizat \u0219i bustul\nscriitorului de pe Aleea Scriitorilor din Alba Iulia,\nunde \u00een fiecare an Grigore Vieru este omagiat de oficialit\u0103\u021bi \u0219i oameni de\ncultur\u0103. \u00cen semn de omagiu, Prim\u0103ria Municipiului Alba Iulia a conferit numele\nlui Grigore Vieru unei str\u0103zi din municipiu.<\/p>\n\n\n\n<p class=\"wp-block-paragraph\"><strong><em>Grigore Vieru<\/em><\/strong> s-a n\u0103scut la 14 februarie 1935 \u00een Perer\u00e2ta\n&#8211; Hotin din Republica Moldova. A debutat editorial \u00een 1954 cu volumul de\nversuri pentru copii, \u201eAlarma\u201d, \u00een acela\u0219i an c\u00e2\u0219ting\u00e2nd Premiul II la\nconcursul literar Festivalul Tineretului. \u00cen 1959 \u00eencepe o intens\u0103 activitate jurnalistic\u0103,\ntotodat\u0103 public\u00e2nd numeroase volume de poezie \u0219i proz\u0103. \u00cen anul 1974, urmare a\nrezultatelor pe t\u0103r\u00e2m literar a fost invitat s\u0103 se al\u0103ture scriitorilor din\nUniunea Scriitorilor din Rom\u00e2nia, de c\u0103tre pre\u0219edintele Zaharia Stancu. Urmeaz\u0103 o serie de premii \u0219i distinc\u021bii pentru\nactivitatea literar\u0103, primite at\u00e2t \u00een Republica Moldova c\u00e2t \u0219i \u00een Rom\u00e2nia. \u00cen 1988\nprime\u0219te cea mai prestigioas\u0103 distinc\u021bie interna\u021bional\u0103 \u00een domeniul literaturii\npentru copii, Diploma de Onoare Andersen. \u00cen 1990 este ales membru de\nonoare al Academiei Rom\u00e2ne, cuv\u00e2ntul de\nlaudatio fiind rostit de Zoe Dumitrecu \u2013 Bu\u0219ulenga iar \u00een 1993 devine membru corespondent\nal Academiei Rom\u00e2ne. \u00cen 1996 este decorat cu Ordinul Republicii iar \u00een 2007 i se\nconfera titlul de <em>Doctor Honoris Causa<\/em> al Academiei de \u0218tiin\u021be din\nRepublica Moldova.\n\u00cen acela\u0219i an prime\u0219te Medalia de Aur a Organiza\u021biei Mondiale de la Geneva.<\/p>\n\n\n\n<p class=\"wp-block-paragraph\">Grigore Vieru a decedat la 18 ianuarie 2009, la ora 1:20, \u00een urma unui grav accident de circula\u021bie, la Spitalul de Urgen\u021b\u0103 din Chi\u0219in\u0103u. \u00cen semn de pre\u021buire pentru activitatea sa literar\u0103 \u0219i pentru lupta neobosit\u0103 pentru unitatea rom\u00e2nilor, \u00een 19 ianuarie 2009, pre\u0219edin\u021bia Rom\u00e2niei i-a acordat post mortem, Ordinul Na\u021bional \u201eSteaua Rom\u00e2niei\u201d \u00een grad de Mare Cruce.<\/p>\n\n\n\n<figure class=\"wp-block-image size-large\"><img loading=\"lazy\" decoding=\"async\" width=\"526\" height=\"1280\" src=\"https:\/\/urbeamea.ro\/albaiulia\/wp-content\/uploads\/2020\/02\/Grigore-Vieru-14-februarie-1935-18-ianuarie-2009-526x1280.jpg\" alt=\"\" class=\"wp-image-87586\" srcset=\"https:\/\/urbeamea.ro\/albaiulia\/wp-content\/uploads\/2020\/02\/Grigore-Vieru-14-februarie-1935-18-ianuarie-2009-526x1280.jpg 526w, https:\/\/urbeamea.ro\/albaiulia\/wp-content\/uploads\/2020\/02\/Grigore-Vieru-14-februarie-1935-18-ianuarie-2009-263x640.jpg 263w, https:\/\/urbeamea.ro\/albaiulia\/wp-content\/uploads\/2020\/02\/Grigore-Vieru-14-februarie-1935-18-ianuarie-2009-62x150.jpg 62w, https:\/\/urbeamea.ro\/albaiulia\/wp-content\/uploads\/2020\/02\/Grigore-Vieru-14-februarie-1935-18-ianuarie-2009-631x1536.jpg 631w, https:\/\/urbeamea.ro\/albaiulia\/wp-content\/uploads\/2020\/02\/Grigore-Vieru-14-februarie-1935-18-ianuarie-2009.jpg 640w\" sizes=\"auto, (max-width: 526px) 100vw, 526px\" \/><\/figure>\n","protected":false},"excerpt":{"rendered":"<p>Vineri, 14 februarie 2020, Consiliul Jude\u021bean Alba \u0219i Biblioteca Jude\u021bean\u0103 \u201eLucian Blaga\u201d Alba, \u00een parteneriat cu Institu\u021bia Prefectului Jude\u021bului Alba, Prim\u0103ria Municipiului Alba Iulia, Direc\u021bia pentru Cultur\u0103 Alba, Uniunea Scriitorilor din Rom\u00e2nia, Filiala Alba \u2013 Hunedoara, Inspectoratul \u0218colar Alba, Universitatea \u201e1 Decembrie 1918\u201d Alba Iulia, Casa de Cultur\u0103 a Studen\u021bilor, Centrul de Cultur\u0103 \u201eAugustin Bena\u201d &hellip;<\/p>\n","protected":false},"author":17,"featured_media":87589,"comment_status":"open","ping_status":"open","sticky":false,"template":"","format":"standard","meta":{"inline_featured_image":false,"footnotes":""},"categories":[2038],"tags":[19766,847,2113,19767,7374,19768],"class_list":["post-87585","post","type-post","status-publish","format-standard","has-post-thumbnail","hentry","category-cultura","tag-85-de-ani-de-la-nasterea-scriitorului","tag-activitati","tag-biblioteca-judeteana-lucian-blaga-alba","tag-grigore-vieru","tag-omagiat","tag-viata-si-opera"],"yoast_head":"<!-- This site is optimized with the Yoast SEO plugin v28.3 - https:\/\/yoast.com\/product\/yoast-seo-wordpress\/ -->\n<title>Vineri: 85 de ani de la na\u0219terea scriitorului Grigore Vieru - Revista Urbea Mea - Revista de Alba<\/title>\n<meta name=\"description\" content=\"Vineri, 14 februarie 2020, Consiliul Jude\u021bean Alba \u0219i Biblioteca Jude\u021bean\u0103 \u201eLucian Blaga\u201d Alba, \u00een parteneriat cu Institu\u021bia Prefectului Jude\u021bului Alba,\" \/>\n<meta name=\"robots\" content=\"index, follow, max-snippet:-1, max-image-preview:large, max-video-preview:-1\" \/>\n<link rel=\"canonical\" href=\"https:\/\/urbeamea.ro\/albaiulia\/vineri-85-de-ani-de-la-nasterea-scriitorului-grigore-vieru\/\" \/>\n<meta name=\"twitter:card\" content=\"summary_large_image\" \/>\n<meta name=\"twitter:title\" content=\"Vineri: 85 de ani de la na\u0219terea scriitorului Grigore Vieru - Revista Urbea Mea - Revista de Alba\" \/>\n<meta name=\"twitter:description\" content=\"Vineri, 14 februarie 2020, Consiliul Jude\u021bean Alba \u0219i Biblioteca Jude\u021bean\u0103 \u201eLucian Blaga\u201d Alba, \u00een parteneriat cu Institu\u021bia Prefectului Jude\u021bului Alba,\" \/>\n<meta name=\"twitter:image\" content=\"https:\/\/urbeamea.ro\/albaiulia\/wp-content\/uploads\/2020\/02\/Afis-Vieru.jpg\" \/>\n<meta name=\"twitter:creator\" content=\"@urbeameaweb\" \/>\n<meta name=\"twitter:site\" content=\"@urbeameaweb\" \/>\n<script type=\"application\/ld+json\" class=\"yoast-schema-graph\">{\"@context\":\"https:\\\/\\\/schema.org\",\"@graph\":[{\"@type\":\"Article\",\"@id\":\"https:\\\/\\\/urbeamea.ro\\\/albaiulia\\\/vineri-85-de-ani-de-la-nasterea-scriitorului-grigore-vieru\\\/#article\",\"isPartOf\":{\"@id\":\"https:\\\/\\\/urbeamea.ro\\\/albaiulia\\\/vineri-85-de-ani-de-la-nasterea-scriitorului-grigore-vieru\\\/\"},\"author\":{\"name\":\"Cristina Ganga\",\"@id\":\"https:\\\/\\\/urbeamea.ro\\\/albaiulia\\\/#\\\/schema\\\/person\\\/9700d21fae21c4f038b0b56f4506264a\"},\"headline\":\"Vineri: 85 de ani de la na\u0219terea scriitorului Grigore Vieru\",\"datePublished\":\"2020-02-12T08:23:19+00:00\",\"dateModified\":\"2020-02-12T14:42:16+00:00\",\"mainEntityOfPage\":{\"@id\":\"https:\\\/\\\/urbeamea.ro\\\/albaiulia\\\/vineri-85-de-ani-de-la-nasterea-scriitorului-grigore-vieru\\\/\"},\"wordCount\":776,\"commentCount\":0,\"image\":{\"@id\":\"https:\\\/\\\/urbeamea.ro\\\/albaiulia\\\/vineri-85-de-ani-de-la-nasterea-scriitorului-grigore-vieru\\\/#primaryimage\"},\"thumbnailUrl\":\"https:\\\/\\\/urbeamea.ro\\\/albaiulia\\\/wp-content\\\/uploads\\\/2020\\\/02\\\/Afis-Vieru.jpg\",\"keywords\":[\"85 de ani de la nasterea scriitorului\",\"activitati\",\"Biblioteca Jude\u0163ean\u0103 \u201cLucian Blaga\u201d Alba\",\"grigore vieru\",\"omagiat\",\"viata si opera\"],\"articleSection\":[\"Cultur\u0103\"],\"inLanguage\":\"ro-RO\",\"potentialAction\":[{\"@type\":\"CommentAction\",\"name\":\"Comment\",\"target\":[\"https:\\\/\\\/urbeamea.ro\\\/albaiulia\\\/vineri-85-de-ani-de-la-nasterea-scriitorului-grigore-vieru\\\/#respond\"]}]},{\"@type\":\"WebPage\",\"@id\":\"https:\\\/\\\/urbeamea.ro\\\/albaiulia\\\/vineri-85-de-ani-de-la-nasterea-scriitorului-grigore-vieru\\\/\",\"url\":\"https:\\\/\\\/urbeamea.ro\\\/albaiulia\\\/vineri-85-de-ani-de-la-nasterea-scriitorului-grigore-vieru\\\/\",\"name\":\"Vineri: 85 de ani de la na\u0219terea scriitorului Grigore Vieru - Revista Urbea Mea - Revista de Alba\",\"isPartOf\":{\"@id\":\"https:\\\/\\\/urbeamea.ro\\\/albaiulia\\\/#website\"},\"primaryImageOfPage\":{\"@id\":\"https:\\\/\\\/urbeamea.ro\\\/albaiulia\\\/vineri-85-de-ani-de-la-nasterea-scriitorului-grigore-vieru\\\/#primaryimage\"},\"image\":{\"@id\":\"https:\\\/\\\/urbeamea.ro\\\/albaiulia\\\/vineri-85-de-ani-de-la-nasterea-scriitorului-grigore-vieru\\\/#primaryimage\"},\"thumbnailUrl\":\"https:\\\/\\\/urbeamea.ro\\\/albaiulia\\\/wp-content\\\/uploads\\\/2020\\\/02\\\/Afis-Vieru.jpg\",\"datePublished\":\"2020-02-12T08:23:19+00:00\",\"dateModified\":\"2020-02-12T14:42:16+00:00\",\"author\":{\"@id\":\"https:\\\/\\\/urbeamea.ro\\\/albaiulia\\\/#\\\/schema\\\/person\\\/9700d21fae21c4f038b0b56f4506264a\"},\"description\":\"Vineri, 14 februarie 2020, Consiliul Jude\u021bean Alba \u0219i Biblioteca Jude\u021bean\u0103 \u201eLucian Blaga\u201d Alba, \u00een parteneriat cu Institu\u021bia Prefectului Jude\u021bului Alba,\",\"breadcrumb\":{\"@id\":\"https:\\\/\\\/urbeamea.ro\\\/albaiulia\\\/vineri-85-de-ani-de-la-nasterea-scriitorului-grigore-vieru\\\/#breadcrumb\"},\"inLanguage\":\"ro-RO\",\"potentialAction\":[{\"@type\":\"ReadAction\",\"target\":[\"https:\\\/\\\/urbeamea.ro\\\/albaiulia\\\/vineri-85-de-ani-de-la-nasterea-scriitorului-grigore-vieru\\\/\"]}]},{\"@type\":\"ImageObject\",\"inLanguage\":\"ro-RO\",\"@id\":\"https:\\\/\\\/urbeamea.ro\\\/albaiulia\\\/vineri-85-de-ani-de-la-nasterea-scriitorului-grigore-vieru\\\/#primaryimage\",\"url\":\"https:\\\/\\\/urbeamea.ro\\\/albaiulia\\\/wp-content\\\/uploads\\\/2020\\\/02\\\/Afis-Vieru.jpg\",\"contentUrl\":\"https:\\\/\\\/urbeamea.ro\\\/albaiulia\\\/wp-content\\\/uploads\\\/2020\\\/02\\\/Afis-Vieru.jpg\",\"width\":1500,\"height\":1020},{\"@type\":\"BreadcrumbList\",\"@id\":\"https:\\\/\\\/urbeamea.ro\\\/albaiulia\\\/vineri-85-de-ani-de-la-nasterea-scriitorului-grigore-vieru\\\/#breadcrumb\",\"itemListElement\":[{\"@type\":\"ListItem\",\"position\":1,\"name\":\"Prima pagin\u0103\",\"item\":\"https:\\\/\\\/urbeamea.ro\\\/albaiulia\\\/\"},{\"@type\":\"ListItem\",\"position\":2,\"name\":\"Vineri: 85 de ani de la na\u0219terea scriitorului Grigore Vieru\"}]},{\"@type\":\"WebSite\",\"@id\":\"https:\\\/\\\/urbeamea.ro\\\/albaiulia\\\/#website\",\"url\":\"https:\\\/\\\/urbeamea.ro\\\/albaiulia\\\/\",\"name\":\"Revista Urbea Mea, Stiri urbane\",\"description\":\"Evenimente \u0219i \u0219tiri din Alba Iulia, Sebe\u0219, Aiud, Blaj\",\"potentialAction\":[{\"@type\":\"SearchAction\",\"target\":{\"@type\":\"EntryPoint\",\"urlTemplate\":\"https:\\\/\\\/urbeamea.ro\\\/albaiulia\\\/?s={search_term_string}\"},\"query-input\":{\"@type\":\"PropertyValueSpecification\",\"valueRequired\":true,\"valueName\":\"search_term_string\"}}],\"inLanguage\":\"ro-RO\"},{\"@type\":\"Person\",\"@id\":\"https:\\\/\\\/urbeamea.ro\\\/albaiulia\\\/#\\\/schema\\\/person\\\/9700d21fae21c4f038b0b56f4506264a\",\"name\":\"Cristina Ganga\",\"image\":{\"@type\":\"ImageObject\",\"inLanguage\":\"ro-RO\",\"@id\":\"https:\\\/\\\/secure.gravatar.com\\\/avatar\\\/5a67661041f057b4a8ccaf26f5a8e86e2689372006d01faf3dd9eeb10b654bb4?s=96&d=mm&r=g\",\"url\":\"https:\\\/\\\/secure.gravatar.com\\\/avatar\\\/5a67661041f057b4a8ccaf26f5a8e86e2689372006d01faf3dd9eeb10b654bb4?s=96&d=mm&r=g\",\"contentUrl\":\"https:\\\/\\\/secure.gravatar.com\\\/avatar\\\/5a67661041f057b4a8ccaf26f5a8e86e2689372006d01faf3dd9eeb10b654bb4?s=96&d=mm&r=g\",\"caption\":\"Cristina Ganga\"},\"description\":\"Jurnalist\",\"sameAs\":[\"https:\\\/\\\/www.facebook.com\\\/cristina.nicola.587\"],\"url\":\"https:\\\/\\\/urbeamea.ro\\\/albaiulia\\\/author\\\/cristina-nicola\\\/\"}]}<\/script>\n<!-- \/ Yoast SEO plugin. -->","yoast_head_json":{"title":"Vineri: 85 de ani de la na\u0219terea scriitorului Grigore Vieru - Revista Urbea Mea - Revista de Alba","description":"Vineri, 14 februarie 2020, Consiliul Jude\u021bean Alba \u0219i Biblioteca Jude\u021bean\u0103 \u201eLucian Blaga\u201d Alba, \u00een parteneriat cu Institu\u021bia Prefectului Jude\u021bului Alba,","robots":{"index":"index","follow":"follow","max-snippet":"max-snippet:-1","max-image-preview":"max-image-preview:large","max-video-preview":"max-video-preview:-1"},"canonical":"https:\/\/urbeamea.ro\/albaiulia\/vineri-85-de-ani-de-la-nasterea-scriitorului-grigore-vieru\/","twitter_card":"summary_large_image","twitter_title":"Vineri: 85 de ani de la na\u0219terea scriitorului Grigore Vieru - Revista Urbea Mea - Revista de Alba","twitter_description":"Vineri, 14 februarie 2020, Consiliul Jude\u021bean Alba \u0219i Biblioteca Jude\u021bean\u0103 \u201eLucian Blaga\u201d Alba, \u00een parteneriat cu Institu\u021bia Prefectului Jude\u021bului Alba,","twitter_image":"https:\/\/urbeamea.ro\/albaiulia\/wp-content\/uploads\/2020\/02\/Afis-Vieru.jpg","twitter_creator":"@urbeameaweb","twitter_site":"@urbeameaweb","schema":{"@context":"https:\/\/schema.org","@graph":[{"@type":"Article","@id":"https:\/\/urbeamea.ro\/albaiulia\/vineri-85-de-ani-de-la-nasterea-scriitorului-grigore-vieru\/#article","isPartOf":{"@id":"https:\/\/urbeamea.ro\/albaiulia\/vineri-85-de-ani-de-la-nasterea-scriitorului-grigore-vieru\/"},"author":{"name":"Cristina Ganga","@id":"https:\/\/urbeamea.ro\/albaiulia\/#\/schema\/person\/9700d21fae21c4f038b0b56f4506264a"},"headline":"Vineri: 85 de ani de la na\u0219terea scriitorului Grigore Vieru","datePublished":"2020-02-12T08:23:19+00:00","dateModified":"2020-02-12T14:42:16+00:00","mainEntityOfPage":{"@id":"https:\/\/urbeamea.ro\/albaiulia\/vineri-85-de-ani-de-la-nasterea-scriitorului-grigore-vieru\/"},"wordCount":776,"commentCount":0,"image":{"@id":"https:\/\/urbeamea.ro\/albaiulia\/vineri-85-de-ani-de-la-nasterea-scriitorului-grigore-vieru\/#primaryimage"},"thumbnailUrl":"https:\/\/urbeamea.ro\/albaiulia\/wp-content\/uploads\/2020\/02\/Afis-Vieru.jpg","keywords":["85 de ani de la nasterea scriitorului","activitati","Biblioteca Jude\u0163ean\u0103 \u201cLucian Blaga\u201d Alba","grigore vieru","omagiat","viata si opera"],"articleSection":["Cultur\u0103"],"inLanguage":"ro-RO","potentialAction":[{"@type":"CommentAction","name":"Comment","target":["https:\/\/urbeamea.ro\/albaiulia\/vineri-85-de-ani-de-la-nasterea-scriitorului-grigore-vieru\/#respond"]}]},{"@type":"WebPage","@id":"https:\/\/urbeamea.ro\/albaiulia\/vineri-85-de-ani-de-la-nasterea-scriitorului-grigore-vieru\/","url":"https:\/\/urbeamea.ro\/albaiulia\/vineri-85-de-ani-de-la-nasterea-scriitorului-grigore-vieru\/","name":"Vineri: 85 de ani de la na\u0219terea scriitorului Grigore Vieru - Revista Urbea Mea - Revista de Alba","isPartOf":{"@id":"https:\/\/urbeamea.ro\/albaiulia\/#website"},"primaryImageOfPage":{"@id":"https:\/\/urbeamea.ro\/albaiulia\/vineri-85-de-ani-de-la-nasterea-scriitorului-grigore-vieru\/#primaryimage"},"image":{"@id":"https:\/\/urbeamea.ro\/albaiulia\/vineri-85-de-ani-de-la-nasterea-scriitorului-grigore-vieru\/#primaryimage"},"thumbnailUrl":"https:\/\/urbeamea.ro\/albaiulia\/wp-content\/uploads\/2020\/02\/Afis-Vieru.jpg","datePublished":"2020-02-12T08:23:19+00:00","dateModified":"2020-02-12T14:42:16+00:00","author":{"@id":"https:\/\/urbeamea.ro\/albaiulia\/#\/schema\/person\/9700d21fae21c4f038b0b56f4506264a"},"description":"Vineri, 14 februarie 2020, Consiliul Jude\u021bean Alba \u0219i Biblioteca Jude\u021bean\u0103 \u201eLucian Blaga\u201d Alba, \u00een parteneriat cu Institu\u021bia Prefectului Jude\u021bului Alba,","breadcrumb":{"@id":"https:\/\/urbeamea.ro\/albaiulia\/vineri-85-de-ani-de-la-nasterea-scriitorului-grigore-vieru\/#breadcrumb"},"inLanguage":"ro-RO","potentialAction":[{"@type":"ReadAction","target":["https:\/\/urbeamea.ro\/albaiulia\/vineri-85-de-ani-de-la-nasterea-scriitorului-grigore-vieru\/"]}]},{"@type":"ImageObject","inLanguage":"ro-RO","@id":"https:\/\/urbeamea.ro\/albaiulia\/vineri-85-de-ani-de-la-nasterea-scriitorului-grigore-vieru\/#primaryimage","url":"https:\/\/urbeamea.ro\/albaiulia\/wp-content\/uploads\/2020\/02\/Afis-Vieru.jpg","contentUrl":"https:\/\/urbeamea.ro\/albaiulia\/wp-content\/uploads\/2020\/02\/Afis-Vieru.jpg","width":1500,"height":1020},{"@type":"BreadcrumbList","@id":"https:\/\/urbeamea.ro\/albaiulia\/vineri-85-de-ani-de-la-nasterea-scriitorului-grigore-vieru\/#breadcrumb","itemListElement":[{"@type":"ListItem","position":1,"name":"Prima pagin\u0103","item":"https:\/\/urbeamea.ro\/albaiulia\/"},{"@type":"ListItem","position":2,"name":"Vineri: 85 de ani de la na\u0219terea scriitorului Grigore Vieru"}]},{"@type":"WebSite","@id":"https:\/\/urbeamea.ro\/albaiulia\/#website","url":"https:\/\/urbeamea.ro\/albaiulia\/","name":"Revista Urbea Mea, Stiri urbane","description":"Evenimente \u0219i \u0219tiri din Alba Iulia, Sebe\u0219, Aiud, Blaj","potentialAction":[{"@type":"SearchAction","target":{"@type":"EntryPoint","urlTemplate":"https:\/\/urbeamea.ro\/albaiulia\/?s={search_term_string}"},"query-input":{"@type":"PropertyValueSpecification","valueRequired":true,"valueName":"search_term_string"}}],"inLanguage":"ro-RO"},{"@type":"Person","@id":"https:\/\/urbeamea.ro\/albaiulia\/#\/schema\/person\/9700d21fae21c4f038b0b56f4506264a","name":"Cristina Ganga","image":{"@type":"ImageObject","inLanguage":"ro-RO","@id":"https:\/\/secure.gravatar.com\/avatar\/5a67661041f057b4a8ccaf26f5a8e86e2689372006d01faf3dd9eeb10b654bb4?s=96&d=mm&r=g","url":"https:\/\/secure.gravatar.com\/avatar\/5a67661041f057b4a8ccaf26f5a8e86e2689372006d01faf3dd9eeb10b654bb4?s=96&d=mm&r=g","contentUrl":"https:\/\/secure.gravatar.com\/avatar\/5a67661041f057b4a8ccaf26f5a8e86e2689372006d01faf3dd9eeb10b654bb4?s=96&d=mm&r=g","caption":"Cristina Ganga"},"description":"Jurnalist","sameAs":["https:\/\/www.facebook.com\/cristina.nicola.587"],"url":"https:\/\/urbeamea.ro\/albaiulia\/author\/cristina-nicola\/"}]}},"_links":{"self":[{"href":"https:\/\/urbeamea.ro\/albaiulia\/wp-json\/wp\/v2\/posts\/87585","targetHints":{"allow":["GET"]}}],"collection":[{"href":"https:\/\/urbeamea.ro\/albaiulia\/wp-json\/wp\/v2\/posts"}],"about":[{"href":"https:\/\/urbeamea.ro\/albaiulia\/wp-json\/wp\/v2\/types\/post"}],"author":[{"embeddable":true,"href":"https:\/\/urbeamea.ro\/albaiulia\/wp-json\/wp\/v2\/users\/17"}],"replies":[{"embeddable":true,"href":"https:\/\/urbeamea.ro\/albaiulia\/wp-json\/wp\/v2\/comments?post=87585"}],"version-history":[{"count":0,"href":"https:\/\/urbeamea.ro\/albaiulia\/wp-json\/wp\/v2\/posts\/87585\/revisions"}],"wp:featuredmedia":[{"embeddable":true,"href":"https:\/\/urbeamea.ro\/albaiulia\/wp-json\/wp\/v2\/media\/87589"}],"wp:attachment":[{"href":"https:\/\/urbeamea.ro\/albaiulia\/wp-json\/wp\/v2\/media?parent=87585"}],"wp:term":[{"taxonomy":"category","embeddable":true,"href":"https:\/\/urbeamea.ro\/albaiulia\/wp-json\/wp\/v2\/categories?post=87585"},{"taxonomy":"post_tag","embeddable":true,"href":"https:\/\/urbeamea.ro\/albaiulia\/wp-json\/wp\/v2\/tags?post=87585"}],"curies":[{"name":"wp","href":"https:\/\/api.w.org\/{rel}","templated":true}]}}