{"id":87639,"date":"2020-02-17T10:23:44","date_gmt":"2020-02-17T08:23:44","guid":{"rendered":"https:\/\/urbeamea.ro\/albaiulia\/?p=87639"},"modified":"2020-02-17T10:23:46","modified_gmt":"2020-02-17T08:23:46","slug":"miercuri-expozitie-de-fotografie-la-caminul-cultural-ciumbrud","status":"publish","type":"post","link":"https:\/\/urbeamea.ro\/albaiulia\/miercuri-expozitie-de-fotografie-la-caminul-cultural-ciumbrud\/","title":{"rendered":"Miercuri: Expozi\u021bie de fotografie la C\u0103minul Cultural Ciumbrud"},"content":{"rendered":"\n<h4 class=\"wp-block-heading\">C\u0103minul Cultural Ciumbrud g\u0103zduie\u0219te miercuri, 19 februarie 2020, \u00eencep\u00e2nd cu ora 11.00, o expozi\u021bie de fotografie, dedicat\u0103 operei \u0219i vie\u021bii sculptorului Constantin Br\u00e2ncu\u0219i. Expozi\u021bia este semnat\u0103 de artistul Ioan H\u0103d\u0103rig. <\/h4>\n\n\n\n<p class=\"wp-block-paragraph\">Fotograful propune o c\u0103l\u0103torie imaginar\u0103 prin trei importante muzee din New York unde au fost organizate, \u00een anul 2019, retrospective dedicate operei \u0219i vie\u021bii lui Constantin Br\u00e2ncusi: dou\u0103 ample expozi\u021bii organizate de Muzeul de Art\u0103 Modern\u0103 MoMA \u0219i Muzeul Guggenheim, precum \u0219i o lucare a artistului \u00eentr-un nou spa\u021biu conceptual \u00een cadrul MET Muzeului Metropolitan de Art\u0103 din New York. <\/p>\n\n\n\n<p class=\"wp-block-paragraph\">De asemenea va avea loc \u0219i o prezentare de carte: Alexandru Buican \u2013 Br\u00e2ncu\u0219i, editura Artemis 2007. <\/p>\n\n\n\n<p class=\"wp-block-paragraph\">Organizatorii evenimentului cultural sunt Centrul Cultural Liviu Rebreanu Aiud, Funda\u021bia Inter-Art Aiud, Astra Desp\u0103r\u021b\u0103m\u00e2ntul Ovidiu Hulea Aiud, Prim\u0103ria\/Consiliul Local Aiud. <\/p>\n","protected":false},"excerpt":{"rendered":"<p>C\u0103minul Cultural Ciumbrud g\u0103zduie\u0219te miercuri, 19 februarie 2020, \u00eencep\u00e2nd cu ora 11.00, o expozi\u021bie de fotografie, dedicat\u0103 operei \u0219i vie\u021bii sculptorului Constantin Br\u00e2ncu\u0219i. Expozi\u021bia este semnat\u0103 de artistul Ioan H\u0103d\u0103rig. Fotograful propune o c\u0103l\u0103torie imaginar\u0103 prin trei importante muzee din New York unde au fost organizate, \u00een anul 2019, retrospective dedicate operei \u0219i vie\u021bii lui &hellip;<\/p>\n","protected":false},"author":17,"featured_media":87640,"comment_status":"open","ping_status":"open","sticky":false,"template":"","format":"standard","meta":{"inline_featured_image":false,"footnotes":""},"categories":[2038],"tags":[19789,12660,10069,2970,19790],"class_list":["post-87639","post","type-post","status-publish","format-standard","has-post-thumbnail","hentry","category-cultura","tag-aopera-si-viata-sculptorului-constantin-brancusi","tag-caminul-cultural-ciumbrud","tag-expozitie-de-fotografie","tag-ioan-hadarig","tag-prezentare-de-carte"],"yoast_head":"<!-- This site is optimized with the Yoast SEO plugin v28.3 - https:\/\/yoast.com\/product\/yoast-seo-wordpress\/ -->\n<title>Miercuri: Expozi\u021bie de fotografie la C\u0103minul Cultural Ciumbrud - Revista Urbea Mea - Revista de Alba<\/title>\n<meta name=\"description\" content=\"C\u0103minul Cultural Ciumbrud g\u0103zduie\u0219te miercuri, 19 februarie 2020, \u00eencep\u00e2nd cu ora 11.00, o expozi\u021bie de fotografie, dedicat\u0103 operei \u0219i vie\u021bii sculptorului\" \/>\n<meta name=\"robots\" content=\"index, follow, max-snippet:-1, max-image-preview:large, max-video-preview:-1\" \/>\n<link rel=\"canonical\" href=\"https:\/\/urbeamea.ro\/albaiulia\/miercuri-expozitie-de-fotografie-la-caminul-cultural-ciumbrud\/\" \/>\n<meta name=\"twitter:card\" content=\"summary_large_image\" \/>\n<meta name=\"twitter:title\" content=\"Miercuri: Expozi\u021bie de fotografie la C\u0103minul Cultural Ciumbrud - Revista Urbea Mea - Revista de Alba\" \/>\n<meta name=\"twitter:description\" content=\"C\u0103minul Cultural Ciumbrud g\u0103zduie\u0219te miercuri, 19 februarie 2020, \u00eencep\u00e2nd cu ora 11.00, o expozi\u021bie de fotografie, dedicat\u0103 operei \u0219i vie\u021bii sculptorului\" \/>\n<meta name=\"twitter:image\" content=\"https:\/\/urbeamea.ro\/albaiulia\/wp-content\/uploads\/2020\/02\/afis-brancusi-ih-2020.jpg\" \/>\n<meta name=\"twitter:creator\" content=\"@urbeameaweb\" \/>\n<meta name=\"twitter:site\" content=\"@urbeameaweb\" \/>\n<script type=\"application\/ld+json\" class=\"yoast-schema-graph\">{\"@context\":\"https:\\\/\\\/schema.org\",\"@graph\":[{\"@type\":\"Article\",\"@id\":\"https:\\\/\\\/urbeamea.ro\\\/albaiulia\\\/miercuri-expozitie-de-fotografie-la-caminul-cultural-ciumbrud\\\/#article\",\"isPartOf\":{\"@id\":\"https:\\\/\\\/urbeamea.ro\\\/albaiulia\\\/miercuri-expozitie-de-fotografie-la-caminul-cultural-ciumbrud\\\/\"},\"author\":{\"name\":\"Cristina Ganga\",\"@id\":\"https:\\\/\\\/urbeamea.ro\\\/albaiulia\\\/#\\\/schema\\\/person\\\/9700d21fae21c4f038b0b56f4506264a\"},\"headline\":\"Miercuri: Expozi\u021bie de fotografie la C\u0103minul Cultural Ciumbrud\",\"datePublished\":\"2020-02-17T08:23:44+00:00\",\"dateModified\":\"2020-02-17T08:23:46+00:00\",\"mainEntityOfPage\":{\"@id\":\"https:\\\/\\\/urbeamea.ro\\\/albaiulia\\\/miercuri-expozitie-de-fotografie-la-caminul-cultural-ciumbrud\\\/\"},\"wordCount\":156,\"commentCount\":0,\"image\":{\"@id\":\"https:\\\/\\\/urbeamea.ro\\\/albaiulia\\\/miercuri-expozitie-de-fotografie-la-caminul-cultural-ciumbrud\\\/#primaryimage\"},\"thumbnailUrl\":\"https:\\\/\\\/urbeamea.ro\\\/albaiulia\\\/wp-content\\\/uploads\\\/2020\\\/02\\\/afis-brancusi-ih-2020.jpg\",\"keywords\":[\"aopera si viata sculptorului constantin brancusi\",\"caminul cultural ciumbrud\",\"expozitie de fotografie\",\"ioan hadarig\",\"prezentare de carte\"],\"articleSection\":[\"Cultur\u0103\"],\"inLanguage\":\"ro-RO\",\"potentialAction\":[{\"@type\":\"CommentAction\",\"name\":\"Comment\",\"target\":[\"https:\\\/\\\/urbeamea.ro\\\/albaiulia\\\/miercuri-expozitie-de-fotografie-la-caminul-cultural-ciumbrud\\\/#respond\"]}]},{\"@type\":\"WebPage\",\"@id\":\"https:\\\/\\\/urbeamea.ro\\\/albaiulia\\\/miercuri-expozitie-de-fotografie-la-caminul-cultural-ciumbrud\\\/\",\"url\":\"https:\\\/\\\/urbeamea.ro\\\/albaiulia\\\/miercuri-expozitie-de-fotografie-la-caminul-cultural-ciumbrud\\\/\",\"name\":\"Miercuri: Expozi\u021bie de fotografie la C\u0103minul Cultural Ciumbrud - Revista Urbea Mea - Revista de Alba\",\"isPartOf\":{\"@id\":\"https:\\\/\\\/urbeamea.ro\\\/albaiulia\\\/#website\"},\"primaryImageOfPage\":{\"@id\":\"https:\\\/\\\/urbeamea.ro\\\/albaiulia\\\/miercuri-expozitie-de-fotografie-la-caminul-cultural-ciumbrud\\\/#primaryimage\"},\"image\":{\"@id\":\"https:\\\/\\\/urbeamea.ro\\\/albaiulia\\\/miercuri-expozitie-de-fotografie-la-caminul-cultural-ciumbrud\\\/#primaryimage\"},\"thumbnailUrl\":\"https:\\\/\\\/urbeamea.ro\\\/albaiulia\\\/wp-content\\\/uploads\\\/2020\\\/02\\\/afis-brancusi-ih-2020.jpg\",\"datePublished\":\"2020-02-17T08:23:44+00:00\",\"dateModified\":\"2020-02-17T08:23:46+00:00\",\"author\":{\"@id\":\"https:\\\/\\\/urbeamea.ro\\\/albaiulia\\\/#\\\/schema\\\/person\\\/9700d21fae21c4f038b0b56f4506264a\"},\"description\":\"C\u0103minul Cultural Ciumbrud g\u0103zduie\u0219te miercuri, 19 februarie 2020, \u00eencep\u00e2nd cu ora 11.00, o expozi\u021bie de fotografie, dedicat\u0103 operei \u0219i vie\u021bii sculptorului\",\"breadcrumb\":{\"@id\":\"https:\\\/\\\/urbeamea.ro\\\/albaiulia\\\/miercuri-expozitie-de-fotografie-la-caminul-cultural-ciumbrud\\\/#breadcrumb\"},\"inLanguage\":\"ro-RO\",\"potentialAction\":[{\"@type\":\"ReadAction\",\"target\":[\"https:\\\/\\\/urbeamea.ro\\\/albaiulia\\\/miercuri-expozitie-de-fotografie-la-caminul-cultural-ciumbrud\\\/\"]}]},{\"@type\":\"ImageObject\",\"inLanguage\":\"ro-RO\",\"@id\":\"https:\\\/\\\/urbeamea.ro\\\/albaiulia\\\/miercuri-expozitie-de-fotografie-la-caminul-cultural-ciumbrud\\\/#primaryimage\",\"url\":\"https:\\\/\\\/urbeamea.ro\\\/albaiulia\\\/wp-content\\\/uploads\\\/2020\\\/02\\\/afis-brancusi-ih-2020.jpg\",\"contentUrl\":\"https:\\\/\\\/urbeamea.ro\\\/albaiulia\\\/wp-content\\\/uploads\\\/2020\\\/02\\\/afis-brancusi-ih-2020.jpg\",\"width\":1500,\"height\":1057},{\"@type\":\"BreadcrumbList\",\"@id\":\"https:\\\/\\\/urbeamea.ro\\\/albaiulia\\\/miercuri-expozitie-de-fotografie-la-caminul-cultural-ciumbrud\\\/#breadcrumb\",\"itemListElement\":[{\"@type\":\"ListItem\",\"position\":1,\"name\":\"Prima pagin\u0103\",\"item\":\"https:\\\/\\\/urbeamea.ro\\\/albaiulia\\\/\"},{\"@type\":\"ListItem\",\"position\":2,\"name\":\"Miercuri: Expozi\u021bie de fotografie la C\u0103minul Cultural Ciumbrud\"}]},{\"@type\":\"WebSite\",\"@id\":\"https:\\\/\\\/urbeamea.ro\\\/albaiulia\\\/#website\",\"url\":\"https:\\\/\\\/urbeamea.ro\\\/albaiulia\\\/\",\"name\":\"Revista Urbea Mea, Stiri urbane\",\"description\":\"Evenimente \u0219i \u0219tiri din Alba Iulia, Sebe\u0219, Aiud, Blaj\",\"potentialAction\":[{\"@type\":\"SearchAction\",\"target\":{\"@type\":\"EntryPoint\",\"urlTemplate\":\"https:\\\/\\\/urbeamea.ro\\\/albaiulia\\\/?s={search_term_string}\"},\"query-input\":{\"@type\":\"PropertyValueSpecification\",\"valueRequired\":true,\"valueName\":\"search_term_string\"}}],\"inLanguage\":\"ro-RO\"},{\"@type\":\"Person\",\"@id\":\"https:\\\/\\\/urbeamea.ro\\\/albaiulia\\\/#\\\/schema\\\/person\\\/9700d21fae21c4f038b0b56f4506264a\",\"name\":\"Cristina Ganga\",\"image\":{\"@type\":\"ImageObject\",\"inLanguage\":\"ro-RO\",\"@id\":\"https:\\\/\\\/secure.gravatar.com\\\/avatar\\\/5a67661041f057b4a8ccaf26f5a8e86e2689372006d01faf3dd9eeb10b654bb4?s=96&d=mm&r=g\",\"url\":\"https:\\\/\\\/secure.gravatar.com\\\/avatar\\\/5a67661041f057b4a8ccaf26f5a8e86e2689372006d01faf3dd9eeb10b654bb4?s=96&d=mm&r=g\",\"contentUrl\":\"https:\\\/\\\/secure.gravatar.com\\\/avatar\\\/5a67661041f057b4a8ccaf26f5a8e86e2689372006d01faf3dd9eeb10b654bb4?s=96&d=mm&r=g\",\"caption\":\"Cristina Ganga\"},\"description\":\"Jurnalist\",\"sameAs\":[\"https:\\\/\\\/www.facebook.com\\\/cristina.nicola.587\"],\"url\":\"https:\\\/\\\/urbeamea.ro\\\/albaiulia\\\/author\\\/cristina-nicola\\\/\"}]}<\/script>\n<!-- \/ Yoast SEO plugin. -->","yoast_head_json":{"title":"Miercuri: Expozi\u021bie de fotografie la C\u0103minul Cultural Ciumbrud - Revista Urbea Mea - Revista de Alba","description":"C\u0103minul Cultural Ciumbrud g\u0103zduie\u0219te miercuri, 19 februarie 2020, \u00eencep\u00e2nd cu ora 11.00, o expozi\u021bie de fotografie, dedicat\u0103 operei \u0219i vie\u021bii sculptorului","robots":{"index":"index","follow":"follow","max-snippet":"max-snippet:-1","max-image-preview":"max-image-preview:large","max-video-preview":"max-video-preview:-1"},"canonical":"https:\/\/urbeamea.ro\/albaiulia\/miercuri-expozitie-de-fotografie-la-caminul-cultural-ciumbrud\/","twitter_card":"summary_large_image","twitter_title":"Miercuri: Expozi\u021bie de fotografie la C\u0103minul Cultural Ciumbrud - Revista Urbea Mea - Revista de Alba","twitter_description":"C\u0103minul Cultural Ciumbrud g\u0103zduie\u0219te miercuri, 19 februarie 2020, \u00eencep\u00e2nd cu ora 11.00, o expozi\u021bie de fotografie, dedicat\u0103 operei \u0219i vie\u021bii sculptorului","twitter_image":"https:\/\/urbeamea.ro\/albaiulia\/wp-content\/uploads\/2020\/02\/afis-brancusi-ih-2020.jpg","twitter_creator":"@urbeameaweb","twitter_site":"@urbeameaweb","schema":{"@context":"https:\/\/schema.org","@graph":[{"@type":"Article","@id":"https:\/\/urbeamea.ro\/albaiulia\/miercuri-expozitie-de-fotografie-la-caminul-cultural-ciumbrud\/#article","isPartOf":{"@id":"https:\/\/urbeamea.ro\/albaiulia\/miercuri-expozitie-de-fotografie-la-caminul-cultural-ciumbrud\/"},"author":{"name":"Cristina Ganga","@id":"https:\/\/urbeamea.ro\/albaiulia\/#\/schema\/person\/9700d21fae21c4f038b0b56f4506264a"},"headline":"Miercuri: Expozi\u021bie de fotografie la C\u0103minul Cultural Ciumbrud","datePublished":"2020-02-17T08:23:44+00:00","dateModified":"2020-02-17T08:23:46+00:00","mainEntityOfPage":{"@id":"https:\/\/urbeamea.ro\/albaiulia\/miercuri-expozitie-de-fotografie-la-caminul-cultural-ciumbrud\/"},"wordCount":156,"commentCount":0,"image":{"@id":"https:\/\/urbeamea.ro\/albaiulia\/miercuri-expozitie-de-fotografie-la-caminul-cultural-ciumbrud\/#primaryimage"},"thumbnailUrl":"https:\/\/urbeamea.ro\/albaiulia\/wp-content\/uploads\/2020\/02\/afis-brancusi-ih-2020.jpg","keywords":["aopera si viata sculptorului constantin brancusi","caminul cultural ciumbrud","expozitie de fotografie","ioan hadarig","prezentare de carte"],"articleSection":["Cultur\u0103"],"inLanguage":"ro-RO","potentialAction":[{"@type":"CommentAction","name":"Comment","target":["https:\/\/urbeamea.ro\/albaiulia\/miercuri-expozitie-de-fotografie-la-caminul-cultural-ciumbrud\/#respond"]}]},{"@type":"WebPage","@id":"https:\/\/urbeamea.ro\/albaiulia\/miercuri-expozitie-de-fotografie-la-caminul-cultural-ciumbrud\/","url":"https:\/\/urbeamea.ro\/albaiulia\/miercuri-expozitie-de-fotografie-la-caminul-cultural-ciumbrud\/","name":"Miercuri: Expozi\u021bie de fotografie la C\u0103minul Cultural Ciumbrud - Revista Urbea Mea - Revista de Alba","isPartOf":{"@id":"https:\/\/urbeamea.ro\/albaiulia\/#website"},"primaryImageOfPage":{"@id":"https:\/\/urbeamea.ro\/albaiulia\/miercuri-expozitie-de-fotografie-la-caminul-cultural-ciumbrud\/#primaryimage"},"image":{"@id":"https:\/\/urbeamea.ro\/albaiulia\/miercuri-expozitie-de-fotografie-la-caminul-cultural-ciumbrud\/#primaryimage"},"thumbnailUrl":"https:\/\/urbeamea.ro\/albaiulia\/wp-content\/uploads\/2020\/02\/afis-brancusi-ih-2020.jpg","datePublished":"2020-02-17T08:23:44+00:00","dateModified":"2020-02-17T08:23:46+00:00","author":{"@id":"https:\/\/urbeamea.ro\/albaiulia\/#\/schema\/person\/9700d21fae21c4f038b0b56f4506264a"},"description":"C\u0103minul Cultural Ciumbrud g\u0103zduie\u0219te miercuri, 19 februarie 2020, \u00eencep\u00e2nd cu ora 11.00, o expozi\u021bie de fotografie, dedicat\u0103 operei \u0219i vie\u021bii sculptorului","breadcrumb":{"@id":"https:\/\/urbeamea.ro\/albaiulia\/miercuri-expozitie-de-fotografie-la-caminul-cultural-ciumbrud\/#breadcrumb"},"inLanguage":"ro-RO","potentialAction":[{"@type":"ReadAction","target":["https:\/\/urbeamea.ro\/albaiulia\/miercuri-expozitie-de-fotografie-la-caminul-cultural-ciumbrud\/"]}]},{"@type":"ImageObject","inLanguage":"ro-RO","@id":"https:\/\/urbeamea.ro\/albaiulia\/miercuri-expozitie-de-fotografie-la-caminul-cultural-ciumbrud\/#primaryimage","url":"https:\/\/urbeamea.ro\/albaiulia\/wp-content\/uploads\/2020\/02\/afis-brancusi-ih-2020.jpg","contentUrl":"https:\/\/urbeamea.ro\/albaiulia\/wp-content\/uploads\/2020\/02\/afis-brancusi-ih-2020.jpg","width":1500,"height":1057},{"@type":"BreadcrumbList","@id":"https:\/\/urbeamea.ro\/albaiulia\/miercuri-expozitie-de-fotografie-la-caminul-cultural-ciumbrud\/#breadcrumb","itemListElement":[{"@type":"ListItem","position":1,"name":"Prima pagin\u0103","item":"https:\/\/urbeamea.ro\/albaiulia\/"},{"@type":"ListItem","position":2,"name":"Miercuri: Expozi\u021bie de fotografie la C\u0103minul Cultural Ciumbrud"}]},{"@type":"WebSite","@id":"https:\/\/urbeamea.ro\/albaiulia\/#website","url":"https:\/\/urbeamea.ro\/albaiulia\/","name":"Revista Urbea Mea, Stiri urbane","description":"Evenimente \u0219i \u0219tiri din Alba Iulia, Sebe\u0219, Aiud, Blaj","potentialAction":[{"@type":"SearchAction","target":{"@type":"EntryPoint","urlTemplate":"https:\/\/urbeamea.ro\/albaiulia\/?s={search_term_string}"},"query-input":{"@type":"PropertyValueSpecification","valueRequired":true,"valueName":"search_term_string"}}],"inLanguage":"ro-RO"},{"@type":"Person","@id":"https:\/\/urbeamea.ro\/albaiulia\/#\/schema\/person\/9700d21fae21c4f038b0b56f4506264a","name":"Cristina Ganga","image":{"@type":"ImageObject","inLanguage":"ro-RO","@id":"https:\/\/secure.gravatar.com\/avatar\/5a67661041f057b4a8ccaf26f5a8e86e2689372006d01faf3dd9eeb10b654bb4?s=96&d=mm&r=g","url":"https:\/\/secure.gravatar.com\/avatar\/5a67661041f057b4a8ccaf26f5a8e86e2689372006d01faf3dd9eeb10b654bb4?s=96&d=mm&r=g","contentUrl":"https:\/\/secure.gravatar.com\/avatar\/5a67661041f057b4a8ccaf26f5a8e86e2689372006d01faf3dd9eeb10b654bb4?s=96&d=mm&r=g","caption":"Cristina Ganga"},"description":"Jurnalist","sameAs":["https:\/\/www.facebook.com\/cristina.nicola.587"],"url":"https:\/\/urbeamea.ro\/albaiulia\/author\/cristina-nicola\/"}]}},"_links":{"self":[{"href":"https:\/\/urbeamea.ro\/albaiulia\/wp-json\/wp\/v2\/posts\/87639","targetHints":{"allow":["GET"]}}],"collection":[{"href":"https:\/\/urbeamea.ro\/albaiulia\/wp-json\/wp\/v2\/posts"}],"about":[{"href":"https:\/\/urbeamea.ro\/albaiulia\/wp-json\/wp\/v2\/types\/post"}],"author":[{"embeddable":true,"href":"https:\/\/urbeamea.ro\/albaiulia\/wp-json\/wp\/v2\/users\/17"}],"replies":[{"embeddable":true,"href":"https:\/\/urbeamea.ro\/albaiulia\/wp-json\/wp\/v2\/comments?post=87639"}],"version-history":[{"count":0,"href":"https:\/\/urbeamea.ro\/albaiulia\/wp-json\/wp\/v2\/posts\/87639\/revisions"}],"wp:featuredmedia":[{"embeddable":true,"href":"https:\/\/urbeamea.ro\/albaiulia\/wp-json\/wp\/v2\/media\/87640"}],"wp:attachment":[{"href":"https:\/\/urbeamea.ro\/albaiulia\/wp-json\/wp\/v2\/media?parent=87639"}],"wp:term":[{"taxonomy":"category","embeddable":true,"href":"https:\/\/urbeamea.ro\/albaiulia\/wp-json\/wp\/v2\/categories?post=87639"},{"taxonomy":"post_tag","embeddable":true,"href":"https:\/\/urbeamea.ro\/albaiulia\/wp-json\/wp\/v2\/tags?post=87639"}],"curies":[{"name":"wp","href":"https:\/\/api.w.org\/{rel}","templated":true}]}}