{"id":87642,"date":"2020-02-17T10:51:40","date_gmt":"2020-02-17T08:51:40","guid":{"rendered":"https:\/\/urbeamea.ro\/albaiulia\/?p=87642"},"modified":"2020-02-17T10:51:48","modified_gmt":"2020-02-17T08:51:48","slug":"povesti-din-saptamana-altfel-demarate-de-clubul-de-carte-cu-copiii-la-povesti","status":"publish","type":"post","link":"https:\/\/urbeamea.ro\/albaiulia\/povesti-din-saptamana-altfel-demarate-de-clubul-de-carte-cu-copiii-la-povesti\/","title":{"rendered":"Pove\u0219ti din S\u0103pt\u0103m\u00e2na Altfel demarate de Clubul de carte Cu copiii la pove\u0219ti"},"content":{"rendered":"\n<h4 class=\"wp-block-heading\">Clubul de carte Cu copiii la pove\u0219ti deschide calea c\u0103tre o comunitate ce cite\u0219te, unde pove\u0219tile sunt o surs\u0103 de inspira\u021bie, deschidere \u0219i educare.<\/h4>\n\n\n\n<blockquote class=\"wp-block-quote is-layout-flow wp-block-quote-is-layout-flow\"><p>\u201eTocmai de aceea, \u00eentindem o m\u00e2n\u0103 de ajutor educa\u021biei formale, ce simte nevoia de dezvoltare multilateral\u0103 a copiilor, iar \u00een cadrul programului na\u021bional \u201c\u0218coala Altfel\u201d, demar\u0103m proiectul Pove\u0219ti din S\u0103pt\u0103mana Altfel.\u201d, transmit organizatorii.<\/p><\/blockquote>\n\n\n\n<p class=\"wp-block-paragraph\">Am \u00eenv\u0103\u021bat ca e important\u0103 Cartea, \u00eens\u0103 la fel de important e \u0219i Omul ce aduce cartea \u00een via\u021ba celor mici. Iar \u00een acest context, p\u0103rin\u021bii \u0219i dasc\u0103lii joac\u0103 un rol crucial! Dac\u0103 p\u0103rin\u021bii \u00een\u021beleg importan\u021ba lecturii, e cel pu\u021bin la fel de important ca \u0219i cadrele didactice s\u0103 se implice \u00een a-i face pe cei mici sa iubeasc\u0103 lumea c\u0103r\u021bilor!<\/p>\n\n\n\n<p class=\"wp-block-paragraph\">A\u0219adar, adres\u0103m invita\u021bia de a se \u00eenscrie pentru una dintre cele 5 \u00cent\u00e2lniri de lectura, Gr\u0103dini\u021belor si \u0218colilor primare din jude\u021b, in perioada 17 Februarie &#8211; 17 mai. Educatorii si \u00eenv\u0103\u021b\u0103torii pot completa formularul de \u00eenscriere online disponibil aici:<br><a rel=\"noreferrer noopener\" target=\"_blank\" href=\"https:\/\/forms.gle\/vj9nSSbcqUfEWpRe8?fbclid=IwAR1m4I6h2T14yu2GS-YbKb5Uege3kGoHFa41EIf-iYQW8vLeoFgn1UiIxFg\">https:\/\/forms.gle\/vj9nSSbcqUfEWpRe8<\/a><\/p>\n\n\n\n<p class=\"wp-block-paragraph\">5 grupe de gr\u0103dini\u021b\u0103\/\u0219coala primara, vor fi invita\u021bii no\u0219tri la Clubul Cu copiii la pove\u0219ti, pentru o \u00eent\u00e2lnire de lectura, storytelling, ateliere creative \u0219i joaca, \u00een cadrul S\u0103pt\u0103m\u00e2nii Altfel!<\/p>\n","protected":false},"excerpt":{"rendered":"<p>Clubul de carte Cu copiii la pove\u0219ti deschide calea c\u0103tre o comunitate ce cite\u0219te, unde pove\u0219tile sunt o surs\u0103 de inspira\u021bie, deschidere \u0219i educare. \u201eTocmai de aceea, \u00eentindem o m\u00e2n\u0103 de ajutor educa\u021biei formale, ce simte nevoia de dezvoltare multilateral\u0103 a copiilor, iar \u00een cadrul programului na\u021bional \u201c\u0218coala Altfel\u201d, demar\u0103m proiectul Pove\u0219ti din S\u0103pt\u0103mana Altfel.\u201d, &hellip;<\/p>\n","protected":false},"author":17,"featured_media":87643,"comment_status":"open","ping_status":"open","sticky":false,"template":"","format":"standard","meta":{"inline_featured_image":false,"footnotes":""},"categories":[4],"tags":[15679,5727,743,19791,4535],"class_list":["post-87642","post","type-post","status-publish","format-standard","has-post-thumbnail","hentry","category-eveniment","tag-clubul-de-carte-cu-copiii-la-povesti","tag-dascali","tag-parinti","tag-povesti-din-saptamana-altfel","tag-saptamana-altfel"],"yoast_head":"<!-- This site is optimized with the Yoast SEO plugin v28.3 - https:\/\/yoast.com\/product\/yoast-seo-wordpress\/ -->\n<title>Pove\u0219ti din S\u0103pt\u0103m\u00e2na Altfel demarate de Clubul de carte Cu copiii la pove\u0219ti - Revista Urbea Mea - Revista de Alba<\/title>\n<meta name=\"description\" content=\"Clubul de carte Cu copiii la pove\u0219ti deschide calea c\u0103tre o comunitate ce cite\u0219te, unde pove\u0219tile sunt o surs\u0103 de inspira\u021bie, deschidere \u0219i educare.\" \/>\n<meta name=\"robots\" content=\"index, follow, max-snippet:-1, max-image-preview:large, max-video-preview:-1\" \/>\n<link rel=\"canonical\" href=\"https:\/\/urbeamea.ro\/albaiulia\/povesti-din-saptamana-altfel-demarate-de-clubul-de-carte-cu-copiii-la-povesti\/\" \/>\n<meta name=\"twitter:card\" content=\"summary_large_image\" \/>\n<meta name=\"twitter:title\" content=\"Pove\u0219ti din S\u0103pt\u0103m\u00e2na Altfel demarate de Clubul de carte Cu copiii la pove\u0219ti - Revista Urbea Mea - Revista de Alba\" \/>\n<meta name=\"twitter:description\" content=\"Clubul de carte Cu copiii la pove\u0219ti deschide calea c\u0103tre o comunitate ce cite\u0219te, unde pove\u0219tile sunt o surs\u0103 de inspira\u021bie, deschidere \u0219i educare.\" \/>\n<meta name=\"twitter:image\" content=\"https:\/\/urbeamea.ro\/albaiulia\/wp-content\/uploads\/2020\/02\/82578378_552300885497651_6800453166954446848_o.jpg\" \/>\n<meta name=\"twitter:creator\" content=\"@urbeameaweb\" \/>\n<meta name=\"twitter:site\" content=\"@urbeameaweb\" \/>\n<script type=\"application\/ld+json\" class=\"yoast-schema-graph\">{\"@context\":\"https:\\\/\\\/schema.org\",\"@graph\":[{\"@type\":\"Article\",\"@id\":\"https:\\\/\\\/urbeamea.ro\\\/albaiulia\\\/povesti-din-saptamana-altfel-demarate-de-clubul-de-carte-cu-copiii-la-povesti\\\/#article\",\"isPartOf\":{\"@id\":\"https:\\\/\\\/urbeamea.ro\\\/albaiulia\\\/povesti-din-saptamana-altfel-demarate-de-clubul-de-carte-cu-copiii-la-povesti\\\/\"},\"author\":{\"name\":\"Cristina Ganga\",\"@id\":\"https:\\\/\\\/urbeamea.ro\\\/albaiulia\\\/#\\\/schema\\\/person\\\/9700d21fae21c4f038b0b56f4506264a\"},\"headline\":\"Pove\u0219ti din S\u0103pt\u0103m\u00e2na Altfel demarate de Clubul de carte Cu copiii la pove\u0219ti\",\"datePublished\":\"2020-02-17T08:51:40+00:00\",\"dateModified\":\"2020-02-17T08:51:48+00:00\",\"mainEntityOfPage\":{\"@id\":\"https:\\\/\\\/urbeamea.ro\\\/albaiulia\\\/povesti-din-saptamana-altfel-demarate-de-clubul-de-carte-cu-copiii-la-povesti\\\/\"},\"wordCount\":245,\"commentCount\":0,\"image\":{\"@id\":\"https:\\\/\\\/urbeamea.ro\\\/albaiulia\\\/povesti-din-saptamana-altfel-demarate-de-clubul-de-carte-cu-copiii-la-povesti\\\/#primaryimage\"},\"thumbnailUrl\":\"https:\\\/\\\/urbeamea.ro\\\/albaiulia\\\/wp-content\\\/uploads\\\/2020\\\/02\\\/82578378_552300885497651_6800453166954446848_o.jpg\",\"keywords\":[\"clubul de carte cu copiii la povesti\",\"dascali\",\"parinti\",\"povesti din saptamana altfel\",\"saptamana altfel\"],\"articleSection\":[\"Evenimente\"],\"inLanguage\":\"ro-RO\",\"potentialAction\":[{\"@type\":\"CommentAction\",\"name\":\"Comment\",\"target\":[\"https:\\\/\\\/urbeamea.ro\\\/albaiulia\\\/povesti-din-saptamana-altfel-demarate-de-clubul-de-carte-cu-copiii-la-povesti\\\/#respond\"]}]},{\"@type\":\"WebPage\",\"@id\":\"https:\\\/\\\/urbeamea.ro\\\/albaiulia\\\/povesti-din-saptamana-altfel-demarate-de-clubul-de-carte-cu-copiii-la-povesti\\\/\",\"url\":\"https:\\\/\\\/urbeamea.ro\\\/albaiulia\\\/povesti-din-saptamana-altfel-demarate-de-clubul-de-carte-cu-copiii-la-povesti\\\/\",\"name\":\"Pove\u0219ti din S\u0103pt\u0103m\u00e2na Altfel demarate de Clubul de carte Cu copiii la pove\u0219ti - Revista Urbea Mea - Revista de Alba\",\"isPartOf\":{\"@id\":\"https:\\\/\\\/urbeamea.ro\\\/albaiulia\\\/#website\"},\"primaryImageOfPage\":{\"@id\":\"https:\\\/\\\/urbeamea.ro\\\/albaiulia\\\/povesti-din-saptamana-altfel-demarate-de-clubul-de-carte-cu-copiii-la-povesti\\\/#primaryimage\"},\"image\":{\"@id\":\"https:\\\/\\\/urbeamea.ro\\\/albaiulia\\\/povesti-din-saptamana-altfel-demarate-de-clubul-de-carte-cu-copiii-la-povesti\\\/#primaryimage\"},\"thumbnailUrl\":\"https:\\\/\\\/urbeamea.ro\\\/albaiulia\\\/wp-content\\\/uploads\\\/2020\\\/02\\\/82578378_552300885497651_6800453166954446848_o.jpg\",\"datePublished\":\"2020-02-17T08:51:40+00:00\",\"dateModified\":\"2020-02-17T08:51:48+00:00\",\"author\":{\"@id\":\"https:\\\/\\\/urbeamea.ro\\\/albaiulia\\\/#\\\/schema\\\/person\\\/9700d21fae21c4f038b0b56f4506264a\"},\"description\":\"Clubul de carte Cu copiii la pove\u0219ti deschide calea c\u0103tre o comunitate ce cite\u0219te, unde pove\u0219tile sunt o surs\u0103 de inspira\u021bie, deschidere \u0219i educare.\",\"breadcrumb\":{\"@id\":\"https:\\\/\\\/urbeamea.ro\\\/albaiulia\\\/povesti-din-saptamana-altfel-demarate-de-clubul-de-carte-cu-copiii-la-povesti\\\/#breadcrumb\"},\"inLanguage\":\"ro-RO\",\"potentialAction\":[{\"@type\":\"ReadAction\",\"target\":[\"https:\\\/\\\/urbeamea.ro\\\/albaiulia\\\/povesti-din-saptamana-altfel-demarate-de-clubul-de-carte-cu-copiii-la-povesti\\\/\"]}]},{\"@type\":\"ImageObject\",\"inLanguage\":\"ro-RO\",\"@id\":\"https:\\\/\\\/urbeamea.ro\\\/albaiulia\\\/povesti-din-saptamana-altfel-demarate-de-clubul-de-carte-cu-copiii-la-povesti\\\/#primaryimage\",\"url\":\"https:\\\/\\\/urbeamea.ro\\\/albaiulia\\\/wp-content\\\/uploads\\\/2020\\\/02\\\/82578378_552300885497651_6800453166954446848_o.jpg\",\"contentUrl\":\"https:\\\/\\\/urbeamea.ro\\\/albaiulia\\\/wp-content\\\/uploads\\\/2020\\\/02\\\/82578378_552300885497651_6800453166954446848_o.jpg\",\"width\":960,\"height\":540},{\"@type\":\"BreadcrumbList\",\"@id\":\"https:\\\/\\\/urbeamea.ro\\\/albaiulia\\\/povesti-din-saptamana-altfel-demarate-de-clubul-de-carte-cu-copiii-la-povesti\\\/#breadcrumb\",\"itemListElement\":[{\"@type\":\"ListItem\",\"position\":1,\"name\":\"Prima pagin\u0103\",\"item\":\"https:\\\/\\\/urbeamea.ro\\\/albaiulia\\\/\"},{\"@type\":\"ListItem\",\"position\":2,\"name\":\"Pove\u0219ti din S\u0103pt\u0103m\u00e2na Altfel demarate de Clubul de carte Cu copiii la pove\u0219ti\"}]},{\"@type\":\"WebSite\",\"@id\":\"https:\\\/\\\/urbeamea.ro\\\/albaiulia\\\/#website\",\"url\":\"https:\\\/\\\/urbeamea.ro\\\/albaiulia\\\/\",\"name\":\"Revista Urbea Mea, Stiri urbane\",\"description\":\"Evenimente \u0219i \u0219tiri din Alba Iulia, Sebe\u0219, Aiud, Blaj\",\"potentialAction\":[{\"@type\":\"SearchAction\",\"target\":{\"@type\":\"EntryPoint\",\"urlTemplate\":\"https:\\\/\\\/urbeamea.ro\\\/albaiulia\\\/?s={search_term_string}\"},\"query-input\":{\"@type\":\"PropertyValueSpecification\",\"valueRequired\":true,\"valueName\":\"search_term_string\"}}],\"inLanguage\":\"ro-RO\"},{\"@type\":\"Person\",\"@id\":\"https:\\\/\\\/urbeamea.ro\\\/albaiulia\\\/#\\\/schema\\\/person\\\/9700d21fae21c4f038b0b56f4506264a\",\"name\":\"Cristina Ganga\",\"image\":{\"@type\":\"ImageObject\",\"inLanguage\":\"ro-RO\",\"@id\":\"https:\\\/\\\/secure.gravatar.com\\\/avatar\\\/5a67661041f057b4a8ccaf26f5a8e86e2689372006d01faf3dd9eeb10b654bb4?s=96&d=mm&r=g\",\"url\":\"https:\\\/\\\/secure.gravatar.com\\\/avatar\\\/5a67661041f057b4a8ccaf26f5a8e86e2689372006d01faf3dd9eeb10b654bb4?s=96&d=mm&r=g\",\"contentUrl\":\"https:\\\/\\\/secure.gravatar.com\\\/avatar\\\/5a67661041f057b4a8ccaf26f5a8e86e2689372006d01faf3dd9eeb10b654bb4?s=96&d=mm&r=g\",\"caption\":\"Cristina Ganga\"},\"description\":\"Jurnalist\",\"sameAs\":[\"https:\\\/\\\/www.facebook.com\\\/cristina.nicola.587\"],\"url\":\"https:\\\/\\\/urbeamea.ro\\\/albaiulia\\\/author\\\/cristina-nicola\\\/\"}]}<\/script>\n<!-- \/ Yoast SEO plugin. -->","yoast_head_json":{"title":"Pove\u0219ti din S\u0103pt\u0103m\u00e2na Altfel demarate de Clubul de carte Cu copiii la pove\u0219ti - Revista Urbea Mea - Revista de Alba","description":"Clubul de carte Cu copiii la pove\u0219ti deschide calea c\u0103tre o comunitate ce cite\u0219te, unde pove\u0219tile sunt o surs\u0103 de inspira\u021bie, deschidere \u0219i educare.","robots":{"index":"index","follow":"follow","max-snippet":"max-snippet:-1","max-image-preview":"max-image-preview:large","max-video-preview":"max-video-preview:-1"},"canonical":"https:\/\/urbeamea.ro\/albaiulia\/povesti-din-saptamana-altfel-demarate-de-clubul-de-carte-cu-copiii-la-povesti\/","twitter_card":"summary_large_image","twitter_title":"Pove\u0219ti din S\u0103pt\u0103m\u00e2na Altfel demarate de Clubul de carte Cu copiii la pove\u0219ti - Revista Urbea Mea - Revista de Alba","twitter_description":"Clubul de carte Cu copiii la pove\u0219ti deschide calea c\u0103tre o comunitate ce cite\u0219te, unde pove\u0219tile sunt o surs\u0103 de inspira\u021bie, deschidere \u0219i educare.","twitter_image":"https:\/\/urbeamea.ro\/albaiulia\/wp-content\/uploads\/2020\/02\/82578378_552300885497651_6800453166954446848_o.jpg","twitter_creator":"@urbeameaweb","twitter_site":"@urbeameaweb","schema":{"@context":"https:\/\/schema.org","@graph":[{"@type":"Article","@id":"https:\/\/urbeamea.ro\/albaiulia\/povesti-din-saptamana-altfel-demarate-de-clubul-de-carte-cu-copiii-la-povesti\/#article","isPartOf":{"@id":"https:\/\/urbeamea.ro\/albaiulia\/povesti-din-saptamana-altfel-demarate-de-clubul-de-carte-cu-copiii-la-povesti\/"},"author":{"name":"Cristina Ganga","@id":"https:\/\/urbeamea.ro\/albaiulia\/#\/schema\/person\/9700d21fae21c4f038b0b56f4506264a"},"headline":"Pove\u0219ti din S\u0103pt\u0103m\u00e2na Altfel demarate de Clubul de carte Cu copiii la pove\u0219ti","datePublished":"2020-02-17T08:51:40+00:00","dateModified":"2020-02-17T08:51:48+00:00","mainEntityOfPage":{"@id":"https:\/\/urbeamea.ro\/albaiulia\/povesti-din-saptamana-altfel-demarate-de-clubul-de-carte-cu-copiii-la-povesti\/"},"wordCount":245,"commentCount":0,"image":{"@id":"https:\/\/urbeamea.ro\/albaiulia\/povesti-din-saptamana-altfel-demarate-de-clubul-de-carte-cu-copiii-la-povesti\/#primaryimage"},"thumbnailUrl":"https:\/\/urbeamea.ro\/albaiulia\/wp-content\/uploads\/2020\/02\/82578378_552300885497651_6800453166954446848_o.jpg","keywords":["clubul de carte cu copiii la povesti","dascali","parinti","povesti din saptamana altfel","saptamana altfel"],"articleSection":["Evenimente"],"inLanguage":"ro-RO","potentialAction":[{"@type":"CommentAction","name":"Comment","target":["https:\/\/urbeamea.ro\/albaiulia\/povesti-din-saptamana-altfel-demarate-de-clubul-de-carte-cu-copiii-la-povesti\/#respond"]}]},{"@type":"WebPage","@id":"https:\/\/urbeamea.ro\/albaiulia\/povesti-din-saptamana-altfel-demarate-de-clubul-de-carte-cu-copiii-la-povesti\/","url":"https:\/\/urbeamea.ro\/albaiulia\/povesti-din-saptamana-altfel-demarate-de-clubul-de-carte-cu-copiii-la-povesti\/","name":"Pove\u0219ti din S\u0103pt\u0103m\u00e2na Altfel demarate de Clubul de carte Cu copiii la pove\u0219ti - Revista Urbea Mea - Revista de Alba","isPartOf":{"@id":"https:\/\/urbeamea.ro\/albaiulia\/#website"},"primaryImageOfPage":{"@id":"https:\/\/urbeamea.ro\/albaiulia\/povesti-din-saptamana-altfel-demarate-de-clubul-de-carte-cu-copiii-la-povesti\/#primaryimage"},"image":{"@id":"https:\/\/urbeamea.ro\/albaiulia\/povesti-din-saptamana-altfel-demarate-de-clubul-de-carte-cu-copiii-la-povesti\/#primaryimage"},"thumbnailUrl":"https:\/\/urbeamea.ro\/albaiulia\/wp-content\/uploads\/2020\/02\/82578378_552300885497651_6800453166954446848_o.jpg","datePublished":"2020-02-17T08:51:40+00:00","dateModified":"2020-02-17T08:51:48+00:00","author":{"@id":"https:\/\/urbeamea.ro\/albaiulia\/#\/schema\/person\/9700d21fae21c4f038b0b56f4506264a"},"description":"Clubul de carte Cu copiii la pove\u0219ti deschide calea c\u0103tre o comunitate ce cite\u0219te, unde pove\u0219tile sunt o surs\u0103 de inspira\u021bie, deschidere \u0219i educare.","breadcrumb":{"@id":"https:\/\/urbeamea.ro\/albaiulia\/povesti-din-saptamana-altfel-demarate-de-clubul-de-carte-cu-copiii-la-povesti\/#breadcrumb"},"inLanguage":"ro-RO","potentialAction":[{"@type":"ReadAction","target":["https:\/\/urbeamea.ro\/albaiulia\/povesti-din-saptamana-altfel-demarate-de-clubul-de-carte-cu-copiii-la-povesti\/"]}]},{"@type":"ImageObject","inLanguage":"ro-RO","@id":"https:\/\/urbeamea.ro\/albaiulia\/povesti-din-saptamana-altfel-demarate-de-clubul-de-carte-cu-copiii-la-povesti\/#primaryimage","url":"https:\/\/urbeamea.ro\/albaiulia\/wp-content\/uploads\/2020\/02\/82578378_552300885497651_6800453166954446848_o.jpg","contentUrl":"https:\/\/urbeamea.ro\/albaiulia\/wp-content\/uploads\/2020\/02\/82578378_552300885497651_6800453166954446848_o.jpg","width":960,"height":540},{"@type":"BreadcrumbList","@id":"https:\/\/urbeamea.ro\/albaiulia\/povesti-din-saptamana-altfel-demarate-de-clubul-de-carte-cu-copiii-la-povesti\/#breadcrumb","itemListElement":[{"@type":"ListItem","position":1,"name":"Prima pagin\u0103","item":"https:\/\/urbeamea.ro\/albaiulia\/"},{"@type":"ListItem","position":2,"name":"Pove\u0219ti din S\u0103pt\u0103m\u00e2na Altfel demarate de Clubul de carte Cu copiii la pove\u0219ti"}]},{"@type":"WebSite","@id":"https:\/\/urbeamea.ro\/albaiulia\/#website","url":"https:\/\/urbeamea.ro\/albaiulia\/","name":"Revista Urbea Mea, Stiri urbane","description":"Evenimente \u0219i \u0219tiri din Alba Iulia, Sebe\u0219, Aiud, Blaj","potentialAction":[{"@type":"SearchAction","target":{"@type":"EntryPoint","urlTemplate":"https:\/\/urbeamea.ro\/albaiulia\/?s={search_term_string}"},"query-input":{"@type":"PropertyValueSpecification","valueRequired":true,"valueName":"search_term_string"}}],"inLanguage":"ro-RO"},{"@type":"Person","@id":"https:\/\/urbeamea.ro\/albaiulia\/#\/schema\/person\/9700d21fae21c4f038b0b56f4506264a","name":"Cristina Ganga","image":{"@type":"ImageObject","inLanguage":"ro-RO","@id":"https:\/\/secure.gravatar.com\/avatar\/5a67661041f057b4a8ccaf26f5a8e86e2689372006d01faf3dd9eeb10b654bb4?s=96&d=mm&r=g","url":"https:\/\/secure.gravatar.com\/avatar\/5a67661041f057b4a8ccaf26f5a8e86e2689372006d01faf3dd9eeb10b654bb4?s=96&d=mm&r=g","contentUrl":"https:\/\/secure.gravatar.com\/avatar\/5a67661041f057b4a8ccaf26f5a8e86e2689372006d01faf3dd9eeb10b654bb4?s=96&d=mm&r=g","caption":"Cristina Ganga"},"description":"Jurnalist","sameAs":["https:\/\/www.facebook.com\/cristina.nicola.587"],"url":"https:\/\/urbeamea.ro\/albaiulia\/author\/cristina-nicola\/"}]}},"_links":{"self":[{"href":"https:\/\/urbeamea.ro\/albaiulia\/wp-json\/wp\/v2\/posts\/87642","targetHints":{"allow":["GET"]}}],"collection":[{"href":"https:\/\/urbeamea.ro\/albaiulia\/wp-json\/wp\/v2\/posts"}],"about":[{"href":"https:\/\/urbeamea.ro\/albaiulia\/wp-json\/wp\/v2\/types\/post"}],"author":[{"embeddable":true,"href":"https:\/\/urbeamea.ro\/albaiulia\/wp-json\/wp\/v2\/users\/17"}],"replies":[{"embeddable":true,"href":"https:\/\/urbeamea.ro\/albaiulia\/wp-json\/wp\/v2\/comments?post=87642"}],"version-history":[{"count":0,"href":"https:\/\/urbeamea.ro\/albaiulia\/wp-json\/wp\/v2\/posts\/87642\/revisions"}],"wp:featuredmedia":[{"embeddable":true,"href":"https:\/\/urbeamea.ro\/albaiulia\/wp-json\/wp\/v2\/media\/87643"}],"wp:attachment":[{"href":"https:\/\/urbeamea.ro\/albaiulia\/wp-json\/wp\/v2\/media?parent=87642"}],"wp:term":[{"taxonomy":"category","embeddable":true,"href":"https:\/\/urbeamea.ro\/albaiulia\/wp-json\/wp\/v2\/categories?post=87642"},{"taxonomy":"post_tag","embeddable":true,"href":"https:\/\/urbeamea.ro\/albaiulia\/wp-json\/wp\/v2\/tags?post=87642"}],"curies":[{"name":"wp","href":"https:\/\/api.w.org\/{rel}","templated":true}]}}