{"id":88146,"date":"2020-03-03T08:36:18","date_gmt":"2020-03-03T06:36:18","guid":{"rendered":"https:\/\/urbeamea.ro\/albaiulia\/?p=88146"},"modified":"2020-03-03T08:36:21","modified_gmt":"2020-03-03T06:36:21","slug":"targul-de-martisor-de-la-sebes-sarbatoare-a-primaverii-si-a-bucuriei","status":"publish","type":"post","link":"https:\/\/urbeamea.ro\/albaiulia\/targul-de-martisor-de-la-sebes-sarbatoare-a-primaverii-si-a-bucuriei\/","title":{"rendered":"T\u00e2rgul de m\u0103r\u021bi\u0219or de la Sebe\u0219, s\u0103rb\u0103toare a prim\u0103verii \u0219i a bucuriei"},"content":{"rendered":"\n<h4 class=\"wp-block-heading\">Luni, 2 martie 2020, pentru al patrulea an consecutiv, Sebe\u0219ul a g\u0103zduit t\u00e2rgul de m\u0103r\u021bi\u0219oare, manifestare a\u0219ezat\u0103 sub semnul prim\u0103verii \u0219i al bucuriei. <\/h4>\n\n\n\n<p class=\"wp-block-paragraph\">\u00cen cadrul unei expozi\u021bii, amplasate pe platoul din fa\u021ba Centrului Cultural \u201eLucian Blaga&#8221; Sebe\u0219, elevii Sebe\u0219ului \u0219i-au prezentat crea\u021biile, produsele \u0219i m\u0103r\u021bi\u0219oarele, realizate \u00een cadrul atelierelor g\u0103zduite de Biblioteca Municipal\u0103 \u201eLucian Blaga&#8221; Sebe\u0219 sau de institu\u021biile partenere.<\/p>\n\n\n\n<p class=\"wp-block-paragraph\">Expozi\u021bia, organizat\u0103 de tinerii talenta\u021bi ai Sebe\u0219ului, a fost dublat\u0103 de momentele poetice \u0219i artistice sus\u021binute de membrii Grupului \u201eCuvinte&#8221; \u0219i ai Ansamblului \u201ePlaiuri sebe\u0219ene&#8221; din cadrul Clubului Copiilor Sebe\u0219 \u0219i ai Corului \u201eDoReMi&#8221; din cadrul Centrului Cultural \u201eLucian Blaga&#8221; Sebe\u0219.<\/p>\n\n\n\n<p class=\"wp-block-paragraph\">La finalul evenimentului, cei prezen\u021bi, al\u0103turi de primarul Municipiului Sebe\u0219, Dorin Nistor, au oferit flori \u0219i m\u0103r\u021bi\u0219oare, simboluri ale prim\u0103verii \u0219i bucuriei, tuturor domni\u0219oarelor \u0219i doamnelor.<\/p>\n\n\n\n<p class=\"wp-block-paragraph\">Evenimentul a fost organizat de Prim\u0103ria \u0219i Consiliul Local al Municipiului Sebe\u0219, Centrul Cultural \u201eLucian Blaga&#8221; Sebe\u0219 \u0219i s-a bucurat de parteneriatul institu\u021biilor \u0219colare locale (Colegiul Na\u021bional \u201eLucian Blaga&#8221; Sebe\u0219, Liceul Tehnologic Sebe\u0219, Liceul cu Program Sportiv \u201eFlorin Fle\u0219eriu&#8221; Sebe\u0219, Liceul German Sebe\u0219, \u0218coala Gimnazial\u0103 num\u0103r 2 Sebe\u0219, \u0218coala Gimnazial\u0103 \u201eMihail Kog\u0103lniceanu&#8221; Sebe\u0219, \u0218coala Gimnazial\u0103 Petre\u0219ti, cu unit\u0103\u021bile de pre\u0219colari subordonate), al Direc\u021biei de Asisten\u021b\u0103 Social\u0103 Sebe\u0219 \u0219i al Asocia\u021biei Diakoniewerk Interna\u021bional Sebe\u0219.<\/p>\n\n\n\n<figure class=\"wp-block-gallery columns-3 is-cropped wp-block-gallery-1 is-layout-flex wp-block-gallery-is-layout-flex\"><ul class=\"blocks-gallery-grid\"><li class=\"blocks-gallery-item\"><figure><a href=\"https:\/\/urbeamea.ro\/albaiulia\/wp-content\/uploads\/2020\/03\/1.jpg\"><img loading=\"lazy\" decoding=\"async\" width=\"1280\" height=\"960\" src=\"https:\/\/urbeamea.ro\/albaiulia\/wp-content\/uploads\/2020\/03\/1-1280x960.jpg\" alt=\"\" data-id=\"88147\" data-full-url=\"https:\/\/urbeamea.ro\/albaiulia\/wp-content\/uploads\/2020\/03\/1.jpg\" data-link=\"https:\/\/urbeamea.ro\/albaiulia\/?attachment_id=88147\" class=\"wp-image-88147\" srcset=\"https:\/\/urbeamea.ro\/albaiulia\/wp-content\/uploads\/2020\/03\/1-1280x960.jpg 1280w, https:\/\/urbeamea.ro\/albaiulia\/wp-content\/uploads\/2020\/03\/1-640x480.jpg 640w, https:\/\/urbeamea.ro\/albaiulia\/wp-content\/uploads\/2020\/03\/1-150x113.jpg 150w, https:\/\/urbeamea.ro\/albaiulia\/wp-content\/uploads\/2020\/03\/1-768x576.jpg 768w, https:\/\/urbeamea.ro\/albaiulia\/wp-content\/uploads\/2020\/03\/1.jpg 1440w\" sizes=\"auto, (max-width: 1280px) 100vw, 1280px\" \/><\/a><\/figure><\/li><li class=\"blocks-gallery-item\"><figure><a href=\"https:\/\/urbeamea.ro\/albaiulia\/wp-content\/uploads\/2020\/03\/3.jpg\"><img loading=\"lazy\" decoding=\"async\" width=\"1280\" height=\"960\" src=\"https:\/\/urbeamea.ro\/albaiulia\/wp-content\/uploads\/2020\/03\/3-1280x960.jpg\" alt=\"\" data-id=\"88148\" data-full-url=\"https:\/\/urbeamea.ro\/albaiulia\/wp-content\/uploads\/2020\/03\/3.jpg\" data-link=\"https:\/\/urbeamea.ro\/albaiulia\/?attachment_id=88148\" class=\"wp-image-88148\" srcset=\"https:\/\/urbeamea.ro\/albaiulia\/wp-content\/uploads\/2020\/03\/3-1280x960.jpg 1280w, https:\/\/urbeamea.ro\/albaiulia\/wp-content\/uploads\/2020\/03\/3-640x480.jpg 640w, https:\/\/urbeamea.ro\/albaiulia\/wp-content\/uploads\/2020\/03\/3-150x113.jpg 150w, https:\/\/urbeamea.ro\/albaiulia\/wp-content\/uploads\/2020\/03\/3-768x576.jpg 768w, https:\/\/urbeamea.ro\/albaiulia\/wp-content\/uploads\/2020\/03\/3-1536x1152.jpg 1536w, https:\/\/urbeamea.ro\/albaiulia\/wp-content\/uploads\/2020\/03\/3.jpg 2048w\" sizes=\"auto, (max-width: 1280px) 100vw, 1280px\" \/><\/a><\/figure><\/li><li class=\"blocks-gallery-item\"><figure><a href=\"https:\/\/urbeamea.ro\/albaiulia\/wp-content\/uploads\/2020\/03\/87896801_1045211522522666_4732209384938012672_o.jpg\"><img loading=\"lazy\" decoding=\"async\" width=\"1280\" height=\"960\" src=\"https:\/\/urbeamea.ro\/albaiulia\/wp-content\/uploads\/2020\/03\/87896801_1045211522522666_4732209384938012672_o-1280x960.jpg\" alt=\"\" data-id=\"88149\" data-full-url=\"https:\/\/urbeamea.ro\/albaiulia\/wp-content\/uploads\/2020\/03\/87896801_1045211522522666_4732209384938012672_o.jpg\" data-link=\"https:\/\/urbeamea.ro\/albaiulia\/?attachment_id=88149\" class=\"wp-image-88149\" srcset=\"https:\/\/urbeamea.ro\/albaiulia\/wp-content\/uploads\/2020\/03\/87896801_1045211522522666_4732209384938012672_o-1280x960.jpg 1280w, https:\/\/urbeamea.ro\/albaiulia\/wp-content\/uploads\/2020\/03\/87896801_1045211522522666_4732209384938012672_o-640x480.jpg 640w, https:\/\/urbeamea.ro\/albaiulia\/wp-content\/uploads\/2020\/03\/87896801_1045211522522666_4732209384938012672_o-150x113.jpg 150w, https:\/\/urbeamea.ro\/albaiulia\/wp-content\/uploads\/2020\/03\/87896801_1045211522522666_4732209384938012672_o-768x576.jpg 768w, https:\/\/urbeamea.ro\/albaiulia\/wp-content\/uploads\/2020\/03\/87896801_1045211522522666_4732209384938012672_o-1536x1152.jpg 1536w, https:\/\/urbeamea.ro\/albaiulia\/wp-content\/uploads\/2020\/03\/87896801_1045211522522666_4732209384938012672_o.jpg 2048w\" sizes=\"auto, (max-width: 1280px) 100vw, 1280px\" \/><\/a><\/figure><\/li><li class=\"blocks-gallery-item\"><figure><a href=\"https:\/\/urbeamea.ro\/albaiulia\/wp-content\/uploads\/2020\/03\/88032392_1045316695845482_4315476104140816384_n.jpg\"><img loading=\"lazy\" decoding=\"async\" width=\"720\" height=\"960\" src=\"https:\/\/urbeamea.ro\/albaiulia\/wp-content\/uploads\/2020\/03\/88032392_1045316695845482_4315476104140816384_n.jpg\" alt=\"\" data-id=\"88150\" data-full-url=\"https:\/\/urbeamea.ro\/albaiulia\/wp-content\/uploads\/2020\/03\/88032392_1045316695845482_4315476104140816384_n.jpg\" data-link=\"https:\/\/urbeamea.ro\/albaiulia\/?attachment_id=88150\" class=\"wp-image-88150\" srcset=\"https:\/\/urbeamea.ro\/albaiulia\/wp-content\/uploads\/2020\/03\/88032392_1045316695845482_4315476104140816384_n.jpg 720w, https:\/\/urbeamea.ro\/albaiulia\/wp-content\/uploads\/2020\/03\/88032392_1045316695845482_4315476104140816384_n-480x640.jpg 480w, https:\/\/urbeamea.ro\/albaiulia\/wp-content\/uploads\/2020\/03\/88032392_1045316695845482_4315476104140816384_n-113x150.jpg 113w\" sizes=\"auto, (max-width: 720px) 100vw, 720px\" \/><\/a><\/figure><\/li><li class=\"blocks-gallery-item\"><figure><a href=\"https:\/\/urbeamea.ro\/albaiulia\/wp-content\/uploads\/2020\/03\/88069960_1045212659189219_5374253239879335936_o.jpg\"><img loading=\"lazy\" decoding=\"async\" width=\"1280\" height=\"960\" src=\"https:\/\/urbeamea.ro\/albaiulia\/wp-content\/uploads\/2020\/03\/88069960_1045212659189219_5374253239879335936_o-1280x960.jpg\" alt=\"\" data-id=\"88151\" data-full-url=\"https:\/\/urbeamea.ro\/albaiulia\/wp-content\/uploads\/2020\/03\/88069960_1045212659189219_5374253239879335936_o.jpg\" data-link=\"https:\/\/urbeamea.ro\/albaiulia\/?attachment_id=88151\" class=\"wp-image-88151\" srcset=\"https:\/\/urbeamea.ro\/albaiulia\/wp-content\/uploads\/2020\/03\/88069960_1045212659189219_5374253239879335936_o-1280x960.jpg 1280w, https:\/\/urbeamea.ro\/albaiulia\/wp-content\/uploads\/2020\/03\/88069960_1045212659189219_5374253239879335936_o-640x480.jpg 640w, https:\/\/urbeamea.ro\/albaiulia\/wp-content\/uploads\/2020\/03\/88069960_1045212659189219_5374253239879335936_o-150x113.jpg 150w, https:\/\/urbeamea.ro\/albaiulia\/wp-content\/uploads\/2020\/03\/88069960_1045212659189219_5374253239879335936_o-768x576.jpg 768w, https:\/\/urbeamea.ro\/albaiulia\/wp-content\/uploads\/2020\/03\/88069960_1045212659189219_5374253239879335936_o-1536x1152.jpg 1536w, https:\/\/urbeamea.ro\/albaiulia\/wp-content\/uploads\/2020\/03\/88069960_1045212659189219_5374253239879335936_o.jpg 2048w\" sizes=\"auto, (max-width: 1280px) 100vw, 1280px\" \/><\/a><\/figure><\/li><li class=\"blocks-gallery-item\"><figure><a href=\"https:\/\/urbeamea.ro\/albaiulia\/wp-content\/uploads\/2020\/03\/88961506_1045211865855965_1308676809969106944_o.jpg\"><img loading=\"lazy\" decoding=\"async\" width=\"1280\" height=\"960\" src=\"https:\/\/urbeamea.ro\/albaiulia\/wp-content\/uploads\/2020\/03\/88961506_1045211865855965_1308676809969106944_o-1280x960.jpg\" alt=\"\" data-id=\"88152\" data-full-url=\"https:\/\/urbeamea.ro\/albaiulia\/wp-content\/uploads\/2020\/03\/88961506_1045211865855965_1308676809969106944_o.jpg\" data-link=\"https:\/\/urbeamea.ro\/albaiulia\/?attachment_id=88152\" class=\"wp-image-88152\" srcset=\"https:\/\/urbeamea.ro\/albaiulia\/wp-content\/uploads\/2020\/03\/88961506_1045211865855965_1308676809969106944_o-1280x960.jpg 1280w, https:\/\/urbeamea.ro\/albaiulia\/wp-content\/uploads\/2020\/03\/88961506_1045211865855965_1308676809969106944_o-640x480.jpg 640w, https:\/\/urbeamea.ro\/albaiulia\/wp-content\/uploads\/2020\/03\/88961506_1045211865855965_1308676809969106944_o-150x113.jpg 150w, https:\/\/urbeamea.ro\/albaiulia\/wp-content\/uploads\/2020\/03\/88961506_1045211865855965_1308676809969106944_o-768x576.jpg 768w, https:\/\/urbeamea.ro\/albaiulia\/wp-content\/uploads\/2020\/03\/88961506_1045211865855965_1308676809969106944_o-1536x1152.jpg 1536w, https:\/\/urbeamea.ro\/albaiulia\/wp-content\/uploads\/2020\/03\/88961506_1045211865855965_1308676809969106944_o.jpg 2048w\" sizes=\"auto, (max-width: 1280px) 100vw, 1280px\" \/><\/a><\/figure><\/li><\/ul><\/figure>\n","protected":false},"excerpt":{"rendered":"<p>Luni, 2 martie 2020, pentru al patrulea an consecutiv, Sebe\u0219ul a g\u0103zduit t\u00e2rgul de m\u0103r\u021bi\u0219oare, manifestare a\u0219ezat\u0103 sub semnul prim\u0103verii \u0219i al bucuriei. \u00cen cadrul unei expozi\u021bii, amplasate pe platoul din fa\u021ba Centrului Cultural \u201eLucian Blaga&#8221; Sebe\u0219, elevii Sebe\u0219ului \u0219i-au prezentat crea\u021biile, produsele \u0219i m\u0103r\u021bi\u0219oarele, realizate \u00een cadrul atelierelor g\u0103zduite de Biblioteca Municipal\u0103 \u201eLucian Blaga&#8221; &hellip;<\/p>\n","protected":false},"author":17,"featured_media":88149,"comment_status":"open","ping_status":"open","sticky":false,"template":"","format":"standard","meta":{"inline_featured_image":false,"footnotes":""},"categories":[4],"tags":[12577,1088,19919,19918],"class_list":["post-88146","post","type-post","status-publish","format-standard","has-post-thumbnail","hentry","category-eveniment","tag-centrul-cultural-lucian-blaga-sebes","tag-expozitii","tag-sarbatoare-a-primaverii-si-a-bucuriei","tag-targul-de-martisor-de-la-sebes"],"yoast_head":"<!-- This site is optimized with the Yoast SEO plugin v28.3 - https:\/\/yoast.com\/product\/yoast-seo-wordpress\/ -->\n<title>T\u00e2rgul de m\u0103r\u021bi\u0219or de la Sebe\u0219, s\u0103rb\u0103toare a prim\u0103verii \u0219i a bucuriei - Revista Urbea Mea - Revista de Alba<\/title>\n<meta name=\"description\" content=\"Luni, 2 martie 2020, pentru al patrulea an consecutiv, Sebe\u0219ul a g\u0103zduit t\u00e2rgul de m\u0103r\u021bi\u0219oare, manifestare a\u0219ezat\u0103 sub semnul prim\u0103verii \u0219i al bucuriei.\" \/>\n<meta name=\"robots\" content=\"index, follow, max-snippet:-1, max-image-preview:large, max-video-preview:-1\" \/>\n<link rel=\"canonical\" href=\"https:\/\/urbeamea.ro\/albaiulia\/targul-de-martisor-de-la-sebes-sarbatoare-a-primaverii-si-a-bucuriei\/\" \/>\n<meta name=\"twitter:card\" content=\"summary_large_image\" \/>\n<meta name=\"twitter:title\" content=\"T\u00e2rgul de m\u0103r\u021bi\u0219or de la Sebe\u0219, s\u0103rb\u0103toare a prim\u0103verii \u0219i a bucuriei - Revista Urbea Mea - Revista de Alba\" \/>\n<meta name=\"twitter:description\" content=\"Luni, 2 martie 2020, pentru al patrulea an consecutiv, Sebe\u0219ul a g\u0103zduit t\u00e2rgul de m\u0103r\u021bi\u0219oare, manifestare a\u0219ezat\u0103 sub semnul prim\u0103verii \u0219i al bucuriei.\" \/>\n<meta name=\"twitter:image\" content=\"https:\/\/urbeamea.ro\/albaiulia\/wp-content\/uploads\/2020\/03\/87896801_1045211522522666_4732209384938012672_o.jpg\" \/>\n<meta name=\"twitter:creator\" content=\"@urbeameaweb\" \/>\n<meta name=\"twitter:site\" content=\"@urbeameaweb\" \/>\n<script type=\"application\/ld+json\" class=\"yoast-schema-graph\">{\"@context\":\"https:\\\/\\\/schema.org\",\"@graph\":[{\"@type\":\"Article\",\"@id\":\"https:\\\/\\\/urbeamea.ro\\\/albaiulia\\\/targul-de-martisor-de-la-sebes-sarbatoare-a-primaverii-si-a-bucuriei\\\/#article\",\"isPartOf\":{\"@id\":\"https:\\\/\\\/urbeamea.ro\\\/albaiulia\\\/targul-de-martisor-de-la-sebes-sarbatoare-a-primaverii-si-a-bucuriei\\\/\"},\"author\":{\"name\":\"Cristina Ganga\",\"@id\":\"https:\\\/\\\/urbeamea.ro\\\/albaiulia\\\/#\\\/schema\\\/person\\\/9700d21fae21c4f038b0b56f4506264a\"},\"headline\":\"T\u00e2rgul de m\u0103r\u021bi\u0219or de la Sebe\u0219, s\u0103rb\u0103toare a prim\u0103verii \u0219i a bucuriei\",\"datePublished\":\"2020-03-03T06:36:18+00:00\",\"dateModified\":\"2020-03-03T06:36:21+00:00\",\"mainEntityOfPage\":{\"@id\":\"https:\\\/\\\/urbeamea.ro\\\/albaiulia\\\/targul-de-martisor-de-la-sebes-sarbatoare-a-primaverii-si-a-bucuriei\\\/\"},\"wordCount\":257,\"commentCount\":0,\"image\":{\"@id\":\"https:\\\/\\\/urbeamea.ro\\\/albaiulia\\\/targul-de-martisor-de-la-sebes-sarbatoare-a-primaverii-si-a-bucuriei\\\/#primaryimage\"},\"thumbnailUrl\":\"https:\\\/\\\/urbeamea.ro\\\/albaiulia\\\/wp-content\\\/uploads\\\/2020\\\/03\\\/87896801_1045211522522666_4732209384938012672_o.jpg\",\"keywords\":[\"centrul cultural lucian blaga sebes\",\"expozitii\",\"sarbatoare a primaverii si a bucuriei\",\"targul de martisor de la sebes\"],\"articleSection\":[\"Evenimente\"],\"inLanguage\":\"ro-RO\",\"potentialAction\":[{\"@type\":\"CommentAction\",\"name\":\"Comment\",\"target\":[\"https:\\\/\\\/urbeamea.ro\\\/albaiulia\\\/targul-de-martisor-de-la-sebes-sarbatoare-a-primaverii-si-a-bucuriei\\\/#respond\"]}]},{\"@type\":\"WebPage\",\"@id\":\"https:\\\/\\\/urbeamea.ro\\\/albaiulia\\\/targul-de-martisor-de-la-sebes-sarbatoare-a-primaverii-si-a-bucuriei\\\/\",\"url\":\"https:\\\/\\\/urbeamea.ro\\\/albaiulia\\\/targul-de-martisor-de-la-sebes-sarbatoare-a-primaverii-si-a-bucuriei\\\/\",\"name\":\"T\u00e2rgul de m\u0103r\u021bi\u0219or de la Sebe\u0219, s\u0103rb\u0103toare a prim\u0103verii \u0219i a bucuriei - Revista Urbea Mea - Revista de Alba\",\"isPartOf\":{\"@id\":\"https:\\\/\\\/urbeamea.ro\\\/albaiulia\\\/#website\"},\"primaryImageOfPage\":{\"@id\":\"https:\\\/\\\/urbeamea.ro\\\/albaiulia\\\/targul-de-martisor-de-la-sebes-sarbatoare-a-primaverii-si-a-bucuriei\\\/#primaryimage\"},\"image\":{\"@id\":\"https:\\\/\\\/urbeamea.ro\\\/albaiulia\\\/targul-de-martisor-de-la-sebes-sarbatoare-a-primaverii-si-a-bucuriei\\\/#primaryimage\"},\"thumbnailUrl\":\"https:\\\/\\\/urbeamea.ro\\\/albaiulia\\\/wp-content\\\/uploads\\\/2020\\\/03\\\/87896801_1045211522522666_4732209384938012672_o.jpg\",\"datePublished\":\"2020-03-03T06:36:18+00:00\",\"dateModified\":\"2020-03-03T06:36:21+00:00\",\"author\":{\"@id\":\"https:\\\/\\\/urbeamea.ro\\\/albaiulia\\\/#\\\/schema\\\/person\\\/9700d21fae21c4f038b0b56f4506264a\"},\"description\":\"Luni, 2 martie 2020, pentru al patrulea an consecutiv, Sebe\u0219ul a g\u0103zduit t\u00e2rgul de m\u0103r\u021bi\u0219oare, manifestare a\u0219ezat\u0103 sub semnul prim\u0103verii \u0219i al bucuriei.\",\"breadcrumb\":{\"@id\":\"https:\\\/\\\/urbeamea.ro\\\/albaiulia\\\/targul-de-martisor-de-la-sebes-sarbatoare-a-primaverii-si-a-bucuriei\\\/#breadcrumb\"},\"inLanguage\":\"ro-RO\",\"potentialAction\":[{\"@type\":\"ReadAction\",\"target\":[\"https:\\\/\\\/urbeamea.ro\\\/albaiulia\\\/targul-de-martisor-de-la-sebes-sarbatoare-a-primaverii-si-a-bucuriei\\\/\"]}]},{\"@type\":\"ImageObject\",\"inLanguage\":\"ro-RO\",\"@id\":\"https:\\\/\\\/urbeamea.ro\\\/albaiulia\\\/targul-de-martisor-de-la-sebes-sarbatoare-a-primaverii-si-a-bucuriei\\\/#primaryimage\",\"url\":\"https:\\\/\\\/urbeamea.ro\\\/albaiulia\\\/wp-content\\\/uploads\\\/2020\\\/03\\\/87896801_1045211522522666_4732209384938012672_o.jpg\",\"contentUrl\":\"https:\\\/\\\/urbeamea.ro\\\/albaiulia\\\/wp-content\\\/uploads\\\/2020\\\/03\\\/87896801_1045211522522666_4732209384938012672_o.jpg\",\"width\":2048,\"height\":1536},{\"@type\":\"BreadcrumbList\",\"@id\":\"https:\\\/\\\/urbeamea.ro\\\/albaiulia\\\/targul-de-martisor-de-la-sebes-sarbatoare-a-primaverii-si-a-bucuriei\\\/#breadcrumb\",\"itemListElement\":[{\"@type\":\"ListItem\",\"position\":1,\"name\":\"Prima pagin\u0103\",\"item\":\"https:\\\/\\\/urbeamea.ro\\\/albaiulia\\\/\"},{\"@type\":\"ListItem\",\"position\":2,\"name\":\"T\u00e2rgul de m\u0103r\u021bi\u0219or de la Sebe\u0219, s\u0103rb\u0103toare a prim\u0103verii \u0219i a bucuriei\"}]},{\"@type\":\"WebSite\",\"@id\":\"https:\\\/\\\/urbeamea.ro\\\/albaiulia\\\/#website\",\"url\":\"https:\\\/\\\/urbeamea.ro\\\/albaiulia\\\/\",\"name\":\"Revista Urbea Mea, Stiri urbane\",\"description\":\"Evenimente \u0219i \u0219tiri din Alba Iulia, Sebe\u0219, Aiud, Blaj\",\"potentialAction\":[{\"@type\":\"SearchAction\",\"target\":{\"@type\":\"EntryPoint\",\"urlTemplate\":\"https:\\\/\\\/urbeamea.ro\\\/albaiulia\\\/?s={search_term_string}\"},\"query-input\":{\"@type\":\"PropertyValueSpecification\",\"valueRequired\":true,\"valueName\":\"search_term_string\"}}],\"inLanguage\":\"ro-RO\"},{\"@type\":\"Person\",\"@id\":\"https:\\\/\\\/urbeamea.ro\\\/albaiulia\\\/#\\\/schema\\\/person\\\/9700d21fae21c4f038b0b56f4506264a\",\"name\":\"Cristina Ganga\",\"image\":{\"@type\":\"ImageObject\",\"inLanguage\":\"ro-RO\",\"@id\":\"https:\\\/\\\/secure.gravatar.com\\\/avatar\\\/5a67661041f057b4a8ccaf26f5a8e86e2689372006d01faf3dd9eeb10b654bb4?s=96&d=mm&r=g\",\"url\":\"https:\\\/\\\/secure.gravatar.com\\\/avatar\\\/5a67661041f057b4a8ccaf26f5a8e86e2689372006d01faf3dd9eeb10b654bb4?s=96&d=mm&r=g\",\"contentUrl\":\"https:\\\/\\\/secure.gravatar.com\\\/avatar\\\/5a67661041f057b4a8ccaf26f5a8e86e2689372006d01faf3dd9eeb10b654bb4?s=96&d=mm&r=g\",\"caption\":\"Cristina Ganga\"},\"description\":\"Jurnalist\",\"sameAs\":[\"https:\\\/\\\/www.facebook.com\\\/cristina.nicola.587\"],\"url\":\"https:\\\/\\\/urbeamea.ro\\\/albaiulia\\\/author\\\/cristina-nicola\\\/\"}]}<\/script>\n<!-- \/ Yoast SEO plugin. -->","yoast_head_json":{"title":"T\u00e2rgul de m\u0103r\u021bi\u0219or de la Sebe\u0219, s\u0103rb\u0103toare a prim\u0103verii \u0219i a bucuriei - Revista Urbea Mea - Revista de Alba","description":"Luni, 2 martie 2020, pentru al patrulea an consecutiv, Sebe\u0219ul a g\u0103zduit t\u00e2rgul de m\u0103r\u021bi\u0219oare, manifestare a\u0219ezat\u0103 sub semnul prim\u0103verii \u0219i al bucuriei.","robots":{"index":"index","follow":"follow","max-snippet":"max-snippet:-1","max-image-preview":"max-image-preview:large","max-video-preview":"max-video-preview:-1"},"canonical":"https:\/\/urbeamea.ro\/albaiulia\/targul-de-martisor-de-la-sebes-sarbatoare-a-primaverii-si-a-bucuriei\/","twitter_card":"summary_large_image","twitter_title":"T\u00e2rgul de m\u0103r\u021bi\u0219or de la Sebe\u0219, s\u0103rb\u0103toare a prim\u0103verii \u0219i a bucuriei - Revista Urbea Mea - Revista de Alba","twitter_description":"Luni, 2 martie 2020, pentru al patrulea an consecutiv, Sebe\u0219ul a g\u0103zduit t\u00e2rgul de m\u0103r\u021bi\u0219oare, manifestare a\u0219ezat\u0103 sub semnul prim\u0103verii \u0219i al bucuriei.","twitter_image":"https:\/\/urbeamea.ro\/albaiulia\/wp-content\/uploads\/2020\/03\/87896801_1045211522522666_4732209384938012672_o.jpg","twitter_creator":"@urbeameaweb","twitter_site":"@urbeameaweb","schema":{"@context":"https:\/\/schema.org","@graph":[{"@type":"Article","@id":"https:\/\/urbeamea.ro\/albaiulia\/targul-de-martisor-de-la-sebes-sarbatoare-a-primaverii-si-a-bucuriei\/#article","isPartOf":{"@id":"https:\/\/urbeamea.ro\/albaiulia\/targul-de-martisor-de-la-sebes-sarbatoare-a-primaverii-si-a-bucuriei\/"},"author":{"name":"Cristina Ganga","@id":"https:\/\/urbeamea.ro\/albaiulia\/#\/schema\/person\/9700d21fae21c4f038b0b56f4506264a"},"headline":"T\u00e2rgul de m\u0103r\u021bi\u0219or de la Sebe\u0219, s\u0103rb\u0103toare a prim\u0103verii \u0219i a bucuriei","datePublished":"2020-03-03T06:36:18+00:00","dateModified":"2020-03-03T06:36:21+00:00","mainEntityOfPage":{"@id":"https:\/\/urbeamea.ro\/albaiulia\/targul-de-martisor-de-la-sebes-sarbatoare-a-primaverii-si-a-bucuriei\/"},"wordCount":257,"commentCount":0,"image":{"@id":"https:\/\/urbeamea.ro\/albaiulia\/targul-de-martisor-de-la-sebes-sarbatoare-a-primaverii-si-a-bucuriei\/#primaryimage"},"thumbnailUrl":"https:\/\/urbeamea.ro\/albaiulia\/wp-content\/uploads\/2020\/03\/87896801_1045211522522666_4732209384938012672_o.jpg","keywords":["centrul cultural lucian blaga sebes","expozitii","sarbatoare a primaverii si a bucuriei","targul de martisor de la sebes"],"articleSection":["Evenimente"],"inLanguage":"ro-RO","potentialAction":[{"@type":"CommentAction","name":"Comment","target":["https:\/\/urbeamea.ro\/albaiulia\/targul-de-martisor-de-la-sebes-sarbatoare-a-primaverii-si-a-bucuriei\/#respond"]}]},{"@type":"WebPage","@id":"https:\/\/urbeamea.ro\/albaiulia\/targul-de-martisor-de-la-sebes-sarbatoare-a-primaverii-si-a-bucuriei\/","url":"https:\/\/urbeamea.ro\/albaiulia\/targul-de-martisor-de-la-sebes-sarbatoare-a-primaverii-si-a-bucuriei\/","name":"T\u00e2rgul de m\u0103r\u021bi\u0219or de la Sebe\u0219, s\u0103rb\u0103toare a prim\u0103verii \u0219i a bucuriei - Revista Urbea Mea - Revista de Alba","isPartOf":{"@id":"https:\/\/urbeamea.ro\/albaiulia\/#website"},"primaryImageOfPage":{"@id":"https:\/\/urbeamea.ro\/albaiulia\/targul-de-martisor-de-la-sebes-sarbatoare-a-primaverii-si-a-bucuriei\/#primaryimage"},"image":{"@id":"https:\/\/urbeamea.ro\/albaiulia\/targul-de-martisor-de-la-sebes-sarbatoare-a-primaverii-si-a-bucuriei\/#primaryimage"},"thumbnailUrl":"https:\/\/urbeamea.ro\/albaiulia\/wp-content\/uploads\/2020\/03\/87896801_1045211522522666_4732209384938012672_o.jpg","datePublished":"2020-03-03T06:36:18+00:00","dateModified":"2020-03-03T06:36:21+00:00","author":{"@id":"https:\/\/urbeamea.ro\/albaiulia\/#\/schema\/person\/9700d21fae21c4f038b0b56f4506264a"},"description":"Luni, 2 martie 2020, pentru al patrulea an consecutiv, Sebe\u0219ul a g\u0103zduit t\u00e2rgul de m\u0103r\u021bi\u0219oare, manifestare a\u0219ezat\u0103 sub semnul prim\u0103verii \u0219i al bucuriei.","breadcrumb":{"@id":"https:\/\/urbeamea.ro\/albaiulia\/targul-de-martisor-de-la-sebes-sarbatoare-a-primaverii-si-a-bucuriei\/#breadcrumb"},"inLanguage":"ro-RO","potentialAction":[{"@type":"ReadAction","target":["https:\/\/urbeamea.ro\/albaiulia\/targul-de-martisor-de-la-sebes-sarbatoare-a-primaverii-si-a-bucuriei\/"]}]},{"@type":"ImageObject","inLanguage":"ro-RO","@id":"https:\/\/urbeamea.ro\/albaiulia\/targul-de-martisor-de-la-sebes-sarbatoare-a-primaverii-si-a-bucuriei\/#primaryimage","url":"https:\/\/urbeamea.ro\/albaiulia\/wp-content\/uploads\/2020\/03\/87896801_1045211522522666_4732209384938012672_o.jpg","contentUrl":"https:\/\/urbeamea.ro\/albaiulia\/wp-content\/uploads\/2020\/03\/87896801_1045211522522666_4732209384938012672_o.jpg","width":2048,"height":1536},{"@type":"BreadcrumbList","@id":"https:\/\/urbeamea.ro\/albaiulia\/targul-de-martisor-de-la-sebes-sarbatoare-a-primaverii-si-a-bucuriei\/#breadcrumb","itemListElement":[{"@type":"ListItem","position":1,"name":"Prima pagin\u0103","item":"https:\/\/urbeamea.ro\/albaiulia\/"},{"@type":"ListItem","position":2,"name":"T\u00e2rgul de m\u0103r\u021bi\u0219or de la Sebe\u0219, s\u0103rb\u0103toare a prim\u0103verii \u0219i a bucuriei"}]},{"@type":"WebSite","@id":"https:\/\/urbeamea.ro\/albaiulia\/#website","url":"https:\/\/urbeamea.ro\/albaiulia\/","name":"Revista Urbea Mea, Stiri urbane","description":"Evenimente \u0219i \u0219tiri din Alba Iulia, Sebe\u0219, Aiud, Blaj","potentialAction":[{"@type":"SearchAction","target":{"@type":"EntryPoint","urlTemplate":"https:\/\/urbeamea.ro\/albaiulia\/?s={search_term_string}"},"query-input":{"@type":"PropertyValueSpecification","valueRequired":true,"valueName":"search_term_string"}}],"inLanguage":"ro-RO"},{"@type":"Person","@id":"https:\/\/urbeamea.ro\/albaiulia\/#\/schema\/person\/9700d21fae21c4f038b0b56f4506264a","name":"Cristina Ganga","image":{"@type":"ImageObject","inLanguage":"ro-RO","@id":"https:\/\/secure.gravatar.com\/avatar\/5a67661041f057b4a8ccaf26f5a8e86e2689372006d01faf3dd9eeb10b654bb4?s=96&d=mm&r=g","url":"https:\/\/secure.gravatar.com\/avatar\/5a67661041f057b4a8ccaf26f5a8e86e2689372006d01faf3dd9eeb10b654bb4?s=96&d=mm&r=g","contentUrl":"https:\/\/secure.gravatar.com\/avatar\/5a67661041f057b4a8ccaf26f5a8e86e2689372006d01faf3dd9eeb10b654bb4?s=96&d=mm&r=g","caption":"Cristina Ganga"},"description":"Jurnalist","sameAs":["https:\/\/www.facebook.com\/cristina.nicola.587"],"url":"https:\/\/urbeamea.ro\/albaiulia\/author\/cristina-nicola\/"}]}},"_links":{"self":[{"href":"https:\/\/urbeamea.ro\/albaiulia\/wp-json\/wp\/v2\/posts\/88146","targetHints":{"allow":["GET"]}}],"collection":[{"href":"https:\/\/urbeamea.ro\/albaiulia\/wp-json\/wp\/v2\/posts"}],"about":[{"href":"https:\/\/urbeamea.ro\/albaiulia\/wp-json\/wp\/v2\/types\/post"}],"author":[{"embeddable":true,"href":"https:\/\/urbeamea.ro\/albaiulia\/wp-json\/wp\/v2\/users\/17"}],"replies":[{"embeddable":true,"href":"https:\/\/urbeamea.ro\/albaiulia\/wp-json\/wp\/v2\/comments?post=88146"}],"version-history":[{"count":0,"href":"https:\/\/urbeamea.ro\/albaiulia\/wp-json\/wp\/v2\/posts\/88146\/revisions"}],"wp:featuredmedia":[{"embeddable":true,"href":"https:\/\/urbeamea.ro\/albaiulia\/wp-json\/wp\/v2\/media\/88149"}],"wp:attachment":[{"href":"https:\/\/urbeamea.ro\/albaiulia\/wp-json\/wp\/v2\/media?parent=88146"}],"wp:term":[{"taxonomy":"category","embeddable":true,"href":"https:\/\/urbeamea.ro\/albaiulia\/wp-json\/wp\/v2\/categories?post=88146"},{"taxonomy":"post_tag","embeddable":true,"href":"https:\/\/urbeamea.ro\/albaiulia\/wp-json\/wp\/v2\/tags?post=88146"}],"curies":[{"name":"wp","href":"https:\/\/api.w.org\/{rel}","templated":true}]}}