{"id":88336,"date":"2020-03-09T13:03:56","date_gmt":"2020-03-09T11:03:56","guid":{"rendered":"https:\/\/urbeamea.ro\/albaiulia\/?p=88336"},"modified":"2020-03-09T13:03:59","modified_gmt":"2020-03-09T11:03:59","slug":"dubla-calificare-la-etapa-nationala-a-olimpiadelor-pentru-eleva-sergent-alexandra-costache","status":"publish","type":"post","link":"https:\/\/urbeamea.ro\/albaiulia\/dubla-calificare-la-etapa-nationala-a-olimpiadelor-pentru-eleva-sergent-alexandra-costache\/","title":{"rendered":"Dubl\u0103 calificare la etapa na\u021bional\u0103 a olimpiadelor pentru eleva sergent Alexandra Costache"},"content":{"rendered":"\n<h4 class=\"wp-block-heading\">Eleva sergent Alexandra Costache (clasa a XI-a) s-a calificat la faza na\u021bional\u0103 a Olimpiadei Interdisciplinare \u201e\u0218tiin\u021bele P\u0103m\u00e2ntului\u201d, ob\u021bin\u00e2nd premiul II la faza jude\u021bean\u0103 a competi\u021biei. <\/h4>\n\n\n\n<p>Alexandra a reu\u0219it \u00a0performan\u021ba dublei calific\u0103ri la na\u021bional\u0103 dup\u0103 cea de la chimie. Alexandra este pasionat\u0103 \u00eenc\u0103 de mic\u0103 de \u0219tiin\u021bele reale \u0219i vrea s\u0103 \u0219tie c\u00e2t mai multe despre fenomenele naturale care se petrec \u00een jurul nostru.<\/p>\n\n\n\n<p>Tot la faza jude\u021bean\u0103 a Olimpiadei Interdisciplinare\n\u201e\u0218tiin\u021bele P\u0103m\u00e2ntului\u201d, eleva sergent major Luciana Fr\u0103tean (clasa a XII-a) a\nob\u021binut men\u021biune.<\/p>\n\n\n\n<p>Cele dou\u0103 eleve sunt preg\u0103tite de profesorii Dorina Filipescu, Sanda Irimie, Lucian Irimie, Valer Macarie \u0219i Adela Tudor.<\/p>\n\n\n\n<p>Olimpiada Interdisciplinar\u0103 \u201e\u0218tiin\u021bele P\u0103m\u00e2ntului\u201d presupune un grad ridicat de analiz\u0103, sintez\u0103 \u0219i aplicare a a cuno\u0219tin\u021belor la disciplinele chimie, fizic\u0103, biologie \u0219i geografie.<\/p>\n\n\n\n<figure class=\"wp-block-gallery columns-3 is-cropped wp-block-gallery-1 is-layout-flex wp-block-gallery-is-layout-flex\"><ul class=\"blocks-gallery-grid\"><li class=\"blocks-gallery-item\"><figure><a href=\"https:\/\/urbeamea.ro\/albaiulia\/wp-content\/uploads\/2020\/03\/alexandra.jpg\"><img loading=\"lazy\" decoding=\"async\" width=\"815\" height=\"768\" src=\"https:\/\/urbeamea.ro\/albaiulia\/wp-content\/uploads\/2020\/03\/alexandra.jpg\" alt=\"\" data-id=\"88337\" data-full-url=\"https:\/\/urbeamea.ro\/albaiulia\/wp-content\/uploads\/2020\/03\/alexandra.jpg\" data-link=\"https:\/\/urbeamea.ro\/albaiulia\/?attachment_id=88337\" class=\"wp-image-88337\" srcset=\"https:\/\/urbeamea.ro\/albaiulia\/wp-content\/uploads\/2020\/03\/alexandra.jpg 815w, https:\/\/urbeamea.ro\/albaiulia\/wp-content\/uploads\/2020\/03\/alexandra-640x603.jpg 640w, https:\/\/urbeamea.ro\/albaiulia\/wp-content\/uploads\/2020\/03\/alexandra-150x141.jpg 150w, https:\/\/urbeamea.ro\/albaiulia\/wp-content\/uploads\/2020\/03\/alexandra-768x724.jpg 768w\" sizes=\"auto, (max-width: 815px) 100vw, 815px\" \/><\/a><\/figure><\/li><li class=\"blocks-gallery-item\"><figure><a href=\"https:\/\/urbeamea.ro\/albaiulia\/wp-content\/uploads\/2020\/03\/IMG_01255.jpg\"><img loading=\"lazy\" decoding=\"async\" width=\"907\" height=\"768\" src=\"https:\/\/urbeamea.ro\/albaiulia\/wp-content\/uploads\/2020\/03\/IMG_01255.jpg\" alt=\"\" data-id=\"88338\" data-full-url=\"https:\/\/urbeamea.ro\/albaiulia\/wp-content\/uploads\/2020\/03\/IMG_01255.jpg\" data-link=\"https:\/\/urbeamea.ro\/albaiulia\/?attachment_id=88338\" class=\"wp-image-88338\" srcset=\"https:\/\/urbeamea.ro\/albaiulia\/wp-content\/uploads\/2020\/03\/IMG_01255.jpg 907w, https:\/\/urbeamea.ro\/albaiulia\/wp-content\/uploads\/2020\/03\/IMG_01255-640x542.jpg 640w, https:\/\/urbeamea.ro\/albaiulia\/wp-content\/uploads\/2020\/03\/IMG_01255-150x127.jpg 150w, https:\/\/urbeamea.ro\/albaiulia\/wp-content\/uploads\/2020\/03\/IMG_01255-768x650.jpg 768w\" sizes=\"auto, (max-width: 907px) 100vw, 907px\" \/><\/a><\/figure><\/li><li class=\"blocks-gallery-item\"><figure><a href=\"https:\/\/urbeamea.ro\/albaiulia\/wp-content\/uploads\/2020\/03\/IMG_01266.jpg\"><img loading=\"lazy\" decoding=\"async\" width=\"768\" height=\"791\" src=\"https:\/\/urbeamea.ro\/albaiulia\/wp-content\/uploads\/2020\/03\/IMG_01266.jpg\" alt=\"\" data-id=\"88339\" data-full-url=\"https:\/\/urbeamea.ro\/albaiulia\/wp-content\/uploads\/2020\/03\/IMG_01266.jpg\" data-link=\"https:\/\/urbeamea.ro\/albaiulia\/?attachment_id=88339\" class=\"wp-image-88339\" srcset=\"https:\/\/urbeamea.ro\/albaiulia\/wp-content\/uploads\/2020\/03\/IMG_01266.jpg 768w, https:\/\/urbeamea.ro\/albaiulia\/wp-content\/uploads\/2020\/03\/IMG_01266-621x640.jpg 621w, https:\/\/urbeamea.ro\/albaiulia\/wp-content\/uploads\/2020\/03\/IMG_01266-146x150.jpg 146w\" sizes=\"auto, (max-width: 768px) 100vw, 768px\" \/><\/a><\/figure><\/li><\/ul><\/figure>\n","protected":false},"excerpt":{"rendered":"<p>Eleva sergent Alexandra Costache (clasa a XI-a) s-a calificat la faza na\u021bional\u0103 a Olimpiadei Interdisciplinare \u201e\u0218tiin\u021bele P\u0103m\u00e2ntului\u201d, ob\u021bin\u00e2nd premiul II la faza jude\u021bean\u0103 a competi\u021biei. Alexandra a reu\u0219it \u00a0performan\u021ba dublei calific\u0103ri la na\u021bional\u0103 dup\u0103 cea de la chimie. Alexandra este pasionat\u0103 \u00eenc\u0103 de mic\u0103 de \u0219tiin\u021bele reale \u0219i vrea s\u0103 \u0219tie c\u00e2t mai multe despre &hellip;<\/p>\n","protected":false},"author":17,"featured_media":88337,"comment_status":"open","ping_status":"open","sticky":false,"template":"","format":"standard","meta":{"inline_featured_image":false,"footnotes":""},"categories":[2039],"tags":[11032,19982,19983,19984,1548],"class_list":["post-88336","post","type-post","status-publish","format-standard","has-post-thumbnail","hentry","category-educatie","tag-colegiul-national-militar-mihai-viteazul-alba-iulia","tag-dubla-calificare","tag-eleva-sergent-alexandra-costache","tag-olimpiada-interdisciplinara-stiintele-pamantului","tag-olimpiade"],"yoast_head":"<!-- This site is optimized with the Yoast SEO plugin v27.4 - https:\/\/yoast.com\/product\/yoast-seo-wordpress\/ -->\n<title>Dubl\u0103 calificare la etapa na\u021bional\u0103 a olimpiadelor pentru eleva sergent Alexandra Costache - Revista Urbea Mea - Revista de Alba<\/title>\n<meta name=\"description\" content=\"Eleva sergent Alexandra Costache (clasa a XI-a) s-a calificat la faza na\u021bional\u0103 a Olimpiadei Interdisciplinare \u201e\u0218tiin\u021bele P\u0103m\u00e2ntului\u201d, ob\u021bin\u00e2nd premiul II\" \/>\n<meta name=\"robots\" content=\"index, follow, max-snippet:-1, max-image-preview:large, max-video-preview:-1\" \/>\n<link rel=\"canonical\" href=\"https:\/\/urbeamea.ro\/albaiulia\/dubla-calificare-la-etapa-nationala-a-olimpiadelor-pentru-eleva-sergent-alexandra-costache\/\" \/>\n<meta name=\"twitter:card\" content=\"summary_large_image\" \/>\n<meta name=\"twitter:title\" content=\"Dubl\u0103 calificare la etapa na\u021bional\u0103 a olimpiadelor pentru eleva sergent Alexandra Costache - Revista Urbea Mea - Revista de Alba\" \/>\n<meta name=\"twitter:description\" content=\"Eleva sergent Alexandra Costache (clasa a XI-a) s-a calificat la faza na\u021bional\u0103 a Olimpiadei Interdisciplinare \u201e\u0218tiin\u021bele P\u0103m\u00e2ntului\u201d, ob\u021bin\u00e2nd premiul II\" \/>\n<meta name=\"twitter:image\" content=\"https:\/\/urbeamea.ro\/albaiulia\/wp-content\/uploads\/2020\/03\/alexandra.jpg\" \/>\n<meta name=\"twitter:creator\" content=\"@urbeameaweb\" \/>\n<meta name=\"twitter:site\" content=\"@urbeameaweb\" \/>\n<script type=\"application\/ld+json\" class=\"yoast-schema-graph\">{\"@context\":\"https:\\\/\\\/schema.org\",\"@graph\":[{\"@type\":\"Article\",\"@id\":\"https:\\\/\\\/urbeamea.ro\\\/albaiulia\\\/dubla-calificare-la-etapa-nationala-a-olimpiadelor-pentru-eleva-sergent-alexandra-costache\\\/#article\",\"isPartOf\":{\"@id\":\"https:\\\/\\\/urbeamea.ro\\\/albaiulia\\\/dubla-calificare-la-etapa-nationala-a-olimpiadelor-pentru-eleva-sergent-alexandra-costache\\\/\"},\"author\":{\"name\":\"Cristina Ganga\",\"@id\":\"https:\\\/\\\/urbeamea.ro\\\/albaiulia\\\/#\\\/schema\\\/person\\\/9700d21fae21c4f038b0b56f4506264a\"},\"headline\":\"Dubl\u0103 calificare la etapa na\u021bional\u0103 a olimpiadelor pentru eleva sergent Alexandra Costache\",\"datePublished\":\"2020-03-09T11:03:56+00:00\",\"dateModified\":\"2020-03-09T11:03:59+00:00\",\"mainEntityOfPage\":{\"@id\":\"https:\\\/\\\/urbeamea.ro\\\/albaiulia\\\/dubla-calificare-la-etapa-nationala-a-olimpiadelor-pentru-eleva-sergent-alexandra-costache\\\/\"},\"wordCount\":164,\"commentCount\":0,\"image\":{\"@id\":\"https:\\\/\\\/urbeamea.ro\\\/albaiulia\\\/dubla-calificare-la-etapa-nationala-a-olimpiadelor-pentru-eleva-sergent-alexandra-costache\\\/#primaryimage\"},\"thumbnailUrl\":\"https:\\\/\\\/urbeamea.ro\\\/albaiulia\\\/wp-content\\\/uploads\\\/2020\\\/03\\\/alexandra.jpg\",\"keywords\":[\"colegiul national militar mihai viteazul alba iulia\",\"dubla calificare\",\"eleva sergent alexandra costache\",\"olimpiada interdisciplinara stiintele pamantului\",\"olimpiade\"],\"articleSection\":[\"Educa\u021bie\"],\"inLanguage\":\"ro-RO\",\"potentialAction\":[{\"@type\":\"CommentAction\",\"name\":\"Comment\",\"target\":[\"https:\\\/\\\/urbeamea.ro\\\/albaiulia\\\/dubla-calificare-la-etapa-nationala-a-olimpiadelor-pentru-eleva-sergent-alexandra-costache\\\/#respond\"]}]},{\"@type\":\"WebPage\",\"@id\":\"https:\\\/\\\/urbeamea.ro\\\/albaiulia\\\/dubla-calificare-la-etapa-nationala-a-olimpiadelor-pentru-eleva-sergent-alexandra-costache\\\/\",\"url\":\"https:\\\/\\\/urbeamea.ro\\\/albaiulia\\\/dubla-calificare-la-etapa-nationala-a-olimpiadelor-pentru-eleva-sergent-alexandra-costache\\\/\",\"name\":\"Dubl\u0103 calificare la etapa na\u021bional\u0103 a olimpiadelor pentru eleva sergent Alexandra Costache - Revista Urbea Mea - Revista de Alba\",\"isPartOf\":{\"@id\":\"https:\\\/\\\/urbeamea.ro\\\/albaiulia\\\/#website\"},\"primaryImageOfPage\":{\"@id\":\"https:\\\/\\\/urbeamea.ro\\\/albaiulia\\\/dubla-calificare-la-etapa-nationala-a-olimpiadelor-pentru-eleva-sergent-alexandra-costache\\\/#primaryimage\"},\"image\":{\"@id\":\"https:\\\/\\\/urbeamea.ro\\\/albaiulia\\\/dubla-calificare-la-etapa-nationala-a-olimpiadelor-pentru-eleva-sergent-alexandra-costache\\\/#primaryimage\"},\"thumbnailUrl\":\"https:\\\/\\\/urbeamea.ro\\\/albaiulia\\\/wp-content\\\/uploads\\\/2020\\\/03\\\/alexandra.jpg\",\"datePublished\":\"2020-03-09T11:03:56+00:00\",\"dateModified\":\"2020-03-09T11:03:59+00:00\",\"author\":{\"@id\":\"https:\\\/\\\/urbeamea.ro\\\/albaiulia\\\/#\\\/schema\\\/person\\\/9700d21fae21c4f038b0b56f4506264a\"},\"description\":\"Eleva sergent Alexandra Costache (clasa a XI-a) s-a calificat la faza na\u021bional\u0103 a Olimpiadei Interdisciplinare \u201e\u0218tiin\u021bele P\u0103m\u00e2ntului\u201d, ob\u021bin\u00e2nd premiul II\",\"breadcrumb\":{\"@id\":\"https:\\\/\\\/urbeamea.ro\\\/albaiulia\\\/dubla-calificare-la-etapa-nationala-a-olimpiadelor-pentru-eleva-sergent-alexandra-costache\\\/#breadcrumb\"},\"inLanguage\":\"ro-RO\",\"potentialAction\":[{\"@type\":\"ReadAction\",\"target\":[\"https:\\\/\\\/urbeamea.ro\\\/albaiulia\\\/dubla-calificare-la-etapa-nationala-a-olimpiadelor-pentru-eleva-sergent-alexandra-costache\\\/\"]}]},{\"@type\":\"ImageObject\",\"inLanguage\":\"ro-RO\",\"@id\":\"https:\\\/\\\/urbeamea.ro\\\/albaiulia\\\/dubla-calificare-la-etapa-nationala-a-olimpiadelor-pentru-eleva-sergent-alexandra-costache\\\/#primaryimage\",\"url\":\"https:\\\/\\\/urbeamea.ro\\\/albaiulia\\\/wp-content\\\/uploads\\\/2020\\\/03\\\/alexandra.jpg\",\"contentUrl\":\"https:\\\/\\\/urbeamea.ro\\\/albaiulia\\\/wp-content\\\/uploads\\\/2020\\\/03\\\/alexandra.jpg\",\"width\":815,\"height\":768},{\"@type\":\"BreadcrumbList\",\"@id\":\"https:\\\/\\\/urbeamea.ro\\\/albaiulia\\\/dubla-calificare-la-etapa-nationala-a-olimpiadelor-pentru-eleva-sergent-alexandra-costache\\\/#breadcrumb\",\"itemListElement\":[{\"@type\":\"ListItem\",\"position\":1,\"name\":\"Prima pagin\u0103\",\"item\":\"https:\\\/\\\/urbeamea.ro\\\/albaiulia\\\/\"},{\"@type\":\"ListItem\",\"position\":2,\"name\":\"Dubl\u0103 calificare la etapa na\u021bional\u0103 a olimpiadelor pentru eleva sergent Alexandra Costache\"}]},{\"@type\":\"WebSite\",\"@id\":\"https:\\\/\\\/urbeamea.ro\\\/albaiulia\\\/#website\",\"url\":\"https:\\\/\\\/urbeamea.ro\\\/albaiulia\\\/\",\"name\":\"Revista Urbea Mea, Stiri urbane\",\"description\":\"Evenimente \u0219i \u0219tiri din Alba Iulia, Sebe\u0219, Aiud, Blaj\",\"potentialAction\":[{\"@type\":\"SearchAction\",\"target\":{\"@type\":\"EntryPoint\",\"urlTemplate\":\"https:\\\/\\\/urbeamea.ro\\\/albaiulia\\\/?s={search_term_string}\"},\"query-input\":{\"@type\":\"PropertyValueSpecification\",\"valueRequired\":true,\"valueName\":\"search_term_string\"}}],\"inLanguage\":\"ro-RO\"},{\"@type\":\"Person\",\"@id\":\"https:\\\/\\\/urbeamea.ro\\\/albaiulia\\\/#\\\/schema\\\/person\\\/9700d21fae21c4f038b0b56f4506264a\",\"name\":\"Cristina Ganga\",\"image\":{\"@type\":\"ImageObject\",\"inLanguage\":\"ro-RO\",\"@id\":\"https:\\\/\\\/secure.gravatar.com\\\/avatar\\\/5a67661041f057b4a8ccaf26f5a8e86e2689372006d01faf3dd9eeb10b654bb4?s=96&d=mm&r=g\",\"url\":\"https:\\\/\\\/secure.gravatar.com\\\/avatar\\\/5a67661041f057b4a8ccaf26f5a8e86e2689372006d01faf3dd9eeb10b654bb4?s=96&d=mm&r=g\",\"contentUrl\":\"https:\\\/\\\/secure.gravatar.com\\\/avatar\\\/5a67661041f057b4a8ccaf26f5a8e86e2689372006d01faf3dd9eeb10b654bb4?s=96&d=mm&r=g\",\"caption\":\"Cristina Ganga\"},\"description\":\"Jurnalist\",\"sameAs\":[\"https:\\\/\\\/www.facebook.com\\\/cristina.nicola.587\"],\"url\":\"https:\\\/\\\/urbeamea.ro\\\/albaiulia\\\/author\\\/cristina-nicola\\\/\"}]}<\/script>\n<!-- \/ Yoast SEO plugin. -->","yoast_head_json":{"title":"Dubl\u0103 calificare la etapa na\u021bional\u0103 a olimpiadelor pentru eleva sergent Alexandra Costache - Revista Urbea Mea - Revista de Alba","description":"Eleva sergent Alexandra Costache (clasa a XI-a) s-a calificat la faza na\u021bional\u0103 a Olimpiadei Interdisciplinare \u201e\u0218tiin\u021bele P\u0103m\u00e2ntului\u201d, ob\u021bin\u00e2nd premiul II","robots":{"index":"index","follow":"follow","max-snippet":"max-snippet:-1","max-image-preview":"max-image-preview:large","max-video-preview":"max-video-preview:-1"},"canonical":"https:\/\/urbeamea.ro\/albaiulia\/dubla-calificare-la-etapa-nationala-a-olimpiadelor-pentru-eleva-sergent-alexandra-costache\/","twitter_card":"summary_large_image","twitter_title":"Dubl\u0103 calificare la etapa na\u021bional\u0103 a olimpiadelor pentru eleva sergent Alexandra Costache - Revista Urbea Mea - Revista de Alba","twitter_description":"Eleva sergent Alexandra Costache (clasa a XI-a) s-a calificat la faza na\u021bional\u0103 a Olimpiadei Interdisciplinare \u201e\u0218tiin\u021bele P\u0103m\u00e2ntului\u201d, ob\u021bin\u00e2nd premiul II","twitter_image":"https:\/\/urbeamea.ro\/albaiulia\/wp-content\/uploads\/2020\/03\/alexandra.jpg","twitter_creator":"@urbeameaweb","twitter_site":"@urbeameaweb","schema":{"@context":"https:\/\/schema.org","@graph":[{"@type":"Article","@id":"https:\/\/urbeamea.ro\/albaiulia\/dubla-calificare-la-etapa-nationala-a-olimpiadelor-pentru-eleva-sergent-alexandra-costache\/#article","isPartOf":{"@id":"https:\/\/urbeamea.ro\/albaiulia\/dubla-calificare-la-etapa-nationala-a-olimpiadelor-pentru-eleva-sergent-alexandra-costache\/"},"author":{"name":"Cristina Ganga","@id":"https:\/\/urbeamea.ro\/albaiulia\/#\/schema\/person\/9700d21fae21c4f038b0b56f4506264a"},"headline":"Dubl\u0103 calificare la etapa na\u021bional\u0103 a olimpiadelor pentru eleva sergent Alexandra Costache","datePublished":"2020-03-09T11:03:56+00:00","dateModified":"2020-03-09T11:03:59+00:00","mainEntityOfPage":{"@id":"https:\/\/urbeamea.ro\/albaiulia\/dubla-calificare-la-etapa-nationala-a-olimpiadelor-pentru-eleva-sergent-alexandra-costache\/"},"wordCount":164,"commentCount":0,"image":{"@id":"https:\/\/urbeamea.ro\/albaiulia\/dubla-calificare-la-etapa-nationala-a-olimpiadelor-pentru-eleva-sergent-alexandra-costache\/#primaryimage"},"thumbnailUrl":"https:\/\/urbeamea.ro\/albaiulia\/wp-content\/uploads\/2020\/03\/alexandra.jpg","keywords":["colegiul national militar mihai viteazul alba iulia","dubla calificare","eleva sergent alexandra costache","olimpiada interdisciplinara stiintele pamantului","olimpiade"],"articleSection":["Educa\u021bie"],"inLanguage":"ro-RO","potentialAction":[{"@type":"CommentAction","name":"Comment","target":["https:\/\/urbeamea.ro\/albaiulia\/dubla-calificare-la-etapa-nationala-a-olimpiadelor-pentru-eleva-sergent-alexandra-costache\/#respond"]}]},{"@type":"WebPage","@id":"https:\/\/urbeamea.ro\/albaiulia\/dubla-calificare-la-etapa-nationala-a-olimpiadelor-pentru-eleva-sergent-alexandra-costache\/","url":"https:\/\/urbeamea.ro\/albaiulia\/dubla-calificare-la-etapa-nationala-a-olimpiadelor-pentru-eleva-sergent-alexandra-costache\/","name":"Dubl\u0103 calificare la etapa na\u021bional\u0103 a olimpiadelor pentru eleva sergent Alexandra Costache - Revista Urbea Mea - Revista de Alba","isPartOf":{"@id":"https:\/\/urbeamea.ro\/albaiulia\/#website"},"primaryImageOfPage":{"@id":"https:\/\/urbeamea.ro\/albaiulia\/dubla-calificare-la-etapa-nationala-a-olimpiadelor-pentru-eleva-sergent-alexandra-costache\/#primaryimage"},"image":{"@id":"https:\/\/urbeamea.ro\/albaiulia\/dubla-calificare-la-etapa-nationala-a-olimpiadelor-pentru-eleva-sergent-alexandra-costache\/#primaryimage"},"thumbnailUrl":"https:\/\/urbeamea.ro\/albaiulia\/wp-content\/uploads\/2020\/03\/alexandra.jpg","datePublished":"2020-03-09T11:03:56+00:00","dateModified":"2020-03-09T11:03:59+00:00","author":{"@id":"https:\/\/urbeamea.ro\/albaiulia\/#\/schema\/person\/9700d21fae21c4f038b0b56f4506264a"},"description":"Eleva sergent Alexandra Costache (clasa a XI-a) s-a calificat la faza na\u021bional\u0103 a Olimpiadei Interdisciplinare \u201e\u0218tiin\u021bele P\u0103m\u00e2ntului\u201d, ob\u021bin\u00e2nd premiul II","breadcrumb":{"@id":"https:\/\/urbeamea.ro\/albaiulia\/dubla-calificare-la-etapa-nationala-a-olimpiadelor-pentru-eleva-sergent-alexandra-costache\/#breadcrumb"},"inLanguage":"ro-RO","potentialAction":[{"@type":"ReadAction","target":["https:\/\/urbeamea.ro\/albaiulia\/dubla-calificare-la-etapa-nationala-a-olimpiadelor-pentru-eleva-sergent-alexandra-costache\/"]}]},{"@type":"ImageObject","inLanguage":"ro-RO","@id":"https:\/\/urbeamea.ro\/albaiulia\/dubla-calificare-la-etapa-nationala-a-olimpiadelor-pentru-eleva-sergent-alexandra-costache\/#primaryimage","url":"https:\/\/urbeamea.ro\/albaiulia\/wp-content\/uploads\/2020\/03\/alexandra.jpg","contentUrl":"https:\/\/urbeamea.ro\/albaiulia\/wp-content\/uploads\/2020\/03\/alexandra.jpg","width":815,"height":768},{"@type":"BreadcrumbList","@id":"https:\/\/urbeamea.ro\/albaiulia\/dubla-calificare-la-etapa-nationala-a-olimpiadelor-pentru-eleva-sergent-alexandra-costache\/#breadcrumb","itemListElement":[{"@type":"ListItem","position":1,"name":"Prima pagin\u0103","item":"https:\/\/urbeamea.ro\/albaiulia\/"},{"@type":"ListItem","position":2,"name":"Dubl\u0103 calificare la etapa na\u021bional\u0103 a olimpiadelor pentru eleva sergent Alexandra Costache"}]},{"@type":"WebSite","@id":"https:\/\/urbeamea.ro\/albaiulia\/#website","url":"https:\/\/urbeamea.ro\/albaiulia\/","name":"Revista Urbea Mea, Stiri urbane","description":"Evenimente \u0219i \u0219tiri din Alba Iulia, Sebe\u0219, Aiud, Blaj","potentialAction":[{"@type":"SearchAction","target":{"@type":"EntryPoint","urlTemplate":"https:\/\/urbeamea.ro\/albaiulia\/?s={search_term_string}"},"query-input":{"@type":"PropertyValueSpecification","valueRequired":true,"valueName":"search_term_string"}}],"inLanguage":"ro-RO"},{"@type":"Person","@id":"https:\/\/urbeamea.ro\/albaiulia\/#\/schema\/person\/9700d21fae21c4f038b0b56f4506264a","name":"Cristina Ganga","image":{"@type":"ImageObject","inLanguage":"ro-RO","@id":"https:\/\/secure.gravatar.com\/avatar\/5a67661041f057b4a8ccaf26f5a8e86e2689372006d01faf3dd9eeb10b654bb4?s=96&d=mm&r=g","url":"https:\/\/secure.gravatar.com\/avatar\/5a67661041f057b4a8ccaf26f5a8e86e2689372006d01faf3dd9eeb10b654bb4?s=96&d=mm&r=g","contentUrl":"https:\/\/secure.gravatar.com\/avatar\/5a67661041f057b4a8ccaf26f5a8e86e2689372006d01faf3dd9eeb10b654bb4?s=96&d=mm&r=g","caption":"Cristina Ganga"},"description":"Jurnalist","sameAs":["https:\/\/www.facebook.com\/cristina.nicola.587"],"url":"https:\/\/urbeamea.ro\/albaiulia\/author\/cristina-nicola\/"}]}},"_links":{"self":[{"href":"https:\/\/urbeamea.ro\/albaiulia\/wp-json\/wp\/v2\/posts\/88336","targetHints":{"allow":["GET"]}}],"collection":[{"href":"https:\/\/urbeamea.ro\/albaiulia\/wp-json\/wp\/v2\/posts"}],"about":[{"href":"https:\/\/urbeamea.ro\/albaiulia\/wp-json\/wp\/v2\/types\/post"}],"author":[{"embeddable":true,"href":"https:\/\/urbeamea.ro\/albaiulia\/wp-json\/wp\/v2\/users\/17"}],"replies":[{"embeddable":true,"href":"https:\/\/urbeamea.ro\/albaiulia\/wp-json\/wp\/v2\/comments?post=88336"}],"version-history":[{"count":0,"href":"https:\/\/urbeamea.ro\/albaiulia\/wp-json\/wp\/v2\/posts\/88336\/revisions"}],"wp:featuredmedia":[{"embeddable":true,"href":"https:\/\/urbeamea.ro\/albaiulia\/wp-json\/wp\/v2\/media\/88337"}],"wp:attachment":[{"href":"https:\/\/urbeamea.ro\/albaiulia\/wp-json\/wp\/v2\/media?parent=88336"}],"wp:term":[{"taxonomy":"category","embeddable":true,"href":"https:\/\/urbeamea.ro\/albaiulia\/wp-json\/wp\/v2\/categories?post=88336"},{"taxonomy":"post_tag","embeddable":true,"href":"https:\/\/urbeamea.ro\/albaiulia\/wp-json\/wp\/v2\/tags?post=88336"}],"curies":[{"name":"wp","href":"https:\/\/api.w.org\/{rel}","templated":true}]}}