{"id":88341,"date":"2020-03-09T13:11:47","date_gmt":"2020-03-09T11:11:47","guid":{"rendered":"https:\/\/urbeamea.ro\/albaiulia\/?p=88341"},"modified":"2020-03-09T13:11:49","modified_gmt":"2020-03-09T11:11:49","slug":"curatenia-generala-de-primavara-demarata-de-primaria-municipiului-alba-iulia-si-polaris-m-holding-continua","status":"publish","type":"post","link":"https:\/\/urbeamea.ro\/albaiulia\/curatenia-generala-de-primavara-demarata-de-primaria-municipiului-alba-iulia-si-polaris-m-holding-continua\/","title":{"rendered":"Cur\u0103\u021benia general\u0103 de prim\u0103var\u0103 demarat\u0103 de Prim\u0103ria municipiului Alba Iulia \u0219i Polaris M Holding continu\u0103"},"content":{"rendered":"\n<h4 class=\"wp-block-heading\">\u00cencepute \u00een 09.03.2020 pe tronsonul cuprins \u00eentre\u00a0Pasarela de la Parto\u0219 \u0219i Podul peste r\u00e2ul Ampoi, ac\u021biunile de igienizare continu\u0103 \u00een data de 10.03.2020 pe bd. Republicii (tronsonul cuprins \u00eentre str. Tudor Vladimirescu \u0219i Calea Mo\u021bilor\/Stadion) \u0219i intr\u0103rile pe str\u0103zile adiacente.<\/h4>\n\n\n\n<p>Locuitorii din acest\u0103 zon\u0103, proprietari de gospod\u0103rii individuale sau asocia\u021bii de proprietari, sunt ruga\u021bi s\u0103 scoat\u0103 la marginea trotuarelor,\u00a0\u00een locuri accesibile pentru utilajele de transport ale Polaris M Holding,\u00a0resturile vegetale \u0219i corpuri de mobilier vechi care nu le mai sunt necesare. <\/p>\n\n\n\n<p>Pentru a nu d\u0103una mediului \u00eenconjur\u0103tor, de\u0219eurile nu trebuie arse, ele fiind colectate \u00een mod gratuit.\u00a0Electrocasnicele nu intr\u0103 \u00een categoria de\u0219eurilor ce vor fi ridicate de operatorul de salubritate.<\/p>\n\n\n\n<p>Pentru o mai bun\u0103 operativitate, rug\u0103m proprietarii de ma\u0219ini s\u0103 nu \u00ee\u0219i lase parcate autoturismele pe trotuare sau la marginea str\u0103zii.<\/p>\n\n\n\n<p>\u00cen func\u021bie de condi\u021biile meteo, cur\u0103\u021benia va continua \u0219i \u00een alte zone din municipiu, programul urm\u00e2nd a fi anun\u021bat \u00een zilele viitoare.<\/p>\n\n\n\n<figure class=\"wp-block-gallery columns-3 is-cropped wp-block-gallery-1 is-layout-flex wp-block-gallery-is-layout-flex\"><ul class=\"blocks-gallery-grid\"><li class=\"blocks-gallery-item\"><figure><a href=\"https:\/\/urbeamea.ro\/albaiulia\/wp-content\/uploads\/2020\/03\/WhatsApp-Image-2020-03-09-at-09.22.33.jpeg\"><img loading=\"lazy\" decoding=\"async\" width=\"596\" height=\"1280\" src=\"https:\/\/urbeamea.ro\/albaiulia\/wp-content\/uploads\/2020\/03\/WhatsApp-Image-2020-03-09-at-09.22.33-596x1280.jpeg\" alt=\"\" data-id=\"88343\" data-full-url=\"https:\/\/urbeamea.ro\/albaiulia\/wp-content\/uploads\/2020\/03\/WhatsApp-Image-2020-03-09-at-09.22.33.jpeg\" data-link=\"https:\/\/urbeamea.ro\/albaiulia\/?attachment_id=88343\" class=\"wp-image-88343\" srcset=\"https:\/\/urbeamea.ro\/albaiulia\/wp-content\/uploads\/2020\/03\/WhatsApp-Image-2020-03-09-at-09.22.33-596x1280.jpeg 596w, https:\/\/urbeamea.ro\/albaiulia\/wp-content\/uploads\/2020\/03\/WhatsApp-Image-2020-03-09-at-09.22.33-298x640.jpeg 298w, https:\/\/urbeamea.ro\/albaiulia\/wp-content\/uploads\/2020\/03\/WhatsApp-Image-2020-03-09-at-09.22.33-70x150.jpeg 70w, https:\/\/urbeamea.ro\/albaiulia\/wp-content\/uploads\/2020\/03\/WhatsApp-Image-2020-03-09-at-09.22.33-715x1536.jpeg 715w, https:\/\/urbeamea.ro\/albaiulia\/wp-content\/uploads\/2020\/03\/WhatsApp-Image-2020-03-09-at-09.22.33.jpeg 744w\" sizes=\"auto, (max-width: 596px) 100vw, 596px\" \/><\/a><\/figure><\/li><li class=\"blocks-gallery-item\"><figure><a href=\"https:\/\/urbeamea.ro\/albaiulia\/wp-content\/uploads\/2020\/03\/WhatsApp-Image-2020-03-09-at-09.22.35.jpeg\"><img loading=\"lazy\" decoding=\"async\" width=\"596\" height=\"1280\" src=\"https:\/\/urbeamea.ro\/albaiulia\/wp-content\/uploads\/2020\/03\/WhatsApp-Image-2020-03-09-at-09.22.35-596x1280.jpeg\" alt=\"\" data-id=\"88344\" data-full-url=\"https:\/\/urbeamea.ro\/albaiulia\/wp-content\/uploads\/2020\/03\/WhatsApp-Image-2020-03-09-at-09.22.35.jpeg\" data-link=\"https:\/\/urbeamea.ro\/albaiulia\/?attachment_id=88344\" class=\"wp-image-88344\" srcset=\"https:\/\/urbeamea.ro\/albaiulia\/wp-content\/uploads\/2020\/03\/WhatsApp-Image-2020-03-09-at-09.22.35-596x1280.jpeg 596w, https:\/\/urbeamea.ro\/albaiulia\/wp-content\/uploads\/2020\/03\/WhatsApp-Image-2020-03-09-at-09.22.35-298x640.jpeg 298w, https:\/\/urbeamea.ro\/albaiulia\/wp-content\/uploads\/2020\/03\/WhatsApp-Image-2020-03-09-at-09.22.35-70x150.jpeg 70w, https:\/\/urbeamea.ro\/albaiulia\/wp-content\/uploads\/2020\/03\/WhatsApp-Image-2020-03-09-at-09.22.35-715x1536.jpeg 715w, https:\/\/urbeamea.ro\/albaiulia\/wp-content\/uploads\/2020\/03\/WhatsApp-Image-2020-03-09-at-09.22.35.jpeg 744w\" sizes=\"auto, (max-width: 596px) 100vw, 596px\" \/><\/a><\/figure><\/li><li class=\"blocks-gallery-item\"><figure><a href=\"https:\/\/urbeamea.ro\/albaiulia\/wp-content\/uploads\/2020\/03\/WhatsApp-Image-2020-03-09-at-09.22.36.jpeg\"><img loading=\"lazy\" decoding=\"async\" width=\"596\" height=\"1280\" src=\"https:\/\/urbeamea.ro\/albaiulia\/wp-content\/uploads\/2020\/03\/WhatsApp-Image-2020-03-09-at-09.22.36-596x1280.jpeg\" alt=\"\" data-id=\"88345\" data-full-url=\"https:\/\/urbeamea.ro\/albaiulia\/wp-content\/uploads\/2020\/03\/WhatsApp-Image-2020-03-09-at-09.22.36.jpeg\" data-link=\"https:\/\/urbeamea.ro\/albaiulia\/?attachment_id=88345\" class=\"wp-image-88345\" srcset=\"https:\/\/urbeamea.ro\/albaiulia\/wp-content\/uploads\/2020\/03\/WhatsApp-Image-2020-03-09-at-09.22.36-596x1280.jpeg 596w, https:\/\/urbeamea.ro\/albaiulia\/wp-content\/uploads\/2020\/03\/WhatsApp-Image-2020-03-09-at-09.22.36-298x640.jpeg 298w, https:\/\/urbeamea.ro\/albaiulia\/wp-content\/uploads\/2020\/03\/WhatsApp-Image-2020-03-09-at-09.22.36-70x150.jpeg 70w, https:\/\/urbeamea.ro\/albaiulia\/wp-content\/uploads\/2020\/03\/WhatsApp-Image-2020-03-09-at-09.22.36-715x1536.jpeg 715w, https:\/\/urbeamea.ro\/albaiulia\/wp-content\/uploads\/2020\/03\/WhatsApp-Image-2020-03-09-at-09.22.36.jpeg 744w\" sizes=\"auto, (max-width: 596px) 100vw, 596px\" \/><\/a><\/figure><\/li><li class=\"blocks-gallery-item\"><figure><a href=\"https:\/\/urbeamea.ro\/albaiulia\/wp-content\/uploads\/2020\/03\/WhatsApp-Image-2020-03-09-at-09.22.37.jpeg\"><img loading=\"lazy\" decoding=\"async\" width=\"596\" height=\"1280\" src=\"https:\/\/urbeamea.ro\/albaiulia\/wp-content\/uploads\/2020\/03\/WhatsApp-Image-2020-03-09-at-09.22.37-596x1280.jpeg\" alt=\"\" data-id=\"88346\" data-full-url=\"https:\/\/urbeamea.ro\/albaiulia\/wp-content\/uploads\/2020\/03\/WhatsApp-Image-2020-03-09-at-09.22.37.jpeg\" data-link=\"https:\/\/urbeamea.ro\/albaiulia\/?attachment_id=88346\" class=\"wp-image-88346\" srcset=\"https:\/\/urbeamea.ro\/albaiulia\/wp-content\/uploads\/2020\/03\/WhatsApp-Image-2020-03-09-at-09.22.37-596x1280.jpeg 596w, https:\/\/urbeamea.ro\/albaiulia\/wp-content\/uploads\/2020\/03\/WhatsApp-Image-2020-03-09-at-09.22.37-298x640.jpeg 298w, https:\/\/urbeamea.ro\/albaiulia\/wp-content\/uploads\/2020\/03\/WhatsApp-Image-2020-03-09-at-09.22.37-70x150.jpeg 70w, https:\/\/urbeamea.ro\/albaiulia\/wp-content\/uploads\/2020\/03\/WhatsApp-Image-2020-03-09-at-09.22.37-715x1536.jpeg 715w, https:\/\/urbeamea.ro\/albaiulia\/wp-content\/uploads\/2020\/03\/WhatsApp-Image-2020-03-09-at-09.22.37.jpeg 744w\" sizes=\"auto, (max-width: 596px) 100vw, 596px\" \/><\/a><\/figure><\/li><li class=\"blocks-gallery-item\"><figure><a href=\"https:\/\/urbeamea.ro\/albaiulia\/wp-content\/uploads\/2020\/03\/WhatsApp-Image-2020-03-09-at-10.41.11.jpeg\"><img loading=\"lazy\" decoding=\"async\" width=\"1280\" height=\"596\" src=\"https:\/\/urbeamea.ro\/albaiulia\/wp-content\/uploads\/2020\/03\/WhatsApp-Image-2020-03-09-at-10.41.11-1280x596.jpeg\" alt=\"\" data-id=\"88347\" data-full-url=\"https:\/\/urbeamea.ro\/albaiulia\/wp-content\/uploads\/2020\/03\/WhatsApp-Image-2020-03-09-at-10.41.11.jpeg\" data-link=\"https:\/\/urbeamea.ro\/albaiulia\/?attachment_id=88347\" class=\"wp-image-88347\" srcset=\"https:\/\/urbeamea.ro\/albaiulia\/wp-content\/uploads\/2020\/03\/WhatsApp-Image-2020-03-09-at-10.41.11-1280x596.jpeg 1280w, https:\/\/urbeamea.ro\/albaiulia\/wp-content\/uploads\/2020\/03\/WhatsApp-Image-2020-03-09-at-10.41.11-640x298.jpeg 640w, https:\/\/urbeamea.ro\/albaiulia\/wp-content\/uploads\/2020\/03\/WhatsApp-Image-2020-03-09-at-10.41.11-150x70.jpeg 150w, https:\/\/urbeamea.ro\/albaiulia\/wp-content\/uploads\/2020\/03\/WhatsApp-Image-2020-03-09-at-10.41.11-768x357.jpeg 768w, https:\/\/urbeamea.ro\/albaiulia\/wp-content\/uploads\/2020\/03\/WhatsApp-Image-2020-03-09-at-10.41.11-1536x715.jpeg 1536w, https:\/\/urbeamea.ro\/albaiulia\/wp-content\/uploads\/2020\/03\/WhatsApp-Image-2020-03-09-at-10.41.11.jpeg 1599w\" sizes=\"auto, (max-width: 1280px) 100vw, 1280px\" \/><\/a><\/figure><\/li><li class=\"blocks-gallery-item\"><figure><a href=\"https:\/\/urbeamea.ro\/albaiulia\/wp-content\/uploads\/2020\/03\/WhatsApp-Image-2020-03-09-at-10.41.12-2.jpeg\"><img loading=\"lazy\" decoding=\"async\" width=\"596\" height=\"1280\" src=\"https:\/\/urbeamea.ro\/albaiulia\/wp-content\/uploads\/2020\/03\/WhatsApp-Image-2020-03-09-at-10.41.12-2-596x1280.jpeg\" alt=\"\" data-id=\"88348\" data-full-url=\"https:\/\/urbeamea.ro\/albaiulia\/wp-content\/uploads\/2020\/03\/WhatsApp-Image-2020-03-09-at-10.41.12-2.jpeg\" data-link=\"https:\/\/urbeamea.ro\/albaiulia\/?attachment_id=88348\" class=\"wp-image-88348\" srcset=\"https:\/\/urbeamea.ro\/albaiulia\/wp-content\/uploads\/2020\/03\/WhatsApp-Image-2020-03-09-at-10.41.12-2-596x1280.jpeg 596w, https:\/\/urbeamea.ro\/albaiulia\/wp-content\/uploads\/2020\/03\/WhatsApp-Image-2020-03-09-at-10.41.12-2-298x640.jpeg 298w, https:\/\/urbeamea.ro\/albaiulia\/wp-content\/uploads\/2020\/03\/WhatsApp-Image-2020-03-09-at-10.41.12-2-70x150.jpeg 70w, https:\/\/urbeamea.ro\/albaiulia\/wp-content\/uploads\/2020\/03\/WhatsApp-Image-2020-03-09-at-10.41.12-2-715x1536.jpeg 715w, https:\/\/urbeamea.ro\/albaiulia\/wp-content\/uploads\/2020\/03\/WhatsApp-Image-2020-03-09-at-10.41.12-2.jpeg 744w\" sizes=\"auto, (max-width: 596px) 100vw, 596px\" \/><\/a><\/figure><\/li><li class=\"blocks-gallery-item\"><figure><a href=\"https:\/\/urbeamea.ro\/albaiulia\/wp-content\/uploads\/2020\/03\/WhatsApp-Image-2020-03-09-at-10.41.12-3.jpeg\"><img loading=\"lazy\" decoding=\"async\" width=\"596\" height=\"1280\" src=\"https:\/\/urbeamea.ro\/albaiulia\/wp-content\/uploads\/2020\/03\/WhatsApp-Image-2020-03-09-at-10.41.12-3-596x1280.jpeg\" alt=\"\" data-id=\"88349\" data-full-url=\"https:\/\/urbeamea.ro\/albaiulia\/wp-content\/uploads\/2020\/03\/WhatsApp-Image-2020-03-09-at-10.41.12-3.jpeg\" data-link=\"https:\/\/urbeamea.ro\/albaiulia\/?attachment_id=88349\" class=\"wp-image-88349\" srcset=\"https:\/\/urbeamea.ro\/albaiulia\/wp-content\/uploads\/2020\/03\/WhatsApp-Image-2020-03-09-at-10.41.12-3-596x1280.jpeg 596w, https:\/\/urbeamea.ro\/albaiulia\/wp-content\/uploads\/2020\/03\/WhatsApp-Image-2020-03-09-at-10.41.12-3-298x640.jpeg 298w, https:\/\/urbeamea.ro\/albaiulia\/wp-content\/uploads\/2020\/03\/WhatsApp-Image-2020-03-09-at-10.41.12-3-70x150.jpeg 70w, https:\/\/urbeamea.ro\/albaiulia\/wp-content\/uploads\/2020\/03\/WhatsApp-Image-2020-03-09-at-10.41.12-3-715x1536.jpeg 715w, https:\/\/urbeamea.ro\/albaiulia\/wp-content\/uploads\/2020\/03\/WhatsApp-Image-2020-03-09-at-10.41.12-3.jpeg 744w\" sizes=\"auto, (max-width: 596px) 100vw, 596px\" \/><\/a><\/figure><\/li><li class=\"blocks-gallery-item\"><figure><a href=\"https:\/\/urbeamea.ro\/albaiulia\/wp-content\/uploads\/2020\/03\/WhatsApp-Image-2020-03-09-at-10.41.12.jpeg\"><img loading=\"lazy\" decoding=\"async\" width=\"596\" height=\"1280\" src=\"https:\/\/urbeamea.ro\/albaiulia\/wp-content\/uploads\/2020\/03\/WhatsApp-Image-2020-03-09-at-10.41.12-596x1280.jpeg\" alt=\"\" data-id=\"88350\" data-full-url=\"https:\/\/urbeamea.ro\/albaiulia\/wp-content\/uploads\/2020\/03\/WhatsApp-Image-2020-03-09-at-10.41.12.jpeg\" data-link=\"https:\/\/urbeamea.ro\/albaiulia\/?attachment_id=88350\" class=\"wp-image-88350\" srcset=\"https:\/\/urbeamea.ro\/albaiulia\/wp-content\/uploads\/2020\/03\/WhatsApp-Image-2020-03-09-at-10.41.12-596x1280.jpeg 596w, https:\/\/urbeamea.ro\/albaiulia\/wp-content\/uploads\/2020\/03\/WhatsApp-Image-2020-03-09-at-10.41.12-298x640.jpeg 298w, https:\/\/urbeamea.ro\/albaiulia\/wp-content\/uploads\/2020\/03\/WhatsApp-Image-2020-03-09-at-10.41.12-70x150.jpeg 70w, https:\/\/urbeamea.ro\/albaiulia\/wp-content\/uploads\/2020\/03\/WhatsApp-Image-2020-03-09-at-10.41.12-715x1536.jpeg 715w, https:\/\/urbeamea.ro\/albaiulia\/wp-content\/uploads\/2020\/03\/WhatsApp-Image-2020-03-09-at-10.41.12.jpeg 744w\" sizes=\"auto, (max-width: 596px) 100vw, 596px\" \/><\/a><\/figure><\/li><li class=\"blocks-gallery-item\"><figure><a href=\"https:\/\/urbeamea.ro\/albaiulia\/wp-content\/uploads\/2020\/03\/WhatsApp-Image-2020-03-09-at-10.41.13-1.jpeg\"><img loading=\"lazy\" decoding=\"async\" width=\"596\" height=\"1280\" src=\"https:\/\/urbeamea.ro\/albaiulia\/wp-content\/uploads\/2020\/03\/WhatsApp-Image-2020-03-09-at-10.41.13-1-596x1280.jpeg\" alt=\"\" data-id=\"88351\" data-full-url=\"https:\/\/urbeamea.ro\/albaiulia\/wp-content\/uploads\/2020\/03\/WhatsApp-Image-2020-03-09-at-10.41.13-1.jpeg\" data-link=\"https:\/\/urbeamea.ro\/albaiulia\/?attachment_id=88351\" class=\"wp-image-88351\" srcset=\"https:\/\/urbeamea.ro\/albaiulia\/wp-content\/uploads\/2020\/03\/WhatsApp-Image-2020-03-09-at-10.41.13-1-596x1280.jpeg 596w, https:\/\/urbeamea.ro\/albaiulia\/wp-content\/uploads\/2020\/03\/WhatsApp-Image-2020-03-09-at-10.41.13-1-298x640.jpeg 298w, https:\/\/urbeamea.ro\/albaiulia\/wp-content\/uploads\/2020\/03\/WhatsApp-Image-2020-03-09-at-10.41.13-1-70x150.jpeg 70w, https:\/\/urbeamea.ro\/albaiulia\/wp-content\/uploads\/2020\/03\/WhatsApp-Image-2020-03-09-at-10.41.13-1-715x1536.jpeg 715w, https:\/\/urbeamea.ro\/albaiulia\/wp-content\/uploads\/2020\/03\/WhatsApp-Image-2020-03-09-at-10.41.13-1.jpeg 744w\" sizes=\"auto, (max-width: 596px) 100vw, 596px\" \/><\/a><\/figure><\/li><li class=\"blocks-gallery-item\"><figure><a href=\"https:\/\/urbeamea.ro\/albaiulia\/wp-content\/uploads\/2020\/03\/WhatsApp-Image-2020-03-09-at-10.41.13.jpeg\"><img loading=\"lazy\" decoding=\"async\" width=\"596\" height=\"1280\" src=\"https:\/\/urbeamea.ro\/albaiulia\/wp-content\/uploads\/2020\/03\/WhatsApp-Image-2020-03-09-at-10.41.13-596x1280.jpeg\" alt=\"\" data-id=\"88352\" data-full-url=\"https:\/\/urbeamea.ro\/albaiulia\/wp-content\/uploads\/2020\/03\/WhatsApp-Image-2020-03-09-at-10.41.13.jpeg\" data-link=\"https:\/\/urbeamea.ro\/albaiulia\/?attachment_id=88352\" class=\"wp-image-88352\" srcset=\"https:\/\/urbeamea.ro\/albaiulia\/wp-content\/uploads\/2020\/03\/WhatsApp-Image-2020-03-09-at-10.41.13-596x1280.jpeg 596w, https:\/\/urbeamea.ro\/albaiulia\/wp-content\/uploads\/2020\/03\/WhatsApp-Image-2020-03-09-at-10.41.13-298x640.jpeg 298w, https:\/\/urbeamea.ro\/albaiulia\/wp-content\/uploads\/2020\/03\/WhatsApp-Image-2020-03-09-at-10.41.13-70x150.jpeg 70w, https:\/\/urbeamea.ro\/albaiulia\/wp-content\/uploads\/2020\/03\/WhatsApp-Image-2020-03-09-at-10.41.13-715x1536.jpeg 715w, https:\/\/urbeamea.ro\/albaiulia\/wp-content\/uploads\/2020\/03\/WhatsApp-Image-2020-03-09-at-10.41.13.jpeg 744w\" sizes=\"auto, (max-width: 596px) 100vw, 596px\" \/><\/a><\/figure><\/li><\/ul><\/figure>\n","protected":false},"excerpt":{"rendered":"<p>\u00cencepute \u00een 09.03.2020 pe tronsonul cuprins \u00eentre\u00a0Pasarela de la Parto\u0219 \u0219i Podul peste r\u00e2ul Ampoi, ac\u021biunile de igienizare continu\u0103 \u00een data de 10.03.2020 pe bd. Republicii (tronsonul cuprins \u00eentre str. Tudor Vladimirescu \u0219i Calea Mo\u021bilor\/Stadion) \u0219i intr\u0103rile pe str\u0103zile adiacente. Locuitorii din acest\u0103 zon\u0103, proprietari de gospod\u0103rii individuale sau asocia\u021bii de proprietari, sunt ruga\u021bi s\u0103 &hellip;<\/p>\n","protected":false},"author":17,"featured_media":88347,"comment_status":"open","ping_status":"open","sticky":false,"template":"","format":"standard","meta":{"inline_featured_image":false,"footnotes":""},"categories":[2034],"tags":[4055,4241,19971,11211],"class_list":["post-88341","post","type-post","status-publish","format-standard","has-post-thumbnail","hentry","category-social","tag-curatenie-de-primavara","tag-curatenie-generala","tag-polaris-m-holding","tag-primaria-municipiului-alba-iulia"],"yoast_head":"<!-- This site is optimized with the Yoast SEO plugin v27.4 - https:\/\/yoast.com\/product\/yoast-seo-wordpress\/ -->\n<title>Cur\u0103\u021benia general\u0103 de prim\u0103var\u0103 demarat\u0103 de Prim\u0103ria municipiului Alba Iulia \u0219i Polaris M Holding continu\u0103 - Revista Urbea Mea - Revista de Alba<\/title>\n<meta name=\"description\" content=\"\u00cencepute \u00een 09.03.2020 pe tronsonul cuprins \u00eentre\u00a0Pasarela de la Parto\u0219 \u0219i Podul peste r\u00e2ul Ampoi, ac\u021biunile de igienizare continu\u0103 \u00een data de 10.03.2020\" \/>\n<meta name=\"robots\" content=\"index, follow, max-snippet:-1, max-image-preview:large, max-video-preview:-1\" \/>\n<link rel=\"canonical\" href=\"https:\/\/urbeamea.ro\/albaiulia\/curatenia-generala-de-primavara-demarata-de-primaria-municipiului-alba-iulia-si-polaris-m-holding-continua\/\" \/>\n<meta name=\"twitter:card\" content=\"summary_large_image\" \/>\n<meta name=\"twitter:title\" content=\"Cur\u0103\u021benia general\u0103 de prim\u0103var\u0103 demarat\u0103 de Prim\u0103ria municipiului Alba Iulia \u0219i Polaris M Holding continu\u0103 - Revista Urbea Mea - Revista de Alba\" \/>\n<meta name=\"twitter:description\" content=\"\u00cencepute \u00een 09.03.2020 pe tronsonul cuprins \u00eentre\u00a0Pasarela de la Parto\u0219 \u0219i Podul peste r\u00e2ul Ampoi, ac\u021biunile de igienizare continu\u0103 \u00een data de 10.03.2020\" \/>\n<meta name=\"twitter:image\" content=\"https:\/\/urbeamea.ro\/albaiulia\/wp-content\/uploads\/2020\/03\/WhatsApp-Image-2020-03-09-at-10.41.11.jpeg\" \/>\n<meta name=\"twitter:creator\" content=\"@urbeameaweb\" \/>\n<meta name=\"twitter:site\" content=\"@urbeameaweb\" \/>\n<script type=\"application\/ld+json\" class=\"yoast-schema-graph\">{\"@context\":\"https:\\\/\\\/schema.org\",\"@graph\":[{\"@type\":\"Article\",\"@id\":\"https:\\\/\\\/urbeamea.ro\\\/albaiulia\\\/curatenia-generala-de-primavara-demarata-de-primaria-municipiului-alba-iulia-si-polaris-m-holding-continua\\\/#article\",\"isPartOf\":{\"@id\":\"https:\\\/\\\/urbeamea.ro\\\/albaiulia\\\/curatenia-generala-de-primavara-demarata-de-primaria-municipiului-alba-iulia-si-polaris-m-holding-continua\\\/\"},\"author\":{\"name\":\"Cristina Ganga\",\"@id\":\"https:\\\/\\\/urbeamea.ro\\\/albaiulia\\\/#\\\/schema\\\/person\\\/9700d21fae21c4f038b0b56f4506264a\"},\"headline\":\"Cur\u0103\u021benia general\u0103 de prim\u0103var\u0103 demarat\u0103 de Prim\u0103ria municipiului Alba Iulia \u0219i Polaris M Holding continu\u0103\",\"datePublished\":\"2020-03-09T11:11:47+00:00\",\"dateModified\":\"2020-03-09T11:11:49+00:00\",\"mainEntityOfPage\":{\"@id\":\"https:\\\/\\\/urbeamea.ro\\\/albaiulia\\\/curatenia-generala-de-primavara-demarata-de-primaria-municipiului-alba-iulia-si-polaris-m-holding-continua\\\/\"},\"wordCount\":194,\"commentCount\":0,\"image\":{\"@id\":\"https:\\\/\\\/urbeamea.ro\\\/albaiulia\\\/curatenia-generala-de-primavara-demarata-de-primaria-municipiului-alba-iulia-si-polaris-m-holding-continua\\\/#primaryimage\"},\"thumbnailUrl\":\"https:\\\/\\\/urbeamea.ro\\\/albaiulia\\\/wp-content\\\/uploads\\\/2020\\\/03\\\/WhatsApp-Image-2020-03-09-at-10.41.11.jpeg\",\"keywords\":[\"curatenie de primavara\",\"curatenie generala\",\"polaris m holding\",\"primaria municipiului alba iulia\"],\"articleSection\":[\"Social\"],\"inLanguage\":\"ro-RO\",\"potentialAction\":[{\"@type\":\"CommentAction\",\"name\":\"Comment\",\"target\":[\"https:\\\/\\\/urbeamea.ro\\\/albaiulia\\\/curatenia-generala-de-primavara-demarata-de-primaria-municipiului-alba-iulia-si-polaris-m-holding-continua\\\/#respond\"]}]},{\"@type\":\"WebPage\",\"@id\":\"https:\\\/\\\/urbeamea.ro\\\/albaiulia\\\/curatenia-generala-de-primavara-demarata-de-primaria-municipiului-alba-iulia-si-polaris-m-holding-continua\\\/\",\"url\":\"https:\\\/\\\/urbeamea.ro\\\/albaiulia\\\/curatenia-generala-de-primavara-demarata-de-primaria-municipiului-alba-iulia-si-polaris-m-holding-continua\\\/\",\"name\":\"Cur\u0103\u021benia general\u0103 de prim\u0103var\u0103 demarat\u0103 de Prim\u0103ria municipiului Alba Iulia \u0219i Polaris M Holding continu\u0103 - Revista Urbea Mea - Revista de Alba\",\"isPartOf\":{\"@id\":\"https:\\\/\\\/urbeamea.ro\\\/albaiulia\\\/#website\"},\"primaryImageOfPage\":{\"@id\":\"https:\\\/\\\/urbeamea.ro\\\/albaiulia\\\/curatenia-generala-de-primavara-demarata-de-primaria-municipiului-alba-iulia-si-polaris-m-holding-continua\\\/#primaryimage\"},\"image\":{\"@id\":\"https:\\\/\\\/urbeamea.ro\\\/albaiulia\\\/curatenia-generala-de-primavara-demarata-de-primaria-municipiului-alba-iulia-si-polaris-m-holding-continua\\\/#primaryimage\"},\"thumbnailUrl\":\"https:\\\/\\\/urbeamea.ro\\\/albaiulia\\\/wp-content\\\/uploads\\\/2020\\\/03\\\/WhatsApp-Image-2020-03-09-at-10.41.11.jpeg\",\"datePublished\":\"2020-03-09T11:11:47+00:00\",\"dateModified\":\"2020-03-09T11:11:49+00:00\",\"author\":{\"@id\":\"https:\\\/\\\/urbeamea.ro\\\/albaiulia\\\/#\\\/schema\\\/person\\\/9700d21fae21c4f038b0b56f4506264a\"},\"description\":\"\u00cencepute \u00een 09.03.2020 pe tronsonul cuprins \u00eentre\u00a0Pasarela de la Parto\u0219 \u0219i Podul peste r\u00e2ul Ampoi, ac\u021biunile de igienizare continu\u0103 \u00een data de 10.03.2020\",\"breadcrumb\":{\"@id\":\"https:\\\/\\\/urbeamea.ro\\\/albaiulia\\\/curatenia-generala-de-primavara-demarata-de-primaria-municipiului-alba-iulia-si-polaris-m-holding-continua\\\/#breadcrumb\"},\"inLanguage\":\"ro-RO\",\"potentialAction\":[{\"@type\":\"ReadAction\",\"target\":[\"https:\\\/\\\/urbeamea.ro\\\/albaiulia\\\/curatenia-generala-de-primavara-demarata-de-primaria-municipiului-alba-iulia-si-polaris-m-holding-continua\\\/\"]}]},{\"@type\":\"ImageObject\",\"inLanguage\":\"ro-RO\",\"@id\":\"https:\\\/\\\/urbeamea.ro\\\/albaiulia\\\/curatenia-generala-de-primavara-demarata-de-primaria-municipiului-alba-iulia-si-polaris-m-holding-continua\\\/#primaryimage\",\"url\":\"https:\\\/\\\/urbeamea.ro\\\/albaiulia\\\/wp-content\\\/uploads\\\/2020\\\/03\\\/WhatsApp-Image-2020-03-09-at-10.41.11.jpeg\",\"contentUrl\":\"https:\\\/\\\/urbeamea.ro\\\/albaiulia\\\/wp-content\\\/uploads\\\/2020\\\/03\\\/WhatsApp-Image-2020-03-09-at-10.41.11.jpeg\",\"width\":1599,\"height\":744},{\"@type\":\"BreadcrumbList\",\"@id\":\"https:\\\/\\\/urbeamea.ro\\\/albaiulia\\\/curatenia-generala-de-primavara-demarata-de-primaria-municipiului-alba-iulia-si-polaris-m-holding-continua\\\/#breadcrumb\",\"itemListElement\":[{\"@type\":\"ListItem\",\"position\":1,\"name\":\"Prima pagin\u0103\",\"item\":\"https:\\\/\\\/urbeamea.ro\\\/albaiulia\\\/\"},{\"@type\":\"ListItem\",\"position\":2,\"name\":\"Cur\u0103\u021benia general\u0103 de prim\u0103var\u0103 demarat\u0103 de Prim\u0103ria municipiului Alba Iulia \u0219i Polaris M Holding continu\u0103\"}]},{\"@type\":\"WebSite\",\"@id\":\"https:\\\/\\\/urbeamea.ro\\\/albaiulia\\\/#website\",\"url\":\"https:\\\/\\\/urbeamea.ro\\\/albaiulia\\\/\",\"name\":\"Revista Urbea Mea, Stiri urbane\",\"description\":\"Evenimente \u0219i \u0219tiri din Alba Iulia, Sebe\u0219, Aiud, Blaj\",\"potentialAction\":[{\"@type\":\"SearchAction\",\"target\":{\"@type\":\"EntryPoint\",\"urlTemplate\":\"https:\\\/\\\/urbeamea.ro\\\/albaiulia\\\/?s={search_term_string}\"},\"query-input\":{\"@type\":\"PropertyValueSpecification\",\"valueRequired\":true,\"valueName\":\"search_term_string\"}}],\"inLanguage\":\"ro-RO\"},{\"@type\":\"Person\",\"@id\":\"https:\\\/\\\/urbeamea.ro\\\/albaiulia\\\/#\\\/schema\\\/person\\\/9700d21fae21c4f038b0b56f4506264a\",\"name\":\"Cristina Ganga\",\"image\":{\"@type\":\"ImageObject\",\"inLanguage\":\"ro-RO\",\"@id\":\"https:\\\/\\\/secure.gravatar.com\\\/avatar\\\/5a67661041f057b4a8ccaf26f5a8e86e2689372006d01faf3dd9eeb10b654bb4?s=96&d=mm&r=g\",\"url\":\"https:\\\/\\\/secure.gravatar.com\\\/avatar\\\/5a67661041f057b4a8ccaf26f5a8e86e2689372006d01faf3dd9eeb10b654bb4?s=96&d=mm&r=g\",\"contentUrl\":\"https:\\\/\\\/secure.gravatar.com\\\/avatar\\\/5a67661041f057b4a8ccaf26f5a8e86e2689372006d01faf3dd9eeb10b654bb4?s=96&d=mm&r=g\",\"caption\":\"Cristina Ganga\"},\"description\":\"Jurnalist\",\"sameAs\":[\"https:\\\/\\\/www.facebook.com\\\/cristina.nicola.587\"],\"url\":\"https:\\\/\\\/urbeamea.ro\\\/albaiulia\\\/author\\\/cristina-nicola\\\/\"}]}<\/script>\n<!-- \/ Yoast SEO plugin. -->","yoast_head_json":{"title":"Cur\u0103\u021benia general\u0103 de prim\u0103var\u0103 demarat\u0103 de Prim\u0103ria municipiului Alba Iulia \u0219i Polaris M Holding continu\u0103 - Revista Urbea Mea - Revista de Alba","description":"\u00cencepute \u00een 09.03.2020 pe tronsonul cuprins \u00eentre\u00a0Pasarela de la Parto\u0219 \u0219i Podul peste r\u00e2ul Ampoi, ac\u021biunile de igienizare continu\u0103 \u00een data de 10.03.2020","robots":{"index":"index","follow":"follow","max-snippet":"max-snippet:-1","max-image-preview":"max-image-preview:large","max-video-preview":"max-video-preview:-1"},"canonical":"https:\/\/urbeamea.ro\/albaiulia\/curatenia-generala-de-primavara-demarata-de-primaria-municipiului-alba-iulia-si-polaris-m-holding-continua\/","twitter_card":"summary_large_image","twitter_title":"Cur\u0103\u021benia general\u0103 de prim\u0103var\u0103 demarat\u0103 de Prim\u0103ria municipiului Alba Iulia \u0219i Polaris M Holding continu\u0103 - Revista Urbea Mea - Revista de Alba","twitter_description":"\u00cencepute \u00een 09.03.2020 pe tronsonul cuprins \u00eentre\u00a0Pasarela de la Parto\u0219 \u0219i Podul peste r\u00e2ul Ampoi, ac\u021biunile de igienizare continu\u0103 \u00een data de 10.03.2020","twitter_image":"https:\/\/urbeamea.ro\/albaiulia\/wp-content\/uploads\/2020\/03\/WhatsApp-Image-2020-03-09-at-10.41.11.jpeg","twitter_creator":"@urbeameaweb","twitter_site":"@urbeameaweb","schema":{"@context":"https:\/\/schema.org","@graph":[{"@type":"Article","@id":"https:\/\/urbeamea.ro\/albaiulia\/curatenia-generala-de-primavara-demarata-de-primaria-municipiului-alba-iulia-si-polaris-m-holding-continua\/#article","isPartOf":{"@id":"https:\/\/urbeamea.ro\/albaiulia\/curatenia-generala-de-primavara-demarata-de-primaria-municipiului-alba-iulia-si-polaris-m-holding-continua\/"},"author":{"name":"Cristina Ganga","@id":"https:\/\/urbeamea.ro\/albaiulia\/#\/schema\/person\/9700d21fae21c4f038b0b56f4506264a"},"headline":"Cur\u0103\u021benia general\u0103 de prim\u0103var\u0103 demarat\u0103 de Prim\u0103ria municipiului Alba Iulia \u0219i Polaris M Holding continu\u0103","datePublished":"2020-03-09T11:11:47+00:00","dateModified":"2020-03-09T11:11:49+00:00","mainEntityOfPage":{"@id":"https:\/\/urbeamea.ro\/albaiulia\/curatenia-generala-de-primavara-demarata-de-primaria-municipiului-alba-iulia-si-polaris-m-holding-continua\/"},"wordCount":194,"commentCount":0,"image":{"@id":"https:\/\/urbeamea.ro\/albaiulia\/curatenia-generala-de-primavara-demarata-de-primaria-municipiului-alba-iulia-si-polaris-m-holding-continua\/#primaryimage"},"thumbnailUrl":"https:\/\/urbeamea.ro\/albaiulia\/wp-content\/uploads\/2020\/03\/WhatsApp-Image-2020-03-09-at-10.41.11.jpeg","keywords":["curatenie de primavara","curatenie generala","polaris m holding","primaria municipiului alba iulia"],"articleSection":["Social"],"inLanguage":"ro-RO","potentialAction":[{"@type":"CommentAction","name":"Comment","target":["https:\/\/urbeamea.ro\/albaiulia\/curatenia-generala-de-primavara-demarata-de-primaria-municipiului-alba-iulia-si-polaris-m-holding-continua\/#respond"]}]},{"@type":"WebPage","@id":"https:\/\/urbeamea.ro\/albaiulia\/curatenia-generala-de-primavara-demarata-de-primaria-municipiului-alba-iulia-si-polaris-m-holding-continua\/","url":"https:\/\/urbeamea.ro\/albaiulia\/curatenia-generala-de-primavara-demarata-de-primaria-municipiului-alba-iulia-si-polaris-m-holding-continua\/","name":"Cur\u0103\u021benia general\u0103 de prim\u0103var\u0103 demarat\u0103 de Prim\u0103ria municipiului Alba Iulia \u0219i Polaris M Holding continu\u0103 - Revista Urbea Mea - Revista de Alba","isPartOf":{"@id":"https:\/\/urbeamea.ro\/albaiulia\/#website"},"primaryImageOfPage":{"@id":"https:\/\/urbeamea.ro\/albaiulia\/curatenia-generala-de-primavara-demarata-de-primaria-municipiului-alba-iulia-si-polaris-m-holding-continua\/#primaryimage"},"image":{"@id":"https:\/\/urbeamea.ro\/albaiulia\/curatenia-generala-de-primavara-demarata-de-primaria-municipiului-alba-iulia-si-polaris-m-holding-continua\/#primaryimage"},"thumbnailUrl":"https:\/\/urbeamea.ro\/albaiulia\/wp-content\/uploads\/2020\/03\/WhatsApp-Image-2020-03-09-at-10.41.11.jpeg","datePublished":"2020-03-09T11:11:47+00:00","dateModified":"2020-03-09T11:11:49+00:00","author":{"@id":"https:\/\/urbeamea.ro\/albaiulia\/#\/schema\/person\/9700d21fae21c4f038b0b56f4506264a"},"description":"\u00cencepute \u00een 09.03.2020 pe tronsonul cuprins \u00eentre\u00a0Pasarela de la Parto\u0219 \u0219i Podul peste r\u00e2ul Ampoi, ac\u021biunile de igienizare continu\u0103 \u00een data de 10.03.2020","breadcrumb":{"@id":"https:\/\/urbeamea.ro\/albaiulia\/curatenia-generala-de-primavara-demarata-de-primaria-municipiului-alba-iulia-si-polaris-m-holding-continua\/#breadcrumb"},"inLanguage":"ro-RO","potentialAction":[{"@type":"ReadAction","target":["https:\/\/urbeamea.ro\/albaiulia\/curatenia-generala-de-primavara-demarata-de-primaria-municipiului-alba-iulia-si-polaris-m-holding-continua\/"]}]},{"@type":"ImageObject","inLanguage":"ro-RO","@id":"https:\/\/urbeamea.ro\/albaiulia\/curatenia-generala-de-primavara-demarata-de-primaria-municipiului-alba-iulia-si-polaris-m-holding-continua\/#primaryimage","url":"https:\/\/urbeamea.ro\/albaiulia\/wp-content\/uploads\/2020\/03\/WhatsApp-Image-2020-03-09-at-10.41.11.jpeg","contentUrl":"https:\/\/urbeamea.ro\/albaiulia\/wp-content\/uploads\/2020\/03\/WhatsApp-Image-2020-03-09-at-10.41.11.jpeg","width":1599,"height":744},{"@type":"BreadcrumbList","@id":"https:\/\/urbeamea.ro\/albaiulia\/curatenia-generala-de-primavara-demarata-de-primaria-municipiului-alba-iulia-si-polaris-m-holding-continua\/#breadcrumb","itemListElement":[{"@type":"ListItem","position":1,"name":"Prima pagin\u0103","item":"https:\/\/urbeamea.ro\/albaiulia\/"},{"@type":"ListItem","position":2,"name":"Cur\u0103\u021benia general\u0103 de prim\u0103var\u0103 demarat\u0103 de Prim\u0103ria municipiului Alba Iulia \u0219i Polaris M Holding continu\u0103"}]},{"@type":"WebSite","@id":"https:\/\/urbeamea.ro\/albaiulia\/#website","url":"https:\/\/urbeamea.ro\/albaiulia\/","name":"Revista Urbea Mea, Stiri urbane","description":"Evenimente \u0219i \u0219tiri din Alba Iulia, Sebe\u0219, Aiud, Blaj","potentialAction":[{"@type":"SearchAction","target":{"@type":"EntryPoint","urlTemplate":"https:\/\/urbeamea.ro\/albaiulia\/?s={search_term_string}"},"query-input":{"@type":"PropertyValueSpecification","valueRequired":true,"valueName":"search_term_string"}}],"inLanguage":"ro-RO"},{"@type":"Person","@id":"https:\/\/urbeamea.ro\/albaiulia\/#\/schema\/person\/9700d21fae21c4f038b0b56f4506264a","name":"Cristina Ganga","image":{"@type":"ImageObject","inLanguage":"ro-RO","@id":"https:\/\/secure.gravatar.com\/avatar\/5a67661041f057b4a8ccaf26f5a8e86e2689372006d01faf3dd9eeb10b654bb4?s=96&d=mm&r=g","url":"https:\/\/secure.gravatar.com\/avatar\/5a67661041f057b4a8ccaf26f5a8e86e2689372006d01faf3dd9eeb10b654bb4?s=96&d=mm&r=g","contentUrl":"https:\/\/secure.gravatar.com\/avatar\/5a67661041f057b4a8ccaf26f5a8e86e2689372006d01faf3dd9eeb10b654bb4?s=96&d=mm&r=g","caption":"Cristina Ganga"},"description":"Jurnalist","sameAs":["https:\/\/www.facebook.com\/cristina.nicola.587"],"url":"https:\/\/urbeamea.ro\/albaiulia\/author\/cristina-nicola\/"}]}},"_links":{"self":[{"href":"https:\/\/urbeamea.ro\/albaiulia\/wp-json\/wp\/v2\/posts\/88341","targetHints":{"allow":["GET"]}}],"collection":[{"href":"https:\/\/urbeamea.ro\/albaiulia\/wp-json\/wp\/v2\/posts"}],"about":[{"href":"https:\/\/urbeamea.ro\/albaiulia\/wp-json\/wp\/v2\/types\/post"}],"author":[{"embeddable":true,"href":"https:\/\/urbeamea.ro\/albaiulia\/wp-json\/wp\/v2\/users\/17"}],"replies":[{"embeddable":true,"href":"https:\/\/urbeamea.ro\/albaiulia\/wp-json\/wp\/v2\/comments?post=88341"}],"version-history":[{"count":0,"href":"https:\/\/urbeamea.ro\/albaiulia\/wp-json\/wp\/v2\/posts\/88341\/revisions"}],"wp:featuredmedia":[{"embeddable":true,"href":"https:\/\/urbeamea.ro\/albaiulia\/wp-json\/wp\/v2\/media\/88347"}],"wp:attachment":[{"href":"https:\/\/urbeamea.ro\/albaiulia\/wp-json\/wp\/v2\/media?parent=88341"}],"wp:term":[{"taxonomy":"category","embeddable":true,"href":"https:\/\/urbeamea.ro\/albaiulia\/wp-json\/wp\/v2\/categories?post=88341"},{"taxonomy":"post_tag","embeddable":true,"href":"https:\/\/urbeamea.ro\/albaiulia\/wp-json\/wp\/v2\/tags?post=88341"}],"curies":[{"name":"wp","href":"https:\/\/api.w.org\/{rel}","templated":true}]}}