{"id":88356,"date":"2020-03-09T13:13:38","date_gmt":"2020-03-09T11:13:38","guid":{"rendered":"https:\/\/urbeamea.ro\/albaiulia\/?p=88356"},"modified":"2020-03-09T13:13:40","modified_gmt":"2020-03-09T11:13:40","slug":"ce-se-poarta-in-materie-de-design-interior-afla-cum-folosesc-cei-din-alba-iulia-corpurile-de-iluminat-ca-decor","status":"publish","type":"post","link":"https:\/\/urbeamea.ro\/albaiulia\/ce-se-poarta-in-materie-de-design-interior-afla-cum-folosesc-cei-din-alba-iulia-corpurile-de-iluminat-ca-decor\/","title":{"rendered":"Ce se poart\u0103 \u00een materie de design interior? Afl\u0103 cum folosesc cei din Alba Iulia corpurile de iluminat ca decor!"},"content":{"rendered":"\n<p>\u00cen arhitectur\u0103, lumina este considerat\u0103 cea de-a patra dimensiune, care pune \u00een valoare elementele decorative dintr-o \u00eenc\u0103pere \u0219i le d\u0103 o not\u0103 elegant\u0103. O camer\u0103, un birou sau un spa\u021biu comercial f\u0103r\u0103 o surs\u0103 bun\u0103 de iluminat sunt doar ni\u0219te locuri monotone, care nu stimuleaz\u0103 productivitatea, iar acest lucru poate duce, pe termen lung, chiar la depresie. Acest aspect este vital pentru un <a href=\"https:\/\/www.forbes.ro\/care-sunt-tendintele-designul-interior-pentru-anul-2020-152407\" target=\"_blank\" rel=\"noreferrer noopener\" aria-label=\" (se deschide \u00eentr-o fil\u0103 nou\u0103)\">design modern<\/a>, nonconformist \u0219i, pentru a reu\u0219i un astfel de decor, ai nevoie de c\u00e2teva cuno\u0219tin\u021be despre tipurile de corpuri care se potrivesc cel mai bine \u00een fiecare camer\u0103.\u00a0<\/p>\n\n\n\n<p>Cei din Alba Iulia \u00eembr\u0103\u021bi\u0219eaz\u0103 tot mai mult aceast\u0103 idee \u0219i \u00eencearc\u0103, la r\u00e2ndul lor, s\u0103-\u0219i decoreze casa cu stil.<br><\/p>\n\n\n\n<p><strong>Iat\u0103, \u00een continuare, c\u00e2teva sfaturi despre cum po\u021bi folosi \u0219i tu un corp de iluminat drept element decorativ:<\/strong><\/p>\n\n\n\n<ul class=\"wp-block-list\"><li><strong>\u00cen sufragerie se recomand\u0103 o lustr\u0103 cu mai multe bra\u021be<\/strong><\/li><\/ul>\n\n\n\n<p>Living-ul este cea mai mare \u00eenc\u0103pere din toat\u0103 casa \u0219i este locul unde \u00ee\u021bi petreci timpul al\u0103turi de familie \u0219i de prieteni. Din acest motiv, lumina trebuie s\u0103 acopere o suprafa\u021b\u0103 c\u00e2t mai mare, astfel \u00eenc\u00e2t totul s\u0103 fie foarte bine eviden\u021biat.&nbsp;<\/p>\n\n\n\n<p>Sursa trebuie s\u0103 fie amplasat\u0103 \u00een centrul camerei, chiar deasupra mesei unde o s\u0103 servi\u021bi cina. Dac\u0103 spa\u021biul este restr\u00e2ns, un candelabru nu este o alegere tocmai ideal\u0103, a\u0219a c\u0103 orienteaz\u0103-te c\u0103tre o lustr\u0103 cu mai multe bra\u021be, care s\u0103-\u021bi permit\u0103 s\u0103 aprinzi pe r\u00e2nd becurile sau simultan. Atunci cand alegi <a href=\"https:\/\/www.sensodays.ro\/living-deco\/iluminat-electric.html\" target=\"_blank\" rel=\"noreferrer noopener\" aria-label=\" (se deschide \u00eentr-o fil\u0103 nou\u0103)\">corpuri de iluminat pentru living de la Sensodays<\/a>, acestea trebuie s\u0103 se potriveasc\u0103 cu celelalte elemente, pentru a nu crea disconfort vizual sau chiar un kitsch.<\/p>\n\n\n\n<ul class=\"wp-block-list\"><li><strong>Buc\u0103t\u0103ria trebuie s\u0103 fie iluminat\u0103 \u00een trepte<\/strong><\/li><\/ul>\n\n\n\n<p>Aici, de regul\u0103, doar se prepar\u0103 m\u00e2ncarea. Dar buc\u0103t\u0103riile moderne sunt foarte spa\u021bioase, ceea ce permite amplasarea unei mese de patru sau chiar \u0219ase persoane. Iar iluminatul se face pe m\u0103sur\u0103. Atunci c\u00e2nd g\u0103te\u0219ti, vei avea nevoie, cu siguran\u021b\u0103, de o lumin\u0103 bun\u0103 deasupra blatului, iar acest lucru se poate realiza prin aplicarea unei bande LED sub rafturile suspendate. Lumina ambiental\u0103 se ob\u021bine cu ajutorul unei lampe cu picior sau a unui pendul montat \u00een tavan.<\/p>\n\n\n\n<ul class=\"wp-block-list\"><li><strong>Atmosfer\u0103 relaxant\u0103 \u00een baie<\/strong><\/li><\/ul>\n\n\n\n<p>\u00cen aceast\u0103 \u00eenc\u0103pere, lumina este deosebit de important\u0103. Acesta este locul \u00een care te po\u021bi destinde printr-o baie fierbinte, s\u0103 ui\u021bi de griji sau s\u0103 te preg\u0103te\u0219ti pentru serviciu. Un sistem neinspirat de iluminat \u00ee\u021bi va provoca o senza\u021bie de iritare \u0219i va accentua oboseala. De aceea, este indicat s\u0103 folose\u0219ti mai multe spoturi care se pot aprinde pe r\u00e2nd sau \u00een acela\u0219i timp. O alt\u0103 alternativ\u0103 o reprezint\u0103, \u0219i aici, banda LED.<\/p>\n\n\n\n<p>Acum, c\u0103 ai primit toate aceste informa\u021bii, po\u021bi s\u0103 pui \u00een valoare toate elementele de mobilier \u0219i obiectele decorative din cas\u0103 printr-un iluminat eficient. De men\u021bionat este \u0219i faptul c\u0103, pentru a reduce valoarea costurilor de \u00eentre\u021binere, se recomand\u0103 becurile economice LED, care au o durata mare de via\u021b\u0103 \u0219i un consum mult mai mic fa\u021b\u0103 de cele clasice, prin incandescen\u021b\u0103.<\/p>\n\n\n\n<p>sursa foto: unsplash.com<br><\/p>\n","protected":false},"excerpt":{"rendered":"<p>\u00cen arhitectur\u0103, lumina este considerat\u0103 cea de-a patra dimensiune, care pune \u00een valoare elementele decorative dintr-o \u00eenc\u0103pere \u0219i le d\u0103 o not\u0103 elegant\u0103. O camer\u0103, un birou sau un spa\u021biu comercial f\u0103r\u0103 o surs\u0103 bun\u0103 de iluminat sunt doar ni\u0219te locuri monotone, care nu stimuleaz\u0103 productivitatea, iar acest lucru poate duce, pe termen lung, chiar &hellip;<\/p>\n","protected":false},"author":5,"featured_media":88357,"comment_status":"open","ping_status":"open","sticky":false,"template":"","format":"standard","meta":{"inline_featured_image":false,"footnotes":""},"categories":[25],"tags":[],"class_list":["post-88356","post","type-post","status-publish","format-standard","has-post-thumbnail","hentry","category-lifestyle-fashion"],"yoast_head":"<!-- This site is optimized with the Yoast SEO plugin v27.4 - https:\/\/yoast.com\/product\/yoast-seo-wordpress\/ -->\n<title>Ce se poart\u0103 \u00een materie de design interior? Afl\u0103 cum folosesc cei din Alba Iulia corpurile de iluminat ca decor! - Revista Urbea Mea - Revista de Alba<\/title>\n<meta name=\"description\" content=\"\u00cen arhitectur\u0103, lumina este considerat\u0103 cea de-a patra dimensiune, care pune \u00een valoare elementele decorative dintr-o \u00eenc\u0103pere \u0219i le d\u0103 o not\u0103 elegant\u0103. O\" \/>\n<meta name=\"robots\" content=\"index, follow, max-snippet:-1, max-image-preview:large, max-video-preview:-1\" \/>\n<link rel=\"canonical\" href=\"https:\/\/urbeamea.ro\/albaiulia\/ce-se-poarta-in-materie-de-design-interior-afla-cum-folosesc-cei-din-alba-iulia-corpurile-de-iluminat-ca-decor\/\" \/>\n<meta name=\"twitter:card\" content=\"summary_large_image\" \/>\n<meta name=\"twitter:title\" content=\"Ce se poart\u0103 \u00een materie de design interior? Afl\u0103 cum folosesc cei din Alba Iulia corpurile de iluminat ca decor! - Revista Urbea Mea - Revista de Alba\" \/>\n<meta name=\"twitter:description\" content=\"\u00cen arhitectur\u0103, lumina este considerat\u0103 cea de-a patra dimensiune, care pune \u00een valoare elementele decorative dintr-o \u00eenc\u0103pere \u0219i le d\u0103 o not\u0103 elegant\u0103. O\" \/>\n<meta name=\"twitter:image\" content=\"https:\/\/urbeamea.ro\/albaiulia\/wp-content\/uploads\/2020\/03\/Ce-se-poart\u0103-\u00een-materie-de-design-interior-Afl\u0103-cum-folosesc-cei-din-Alba-Iulia-sursele-de-lumina-ca-decor.jpeg\" \/>\n<meta name=\"twitter:creator\" content=\"@urbeameaweb\" \/>\n<meta name=\"twitter:site\" content=\"@urbeameaweb\" \/>\n<script type=\"application\/ld+json\" class=\"yoast-schema-graph\">{\"@context\":\"https:\\\/\\\/schema.org\",\"@graph\":[{\"@type\":\"Article\",\"@id\":\"https:\\\/\\\/urbeamea.ro\\\/albaiulia\\\/ce-se-poarta-in-materie-de-design-interior-afla-cum-folosesc-cei-din-alba-iulia-corpurile-de-iluminat-ca-decor\\\/#article\",\"isPartOf\":{\"@id\":\"https:\\\/\\\/urbeamea.ro\\\/albaiulia\\\/ce-se-poarta-in-materie-de-design-interior-afla-cum-folosesc-cei-din-alba-iulia-corpurile-de-iluminat-ca-decor\\\/\"},\"author\":{\"name\":\"Bogdan P\u0103unescu\",\"@id\":\"https:\\\/\\\/urbeamea.ro\\\/albaiulia\\\/#\\\/schema\\\/person\\\/a115373ce8153754c6b084232d985956\"},\"headline\":\"Ce se poart\u0103 \u00een materie de design interior? Afl\u0103 cum folosesc cei din Alba Iulia corpurile de iluminat ca decor!\",\"datePublished\":\"2020-03-09T11:13:38+00:00\",\"dateModified\":\"2020-03-09T11:13:40+00:00\",\"mainEntityOfPage\":{\"@id\":\"https:\\\/\\\/urbeamea.ro\\\/albaiulia\\\/ce-se-poarta-in-materie-de-design-interior-afla-cum-folosesc-cei-din-alba-iulia-corpurile-de-iluminat-ca-decor\\\/\"},\"wordCount\":560,\"commentCount\":0,\"image\":{\"@id\":\"https:\\\/\\\/urbeamea.ro\\\/albaiulia\\\/ce-se-poarta-in-materie-de-design-interior-afla-cum-folosesc-cei-din-alba-iulia-corpurile-de-iluminat-ca-decor\\\/#primaryimage\"},\"thumbnailUrl\":\"https:\\\/\\\/urbeamea.ro\\\/albaiulia\\\/wp-content\\\/uploads\\\/2020\\\/03\\\/Ce-se-poart\u0103-\u00een-materie-de-design-interior-Afl\u0103-cum-folosesc-cei-din-Alba-Iulia-sursele-de-lumina-ca-decor.jpeg\",\"articleSection\":[\"Lifestyle &amp; Fashion\"],\"inLanguage\":\"ro-RO\",\"potentialAction\":[{\"@type\":\"CommentAction\",\"name\":\"Comment\",\"target\":[\"https:\\\/\\\/urbeamea.ro\\\/albaiulia\\\/ce-se-poarta-in-materie-de-design-interior-afla-cum-folosesc-cei-din-alba-iulia-corpurile-de-iluminat-ca-decor\\\/#respond\"]}]},{\"@type\":\"WebPage\",\"@id\":\"https:\\\/\\\/urbeamea.ro\\\/albaiulia\\\/ce-se-poarta-in-materie-de-design-interior-afla-cum-folosesc-cei-din-alba-iulia-corpurile-de-iluminat-ca-decor\\\/\",\"url\":\"https:\\\/\\\/urbeamea.ro\\\/albaiulia\\\/ce-se-poarta-in-materie-de-design-interior-afla-cum-folosesc-cei-din-alba-iulia-corpurile-de-iluminat-ca-decor\\\/\",\"name\":\"Ce se poart\u0103 \u00een materie de design interior? Afl\u0103 cum folosesc cei din Alba Iulia corpurile de iluminat ca decor! - Revista Urbea Mea - Revista de Alba\",\"isPartOf\":{\"@id\":\"https:\\\/\\\/urbeamea.ro\\\/albaiulia\\\/#website\"},\"primaryImageOfPage\":{\"@id\":\"https:\\\/\\\/urbeamea.ro\\\/albaiulia\\\/ce-se-poarta-in-materie-de-design-interior-afla-cum-folosesc-cei-din-alba-iulia-corpurile-de-iluminat-ca-decor\\\/#primaryimage\"},\"image\":{\"@id\":\"https:\\\/\\\/urbeamea.ro\\\/albaiulia\\\/ce-se-poarta-in-materie-de-design-interior-afla-cum-folosesc-cei-din-alba-iulia-corpurile-de-iluminat-ca-decor\\\/#primaryimage\"},\"thumbnailUrl\":\"https:\\\/\\\/urbeamea.ro\\\/albaiulia\\\/wp-content\\\/uploads\\\/2020\\\/03\\\/Ce-se-poart\u0103-\u00een-materie-de-design-interior-Afl\u0103-cum-folosesc-cei-din-Alba-Iulia-sursele-de-lumina-ca-decor.jpeg\",\"datePublished\":\"2020-03-09T11:13:38+00:00\",\"dateModified\":\"2020-03-09T11:13:40+00:00\",\"author\":{\"@id\":\"https:\\\/\\\/urbeamea.ro\\\/albaiulia\\\/#\\\/schema\\\/person\\\/a115373ce8153754c6b084232d985956\"},\"description\":\"\u00cen arhitectur\u0103, lumina este considerat\u0103 cea de-a patra dimensiune, care pune \u00een valoare elementele decorative dintr-o \u00eenc\u0103pere \u0219i le d\u0103 o not\u0103 elegant\u0103. O\",\"breadcrumb\":{\"@id\":\"https:\\\/\\\/urbeamea.ro\\\/albaiulia\\\/ce-se-poarta-in-materie-de-design-interior-afla-cum-folosesc-cei-din-alba-iulia-corpurile-de-iluminat-ca-decor\\\/#breadcrumb\"},\"inLanguage\":\"ro-RO\",\"potentialAction\":[{\"@type\":\"ReadAction\",\"target\":[\"https:\\\/\\\/urbeamea.ro\\\/albaiulia\\\/ce-se-poarta-in-materie-de-design-interior-afla-cum-folosesc-cei-din-alba-iulia-corpurile-de-iluminat-ca-decor\\\/\"]}]},{\"@type\":\"ImageObject\",\"inLanguage\":\"ro-RO\",\"@id\":\"https:\\\/\\\/urbeamea.ro\\\/albaiulia\\\/ce-se-poarta-in-materie-de-design-interior-afla-cum-folosesc-cei-din-alba-iulia-corpurile-de-iluminat-ca-decor\\\/#primaryimage\",\"url\":\"https:\\\/\\\/urbeamea.ro\\\/albaiulia\\\/wp-content\\\/uploads\\\/2020\\\/03\\\/Ce-se-poart\u0103-\u00een-materie-de-design-interior-Afl\u0103-cum-folosesc-cei-din-Alba-Iulia-sursele-de-lumina-ca-decor.jpeg\",\"contentUrl\":\"https:\\\/\\\/urbeamea.ro\\\/albaiulia\\\/wp-content\\\/uploads\\\/2020\\\/03\\\/Ce-se-poart\u0103-\u00een-materie-de-design-interior-Afl\u0103-cum-folosesc-cei-din-Alba-Iulia-sursele-de-lumina-ca-decor.jpeg\",\"width\":1050,\"height\":700},{\"@type\":\"BreadcrumbList\",\"@id\":\"https:\\\/\\\/urbeamea.ro\\\/albaiulia\\\/ce-se-poarta-in-materie-de-design-interior-afla-cum-folosesc-cei-din-alba-iulia-corpurile-de-iluminat-ca-decor\\\/#breadcrumb\",\"itemListElement\":[{\"@type\":\"ListItem\",\"position\":1,\"name\":\"Prima pagin\u0103\",\"item\":\"https:\\\/\\\/urbeamea.ro\\\/albaiulia\\\/\"},{\"@type\":\"ListItem\",\"position\":2,\"name\":\"Ce se poart\u0103 \u00een materie de design interior? Afl\u0103 cum folosesc cei din Alba Iulia corpurile de iluminat ca decor!\"}]},{\"@type\":\"WebSite\",\"@id\":\"https:\\\/\\\/urbeamea.ro\\\/albaiulia\\\/#website\",\"url\":\"https:\\\/\\\/urbeamea.ro\\\/albaiulia\\\/\",\"name\":\"Revista Urbea Mea, Stiri urbane\",\"description\":\"Evenimente \u0219i \u0219tiri din Alba Iulia, Sebe\u0219, Aiud, Blaj\",\"potentialAction\":[{\"@type\":\"SearchAction\",\"target\":{\"@type\":\"EntryPoint\",\"urlTemplate\":\"https:\\\/\\\/urbeamea.ro\\\/albaiulia\\\/?s={search_term_string}\"},\"query-input\":{\"@type\":\"PropertyValueSpecification\",\"valueRequired\":true,\"valueName\":\"search_term_string\"}}],\"inLanguage\":\"ro-RO\"},{\"@type\":\"Person\",\"@id\":\"https:\\\/\\\/urbeamea.ro\\\/albaiulia\\\/#\\\/schema\\\/person\\\/a115373ce8153754c6b084232d985956\",\"name\":\"Bogdan P\u0103unescu\",\"image\":{\"@type\":\"ImageObject\",\"inLanguage\":\"ro-RO\",\"@id\":\"https:\\\/\\\/secure.gravatar.com\\\/avatar\\\/f72aa881b5a32ea110a53aabc2049429e3ff68fcb09d283722d01fbf330e9dd9?s=96&d=mm&r=g\",\"url\":\"https:\\\/\\\/secure.gravatar.com\\\/avatar\\\/f72aa881b5a32ea110a53aabc2049429e3ff68fcb09d283722d01fbf330e9dd9?s=96&d=mm&r=g\",\"contentUrl\":\"https:\\\/\\\/secure.gravatar.com\\\/avatar\\\/f72aa881b5a32ea110a53aabc2049429e3ff68fcb09d283722d01fbf330e9dd9?s=96&d=mm&r=g\",\"caption\":\"Bogdan P\u0103unescu\"},\"description\":\"\u00cemi place tot ceea ce este legat de web \u015fi ajut la dezvoltarea \u015fi \u00eembun\u0103t\u0103\u0163irea lui prin tot ceea ce fac.\",\"sameAs\":[\"https:\\\/\\\/www.artonmedia.ro\",\"https:\\\/\\\/www.facebook.com\\\/bogdanvpaunescu\"],\"url\":\"https:\\\/\\\/urbeamea.ro\\\/albaiulia\\\/author\\\/bogdan-paunescu\\\/\"}]}<\/script>\n<!-- \/ Yoast SEO plugin. -->","yoast_head_json":{"title":"Ce se poart\u0103 \u00een materie de design interior? Afl\u0103 cum folosesc cei din Alba Iulia corpurile de iluminat ca decor! - Revista Urbea Mea - Revista de Alba","description":"\u00cen arhitectur\u0103, lumina este considerat\u0103 cea de-a patra dimensiune, care pune \u00een valoare elementele decorative dintr-o \u00eenc\u0103pere \u0219i le d\u0103 o not\u0103 elegant\u0103. O","robots":{"index":"index","follow":"follow","max-snippet":"max-snippet:-1","max-image-preview":"max-image-preview:large","max-video-preview":"max-video-preview:-1"},"canonical":"https:\/\/urbeamea.ro\/albaiulia\/ce-se-poarta-in-materie-de-design-interior-afla-cum-folosesc-cei-din-alba-iulia-corpurile-de-iluminat-ca-decor\/","twitter_card":"summary_large_image","twitter_title":"Ce se poart\u0103 \u00een materie de design interior? Afl\u0103 cum folosesc cei din Alba Iulia corpurile de iluminat ca decor! - Revista Urbea Mea - Revista de Alba","twitter_description":"\u00cen arhitectur\u0103, lumina este considerat\u0103 cea de-a patra dimensiune, care pune \u00een valoare elementele decorative dintr-o \u00eenc\u0103pere \u0219i le d\u0103 o not\u0103 elegant\u0103. O","twitter_image":"https:\/\/urbeamea.ro\/albaiulia\/wp-content\/uploads\/2020\/03\/Ce-se-poart\u0103-\u00een-materie-de-design-interior-Afl\u0103-cum-folosesc-cei-din-Alba-Iulia-sursele-de-lumina-ca-decor.jpeg","twitter_creator":"@urbeameaweb","twitter_site":"@urbeameaweb","schema":{"@context":"https:\/\/schema.org","@graph":[{"@type":"Article","@id":"https:\/\/urbeamea.ro\/albaiulia\/ce-se-poarta-in-materie-de-design-interior-afla-cum-folosesc-cei-din-alba-iulia-corpurile-de-iluminat-ca-decor\/#article","isPartOf":{"@id":"https:\/\/urbeamea.ro\/albaiulia\/ce-se-poarta-in-materie-de-design-interior-afla-cum-folosesc-cei-din-alba-iulia-corpurile-de-iluminat-ca-decor\/"},"author":{"name":"Bogdan P\u0103unescu","@id":"https:\/\/urbeamea.ro\/albaiulia\/#\/schema\/person\/a115373ce8153754c6b084232d985956"},"headline":"Ce se poart\u0103 \u00een materie de design interior? Afl\u0103 cum folosesc cei din Alba Iulia corpurile de iluminat ca decor!","datePublished":"2020-03-09T11:13:38+00:00","dateModified":"2020-03-09T11:13:40+00:00","mainEntityOfPage":{"@id":"https:\/\/urbeamea.ro\/albaiulia\/ce-se-poarta-in-materie-de-design-interior-afla-cum-folosesc-cei-din-alba-iulia-corpurile-de-iluminat-ca-decor\/"},"wordCount":560,"commentCount":0,"image":{"@id":"https:\/\/urbeamea.ro\/albaiulia\/ce-se-poarta-in-materie-de-design-interior-afla-cum-folosesc-cei-din-alba-iulia-corpurile-de-iluminat-ca-decor\/#primaryimage"},"thumbnailUrl":"https:\/\/urbeamea.ro\/albaiulia\/wp-content\/uploads\/2020\/03\/Ce-se-poart\u0103-\u00een-materie-de-design-interior-Afl\u0103-cum-folosesc-cei-din-Alba-Iulia-sursele-de-lumina-ca-decor.jpeg","articleSection":["Lifestyle &amp; Fashion"],"inLanguage":"ro-RO","potentialAction":[{"@type":"CommentAction","name":"Comment","target":["https:\/\/urbeamea.ro\/albaiulia\/ce-se-poarta-in-materie-de-design-interior-afla-cum-folosesc-cei-din-alba-iulia-corpurile-de-iluminat-ca-decor\/#respond"]}]},{"@type":"WebPage","@id":"https:\/\/urbeamea.ro\/albaiulia\/ce-se-poarta-in-materie-de-design-interior-afla-cum-folosesc-cei-din-alba-iulia-corpurile-de-iluminat-ca-decor\/","url":"https:\/\/urbeamea.ro\/albaiulia\/ce-se-poarta-in-materie-de-design-interior-afla-cum-folosesc-cei-din-alba-iulia-corpurile-de-iluminat-ca-decor\/","name":"Ce se poart\u0103 \u00een materie de design interior? Afl\u0103 cum folosesc cei din Alba Iulia corpurile de iluminat ca decor! - Revista Urbea Mea - Revista de Alba","isPartOf":{"@id":"https:\/\/urbeamea.ro\/albaiulia\/#website"},"primaryImageOfPage":{"@id":"https:\/\/urbeamea.ro\/albaiulia\/ce-se-poarta-in-materie-de-design-interior-afla-cum-folosesc-cei-din-alba-iulia-corpurile-de-iluminat-ca-decor\/#primaryimage"},"image":{"@id":"https:\/\/urbeamea.ro\/albaiulia\/ce-se-poarta-in-materie-de-design-interior-afla-cum-folosesc-cei-din-alba-iulia-corpurile-de-iluminat-ca-decor\/#primaryimage"},"thumbnailUrl":"https:\/\/urbeamea.ro\/albaiulia\/wp-content\/uploads\/2020\/03\/Ce-se-poart\u0103-\u00een-materie-de-design-interior-Afl\u0103-cum-folosesc-cei-din-Alba-Iulia-sursele-de-lumina-ca-decor.jpeg","datePublished":"2020-03-09T11:13:38+00:00","dateModified":"2020-03-09T11:13:40+00:00","author":{"@id":"https:\/\/urbeamea.ro\/albaiulia\/#\/schema\/person\/a115373ce8153754c6b084232d985956"},"description":"\u00cen arhitectur\u0103, lumina este considerat\u0103 cea de-a patra dimensiune, care pune \u00een valoare elementele decorative dintr-o \u00eenc\u0103pere \u0219i le d\u0103 o not\u0103 elegant\u0103. O","breadcrumb":{"@id":"https:\/\/urbeamea.ro\/albaiulia\/ce-se-poarta-in-materie-de-design-interior-afla-cum-folosesc-cei-din-alba-iulia-corpurile-de-iluminat-ca-decor\/#breadcrumb"},"inLanguage":"ro-RO","potentialAction":[{"@type":"ReadAction","target":["https:\/\/urbeamea.ro\/albaiulia\/ce-se-poarta-in-materie-de-design-interior-afla-cum-folosesc-cei-din-alba-iulia-corpurile-de-iluminat-ca-decor\/"]}]},{"@type":"ImageObject","inLanguage":"ro-RO","@id":"https:\/\/urbeamea.ro\/albaiulia\/ce-se-poarta-in-materie-de-design-interior-afla-cum-folosesc-cei-din-alba-iulia-corpurile-de-iluminat-ca-decor\/#primaryimage","url":"https:\/\/urbeamea.ro\/albaiulia\/wp-content\/uploads\/2020\/03\/Ce-se-poart\u0103-\u00een-materie-de-design-interior-Afl\u0103-cum-folosesc-cei-din-Alba-Iulia-sursele-de-lumina-ca-decor.jpeg","contentUrl":"https:\/\/urbeamea.ro\/albaiulia\/wp-content\/uploads\/2020\/03\/Ce-se-poart\u0103-\u00een-materie-de-design-interior-Afl\u0103-cum-folosesc-cei-din-Alba-Iulia-sursele-de-lumina-ca-decor.jpeg","width":1050,"height":700},{"@type":"BreadcrumbList","@id":"https:\/\/urbeamea.ro\/albaiulia\/ce-se-poarta-in-materie-de-design-interior-afla-cum-folosesc-cei-din-alba-iulia-corpurile-de-iluminat-ca-decor\/#breadcrumb","itemListElement":[{"@type":"ListItem","position":1,"name":"Prima pagin\u0103","item":"https:\/\/urbeamea.ro\/albaiulia\/"},{"@type":"ListItem","position":2,"name":"Ce se poart\u0103 \u00een materie de design interior? Afl\u0103 cum folosesc cei din Alba Iulia corpurile de iluminat ca decor!"}]},{"@type":"WebSite","@id":"https:\/\/urbeamea.ro\/albaiulia\/#website","url":"https:\/\/urbeamea.ro\/albaiulia\/","name":"Revista Urbea Mea, Stiri urbane","description":"Evenimente \u0219i \u0219tiri din Alba Iulia, Sebe\u0219, Aiud, Blaj","potentialAction":[{"@type":"SearchAction","target":{"@type":"EntryPoint","urlTemplate":"https:\/\/urbeamea.ro\/albaiulia\/?s={search_term_string}"},"query-input":{"@type":"PropertyValueSpecification","valueRequired":true,"valueName":"search_term_string"}}],"inLanguage":"ro-RO"},{"@type":"Person","@id":"https:\/\/urbeamea.ro\/albaiulia\/#\/schema\/person\/a115373ce8153754c6b084232d985956","name":"Bogdan P\u0103unescu","image":{"@type":"ImageObject","inLanguage":"ro-RO","@id":"https:\/\/secure.gravatar.com\/avatar\/f72aa881b5a32ea110a53aabc2049429e3ff68fcb09d283722d01fbf330e9dd9?s=96&d=mm&r=g","url":"https:\/\/secure.gravatar.com\/avatar\/f72aa881b5a32ea110a53aabc2049429e3ff68fcb09d283722d01fbf330e9dd9?s=96&d=mm&r=g","contentUrl":"https:\/\/secure.gravatar.com\/avatar\/f72aa881b5a32ea110a53aabc2049429e3ff68fcb09d283722d01fbf330e9dd9?s=96&d=mm&r=g","caption":"Bogdan P\u0103unescu"},"description":"\u00cemi place tot ceea ce este legat de web \u015fi ajut la dezvoltarea \u015fi \u00eembun\u0103t\u0103\u0163irea lui prin tot ceea ce fac.","sameAs":["https:\/\/www.artonmedia.ro","https:\/\/www.facebook.com\/bogdanvpaunescu"],"url":"https:\/\/urbeamea.ro\/albaiulia\/author\/bogdan-paunescu\/"}]}},"_links":{"self":[{"href":"https:\/\/urbeamea.ro\/albaiulia\/wp-json\/wp\/v2\/posts\/88356","targetHints":{"allow":["GET"]}}],"collection":[{"href":"https:\/\/urbeamea.ro\/albaiulia\/wp-json\/wp\/v2\/posts"}],"about":[{"href":"https:\/\/urbeamea.ro\/albaiulia\/wp-json\/wp\/v2\/types\/post"}],"author":[{"embeddable":true,"href":"https:\/\/urbeamea.ro\/albaiulia\/wp-json\/wp\/v2\/users\/5"}],"replies":[{"embeddable":true,"href":"https:\/\/urbeamea.ro\/albaiulia\/wp-json\/wp\/v2\/comments?post=88356"}],"version-history":[{"count":0,"href":"https:\/\/urbeamea.ro\/albaiulia\/wp-json\/wp\/v2\/posts\/88356\/revisions"}],"wp:featuredmedia":[{"embeddable":true,"href":"https:\/\/urbeamea.ro\/albaiulia\/wp-json\/wp\/v2\/media\/88357"}],"wp:attachment":[{"href":"https:\/\/urbeamea.ro\/albaiulia\/wp-json\/wp\/v2\/media?parent=88356"}],"wp:term":[{"taxonomy":"category","embeddable":true,"href":"https:\/\/urbeamea.ro\/albaiulia\/wp-json\/wp\/v2\/categories?post=88356"},{"taxonomy":"post_tag","embeddable":true,"href":"https:\/\/urbeamea.ro\/albaiulia\/wp-json\/wp\/v2\/tags?post=88356"}],"curies":[{"name":"wp","href":"https:\/\/api.w.org\/{rel}","templated":true}]}}