{"id":88432,"date":"2020-03-13T17:27:29","date_gmt":"2020-03-13T15:27:29","guid":{"rendered":"https:\/\/urbeamea.ro\/albaiulia\/?p=88432"},"modified":"2020-03-13T17:27:32","modified_gmt":"2020-03-13T15:27:32","slug":"masuri-preventive-la-policlinica-spitalului-judetean-de-urgenta-alba-iulia-in-actualul-context-epidemiologic","status":"publish","type":"post","link":"https:\/\/urbeamea.ro\/albaiulia\/masuri-preventive-la-policlinica-spitalului-judetean-de-urgenta-alba-iulia-in-actualul-context-epidemiologic\/","title":{"rendered":"M\u0103suri preventive la policlinica Spitalului Jude\u021bean de Urgen\u021b\u0103 Alba Iulia \u00een actualul context epidemiologic"},"content":{"rendered":"\n<h4 class=\"wp-block-heading\">Pacien\u021bii care se adreseaz\u0103\npoliclinicii din cadrul Spitalului Jude\u021bean de Urgen\u021b\u0103 Alba Iulia sunt ruga\u021bi\ns\u0103 respecte programarea \u0219i s\u0103 se prezinte doar cu 15 minute \u00eenaintea orei la\ncare sunt programa\u021bi. <\/h4>\n\n\n\n<p>De asemenea, inform\u0103m pacien\u021bii ca p\u00e2n\u0103 \u00een data de 31.03.2020\u00a0 program\u0103rile pentru consulta\u021bii sau investiga\u021bii medicale se vor efectua doar telefonic la numerele 0258\/820825, 0258\/820826 sau online la adresa <a href=\"http:\/\/portal.spitalalba.ro\/\">http:\/\/portal.spitalalba.ro\/<\/a>. <\/p>\n\n\n\n<p>La toate sediile spitalului vor fi\norganizate puncte de triaj. Cei care intr\u0103 pentru consulta\u021bii sau intern\u0103ri vor\ncompleta un chestionar care va sprijin tirajul epidemiologic, iar un asistent\nmedical le va lua temperatura. <\/p>\n\n\n\n<p>Subliniem c\u0103 aceste m\u0103suri sunt\nstrict preventive pentru protec\u021bia pacien\u021bilor \u0219i a personalului medical, \u00een\nactualul context epidemiologic.<\/p>\n\n\n\n<p><em>Biroul de pres\u0103 al SJU Alba Iulia <\/em><\/p>\n","protected":false},"excerpt":{"rendered":"<p>Pacien\u021bii care se adreseaz\u0103 policlinicii din cadrul Spitalului Jude\u021bean de Urgen\u021b\u0103 Alba Iulia sunt ruga\u021bi s\u0103 respecte programarea \u0219i s\u0103 se prezinte doar cu 15 minute \u00eenaintea orei la care sunt programa\u021bi. De asemenea, inform\u0103m pacien\u021bii ca p\u00e2n\u0103 \u00een data de 31.03.2020\u00a0 program\u0103rile pentru consulta\u021bii sau investiga\u021bii medicale se vor efectua doar telefonic la numerele &hellip;<\/p>\n","protected":false},"author":17,"featured_media":71505,"comment_status":"open","ping_status":"open","sticky":false,"template":"","format":"standard","meta":{"inline_featured_image":false,"footnotes":""},"categories":[2034],"tags":[20031,20030,16230,20032],"class_list":["post-88432","post","type-post","status-publish","format-standard","has-post-thumbnail","hentry","category-social","tag-context-epidemiologic","tag-masuri-preventive","tag-policlinica-spitalului-judetean-de-urgenta-alba-iulia","tag-puncte-de-triaj"],"yoast_head":"<!-- This site is optimized with the Yoast SEO plugin v27.4 - https:\/\/yoast.com\/product\/yoast-seo-wordpress\/ -->\n<title>M\u0103suri preventive la policlinica Spitalului Jude\u021bean de Urgen\u021b\u0103 Alba Iulia \u00een actualul context epidemiologic - Revista Urbea Mea - Revista de Alba<\/title>\n<meta name=\"description\" content=\"Pacien\u021bii care se adreseaz\u0103 policlinicii din cadrul Spitalului Jude\u021bean de Urgen\u021b\u0103 Alba Iulia sunt ruga\u021bi s\u0103 respecte programarea \u0219i s\u0103 se prezinte doar\" \/>\n<meta name=\"robots\" content=\"index, follow, max-snippet:-1, max-image-preview:large, max-video-preview:-1\" \/>\n<link rel=\"canonical\" href=\"https:\/\/urbeamea.ro\/albaiulia\/masuri-preventive-la-policlinica-spitalului-judetean-de-urgenta-alba-iulia-in-actualul-context-epidemiologic\/\" \/>\n<meta name=\"twitter:card\" content=\"summary_large_image\" \/>\n<meta name=\"twitter:title\" content=\"M\u0103suri preventive la policlinica Spitalului Jude\u021bean de Urgen\u021b\u0103 Alba Iulia \u00een actualul context epidemiologic - Revista Urbea Mea - Revista de Alba\" \/>\n<meta name=\"twitter:description\" content=\"Pacien\u021bii care se adreseaz\u0103 policlinicii din cadrul Spitalului Jude\u021bean de Urgen\u021b\u0103 Alba Iulia sunt ruga\u021bi s\u0103 respecte programarea \u0219i s\u0103 se prezinte doar\" \/>\n<meta name=\"twitter:image\" content=\"https:\/\/urbeamea.ro\/albaiulia\/wp-content\/uploads\/2019\/01\/Ambulatoriu-Policlinica-spital01.jpg\" \/>\n<meta name=\"twitter:creator\" content=\"@urbeameaweb\" \/>\n<meta name=\"twitter:site\" content=\"@urbeameaweb\" \/>\n<script type=\"application\/ld+json\" class=\"yoast-schema-graph\">{\"@context\":\"https:\\\/\\\/schema.org\",\"@graph\":[{\"@type\":\"Article\",\"@id\":\"https:\\\/\\\/urbeamea.ro\\\/albaiulia\\\/masuri-preventive-la-policlinica-spitalului-judetean-de-urgenta-alba-iulia-in-actualul-context-epidemiologic\\\/#article\",\"isPartOf\":{\"@id\":\"https:\\\/\\\/urbeamea.ro\\\/albaiulia\\\/masuri-preventive-la-policlinica-spitalului-judetean-de-urgenta-alba-iulia-in-actualul-context-epidemiologic\\\/\"},\"author\":{\"name\":\"Cristina Ganga\",\"@id\":\"https:\\\/\\\/urbeamea.ro\\\/albaiulia\\\/#\\\/schema\\\/person\\\/9700d21fae21c4f038b0b56f4506264a\"},\"headline\":\"M\u0103suri preventive la policlinica Spitalului Jude\u021bean de Urgen\u021b\u0103 Alba Iulia \u00een actualul context epidemiologic\",\"datePublished\":\"2020-03-13T15:27:29+00:00\",\"dateModified\":\"2020-03-13T15:27:32+00:00\",\"mainEntityOfPage\":{\"@id\":\"https:\\\/\\\/urbeamea.ro\\\/albaiulia\\\/masuri-preventive-la-policlinica-spitalului-judetean-de-urgenta-alba-iulia-in-actualul-context-epidemiologic\\\/\"},\"wordCount\":151,\"commentCount\":0,\"image\":{\"@id\":\"https:\\\/\\\/urbeamea.ro\\\/albaiulia\\\/masuri-preventive-la-policlinica-spitalului-judetean-de-urgenta-alba-iulia-in-actualul-context-epidemiologic\\\/#primaryimage\"},\"thumbnailUrl\":\"https:\\\/\\\/urbeamea.ro\\\/albaiulia\\\/wp-content\\\/uploads\\\/2019\\\/01\\\/Ambulatoriu-Policlinica-spital01.jpg\",\"keywords\":[\"context epidemiologic\",\"masuri preventive\",\"policlinica spitalului judetean de urgenta alba iulia\",\"puncte de triaj\"],\"articleSection\":[\"Social\"],\"inLanguage\":\"ro-RO\",\"potentialAction\":[{\"@type\":\"CommentAction\",\"name\":\"Comment\",\"target\":[\"https:\\\/\\\/urbeamea.ro\\\/albaiulia\\\/masuri-preventive-la-policlinica-spitalului-judetean-de-urgenta-alba-iulia-in-actualul-context-epidemiologic\\\/#respond\"]}]},{\"@type\":\"WebPage\",\"@id\":\"https:\\\/\\\/urbeamea.ro\\\/albaiulia\\\/masuri-preventive-la-policlinica-spitalului-judetean-de-urgenta-alba-iulia-in-actualul-context-epidemiologic\\\/\",\"url\":\"https:\\\/\\\/urbeamea.ro\\\/albaiulia\\\/masuri-preventive-la-policlinica-spitalului-judetean-de-urgenta-alba-iulia-in-actualul-context-epidemiologic\\\/\",\"name\":\"M\u0103suri preventive la policlinica Spitalului Jude\u021bean de Urgen\u021b\u0103 Alba Iulia \u00een actualul context epidemiologic - Revista Urbea Mea - Revista de Alba\",\"isPartOf\":{\"@id\":\"https:\\\/\\\/urbeamea.ro\\\/albaiulia\\\/#website\"},\"primaryImageOfPage\":{\"@id\":\"https:\\\/\\\/urbeamea.ro\\\/albaiulia\\\/masuri-preventive-la-policlinica-spitalului-judetean-de-urgenta-alba-iulia-in-actualul-context-epidemiologic\\\/#primaryimage\"},\"image\":{\"@id\":\"https:\\\/\\\/urbeamea.ro\\\/albaiulia\\\/masuri-preventive-la-policlinica-spitalului-judetean-de-urgenta-alba-iulia-in-actualul-context-epidemiologic\\\/#primaryimage\"},\"thumbnailUrl\":\"https:\\\/\\\/urbeamea.ro\\\/albaiulia\\\/wp-content\\\/uploads\\\/2019\\\/01\\\/Ambulatoriu-Policlinica-spital01.jpg\",\"datePublished\":\"2020-03-13T15:27:29+00:00\",\"dateModified\":\"2020-03-13T15:27:32+00:00\",\"author\":{\"@id\":\"https:\\\/\\\/urbeamea.ro\\\/albaiulia\\\/#\\\/schema\\\/person\\\/9700d21fae21c4f038b0b56f4506264a\"},\"description\":\"Pacien\u021bii care se adreseaz\u0103 policlinicii din cadrul Spitalului Jude\u021bean de Urgen\u021b\u0103 Alba Iulia sunt ruga\u021bi s\u0103 respecte programarea \u0219i s\u0103 se prezinte doar\",\"breadcrumb\":{\"@id\":\"https:\\\/\\\/urbeamea.ro\\\/albaiulia\\\/masuri-preventive-la-policlinica-spitalului-judetean-de-urgenta-alba-iulia-in-actualul-context-epidemiologic\\\/#breadcrumb\"},\"inLanguage\":\"ro-RO\",\"potentialAction\":[{\"@type\":\"ReadAction\",\"target\":[\"https:\\\/\\\/urbeamea.ro\\\/albaiulia\\\/masuri-preventive-la-policlinica-spitalului-judetean-de-urgenta-alba-iulia-in-actualul-context-epidemiologic\\\/\"]}]},{\"@type\":\"ImageObject\",\"inLanguage\":\"ro-RO\",\"@id\":\"https:\\\/\\\/urbeamea.ro\\\/albaiulia\\\/masuri-preventive-la-policlinica-spitalului-judetean-de-urgenta-alba-iulia-in-actualul-context-epidemiologic\\\/#primaryimage\",\"url\":\"https:\\\/\\\/urbeamea.ro\\\/albaiulia\\\/wp-content\\\/uploads\\\/2019\\\/01\\\/Ambulatoriu-Policlinica-spital01.jpg\",\"contentUrl\":\"https:\\\/\\\/urbeamea.ro\\\/albaiulia\\\/wp-content\\\/uploads\\\/2019\\\/01\\\/Ambulatoriu-Policlinica-spital01.jpg\",\"width\":1400,\"height\":933},{\"@type\":\"BreadcrumbList\",\"@id\":\"https:\\\/\\\/urbeamea.ro\\\/albaiulia\\\/masuri-preventive-la-policlinica-spitalului-judetean-de-urgenta-alba-iulia-in-actualul-context-epidemiologic\\\/#breadcrumb\",\"itemListElement\":[{\"@type\":\"ListItem\",\"position\":1,\"name\":\"Prima pagin\u0103\",\"item\":\"https:\\\/\\\/urbeamea.ro\\\/albaiulia\\\/\"},{\"@type\":\"ListItem\",\"position\":2,\"name\":\"M\u0103suri preventive la policlinica Spitalului Jude\u021bean de Urgen\u021b\u0103 Alba Iulia \u00een actualul context epidemiologic\"}]},{\"@type\":\"WebSite\",\"@id\":\"https:\\\/\\\/urbeamea.ro\\\/albaiulia\\\/#website\",\"url\":\"https:\\\/\\\/urbeamea.ro\\\/albaiulia\\\/\",\"name\":\"Revista Urbea Mea, Stiri urbane\",\"description\":\"Evenimente \u0219i \u0219tiri din Alba Iulia, Sebe\u0219, Aiud, Blaj\",\"potentialAction\":[{\"@type\":\"SearchAction\",\"target\":{\"@type\":\"EntryPoint\",\"urlTemplate\":\"https:\\\/\\\/urbeamea.ro\\\/albaiulia\\\/?s={search_term_string}\"},\"query-input\":{\"@type\":\"PropertyValueSpecification\",\"valueRequired\":true,\"valueName\":\"search_term_string\"}}],\"inLanguage\":\"ro-RO\"},{\"@type\":\"Person\",\"@id\":\"https:\\\/\\\/urbeamea.ro\\\/albaiulia\\\/#\\\/schema\\\/person\\\/9700d21fae21c4f038b0b56f4506264a\",\"name\":\"Cristina Ganga\",\"image\":{\"@type\":\"ImageObject\",\"inLanguage\":\"ro-RO\",\"@id\":\"https:\\\/\\\/secure.gravatar.com\\\/avatar\\\/5a67661041f057b4a8ccaf26f5a8e86e2689372006d01faf3dd9eeb10b654bb4?s=96&d=mm&r=g\",\"url\":\"https:\\\/\\\/secure.gravatar.com\\\/avatar\\\/5a67661041f057b4a8ccaf26f5a8e86e2689372006d01faf3dd9eeb10b654bb4?s=96&d=mm&r=g\",\"contentUrl\":\"https:\\\/\\\/secure.gravatar.com\\\/avatar\\\/5a67661041f057b4a8ccaf26f5a8e86e2689372006d01faf3dd9eeb10b654bb4?s=96&d=mm&r=g\",\"caption\":\"Cristina Ganga\"},\"description\":\"Jurnalist\",\"sameAs\":[\"https:\\\/\\\/www.facebook.com\\\/cristina.nicola.587\"],\"url\":\"https:\\\/\\\/urbeamea.ro\\\/albaiulia\\\/author\\\/cristina-nicola\\\/\"}]}<\/script>\n<!-- \/ Yoast SEO plugin. -->","yoast_head_json":{"title":"M\u0103suri preventive la policlinica Spitalului Jude\u021bean de Urgen\u021b\u0103 Alba Iulia \u00een actualul context epidemiologic - Revista Urbea Mea - Revista de Alba","description":"Pacien\u021bii care se adreseaz\u0103 policlinicii din cadrul Spitalului Jude\u021bean de Urgen\u021b\u0103 Alba Iulia sunt ruga\u021bi s\u0103 respecte programarea \u0219i s\u0103 se prezinte doar","robots":{"index":"index","follow":"follow","max-snippet":"max-snippet:-1","max-image-preview":"max-image-preview:large","max-video-preview":"max-video-preview:-1"},"canonical":"https:\/\/urbeamea.ro\/albaiulia\/masuri-preventive-la-policlinica-spitalului-judetean-de-urgenta-alba-iulia-in-actualul-context-epidemiologic\/","twitter_card":"summary_large_image","twitter_title":"M\u0103suri preventive la policlinica Spitalului Jude\u021bean de Urgen\u021b\u0103 Alba Iulia \u00een actualul context epidemiologic - Revista Urbea Mea - Revista de Alba","twitter_description":"Pacien\u021bii care se adreseaz\u0103 policlinicii din cadrul Spitalului Jude\u021bean de Urgen\u021b\u0103 Alba Iulia sunt ruga\u021bi s\u0103 respecte programarea \u0219i s\u0103 se prezinte doar","twitter_image":"https:\/\/urbeamea.ro\/albaiulia\/wp-content\/uploads\/2019\/01\/Ambulatoriu-Policlinica-spital01.jpg","twitter_creator":"@urbeameaweb","twitter_site":"@urbeameaweb","schema":{"@context":"https:\/\/schema.org","@graph":[{"@type":"Article","@id":"https:\/\/urbeamea.ro\/albaiulia\/masuri-preventive-la-policlinica-spitalului-judetean-de-urgenta-alba-iulia-in-actualul-context-epidemiologic\/#article","isPartOf":{"@id":"https:\/\/urbeamea.ro\/albaiulia\/masuri-preventive-la-policlinica-spitalului-judetean-de-urgenta-alba-iulia-in-actualul-context-epidemiologic\/"},"author":{"name":"Cristina Ganga","@id":"https:\/\/urbeamea.ro\/albaiulia\/#\/schema\/person\/9700d21fae21c4f038b0b56f4506264a"},"headline":"M\u0103suri preventive la policlinica Spitalului Jude\u021bean de Urgen\u021b\u0103 Alba Iulia \u00een actualul context epidemiologic","datePublished":"2020-03-13T15:27:29+00:00","dateModified":"2020-03-13T15:27:32+00:00","mainEntityOfPage":{"@id":"https:\/\/urbeamea.ro\/albaiulia\/masuri-preventive-la-policlinica-spitalului-judetean-de-urgenta-alba-iulia-in-actualul-context-epidemiologic\/"},"wordCount":151,"commentCount":0,"image":{"@id":"https:\/\/urbeamea.ro\/albaiulia\/masuri-preventive-la-policlinica-spitalului-judetean-de-urgenta-alba-iulia-in-actualul-context-epidemiologic\/#primaryimage"},"thumbnailUrl":"https:\/\/urbeamea.ro\/albaiulia\/wp-content\/uploads\/2019\/01\/Ambulatoriu-Policlinica-spital01.jpg","keywords":["context epidemiologic","masuri preventive","policlinica spitalului judetean de urgenta alba iulia","puncte de triaj"],"articleSection":["Social"],"inLanguage":"ro-RO","potentialAction":[{"@type":"CommentAction","name":"Comment","target":["https:\/\/urbeamea.ro\/albaiulia\/masuri-preventive-la-policlinica-spitalului-judetean-de-urgenta-alba-iulia-in-actualul-context-epidemiologic\/#respond"]}]},{"@type":"WebPage","@id":"https:\/\/urbeamea.ro\/albaiulia\/masuri-preventive-la-policlinica-spitalului-judetean-de-urgenta-alba-iulia-in-actualul-context-epidemiologic\/","url":"https:\/\/urbeamea.ro\/albaiulia\/masuri-preventive-la-policlinica-spitalului-judetean-de-urgenta-alba-iulia-in-actualul-context-epidemiologic\/","name":"M\u0103suri preventive la policlinica Spitalului Jude\u021bean de Urgen\u021b\u0103 Alba Iulia \u00een actualul context epidemiologic - Revista Urbea Mea - Revista de Alba","isPartOf":{"@id":"https:\/\/urbeamea.ro\/albaiulia\/#website"},"primaryImageOfPage":{"@id":"https:\/\/urbeamea.ro\/albaiulia\/masuri-preventive-la-policlinica-spitalului-judetean-de-urgenta-alba-iulia-in-actualul-context-epidemiologic\/#primaryimage"},"image":{"@id":"https:\/\/urbeamea.ro\/albaiulia\/masuri-preventive-la-policlinica-spitalului-judetean-de-urgenta-alba-iulia-in-actualul-context-epidemiologic\/#primaryimage"},"thumbnailUrl":"https:\/\/urbeamea.ro\/albaiulia\/wp-content\/uploads\/2019\/01\/Ambulatoriu-Policlinica-spital01.jpg","datePublished":"2020-03-13T15:27:29+00:00","dateModified":"2020-03-13T15:27:32+00:00","author":{"@id":"https:\/\/urbeamea.ro\/albaiulia\/#\/schema\/person\/9700d21fae21c4f038b0b56f4506264a"},"description":"Pacien\u021bii care se adreseaz\u0103 policlinicii din cadrul Spitalului Jude\u021bean de Urgen\u021b\u0103 Alba Iulia sunt ruga\u021bi s\u0103 respecte programarea \u0219i s\u0103 se prezinte doar","breadcrumb":{"@id":"https:\/\/urbeamea.ro\/albaiulia\/masuri-preventive-la-policlinica-spitalului-judetean-de-urgenta-alba-iulia-in-actualul-context-epidemiologic\/#breadcrumb"},"inLanguage":"ro-RO","potentialAction":[{"@type":"ReadAction","target":["https:\/\/urbeamea.ro\/albaiulia\/masuri-preventive-la-policlinica-spitalului-judetean-de-urgenta-alba-iulia-in-actualul-context-epidemiologic\/"]}]},{"@type":"ImageObject","inLanguage":"ro-RO","@id":"https:\/\/urbeamea.ro\/albaiulia\/masuri-preventive-la-policlinica-spitalului-judetean-de-urgenta-alba-iulia-in-actualul-context-epidemiologic\/#primaryimage","url":"https:\/\/urbeamea.ro\/albaiulia\/wp-content\/uploads\/2019\/01\/Ambulatoriu-Policlinica-spital01.jpg","contentUrl":"https:\/\/urbeamea.ro\/albaiulia\/wp-content\/uploads\/2019\/01\/Ambulatoriu-Policlinica-spital01.jpg","width":1400,"height":933},{"@type":"BreadcrumbList","@id":"https:\/\/urbeamea.ro\/albaiulia\/masuri-preventive-la-policlinica-spitalului-judetean-de-urgenta-alba-iulia-in-actualul-context-epidemiologic\/#breadcrumb","itemListElement":[{"@type":"ListItem","position":1,"name":"Prima pagin\u0103","item":"https:\/\/urbeamea.ro\/albaiulia\/"},{"@type":"ListItem","position":2,"name":"M\u0103suri preventive la policlinica Spitalului Jude\u021bean de Urgen\u021b\u0103 Alba Iulia \u00een actualul context epidemiologic"}]},{"@type":"WebSite","@id":"https:\/\/urbeamea.ro\/albaiulia\/#website","url":"https:\/\/urbeamea.ro\/albaiulia\/","name":"Revista Urbea Mea, Stiri urbane","description":"Evenimente \u0219i \u0219tiri din Alba Iulia, Sebe\u0219, Aiud, Blaj","potentialAction":[{"@type":"SearchAction","target":{"@type":"EntryPoint","urlTemplate":"https:\/\/urbeamea.ro\/albaiulia\/?s={search_term_string}"},"query-input":{"@type":"PropertyValueSpecification","valueRequired":true,"valueName":"search_term_string"}}],"inLanguage":"ro-RO"},{"@type":"Person","@id":"https:\/\/urbeamea.ro\/albaiulia\/#\/schema\/person\/9700d21fae21c4f038b0b56f4506264a","name":"Cristina Ganga","image":{"@type":"ImageObject","inLanguage":"ro-RO","@id":"https:\/\/secure.gravatar.com\/avatar\/5a67661041f057b4a8ccaf26f5a8e86e2689372006d01faf3dd9eeb10b654bb4?s=96&d=mm&r=g","url":"https:\/\/secure.gravatar.com\/avatar\/5a67661041f057b4a8ccaf26f5a8e86e2689372006d01faf3dd9eeb10b654bb4?s=96&d=mm&r=g","contentUrl":"https:\/\/secure.gravatar.com\/avatar\/5a67661041f057b4a8ccaf26f5a8e86e2689372006d01faf3dd9eeb10b654bb4?s=96&d=mm&r=g","caption":"Cristina Ganga"},"description":"Jurnalist","sameAs":["https:\/\/www.facebook.com\/cristina.nicola.587"],"url":"https:\/\/urbeamea.ro\/albaiulia\/author\/cristina-nicola\/"}]}},"_links":{"self":[{"href":"https:\/\/urbeamea.ro\/albaiulia\/wp-json\/wp\/v2\/posts\/88432","targetHints":{"allow":["GET"]}}],"collection":[{"href":"https:\/\/urbeamea.ro\/albaiulia\/wp-json\/wp\/v2\/posts"}],"about":[{"href":"https:\/\/urbeamea.ro\/albaiulia\/wp-json\/wp\/v2\/types\/post"}],"author":[{"embeddable":true,"href":"https:\/\/urbeamea.ro\/albaiulia\/wp-json\/wp\/v2\/users\/17"}],"replies":[{"embeddable":true,"href":"https:\/\/urbeamea.ro\/albaiulia\/wp-json\/wp\/v2\/comments?post=88432"}],"version-history":[{"count":0,"href":"https:\/\/urbeamea.ro\/albaiulia\/wp-json\/wp\/v2\/posts\/88432\/revisions"}],"wp:featuredmedia":[{"embeddable":true,"href":"https:\/\/urbeamea.ro\/albaiulia\/wp-json\/wp\/v2\/media\/71505"}],"wp:attachment":[{"href":"https:\/\/urbeamea.ro\/albaiulia\/wp-json\/wp\/v2\/media?parent=88432"}],"wp:term":[{"taxonomy":"category","embeddable":true,"href":"https:\/\/urbeamea.ro\/albaiulia\/wp-json\/wp\/v2\/categories?post=88432"},{"taxonomy":"post_tag","embeddable":true,"href":"https:\/\/urbeamea.ro\/albaiulia\/wp-json\/wp\/v2\/tags?post=88432"}],"curies":[{"name":"wp","href":"https:\/\/api.w.org\/{rel}","templated":true}]}}