{"id":88434,"date":"2020-03-14T10:49:58","date_gmt":"2020-03-14T08:49:58","guid":{"rendered":"https:\/\/urbeamea.ro\/albaiulia\/?p=88434"},"modified":"2020-03-14T10:50:00","modified_gmt":"2020-03-14T08:50:00","slug":"inchiderea-scolilor-nu-inseamna-vacanta-iar-izolarea-nu-se-face-la-mall","status":"publish","type":"post","link":"https:\/\/urbeamea.ro\/albaiulia\/inchiderea-scolilor-nu-inseamna-vacanta-iar-izolarea-nu-se-face-la-mall\/","title":{"rendered":"\u00cenchiderea \u0219colilor nu \u00eenseamn\u0103 vacan\u021b\u0103, iar izolarea nu se face la mall"},"content":{"rendered":"\n<h4 class=\"wp-block-heading\">Ne afl\u0103m \u00eentr-o situa\u021bie f\u0103r\u0103 precedent. \u00centreruperea \u0219colilor ca m\u0103sur\u0103 de preven\u021bie \u0219i limitare a r\u0103sp\u00e2ndirii infec\u021biei cu Covid 19 ne pune \u00een fa\u021ba unei situa\u021bii absolut unice din punct de vedere social: trebuie s\u0103 \u021binem copiii acas\u0103 \u0219i trebuie s\u0103 ne implic\u0103m \u00een procesul de continuare a educa\u021biei lor. Suspendarea cursurilor nu \u00eenseamn\u0103 vacan\u021b\u0103, iar aceast\u0103 situa\u021bie nu trebuie tratat\u0103 ca \u0219i cum ar fi.<\/h4>\n\n\n\n<p>Ceea ce este foarte important este s\u0103 \u00een\u021belegem c\u0103 acas\u0103 \u00eenseamn\u0103 chiar spa\u021biul casei. Nu trebuie s\u0103 umplem spa\u021biile de joac\u0103 pentru a le g\u0103si activit\u0103\u021bi copiilor. Putem face plimb\u0103ri \u00een aer liber, dar sunt de evitat locurile de joac\u0103 destinate copiilor, chiar \u0219i cele din exterior care pot fi adev\u0103rate focare de infec\u021bie. Spun asta pentru c\u0103 la italieni am v\u0103zut locurile de joac\u0103 pline \u0219i nu cred c\u0103 a fost bine. S\u0103 ne imagin\u0103m c\u0103 un copil asimptomatic pune m\u00e2nu\u021bele cu care s-a sc\u0103rpinat la nas pe barele unui leag\u0103n cu care se dau zilnic sute de al\u021bi copii. Nu-i putem opri, dar \u00eei putem proteja ferindu-i de astfel de locuri. Unii se vor g\u00e2ndi c\u0103 niciun copil sub 9 ani nu a murit de coronavirus. Chiar dac\u0103 num\u0103rul deceselor la nivel mondial \u00een r\u00e2ndul minorilor este infim, copiii pot fi totu\u0219i purt\u0103tori asimptomatici de COVID19. Sunt convins\u0103 c\u0103 nu vre\u021bi ca un bunic sau cineva cu o boal\u0103 cronic\u0103 din familie s\u0103 fie contaminat de la copilul asimptomatic.\u00a0<\/p>\n\n\n\n<p><strong>A sta c\u00e2t mai mult acas\u0103, \u00eentr-un spa\u021biu curat \u0219i aerisit, e cea mai \u00een\u021beleapt\u0103 decizie.<\/strong><\/p>\n\n\n\n<p>Iar dac\u0103 suntem de acord c\u0103 \u00eenchiderea \u0219colilor nu \u00eenseamn\u0103 vacan\u021b\u0103, atunci suntem mai r\u0103spunz\u0103tori ca oric\u00e2nd ca procesul de \u00eenv\u0103\u021bare s\u0103 continue. Nu multe \u0219coli \u00ee\u0219i vor permite cursuri online \u0219i nu to\u021bi copiii au acces la un calculator, dar cu siguran\u021b\u0103 orice copil \u00ee\u0219i poate continua studiul cu mijloace tradi\u021bionale dac\u0103 este ajutat de un p\u0103rinte sau de adultul responsabil care st\u0103 cu el. Copiii au c\u0103r\u021bi, manuale pe care le pot citi mai departe singuri sau, \u00een func\u021bie de v\u00e2rst\u0103, sprijini\u021bi de un adult. Nu uita\u021bi c\u0103 orice \u00eenv\u0103\u021b\u0103tor sau profesor e la un telefon distan\u021b\u0103. Statul cu orele la televizor, pe PlayStation sau pe computer la jocuri sunt mai nocive dec\u00e2t le-ar putea fi coronavirusul. <\/p>\n\n\n\n<p>A\u0219a cum arat\u0103 profesorul Manfred Spitzer, neuropsihiatrul german care a studiat demen\u021ba digital\u0103 \u0219i efectul jocurilor pe computer asupra min\u021bilor copiilor, calculatorul trebuie s\u0103 fie doar un instrument de rezolvare a sarcinilor, nu poate substitui mijloacele tradi\u021bionale de \u00eenv\u0103\u021bare \u0219i nicidecum nu trebuie transformat \u00eentr-o modalitate de a petrece timpul de c\u0103tre copii. V\u0103 recomand cu aceast\u0103 ocazie cartea sa \u201eDemen\u021ba digital\u0103\u201d ca s\u0103 \u00een\u021belege\u021bi c\u00e2t de inutil \u0219i \u00een\u0219el\u0103tor e computerul pentru felul \u00een care se dezvolt\u0103 mintea. Superficialitatea asimil\u0103rii la v\u00e2rst\u0103 mic\u0103 face din mintea adultului de mai t\u00e2rziu una nesigur\u0103 \u0219i incapabil\u0103 s\u0103 ia decizii adecvate lui \u0219i provoc\u0103rilor din jur. <\/p>\n\n\n\n<p>\u201eRepetitio est mater studiorum\u201d, ca s\u0103 sintetizez, copilul \u00eenva\u021b\u0103 prin rela\u021bia uman\u0103 \u0219i prin repetare. A\u0219a e mintea noastr\u0103 constituit\u0103, sinapsele au nevoie de timp s\u0103 se formeze. Utiliza\u021bi calculatorul pentru sarcini precise, dac\u0103 ave\u021bi cursuri online. \u00cen rest, folosi\u021bi acest timp \u0219i \u00eendruma\u021bi copiii c\u0103tre c\u0103r\u021bi, fi\u021bi al\u0103turi de ei, citind \u0219i voi, \u0219i povesti\u021bi \u00eempreun\u0103 lucrurile pe care le descoperi\u021bi. Cu \u00een\u021belepciune \u0219i responsabilitate, s-ar putea s\u0103 ie\u0219im mai c\u00e2\u0219tiga\u021bi din criza asta.<\/p>\n\n\n\n<p><em>sursa: republica.ro<\/em><\/p>\n","protected":false},"excerpt":{"rendered":"<p>Ne afl\u0103m \u00eentr-o situa\u021bie f\u0103r\u0103 precedent. \u00centreruperea \u0219colilor ca m\u0103sur\u0103 de preven\u021bie \u0219i limitare a r\u0103sp\u00e2ndirii infec\u021biei cu Covid 19 ne pune \u00een fa\u021ba unei situa\u021bii absolut unice din punct de vedere social: trebuie s\u0103 \u021binem copiii acas\u0103 \u0219i trebuie s\u0103 ne implic\u0103m \u00een procesul de continuare a educa\u021biei lor. Suspendarea cursurilor nu \u00eenseamn\u0103 vacan\u021b\u0103, &hellip;<\/p>\n","protected":false},"author":17,"featured_media":6666,"comment_status":"open","ping_status":"open","sticky":false,"template":"","format":"standard","meta":{"inline_featured_image":false,"footnotes":""},"categories":[2034],"tags":[20033,20034,20036,20035],"class_list":["post-88434","post","type-post","status-publish","format-standard","has-post-thumbnail","hentry","category-social","tag-inchiderea-scolilor","tag-izolarea-nu-se-face-la-mall","tag-spatiu-curat-si-aerisit","tag-tinem-copiii-acasa"],"yoast_head":"<!-- This site is optimized with the Yoast SEO plugin v27.4 - https:\/\/yoast.com\/product\/yoast-seo-wordpress\/ -->\n<title>\u00cenchiderea \u0219colilor nu \u00eenseamn\u0103 vacan\u021b\u0103, iar izolarea nu se face la mall - Revista Urbea Mea - Revista de Alba<\/title>\n<meta name=\"description\" content=\"Ne afl\u0103m \u00eentr-o situa\u021bie f\u0103r\u0103 precedent. \u00centreruperea \u0219colilor ca m\u0103sur\u0103 de preven\u021bie \u0219i limitare a r\u0103sp\u00e2ndirii infec\u021biei cu Covid 19 ne pune \u00een fa\u021ba unei\" \/>\n<meta name=\"robots\" content=\"index, follow, max-snippet:-1, max-image-preview:large, max-video-preview:-1\" \/>\n<link rel=\"canonical\" href=\"https:\/\/urbeamea.ro\/albaiulia\/inchiderea-scolilor-nu-inseamna-vacanta-iar-izolarea-nu-se-face-la-mall\/\" \/>\n<meta name=\"twitter:card\" content=\"summary_large_image\" \/>\n<meta name=\"twitter:title\" content=\"\u00cenchiderea \u0219colilor nu \u00eenseamn\u0103 vacan\u021b\u0103, iar izolarea nu se face la mall - Revista Urbea Mea - Revista de Alba\" \/>\n<meta name=\"twitter:description\" content=\"Ne afl\u0103m \u00eentr-o situa\u021bie f\u0103r\u0103 precedent. \u00centreruperea \u0219colilor ca m\u0103sur\u0103 de preven\u021bie \u0219i limitare a r\u0103sp\u00e2ndirii infec\u021biei cu Covid 19 ne pune \u00een fa\u021ba unei\" \/>\n<meta name=\"twitter:image\" content=\"https:\/\/urbeamea.ro\/albaiulia\/wp-content\/uploads\/2015\/08\/parinti-copii.jpg\" \/>\n<meta name=\"twitter:creator\" content=\"@urbeameaweb\" \/>\n<meta name=\"twitter:site\" content=\"@urbeameaweb\" \/>\n<script type=\"application\/ld+json\" class=\"yoast-schema-graph\">{\"@context\":\"https:\\\/\\\/schema.org\",\"@graph\":[{\"@type\":\"Article\",\"@id\":\"https:\\\/\\\/urbeamea.ro\\\/albaiulia\\\/inchiderea-scolilor-nu-inseamna-vacanta-iar-izolarea-nu-se-face-la-mall\\\/#article\",\"isPartOf\":{\"@id\":\"https:\\\/\\\/urbeamea.ro\\\/albaiulia\\\/inchiderea-scolilor-nu-inseamna-vacanta-iar-izolarea-nu-se-face-la-mall\\\/\"},\"author\":{\"name\":\"Cristina Ganga\",\"@id\":\"https:\\\/\\\/urbeamea.ro\\\/albaiulia\\\/#\\\/schema\\\/person\\\/9700d21fae21c4f038b0b56f4506264a\"},\"headline\":\"\u00cenchiderea \u0219colilor nu \u00eenseamn\u0103 vacan\u021b\u0103, iar izolarea nu se face la mall\",\"datePublished\":\"2020-03-14T08:49:58+00:00\",\"dateModified\":\"2020-03-14T08:50:00+00:00\",\"mainEntityOfPage\":{\"@id\":\"https:\\\/\\\/urbeamea.ro\\\/albaiulia\\\/inchiderea-scolilor-nu-inseamna-vacanta-iar-izolarea-nu-se-face-la-mall\\\/\"},\"wordCount\":649,\"commentCount\":0,\"image\":{\"@id\":\"https:\\\/\\\/urbeamea.ro\\\/albaiulia\\\/inchiderea-scolilor-nu-inseamna-vacanta-iar-izolarea-nu-se-face-la-mall\\\/#primaryimage\"},\"thumbnailUrl\":\"https:\\\/\\\/urbeamea.ro\\\/albaiulia\\\/wp-content\\\/uploads\\\/2015\\\/08\\\/parinti-copii.jpg\",\"keywords\":[\"inchiderea scolilor\",\"izolarea nu se face la mall\",\"spatiu curat si aerisit\",\"tinem copiii acasa\"],\"articleSection\":[\"Social\"],\"inLanguage\":\"ro-RO\",\"potentialAction\":[{\"@type\":\"CommentAction\",\"name\":\"Comment\",\"target\":[\"https:\\\/\\\/urbeamea.ro\\\/albaiulia\\\/inchiderea-scolilor-nu-inseamna-vacanta-iar-izolarea-nu-se-face-la-mall\\\/#respond\"]}]},{\"@type\":\"WebPage\",\"@id\":\"https:\\\/\\\/urbeamea.ro\\\/albaiulia\\\/inchiderea-scolilor-nu-inseamna-vacanta-iar-izolarea-nu-se-face-la-mall\\\/\",\"url\":\"https:\\\/\\\/urbeamea.ro\\\/albaiulia\\\/inchiderea-scolilor-nu-inseamna-vacanta-iar-izolarea-nu-se-face-la-mall\\\/\",\"name\":\"\u00cenchiderea \u0219colilor nu \u00eenseamn\u0103 vacan\u021b\u0103, iar izolarea nu se face la mall - Revista Urbea Mea - Revista de Alba\",\"isPartOf\":{\"@id\":\"https:\\\/\\\/urbeamea.ro\\\/albaiulia\\\/#website\"},\"primaryImageOfPage\":{\"@id\":\"https:\\\/\\\/urbeamea.ro\\\/albaiulia\\\/inchiderea-scolilor-nu-inseamna-vacanta-iar-izolarea-nu-se-face-la-mall\\\/#primaryimage\"},\"image\":{\"@id\":\"https:\\\/\\\/urbeamea.ro\\\/albaiulia\\\/inchiderea-scolilor-nu-inseamna-vacanta-iar-izolarea-nu-se-face-la-mall\\\/#primaryimage\"},\"thumbnailUrl\":\"https:\\\/\\\/urbeamea.ro\\\/albaiulia\\\/wp-content\\\/uploads\\\/2015\\\/08\\\/parinti-copii.jpg\",\"datePublished\":\"2020-03-14T08:49:58+00:00\",\"dateModified\":\"2020-03-14T08:50:00+00:00\",\"author\":{\"@id\":\"https:\\\/\\\/urbeamea.ro\\\/albaiulia\\\/#\\\/schema\\\/person\\\/9700d21fae21c4f038b0b56f4506264a\"},\"description\":\"Ne afl\u0103m \u00eentr-o situa\u021bie f\u0103r\u0103 precedent. \u00centreruperea \u0219colilor ca m\u0103sur\u0103 de preven\u021bie \u0219i limitare a r\u0103sp\u00e2ndirii infec\u021biei cu Covid 19 ne pune \u00een fa\u021ba unei\",\"breadcrumb\":{\"@id\":\"https:\\\/\\\/urbeamea.ro\\\/albaiulia\\\/inchiderea-scolilor-nu-inseamna-vacanta-iar-izolarea-nu-se-face-la-mall\\\/#breadcrumb\"},\"inLanguage\":\"ro-RO\",\"potentialAction\":[{\"@type\":\"ReadAction\",\"target\":[\"https:\\\/\\\/urbeamea.ro\\\/albaiulia\\\/inchiderea-scolilor-nu-inseamna-vacanta-iar-izolarea-nu-se-face-la-mall\\\/\"]}]},{\"@type\":\"ImageObject\",\"inLanguage\":\"ro-RO\",\"@id\":\"https:\\\/\\\/urbeamea.ro\\\/albaiulia\\\/inchiderea-scolilor-nu-inseamna-vacanta-iar-izolarea-nu-se-face-la-mall\\\/#primaryimage\",\"url\":\"https:\\\/\\\/urbeamea.ro\\\/albaiulia\\\/wp-content\\\/uploads\\\/2015\\\/08\\\/parinti-copii.jpg\",\"contentUrl\":\"https:\\\/\\\/urbeamea.ro\\\/albaiulia\\\/wp-content\\\/uploads\\\/2015\\\/08\\\/parinti-copii.jpg\",\"width\":1280,\"height\":854},{\"@type\":\"BreadcrumbList\",\"@id\":\"https:\\\/\\\/urbeamea.ro\\\/albaiulia\\\/inchiderea-scolilor-nu-inseamna-vacanta-iar-izolarea-nu-se-face-la-mall\\\/#breadcrumb\",\"itemListElement\":[{\"@type\":\"ListItem\",\"position\":1,\"name\":\"Prima pagin\u0103\",\"item\":\"https:\\\/\\\/urbeamea.ro\\\/albaiulia\\\/\"},{\"@type\":\"ListItem\",\"position\":2,\"name\":\"\u00cenchiderea \u0219colilor nu \u00eenseamn\u0103 vacan\u021b\u0103, iar izolarea nu se face la mall\"}]},{\"@type\":\"WebSite\",\"@id\":\"https:\\\/\\\/urbeamea.ro\\\/albaiulia\\\/#website\",\"url\":\"https:\\\/\\\/urbeamea.ro\\\/albaiulia\\\/\",\"name\":\"Revista Urbea Mea, Stiri urbane\",\"description\":\"Evenimente \u0219i \u0219tiri din Alba Iulia, Sebe\u0219, Aiud, Blaj\",\"potentialAction\":[{\"@type\":\"SearchAction\",\"target\":{\"@type\":\"EntryPoint\",\"urlTemplate\":\"https:\\\/\\\/urbeamea.ro\\\/albaiulia\\\/?s={search_term_string}\"},\"query-input\":{\"@type\":\"PropertyValueSpecification\",\"valueRequired\":true,\"valueName\":\"search_term_string\"}}],\"inLanguage\":\"ro-RO\"},{\"@type\":\"Person\",\"@id\":\"https:\\\/\\\/urbeamea.ro\\\/albaiulia\\\/#\\\/schema\\\/person\\\/9700d21fae21c4f038b0b56f4506264a\",\"name\":\"Cristina Ganga\",\"image\":{\"@type\":\"ImageObject\",\"inLanguage\":\"ro-RO\",\"@id\":\"https:\\\/\\\/secure.gravatar.com\\\/avatar\\\/5a67661041f057b4a8ccaf26f5a8e86e2689372006d01faf3dd9eeb10b654bb4?s=96&d=mm&r=g\",\"url\":\"https:\\\/\\\/secure.gravatar.com\\\/avatar\\\/5a67661041f057b4a8ccaf26f5a8e86e2689372006d01faf3dd9eeb10b654bb4?s=96&d=mm&r=g\",\"contentUrl\":\"https:\\\/\\\/secure.gravatar.com\\\/avatar\\\/5a67661041f057b4a8ccaf26f5a8e86e2689372006d01faf3dd9eeb10b654bb4?s=96&d=mm&r=g\",\"caption\":\"Cristina Ganga\"},\"description\":\"Jurnalist\",\"sameAs\":[\"https:\\\/\\\/www.facebook.com\\\/cristina.nicola.587\"],\"url\":\"https:\\\/\\\/urbeamea.ro\\\/albaiulia\\\/author\\\/cristina-nicola\\\/\"}]}<\/script>\n<!-- \/ Yoast SEO plugin. -->","yoast_head_json":{"title":"\u00cenchiderea \u0219colilor nu \u00eenseamn\u0103 vacan\u021b\u0103, iar izolarea nu se face la mall - Revista Urbea Mea - Revista de Alba","description":"Ne afl\u0103m \u00eentr-o situa\u021bie f\u0103r\u0103 precedent. \u00centreruperea \u0219colilor ca m\u0103sur\u0103 de preven\u021bie \u0219i limitare a r\u0103sp\u00e2ndirii infec\u021biei cu Covid 19 ne pune \u00een fa\u021ba unei","robots":{"index":"index","follow":"follow","max-snippet":"max-snippet:-1","max-image-preview":"max-image-preview:large","max-video-preview":"max-video-preview:-1"},"canonical":"https:\/\/urbeamea.ro\/albaiulia\/inchiderea-scolilor-nu-inseamna-vacanta-iar-izolarea-nu-se-face-la-mall\/","twitter_card":"summary_large_image","twitter_title":"\u00cenchiderea \u0219colilor nu \u00eenseamn\u0103 vacan\u021b\u0103, iar izolarea nu se face la mall - Revista Urbea Mea - Revista de Alba","twitter_description":"Ne afl\u0103m \u00eentr-o situa\u021bie f\u0103r\u0103 precedent. \u00centreruperea \u0219colilor ca m\u0103sur\u0103 de preven\u021bie \u0219i limitare a r\u0103sp\u00e2ndirii infec\u021biei cu Covid 19 ne pune \u00een fa\u021ba unei","twitter_image":"https:\/\/urbeamea.ro\/albaiulia\/wp-content\/uploads\/2015\/08\/parinti-copii.jpg","twitter_creator":"@urbeameaweb","twitter_site":"@urbeameaweb","schema":{"@context":"https:\/\/schema.org","@graph":[{"@type":"Article","@id":"https:\/\/urbeamea.ro\/albaiulia\/inchiderea-scolilor-nu-inseamna-vacanta-iar-izolarea-nu-se-face-la-mall\/#article","isPartOf":{"@id":"https:\/\/urbeamea.ro\/albaiulia\/inchiderea-scolilor-nu-inseamna-vacanta-iar-izolarea-nu-se-face-la-mall\/"},"author":{"name":"Cristina Ganga","@id":"https:\/\/urbeamea.ro\/albaiulia\/#\/schema\/person\/9700d21fae21c4f038b0b56f4506264a"},"headline":"\u00cenchiderea \u0219colilor nu \u00eenseamn\u0103 vacan\u021b\u0103, iar izolarea nu se face la mall","datePublished":"2020-03-14T08:49:58+00:00","dateModified":"2020-03-14T08:50:00+00:00","mainEntityOfPage":{"@id":"https:\/\/urbeamea.ro\/albaiulia\/inchiderea-scolilor-nu-inseamna-vacanta-iar-izolarea-nu-se-face-la-mall\/"},"wordCount":649,"commentCount":0,"image":{"@id":"https:\/\/urbeamea.ro\/albaiulia\/inchiderea-scolilor-nu-inseamna-vacanta-iar-izolarea-nu-se-face-la-mall\/#primaryimage"},"thumbnailUrl":"https:\/\/urbeamea.ro\/albaiulia\/wp-content\/uploads\/2015\/08\/parinti-copii.jpg","keywords":["inchiderea scolilor","izolarea nu se face la mall","spatiu curat si aerisit","tinem copiii acasa"],"articleSection":["Social"],"inLanguage":"ro-RO","potentialAction":[{"@type":"CommentAction","name":"Comment","target":["https:\/\/urbeamea.ro\/albaiulia\/inchiderea-scolilor-nu-inseamna-vacanta-iar-izolarea-nu-se-face-la-mall\/#respond"]}]},{"@type":"WebPage","@id":"https:\/\/urbeamea.ro\/albaiulia\/inchiderea-scolilor-nu-inseamna-vacanta-iar-izolarea-nu-se-face-la-mall\/","url":"https:\/\/urbeamea.ro\/albaiulia\/inchiderea-scolilor-nu-inseamna-vacanta-iar-izolarea-nu-se-face-la-mall\/","name":"\u00cenchiderea \u0219colilor nu \u00eenseamn\u0103 vacan\u021b\u0103, iar izolarea nu se face la mall - Revista Urbea Mea - Revista de Alba","isPartOf":{"@id":"https:\/\/urbeamea.ro\/albaiulia\/#website"},"primaryImageOfPage":{"@id":"https:\/\/urbeamea.ro\/albaiulia\/inchiderea-scolilor-nu-inseamna-vacanta-iar-izolarea-nu-se-face-la-mall\/#primaryimage"},"image":{"@id":"https:\/\/urbeamea.ro\/albaiulia\/inchiderea-scolilor-nu-inseamna-vacanta-iar-izolarea-nu-se-face-la-mall\/#primaryimage"},"thumbnailUrl":"https:\/\/urbeamea.ro\/albaiulia\/wp-content\/uploads\/2015\/08\/parinti-copii.jpg","datePublished":"2020-03-14T08:49:58+00:00","dateModified":"2020-03-14T08:50:00+00:00","author":{"@id":"https:\/\/urbeamea.ro\/albaiulia\/#\/schema\/person\/9700d21fae21c4f038b0b56f4506264a"},"description":"Ne afl\u0103m \u00eentr-o situa\u021bie f\u0103r\u0103 precedent. \u00centreruperea \u0219colilor ca m\u0103sur\u0103 de preven\u021bie \u0219i limitare a r\u0103sp\u00e2ndirii infec\u021biei cu Covid 19 ne pune \u00een fa\u021ba unei","breadcrumb":{"@id":"https:\/\/urbeamea.ro\/albaiulia\/inchiderea-scolilor-nu-inseamna-vacanta-iar-izolarea-nu-se-face-la-mall\/#breadcrumb"},"inLanguage":"ro-RO","potentialAction":[{"@type":"ReadAction","target":["https:\/\/urbeamea.ro\/albaiulia\/inchiderea-scolilor-nu-inseamna-vacanta-iar-izolarea-nu-se-face-la-mall\/"]}]},{"@type":"ImageObject","inLanguage":"ro-RO","@id":"https:\/\/urbeamea.ro\/albaiulia\/inchiderea-scolilor-nu-inseamna-vacanta-iar-izolarea-nu-se-face-la-mall\/#primaryimage","url":"https:\/\/urbeamea.ro\/albaiulia\/wp-content\/uploads\/2015\/08\/parinti-copii.jpg","contentUrl":"https:\/\/urbeamea.ro\/albaiulia\/wp-content\/uploads\/2015\/08\/parinti-copii.jpg","width":1280,"height":854},{"@type":"BreadcrumbList","@id":"https:\/\/urbeamea.ro\/albaiulia\/inchiderea-scolilor-nu-inseamna-vacanta-iar-izolarea-nu-se-face-la-mall\/#breadcrumb","itemListElement":[{"@type":"ListItem","position":1,"name":"Prima pagin\u0103","item":"https:\/\/urbeamea.ro\/albaiulia\/"},{"@type":"ListItem","position":2,"name":"\u00cenchiderea \u0219colilor nu \u00eenseamn\u0103 vacan\u021b\u0103, iar izolarea nu se face la mall"}]},{"@type":"WebSite","@id":"https:\/\/urbeamea.ro\/albaiulia\/#website","url":"https:\/\/urbeamea.ro\/albaiulia\/","name":"Revista Urbea Mea, Stiri urbane","description":"Evenimente \u0219i \u0219tiri din Alba Iulia, Sebe\u0219, Aiud, Blaj","potentialAction":[{"@type":"SearchAction","target":{"@type":"EntryPoint","urlTemplate":"https:\/\/urbeamea.ro\/albaiulia\/?s={search_term_string}"},"query-input":{"@type":"PropertyValueSpecification","valueRequired":true,"valueName":"search_term_string"}}],"inLanguage":"ro-RO"},{"@type":"Person","@id":"https:\/\/urbeamea.ro\/albaiulia\/#\/schema\/person\/9700d21fae21c4f038b0b56f4506264a","name":"Cristina Ganga","image":{"@type":"ImageObject","inLanguage":"ro-RO","@id":"https:\/\/secure.gravatar.com\/avatar\/5a67661041f057b4a8ccaf26f5a8e86e2689372006d01faf3dd9eeb10b654bb4?s=96&d=mm&r=g","url":"https:\/\/secure.gravatar.com\/avatar\/5a67661041f057b4a8ccaf26f5a8e86e2689372006d01faf3dd9eeb10b654bb4?s=96&d=mm&r=g","contentUrl":"https:\/\/secure.gravatar.com\/avatar\/5a67661041f057b4a8ccaf26f5a8e86e2689372006d01faf3dd9eeb10b654bb4?s=96&d=mm&r=g","caption":"Cristina Ganga"},"description":"Jurnalist","sameAs":["https:\/\/www.facebook.com\/cristina.nicola.587"],"url":"https:\/\/urbeamea.ro\/albaiulia\/author\/cristina-nicola\/"}]}},"_links":{"self":[{"href":"https:\/\/urbeamea.ro\/albaiulia\/wp-json\/wp\/v2\/posts\/88434","targetHints":{"allow":["GET"]}}],"collection":[{"href":"https:\/\/urbeamea.ro\/albaiulia\/wp-json\/wp\/v2\/posts"}],"about":[{"href":"https:\/\/urbeamea.ro\/albaiulia\/wp-json\/wp\/v2\/types\/post"}],"author":[{"embeddable":true,"href":"https:\/\/urbeamea.ro\/albaiulia\/wp-json\/wp\/v2\/users\/17"}],"replies":[{"embeddable":true,"href":"https:\/\/urbeamea.ro\/albaiulia\/wp-json\/wp\/v2\/comments?post=88434"}],"version-history":[{"count":0,"href":"https:\/\/urbeamea.ro\/albaiulia\/wp-json\/wp\/v2\/posts\/88434\/revisions"}],"wp:featuredmedia":[{"embeddable":true,"href":"https:\/\/urbeamea.ro\/albaiulia\/wp-json\/wp\/v2\/media\/6666"}],"wp:attachment":[{"href":"https:\/\/urbeamea.ro\/albaiulia\/wp-json\/wp\/v2\/media?parent=88434"}],"wp:term":[{"taxonomy":"category","embeddable":true,"href":"https:\/\/urbeamea.ro\/albaiulia\/wp-json\/wp\/v2\/categories?post=88434"},{"taxonomy":"post_tag","embeddable":true,"href":"https:\/\/urbeamea.ro\/albaiulia\/wp-json\/wp\/v2\/tags?post=88434"}],"curies":[{"name":"wp","href":"https:\/\/api.w.org\/{rel}","templated":true}]}}