{"id":88531,"date":"2020-03-20T08:59:28","date_gmt":"2020-03-20T06:59:28","guid":{"rendered":"https:\/\/urbeamea.ro\/albaiulia\/?p=88531"},"modified":"2020-03-20T14:22:52","modified_gmt":"2020-03-20T12:22:52","slug":"echipa-centrului-de-cultura-augustin-bena-lucreaza-la-o-serie-de-proiecte-in-mediul-online-si-in-spatiul-virtual","status":"publish","type":"post","link":"https:\/\/urbeamea.ro\/albaiulia\/echipa-centrului-de-cultura-augustin-bena-lucreaza-la-o-serie-de-proiecte-in-mediul-online-si-in-spatiul-virtual\/","title":{"rendered":"Echipa Centrului de Cultur\u0103 ,,Augustin Bena\u201d lucreaz\u0103 la o serie de proiecte \u00een mediul online \u0219i \u00een spa\u021biul virtual"},"content":{"rendered":"\n<h4 class=\"wp-block-heading\">Echipa Centrului de Cultur\u0103 ,,Augustin Bena\u201d lucreaz\u0103 \u00een aceast\u0103 perioad\u0103 la o serie de proiecte \u00een mediul online \u0219i \u00een spa\u021biul virtual.<\/h4>\n\n\n\n<p>Este vorba despre preg\u0103tirea unor expozi\u021bii de art\u0103, canal YouTube cu demonstra\u021bii de me\u0219te\u0219uguri tradi\u021bionale, spectacole \u0219i concerte de folclor, muzic\u0103 clasic\u0103, muzic\u0103 de promenad\u0103, jazz \u0219i muzic\u0103 folk, cercet\u0103ri de etnografie \u0219i folclor din Jude\u021bul Alba, crearea online a unei arhive de fotografie etnografic\u0103, diverse cursuri online sus\u021binute de profesorii \u0218colii de arte \u0219i me\u0219te\u0219uguri, \u0219i nu \u00een ultimul r\u00e2nd, transpunerea activit\u0103\u021bii institu\u021biei \u0219i \u00een spa\u021biul virtual. <\/p>\n\n\n\n<p><em>\u201eInforma\u021bii detaliate, \u00een urm\u0103toarele post\u0103ri, pe care v\u0103 invit\u0103m cu drag s\u0103 le urm\u0103ri\u021bi.<\/em><\/p>\n\n\n\n<p><em>\u00cen clipul video de mai jos, v\u0103 transmitem c\u00e2teva g\u00e2nduri cu rug\u0103mintea de a v\u0103 informa doar din surse oficiale \u0219i cel mai important: STA\u021aI ACAS\u0102!\u201d, <\/em>spun reprezentan\u021bii Centrului de Cultur\u0103 \u201eAugustin Bena\u201d Alba.<\/p>\n\n\n\n<figure class=\"wp-block-embed-facebook wp-block-embed is-type-video is-provider-facebook\"><div class=\"wp-block-embed__wrapper\">\nhttps:\/\/www.facebook.com\/173204689496678\/videos\/1417960748376128\/\n<\/div><\/figure>\n","protected":false},"excerpt":{"rendered":"<p>Echipa Centrului de Cultur\u0103 ,,Augustin Bena\u201d lucreaz\u0103 \u00een aceast\u0103 perioad\u0103 la o serie de proiecte \u00een mediul online \u0219i \u00een spa\u021biul virtual. Este vorba despre preg\u0103tirea unor expozi\u021bii de art\u0103, canal YouTube cu demonstra\u021bii de me\u0219te\u0219uguri tradi\u021bionale, spectacole \u0219i concerte de folclor, muzic\u0103 clasic\u0103, muzic\u0103 de promenad\u0103, jazz \u0219i muzic\u0103 folk, cercet\u0103ri de etnografie \u0219i &hellip;<\/p>\n","protected":false},"author":17,"featured_media":88533,"comment_status":"open","ping_status":"open","sticky":false,"template":"","format":"standard","meta":{"inline_featured_image":false,"footnotes":""},"categories":[2038],"tags":[20105,7261,7527,20104,20106],"class_list":["post-88531","post","type-post","status-publish","format-standard","has-post-thumbnail","hentry","category-cultura","tag-canal-youtube-cu-demonstratii-de-mestesuguri-traditionale","tag-centrul-de-cultura-augustin-bena-alba","tag-expozitii-de-arta","tag-proiecte-in-mediul-online-si-in-spatiul-virtual","tag-spectacole-si-concerte-de-folclor"],"yoast_head":"<!-- This site is optimized with the Yoast SEO plugin v27.4 - https:\/\/yoast.com\/product\/yoast-seo-wordpress\/ -->\n<title>Echipa Centrului de Cultur\u0103 ,,Augustin Bena\u201d lucreaz\u0103 la o serie de proiecte \u00een mediul online \u0219i \u00een spa\u021biul virtual - Revista Urbea Mea - Revista de Alba<\/title>\n<meta name=\"description\" content=\"Echipa Centrului de Cultur\u0103 ,,Augustin Bena\u201d lucreaz\u0103 \u00een aceast\u0103 perioad\u0103 la o serie de proiecte \u00een mediul online \u0219i \u00een spa\u021biul virtual. Este vorba despre\" \/>\n<meta name=\"robots\" content=\"index, follow, max-snippet:-1, max-image-preview:large, max-video-preview:-1\" \/>\n<link rel=\"canonical\" href=\"https:\/\/urbeamea.ro\/albaiulia\/echipa-centrului-de-cultura-augustin-bena-lucreaza-la-o-serie-de-proiecte-in-mediul-online-si-in-spatiul-virtual\/\" \/>\n<meta name=\"twitter:card\" content=\"summary_large_image\" \/>\n<meta name=\"twitter:title\" content=\"Echipa Centrului de Cultur\u0103 ,,Augustin Bena\u201d lucreaz\u0103 la o serie de proiecte \u00een mediul online \u0219i \u00een spa\u021biul virtual - Revista Urbea Mea - Revista de Alba\" \/>\n<meta name=\"twitter:description\" content=\"Echipa Centrului de Cultur\u0103 ,,Augustin Bena\u201d lucreaz\u0103 \u00een aceast\u0103 perioad\u0103 la o serie de proiecte \u00een mediul online \u0219i \u00een spa\u021biul virtual. Este vorba despre\" \/>\n<meta name=\"twitter:image\" content=\"https:\/\/urbeamea.ro\/albaiulia\/wp-content\/uploads\/2020\/03\/62366817_1329563027194166_6721845009055744000_o.jpg\" \/>\n<meta name=\"twitter:creator\" content=\"@urbeameaweb\" \/>\n<meta name=\"twitter:site\" content=\"@urbeameaweb\" \/>\n<script type=\"application\/ld+json\" class=\"yoast-schema-graph\">{\"@context\":\"https:\\\/\\\/schema.org\",\"@graph\":[{\"@type\":\"Article\",\"@id\":\"https:\\\/\\\/urbeamea.ro\\\/albaiulia\\\/echipa-centrului-de-cultura-augustin-bena-lucreaza-la-o-serie-de-proiecte-in-mediul-online-si-in-spatiul-virtual\\\/#article\",\"isPartOf\":{\"@id\":\"https:\\\/\\\/urbeamea.ro\\\/albaiulia\\\/echipa-centrului-de-cultura-augustin-bena-lucreaza-la-o-serie-de-proiecte-in-mediul-online-si-in-spatiul-virtual\\\/\"},\"author\":{\"name\":\"Cristina Ganga\",\"@id\":\"https:\\\/\\\/urbeamea.ro\\\/albaiulia\\\/#\\\/schema\\\/person\\\/9700d21fae21c4f038b0b56f4506264a\"},\"headline\":\"Echipa Centrului de Cultur\u0103 ,,Augustin Bena\u201d lucreaz\u0103 la o serie de proiecte \u00een mediul online \u0219i \u00een spa\u021biul virtual\",\"datePublished\":\"2020-03-20T06:59:28+00:00\",\"dateModified\":\"2020-03-20T12:22:52+00:00\",\"mainEntityOfPage\":{\"@id\":\"https:\\\/\\\/urbeamea.ro\\\/albaiulia\\\/echipa-centrului-de-cultura-augustin-bena-lucreaza-la-o-serie-de-proiecte-in-mediul-online-si-in-spatiul-virtual\\\/\"},\"wordCount\":190,\"commentCount\":0,\"image\":{\"@id\":\"https:\\\/\\\/urbeamea.ro\\\/albaiulia\\\/echipa-centrului-de-cultura-augustin-bena-lucreaza-la-o-serie-de-proiecte-in-mediul-online-si-in-spatiul-virtual\\\/#primaryimage\"},\"thumbnailUrl\":\"https:\\\/\\\/urbeamea.ro\\\/albaiulia\\\/wp-content\\\/uploads\\\/2020\\\/03\\\/62366817_1329563027194166_6721845009055744000_o.jpg\",\"keywords\":[\"canal youtube cu demonstratii de mestesuguri traditionale\",\"centrul de cultura augustin bena alba\",\"expozitii de arta\",\"proiecte in mediul online si in spatiul virtual\",\"spectacole si concerte de folclor\"],\"articleSection\":[\"Cultur\u0103\"],\"inLanguage\":\"ro-RO\",\"potentialAction\":[{\"@type\":\"CommentAction\",\"name\":\"Comment\",\"target\":[\"https:\\\/\\\/urbeamea.ro\\\/albaiulia\\\/echipa-centrului-de-cultura-augustin-bena-lucreaza-la-o-serie-de-proiecte-in-mediul-online-si-in-spatiul-virtual\\\/#respond\"]}]},{\"@type\":\"WebPage\",\"@id\":\"https:\\\/\\\/urbeamea.ro\\\/albaiulia\\\/echipa-centrului-de-cultura-augustin-bena-lucreaza-la-o-serie-de-proiecte-in-mediul-online-si-in-spatiul-virtual\\\/\",\"url\":\"https:\\\/\\\/urbeamea.ro\\\/albaiulia\\\/echipa-centrului-de-cultura-augustin-bena-lucreaza-la-o-serie-de-proiecte-in-mediul-online-si-in-spatiul-virtual\\\/\",\"name\":\"Echipa Centrului de Cultur\u0103 ,,Augustin Bena\u201d lucreaz\u0103 la o serie de proiecte \u00een mediul online \u0219i \u00een spa\u021biul virtual - Revista Urbea Mea - Revista de Alba\",\"isPartOf\":{\"@id\":\"https:\\\/\\\/urbeamea.ro\\\/albaiulia\\\/#website\"},\"primaryImageOfPage\":{\"@id\":\"https:\\\/\\\/urbeamea.ro\\\/albaiulia\\\/echipa-centrului-de-cultura-augustin-bena-lucreaza-la-o-serie-de-proiecte-in-mediul-online-si-in-spatiul-virtual\\\/#primaryimage\"},\"image\":{\"@id\":\"https:\\\/\\\/urbeamea.ro\\\/albaiulia\\\/echipa-centrului-de-cultura-augustin-bena-lucreaza-la-o-serie-de-proiecte-in-mediul-online-si-in-spatiul-virtual\\\/#primaryimage\"},\"thumbnailUrl\":\"https:\\\/\\\/urbeamea.ro\\\/albaiulia\\\/wp-content\\\/uploads\\\/2020\\\/03\\\/62366817_1329563027194166_6721845009055744000_o.jpg\",\"datePublished\":\"2020-03-20T06:59:28+00:00\",\"dateModified\":\"2020-03-20T12:22:52+00:00\",\"author\":{\"@id\":\"https:\\\/\\\/urbeamea.ro\\\/albaiulia\\\/#\\\/schema\\\/person\\\/9700d21fae21c4f038b0b56f4506264a\"},\"description\":\"Echipa Centrului de Cultur\u0103 ,,Augustin Bena\u201d lucreaz\u0103 \u00een aceast\u0103 perioad\u0103 la o serie de proiecte \u00een mediul online \u0219i \u00een spa\u021biul virtual. Este vorba despre\",\"breadcrumb\":{\"@id\":\"https:\\\/\\\/urbeamea.ro\\\/albaiulia\\\/echipa-centrului-de-cultura-augustin-bena-lucreaza-la-o-serie-de-proiecte-in-mediul-online-si-in-spatiul-virtual\\\/#breadcrumb\"},\"inLanguage\":\"ro-RO\",\"potentialAction\":[{\"@type\":\"ReadAction\",\"target\":[\"https:\\\/\\\/urbeamea.ro\\\/albaiulia\\\/echipa-centrului-de-cultura-augustin-bena-lucreaza-la-o-serie-de-proiecte-in-mediul-online-si-in-spatiul-virtual\\\/\"]}]},{\"@type\":\"ImageObject\",\"inLanguage\":\"ro-RO\",\"@id\":\"https:\\\/\\\/urbeamea.ro\\\/albaiulia\\\/echipa-centrului-de-cultura-augustin-bena-lucreaza-la-o-serie-de-proiecte-in-mediul-online-si-in-spatiul-virtual\\\/#primaryimage\",\"url\":\"https:\\\/\\\/urbeamea.ro\\\/albaiulia\\\/wp-content\\\/uploads\\\/2020\\\/03\\\/62366817_1329563027194166_6721845009055744000_o.jpg\",\"contentUrl\":\"https:\\\/\\\/urbeamea.ro\\\/albaiulia\\\/wp-content\\\/uploads\\\/2020\\\/03\\\/62366817_1329563027194166_6721845009055744000_o.jpg\",\"width\":960,\"height\":641},{\"@type\":\"BreadcrumbList\",\"@id\":\"https:\\\/\\\/urbeamea.ro\\\/albaiulia\\\/echipa-centrului-de-cultura-augustin-bena-lucreaza-la-o-serie-de-proiecte-in-mediul-online-si-in-spatiul-virtual\\\/#breadcrumb\",\"itemListElement\":[{\"@type\":\"ListItem\",\"position\":1,\"name\":\"Prima pagin\u0103\",\"item\":\"https:\\\/\\\/urbeamea.ro\\\/albaiulia\\\/\"},{\"@type\":\"ListItem\",\"position\":2,\"name\":\"Echipa Centrului de Cultur\u0103 ,,Augustin Bena\u201d lucreaz\u0103 la o serie de proiecte \u00een mediul online \u0219i \u00een spa\u021biul virtual\"}]},{\"@type\":\"WebSite\",\"@id\":\"https:\\\/\\\/urbeamea.ro\\\/albaiulia\\\/#website\",\"url\":\"https:\\\/\\\/urbeamea.ro\\\/albaiulia\\\/\",\"name\":\"Revista Urbea Mea, Stiri urbane\",\"description\":\"Evenimente \u0219i \u0219tiri din Alba Iulia, Sebe\u0219, Aiud, Blaj\",\"potentialAction\":[{\"@type\":\"SearchAction\",\"target\":{\"@type\":\"EntryPoint\",\"urlTemplate\":\"https:\\\/\\\/urbeamea.ro\\\/albaiulia\\\/?s={search_term_string}\"},\"query-input\":{\"@type\":\"PropertyValueSpecification\",\"valueRequired\":true,\"valueName\":\"search_term_string\"}}],\"inLanguage\":\"ro-RO\"},{\"@type\":\"Person\",\"@id\":\"https:\\\/\\\/urbeamea.ro\\\/albaiulia\\\/#\\\/schema\\\/person\\\/9700d21fae21c4f038b0b56f4506264a\",\"name\":\"Cristina Ganga\",\"image\":{\"@type\":\"ImageObject\",\"inLanguage\":\"ro-RO\",\"@id\":\"https:\\\/\\\/secure.gravatar.com\\\/avatar\\\/5a67661041f057b4a8ccaf26f5a8e86e2689372006d01faf3dd9eeb10b654bb4?s=96&d=mm&r=g\",\"url\":\"https:\\\/\\\/secure.gravatar.com\\\/avatar\\\/5a67661041f057b4a8ccaf26f5a8e86e2689372006d01faf3dd9eeb10b654bb4?s=96&d=mm&r=g\",\"contentUrl\":\"https:\\\/\\\/secure.gravatar.com\\\/avatar\\\/5a67661041f057b4a8ccaf26f5a8e86e2689372006d01faf3dd9eeb10b654bb4?s=96&d=mm&r=g\",\"caption\":\"Cristina Ganga\"},\"description\":\"Jurnalist\",\"sameAs\":[\"https:\\\/\\\/www.facebook.com\\\/cristina.nicola.587\"],\"url\":\"https:\\\/\\\/urbeamea.ro\\\/albaiulia\\\/author\\\/cristina-nicola\\\/\"}]}<\/script>\n<!-- \/ Yoast SEO plugin. -->","yoast_head_json":{"title":"Echipa Centrului de Cultur\u0103 ,,Augustin Bena\u201d lucreaz\u0103 la o serie de proiecte \u00een mediul online \u0219i \u00een spa\u021biul virtual - Revista Urbea Mea - Revista de Alba","description":"Echipa Centrului de Cultur\u0103 ,,Augustin Bena\u201d lucreaz\u0103 \u00een aceast\u0103 perioad\u0103 la o serie de proiecte \u00een mediul online \u0219i \u00een spa\u021biul virtual. Este vorba despre","robots":{"index":"index","follow":"follow","max-snippet":"max-snippet:-1","max-image-preview":"max-image-preview:large","max-video-preview":"max-video-preview:-1"},"canonical":"https:\/\/urbeamea.ro\/albaiulia\/echipa-centrului-de-cultura-augustin-bena-lucreaza-la-o-serie-de-proiecte-in-mediul-online-si-in-spatiul-virtual\/","twitter_card":"summary_large_image","twitter_title":"Echipa Centrului de Cultur\u0103 ,,Augustin Bena\u201d lucreaz\u0103 la o serie de proiecte \u00een mediul online \u0219i \u00een spa\u021biul virtual - Revista Urbea Mea - Revista de Alba","twitter_description":"Echipa Centrului de Cultur\u0103 ,,Augustin Bena\u201d lucreaz\u0103 \u00een aceast\u0103 perioad\u0103 la o serie de proiecte \u00een mediul online \u0219i \u00een spa\u021biul virtual. Este vorba despre","twitter_image":"https:\/\/urbeamea.ro\/albaiulia\/wp-content\/uploads\/2020\/03\/62366817_1329563027194166_6721845009055744000_o.jpg","twitter_creator":"@urbeameaweb","twitter_site":"@urbeameaweb","schema":{"@context":"https:\/\/schema.org","@graph":[{"@type":"Article","@id":"https:\/\/urbeamea.ro\/albaiulia\/echipa-centrului-de-cultura-augustin-bena-lucreaza-la-o-serie-de-proiecte-in-mediul-online-si-in-spatiul-virtual\/#article","isPartOf":{"@id":"https:\/\/urbeamea.ro\/albaiulia\/echipa-centrului-de-cultura-augustin-bena-lucreaza-la-o-serie-de-proiecte-in-mediul-online-si-in-spatiul-virtual\/"},"author":{"name":"Cristina Ganga","@id":"https:\/\/urbeamea.ro\/albaiulia\/#\/schema\/person\/9700d21fae21c4f038b0b56f4506264a"},"headline":"Echipa Centrului de Cultur\u0103 ,,Augustin Bena\u201d lucreaz\u0103 la o serie de proiecte \u00een mediul online \u0219i \u00een spa\u021biul virtual","datePublished":"2020-03-20T06:59:28+00:00","dateModified":"2020-03-20T12:22:52+00:00","mainEntityOfPage":{"@id":"https:\/\/urbeamea.ro\/albaiulia\/echipa-centrului-de-cultura-augustin-bena-lucreaza-la-o-serie-de-proiecte-in-mediul-online-si-in-spatiul-virtual\/"},"wordCount":190,"commentCount":0,"image":{"@id":"https:\/\/urbeamea.ro\/albaiulia\/echipa-centrului-de-cultura-augustin-bena-lucreaza-la-o-serie-de-proiecte-in-mediul-online-si-in-spatiul-virtual\/#primaryimage"},"thumbnailUrl":"https:\/\/urbeamea.ro\/albaiulia\/wp-content\/uploads\/2020\/03\/62366817_1329563027194166_6721845009055744000_o.jpg","keywords":["canal youtube cu demonstratii de mestesuguri traditionale","centrul de cultura augustin bena alba","expozitii de arta","proiecte in mediul online si in spatiul virtual","spectacole si concerte de folclor"],"articleSection":["Cultur\u0103"],"inLanguage":"ro-RO","potentialAction":[{"@type":"CommentAction","name":"Comment","target":["https:\/\/urbeamea.ro\/albaiulia\/echipa-centrului-de-cultura-augustin-bena-lucreaza-la-o-serie-de-proiecte-in-mediul-online-si-in-spatiul-virtual\/#respond"]}]},{"@type":"WebPage","@id":"https:\/\/urbeamea.ro\/albaiulia\/echipa-centrului-de-cultura-augustin-bena-lucreaza-la-o-serie-de-proiecte-in-mediul-online-si-in-spatiul-virtual\/","url":"https:\/\/urbeamea.ro\/albaiulia\/echipa-centrului-de-cultura-augustin-bena-lucreaza-la-o-serie-de-proiecte-in-mediul-online-si-in-spatiul-virtual\/","name":"Echipa Centrului de Cultur\u0103 ,,Augustin Bena\u201d lucreaz\u0103 la o serie de proiecte \u00een mediul online \u0219i \u00een spa\u021biul virtual - Revista Urbea Mea - Revista de Alba","isPartOf":{"@id":"https:\/\/urbeamea.ro\/albaiulia\/#website"},"primaryImageOfPage":{"@id":"https:\/\/urbeamea.ro\/albaiulia\/echipa-centrului-de-cultura-augustin-bena-lucreaza-la-o-serie-de-proiecte-in-mediul-online-si-in-spatiul-virtual\/#primaryimage"},"image":{"@id":"https:\/\/urbeamea.ro\/albaiulia\/echipa-centrului-de-cultura-augustin-bena-lucreaza-la-o-serie-de-proiecte-in-mediul-online-si-in-spatiul-virtual\/#primaryimage"},"thumbnailUrl":"https:\/\/urbeamea.ro\/albaiulia\/wp-content\/uploads\/2020\/03\/62366817_1329563027194166_6721845009055744000_o.jpg","datePublished":"2020-03-20T06:59:28+00:00","dateModified":"2020-03-20T12:22:52+00:00","author":{"@id":"https:\/\/urbeamea.ro\/albaiulia\/#\/schema\/person\/9700d21fae21c4f038b0b56f4506264a"},"description":"Echipa Centrului de Cultur\u0103 ,,Augustin Bena\u201d lucreaz\u0103 \u00een aceast\u0103 perioad\u0103 la o serie de proiecte \u00een mediul online \u0219i \u00een spa\u021biul virtual. Este vorba despre","breadcrumb":{"@id":"https:\/\/urbeamea.ro\/albaiulia\/echipa-centrului-de-cultura-augustin-bena-lucreaza-la-o-serie-de-proiecte-in-mediul-online-si-in-spatiul-virtual\/#breadcrumb"},"inLanguage":"ro-RO","potentialAction":[{"@type":"ReadAction","target":["https:\/\/urbeamea.ro\/albaiulia\/echipa-centrului-de-cultura-augustin-bena-lucreaza-la-o-serie-de-proiecte-in-mediul-online-si-in-spatiul-virtual\/"]}]},{"@type":"ImageObject","inLanguage":"ro-RO","@id":"https:\/\/urbeamea.ro\/albaiulia\/echipa-centrului-de-cultura-augustin-bena-lucreaza-la-o-serie-de-proiecte-in-mediul-online-si-in-spatiul-virtual\/#primaryimage","url":"https:\/\/urbeamea.ro\/albaiulia\/wp-content\/uploads\/2020\/03\/62366817_1329563027194166_6721845009055744000_o.jpg","contentUrl":"https:\/\/urbeamea.ro\/albaiulia\/wp-content\/uploads\/2020\/03\/62366817_1329563027194166_6721845009055744000_o.jpg","width":960,"height":641},{"@type":"BreadcrumbList","@id":"https:\/\/urbeamea.ro\/albaiulia\/echipa-centrului-de-cultura-augustin-bena-lucreaza-la-o-serie-de-proiecte-in-mediul-online-si-in-spatiul-virtual\/#breadcrumb","itemListElement":[{"@type":"ListItem","position":1,"name":"Prima pagin\u0103","item":"https:\/\/urbeamea.ro\/albaiulia\/"},{"@type":"ListItem","position":2,"name":"Echipa Centrului de Cultur\u0103 ,,Augustin Bena\u201d lucreaz\u0103 la o serie de proiecte \u00een mediul online \u0219i \u00een spa\u021biul virtual"}]},{"@type":"WebSite","@id":"https:\/\/urbeamea.ro\/albaiulia\/#website","url":"https:\/\/urbeamea.ro\/albaiulia\/","name":"Revista Urbea Mea, Stiri urbane","description":"Evenimente \u0219i \u0219tiri din Alba Iulia, Sebe\u0219, Aiud, Blaj","potentialAction":[{"@type":"SearchAction","target":{"@type":"EntryPoint","urlTemplate":"https:\/\/urbeamea.ro\/albaiulia\/?s={search_term_string}"},"query-input":{"@type":"PropertyValueSpecification","valueRequired":true,"valueName":"search_term_string"}}],"inLanguage":"ro-RO"},{"@type":"Person","@id":"https:\/\/urbeamea.ro\/albaiulia\/#\/schema\/person\/9700d21fae21c4f038b0b56f4506264a","name":"Cristina Ganga","image":{"@type":"ImageObject","inLanguage":"ro-RO","@id":"https:\/\/secure.gravatar.com\/avatar\/5a67661041f057b4a8ccaf26f5a8e86e2689372006d01faf3dd9eeb10b654bb4?s=96&d=mm&r=g","url":"https:\/\/secure.gravatar.com\/avatar\/5a67661041f057b4a8ccaf26f5a8e86e2689372006d01faf3dd9eeb10b654bb4?s=96&d=mm&r=g","contentUrl":"https:\/\/secure.gravatar.com\/avatar\/5a67661041f057b4a8ccaf26f5a8e86e2689372006d01faf3dd9eeb10b654bb4?s=96&d=mm&r=g","caption":"Cristina Ganga"},"description":"Jurnalist","sameAs":["https:\/\/www.facebook.com\/cristina.nicola.587"],"url":"https:\/\/urbeamea.ro\/albaiulia\/author\/cristina-nicola\/"}]}},"_links":{"self":[{"href":"https:\/\/urbeamea.ro\/albaiulia\/wp-json\/wp\/v2\/posts\/88531","targetHints":{"allow":["GET"]}}],"collection":[{"href":"https:\/\/urbeamea.ro\/albaiulia\/wp-json\/wp\/v2\/posts"}],"about":[{"href":"https:\/\/urbeamea.ro\/albaiulia\/wp-json\/wp\/v2\/types\/post"}],"author":[{"embeddable":true,"href":"https:\/\/urbeamea.ro\/albaiulia\/wp-json\/wp\/v2\/users\/17"}],"replies":[{"embeddable":true,"href":"https:\/\/urbeamea.ro\/albaiulia\/wp-json\/wp\/v2\/comments?post=88531"}],"version-history":[{"count":0,"href":"https:\/\/urbeamea.ro\/albaiulia\/wp-json\/wp\/v2\/posts\/88531\/revisions"}],"wp:featuredmedia":[{"embeddable":true,"href":"https:\/\/urbeamea.ro\/albaiulia\/wp-json\/wp\/v2\/media\/88533"}],"wp:attachment":[{"href":"https:\/\/urbeamea.ro\/albaiulia\/wp-json\/wp\/v2\/media?parent=88531"}],"wp:term":[{"taxonomy":"category","embeddable":true,"href":"https:\/\/urbeamea.ro\/albaiulia\/wp-json\/wp\/v2\/categories?post=88531"},{"taxonomy":"post_tag","embeddable":true,"href":"https:\/\/urbeamea.ro\/albaiulia\/wp-json\/wp\/v2\/tags?post=88531"}],"curies":[{"name":"wp","href":"https:\/\/api.w.org\/{rel}","templated":true}]}}