{"id":88573,"date":"2020-03-20T16:18:27","date_gmt":"2020-03-20T14:18:27","guid":{"rendered":"https:\/\/urbeamea.ro\/albaiulia\/?p=88573"},"modified":"2020-03-20T16:18:30","modified_gmt":"2020-03-20T14:18:30","slug":"va-fi-pusa-in-functiune-prima-linie-completa-de-testare-pentru-diagnosticarea-cazurilor-de-covid-19-din-judetul-alba","status":"publish","type":"post","link":"https:\/\/urbeamea.ro\/albaiulia\/va-fi-pusa-in-functiune-prima-linie-completa-de-testare-pentru-diagnosticarea-cazurilor-de-covid-19-din-judetul-alba\/","title":{"rendered":"Va fi pus\u0103 \u00een func\u021biune prima linie complet\u0103 de testare pentru diagnosticarea cazurilor de COVID-19 din jude\u021bul Alba"},"content":{"rendered":"\n<h4 class=\"wp-block-heading\">Direc\u021bia de S\u0103n\u0103tate Public\u0103 (DSP) Alba va pune \u00een func\u021biune, \u00een urm\u0103toarele zile, o linie complet\u0103 de testare pentru identificarea cazurilor de COVID-19, prima de acest tip din jude\u021b.&nbsp;<\/h4>\n\n\n\n<p class=\"wp-block-paragraph\">Linia complet\u0103 de testare pentru diagnosticarea cazurilor de COVID-19 a fost recep\u021bionat\u0103 de c\u0103tre DSP Alba. \u00cen urm\u0103toarele zile personalul medical va beneficia de instructaj complet, \u00een vreme ce aparatura va fi calibrat\u0103 \u0219i se vor realiza o serie de teste, de prob\u0103, premerg\u0103toare diagnostic\u0103rii posibilelor cazuri de boal\u0103. Personalul care va deservi aparatura este compus din speciali\u0219ti din cadrul Laboratorului de Diagnoz\u0103 \u0219i Investigare \u00een S\u0103n\u0103tate Public\u0103 din cadrul DSP Alba.<\/p>\n\n\n\n<p class=\"wp-block-paragraph\">Aparatura \u0219i echipamentele de specifice au ajuns \u00een jude\u021bul Alba, \u00een urma unor contracte de comodat, cu titlul gratuit, la solicitarea conducerii DSP Alba, cu sprijinul Universit\u0103\u021bii de \u0218tiin\u021be Agricole \u0219i Medicin\u0103 Veterinar\u0103 Cluj-Napoca \u0219i a Universit\u0103\u021bii Politehnice Bucure\u0219ti. Pe aceast\u0103 cale, mul\u021bumim pentru implicare Consiliului Jude\u021bean Alba \u0219i parlamentarilor care au sprijinit acest demers.&nbsp;<\/p>\n\n\n\n<p class=\"wp-block-paragraph\">Aparatura are o capacitate de realizare a 96 de teste COVID-19 pe un ciclu de opt ore, iar \u00een 24 de ore se pot realiza maximum 180 de teste pentru depistarea COVID-19. Acestea se vor efectua strict persoanelor suspecte, conform defini\u021biei de caz.&nbsp;<\/p>\n\n\n\n<p class=\"wp-block-paragraph\">&nbsp;DSP Alba transmite, cu aceast\u0103 ocazie, c\u0103 va depune toate eforturile necesare pentru diagnosticarea cazurilor de boal\u0103 \u0219i, implicit, pentru protejarea s\u0103n\u0103t\u0103\u021bii popula\u021biei.<\/p>\n\n\n\n<p class=\"wp-block-paragraph\"><em>Biroul de pres\u0103 al DSP Alba<\/em><\/p>\n\n\n\n<figure class=\"wp-block-gallery columns-3 is-cropped wp-block-gallery-1 is-layout-flex wp-block-gallery-is-layout-flex\"><ul class=\"blocks-gallery-grid\"><li class=\"blocks-gallery-item\"><figure><a href=\"https:\/\/urbeamea.ro\/albaiulia\/wp-content\/uploads\/2020\/03\/DSP-Alba-scaled.jpg\"><img loading=\"lazy\" decoding=\"async\" width=\"1280\" height=\"851\" src=\"https:\/\/urbeamea.ro\/albaiulia\/wp-content\/uploads\/2020\/03\/DSP-Alba-scaled-1280x851.jpg\" alt=\"\" data-id=\"88574\" data-full-url=\"https:\/\/urbeamea.ro\/albaiulia\/wp-content\/uploads\/2020\/03\/DSP-Alba-scaled.jpg\" data-link=\"https:\/\/urbeamea.ro\/albaiulia\/?attachment_id=88574\" class=\"wp-image-88574\" srcset=\"https:\/\/urbeamea.ro\/albaiulia\/wp-content\/uploads\/2020\/03\/DSP-Alba-scaled-1280x851.jpg 1280w, https:\/\/urbeamea.ro\/albaiulia\/wp-content\/uploads\/2020\/03\/DSP-Alba-scaled-640x426.jpg 640w, https:\/\/urbeamea.ro\/albaiulia\/wp-content\/uploads\/2020\/03\/DSP-Alba-scaled-150x100.jpg 150w, https:\/\/urbeamea.ro\/albaiulia\/wp-content\/uploads\/2020\/03\/DSP-Alba-768x511.jpg 768w, https:\/\/urbeamea.ro\/albaiulia\/wp-content\/uploads\/2020\/03\/DSP-Alba-scaled-1536x1021.jpg 1536w, https:\/\/urbeamea.ro\/albaiulia\/wp-content\/uploads\/2020\/03\/DSP-Alba-scaled-2048x1362.jpg 2048w\" sizes=\"auto, (max-width: 1280px) 100vw, 1280px\" \/><\/a><\/figure><\/li><li class=\"blocks-gallery-item\"><figure><a href=\"https:\/\/urbeamea.ro\/albaiulia\/wp-content\/uploads\/2020\/03\/echipa-DSP-Alba-laborator-scaled.jpg\"><img loading=\"lazy\" decoding=\"async\" width=\"1280\" height=\"851\" src=\"https:\/\/urbeamea.ro\/albaiulia\/wp-content\/uploads\/2020\/03\/echipa-DSP-Alba-laborator-scaled-1280x851.jpg\" alt=\"\" data-id=\"88575\" data-full-url=\"https:\/\/urbeamea.ro\/albaiulia\/wp-content\/uploads\/2020\/03\/echipa-DSP-Alba-laborator-scaled.jpg\" data-link=\"https:\/\/urbeamea.ro\/albaiulia\/?attachment_id=88575\" class=\"wp-image-88575\" srcset=\"https:\/\/urbeamea.ro\/albaiulia\/wp-content\/uploads\/2020\/03\/echipa-DSP-Alba-laborator-scaled-1280x851.jpg 1280w, https:\/\/urbeamea.ro\/albaiulia\/wp-content\/uploads\/2020\/03\/echipa-DSP-Alba-laborator-scaled-640x426.jpg 640w, https:\/\/urbeamea.ro\/albaiulia\/wp-content\/uploads\/2020\/03\/echipa-DSP-Alba-laborator-scaled-150x100.jpg 150w, https:\/\/urbeamea.ro\/albaiulia\/wp-content\/uploads\/2020\/03\/echipa-DSP-Alba-laborator-768x511.jpg 768w, https:\/\/urbeamea.ro\/albaiulia\/wp-content\/uploads\/2020\/03\/echipa-DSP-Alba-laborator-scaled-1536x1021.jpg 1536w, https:\/\/urbeamea.ro\/albaiulia\/wp-content\/uploads\/2020\/03\/echipa-DSP-Alba-laborator-scaled-2048x1362.jpg 2048w\" sizes=\"auto, (max-width: 1280px) 100vw, 1280px\" \/><\/a><\/figure><\/li><li class=\"blocks-gallery-item\"><figure><a href=\"https:\/\/urbeamea.ro\/albaiulia\/wp-content\/uploads\/2020\/03\/echipa-DSP-Alba-scaled.jpg\"><img loading=\"lazy\" decoding=\"async\" width=\"1280\" height=\"851\" src=\"https:\/\/urbeamea.ro\/albaiulia\/wp-content\/uploads\/2020\/03\/echipa-DSP-Alba-scaled-1280x851.jpg\" alt=\"\" data-id=\"88576\" data-full-url=\"https:\/\/urbeamea.ro\/albaiulia\/wp-content\/uploads\/2020\/03\/echipa-DSP-Alba-scaled.jpg\" data-link=\"https:\/\/urbeamea.ro\/albaiulia\/?attachment_id=88576\" class=\"wp-image-88576\" srcset=\"https:\/\/urbeamea.ro\/albaiulia\/wp-content\/uploads\/2020\/03\/echipa-DSP-Alba-scaled-1280x851.jpg 1280w, https:\/\/urbeamea.ro\/albaiulia\/wp-content\/uploads\/2020\/03\/echipa-DSP-Alba-scaled-640x426.jpg 640w, https:\/\/urbeamea.ro\/albaiulia\/wp-content\/uploads\/2020\/03\/echipa-DSP-Alba-scaled-150x100.jpg 150w, https:\/\/urbeamea.ro\/albaiulia\/wp-content\/uploads\/2020\/03\/echipa-DSP-Alba-768x511.jpg 768w, https:\/\/urbeamea.ro\/albaiulia\/wp-content\/uploads\/2020\/03\/echipa-DSP-Alba-scaled-1536x1021.jpg 1536w, https:\/\/urbeamea.ro\/albaiulia\/wp-content\/uploads\/2020\/03\/echipa-DSP-Alba-scaled-2048x1362.jpg 2048w\" sizes=\"auto, (max-width: 1280px) 100vw, 1280px\" \/><\/a><\/figure><\/li><\/ul><\/figure>\n","protected":false},"excerpt":{"rendered":"<p>Direc\u021bia de S\u0103n\u0103tate Public\u0103 (DSP) Alba va pune \u00een func\u021biune, \u00een urm\u0103toarele zile, o linie complet\u0103 de testare pentru identificarea cazurilor de COVID-19, prima de acest tip din jude\u021b.&nbsp; Linia complet\u0103 de testare pentru diagnosticarea cazurilor de COVID-19 a fost recep\u021bionat\u0103 de c\u0103tre DSP Alba. \u00cen urm\u0103toarele zile personalul medical va beneficia de instructaj complet, &hellip;<\/p>\n","protected":false},"author":17,"featured_media":88575,"comment_status":"open","ping_status":"open","sticky":false,"template":"","format":"standard","meta":{"inline_featured_image":false,"footnotes":""},"categories":[255],"tags":[20126,2111,20127,20125],"class_list":["post-88573","post","type-post","status-publish","format-standard","has-post-thumbnail","hentry","category-sanatate","tag-diagnosticarea-cazurilor-de-covid-19","tag-dsp-alba","tag-instructaj-complet","tag-prima-linie-completa-de-testare"],"yoast_head":"<!-- This site is optimized with the Yoast SEO plugin v28.3 - https:\/\/yoast.com\/product\/yoast-seo-wordpress\/ -->\n<title>Va fi pus\u0103 \u00een func\u021biune prima linie complet\u0103 de testare pentru diagnosticarea cazurilor de COVID-19 din jude\u021bul Alba - Revista Urbea Mea - Revista de Alba<\/title>\n<meta name=\"description\" content=\"Direc\u021bia de S\u0103n\u0103tate Public\u0103 (DSP) Alba va pune \u00een func\u021biune, \u00een urm\u0103toarele zile, o linie complet\u0103 de testare pentru identificarea cazurilor de COVID-19,\" \/>\n<meta name=\"robots\" content=\"index, follow, max-snippet:-1, max-image-preview:large, max-video-preview:-1\" \/>\n<link rel=\"canonical\" href=\"https:\/\/urbeamea.ro\/albaiulia\/va-fi-pusa-in-functiune-prima-linie-completa-de-testare-pentru-diagnosticarea-cazurilor-de-covid-19-din-judetul-alba\/\" \/>\n<meta name=\"twitter:card\" content=\"summary_large_image\" \/>\n<meta name=\"twitter:title\" content=\"Va fi pus\u0103 \u00een func\u021biune prima linie complet\u0103 de testare pentru diagnosticarea cazurilor de COVID-19 din jude\u021bul Alba - Revista Urbea Mea - Revista de Alba\" \/>\n<meta name=\"twitter:description\" content=\"Direc\u021bia de S\u0103n\u0103tate Public\u0103 (DSP) Alba va pune \u00een func\u021biune, \u00een urm\u0103toarele zile, o linie complet\u0103 de testare pentru identificarea cazurilor de COVID-19,\" \/>\n<meta name=\"twitter:image\" content=\"https:\/\/urbeamea.ro\/albaiulia\/wp-content\/uploads\/2020\/03\/echipa-DSP-Alba-laborator-scaled.jpg\" \/>\n<meta name=\"twitter:creator\" content=\"@urbeameaweb\" \/>\n<meta name=\"twitter:site\" content=\"@urbeameaweb\" \/>\n<script type=\"application\/ld+json\" class=\"yoast-schema-graph\">{\"@context\":\"https:\\\/\\\/schema.org\",\"@graph\":[{\"@type\":\"Article\",\"@id\":\"https:\\\/\\\/urbeamea.ro\\\/albaiulia\\\/va-fi-pusa-in-functiune-prima-linie-completa-de-testare-pentru-diagnosticarea-cazurilor-de-covid-19-din-judetul-alba\\\/#article\",\"isPartOf\":{\"@id\":\"https:\\\/\\\/urbeamea.ro\\\/albaiulia\\\/va-fi-pusa-in-functiune-prima-linie-completa-de-testare-pentru-diagnosticarea-cazurilor-de-covid-19-din-judetul-alba\\\/\"},\"author\":{\"name\":\"Cristina Ganga\",\"@id\":\"https:\\\/\\\/urbeamea.ro\\\/albaiulia\\\/#\\\/schema\\\/person\\\/9700d21fae21c4f038b0b56f4506264a\"},\"headline\":\"Va fi pus\u0103 \u00een func\u021biune prima linie complet\u0103 de testare pentru diagnosticarea cazurilor de COVID-19 din jude\u021bul Alba\",\"datePublished\":\"2020-03-20T14:18:27+00:00\",\"dateModified\":\"2020-03-20T14:18:30+00:00\",\"mainEntityOfPage\":{\"@id\":\"https:\\\/\\\/urbeamea.ro\\\/albaiulia\\\/va-fi-pusa-in-functiune-prima-linie-completa-de-testare-pentru-diagnosticarea-cazurilor-de-covid-19-din-judetul-alba\\\/\"},\"wordCount\":274,\"commentCount\":0,\"image\":{\"@id\":\"https:\\\/\\\/urbeamea.ro\\\/albaiulia\\\/va-fi-pusa-in-functiune-prima-linie-completa-de-testare-pentru-diagnosticarea-cazurilor-de-covid-19-din-judetul-alba\\\/#primaryimage\"},\"thumbnailUrl\":\"https:\\\/\\\/urbeamea.ro\\\/albaiulia\\\/wp-content\\\/uploads\\\/2020\\\/03\\\/echipa-DSP-Alba-laborator-scaled.jpg\",\"keywords\":[\"diagnosticarea cazurilor de covid - 19\",\"DSP Alba\",\"instructaj complet\",\"prima linie completa de testare\"],\"articleSection\":[\"S\u0103n\u0103tate\"],\"inLanguage\":\"ro-RO\",\"potentialAction\":[{\"@type\":\"CommentAction\",\"name\":\"Comment\",\"target\":[\"https:\\\/\\\/urbeamea.ro\\\/albaiulia\\\/va-fi-pusa-in-functiune-prima-linie-completa-de-testare-pentru-diagnosticarea-cazurilor-de-covid-19-din-judetul-alba\\\/#respond\"]}]},{\"@type\":\"WebPage\",\"@id\":\"https:\\\/\\\/urbeamea.ro\\\/albaiulia\\\/va-fi-pusa-in-functiune-prima-linie-completa-de-testare-pentru-diagnosticarea-cazurilor-de-covid-19-din-judetul-alba\\\/\",\"url\":\"https:\\\/\\\/urbeamea.ro\\\/albaiulia\\\/va-fi-pusa-in-functiune-prima-linie-completa-de-testare-pentru-diagnosticarea-cazurilor-de-covid-19-din-judetul-alba\\\/\",\"name\":\"Va fi pus\u0103 \u00een func\u021biune prima linie complet\u0103 de testare pentru diagnosticarea cazurilor de COVID-19 din jude\u021bul Alba - Revista Urbea Mea - Revista de Alba\",\"isPartOf\":{\"@id\":\"https:\\\/\\\/urbeamea.ro\\\/albaiulia\\\/#website\"},\"primaryImageOfPage\":{\"@id\":\"https:\\\/\\\/urbeamea.ro\\\/albaiulia\\\/va-fi-pusa-in-functiune-prima-linie-completa-de-testare-pentru-diagnosticarea-cazurilor-de-covid-19-din-judetul-alba\\\/#primaryimage\"},\"image\":{\"@id\":\"https:\\\/\\\/urbeamea.ro\\\/albaiulia\\\/va-fi-pusa-in-functiune-prima-linie-completa-de-testare-pentru-diagnosticarea-cazurilor-de-covid-19-din-judetul-alba\\\/#primaryimage\"},\"thumbnailUrl\":\"https:\\\/\\\/urbeamea.ro\\\/albaiulia\\\/wp-content\\\/uploads\\\/2020\\\/03\\\/echipa-DSP-Alba-laborator-scaled.jpg\",\"datePublished\":\"2020-03-20T14:18:27+00:00\",\"dateModified\":\"2020-03-20T14:18:30+00:00\",\"author\":{\"@id\":\"https:\\\/\\\/urbeamea.ro\\\/albaiulia\\\/#\\\/schema\\\/person\\\/9700d21fae21c4f038b0b56f4506264a\"},\"description\":\"Direc\u021bia de S\u0103n\u0103tate Public\u0103 (DSP) Alba va pune \u00een func\u021biune, \u00een urm\u0103toarele zile, o linie complet\u0103 de testare pentru identificarea cazurilor de COVID-19,\",\"breadcrumb\":{\"@id\":\"https:\\\/\\\/urbeamea.ro\\\/albaiulia\\\/va-fi-pusa-in-functiune-prima-linie-completa-de-testare-pentru-diagnosticarea-cazurilor-de-covid-19-din-judetul-alba\\\/#breadcrumb\"},\"inLanguage\":\"ro-RO\",\"potentialAction\":[{\"@type\":\"ReadAction\",\"target\":[\"https:\\\/\\\/urbeamea.ro\\\/albaiulia\\\/va-fi-pusa-in-functiune-prima-linie-completa-de-testare-pentru-diagnosticarea-cazurilor-de-covid-19-din-judetul-alba\\\/\"]}]},{\"@type\":\"ImageObject\",\"inLanguage\":\"ro-RO\",\"@id\":\"https:\\\/\\\/urbeamea.ro\\\/albaiulia\\\/va-fi-pusa-in-functiune-prima-linie-completa-de-testare-pentru-diagnosticarea-cazurilor-de-covid-19-din-judetul-alba\\\/#primaryimage\",\"url\":\"https:\\\/\\\/urbeamea.ro\\\/albaiulia\\\/wp-content\\\/uploads\\\/2020\\\/03\\\/echipa-DSP-Alba-laborator-scaled.jpg\",\"contentUrl\":\"https:\\\/\\\/urbeamea.ro\\\/albaiulia\\\/wp-content\\\/uploads\\\/2020\\\/03\\\/echipa-DSP-Alba-laborator-scaled.jpg\",\"width\":2560,\"height\":1702},{\"@type\":\"BreadcrumbList\",\"@id\":\"https:\\\/\\\/urbeamea.ro\\\/albaiulia\\\/va-fi-pusa-in-functiune-prima-linie-completa-de-testare-pentru-diagnosticarea-cazurilor-de-covid-19-din-judetul-alba\\\/#breadcrumb\",\"itemListElement\":[{\"@type\":\"ListItem\",\"position\":1,\"name\":\"Prima pagin\u0103\",\"item\":\"https:\\\/\\\/urbeamea.ro\\\/albaiulia\\\/\"},{\"@type\":\"ListItem\",\"position\":2,\"name\":\"Va fi pus\u0103 \u00een func\u021biune prima linie complet\u0103 de testare pentru diagnosticarea cazurilor de COVID-19 din jude\u021bul Alba\"}]},{\"@type\":\"WebSite\",\"@id\":\"https:\\\/\\\/urbeamea.ro\\\/albaiulia\\\/#website\",\"url\":\"https:\\\/\\\/urbeamea.ro\\\/albaiulia\\\/\",\"name\":\"Revista Urbea Mea, Stiri urbane\",\"description\":\"Evenimente \u0219i \u0219tiri din Alba Iulia, Sebe\u0219, Aiud, Blaj\",\"potentialAction\":[{\"@type\":\"SearchAction\",\"target\":{\"@type\":\"EntryPoint\",\"urlTemplate\":\"https:\\\/\\\/urbeamea.ro\\\/albaiulia\\\/?s={search_term_string}\"},\"query-input\":{\"@type\":\"PropertyValueSpecification\",\"valueRequired\":true,\"valueName\":\"search_term_string\"}}],\"inLanguage\":\"ro-RO\"},{\"@type\":\"Person\",\"@id\":\"https:\\\/\\\/urbeamea.ro\\\/albaiulia\\\/#\\\/schema\\\/person\\\/9700d21fae21c4f038b0b56f4506264a\",\"name\":\"Cristina Ganga\",\"image\":{\"@type\":\"ImageObject\",\"inLanguage\":\"ro-RO\",\"@id\":\"https:\\\/\\\/secure.gravatar.com\\\/avatar\\\/5a67661041f057b4a8ccaf26f5a8e86e2689372006d01faf3dd9eeb10b654bb4?s=96&d=mm&r=g\",\"url\":\"https:\\\/\\\/secure.gravatar.com\\\/avatar\\\/5a67661041f057b4a8ccaf26f5a8e86e2689372006d01faf3dd9eeb10b654bb4?s=96&d=mm&r=g\",\"contentUrl\":\"https:\\\/\\\/secure.gravatar.com\\\/avatar\\\/5a67661041f057b4a8ccaf26f5a8e86e2689372006d01faf3dd9eeb10b654bb4?s=96&d=mm&r=g\",\"caption\":\"Cristina Ganga\"},\"description\":\"Jurnalist\",\"sameAs\":[\"https:\\\/\\\/www.facebook.com\\\/cristina.nicola.587\"],\"url\":\"https:\\\/\\\/urbeamea.ro\\\/albaiulia\\\/author\\\/cristina-nicola\\\/\"}]}<\/script>\n<!-- \/ Yoast SEO plugin. -->","yoast_head_json":{"title":"Va fi pus\u0103 \u00een func\u021biune prima linie complet\u0103 de testare pentru diagnosticarea cazurilor de COVID-19 din jude\u021bul Alba - Revista Urbea Mea - Revista de Alba","description":"Direc\u021bia de S\u0103n\u0103tate Public\u0103 (DSP) Alba va pune \u00een func\u021biune, \u00een urm\u0103toarele zile, o linie complet\u0103 de testare pentru identificarea cazurilor de COVID-19,","robots":{"index":"index","follow":"follow","max-snippet":"max-snippet:-1","max-image-preview":"max-image-preview:large","max-video-preview":"max-video-preview:-1"},"canonical":"https:\/\/urbeamea.ro\/albaiulia\/va-fi-pusa-in-functiune-prima-linie-completa-de-testare-pentru-diagnosticarea-cazurilor-de-covid-19-din-judetul-alba\/","twitter_card":"summary_large_image","twitter_title":"Va fi pus\u0103 \u00een func\u021biune prima linie complet\u0103 de testare pentru diagnosticarea cazurilor de COVID-19 din jude\u021bul Alba - Revista Urbea Mea - Revista de Alba","twitter_description":"Direc\u021bia de S\u0103n\u0103tate Public\u0103 (DSP) Alba va pune \u00een func\u021biune, \u00een urm\u0103toarele zile, o linie complet\u0103 de testare pentru identificarea cazurilor de COVID-19,","twitter_image":"https:\/\/urbeamea.ro\/albaiulia\/wp-content\/uploads\/2020\/03\/echipa-DSP-Alba-laborator-scaled.jpg","twitter_creator":"@urbeameaweb","twitter_site":"@urbeameaweb","schema":{"@context":"https:\/\/schema.org","@graph":[{"@type":"Article","@id":"https:\/\/urbeamea.ro\/albaiulia\/va-fi-pusa-in-functiune-prima-linie-completa-de-testare-pentru-diagnosticarea-cazurilor-de-covid-19-din-judetul-alba\/#article","isPartOf":{"@id":"https:\/\/urbeamea.ro\/albaiulia\/va-fi-pusa-in-functiune-prima-linie-completa-de-testare-pentru-diagnosticarea-cazurilor-de-covid-19-din-judetul-alba\/"},"author":{"name":"Cristina Ganga","@id":"https:\/\/urbeamea.ro\/albaiulia\/#\/schema\/person\/9700d21fae21c4f038b0b56f4506264a"},"headline":"Va fi pus\u0103 \u00een func\u021biune prima linie complet\u0103 de testare pentru diagnosticarea cazurilor de COVID-19 din jude\u021bul Alba","datePublished":"2020-03-20T14:18:27+00:00","dateModified":"2020-03-20T14:18:30+00:00","mainEntityOfPage":{"@id":"https:\/\/urbeamea.ro\/albaiulia\/va-fi-pusa-in-functiune-prima-linie-completa-de-testare-pentru-diagnosticarea-cazurilor-de-covid-19-din-judetul-alba\/"},"wordCount":274,"commentCount":0,"image":{"@id":"https:\/\/urbeamea.ro\/albaiulia\/va-fi-pusa-in-functiune-prima-linie-completa-de-testare-pentru-diagnosticarea-cazurilor-de-covid-19-din-judetul-alba\/#primaryimage"},"thumbnailUrl":"https:\/\/urbeamea.ro\/albaiulia\/wp-content\/uploads\/2020\/03\/echipa-DSP-Alba-laborator-scaled.jpg","keywords":["diagnosticarea cazurilor de covid - 19","DSP Alba","instructaj complet","prima linie completa de testare"],"articleSection":["S\u0103n\u0103tate"],"inLanguage":"ro-RO","potentialAction":[{"@type":"CommentAction","name":"Comment","target":["https:\/\/urbeamea.ro\/albaiulia\/va-fi-pusa-in-functiune-prima-linie-completa-de-testare-pentru-diagnosticarea-cazurilor-de-covid-19-din-judetul-alba\/#respond"]}]},{"@type":"WebPage","@id":"https:\/\/urbeamea.ro\/albaiulia\/va-fi-pusa-in-functiune-prima-linie-completa-de-testare-pentru-diagnosticarea-cazurilor-de-covid-19-din-judetul-alba\/","url":"https:\/\/urbeamea.ro\/albaiulia\/va-fi-pusa-in-functiune-prima-linie-completa-de-testare-pentru-diagnosticarea-cazurilor-de-covid-19-din-judetul-alba\/","name":"Va fi pus\u0103 \u00een func\u021biune prima linie complet\u0103 de testare pentru diagnosticarea cazurilor de COVID-19 din jude\u021bul Alba - Revista Urbea Mea - Revista de Alba","isPartOf":{"@id":"https:\/\/urbeamea.ro\/albaiulia\/#website"},"primaryImageOfPage":{"@id":"https:\/\/urbeamea.ro\/albaiulia\/va-fi-pusa-in-functiune-prima-linie-completa-de-testare-pentru-diagnosticarea-cazurilor-de-covid-19-din-judetul-alba\/#primaryimage"},"image":{"@id":"https:\/\/urbeamea.ro\/albaiulia\/va-fi-pusa-in-functiune-prima-linie-completa-de-testare-pentru-diagnosticarea-cazurilor-de-covid-19-din-judetul-alba\/#primaryimage"},"thumbnailUrl":"https:\/\/urbeamea.ro\/albaiulia\/wp-content\/uploads\/2020\/03\/echipa-DSP-Alba-laborator-scaled.jpg","datePublished":"2020-03-20T14:18:27+00:00","dateModified":"2020-03-20T14:18:30+00:00","author":{"@id":"https:\/\/urbeamea.ro\/albaiulia\/#\/schema\/person\/9700d21fae21c4f038b0b56f4506264a"},"description":"Direc\u021bia de S\u0103n\u0103tate Public\u0103 (DSP) Alba va pune \u00een func\u021biune, \u00een urm\u0103toarele zile, o linie complet\u0103 de testare pentru identificarea cazurilor de COVID-19,","breadcrumb":{"@id":"https:\/\/urbeamea.ro\/albaiulia\/va-fi-pusa-in-functiune-prima-linie-completa-de-testare-pentru-diagnosticarea-cazurilor-de-covid-19-din-judetul-alba\/#breadcrumb"},"inLanguage":"ro-RO","potentialAction":[{"@type":"ReadAction","target":["https:\/\/urbeamea.ro\/albaiulia\/va-fi-pusa-in-functiune-prima-linie-completa-de-testare-pentru-diagnosticarea-cazurilor-de-covid-19-din-judetul-alba\/"]}]},{"@type":"ImageObject","inLanguage":"ro-RO","@id":"https:\/\/urbeamea.ro\/albaiulia\/va-fi-pusa-in-functiune-prima-linie-completa-de-testare-pentru-diagnosticarea-cazurilor-de-covid-19-din-judetul-alba\/#primaryimage","url":"https:\/\/urbeamea.ro\/albaiulia\/wp-content\/uploads\/2020\/03\/echipa-DSP-Alba-laborator-scaled.jpg","contentUrl":"https:\/\/urbeamea.ro\/albaiulia\/wp-content\/uploads\/2020\/03\/echipa-DSP-Alba-laborator-scaled.jpg","width":2560,"height":1702},{"@type":"BreadcrumbList","@id":"https:\/\/urbeamea.ro\/albaiulia\/va-fi-pusa-in-functiune-prima-linie-completa-de-testare-pentru-diagnosticarea-cazurilor-de-covid-19-din-judetul-alba\/#breadcrumb","itemListElement":[{"@type":"ListItem","position":1,"name":"Prima pagin\u0103","item":"https:\/\/urbeamea.ro\/albaiulia\/"},{"@type":"ListItem","position":2,"name":"Va fi pus\u0103 \u00een func\u021biune prima linie complet\u0103 de testare pentru diagnosticarea cazurilor de COVID-19 din jude\u021bul Alba"}]},{"@type":"WebSite","@id":"https:\/\/urbeamea.ro\/albaiulia\/#website","url":"https:\/\/urbeamea.ro\/albaiulia\/","name":"Revista Urbea Mea, Stiri urbane","description":"Evenimente \u0219i \u0219tiri din Alba Iulia, Sebe\u0219, Aiud, Blaj","potentialAction":[{"@type":"SearchAction","target":{"@type":"EntryPoint","urlTemplate":"https:\/\/urbeamea.ro\/albaiulia\/?s={search_term_string}"},"query-input":{"@type":"PropertyValueSpecification","valueRequired":true,"valueName":"search_term_string"}}],"inLanguage":"ro-RO"},{"@type":"Person","@id":"https:\/\/urbeamea.ro\/albaiulia\/#\/schema\/person\/9700d21fae21c4f038b0b56f4506264a","name":"Cristina Ganga","image":{"@type":"ImageObject","inLanguage":"ro-RO","@id":"https:\/\/secure.gravatar.com\/avatar\/5a67661041f057b4a8ccaf26f5a8e86e2689372006d01faf3dd9eeb10b654bb4?s=96&d=mm&r=g","url":"https:\/\/secure.gravatar.com\/avatar\/5a67661041f057b4a8ccaf26f5a8e86e2689372006d01faf3dd9eeb10b654bb4?s=96&d=mm&r=g","contentUrl":"https:\/\/secure.gravatar.com\/avatar\/5a67661041f057b4a8ccaf26f5a8e86e2689372006d01faf3dd9eeb10b654bb4?s=96&d=mm&r=g","caption":"Cristina Ganga"},"description":"Jurnalist","sameAs":["https:\/\/www.facebook.com\/cristina.nicola.587"],"url":"https:\/\/urbeamea.ro\/albaiulia\/author\/cristina-nicola\/"}]}},"_links":{"self":[{"href":"https:\/\/urbeamea.ro\/albaiulia\/wp-json\/wp\/v2\/posts\/88573","targetHints":{"allow":["GET"]}}],"collection":[{"href":"https:\/\/urbeamea.ro\/albaiulia\/wp-json\/wp\/v2\/posts"}],"about":[{"href":"https:\/\/urbeamea.ro\/albaiulia\/wp-json\/wp\/v2\/types\/post"}],"author":[{"embeddable":true,"href":"https:\/\/urbeamea.ro\/albaiulia\/wp-json\/wp\/v2\/users\/17"}],"replies":[{"embeddable":true,"href":"https:\/\/urbeamea.ro\/albaiulia\/wp-json\/wp\/v2\/comments?post=88573"}],"version-history":[{"count":0,"href":"https:\/\/urbeamea.ro\/albaiulia\/wp-json\/wp\/v2\/posts\/88573\/revisions"}],"wp:featuredmedia":[{"embeddable":true,"href":"https:\/\/urbeamea.ro\/albaiulia\/wp-json\/wp\/v2\/media\/88575"}],"wp:attachment":[{"href":"https:\/\/urbeamea.ro\/albaiulia\/wp-json\/wp\/v2\/media?parent=88573"}],"wp:term":[{"taxonomy":"category","embeddable":true,"href":"https:\/\/urbeamea.ro\/albaiulia\/wp-json\/wp\/v2\/categories?post=88573"},{"taxonomy":"post_tag","embeddable":true,"href":"https:\/\/urbeamea.ro\/albaiulia\/wp-json\/wp\/v2\/tags?post=88573"}],"curies":[{"name":"wp","href":"https:\/\/api.w.org\/{rel}","templated":true}]}}