{"id":88605,"date":"2020-03-23T16:26:39","date_gmt":"2020-03-23T14:26:39","guid":{"rendered":"https:\/\/urbeamea.ro\/albaiulia\/?p=88605"},"modified":"2020-03-23T16:26:43","modified_gmt":"2020-03-23T14:26:43","slug":"primaria-ciugud-si-a-mutat-activitatea-in-on-line-servicii-publice-digitalizate-si-sectiune-speciala-de-informare-despre-covid-19-pe-site-ul-institutiei","status":"publish","type":"post","link":"https:\/\/urbeamea.ro\/albaiulia\/primaria-ciugud-si-a-mutat-activitatea-in-on-line-servicii-publice-digitalizate-si-sectiune-speciala-de-informare-despre-covid-19-pe-site-ul-institutiei\/","title":{"rendered":"Prim\u0103ria Ciugud \u0219i-a mutat activitatea \u00een on line: Servicii publice digitalizate \u0219i sec\u021biune special\u0103 de informare despre COVID \u2013 19 pe site-ul institu\u021biei"},"content":{"rendered":"\n<h4 class=\"wp-block-heading\">Prim\u0103ria Comunei Ciugud a luat o serie de m\u0103suri pentru a preveni r\u0103sp\u00e2ndirea virusului COVID -19, astfel \u00eenc\u00e2t a mutat \u00eentreaga activitate \u00een mediul on-line, recomand\u00e2nd cet\u0103\u021benilor s\u0103 interac\u021bioneze cu func\u021bionarii publici doar prin serviciile publice digitalizate sau printr-o platform\u0103 dedicat\u0103 (Platforma Cet\u0103\u021beanului). <\/h4>\n\n\n\n<p class=\"wp-block-paragraph\">Institu\u021bia a implementat \u00een ultimii ani numeroase solu\u021bii smart pentru digitalizarea serviciilor publice \u0219i pentru a oferi cet\u0103\u021benilor, on line, posibilitatea s\u0103 ob\u021bin\u0103 acte, s\u0103 \u00ee\u0219i pl\u0103teasc\u0103 taxele \u0219i impozitele, s\u0103 depun\u0103 peti\u021bii \u0219i sesiz\u0103ri sau s\u0103 solicite informa\u021bii utile. De asemenea pe site-ul oficial <a href=\"https:\/\/www.primariaciugud.ro\/\">www.primariaciugud.ro<\/a>, Prim\u0103ria Comunei Ciugud a deschis o sec\u021biune special\u0103 de informare denumit\u0103 \u201e#Ciugud_RESPONSABIL \u2013 informa\u021bii oficiale COVID \u2013 19\u201d. <\/p>\n\n\n\n<blockquote class=\"wp-block-quote is-layout-flow wp-block-quote-is-layout-flow\"><p>\u201eCiugudul este de ani buni un promotor activ al conceptului Smart Village, prin care \u00eencerc\u0103m s\u0103 spunem c\u0103 digitalizarea serviciilor publice este o necesitate. Situa\u021bia actual\u0103 ne arat\u0103 c\u0103, din p\u0103cate, avem dreptate \u0219i administra\u021bia public\u0103 din Rom\u00e2nia trebuie s\u0103 implementeze rapid aceste solu\u021bii digitale pentru a putea r\u0103m\u00e2ne oric\u00e2nd \u00een contact cu cet\u0103\u021benii. Indiferent de situa\u021bie, respectul fa\u021b\u0103 de cet\u0103\u021bean \u00eenseamn\u0103 s\u0103 NU \u00eel mai punem pe drumuri inutile \u0219i s\u0103 NU \u00eel mai oblig\u0103m s\u0103 stea la cozi la clasicele ghi\u0219ee, ci s\u0103 \u00eei oferim servicii publice smart. Noi am \u00een\u021beles asta \u0219i \u201ela un click distan\u021b\u0103\u201d cet\u0103\u021beanul g\u0103se\u0219te tot ceea ce are nevoie \u00een rela\u021bia cu administra\u021bia local\u0103 din Ciugud, astfel \u00eenc\u00e2t s\u0103 economiseasc\u0103 timp pre\u021bios\u201d, a spus Gheorghe Damian, primarul Comunei Ciugud.<\/p><\/blockquote>\n\n\n\n<p class=\"wp-block-paragraph\">Prim\u0103ria Comunei Ciugud recomand\u0103 cet\u0103\u021benilor s\u0103 evite deplasare la sediul institu\u021biei \u0219i s\u0103 apeleze la serviciile publice digitalizate de pe site-ul institu\u021biei \u2013 <a href=\"https:\/\/www.primariaciugud.ro\/\">www.primariaciugud.ro<\/a>. <\/p>\n\n\n\n<p class=\"wp-block-paragraph\">Cum po\u021bi r\u0103m\u00e2ne \u00een contact cu Prim\u0103ria Ciugud? <\/p>\n\n\n\n<p class=\"wp-block-paragraph\">R\u0103m\u00e2ne\u021bi \u00een contact cu noi ON LINE \u0219i folosi\u021bi serviciile publice digitale!<\/p>\n\n\n\n<p class=\"wp-block-paragraph\">Folose\u0219ti site-ul <a href=\"https:\/\/www.primariaciugud.ro\/\">www.primariaciugud.ro<\/a> pentru informa\u021bii utile (g\u0103se\u0219ti informa\u021bii utile pe fiecare compartiment acces\u00e2nd <a href=\"https:\/\/www.primariaciugud.ro\/compartimente\">https:\/\/www.primariaciugud.ro\/compartimente<\/a>)<\/p>\n\n\n\n<p class=\"wp-block-paragraph\">Pe pagina de Facebook &#8211; <a href=\"https:\/\/www.facebook.com\/primariaciugud\/\">https:\/\/www.facebook.com\/primariaciugud\/<\/a><br> (V\u0103 r\u0103spundem \u00een c\u00e2teva minute\u00a0!!!)<\/p>\n\n\n\n<p class=\"wp-block-paragraph\">Folose\u0219ti PLATFORMA CET\u0102\u021aEANULUI pentru depunerea unor cereri sau eliberarea unor acte! <\/p>\n\n\n\n<p class=\"wp-block-paragraph\">PLATFORMA CET\u0102\u021aEANULUI din Global Pay poate fi accesat\u0103 direct de pe site-ul <a href=\"https:\/\/www.primariaciugud.ro\/\">www.primariaciugud.ro<\/a> butonul \u201ePrim\u0103ria on line\u201d sau la linkul:<br> <a href=\"https:\/\/platformacetateni.ciugud.globalpay.ro\/public\/cetatean-login\/index\">https:\/\/platformacetateni.ciugud.globalpay.ro\/public\/cetatean-login\/index<\/a><\/p>\n\n\n\n<p class=\"wp-block-paragraph\">Dac\u0103 dori\u021bi s\u0103 face\u021bi pl\u0103\u021bi v\u0103 rug\u0103m s\u0103 folosi\u021bi solu\u021biile ON LINE sau sta\u021biile de plat\u0103 (v\u0103 reamintim c\u0103 termenul de plat\u0103 a fost extins)<\/p>\n\n\n\n<p class=\"wp-block-paragraph\">\u201ePl\u0103te\u0219te on line\u201d \u2013 buton pe site care te direc\u021bioneaz\u0103 la platforma Global Pay<\/p>\n\n\n\n<p class=\"wp-block-paragraph\"><a href=\"https:\/\/www.globalpay.ro\/public\/ciugud\/login\/index\/redirctrl\/debite\/rediract\/debite\/lang\/ro\">https:\/\/www.globalpay.ro\/public\/ciugud\/login\/index\/redirctrl\/debite\/rediract\/debite\/lang\/ro<\/a><\/p>\n\n\n\n<p class=\"wp-block-paragraph\">Prin aplica\u021bia dedicat\u0103 MobilePay Ciugud pe care o po\u021bi desc\u0103rca din Google Play sau App Store<\/p>\n\n\n\n<p class=\"wp-block-paragraph\"><a href=\"https:\/\/play.google.com\/store\/apps\/details?id=com.indecosoft.mobilepayciugud&amp;gl=RO\">https:\/\/play.google.com\/store\/apps\/details?id=com.indecosoft.mobilepayciugud&amp;gl=RO<\/a><\/p>\n\n\n\n<p class=\"wp-block-paragraph\"><a href=\"https:\/\/apps.apple.com\/ro\/app\/plata-impozite-mobilepay\/id1014474114?l=ro\">https:\/\/apps.apple.com\/ro\/app\/plata-impozite-mobilepay\/id1014474114?l=ro<\/a><\/p>\n\n\n\n<p class=\"wp-block-paragraph\">Prin platforma na\u021bional\u0103 ghiseul.ro: <\/p>\n\n\n\n<p class=\"wp-block-paragraph\"><a href=\"https:\/\/www.ghiseul.ro\/ghiseul\/public\/credentiale\">https:\/\/www.ghiseul.ro\/ghiseul\/public\/credentiale<\/a><\/p>\n\n\n\n<p class=\"wp-block-paragraph\">Prin sta\u021biile de plat\u0103 \u201eSelf Pay\u201d amplasate \u00een fiecare sat al comunei Ciugud<\/p>\n\n\n\n<p class=\"wp-block-paragraph\">Vezi tutorialul despre cum se face plata:<\/p>\n\n\n\n<p class=\"wp-block-paragraph\"><a href=\"https:\/\/www.youtube.com\/watch?v=ygNFtVB5EC0\">https:\/\/www.youtube.com\/watch?v=ygNFtVB5EC0<\/a><\/p>\n\n\n\n<p class=\"wp-block-paragraph\">Ne pute\u021bi sesiza ON LINE simplu \u0219i u\u0219or<\/p>\n\n\n\n<p class=\"wp-block-paragraph\">Pentru orice \u00eentrebare\/ problem\u0103\/ sesizare ne pute\u021bi scrie folosind butonul \u201eAdreseaz\u0103 o \u00eentrebare\u201d de pe site (e simplu \u0219i v\u0103 r\u0103spundem rapid): <\/p>\n\n\n\n<p class=\"wp-block-paragraph\"><a href=\"https:\/\/www.primariaciugud.ro\/adreseaza-o-intrebare\">https:\/\/www.primariaciugud.ro\/adreseaza-o-intrebare<\/a><\/p>\n\n\n\n<p class=\"wp-block-paragraph\">Pentru probleme  de URBANISM <\/p>\n\n\n\n<p class=\"wp-block-paragraph\">Pute\u021bi solicita emiterea on-line a certificatelor de urbanist la adresa urbanism@primariaciugud.ro <\/p>\n\n\n\n<p class=\"wp-block-paragraph\">R\u0103m\u00e2ne\u021bi \u00een leg\u0103tur\u0103 cu noi doar TELEFONIC! 0766\/183714 \u2013 Ioan Groza<\/p>\n\n\n\n<p class=\"wp-block-paragraph\">R\u0103m\u00e2ne\u021bi \u00een contact cu noi TELEFONIC! <\/p>\n\n\n\n<p class=\"wp-block-paragraph\">Ne pute\u021bi contacta la 0258 841 205 (8:00 \u2013 16:00) sau pentru urgen\u021be la num\u0103rul de telefon mobil: 0786\/ 571 042 \u2013 Sorin Poparadu <\/p>\n\n\n\n<p class=\"wp-block-paragraph\">Nu uita\u021bi s\u0103 avem grij\u0103 de persoanele v\u00e2rstnice \u0219i vulnerabile!<\/p>\n\n\n\n<p class=\"wp-block-paragraph\">V\u0103 rug\u0103m s\u0103 ne sesiza\u021bi\/ contacta\u021bi cu privire la orice situa\u021bie \u00een care persoanele v\u00e2rstnice sau vulnerabile au nevoie de noi! (0786\/ 571 042 \u2013 Sorin Poparadu)<\/p>\n\n\n\n<p class=\"wp-block-paragraph\">Nu trebuie s\u0103 intr\u0103m \u00een panic\u0103, dar e absolut necesar s\u0103 ne comport\u0103m PREVENTIV \u0219i RESPONSABIL, astfel \u00eenc\u00e2t s\u0103 ne protej\u0103m, s\u0103 \u00eei protej\u0103m pe cei dragi \u0219i s\u0103 ne ocrotim comunitatea. <\/p>\n\n\n\n<p class=\"wp-block-paragraph\">\u0218tim c\u0103 sunte\u021bi minuna\u021bi \u0219i ne-a\u021bi fost mereu al\u0103turi \u00een toate proiectele importante. V\u0103 cerem s\u0103  fi\u021bi \u0219i \u00een aceast\u0103 perioad\u0103 SMART \u0219i RESPONSABILI pentru a putea avea grij\u0103 de Ciugud!<\/p>\n","protected":false},"excerpt":{"rendered":"<p>Prim\u0103ria Comunei Ciugud a luat o serie de m\u0103suri pentru a preveni r\u0103sp\u00e2ndirea virusului COVID -19, astfel \u00eenc\u00e2t a mutat \u00eentreaga activitate \u00een mediul on-line, recomand\u00e2nd cet\u0103\u021benilor s\u0103 interac\u021bioneze cu func\u021bionarii publici doar prin serviciile publice digitalizate sau printr-o platform\u0103 dedicat\u0103 (Platforma Cet\u0103\u021beanului). Institu\u021bia a implementat \u00een ultimii ani numeroase solu\u021bii smart pentru digitalizarea serviciilor &hellip;<\/p>\n","protected":false},"author":17,"featured_media":88606,"comment_status":"open","ping_status":"open","sticky":false,"template":"","format":"standard","meta":{"inline_featured_image":false,"footnotes":""},"categories":[2034],"tags":[20145,20011,20148,4192,20147,20146],"class_list":["post-88605","post","type-post","status-publish","format-standard","has-post-thumbnail","hentry","category-social","tag-activitate-online","tag-covid-19","tag-platforma-cetateanului","tag-primaria-ciugud","tag-sectiune-speciala-de-informare","tag-servicii-publice-digitalizate"],"yoast_head":"<!-- This site is optimized with the Yoast SEO plugin v28.3 - https:\/\/yoast.com\/product\/yoast-seo-wordpress\/ -->\n<title>Prim\u0103ria Ciugud \u0219i-a mutat activitatea \u00een on line: Servicii publice digitalizate \u0219i sec\u021biune special\u0103 de informare despre COVID \u2013 19 pe site-ul institu\u021biei - Revista Urbea Mea - Revista de Alba<\/title>\n<meta name=\"description\" content=\"Prim\u0103ria Comunei Ciugud a luat o serie de m\u0103suri pentru a preveni r\u0103sp\u00e2ndirea virusului COVID -19, astfel \u00eenc\u00e2t a mutat \u00eentreaga activitate \u00een mediul\" \/>\n<meta name=\"robots\" content=\"index, follow, max-snippet:-1, max-image-preview:large, max-video-preview:-1\" \/>\n<link rel=\"canonical\" href=\"https:\/\/urbeamea.ro\/albaiulia\/primaria-ciugud-si-a-mutat-activitatea-in-on-line-servicii-publice-digitalizate-si-sectiune-speciala-de-informare-despre-covid-19-pe-site-ul-institutiei\/\" \/>\n<meta name=\"twitter:card\" content=\"summary_large_image\" \/>\n<meta name=\"twitter:title\" content=\"Prim\u0103ria Ciugud \u0219i-a mutat activitatea \u00een on line: Servicii publice digitalizate \u0219i sec\u021biune special\u0103 de informare despre COVID \u2013 19 pe site-ul institu\u021biei - Revista Urbea Mea - Revista de Alba\" \/>\n<meta name=\"twitter:description\" content=\"Prim\u0103ria Comunei Ciugud a luat o serie de m\u0103suri pentru a preveni r\u0103sp\u00e2ndirea virusului COVID -19, astfel \u00eenc\u00e2t a mutat \u00eentreaga activitate \u00een mediul\" \/>\n<meta name=\"twitter:image\" content=\"https:\/\/urbeamea.ro\/albaiulia\/wp-content\/uploads\/2020\/03\/MACHETA-PRIMARIE-ON-LINE.png\" \/>\n<meta name=\"twitter:creator\" content=\"@urbeameaweb\" \/>\n<meta name=\"twitter:site\" content=\"@urbeameaweb\" \/>\n<script type=\"application\/ld+json\" class=\"yoast-schema-graph\">{\"@context\":\"https:\\\/\\\/schema.org\",\"@graph\":[{\"@type\":\"Article\",\"@id\":\"https:\\\/\\\/urbeamea.ro\\\/albaiulia\\\/primaria-ciugud-si-a-mutat-activitatea-in-on-line-servicii-publice-digitalizate-si-sectiune-speciala-de-informare-despre-covid-19-pe-site-ul-institutiei\\\/#article\",\"isPartOf\":{\"@id\":\"https:\\\/\\\/urbeamea.ro\\\/albaiulia\\\/primaria-ciugud-si-a-mutat-activitatea-in-on-line-servicii-publice-digitalizate-si-sectiune-speciala-de-informare-despre-covid-19-pe-site-ul-institutiei\\\/\"},\"author\":{\"name\":\"Cristina Ganga\",\"@id\":\"https:\\\/\\\/urbeamea.ro\\\/albaiulia\\\/#\\\/schema\\\/person\\\/9700d21fae21c4f038b0b56f4506264a\"},\"headline\":\"Prim\u0103ria Ciugud \u0219i-a mutat activitatea \u00een on line: Servicii publice digitalizate \u0219i sec\u021biune special\u0103 de informare despre COVID \u2013 19 pe site-ul institu\u021biei\",\"datePublished\":\"2020-03-23T14:26:39+00:00\",\"dateModified\":\"2020-03-23T14:26:43+00:00\",\"mainEntityOfPage\":{\"@id\":\"https:\\\/\\\/urbeamea.ro\\\/albaiulia\\\/primaria-ciugud-si-a-mutat-activitatea-in-on-line-servicii-publice-digitalizate-si-sectiune-speciala-de-informare-despre-covid-19-pe-site-ul-institutiei\\\/\"},\"wordCount\":801,\"commentCount\":0,\"image\":{\"@id\":\"https:\\\/\\\/urbeamea.ro\\\/albaiulia\\\/primaria-ciugud-si-a-mutat-activitatea-in-on-line-servicii-publice-digitalizate-si-sectiune-speciala-de-informare-despre-covid-19-pe-site-ul-institutiei\\\/#primaryimage\"},\"thumbnailUrl\":\"https:\\\/\\\/urbeamea.ro\\\/albaiulia\\\/wp-content\\\/uploads\\\/2020\\\/03\\\/MACHETA-PRIMARIE-ON-LINE.png\",\"keywords\":[\"activitate online\",\"covid-19\",\"platforma cetateanului\",\"PRIMARIA CIUGUD\",\"sectiune speciala de informare\",\"servicii publice digitalizate\"],\"articleSection\":[\"Social\"],\"inLanguage\":\"ro-RO\",\"potentialAction\":[{\"@type\":\"CommentAction\",\"name\":\"Comment\",\"target\":[\"https:\\\/\\\/urbeamea.ro\\\/albaiulia\\\/primaria-ciugud-si-a-mutat-activitatea-in-on-line-servicii-publice-digitalizate-si-sectiune-speciala-de-informare-despre-covid-19-pe-site-ul-institutiei\\\/#respond\"]}]},{\"@type\":\"WebPage\",\"@id\":\"https:\\\/\\\/urbeamea.ro\\\/albaiulia\\\/primaria-ciugud-si-a-mutat-activitatea-in-on-line-servicii-publice-digitalizate-si-sectiune-speciala-de-informare-despre-covid-19-pe-site-ul-institutiei\\\/\",\"url\":\"https:\\\/\\\/urbeamea.ro\\\/albaiulia\\\/primaria-ciugud-si-a-mutat-activitatea-in-on-line-servicii-publice-digitalizate-si-sectiune-speciala-de-informare-despre-covid-19-pe-site-ul-institutiei\\\/\",\"name\":\"Prim\u0103ria Ciugud \u0219i-a mutat activitatea \u00een on line: Servicii publice digitalizate \u0219i sec\u021biune special\u0103 de informare despre COVID \u2013 19 pe site-ul institu\u021biei - Revista Urbea Mea - Revista de Alba\",\"isPartOf\":{\"@id\":\"https:\\\/\\\/urbeamea.ro\\\/albaiulia\\\/#website\"},\"primaryImageOfPage\":{\"@id\":\"https:\\\/\\\/urbeamea.ro\\\/albaiulia\\\/primaria-ciugud-si-a-mutat-activitatea-in-on-line-servicii-publice-digitalizate-si-sectiune-speciala-de-informare-despre-covid-19-pe-site-ul-institutiei\\\/#primaryimage\"},\"image\":{\"@id\":\"https:\\\/\\\/urbeamea.ro\\\/albaiulia\\\/primaria-ciugud-si-a-mutat-activitatea-in-on-line-servicii-publice-digitalizate-si-sectiune-speciala-de-informare-despre-covid-19-pe-site-ul-institutiei\\\/#primaryimage\"},\"thumbnailUrl\":\"https:\\\/\\\/urbeamea.ro\\\/albaiulia\\\/wp-content\\\/uploads\\\/2020\\\/03\\\/MACHETA-PRIMARIE-ON-LINE.png\",\"datePublished\":\"2020-03-23T14:26:39+00:00\",\"dateModified\":\"2020-03-23T14:26:43+00:00\",\"author\":{\"@id\":\"https:\\\/\\\/urbeamea.ro\\\/albaiulia\\\/#\\\/schema\\\/person\\\/9700d21fae21c4f038b0b56f4506264a\"},\"description\":\"Prim\u0103ria Comunei Ciugud a luat o serie de m\u0103suri pentru a preveni r\u0103sp\u00e2ndirea virusului COVID -19, astfel \u00eenc\u00e2t a mutat \u00eentreaga activitate \u00een mediul\",\"breadcrumb\":{\"@id\":\"https:\\\/\\\/urbeamea.ro\\\/albaiulia\\\/primaria-ciugud-si-a-mutat-activitatea-in-on-line-servicii-publice-digitalizate-si-sectiune-speciala-de-informare-despre-covid-19-pe-site-ul-institutiei\\\/#breadcrumb\"},\"inLanguage\":\"ro-RO\",\"potentialAction\":[{\"@type\":\"ReadAction\",\"target\":[\"https:\\\/\\\/urbeamea.ro\\\/albaiulia\\\/primaria-ciugud-si-a-mutat-activitatea-in-on-line-servicii-publice-digitalizate-si-sectiune-speciala-de-informare-despre-covid-19-pe-site-ul-institutiei\\\/\"]}]},{\"@type\":\"ImageObject\",\"inLanguage\":\"ro-RO\",\"@id\":\"https:\\\/\\\/urbeamea.ro\\\/albaiulia\\\/primaria-ciugud-si-a-mutat-activitatea-in-on-line-servicii-publice-digitalizate-si-sectiune-speciala-de-informare-despre-covid-19-pe-site-ul-institutiei\\\/#primaryimage\",\"url\":\"https:\\\/\\\/urbeamea.ro\\\/albaiulia\\\/wp-content\\\/uploads\\\/2020\\\/03\\\/MACHETA-PRIMARIE-ON-LINE.png\",\"contentUrl\":\"https:\\\/\\\/urbeamea.ro\\\/albaiulia\\\/wp-content\\\/uploads\\\/2020\\\/03\\\/MACHETA-PRIMARIE-ON-LINE.png\",\"width\":1416,\"height\":792},{\"@type\":\"BreadcrumbList\",\"@id\":\"https:\\\/\\\/urbeamea.ro\\\/albaiulia\\\/primaria-ciugud-si-a-mutat-activitatea-in-on-line-servicii-publice-digitalizate-si-sectiune-speciala-de-informare-despre-covid-19-pe-site-ul-institutiei\\\/#breadcrumb\",\"itemListElement\":[{\"@type\":\"ListItem\",\"position\":1,\"name\":\"Prima pagin\u0103\",\"item\":\"https:\\\/\\\/urbeamea.ro\\\/albaiulia\\\/\"},{\"@type\":\"ListItem\",\"position\":2,\"name\":\"Prim\u0103ria Ciugud \u0219i-a mutat activitatea \u00een on line: Servicii publice digitalizate \u0219i sec\u021biune special\u0103 de informare despre COVID \u2013 19 pe site-ul institu\u021biei\"}]},{\"@type\":\"WebSite\",\"@id\":\"https:\\\/\\\/urbeamea.ro\\\/albaiulia\\\/#website\",\"url\":\"https:\\\/\\\/urbeamea.ro\\\/albaiulia\\\/\",\"name\":\"Revista Urbea Mea, Stiri urbane\",\"description\":\"Evenimente \u0219i \u0219tiri din Alba Iulia, Sebe\u0219, Aiud, Blaj\",\"potentialAction\":[{\"@type\":\"SearchAction\",\"target\":{\"@type\":\"EntryPoint\",\"urlTemplate\":\"https:\\\/\\\/urbeamea.ro\\\/albaiulia\\\/?s={search_term_string}\"},\"query-input\":{\"@type\":\"PropertyValueSpecification\",\"valueRequired\":true,\"valueName\":\"search_term_string\"}}],\"inLanguage\":\"ro-RO\"},{\"@type\":\"Person\",\"@id\":\"https:\\\/\\\/urbeamea.ro\\\/albaiulia\\\/#\\\/schema\\\/person\\\/9700d21fae21c4f038b0b56f4506264a\",\"name\":\"Cristina Ganga\",\"image\":{\"@type\":\"ImageObject\",\"inLanguage\":\"ro-RO\",\"@id\":\"https:\\\/\\\/secure.gravatar.com\\\/avatar\\\/5a67661041f057b4a8ccaf26f5a8e86e2689372006d01faf3dd9eeb10b654bb4?s=96&d=mm&r=g\",\"url\":\"https:\\\/\\\/secure.gravatar.com\\\/avatar\\\/5a67661041f057b4a8ccaf26f5a8e86e2689372006d01faf3dd9eeb10b654bb4?s=96&d=mm&r=g\",\"contentUrl\":\"https:\\\/\\\/secure.gravatar.com\\\/avatar\\\/5a67661041f057b4a8ccaf26f5a8e86e2689372006d01faf3dd9eeb10b654bb4?s=96&d=mm&r=g\",\"caption\":\"Cristina Ganga\"},\"description\":\"Jurnalist\",\"sameAs\":[\"https:\\\/\\\/www.facebook.com\\\/cristina.nicola.587\"],\"url\":\"https:\\\/\\\/urbeamea.ro\\\/albaiulia\\\/author\\\/cristina-nicola\\\/\"}]}<\/script>\n<!-- \/ Yoast SEO plugin. -->","yoast_head_json":{"title":"Prim\u0103ria Ciugud \u0219i-a mutat activitatea \u00een on line: Servicii publice digitalizate \u0219i sec\u021biune special\u0103 de informare despre COVID \u2013 19 pe site-ul institu\u021biei - Revista Urbea Mea - Revista de Alba","description":"Prim\u0103ria Comunei Ciugud a luat o serie de m\u0103suri pentru a preveni r\u0103sp\u00e2ndirea virusului COVID -19, astfel \u00eenc\u00e2t a mutat \u00eentreaga activitate \u00een mediul","robots":{"index":"index","follow":"follow","max-snippet":"max-snippet:-1","max-image-preview":"max-image-preview:large","max-video-preview":"max-video-preview:-1"},"canonical":"https:\/\/urbeamea.ro\/albaiulia\/primaria-ciugud-si-a-mutat-activitatea-in-on-line-servicii-publice-digitalizate-si-sectiune-speciala-de-informare-despre-covid-19-pe-site-ul-institutiei\/","twitter_card":"summary_large_image","twitter_title":"Prim\u0103ria Ciugud \u0219i-a mutat activitatea \u00een on line: Servicii publice digitalizate \u0219i sec\u021biune special\u0103 de informare despre COVID \u2013 19 pe site-ul institu\u021biei - Revista Urbea Mea - Revista de Alba","twitter_description":"Prim\u0103ria Comunei Ciugud a luat o serie de m\u0103suri pentru a preveni r\u0103sp\u00e2ndirea virusului COVID -19, astfel \u00eenc\u00e2t a mutat \u00eentreaga activitate \u00een mediul","twitter_image":"https:\/\/urbeamea.ro\/albaiulia\/wp-content\/uploads\/2020\/03\/MACHETA-PRIMARIE-ON-LINE.png","twitter_creator":"@urbeameaweb","twitter_site":"@urbeameaweb","schema":{"@context":"https:\/\/schema.org","@graph":[{"@type":"Article","@id":"https:\/\/urbeamea.ro\/albaiulia\/primaria-ciugud-si-a-mutat-activitatea-in-on-line-servicii-publice-digitalizate-si-sectiune-speciala-de-informare-despre-covid-19-pe-site-ul-institutiei\/#article","isPartOf":{"@id":"https:\/\/urbeamea.ro\/albaiulia\/primaria-ciugud-si-a-mutat-activitatea-in-on-line-servicii-publice-digitalizate-si-sectiune-speciala-de-informare-despre-covid-19-pe-site-ul-institutiei\/"},"author":{"name":"Cristina Ganga","@id":"https:\/\/urbeamea.ro\/albaiulia\/#\/schema\/person\/9700d21fae21c4f038b0b56f4506264a"},"headline":"Prim\u0103ria Ciugud \u0219i-a mutat activitatea \u00een on line: Servicii publice digitalizate \u0219i sec\u021biune special\u0103 de informare despre COVID \u2013 19 pe site-ul institu\u021biei","datePublished":"2020-03-23T14:26:39+00:00","dateModified":"2020-03-23T14:26:43+00:00","mainEntityOfPage":{"@id":"https:\/\/urbeamea.ro\/albaiulia\/primaria-ciugud-si-a-mutat-activitatea-in-on-line-servicii-publice-digitalizate-si-sectiune-speciala-de-informare-despre-covid-19-pe-site-ul-institutiei\/"},"wordCount":801,"commentCount":0,"image":{"@id":"https:\/\/urbeamea.ro\/albaiulia\/primaria-ciugud-si-a-mutat-activitatea-in-on-line-servicii-publice-digitalizate-si-sectiune-speciala-de-informare-despre-covid-19-pe-site-ul-institutiei\/#primaryimage"},"thumbnailUrl":"https:\/\/urbeamea.ro\/albaiulia\/wp-content\/uploads\/2020\/03\/MACHETA-PRIMARIE-ON-LINE.png","keywords":["activitate online","covid-19","platforma cetateanului","PRIMARIA CIUGUD","sectiune speciala de informare","servicii publice digitalizate"],"articleSection":["Social"],"inLanguage":"ro-RO","potentialAction":[{"@type":"CommentAction","name":"Comment","target":["https:\/\/urbeamea.ro\/albaiulia\/primaria-ciugud-si-a-mutat-activitatea-in-on-line-servicii-publice-digitalizate-si-sectiune-speciala-de-informare-despre-covid-19-pe-site-ul-institutiei\/#respond"]}]},{"@type":"WebPage","@id":"https:\/\/urbeamea.ro\/albaiulia\/primaria-ciugud-si-a-mutat-activitatea-in-on-line-servicii-publice-digitalizate-si-sectiune-speciala-de-informare-despre-covid-19-pe-site-ul-institutiei\/","url":"https:\/\/urbeamea.ro\/albaiulia\/primaria-ciugud-si-a-mutat-activitatea-in-on-line-servicii-publice-digitalizate-si-sectiune-speciala-de-informare-despre-covid-19-pe-site-ul-institutiei\/","name":"Prim\u0103ria Ciugud \u0219i-a mutat activitatea \u00een on line: Servicii publice digitalizate \u0219i sec\u021biune special\u0103 de informare despre COVID \u2013 19 pe site-ul institu\u021biei - Revista Urbea Mea - Revista de Alba","isPartOf":{"@id":"https:\/\/urbeamea.ro\/albaiulia\/#website"},"primaryImageOfPage":{"@id":"https:\/\/urbeamea.ro\/albaiulia\/primaria-ciugud-si-a-mutat-activitatea-in-on-line-servicii-publice-digitalizate-si-sectiune-speciala-de-informare-despre-covid-19-pe-site-ul-institutiei\/#primaryimage"},"image":{"@id":"https:\/\/urbeamea.ro\/albaiulia\/primaria-ciugud-si-a-mutat-activitatea-in-on-line-servicii-publice-digitalizate-si-sectiune-speciala-de-informare-despre-covid-19-pe-site-ul-institutiei\/#primaryimage"},"thumbnailUrl":"https:\/\/urbeamea.ro\/albaiulia\/wp-content\/uploads\/2020\/03\/MACHETA-PRIMARIE-ON-LINE.png","datePublished":"2020-03-23T14:26:39+00:00","dateModified":"2020-03-23T14:26:43+00:00","author":{"@id":"https:\/\/urbeamea.ro\/albaiulia\/#\/schema\/person\/9700d21fae21c4f038b0b56f4506264a"},"description":"Prim\u0103ria Comunei Ciugud a luat o serie de m\u0103suri pentru a preveni r\u0103sp\u00e2ndirea virusului COVID -19, astfel \u00eenc\u00e2t a mutat \u00eentreaga activitate \u00een mediul","breadcrumb":{"@id":"https:\/\/urbeamea.ro\/albaiulia\/primaria-ciugud-si-a-mutat-activitatea-in-on-line-servicii-publice-digitalizate-si-sectiune-speciala-de-informare-despre-covid-19-pe-site-ul-institutiei\/#breadcrumb"},"inLanguage":"ro-RO","potentialAction":[{"@type":"ReadAction","target":["https:\/\/urbeamea.ro\/albaiulia\/primaria-ciugud-si-a-mutat-activitatea-in-on-line-servicii-publice-digitalizate-si-sectiune-speciala-de-informare-despre-covid-19-pe-site-ul-institutiei\/"]}]},{"@type":"ImageObject","inLanguage":"ro-RO","@id":"https:\/\/urbeamea.ro\/albaiulia\/primaria-ciugud-si-a-mutat-activitatea-in-on-line-servicii-publice-digitalizate-si-sectiune-speciala-de-informare-despre-covid-19-pe-site-ul-institutiei\/#primaryimage","url":"https:\/\/urbeamea.ro\/albaiulia\/wp-content\/uploads\/2020\/03\/MACHETA-PRIMARIE-ON-LINE.png","contentUrl":"https:\/\/urbeamea.ro\/albaiulia\/wp-content\/uploads\/2020\/03\/MACHETA-PRIMARIE-ON-LINE.png","width":1416,"height":792},{"@type":"BreadcrumbList","@id":"https:\/\/urbeamea.ro\/albaiulia\/primaria-ciugud-si-a-mutat-activitatea-in-on-line-servicii-publice-digitalizate-si-sectiune-speciala-de-informare-despre-covid-19-pe-site-ul-institutiei\/#breadcrumb","itemListElement":[{"@type":"ListItem","position":1,"name":"Prima pagin\u0103","item":"https:\/\/urbeamea.ro\/albaiulia\/"},{"@type":"ListItem","position":2,"name":"Prim\u0103ria Ciugud \u0219i-a mutat activitatea \u00een on line: Servicii publice digitalizate \u0219i sec\u021biune special\u0103 de informare despre COVID \u2013 19 pe site-ul institu\u021biei"}]},{"@type":"WebSite","@id":"https:\/\/urbeamea.ro\/albaiulia\/#website","url":"https:\/\/urbeamea.ro\/albaiulia\/","name":"Revista Urbea Mea, Stiri urbane","description":"Evenimente \u0219i \u0219tiri din Alba Iulia, Sebe\u0219, Aiud, Blaj","potentialAction":[{"@type":"SearchAction","target":{"@type":"EntryPoint","urlTemplate":"https:\/\/urbeamea.ro\/albaiulia\/?s={search_term_string}"},"query-input":{"@type":"PropertyValueSpecification","valueRequired":true,"valueName":"search_term_string"}}],"inLanguage":"ro-RO"},{"@type":"Person","@id":"https:\/\/urbeamea.ro\/albaiulia\/#\/schema\/person\/9700d21fae21c4f038b0b56f4506264a","name":"Cristina Ganga","image":{"@type":"ImageObject","inLanguage":"ro-RO","@id":"https:\/\/secure.gravatar.com\/avatar\/5a67661041f057b4a8ccaf26f5a8e86e2689372006d01faf3dd9eeb10b654bb4?s=96&d=mm&r=g","url":"https:\/\/secure.gravatar.com\/avatar\/5a67661041f057b4a8ccaf26f5a8e86e2689372006d01faf3dd9eeb10b654bb4?s=96&d=mm&r=g","contentUrl":"https:\/\/secure.gravatar.com\/avatar\/5a67661041f057b4a8ccaf26f5a8e86e2689372006d01faf3dd9eeb10b654bb4?s=96&d=mm&r=g","caption":"Cristina Ganga"},"description":"Jurnalist","sameAs":["https:\/\/www.facebook.com\/cristina.nicola.587"],"url":"https:\/\/urbeamea.ro\/albaiulia\/author\/cristina-nicola\/"}]}},"_links":{"self":[{"href":"https:\/\/urbeamea.ro\/albaiulia\/wp-json\/wp\/v2\/posts\/88605","targetHints":{"allow":["GET"]}}],"collection":[{"href":"https:\/\/urbeamea.ro\/albaiulia\/wp-json\/wp\/v2\/posts"}],"about":[{"href":"https:\/\/urbeamea.ro\/albaiulia\/wp-json\/wp\/v2\/types\/post"}],"author":[{"embeddable":true,"href":"https:\/\/urbeamea.ro\/albaiulia\/wp-json\/wp\/v2\/users\/17"}],"replies":[{"embeddable":true,"href":"https:\/\/urbeamea.ro\/albaiulia\/wp-json\/wp\/v2\/comments?post=88605"}],"version-history":[{"count":0,"href":"https:\/\/urbeamea.ro\/albaiulia\/wp-json\/wp\/v2\/posts\/88605\/revisions"}],"wp:featuredmedia":[{"embeddable":true,"href":"https:\/\/urbeamea.ro\/albaiulia\/wp-json\/wp\/v2\/media\/88606"}],"wp:attachment":[{"href":"https:\/\/urbeamea.ro\/albaiulia\/wp-json\/wp\/v2\/media?parent=88605"}],"wp:term":[{"taxonomy":"category","embeddable":true,"href":"https:\/\/urbeamea.ro\/albaiulia\/wp-json\/wp\/v2\/categories?post=88605"},{"taxonomy":"post_tag","embeddable":true,"href":"https:\/\/urbeamea.ro\/albaiulia\/wp-json\/wp\/v2\/tags?post=88605"}],"curies":[{"name":"wp","href":"https:\/\/api.w.org\/{rel}","templated":true}]}}