{"id":88616,"date":"2020-03-24T10:16:38","date_gmt":"2020-03-24T08:16:38","guid":{"rendered":"https:\/\/urbeamea.ro\/albaiulia\/?p=88616"},"modified":"2020-03-24T10:16:41","modified_gmt":"2020-03-24T08:16:41","slug":"actiune-umanitara-de-ajutorare-a-87-de-persoane-nevoiase-afectate-de-epidemia-de-coronavirus","status":"publish","type":"post","link":"https:\/\/urbeamea.ro\/albaiulia\/actiune-umanitara-de-ajutorare-a-87-de-persoane-nevoiase-afectate-de-epidemia-de-coronavirus\/","title":{"rendered":"Ac\u021biune umanitar\u0103 de ajutorare a  87 de persoane nevoia\u0219e afectate de epidemia de coronavirus"},"content":{"rendered":"\n<h4 class=\"wp-block-heading\">Cu binecuv\u00e2ntarea \u00cenaltpreasfin\u021bitului P\u0103rinte Irineu, Arhiepiscop al Alba Iuliei, luni 23 martie 2020, Protopopiatul Ortodox Rom\u00e2n Reghin \u0219i Parohia Ortodox\u0103 Filpi\u0219u Mare, \u00een parteneriat cu Prim\u0103ria Comunei Breaza, au desf\u0103\u0219urat o ac\u021biune umanitar\u0103 \u00een contextul actual al pandemiei de Coronavirus.<\/h4>\n\n\n\n<p class=\"wp-block-paragraph\">Preotul paroh al Parohiei Ortodoxe Filpi\u0219u Mare, p\u0103rintele Luca Chiril\u0103, al\u0103turi de p\u0103rintele Ioan-Emanuel Mera, paroh al parohiei Lunca \u0219i de un grup de voluntari ai parohiilor men\u021bionate au distribuit 87 de pachete cu alimente, \u00een valoare total\u0103 de 7000 de lei, persoanelor nevoia\u0219e aflate \u00een autoizolare la domiciliu din comuna Breaza, jude\u021bul Mure\u0219. Ac\u021biunea de ajutorare a avut loc prin implicarea \u0219i participarea primarului comunei Breaza, domnul Gheorghe Chira.<\/p>\n\n\n\n<p class=\"wp-block-paragraph\">Al\u0103turi de pachetele alimentare care au fost distribuite la domiciliul beneficiarilor \u00een condi\u021bii de maxim\u0103 siguran\u021b\u0103 sanitar\u0103, p\u0103rintele Luca Chiril\u0103 a oferit acestora \u0219i suport moral \u0219i \u00eencurajarea c\u0103 prin post, rug\u0103ciune \u0219i respectarea normelor de conduit\u0103 social\u0103\u0219i sanitar\u0103 ce se impun, vor putea dep\u0103\u0219i aceast\u0103 grea situa\u021bie cu care se confrunt\u0103.<br> P\u0103rintele Protopop Valentin V\u00e2rva a declarat: <\/p>\n\n\n\n<blockquote class=\"wp-block-quote is-layout-flow wp-block-quote-is-layout-flow\"><p>\u201e\u00cendemn\u0103m to\u021bi credincio\u0219ii din Protopopiatul Reghin ca \u00een perioada urm\u0103toare s\u0103 dovedeasc\u0103 mult\u0103 solidaritate \u0219i \u00eentrajutorare fa\u021b\u0103 de cei afecta\u021bi de epidemia de coronavirus, a\u0219a cum au dovedit credincio\u0219ii din Parohiile Filpi\u0219u Mare \u0219i Lunca.V\u0103 \u00eendemn\u0103m la r\u0103bdare \u0219i la credin\u021b\u0103 tare \u00een ocrotirea \u0219i binecuv\u00e2ntarea Milostivului Dumnezeu \u0219i Maicii Domnului. Prin Harul lui Dumnezeu \u0219i prin faptele de iubire fa\u021b\u0103 de semeenii no\u0219tri \u00eencerca\u021bi de greut\u0103\u021bi, vom trece cu bine, \u00eempreun\u0103, aceste vremuri de \u00eencercare\u201d.<\/p><\/blockquote>\n\n\n\n<p class=\"wp-block-paragraph\">Programul \u201eSolidaritate prin Filantropie\u201d  a fost in\u021biat de Arhiepiscopia Ortodox\u0103 Alba Iulia, Asocia\u021bia \u201eFilantropia Ortodox\u0103\u201d, Institu\u021bia Prefectutului Mure\u0219 \u0219i Institu\u021bia Prefectului Alba, cu binecuv\u00e2ntarea \u00cenaltpresfin\u021bitului P\u0103rinte Irineu, Arhiepiscopul Alba Iuliei.<\/p>\n\n\n\n<p class=\"wp-block-paragraph\"> <\/p>\n\n\n\n<figure class=\"wp-block-image size-large\"><img loading=\"lazy\" decoding=\"async\" width=\"994\" height=\"1280\" src=\"https:\/\/urbeamea.ro\/albaiulia\/wp-content\/uploads\/2020\/03\/20200323_152620-scaled-994x1280.jpg\" alt=\"\" class=\"wp-image-88617\" srcset=\"https:\/\/urbeamea.ro\/albaiulia\/wp-content\/uploads\/2020\/03\/20200323_152620-scaled-994x1280.jpg 994w, https:\/\/urbeamea.ro\/albaiulia\/wp-content\/uploads\/2020\/03\/20200323_152620-scaled-497x640.jpg 497w, https:\/\/urbeamea.ro\/albaiulia\/wp-content\/uploads\/2020\/03\/20200323_152620-scaled-116x150.jpg 116w, https:\/\/urbeamea.ro\/albaiulia\/wp-content\/uploads\/2020\/03\/20200323_152620-768x989.jpg 768w, https:\/\/urbeamea.ro\/albaiulia\/wp-content\/uploads\/2020\/03\/20200323_152620-scaled-1193x1536.jpg 1193w, https:\/\/urbeamea.ro\/albaiulia\/wp-content\/uploads\/2020\/03\/20200323_152620-scaled-1590x2048.jpg 1590w, https:\/\/urbeamea.ro\/albaiulia\/wp-content\/uploads\/2020\/03\/20200323_152620-scaled.jpg 1988w\" sizes=\"auto, (max-width: 994px) 100vw, 994px\" \/><\/figure>\n\n\n\n<p class=\"wp-block-paragraph\">Prin acest program vor fi ajutate zilnic, cel pu\u021bin 500 de persoane nevoia\u0219e aflate \u00een carantin\u0103 sau autoizolare din jude\u021bele Mure\u0219 \u0219i Alba. \u00cen  jude\u021bul Mure\u0219 Programul este coordonat de Protopopiatele Ortodoxe din T\u00e2rgu Mure\u0219, Reghin, Sighi\u0219oara, Ludu\u0219 \u0219i T\u00e2rn\u0103veni, \u00een colaborare cu Fililele Asocia\u021biei \u201eFilantropia Ortodox\u0103\u201d din aceste localit\u0103\u021bi.<\/p>\n\n\n\n<p class=\"wp-block-paragraph\">Datele ne-au fost oferite de c\u0103tre p\u0103rintele Ioan-Emanuel Mera, care s-a implicat \u00een derularea proiectului \u201eSolidaritate prin Filantropie\u201d, pe raza Protopopiatului Ortodox Reghin.<\/p>\n","protected":false},"excerpt":{"rendered":"<p>Cu binecuv\u00e2ntarea \u00cenaltpreasfin\u021bitului P\u0103rinte Irineu, Arhiepiscop al Alba Iuliei, luni 23 martie 2020, Protopopiatul Ortodox Rom\u00e2n Reghin \u0219i Parohia Ortodox\u0103 Filpi\u0219u Mare, \u00een parteneriat cu Prim\u0103ria Comunei Breaza, au desf\u0103\u0219urat o ac\u021biune umanitar\u0103 \u00een contextul actual al pandemiei de Coronavirus. Preotul paroh al Parohiei Ortodoxe Filpi\u0219u Mare, p\u0103rintele Luca Chiril\u0103, al\u0103turi de p\u0103rintele Ioan-Emanuel Mera, &hellip;<\/p>\n","protected":false},"author":17,"featured_media":88618,"comment_status":"open","ping_status":"open","sticky":false,"template":"","format":"standard","meta":{"inline_featured_image":false,"footnotes":""},"categories":[2034],"tags":[8537,20158,20160,20157,20159],"class_list":["post-88616","post","type-post","status-publish","format-standard","has-post-thumbnail","hentry","category-social","tag-actiune-umanitara","tag-inalpreasfintitul-parinte-irineu","tag-parohia-ortodoxa-filpisu-mare","tag-persoane-afectate-de-epidemia-de-coronavirus","tag-protopopiatul-ortodox-roman-reghin"],"yoast_head":"<!-- This site is optimized with the Yoast SEO plugin v28.3 - https:\/\/yoast.com\/product\/yoast-seo-wordpress\/ -->\n<title>Ac\u021biune umanitar\u0103 de ajutorare a 87 de persoane nevoia\u0219e afectate de epidemia de coronavirus - Revista Urbea Mea - Revista de Alba<\/title>\n<meta name=\"description\" content=\"Cu binecuv\u00e2ntarea \u00cenaltpreasfin\u021bitului P\u0103rinte Irineu, Arhiepiscop al Alba Iuliei, luni 23 martie 2020, Protopopiatul Ortodox Rom\u00e2n Reghin \u0219i Parohia\" \/>\n<meta name=\"robots\" content=\"index, follow, max-snippet:-1, max-image-preview:large, max-video-preview:-1\" \/>\n<link rel=\"canonical\" href=\"https:\/\/urbeamea.ro\/albaiulia\/actiune-umanitara-de-ajutorare-a-87-de-persoane-nevoiase-afectate-de-epidemia-de-coronavirus\/\" \/>\n<meta name=\"twitter:card\" content=\"summary_large_image\" \/>\n<meta name=\"twitter:title\" content=\"Ac\u021biune umanitar\u0103 de ajutorare a 87 de persoane nevoia\u0219e afectate de epidemia de coronavirus - Revista Urbea Mea - Revista de Alba\" \/>\n<meta name=\"twitter:description\" content=\"Cu binecuv\u00e2ntarea \u00cenaltpreasfin\u021bitului P\u0103rinte Irineu, Arhiepiscop al Alba Iuliei, luni 23 martie 2020, Protopopiatul Ortodox Rom\u00e2n Reghin \u0219i Parohia\" \/>\n<meta name=\"twitter:image\" content=\"https:\/\/urbeamea.ro\/albaiulia\/wp-content\/uploads\/2020\/03\/20200323_152749.jpg\" \/>\n<meta name=\"twitter:creator\" content=\"@urbeameaweb\" \/>\n<meta name=\"twitter:site\" content=\"@urbeameaweb\" \/>\n<script type=\"application\/ld+json\" class=\"yoast-schema-graph\">{\"@context\":\"https:\\\/\\\/schema.org\",\"@graph\":[{\"@type\":\"Article\",\"@id\":\"https:\\\/\\\/urbeamea.ro\\\/albaiulia\\\/actiune-umanitara-de-ajutorare-a-87-de-persoane-nevoiase-afectate-de-epidemia-de-coronavirus\\\/#article\",\"isPartOf\":{\"@id\":\"https:\\\/\\\/urbeamea.ro\\\/albaiulia\\\/actiune-umanitara-de-ajutorare-a-87-de-persoane-nevoiase-afectate-de-epidemia-de-coronavirus\\\/\"},\"author\":{\"name\":\"Cristina Ganga\",\"@id\":\"https:\\\/\\\/urbeamea.ro\\\/albaiulia\\\/#\\\/schema\\\/person\\\/9700d21fae21c4f038b0b56f4506264a\"},\"headline\":\"Ac\u021biune umanitar\u0103 de ajutorare a 87 de persoane nevoia\u0219e afectate de epidemia de coronavirus\",\"datePublished\":\"2020-03-24T08:16:38+00:00\",\"dateModified\":\"2020-03-24T08:16:41+00:00\",\"mainEntityOfPage\":{\"@id\":\"https:\\\/\\\/urbeamea.ro\\\/albaiulia\\\/actiune-umanitara-de-ajutorare-a-87-de-persoane-nevoiase-afectate-de-epidemia-de-coronavirus\\\/\"},\"wordCount\":416,\"commentCount\":0,\"image\":{\"@id\":\"https:\\\/\\\/urbeamea.ro\\\/albaiulia\\\/actiune-umanitara-de-ajutorare-a-87-de-persoane-nevoiase-afectate-de-epidemia-de-coronavirus\\\/#primaryimage\"},\"thumbnailUrl\":\"https:\\\/\\\/urbeamea.ro\\\/albaiulia\\\/wp-content\\\/uploads\\\/2020\\\/03\\\/20200323_152749.jpg\",\"keywords\":[\"actiune umanitara\",\"inalpreasfintitul parinte irineu\",\"parohia ortodoxa filpisu mare\",\"persoane afectate de epidemia de coronavirus\",\"protopopiatul ortodox roman reghin\"],\"articleSection\":[\"Social\"],\"inLanguage\":\"ro-RO\",\"potentialAction\":[{\"@type\":\"CommentAction\",\"name\":\"Comment\",\"target\":[\"https:\\\/\\\/urbeamea.ro\\\/albaiulia\\\/actiune-umanitara-de-ajutorare-a-87-de-persoane-nevoiase-afectate-de-epidemia-de-coronavirus\\\/#respond\"]}]},{\"@type\":\"WebPage\",\"@id\":\"https:\\\/\\\/urbeamea.ro\\\/albaiulia\\\/actiune-umanitara-de-ajutorare-a-87-de-persoane-nevoiase-afectate-de-epidemia-de-coronavirus\\\/\",\"url\":\"https:\\\/\\\/urbeamea.ro\\\/albaiulia\\\/actiune-umanitara-de-ajutorare-a-87-de-persoane-nevoiase-afectate-de-epidemia-de-coronavirus\\\/\",\"name\":\"Ac\u021biune umanitar\u0103 de ajutorare a 87 de persoane nevoia\u0219e afectate de epidemia de coronavirus - Revista Urbea Mea - Revista de Alba\",\"isPartOf\":{\"@id\":\"https:\\\/\\\/urbeamea.ro\\\/albaiulia\\\/#website\"},\"primaryImageOfPage\":{\"@id\":\"https:\\\/\\\/urbeamea.ro\\\/albaiulia\\\/actiune-umanitara-de-ajutorare-a-87-de-persoane-nevoiase-afectate-de-epidemia-de-coronavirus\\\/#primaryimage\"},\"image\":{\"@id\":\"https:\\\/\\\/urbeamea.ro\\\/albaiulia\\\/actiune-umanitara-de-ajutorare-a-87-de-persoane-nevoiase-afectate-de-epidemia-de-coronavirus\\\/#primaryimage\"},\"thumbnailUrl\":\"https:\\\/\\\/urbeamea.ro\\\/albaiulia\\\/wp-content\\\/uploads\\\/2020\\\/03\\\/20200323_152749.jpg\",\"datePublished\":\"2020-03-24T08:16:38+00:00\",\"dateModified\":\"2020-03-24T08:16:41+00:00\",\"author\":{\"@id\":\"https:\\\/\\\/urbeamea.ro\\\/albaiulia\\\/#\\\/schema\\\/person\\\/9700d21fae21c4f038b0b56f4506264a\"},\"description\":\"Cu binecuv\u00e2ntarea \u00cenaltpreasfin\u021bitului P\u0103rinte Irineu, Arhiepiscop al Alba Iuliei, luni 23 martie 2020, Protopopiatul Ortodox Rom\u00e2n Reghin \u0219i Parohia\",\"breadcrumb\":{\"@id\":\"https:\\\/\\\/urbeamea.ro\\\/albaiulia\\\/actiune-umanitara-de-ajutorare-a-87-de-persoane-nevoiase-afectate-de-epidemia-de-coronavirus\\\/#breadcrumb\"},\"inLanguage\":\"ro-RO\",\"potentialAction\":[{\"@type\":\"ReadAction\",\"target\":[\"https:\\\/\\\/urbeamea.ro\\\/albaiulia\\\/actiune-umanitara-de-ajutorare-a-87-de-persoane-nevoiase-afectate-de-epidemia-de-coronavirus\\\/\"]}]},{\"@type\":\"ImageObject\",\"inLanguage\":\"ro-RO\",\"@id\":\"https:\\\/\\\/urbeamea.ro\\\/albaiulia\\\/actiune-umanitara-de-ajutorare-a-87-de-persoane-nevoiase-afectate-de-epidemia-de-coronavirus\\\/#primaryimage\",\"url\":\"https:\\\/\\\/urbeamea.ro\\\/albaiulia\\\/wp-content\\\/uploads\\\/2020\\\/03\\\/20200323_152749.jpg\",\"contentUrl\":\"https:\\\/\\\/urbeamea.ro\\\/albaiulia\\\/wp-content\\\/uploads\\\/2020\\\/03\\\/20200323_152749.jpg\",\"width\":1500,\"height\":975},{\"@type\":\"BreadcrumbList\",\"@id\":\"https:\\\/\\\/urbeamea.ro\\\/albaiulia\\\/actiune-umanitara-de-ajutorare-a-87-de-persoane-nevoiase-afectate-de-epidemia-de-coronavirus\\\/#breadcrumb\",\"itemListElement\":[{\"@type\":\"ListItem\",\"position\":1,\"name\":\"Prima pagin\u0103\",\"item\":\"https:\\\/\\\/urbeamea.ro\\\/albaiulia\\\/\"},{\"@type\":\"ListItem\",\"position\":2,\"name\":\"Ac\u021biune umanitar\u0103 de ajutorare a 87 de persoane nevoia\u0219e afectate de epidemia de coronavirus\"}]},{\"@type\":\"WebSite\",\"@id\":\"https:\\\/\\\/urbeamea.ro\\\/albaiulia\\\/#website\",\"url\":\"https:\\\/\\\/urbeamea.ro\\\/albaiulia\\\/\",\"name\":\"Revista Urbea Mea, Stiri urbane\",\"description\":\"Evenimente \u0219i \u0219tiri din Alba Iulia, Sebe\u0219, Aiud, Blaj\",\"potentialAction\":[{\"@type\":\"SearchAction\",\"target\":{\"@type\":\"EntryPoint\",\"urlTemplate\":\"https:\\\/\\\/urbeamea.ro\\\/albaiulia\\\/?s={search_term_string}\"},\"query-input\":{\"@type\":\"PropertyValueSpecification\",\"valueRequired\":true,\"valueName\":\"search_term_string\"}}],\"inLanguage\":\"ro-RO\"},{\"@type\":\"Person\",\"@id\":\"https:\\\/\\\/urbeamea.ro\\\/albaiulia\\\/#\\\/schema\\\/person\\\/9700d21fae21c4f038b0b56f4506264a\",\"name\":\"Cristina Ganga\",\"image\":{\"@type\":\"ImageObject\",\"inLanguage\":\"ro-RO\",\"@id\":\"https:\\\/\\\/secure.gravatar.com\\\/avatar\\\/5a67661041f057b4a8ccaf26f5a8e86e2689372006d01faf3dd9eeb10b654bb4?s=96&d=mm&r=g\",\"url\":\"https:\\\/\\\/secure.gravatar.com\\\/avatar\\\/5a67661041f057b4a8ccaf26f5a8e86e2689372006d01faf3dd9eeb10b654bb4?s=96&d=mm&r=g\",\"contentUrl\":\"https:\\\/\\\/secure.gravatar.com\\\/avatar\\\/5a67661041f057b4a8ccaf26f5a8e86e2689372006d01faf3dd9eeb10b654bb4?s=96&d=mm&r=g\",\"caption\":\"Cristina Ganga\"},\"description\":\"Jurnalist\",\"sameAs\":[\"https:\\\/\\\/www.facebook.com\\\/cristina.nicola.587\"],\"url\":\"https:\\\/\\\/urbeamea.ro\\\/albaiulia\\\/author\\\/cristina-nicola\\\/\"}]}<\/script>\n<!-- \/ Yoast SEO plugin. -->","yoast_head_json":{"title":"Ac\u021biune umanitar\u0103 de ajutorare a 87 de persoane nevoia\u0219e afectate de epidemia de coronavirus - Revista Urbea Mea - Revista de Alba","description":"Cu binecuv\u00e2ntarea \u00cenaltpreasfin\u021bitului P\u0103rinte Irineu, Arhiepiscop al Alba Iuliei, luni 23 martie 2020, Protopopiatul Ortodox Rom\u00e2n Reghin \u0219i Parohia","robots":{"index":"index","follow":"follow","max-snippet":"max-snippet:-1","max-image-preview":"max-image-preview:large","max-video-preview":"max-video-preview:-1"},"canonical":"https:\/\/urbeamea.ro\/albaiulia\/actiune-umanitara-de-ajutorare-a-87-de-persoane-nevoiase-afectate-de-epidemia-de-coronavirus\/","twitter_card":"summary_large_image","twitter_title":"Ac\u021biune umanitar\u0103 de ajutorare a 87 de persoane nevoia\u0219e afectate de epidemia de coronavirus - Revista Urbea Mea - Revista de Alba","twitter_description":"Cu binecuv\u00e2ntarea \u00cenaltpreasfin\u021bitului P\u0103rinte Irineu, Arhiepiscop al Alba Iuliei, luni 23 martie 2020, Protopopiatul Ortodox Rom\u00e2n Reghin \u0219i Parohia","twitter_image":"https:\/\/urbeamea.ro\/albaiulia\/wp-content\/uploads\/2020\/03\/20200323_152749.jpg","twitter_creator":"@urbeameaweb","twitter_site":"@urbeameaweb","schema":{"@context":"https:\/\/schema.org","@graph":[{"@type":"Article","@id":"https:\/\/urbeamea.ro\/albaiulia\/actiune-umanitara-de-ajutorare-a-87-de-persoane-nevoiase-afectate-de-epidemia-de-coronavirus\/#article","isPartOf":{"@id":"https:\/\/urbeamea.ro\/albaiulia\/actiune-umanitara-de-ajutorare-a-87-de-persoane-nevoiase-afectate-de-epidemia-de-coronavirus\/"},"author":{"name":"Cristina Ganga","@id":"https:\/\/urbeamea.ro\/albaiulia\/#\/schema\/person\/9700d21fae21c4f038b0b56f4506264a"},"headline":"Ac\u021biune umanitar\u0103 de ajutorare a 87 de persoane nevoia\u0219e afectate de epidemia de coronavirus","datePublished":"2020-03-24T08:16:38+00:00","dateModified":"2020-03-24T08:16:41+00:00","mainEntityOfPage":{"@id":"https:\/\/urbeamea.ro\/albaiulia\/actiune-umanitara-de-ajutorare-a-87-de-persoane-nevoiase-afectate-de-epidemia-de-coronavirus\/"},"wordCount":416,"commentCount":0,"image":{"@id":"https:\/\/urbeamea.ro\/albaiulia\/actiune-umanitara-de-ajutorare-a-87-de-persoane-nevoiase-afectate-de-epidemia-de-coronavirus\/#primaryimage"},"thumbnailUrl":"https:\/\/urbeamea.ro\/albaiulia\/wp-content\/uploads\/2020\/03\/20200323_152749.jpg","keywords":["actiune umanitara","inalpreasfintitul parinte irineu","parohia ortodoxa filpisu mare","persoane afectate de epidemia de coronavirus","protopopiatul ortodox roman reghin"],"articleSection":["Social"],"inLanguage":"ro-RO","potentialAction":[{"@type":"CommentAction","name":"Comment","target":["https:\/\/urbeamea.ro\/albaiulia\/actiune-umanitara-de-ajutorare-a-87-de-persoane-nevoiase-afectate-de-epidemia-de-coronavirus\/#respond"]}]},{"@type":"WebPage","@id":"https:\/\/urbeamea.ro\/albaiulia\/actiune-umanitara-de-ajutorare-a-87-de-persoane-nevoiase-afectate-de-epidemia-de-coronavirus\/","url":"https:\/\/urbeamea.ro\/albaiulia\/actiune-umanitara-de-ajutorare-a-87-de-persoane-nevoiase-afectate-de-epidemia-de-coronavirus\/","name":"Ac\u021biune umanitar\u0103 de ajutorare a 87 de persoane nevoia\u0219e afectate de epidemia de coronavirus - Revista Urbea Mea - Revista de Alba","isPartOf":{"@id":"https:\/\/urbeamea.ro\/albaiulia\/#website"},"primaryImageOfPage":{"@id":"https:\/\/urbeamea.ro\/albaiulia\/actiune-umanitara-de-ajutorare-a-87-de-persoane-nevoiase-afectate-de-epidemia-de-coronavirus\/#primaryimage"},"image":{"@id":"https:\/\/urbeamea.ro\/albaiulia\/actiune-umanitara-de-ajutorare-a-87-de-persoane-nevoiase-afectate-de-epidemia-de-coronavirus\/#primaryimage"},"thumbnailUrl":"https:\/\/urbeamea.ro\/albaiulia\/wp-content\/uploads\/2020\/03\/20200323_152749.jpg","datePublished":"2020-03-24T08:16:38+00:00","dateModified":"2020-03-24T08:16:41+00:00","author":{"@id":"https:\/\/urbeamea.ro\/albaiulia\/#\/schema\/person\/9700d21fae21c4f038b0b56f4506264a"},"description":"Cu binecuv\u00e2ntarea \u00cenaltpreasfin\u021bitului P\u0103rinte Irineu, Arhiepiscop al Alba Iuliei, luni 23 martie 2020, Protopopiatul Ortodox Rom\u00e2n Reghin \u0219i Parohia","breadcrumb":{"@id":"https:\/\/urbeamea.ro\/albaiulia\/actiune-umanitara-de-ajutorare-a-87-de-persoane-nevoiase-afectate-de-epidemia-de-coronavirus\/#breadcrumb"},"inLanguage":"ro-RO","potentialAction":[{"@type":"ReadAction","target":["https:\/\/urbeamea.ro\/albaiulia\/actiune-umanitara-de-ajutorare-a-87-de-persoane-nevoiase-afectate-de-epidemia-de-coronavirus\/"]}]},{"@type":"ImageObject","inLanguage":"ro-RO","@id":"https:\/\/urbeamea.ro\/albaiulia\/actiune-umanitara-de-ajutorare-a-87-de-persoane-nevoiase-afectate-de-epidemia-de-coronavirus\/#primaryimage","url":"https:\/\/urbeamea.ro\/albaiulia\/wp-content\/uploads\/2020\/03\/20200323_152749.jpg","contentUrl":"https:\/\/urbeamea.ro\/albaiulia\/wp-content\/uploads\/2020\/03\/20200323_152749.jpg","width":1500,"height":975},{"@type":"BreadcrumbList","@id":"https:\/\/urbeamea.ro\/albaiulia\/actiune-umanitara-de-ajutorare-a-87-de-persoane-nevoiase-afectate-de-epidemia-de-coronavirus\/#breadcrumb","itemListElement":[{"@type":"ListItem","position":1,"name":"Prima pagin\u0103","item":"https:\/\/urbeamea.ro\/albaiulia\/"},{"@type":"ListItem","position":2,"name":"Ac\u021biune umanitar\u0103 de ajutorare a 87 de persoane nevoia\u0219e afectate de epidemia de coronavirus"}]},{"@type":"WebSite","@id":"https:\/\/urbeamea.ro\/albaiulia\/#website","url":"https:\/\/urbeamea.ro\/albaiulia\/","name":"Revista Urbea Mea, Stiri urbane","description":"Evenimente \u0219i \u0219tiri din Alba Iulia, Sebe\u0219, Aiud, Blaj","potentialAction":[{"@type":"SearchAction","target":{"@type":"EntryPoint","urlTemplate":"https:\/\/urbeamea.ro\/albaiulia\/?s={search_term_string}"},"query-input":{"@type":"PropertyValueSpecification","valueRequired":true,"valueName":"search_term_string"}}],"inLanguage":"ro-RO"},{"@type":"Person","@id":"https:\/\/urbeamea.ro\/albaiulia\/#\/schema\/person\/9700d21fae21c4f038b0b56f4506264a","name":"Cristina Ganga","image":{"@type":"ImageObject","inLanguage":"ro-RO","@id":"https:\/\/secure.gravatar.com\/avatar\/5a67661041f057b4a8ccaf26f5a8e86e2689372006d01faf3dd9eeb10b654bb4?s=96&d=mm&r=g","url":"https:\/\/secure.gravatar.com\/avatar\/5a67661041f057b4a8ccaf26f5a8e86e2689372006d01faf3dd9eeb10b654bb4?s=96&d=mm&r=g","contentUrl":"https:\/\/secure.gravatar.com\/avatar\/5a67661041f057b4a8ccaf26f5a8e86e2689372006d01faf3dd9eeb10b654bb4?s=96&d=mm&r=g","caption":"Cristina Ganga"},"description":"Jurnalist","sameAs":["https:\/\/www.facebook.com\/cristina.nicola.587"],"url":"https:\/\/urbeamea.ro\/albaiulia\/author\/cristina-nicola\/"}]}},"_links":{"self":[{"href":"https:\/\/urbeamea.ro\/albaiulia\/wp-json\/wp\/v2\/posts\/88616","targetHints":{"allow":["GET"]}}],"collection":[{"href":"https:\/\/urbeamea.ro\/albaiulia\/wp-json\/wp\/v2\/posts"}],"about":[{"href":"https:\/\/urbeamea.ro\/albaiulia\/wp-json\/wp\/v2\/types\/post"}],"author":[{"embeddable":true,"href":"https:\/\/urbeamea.ro\/albaiulia\/wp-json\/wp\/v2\/users\/17"}],"replies":[{"embeddable":true,"href":"https:\/\/urbeamea.ro\/albaiulia\/wp-json\/wp\/v2\/comments?post=88616"}],"version-history":[{"count":0,"href":"https:\/\/urbeamea.ro\/albaiulia\/wp-json\/wp\/v2\/posts\/88616\/revisions"}],"wp:featuredmedia":[{"embeddable":true,"href":"https:\/\/urbeamea.ro\/albaiulia\/wp-json\/wp\/v2\/media\/88618"}],"wp:attachment":[{"href":"https:\/\/urbeamea.ro\/albaiulia\/wp-json\/wp\/v2\/media?parent=88616"}],"wp:term":[{"taxonomy":"category","embeddable":true,"href":"https:\/\/urbeamea.ro\/albaiulia\/wp-json\/wp\/v2\/categories?post=88616"},{"taxonomy":"post_tag","embeddable":true,"href":"https:\/\/urbeamea.ro\/albaiulia\/wp-json\/wp\/v2\/tags?post=88616"}],"curies":[{"name":"wp","href":"https:\/\/api.w.org\/{rel}","templated":true}]}}